{"id":47101,"date":"2023-11-21T09:58:10","date_gmt":"2023-11-21T12:58:10","guid":{"rendered":"https:\/\/jornalfatosenoticias.com.br\/?p=47101"},"modified":"2023-11-21T09:58:12","modified_gmt":"2023-11-21T12:58:12","slug":"46-das-casas-brasileiras-tem-problemas-de-saneamento","status":"publish","type":"post","link":"https:\/\/jornalfatosenoticias.com.br\/index.php\/2023\/11\/21\/46-das-casas-brasileiras-tem-problemas-de-saneamento\/","title":{"rendered":"46% das casas brasileiras t\u00eam problemas de saneamento"},"content":{"rendered":"\n<p><em><span class=\"has-inline-color has-black-color\">Novo estudo mostra quem s\u00e3o as fam\u00edlias que ainda n\u00e3o contam com a adequada oferta de \u00e1gua pot\u00e1vel, banheiros, coleta e tratamento de esgoto<\/span><\/em><\/p>\n\n\n\n<div class=\"wp-block-image\"><figure class=\"aligncenter size-large\"><img loading=\"lazy\" decoding=\"async\" width=\"729\" height=\"90\" src=\"https:\/\/jornalfatosenoticias.com.br\/wp-content\/uploads\/2020\/02\/Logo_Mizu.png\" alt=\"\" class=\"wp-image-1441\" srcset=\"https:\/\/jornalfatosenoticias.com.br\/wp-content\/uploads\/2020\/02\/Logo_Mizu.png 729w, https:\/\/jornalfatosenoticias.com.br\/wp-content\/uploads\/2020\/02\/Logo_Mizu-300x37.png 300w\" sizes=\"auto, (max-width: 729px) 100vw, 729px\" \/><\/figure><\/div>\n\n\n\n<p>Um novo estudo do Instituto Trata Brasil tra\u00e7a o perfil socioecon\u00f4mico e demogr\u00e1fico da popula\u00e7\u00e3o brasileira que sofre com priva\u00e7\u00f5es nos servi\u00e7os de saneamento b\u00e1sico. Os n\u00fameros s\u00e3o alarmantes: do total de 74 milh\u00f5es de moradias, 8,9 milh\u00f5es n\u00e3o possuem acesso \u00e0 rede geral de \u00e1gua; 16,8 milh\u00f5es contam com uma frequ\u00eancia insuficiente de recebimento; 10,8 milh\u00f5es n\u00e3o possuem reservat\u00f3rio de \u00e1gua; 1,3 milh\u00e3o n\u00e3o possuem banheiro; e 22,8 milh\u00f5es n\u00e3o contam com coleta de esgoto.<br>O estudo tem como base os dados da Pesquisa Nacional por Amostra de Domic\u00edlios Continuada Anual (PNADCA), produzida pelo Instituto Brasileiro de Geografia e Estat\u00edstica (IBGE), de 2022. A pesquisa considera cinco categorias de priva\u00e7\u00f5es: priva\u00e7\u00e3o de acesso \u00e0 rede geral de \u00e1gua; frequ\u00eancia de recebimento insuficiente de \u00e1gua pot\u00e1vel; disponibilidade de reservat\u00f3rio; priva\u00e7\u00e3o de <a href=\"https:\/\/ciclovivo.com.br\/inovacao\/inspiracao\/acao-leva-banheiros-comunitarios-para-comunidade-em-santo-andre\/\" target=\"_blank\" rel=\"noreferrer noopener\">banheiro<\/a>; e priva\u00e7\u00e3o de coleta de esgoto.<\/p>\n\n\n\n<div class=\"wp-block-image\"><figure class=\"aligncenter size-large is-resized\"><img loading=\"lazy\" decoding=\"async\" src=\"https:\/\/jornalfatosenoticias.com.br\/wp-content\/uploads\/2022\/10\/RC_800x750_page-0001.jpg\" alt=\"\" class=\"wp-image-35338\" width=\"285\" height=\"267\" srcset=\"https:\/\/jornalfatosenoticias.com.br\/wp-content\/uploads\/2022\/10\/RC_800x750_page-0001.jpg 400w, https:\/\/jornalfatosenoticias.com.br\/wp-content\/uploads\/2022\/10\/RC_800x750_page-0001-300x281.jpg 300w\" sizes=\"auto, (max-width: 285px) 100vw, 285px\" \/><\/figure><\/div>\n\n\n\n<p>Considerando o primeiro ponto citado, e desta forma aprofundando o entendimento sobre a cr\u00edtica situa\u00e7\u00e3o, os pesquisadores constataram que mais de 30% das pessoas morando em <a href=\"https:\/\/ciclovivo.com.br\/arq-urb\/urbanismo\/casas-semente-sao-entregues-na-favela-dos-sonhos\/\" target=\"_blank\" rel=\"noreferrer noopener\">habita\u00e7\u00f5es<\/a> sem acesso \u00e0 rede geral de \u00e1gua tratada tinham menos de 20 anos de idade, o que significa dizer que \u00e9 um problema fortemente concentrado na popula\u00e7\u00e3o jovem do Pa\u00eds e nas fam\u00edlias com um n\u00famero maior de filhos.<\/p>\n\n\n\n<div class=\"wp-block-image\"><figure class=\"aligncenter size-large is-resized\"><img loading=\"lazy\" decoding=\"async\" src=\"https:\/\/jornalfatosenoticias.com.br\/wp-content\/uploads\/2020\/02\/logo-Rapuzel-1024x571.jpg\" alt=\"\" class=\"wp-image-42808\" width=\"327\" height=\"182\" srcset=\"https:\/\/jornalfatosenoticias.com.br\/wp-content\/uploads\/2020\/02\/logo-Rapuzel-1024x571.jpg 1024w, https:\/\/jornalfatosenoticias.com.br\/wp-content\/uploads\/2020\/02\/logo-Rapuzel-300x167.jpg 300w, https:\/\/jornalfatosenoticias.com.br\/wp-content\/uploads\/2020\/02\/logo-Rapuzel-768x428.jpg 768w, https:\/\/jornalfatosenoticias.com.br\/wp-content\/uploads\/2020\/02\/logo-Rapuzel-1536x856.jpg 1536w, https:\/\/jornalfatosenoticias.com.br\/wp-content\/uploads\/2020\/02\/logo-Rapuzel.jpg 1600w\" sizes=\"auto, (max-width: 327px) 100vw, 327px\" \/><\/figure><\/div>\n\n\n\n<p>As pessoas autodeclaradas pardas prevaleceram no total da popula\u00e7\u00e3o em priva\u00e7\u00e3o de acesso \u00e0 rede geral de <a href=\"https:\/\/ciclovivo.com.br\/planeta\/energia\/represa-billings-vai-inaugurar-usina-solar-flutuante-em-2023\/\" target=\"_blank\" rel=\"noreferrer noopener\">abastecimento<\/a> de \u00e1gua, respondendo por 56,7% do total em 2022. A popula\u00e7\u00e3o autodeclarada branca respondeu por 32,8% e a autodeclarada preta, por outros 9,2%. Em termos relativos, contudo, a maior frequ\u00eancia ocorreu na popula\u00e7\u00e3o ind\u00edgena, onde 19 a cada 100 pessoas estavam na condi\u00e7\u00e3o de priva\u00e7\u00e3o de acesso \u00e0 \u00e1gua tratada.<\/p>\n\n\n\n<div class=\"wp-block-image\"><figure class=\"aligncenter size-large is-resized\"><img loading=\"lazy\" decoding=\"async\" src=\"https:\/\/jornalfatosenoticias.com.br\/wp-content\/uploads\/2023\/09\/vetorvix1024_1.jpg\" alt=\"\" class=\"wp-image-44868\" width=\"493\" height=\"131\" srcset=\"https:\/\/jornalfatosenoticias.com.br\/wp-content\/uploads\/2023\/09\/vetorvix1024_1.jpg 1024w, https:\/\/jornalfatosenoticias.com.br\/wp-content\/uploads\/2023\/09\/vetorvix1024_1-300x80.jpg 300w, https:\/\/jornalfatosenoticias.com.br\/wp-content\/uploads\/2023\/09\/vetorvix1024_1-768x205.jpg 768w\" sizes=\"auto, (max-width: 493px) 100vw, 493px\" \/><\/figure><\/div>\n\n\n\n<p>A oferta de \u00e1gua \u00e9 tamb\u00e9m menos presente na popula\u00e7\u00e3o com renda inferior a R$ 2.400, em muitos casos abaixo da linha da pobreza. O texto da pesquisa acende o alerta para como tal situa\u00e7\u00e3o afeta a sa\u00fade da popula\u00e7\u00e3o. <\/p>\n\n\n\n<div class=\"wp-block-image\"><figure class=\"aligncenter size-large is-resized\"><img loading=\"lazy\" decoding=\"async\" src=\"https:\/\/jornalfatosenoticias.com.br\/wp-content\/uploads\/2023\/08\/ITH.jpeg\" alt=\"\" class=\"wp-image-44638\" width=\"314\" height=\"255\" srcset=\"https:\/\/jornalfatosenoticias.com.br\/wp-content\/uploads\/2023\/08\/ITH.jpeg 800w, https:\/\/jornalfatosenoticias.com.br\/wp-content\/uploads\/2023\/08\/ITH-300x244.jpeg 300w, https:\/\/jornalfatosenoticias.com.br\/wp-content\/uploads\/2023\/08\/ITH-768x624.jpeg 768w\" sizes=\"auto, (max-width: 314px) 100vw, 314px\" \/><\/figure><\/div>\n\n\n\n<blockquote class=\"wp-block-quote is-layout-flow wp-block-quote-is-layout-flow\"><p><span class=\"has-inline-color has-luminous-vivid-orange-color\">A falta de \u00e1gua tratada e car\u00eancia de servi\u00e7os de coleta e de tratamento de esgoto tem um impacto direto sobre a sa\u00fade, pois eleva a incid\u00eancia de infec\u00e7\u00f5es gastrointestinais e doen\u00e7as respirat\u00f3rias, dado que a <a href=\"https:\/\/ciclovivo.com.br\/inovacao\/inspiracao\/brasileiro-deveria-tomar-menos-banhos-e-lavar-mais-as-maos-diz-especialista\/\" target=\"_blank\" rel=\"noreferrer noopener\">higiene das m\u00e3os<\/a> \u00e9 uma forma muito eficaz de reduzir a probabilidade de transmiss\u00e3o dessas enfermidades\u201d, salienta o Instituto.<\/span><\/p><\/blockquote>\n\n\n\n<div class=\"wp-block-image\"><figure class=\"aligncenter size-large\"><img loading=\"lazy\" decoding=\"async\" width=\"612\" height=\"408\" src=\"https:\/\/jornalfatosenoticias.com.br\/wp-content\/uploads\/2023\/11\/saneamento_istock.jpg\" alt=\"\" class=\"wp-image-47102\" srcset=\"https:\/\/jornalfatosenoticias.com.br\/wp-content\/uploads\/2023\/11\/saneamento_istock.jpg 612w, https:\/\/jornalfatosenoticias.com.br\/wp-content\/uploads\/2023\/11\/saneamento_istock-300x200.jpg 300w\" sizes=\"auto, (max-width: 612px) 100vw, 612px\" \/><figcaption><em><span class=\"has-inline-color has-black-color\">C\u00f3rrego polu\u00eddo com esgoto correndo a c\u00e9u aberto em favela (Foto: iStock)<\/span><\/em><\/figcaption><\/figure><\/div>\n\n\n\n<p>Al\u00e9m dos impactos para o bem-estar da popula\u00e7\u00e3o, a falta de saneamento b\u00e1sico, ao aumentar a incid\u00eancia de infec\u00e7\u00f5es, \u201cprovoca o afastamento das pessoas de suas fun\u00e7\u00f5es laborais, acarretando custos para a sociedade com horas n\u00e3o trabalhadas, al\u00e9m de incorrer em despesas p\u00fablicas e privadas com o tratamento dessas pessoas infectadas\u201d. <\/p>\n\n\n\n<div class=\"wp-block-image\"><figure class=\"aligncenter size-large is-resized\"><img loading=\"lazy\" decoding=\"async\" src=\"https:\/\/jornalfatosenoticias.com.br\/wp-content\/uploads\/2023\/07\/lacremoda.jpg\" alt=\"\" class=\"wp-image-43706\" width=\"359\" height=\"201\" srcset=\"https:\/\/jornalfatosenoticias.com.br\/wp-content\/uploads\/2023\/07\/lacremoda.jpg 1024w, https:\/\/jornalfatosenoticias.com.br\/wp-content\/uploads\/2023\/07\/lacremoda-300x168.jpg 300w, https:\/\/jornalfatosenoticias.com.br\/wp-content\/uploads\/2023\/07\/lacremoda-768x431.jpg 768w\" sizes=\"auto, (max-width: 359px) 100vw, 359px\" \/><\/figure><\/div>\n\n\n\n<p>O contr\u00e1rio tamb\u00e9m \u00e9 verdadeiro: um estudo anterior da mesma institui\u00e7\u00e3o calculou que o investimento em saneamento pode gerar mais de <a href=\"https:\/\/ciclovivo.com.br\/planeta\/desenvolvimento\/saneamento-pode-gerar-mais-de-r-25-bi-em-beneficios-na-saude\/\" target=\"_blank\" rel=\"noreferrer noopener\">R$ 25 bilh\u00f5es em benef\u00edcios<\/a>. A pesquisa segue afunilando as an\u00e1lises dos v\u00e1rios tipos de priva\u00e7\u00e3o, de modo geral cerca de uma a cada duas moradias brasileiras convivem diariamente com algum tipo de priva\u00e7\u00e3o no saneamento. <\/p>\n\n\n\n<div class=\"wp-block-image\"><figure class=\"aligncenter size-large is-resized\"><img loading=\"lazy\" decoding=\"async\" src=\"https:\/\/jornalfatosenoticias.com.br\/wp-content\/uploads\/2023\/08\/Steel.jpeg\" alt=\"\" class=\"wp-image-44634\" width=\"321\" height=\"261\" srcset=\"https:\/\/jornalfatosenoticias.com.br\/wp-content\/uploads\/2023\/08\/Steel.jpeg 800w, https:\/\/jornalfatosenoticias.com.br\/wp-content\/uploads\/2023\/08\/Steel-300x244.jpeg 300w, https:\/\/jornalfatosenoticias.com.br\/wp-content\/uploads\/2023\/08\/Steel-768x624.jpeg 768w\" sizes=\"auto, (max-width: 321px) 100vw, 321px\" \/><\/figure><\/div>\n\n\n\n<blockquote class=\"wp-block-quote is-layout-flow wp-block-quote-is-layout-flow\"><p><span class=\"has-inline-color has-luminous-vivid-orange-color\">O estudo mostra os grandes desafios que ainda temos para universalizar essas modalidades de infraestrutura no pa\u00eds. O problema afeta de maneira contundente as jovens fam\u00edlias brasileiras, muitas das quais vivendo abaixo da linha da pobreza, que al\u00e9m de tudo adoece mais gra\u00e7as a essa falta de infraestrutura Quase a metade do pa\u00eds viver com ao menos uma priva\u00e7\u00e3o de saneamento b\u00e1sico \u00e9 algo inaceit\u00e1vel e que gera um imenso impacto negativo para todos, afetando a sa\u00fade, educa\u00e7\u00e3o e qualidade de vida de milh\u00f5es de brasileiros\u201d, afirma Luana Pretto, presidente-executiva do Instituto Trata Brasil.<\/span><\/p><\/blockquote>\n\n\n\n<div class=\"wp-block-image\"><figure class=\"aligncenter size-large is-resized\"><img loading=\"lazy\" decoding=\"async\" src=\"https:\/\/jornalfatosenoticias.com.br\/wp-content\/uploads\/2020\/02\/LOGO-BLU-COMERCIAL-PRETO-1024x600.jpg\" alt=\"\" class=\"wp-image-44089\" width=\"360\" height=\"210\"\/><\/figure><\/div>\n\n\n\n<p>Produzido em parceria com a EX ANTE Consultoria Econ\u00f4mica e o Conselho Empresarial Brasileiro para o Desenvolvimento Sustent\u00e1vel (CEBDS), a primeira edi\u00e7\u00e3o do estudo <strong>\u201cA vida sem saneamento: para quem falta e onde mora essa popula\u00e7\u00e3o?\u201d<\/strong>\u00a0pode ser\u00a0<a href=\"https:\/\/tratabrasil.org.br\/a-vida-sem-saneamento-para-quem-falta-e-onde-mora-essa-populacao\/\" target=\"_blank\" rel=\"noreferrer noopener\">conferido na \u00edntegra aqui<\/a>.<\/p>\n\n\n\n<p><strong><em>Fonte:<a href=\"https:\/\/ciclovivo.com.br\/planeta\/desenvolvimento\/46-das-casas-brasileiras-tem-problemas-de-saneamento\/\"> CicloVivo<\/a><\/em><\/strong><\/p>\n","protected":false},"excerpt":{"rendered":"<p>Novo estudo mostra quem s\u00e3o as fam\u00edlias que ainda n\u00e3o contam com a adequada oferta de \u00e1gua pot\u00e1vel, banheiros, coleta e tratamento de esgoto Um novo estudo do Instituto Trata Brasil tra\u00e7a o perfil socioecon\u00f4mico e demogr\u00e1fico da popula\u00e7\u00e3o brasileira que sofre com priva\u00e7\u00f5es nos servi\u00e7os de saneamento b\u00e1sico. Os n\u00fameros s\u00e3o alarmantes: do total [&hellip;]<\/p>\n","protected":false},"author":2,"featured_media":47103,"comment_status":"open","ping_status":"open","sticky":false,"template":"","format":"standard","meta":{"footnotes":""},"categories":[5],"tags":[8218,9317,1166,22065,7432],"class_list":["post-47101","post","type-post","status-publish","format-standard","has-post-thumbnail","hentry","category-geral","tag-agua-tratada","tag-instituto-trata-brasil","tag-saneamento-basico","tag-saneamento-ecologico","tag-tratamento-de-esgoto"],"yoast_head":"<!-- This site is optimized with the Yoast SEO plugin v26.5 - https:\/\/yoast.com\/wordpress\/plugins\/seo\/ -->\n<title>46% das casas brasileiras t\u00eam problemas de saneamento - Jornal Fatos e Not\u00edcias<\/title>\n<meta name=\"robots\" content=\"index, follow, max-snippet:-1, max-image-preview:large, max-video-preview:-1\" \/>\n<link rel=\"canonical\" href=\"https:\/\/jornalfatosenoticias.com.br\/index.php\/2023\/11\/21\/46-das-casas-brasileiras-tem-problemas-de-saneamento\/\" \/>\n<meta property=\"og:locale\" content=\"pt_BR\" \/>\n<meta property=\"og:type\" content=\"article\" \/>\n<meta property=\"og:title\" content=\"46% das casas brasileiras t\u00eam problemas de saneamento - Jornal Fatos e Not\u00edcias\" \/>\n<meta property=\"og:description\" content=\"Novo estudo mostra quem s\u00e3o as fam\u00edlias que ainda n\u00e3o contam com a adequada oferta de \u00e1gua pot\u00e1vel, banheiros, coleta e tratamento de esgoto Um novo estudo do Instituto Trata Brasil tra\u00e7a o perfil socioecon\u00f4mico e demogr\u00e1fico da popula\u00e7\u00e3o brasileira que sofre com priva\u00e7\u00f5es nos servi\u00e7os de saneamento b\u00e1sico. Os n\u00fameros s\u00e3o alarmantes: do total [&hellip;]\" \/>\n<meta property=\"og:url\" content=\"https:\/\/jornalfatosenoticias.com.br\/index.php\/2023\/11\/21\/46-das-casas-brasileiras-tem-problemas-de-saneamento\/\" \/>\n<meta property=\"og:site_name\" content=\"Jornal Fatos e Not\u00edcias\" \/>\n<meta property=\"article:published_time\" content=\"2023-11-21T12:58:10+00:00\" \/>\n<meta property=\"article:modified_time\" content=\"2023-11-21T12:58:12+00:00\" \/>\n<meta property=\"og:image\" content=\"https:\/\/jornalfatosenoticias.com.br\/wp-content\/uploads\/2023\/11\/saneamento_basico.jpg\" \/>\n\t<meta property=\"og:image:width\" content=\"1000\" \/>\n\t<meta property=\"og:image:height\" content=\"703\" \/>\n\t<meta property=\"og:image:type\" content=\"image\/jpeg\" \/>\n<meta name=\"author\" content=\"Luzimara Fernandes\" \/>\n<meta name=\"twitter:card\" content=\"summary_large_image\" \/>\n<meta name=\"twitter:label1\" content=\"Escrito por\" \/>\n\t<meta name=\"twitter:data1\" content=\"Luzimara Fernandes\" \/>\n\t<meta name=\"twitter:label2\" content=\"Est. tempo de leitura\" \/>\n\t<meta name=\"twitter:data2\" content=\"4 minutos\" \/>\n<script type=\"application\/ld+json\" class=\"yoast-schema-graph\">{\"@context\":\"https:\/\/schema.org\",\"@graph\":[{\"@type\":\"Article\",\"@id\":\"https:\/\/jornalfatosenoticias.com.br\/index.php\/2023\/11\/21\/46-das-casas-brasileiras-tem-problemas-de-saneamento\/#article\",\"isPartOf\":{\"@id\":\"https:\/\/jornalfatosenoticias.com.br\/index.php\/2023\/11\/21\/46-das-casas-brasileiras-tem-problemas-de-saneamento\/\"},\"author\":{\"name\":\"Luzimara Fernandes\",\"@id\":\"https:\/\/jornalfatosenoticias.com.br\/#\/schema\/person\/d63837fa13ac8666eb9e74e0985d6f81\"},\"headline\":\"46% das casas brasileiras t\u00eam problemas de saneamento\",\"datePublished\":\"2023-11-21T12:58:10+00:00\",\"dateModified\":\"2023-11-21T12:58:12+00:00\",\"mainEntityOfPage\":{\"@id\":\"https:\/\/jornalfatosenoticias.com.br\/index.php\/2023\/11\/21\/46-das-casas-brasileiras-tem-problemas-de-saneamento\/\"},\"wordCount\":729,\"commentCount\":0,\"publisher\":{\"@id\":\"https:\/\/jornalfatosenoticias.com.br\/#organization\"},\"image\":{\"@id\":\"https:\/\/jornalfatosenoticias.com.br\/index.php\/2023\/11\/21\/46-das-casas-brasileiras-tem-problemas-de-saneamento\/#primaryimage\"},\"thumbnailUrl\":\"https:\/\/jornalfatosenoticias.com.br\/wp-content\/uploads\/2023\/11\/saneamento_basico.jpg\",\"keywords\":[\"\u00e1gua tratada\",\"Instituto Trata Brasil\",\"saneamento b\u00e1sico\",\"saneamento ecol\u00f3gico\",\"tratamento de esgoto\"],\"articleSection\":[\"Geral\"],\"inLanguage\":\"pt-BR\",\"potentialAction\":[{\"@type\":\"CommentAction\",\"name\":\"Comment\",\"target\":[\"https:\/\/jornalfatosenoticias.com.br\/index.php\/2023\/11\/21\/46-das-casas-brasileiras-tem-problemas-de-saneamento\/#respond\"]}]},{\"@type\":\"WebPage\",\"@id\":\"https:\/\/jornalfatosenoticias.com.br\/index.php\/2023\/11\/21\/46-das-casas-brasileiras-tem-problemas-de-saneamento\/\",\"url\":\"https:\/\/jornalfatosenoticias.com.br\/index.php\/2023\/11\/21\/46-das-casas-brasileiras-tem-problemas-de-saneamento\/\",\"name\":\"46% das casas brasileiras t\u00eam problemas de saneamento - Jornal Fatos e Not\u00edcias\",\"isPartOf\":{\"@id\":\"https:\/\/jornalfatosenoticias.com.br\/#website\"},\"primaryImageOfPage\":{\"@id\":\"https:\/\/jornalfatosenoticias.com.br\/index.php\/2023\/11\/21\/46-das-casas-brasileiras-tem-problemas-de-saneamento\/#primaryimage\"},\"image\":{\"@id\":\"https:\/\/jornalfatosenoticias.com.br\/index.php\/2023\/11\/21\/46-das-casas-brasileiras-tem-problemas-de-saneamento\/#primaryimage\"},\"thumbnailUrl\":\"https:\/\/jornalfatosenoticias.com.br\/wp-content\/uploads\/2023\/11\/saneamento_basico.jpg\",\"datePublished\":\"2023-11-21T12:58:10+00:00\",\"dateModified\":\"2023-11-21T12:58:12+00:00\",\"breadcrumb\":{\"@id\":\"https:\/\/jornalfatosenoticias.com.br\/index.php\/2023\/11\/21\/46-das-casas-brasileiras-tem-problemas-de-saneamento\/#breadcrumb\"},\"inLanguage\":\"pt-BR\",\"potentialAction\":[{\"@type\":\"ReadAction\",\"target\":[\"https:\/\/jornalfatosenoticias.com.br\/index.php\/2023\/11\/21\/46-das-casas-brasileiras-tem-problemas-de-saneamento\/\"]}]},{\"@type\":\"ImageObject\",\"inLanguage\":\"pt-BR\",\"@id\":\"https:\/\/jornalfatosenoticias.com.br\/index.php\/2023\/11\/21\/46-das-casas-brasileiras-tem-problemas-de-saneamento\/#primaryimage\",\"url\":\"https:\/\/jornalfatosenoticias.com.br\/wp-content\/uploads\/2023\/11\/saneamento_basico.jpg\",\"contentUrl\":\"https:\/\/jornalfatosenoticias.com.br\/wp-content\/uploads\/2023\/11\/saneamento_basico.jpg\",\"width\":1000,\"height\":703},{\"@type\":\"BreadcrumbList\",\"@id\":\"https:\/\/jornalfatosenoticias.com.br\/index.php\/2023\/11\/21\/46-das-casas-brasileiras-tem-problemas-de-saneamento\/#breadcrumb\",\"itemListElement\":[{\"@type\":\"ListItem\",\"position\":1,\"name\":\"In\u00edcio\",\"item\":\"https:\/\/jornalfatosenoticias.com.br\/\"},{\"@type\":\"ListItem\",\"position\":2,\"name\":\"46% das casas brasileiras t\u00eam problemas de saneamento\"}]},{\"@type\":\"WebSite\",\"@id\":\"https:\/\/jornalfatosenoticias.com.br\/#website\",\"url\":\"https:\/\/jornalfatosenoticias.com.br\/\",\"name\":\"Jornal Fatos e Not\u00edcias\",\"description\":\"Not\u00edcias em geral\",\"publisher\":{\"@id\":\"https:\/\/jornalfatosenoticias.com.br\/#organization\"},\"potentialAction\":[{\"@type\":\"SearchAction\",\"target\":{\"@type\":\"EntryPoint\",\"urlTemplate\":\"https:\/\/jornalfatosenoticias.com.br\/?s={search_term_string}\"},\"query-input\":{\"@type\":\"PropertyValueSpecification\",\"valueRequired\":true,\"valueName\":\"search_term_string\"}}],\"inLanguage\":\"pt-BR\"},{\"@type\":\"Organization\",\"@id\":\"https:\/\/jornalfatosenoticias.com.br\/#organization\",\"name\":\"Jornal Fatos e Not\u00edcias\",\"url\":\"https:\/\/jornalfatosenoticias.com.br\/\",\"logo\":{\"@type\":\"ImageObject\",\"inLanguage\":\"pt-BR\",\"@id\":\"https:\/\/jornalfatosenoticias.com.br\/#\/schema\/logo\/image\/\",\"url\":\"https:\/\/jornalfatosenoticias.com.br\/wp-content\/uploads\/2020\/02\/logo120.png\",\"contentUrl\":\"https:\/\/jornalfatosenoticias.com.br\/wp-content\/uploads\/2020\/02\/logo120.png\",\"width\":1227,\"height\":120,\"caption\":\"Jornal Fatos e Not\u00edcias\"},\"image\":{\"@id\":\"https:\/\/jornalfatosenoticias.com.br\/#\/schema\/logo\/image\/\"}},{\"@type\":\"Person\",\"@id\":\"https:\/\/jornalfatosenoticias.com.br\/#\/schema\/person\/d63837fa13ac8666eb9e74e0985d6f81\",\"name\":\"Luzimara Fernandes\",\"image\":{\"@type\":\"ImageObject\",\"inLanguage\":\"pt-BR\",\"@id\":\"https:\/\/jornalfatosenoticias.com.br\/#\/schema\/person\/image\/\",\"url\":\"https:\/\/jornalfatosenoticias.com.br\/wp-content\/uploads\/2025\/05\/EU_portal.jpg\",\"contentUrl\":\"https:\/\/jornalfatosenoticias.com.br\/wp-content\/uploads\/2025\/05\/EU_portal.jpg\",\"caption\":\"Luzimara Fernandes\"},\"description\":\"Jornalista MTB 2358-ES\",\"sameAs\":[\"https:\/\/jornalfatosenoticias.com.br\"],\"url\":\"https:\/\/jornalfatosenoticias.com.br\/index.php\/author\/luzimara\/\"}]}<\/script>\n<!-- \/ Yoast SEO plugin. -->","yoast_head_json":{"title":"46% das casas brasileiras t\u00eam problemas de saneamento - Jornal Fatos e Not\u00edcias","robots":{"index":"index","follow":"follow","max-snippet":"max-snippet:-1","max-image-preview":"max-image-preview:large","max-video-preview":"max-video-preview:-1"},"canonical":"https:\/\/jornalfatosenoticias.com.br\/index.php\/2023\/11\/21\/46-das-casas-brasileiras-tem-problemas-de-saneamento\/","og_locale":"pt_BR","og_type":"article","og_title":"46% das casas brasileiras t\u00eam problemas de saneamento - Jornal Fatos e Not\u00edcias","og_description":"Novo estudo mostra quem s\u00e3o as fam\u00edlias que ainda n\u00e3o contam com a adequada oferta de \u00e1gua pot\u00e1vel, banheiros, coleta e tratamento de esgoto Um novo estudo do Instituto Trata Brasil tra\u00e7a o perfil socioecon\u00f4mico e demogr\u00e1fico da popula\u00e7\u00e3o brasileira que sofre com priva\u00e7\u00f5es nos servi\u00e7os de saneamento b\u00e1sico. Os n\u00fameros s\u00e3o alarmantes: do total [&hellip;]","og_url":"https:\/\/jornalfatosenoticias.com.br\/index.php\/2023\/11\/21\/46-das-casas-brasileiras-tem-problemas-de-saneamento\/","og_site_name":"Jornal Fatos e Not\u00edcias","article_published_time":"2023-11-21T12:58:10+00:00","article_modified_time":"2023-11-21T12:58:12+00:00","og_image":[{"width":1000,"height":703,"url":"https:\/\/jornalfatosenoticias.com.br\/wp-content\/uploads\/2023\/11\/saneamento_basico.jpg","type":"image\/jpeg"}],"author":"Luzimara Fernandes","twitter_card":"summary_large_image","twitter_misc":{"Escrito por":"Luzimara Fernandes","Est. tempo de leitura":"4 minutos"},"schema":{"@context":"https:\/\/schema.org","@graph":[{"@type":"Article","@id":"https:\/\/jornalfatosenoticias.com.br\/index.php\/2023\/11\/21\/46-das-casas-brasileiras-tem-problemas-de-saneamento\/#article","isPartOf":{"@id":"https:\/\/jornalfatosenoticias.com.br\/index.php\/2023\/11\/21\/46-das-casas-brasileiras-tem-problemas-de-saneamento\/"},"author":{"name":"Luzimara Fernandes","@id":"https:\/\/jornalfatosenoticias.com.br\/#\/schema\/person\/d63837fa13ac8666eb9e74e0985d6f81"},"headline":"46% das casas brasileiras t\u00eam problemas de saneamento","datePublished":"2023-11-21T12:58:10+00:00","dateModified":"2023-11-21T12:58:12+00:00","mainEntityOfPage":{"@id":"https:\/\/jornalfatosenoticias.com.br\/index.php\/2023\/11\/21\/46-das-casas-brasileiras-tem-problemas-de-saneamento\/"},"wordCount":729,"commentCount":0,"publisher":{"@id":"https:\/\/jornalfatosenoticias.com.br\/#organization"},"image":{"@id":"https:\/\/jornalfatosenoticias.com.br\/index.php\/2023\/11\/21\/46-das-casas-brasileiras-tem-problemas-de-saneamento\/#primaryimage"},"thumbnailUrl":"https:\/\/jornalfatosenoticias.com.br\/wp-content\/uploads\/2023\/11\/saneamento_basico.jpg","keywords":["\u00e1gua tratada","Instituto Trata Brasil","saneamento b\u00e1sico","saneamento ecol\u00f3gico","tratamento de esgoto"],"articleSection":["Geral"],"inLanguage":"pt-BR","potentialAction":[{"@type":"CommentAction","name":"Comment","target":["https:\/\/jornalfatosenoticias.com.br\/index.php\/2023\/11\/21\/46-das-casas-brasileiras-tem-problemas-de-saneamento\/#respond"]}]},{"@type":"WebPage","@id":"https:\/\/jornalfatosenoticias.com.br\/index.php\/2023\/11\/21\/46-das-casas-brasileiras-tem-problemas-de-saneamento\/","url":"https:\/\/jornalfatosenoticias.com.br\/index.php\/2023\/11\/21\/46-das-casas-brasileiras-tem-problemas-de-saneamento\/","name":"46% das casas brasileiras t\u00eam problemas de saneamento - Jornal Fatos e Not\u00edcias","isPartOf":{"@id":"https:\/\/jornalfatosenoticias.com.br\/#website"},"primaryImageOfPage":{"@id":"https:\/\/jornalfatosenoticias.com.br\/index.php\/2023\/11\/21\/46-das-casas-brasileiras-tem-problemas-de-saneamento\/#primaryimage"},"image":{"@id":"https:\/\/jornalfatosenoticias.com.br\/index.php\/2023\/11\/21\/46-das-casas-brasileiras-tem-problemas-de-saneamento\/#primaryimage"},"thumbnailUrl":"https:\/\/jornalfatosenoticias.com.br\/wp-content\/uploads\/2023\/11\/saneamento_basico.jpg","datePublished":"2023-11-21T12:58:10+00:00","dateModified":"2023-11-21T12:58:12+00:00","breadcrumb":{"@id":"https:\/\/jornalfatosenoticias.com.br\/index.php\/2023\/11\/21\/46-das-casas-brasileiras-tem-problemas-de-saneamento\/#breadcrumb"},"inLanguage":"pt-BR","potentialAction":[{"@type":"ReadAction","target":["https:\/\/jornalfatosenoticias.com.br\/index.php\/2023\/11\/21\/46-das-casas-brasileiras-tem-problemas-de-saneamento\/"]}]},{"@type":"ImageObject","inLanguage":"pt-BR","@id":"https:\/\/jornalfatosenoticias.com.br\/index.php\/2023\/11\/21\/46-das-casas-brasileiras-tem-problemas-de-saneamento\/#primaryimage","url":"https:\/\/jornalfatosenoticias.com.br\/wp-content\/uploads\/2023\/11\/saneamento_basico.jpg","contentUrl":"https:\/\/jornalfatosenoticias.com.br\/wp-content\/uploads\/2023\/11\/saneamento_basico.jpg","width":1000,"height":703},{"@type":"BreadcrumbList","@id":"https:\/\/jornalfatosenoticias.com.br\/index.php\/2023\/11\/21\/46-das-casas-brasileiras-tem-problemas-de-saneamento\/#breadcrumb","itemListElement":[{"@type":"ListItem","position":1,"name":"In\u00edcio","item":"https:\/\/jornalfatosenoticias.com.br\/"},{"@type":"ListItem","position":2,"name":"46% das casas brasileiras t\u00eam problemas de saneamento"}]},{"@type":"WebSite","@id":"https:\/\/jornalfatosenoticias.com.br\/#website","url":"https:\/\/jornalfatosenoticias.com.br\/","name":"Jornal Fatos e Not\u00edcias","description":"Not\u00edcias em geral","publisher":{"@id":"https:\/\/jornalfatosenoticias.com.br\/#organization"},"potentialAction":[{"@type":"SearchAction","target":{"@type":"EntryPoint","urlTemplate":"https:\/\/jornalfatosenoticias.com.br\/?s={search_term_string}"},"query-input":{"@type":"PropertyValueSpecification","valueRequired":true,"valueName":"search_term_string"}}],"inLanguage":"pt-BR"},{"@type":"Organization","@id":"https:\/\/jornalfatosenoticias.com.br\/#organization","name":"Jornal Fatos e Not\u00edcias","url":"https:\/\/jornalfatosenoticias.com.br\/","logo":{"@type":"ImageObject","inLanguage":"pt-BR","@id":"https:\/\/jornalfatosenoticias.com.br\/#\/schema\/logo\/image\/","url":"https:\/\/jornalfatosenoticias.com.br\/wp-content\/uploads\/2020\/02\/logo120.png","contentUrl":"https:\/\/jornalfatosenoticias.com.br\/wp-content\/uploads\/2020\/02\/logo120.png","width":1227,"height":120,"caption":"Jornal Fatos e Not\u00edcias"},"image":{"@id":"https:\/\/jornalfatosenoticias.com.br\/#\/schema\/logo\/image\/"}},{"@type":"Person","@id":"https:\/\/jornalfatosenoticias.com.br\/#\/schema\/person\/d63837fa13ac8666eb9e74e0985d6f81","name":"Luzimara Fernandes","image":{"@type":"ImageObject","inLanguage":"pt-BR","@id":"https:\/\/jornalfatosenoticias.com.br\/#\/schema\/person\/image\/","url":"https:\/\/jornalfatosenoticias.com.br\/wp-content\/uploads\/2025\/05\/EU_portal.jpg","contentUrl":"https:\/\/jornalfatosenoticias.com.br\/wp-content\/uploads\/2025\/05\/EU_portal.jpg","caption":"Luzimara Fernandes"},"description":"Jornalista MTB 2358-ES","sameAs":["https:\/\/jornalfatosenoticias.com.br"],"url":"https:\/\/jornalfatosenoticias.com.br\/index.php\/author\/luzimara\/"}]}},"cc_featured_image_caption":{"caption_text":"(Foto: Fernando Fraz\u00e3o\/Ag\u00eancia Brasil)","source_text":"","source_url":""},"jetpack_featured_media_url":"https:\/\/jornalfatosenoticias.com.br\/wp-content\/uploads\/2023\/11\/saneamento_basico.jpg","_links":{"self":[{"href":"https:\/\/jornalfatosenoticias.com.br\/index.php\/wp-json\/wp\/v2\/posts\/47101","targetHints":{"allow":["GET"]}}],"collection":[{"href":"https:\/\/jornalfatosenoticias.com.br\/index.php\/wp-json\/wp\/v2\/posts"}],"about":[{"href":"https:\/\/jornalfatosenoticias.com.br\/index.php\/wp-json\/wp\/v2\/types\/post"}],"author":[{"embeddable":true,"href":"https:\/\/jornalfatosenoticias.com.br\/index.php\/wp-json\/wp\/v2\/users\/2"}],"replies":[{"embeddable":true,"href":"https:\/\/jornalfatosenoticias.com.br\/index.php\/wp-json\/wp\/v2\/comments?post=47101"}],"version-history":[{"count":0,"href":"https:\/\/jornalfatosenoticias.com.br\/index.php\/wp-json\/wp\/v2\/posts\/47101\/revisions"}],"wp:featuredmedia":[{"embeddable":true,"href":"https:\/\/jornalfatosenoticias.com.br\/index.php\/wp-json\/wp\/v2\/media\/47103"}],"wp:attachment":[{"href":"https:\/\/jornalfatosenoticias.com.br\/index.php\/wp-json\/wp\/v2\/media?parent=47101"}],"wp:term":[{"taxonomy":"category","embeddable":true,"href":"https:\/\/jornalfatosenoticias.com.br\/index.php\/wp-json\/wp\/v2\/categories?post=47101"},{"taxonomy":"post_tag","embeddable":true,"href":"https:\/\/jornalfatosenoticias.com.br\/index.php\/wp-json\/wp\/v2\/tags?post=47101"}],"curies":[{"name":"wp","href":"https:\/\/api.w.org\/{rel}","templated":true}]}}