{"id":47118,"date":"2023-11-21T15:17:02","date_gmt":"2023-11-21T18:17:02","guid":{"rendered":"https:\/\/jornalfatosenoticias.com.br\/?p=47118"},"modified":"2023-11-21T15:17:03","modified_gmt":"2023-11-21T18:17:03","slug":"4-congresso-internacional-de-educacao-parental","status":"publish","type":"post","link":"https:\/\/jornalfatosenoticias.com.br\/index.php\/2023\/11\/21\/4-congresso-internacional-de-educacao-parental\/","title":{"rendered":"4\u00b0 Congresso Internacional de Educa\u00e7\u00e3o Parental"},"content":{"rendered":"\n<p><em><span class=\"has-inline-color has-black-color\">O psic\u00f3logo Alexandre Coimbra, a comunicadora Elisama Santos e a especialista em disciplina positiva Jane Nelsen s\u00e3o alguns dos destaques do evento<\/span><\/em><\/p>\n\n\n\n<p><span class=\"has-inline-color has-black-color\">Por <strong><a href=\"https:\/\/cangurunews.com.br\/author\/veronica\/\">Ver\u00f4nica Fraidenraich<\/a><\/strong><\/span><\/p>\n\n\n\n<div class=\"wp-block-image\"><figure class=\"aligncenter size-large\"><img loading=\"lazy\" decoding=\"async\" width=\"1024\" height=\"100\" src=\"https:\/\/jornalfatosenoticias.com.br\/wp-content\/uploads\/2022\/05\/NOVA-LOGO-CESCONETTO-1024x100.jpg\" alt=\"\" class=\"wp-image-30792\" srcset=\"https:\/\/jornalfatosenoticias.com.br\/wp-content\/uploads\/2022\/05\/NOVA-LOGO-CESCONETTO-1024x100.jpg 1024w, https:\/\/jornalfatosenoticias.com.br\/wp-content\/uploads\/2022\/05\/NOVA-LOGO-CESCONETTO-300x29.jpg 300w, https:\/\/jornalfatosenoticias.com.br\/wp-content\/uploads\/2022\/05\/NOVA-LOGO-CESCONETTO-768x75.jpg 768w, https:\/\/jornalfatosenoticias.com.br\/wp-content\/uploads\/2022\/05\/NOVA-LOGO-CESCONETTO.jpg 1280w\" sizes=\"auto, (max-width: 1024px) 100vw, 1024px\" \/><\/figure><\/div>\n\n\n\n<p>Tr\u00eas dias de palestras e mais de 30 horas de conte\u00fados est\u00e3o previstos na programa\u00e7\u00e3o do <a href=\"https:\/\/congressoparental.com.br\/\" target=\"_blank\" rel=\"noreferrer noopener\"><strong>4\u00b0 Congresso\u00a0<\/strong><\/a><strong><a href=\"https:\/\/congressoparental.com.br\/\" target=\"_blank\" rel=\"noreferrer noopener\">Internacional de Educa\u00e7\u00e3o Parental<\/a><\/strong>, que acontece entre os dias 23 e 25 deste m\u00eas de novembro, em S\u00e3o Paulo. O encontro contar\u00e1 com a presen\u00e7a de palestrantes renomados, entre eles, Alexandre Coimbra, Elisama Santos, Maya Eigenmann, Jane Nelsen, Mary Nelsen Tamborski, Wimer Bottura Jr., Cec\u00edlia Antipoff e Cida Lopes, al\u00e9m de muitos outros nomes importantes da \u00e1rea.<br>\u201cO congresso \u00e9 mais que um evento, \u00e9 um movimento que re\u00fane <a href=\"https:\/\/cangurunews.com.br\/educador-parental-para-que\/\">profissionais da educa\u00e7\u00e3o parental<\/a>\u00a0que acreditam que podem transformar a vida das fam\u00edlias no Brasil\u201d, afirma a jornalista fundadora da Canguru News e organizadora do congresso, Ivana Moreira. Para ela, \u201c\u00e9 gratificante ver como o evento cresceu desde a sua primeira edi\u00e7\u00e3o, em 2020, para se tornar\u00a0<a href=\"https:\/\/cangurunews.com.br\/congresso-e-uma-referencia-da-educacao-parental-no-pais\/\">uma refer\u00eancia para psic\u00f3logos<\/a>, psiquiatras, pedagogos, pediatras, assistentes sociais e muitos outros profissionais que atuam como educadores parentais em todo o Pa\u00eds\u201d.<br>A psicanalista Jacqueline Vilela, fundadora da <a href=\"https:\/\/parentcoachingbrasil.com.br\/\" target=\"_blank\" rel=\"noreferrer noopener\">Parent Coaching Brasil<\/a> e tamb\u00e9m organizadora do evento, diz que o congresso foi feito justamente para fomentar esse mercado, que se amplia a cada ano.<\/p>\n\n\n\n<div class=\"wp-block-image\"><figure class=\"aligncenter size-large is-resized\"><img loading=\"lazy\" decoding=\"async\" src=\"https:\/\/jornalfatosenoticias.com.br\/wp-content\/uploads\/2022\/02\/FERRARI_MAQUINAS-E-FERRAMENTAS2.jpg\" alt=\"\" class=\"wp-image-27860\" width=\"287\" height=\"239\"\/><\/figure><\/div>\n\n\n\n<blockquote class=\"wp-block-quote is-layout-flow wp-block-quote-is-layout-flow\"><p><span class=\"has-inline-color has-luminous-vivid-orange-color\">O objetivo \u00e9 promover um encontro entre esses profissionais, que come\u00e7aram a perceber a for\u00e7a do movimento e a relev\u00e2ncia daquilo que eles fazem. \u00c9 na educa\u00e7\u00e3o parental que a gente vai prevenir os maiores desafios familiares e principalmente a sa\u00fade f\u00edsica, mental e emocional de crian\u00e7as, adolescentes e dos pais de uma forma geral. E essa edi\u00e7\u00e3o trar\u00e1 pesquisas e resultados que mostram a import\u00e2ncia desse trabalho\u201d, declara Jacqueline.<\/span><\/p><\/blockquote>\n\n\n\n<div class=\"wp-block-image\"><figure class=\"aligncenter size-large is-resized\"><img loading=\"lazy\" decoding=\"async\" src=\"https:\/\/jornalfatosenoticias.com.br\/wp-content\/uploads\/2023\/07\/lacremoda.jpg\" alt=\"\" class=\"wp-image-43706\" width=\"338\" height=\"189\" srcset=\"https:\/\/jornalfatosenoticias.com.br\/wp-content\/uploads\/2023\/07\/lacremoda.jpg 1024w, https:\/\/jornalfatosenoticias.com.br\/wp-content\/uploads\/2023\/07\/lacremoda-300x168.jpg 300w, https:\/\/jornalfatosenoticias.com.br\/wp-content\/uploads\/2023\/07\/lacremoda-768x431.jpg 768w\" sizes=\"auto, (max-width: 338px) 100vw, 338px\" \/><\/figure><\/div>\n\n\n\n<p>O psic\u00f3logo <a href=\"https:\/\/www.instagram.com\/alexandrecoimbraamaral\/\" target=\"_blank\" rel=\"noreferrer noopener\">Alexandre Coimbra<\/a>, autor dos livros \u201cCartas de um terapeuta\u201d e \u201cToda ansiedade merece um abra\u00e7o\u201d, abrir\u00e1 o evento com a palestra \u201cConversas que as m\u00e3es n\u00e3o t\u00eam com os filhos\u201d. Em seguida, a comunicadora e especialista em sa\u00fade mental,\u00a0<a href=\"https:\/\/www.instagram.com\/elisamasantosc\/\" target=\"_blank\" rel=\"noreferrer noopener\">Elisama Santos<\/a>, que escreveu obras como \u201cPor que gritamos?\u201d e \u201cVamos conversar\u201d, falar\u00e1 sobre como p\u00f4r em pr\u00e1tica a comunica\u00e7\u00e3o n\u00e3o violenta.<\/p>\n\n\n\n<div class=\"wp-block-image\"><figure class=\"aligncenter size-large is-resized\"><img loading=\"lazy\" decoding=\"async\" src=\"https:\/\/jornalfatosenoticias.com.br\/wp-content\/uploads\/2020\/02\/casa-do-torresmo_portal.jpg\" alt=\"\" class=\"wp-image-34472\" width=\"253\" height=\"253\" srcset=\"https:\/\/jornalfatosenoticias.com.br\/wp-content\/uploads\/2020\/02\/casa-do-torresmo_portal.jpg 300w, https:\/\/jornalfatosenoticias.com.br\/wp-content\/uploads\/2020\/02\/casa-do-torresmo_portal-150x150.jpg 150w\" sizes=\"auto, (max-width: 253px) 100vw, 253px\" \/><\/figure><\/div>\n\n\n\n<blockquote class=\"wp-block-quote is-layout-flow wp-block-quote-is-layout-flow\"><p><span class=\"has-inline-color has-luminous-vivid-orange-color\">A compreens\u00e3o do trauma: quando o tempo n\u00e3o cura a ferida\u201d \u00e9 o tema da apresenta\u00e7\u00e3o feita em conjunto entre a educadora parental <a href=\"https:\/\/www.instagram.com\/maya_eigenmann\/\" target=\"_blank\" rel=\"noreferrer noopener\">Maya Eigenmann<\/a>, uma das fundadoras da Escola de Educa\u00e7\u00e3o Positiva, e a psicoterapeuta\u00a0<a href=\"https:\/\/www.instagram.com\/cecilia.laurianooficial\/\" target=\"_blank\" rel=\"noreferrer noopener\">Cec\u00edlia Lauriano<\/a>.<\/span><\/p><\/blockquote>\n\n\n\n<div class=\"wp-block-image\"><figure class=\"aligncenter size-large is-resized\"><img loading=\"lazy\" decoding=\"async\" src=\"https:\/\/jornalfatosenoticias.com.br\/wp-content\/uploads\/2020\/02\/logo-Rapuzel-1024x571.jpg\" alt=\"\" class=\"wp-image-42808\" width=\"320\" height=\"178\" srcset=\"https:\/\/jornalfatosenoticias.com.br\/wp-content\/uploads\/2020\/02\/logo-Rapuzel-1024x571.jpg 1024w, https:\/\/jornalfatosenoticias.com.br\/wp-content\/uploads\/2020\/02\/logo-Rapuzel-300x167.jpg 300w, https:\/\/jornalfatosenoticias.com.br\/wp-content\/uploads\/2020\/02\/logo-Rapuzel-768x428.jpg 768w, https:\/\/jornalfatosenoticias.com.br\/wp-content\/uploads\/2020\/02\/logo-Rapuzel-1536x856.jpg 1536w, https:\/\/jornalfatosenoticias.com.br\/wp-content\/uploads\/2020\/02\/logo-Rapuzel.jpg 1600w\" sizes=\"auto, (max-width: 320px) 100vw, 320px\" \/><\/figure><\/div>\n\n\n\n<p>O evento tamb\u00e9m trar\u00e1 como destaque a terapeuta americana de casal e fam\u00edlias, Jane Nelsen. Coautora da s\u00e9rie best-seller Disciplina Positiva, que re\u00fane 18 t\u00edtulos e mais de dois milh\u00f5es de c\u00f3pias vendidas em todo o mundo, ela far\u00e1 uma palestra no s\u00e1bado, 25, junto com a terapeuta Mary Nelsen Tamborski, sua filha, para abordar a <strong><a href=\"https:\/\/cangurunews.com.br\/congresso-e-uma-referencia-da-educacao-parental-no-pais\/\">forma\u00e7\u00e3o de educadores parentais<\/a>\u00a0pelo mundo<\/strong>.<\/p>\n\n\n\n<div class=\"wp-block-image\"><figure class=\"aligncenter size-large is-resized\"><img loading=\"lazy\" decoding=\"async\" src=\"https:\/\/jornalfatosenoticias.com.br\/wp-content\/uploads\/2020\/02\/CONTROL-CS.jpg\" alt=\"\" class=\"wp-image-44991\" width=\"275\" height=\"329\" srcset=\"https:\/\/jornalfatosenoticias.com.br\/wp-content\/uploads\/2020\/02\/CONTROL-CS.jpg 834w, https:\/\/jornalfatosenoticias.com.br\/wp-content\/uploads\/2020\/02\/CONTROL-CS-250x300.jpg 250w, https:\/\/jornalfatosenoticias.com.br\/wp-content\/uploads\/2020\/02\/CONTROL-CS-768x921.jpg 768w\" sizes=\"auto, (max-width: 275px) 100vw, 275px\" \/><\/figure><\/div>\n\n\n\n<p>O <strong>tema da paternidade e masculinidade<\/strong>\u00a0tamb\u00e9m estar\u00e1 presente com os palestrantes Camila Holpert, fundadora e diretora da empresa de inova\u00e7\u00e3o em conhecimento Studio Ideias; Tiago Koch, idealizador do projeto\u00a0<a href=\"https:\/\/www.instagram.com\/homempaterno\/\" target=\"_blank\" rel=\"noreferrer noopener\">Homem Paterno<\/a>, focado na paternidade integral; e o educador parental Ton Kohler,\u00a0<a href=\"https:\/\/cangurunews.com.br\/trabalho-de-cuidado-das-mulheres-sem-discussao-nao-ha-conscientizacao\/\">colunista da\u00a0<strong>Canguru News<\/strong><\/a>\u00a0e criador do perfil\u00a0<a href=\"https:\/\/www.instagram.com\/papaiemdobro\/\" target=\"_blank\" rel=\"noreferrer noopener\">@papaiemdobro<\/a>, que defende a bandeira da equidade de g\u00eanero e parental.<\/p>\n\n\n\n<div class=\"wp-block-image\"><figure class=\"aligncenter size-large is-resized\"><img loading=\"lazy\" decoding=\"async\" src=\"https:\/\/jornalfatosenoticias.com.br\/wp-content\/uploads\/2023\/03\/nova-logo-Marquetti.jpg\" alt=\"\" class=\"wp-image-40207\" width=\"335\" height=\"225\" srcset=\"https:\/\/jornalfatosenoticias.com.br\/wp-content\/uploads\/2023\/03\/nova-logo-Marquetti.jpg 643w, https:\/\/jornalfatosenoticias.com.br\/wp-content\/uploads\/2023\/03\/nova-logo-Marquetti-300x202.jpg 300w\" sizes=\"auto, (max-width: 335px) 100vw, 335px\" \/><\/figure><\/div>\n\n\n\n<p>J\u00e1 a psic\u00f3loga cl\u00ednica e educadora sexual Cida Lopes e o m\u00e9dico hebiatra Felipe Fortes, especialista em adolesc\u00eancia, subir\u00e3o ao palco para abordar a tem\u00e1tica de <strong>sexo e g\u00eanero.<\/strong> Na palestra \u201cInf\u00e2ncia em movimento: direitos das crian\u00e7as que temos de resguardar\u201d, a psic\u00f3loga, <a href=\"https:\/\/www.instagram.com\/ceciliaantipoff_\/\">Cec\u00edlia Antipoff<\/a> falar\u00e1 sobre crian\u00e7as que t\u00eam uma necessidade maior de se movimentar e muitas vezes s\u00e3o diagnosticadas equivocadamente com algum transtorno.<\/p>\n\n\n\n<div class=\"wp-block-image\"><figure class=\"aligncenter size-large\"><img loading=\"lazy\" decoding=\"async\" width=\"300\" height=\"250\" src=\"https:\/\/jornalfatosenoticias.com.br\/wp-content\/uploads\/2022\/08\/arte-Casarao.jpg\" alt=\"\" class=\"wp-image-33178\"\/><\/figure><\/div>\n\n\n\n<p>Ainda, estar\u00e3o na pauta do evento assuntos como pol\u00edticas p\u00fablicas, pesquisas, estat\u00edsticas, projetos, regulamenta\u00e7\u00e3o profissional e cases de sucesso da educa\u00e7\u00e3o parental. O\u00a0<strong>4\u00b0 Congresso Internacional de Educa\u00e7\u00e3o Parental<\/strong>\u00a0acontece entre os dias 23 e 25 de novembro, de forma presencial, no Centro de Conven\u00e7\u00f5es Rebou\u00e7as, na capital paulista, e ser\u00e1 transmitido tamb\u00e9m online. Para mais informa\u00e7\u00f5es,\u00a0<a href=\"https:\/\/congressoparental.com.br\/\">clique aqui<\/a>.<\/p>\n\n\n\n<div class=\"wp-block-image\"><figure class=\"aligncenter size-large is-resized\"><img loading=\"lazy\" decoding=\"async\" src=\"https:\/\/jornalfatosenoticias.com.br\/wp-content\/uploads\/2020\/02\/LOGO-BLU-COMERCIAL-PRETO-1024x600.jpg\" alt=\"\" class=\"wp-image-44089\" width=\"331\" height=\"193\"\/><\/figure><\/div>\n\n\n\n<p><strong><em>Fonte: <a href=\"https:\/\/cangurunews.com.br\/vem-ai-o-4-congresso-internacional-de-educacao-parental-maior-evento-da-area-do-pais\/\">Canguru News<\/a><\/em><\/strong><\/p>\n","protected":false},"excerpt":{"rendered":"<p>O psic\u00f3logo Alexandre Coimbra, a comunicadora Elisama Santos e a especialista em disciplina positiva Jane Nelsen s\u00e3o alguns dos destaques do evento Por Ver\u00f4nica Fraidenraich Tr\u00eas dias de palestras e mais de 30 horas de conte\u00fados est\u00e3o previstos na programa\u00e7\u00e3o do 4\u00b0 Congresso\u00a0Internacional de Educa\u00e7\u00e3o Parental, que acontece entre os dias 23 e 25 deste [&hellip;]<\/p>\n","protected":false},"author":2,"featured_media":47119,"comment_status":"open","ping_status":"open","sticky":false,"template":"","format":"standard","meta":{"footnotes":""},"categories":[7],"tags":[22071,22070,14033],"class_list":["post-47118","post","type-post","status-publish","format-standard","has-post-thumbnail","hentry","category-educacao","tag-congresso-internacional-de-educacao-parental","tag-educacao-parental","tag-psicologos"],"yoast_head":"<!-- This site is optimized with the Yoast SEO plugin v26.5 - https:\/\/yoast.com\/wordpress\/plugins\/seo\/ -->\n<title>4\u00b0 Congresso Internacional de Educa\u00e7\u00e3o Parental - Jornal Fatos e Not\u00edcias<\/title>\n<meta name=\"robots\" content=\"index, follow, max-snippet:-1, max-image-preview:large, max-video-preview:-1\" \/>\n<link rel=\"canonical\" href=\"https:\/\/jornalfatosenoticias.com.br\/index.php\/2023\/11\/21\/4-congresso-internacional-de-educacao-parental\/\" \/>\n<meta property=\"og:locale\" content=\"pt_BR\" \/>\n<meta property=\"og:type\" content=\"article\" \/>\n<meta property=\"og:title\" content=\"4\u00b0 Congresso Internacional de Educa\u00e7\u00e3o Parental - Jornal Fatos e Not\u00edcias\" \/>\n<meta property=\"og:description\" content=\"O psic\u00f3logo Alexandre Coimbra, a comunicadora Elisama Santos e a especialista em disciplina positiva Jane Nelsen s\u00e3o alguns dos destaques do evento Por Ver\u00f4nica Fraidenraich Tr\u00eas dias de palestras e mais de 30 horas de conte\u00fados est\u00e3o previstos na programa\u00e7\u00e3o do 4\u00b0 Congresso\u00a0Internacional de Educa\u00e7\u00e3o Parental, que acontece entre os dias 23 e 25 deste [&hellip;]\" \/>\n<meta property=\"og:url\" content=\"https:\/\/jornalfatosenoticias.com.br\/index.php\/2023\/11\/21\/4-congresso-internacional-de-educacao-parental\/\" \/>\n<meta property=\"og:site_name\" content=\"Jornal Fatos e Not\u00edcias\" \/>\n<meta property=\"article:published_time\" content=\"2023-11-21T18:17:02+00:00\" \/>\n<meta property=\"article:modified_time\" content=\"2023-11-21T18:17:03+00:00\" \/>\n<meta property=\"og:image\" content=\"https:\/\/jornalfatosenoticias.com.br\/wp-content\/uploads\/2023\/11\/Congresso-Internacional-de-Educacao-Parental.jpg\" \/>\n\t<meta property=\"og:image:width\" content=\"796\" \/>\n\t<meta property=\"og:image:height\" content=\"561\" \/>\n\t<meta property=\"og:image:type\" content=\"image\/jpeg\" \/>\n<meta name=\"author\" content=\"Luzimara Fernandes\" \/>\n<meta name=\"twitter:card\" content=\"summary_large_image\" \/>\n<meta name=\"twitter:label1\" content=\"Escrito por\" \/>\n\t<meta name=\"twitter:data1\" content=\"Luzimara Fernandes\" \/>\n\t<meta name=\"twitter:label2\" content=\"Est. tempo de leitura\" \/>\n\t<meta name=\"twitter:data2\" content=\"3 minutos\" \/>\n<script type=\"application\/ld+json\" class=\"yoast-schema-graph\">{\"@context\":\"https:\/\/schema.org\",\"@graph\":[{\"@type\":\"Article\",\"@id\":\"https:\/\/jornalfatosenoticias.com.br\/index.php\/2023\/11\/21\/4-congresso-internacional-de-educacao-parental\/#article\",\"isPartOf\":{\"@id\":\"https:\/\/jornalfatosenoticias.com.br\/index.php\/2023\/11\/21\/4-congresso-internacional-de-educacao-parental\/\"},\"author\":{\"name\":\"Luzimara Fernandes\",\"@id\":\"https:\/\/jornalfatosenoticias.com.br\/#\/schema\/person\/d63837fa13ac8666eb9e74e0985d6f81\"},\"headline\":\"4\u00b0 Congresso Internacional de Educa\u00e7\u00e3o Parental\",\"datePublished\":\"2023-11-21T18:17:02+00:00\",\"dateModified\":\"2023-11-21T18:17:03+00:00\",\"mainEntityOfPage\":{\"@id\":\"https:\/\/jornalfatosenoticias.com.br\/index.php\/2023\/11\/21\/4-congresso-internacional-de-educacao-parental\/\"},\"wordCount\":705,\"commentCount\":0,\"publisher\":{\"@id\":\"https:\/\/jornalfatosenoticias.com.br\/#organization\"},\"image\":{\"@id\":\"https:\/\/jornalfatosenoticias.com.br\/index.php\/2023\/11\/21\/4-congresso-internacional-de-educacao-parental\/#primaryimage\"},\"thumbnailUrl\":\"https:\/\/jornalfatosenoticias.com.br\/wp-content\/uploads\/2023\/11\/Congresso-Internacional-de-Educacao-Parental.jpg\",\"keywords\":[\"Congresso Internacional de Educa\u00e7\u00e3o Parental\",\"educa\u00e7\u00e3o parental\",\"psic\u00f3logos\"],\"articleSection\":[\"Educa\u00e7\u00e3o\"],\"inLanguage\":\"pt-BR\",\"potentialAction\":[{\"@type\":\"CommentAction\",\"name\":\"Comment\",\"target\":[\"https:\/\/jornalfatosenoticias.com.br\/index.php\/2023\/11\/21\/4-congresso-internacional-de-educacao-parental\/#respond\"]}]},{\"@type\":\"WebPage\",\"@id\":\"https:\/\/jornalfatosenoticias.com.br\/index.php\/2023\/11\/21\/4-congresso-internacional-de-educacao-parental\/\",\"url\":\"https:\/\/jornalfatosenoticias.com.br\/index.php\/2023\/11\/21\/4-congresso-internacional-de-educacao-parental\/\",\"name\":\"4\u00b0 Congresso Internacional de Educa\u00e7\u00e3o Parental - Jornal Fatos e Not\u00edcias\",\"isPartOf\":{\"@id\":\"https:\/\/jornalfatosenoticias.com.br\/#website\"},\"primaryImageOfPage\":{\"@id\":\"https:\/\/jornalfatosenoticias.com.br\/index.php\/2023\/11\/21\/4-congresso-internacional-de-educacao-parental\/#primaryimage\"},\"image\":{\"@id\":\"https:\/\/jornalfatosenoticias.com.br\/index.php\/2023\/11\/21\/4-congresso-internacional-de-educacao-parental\/#primaryimage\"},\"thumbnailUrl\":\"https:\/\/jornalfatosenoticias.com.br\/wp-content\/uploads\/2023\/11\/Congresso-Internacional-de-Educacao-Parental.jpg\",\"datePublished\":\"2023-11-21T18:17:02+00:00\",\"dateModified\":\"2023-11-21T18:17:03+00:00\",\"breadcrumb\":{\"@id\":\"https:\/\/jornalfatosenoticias.com.br\/index.php\/2023\/11\/21\/4-congresso-internacional-de-educacao-parental\/#breadcrumb\"},\"inLanguage\":\"pt-BR\",\"potentialAction\":[{\"@type\":\"ReadAction\",\"target\":[\"https:\/\/jornalfatosenoticias.com.br\/index.php\/2023\/11\/21\/4-congresso-internacional-de-educacao-parental\/\"]}]},{\"@type\":\"ImageObject\",\"inLanguage\":\"pt-BR\",\"@id\":\"https:\/\/jornalfatosenoticias.com.br\/index.php\/2023\/11\/21\/4-congresso-internacional-de-educacao-parental\/#primaryimage\",\"url\":\"https:\/\/jornalfatosenoticias.com.br\/wp-content\/uploads\/2023\/11\/Congresso-Internacional-de-Educacao-Parental.jpg\",\"contentUrl\":\"https:\/\/jornalfatosenoticias.com.br\/wp-content\/uploads\/2023\/11\/Congresso-Internacional-de-Educacao-Parental.jpg\",\"width\":796,\"height\":561},{\"@type\":\"BreadcrumbList\",\"@id\":\"https:\/\/jornalfatosenoticias.com.br\/index.php\/2023\/11\/21\/4-congresso-internacional-de-educacao-parental\/#breadcrumb\",\"itemListElement\":[{\"@type\":\"ListItem\",\"position\":1,\"name\":\"In\u00edcio\",\"item\":\"https:\/\/jornalfatosenoticias.com.br\/\"},{\"@type\":\"ListItem\",\"position\":2,\"name\":\"4\u00b0 Congresso Internacional de Educa\u00e7\u00e3o Parental\"}]},{\"@type\":\"WebSite\",\"@id\":\"https:\/\/jornalfatosenoticias.com.br\/#website\",\"url\":\"https:\/\/jornalfatosenoticias.com.br\/\",\"name\":\"Jornal Fatos e Not\u00edcias\",\"description\":\"Not\u00edcias em geral\",\"publisher\":{\"@id\":\"https:\/\/jornalfatosenoticias.com.br\/#organization\"},\"potentialAction\":[{\"@type\":\"SearchAction\",\"target\":{\"@type\":\"EntryPoint\",\"urlTemplate\":\"https:\/\/jornalfatosenoticias.com.br\/?s={search_term_string}\"},\"query-input\":{\"@type\":\"PropertyValueSpecification\",\"valueRequired\":true,\"valueName\":\"search_term_string\"}}],\"inLanguage\":\"pt-BR\"},{\"@type\":\"Organization\",\"@id\":\"https:\/\/jornalfatosenoticias.com.br\/#organization\",\"name\":\"Jornal Fatos e Not\u00edcias\",\"url\":\"https:\/\/jornalfatosenoticias.com.br\/\",\"logo\":{\"@type\":\"ImageObject\",\"inLanguage\":\"pt-BR\",\"@id\":\"https:\/\/jornalfatosenoticias.com.br\/#\/schema\/logo\/image\/\",\"url\":\"https:\/\/jornalfatosenoticias.com.br\/wp-content\/uploads\/2020\/02\/logo120.png\",\"contentUrl\":\"https:\/\/jornalfatosenoticias.com.br\/wp-content\/uploads\/2020\/02\/logo120.png\",\"width\":1227,\"height\":120,\"caption\":\"Jornal Fatos e Not\u00edcias\"},\"image\":{\"@id\":\"https:\/\/jornalfatosenoticias.com.br\/#\/schema\/logo\/image\/\"}},{\"@type\":\"Person\",\"@id\":\"https:\/\/jornalfatosenoticias.com.br\/#\/schema\/person\/d63837fa13ac8666eb9e74e0985d6f81\",\"name\":\"Luzimara Fernandes\",\"image\":{\"@type\":\"ImageObject\",\"inLanguage\":\"pt-BR\",\"@id\":\"https:\/\/jornalfatosenoticias.com.br\/#\/schema\/person\/image\/\",\"url\":\"https:\/\/jornalfatosenoticias.com.br\/wp-content\/uploads\/2025\/05\/EU_portal.jpg\",\"contentUrl\":\"https:\/\/jornalfatosenoticias.com.br\/wp-content\/uploads\/2025\/05\/EU_portal.jpg\",\"caption\":\"Luzimara Fernandes\"},\"description\":\"Jornalista MTB 2358-ES\",\"sameAs\":[\"https:\/\/jornalfatosenoticias.com.br\"],\"url\":\"https:\/\/jornalfatosenoticias.com.br\/index.php\/author\/luzimara\/\"}]}<\/script>\n<!-- \/ Yoast SEO plugin. -->","yoast_head_json":{"title":"4\u00b0 Congresso Internacional de Educa\u00e7\u00e3o Parental - Jornal Fatos e Not\u00edcias","robots":{"index":"index","follow":"follow","max-snippet":"max-snippet:-1","max-image-preview":"max-image-preview:large","max-video-preview":"max-video-preview:-1"},"canonical":"https:\/\/jornalfatosenoticias.com.br\/index.php\/2023\/11\/21\/4-congresso-internacional-de-educacao-parental\/","og_locale":"pt_BR","og_type":"article","og_title":"4\u00b0 Congresso Internacional de Educa\u00e7\u00e3o Parental - Jornal Fatos e Not\u00edcias","og_description":"O psic\u00f3logo Alexandre Coimbra, a comunicadora Elisama Santos e a especialista em disciplina positiva Jane Nelsen s\u00e3o alguns dos destaques do evento Por Ver\u00f4nica Fraidenraich Tr\u00eas dias de palestras e mais de 30 horas de conte\u00fados est\u00e3o previstos na programa\u00e7\u00e3o do 4\u00b0 Congresso\u00a0Internacional de Educa\u00e7\u00e3o Parental, que acontece entre os dias 23 e 25 deste [&hellip;]","og_url":"https:\/\/jornalfatosenoticias.com.br\/index.php\/2023\/11\/21\/4-congresso-internacional-de-educacao-parental\/","og_site_name":"Jornal Fatos e Not\u00edcias","article_published_time":"2023-11-21T18:17:02+00:00","article_modified_time":"2023-11-21T18:17:03+00:00","og_image":[{"width":796,"height":561,"url":"https:\/\/jornalfatosenoticias.com.br\/wp-content\/uploads\/2023\/11\/Congresso-Internacional-de-Educacao-Parental.jpg","type":"image\/jpeg"}],"author":"Luzimara Fernandes","twitter_card":"summary_large_image","twitter_misc":{"Escrito por":"Luzimara Fernandes","Est. tempo de leitura":"3 minutos"},"schema":{"@context":"https:\/\/schema.org","@graph":[{"@type":"Article","@id":"https:\/\/jornalfatosenoticias.com.br\/index.php\/2023\/11\/21\/4-congresso-internacional-de-educacao-parental\/#article","isPartOf":{"@id":"https:\/\/jornalfatosenoticias.com.br\/index.php\/2023\/11\/21\/4-congresso-internacional-de-educacao-parental\/"},"author":{"name":"Luzimara Fernandes","@id":"https:\/\/jornalfatosenoticias.com.br\/#\/schema\/person\/d63837fa13ac8666eb9e74e0985d6f81"},"headline":"4\u00b0 Congresso Internacional de Educa\u00e7\u00e3o Parental","datePublished":"2023-11-21T18:17:02+00:00","dateModified":"2023-11-21T18:17:03+00:00","mainEntityOfPage":{"@id":"https:\/\/jornalfatosenoticias.com.br\/index.php\/2023\/11\/21\/4-congresso-internacional-de-educacao-parental\/"},"wordCount":705,"commentCount":0,"publisher":{"@id":"https:\/\/jornalfatosenoticias.com.br\/#organization"},"image":{"@id":"https:\/\/jornalfatosenoticias.com.br\/index.php\/2023\/11\/21\/4-congresso-internacional-de-educacao-parental\/#primaryimage"},"thumbnailUrl":"https:\/\/jornalfatosenoticias.com.br\/wp-content\/uploads\/2023\/11\/Congresso-Internacional-de-Educacao-Parental.jpg","keywords":["Congresso Internacional de Educa\u00e7\u00e3o Parental","educa\u00e7\u00e3o parental","psic\u00f3logos"],"articleSection":["Educa\u00e7\u00e3o"],"inLanguage":"pt-BR","potentialAction":[{"@type":"CommentAction","name":"Comment","target":["https:\/\/jornalfatosenoticias.com.br\/index.php\/2023\/11\/21\/4-congresso-internacional-de-educacao-parental\/#respond"]}]},{"@type":"WebPage","@id":"https:\/\/jornalfatosenoticias.com.br\/index.php\/2023\/11\/21\/4-congresso-internacional-de-educacao-parental\/","url":"https:\/\/jornalfatosenoticias.com.br\/index.php\/2023\/11\/21\/4-congresso-internacional-de-educacao-parental\/","name":"4\u00b0 Congresso Internacional de Educa\u00e7\u00e3o Parental - Jornal Fatos e Not\u00edcias","isPartOf":{"@id":"https:\/\/jornalfatosenoticias.com.br\/#website"},"primaryImageOfPage":{"@id":"https:\/\/jornalfatosenoticias.com.br\/index.php\/2023\/11\/21\/4-congresso-internacional-de-educacao-parental\/#primaryimage"},"image":{"@id":"https:\/\/jornalfatosenoticias.com.br\/index.php\/2023\/11\/21\/4-congresso-internacional-de-educacao-parental\/#primaryimage"},"thumbnailUrl":"https:\/\/jornalfatosenoticias.com.br\/wp-content\/uploads\/2023\/11\/Congresso-Internacional-de-Educacao-Parental.jpg","datePublished":"2023-11-21T18:17:02+00:00","dateModified":"2023-11-21T18:17:03+00:00","breadcrumb":{"@id":"https:\/\/jornalfatosenoticias.com.br\/index.php\/2023\/11\/21\/4-congresso-internacional-de-educacao-parental\/#breadcrumb"},"inLanguage":"pt-BR","potentialAction":[{"@type":"ReadAction","target":["https:\/\/jornalfatosenoticias.com.br\/index.php\/2023\/11\/21\/4-congresso-internacional-de-educacao-parental\/"]}]},{"@type":"ImageObject","inLanguage":"pt-BR","@id":"https:\/\/jornalfatosenoticias.com.br\/index.php\/2023\/11\/21\/4-congresso-internacional-de-educacao-parental\/#primaryimage","url":"https:\/\/jornalfatosenoticias.com.br\/wp-content\/uploads\/2023\/11\/Congresso-Internacional-de-Educacao-Parental.jpg","contentUrl":"https:\/\/jornalfatosenoticias.com.br\/wp-content\/uploads\/2023\/11\/Congresso-Internacional-de-Educacao-Parental.jpg","width":796,"height":561},{"@type":"BreadcrumbList","@id":"https:\/\/jornalfatosenoticias.com.br\/index.php\/2023\/11\/21\/4-congresso-internacional-de-educacao-parental\/#breadcrumb","itemListElement":[{"@type":"ListItem","position":1,"name":"In\u00edcio","item":"https:\/\/jornalfatosenoticias.com.br\/"},{"@type":"ListItem","position":2,"name":"4\u00b0 Congresso Internacional de Educa\u00e7\u00e3o Parental"}]},{"@type":"WebSite","@id":"https:\/\/jornalfatosenoticias.com.br\/#website","url":"https:\/\/jornalfatosenoticias.com.br\/","name":"Jornal Fatos e Not\u00edcias","description":"Not\u00edcias em geral","publisher":{"@id":"https:\/\/jornalfatosenoticias.com.br\/#organization"},"potentialAction":[{"@type":"SearchAction","target":{"@type":"EntryPoint","urlTemplate":"https:\/\/jornalfatosenoticias.com.br\/?s={search_term_string}"},"query-input":{"@type":"PropertyValueSpecification","valueRequired":true,"valueName":"search_term_string"}}],"inLanguage":"pt-BR"},{"@type":"Organization","@id":"https:\/\/jornalfatosenoticias.com.br\/#organization","name":"Jornal Fatos e Not\u00edcias","url":"https:\/\/jornalfatosenoticias.com.br\/","logo":{"@type":"ImageObject","inLanguage":"pt-BR","@id":"https:\/\/jornalfatosenoticias.com.br\/#\/schema\/logo\/image\/","url":"https:\/\/jornalfatosenoticias.com.br\/wp-content\/uploads\/2020\/02\/logo120.png","contentUrl":"https:\/\/jornalfatosenoticias.com.br\/wp-content\/uploads\/2020\/02\/logo120.png","width":1227,"height":120,"caption":"Jornal Fatos e Not\u00edcias"},"image":{"@id":"https:\/\/jornalfatosenoticias.com.br\/#\/schema\/logo\/image\/"}},{"@type":"Person","@id":"https:\/\/jornalfatosenoticias.com.br\/#\/schema\/person\/d63837fa13ac8666eb9e74e0985d6f81","name":"Luzimara Fernandes","image":{"@type":"ImageObject","inLanguage":"pt-BR","@id":"https:\/\/jornalfatosenoticias.com.br\/#\/schema\/person\/image\/","url":"https:\/\/jornalfatosenoticias.com.br\/wp-content\/uploads\/2025\/05\/EU_portal.jpg","contentUrl":"https:\/\/jornalfatosenoticias.com.br\/wp-content\/uploads\/2025\/05\/EU_portal.jpg","caption":"Luzimara Fernandes"},"description":"Jornalista MTB 2358-ES","sameAs":["https:\/\/jornalfatosenoticias.com.br"],"url":"https:\/\/jornalfatosenoticias.com.br\/index.php\/author\/luzimara\/"}]}},"cc_featured_image_caption":{"caption_text":"(Foto: Divulga\u00e7\u00e3o)","source_text":"","source_url":""},"jetpack_featured_media_url":"https:\/\/jornalfatosenoticias.com.br\/wp-content\/uploads\/2023\/11\/Congresso-Internacional-de-Educacao-Parental.jpg","_links":{"self":[{"href":"https:\/\/jornalfatosenoticias.com.br\/index.php\/wp-json\/wp\/v2\/posts\/47118","targetHints":{"allow":["GET"]}}],"collection":[{"href":"https:\/\/jornalfatosenoticias.com.br\/index.php\/wp-json\/wp\/v2\/posts"}],"about":[{"href":"https:\/\/jornalfatosenoticias.com.br\/index.php\/wp-json\/wp\/v2\/types\/post"}],"author":[{"embeddable":true,"href":"https:\/\/jornalfatosenoticias.com.br\/index.php\/wp-json\/wp\/v2\/users\/2"}],"replies":[{"embeddable":true,"href":"https:\/\/jornalfatosenoticias.com.br\/index.php\/wp-json\/wp\/v2\/comments?post=47118"}],"version-history":[{"count":0,"href":"https:\/\/jornalfatosenoticias.com.br\/index.php\/wp-json\/wp\/v2\/posts\/47118\/revisions"}],"wp:featuredmedia":[{"embeddable":true,"href":"https:\/\/jornalfatosenoticias.com.br\/index.php\/wp-json\/wp\/v2\/media\/47119"}],"wp:attachment":[{"href":"https:\/\/jornalfatosenoticias.com.br\/index.php\/wp-json\/wp\/v2\/media?parent=47118"}],"wp:term":[{"taxonomy":"category","embeddable":true,"href":"https:\/\/jornalfatosenoticias.com.br\/index.php\/wp-json\/wp\/v2\/categories?post=47118"},{"taxonomy":"post_tag","embeddable":true,"href":"https:\/\/jornalfatosenoticias.com.br\/index.php\/wp-json\/wp\/v2\/tags?post=47118"}],"curies":[{"name":"wp","href":"https:\/\/api.w.org\/{rel}","templated":true}]}}