{"id":47127,"date":"2023-11-21T16:24:15","date_gmt":"2023-11-21T19:24:15","guid":{"rendered":"https:\/\/jornalfatosenoticias.com.br\/?p=47127"},"modified":"2023-11-21T16:24:16","modified_gmt":"2023-11-21T19:24:16","slug":"efeito-milei-bolsa-argentina-dispara-apos-eleicao","status":"publish","type":"post","link":"https:\/\/jornalfatosenoticias.com.br\/index.php\/2023\/11\/21\/efeito-milei-bolsa-argentina-dispara-apos-eleicao\/","title":{"rendered":"Efeito Milei: bolsa argentina dispara ap\u00f3s elei\u00e7\u00e3o"},"content":{"rendered":"\n<p><em><span class=\"has-inline-color has-black-color\">Na bolsa de Buenos Aires, o \u00edndice S&amp;P Merval registrou uma alta expressiva de 20,81% e o d\u00f3lar paralelo passou 1.000 pesos, nesta ter\u00e7a<\/span> <\/em><span class=\"has-inline-color has-black-color\"><em>(21)<\/em> <\/span><\/p>\n\n\n\n<div class=\"wp-block-image\"><figure class=\"aligncenter size-large is-resized\"><img loading=\"lazy\" decoding=\"async\" src=\"https:\/\/jornalfatosenoticias.com.br\/wp-content\/uploads\/2023\/11\/cromotec.jpg\" alt=\"\" class=\"wp-image-46804\" width=\"262\" height=\"156\" srcset=\"https:\/\/jornalfatosenoticias.com.br\/wp-content\/uploads\/2023\/11\/cromotec.jpg 453w, https:\/\/jornalfatosenoticias.com.br\/wp-content\/uploads\/2023\/11\/cromotec-300x179.jpg 300w\" sizes=\"auto, (max-width: 262px) 100vw, 262px\" \/><\/figure><\/div>\n\n\n\n<p>As a\u00e7\u00f5es da Argentina tiveram um aumento expressivo de mais de 20%, enquanto o d\u00f3lar paralelo voltou a ultrapassar a marca dos 1.000 pesos, nesta ter\u00e7a-feira (21), ap\u00f3s a vit\u00f3ria de\u00a0<strong><a href=\"https:\/\/oantagonista.com.br\/mundo\/milei-confirma-viagens-para-israel-e-eua\/\">Javier Milei<\/a>.<\/strong><br>Na <strong><a href=\"https:\/\/www.labolsa.com.ar\/\" target=\"_blank\" rel=\"noreferrer noopener\">bolsa de Buenos Aires<\/a>,<\/strong> o \u00edndice S&amp;P Merval registrou uma alta expressiva de 20,81% \u00e0s 11h03 (hor\u00e1rio de Bras\u00edlia), devido aos ajustes de pre\u00e7os ap\u00f3s o feriado. As empresas do setor de energia lideraram os ganhos. Vale ressaltar que os mercados externos tamb\u00e9m reagiram positivamente \u00e0 vit\u00f3ria de Milei.<br>O d\u00f3lar blue, como \u00e9 conhecido o mercado paralelo de c\u00e2mbio no pa\u00eds, teve uma valoriza\u00e7\u00e3o significativa, subindo de 950 a 1.050 pesos at\u00e9 o in\u00edcio desta tarde, em compara\u00e7\u00e3o com a \u00faltima sexta-feira, 17. Essa alta representa um aumento de cerca de 11%.<\/p>\n\n\n\n<div class=\"wp-block-image\"><figure class=\"aligncenter size-large is-resized\"><img loading=\"lazy\" decoding=\"async\" src=\"https:\/\/jornalfatosenoticias.com.br\/wp-content\/uploads\/2023\/08\/ITH.jpeg\" alt=\"\" class=\"wp-image-44638\" width=\"305\" height=\"248\" srcset=\"https:\/\/jornalfatosenoticias.com.br\/wp-content\/uploads\/2023\/08\/ITH.jpeg 800w, https:\/\/jornalfatosenoticias.com.br\/wp-content\/uploads\/2023\/08\/ITH-300x244.jpeg 300w, https:\/\/jornalfatosenoticias.com.br\/wp-content\/uploads\/2023\/08\/ITH-768x624.jpeg 768w\" sizes=\"auto, (max-width: 305px) 100vw, 305px\" \/><\/figure><\/div>\n\n\n\n<p>J\u00e1 o d\u00f3lar oficial utilizado no mercado atacadista teve uma valoriza\u00e7\u00e3o de 2,1 pesos, abrindo em 356,05 pesos. N\u00e3o houve nenhuma interven\u00e7\u00e3o do governo para corrigir a cota\u00e7\u00e3o, como aconteceu ap\u00f3s as elei\u00e7\u00f5es prim\u00e1rias de agosto. Naquela ocasi\u00e3o, uma medida acordada com o Fundo Monet\u00e1rio Internacional (FMI) contribuiu para uma disparada do d\u00f3lar e uma paralisa\u00e7\u00e3o nas vendas.<br>No fechamento de sexta-feira, 18, o peso oficial estava cotado a 354 por d\u00f3lar, enquanto o peso paralelo blue era negociado a 950 na quinta-feira, \u00faltimo dia de negocia\u00e7\u00f5es genu\u00ednas nesse mercado influente para tomada de decis\u00f5es financeiras. A diferen\u00e7a entre as duas cota\u00e7\u00f5es subiu para 168,4%.<\/p>\n\n\n\n<div class=\"wp-block-image\"><figure class=\"aligncenter size-large is-resized\"><img loading=\"lazy\" decoding=\"async\" src=\"https:\/\/jornalfatosenoticias.com.br\/wp-content\/uploads\/2022\/02\/Precisao-Contabilidade-1024x724.jpg\" alt=\"\" class=\"wp-image-28088\" width=\"283\" height=\"200\"\/><\/figure><\/div>\n\n\n\n<p>Segundo reportagem do <strong><a href=\"https:\/\/g1.globo.com\/rs\/rio-grande-do-sul\/noticia\/2023\/11\/21\/morte-eldorado-do-sul-enchente-rs.ghtml\" target=\"_blank\" rel=\"noreferrer noopener\"><em>G1<\/em><\/a>,<\/strong> a Argentina prorrogou at\u00e9 10 de dezembro um benef\u00edcio para todo o complexo exportador, oferecendo uma taxa de c\u00e2mbio preferencial para liquidar parte das divisas obtidas com suas vendas. Essa medida tem como objetivo incentivar os neg\u00f3cios e aumentar as reservas do pa\u00eds.<\/p>\n\n\n\n<div class=\"wp-block-image\"><figure class=\"aligncenter size-large\"><img decoding=\"async\" src=\"https:\/\/jornalfatosenoticias.com.br\/wp-content\/uploads\/2020\/02\/logo_esteio.jpg\" alt=\"\" class=\"wp-image-1214\"\/><\/figure><\/div>\n\n\n\n<p>Com rela\u00e7\u00e3o \u00e0s a\u00e7\u00f5es das empresas argentinas listadas nos Estados Unidos, elas tiveram um aumento de at\u00e9 40% nesta segunda-feira, sendo a empresa petrol\u00edfera YPF a l\u00edder nesse movimento. A d\u00edvida soberana tamb\u00e9m apresentou recupera\u00e7\u00e3o, impulsionada pelo otimismo em rela\u00e7\u00e3o ao novo presidente da terceira maior economia da Am\u00e9rica Latina. A Argentina enfrenta desafios como infla\u00e7\u00e3o de tr\u00eas d\u00edgitos, recess\u00e3o iminente e aumento da pobreza.<\/p>\n\n\n\n<p><strong><em>Fonte: <a href=\"https:\/\/oantagonista.com.br\/mundo\/efeito-milei-bolsa-argentina-dispara-apos-eleicao\/\">O Antagonista<\/a><\/em><\/strong><\/p>\n","protected":false},"excerpt":{"rendered":"<p>Na bolsa de Buenos Aires, o \u00edndice S&amp;P Merval registrou uma alta expressiva de 20,81% e o d\u00f3lar paralelo passou 1.000 pesos, nesta ter\u00e7a (21) As a\u00e7\u00f5es da Argentina tiveram um aumento expressivo de mais de 20%, enquanto o d\u00f3lar paralelo voltou a ultrapassar a marca dos 1.000 pesos, nesta ter\u00e7a-feira (21), ap\u00f3s a vit\u00f3ria [&hellip;]<\/p>\n","protected":false},"author":2,"featured_media":47128,"comment_status":"open","ping_status":"open","sticky":false,"template":"","format":"standard","meta":{"footnotes":""},"categories":[41],"tags":[5995,22073,18616],"class_list":["post-47127","post","type-post","status-publish","format-standard","has-post-thumbnail","hentry","category-internacional","tag-argentina","tag-bolsa-de-buenos-aires","tag-javier-milei"],"yoast_head":"<!-- This site is optimized with the Yoast SEO plugin v26.5 - https:\/\/yoast.com\/wordpress\/plugins\/seo\/ -->\n<title>Efeito Milei: bolsa argentina dispara ap\u00f3s elei\u00e7\u00e3o - Jornal Fatos e Not\u00edcias<\/title>\n<meta name=\"robots\" content=\"index, follow, max-snippet:-1, max-image-preview:large, max-video-preview:-1\" \/>\n<link rel=\"canonical\" href=\"https:\/\/jornalfatosenoticias.com.br\/index.php\/2023\/11\/21\/efeito-milei-bolsa-argentina-dispara-apos-eleicao\/\" \/>\n<meta property=\"og:locale\" content=\"pt_BR\" \/>\n<meta property=\"og:type\" content=\"article\" \/>\n<meta property=\"og:title\" content=\"Efeito Milei: bolsa argentina dispara ap\u00f3s elei\u00e7\u00e3o - Jornal Fatos e Not\u00edcias\" \/>\n<meta property=\"og:description\" content=\"Na bolsa de Buenos Aires, o \u00edndice S&amp;P Merval registrou uma alta expressiva de 20,81% e o d\u00f3lar paralelo passou 1.000 pesos, nesta ter\u00e7a (21) As a\u00e7\u00f5es da Argentina tiveram um aumento expressivo de mais de 20%, enquanto o d\u00f3lar paralelo voltou a ultrapassar a marca dos 1.000 pesos, nesta ter\u00e7a-feira (21), ap\u00f3s a vit\u00f3ria [&hellip;]\" \/>\n<meta property=\"og:url\" content=\"https:\/\/jornalfatosenoticias.com.br\/index.php\/2023\/11\/21\/efeito-milei-bolsa-argentina-dispara-apos-eleicao\/\" \/>\n<meta property=\"og:site_name\" content=\"Jornal Fatos e Not\u00edcias\" \/>\n<meta property=\"article:published_time\" content=\"2023-11-21T19:24:15+00:00\" \/>\n<meta property=\"article:modified_time\" content=\"2023-11-21T19:24:16+00:00\" \/>\n<meta property=\"og:image\" content=\"https:\/\/jornalfatosenoticias.com.br\/wp-content\/uploads\/2023\/11\/Bolsa-de-Valores-de-Buenos-Aires.jpg\" \/>\n\t<meta property=\"og:image:width\" content=\"712\" \/>\n\t<meta property=\"og:image:height\" content=\"370\" \/>\n\t<meta property=\"og:image:type\" content=\"image\/jpeg\" \/>\n<meta name=\"author\" content=\"Luzimara Fernandes\" \/>\n<meta name=\"twitter:card\" content=\"summary_large_image\" \/>\n<meta name=\"twitter:label1\" content=\"Escrito por\" \/>\n\t<meta name=\"twitter:data1\" content=\"Luzimara Fernandes\" \/>\n\t<meta name=\"twitter:label2\" content=\"Est. tempo de leitura\" \/>\n\t<meta name=\"twitter:data2\" content=\"2 minutos\" \/>\n<script type=\"application\/ld+json\" class=\"yoast-schema-graph\">{\"@context\":\"https:\/\/schema.org\",\"@graph\":[{\"@type\":\"Article\",\"@id\":\"https:\/\/jornalfatosenoticias.com.br\/index.php\/2023\/11\/21\/efeito-milei-bolsa-argentina-dispara-apos-eleicao\/#article\",\"isPartOf\":{\"@id\":\"https:\/\/jornalfatosenoticias.com.br\/index.php\/2023\/11\/21\/efeito-milei-bolsa-argentina-dispara-apos-eleicao\/\"},\"author\":{\"name\":\"Luzimara Fernandes\",\"@id\":\"https:\/\/jornalfatosenoticias.com.br\/#\/schema\/person\/d63837fa13ac8666eb9e74e0985d6f81\"},\"headline\":\"Efeito Milei: bolsa argentina dispara ap\u00f3s elei\u00e7\u00e3o\",\"datePublished\":\"2023-11-21T19:24:15+00:00\",\"dateModified\":\"2023-11-21T19:24:16+00:00\",\"mainEntityOfPage\":{\"@id\":\"https:\/\/jornalfatosenoticias.com.br\/index.php\/2023\/11\/21\/efeito-milei-bolsa-argentina-dispara-apos-eleicao\/\"},\"wordCount\":418,\"commentCount\":0,\"publisher\":{\"@id\":\"https:\/\/jornalfatosenoticias.com.br\/#organization\"},\"image\":{\"@id\":\"https:\/\/jornalfatosenoticias.com.br\/index.php\/2023\/11\/21\/efeito-milei-bolsa-argentina-dispara-apos-eleicao\/#primaryimage\"},\"thumbnailUrl\":\"https:\/\/jornalfatosenoticias.com.br\/wp-content\/uploads\/2023\/11\/Bolsa-de-Valores-de-Buenos-Aires.jpg\",\"keywords\":[\"Argentina\",\"bolsa de Buenos Aires\",\"Javier Milei\"],\"articleSection\":[\"Internacional\"],\"inLanguage\":\"pt-BR\",\"potentialAction\":[{\"@type\":\"CommentAction\",\"name\":\"Comment\",\"target\":[\"https:\/\/jornalfatosenoticias.com.br\/index.php\/2023\/11\/21\/efeito-milei-bolsa-argentina-dispara-apos-eleicao\/#respond\"]}]},{\"@type\":\"WebPage\",\"@id\":\"https:\/\/jornalfatosenoticias.com.br\/index.php\/2023\/11\/21\/efeito-milei-bolsa-argentina-dispara-apos-eleicao\/\",\"url\":\"https:\/\/jornalfatosenoticias.com.br\/index.php\/2023\/11\/21\/efeito-milei-bolsa-argentina-dispara-apos-eleicao\/\",\"name\":\"Efeito Milei: bolsa argentina dispara ap\u00f3s elei\u00e7\u00e3o - Jornal Fatos e Not\u00edcias\",\"isPartOf\":{\"@id\":\"https:\/\/jornalfatosenoticias.com.br\/#website\"},\"primaryImageOfPage\":{\"@id\":\"https:\/\/jornalfatosenoticias.com.br\/index.php\/2023\/11\/21\/efeito-milei-bolsa-argentina-dispara-apos-eleicao\/#primaryimage\"},\"image\":{\"@id\":\"https:\/\/jornalfatosenoticias.com.br\/index.php\/2023\/11\/21\/efeito-milei-bolsa-argentina-dispara-apos-eleicao\/#primaryimage\"},\"thumbnailUrl\":\"https:\/\/jornalfatosenoticias.com.br\/wp-content\/uploads\/2023\/11\/Bolsa-de-Valores-de-Buenos-Aires.jpg\",\"datePublished\":\"2023-11-21T19:24:15+00:00\",\"dateModified\":\"2023-11-21T19:24:16+00:00\",\"breadcrumb\":{\"@id\":\"https:\/\/jornalfatosenoticias.com.br\/index.php\/2023\/11\/21\/efeito-milei-bolsa-argentina-dispara-apos-eleicao\/#breadcrumb\"},\"inLanguage\":\"pt-BR\",\"potentialAction\":[{\"@type\":\"ReadAction\",\"target\":[\"https:\/\/jornalfatosenoticias.com.br\/index.php\/2023\/11\/21\/efeito-milei-bolsa-argentina-dispara-apos-eleicao\/\"]}]},{\"@type\":\"ImageObject\",\"inLanguage\":\"pt-BR\",\"@id\":\"https:\/\/jornalfatosenoticias.com.br\/index.php\/2023\/11\/21\/efeito-milei-bolsa-argentina-dispara-apos-eleicao\/#primaryimage\",\"url\":\"https:\/\/jornalfatosenoticias.com.br\/wp-content\/uploads\/2023\/11\/Bolsa-de-Valores-de-Buenos-Aires.jpg\",\"contentUrl\":\"https:\/\/jornalfatosenoticias.com.br\/wp-content\/uploads\/2023\/11\/Bolsa-de-Valores-de-Buenos-Aires.jpg\",\"width\":712,\"height\":370},{\"@type\":\"BreadcrumbList\",\"@id\":\"https:\/\/jornalfatosenoticias.com.br\/index.php\/2023\/11\/21\/efeito-milei-bolsa-argentina-dispara-apos-eleicao\/#breadcrumb\",\"itemListElement\":[{\"@type\":\"ListItem\",\"position\":1,\"name\":\"In\u00edcio\",\"item\":\"https:\/\/jornalfatosenoticias.com.br\/\"},{\"@type\":\"ListItem\",\"position\":2,\"name\":\"Efeito Milei: bolsa argentina dispara ap\u00f3s elei\u00e7\u00e3o\"}]},{\"@type\":\"WebSite\",\"@id\":\"https:\/\/jornalfatosenoticias.com.br\/#website\",\"url\":\"https:\/\/jornalfatosenoticias.com.br\/\",\"name\":\"Jornal Fatos e Not\u00edcias\",\"description\":\"Not\u00edcias em geral\",\"publisher\":{\"@id\":\"https:\/\/jornalfatosenoticias.com.br\/#organization\"},\"potentialAction\":[{\"@type\":\"SearchAction\",\"target\":{\"@type\":\"EntryPoint\",\"urlTemplate\":\"https:\/\/jornalfatosenoticias.com.br\/?s={search_term_string}\"},\"query-input\":{\"@type\":\"PropertyValueSpecification\",\"valueRequired\":true,\"valueName\":\"search_term_string\"}}],\"inLanguage\":\"pt-BR\"},{\"@type\":\"Organization\",\"@id\":\"https:\/\/jornalfatosenoticias.com.br\/#organization\",\"name\":\"Jornal Fatos e Not\u00edcias\",\"url\":\"https:\/\/jornalfatosenoticias.com.br\/\",\"logo\":{\"@type\":\"ImageObject\",\"inLanguage\":\"pt-BR\",\"@id\":\"https:\/\/jornalfatosenoticias.com.br\/#\/schema\/logo\/image\/\",\"url\":\"https:\/\/jornalfatosenoticias.com.br\/wp-content\/uploads\/2020\/02\/logo120.png\",\"contentUrl\":\"https:\/\/jornalfatosenoticias.com.br\/wp-content\/uploads\/2020\/02\/logo120.png\",\"width\":1227,\"height\":120,\"caption\":\"Jornal Fatos e Not\u00edcias\"},\"image\":{\"@id\":\"https:\/\/jornalfatosenoticias.com.br\/#\/schema\/logo\/image\/\"}},{\"@type\":\"Person\",\"@id\":\"https:\/\/jornalfatosenoticias.com.br\/#\/schema\/person\/d63837fa13ac8666eb9e74e0985d6f81\",\"name\":\"Luzimara Fernandes\",\"image\":{\"@type\":\"ImageObject\",\"inLanguage\":\"pt-BR\",\"@id\":\"https:\/\/jornalfatosenoticias.com.br\/#\/schema\/person\/image\/\",\"url\":\"https:\/\/jornalfatosenoticias.com.br\/wp-content\/uploads\/2025\/05\/EU_portal.jpg\",\"contentUrl\":\"https:\/\/jornalfatosenoticias.com.br\/wp-content\/uploads\/2025\/05\/EU_portal.jpg\",\"caption\":\"Luzimara Fernandes\"},\"description\":\"Jornalista MTB 2358-ES\",\"sameAs\":[\"https:\/\/jornalfatosenoticias.com.br\"],\"url\":\"https:\/\/jornalfatosenoticias.com.br\/index.php\/author\/luzimara\/\"}]}<\/script>\n<!-- \/ Yoast SEO plugin. -->","yoast_head_json":{"title":"Efeito Milei: bolsa argentina dispara ap\u00f3s elei\u00e7\u00e3o - Jornal Fatos e Not\u00edcias","robots":{"index":"index","follow":"follow","max-snippet":"max-snippet:-1","max-image-preview":"max-image-preview:large","max-video-preview":"max-video-preview:-1"},"canonical":"https:\/\/jornalfatosenoticias.com.br\/index.php\/2023\/11\/21\/efeito-milei-bolsa-argentina-dispara-apos-eleicao\/","og_locale":"pt_BR","og_type":"article","og_title":"Efeito Milei: bolsa argentina dispara ap\u00f3s elei\u00e7\u00e3o - Jornal Fatos e Not\u00edcias","og_description":"Na bolsa de Buenos Aires, o \u00edndice S&amp;P Merval registrou uma alta expressiva de 20,81% e o d\u00f3lar paralelo passou 1.000 pesos, nesta ter\u00e7a (21) As a\u00e7\u00f5es da Argentina tiveram um aumento expressivo de mais de 20%, enquanto o d\u00f3lar paralelo voltou a ultrapassar a marca dos 1.000 pesos, nesta ter\u00e7a-feira (21), ap\u00f3s a vit\u00f3ria [&hellip;]","og_url":"https:\/\/jornalfatosenoticias.com.br\/index.php\/2023\/11\/21\/efeito-milei-bolsa-argentina-dispara-apos-eleicao\/","og_site_name":"Jornal Fatos e Not\u00edcias","article_published_time":"2023-11-21T19:24:15+00:00","article_modified_time":"2023-11-21T19:24:16+00:00","og_image":[{"width":712,"height":370,"url":"https:\/\/jornalfatosenoticias.com.br\/wp-content\/uploads\/2023\/11\/Bolsa-de-Valores-de-Buenos-Aires.jpg","type":"image\/jpeg"}],"author":"Luzimara Fernandes","twitter_card":"summary_large_image","twitter_misc":{"Escrito por":"Luzimara Fernandes","Est. tempo de leitura":"2 minutos"},"schema":{"@context":"https:\/\/schema.org","@graph":[{"@type":"Article","@id":"https:\/\/jornalfatosenoticias.com.br\/index.php\/2023\/11\/21\/efeito-milei-bolsa-argentina-dispara-apos-eleicao\/#article","isPartOf":{"@id":"https:\/\/jornalfatosenoticias.com.br\/index.php\/2023\/11\/21\/efeito-milei-bolsa-argentina-dispara-apos-eleicao\/"},"author":{"name":"Luzimara Fernandes","@id":"https:\/\/jornalfatosenoticias.com.br\/#\/schema\/person\/d63837fa13ac8666eb9e74e0985d6f81"},"headline":"Efeito Milei: bolsa argentina dispara ap\u00f3s elei\u00e7\u00e3o","datePublished":"2023-11-21T19:24:15+00:00","dateModified":"2023-11-21T19:24:16+00:00","mainEntityOfPage":{"@id":"https:\/\/jornalfatosenoticias.com.br\/index.php\/2023\/11\/21\/efeito-milei-bolsa-argentina-dispara-apos-eleicao\/"},"wordCount":418,"commentCount":0,"publisher":{"@id":"https:\/\/jornalfatosenoticias.com.br\/#organization"},"image":{"@id":"https:\/\/jornalfatosenoticias.com.br\/index.php\/2023\/11\/21\/efeito-milei-bolsa-argentina-dispara-apos-eleicao\/#primaryimage"},"thumbnailUrl":"https:\/\/jornalfatosenoticias.com.br\/wp-content\/uploads\/2023\/11\/Bolsa-de-Valores-de-Buenos-Aires.jpg","keywords":["Argentina","bolsa de Buenos Aires","Javier Milei"],"articleSection":["Internacional"],"inLanguage":"pt-BR","potentialAction":[{"@type":"CommentAction","name":"Comment","target":["https:\/\/jornalfatosenoticias.com.br\/index.php\/2023\/11\/21\/efeito-milei-bolsa-argentina-dispara-apos-eleicao\/#respond"]}]},{"@type":"WebPage","@id":"https:\/\/jornalfatosenoticias.com.br\/index.php\/2023\/11\/21\/efeito-milei-bolsa-argentina-dispara-apos-eleicao\/","url":"https:\/\/jornalfatosenoticias.com.br\/index.php\/2023\/11\/21\/efeito-milei-bolsa-argentina-dispara-apos-eleicao\/","name":"Efeito Milei: bolsa argentina dispara ap\u00f3s elei\u00e7\u00e3o - Jornal Fatos e Not\u00edcias","isPartOf":{"@id":"https:\/\/jornalfatosenoticias.com.br\/#website"},"primaryImageOfPage":{"@id":"https:\/\/jornalfatosenoticias.com.br\/index.php\/2023\/11\/21\/efeito-milei-bolsa-argentina-dispara-apos-eleicao\/#primaryimage"},"image":{"@id":"https:\/\/jornalfatosenoticias.com.br\/index.php\/2023\/11\/21\/efeito-milei-bolsa-argentina-dispara-apos-eleicao\/#primaryimage"},"thumbnailUrl":"https:\/\/jornalfatosenoticias.com.br\/wp-content\/uploads\/2023\/11\/Bolsa-de-Valores-de-Buenos-Aires.jpg","datePublished":"2023-11-21T19:24:15+00:00","dateModified":"2023-11-21T19:24:16+00:00","breadcrumb":{"@id":"https:\/\/jornalfatosenoticias.com.br\/index.php\/2023\/11\/21\/efeito-milei-bolsa-argentina-dispara-apos-eleicao\/#breadcrumb"},"inLanguage":"pt-BR","potentialAction":[{"@type":"ReadAction","target":["https:\/\/jornalfatosenoticias.com.br\/index.php\/2023\/11\/21\/efeito-milei-bolsa-argentina-dispara-apos-eleicao\/"]}]},{"@type":"ImageObject","inLanguage":"pt-BR","@id":"https:\/\/jornalfatosenoticias.com.br\/index.php\/2023\/11\/21\/efeito-milei-bolsa-argentina-dispara-apos-eleicao\/#primaryimage","url":"https:\/\/jornalfatosenoticias.com.br\/wp-content\/uploads\/2023\/11\/Bolsa-de-Valores-de-Buenos-Aires.jpg","contentUrl":"https:\/\/jornalfatosenoticias.com.br\/wp-content\/uploads\/2023\/11\/Bolsa-de-Valores-de-Buenos-Aires.jpg","width":712,"height":370},{"@type":"BreadcrumbList","@id":"https:\/\/jornalfatosenoticias.com.br\/index.php\/2023\/11\/21\/efeito-milei-bolsa-argentina-dispara-apos-eleicao\/#breadcrumb","itemListElement":[{"@type":"ListItem","position":1,"name":"In\u00edcio","item":"https:\/\/jornalfatosenoticias.com.br\/"},{"@type":"ListItem","position":2,"name":"Efeito Milei: bolsa argentina dispara ap\u00f3s elei\u00e7\u00e3o"}]},{"@type":"WebSite","@id":"https:\/\/jornalfatosenoticias.com.br\/#website","url":"https:\/\/jornalfatosenoticias.com.br\/","name":"Jornal Fatos e Not\u00edcias","description":"Not\u00edcias em geral","publisher":{"@id":"https:\/\/jornalfatosenoticias.com.br\/#organization"},"potentialAction":[{"@type":"SearchAction","target":{"@type":"EntryPoint","urlTemplate":"https:\/\/jornalfatosenoticias.com.br\/?s={search_term_string}"},"query-input":{"@type":"PropertyValueSpecification","valueRequired":true,"valueName":"search_term_string"}}],"inLanguage":"pt-BR"},{"@type":"Organization","@id":"https:\/\/jornalfatosenoticias.com.br\/#organization","name":"Jornal Fatos e Not\u00edcias","url":"https:\/\/jornalfatosenoticias.com.br\/","logo":{"@type":"ImageObject","inLanguage":"pt-BR","@id":"https:\/\/jornalfatosenoticias.com.br\/#\/schema\/logo\/image\/","url":"https:\/\/jornalfatosenoticias.com.br\/wp-content\/uploads\/2020\/02\/logo120.png","contentUrl":"https:\/\/jornalfatosenoticias.com.br\/wp-content\/uploads\/2020\/02\/logo120.png","width":1227,"height":120,"caption":"Jornal Fatos e Not\u00edcias"},"image":{"@id":"https:\/\/jornalfatosenoticias.com.br\/#\/schema\/logo\/image\/"}},{"@type":"Person","@id":"https:\/\/jornalfatosenoticias.com.br\/#\/schema\/person\/d63837fa13ac8666eb9e74e0985d6f81","name":"Luzimara Fernandes","image":{"@type":"ImageObject","inLanguage":"pt-BR","@id":"https:\/\/jornalfatosenoticias.com.br\/#\/schema\/person\/image\/","url":"https:\/\/jornalfatosenoticias.com.br\/wp-content\/uploads\/2025\/05\/EU_portal.jpg","contentUrl":"https:\/\/jornalfatosenoticias.com.br\/wp-content\/uploads\/2025\/05\/EU_portal.jpg","caption":"Luzimara Fernandes"},"description":"Jornalista MTB 2358-ES","sameAs":["https:\/\/jornalfatosenoticias.com.br"],"url":"https:\/\/jornalfatosenoticias.com.br\/index.php\/author\/luzimara\/"}]}},"cc_featured_image_caption":{"caption_text":"(Foto: Reprodu\u00e7\u00e3o)","source_text":"","source_url":""},"jetpack_featured_media_url":"https:\/\/jornalfatosenoticias.com.br\/wp-content\/uploads\/2023\/11\/Bolsa-de-Valores-de-Buenos-Aires.jpg","_links":{"self":[{"href":"https:\/\/jornalfatosenoticias.com.br\/index.php\/wp-json\/wp\/v2\/posts\/47127","targetHints":{"allow":["GET"]}}],"collection":[{"href":"https:\/\/jornalfatosenoticias.com.br\/index.php\/wp-json\/wp\/v2\/posts"}],"about":[{"href":"https:\/\/jornalfatosenoticias.com.br\/index.php\/wp-json\/wp\/v2\/types\/post"}],"author":[{"embeddable":true,"href":"https:\/\/jornalfatosenoticias.com.br\/index.php\/wp-json\/wp\/v2\/users\/2"}],"replies":[{"embeddable":true,"href":"https:\/\/jornalfatosenoticias.com.br\/index.php\/wp-json\/wp\/v2\/comments?post=47127"}],"version-history":[{"count":0,"href":"https:\/\/jornalfatosenoticias.com.br\/index.php\/wp-json\/wp\/v2\/posts\/47127\/revisions"}],"wp:featuredmedia":[{"embeddable":true,"href":"https:\/\/jornalfatosenoticias.com.br\/index.php\/wp-json\/wp\/v2\/media\/47128"}],"wp:attachment":[{"href":"https:\/\/jornalfatosenoticias.com.br\/index.php\/wp-json\/wp\/v2\/media?parent=47127"}],"wp:term":[{"taxonomy":"category","embeddable":true,"href":"https:\/\/jornalfatosenoticias.com.br\/index.php\/wp-json\/wp\/v2\/categories?post=47127"},{"taxonomy":"post_tag","embeddable":true,"href":"https:\/\/jornalfatosenoticias.com.br\/index.php\/wp-json\/wp\/v2\/tags?post=47127"}],"curies":[{"name":"wp","href":"https:\/\/api.w.org\/{rel}","templated":true}]}}