{"id":47162,"date":"2023-11-22T11:01:05","date_gmt":"2023-11-22T14:01:05","guid":{"rendered":"https:\/\/jornalfatosenoticias.com.br\/?p=47162"},"modified":"2023-11-22T11:01:08","modified_gmt":"2023-11-22T14:01:08","slug":"contrato-de-jornalista-da-vaza-jato-com-governo-lula-e-de-quase-r-500-mil","status":"publish","type":"post","link":"https:\/\/jornalfatosenoticias.com.br\/index.php\/2023\/11\/22\/contrato-de-jornalista-da-vaza-jato-com-governo-lula-e-de-quase-r-500-mil\/","title":{"rendered":"Contrato de jornalista da \u2018Vaza Jato\u2019 com governo Lula \u00e9 de quase R$ 500 mil"},"content":{"rendered":"\n<p><em><span class=\"has-inline-color has-black-color\">Leandro Demori vai receber mais de R$ 36 mil por m\u00eas na Empresa Brasil de Comunica\u00e7\u00e3o (EBC)<\/span><\/em><\/p>\n\n\n\n<div class=\"wp-block-image\"><figure class=\"aligncenter size-large\"><img loading=\"lazy\" decoding=\"async\" width=\"1024\" height=\"111\" src=\"https:\/\/jornalfatosenoticias.com.br\/wp-content\/uploads\/2020\/02\/WhatsApp-Image-2022-09-23-at-12.09.18-1024x111.jpeg\" alt=\"\" class=\"wp-image-34527\" srcset=\"https:\/\/jornalfatosenoticias.com.br\/wp-content\/uploads\/2020\/02\/WhatsApp-Image-2022-09-23-at-12.09.18-1024x111.jpeg 1024w, https:\/\/jornalfatosenoticias.com.br\/wp-content\/uploads\/2020\/02\/WhatsApp-Image-2022-09-23-at-12.09.18-300x32.jpeg 300w, https:\/\/jornalfatosenoticias.com.br\/wp-content\/uploads\/2020\/02\/WhatsApp-Image-2022-09-23-at-12.09.18-768x83.jpeg 768w, https:\/\/jornalfatosenoticias.com.br\/wp-content\/uploads\/2020\/02\/WhatsApp-Image-2022-09-23-at-12.09.18.jpeg 1121w\" sizes=\"auto, (max-width: 1024px) 100vw, 1024px\" \/><\/figure><\/div>\n\n\n\n<p>O contrato do jornalista Leandro Demori com a Empresa Brasil de Comunica\u00e7\u00e3o (EBC) \u00e9 de R$ 441,5 mil e ter\u00e1 dura\u00e7\u00e3o de 12 meses. Ele receber\u00e1 essa quantia ao longo do per\u00edodo de contrata\u00e7\u00e3o para apresentar o programa Dando a Real com Demori.<br>Ao t\u00e9rmino do primeiro ano de contrato, h\u00e1 a possibilidade de renova\u00e7\u00e3o por mais 60 meses. Isso significa que o acordo entre a Escola de Jornalismo, de Demori, e a emissora oficial do governo brasileiro poder\u00e1 continuar mesmo se Lula perder a pr\u00f3xima elei\u00e7\u00e3o majorit\u00e1ria, em 2026. Oeste teve acesso \u00e0 integra do contrato, assinado pela diretora de conte\u00fado e programa\u00e7\u00e3o da EBC, Ant\u00f4nia Soares Pelegrino, e pelo diretor-presidente da emissora, H\u00e9lio Marcos Prates.<\/p>\n\n\n\n<div class=\"wp-block-image\"><figure class=\"aligncenter size-large\"><img loading=\"lazy\" decoding=\"async\" width=\"300\" height=\"300\" src=\"https:\/\/jornalfatosenoticias.com.br\/wp-content\/uploads\/2020\/02\/casa-do-torresmo_portal.jpg\" alt=\"\" class=\"wp-image-34472\" srcset=\"https:\/\/jornalfatosenoticias.com.br\/wp-content\/uploads\/2020\/02\/casa-do-torresmo_portal.jpg 300w, https:\/\/jornalfatosenoticias.com.br\/wp-content\/uploads\/2020\/02\/casa-do-torresmo_portal-150x150.jpg 150w\" sizes=\"auto, (max-width: 300px) 100vw, 300px\" \/><\/figure><\/div>\n\n\n\n<h3 class=\"wp-block-heading\"><span class=\"has-inline-color has-black-color\">Os detalhes do contrato de Demori com a EBC<\/span><\/h3>\n\n\n\n<div class=\"wp-block-image\"><figure class=\"aligncenter size-large\"><img loading=\"lazy\" decoding=\"async\" width=\"1000\" height=\"598\" src=\"https:\/\/jornalfatosenoticias.com.br\/wp-content\/uploads\/2023\/11\/contrato-jornalista.png\" alt=\"\" class=\"wp-image-47163\" srcset=\"https:\/\/jornalfatosenoticias.com.br\/wp-content\/uploads\/2023\/11\/contrato-jornalista.png 1000w, https:\/\/jornalfatosenoticias.com.br\/wp-content\/uploads\/2023\/11\/contrato-jornalista-300x179.png 300w, https:\/\/jornalfatosenoticias.com.br\/wp-content\/uploads\/2023\/11\/contrato-jornalista-768x459.png 768w\" sizes=\"auto, (max-width: 1000px) 100vw, 1000px\" \/><figcaption><em><span class=\"has-inline-color has-black-color\">O resumo do contrato est\u00e1 noDi\u00e1rio Oficial da Uni\u00e3o (Foto: Reprodu\u00e7\u00e3o\/DOU)<\/span><\/em><\/figcaption><\/figure><\/div>\n\n\n\n<p>O acordo teria a finalidade de promover \u201co acesso \u00e0 informa\u00e7\u00e3o por meio da pluralidade de fontes de produ\u00e7\u00e3o e distribui\u00e7\u00e3o de conte\u00fado\u201d, a \u201cprodu\u00e7\u00e3o e a programa\u00e7\u00e3o com finalidades educativas, art\u00edsticas, culturais, cient\u00edficas e informativas\u201d e o incentivo \u00e0 \u201ccultura nacional, \u00e0 produ\u00e7\u00e3o regional e \u00e0 produ\u00e7\u00e3o independente\u201d.<\/p>\n\n\n\n<div class=\"wp-block-image\"><figure class=\"aligncenter size-large\"><img loading=\"lazy\" decoding=\"async\" width=\"300\" height=\"250\" src=\"https:\/\/jornalfatosenoticias.com.br\/wp-content\/uploads\/2022\/08\/arte-Casarao.jpg\" alt=\"\" class=\"wp-image-33178\"\/><\/figure><\/div>\n\n\n\n<p>Chama aten\u00e7\u00e3o, no entanto, que a lista de convidados do programa seja restrita ao p\u00fablico dito \u201cprogressista\u201d. Participaram do talk show o ministro dos Direitos Humanos, S\u00edlvio Almeida; o cantor Roger Waters, conhecido por endossar as pautas de esquerda; as deputadas Jandira Feghali, Erika Hilton e Camila Jara; e o ministro Gilmar Mendes, do Supremo Tribunal Federal (STF).<\/p>\n\n\n\n<div class=\"wp-block-image\"><figure class=\"aligncenter size-large is-resized\"><img loading=\"lazy\" decoding=\"async\" src=\"https:\/\/jornalfatosenoticias.com.br\/wp-content\/uploads\/2020\/02\/LOGO-BLU-COMERCIAL-PRETO-1024x600.jpg\" alt=\"\" class=\"wp-image-44089\" width=\"340\" height=\"198\"\/><\/figure><\/div>\n\n\n\n<p>O programa com Roger Waters \u00e9 o que conquistou o maior p\u00fablico: 70 mil visualiza\u00e7\u00f5es no YouTube, com tr\u00eas meses no ar. Na sequ\u00eancia aparecem Erika Hilton (49 mil) e Gilmar Mendes (19 mil), ambos com um m\u00eas no ar, enquanto o restante apresentou n\u00fameros mais baixos.<\/p>\n\n\n\n<div class=\"wp-block-image\"><figure class=\"aligncenter size-large is-resized\"><img loading=\"lazy\" decoding=\"async\" src=\"https:\/\/jornalfatosenoticias.com.br\/wp-content\/uploads\/2020\/02\/CONTROL-CS.jpg\" alt=\"\" class=\"wp-image-44991\" width=\"297\" height=\"356\" srcset=\"https:\/\/jornalfatosenoticias.com.br\/wp-content\/uploads\/2020\/02\/CONTROL-CS.jpg 834w, https:\/\/jornalfatosenoticias.com.br\/wp-content\/uploads\/2020\/02\/CONTROL-CS-250x300.jpg 250w, https:\/\/jornalfatosenoticias.com.br\/wp-content\/uploads\/2020\/02\/CONTROL-CS-768x921.jpg 768w\" sizes=\"auto, (max-width: 297px) 100vw, 297px\" \/><\/figure><\/div>\n\n\n\n<p><strong><span class=\"has-inline-color has-black-color\">Demori reclama da divulga\u00e7\u00e3o de seu sal\u00e1rio<br><\/span><\/strong>Funcion\u00e1rio da Empresa Brasil de Comunica\u00e7\u00e3o (EBC), o ex-editor-executivo do Intercept Brasil, da \u201cVaza Jato\u201d, Demori se irritou depois de ter seu sal\u00e1rio interpelado pelo jornalista Tacio Lorran, do jornal O Estado de S. Paulo, um dos autores da reportagem sobre reuni\u00f5es no Minist\u00e9rio da Justi\u00e7a, das quais participou a \u201cDama do Tr\u00e1fico\u201d.<\/p>\n\n\n\n<div class=\"wp-block-image\"><figure class=\"aligncenter size-large is-resized\"><img loading=\"lazy\" decoding=\"async\" src=\"https:\/\/jornalfatosenoticias.com.br\/wp-content\/uploads\/2023\/08\/ITH.jpeg\" alt=\"\" class=\"wp-image-44638\" width=\"266\" height=\"216\" srcset=\"https:\/\/jornalfatosenoticias.com.br\/wp-content\/uploads\/2023\/08\/ITH.jpeg 800w, https:\/\/jornalfatosenoticias.com.br\/wp-content\/uploads\/2023\/08\/ITH-300x244.jpeg 300w, https:\/\/jornalfatosenoticias.com.br\/wp-content\/uploads\/2023\/08\/ITH-768x624.jpeg 768w\" sizes=\"auto, (max-width: 266px) 100vw, 266px\" \/><\/figure><\/div>\n\n\n\n<p>Demori disse que recebe R$ 36 mil da EBC. Desse total, contudo, alegou ficar com menos dinheiro, em virtude de supostos gastos extras com alimenta\u00e7\u00e3o, alojamento e transporte at\u00e9 a EBC, em Bras\u00edlia. Depois de o Estad\u00e3o publicar o texto, o jornalista da \u201cVaza Jato\u201d divulgou uma an\u00e1lise do caso, na qual aponta supostas inconsist\u00eancias na apura\u00e7\u00e3o da not\u00edcia do jornal. \u201cPor que motivos o jornal est\u00e1 permitindo esse tipo de procedimento?\u201d, interpelou Demori, no Twitter\/X. \u201c\u00c9 assim que um rep\u00f3rter do jornal lida com cr\u00edticas?\u201d.<\/p>\n\n\n\n<div class=\"wp-block-image\"><figure class=\"aligncenter size-large is-resized\"><img loading=\"lazy\" decoding=\"async\" src=\"https:\/\/jornalfatosenoticias.com.br\/wp-content\/uploads\/2023\/08\/Steel.jpeg\" alt=\"\" class=\"wp-image-44634\" width=\"342\" height=\"278\" srcset=\"https:\/\/jornalfatosenoticias.com.br\/wp-content\/uploads\/2023\/08\/Steel.jpeg 800w, https:\/\/jornalfatosenoticias.com.br\/wp-content\/uploads\/2023\/08\/Steel-300x244.jpeg 300w, https:\/\/jornalfatosenoticias.com.br\/wp-content\/uploads\/2023\/08\/Steel-768x624.jpeg 768w\" sizes=\"auto, (max-width: 342px) 100vw, 342px\" \/><\/figure><\/div>\n\n\n\n<p><strong><em>Fonte: <a href=\"https:\/\/terrabrasilnoticias.com\/2023\/11\/contrato-de-jornalista-da-vaza-jato-com-governo-lula-e-de-quase-r-500-mil\">Terra Brasil Not\u00edcias<\/a><\/em><\/strong><\/p>\n","protected":false},"excerpt":{"rendered":"<p>Leandro Demori vai receber mais de R$ 36 mil por m\u00eas na Empresa Brasil de Comunica\u00e7\u00e3o (EBC) O contrato do jornalista Leandro Demori com a Empresa Brasil de Comunica\u00e7\u00e3o (EBC) \u00e9 de R$ 441,5 mil e ter\u00e1 dura\u00e7\u00e3o de 12 meses. Ele receber\u00e1 essa quantia ao longo do per\u00edodo de contrata\u00e7\u00e3o para apresentar o programa [&hellip;]<\/p>\n","protected":false},"author":2,"featured_media":47164,"comment_status":"open","ping_status":"open","sticky":false,"template":"","format":"standard","meta":{"footnotes":""},"categories":[10],"tags":[3895,18343,5063,22086,22085],"class_list":["post-47162","post","type-post","status-publish","format-standard","has-post-thumbnail","hentry","category-politica","tag-ebc","tag-governo-lula","tag-jornalista","tag-jornalista-da-vaza-jato","tag-leandro-demori"],"yoast_head":"<!-- This site is optimized with the Yoast SEO plugin v26.5 - https:\/\/yoast.com\/wordpress\/plugins\/seo\/ -->\n<title>Contrato de jornalista da \u2018Vaza Jato\u2019 com governo Lula \u00e9 de quase R$ 500 mil - Jornal Fatos e Not\u00edcias<\/title>\n<meta name=\"robots\" content=\"index, follow, max-snippet:-1, max-image-preview:large, max-video-preview:-1\" \/>\n<link rel=\"canonical\" href=\"https:\/\/jornalfatosenoticias.com.br\/index.php\/2023\/11\/22\/contrato-de-jornalista-da-vaza-jato-com-governo-lula-e-de-quase-r-500-mil\/\" \/>\n<meta property=\"og:locale\" content=\"pt_BR\" \/>\n<meta property=\"og:type\" content=\"article\" \/>\n<meta property=\"og:title\" content=\"Contrato de jornalista da \u2018Vaza Jato\u2019 com governo Lula \u00e9 de quase R$ 500 mil - Jornal Fatos e Not\u00edcias\" \/>\n<meta property=\"og:description\" content=\"Leandro Demori vai receber mais de R$ 36 mil por m\u00eas na Empresa Brasil de Comunica\u00e7\u00e3o (EBC) O contrato do jornalista Leandro Demori com a Empresa Brasil de Comunica\u00e7\u00e3o (EBC) \u00e9 de R$ 441,5 mil e ter\u00e1 dura\u00e7\u00e3o de 12 meses. Ele receber\u00e1 essa quantia ao longo do per\u00edodo de contrata\u00e7\u00e3o para apresentar o programa [&hellip;]\" \/>\n<meta property=\"og:url\" content=\"https:\/\/jornalfatosenoticias.com.br\/index.php\/2023\/11\/22\/contrato-de-jornalista-da-vaza-jato-com-governo-lula-e-de-quase-r-500-mil\/\" \/>\n<meta property=\"og:site_name\" content=\"Jornal Fatos e Not\u00edcias\" \/>\n<meta property=\"article:published_time\" content=\"2023-11-22T14:01:05+00:00\" \/>\n<meta property=\"article:modified_time\" content=\"2023-11-22T14:01:08+00:00\" \/>\n<meta property=\"og:image\" content=\"https:\/\/jornalfatosenoticias.com.br\/wp-content\/uploads\/2023\/11\/jornalista-de-lula.png\" \/>\n\t<meta property=\"og:image:width\" content=\"620\" \/>\n\t<meta property=\"og:image:height\" content=\"630\" \/>\n\t<meta property=\"og:image:type\" content=\"image\/png\" \/>\n<meta name=\"author\" content=\"Luzimara Fernandes\" \/>\n<meta name=\"twitter:card\" content=\"summary_large_image\" \/>\n<meta name=\"twitter:label1\" content=\"Escrito por\" \/>\n\t<meta name=\"twitter:data1\" content=\"Luzimara Fernandes\" \/>\n\t<meta name=\"twitter:label2\" content=\"Est. tempo de leitura\" \/>\n\t<meta name=\"twitter:data2\" content=\"2 minutos\" \/>\n<script type=\"application\/ld+json\" class=\"yoast-schema-graph\">{\"@context\":\"https:\/\/schema.org\",\"@graph\":[{\"@type\":\"Article\",\"@id\":\"https:\/\/jornalfatosenoticias.com.br\/index.php\/2023\/11\/22\/contrato-de-jornalista-da-vaza-jato-com-governo-lula-e-de-quase-r-500-mil\/#article\",\"isPartOf\":{\"@id\":\"https:\/\/jornalfatosenoticias.com.br\/index.php\/2023\/11\/22\/contrato-de-jornalista-da-vaza-jato-com-governo-lula-e-de-quase-r-500-mil\/\"},\"author\":{\"name\":\"Luzimara Fernandes\",\"@id\":\"https:\/\/jornalfatosenoticias.com.br\/#\/schema\/person\/d63837fa13ac8666eb9e74e0985d6f81\"},\"headline\":\"Contrato de jornalista da \u2018Vaza Jato\u2019 com governo Lula \u00e9 de quase R$ 500 mil\",\"datePublished\":\"2023-11-22T14:01:05+00:00\",\"dateModified\":\"2023-11-22T14:01:08+00:00\",\"mainEntityOfPage\":{\"@id\":\"https:\/\/jornalfatosenoticias.com.br\/index.php\/2023\/11\/22\/contrato-de-jornalista-da-vaza-jato-com-governo-lula-e-de-quase-r-500-mil\/\"},\"wordCount\":512,\"commentCount\":0,\"publisher\":{\"@id\":\"https:\/\/jornalfatosenoticias.com.br\/#organization\"},\"image\":{\"@id\":\"https:\/\/jornalfatosenoticias.com.br\/index.php\/2023\/11\/22\/contrato-de-jornalista-da-vaza-jato-com-governo-lula-e-de-quase-r-500-mil\/#primaryimage\"},\"thumbnailUrl\":\"https:\/\/jornalfatosenoticias.com.br\/wp-content\/uploads\/2023\/11\/jornalista-de-lula.png\",\"keywords\":[\"EBC\",\"governo Lula\",\"jornalista\",\"jornalista da Vaza Jato\",\"Leandro Demori\"],\"articleSection\":[\"Pol\u00edtica\"],\"inLanguage\":\"pt-BR\",\"potentialAction\":[{\"@type\":\"CommentAction\",\"name\":\"Comment\",\"target\":[\"https:\/\/jornalfatosenoticias.com.br\/index.php\/2023\/11\/22\/contrato-de-jornalista-da-vaza-jato-com-governo-lula-e-de-quase-r-500-mil\/#respond\"]}]},{\"@type\":\"WebPage\",\"@id\":\"https:\/\/jornalfatosenoticias.com.br\/index.php\/2023\/11\/22\/contrato-de-jornalista-da-vaza-jato-com-governo-lula-e-de-quase-r-500-mil\/\",\"url\":\"https:\/\/jornalfatosenoticias.com.br\/index.php\/2023\/11\/22\/contrato-de-jornalista-da-vaza-jato-com-governo-lula-e-de-quase-r-500-mil\/\",\"name\":\"Contrato de jornalista da \u2018Vaza Jato\u2019 com governo Lula \u00e9 de quase R$ 500 mil - Jornal Fatos e Not\u00edcias\",\"isPartOf\":{\"@id\":\"https:\/\/jornalfatosenoticias.com.br\/#website\"},\"primaryImageOfPage\":{\"@id\":\"https:\/\/jornalfatosenoticias.com.br\/index.php\/2023\/11\/22\/contrato-de-jornalista-da-vaza-jato-com-governo-lula-e-de-quase-r-500-mil\/#primaryimage\"},\"image\":{\"@id\":\"https:\/\/jornalfatosenoticias.com.br\/index.php\/2023\/11\/22\/contrato-de-jornalista-da-vaza-jato-com-governo-lula-e-de-quase-r-500-mil\/#primaryimage\"},\"thumbnailUrl\":\"https:\/\/jornalfatosenoticias.com.br\/wp-content\/uploads\/2023\/11\/jornalista-de-lula.png\",\"datePublished\":\"2023-11-22T14:01:05+00:00\",\"dateModified\":\"2023-11-22T14:01:08+00:00\",\"breadcrumb\":{\"@id\":\"https:\/\/jornalfatosenoticias.com.br\/index.php\/2023\/11\/22\/contrato-de-jornalista-da-vaza-jato-com-governo-lula-e-de-quase-r-500-mil\/#breadcrumb\"},\"inLanguage\":\"pt-BR\",\"potentialAction\":[{\"@type\":\"ReadAction\",\"target\":[\"https:\/\/jornalfatosenoticias.com.br\/index.php\/2023\/11\/22\/contrato-de-jornalista-da-vaza-jato-com-governo-lula-e-de-quase-r-500-mil\/\"]}]},{\"@type\":\"ImageObject\",\"inLanguage\":\"pt-BR\",\"@id\":\"https:\/\/jornalfatosenoticias.com.br\/index.php\/2023\/11\/22\/contrato-de-jornalista-da-vaza-jato-com-governo-lula-e-de-quase-r-500-mil\/#primaryimage\",\"url\":\"https:\/\/jornalfatosenoticias.com.br\/wp-content\/uploads\/2023\/11\/jornalista-de-lula.png\",\"contentUrl\":\"https:\/\/jornalfatosenoticias.com.br\/wp-content\/uploads\/2023\/11\/jornalista-de-lula.png\",\"width\":620,\"height\":630},{\"@type\":\"BreadcrumbList\",\"@id\":\"https:\/\/jornalfatosenoticias.com.br\/index.php\/2023\/11\/22\/contrato-de-jornalista-da-vaza-jato-com-governo-lula-e-de-quase-r-500-mil\/#breadcrumb\",\"itemListElement\":[{\"@type\":\"ListItem\",\"position\":1,\"name\":\"In\u00edcio\",\"item\":\"https:\/\/jornalfatosenoticias.com.br\/\"},{\"@type\":\"ListItem\",\"position\":2,\"name\":\"Contrato de jornalista da \u2018Vaza Jato\u2019 com governo Lula \u00e9 de quase R$ 500 mil\"}]},{\"@type\":\"WebSite\",\"@id\":\"https:\/\/jornalfatosenoticias.com.br\/#website\",\"url\":\"https:\/\/jornalfatosenoticias.com.br\/\",\"name\":\"Jornal Fatos e Not\u00edcias\",\"description\":\"Not\u00edcias em geral\",\"publisher\":{\"@id\":\"https:\/\/jornalfatosenoticias.com.br\/#organization\"},\"potentialAction\":[{\"@type\":\"SearchAction\",\"target\":{\"@type\":\"EntryPoint\",\"urlTemplate\":\"https:\/\/jornalfatosenoticias.com.br\/?s={search_term_string}\"},\"query-input\":{\"@type\":\"PropertyValueSpecification\",\"valueRequired\":true,\"valueName\":\"search_term_string\"}}],\"inLanguage\":\"pt-BR\"},{\"@type\":\"Organization\",\"@id\":\"https:\/\/jornalfatosenoticias.com.br\/#organization\",\"name\":\"Jornal Fatos e Not\u00edcias\",\"url\":\"https:\/\/jornalfatosenoticias.com.br\/\",\"logo\":{\"@type\":\"ImageObject\",\"inLanguage\":\"pt-BR\",\"@id\":\"https:\/\/jornalfatosenoticias.com.br\/#\/schema\/logo\/image\/\",\"url\":\"https:\/\/jornalfatosenoticias.com.br\/wp-content\/uploads\/2020\/02\/logo120.png\",\"contentUrl\":\"https:\/\/jornalfatosenoticias.com.br\/wp-content\/uploads\/2020\/02\/logo120.png\",\"width\":1227,\"height\":120,\"caption\":\"Jornal Fatos e Not\u00edcias\"},\"image\":{\"@id\":\"https:\/\/jornalfatosenoticias.com.br\/#\/schema\/logo\/image\/\"}},{\"@type\":\"Person\",\"@id\":\"https:\/\/jornalfatosenoticias.com.br\/#\/schema\/person\/d63837fa13ac8666eb9e74e0985d6f81\",\"name\":\"Luzimara Fernandes\",\"image\":{\"@type\":\"ImageObject\",\"inLanguage\":\"pt-BR\",\"@id\":\"https:\/\/jornalfatosenoticias.com.br\/#\/schema\/person\/image\/\",\"url\":\"https:\/\/jornalfatosenoticias.com.br\/wp-content\/uploads\/2025\/05\/EU_portal.jpg\",\"contentUrl\":\"https:\/\/jornalfatosenoticias.com.br\/wp-content\/uploads\/2025\/05\/EU_portal.jpg\",\"caption\":\"Luzimara Fernandes\"},\"description\":\"Jornalista MTB 2358-ES\",\"sameAs\":[\"https:\/\/jornalfatosenoticias.com.br\"],\"url\":\"https:\/\/jornalfatosenoticias.com.br\/index.php\/author\/luzimara\/\"}]}<\/script>\n<!-- \/ Yoast SEO plugin. -->","yoast_head_json":{"title":"Contrato de jornalista da \u2018Vaza Jato\u2019 com governo Lula \u00e9 de quase R$ 500 mil - Jornal Fatos e Not\u00edcias","robots":{"index":"index","follow":"follow","max-snippet":"max-snippet:-1","max-image-preview":"max-image-preview:large","max-video-preview":"max-video-preview:-1"},"canonical":"https:\/\/jornalfatosenoticias.com.br\/index.php\/2023\/11\/22\/contrato-de-jornalista-da-vaza-jato-com-governo-lula-e-de-quase-r-500-mil\/","og_locale":"pt_BR","og_type":"article","og_title":"Contrato de jornalista da \u2018Vaza Jato\u2019 com governo Lula \u00e9 de quase R$ 500 mil - Jornal Fatos e Not\u00edcias","og_description":"Leandro Demori vai receber mais de R$ 36 mil por m\u00eas na Empresa Brasil de Comunica\u00e7\u00e3o (EBC) O contrato do jornalista Leandro Demori com a Empresa Brasil de Comunica\u00e7\u00e3o (EBC) \u00e9 de R$ 441,5 mil e ter\u00e1 dura\u00e7\u00e3o de 12 meses. Ele receber\u00e1 essa quantia ao longo do per\u00edodo de contrata\u00e7\u00e3o para apresentar o programa [&hellip;]","og_url":"https:\/\/jornalfatosenoticias.com.br\/index.php\/2023\/11\/22\/contrato-de-jornalista-da-vaza-jato-com-governo-lula-e-de-quase-r-500-mil\/","og_site_name":"Jornal Fatos e Not\u00edcias","article_published_time":"2023-11-22T14:01:05+00:00","article_modified_time":"2023-11-22T14:01:08+00:00","og_image":[{"width":620,"height":630,"url":"https:\/\/jornalfatosenoticias.com.br\/wp-content\/uploads\/2023\/11\/jornalista-de-lula.png","type":"image\/png"}],"author":"Luzimara Fernandes","twitter_card":"summary_large_image","twitter_misc":{"Escrito por":"Luzimara Fernandes","Est. tempo de leitura":"2 minutos"},"schema":{"@context":"https:\/\/schema.org","@graph":[{"@type":"Article","@id":"https:\/\/jornalfatosenoticias.com.br\/index.php\/2023\/11\/22\/contrato-de-jornalista-da-vaza-jato-com-governo-lula-e-de-quase-r-500-mil\/#article","isPartOf":{"@id":"https:\/\/jornalfatosenoticias.com.br\/index.php\/2023\/11\/22\/contrato-de-jornalista-da-vaza-jato-com-governo-lula-e-de-quase-r-500-mil\/"},"author":{"name":"Luzimara Fernandes","@id":"https:\/\/jornalfatosenoticias.com.br\/#\/schema\/person\/d63837fa13ac8666eb9e74e0985d6f81"},"headline":"Contrato de jornalista da \u2018Vaza Jato\u2019 com governo Lula \u00e9 de quase R$ 500 mil","datePublished":"2023-11-22T14:01:05+00:00","dateModified":"2023-11-22T14:01:08+00:00","mainEntityOfPage":{"@id":"https:\/\/jornalfatosenoticias.com.br\/index.php\/2023\/11\/22\/contrato-de-jornalista-da-vaza-jato-com-governo-lula-e-de-quase-r-500-mil\/"},"wordCount":512,"commentCount":0,"publisher":{"@id":"https:\/\/jornalfatosenoticias.com.br\/#organization"},"image":{"@id":"https:\/\/jornalfatosenoticias.com.br\/index.php\/2023\/11\/22\/contrato-de-jornalista-da-vaza-jato-com-governo-lula-e-de-quase-r-500-mil\/#primaryimage"},"thumbnailUrl":"https:\/\/jornalfatosenoticias.com.br\/wp-content\/uploads\/2023\/11\/jornalista-de-lula.png","keywords":["EBC","governo Lula","jornalista","jornalista da Vaza Jato","Leandro Demori"],"articleSection":["Pol\u00edtica"],"inLanguage":"pt-BR","potentialAction":[{"@type":"CommentAction","name":"Comment","target":["https:\/\/jornalfatosenoticias.com.br\/index.php\/2023\/11\/22\/contrato-de-jornalista-da-vaza-jato-com-governo-lula-e-de-quase-r-500-mil\/#respond"]}]},{"@type":"WebPage","@id":"https:\/\/jornalfatosenoticias.com.br\/index.php\/2023\/11\/22\/contrato-de-jornalista-da-vaza-jato-com-governo-lula-e-de-quase-r-500-mil\/","url":"https:\/\/jornalfatosenoticias.com.br\/index.php\/2023\/11\/22\/contrato-de-jornalista-da-vaza-jato-com-governo-lula-e-de-quase-r-500-mil\/","name":"Contrato de jornalista da \u2018Vaza Jato\u2019 com governo Lula \u00e9 de quase R$ 500 mil - Jornal Fatos e Not\u00edcias","isPartOf":{"@id":"https:\/\/jornalfatosenoticias.com.br\/#website"},"primaryImageOfPage":{"@id":"https:\/\/jornalfatosenoticias.com.br\/index.php\/2023\/11\/22\/contrato-de-jornalista-da-vaza-jato-com-governo-lula-e-de-quase-r-500-mil\/#primaryimage"},"image":{"@id":"https:\/\/jornalfatosenoticias.com.br\/index.php\/2023\/11\/22\/contrato-de-jornalista-da-vaza-jato-com-governo-lula-e-de-quase-r-500-mil\/#primaryimage"},"thumbnailUrl":"https:\/\/jornalfatosenoticias.com.br\/wp-content\/uploads\/2023\/11\/jornalista-de-lula.png","datePublished":"2023-11-22T14:01:05+00:00","dateModified":"2023-11-22T14:01:08+00:00","breadcrumb":{"@id":"https:\/\/jornalfatosenoticias.com.br\/index.php\/2023\/11\/22\/contrato-de-jornalista-da-vaza-jato-com-governo-lula-e-de-quase-r-500-mil\/#breadcrumb"},"inLanguage":"pt-BR","potentialAction":[{"@type":"ReadAction","target":["https:\/\/jornalfatosenoticias.com.br\/index.php\/2023\/11\/22\/contrato-de-jornalista-da-vaza-jato-com-governo-lula-e-de-quase-r-500-mil\/"]}]},{"@type":"ImageObject","inLanguage":"pt-BR","@id":"https:\/\/jornalfatosenoticias.com.br\/index.php\/2023\/11\/22\/contrato-de-jornalista-da-vaza-jato-com-governo-lula-e-de-quase-r-500-mil\/#primaryimage","url":"https:\/\/jornalfatosenoticias.com.br\/wp-content\/uploads\/2023\/11\/jornalista-de-lula.png","contentUrl":"https:\/\/jornalfatosenoticias.com.br\/wp-content\/uploads\/2023\/11\/jornalista-de-lula.png","width":620,"height":630},{"@type":"BreadcrumbList","@id":"https:\/\/jornalfatosenoticias.com.br\/index.php\/2023\/11\/22\/contrato-de-jornalista-da-vaza-jato-com-governo-lula-e-de-quase-r-500-mil\/#breadcrumb","itemListElement":[{"@type":"ListItem","position":1,"name":"In\u00edcio","item":"https:\/\/jornalfatosenoticias.com.br\/"},{"@type":"ListItem","position":2,"name":"Contrato de jornalista da \u2018Vaza Jato\u2019 com governo Lula \u00e9 de quase R$ 500 mil"}]},{"@type":"WebSite","@id":"https:\/\/jornalfatosenoticias.com.br\/#website","url":"https:\/\/jornalfatosenoticias.com.br\/","name":"Jornal Fatos e Not\u00edcias","description":"Not\u00edcias em geral","publisher":{"@id":"https:\/\/jornalfatosenoticias.com.br\/#organization"},"potentialAction":[{"@type":"SearchAction","target":{"@type":"EntryPoint","urlTemplate":"https:\/\/jornalfatosenoticias.com.br\/?s={search_term_string}"},"query-input":{"@type":"PropertyValueSpecification","valueRequired":true,"valueName":"search_term_string"}}],"inLanguage":"pt-BR"},{"@type":"Organization","@id":"https:\/\/jornalfatosenoticias.com.br\/#organization","name":"Jornal Fatos e Not\u00edcias","url":"https:\/\/jornalfatosenoticias.com.br\/","logo":{"@type":"ImageObject","inLanguage":"pt-BR","@id":"https:\/\/jornalfatosenoticias.com.br\/#\/schema\/logo\/image\/","url":"https:\/\/jornalfatosenoticias.com.br\/wp-content\/uploads\/2020\/02\/logo120.png","contentUrl":"https:\/\/jornalfatosenoticias.com.br\/wp-content\/uploads\/2020\/02\/logo120.png","width":1227,"height":120,"caption":"Jornal Fatos e Not\u00edcias"},"image":{"@id":"https:\/\/jornalfatosenoticias.com.br\/#\/schema\/logo\/image\/"}},{"@type":"Person","@id":"https:\/\/jornalfatosenoticias.com.br\/#\/schema\/person\/d63837fa13ac8666eb9e74e0985d6f81","name":"Luzimara Fernandes","image":{"@type":"ImageObject","inLanguage":"pt-BR","@id":"https:\/\/jornalfatosenoticias.com.br\/#\/schema\/person\/image\/","url":"https:\/\/jornalfatosenoticias.com.br\/wp-content\/uploads\/2025\/05\/EU_portal.jpg","contentUrl":"https:\/\/jornalfatosenoticias.com.br\/wp-content\/uploads\/2025\/05\/EU_portal.jpg","caption":"Luzimara Fernandes"},"description":"Jornalista MTB 2358-ES","sameAs":["https:\/\/jornalfatosenoticias.com.br"],"url":"https:\/\/jornalfatosenoticias.com.br\/index.php\/author\/luzimara\/"}]}},"cc_featured_image_caption":{"caption_text":"(Foto: Rafa Neddermeyer\/Ag\u00eancia Brasil) ","source_text":"","source_url":""},"jetpack_featured_media_url":"https:\/\/jornalfatosenoticias.com.br\/wp-content\/uploads\/2023\/11\/jornalista-de-lula.png","_links":{"self":[{"href":"https:\/\/jornalfatosenoticias.com.br\/index.php\/wp-json\/wp\/v2\/posts\/47162","targetHints":{"allow":["GET"]}}],"collection":[{"href":"https:\/\/jornalfatosenoticias.com.br\/index.php\/wp-json\/wp\/v2\/posts"}],"about":[{"href":"https:\/\/jornalfatosenoticias.com.br\/index.php\/wp-json\/wp\/v2\/types\/post"}],"author":[{"embeddable":true,"href":"https:\/\/jornalfatosenoticias.com.br\/index.php\/wp-json\/wp\/v2\/users\/2"}],"replies":[{"embeddable":true,"href":"https:\/\/jornalfatosenoticias.com.br\/index.php\/wp-json\/wp\/v2\/comments?post=47162"}],"version-history":[{"count":0,"href":"https:\/\/jornalfatosenoticias.com.br\/index.php\/wp-json\/wp\/v2\/posts\/47162\/revisions"}],"wp:featuredmedia":[{"embeddable":true,"href":"https:\/\/jornalfatosenoticias.com.br\/index.php\/wp-json\/wp\/v2\/media\/47164"}],"wp:attachment":[{"href":"https:\/\/jornalfatosenoticias.com.br\/index.php\/wp-json\/wp\/v2\/media?parent=47162"}],"wp:term":[{"taxonomy":"category","embeddable":true,"href":"https:\/\/jornalfatosenoticias.com.br\/index.php\/wp-json\/wp\/v2\/categories?post=47162"},{"taxonomy":"post_tag","embeddable":true,"href":"https:\/\/jornalfatosenoticias.com.br\/index.php\/wp-json\/wp\/v2\/tags?post=47162"}],"curies":[{"name":"wp","href":"https:\/\/api.w.org\/{rel}","templated":true}]}}