{"id":47166,"date":"2023-11-22T11:20:36","date_gmt":"2023-11-22T14:20:36","guid":{"rendered":"https:\/\/jornalfatosenoticias.com.br\/?p=47166"},"modified":"2023-11-22T11:21:22","modified_gmt":"2023-11-22T14:21:22","slug":"dinheiro-publico-parou-em-caixa-de-empresa-de-ministro-de-lula-diz-policia-federal","status":"publish","type":"post","link":"https:\/\/jornalfatosenoticias.com.br\/index.php\/2023\/11\/22\/dinheiro-publico-parou-em-caixa-de-empresa-de-ministro-de-lula-diz-policia-federal\/","title":{"rendered":"Dinheiro p\u00fablico parou em caixa de empresa de ministro de Lula, diz Pol\u00edcia Federal"},"content":{"rendered":"\n<div class=\"wp-block-image\"><figure class=\"aligncenter size-large\"><img loading=\"lazy\" decoding=\"async\" width=\"729\" height=\"90\" src=\"https:\/\/jornalfatosenoticias.com.br\/wp-content\/uploads\/2020\/02\/Logo_Mizu.png\" alt=\"\" class=\"wp-image-1441\" srcset=\"https:\/\/jornalfatosenoticias.com.br\/wp-content\/uploads\/2020\/02\/Logo_Mizu.png 729w, https:\/\/jornalfatosenoticias.com.br\/wp-content\/uploads\/2020\/02\/Logo_Mizu-300x37.png 300w\" sizes=\"auto, (max-width: 729px) 100vw, 729px\" \/><\/figure><\/div>\n\n\n\n<p>A Pol\u00edcia Federal (PF) acredita que R$ 2,5 milh\u00f5es repassados via emenda parlamentar pelo ministro das Comunica\u00e7\u00f5es do atual governo Lula, Juscelino Filho, tenham ido parar em empresa controlada pelo pr\u00f3prio pol\u00edtico. O caso em quest\u00e3o, revelado pelo jornal Folha de S.Paulo, nesta quarta-feira (22), refere-se a repasse feito por Juscelino em 2017. Na ocasi\u00e3o, ele era deputado federal pelo Maranh\u00e3o. O montante milion\u00e1rio serviu, teoricamente, para obras em estradas de terra em Vitorino Freire, munic\u00edpio que tem Luanna Rezende, irm\u00e3 do hoje ministro, como prefeita.<br>De acordo com a PF, os R$ 2,5 milh\u00f5es em quest\u00e3o foram direcionados \u00e0 Arco Constru\u00e7\u00f5es. Conforme a Folha, a corpora\u00e7\u00e3o acredita que Juscelino seja s\u00f3cio oculto da empreiteira \u2014 isso a partir de mensagens e documentos apreendidos durante opera\u00e7\u00e3o deflagrada em julho do ano passado. O ministro das Comunica\u00e7\u00f5es negou, contudo, ser dono da construtora que recebeu dinheiro oriundo de emenda parlamentar. Segundo a Folha, a Arco Constru\u00e7\u00f5es est\u00e1 formalmente registrada como sendo de propriedade do empres\u00e1rio Ant\u00f4nio Tito, que seria amigo da fam\u00edlia de Juscelino.<\/p>\n\n\n\n<div class=\"wp-block-image\"><figure class=\"aligncenter size-large\"><img loading=\"lazy\" decoding=\"async\" width=\"300\" height=\"250\" src=\"https:\/\/jornalfatosenoticias.com.br\/wp-content\/uploads\/2022\/02\/FERRARI_MAQUINAS-E-FERRAMENTAS2.jpg\" alt=\"\" class=\"wp-image-27860\"\/><\/figure><\/div>\n\n\n\n<blockquote class=\"wp-block-quote is-layout-flow wp-block-quote-is-layout-flow\"><p><span class=\"has-inline-color has-luminous-vivid-orange-color\">Mais um ataque na tentativa de criminalizar as emendas parlamentares\u201d, afirmaram, em nota, os advogados de Juscelino, informa o jornal paulistano. \u201cAbsurdas as ila\u00e7\u00f5es de que Juscelino tenha tido qualquer proveito pessoal com sua atividade parlamentar\u201d.<\/span><\/p><\/blockquote>\n\n\n\n<div class=\"wp-block-image\"><figure class=\"aligncenter size-large is-resized\"><img loading=\"lazy\" decoding=\"async\" src=\"https:\/\/jornalfatosenoticias.com.br\/wp-content\/uploads\/2023\/03\/nova-logo-Marquetti.jpg\" alt=\"\" class=\"wp-image-40207\" width=\"329\" height=\"221\" srcset=\"https:\/\/jornalfatosenoticias.com.br\/wp-content\/uploads\/2023\/03\/nova-logo-Marquetti.jpg 643w, https:\/\/jornalfatosenoticias.com.br\/wp-content\/uploads\/2023\/03\/nova-logo-Marquetti-300x202.jpg 300w\" sizes=\"auto, (max-width: 329px) 100vw, 329px\" \/><\/figure><\/div>\n\n\n\n<p><strong><span class=\"has-inline-color has-vivid-red-color\">Ministro de Lula na mira da PF<br><\/span><\/strong>Essa n\u00e3o \u00e9, a saber, a primeira pol\u00eamica em que Juscelino Filho surge como protagonista. Em setembro, por exemplo, o ministro Lu\u00eds Roberto Barroso, do Supremo Tribunal Federal, bloqueou bens do ministro das Comunica\u00e7\u00f5es. Na ocasi\u00e3o, a irm\u00e3 dele chegou a ser afastada da fun\u00e7\u00e3o. No mesmo m\u00eas, informou-se que uma estatal cobrou R$ 3 milh\u00f5es por superfaturamento em obras feitas a partir das emendas de Juscelino. Em mar\u00e7o, o destaque foi o fato de o ministro ter usado R$ 130 mil para ver uma corrida de cavalos, em S\u00e3o Paulo.<\/p>\n\n\n\n<div class=\"wp-block-image\"><figure class=\"aligncenter size-large is-resized\"><img loading=\"lazy\" decoding=\"async\" src=\"https:\/\/jornalfatosenoticias.com.br\/wp-content\/uploads\/2022\/10\/RC_800x750_page-0001.jpg\" alt=\"\" class=\"wp-image-35338\" width=\"287\" height=\"269\" srcset=\"https:\/\/jornalfatosenoticias.com.br\/wp-content\/uploads\/2022\/10\/RC_800x750_page-0001.jpg 400w, https:\/\/jornalfatosenoticias.com.br\/wp-content\/uploads\/2022\/10\/RC_800x750_page-0001-300x281.jpg 300w\" sizes=\"auto, (max-width: 287px) 100vw, 287px\" \/><\/figure><\/div>\n\n\n\n<p><strong><em>Fonte: <a href=\"https:\/\/terrabrasilnoticias.com\/2023\/11\/bomba-dinheiro-publico-parou-em-caixa-de-empresa-de-ministro-de-lula-diz-policia-federal\">Terra Brasil Not\u00edcias<\/a><\/em><\/strong><\/p>\n","protected":false},"excerpt":{"rendered":"<p>A Pol\u00edcia Federal (PF) acredita que R$ 2,5 milh\u00f5es repassados via emenda parlamentar pelo ministro das Comunica\u00e7\u00f5es do atual governo Lula, Juscelino Filho, tenham ido parar em empresa controlada pelo pr\u00f3prio pol\u00edtico. O caso em quest\u00e3o, revelado pelo jornal Folha de S.Paulo, nesta quarta-feira (22), refere-se a repasse feito por Juscelino em 2017. Na ocasi\u00e3o, [&hellip;]<\/p>\n","protected":false},"author":2,"featured_media":47167,"comment_status":"open","ping_status":"open","sticky":false,"template":"","format":"standard","meta":{"footnotes":""},"categories":[5],"tags":[22087,18534,20851,17961,7580,13186],"class_list":["post-47166","post","type-post","status-publish","format-standard","has-post-thumbnail","hentry","category-geral","tag-bomba","tag-escandalos-de-corrupcao","tag-governo-do-pt","tag-juscelino-filho","tag-lula","tag-pt"],"yoast_head":"<!-- This site is optimized with the Yoast SEO plugin v26.5 - https:\/\/yoast.com\/wordpress\/plugins\/seo\/ -->\n<title>Dinheiro p\u00fablico parou em caixa de empresa de ministro de Lula, diz Pol\u00edcia Federal - Jornal Fatos e Not\u00edcias<\/title>\n<meta name=\"robots\" content=\"index, follow, max-snippet:-1, max-image-preview:large, max-video-preview:-1\" \/>\n<link rel=\"canonical\" href=\"https:\/\/jornalfatosenoticias.com.br\/index.php\/2023\/11\/22\/dinheiro-publico-parou-em-caixa-de-empresa-de-ministro-de-lula-diz-policia-federal\/\" \/>\n<meta property=\"og:locale\" content=\"pt_BR\" \/>\n<meta property=\"og:type\" content=\"article\" \/>\n<meta property=\"og:title\" content=\"Dinheiro p\u00fablico parou em caixa de empresa de ministro de Lula, diz Pol\u00edcia Federal - Jornal Fatos e Not\u00edcias\" \/>\n<meta property=\"og:description\" content=\"A Pol\u00edcia Federal (PF) acredita que R$ 2,5 milh\u00f5es repassados via emenda parlamentar pelo ministro das Comunica\u00e7\u00f5es do atual governo Lula, Juscelino Filho, tenham ido parar em empresa controlada pelo pr\u00f3prio pol\u00edtico. O caso em quest\u00e3o, revelado pelo jornal Folha de S.Paulo, nesta quarta-feira (22), refere-se a repasse feito por Juscelino em 2017. Na ocasi\u00e3o, [&hellip;]\" \/>\n<meta property=\"og:url\" content=\"https:\/\/jornalfatosenoticias.com.br\/index.php\/2023\/11\/22\/dinheiro-publico-parou-em-caixa-de-empresa-de-ministro-de-lula-diz-policia-federal\/\" \/>\n<meta property=\"og:site_name\" content=\"Jornal Fatos e Not\u00edcias\" \/>\n<meta property=\"article:published_time\" content=\"2023-11-22T14:20:36+00:00\" \/>\n<meta property=\"article:modified_time\" content=\"2023-11-22T14:21:22+00:00\" \/>\n<meta property=\"og:image\" content=\"https:\/\/jornalfatosenoticias.com.br\/wp-content\/uploads\/2023\/11\/LULA-E-JUSCELINO.jpg\" \/>\n\t<meta property=\"og:image:width\" content=\"804\" \/>\n\t<meta property=\"og:image:height\" content=\"528\" \/>\n\t<meta property=\"og:image:type\" content=\"image\/jpeg\" \/>\n<meta name=\"author\" content=\"Luzimara Fernandes\" \/>\n<meta name=\"twitter:card\" content=\"summary_large_image\" \/>\n<meta name=\"twitter:label1\" content=\"Escrito por\" \/>\n\t<meta name=\"twitter:data1\" content=\"Luzimara Fernandes\" \/>\n\t<meta name=\"twitter:label2\" content=\"Est. tempo de leitura\" \/>\n\t<meta name=\"twitter:data2\" content=\"2 minutos\" \/>\n<script type=\"application\/ld+json\" class=\"yoast-schema-graph\">{\"@context\":\"https:\/\/schema.org\",\"@graph\":[{\"@type\":\"Article\",\"@id\":\"https:\/\/jornalfatosenoticias.com.br\/index.php\/2023\/11\/22\/dinheiro-publico-parou-em-caixa-de-empresa-de-ministro-de-lula-diz-policia-federal\/#article\",\"isPartOf\":{\"@id\":\"https:\/\/jornalfatosenoticias.com.br\/index.php\/2023\/11\/22\/dinheiro-publico-parou-em-caixa-de-empresa-de-ministro-de-lula-diz-policia-federal\/\"},\"author\":{\"name\":\"Luzimara Fernandes\",\"@id\":\"https:\/\/jornalfatosenoticias.com.br\/#\/schema\/person\/d63837fa13ac8666eb9e74e0985d6f81\"},\"headline\":\"Dinheiro p\u00fablico parou em caixa de empresa de ministro de Lula, diz Pol\u00edcia Federal\",\"datePublished\":\"2023-11-22T14:20:36+00:00\",\"dateModified\":\"2023-11-22T14:21:22+00:00\",\"mainEntityOfPage\":{\"@id\":\"https:\/\/jornalfatosenoticias.com.br\/index.php\/2023\/11\/22\/dinheiro-publico-parou-em-caixa-de-empresa-de-ministro-de-lula-diz-policia-federal\/\"},\"wordCount\":352,\"commentCount\":0,\"publisher\":{\"@id\":\"https:\/\/jornalfatosenoticias.com.br\/#organization\"},\"image\":{\"@id\":\"https:\/\/jornalfatosenoticias.com.br\/index.php\/2023\/11\/22\/dinheiro-publico-parou-em-caixa-de-empresa-de-ministro-de-lula-diz-policia-federal\/#primaryimage\"},\"thumbnailUrl\":\"https:\/\/jornalfatosenoticias.com.br\/wp-content\/uploads\/2023\/11\/LULA-E-JUSCELINO.jpg\",\"keywords\":[\"bomba\",\"esc\u00e2ndalos de corrup\u00e7\u00e3o\",\"governo do PT\",\"Juscelino Filho\",\"Lula\",\"PT\"],\"articleSection\":[\"Geral\"],\"inLanguage\":\"pt-BR\",\"potentialAction\":[{\"@type\":\"CommentAction\",\"name\":\"Comment\",\"target\":[\"https:\/\/jornalfatosenoticias.com.br\/index.php\/2023\/11\/22\/dinheiro-publico-parou-em-caixa-de-empresa-de-ministro-de-lula-diz-policia-federal\/#respond\"]}]},{\"@type\":\"WebPage\",\"@id\":\"https:\/\/jornalfatosenoticias.com.br\/index.php\/2023\/11\/22\/dinheiro-publico-parou-em-caixa-de-empresa-de-ministro-de-lula-diz-policia-federal\/\",\"url\":\"https:\/\/jornalfatosenoticias.com.br\/index.php\/2023\/11\/22\/dinheiro-publico-parou-em-caixa-de-empresa-de-ministro-de-lula-diz-policia-federal\/\",\"name\":\"Dinheiro p\u00fablico parou em caixa de empresa de ministro de Lula, diz Pol\u00edcia Federal - Jornal Fatos e Not\u00edcias\",\"isPartOf\":{\"@id\":\"https:\/\/jornalfatosenoticias.com.br\/#website\"},\"primaryImageOfPage\":{\"@id\":\"https:\/\/jornalfatosenoticias.com.br\/index.php\/2023\/11\/22\/dinheiro-publico-parou-em-caixa-de-empresa-de-ministro-de-lula-diz-policia-federal\/#primaryimage\"},\"image\":{\"@id\":\"https:\/\/jornalfatosenoticias.com.br\/index.php\/2023\/11\/22\/dinheiro-publico-parou-em-caixa-de-empresa-de-ministro-de-lula-diz-policia-federal\/#primaryimage\"},\"thumbnailUrl\":\"https:\/\/jornalfatosenoticias.com.br\/wp-content\/uploads\/2023\/11\/LULA-E-JUSCELINO.jpg\",\"datePublished\":\"2023-11-22T14:20:36+00:00\",\"dateModified\":\"2023-11-22T14:21:22+00:00\",\"breadcrumb\":{\"@id\":\"https:\/\/jornalfatosenoticias.com.br\/index.php\/2023\/11\/22\/dinheiro-publico-parou-em-caixa-de-empresa-de-ministro-de-lula-diz-policia-federal\/#breadcrumb\"},\"inLanguage\":\"pt-BR\",\"potentialAction\":[{\"@type\":\"ReadAction\",\"target\":[\"https:\/\/jornalfatosenoticias.com.br\/index.php\/2023\/11\/22\/dinheiro-publico-parou-em-caixa-de-empresa-de-ministro-de-lula-diz-policia-federal\/\"]}]},{\"@type\":\"ImageObject\",\"inLanguage\":\"pt-BR\",\"@id\":\"https:\/\/jornalfatosenoticias.com.br\/index.php\/2023\/11\/22\/dinheiro-publico-parou-em-caixa-de-empresa-de-ministro-de-lula-diz-policia-federal\/#primaryimage\",\"url\":\"https:\/\/jornalfatosenoticias.com.br\/wp-content\/uploads\/2023\/11\/LULA-E-JUSCELINO.jpg\",\"contentUrl\":\"https:\/\/jornalfatosenoticias.com.br\/wp-content\/uploads\/2023\/11\/LULA-E-JUSCELINO.jpg\",\"width\":804,\"height\":528},{\"@type\":\"BreadcrumbList\",\"@id\":\"https:\/\/jornalfatosenoticias.com.br\/index.php\/2023\/11\/22\/dinheiro-publico-parou-em-caixa-de-empresa-de-ministro-de-lula-diz-policia-federal\/#breadcrumb\",\"itemListElement\":[{\"@type\":\"ListItem\",\"position\":1,\"name\":\"In\u00edcio\",\"item\":\"https:\/\/jornalfatosenoticias.com.br\/\"},{\"@type\":\"ListItem\",\"position\":2,\"name\":\"Dinheiro p\u00fablico parou em caixa de empresa de ministro de Lula, diz Pol\u00edcia Federal\"}]},{\"@type\":\"WebSite\",\"@id\":\"https:\/\/jornalfatosenoticias.com.br\/#website\",\"url\":\"https:\/\/jornalfatosenoticias.com.br\/\",\"name\":\"Jornal Fatos e Not\u00edcias\",\"description\":\"Not\u00edcias em geral\",\"publisher\":{\"@id\":\"https:\/\/jornalfatosenoticias.com.br\/#organization\"},\"potentialAction\":[{\"@type\":\"SearchAction\",\"target\":{\"@type\":\"EntryPoint\",\"urlTemplate\":\"https:\/\/jornalfatosenoticias.com.br\/?s={search_term_string}\"},\"query-input\":{\"@type\":\"PropertyValueSpecification\",\"valueRequired\":true,\"valueName\":\"search_term_string\"}}],\"inLanguage\":\"pt-BR\"},{\"@type\":\"Organization\",\"@id\":\"https:\/\/jornalfatosenoticias.com.br\/#organization\",\"name\":\"Jornal Fatos e Not\u00edcias\",\"url\":\"https:\/\/jornalfatosenoticias.com.br\/\",\"logo\":{\"@type\":\"ImageObject\",\"inLanguage\":\"pt-BR\",\"@id\":\"https:\/\/jornalfatosenoticias.com.br\/#\/schema\/logo\/image\/\",\"url\":\"https:\/\/jornalfatosenoticias.com.br\/wp-content\/uploads\/2020\/02\/logo120.png\",\"contentUrl\":\"https:\/\/jornalfatosenoticias.com.br\/wp-content\/uploads\/2020\/02\/logo120.png\",\"width\":1227,\"height\":120,\"caption\":\"Jornal Fatos e Not\u00edcias\"},\"image\":{\"@id\":\"https:\/\/jornalfatosenoticias.com.br\/#\/schema\/logo\/image\/\"}},{\"@type\":\"Person\",\"@id\":\"https:\/\/jornalfatosenoticias.com.br\/#\/schema\/person\/d63837fa13ac8666eb9e74e0985d6f81\",\"name\":\"Luzimara Fernandes\",\"image\":{\"@type\":\"ImageObject\",\"inLanguage\":\"pt-BR\",\"@id\":\"https:\/\/jornalfatosenoticias.com.br\/#\/schema\/person\/image\/\",\"url\":\"https:\/\/jornalfatosenoticias.com.br\/wp-content\/uploads\/2025\/05\/EU_portal.jpg\",\"contentUrl\":\"https:\/\/jornalfatosenoticias.com.br\/wp-content\/uploads\/2025\/05\/EU_portal.jpg\",\"caption\":\"Luzimara Fernandes\"},\"description\":\"Jornalista MTB 2358-ES\",\"sameAs\":[\"https:\/\/jornalfatosenoticias.com.br\"],\"url\":\"https:\/\/jornalfatosenoticias.com.br\/index.php\/author\/luzimara\/\"}]}<\/script>\n<!-- \/ Yoast SEO plugin. -->","yoast_head_json":{"title":"Dinheiro p\u00fablico parou em caixa de empresa de ministro de Lula, diz Pol\u00edcia Federal - Jornal Fatos e Not\u00edcias","robots":{"index":"index","follow":"follow","max-snippet":"max-snippet:-1","max-image-preview":"max-image-preview:large","max-video-preview":"max-video-preview:-1"},"canonical":"https:\/\/jornalfatosenoticias.com.br\/index.php\/2023\/11\/22\/dinheiro-publico-parou-em-caixa-de-empresa-de-ministro-de-lula-diz-policia-federal\/","og_locale":"pt_BR","og_type":"article","og_title":"Dinheiro p\u00fablico parou em caixa de empresa de ministro de Lula, diz Pol\u00edcia Federal - Jornal Fatos e Not\u00edcias","og_description":"A Pol\u00edcia Federal (PF) acredita que R$ 2,5 milh\u00f5es repassados via emenda parlamentar pelo ministro das Comunica\u00e7\u00f5es do atual governo Lula, Juscelino Filho, tenham ido parar em empresa controlada pelo pr\u00f3prio pol\u00edtico. O caso em quest\u00e3o, revelado pelo jornal Folha de S.Paulo, nesta quarta-feira (22), refere-se a repasse feito por Juscelino em 2017. Na ocasi\u00e3o, [&hellip;]","og_url":"https:\/\/jornalfatosenoticias.com.br\/index.php\/2023\/11\/22\/dinheiro-publico-parou-em-caixa-de-empresa-de-ministro-de-lula-diz-policia-federal\/","og_site_name":"Jornal Fatos e Not\u00edcias","article_published_time":"2023-11-22T14:20:36+00:00","article_modified_time":"2023-11-22T14:21:22+00:00","og_image":[{"width":804,"height":528,"url":"https:\/\/jornalfatosenoticias.com.br\/wp-content\/uploads\/2023\/11\/LULA-E-JUSCELINO.jpg","type":"image\/jpeg"}],"author":"Luzimara Fernandes","twitter_card":"summary_large_image","twitter_misc":{"Escrito por":"Luzimara Fernandes","Est. tempo de leitura":"2 minutos"},"schema":{"@context":"https:\/\/schema.org","@graph":[{"@type":"Article","@id":"https:\/\/jornalfatosenoticias.com.br\/index.php\/2023\/11\/22\/dinheiro-publico-parou-em-caixa-de-empresa-de-ministro-de-lula-diz-policia-federal\/#article","isPartOf":{"@id":"https:\/\/jornalfatosenoticias.com.br\/index.php\/2023\/11\/22\/dinheiro-publico-parou-em-caixa-de-empresa-de-ministro-de-lula-diz-policia-federal\/"},"author":{"name":"Luzimara Fernandes","@id":"https:\/\/jornalfatosenoticias.com.br\/#\/schema\/person\/d63837fa13ac8666eb9e74e0985d6f81"},"headline":"Dinheiro p\u00fablico parou em caixa de empresa de ministro de Lula, diz Pol\u00edcia Federal","datePublished":"2023-11-22T14:20:36+00:00","dateModified":"2023-11-22T14:21:22+00:00","mainEntityOfPage":{"@id":"https:\/\/jornalfatosenoticias.com.br\/index.php\/2023\/11\/22\/dinheiro-publico-parou-em-caixa-de-empresa-de-ministro-de-lula-diz-policia-federal\/"},"wordCount":352,"commentCount":0,"publisher":{"@id":"https:\/\/jornalfatosenoticias.com.br\/#organization"},"image":{"@id":"https:\/\/jornalfatosenoticias.com.br\/index.php\/2023\/11\/22\/dinheiro-publico-parou-em-caixa-de-empresa-de-ministro-de-lula-diz-policia-federal\/#primaryimage"},"thumbnailUrl":"https:\/\/jornalfatosenoticias.com.br\/wp-content\/uploads\/2023\/11\/LULA-E-JUSCELINO.jpg","keywords":["bomba","esc\u00e2ndalos de corrup\u00e7\u00e3o","governo do PT","Juscelino Filho","Lula","PT"],"articleSection":["Geral"],"inLanguage":"pt-BR","potentialAction":[{"@type":"CommentAction","name":"Comment","target":["https:\/\/jornalfatosenoticias.com.br\/index.php\/2023\/11\/22\/dinheiro-publico-parou-em-caixa-de-empresa-de-ministro-de-lula-diz-policia-federal\/#respond"]}]},{"@type":"WebPage","@id":"https:\/\/jornalfatosenoticias.com.br\/index.php\/2023\/11\/22\/dinheiro-publico-parou-em-caixa-de-empresa-de-ministro-de-lula-diz-policia-federal\/","url":"https:\/\/jornalfatosenoticias.com.br\/index.php\/2023\/11\/22\/dinheiro-publico-parou-em-caixa-de-empresa-de-ministro-de-lula-diz-policia-federal\/","name":"Dinheiro p\u00fablico parou em caixa de empresa de ministro de Lula, diz Pol\u00edcia Federal - Jornal Fatos e Not\u00edcias","isPartOf":{"@id":"https:\/\/jornalfatosenoticias.com.br\/#website"},"primaryImageOfPage":{"@id":"https:\/\/jornalfatosenoticias.com.br\/index.php\/2023\/11\/22\/dinheiro-publico-parou-em-caixa-de-empresa-de-ministro-de-lula-diz-policia-federal\/#primaryimage"},"image":{"@id":"https:\/\/jornalfatosenoticias.com.br\/index.php\/2023\/11\/22\/dinheiro-publico-parou-em-caixa-de-empresa-de-ministro-de-lula-diz-policia-federal\/#primaryimage"},"thumbnailUrl":"https:\/\/jornalfatosenoticias.com.br\/wp-content\/uploads\/2023\/11\/LULA-E-JUSCELINO.jpg","datePublished":"2023-11-22T14:20:36+00:00","dateModified":"2023-11-22T14:21:22+00:00","breadcrumb":{"@id":"https:\/\/jornalfatosenoticias.com.br\/index.php\/2023\/11\/22\/dinheiro-publico-parou-em-caixa-de-empresa-de-ministro-de-lula-diz-policia-federal\/#breadcrumb"},"inLanguage":"pt-BR","potentialAction":[{"@type":"ReadAction","target":["https:\/\/jornalfatosenoticias.com.br\/index.php\/2023\/11\/22\/dinheiro-publico-parou-em-caixa-de-empresa-de-ministro-de-lula-diz-policia-federal\/"]}]},{"@type":"ImageObject","inLanguage":"pt-BR","@id":"https:\/\/jornalfatosenoticias.com.br\/index.php\/2023\/11\/22\/dinheiro-publico-parou-em-caixa-de-empresa-de-ministro-de-lula-diz-policia-federal\/#primaryimage","url":"https:\/\/jornalfatosenoticias.com.br\/wp-content\/uploads\/2023\/11\/LULA-E-JUSCELINO.jpg","contentUrl":"https:\/\/jornalfatosenoticias.com.br\/wp-content\/uploads\/2023\/11\/LULA-E-JUSCELINO.jpg","width":804,"height":528},{"@type":"BreadcrumbList","@id":"https:\/\/jornalfatosenoticias.com.br\/index.php\/2023\/11\/22\/dinheiro-publico-parou-em-caixa-de-empresa-de-ministro-de-lula-diz-policia-federal\/#breadcrumb","itemListElement":[{"@type":"ListItem","position":1,"name":"In\u00edcio","item":"https:\/\/jornalfatosenoticias.com.br\/"},{"@type":"ListItem","position":2,"name":"Dinheiro p\u00fablico parou em caixa de empresa de ministro de Lula, diz Pol\u00edcia Federal"}]},{"@type":"WebSite","@id":"https:\/\/jornalfatosenoticias.com.br\/#website","url":"https:\/\/jornalfatosenoticias.com.br\/","name":"Jornal Fatos e Not\u00edcias","description":"Not\u00edcias em geral","publisher":{"@id":"https:\/\/jornalfatosenoticias.com.br\/#organization"},"potentialAction":[{"@type":"SearchAction","target":{"@type":"EntryPoint","urlTemplate":"https:\/\/jornalfatosenoticias.com.br\/?s={search_term_string}"},"query-input":{"@type":"PropertyValueSpecification","valueRequired":true,"valueName":"search_term_string"}}],"inLanguage":"pt-BR"},{"@type":"Organization","@id":"https:\/\/jornalfatosenoticias.com.br\/#organization","name":"Jornal Fatos e Not\u00edcias","url":"https:\/\/jornalfatosenoticias.com.br\/","logo":{"@type":"ImageObject","inLanguage":"pt-BR","@id":"https:\/\/jornalfatosenoticias.com.br\/#\/schema\/logo\/image\/","url":"https:\/\/jornalfatosenoticias.com.br\/wp-content\/uploads\/2020\/02\/logo120.png","contentUrl":"https:\/\/jornalfatosenoticias.com.br\/wp-content\/uploads\/2020\/02\/logo120.png","width":1227,"height":120,"caption":"Jornal Fatos e Not\u00edcias"},"image":{"@id":"https:\/\/jornalfatosenoticias.com.br\/#\/schema\/logo\/image\/"}},{"@type":"Person","@id":"https:\/\/jornalfatosenoticias.com.br\/#\/schema\/person\/d63837fa13ac8666eb9e74e0985d6f81","name":"Luzimara Fernandes","image":{"@type":"ImageObject","inLanguage":"pt-BR","@id":"https:\/\/jornalfatosenoticias.com.br\/#\/schema\/person\/image\/","url":"https:\/\/jornalfatosenoticias.com.br\/wp-content\/uploads\/2025\/05\/EU_portal.jpg","contentUrl":"https:\/\/jornalfatosenoticias.com.br\/wp-content\/uploads\/2025\/05\/EU_portal.jpg","caption":"Luzimara Fernandes"},"description":"Jornalista MTB 2358-ES","sameAs":["https:\/\/jornalfatosenoticias.com.br"],"url":"https:\/\/jornalfatosenoticias.com.br\/index.php\/author\/luzimara\/"}]}},"cc_featured_image_caption":{"caption_text":"(Foto: Reprodu\u00e7\u00e3o\/Instagram) ","source_text":"","source_url":""},"jetpack_featured_media_url":"https:\/\/jornalfatosenoticias.com.br\/wp-content\/uploads\/2023\/11\/LULA-E-JUSCELINO.jpg","_links":{"self":[{"href":"https:\/\/jornalfatosenoticias.com.br\/index.php\/wp-json\/wp\/v2\/posts\/47166","targetHints":{"allow":["GET"]}}],"collection":[{"href":"https:\/\/jornalfatosenoticias.com.br\/index.php\/wp-json\/wp\/v2\/posts"}],"about":[{"href":"https:\/\/jornalfatosenoticias.com.br\/index.php\/wp-json\/wp\/v2\/types\/post"}],"author":[{"embeddable":true,"href":"https:\/\/jornalfatosenoticias.com.br\/index.php\/wp-json\/wp\/v2\/users\/2"}],"replies":[{"embeddable":true,"href":"https:\/\/jornalfatosenoticias.com.br\/index.php\/wp-json\/wp\/v2\/comments?post=47166"}],"version-history":[{"count":0,"href":"https:\/\/jornalfatosenoticias.com.br\/index.php\/wp-json\/wp\/v2\/posts\/47166\/revisions"}],"wp:featuredmedia":[{"embeddable":true,"href":"https:\/\/jornalfatosenoticias.com.br\/index.php\/wp-json\/wp\/v2\/media\/47167"}],"wp:attachment":[{"href":"https:\/\/jornalfatosenoticias.com.br\/index.php\/wp-json\/wp\/v2\/media?parent=47166"}],"wp:term":[{"taxonomy":"category","embeddable":true,"href":"https:\/\/jornalfatosenoticias.com.br\/index.php\/wp-json\/wp\/v2\/categories?post=47166"},{"taxonomy":"post_tag","embeddable":true,"href":"https:\/\/jornalfatosenoticias.com.br\/index.php\/wp-json\/wp\/v2\/tags?post=47166"}],"curies":[{"name":"wp","href":"https:\/\/api.w.org\/{rel}","templated":true}]}}