{"id":47177,"date":"2023-11-23T19:43:29","date_gmt":"2023-11-23T22:43:29","guid":{"rendered":"https:\/\/jornalfatosenoticias.com.br\/?p=47177"},"modified":"2023-11-23T19:43:52","modified_gmt":"2023-11-23T22:43:52","slug":"a-responsabilidade-dos-pais-com-os-filhos-observando-passarinhos-e-humanos-parte-iv","status":"publish","type":"post","link":"https:\/\/jornalfatosenoticias.com.br\/index.php\/2023\/11\/23\/a-responsabilidade-dos-pais-com-os-filhos-observando-passarinhos-e-humanos-parte-iv\/","title":{"rendered":"A Responsabilidade dos pais com os filhos, observando passarinhos e humanos \u2014 Parte IV"},"content":{"rendered":"\n<p><span class=\"has-inline-color has-black-color\"><em>A m\u00e3e, apesar do filhote estar quase de seu tamanho, continua a ter a atitude protetora e cuidadosa com o filho. Chama a minha aten\u00e7\u00e3o uma cena de selvageria na TV. Antes de come\u00e7ar um jogo, cercado por uma rivalidade que j\u00e1 ultrapassou, h\u00e1 muito, a competi\u00e7\u00e3o esportiva<\/em><\/span><\/p>\n\n\n\n<div class=\"wp-block-image\"><figure class=\"aligncenter size-large\"><img loading=\"lazy\" decoding=\"async\" width=\"1024\" height=\"111\" src=\"https:\/\/jornalfatosenoticias.com.br\/wp-content\/uploads\/2020\/02\/WhatsApp-Image-2022-09-23-at-12.09.18-1024x111.jpeg\" alt=\"\" class=\"wp-image-34527\" srcset=\"https:\/\/jornalfatosenoticias.com.br\/wp-content\/uploads\/2020\/02\/WhatsApp-Image-2022-09-23-at-12.09.18-1024x111.jpeg 1024w, https:\/\/jornalfatosenoticias.com.br\/wp-content\/uploads\/2020\/02\/WhatsApp-Image-2022-09-23-at-12.09.18-300x32.jpeg 300w, https:\/\/jornalfatosenoticias.com.br\/wp-content\/uploads\/2020\/02\/WhatsApp-Image-2022-09-23-at-12.09.18-768x83.jpeg 768w, https:\/\/jornalfatosenoticias.com.br\/wp-content\/uploads\/2020\/02\/WhatsApp-Image-2022-09-23-at-12.09.18.jpeg 1121w\" sizes=\"auto, (max-width: 1024px) 100vw, 1024px\" \/><\/figure><\/div>\n\n\n\n<p>Os pequenos passarinhos s\u00e3o agora adolescentes. Um deles se foi, o outro volta com a m\u00e3e para visitar a antiga moradia, chegam a se aconchegar no ninho, aproveitando para comer um pouco da comidinha que passamos a deixar num lugar protegido, depois v\u00e3o. A m\u00e3e, apesar do filhote estar quase de seu tamanho, continua a ter a atitude protetora e cuidadosa com o filho. Avisa de pronto para que voe para mais longe se algum barulho ou amea\u00e7a acontece.<br>Chama a minha aten\u00e7\u00e3o uma cena de selvageria na TV. Antes de come\u00e7ar um jogo, cercado por uma rivalidade que j\u00e1 ultrapassou, h\u00e1 muito, a competi\u00e7\u00e3o esportiva, homens se espancam movidos pela cor da camisa do outro. Por alguns minutos, essa barb\u00e1rie corre solta, quando chegam agentes da institui\u00e7\u00e3o que deveria garantir a seguran\u00e7a de todas as \u201ccamisas\u201d, e tentam tomar o protagonismo. Sem nenhum plano de conten\u00e7\u00e3o da multid\u00e3o j\u00e1 enfurecida, batem forte com seus cacetetes, esses legalizados.<\/p>\n\n\n\n<div class=\"wp-block-image\"><figure class=\"aligncenter size-large\"><img loading=\"lazy\" decoding=\"async\" width=\"300\" height=\"250\" src=\"https:\/\/jornalfatosenoticias.com.br\/wp-content\/uploads\/2022\/08\/arte-Casarao.jpg\" alt=\"\" class=\"wp-image-33178\"\/><\/figure><\/div>\n\n\n\n<p>Mas, eis que surgem Crian\u00e7as. Muitas. Vi at\u00e9 um beb\u00ea de colo, portando apenas a sua fraldinha, e me pergunto at\u00f4nita com a imagem do beb\u00ea: o que ele est\u00e1 fazendo ali naquela hora da noite? Por que n\u00e3o est\u00e1 dormindo no seu bercinho? Muitas raz\u00f5es podem ser levantadas, mas ele n\u00e3o vai gostar mais nem menos de futebol por ter ido \u201cassistir\u201d a esse jogo quente em v\u00e1rios sentidos. As emo\u00e7\u00f5es sentidas pela sua m\u00e3e, pelo seu pai, pelas pessoas do entorno, pelas 70 mil pessoas que lotavam o est\u00e1dio, n\u00e3o podem ainda ser bem processadas por ele. Com seus nove ou 10 meses, era o que aparentava, o grito da torcida de um ou de outro time, bater\u00e1 forte em intensas vibra\u00e7\u00f5es no seu est\u00f4mago.<\/p>\n\n\n\n<div class=\"wp-block-image\"><figure class=\"aligncenter size-large is-resized\"><img loading=\"lazy\" decoding=\"async\" src=\"https:\/\/jornalfatosenoticias.com.br\/wp-content\/uploads\/2022\/02\/Precisao-Contabilidade-1024x724.jpg\" alt=\"\" class=\"wp-image-28088\" width=\"341\" height=\"241\"\/><\/figure><\/div>\n\n\n\n<p>Tenho certeza que aquela m\u00e3e e aquele pai, n\u00e3o t\u00eam a menor ideia do que est\u00e3o oferecendo para seu filho. A escolaridade \u00e9 cada vez mais prec\u00e1ria. A escola \u00e9 falha e fraca. N\u00e3o ensina a estudar, ensina a fazer prova. N\u00e3o provoca a curiosidade sobre o conhecimento, as telinhas v\u00eam substituindo os livros. \u00c9 cada vez mais frequente ouvir \u201ctinha trago\u201d ou \u201ctinha chego\u201d ferindo os ouvidos. Na linguagem oral n\u00e3o tem o famoso corretor do Google, que tamb\u00e9m pode mudar uma palavra por conta pr\u00f3pria, desvirtuando a linha de pensamento.<\/p>\n\n\n\n<div class=\"wp-block-image\"><figure class=\"aligncenter size-large\"><img loading=\"lazy\" decoding=\"async\" width=\"732\" height=\"412\" src=\"https:\/\/jornalfatosenoticias.com.br\/wp-content\/uploads\/2023\/11\/confusao-maracana2.jpg\" alt=\"\" class=\"wp-image-47178\" srcset=\"https:\/\/jornalfatosenoticias.com.br\/wp-content\/uploads\/2023\/11\/confusao-maracana2.jpg 732w, https:\/\/jornalfatosenoticias.com.br\/wp-content\/uploads\/2023\/11\/confusao-maracana2-300x169.jpg 300w\" sizes=\"auto, (max-width: 732px) 100vw, 732px\" \/><figcaption><em><span class=\"has-inline-color has-black-color\">(Foto: Reprodu\u00e7\u00e3o\/CNN Brasil)<\/span><\/em><\/figcaption><\/figure><\/div>\n\n\n\n<p>N\u00e3o sei se igual ou pior, h\u00e1 um roubo sem\u00e2ntico e um roubo de ideias e argumentos. Pessoas v\u00e3o perdendo o escr\u00fapulo e invertem um detalhe lhe surrupiando o que voc\u00ea fala e, com as mesmas palavras ou conceitos, dizem o exato contr\u00e1rio. Essa semana vi algu\u00e9m que reina nas acusa\u00e7\u00f5es de aliena\u00e7\u00e3o parental, \u201cexplicar\u2019 que a apresentadora que sofreu viol\u00eancia dom\u00e9stica na presen\u00e7a do filho crian\u00e7a, era mesmo viol\u00eancia e n\u00e3o era aliena\u00e7\u00e3o parental. Ser\u00e1 esse um ind\u00edcio que esse termo vai cair mesmo? A Viol\u00eancia Dom\u00e9stica praticada pelo genitor contra a m\u00e3e, acontece na presen\u00e7a das Crian\u00e7as em bem mais da metade dos casos.<\/p>\n\n\n\n<div class=\"wp-block-image\"><figure class=\"aligncenter size-large is-resized\"><img loading=\"lazy\" decoding=\"async\" src=\"https:\/\/jornalfatosenoticias.com.br\/wp-content\/uploads\/2020\/02\/logo-Rapuzel-1024x571.jpg\" alt=\"\" class=\"wp-image-42808\" width=\"345\" height=\"192\" srcset=\"https:\/\/jornalfatosenoticias.com.br\/wp-content\/uploads\/2020\/02\/logo-Rapuzel-1024x571.jpg 1024w, https:\/\/jornalfatosenoticias.com.br\/wp-content\/uploads\/2020\/02\/logo-Rapuzel-300x167.jpg 300w, https:\/\/jornalfatosenoticias.com.br\/wp-content\/uploads\/2020\/02\/logo-Rapuzel-768x428.jpg 768w, https:\/\/jornalfatosenoticias.com.br\/wp-content\/uploads\/2020\/02\/logo-Rapuzel-1536x856.jpg 1536w, https:\/\/jornalfatosenoticias.com.br\/wp-content\/uploads\/2020\/02\/logo-Rapuzel.jpg 1600w\" sizes=\"auto, (max-width: 345px) 100vw, 345px\" \/><\/figure><\/div>\n\n\n\n<p>O Feminic\u00eddio tamb\u00e9m \u00e9 assistido pelas Crian\u00e7as. H\u00e1 alguns anos tivemos um caso emblem\u00e1tico. A Ju\u00edza assassinada pelo ex-marido, genitor das tr\u00eas filhas que estavam junto e tentaram proteger a m\u00e3e das 16 facadas desferidas por ele.<br>Claro que as Crian\u00e7as assistem a essa barbaridade. E isso \u00e9 viol\u00eancia contra a Crian\u00e7a. D\u00f3i nela muito. Vendo ao vivo, ou vendo a m\u00e3e com o olho roxo e chorando de dor nas costelas, e assim permanecendo por alguns dias, a Crian\u00e7a foi espancada tamb\u00e9m. N\u00e3o existe um \u00fanico corpo que abriga um marido violento e um pai \u00f3timo. Bater na m\u00e3e \u00e9 bater na fam\u00edlia. \u00c9 s\u00f3 raciocinar se colocando no lugar da Crian\u00e7a em toda a sua vulnerabilidade.<\/p>\n\n\n\n<div class=\"wp-block-image\"><figure class=\"aligncenter size-large\"><img loading=\"lazy\" decoding=\"async\" width=\"612\" height=\"408\" src=\"https:\/\/jornalfatosenoticias.com.br\/wp-content\/uploads\/2023\/11\/violencia-domestica_istock.jpg\" alt=\"\" class=\"wp-image-47179\" srcset=\"https:\/\/jornalfatosenoticias.com.br\/wp-content\/uploads\/2023\/11\/violencia-domestica_istock.jpg 612w, https:\/\/jornalfatosenoticias.com.br\/wp-content\/uploads\/2023\/11\/violencia-domestica_istock-300x200.jpg 300w\" sizes=\"auto, (max-width: 612px) 100vw, 612px\" \/><figcaption><em><span class=\"has-inline-color has-black-color\">A viol\u00eancia contra a Mulher\/M\u00e3e se tornou muito sofisticada. Formas novas e distantes dos espancamentos ao corpo, hoje \u00e9 a alma que \u00e9 espancada<\/span><\/em> <em><span class=\"has-inline-color has-black-color\">(Foto: iStock)<\/span><\/em><\/figcaption><\/figure><\/div>\n\n\n\n<p>E a Escola segue fazendo falta. Pol\u00edticas diminuem o conte\u00fado para camuflar a fal\u00eancia da proposta pedag\u00f3gica. Os professores s\u00e3o desautorizados e desvalorizados. Cresce, na adolesc\u00eancia, a delinqu\u00eancia familiar e de pequeno \u00e2mbito que, hoje, se ganhar um minuto na internet, muda de dimens\u00e3o, assumindo tamanhos gigantescos e permanentes, quando destr\u00f3i as meninas. Esse \u00e9 o ensaio geral que praticam nas escolas para a escalada de viol\u00eancia da vida adulta. Nas Pol\u00edticas P\u00fablicas, onde o seu contraponto n\u00e3o existe na sua frente, vemos a barb\u00e1rie em todas os lugares sociais. <\/p>\n\n\n\n<div class=\"wp-block-image\"><figure class=\"aligncenter size-large is-resized\"><img loading=\"lazy\" decoding=\"async\" src=\"https:\/\/jornalfatosenoticias.com.br\/wp-content\/uploads\/2023\/07\/lacremoda.jpg\" alt=\"\" class=\"wp-image-43706\" width=\"329\" height=\"184\" srcset=\"https:\/\/jornalfatosenoticias.com.br\/wp-content\/uploads\/2023\/07\/lacremoda.jpg 1024w, https:\/\/jornalfatosenoticias.com.br\/wp-content\/uploads\/2023\/07\/lacremoda-300x168.jpg 300w, https:\/\/jornalfatosenoticias.com.br\/wp-content\/uploads\/2023\/07\/lacremoda-768x431.jpg 768w\" sizes=\"auto, (max-width: 329px) 100vw, 329px\" \/><\/figure><\/div>\n\n\n\n<p>A viol\u00eancia contra a Mulher\/M\u00e3e se tornou muito sofisticada. Formas novas e distantes dos espancamentos ao corpo, hoje \u00e9 a alma que \u00e9 espancada. Coagida, intimidada, acuada, a M\u00e3e\/Mulher \u00e9 oprimida ao proteger seu filho. Os influenciadores e influenciadoras, s\u00e3o motivo de orgulho e exposi\u00e7\u00e3o de seus seguidores e seguidoras, as antigas chamadas de \u201cmaria vai com as outras\u201d, servindo tamb\u00e9m para o masculino. O fanatismo, substantivo relativo \u00e0 figura de f\u00e3, n\u00e3o tem limite. E, muitas vezes, \u00e9 s\u00f3 um pequeno passo que \u00e9 dado para trocar um roqueiro ou uma cantora pop para dar continuidade ao fanatismo em outra esfera. Um \u201cchefe\u201d, um guru, surge e passa a dominar aquele adolescente.<\/p>\n\n\n\n<div class=\"wp-block-image\"><figure class=\"aligncenter size-large\"><img decoding=\"async\" src=\"https:\/\/jornalfatosenoticias.com.br\/wp-content\/uploads\/2020\/02\/logo_esteio.jpg\" alt=\"\" class=\"wp-image-1214\"\/><\/figure><\/div>\n\n\n\n<p>Hoje vi das nuvens aquelas imagens que modificam, plasticamente, a realidade do ch\u00e3o. Primeiro, uma colcha de retalhos formada pelos telhados das comunidades. E, a seguir, as formas geom\u00e9tricas de uma grande variedade de verdes. Fui convidada pelo CNS para participar de uma Reuni\u00e3o de grupos de trabalho sobre um termo de psicoci\u00eancia. Voz isolada em meio a tantas maravilhas ditas sobre essa seita, praticada no SUS, e em outros lugares que sobram para os habitantes da colcha de retalhos, percebi que no sil\u00eancio das pessoas que estavam ali, havia um interesse que foi se desenhando e se pronunciou em perguntas e coment\u00e1rios l\u00facidos. Consistente o suficiente em meio a esse onda de mentiras te\u00f3ricas e mentiras afetivas.<\/p>\n\n\n\n<div class=\"wp-block-image\"><figure class=\"aligncenter size-large is-resized\"><img loading=\"lazy\" decoding=\"async\" src=\"https:\/\/jornalfatosenoticias.com.br\/wp-content\/uploads\/2020\/02\/casa-do-torresmo_portal.jpg\" alt=\"\" class=\"wp-image-34472\" width=\"271\" height=\"271\" srcset=\"https:\/\/jornalfatosenoticias.com.br\/wp-content\/uploads\/2020\/02\/casa-do-torresmo_portal.jpg 300w, https:\/\/jornalfatosenoticias.com.br\/wp-content\/uploads\/2020\/02\/casa-do-torresmo_portal-150x150.jpg 150w\" sizes=\"auto, (max-width: 271px) 100vw, 271px\" \/><\/figure><\/div>\n\n\n\n<p>Seita aplicada em Mulheres\/M\u00e3es que s\u00e3o submetidas sob mais uma forma sofisticada de viol\u00eancia. A Revitimiza\u00e7\u00e3o com humilha\u00e7\u00e3o, em postura exigida de submiss\u00e3o pois seu inventor afirmava que a mulher \u00e9 subalterna ao homem, \u00e9 negada. E a Crian\u00e7a est\u00e1 ali. Assiste, sofre, ou cria uma casca para n\u00e3o sentir a dor da m\u00e3e. E, lhe resta no processo da identifica\u00e7\u00e3o, que faz parte de seu desenvolvimento, uma escolha adoecedora: se identificar com a m\u00e3e e instalar o aparato do oprimido para a vida dele, ou se identificar com o agressor, minimizar a dor da M\u00e3e, e trilhar o caminho do opressor. Afinal, essa situa\u00e7\u00e3o traum\u00e1tica continuada n\u00e3o lhe deixa a liberdade de construir seu pr\u00f3prio caminha. Impregnado pela aus\u00eancia de Responsabilidade Parental, do genitor que agride, da M\u00e3e que n\u00e3o reage, iludida pela ideia de que assim seria melhor para o filho. Ser\u00e1?<\/p>\n\n\n\n<div class=\"wp-block-image\"><figure class=\"aligncenter size-large is-resized\"><img loading=\"lazy\" decoding=\"async\" src=\"https:\/\/jornalfatosenoticias.com.br\/wp-content\/uploads\/2023\/08\/BKR-1024x1021.jpg\" alt=\"\" class=\"wp-image-44494\" width=\"288\" height=\"287\" srcset=\"https:\/\/jornalfatosenoticias.com.br\/wp-content\/uploads\/2023\/08\/BKR-1024x1021.jpg 1024w, https:\/\/jornalfatosenoticias.com.br\/wp-content\/uploads\/2023\/08\/BKR-300x300.jpg 300w, https:\/\/jornalfatosenoticias.com.br\/wp-content\/uploads\/2023\/08\/BKR-150x150.jpg 150w, https:\/\/jornalfatosenoticias.com.br\/wp-content\/uploads\/2023\/08\/BKR-768x766.jpg 768w, https:\/\/jornalfatosenoticias.com.br\/wp-content\/uploads\/2023\/08\/BKR.jpg 1080w\" sizes=\"auto, (max-width: 288px) 100vw, 288px\" \/><\/figure><\/div>\n","protected":false},"excerpt":{"rendered":"<p>A m\u00e3e, apesar do filhote estar quase de seu tamanho, continua a ter a atitude protetora e cuidadosa com o filho. Chama a minha aten\u00e7\u00e3o uma cena de selvageria na TV. Antes de come\u00e7ar um jogo, cercado por uma rivalidade que j\u00e1 ultrapassou, h\u00e1 muito, a competi\u00e7\u00e3o esportiva Os pequenos passarinhos s\u00e3o agora adolescentes. Um [&hellip;]<\/p>\n","protected":false},"author":8,"featured_media":47180,"comment_status":"open","ping_status":"open","sticky":false,"template":"","format":"standard","meta":{"footnotes":""},"categories":[2522],"tags":[670,6150,1910,1330],"class_list":["post-47177","post","type-post","status-publish","format-standard","has-post-thumbnail","hentry","category-comportamento","tag-criancas","tag-filhos","tag-protecao","tag-responsabilidade"],"yoast_head":"<!-- This site is optimized with the Yoast SEO plugin v26.5 - https:\/\/yoast.com\/wordpress\/plugins\/seo\/ -->\n<title>A Responsabilidade dos pais com os filhos, observando passarinhos e humanos \u2014 Parte IV - Jornal Fatos e Not\u00edcias<\/title>\n<meta name=\"robots\" content=\"index, follow, max-snippet:-1, max-image-preview:large, max-video-preview:-1\" \/>\n<link rel=\"canonical\" href=\"https:\/\/jornalfatosenoticias.com.br\/index.php\/2023\/11\/23\/a-responsabilidade-dos-pais-com-os-filhos-observando-passarinhos-e-humanos-parte-iv\/\" \/>\n<meta property=\"og:locale\" content=\"pt_BR\" \/>\n<meta property=\"og:type\" content=\"article\" \/>\n<meta property=\"og:title\" content=\"A Responsabilidade dos pais com os filhos, observando passarinhos e humanos \u2014 Parte IV - Jornal Fatos e Not\u00edcias\" \/>\n<meta property=\"og:description\" content=\"A m\u00e3e, apesar do filhote estar quase de seu tamanho, continua a ter a atitude protetora e cuidadosa com o filho. Chama a minha aten\u00e7\u00e3o uma cena de selvageria na TV. Antes de come\u00e7ar um jogo, cercado por uma rivalidade que j\u00e1 ultrapassou, h\u00e1 muito, a competi\u00e7\u00e3o esportiva Os pequenos passarinhos s\u00e3o agora adolescentes. Um [&hellip;]\" \/>\n<meta property=\"og:url\" content=\"https:\/\/jornalfatosenoticias.com.br\/index.php\/2023\/11\/23\/a-responsabilidade-dos-pais-com-os-filhos-observando-passarinhos-e-humanos-parte-iv\/\" \/>\n<meta property=\"og:site_name\" content=\"Jornal Fatos e Not\u00edcias\" \/>\n<meta property=\"article:published_time\" content=\"2023-11-23T22:43:29+00:00\" \/>\n<meta property=\"article:modified_time\" content=\"2023-11-23T22:43:52+00:00\" \/>\n<meta property=\"og:image\" content=\"https:\/\/jornalfatosenoticias.com.br\/wp-content\/uploads\/2023\/11\/mamae-passarinho_istock.jpg\" \/>\n\t<meta property=\"og:image:width\" content=\"612\" \/>\n\t<meta property=\"og:image:height\" content=\"406\" \/>\n\t<meta property=\"og:image:type\" content=\"image\/jpeg\" \/>\n<meta name=\"author\" content=\"Ana Maria Iencarelli\" \/>\n<meta name=\"twitter:card\" content=\"summary_large_image\" \/>\n<meta name=\"twitter:label1\" content=\"Escrito por\" \/>\n\t<meta name=\"twitter:data1\" content=\"Ana Maria Iencarelli\" \/>\n\t<meta name=\"twitter:label2\" content=\"Est. tempo de leitura\" \/>\n\t<meta name=\"twitter:data2\" content=\"6 minutos\" \/>\n<script type=\"application\/ld+json\" class=\"yoast-schema-graph\">{\"@context\":\"https:\/\/schema.org\",\"@graph\":[{\"@type\":\"Article\",\"@id\":\"https:\/\/jornalfatosenoticias.com.br\/index.php\/2023\/11\/23\/a-responsabilidade-dos-pais-com-os-filhos-observando-passarinhos-e-humanos-parte-iv\/#article\",\"isPartOf\":{\"@id\":\"https:\/\/jornalfatosenoticias.com.br\/index.php\/2023\/11\/23\/a-responsabilidade-dos-pais-com-os-filhos-observando-passarinhos-e-humanos-parte-iv\/\"},\"author\":{\"name\":\"Ana Maria Iencarelli\",\"@id\":\"https:\/\/jornalfatosenoticias.com.br\/#\/schema\/person\/c33fcf5fb02d729d3fec92c6737a22d1\"},\"headline\":\"A Responsabilidade dos pais com os filhos, observando passarinhos e humanos \u2014 Parte IV\",\"datePublished\":\"2023-11-23T22:43:29+00:00\",\"dateModified\":\"2023-11-23T22:43:52+00:00\",\"mainEntityOfPage\":{\"@id\":\"https:\/\/jornalfatosenoticias.com.br\/index.php\/2023\/11\/23\/a-responsabilidade-dos-pais-com-os-filhos-observando-passarinhos-e-humanos-parte-iv\/\"},\"wordCount\":1270,\"commentCount\":0,\"publisher\":{\"@id\":\"https:\/\/jornalfatosenoticias.com.br\/#organization\"},\"image\":{\"@id\":\"https:\/\/jornalfatosenoticias.com.br\/index.php\/2023\/11\/23\/a-responsabilidade-dos-pais-com-os-filhos-observando-passarinhos-e-humanos-parte-iv\/#primaryimage\"},\"thumbnailUrl\":\"https:\/\/jornalfatosenoticias.com.br\/wp-content\/uploads\/2023\/11\/mamae-passarinho_istock.jpg\",\"keywords\":[\"crian\u00e7as\",\"filhos\",\"prote\u00e7\u00e3o\",\"responsabilidade\"],\"articleSection\":[\"Comportamento &amp; Equil\u00edbrio\"],\"inLanguage\":\"pt-BR\",\"potentialAction\":[{\"@type\":\"CommentAction\",\"name\":\"Comment\",\"target\":[\"https:\/\/jornalfatosenoticias.com.br\/index.php\/2023\/11\/23\/a-responsabilidade-dos-pais-com-os-filhos-observando-passarinhos-e-humanos-parte-iv\/#respond\"]}]},{\"@type\":\"WebPage\",\"@id\":\"https:\/\/jornalfatosenoticias.com.br\/index.php\/2023\/11\/23\/a-responsabilidade-dos-pais-com-os-filhos-observando-passarinhos-e-humanos-parte-iv\/\",\"url\":\"https:\/\/jornalfatosenoticias.com.br\/index.php\/2023\/11\/23\/a-responsabilidade-dos-pais-com-os-filhos-observando-passarinhos-e-humanos-parte-iv\/\",\"name\":\"A Responsabilidade dos pais com os filhos, observando passarinhos e humanos \u2014 Parte IV - Jornal Fatos e Not\u00edcias\",\"isPartOf\":{\"@id\":\"https:\/\/jornalfatosenoticias.com.br\/#website\"},\"primaryImageOfPage\":{\"@id\":\"https:\/\/jornalfatosenoticias.com.br\/index.php\/2023\/11\/23\/a-responsabilidade-dos-pais-com-os-filhos-observando-passarinhos-e-humanos-parte-iv\/#primaryimage\"},\"image\":{\"@id\":\"https:\/\/jornalfatosenoticias.com.br\/index.php\/2023\/11\/23\/a-responsabilidade-dos-pais-com-os-filhos-observando-passarinhos-e-humanos-parte-iv\/#primaryimage\"},\"thumbnailUrl\":\"https:\/\/jornalfatosenoticias.com.br\/wp-content\/uploads\/2023\/11\/mamae-passarinho_istock.jpg\",\"datePublished\":\"2023-11-23T22:43:29+00:00\",\"dateModified\":\"2023-11-23T22:43:52+00:00\",\"breadcrumb\":{\"@id\":\"https:\/\/jornalfatosenoticias.com.br\/index.php\/2023\/11\/23\/a-responsabilidade-dos-pais-com-os-filhos-observando-passarinhos-e-humanos-parte-iv\/#breadcrumb\"},\"inLanguage\":\"pt-BR\",\"potentialAction\":[{\"@type\":\"ReadAction\",\"target\":[\"https:\/\/jornalfatosenoticias.com.br\/index.php\/2023\/11\/23\/a-responsabilidade-dos-pais-com-os-filhos-observando-passarinhos-e-humanos-parte-iv\/\"]}]},{\"@type\":\"ImageObject\",\"inLanguage\":\"pt-BR\",\"@id\":\"https:\/\/jornalfatosenoticias.com.br\/index.php\/2023\/11\/23\/a-responsabilidade-dos-pais-com-os-filhos-observando-passarinhos-e-humanos-parte-iv\/#primaryimage\",\"url\":\"https:\/\/jornalfatosenoticias.com.br\/wp-content\/uploads\/2023\/11\/mamae-passarinho_istock.jpg\",\"contentUrl\":\"https:\/\/jornalfatosenoticias.com.br\/wp-content\/uploads\/2023\/11\/mamae-passarinho_istock.jpg\",\"width\":612,\"height\":406,\"caption\":\"Wood Thrush, at the nest, feeding hungry chicks\"},{\"@type\":\"BreadcrumbList\",\"@id\":\"https:\/\/jornalfatosenoticias.com.br\/index.php\/2023\/11\/23\/a-responsabilidade-dos-pais-com-os-filhos-observando-passarinhos-e-humanos-parte-iv\/#breadcrumb\",\"itemListElement\":[{\"@type\":\"ListItem\",\"position\":1,\"name\":\"In\u00edcio\",\"item\":\"https:\/\/jornalfatosenoticias.com.br\/\"},{\"@type\":\"ListItem\",\"position\":2,\"name\":\"A Responsabilidade dos pais com os filhos, observando passarinhos e humanos \u2014 Parte IV\"}]},{\"@type\":\"WebSite\",\"@id\":\"https:\/\/jornalfatosenoticias.com.br\/#website\",\"url\":\"https:\/\/jornalfatosenoticias.com.br\/\",\"name\":\"Jornal Fatos e Not\u00edcias\",\"description\":\"Not\u00edcias em geral\",\"publisher\":{\"@id\":\"https:\/\/jornalfatosenoticias.com.br\/#organization\"},\"potentialAction\":[{\"@type\":\"SearchAction\",\"target\":{\"@type\":\"EntryPoint\",\"urlTemplate\":\"https:\/\/jornalfatosenoticias.com.br\/?s={search_term_string}\"},\"query-input\":{\"@type\":\"PropertyValueSpecification\",\"valueRequired\":true,\"valueName\":\"search_term_string\"}}],\"inLanguage\":\"pt-BR\"},{\"@type\":\"Organization\",\"@id\":\"https:\/\/jornalfatosenoticias.com.br\/#organization\",\"name\":\"Jornal Fatos e Not\u00edcias\",\"url\":\"https:\/\/jornalfatosenoticias.com.br\/\",\"logo\":{\"@type\":\"ImageObject\",\"inLanguage\":\"pt-BR\",\"@id\":\"https:\/\/jornalfatosenoticias.com.br\/#\/schema\/logo\/image\/\",\"url\":\"https:\/\/jornalfatosenoticias.com.br\/wp-content\/uploads\/2020\/02\/logo120.png\",\"contentUrl\":\"https:\/\/jornalfatosenoticias.com.br\/wp-content\/uploads\/2020\/02\/logo120.png\",\"width\":1227,\"height\":120,\"caption\":\"Jornal Fatos e Not\u00edcias\"},\"image\":{\"@id\":\"https:\/\/jornalfatosenoticias.com.br\/#\/schema\/logo\/image\/\"}},{\"@type\":\"Person\",\"@id\":\"https:\/\/jornalfatosenoticias.com.br\/#\/schema\/person\/c33fcf5fb02d729d3fec92c6737a22d1\",\"name\":\"Ana Maria Iencarelli\",\"image\":{\"@type\":\"ImageObject\",\"inLanguage\":\"pt-BR\",\"@id\":\"https:\/\/jornalfatosenoticias.com.br\/#\/schema\/person\/image\/\",\"url\":\"https:\/\/jornalfatosenoticias.com.br\/wp-content\/uploads\/2020\/02\/Ana-Maria-Iencarelli-1-150x150.jpg\",\"contentUrl\":\"https:\/\/jornalfatosenoticias.com.br\/wp-content\/uploads\/2020\/02\/Ana-Maria-Iencarelli-1-150x150.jpg\",\"caption\":\"Ana Maria Iencarelli\"},\"description\":\"Psicanalista Cl\u00ednica, especializada no atendimento a Crian\u00e7as e Adolescentes. Presidente da ONG Vozes de Anjos.\",\"url\":\"https:\/\/jornalfatosenoticias.com.br\/index.php\/author\/anamaria\/\"}]}<\/script>\n<!-- \/ Yoast SEO plugin. -->","yoast_head_json":{"title":"A Responsabilidade dos pais com os filhos, observando passarinhos e humanos \u2014 Parte IV - Jornal Fatos e Not\u00edcias","robots":{"index":"index","follow":"follow","max-snippet":"max-snippet:-1","max-image-preview":"max-image-preview:large","max-video-preview":"max-video-preview:-1"},"canonical":"https:\/\/jornalfatosenoticias.com.br\/index.php\/2023\/11\/23\/a-responsabilidade-dos-pais-com-os-filhos-observando-passarinhos-e-humanos-parte-iv\/","og_locale":"pt_BR","og_type":"article","og_title":"A Responsabilidade dos pais com os filhos, observando passarinhos e humanos \u2014 Parte IV - Jornal Fatos e Not\u00edcias","og_description":"A m\u00e3e, apesar do filhote estar quase de seu tamanho, continua a ter a atitude protetora e cuidadosa com o filho. Chama a minha aten\u00e7\u00e3o uma cena de selvageria na TV. Antes de come\u00e7ar um jogo, cercado por uma rivalidade que j\u00e1 ultrapassou, h\u00e1 muito, a competi\u00e7\u00e3o esportiva Os pequenos passarinhos s\u00e3o agora adolescentes. Um [&hellip;]","og_url":"https:\/\/jornalfatosenoticias.com.br\/index.php\/2023\/11\/23\/a-responsabilidade-dos-pais-com-os-filhos-observando-passarinhos-e-humanos-parte-iv\/","og_site_name":"Jornal Fatos e Not\u00edcias","article_published_time":"2023-11-23T22:43:29+00:00","article_modified_time":"2023-11-23T22:43:52+00:00","og_image":[{"width":612,"height":406,"url":"https:\/\/jornalfatosenoticias.com.br\/wp-content\/uploads\/2023\/11\/mamae-passarinho_istock.jpg","type":"image\/jpeg"}],"author":"Ana Maria Iencarelli","twitter_card":"summary_large_image","twitter_misc":{"Escrito por":"Ana Maria Iencarelli","Est. tempo de leitura":"6 minutos"},"schema":{"@context":"https:\/\/schema.org","@graph":[{"@type":"Article","@id":"https:\/\/jornalfatosenoticias.com.br\/index.php\/2023\/11\/23\/a-responsabilidade-dos-pais-com-os-filhos-observando-passarinhos-e-humanos-parte-iv\/#article","isPartOf":{"@id":"https:\/\/jornalfatosenoticias.com.br\/index.php\/2023\/11\/23\/a-responsabilidade-dos-pais-com-os-filhos-observando-passarinhos-e-humanos-parte-iv\/"},"author":{"name":"Ana Maria Iencarelli","@id":"https:\/\/jornalfatosenoticias.com.br\/#\/schema\/person\/c33fcf5fb02d729d3fec92c6737a22d1"},"headline":"A Responsabilidade dos pais com os filhos, observando passarinhos e humanos \u2014 Parte IV","datePublished":"2023-11-23T22:43:29+00:00","dateModified":"2023-11-23T22:43:52+00:00","mainEntityOfPage":{"@id":"https:\/\/jornalfatosenoticias.com.br\/index.php\/2023\/11\/23\/a-responsabilidade-dos-pais-com-os-filhos-observando-passarinhos-e-humanos-parte-iv\/"},"wordCount":1270,"commentCount":0,"publisher":{"@id":"https:\/\/jornalfatosenoticias.com.br\/#organization"},"image":{"@id":"https:\/\/jornalfatosenoticias.com.br\/index.php\/2023\/11\/23\/a-responsabilidade-dos-pais-com-os-filhos-observando-passarinhos-e-humanos-parte-iv\/#primaryimage"},"thumbnailUrl":"https:\/\/jornalfatosenoticias.com.br\/wp-content\/uploads\/2023\/11\/mamae-passarinho_istock.jpg","keywords":["crian\u00e7as","filhos","prote\u00e7\u00e3o","responsabilidade"],"articleSection":["Comportamento &amp; Equil\u00edbrio"],"inLanguage":"pt-BR","potentialAction":[{"@type":"CommentAction","name":"Comment","target":["https:\/\/jornalfatosenoticias.com.br\/index.php\/2023\/11\/23\/a-responsabilidade-dos-pais-com-os-filhos-observando-passarinhos-e-humanos-parte-iv\/#respond"]}]},{"@type":"WebPage","@id":"https:\/\/jornalfatosenoticias.com.br\/index.php\/2023\/11\/23\/a-responsabilidade-dos-pais-com-os-filhos-observando-passarinhos-e-humanos-parte-iv\/","url":"https:\/\/jornalfatosenoticias.com.br\/index.php\/2023\/11\/23\/a-responsabilidade-dos-pais-com-os-filhos-observando-passarinhos-e-humanos-parte-iv\/","name":"A Responsabilidade dos pais com os filhos, observando passarinhos e humanos \u2014 Parte IV - Jornal Fatos e Not\u00edcias","isPartOf":{"@id":"https:\/\/jornalfatosenoticias.com.br\/#website"},"primaryImageOfPage":{"@id":"https:\/\/jornalfatosenoticias.com.br\/index.php\/2023\/11\/23\/a-responsabilidade-dos-pais-com-os-filhos-observando-passarinhos-e-humanos-parte-iv\/#primaryimage"},"image":{"@id":"https:\/\/jornalfatosenoticias.com.br\/index.php\/2023\/11\/23\/a-responsabilidade-dos-pais-com-os-filhos-observando-passarinhos-e-humanos-parte-iv\/#primaryimage"},"thumbnailUrl":"https:\/\/jornalfatosenoticias.com.br\/wp-content\/uploads\/2023\/11\/mamae-passarinho_istock.jpg","datePublished":"2023-11-23T22:43:29+00:00","dateModified":"2023-11-23T22:43:52+00:00","breadcrumb":{"@id":"https:\/\/jornalfatosenoticias.com.br\/index.php\/2023\/11\/23\/a-responsabilidade-dos-pais-com-os-filhos-observando-passarinhos-e-humanos-parte-iv\/#breadcrumb"},"inLanguage":"pt-BR","potentialAction":[{"@type":"ReadAction","target":["https:\/\/jornalfatosenoticias.com.br\/index.php\/2023\/11\/23\/a-responsabilidade-dos-pais-com-os-filhos-observando-passarinhos-e-humanos-parte-iv\/"]}]},{"@type":"ImageObject","inLanguage":"pt-BR","@id":"https:\/\/jornalfatosenoticias.com.br\/index.php\/2023\/11\/23\/a-responsabilidade-dos-pais-com-os-filhos-observando-passarinhos-e-humanos-parte-iv\/#primaryimage","url":"https:\/\/jornalfatosenoticias.com.br\/wp-content\/uploads\/2023\/11\/mamae-passarinho_istock.jpg","contentUrl":"https:\/\/jornalfatosenoticias.com.br\/wp-content\/uploads\/2023\/11\/mamae-passarinho_istock.jpg","width":612,"height":406,"caption":"Wood Thrush, at the nest, feeding hungry chicks"},{"@type":"BreadcrumbList","@id":"https:\/\/jornalfatosenoticias.com.br\/index.php\/2023\/11\/23\/a-responsabilidade-dos-pais-com-os-filhos-observando-passarinhos-e-humanos-parte-iv\/#breadcrumb","itemListElement":[{"@type":"ListItem","position":1,"name":"In\u00edcio","item":"https:\/\/jornalfatosenoticias.com.br\/"},{"@type":"ListItem","position":2,"name":"A Responsabilidade dos pais com os filhos, observando passarinhos e humanos \u2014 Parte IV"}]},{"@type":"WebSite","@id":"https:\/\/jornalfatosenoticias.com.br\/#website","url":"https:\/\/jornalfatosenoticias.com.br\/","name":"Jornal Fatos e Not\u00edcias","description":"Not\u00edcias em geral","publisher":{"@id":"https:\/\/jornalfatosenoticias.com.br\/#organization"},"potentialAction":[{"@type":"SearchAction","target":{"@type":"EntryPoint","urlTemplate":"https:\/\/jornalfatosenoticias.com.br\/?s={search_term_string}"},"query-input":{"@type":"PropertyValueSpecification","valueRequired":true,"valueName":"search_term_string"}}],"inLanguage":"pt-BR"},{"@type":"Organization","@id":"https:\/\/jornalfatosenoticias.com.br\/#organization","name":"Jornal Fatos e Not\u00edcias","url":"https:\/\/jornalfatosenoticias.com.br\/","logo":{"@type":"ImageObject","inLanguage":"pt-BR","@id":"https:\/\/jornalfatosenoticias.com.br\/#\/schema\/logo\/image\/","url":"https:\/\/jornalfatosenoticias.com.br\/wp-content\/uploads\/2020\/02\/logo120.png","contentUrl":"https:\/\/jornalfatosenoticias.com.br\/wp-content\/uploads\/2020\/02\/logo120.png","width":1227,"height":120,"caption":"Jornal Fatos e Not\u00edcias"},"image":{"@id":"https:\/\/jornalfatosenoticias.com.br\/#\/schema\/logo\/image\/"}},{"@type":"Person","@id":"https:\/\/jornalfatosenoticias.com.br\/#\/schema\/person\/c33fcf5fb02d729d3fec92c6737a22d1","name":"Ana Maria Iencarelli","image":{"@type":"ImageObject","inLanguage":"pt-BR","@id":"https:\/\/jornalfatosenoticias.com.br\/#\/schema\/person\/image\/","url":"https:\/\/jornalfatosenoticias.com.br\/wp-content\/uploads\/2020\/02\/Ana-Maria-Iencarelli-1-150x150.jpg","contentUrl":"https:\/\/jornalfatosenoticias.com.br\/wp-content\/uploads\/2020\/02\/Ana-Maria-Iencarelli-1-150x150.jpg","caption":"Ana Maria Iencarelli"},"description":"Psicanalista Cl\u00ednica, especializada no atendimento a Crian\u00e7as e Adolescentes. Presidente da ONG Vozes de Anjos.","url":"https:\/\/jornalfatosenoticias.com.br\/index.php\/author\/anamaria\/"}]}},"cc_featured_image_caption":{"caption_text":"(Foto: iStock) ","source_text":"","source_url":""},"jetpack_featured_media_url":"https:\/\/jornalfatosenoticias.com.br\/wp-content\/uploads\/2023\/11\/mamae-passarinho_istock.jpg","_links":{"self":[{"href":"https:\/\/jornalfatosenoticias.com.br\/index.php\/wp-json\/wp\/v2\/posts\/47177","targetHints":{"allow":["GET"]}}],"collection":[{"href":"https:\/\/jornalfatosenoticias.com.br\/index.php\/wp-json\/wp\/v2\/posts"}],"about":[{"href":"https:\/\/jornalfatosenoticias.com.br\/index.php\/wp-json\/wp\/v2\/types\/post"}],"author":[{"embeddable":true,"href":"https:\/\/jornalfatosenoticias.com.br\/index.php\/wp-json\/wp\/v2\/users\/8"}],"replies":[{"embeddable":true,"href":"https:\/\/jornalfatosenoticias.com.br\/index.php\/wp-json\/wp\/v2\/comments?post=47177"}],"version-history":[{"count":0,"href":"https:\/\/jornalfatosenoticias.com.br\/index.php\/wp-json\/wp\/v2\/posts\/47177\/revisions"}],"wp:featuredmedia":[{"embeddable":true,"href":"https:\/\/jornalfatosenoticias.com.br\/index.php\/wp-json\/wp\/v2\/media\/47180"}],"wp:attachment":[{"href":"https:\/\/jornalfatosenoticias.com.br\/index.php\/wp-json\/wp\/v2\/media?parent=47177"}],"wp:term":[{"taxonomy":"category","embeddable":true,"href":"https:\/\/jornalfatosenoticias.com.br\/index.php\/wp-json\/wp\/v2\/categories?post=47177"},{"taxonomy":"post_tag","embeddable":true,"href":"https:\/\/jornalfatosenoticias.com.br\/index.php\/wp-json\/wp\/v2\/tags?post=47177"}],"curies":[{"name":"wp","href":"https:\/\/api.w.org\/{rel}","templated":true}]}}