{"id":47245,"date":"2023-11-27T16:21:11","date_gmt":"2023-11-27T19:21:11","guid":{"rendered":"https:\/\/jornalfatosenoticias.com.br\/?p=47245"},"modified":"2023-11-27T16:21:13","modified_gmt":"2023-11-27T19:21:13","slug":"governo-envia-projeto-para-bndes-voltar-a-emprestar-a-outros-paises-oposicao-ve-escarnio","status":"publish","type":"post","link":"https:\/\/jornalfatosenoticias.com.br\/index.php\/2023\/11\/27\/governo-envia-projeto-para-bndes-voltar-a-emprestar-a-outros-paises-oposicao-ve-escarnio\/","title":{"rendered":"Governo envia projeto para BNDES voltar a emprestar a outros pa\u00edses; oposi\u00e7\u00e3o v\u00ea \u201cesc\u00e1rnio\u201d"},"content":{"rendered":"\n<p><em><span class=\"has-inline-color has-black-color\">Aloizio Mercadante, presidente do BNDES, e Lula: governo quer que banco de fomento possa retomar empr\u00e9stimos a outros pa\u00edses<\/span><\/em><\/p>\n\n\n\n<p><span class=\"has-inline-color has-black-color\">Por <strong><a href=\"https:\/\/www.gazetadopovo.com.br\/autor\/rose-amantea\/\">Rose Amant\u00e9a<\/a><\/strong> e <strong><a href=\"https:\/\/www.gazetadopovo.com.br\/autor\/guilherme-grandi\/\">Guilherme Grandi<\/a><\/strong><\/span><\/p>\n\n\n\n<div class=\"wp-block-image\"><figure class=\"aligncenter size-large\"><img loading=\"lazy\" decoding=\"async\" width=\"729\" height=\"90\" src=\"https:\/\/jornalfatosenoticias.com.br\/wp-content\/uploads\/2020\/02\/Logo_Mizu.png\" alt=\"\" class=\"wp-image-1441\" srcset=\"https:\/\/jornalfatosenoticias.com.br\/wp-content\/uploads\/2020\/02\/Logo_Mizu.png 729w, https:\/\/jornalfatosenoticias.com.br\/wp-content\/uploads\/2020\/02\/Logo_Mizu-300x37.png 300w\" sizes=\"auto, (max-width: 729px) 100vw, 729px\" \/><\/figure><\/div>\n\n\n\n<p>O Banco Nacional de Desenvolvimento Econ\u00f4mico e Social (BNDES) poder\u00e1 voltar a financiar obras e outros servi\u00e7os prestados por empresas brasileiras no exterior caso um projeto de lei enviado nesta segunda-feira (27) pelo Executivo seja aprovado pelo Congresso Nacional.<br>A oposi\u00e7\u00e3o v\u00ea a proposta como um &#8220;esc\u00e1rnio&#8221; com o er\u00e1rio e a popula\u00e7\u00e3o. Empr\u00e9stimos do BNDES a pa\u00edses ditos &#8220;amigos&#8221;, para financiar obras tocadas por empreiteiras brasileiras, foram uma marca de gest\u00f5es petistas anteriores. Nem todos foram pagos.<br>Segundo o governo, a inten\u00e7\u00e3o do projeto de lei \u00e9 permitir mais competitividade e mercado aos empres\u00e1rios nacionais, a exemplo do que \u00e9 feito em mais de 90 pa\u00edses, entre eles Estados Unidos, Su\u00e9cia, Canad\u00e1 e China. O Planalto diz que a medida vale a constru\u00e7\u00e3o civil e tamb\u00e9m outras \u00e1reas, como engenharia de software, audiovisual e m\u00e1quinas e equipamentos.<\/p>\n\n\n\n<div class=\"wp-block-image\"><figure class=\"aligncenter size-large is-resized\"><img loading=\"lazy\" decoding=\"async\" src=\"https:\/\/jornalfatosenoticias.com.br\/wp-content\/uploads\/2022\/02\/Precisao-Contabilidade-1024x724.jpg\" alt=\"\" class=\"wp-image-28088\" width=\"364\" height=\"257\"\/><\/figure><\/div>\n\n\n\n<blockquote class=\"wp-block-quote is-layout-flow wp-block-quote-is-layout-flow\"><p><span class=\"has-inline-color has-luminous-vivid-orange-color\">A ideia \u00e9 integrar o Brasil \u00e0s melhores pr\u00e1ticas internacionais, com transpar\u00eancia, seguran\u00e7a no processo e regras claras&#8221;, afirmou, em nota, Jos\u00e9 Lu\u00eds Gordon, diretor de Desenvolvimento Produtivo, Inova\u00e7\u00e3o e Com\u00e9rcio Exterior do BNDES.<\/span><\/p><\/blockquote>\n\n\n\n<div class=\"wp-block-image\"><figure class=\"aligncenter size-large\"><img decoding=\"async\" src=\"https:\/\/jornalfatosenoticias.com.br\/wp-content\/uploads\/2020\/02\/barao-das-carnes-300x164-1.jpg\" alt=\"\" class=\"wp-image-34339\"\/><\/figure><\/div>\n\n\n\n<p>Segundo ele, o financiamento p\u00fablico para empresas que comercializam com pa\u00edses estrangeiros chega a 20% em alguns pa\u00edses desenvolvidos, mas n\u00e3o passa de 0,3% no Brasil. Essa modalidade de cr\u00e9dito est\u00e1 suspensa desde 2016, quando grandes construtoras do Pa\u00eds beneficiadas pelos financiamentos foram investigadas por corrup\u00e7\u00e3o na Opera\u00e7\u00e3o Lava Jato.<\/p>\n\n\n\n<div class=\"wp-block-image\"><figure class=\"aligncenter size-large\"><img decoding=\"async\" src=\"https:\/\/jornalfatosenoticias.com.br\/wp-content\/uploads\/2020\/02\/logo_esteio.jpg\" alt=\"\" class=\"wp-image-1214\"\/><\/figure><\/div>\n\n\n\n<blockquote class=\"wp-block-quote is-layout-flow wp-block-quote-is-layout-flow\"><p>Entre as obras pol\u00eamicas financiadas nos governos petistas anteriores est\u00e3o o metr\u00f4 de Caracas, na Venezuela, e o Porto de Mariel, em Cuba. Junto com Mo\u00e7ambique, os tr\u00eas pa\u00edses devem US$ 463 milh\u00f5es ao banco de fomento, ou perto de R$ 2,27 bilh\u00f5es.<\/p><\/blockquote>\n\n\n\n<div class=\"wp-block-image\"><figure class=\"aligncenter size-large is-resized\"><img loading=\"lazy\" decoding=\"async\" src=\"https:\/\/jornalfatosenoticias.com.br\/wp-content\/uploads\/2023\/08\/BKR-1024x1021.jpg\" alt=\"\" class=\"wp-image-44494\" width=\"308\" height=\"307\" srcset=\"https:\/\/jornalfatosenoticias.com.br\/wp-content\/uploads\/2023\/08\/BKR-1024x1021.jpg 1024w, https:\/\/jornalfatosenoticias.com.br\/wp-content\/uploads\/2023\/08\/BKR-300x300.jpg 300w, https:\/\/jornalfatosenoticias.com.br\/wp-content\/uploads\/2023\/08\/BKR-150x150.jpg 150w, https:\/\/jornalfatosenoticias.com.br\/wp-content\/uploads\/2023\/08\/BKR-768x766.jpg 768w, https:\/\/jornalfatosenoticias.com.br\/wp-content\/uploads\/2023\/08\/BKR.jpg 1080w\" sizes=\"auto, (max-width: 308px) 100vw, 308px\" \/><\/figure><\/div>\n\n\n\n<p>O texto do projeto de lei diz que &#8220;\u00e9 proibida, nos financiamentos \u00e0 exporta\u00e7\u00e3o de servi\u00e7os, a concess\u00e3o de novas opera\u00e7\u00f5es de cr\u00e9dito entre o BNDES e as pessoas jur\u00eddicas de direito p\u00fablico externo inadimplentes com a Rep\u00fablica Federativa do Brasil&#8221;. A veda\u00e7\u00e3o a empr\u00e9stimos para inadimplentes j\u00e1 existe nas normas internas do BNDES, mas a ideia \u00e9 reduzir resist\u00eancias ao projeto, especificando a restri\u00e7\u00e3o em lei.<\/p>\n\n\n\n<div class=\"wp-block-image\"><figure class=\"aligncenter size-large is-resized\"><img loading=\"lazy\" decoding=\"async\" src=\"https:\/\/jornalfatosenoticias.com.br\/wp-content\/uploads\/2023\/09\/vetorvix1024_1.jpg\" alt=\"\" class=\"wp-image-44868\" width=\"430\" height=\"114\" srcset=\"https:\/\/jornalfatosenoticias.com.br\/wp-content\/uploads\/2023\/09\/vetorvix1024_1.jpg 1024w, https:\/\/jornalfatosenoticias.com.br\/wp-content\/uploads\/2023\/09\/vetorvix1024_1-300x80.jpg 300w, https:\/\/jornalfatosenoticias.com.br\/wp-content\/uploads\/2023\/09\/vetorvix1024_1-768x205.jpg 768w\" sizes=\"auto, (max-width: 430px) 100vw, 430px\" \/><\/figure><\/div>\n\n\n\n<p>O l\u00edder da oposi\u00e7\u00e3o na C\u00e2mara dos Deputados, Carlos Jordy (PL-RJ), diz n\u00e3o acreditar que a proposta prospere. &#8220;N\u00e3o creio que tenha for\u00e7a para ser aprovada no Congresso. Isso seria um esc\u00e1rnio com o er\u00e1rio p\u00fablico e com o povo brasileiro&#8221;, afirmou o deputado \u00e0 Gazeta do Povo.<\/p>\n\n\n\n<div class=\"wp-block-image\"><figure class=\"aligncenter size-large is-resized\"><img loading=\"lazy\" decoding=\"async\" src=\"https:\/\/jornalfatosenoticias.com.br\/wp-content\/uploads\/2023\/11\/cromotec.jpg\" alt=\"\" class=\"wp-image-46804\" width=\"319\" height=\"190\" srcset=\"https:\/\/jornalfatosenoticias.com.br\/wp-content\/uploads\/2023\/11\/cromotec.jpg 453w, https:\/\/jornalfatosenoticias.com.br\/wp-content\/uploads\/2023\/11\/cromotec-300x179.jpg 300w\" sizes=\"auto, (max-width: 319px) 100vw, 319px\" \/><\/figure><\/div>\n\n\n\n<blockquote class=\"wp-block-quote is-layout-flow wp-block-quote-is-layout-flow\"><p><span class=\"has-inline-color has-luminous-vivid-orange-color\">Mesmo dizendo que pa\u00edses inadimplentes n\u00e3o poderiam ser beneficiados com o projeto, h\u00e1 a possibilidade de que possam renegociar formalmente a d\u00edvida e assim poderiam receber investimentos do BNDES&#8221;, acrescentou.<\/span><\/p><\/blockquote>\n\n\n\n<div class=\"wp-block-image\"><figure class=\"aligncenter size-large is-resized\"><img loading=\"lazy\" decoding=\"async\" src=\"https:\/\/jornalfatosenoticias.com.br\/wp-content\/uploads\/2023\/07\/lacremoda.jpg\" alt=\"\" class=\"wp-image-43706\" width=\"352\" height=\"197\" srcset=\"https:\/\/jornalfatosenoticias.com.br\/wp-content\/uploads\/2023\/07\/lacremoda.jpg 1024w, https:\/\/jornalfatosenoticias.com.br\/wp-content\/uploads\/2023\/07\/lacremoda-300x168.jpg 300w, https:\/\/jornalfatosenoticias.com.br\/wp-content\/uploads\/2023\/07\/lacremoda-768x431.jpg 768w\" sizes=\"auto, (max-width: 352px) 100vw, 352px\" \/><\/figure><\/div>\n\n\n\n<p>Jordy lembra que j\u00e1 existe em tramita\u00e7\u00e3o uma proposta de emenda \u00e0 Constitui\u00e7\u00e3o (PEC) em sentido contr\u00e1rio, dando aos parlamentares o poder de vetar opera\u00e7\u00f5es do BNDES no exterior.<\/p>\n\n\n\n<blockquote class=\"wp-block-quote is-layout-flow wp-block-quote-is-layout-flow\"><p><span class=\"has-inline-color has-luminous-vivid-orange-color\">O projeto vai totalmente na contram\u00e3o do bom senso e do que pede a popula\u00e7\u00e3o, que \u00e9 transpar\u00eancia e limita\u00e7\u00e3o \u00e0s transfer\u00eancias de recursos para outros pa\u00edses. Vamos trabalhar pela aprova\u00e7\u00e3o da PEC 3\/2023, do deputado Mendon\u00e7a Filho, para garantir isto&#8221;, afirmou.<\/span><\/p><\/blockquote>\n\n\n\n<div class=\"wp-block-image\"><figure class=\"aligncenter size-large is-resized\"><img loading=\"lazy\" decoding=\"async\" src=\"https:\/\/jornalfatosenoticias.com.br\/wp-content\/uploads\/2020\/02\/logo-Rapuzel-1024x571.jpg\" alt=\"\" class=\"wp-image-42808\" width=\"372\" height=\"207\" srcset=\"https:\/\/jornalfatosenoticias.com.br\/wp-content\/uploads\/2020\/02\/logo-Rapuzel-1024x571.jpg 1024w, https:\/\/jornalfatosenoticias.com.br\/wp-content\/uploads\/2020\/02\/logo-Rapuzel-300x167.jpg 300w, https:\/\/jornalfatosenoticias.com.br\/wp-content\/uploads\/2020\/02\/logo-Rapuzel-768x428.jpg 768w, https:\/\/jornalfatosenoticias.com.br\/wp-content\/uploads\/2020\/02\/logo-Rapuzel-1536x856.jpg 1536w, https:\/\/jornalfatosenoticias.com.br\/wp-content\/uploads\/2020\/02\/logo-Rapuzel.jpg 1600w\" sizes=\"auto, (max-width: 372px) 100vw, 372px\" \/><\/figure><\/div>\n\n\n\n<p><strong><em>Fonte: <a href=\"https:\/\/www.gazetadopovo.com.br\/economia\/governo-envia-projeto-para-bndes-voltar-a-emprestar-a-outros-paises-oposicao-ve-escarnio\/\">Gazeta do Povo<\/a><\/em><\/strong><\/p>\n","protected":false},"excerpt":{"rendered":"<p>Aloizio Mercadante, presidente do BNDES, e Lula: governo quer que banco de fomento possa retomar empr\u00e9stimos a outros pa\u00edses Por Rose Amant\u00e9a e Guilherme Grandi O Banco Nacional de Desenvolvimento Econ\u00f4mico e Social (BNDES) poder\u00e1 voltar a financiar obras e outros servi\u00e7os prestados por empresas brasileiras no exterior caso um projeto de lei enviado nesta [&hellip;]<\/p>\n","protected":false},"author":2,"featured_media":47246,"comment_status":"open","ping_status":"open","sticky":false,"template":"","format":"standard","meta":{"footnotes":""},"categories":[9],"tags":[22119,22116,300,22117,22118,16744,7580],"class_list":["post-47245","post","type-post","status-publish","format-standard","has-post-thumbnail","hentry","category-economia","tag-aloizio-mercadante","tag-banco-estatal","tag-bndes","tag-emprestimos-internacionais","tag-escarnio","tag-farra-com-o-dinheiro-publico","tag-lula"],"yoast_head":"<!-- This site is optimized with the Yoast SEO plugin v26.5 - https:\/\/yoast.com\/wordpress\/plugins\/seo\/ -->\n<title>Governo envia projeto para BNDES voltar a emprestar a outros pa\u00edses; oposi\u00e7\u00e3o v\u00ea \u201cesc\u00e1rnio\u201d - Jornal Fatos e Not\u00edcias<\/title>\n<meta name=\"robots\" content=\"index, follow, max-snippet:-1, max-image-preview:large, max-video-preview:-1\" \/>\n<link rel=\"canonical\" href=\"https:\/\/jornalfatosenoticias.com.br\/index.php\/2023\/11\/27\/governo-envia-projeto-para-bndes-voltar-a-emprestar-a-outros-paises-oposicao-ve-escarnio\/\" \/>\n<meta property=\"og:locale\" content=\"pt_BR\" \/>\n<meta property=\"og:type\" content=\"article\" \/>\n<meta property=\"og:title\" content=\"Governo envia projeto para BNDES voltar a emprestar a outros pa\u00edses; oposi\u00e7\u00e3o v\u00ea \u201cesc\u00e1rnio\u201d - Jornal Fatos e Not\u00edcias\" \/>\n<meta property=\"og:description\" content=\"Aloizio Mercadante, presidente do BNDES, e Lula: governo quer que banco de fomento possa retomar empr\u00e9stimos a outros pa\u00edses Por Rose Amant\u00e9a e Guilherme Grandi O Banco Nacional de Desenvolvimento Econ\u00f4mico e Social (BNDES) poder\u00e1 voltar a financiar obras e outros servi\u00e7os prestados por empresas brasileiras no exterior caso um projeto de lei enviado nesta [&hellip;]\" \/>\n<meta property=\"og:url\" content=\"https:\/\/jornalfatosenoticias.com.br\/index.php\/2023\/11\/27\/governo-envia-projeto-para-bndes-voltar-a-emprestar-a-outros-paises-oposicao-ve-escarnio\/\" \/>\n<meta property=\"og:site_name\" content=\"Jornal Fatos e Not\u00edcias\" \/>\n<meta property=\"article:published_time\" content=\"2023-11-27T19:21:11+00:00\" \/>\n<meta property=\"article:modified_time\" content=\"2023-11-27T19:21:13+00:00\" \/>\n<meta property=\"og:image\" content=\"https:\/\/jornalfatosenoticias.com.br\/wp-content\/uploads\/2023\/11\/mercadante-lula-thomaz-silva-abr.jpg\" \/>\n\t<meta property=\"og:image:width\" content=\"960\" \/>\n\t<meta property=\"og:image:height\" content=\"540\" \/>\n\t<meta property=\"og:image:type\" content=\"image\/jpeg\" \/>\n<meta name=\"author\" content=\"Luzimara Fernandes\" \/>\n<meta name=\"twitter:card\" content=\"summary_large_image\" \/>\n<meta name=\"twitter:label1\" content=\"Escrito por\" \/>\n\t<meta name=\"twitter:data1\" content=\"Luzimara Fernandes\" \/>\n\t<meta name=\"twitter:label2\" content=\"Est. tempo de leitura\" \/>\n\t<meta name=\"twitter:data2\" content=\"3 minutos\" \/>\n<script type=\"application\/ld+json\" class=\"yoast-schema-graph\">{\"@context\":\"https:\/\/schema.org\",\"@graph\":[{\"@type\":\"Article\",\"@id\":\"https:\/\/jornalfatosenoticias.com.br\/index.php\/2023\/11\/27\/governo-envia-projeto-para-bndes-voltar-a-emprestar-a-outros-paises-oposicao-ve-escarnio\/#article\",\"isPartOf\":{\"@id\":\"https:\/\/jornalfatosenoticias.com.br\/index.php\/2023\/11\/27\/governo-envia-projeto-para-bndes-voltar-a-emprestar-a-outros-paises-oposicao-ve-escarnio\/\"},\"author\":{\"name\":\"Luzimara Fernandes\",\"@id\":\"https:\/\/jornalfatosenoticias.com.br\/#\/schema\/person\/d63837fa13ac8666eb9e74e0985d6f81\"},\"headline\":\"Governo envia projeto para BNDES voltar a emprestar a outros pa\u00edses; oposi\u00e7\u00e3o v\u00ea \u201cesc\u00e1rnio\u201d\",\"datePublished\":\"2023-11-27T19:21:11+00:00\",\"dateModified\":\"2023-11-27T19:21:13+00:00\",\"mainEntityOfPage\":{\"@id\":\"https:\/\/jornalfatosenoticias.com.br\/index.php\/2023\/11\/27\/governo-envia-projeto-para-bndes-voltar-a-emprestar-a-outros-paises-oposicao-ve-escarnio\/\"},\"wordCount\":586,\"commentCount\":0,\"publisher\":{\"@id\":\"https:\/\/jornalfatosenoticias.com.br\/#organization\"},\"image\":{\"@id\":\"https:\/\/jornalfatosenoticias.com.br\/index.php\/2023\/11\/27\/governo-envia-projeto-para-bndes-voltar-a-emprestar-a-outros-paises-oposicao-ve-escarnio\/#primaryimage\"},\"thumbnailUrl\":\"https:\/\/jornalfatosenoticias.com.br\/wp-content\/uploads\/2023\/11\/mercadante-lula-thomaz-silva-abr.jpg\",\"keywords\":[\"Alo\u00edzio Mercadante\",\"banco estatal\",\"BNDES\",\"empr\u00e9stimos internacionais\",\"esc\u00e1rnio\",\"farra com o dinheiro p\u00fablico\",\"Lula\"],\"articleSection\":[\"Economia\"],\"inLanguage\":\"pt-BR\",\"potentialAction\":[{\"@type\":\"CommentAction\",\"name\":\"Comment\",\"target\":[\"https:\/\/jornalfatosenoticias.com.br\/index.php\/2023\/11\/27\/governo-envia-projeto-para-bndes-voltar-a-emprestar-a-outros-paises-oposicao-ve-escarnio\/#respond\"]}]},{\"@type\":\"WebPage\",\"@id\":\"https:\/\/jornalfatosenoticias.com.br\/index.php\/2023\/11\/27\/governo-envia-projeto-para-bndes-voltar-a-emprestar-a-outros-paises-oposicao-ve-escarnio\/\",\"url\":\"https:\/\/jornalfatosenoticias.com.br\/index.php\/2023\/11\/27\/governo-envia-projeto-para-bndes-voltar-a-emprestar-a-outros-paises-oposicao-ve-escarnio\/\",\"name\":\"Governo envia projeto para BNDES voltar a emprestar a outros pa\u00edses; oposi\u00e7\u00e3o v\u00ea \u201cesc\u00e1rnio\u201d - Jornal Fatos e Not\u00edcias\",\"isPartOf\":{\"@id\":\"https:\/\/jornalfatosenoticias.com.br\/#website\"},\"primaryImageOfPage\":{\"@id\":\"https:\/\/jornalfatosenoticias.com.br\/index.php\/2023\/11\/27\/governo-envia-projeto-para-bndes-voltar-a-emprestar-a-outros-paises-oposicao-ve-escarnio\/#primaryimage\"},\"image\":{\"@id\":\"https:\/\/jornalfatosenoticias.com.br\/index.php\/2023\/11\/27\/governo-envia-projeto-para-bndes-voltar-a-emprestar-a-outros-paises-oposicao-ve-escarnio\/#primaryimage\"},\"thumbnailUrl\":\"https:\/\/jornalfatosenoticias.com.br\/wp-content\/uploads\/2023\/11\/mercadante-lula-thomaz-silva-abr.jpg\",\"datePublished\":\"2023-11-27T19:21:11+00:00\",\"dateModified\":\"2023-11-27T19:21:13+00:00\",\"breadcrumb\":{\"@id\":\"https:\/\/jornalfatosenoticias.com.br\/index.php\/2023\/11\/27\/governo-envia-projeto-para-bndes-voltar-a-emprestar-a-outros-paises-oposicao-ve-escarnio\/#breadcrumb\"},\"inLanguage\":\"pt-BR\",\"potentialAction\":[{\"@type\":\"ReadAction\",\"target\":[\"https:\/\/jornalfatosenoticias.com.br\/index.php\/2023\/11\/27\/governo-envia-projeto-para-bndes-voltar-a-emprestar-a-outros-paises-oposicao-ve-escarnio\/\"]}]},{\"@type\":\"ImageObject\",\"inLanguage\":\"pt-BR\",\"@id\":\"https:\/\/jornalfatosenoticias.com.br\/index.php\/2023\/11\/27\/governo-envia-projeto-para-bndes-voltar-a-emprestar-a-outros-paises-oposicao-ve-escarnio\/#primaryimage\",\"url\":\"https:\/\/jornalfatosenoticias.com.br\/wp-content\/uploads\/2023\/11\/mercadante-lula-thomaz-silva-abr.jpg\",\"contentUrl\":\"https:\/\/jornalfatosenoticias.com.br\/wp-content\/uploads\/2023\/11\/mercadante-lula-thomaz-silva-abr.jpg\",\"width\":960,\"height\":540},{\"@type\":\"BreadcrumbList\",\"@id\":\"https:\/\/jornalfatosenoticias.com.br\/index.php\/2023\/11\/27\/governo-envia-projeto-para-bndes-voltar-a-emprestar-a-outros-paises-oposicao-ve-escarnio\/#breadcrumb\",\"itemListElement\":[{\"@type\":\"ListItem\",\"position\":1,\"name\":\"In\u00edcio\",\"item\":\"https:\/\/jornalfatosenoticias.com.br\/\"},{\"@type\":\"ListItem\",\"position\":2,\"name\":\"Governo envia projeto para BNDES voltar a emprestar a outros pa\u00edses; oposi\u00e7\u00e3o v\u00ea \u201cesc\u00e1rnio\u201d\"}]},{\"@type\":\"WebSite\",\"@id\":\"https:\/\/jornalfatosenoticias.com.br\/#website\",\"url\":\"https:\/\/jornalfatosenoticias.com.br\/\",\"name\":\"Jornal Fatos e Not\u00edcias\",\"description\":\"Not\u00edcias em geral\",\"publisher\":{\"@id\":\"https:\/\/jornalfatosenoticias.com.br\/#organization\"},\"potentialAction\":[{\"@type\":\"SearchAction\",\"target\":{\"@type\":\"EntryPoint\",\"urlTemplate\":\"https:\/\/jornalfatosenoticias.com.br\/?s={search_term_string}\"},\"query-input\":{\"@type\":\"PropertyValueSpecification\",\"valueRequired\":true,\"valueName\":\"search_term_string\"}}],\"inLanguage\":\"pt-BR\"},{\"@type\":\"Organization\",\"@id\":\"https:\/\/jornalfatosenoticias.com.br\/#organization\",\"name\":\"Jornal Fatos e Not\u00edcias\",\"url\":\"https:\/\/jornalfatosenoticias.com.br\/\",\"logo\":{\"@type\":\"ImageObject\",\"inLanguage\":\"pt-BR\",\"@id\":\"https:\/\/jornalfatosenoticias.com.br\/#\/schema\/logo\/image\/\",\"url\":\"https:\/\/jornalfatosenoticias.com.br\/wp-content\/uploads\/2020\/02\/logo120.png\",\"contentUrl\":\"https:\/\/jornalfatosenoticias.com.br\/wp-content\/uploads\/2020\/02\/logo120.png\",\"width\":1227,\"height\":120,\"caption\":\"Jornal Fatos e Not\u00edcias\"},\"image\":{\"@id\":\"https:\/\/jornalfatosenoticias.com.br\/#\/schema\/logo\/image\/\"}},{\"@type\":\"Person\",\"@id\":\"https:\/\/jornalfatosenoticias.com.br\/#\/schema\/person\/d63837fa13ac8666eb9e74e0985d6f81\",\"name\":\"Luzimara Fernandes\",\"image\":{\"@type\":\"ImageObject\",\"inLanguage\":\"pt-BR\",\"@id\":\"https:\/\/jornalfatosenoticias.com.br\/#\/schema\/person\/image\/\",\"url\":\"https:\/\/jornalfatosenoticias.com.br\/wp-content\/uploads\/2025\/05\/EU_portal.jpg\",\"contentUrl\":\"https:\/\/jornalfatosenoticias.com.br\/wp-content\/uploads\/2025\/05\/EU_portal.jpg\",\"caption\":\"Luzimara Fernandes\"},\"description\":\"Jornalista MTB 2358-ES\",\"sameAs\":[\"https:\/\/jornalfatosenoticias.com.br\"],\"url\":\"https:\/\/jornalfatosenoticias.com.br\/index.php\/author\/luzimara\/\"}]}<\/script>\n<!-- \/ Yoast SEO plugin. -->","yoast_head_json":{"title":"Governo envia projeto para BNDES voltar a emprestar a outros pa\u00edses; oposi\u00e7\u00e3o v\u00ea \u201cesc\u00e1rnio\u201d - Jornal Fatos e Not\u00edcias","robots":{"index":"index","follow":"follow","max-snippet":"max-snippet:-1","max-image-preview":"max-image-preview:large","max-video-preview":"max-video-preview:-1"},"canonical":"https:\/\/jornalfatosenoticias.com.br\/index.php\/2023\/11\/27\/governo-envia-projeto-para-bndes-voltar-a-emprestar-a-outros-paises-oposicao-ve-escarnio\/","og_locale":"pt_BR","og_type":"article","og_title":"Governo envia projeto para BNDES voltar a emprestar a outros pa\u00edses; oposi\u00e7\u00e3o v\u00ea \u201cesc\u00e1rnio\u201d - Jornal Fatos e Not\u00edcias","og_description":"Aloizio Mercadante, presidente do BNDES, e Lula: governo quer que banco de fomento possa retomar empr\u00e9stimos a outros pa\u00edses Por Rose Amant\u00e9a e Guilherme Grandi O Banco Nacional de Desenvolvimento Econ\u00f4mico e Social (BNDES) poder\u00e1 voltar a financiar obras e outros servi\u00e7os prestados por empresas brasileiras no exterior caso um projeto de lei enviado nesta [&hellip;]","og_url":"https:\/\/jornalfatosenoticias.com.br\/index.php\/2023\/11\/27\/governo-envia-projeto-para-bndes-voltar-a-emprestar-a-outros-paises-oposicao-ve-escarnio\/","og_site_name":"Jornal Fatos e Not\u00edcias","article_published_time":"2023-11-27T19:21:11+00:00","article_modified_time":"2023-11-27T19:21:13+00:00","og_image":[{"width":960,"height":540,"url":"https:\/\/jornalfatosenoticias.com.br\/wp-content\/uploads\/2023\/11\/mercadante-lula-thomaz-silva-abr.jpg","type":"image\/jpeg"}],"author":"Luzimara Fernandes","twitter_card":"summary_large_image","twitter_misc":{"Escrito por":"Luzimara Fernandes","Est. tempo de leitura":"3 minutos"},"schema":{"@context":"https:\/\/schema.org","@graph":[{"@type":"Article","@id":"https:\/\/jornalfatosenoticias.com.br\/index.php\/2023\/11\/27\/governo-envia-projeto-para-bndes-voltar-a-emprestar-a-outros-paises-oposicao-ve-escarnio\/#article","isPartOf":{"@id":"https:\/\/jornalfatosenoticias.com.br\/index.php\/2023\/11\/27\/governo-envia-projeto-para-bndes-voltar-a-emprestar-a-outros-paises-oposicao-ve-escarnio\/"},"author":{"name":"Luzimara Fernandes","@id":"https:\/\/jornalfatosenoticias.com.br\/#\/schema\/person\/d63837fa13ac8666eb9e74e0985d6f81"},"headline":"Governo envia projeto para BNDES voltar a emprestar a outros pa\u00edses; oposi\u00e7\u00e3o v\u00ea \u201cesc\u00e1rnio\u201d","datePublished":"2023-11-27T19:21:11+00:00","dateModified":"2023-11-27T19:21:13+00:00","mainEntityOfPage":{"@id":"https:\/\/jornalfatosenoticias.com.br\/index.php\/2023\/11\/27\/governo-envia-projeto-para-bndes-voltar-a-emprestar-a-outros-paises-oposicao-ve-escarnio\/"},"wordCount":586,"commentCount":0,"publisher":{"@id":"https:\/\/jornalfatosenoticias.com.br\/#organization"},"image":{"@id":"https:\/\/jornalfatosenoticias.com.br\/index.php\/2023\/11\/27\/governo-envia-projeto-para-bndes-voltar-a-emprestar-a-outros-paises-oposicao-ve-escarnio\/#primaryimage"},"thumbnailUrl":"https:\/\/jornalfatosenoticias.com.br\/wp-content\/uploads\/2023\/11\/mercadante-lula-thomaz-silva-abr.jpg","keywords":["Alo\u00edzio Mercadante","banco estatal","BNDES","empr\u00e9stimos internacionais","esc\u00e1rnio","farra com o dinheiro p\u00fablico","Lula"],"articleSection":["Economia"],"inLanguage":"pt-BR","potentialAction":[{"@type":"CommentAction","name":"Comment","target":["https:\/\/jornalfatosenoticias.com.br\/index.php\/2023\/11\/27\/governo-envia-projeto-para-bndes-voltar-a-emprestar-a-outros-paises-oposicao-ve-escarnio\/#respond"]}]},{"@type":"WebPage","@id":"https:\/\/jornalfatosenoticias.com.br\/index.php\/2023\/11\/27\/governo-envia-projeto-para-bndes-voltar-a-emprestar-a-outros-paises-oposicao-ve-escarnio\/","url":"https:\/\/jornalfatosenoticias.com.br\/index.php\/2023\/11\/27\/governo-envia-projeto-para-bndes-voltar-a-emprestar-a-outros-paises-oposicao-ve-escarnio\/","name":"Governo envia projeto para BNDES voltar a emprestar a outros pa\u00edses; oposi\u00e7\u00e3o v\u00ea \u201cesc\u00e1rnio\u201d - Jornal Fatos e Not\u00edcias","isPartOf":{"@id":"https:\/\/jornalfatosenoticias.com.br\/#website"},"primaryImageOfPage":{"@id":"https:\/\/jornalfatosenoticias.com.br\/index.php\/2023\/11\/27\/governo-envia-projeto-para-bndes-voltar-a-emprestar-a-outros-paises-oposicao-ve-escarnio\/#primaryimage"},"image":{"@id":"https:\/\/jornalfatosenoticias.com.br\/index.php\/2023\/11\/27\/governo-envia-projeto-para-bndes-voltar-a-emprestar-a-outros-paises-oposicao-ve-escarnio\/#primaryimage"},"thumbnailUrl":"https:\/\/jornalfatosenoticias.com.br\/wp-content\/uploads\/2023\/11\/mercadante-lula-thomaz-silva-abr.jpg","datePublished":"2023-11-27T19:21:11+00:00","dateModified":"2023-11-27T19:21:13+00:00","breadcrumb":{"@id":"https:\/\/jornalfatosenoticias.com.br\/index.php\/2023\/11\/27\/governo-envia-projeto-para-bndes-voltar-a-emprestar-a-outros-paises-oposicao-ve-escarnio\/#breadcrumb"},"inLanguage":"pt-BR","potentialAction":[{"@type":"ReadAction","target":["https:\/\/jornalfatosenoticias.com.br\/index.php\/2023\/11\/27\/governo-envia-projeto-para-bndes-voltar-a-emprestar-a-outros-paises-oposicao-ve-escarnio\/"]}]},{"@type":"ImageObject","inLanguage":"pt-BR","@id":"https:\/\/jornalfatosenoticias.com.br\/index.php\/2023\/11\/27\/governo-envia-projeto-para-bndes-voltar-a-emprestar-a-outros-paises-oposicao-ve-escarnio\/#primaryimage","url":"https:\/\/jornalfatosenoticias.com.br\/wp-content\/uploads\/2023\/11\/mercadante-lula-thomaz-silva-abr.jpg","contentUrl":"https:\/\/jornalfatosenoticias.com.br\/wp-content\/uploads\/2023\/11\/mercadante-lula-thomaz-silva-abr.jpg","width":960,"height":540},{"@type":"BreadcrumbList","@id":"https:\/\/jornalfatosenoticias.com.br\/index.php\/2023\/11\/27\/governo-envia-projeto-para-bndes-voltar-a-emprestar-a-outros-paises-oposicao-ve-escarnio\/#breadcrumb","itemListElement":[{"@type":"ListItem","position":1,"name":"In\u00edcio","item":"https:\/\/jornalfatosenoticias.com.br\/"},{"@type":"ListItem","position":2,"name":"Governo envia projeto para BNDES voltar a emprestar a outros pa\u00edses; oposi\u00e7\u00e3o v\u00ea \u201cesc\u00e1rnio\u201d"}]},{"@type":"WebSite","@id":"https:\/\/jornalfatosenoticias.com.br\/#website","url":"https:\/\/jornalfatosenoticias.com.br\/","name":"Jornal Fatos e Not\u00edcias","description":"Not\u00edcias em geral","publisher":{"@id":"https:\/\/jornalfatosenoticias.com.br\/#organization"},"potentialAction":[{"@type":"SearchAction","target":{"@type":"EntryPoint","urlTemplate":"https:\/\/jornalfatosenoticias.com.br\/?s={search_term_string}"},"query-input":{"@type":"PropertyValueSpecification","valueRequired":true,"valueName":"search_term_string"}}],"inLanguage":"pt-BR"},{"@type":"Organization","@id":"https:\/\/jornalfatosenoticias.com.br\/#organization","name":"Jornal Fatos e Not\u00edcias","url":"https:\/\/jornalfatosenoticias.com.br\/","logo":{"@type":"ImageObject","inLanguage":"pt-BR","@id":"https:\/\/jornalfatosenoticias.com.br\/#\/schema\/logo\/image\/","url":"https:\/\/jornalfatosenoticias.com.br\/wp-content\/uploads\/2020\/02\/logo120.png","contentUrl":"https:\/\/jornalfatosenoticias.com.br\/wp-content\/uploads\/2020\/02\/logo120.png","width":1227,"height":120,"caption":"Jornal Fatos e Not\u00edcias"},"image":{"@id":"https:\/\/jornalfatosenoticias.com.br\/#\/schema\/logo\/image\/"}},{"@type":"Person","@id":"https:\/\/jornalfatosenoticias.com.br\/#\/schema\/person\/d63837fa13ac8666eb9e74e0985d6f81","name":"Luzimara Fernandes","image":{"@type":"ImageObject","inLanguage":"pt-BR","@id":"https:\/\/jornalfatosenoticias.com.br\/#\/schema\/person\/image\/","url":"https:\/\/jornalfatosenoticias.com.br\/wp-content\/uploads\/2025\/05\/EU_portal.jpg","contentUrl":"https:\/\/jornalfatosenoticias.com.br\/wp-content\/uploads\/2025\/05\/EU_portal.jpg","caption":"Luzimara Fernandes"},"description":"Jornalista MTB 2358-ES","sameAs":["https:\/\/jornalfatosenoticias.com.br"],"url":"https:\/\/jornalfatosenoticias.com.br\/index.php\/author\/luzimara\/"}]}},"cc_featured_image_caption":{"caption_text":"(Foto: Tomaz Silva\/Ag\u00eancia Brasil)","source_text":"","source_url":""},"jetpack_featured_media_url":"https:\/\/jornalfatosenoticias.com.br\/wp-content\/uploads\/2023\/11\/mercadante-lula-thomaz-silva-abr.jpg","_links":{"self":[{"href":"https:\/\/jornalfatosenoticias.com.br\/index.php\/wp-json\/wp\/v2\/posts\/47245","targetHints":{"allow":["GET"]}}],"collection":[{"href":"https:\/\/jornalfatosenoticias.com.br\/index.php\/wp-json\/wp\/v2\/posts"}],"about":[{"href":"https:\/\/jornalfatosenoticias.com.br\/index.php\/wp-json\/wp\/v2\/types\/post"}],"author":[{"embeddable":true,"href":"https:\/\/jornalfatosenoticias.com.br\/index.php\/wp-json\/wp\/v2\/users\/2"}],"replies":[{"embeddable":true,"href":"https:\/\/jornalfatosenoticias.com.br\/index.php\/wp-json\/wp\/v2\/comments?post=47245"}],"version-history":[{"count":0,"href":"https:\/\/jornalfatosenoticias.com.br\/index.php\/wp-json\/wp\/v2\/posts\/47245\/revisions"}],"wp:featuredmedia":[{"embeddable":true,"href":"https:\/\/jornalfatosenoticias.com.br\/index.php\/wp-json\/wp\/v2\/media\/47246"}],"wp:attachment":[{"href":"https:\/\/jornalfatosenoticias.com.br\/index.php\/wp-json\/wp\/v2\/media?parent=47245"}],"wp:term":[{"taxonomy":"category","embeddable":true,"href":"https:\/\/jornalfatosenoticias.com.br\/index.php\/wp-json\/wp\/v2\/categories?post=47245"},{"taxonomy":"post_tag","embeddable":true,"href":"https:\/\/jornalfatosenoticias.com.br\/index.php\/wp-json\/wp\/v2\/tags?post=47245"}],"curies":[{"name":"wp","href":"https:\/\/api.w.org\/{rel}","templated":true}]}}