{"id":47248,"date":"2023-11-27T16:43:28","date_gmt":"2023-11-27T19:43:28","guid":{"rendered":"https:\/\/jornalfatosenoticias.com.br\/?p=47248"},"modified":"2023-11-27T16:43:28","modified_gmt":"2023-11-27T19:43:28","slug":"ong-fundada-por-secretario-de-marina-silva-recebeu-r-140-milhoes-em-doacoes-e-gastou-80-com-salarios-e-servicos","status":"publish","type":"post","link":"https:\/\/jornalfatosenoticias.com.br\/index.php\/2023\/11\/27\/ong-fundada-por-secretario-de-marina-silva-recebeu-r-140-milhoes-em-doacoes-e-gastou-80-com-salarios-e-servicos\/","title":{"rendered":"ONG fundada por secret\u00e1rio de Marina Silva recebeu R$ 140 milh\u00f5es em doa\u00e7\u00f5es e gastou 80% com sal\u00e1rios e servi\u00e7os"},"content":{"rendered":"\n<div class=\"wp-block-image\"><figure class=\"aligncenter size-large\"><img loading=\"lazy\" decoding=\"async\" width=\"1024\" height=\"100\" src=\"https:\/\/jornalfatosenoticias.com.br\/wp-content\/uploads\/2022\/05\/NOVA-LOGO-CESCONETTO-1024x100.jpg\" alt=\"\" class=\"wp-image-30792\" srcset=\"https:\/\/jornalfatosenoticias.com.br\/wp-content\/uploads\/2022\/05\/NOVA-LOGO-CESCONETTO-1024x100.jpg 1024w, https:\/\/jornalfatosenoticias.com.br\/wp-content\/uploads\/2022\/05\/NOVA-LOGO-CESCONETTO-300x29.jpg 300w, https:\/\/jornalfatosenoticias.com.br\/wp-content\/uploads\/2022\/05\/NOVA-LOGO-CESCONETTO-768x75.jpg 768w, https:\/\/jornalfatosenoticias.com.br\/wp-content\/uploads\/2022\/05\/NOVA-LOGO-CESCONETTO.jpg 1280w\" sizes=\"auto, (max-width: 1024px) 100vw, 1024px\" \/><\/figure><\/div>\n\n\n\n<p>Entre 2021 e 2022, a ONG Instituto Socioambiental (ISA), fundada por ambientalistas, entre eles, o secret\u00e1rio-executivo Jo\u00e3o Paulo Capobianco, do minist\u00e9rio de Marina Silva, recebeu quase R$ 140 milh\u00f5es de doa\u00e7\u00f5es de grupos internacionais, nacionais e do Fundo Amaz\u00f4nia.<br>Do total, nesses dois anos, R$ 115 milh\u00f5es foram destinados para custear folha de pagamento, servi\u00e7os externos, consultorias, viagens, entre outras atividades, conforme documentos da Comiss\u00e3o Parlamentar de Inqu\u00e9rito (CPI) das ONGs obtidos por Oeste. Portanto, pouco mais de 80% ficou para manter a estrutura do pr\u00f3prio ISA.<\/p>\n\n\n\n<div class=\"wp-block-image\"><figure class=\"aligncenter size-large is-resized\"><img loading=\"lazy\" decoding=\"async\" src=\"https:\/\/jornalfatosenoticias.com.br\/wp-content\/uploads\/2020\/02\/casa-do-torresmo_portal.jpg\" alt=\"\" class=\"wp-image-34472\" width=\"269\" height=\"269\" srcset=\"https:\/\/jornalfatosenoticias.com.br\/wp-content\/uploads\/2020\/02\/casa-do-torresmo_portal.jpg 300w, https:\/\/jornalfatosenoticias.com.br\/wp-content\/uploads\/2020\/02\/casa-do-torresmo_portal-150x150.jpg 150w\" sizes=\"auto, (max-width: 269px) 100vw, 269px\" \/><\/figure><\/div>\n\n\n\n<p>Para ter ideia dos gastos, a ONG desembolsou aproximadamente R$ 50 milh\u00f5es, com pessoal, e R$ 7 milh\u00f5es com deslocamentos, no per\u00edodo. O site da institui\u00e7\u00e3o n\u00e3o informa de maneira clara a quantidade de funcion\u00e1rios que tem. A CPI descobriu ainda, na \u00faltima quarta-feira (22), que o presidente do Conselho Diretor do ISA, M\u00e1rcio Santilli, tem uma empresa que presta consultoria, por fora, para o pr\u00f3prio ISA. Santilli, contudo, ap\u00f3s admitir a informa\u00e7\u00e3o, n\u00e3o disse qual o valor dos contratos.<\/p>\n\n\n\n<div class=\"wp-block-image\"><figure class=\"aligncenter size-large is-resized\"><img loading=\"lazy\" decoding=\"async\" src=\"https:\/\/jornalfatosenoticias.com.br\/wp-content\/uploads\/2023\/08\/Steel.jpeg\" alt=\"\" class=\"wp-image-44634\" width=\"307\" height=\"249\" srcset=\"https:\/\/jornalfatosenoticias.com.br\/wp-content\/uploads\/2023\/08\/Steel.jpeg 800w, https:\/\/jornalfatosenoticias.com.br\/wp-content\/uploads\/2023\/08\/Steel-300x244.jpeg 300w, https:\/\/jornalfatosenoticias.com.br\/wp-content\/uploads\/2023\/08\/Steel-768x624.jpeg 768w\" sizes=\"auto, (max-width: 307px) 100vw, 307px\" \/><\/figure><\/div>\n\n\n\n<p><strong><span class=\"has-inline-color has-vivid-purple-color\">Relat\u00f3rio de dilig\u00eancia da CPI das ONGs mostra explora\u00e7\u00e3o de ind\u00edgenas em Pari-Cachoeira (AM)<br><\/span><\/strong>O ambientalista esquivou-se de uma pergunta feita pelo presidente da CPI, senador Pl\u00ednio Val\u00e9rio (PSDB-AM), sobre o processo seletivo do minist\u00e9rio de Marina Silva vencido pelo ISA em outubro. Desde aquele m\u00eas, o ISA atua na Comiss\u00e3o Nacional para Recupera\u00e7\u00e3o da Vegeta\u00e7\u00e3o Nativa, respons\u00e1vel por delinear estrat\u00e9gias de enfrentamento do desmatamento.<\/p>\n\n\n\n<div class=\"wp-block-image\"><figure class=\"aligncenter size-large is-resized\"><img loading=\"lazy\" decoding=\"async\" src=\"https:\/\/jornalfatosenoticias.com.br\/wp-content\/uploads\/2020\/02\/CONTROL-CS.jpg\" alt=\"\" class=\"wp-image-44991\" width=\"284\" height=\"340\" srcset=\"https:\/\/jornalfatosenoticias.com.br\/wp-content\/uploads\/2020\/02\/CONTROL-CS.jpg 834w, https:\/\/jornalfatosenoticias.com.br\/wp-content\/uploads\/2020\/02\/CONTROL-CS-250x300.jpg 250w, https:\/\/jornalfatosenoticias.com.br\/wp-content\/uploads\/2020\/02\/CONTROL-CS-768x921.jpg 768w\" sizes=\"auto, (max-width: 284px) 100vw, 284px\" \/><\/figure><\/div>\n\n\n\n<p><strong><span class=\"has-inline-color has-vivid-purple-color\">ONG ligada a Marina Silva gastou 80% de R$ 35 milh\u00f5es do Fundo Amaz\u00f4nia com consultorias e viagens<br><\/span><\/strong>H\u00e1 quase um m\u00eas, Oeste revelou que a ONG Instituto de Pesquisa Ambiental da Amaz\u00f4nia (Ipam), da qual Marina Silva \u00e9 conselheira honor\u00e1ria, recebeu do Fundo Amaz\u00f4nia, no ano passado, R$ 35 milh\u00f5es. Desse montante, o Ipam gastou cerca de 80% com consultorias, viagens e folha de pagamento. Marina \u00e9 tamb\u00e9m membro do comit\u00ea do Fundo que destina recursos para ONGs.<\/p>\n\n\n\n<div class=\"wp-block-image\"><figure class=\"aligncenter size-large is-resized\"><img loading=\"lazy\" decoding=\"async\" src=\"https:\/\/jornalfatosenoticias.com.br\/wp-content\/uploads\/2023\/08\/ITH.jpeg\" alt=\"\" class=\"wp-image-44638\" width=\"309\" height=\"251\" srcset=\"https:\/\/jornalfatosenoticias.com.br\/wp-content\/uploads\/2023\/08\/ITH.jpeg 800w, https:\/\/jornalfatosenoticias.com.br\/wp-content\/uploads\/2023\/08\/ITH-300x244.jpeg 300w, https:\/\/jornalfatosenoticias.com.br\/wp-content\/uploads\/2023\/08\/ITH-768x624.jpeg 768w\" sizes=\"auto, (max-width: 309px) 100vw, 309px\" \/><\/figure><\/div>\n\n\n\n<h3 class=\"wp-block-heading\"><strong><span class=\"has-inline-color has-vivid-purple-color\">Marina Silva se irrita com pergunta sobre cargo em ONG<\/span><\/strong><\/h3>\n\n\n\n<div class=\"wp-block-image\"><figure class=\"aligncenter size-large\"><img loading=\"lazy\" decoding=\"async\" width=\"712\" height=\"370\" src=\"https:\/\/jornalfatosenoticias.com.br\/wp-content\/uploads\/2023\/11\/marina-tartaruga-da-silva.jpg\" alt=\"\" class=\"wp-image-47249\" srcset=\"https:\/\/jornalfatosenoticias.com.br\/wp-content\/uploads\/2023\/11\/marina-tartaruga-da-silva.jpg 712w, https:\/\/jornalfatosenoticias.com.br\/wp-content\/uploads\/2023\/11\/marina-tartaruga-da-silva-300x156.jpg 300w\" sizes=\"auto, (max-width: 712px) 100vw, 712px\" \/><figcaption><em><span class=\"has-inline-color has-black-color\">(Foto: Estad\u00e3o Conte\u00fado)<\/span><\/em><\/figcaption><\/figure><\/div>\n\n\n\n<p>A ministra do Meio Ambiente, Marina Silva, se irritou, nesta segunda-feira (27), durante audi\u00eancia da Comiss\u00e3o Parlamentar de Inqu\u00e9rito (CPI) das ONGs, depois de o presidente da CPI, senador Pl\u00ednio Val\u00e9rio (PSDB-AM), citar o Instituto de Pesquisa Ambiental da Amaz\u00f4nia (Ipam), do qual a ministra \u00e9 conselheira honor\u00e1ria.<\/p>\n\n\n\n<div class=\"wp-block-image\"><figure class=\"aligncenter size-large is-resized\"><img loading=\"lazy\" decoding=\"async\" src=\"https:\/\/jornalfatosenoticias.com.br\/wp-content\/uploads\/2022\/10\/RC_800x750_page-0001.jpg\" alt=\"\" class=\"wp-image-35338\" width=\"277\" height=\"260\" srcset=\"https:\/\/jornalfatosenoticias.com.br\/wp-content\/uploads\/2022\/10\/RC_800x750_page-0001.jpg 400w, https:\/\/jornalfatosenoticias.com.br\/wp-content\/uploads\/2022\/10\/RC_800x750_page-0001-300x281.jpg 300w\" sizes=\"auto, (max-width: 277px) 100vw, 277px\" \/><\/figure><\/div>\n\n\n\n<blockquote class=\"wp-block-quote is-layout-flow wp-block-quote-is-layout-flow\"><p><span class=\"has-inline-color has-luminous-vivid-orange-color\">Vossa excel\u00eancia quer repetir isso de forma ret\u00f3rica e pol\u00edtica&#8221;, rebateu Marina, ap\u00f3s fala de Val\u00e9rio. &#8220;Eu j\u00e1 havia respondido&#8221;.<\/span><\/p><\/blockquote>\n\n\n\n<div class=\"wp-block-image\"><figure class=\"aligncenter size-large is-resized\"><img loading=\"lazy\" decoding=\"async\" src=\"https:\/\/jornalfatosenoticias.com.br\/wp-content\/uploads\/2023\/11\/cromotec.jpg\" alt=\"\" class=\"wp-image-46804\" width=\"304\" height=\"181\" srcset=\"https:\/\/jornalfatosenoticias.com.br\/wp-content\/uploads\/2023\/11\/cromotec.jpg 453w, https:\/\/jornalfatosenoticias.com.br\/wp-content\/uploads\/2023\/11\/cromotec-300x179.jpg 300w\" sizes=\"auto, (max-width: 304px) 100vw, 304px\" \/><\/figure><\/div>\n\n\n\n<p>Mesmo depois de Val\u00e9rio tentar transferir a palavra a outro parlamentar, Marina se exaltou e continuou falando, para, segundo ela, responder a uma pergunta do relator da CPI, M\u00e1rcio Bittar (Uni\u00e3o Brasil-AP), a respeito de uma doa\u00e7\u00e3o milion\u00e1ria do Fundo Amaz\u00f4nia a uma ONG que barrou obras no Acre. Val\u00e9rio observou que a ministra estava na CPI das ONGs, e n\u00e3o na COP 28.<\/p>\n\n\n\n<div class=\"wp-block-image\"><figure class=\"aligncenter size-large\"><img loading=\"lazy\" decoding=\"async\" width=\"300\" height=\"250\" src=\"https:\/\/jornalfatosenoticias.com.br\/wp-content\/uploads\/2022\/02\/FERRARI_MAQUINAS-E-FERRAMENTAS2.jpg\" alt=\"\" class=\"wp-image-27860\"\/><\/figure><\/div>\n\n\n\n<p><strong><span class=\"has-inline-color has-vivid-purple-color\">Marina Silva e ONG na mira da CPI<br><\/span><\/strong>O diretor-executivo do Ipam, Andr\u00e9 Guimar\u00e3es, revelou que Marina \u00e9 conselheira honor\u00e1ria da ONG que recebeu, em 2022, R$ 35 milh\u00f5es do Fundo, dos quais 80% foram para custeio de folha de pagamento, viagens e consultorias. Durante oitiva da CPI, Marina admitiu ocupar o cargo, mas disse que os gastos da ONG est\u00e3o regulares, conforme um relat\u00f3rio do Tribunal de Contas da Uni\u00e3o.<\/p>\n\n\n\n<div class=\"wp-block-image\"><figure class=\"aligncenter size-large is-resized\"><img loading=\"lazy\" decoding=\"async\" src=\"https:\/\/jornalfatosenoticias.com.br\/wp-content\/uploads\/2023\/08\/BKR-1024x1021.jpg\" alt=\"\" class=\"wp-image-44494\" width=\"299\" height=\"298\" srcset=\"https:\/\/jornalfatosenoticias.com.br\/wp-content\/uploads\/2023\/08\/BKR-1024x1021.jpg 1024w, https:\/\/jornalfatosenoticias.com.br\/wp-content\/uploads\/2023\/08\/BKR-300x300.jpg 300w, https:\/\/jornalfatosenoticias.com.br\/wp-content\/uploads\/2023\/08\/BKR-150x150.jpg 150w, https:\/\/jornalfatosenoticias.com.br\/wp-content\/uploads\/2023\/08\/BKR-768x766.jpg 768w, https:\/\/jornalfatosenoticias.com.br\/wp-content\/uploads\/2023\/08\/BKR.jpg 1080w\" sizes=\"auto, (max-width: 299px) 100vw, 299px\" \/><\/figure><\/div>\n\n\n\n<p><strong><em>Fonte: <a href=\"https:\/\/www.grandeponto.com.br\/noticia\/ong-fundada-por-secretario-de-marina-silva-recebeu-r-140-milhoes-em-doacoes-e-gastou-80-com-salarios-e-servicos\">Portal Grande Ponto<\/a><\/em><\/strong><\/p>\n","protected":false},"excerpt":{"rendered":"<p>Entre 2021 e 2022, a ONG Instituto Socioambiental (ISA), fundada por ambientalistas, entre eles, o secret\u00e1rio-executivo Jo\u00e3o Paulo Capobianco, do minist\u00e9rio de Marina Silva, recebeu quase R$ 140 milh\u00f5es de doa\u00e7\u00f5es de grupos internacionais, nacionais e do Fundo Amaz\u00f4nia.Do total, nesses dois anos, R$ 115 milh\u00f5es foram destinados para custear folha de pagamento, servi\u00e7os externos, [&hellip;]<\/p>\n","protected":false},"author":2,"featured_media":47250,"comment_status":"open","ping_status":"open","sticky":false,"template":"","format":"standard","meta":{"footnotes":""},"categories":[10],"tags":[22120,1681,21732,12815,8566,17819,3460,7769],"class_list":["post-47248","post","type-post","status-publish","format-standard","has-post-thumbnail","hentry","category-politica","tag-desvios","tag-doacoes","tag-fundo-amazonia","tag-ipam","tag-isa","tag-marina-silva","tag-ongs","tag-tcu"],"yoast_head":"<!-- This site is optimized with the Yoast SEO plugin v26.5 - https:\/\/yoast.com\/wordpress\/plugins\/seo\/ -->\n<title>ONG fundada por secret\u00e1rio de Marina Silva recebeu R$ 140 milh\u00f5es em doa\u00e7\u00f5es e gastou 80% com sal\u00e1rios e servi\u00e7os - Jornal Fatos e Not\u00edcias<\/title>\n<meta name=\"robots\" content=\"index, follow, max-snippet:-1, max-image-preview:large, max-video-preview:-1\" \/>\n<link rel=\"canonical\" href=\"https:\/\/jornalfatosenoticias.com.br\/index.php\/2023\/11\/27\/ong-fundada-por-secretario-de-marina-silva-recebeu-r-140-milhoes-em-doacoes-e-gastou-80-com-salarios-e-servicos\/\" \/>\n<meta property=\"og:locale\" content=\"pt_BR\" \/>\n<meta property=\"og:type\" content=\"article\" \/>\n<meta property=\"og:title\" content=\"ONG fundada por secret\u00e1rio de Marina Silva recebeu R$ 140 milh\u00f5es em doa\u00e7\u00f5es e gastou 80% com sal\u00e1rios e servi\u00e7os - Jornal Fatos e Not\u00edcias\" \/>\n<meta property=\"og:description\" content=\"Entre 2021 e 2022, a ONG Instituto Socioambiental (ISA), fundada por ambientalistas, entre eles, o secret\u00e1rio-executivo Jo\u00e3o Paulo Capobianco, do minist\u00e9rio de Marina Silva, recebeu quase R$ 140 milh\u00f5es de doa\u00e7\u00f5es de grupos internacionais, nacionais e do Fundo Amaz\u00f4nia.Do total, nesses dois anos, R$ 115 milh\u00f5es foram destinados para custear folha de pagamento, servi\u00e7os externos, [&hellip;]\" \/>\n<meta property=\"og:url\" content=\"https:\/\/jornalfatosenoticias.com.br\/index.php\/2023\/11\/27\/ong-fundada-por-secretario-de-marina-silva-recebeu-r-140-milhoes-em-doacoes-e-gastou-80-com-salarios-e-servicos\/\" \/>\n<meta property=\"og:site_name\" content=\"Jornal Fatos e Not\u00edcias\" \/>\n<meta property=\"article:published_time\" content=\"2023-11-27T19:43:28+00:00\" \/>\n<meta property=\"og:image\" content=\"https:\/\/jornalfatosenoticias.com.br\/wp-content\/uploads\/2023\/11\/ONG_marina-et.jpg\" \/>\n\t<meta property=\"og:image:width\" content=\"712\" \/>\n\t<meta property=\"og:image:height\" content=\"370\" \/>\n\t<meta property=\"og:image:type\" content=\"image\/jpeg\" \/>\n<meta name=\"author\" content=\"Luzimara Fernandes\" \/>\n<meta name=\"twitter:card\" content=\"summary_large_image\" \/>\n<meta name=\"twitter:label1\" content=\"Escrito por\" \/>\n\t<meta name=\"twitter:data1\" content=\"Luzimara Fernandes\" \/>\n\t<meta name=\"twitter:label2\" content=\"Est. tempo de leitura\" \/>\n\t<meta name=\"twitter:data2\" content=\"3 minutos\" \/>\n<script type=\"application\/ld+json\" class=\"yoast-schema-graph\">{\"@context\":\"https:\/\/schema.org\",\"@graph\":[{\"@type\":\"Article\",\"@id\":\"https:\/\/jornalfatosenoticias.com.br\/index.php\/2023\/11\/27\/ong-fundada-por-secretario-de-marina-silva-recebeu-r-140-milhoes-em-doacoes-e-gastou-80-com-salarios-e-servicos\/#article\",\"isPartOf\":{\"@id\":\"https:\/\/jornalfatosenoticias.com.br\/index.php\/2023\/11\/27\/ong-fundada-por-secretario-de-marina-silva-recebeu-r-140-milhoes-em-doacoes-e-gastou-80-com-salarios-e-servicos\/\"},\"author\":{\"name\":\"Luzimara Fernandes\",\"@id\":\"https:\/\/jornalfatosenoticias.com.br\/#\/schema\/person\/d63837fa13ac8666eb9e74e0985d6f81\"},\"headline\":\"ONG fundada por secret\u00e1rio de Marina Silva recebeu R$ 140 milh\u00f5es em doa\u00e7\u00f5es e gastou 80% com sal\u00e1rios e servi\u00e7os\",\"datePublished\":\"2023-11-27T19:43:28+00:00\",\"mainEntityOfPage\":{\"@id\":\"https:\/\/jornalfatosenoticias.com.br\/index.php\/2023\/11\/27\/ong-fundada-por-secretario-de-marina-silva-recebeu-r-140-milhoes-em-doacoes-e-gastou-80-com-salarios-e-servicos\/\"},\"wordCount\":604,\"commentCount\":0,\"publisher\":{\"@id\":\"https:\/\/jornalfatosenoticias.com.br\/#organization\"},\"image\":{\"@id\":\"https:\/\/jornalfatosenoticias.com.br\/index.php\/2023\/11\/27\/ong-fundada-por-secretario-de-marina-silva-recebeu-r-140-milhoes-em-doacoes-e-gastou-80-com-salarios-e-servicos\/#primaryimage\"},\"thumbnailUrl\":\"https:\/\/jornalfatosenoticias.com.br\/wp-content\/uploads\/2023\/11\/ONG_marina-et.jpg\",\"keywords\":[\"desvios\",\"doa\u00e7\u00f5es\",\"Fundo Amaz\u00f4nia\",\"Ipam\",\"ISA\",\"Marina Silva\",\"ONGs\",\"TCU\"],\"articleSection\":[\"Pol\u00edtica\"],\"inLanguage\":\"pt-BR\",\"potentialAction\":[{\"@type\":\"CommentAction\",\"name\":\"Comment\",\"target\":[\"https:\/\/jornalfatosenoticias.com.br\/index.php\/2023\/11\/27\/ong-fundada-por-secretario-de-marina-silva-recebeu-r-140-milhoes-em-doacoes-e-gastou-80-com-salarios-e-servicos\/#respond\"]}]},{\"@type\":\"WebPage\",\"@id\":\"https:\/\/jornalfatosenoticias.com.br\/index.php\/2023\/11\/27\/ong-fundada-por-secretario-de-marina-silva-recebeu-r-140-milhoes-em-doacoes-e-gastou-80-com-salarios-e-servicos\/\",\"url\":\"https:\/\/jornalfatosenoticias.com.br\/index.php\/2023\/11\/27\/ong-fundada-por-secretario-de-marina-silva-recebeu-r-140-milhoes-em-doacoes-e-gastou-80-com-salarios-e-servicos\/\",\"name\":\"ONG fundada por secret\u00e1rio de Marina Silva recebeu R$ 140 milh\u00f5es em doa\u00e7\u00f5es e gastou 80% com sal\u00e1rios e servi\u00e7os - Jornal Fatos e Not\u00edcias\",\"isPartOf\":{\"@id\":\"https:\/\/jornalfatosenoticias.com.br\/#website\"},\"primaryImageOfPage\":{\"@id\":\"https:\/\/jornalfatosenoticias.com.br\/index.php\/2023\/11\/27\/ong-fundada-por-secretario-de-marina-silva-recebeu-r-140-milhoes-em-doacoes-e-gastou-80-com-salarios-e-servicos\/#primaryimage\"},\"image\":{\"@id\":\"https:\/\/jornalfatosenoticias.com.br\/index.php\/2023\/11\/27\/ong-fundada-por-secretario-de-marina-silva-recebeu-r-140-milhoes-em-doacoes-e-gastou-80-com-salarios-e-servicos\/#primaryimage\"},\"thumbnailUrl\":\"https:\/\/jornalfatosenoticias.com.br\/wp-content\/uploads\/2023\/11\/ONG_marina-et.jpg\",\"datePublished\":\"2023-11-27T19:43:28+00:00\",\"breadcrumb\":{\"@id\":\"https:\/\/jornalfatosenoticias.com.br\/index.php\/2023\/11\/27\/ong-fundada-por-secretario-de-marina-silva-recebeu-r-140-milhoes-em-doacoes-e-gastou-80-com-salarios-e-servicos\/#breadcrumb\"},\"inLanguage\":\"pt-BR\",\"potentialAction\":[{\"@type\":\"ReadAction\",\"target\":[\"https:\/\/jornalfatosenoticias.com.br\/index.php\/2023\/11\/27\/ong-fundada-por-secretario-de-marina-silva-recebeu-r-140-milhoes-em-doacoes-e-gastou-80-com-salarios-e-servicos\/\"]}]},{\"@type\":\"ImageObject\",\"inLanguage\":\"pt-BR\",\"@id\":\"https:\/\/jornalfatosenoticias.com.br\/index.php\/2023\/11\/27\/ong-fundada-por-secretario-de-marina-silva-recebeu-r-140-milhoes-em-doacoes-e-gastou-80-com-salarios-e-servicos\/#primaryimage\",\"url\":\"https:\/\/jornalfatosenoticias.com.br\/wp-content\/uploads\/2023\/11\/ONG_marina-et.jpg\",\"contentUrl\":\"https:\/\/jornalfatosenoticias.com.br\/wp-content\/uploads\/2023\/11\/ONG_marina-et.jpg\",\"width\":712,\"height\":370},{\"@type\":\"BreadcrumbList\",\"@id\":\"https:\/\/jornalfatosenoticias.com.br\/index.php\/2023\/11\/27\/ong-fundada-por-secretario-de-marina-silva-recebeu-r-140-milhoes-em-doacoes-e-gastou-80-com-salarios-e-servicos\/#breadcrumb\",\"itemListElement\":[{\"@type\":\"ListItem\",\"position\":1,\"name\":\"In\u00edcio\",\"item\":\"https:\/\/jornalfatosenoticias.com.br\/\"},{\"@type\":\"ListItem\",\"position\":2,\"name\":\"ONG fundada por secret\u00e1rio de Marina Silva recebeu R$ 140 milh\u00f5es em doa\u00e7\u00f5es e gastou 80% com sal\u00e1rios e servi\u00e7os\"}]},{\"@type\":\"WebSite\",\"@id\":\"https:\/\/jornalfatosenoticias.com.br\/#website\",\"url\":\"https:\/\/jornalfatosenoticias.com.br\/\",\"name\":\"Jornal Fatos e Not\u00edcias\",\"description\":\"Not\u00edcias em geral\",\"publisher\":{\"@id\":\"https:\/\/jornalfatosenoticias.com.br\/#organization\"},\"potentialAction\":[{\"@type\":\"SearchAction\",\"target\":{\"@type\":\"EntryPoint\",\"urlTemplate\":\"https:\/\/jornalfatosenoticias.com.br\/?s={search_term_string}\"},\"query-input\":{\"@type\":\"PropertyValueSpecification\",\"valueRequired\":true,\"valueName\":\"search_term_string\"}}],\"inLanguage\":\"pt-BR\"},{\"@type\":\"Organization\",\"@id\":\"https:\/\/jornalfatosenoticias.com.br\/#organization\",\"name\":\"Jornal Fatos e Not\u00edcias\",\"url\":\"https:\/\/jornalfatosenoticias.com.br\/\",\"logo\":{\"@type\":\"ImageObject\",\"inLanguage\":\"pt-BR\",\"@id\":\"https:\/\/jornalfatosenoticias.com.br\/#\/schema\/logo\/image\/\",\"url\":\"https:\/\/jornalfatosenoticias.com.br\/wp-content\/uploads\/2020\/02\/logo120.png\",\"contentUrl\":\"https:\/\/jornalfatosenoticias.com.br\/wp-content\/uploads\/2020\/02\/logo120.png\",\"width\":1227,\"height\":120,\"caption\":\"Jornal Fatos e Not\u00edcias\"},\"image\":{\"@id\":\"https:\/\/jornalfatosenoticias.com.br\/#\/schema\/logo\/image\/\"}},{\"@type\":\"Person\",\"@id\":\"https:\/\/jornalfatosenoticias.com.br\/#\/schema\/person\/d63837fa13ac8666eb9e74e0985d6f81\",\"name\":\"Luzimara Fernandes\",\"image\":{\"@type\":\"ImageObject\",\"inLanguage\":\"pt-BR\",\"@id\":\"https:\/\/jornalfatosenoticias.com.br\/#\/schema\/person\/image\/\",\"url\":\"https:\/\/jornalfatosenoticias.com.br\/wp-content\/uploads\/2025\/05\/EU_portal.jpg\",\"contentUrl\":\"https:\/\/jornalfatosenoticias.com.br\/wp-content\/uploads\/2025\/05\/EU_portal.jpg\",\"caption\":\"Luzimara Fernandes\"},\"description\":\"Jornalista MTB 2358-ES\",\"sameAs\":[\"https:\/\/jornalfatosenoticias.com.br\"],\"url\":\"https:\/\/jornalfatosenoticias.com.br\/index.php\/author\/luzimara\/\"}]}<\/script>\n<!-- \/ Yoast SEO plugin. -->","yoast_head_json":{"title":"ONG fundada por secret\u00e1rio de Marina Silva recebeu R$ 140 milh\u00f5es em doa\u00e7\u00f5es e gastou 80% com sal\u00e1rios e servi\u00e7os - Jornal Fatos e Not\u00edcias","robots":{"index":"index","follow":"follow","max-snippet":"max-snippet:-1","max-image-preview":"max-image-preview:large","max-video-preview":"max-video-preview:-1"},"canonical":"https:\/\/jornalfatosenoticias.com.br\/index.php\/2023\/11\/27\/ong-fundada-por-secretario-de-marina-silva-recebeu-r-140-milhoes-em-doacoes-e-gastou-80-com-salarios-e-servicos\/","og_locale":"pt_BR","og_type":"article","og_title":"ONG fundada por secret\u00e1rio de Marina Silva recebeu R$ 140 milh\u00f5es em doa\u00e7\u00f5es e gastou 80% com sal\u00e1rios e servi\u00e7os - Jornal Fatos e Not\u00edcias","og_description":"Entre 2021 e 2022, a ONG Instituto Socioambiental (ISA), fundada por ambientalistas, entre eles, o secret\u00e1rio-executivo Jo\u00e3o Paulo Capobianco, do minist\u00e9rio de Marina Silva, recebeu quase R$ 140 milh\u00f5es de doa\u00e7\u00f5es de grupos internacionais, nacionais e do Fundo Amaz\u00f4nia.Do total, nesses dois anos, R$ 115 milh\u00f5es foram destinados para custear folha de pagamento, servi\u00e7os externos, [&hellip;]","og_url":"https:\/\/jornalfatosenoticias.com.br\/index.php\/2023\/11\/27\/ong-fundada-por-secretario-de-marina-silva-recebeu-r-140-milhoes-em-doacoes-e-gastou-80-com-salarios-e-servicos\/","og_site_name":"Jornal Fatos e Not\u00edcias","article_published_time":"2023-11-27T19:43:28+00:00","og_image":[{"width":712,"height":370,"url":"https:\/\/jornalfatosenoticias.com.br\/wp-content\/uploads\/2023\/11\/ONG_marina-et.jpg","type":"image\/jpeg"}],"author":"Luzimara Fernandes","twitter_card":"summary_large_image","twitter_misc":{"Escrito por":"Luzimara Fernandes","Est. tempo de leitura":"3 minutos"},"schema":{"@context":"https:\/\/schema.org","@graph":[{"@type":"Article","@id":"https:\/\/jornalfatosenoticias.com.br\/index.php\/2023\/11\/27\/ong-fundada-por-secretario-de-marina-silva-recebeu-r-140-milhoes-em-doacoes-e-gastou-80-com-salarios-e-servicos\/#article","isPartOf":{"@id":"https:\/\/jornalfatosenoticias.com.br\/index.php\/2023\/11\/27\/ong-fundada-por-secretario-de-marina-silva-recebeu-r-140-milhoes-em-doacoes-e-gastou-80-com-salarios-e-servicos\/"},"author":{"name":"Luzimara Fernandes","@id":"https:\/\/jornalfatosenoticias.com.br\/#\/schema\/person\/d63837fa13ac8666eb9e74e0985d6f81"},"headline":"ONG fundada por secret\u00e1rio de Marina Silva recebeu R$ 140 milh\u00f5es em doa\u00e7\u00f5es e gastou 80% com sal\u00e1rios e servi\u00e7os","datePublished":"2023-11-27T19:43:28+00:00","mainEntityOfPage":{"@id":"https:\/\/jornalfatosenoticias.com.br\/index.php\/2023\/11\/27\/ong-fundada-por-secretario-de-marina-silva-recebeu-r-140-milhoes-em-doacoes-e-gastou-80-com-salarios-e-servicos\/"},"wordCount":604,"commentCount":0,"publisher":{"@id":"https:\/\/jornalfatosenoticias.com.br\/#organization"},"image":{"@id":"https:\/\/jornalfatosenoticias.com.br\/index.php\/2023\/11\/27\/ong-fundada-por-secretario-de-marina-silva-recebeu-r-140-milhoes-em-doacoes-e-gastou-80-com-salarios-e-servicos\/#primaryimage"},"thumbnailUrl":"https:\/\/jornalfatosenoticias.com.br\/wp-content\/uploads\/2023\/11\/ONG_marina-et.jpg","keywords":["desvios","doa\u00e7\u00f5es","Fundo Amaz\u00f4nia","Ipam","ISA","Marina Silva","ONGs","TCU"],"articleSection":["Pol\u00edtica"],"inLanguage":"pt-BR","potentialAction":[{"@type":"CommentAction","name":"Comment","target":["https:\/\/jornalfatosenoticias.com.br\/index.php\/2023\/11\/27\/ong-fundada-por-secretario-de-marina-silva-recebeu-r-140-milhoes-em-doacoes-e-gastou-80-com-salarios-e-servicos\/#respond"]}]},{"@type":"WebPage","@id":"https:\/\/jornalfatosenoticias.com.br\/index.php\/2023\/11\/27\/ong-fundada-por-secretario-de-marina-silva-recebeu-r-140-milhoes-em-doacoes-e-gastou-80-com-salarios-e-servicos\/","url":"https:\/\/jornalfatosenoticias.com.br\/index.php\/2023\/11\/27\/ong-fundada-por-secretario-de-marina-silva-recebeu-r-140-milhoes-em-doacoes-e-gastou-80-com-salarios-e-servicos\/","name":"ONG fundada por secret\u00e1rio de Marina Silva recebeu R$ 140 milh\u00f5es em doa\u00e7\u00f5es e gastou 80% com sal\u00e1rios e servi\u00e7os - Jornal Fatos e Not\u00edcias","isPartOf":{"@id":"https:\/\/jornalfatosenoticias.com.br\/#website"},"primaryImageOfPage":{"@id":"https:\/\/jornalfatosenoticias.com.br\/index.php\/2023\/11\/27\/ong-fundada-por-secretario-de-marina-silva-recebeu-r-140-milhoes-em-doacoes-e-gastou-80-com-salarios-e-servicos\/#primaryimage"},"image":{"@id":"https:\/\/jornalfatosenoticias.com.br\/index.php\/2023\/11\/27\/ong-fundada-por-secretario-de-marina-silva-recebeu-r-140-milhoes-em-doacoes-e-gastou-80-com-salarios-e-servicos\/#primaryimage"},"thumbnailUrl":"https:\/\/jornalfatosenoticias.com.br\/wp-content\/uploads\/2023\/11\/ONG_marina-et.jpg","datePublished":"2023-11-27T19:43:28+00:00","breadcrumb":{"@id":"https:\/\/jornalfatosenoticias.com.br\/index.php\/2023\/11\/27\/ong-fundada-por-secretario-de-marina-silva-recebeu-r-140-milhoes-em-doacoes-e-gastou-80-com-salarios-e-servicos\/#breadcrumb"},"inLanguage":"pt-BR","potentialAction":[{"@type":"ReadAction","target":["https:\/\/jornalfatosenoticias.com.br\/index.php\/2023\/11\/27\/ong-fundada-por-secretario-de-marina-silva-recebeu-r-140-milhoes-em-doacoes-e-gastou-80-com-salarios-e-servicos\/"]}]},{"@type":"ImageObject","inLanguage":"pt-BR","@id":"https:\/\/jornalfatosenoticias.com.br\/index.php\/2023\/11\/27\/ong-fundada-por-secretario-de-marina-silva-recebeu-r-140-milhoes-em-doacoes-e-gastou-80-com-salarios-e-servicos\/#primaryimage","url":"https:\/\/jornalfatosenoticias.com.br\/wp-content\/uploads\/2023\/11\/ONG_marina-et.jpg","contentUrl":"https:\/\/jornalfatosenoticias.com.br\/wp-content\/uploads\/2023\/11\/ONG_marina-et.jpg","width":712,"height":370},{"@type":"BreadcrumbList","@id":"https:\/\/jornalfatosenoticias.com.br\/index.php\/2023\/11\/27\/ong-fundada-por-secretario-de-marina-silva-recebeu-r-140-milhoes-em-doacoes-e-gastou-80-com-salarios-e-servicos\/#breadcrumb","itemListElement":[{"@type":"ListItem","position":1,"name":"In\u00edcio","item":"https:\/\/jornalfatosenoticias.com.br\/"},{"@type":"ListItem","position":2,"name":"ONG fundada por secret\u00e1rio de Marina Silva recebeu R$ 140 milh\u00f5es em doa\u00e7\u00f5es e gastou 80% com sal\u00e1rios e servi\u00e7os"}]},{"@type":"WebSite","@id":"https:\/\/jornalfatosenoticias.com.br\/#website","url":"https:\/\/jornalfatosenoticias.com.br\/","name":"Jornal Fatos e Not\u00edcias","description":"Not\u00edcias em geral","publisher":{"@id":"https:\/\/jornalfatosenoticias.com.br\/#organization"},"potentialAction":[{"@type":"SearchAction","target":{"@type":"EntryPoint","urlTemplate":"https:\/\/jornalfatosenoticias.com.br\/?s={search_term_string}"},"query-input":{"@type":"PropertyValueSpecification","valueRequired":true,"valueName":"search_term_string"}}],"inLanguage":"pt-BR"},{"@type":"Organization","@id":"https:\/\/jornalfatosenoticias.com.br\/#organization","name":"Jornal Fatos e Not\u00edcias","url":"https:\/\/jornalfatosenoticias.com.br\/","logo":{"@type":"ImageObject","inLanguage":"pt-BR","@id":"https:\/\/jornalfatosenoticias.com.br\/#\/schema\/logo\/image\/","url":"https:\/\/jornalfatosenoticias.com.br\/wp-content\/uploads\/2020\/02\/logo120.png","contentUrl":"https:\/\/jornalfatosenoticias.com.br\/wp-content\/uploads\/2020\/02\/logo120.png","width":1227,"height":120,"caption":"Jornal Fatos e Not\u00edcias"},"image":{"@id":"https:\/\/jornalfatosenoticias.com.br\/#\/schema\/logo\/image\/"}},{"@type":"Person","@id":"https:\/\/jornalfatosenoticias.com.br\/#\/schema\/person\/d63837fa13ac8666eb9e74e0985d6f81","name":"Luzimara Fernandes","image":{"@type":"ImageObject","inLanguage":"pt-BR","@id":"https:\/\/jornalfatosenoticias.com.br\/#\/schema\/person\/image\/","url":"https:\/\/jornalfatosenoticias.com.br\/wp-content\/uploads\/2025\/05\/EU_portal.jpg","contentUrl":"https:\/\/jornalfatosenoticias.com.br\/wp-content\/uploads\/2025\/05\/EU_portal.jpg","caption":"Luzimara Fernandes"},"description":"Jornalista MTB 2358-ES","sameAs":["https:\/\/jornalfatosenoticias.com.br"],"url":"https:\/\/jornalfatosenoticias.com.br\/index.php\/author\/luzimara\/"}]}},"cc_featured_image_caption":{"caption_text":"(Foto: Wilson Dias\/Ag\u00eancia Brasil)","source_text":"","source_url":""},"jetpack_featured_media_url":"https:\/\/jornalfatosenoticias.com.br\/wp-content\/uploads\/2023\/11\/ONG_marina-et.jpg","_links":{"self":[{"href":"https:\/\/jornalfatosenoticias.com.br\/index.php\/wp-json\/wp\/v2\/posts\/47248","targetHints":{"allow":["GET"]}}],"collection":[{"href":"https:\/\/jornalfatosenoticias.com.br\/index.php\/wp-json\/wp\/v2\/posts"}],"about":[{"href":"https:\/\/jornalfatosenoticias.com.br\/index.php\/wp-json\/wp\/v2\/types\/post"}],"author":[{"embeddable":true,"href":"https:\/\/jornalfatosenoticias.com.br\/index.php\/wp-json\/wp\/v2\/users\/2"}],"replies":[{"embeddable":true,"href":"https:\/\/jornalfatosenoticias.com.br\/index.php\/wp-json\/wp\/v2\/comments?post=47248"}],"version-history":[{"count":0,"href":"https:\/\/jornalfatosenoticias.com.br\/index.php\/wp-json\/wp\/v2\/posts\/47248\/revisions"}],"wp:featuredmedia":[{"embeddable":true,"href":"https:\/\/jornalfatosenoticias.com.br\/index.php\/wp-json\/wp\/v2\/media\/47250"}],"wp:attachment":[{"href":"https:\/\/jornalfatosenoticias.com.br\/index.php\/wp-json\/wp\/v2\/media?parent=47248"}],"wp:term":[{"taxonomy":"category","embeddable":true,"href":"https:\/\/jornalfatosenoticias.com.br\/index.php\/wp-json\/wp\/v2\/categories?post=47248"},{"taxonomy":"post_tag","embeddable":true,"href":"https:\/\/jornalfatosenoticias.com.br\/index.php\/wp-json\/wp\/v2\/tags?post=47248"}],"curies":[{"name":"wp","href":"https:\/\/api.w.org\/{rel}","templated":true}]}}