{"id":47259,"date":"2023-11-28T10:11:24","date_gmt":"2023-11-28T13:11:24","guid":{"rendered":"https:\/\/jornalfatosenoticias.com.br\/?p=47259"},"modified":"2023-11-28T10:11:25","modified_gmt":"2023-11-28T13:11:25","slug":"calor-qual-a-temperatura-suportavel-para-os-humanos","status":"publish","type":"post","link":"https:\/\/jornalfatosenoticias.com.br\/index.php\/2023\/11\/28\/calor-qual-a-temperatura-suportavel-para-os-humanos\/","title":{"rendered":"Calor: qual a temperatura suport\u00e1vel para os humanos?"},"content":{"rendered":"\n<p><em><span class=\"has-inline-color has-black-color\">Um professor no Reino Unido quer descobrir qu\u00e3o quente \u00e9 \u201cmuito quente\u201d para os seres humanos<\/span><\/em><\/p>\n\n\n\n<p><span class=\"has-inline-color has-black-color\">Por <strong><a href=\"https:\/\/ciclovivo.com.br\/author\/marcia-sousa\/\">Marcia Sousa<\/a><\/strong><\/span><\/p>\n\n\n\n<div class=\"wp-block-image\"><figure class=\"aligncenter size-large\"><img loading=\"lazy\" decoding=\"async\" width=\"1024\" height=\"110\" src=\"https:\/\/jornalfatosenoticias.com.br\/wp-content\/uploads\/2022\/10\/Arte-jornal-Zucchi-1120x120_Prancheta-1-1024x110.jpg\" alt=\"\" class=\"wp-image-34772\" srcset=\"https:\/\/jornalfatosenoticias.com.br\/wp-content\/uploads\/2022\/10\/Arte-jornal-Zucchi-1120x120_Prancheta-1-1024x110.jpg 1024w, https:\/\/jornalfatosenoticias.com.br\/wp-content\/uploads\/2022\/10\/Arte-jornal-Zucchi-1120x120_Prancheta-1-300x32.jpg 300w, https:\/\/jornalfatosenoticias.com.br\/wp-content\/uploads\/2022\/10\/Arte-jornal-Zucchi-1120x120_Prancheta-1-768x82.jpg 768w, https:\/\/jornalfatosenoticias.com.br\/wp-content\/uploads\/2022\/10\/Arte-jornal-Zucchi-1120x120_Prancheta-1-1536x165.jpg 1536w, https:\/\/jornalfatosenoticias.com.br\/wp-content\/uploads\/2022\/10\/Arte-jornal-Zucchi-1120x120_Prancheta-1-2048x219.jpg 2048w\" sizes=\"auto, (max-width: 1024px) 100vw, 1024px\" \/><\/figure><\/div>\n\n\n\n<p>H\u00e1 um limite de calor para o corpo humano? Um novo estudo indica que existe uma \u201ctemperatura cr\u00edtica superior\u201d para os seres humanos e provavelmente enquadra-se entre 40\u00b0C e 50\u00b0C. As evid\u00eancias ainda n\u00e3o s\u00e3o conclusivas, mas o professor Lewis Halsey e sua equipe da Universidade de Roehampton, no Reino Unido, mediram a taxa metab\u00f3lica de repouso \u2013 uma medida de quanta energia o corpo humano consome para continuar funcionando \u2014 em temperaturas variando de uma sala normal a 50\u00b0C e umidade de 25% e 50%. Uma das conclus\u00f5es \u00e9 que a taxa pode ser maior quando as pessoas s\u00e3o expostas a condi\u00e7\u00f5es quentes e \u00famidas.<br>Compreender as temperaturas a que as taxas metab\u00f3licas humanas come\u00e7am a subir, e como isso varia entre as pessoas, pode ter implica\u00e7\u00f5es nas condi\u00e7\u00f5es de trabalho, no <a href=\"https:\/\/ciclovivo.com.br\/vida-sustentavel\/bem-estar\/atividade-fisica-em-dias-quentes-confira-essas-10-dicas\/\" target=\"_blank\" rel=\"noreferrer noopener\">esporte<\/a>, na medicina e nas viagens internacionais.<\/p>\n\n\n\n<div class=\"wp-block-image\"><figure class=\"aligncenter size-large is-resized\"><img loading=\"lazy\" decoding=\"async\" src=\"https:\/\/jornalfatosenoticias.com.br\/wp-content\/uploads\/2020\/02\/casa-do-torresmo_portal.jpg\" alt=\"\" class=\"wp-image-34472\" width=\"282\" height=\"282\" srcset=\"https:\/\/jornalfatosenoticias.com.br\/wp-content\/uploads\/2020\/02\/casa-do-torresmo_portal.jpg 300w, https:\/\/jornalfatosenoticias.com.br\/wp-content\/uploads\/2020\/02\/casa-do-torresmo_portal-150x150.jpg 150w\" sizes=\"auto, (max-width: 282px) 100vw, 282px\" \/><\/figure><\/div>\n\n\n\n<blockquote class=\"wp-block-quote is-layout-flow wp-block-quote-is-layout-flow\"><p><span class=\"has-inline-color has-luminous-vivid-orange-color\">Esta pesquisa fornece conhecimento fundamental sobre como reagimos a ambientes abaixo do ideal e como o \u2018\u00f3timo\u2019 difere entre pessoas com caracter\u00edsticas diferentes\u201d, afirma Lewis Halsey.<\/span><\/p><\/blockquote>\n\n\n\n<div class=\"wp-block-image\"><figure class=\"aligncenter size-large is-resized\"><img loading=\"lazy\" decoding=\"async\" src=\"https:\/\/jornalfatosenoticias.com.br\/wp-content\/uploads\/2023\/03\/nova-logo-Marquetti.jpg\" alt=\"\" class=\"wp-image-40207\" width=\"310\" height=\"208\" srcset=\"https:\/\/jornalfatosenoticias.com.br\/wp-content\/uploads\/2023\/03\/nova-logo-Marquetti.jpg 643w, https:\/\/jornalfatosenoticias.com.br\/wp-content\/uploads\/2023\/03\/nova-logo-Marquetti-300x202.jpg 300w\" sizes=\"auto, (max-width: 310px) 100vw, 310px\" \/><\/figure><\/div>\n\n\n\n<p>De acordo com o cientista, a fun\u00e7\u00e3o card\u00edaca tamb\u00e9m \u00e9 afetada pelas altas temperaturas e seus efeitos variam entre pessoas com caracter\u00edsticas diferentes, como idade, aptid\u00e3o f\u00edsica e g\u00eanero. Usando um ecocardi\u00f3grafo, a equipe de pesquisa identificou que, em m\u00e9dia, as mulheres experimentam um maior aumento na frequ\u00eancia card\u00edaca quando expostas a altas temperaturas.<\/p>\n\n\n\n<div class=\"wp-block-image\"><figure class=\"aligncenter size-large\"><img decoding=\"async\" src=\"https:\/\/jornalfatosenoticias.com.br\/wp-content\/uploads\/2020\/02\/logo_esteio.jpg\" alt=\"\" class=\"wp-image-1214\"\/><\/figure><\/div>\n\n\n\n<blockquote class=\"wp-block-quote is-layout-flow wp-block-quote-is-layout-flow\"><p><span class=\"has-inline-color has-luminous-vivid-orange-color\">Estamos constantemente construindo uma imagem sobre como o corpo responde ao <a href=\"https:\/\/ciclovivo.com.br\/vida-sustentavel\/bem-estar\/medicos-sugerem-siesta-na-alemanha-devido-ao-calor-extremo\/\" target=\"_blank\" rel=\"noreferrer noopener\">estresse t\u00e9rmico<\/a>, qu\u00e3o adapt\u00e1vel ele pode ser, os limites dessas adapta\u00e7\u00f5es e \u2014 o que \u00e9 crucial \u2014 qu\u00e3o variadas s\u00e3o as respostas entre os indiv\u00edduos. Num mundo em aquecimento, este conhecimento torna-se cada vez mais valioso\u201d, finaliza o pesquisador.<\/span><\/p><\/blockquote>\n\n\n\n<div class=\"wp-block-image\"><figure class=\"aligncenter size-large\"><img loading=\"lazy\" decoding=\"async\" width=\"300\" height=\"250\" src=\"https:\/\/jornalfatosenoticias.com.br\/wp-content\/uploads\/2022\/08\/arte-Casarao.jpg\" alt=\"\" class=\"wp-image-33178\"\/><\/figure><\/div>\n\n\n\n<p><strong><span class=\"has-inline-color has-vivid-red-color\">Calor extremo e mortes<br><\/span><\/strong>No \u00faltimo dia 17, a jovem Ana Clara Benevides Machado, de apenas 23 anos, morreu ap\u00f3s passar mal no show da cantora Taylor Swift. Sob uma onda de calor, o evento foi realizado dentro do est\u00e1dio Nilton Santos, o Engenh\u00e3o, no Rio de Janeiro, que, na ocasi\u00e3o, chegou a uma temperatura m\u00e1xima de 39,1\u00b0C e, com um p\u00fablico de 60 mil pessoas, uma sensa\u00e7\u00e3o t\u00e9rmica que estima-se pr\u00f3xima dos 60\u00b0C.<\/p>\n\n\n\n<div class=\"wp-block-image\"><figure class=\"aligncenter size-large is-resized\"><img loading=\"lazy\" decoding=\"async\" src=\"https:\/\/jornalfatosenoticias.com.br\/wp-content\/uploads\/2020\/02\/logo-Rapuzel-1024x571.jpg\" alt=\"\" class=\"wp-image-42808\" width=\"311\" height=\"173\" srcset=\"https:\/\/jornalfatosenoticias.com.br\/wp-content\/uploads\/2020\/02\/logo-Rapuzel-1024x571.jpg 1024w, https:\/\/jornalfatosenoticias.com.br\/wp-content\/uploads\/2020\/02\/logo-Rapuzel-300x167.jpg 300w, https:\/\/jornalfatosenoticias.com.br\/wp-content\/uploads\/2020\/02\/logo-Rapuzel-768x428.jpg 768w, https:\/\/jornalfatosenoticias.com.br\/wp-content\/uploads\/2020\/02\/logo-Rapuzel-1536x856.jpg 1536w, https:\/\/jornalfatosenoticias.com.br\/wp-content\/uploads\/2020\/02\/logo-Rapuzel.jpg 1600w\" sizes=\"auto, (max-width: 311px) 100vw, 311px\" \/><\/figure><\/div>\n\n\n\n<p>Um laudo publicado tr\u00eas dias ap\u00f3s o \u00f3bito aponta pequenas hemorragias no pulm\u00e3o de Ana Clara, mas a causa da morte ainda est\u00e1 sob investiga\u00e7\u00e3o da Pol\u00edcia Civil do Rio de Janeiro. Calor, insola\u00e7\u00e3o e desidrata\u00e7\u00e3o s\u00e3o alguns dos fatores que podem ter levado ao desfecho tr\u00e1gico.<\/p>\n\n\n\n<div class=\"wp-block-image\"><figure class=\"aligncenter size-large is-resized\"><img loading=\"lazy\" decoding=\"async\" src=\"https:\/\/jornalfatosenoticias.com.br\/wp-content\/uploads\/2023\/03\/logo-Panper_portal.jpg\" alt=\"\" class=\"wp-image-40208\" width=\"318\" height=\"220\" srcset=\"https:\/\/jornalfatosenoticias.com.br\/wp-content\/uploads\/2023\/03\/logo-Panper_portal.jpg 400w, https:\/\/jornalfatosenoticias.com.br\/wp-content\/uploads\/2023\/03\/logo-Panper_portal-300x208.jpg 300w\" sizes=\"auto, (max-width: 318px) 100vw, 318px\" \/><\/figure><\/div>\n\n\n\n<p>A empresa organizadora Tickets For Fun foi criticada por impedir a entrada de garrafas de <a href=\"https:\/\/ciclovivo.com.br\/vida-sustentavel\/equilibrio\/5-motivos-para-beber-mais-agua\/\" target=\"_blank\" rel=\"noreferrer noopener\">\u00e1gua<\/a> e a instala\u00e7\u00e3o de tapumes que impediam a circula\u00e7\u00e3o de ar, sobretudo pelas altas temperaturas durante o evento. Apesar de menos comum entre os jovens, as mortes relacionadas ao calor j\u00e1 s\u00e3o uma realidade. Cerca de 70 mil pessoas podem ter morrido em toda a Europa em 2022 devido ao calor extremo, segundo levantamento do Instituto de Sa\u00fade Global de Barcelona. <\/p>\n\n\n\n<div class=\"wp-block-image\"><figure class=\"aligncenter size-large\"><img loading=\"lazy\" decoding=\"async\" width=\"300\" height=\"250\" src=\"https:\/\/jornalfatosenoticias.com.br\/wp-content\/uploads\/2020\/02\/Banner-2.png\" alt=\"\" class=\"wp-image-43787\"\/><\/figure><\/div>\n\n\n\n<p>J\u00e1 o relat\u00f3rio Lancet Countdown sobre sa\u00fade e mudan\u00e7as clim\u00e1ticas, publicado na revista cient\u00edfica The Lancet, estima que, em pessoas com mais de 65 anos, as mortes aumentaram 85% no per\u00edodo de 2013 a 2022 em compara\u00e7\u00e3o com o de 1991 a 2000. O mesmo documento projeta que as mortes anuais relacionadas ao calor <a href=\"https:\/\/ciclovivo.com.br\/planeta\/crise-climatica\/mortes-relacionadas-ao-calor-podem-aumentar-370\/\" target=\"_blank\" rel=\"noreferrer noopener\">podem aumentar em 370%<\/a> at\u00e9 meados do s\u00e9culo.<\/p>\n\n\n\n<div class=\"wp-block-image\"><figure class=\"aligncenter size-large is-resized\"><img loading=\"lazy\" decoding=\"async\" src=\"https:\/\/jornalfatosenoticias.com.br\/wp-content\/uploads\/2020\/02\/LOGO-BLU-COMERCIAL-PRETO-1024x600.jpg\" alt=\"\" class=\"wp-image-44089\" width=\"322\" height=\"188\"\/><\/figure><\/div>\n\n\n\n<p><strong><em>Fonte: <a href=\"https:\/\/ciclovivo.com.br\/vida-sustentavel\/bem-estar\/calor-qual-a-temperatura-suportavel-para-os-humanos\/\">CicloVivo<\/a><\/em><\/strong><\/p>\n","protected":false},"excerpt":{"rendered":"<p>Um professor no Reino Unido quer descobrir qu\u00e3o quente \u00e9 \u201cmuito quente\u201d para os seres humanos Por Marcia Sousa H\u00e1 um limite de calor para o corpo humano? Um novo estudo indica que existe uma \u201ctemperatura cr\u00edtica superior\u201d para os seres humanos e provavelmente enquadra-se entre 40\u00b0C e 50\u00b0C. As evid\u00eancias ainda n\u00e3o s\u00e3o conclusivas, [&hellip;]<\/p>\n","protected":false},"author":2,"featured_media":47260,"comment_status":"open","ping_status":"open","sticky":false,"template":"","format":"standard","meta":{"footnotes":""},"categories":[42],"tags":[368,11937,360],"class_list":["post-47259","post","type-post","status-publish","format-standard","has-post-thumbnail","hentry","category-bem-estar","tag-calor","tag-calor-extremo","tag-mudancas-climaticas"],"yoast_head":"<!-- This site is optimized with the Yoast SEO plugin v26.5 - https:\/\/yoast.com\/wordpress\/plugins\/seo\/ -->\n<title>Calor: qual a temperatura suport\u00e1vel para os humanos? - Jornal Fatos e Not\u00edcias<\/title>\n<meta name=\"robots\" content=\"index, follow, max-snippet:-1, max-image-preview:large, max-video-preview:-1\" \/>\n<link rel=\"canonical\" href=\"https:\/\/jornalfatosenoticias.com.br\/index.php\/2023\/11\/28\/calor-qual-a-temperatura-suportavel-para-os-humanos\/\" \/>\n<meta property=\"og:locale\" content=\"pt_BR\" \/>\n<meta property=\"og:type\" content=\"article\" \/>\n<meta property=\"og:title\" content=\"Calor: qual a temperatura suport\u00e1vel para os humanos? - Jornal Fatos e Not\u00edcias\" \/>\n<meta property=\"og:description\" content=\"Um professor no Reino Unido quer descobrir qu\u00e3o quente \u00e9 \u201cmuito quente\u201d para os seres humanos Por Marcia Sousa H\u00e1 um limite de calor para o corpo humano? Um novo estudo indica que existe uma \u201ctemperatura cr\u00edtica superior\u201d para os seres humanos e provavelmente enquadra-se entre 40\u00b0C e 50\u00b0C. As evid\u00eancias ainda n\u00e3o s\u00e3o conclusivas, [&hellip;]\" \/>\n<meta property=\"og:url\" content=\"https:\/\/jornalfatosenoticias.com.br\/index.php\/2023\/11\/28\/calor-qual-a-temperatura-suportavel-para-os-humanos\/\" \/>\n<meta property=\"og:site_name\" content=\"Jornal Fatos e Not\u00edcias\" \/>\n<meta property=\"article:published_time\" content=\"2023-11-28T13:11:24+00:00\" \/>\n<meta property=\"article:modified_time\" content=\"2023-11-28T13:11:25+00:00\" \/>\n<meta property=\"og:image\" content=\"https:\/\/jornalfatosenoticias.com.br\/wp-content\/uploads\/2023\/11\/calor_istock.jpg\" \/>\n\t<meta property=\"og:image:width\" content=\"612\" \/>\n\t<meta property=\"og:image:height\" content=\"408\" \/>\n\t<meta property=\"og:image:type\" content=\"image\/jpeg\" \/>\n<meta name=\"author\" content=\"Luzimara Fernandes\" \/>\n<meta name=\"twitter:card\" content=\"summary_large_image\" \/>\n<meta name=\"twitter:label1\" content=\"Escrito por\" \/>\n\t<meta name=\"twitter:data1\" content=\"Luzimara Fernandes\" \/>\n\t<meta name=\"twitter:label2\" content=\"Est. tempo de leitura\" \/>\n\t<meta name=\"twitter:data2\" content=\"3 minutos\" \/>\n<script type=\"application\/ld+json\" class=\"yoast-schema-graph\">{\"@context\":\"https:\/\/schema.org\",\"@graph\":[{\"@type\":\"Article\",\"@id\":\"https:\/\/jornalfatosenoticias.com.br\/index.php\/2023\/11\/28\/calor-qual-a-temperatura-suportavel-para-os-humanos\/#article\",\"isPartOf\":{\"@id\":\"https:\/\/jornalfatosenoticias.com.br\/index.php\/2023\/11\/28\/calor-qual-a-temperatura-suportavel-para-os-humanos\/\"},\"author\":{\"name\":\"Luzimara Fernandes\",\"@id\":\"https:\/\/jornalfatosenoticias.com.br\/#\/schema\/person\/d63837fa13ac8666eb9e74e0985d6f81\"},\"headline\":\"Calor: qual a temperatura suport\u00e1vel para os humanos?\",\"datePublished\":\"2023-11-28T13:11:24+00:00\",\"dateModified\":\"2023-11-28T13:11:25+00:00\",\"mainEntityOfPage\":{\"@id\":\"https:\/\/jornalfatosenoticias.com.br\/index.php\/2023\/11\/28\/calor-qual-a-temperatura-suportavel-para-os-humanos\/\"},\"wordCount\":601,\"commentCount\":0,\"publisher\":{\"@id\":\"https:\/\/jornalfatosenoticias.com.br\/#organization\"},\"image\":{\"@id\":\"https:\/\/jornalfatosenoticias.com.br\/index.php\/2023\/11\/28\/calor-qual-a-temperatura-suportavel-para-os-humanos\/#primaryimage\"},\"thumbnailUrl\":\"https:\/\/jornalfatosenoticias.com.br\/wp-content\/uploads\/2023\/11\/calor_istock.jpg\",\"keywords\":[\"calor\",\"calor extremo\",\"mudan\u00e7as clim\u00e1ticas\"],\"articleSection\":[\"Bem-estar\"],\"inLanguage\":\"pt-BR\",\"potentialAction\":[{\"@type\":\"CommentAction\",\"name\":\"Comment\",\"target\":[\"https:\/\/jornalfatosenoticias.com.br\/index.php\/2023\/11\/28\/calor-qual-a-temperatura-suportavel-para-os-humanos\/#respond\"]}]},{\"@type\":\"WebPage\",\"@id\":\"https:\/\/jornalfatosenoticias.com.br\/index.php\/2023\/11\/28\/calor-qual-a-temperatura-suportavel-para-os-humanos\/\",\"url\":\"https:\/\/jornalfatosenoticias.com.br\/index.php\/2023\/11\/28\/calor-qual-a-temperatura-suportavel-para-os-humanos\/\",\"name\":\"Calor: qual a temperatura suport\u00e1vel para os humanos? - Jornal Fatos e Not\u00edcias\",\"isPartOf\":{\"@id\":\"https:\/\/jornalfatosenoticias.com.br\/#website\"},\"primaryImageOfPage\":{\"@id\":\"https:\/\/jornalfatosenoticias.com.br\/index.php\/2023\/11\/28\/calor-qual-a-temperatura-suportavel-para-os-humanos\/#primaryimage\"},\"image\":{\"@id\":\"https:\/\/jornalfatosenoticias.com.br\/index.php\/2023\/11\/28\/calor-qual-a-temperatura-suportavel-para-os-humanos\/#primaryimage\"},\"thumbnailUrl\":\"https:\/\/jornalfatosenoticias.com.br\/wp-content\/uploads\/2023\/11\/calor_istock.jpg\",\"datePublished\":\"2023-11-28T13:11:24+00:00\",\"dateModified\":\"2023-11-28T13:11:25+00:00\",\"breadcrumb\":{\"@id\":\"https:\/\/jornalfatosenoticias.com.br\/index.php\/2023\/11\/28\/calor-qual-a-temperatura-suportavel-para-os-humanos\/#breadcrumb\"},\"inLanguage\":\"pt-BR\",\"potentialAction\":[{\"@type\":\"ReadAction\",\"target\":[\"https:\/\/jornalfatosenoticias.com.br\/index.php\/2023\/11\/28\/calor-qual-a-temperatura-suportavel-para-os-humanos\/\"]}]},{\"@type\":\"ImageObject\",\"inLanguage\":\"pt-BR\",\"@id\":\"https:\/\/jornalfatosenoticias.com.br\/index.php\/2023\/11\/28\/calor-qual-a-temperatura-suportavel-para-os-humanos\/#primaryimage\",\"url\":\"https:\/\/jornalfatosenoticias.com.br\/wp-content\/uploads\/2023\/11\/calor_istock.jpg\",\"contentUrl\":\"https:\/\/jornalfatosenoticias.com.br\/wp-content\/uploads\/2023\/11\/calor_istock.jpg\",\"width\":612,\"height\":408,\"caption\":\"Summer heat. Young African American woman cooling down by ventilator at home, feeling unwell with high temperature during hot weather, sitting on floor in front of electric fan during extreme heatwave\"},{\"@type\":\"BreadcrumbList\",\"@id\":\"https:\/\/jornalfatosenoticias.com.br\/index.php\/2023\/11\/28\/calor-qual-a-temperatura-suportavel-para-os-humanos\/#breadcrumb\",\"itemListElement\":[{\"@type\":\"ListItem\",\"position\":1,\"name\":\"In\u00edcio\",\"item\":\"https:\/\/jornalfatosenoticias.com.br\/\"},{\"@type\":\"ListItem\",\"position\":2,\"name\":\"Calor: qual a temperatura suport\u00e1vel para os humanos?\"}]},{\"@type\":\"WebSite\",\"@id\":\"https:\/\/jornalfatosenoticias.com.br\/#website\",\"url\":\"https:\/\/jornalfatosenoticias.com.br\/\",\"name\":\"Jornal Fatos e Not\u00edcias\",\"description\":\"Not\u00edcias em geral\",\"publisher\":{\"@id\":\"https:\/\/jornalfatosenoticias.com.br\/#organization\"},\"potentialAction\":[{\"@type\":\"SearchAction\",\"target\":{\"@type\":\"EntryPoint\",\"urlTemplate\":\"https:\/\/jornalfatosenoticias.com.br\/?s={search_term_string}\"},\"query-input\":{\"@type\":\"PropertyValueSpecification\",\"valueRequired\":true,\"valueName\":\"search_term_string\"}}],\"inLanguage\":\"pt-BR\"},{\"@type\":\"Organization\",\"@id\":\"https:\/\/jornalfatosenoticias.com.br\/#organization\",\"name\":\"Jornal Fatos e Not\u00edcias\",\"url\":\"https:\/\/jornalfatosenoticias.com.br\/\",\"logo\":{\"@type\":\"ImageObject\",\"inLanguage\":\"pt-BR\",\"@id\":\"https:\/\/jornalfatosenoticias.com.br\/#\/schema\/logo\/image\/\",\"url\":\"https:\/\/jornalfatosenoticias.com.br\/wp-content\/uploads\/2020\/02\/logo120.png\",\"contentUrl\":\"https:\/\/jornalfatosenoticias.com.br\/wp-content\/uploads\/2020\/02\/logo120.png\",\"width\":1227,\"height\":120,\"caption\":\"Jornal Fatos e Not\u00edcias\"},\"image\":{\"@id\":\"https:\/\/jornalfatosenoticias.com.br\/#\/schema\/logo\/image\/\"}},{\"@type\":\"Person\",\"@id\":\"https:\/\/jornalfatosenoticias.com.br\/#\/schema\/person\/d63837fa13ac8666eb9e74e0985d6f81\",\"name\":\"Luzimara Fernandes\",\"image\":{\"@type\":\"ImageObject\",\"inLanguage\":\"pt-BR\",\"@id\":\"https:\/\/jornalfatosenoticias.com.br\/#\/schema\/person\/image\/\",\"url\":\"https:\/\/jornalfatosenoticias.com.br\/wp-content\/uploads\/2025\/05\/EU_portal.jpg\",\"contentUrl\":\"https:\/\/jornalfatosenoticias.com.br\/wp-content\/uploads\/2025\/05\/EU_portal.jpg\",\"caption\":\"Luzimara Fernandes\"},\"description\":\"Jornalista MTB 2358-ES\",\"sameAs\":[\"https:\/\/jornalfatosenoticias.com.br\"],\"url\":\"https:\/\/jornalfatosenoticias.com.br\/index.php\/author\/luzimara\/\"}]}<\/script>\n<!-- \/ Yoast SEO plugin. -->","yoast_head_json":{"title":"Calor: qual a temperatura suport\u00e1vel para os humanos? - Jornal Fatos e Not\u00edcias","robots":{"index":"index","follow":"follow","max-snippet":"max-snippet:-1","max-image-preview":"max-image-preview:large","max-video-preview":"max-video-preview:-1"},"canonical":"https:\/\/jornalfatosenoticias.com.br\/index.php\/2023\/11\/28\/calor-qual-a-temperatura-suportavel-para-os-humanos\/","og_locale":"pt_BR","og_type":"article","og_title":"Calor: qual a temperatura suport\u00e1vel para os humanos? - Jornal Fatos e Not\u00edcias","og_description":"Um professor no Reino Unido quer descobrir qu\u00e3o quente \u00e9 \u201cmuito quente\u201d para os seres humanos Por Marcia Sousa H\u00e1 um limite de calor para o corpo humano? Um novo estudo indica que existe uma \u201ctemperatura cr\u00edtica superior\u201d para os seres humanos e provavelmente enquadra-se entre 40\u00b0C e 50\u00b0C. As evid\u00eancias ainda n\u00e3o s\u00e3o conclusivas, [&hellip;]","og_url":"https:\/\/jornalfatosenoticias.com.br\/index.php\/2023\/11\/28\/calor-qual-a-temperatura-suportavel-para-os-humanos\/","og_site_name":"Jornal Fatos e Not\u00edcias","article_published_time":"2023-11-28T13:11:24+00:00","article_modified_time":"2023-11-28T13:11:25+00:00","og_image":[{"width":612,"height":408,"url":"https:\/\/jornalfatosenoticias.com.br\/wp-content\/uploads\/2023\/11\/calor_istock.jpg","type":"image\/jpeg"}],"author":"Luzimara Fernandes","twitter_card":"summary_large_image","twitter_misc":{"Escrito por":"Luzimara Fernandes","Est. tempo de leitura":"3 minutos"},"schema":{"@context":"https:\/\/schema.org","@graph":[{"@type":"Article","@id":"https:\/\/jornalfatosenoticias.com.br\/index.php\/2023\/11\/28\/calor-qual-a-temperatura-suportavel-para-os-humanos\/#article","isPartOf":{"@id":"https:\/\/jornalfatosenoticias.com.br\/index.php\/2023\/11\/28\/calor-qual-a-temperatura-suportavel-para-os-humanos\/"},"author":{"name":"Luzimara Fernandes","@id":"https:\/\/jornalfatosenoticias.com.br\/#\/schema\/person\/d63837fa13ac8666eb9e74e0985d6f81"},"headline":"Calor: qual a temperatura suport\u00e1vel para os humanos?","datePublished":"2023-11-28T13:11:24+00:00","dateModified":"2023-11-28T13:11:25+00:00","mainEntityOfPage":{"@id":"https:\/\/jornalfatosenoticias.com.br\/index.php\/2023\/11\/28\/calor-qual-a-temperatura-suportavel-para-os-humanos\/"},"wordCount":601,"commentCount":0,"publisher":{"@id":"https:\/\/jornalfatosenoticias.com.br\/#organization"},"image":{"@id":"https:\/\/jornalfatosenoticias.com.br\/index.php\/2023\/11\/28\/calor-qual-a-temperatura-suportavel-para-os-humanos\/#primaryimage"},"thumbnailUrl":"https:\/\/jornalfatosenoticias.com.br\/wp-content\/uploads\/2023\/11\/calor_istock.jpg","keywords":["calor","calor extremo","mudan\u00e7as clim\u00e1ticas"],"articleSection":["Bem-estar"],"inLanguage":"pt-BR","potentialAction":[{"@type":"CommentAction","name":"Comment","target":["https:\/\/jornalfatosenoticias.com.br\/index.php\/2023\/11\/28\/calor-qual-a-temperatura-suportavel-para-os-humanos\/#respond"]}]},{"@type":"WebPage","@id":"https:\/\/jornalfatosenoticias.com.br\/index.php\/2023\/11\/28\/calor-qual-a-temperatura-suportavel-para-os-humanos\/","url":"https:\/\/jornalfatosenoticias.com.br\/index.php\/2023\/11\/28\/calor-qual-a-temperatura-suportavel-para-os-humanos\/","name":"Calor: qual a temperatura suport\u00e1vel para os humanos? - Jornal Fatos e Not\u00edcias","isPartOf":{"@id":"https:\/\/jornalfatosenoticias.com.br\/#website"},"primaryImageOfPage":{"@id":"https:\/\/jornalfatosenoticias.com.br\/index.php\/2023\/11\/28\/calor-qual-a-temperatura-suportavel-para-os-humanos\/#primaryimage"},"image":{"@id":"https:\/\/jornalfatosenoticias.com.br\/index.php\/2023\/11\/28\/calor-qual-a-temperatura-suportavel-para-os-humanos\/#primaryimage"},"thumbnailUrl":"https:\/\/jornalfatosenoticias.com.br\/wp-content\/uploads\/2023\/11\/calor_istock.jpg","datePublished":"2023-11-28T13:11:24+00:00","dateModified":"2023-11-28T13:11:25+00:00","breadcrumb":{"@id":"https:\/\/jornalfatosenoticias.com.br\/index.php\/2023\/11\/28\/calor-qual-a-temperatura-suportavel-para-os-humanos\/#breadcrumb"},"inLanguage":"pt-BR","potentialAction":[{"@type":"ReadAction","target":["https:\/\/jornalfatosenoticias.com.br\/index.php\/2023\/11\/28\/calor-qual-a-temperatura-suportavel-para-os-humanos\/"]}]},{"@type":"ImageObject","inLanguage":"pt-BR","@id":"https:\/\/jornalfatosenoticias.com.br\/index.php\/2023\/11\/28\/calor-qual-a-temperatura-suportavel-para-os-humanos\/#primaryimage","url":"https:\/\/jornalfatosenoticias.com.br\/wp-content\/uploads\/2023\/11\/calor_istock.jpg","contentUrl":"https:\/\/jornalfatosenoticias.com.br\/wp-content\/uploads\/2023\/11\/calor_istock.jpg","width":612,"height":408,"caption":"Summer heat. Young African American woman cooling down by ventilator at home, feeling unwell with high temperature during hot weather, sitting on floor in front of electric fan during extreme heatwave"},{"@type":"BreadcrumbList","@id":"https:\/\/jornalfatosenoticias.com.br\/index.php\/2023\/11\/28\/calor-qual-a-temperatura-suportavel-para-os-humanos\/#breadcrumb","itemListElement":[{"@type":"ListItem","position":1,"name":"In\u00edcio","item":"https:\/\/jornalfatosenoticias.com.br\/"},{"@type":"ListItem","position":2,"name":"Calor: qual a temperatura suport\u00e1vel para os humanos?"}]},{"@type":"WebSite","@id":"https:\/\/jornalfatosenoticias.com.br\/#website","url":"https:\/\/jornalfatosenoticias.com.br\/","name":"Jornal Fatos e Not\u00edcias","description":"Not\u00edcias em geral","publisher":{"@id":"https:\/\/jornalfatosenoticias.com.br\/#organization"},"potentialAction":[{"@type":"SearchAction","target":{"@type":"EntryPoint","urlTemplate":"https:\/\/jornalfatosenoticias.com.br\/?s={search_term_string}"},"query-input":{"@type":"PropertyValueSpecification","valueRequired":true,"valueName":"search_term_string"}}],"inLanguage":"pt-BR"},{"@type":"Organization","@id":"https:\/\/jornalfatosenoticias.com.br\/#organization","name":"Jornal Fatos e Not\u00edcias","url":"https:\/\/jornalfatosenoticias.com.br\/","logo":{"@type":"ImageObject","inLanguage":"pt-BR","@id":"https:\/\/jornalfatosenoticias.com.br\/#\/schema\/logo\/image\/","url":"https:\/\/jornalfatosenoticias.com.br\/wp-content\/uploads\/2020\/02\/logo120.png","contentUrl":"https:\/\/jornalfatosenoticias.com.br\/wp-content\/uploads\/2020\/02\/logo120.png","width":1227,"height":120,"caption":"Jornal Fatos e Not\u00edcias"},"image":{"@id":"https:\/\/jornalfatosenoticias.com.br\/#\/schema\/logo\/image\/"}},{"@type":"Person","@id":"https:\/\/jornalfatosenoticias.com.br\/#\/schema\/person\/d63837fa13ac8666eb9e74e0985d6f81","name":"Luzimara Fernandes","image":{"@type":"ImageObject","inLanguage":"pt-BR","@id":"https:\/\/jornalfatosenoticias.com.br\/#\/schema\/person\/image\/","url":"https:\/\/jornalfatosenoticias.com.br\/wp-content\/uploads\/2025\/05\/EU_portal.jpg","contentUrl":"https:\/\/jornalfatosenoticias.com.br\/wp-content\/uploads\/2025\/05\/EU_portal.jpg","caption":"Luzimara Fernandes"},"description":"Jornalista MTB 2358-ES","sameAs":["https:\/\/jornalfatosenoticias.com.br"],"url":"https:\/\/jornalfatosenoticias.com.br\/index.php\/author\/luzimara\/"}]}},"cc_featured_image_caption":{"caption_text":"(Foto: iStock)","source_text":"","source_url":""},"jetpack_featured_media_url":"https:\/\/jornalfatosenoticias.com.br\/wp-content\/uploads\/2023\/11\/calor_istock.jpg","_links":{"self":[{"href":"https:\/\/jornalfatosenoticias.com.br\/index.php\/wp-json\/wp\/v2\/posts\/47259","targetHints":{"allow":["GET"]}}],"collection":[{"href":"https:\/\/jornalfatosenoticias.com.br\/index.php\/wp-json\/wp\/v2\/posts"}],"about":[{"href":"https:\/\/jornalfatosenoticias.com.br\/index.php\/wp-json\/wp\/v2\/types\/post"}],"author":[{"embeddable":true,"href":"https:\/\/jornalfatosenoticias.com.br\/index.php\/wp-json\/wp\/v2\/users\/2"}],"replies":[{"embeddable":true,"href":"https:\/\/jornalfatosenoticias.com.br\/index.php\/wp-json\/wp\/v2\/comments?post=47259"}],"version-history":[{"count":0,"href":"https:\/\/jornalfatosenoticias.com.br\/index.php\/wp-json\/wp\/v2\/posts\/47259\/revisions"}],"wp:featuredmedia":[{"embeddable":true,"href":"https:\/\/jornalfatosenoticias.com.br\/index.php\/wp-json\/wp\/v2\/media\/47260"}],"wp:attachment":[{"href":"https:\/\/jornalfatosenoticias.com.br\/index.php\/wp-json\/wp\/v2\/media?parent=47259"}],"wp:term":[{"taxonomy":"category","embeddable":true,"href":"https:\/\/jornalfatosenoticias.com.br\/index.php\/wp-json\/wp\/v2\/categories?post=47259"},{"taxonomy":"post_tag","embeddable":true,"href":"https:\/\/jornalfatosenoticias.com.br\/index.php\/wp-json\/wp\/v2\/tags?post=47259"}],"curies":[{"name":"wp","href":"https:\/\/api.w.org\/{rel}","templated":true}]}}