{"id":4730,"date":"2020-05-21T19:06:35","date_gmt":"2020-05-21T22:06:35","guid":{"rendered":"https:\/\/jornalfatosenoticias.com.br\/?p=4730"},"modified":"2020-05-21T19:06:40","modified_gmt":"2020-05-21T22:06:40","slug":"e-isso-ai-poe-o-cracha-tira-o-cracha-poe-o-cracha","status":"publish","type":"post","link":"https:\/\/jornalfatosenoticias.com.br\/index.php\/2020\/05\/21\/e-isso-ai-poe-o-cracha-tira-o-cracha-poe-o-cracha\/","title":{"rendered":"\u00c9 Isso A\u00ed \u2014 P\u00d5E O CRACH\u00c1&#8230;TIRA O CRACH\u00c1&#8230;P\u00d5E O CRACH\u00c1&#8230;"},"content":{"rendered":"\n<p>N\u00e3o sei por que me lembrei daquele personagem do saudoso Paulo Silvino \u2026 Amigos, estou de volta a este modesto blog depois de curtir alguns dias de f\u00e9rias. Mas, mesmo de longe, acompanhei com muita aten\u00e7\u00e3o a movimenta\u00e7\u00e3o pol\u00edtica no Planalto. E n\u00e3o creio que temos muitas novidades por l\u00e1 e, em \u00faltima an\u00e1lise, em todo o Pa\u00eds. Est\u00e1 tudo como dantes no quartel (\u201c?) de Abrantes!<br>Vou dividir esse blog em duas partes com o mesmo assunto: as decis\u00f5es do Planalto \u2013 sempre apagadas !!! \u00c9, me parece que l\u00e1 quem manda n\u00e3o sabe de nada mesmo!<br>Sim, porque \u00e9 por causa das manobras palacianas, principalmente em rela\u00e7\u00e3o ao nosso presidente, que estamos vivendo no momento \u00e9 uma crise de ci\u00fame dele, Bolsonaro, o nosso destemperado presidente \u2013 em rela\u00e7\u00e3o, primeiro, ao ministro da Sa\u00fade, Luiz Henrique Mandetta, que acabou demitido.<br>\u00c9 Isso A\u00ed! A ciumeira continuou ap\u00f3s o \u201cReizinho\u201d empossar o novo ministro da sa\u00fade, Nelson Teich, que ficou no cargo menos de um m\u00eas.<\/p>\n\n\n\n<figure class=\"wp-block-image size-large\"><img loading=\"lazy\" decoding=\"async\" width=\"1000\" height=\"622\" src=\"https:\/\/jornalfatosenoticias.com.br\/wp-content\/uploads\/2020\/05\/bolsonaro_teich.jpg\" alt=\"\" class=\"wp-image-4731\" srcset=\"https:\/\/jornalfatosenoticias.com.br\/wp-content\/uploads\/2020\/05\/bolsonaro_teich.jpg 1000w, https:\/\/jornalfatosenoticias.com.br\/wp-content\/uploads\/2020\/05\/bolsonaro_teich-300x187.jpg 300w, https:\/\/jornalfatosenoticias.com.br\/wp-content\/uploads\/2020\/05\/bolsonaro_teich-768x478.jpg 768w\" sizes=\"auto, (max-width: 1000px) 100vw, 1000px\" \/><figcaption><em>Bolsonaro e Nelson Teich (Foto: Reuters\/Adriano Machado\/Reprodu\u00e7\u00e3o)<\/em><\/figcaption><\/figure>\n\n\n\n<p>O ministro Nelson Teich (Sa\u00fade) pediu demiss\u00e3o numa manh\u00e3 de sexta-feira (15 de maio 2020). O general Eduardo Pazuello, secret\u00e1rio-executivo da pasta, assumiu o cargo interinamente. Pazuello, segundo o presidente, foi colocado no minist\u00e9rio por sua capacidade de organiza\u00e7\u00e3o log\u00edstica. Entretanto, \u00e0 boca pequena, nos bastidores ou subterr\u00e2neos, sei l\u00e1, sua nomea\u00e7\u00e3o, junto a outros militares, levantou suspeitas de que Nelson Teich seria \u201ctutorado\u201d na pasta. Ou seja voltamos a assistir mais uma alquimia do nosso \u201creizinho\u201d.<br>Teich \u00e9 o 2\u00ba comandante do minist\u00e9rio a deixar a fun\u00e7\u00e3o durante a pandemia do coronav\u00edrus. O ministro anterior foi demitido em 16 de abril. Teich assumiu a cadeira da Sa\u00fade em 17 de abril e estava para completar um m\u00eas no cargo.<br>At\u00e9 que seria c\u00f4mico se n\u00e3o fossem t\u00e3o tr\u00e1gicas essas manobras\u201d palacianas. O \u201csisudo\u201d Teich esteve no Pal\u00e1cio do Planalto para conversar com Jair Bolsonaro \u00e0s 11h. Os dois j\u00e1 n\u00e3o estavam recruzando os bigodes porque o \u201creizinho\u201d abertamente defende o uso do rem\u00e9dio cloroquina como tratamento para a covid-19.<br>\u00c9 necess\u00e1rio dizer que nem a Organiza\u00e7\u00e3o Mundial da Sa\u00fade (OMS) nem o Minist\u00e9rio da Sa\u00fade reconhecem algum f\u00e1rmaco ou vacina como cura para a doen\u00e7a. Bolsonaro queria que o ministro recomendasse o medicamento. Ele resistia.<br>Teich sofria desprest\u00edgio dentro e fora do governo. Prefeitos relatam que preferiam tratar de assuntos relevantes com o general Pazuello.<br>E o ministro? Ah! ele j\u00e1 estava com o pressentimento de que estava sendo \u201cfritado\u201d por conta da presen\u00e7a de militares em cargos de chefia no minist\u00e9rio. Em confer\u00eancia com deputados, Teich se defendeu. \u201cEmbora possa existir militares, outros profissionais, a lideran\u00e7a \u00e9 minha\u201d. Em outro momento, afirmou que os militares s\u00f3 ficariam na pasta durante a pandemia. \u201cAt\u00e9 parecia que seria isso\u201d \u2026 ah coitado!<br>E novamente vem \u00e0 cena o antecessor de Teich, Luiz Henrique Mandetta, publicando um<br>tweet: \u201cOremos. For\u00e7a SUS. Ci\u00eancia. Paci\u00eancia. F\u00e9! Me digam, \u00e9 ou n\u00e3o \u00e9 uma com\u00e9dia de circo?\u201d.<\/p>\n\n\n\n<figure class=\"wp-block-image size-large\"><img loading=\"lazy\" decoding=\"async\" width=\"675\" height=\"361\" src=\"https:\/\/jornalfatosenoticias.com.br\/wp-content\/uploads\/2020\/05\/Bolsonaro_impeachment.jpg\" alt=\"\" class=\"wp-image-4732\" srcset=\"https:\/\/jornalfatosenoticias.com.br\/wp-content\/uploads\/2020\/05\/Bolsonaro_impeachment.jpg 675w, https:\/\/jornalfatosenoticias.com.br\/wp-content\/uploads\/2020\/05\/Bolsonaro_impeachment-300x160.jpg 300w\" sizes=\"auto, (max-width: 675px) 100vw, 675px\" \/><figcaption><em>Presidente<\/em> <em>Bolsonaro (Foto: S\u00e9rgio Lima\/AFP)<\/em><\/figcaption><\/figure>\n\n\n\n<p>O \u201creizinho\u201d Bolsonaro e Teich tiveram uma reuni\u00e3o dura, na qual o ministro foi cobrado para que mudasse o protocolo da Pasta, ampliando a recomenda\u00e7\u00e3o de utiliza\u00e7\u00e3o do medicamento cloroquina no tratamento da Covid-19.<br>Teich n\u00e3o topou seguir o \u201cdiagn\u00f3stico\u201d do presidente, que desejava lhe impor a ades\u00e3o cega ao uso da cloroquina em todos os pacientes de coronav\u00edrus. E o ministro, sempre, depois de idas e vindas afirmando que ficaria no cargo, enquanto todos ao seu redor sinalizavam \u2013 alguns at\u00e9 zombavam \u2013 como o colega da BAND, Jos\u00e9 Luiz Datena e diversos produtores de fake news, afirmando: \u201c\u2026 tenho informa\u00e7\u00f5es fidedignas, seguras que, se o Mandetta n\u00e3o pedir demiss\u00e3o, o Bolsonaro vai dar um chute nele&#8221;. Ali\u00e1s, o comportamento do jornalista Datena foi muito esquisito. E continuou sendo em rela\u00e7\u00e3o ao ministro Teich. N\u00e3o posso garantir, mas tem caro\u00e7o debaixo desse imbr\u00f3glio.<br>Gente, sinceramente eu nunca tinha visto isso antes, nestes meus 65 anos de jornalismo! Esperem a\u00ed porque tem mais nesse picadeiro de circo verde e amarelo. O secret\u00e1rio Wanderson de Oliveira, do Minist\u00e9rio da Sa\u00fade tamb\u00e9m pediu demiss\u00e3o.<br>E a \u201cnamoradinha do Brasil\u201d foi intimada a viver personagem \u201cao vivo\u201d! O \u201creizinho\u201d a chamou: \u201cRegina, por favor venha c\u00e1. Voc\u00ea vai ter de demitir-se!\u201d. Se \u00e9 verdade? \u00c9, sim senhora! Ela j\u00e1 estava desconfiada, pois j\u00e1 confidenciado: \u201cParece que v\u00e3o me jogar pro alto ou na ca\u00e7apa!\u201d.<br>E ela teve que deixar o cargo de Secret\u00e1ria Especial de Cultura e aconteceu um dia depois de Bolsonaro almo\u00e7ar com um dos nomes cotados para assumir o cargo, o ator M\u00e1rio Frias.<br>O presidente confirmou nesta quarta-feira (20) o remanejamento da artista de 73 anos. Ela deve ser designada para comandar a Cinemateca Brasileira, com sede em S\u00e3o Paulo.<\/p>\n\n\n\n<figure class=\"wp-block-image size-large\"><img loading=\"lazy\" decoding=\"async\" width=\"980\" height=\"653\" src=\"https:\/\/jornalfatosenoticias.com.br\/wp-content\/uploads\/2020\/05\/regina-duarte-bolsonaro.jpg\" alt=\"\" class=\"wp-image-4733\" srcset=\"https:\/\/jornalfatosenoticias.com.br\/wp-content\/uploads\/2020\/05\/regina-duarte-bolsonaro.jpg 980w, https:\/\/jornalfatosenoticias.com.br\/wp-content\/uploads\/2020\/05\/regina-duarte-bolsonaro-300x200.jpg 300w, https:\/\/jornalfatosenoticias.com.br\/wp-content\/uploads\/2020\/05\/regina-duarte-bolsonaro-768x512.jpg 768w\" sizes=\"auto, (max-width: 980px) 100vw, 980px\" \/><figcaption><em>Regina Duarte ouve a decis\u00e3o de Bolsonaro (Foto: Divulga\u00e7\u00e3o)<\/em><\/figcaption><\/figure>\n\n\n\n<p>Bolsonaro afirmou, sorrindo, que Regina estava com saudade da fam\u00edlia e que a mudan\u00e7a seria para o &#8220;bem&#8221; dela, em respeito ao &#8220;passado&#8221; da atriz.<br>Nos bastidores, no entanto, auxiliares dizem que ambos estavam insatisfeitos um com o outro e se dedicaram a encontrar uma sa\u00edda honrosa para a artista. O desembarque de Regina do governo foi selado em um caf\u00e9 da manh\u00e3 no Pal\u00e1cio da Alvorada.<br>O presidente j\u00e1 havia reclamado publicamente que Regina n\u00e3o dava expediente em Bras\u00edlia e observou que ela trabalhava de S\u00e3o Paulo, pela internet, o que prejudicava a gest\u00e3o da pasta.<br>A aus\u00eancia da atriz abriria espa\u00e7o, de acordo com Bolsonaro, a conflitos ideol\u00f3gicos dentro da secretaria \u2014 tema caro ao mandat\u00e1rio. &#8220;Tem muita gente de esquerda [na secretaria de Cultura] pregando ideologia de g\u00eanero, essas coisas todas que a sociedade\u2026\u201d e por a\u00ed vai jogando no ar aquelas palavras t\u00e3o pr\u00f3prias dele, (sem usar a m\u00e1scara defensiva do v\u00edrus que mata).<br>Um dia depois de almo\u00e7ar com um dos nomes cotados para assumir o cargo, o ator M\u00e1rio Frias, o presidente confirmou o remanejamento da artista. O \u201creizinho\u201d com aquela cara zombeteira abra\u00e7ando Regina: \u201cEla ser\u00e1 designada para comandar a Cinemateca Brasileira, com sede em S\u00e3o Paulo, ou seja Regina \u201cganhou um pr\u00eamio de consola\u00e7\u00e3o\u201d.<br>\u201cEla estava com saudade da fam\u00edlia! A mudan\u00e7a ser\u00e1 para o &#8220;bem&#8221; dela, em respeito ao seu &#8220;passado&#8221; de atriz\u201d.<br>N\u00e3o senhor presidente, Regina Duarte merece mais respeito, n\u00e3o acham? Respeito!<br>Afinal, mesmo ela tendo ideias pr\u00f3prias sobre pol\u00edtica, e tendo, inclusive, encerrado um contrato de mais de 50 anos com a TV Globo para virar secret\u00e1ria, temos que respeit\u00e1-la. Mas o seu Bolsonaro n\u00e3o \u00e9 de respeitar ningu\u00e9m! Ela tamb\u00e9m, num entusiasmo surpreendente, acabou demitindo algumas pessoas de prest\u00edgio que estavam, segundo sua \u00f3tica, atrapalhando sua gest\u00e3o. O que tamb\u00e9m n\u00e3o agradou o presidente.<br>As decis\u00f5es fizeram Regina perder prest\u00edgio tanto com o presidente, quanto com seus apoiadores. Bolsonaro admitiu certa decep\u00e7\u00e3o com a escolhida, em uma entrevista no fim de abril, quando declarou:<br>\u201cInfelizmente, a Regina est\u00e1 trabalhando pela internet ali e eu quero que ela esteja mais pr\u00f3xima. Uma excelente pessoa, um bom quadro, \u00e9 tamb\u00e9m uma secret\u00e1ria que era minist\u00e9rio, muita gente de esquerda, pregando ideologia de g\u00eanero, essas coisas todas que a sociedade, a massa da popula\u00e7\u00e3o n\u00e3o admite, e ela tem dificuldade nesse sentido\u201d.<br>Ent\u00e3o, resolveu tritur\u00e1-la. Simples, n\u00e3o \u00e9?<\/p>\n\n\n\n<p><em>Moral da hist\u00f3ria \u2013<\/em> <em>Nunca devemos mudar de cavalo no meio do rio (Abraham Lincoln)<\/em><\/p>\n\n\n\n<p><strong><em>\u00c9 Isso A\u00ed<\/em><\/strong><\/p>\n","protected":false},"excerpt":{"rendered":"<p>N\u00e3o sei por que me lembrei daquele personagem do saudoso Paulo Silvino \u2026 Amigos, estou de volta a este modesto blog depois de curtir alguns dias de f\u00e9rias. Mas, mesmo de longe, acompanhei com muita aten\u00e7\u00e3o a movimenta\u00e7\u00e3o pol\u00edtica no Planalto. E n\u00e3o creio que temos muitas novidades por l\u00e1 e, em \u00faltima an\u00e1lise, em [&hellip;]<\/p>\n","protected":false},"author":6,"featured_media":4734,"comment_status":"open","ping_status":"open","sticky":false,"template":"","format":"standard","meta":{"footnotes":""},"categories":[10],"tags":[239,1800,2645,2775,2776],"class_list":["post-4730","post","type-post","status-publish","format-standard","has-post-thumbnail","hentry","category-politica","tag-bolsonaro","tag-ministros","tag-nelson-teich","tag-regina-duarte","tag-secretaria-especial-de-cultura"],"yoast_head":"<!-- This site is optimized with the Yoast SEO plugin v26.5 - https:\/\/yoast.com\/wordpress\/plugins\/seo\/ -->\n<title>\u00c9 Isso A\u00ed \u2014 P\u00d5E O CRACH\u00c1...TIRA O CRACH\u00c1...P\u00d5E O CRACH\u00c1... - Jornal Fatos e Not\u00edcias<\/title>\n<meta name=\"robots\" content=\"index, follow, max-snippet:-1, max-image-preview:large, max-video-preview:-1\" \/>\n<link rel=\"canonical\" href=\"https:\/\/jornalfatosenoticias.com.br\/index.php\/2020\/05\/21\/e-isso-ai-poe-o-cracha-tira-o-cracha-poe-o-cracha\/\" \/>\n<meta property=\"og:locale\" content=\"pt_BR\" \/>\n<meta property=\"og:type\" content=\"article\" \/>\n<meta property=\"og:title\" content=\"\u00c9 Isso A\u00ed \u2014 P\u00d5E O CRACH\u00c1...TIRA O CRACH\u00c1...P\u00d5E O CRACH\u00c1... - Jornal Fatos e Not\u00edcias\" \/>\n<meta property=\"og:description\" content=\"N\u00e3o sei por que me lembrei daquele personagem do saudoso Paulo Silvino \u2026 Amigos, estou de volta a este modesto blog depois de curtir alguns dias de f\u00e9rias. Mas, mesmo de longe, acompanhei com muita aten\u00e7\u00e3o a movimenta\u00e7\u00e3o pol\u00edtica no Planalto. E n\u00e3o creio que temos muitas novidades por l\u00e1 e, em \u00faltima an\u00e1lise, em [&hellip;]\" \/>\n<meta property=\"og:url\" content=\"https:\/\/jornalfatosenoticias.com.br\/index.php\/2020\/05\/21\/e-isso-ai-poe-o-cracha-tira-o-cracha-poe-o-cracha\/\" \/>\n<meta property=\"og:site_name\" content=\"Jornal Fatos e Not\u00edcias\" \/>\n<meta property=\"article:published_time\" content=\"2020-05-21T22:06:35+00:00\" \/>\n<meta property=\"article:modified_time\" content=\"2020-05-21T22:06:40+00:00\" \/>\n<meta property=\"og:image\" content=\"https:\/\/jornalfatosenoticias.com.br\/wp-content\/uploads\/2020\/05\/nelson-teich.jpg\" \/>\n\t<meta property=\"og:image:width\" content=\"1000\" \/>\n\t<meta property=\"og:image:height\" content=\"670\" \/>\n\t<meta property=\"og:image:type\" content=\"image\/jpeg\" \/>\n<meta name=\"author\" content=\"Jorge Rodrigues Pacheco\" \/>\n<meta name=\"twitter:card\" content=\"summary_large_image\" \/>\n<meta name=\"twitter:label1\" content=\"Escrito por\" \/>\n\t<meta name=\"twitter:data1\" content=\"Jorge Rodrigues Pacheco\" \/>\n\t<meta name=\"twitter:label2\" content=\"Est. tempo de leitura\" \/>\n\t<meta name=\"twitter:data2\" content=\"7 minutos\" \/>\n<script type=\"application\/ld+json\" class=\"yoast-schema-graph\">{\"@context\":\"https:\/\/schema.org\",\"@graph\":[{\"@type\":\"Article\",\"@id\":\"https:\/\/jornalfatosenoticias.com.br\/index.php\/2020\/05\/21\/e-isso-ai-poe-o-cracha-tira-o-cracha-poe-o-cracha\/#article\",\"isPartOf\":{\"@id\":\"https:\/\/jornalfatosenoticias.com.br\/index.php\/2020\/05\/21\/e-isso-ai-poe-o-cracha-tira-o-cracha-poe-o-cracha\/\"},\"author\":{\"name\":\"Jorge Rodrigues Pacheco\",\"@id\":\"https:\/\/jornalfatosenoticias.com.br\/#\/schema\/person\/14f3ce803c6ccf68a7d8fd0ab749dbb4\"},\"headline\":\"\u00c9 Isso A\u00ed \u2014 P\u00d5E O CRACH\u00c1&#8230;TIRA O CRACH\u00c1&#8230;P\u00d5E O CRACH\u00c1&#8230;\",\"datePublished\":\"2020-05-21T22:06:35+00:00\",\"dateModified\":\"2020-05-21T22:06:40+00:00\",\"mainEntityOfPage\":{\"@id\":\"https:\/\/jornalfatosenoticias.com.br\/index.php\/2020\/05\/21\/e-isso-ai-poe-o-cracha-tira-o-cracha-poe-o-cracha\/\"},\"wordCount\":1332,\"commentCount\":0,\"publisher\":{\"@id\":\"https:\/\/jornalfatosenoticias.com.br\/#organization\"},\"image\":{\"@id\":\"https:\/\/jornalfatosenoticias.com.br\/index.php\/2020\/05\/21\/e-isso-ai-poe-o-cracha-tira-o-cracha-poe-o-cracha\/#primaryimage\"},\"thumbnailUrl\":\"https:\/\/jornalfatosenoticias.com.br\/wp-content\/uploads\/2020\/05\/nelson-teich.jpg\",\"keywords\":[\"Bolsonaro\",\"ministros\",\"Nelson Teich\",\"Regina Duarte\",\"Secretaria Especial de Cultura\"],\"articleSection\":[\"Pol\u00edtica\"],\"inLanguage\":\"pt-BR\",\"potentialAction\":[{\"@type\":\"CommentAction\",\"name\":\"Comment\",\"target\":[\"https:\/\/jornalfatosenoticias.com.br\/index.php\/2020\/05\/21\/e-isso-ai-poe-o-cracha-tira-o-cracha-poe-o-cracha\/#respond\"]}]},{\"@type\":\"WebPage\",\"@id\":\"https:\/\/jornalfatosenoticias.com.br\/index.php\/2020\/05\/21\/e-isso-ai-poe-o-cracha-tira-o-cracha-poe-o-cracha\/\",\"url\":\"https:\/\/jornalfatosenoticias.com.br\/index.php\/2020\/05\/21\/e-isso-ai-poe-o-cracha-tira-o-cracha-poe-o-cracha\/\",\"name\":\"\u00c9 Isso A\u00ed \u2014 P\u00d5E O CRACH\u00c1...TIRA O CRACH\u00c1...P\u00d5E O CRACH\u00c1... - Jornal Fatos e Not\u00edcias\",\"isPartOf\":{\"@id\":\"https:\/\/jornalfatosenoticias.com.br\/#website\"},\"primaryImageOfPage\":{\"@id\":\"https:\/\/jornalfatosenoticias.com.br\/index.php\/2020\/05\/21\/e-isso-ai-poe-o-cracha-tira-o-cracha-poe-o-cracha\/#primaryimage\"},\"image\":{\"@id\":\"https:\/\/jornalfatosenoticias.com.br\/index.php\/2020\/05\/21\/e-isso-ai-poe-o-cracha-tira-o-cracha-poe-o-cracha\/#primaryimage\"},\"thumbnailUrl\":\"https:\/\/jornalfatosenoticias.com.br\/wp-content\/uploads\/2020\/05\/nelson-teich.jpg\",\"datePublished\":\"2020-05-21T22:06:35+00:00\",\"dateModified\":\"2020-05-21T22:06:40+00:00\",\"breadcrumb\":{\"@id\":\"https:\/\/jornalfatosenoticias.com.br\/index.php\/2020\/05\/21\/e-isso-ai-poe-o-cracha-tira-o-cracha-poe-o-cracha\/#breadcrumb\"},\"inLanguage\":\"pt-BR\",\"potentialAction\":[{\"@type\":\"ReadAction\",\"target\":[\"https:\/\/jornalfatosenoticias.com.br\/index.php\/2020\/05\/21\/e-isso-ai-poe-o-cracha-tira-o-cracha-poe-o-cracha\/\"]}]},{\"@type\":\"ImageObject\",\"inLanguage\":\"pt-BR\",\"@id\":\"https:\/\/jornalfatosenoticias.com.br\/index.php\/2020\/05\/21\/e-isso-ai-poe-o-cracha-tira-o-cracha-poe-o-cracha\/#primaryimage\",\"url\":\"https:\/\/jornalfatosenoticias.com.br\/wp-content\/uploads\/2020\/05\/nelson-teich.jpg\",\"contentUrl\":\"https:\/\/jornalfatosenoticias.com.br\/wp-content\/uploads\/2020\/05\/nelson-teich.jpg\",\"width\":1000,\"height\":670},{\"@type\":\"BreadcrumbList\",\"@id\":\"https:\/\/jornalfatosenoticias.com.br\/index.php\/2020\/05\/21\/e-isso-ai-poe-o-cracha-tira-o-cracha-poe-o-cracha\/#breadcrumb\",\"itemListElement\":[{\"@type\":\"ListItem\",\"position\":1,\"name\":\"In\u00edcio\",\"item\":\"https:\/\/jornalfatosenoticias.com.br\/\"},{\"@type\":\"ListItem\",\"position\":2,\"name\":\"\u00c9 Isso A\u00ed \u2014 P\u00d5E O CRACH\u00c1&#8230;TIRA O CRACH\u00c1&#8230;P\u00d5E O CRACH\u00c1&#8230;\"}]},{\"@type\":\"WebSite\",\"@id\":\"https:\/\/jornalfatosenoticias.com.br\/#website\",\"url\":\"https:\/\/jornalfatosenoticias.com.br\/\",\"name\":\"Jornal Fatos e Not\u00edcias\",\"description\":\"Not\u00edcias em geral\",\"publisher\":{\"@id\":\"https:\/\/jornalfatosenoticias.com.br\/#organization\"},\"potentialAction\":[{\"@type\":\"SearchAction\",\"target\":{\"@type\":\"EntryPoint\",\"urlTemplate\":\"https:\/\/jornalfatosenoticias.com.br\/?s={search_term_string}\"},\"query-input\":{\"@type\":\"PropertyValueSpecification\",\"valueRequired\":true,\"valueName\":\"search_term_string\"}}],\"inLanguage\":\"pt-BR\"},{\"@type\":\"Organization\",\"@id\":\"https:\/\/jornalfatosenoticias.com.br\/#organization\",\"name\":\"Jornal Fatos e Not\u00edcias\",\"url\":\"https:\/\/jornalfatosenoticias.com.br\/\",\"logo\":{\"@type\":\"ImageObject\",\"inLanguage\":\"pt-BR\",\"@id\":\"https:\/\/jornalfatosenoticias.com.br\/#\/schema\/logo\/image\/\",\"url\":\"https:\/\/jornalfatosenoticias.com.br\/wp-content\/uploads\/2020\/02\/logo120.png\",\"contentUrl\":\"https:\/\/jornalfatosenoticias.com.br\/wp-content\/uploads\/2020\/02\/logo120.png\",\"width\":1227,\"height\":120,\"caption\":\"Jornal Fatos e Not\u00edcias\"},\"image\":{\"@id\":\"https:\/\/jornalfatosenoticias.com.br\/#\/schema\/logo\/image\/\"}},{\"@type\":\"Person\",\"@id\":\"https:\/\/jornalfatosenoticias.com.br\/#\/schema\/person\/14f3ce803c6ccf68a7d8fd0ab749dbb4\",\"name\":\"Jorge Rodrigues Pacheco\",\"image\":{\"@type\":\"ImageObject\",\"inLanguage\":\"pt-BR\",\"@id\":\"https:\/\/jornalfatosenoticias.com.br\/#\/schema\/person\/image\/\",\"url\":\"https:\/\/jornalfatosenoticias.com.br\/wp-content\/uploads\/2020\/02\/Pacheco-2-150x150.png\",\"contentUrl\":\"https:\/\/jornalfatosenoticias.com.br\/wp-content\/uploads\/2020\/02\/Pacheco-2-150x150.png\",\"caption\":\"Jorge Rodrigues Pacheco\"},\"description\":\"Analista pol\u00edtica Advogado, Jornalista e Radialista\",\"url\":\"https:\/\/jornalfatosenoticias.com.br\/index.php\/author\/jorge\/\"}]}<\/script>\n<!-- \/ Yoast SEO plugin. -->","yoast_head_json":{"title":"\u00c9 Isso A\u00ed \u2014 P\u00d5E O CRACH\u00c1...TIRA O CRACH\u00c1...P\u00d5E O CRACH\u00c1... - Jornal Fatos e Not\u00edcias","robots":{"index":"index","follow":"follow","max-snippet":"max-snippet:-1","max-image-preview":"max-image-preview:large","max-video-preview":"max-video-preview:-1"},"canonical":"https:\/\/jornalfatosenoticias.com.br\/index.php\/2020\/05\/21\/e-isso-ai-poe-o-cracha-tira-o-cracha-poe-o-cracha\/","og_locale":"pt_BR","og_type":"article","og_title":"\u00c9 Isso A\u00ed \u2014 P\u00d5E O CRACH\u00c1...TIRA O CRACH\u00c1...P\u00d5E O CRACH\u00c1... - Jornal Fatos e Not\u00edcias","og_description":"N\u00e3o sei por que me lembrei daquele personagem do saudoso Paulo Silvino \u2026 Amigos, estou de volta a este modesto blog depois de curtir alguns dias de f\u00e9rias. Mas, mesmo de longe, acompanhei com muita aten\u00e7\u00e3o a movimenta\u00e7\u00e3o pol\u00edtica no Planalto. E n\u00e3o creio que temos muitas novidades por l\u00e1 e, em \u00faltima an\u00e1lise, em [&hellip;]","og_url":"https:\/\/jornalfatosenoticias.com.br\/index.php\/2020\/05\/21\/e-isso-ai-poe-o-cracha-tira-o-cracha-poe-o-cracha\/","og_site_name":"Jornal Fatos e Not\u00edcias","article_published_time":"2020-05-21T22:06:35+00:00","article_modified_time":"2020-05-21T22:06:40+00:00","og_image":[{"width":1000,"height":670,"url":"https:\/\/jornalfatosenoticias.com.br\/wp-content\/uploads\/2020\/05\/nelson-teich.jpg","type":"image\/jpeg"}],"author":"Jorge Rodrigues Pacheco","twitter_card":"summary_large_image","twitter_misc":{"Escrito por":"Jorge Rodrigues Pacheco","Est. tempo de leitura":"7 minutos"},"schema":{"@context":"https:\/\/schema.org","@graph":[{"@type":"Article","@id":"https:\/\/jornalfatosenoticias.com.br\/index.php\/2020\/05\/21\/e-isso-ai-poe-o-cracha-tira-o-cracha-poe-o-cracha\/#article","isPartOf":{"@id":"https:\/\/jornalfatosenoticias.com.br\/index.php\/2020\/05\/21\/e-isso-ai-poe-o-cracha-tira-o-cracha-poe-o-cracha\/"},"author":{"name":"Jorge Rodrigues Pacheco","@id":"https:\/\/jornalfatosenoticias.com.br\/#\/schema\/person\/14f3ce803c6ccf68a7d8fd0ab749dbb4"},"headline":"\u00c9 Isso A\u00ed \u2014 P\u00d5E O CRACH\u00c1&#8230;TIRA O CRACH\u00c1&#8230;P\u00d5E O CRACH\u00c1&#8230;","datePublished":"2020-05-21T22:06:35+00:00","dateModified":"2020-05-21T22:06:40+00:00","mainEntityOfPage":{"@id":"https:\/\/jornalfatosenoticias.com.br\/index.php\/2020\/05\/21\/e-isso-ai-poe-o-cracha-tira-o-cracha-poe-o-cracha\/"},"wordCount":1332,"commentCount":0,"publisher":{"@id":"https:\/\/jornalfatosenoticias.com.br\/#organization"},"image":{"@id":"https:\/\/jornalfatosenoticias.com.br\/index.php\/2020\/05\/21\/e-isso-ai-poe-o-cracha-tira-o-cracha-poe-o-cracha\/#primaryimage"},"thumbnailUrl":"https:\/\/jornalfatosenoticias.com.br\/wp-content\/uploads\/2020\/05\/nelson-teich.jpg","keywords":["Bolsonaro","ministros","Nelson Teich","Regina Duarte","Secretaria Especial de Cultura"],"articleSection":["Pol\u00edtica"],"inLanguage":"pt-BR","potentialAction":[{"@type":"CommentAction","name":"Comment","target":["https:\/\/jornalfatosenoticias.com.br\/index.php\/2020\/05\/21\/e-isso-ai-poe-o-cracha-tira-o-cracha-poe-o-cracha\/#respond"]}]},{"@type":"WebPage","@id":"https:\/\/jornalfatosenoticias.com.br\/index.php\/2020\/05\/21\/e-isso-ai-poe-o-cracha-tira-o-cracha-poe-o-cracha\/","url":"https:\/\/jornalfatosenoticias.com.br\/index.php\/2020\/05\/21\/e-isso-ai-poe-o-cracha-tira-o-cracha-poe-o-cracha\/","name":"\u00c9 Isso A\u00ed \u2014 P\u00d5E O CRACH\u00c1...TIRA O CRACH\u00c1...P\u00d5E O CRACH\u00c1... - Jornal Fatos e Not\u00edcias","isPartOf":{"@id":"https:\/\/jornalfatosenoticias.com.br\/#website"},"primaryImageOfPage":{"@id":"https:\/\/jornalfatosenoticias.com.br\/index.php\/2020\/05\/21\/e-isso-ai-poe-o-cracha-tira-o-cracha-poe-o-cracha\/#primaryimage"},"image":{"@id":"https:\/\/jornalfatosenoticias.com.br\/index.php\/2020\/05\/21\/e-isso-ai-poe-o-cracha-tira-o-cracha-poe-o-cracha\/#primaryimage"},"thumbnailUrl":"https:\/\/jornalfatosenoticias.com.br\/wp-content\/uploads\/2020\/05\/nelson-teich.jpg","datePublished":"2020-05-21T22:06:35+00:00","dateModified":"2020-05-21T22:06:40+00:00","breadcrumb":{"@id":"https:\/\/jornalfatosenoticias.com.br\/index.php\/2020\/05\/21\/e-isso-ai-poe-o-cracha-tira-o-cracha-poe-o-cracha\/#breadcrumb"},"inLanguage":"pt-BR","potentialAction":[{"@type":"ReadAction","target":["https:\/\/jornalfatosenoticias.com.br\/index.php\/2020\/05\/21\/e-isso-ai-poe-o-cracha-tira-o-cracha-poe-o-cracha\/"]}]},{"@type":"ImageObject","inLanguage":"pt-BR","@id":"https:\/\/jornalfatosenoticias.com.br\/index.php\/2020\/05\/21\/e-isso-ai-poe-o-cracha-tira-o-cracha-poe-o-cracha\/#primaryimage","url":"https:\/\/jornalfatosenoticias.com.br\/wp-content\/uploads\/2020\/05\/nelson-teich.jpg","contentUrl":"https:\/\/jornalfatosenoticias.com.br\/wp-content\/uploads\/2020\/05\/nelson-teich.jpg","width":1000,"height":670},{"@type":"BreadcrumbList","@id":"https:\/\/jornalfatosenoticias.com.br\/index.php\/2020\/05\/21\/e-isso-ai-poe-o-cracha-tira-o-cracha-poe-o-cracha\/#breadcrumb","itemListElement":[{"@type":"ListItem","position":1,"name":"In\u00edcio","item":"https:\/\/jornalfatosenoticias.com.br\/"},{"@type":"ListItem","position":2,"name":"\u00c9 Isso A\u00ed \u2014 P\u00d5E O CRACH\u00c1&#8230;TIRA O CRACH\u00c1&#8230;P\u00d5E O CRACH\u00c1&#8230;"}]},{"@type":"WebSite","@id":"https:\/\/jornalfatosenoticias.com.br\/#website","url":"https:\/\/jornalfatosenoticias.com.br\/","name":"Jornal Fatos e Not\u00edcias","description":"Not\u00edcias em geral","publisher":{"@id":"https:\/\/jornalfatosenoticias.com.br\/#organization"},"potentialAction":[{"@type":"SearchAction","target":{"@type":"EntryPoint","urlTemplate":"https:\/\/jornalfatosenoticias.com.br\/?s={search_term_string}"},"query-input":{"@type":"PropertyValueSpecification","valueRequired":true,"valueName":"search_term_string"}}],"inLanguage":"pt-BR"},{"@type":"Organization","@id":"https:\/\/jornalfatosenoticias.com.br\/#organization","name":"Jornal Fatos e Not\u00edcias","url":"https:\/\/jornalfatosenoticias.com.br\/","logo":{"@type":"ImageObject","inLanguage":"pt-BR","@id":"https:\/\/jornalfatosenoticias.com.br\/#\/schema\/logo\/image\/","url":"https:\/\/jornalfatosenoticias.com.br\/wp-content\/uploads\/2020\/02\/logo120.png","contentUrl":"https:\/\/jornalfatosenoticias.com.br\/wp-content\/uploads\/2020\/02\/logo120.png","width":1227,"height":120,"caption":"Jornal Fatos e Not\u00edcias"},"image":{"@id":"https:\/\/jornalfatosenoticias.com.br\/#\/schema\/logo\/image\/"}},{"@type":"Person","@id":"https:\/\/jornalfatosenoticias.com.br\/#\/schema\/person\/14f3ce803c6ccf68a7d8fd0ab749dbb4","name":"Jorge Rodrigues Pacheco","image":{"@type":"ImageObject","inLanguage":"pt-BR","@id":"https:\/\/jornalfatosenoticias.com.br\/#\/schema\/person\/image\/","url":"https:\/\/jornalfatosenoticias.com.br\/wp-content\/uploads\/2020\/02\/Pacheco-2-150x150.png","contentUrl":"https:\/\/jornalfatosenoticias.com.br\/wp-content\/uploads\/2020\/02\/Pacheco-2-150x150.png","caption":"Jorge Rodrigues Pacheco"},"description":"Analista pol\u00edtica Advogado, Jornalista e Radialista","url":"https:\/\/jornalfatosenoticias.com.br\/index.php\/author\/jorge\/"}]}},"cc_featured_image_caption":{"caption_text":"Nelson Teich (Foto: Ag\u00eancia Brasil)","source_text":"","source_url":""},"jetpack_featured_media_url":"https:\/\/jornalfatosenoticias.com.br\/wp-content\/uploads\/2020\/05\/nelson-teich.jpg","_links":{"self":[{"href":"https:\/\/jornalfatosenoticias.com.br\/index.php\/wp-json\/wp\/v2\/posts\/4730","targetHints":{"allow":["GET"]}}],"collection":[{"href":"https:\/\/jornalfatosenoticias.com.br\/index.php\/wp-json\/wp\/v2\/posts"}],"about":[{"href":"https:\/\/jornalfatosenoticias.com.br\/index.php\/wp-json\/wp\/v2\/types\/post"}],"author":[{"embeddable":true,"href":"https:\/\/jornalfatosenoticias.com.br\/index.php\/wp-json\/wp\/v2\/users\/6"}],"replies":[{"embeddable":true,"href":"https:\/\/jornalfatosenoticias.com.br\/index.php\/wp-json\/wp\/v2\/comments?post=4730"}],"version-history":[{"count":0,"href":"https:\/\/jornalfatosenoticias.com.br\/index.php\/wp-json\/wp\/v2\/posts\/4730\/revisions"}],"wp:featuredmedia":[{"embeddable":true,"href":"https:\/\/jornalfatosenoticias.com.br\/index.php\/wp-json\/wp\/v2\/media\/4734"}],"wp:attachment":[{"href":"https:\/\/jornalfatosenoticias.com.br\/index.php\/wp-json\/wp\/v2\/media?parent=4730"}],"wp:term":[{"taxonomy":"category","embeddable":true,"href":"https:\/\/jornalfatosenoticias.com.br\/index.php\/wp-json\/wp\/v2\/categories?post=4730"},{"taxonomy":"post_tag","embeddable":true,"href":"https:\/\/jornalfatosenoticias.com.br\/index.php\/wp-json\/wp\/v2\/tags?post=4730"}],"curies":[{"name":"wp","href":"https:\/\/api.w.org\/{rel}","templated":true}]}}