{"id":47323,"date":"2023-11-29T10:57:24","date_gmt":"2023-11-29T13:57:24","guid":{"rendered":"https:\/\/jornalfatosenoticias.com.br\/?p=47323"},"modified":"2023-11-29T10:57:27","modified_gmt":"2023-11-29T13:57:27","slug":"lula-3-acumula-populismo-protecionismo-estouro-de-contas-e-repeticao-de-erros","status":"publish","type":"post","link":"https:\/\/jornalfatosenoticias.com.br\/index.php\/2023\/11\/29\/lula-3-acumula-populismo-protecionismo-estouro-de-contas-e-repeticao-de-erros\/","title":{"rendered":"Lula 3 acumula populismo, protecionismo, estouro de contas e repeti\u00e7\u00e3o de erros"},"content":{"rendered":"\n<p><em><span class=\"has-inline-color has-black-color\">Terceiro mandato de Lula acumula populismo, protecionismo, estouro de contas p\u00fablicas e repeti\u00e7\u00e3o de erros dos governos anteriores do PT<\/span><\/em><\/p>\n\n\n\n<p><span class=\"has-inline-color has-black-color\">Por <strong><a href=\"https:\/\/www.gazetadopovo.com.br\/autor\/rose-amantea\/\">Rose Amant\u00e9a<\/a><\/strong><\/span><\/p>\n\n\n\n<div class=\"wp-block-image\"><figure class=\"aligncenter size-large\"><img loading=\"lazy\" decoding=\"async\" width=\"729\" height=\"90\" src=\"https:\/\/jornalfatosenoticias.com.br\/wp-content\/uploads\/2020\/02\/Logo_Mizu.png\" alt=\"\" class=\"wp-image-1441\" srcset=\"https:\/\/jornalfatosenoticias.com.br\/wp-content\/uploads\/2020\/02\/Logo_Mizu.png 729w, https:\/\/jornalfatosenoticias.com.br\/wp-content\/uploads\/2020\/02\/Logo_Mizu-300x37.png 300w\" sizes=\"auto, (max-width: 729px) 100vw, 729px\" \/><\/figure><\/div>\n\n\n\n<p>O governo de Luiz In\u00e1cio Lula da Silva (PT) adiou para mar\u00e7o o an\u00fancio do fracasso da meta de d\u00e9ficit zero em 2024, mas est\u00e1 distante de demonstrar disposi\u00e7\u00e3o para ajustar as contas ou aprender com os erros do passado. A resist\u00eancia pode ser observada n\u00e3o apenas pela falta de austeridade fiscal e a inten\u00e7\u00e3o declarada de Lula de n\u00e3o contingenciar gastos em ano de elei\u00e7\u00f5es municipais, mas tamb\u00e9m pela insist\u00eancia em pol\u00edticas populistas e insustent\u00e1veis.<br>Na fila de tais iniciativas est\u00e3o desde a retomada do Programa de Acelera\u00e7\u00e3o do Crescimento (PAC), pol\u00edticas protecionistas aos estaleiros nacionais e do fim do desinvestimento em refinarias, al\u00e9m de medidas pontuais como o reajuste de sal\u00e1rio m\u00ednimo acima da infla\u00e7\u00e3o.<\/p>\n\n\n\n<blockquote class=\"wp-block-quote is-layout-flow wp-block-quote-is-layout-flow\"><p><span class=\"has-inline-color has-luminous-vivid-orange-color\">A profunda crise econ\u00f4mica que vivemos traduz o esgotamento de um modelo errado que combinou uma din\u00e2mica de deteriora\u00e7\u00e3o das contas do governo com projetos de investimentos p\u00fablicos mal formulados&#8221;, diz o economista Samuel Pess\u00f4a, do Instituto Brasileiro de Economia (Ibre) da Funda\u00e7\u00e3o Get\u00falio Vargas.<\/span><\/p><\/blockquote>\n\n\n\n<p>Para ele, a decis\u00e3o de Lula de come\u00e7ar o governo com o &#8220;p\u00e9 no acelerador dos gastos&#8221;, com a PEC da Transi\u00e7\u00e3o, traduziu a conhecida concep\u00e7\u00e3o do gasto p\u00fablico como motor do crescimento.<\/p>\n\n\n\n<div class=\"wp-block-image\"><figure class=\"aligncenter size-large\"><img loading=\"lazy\" decoding=\"async\" width=\"300\" height=\"250\" src=\"https:\/\/jornalfatosenoticias.com.br\/wp-content\/uploads\/2022\/02\/FERRARI_MAQUINAS-E-FERRAMENTAS2.jpg\" alt=\"\" class=\"wp-image-27860\"\/><\/figure><\/div>\n\n\n\n<blockquote class=\"wp-block-quote is-layout-flow wp-block-quote-is-layout-flow\"><p><span class=\"has-inline-color has-luminous-vivid-orange-color\">\u00c9 uma vis\u00e3o ideol\u00f3gica, natural num governo de esquerda. Eles acham que a Coreia [do Sul] \u00e9 rica porque tem um banco de investimento centralizando tudo e promovendo a riqueza. Esquecem os n\u00edveis de educa\u00e7\u00e3o, de produtividade e de poupan\u00e7a interna de uma popula\u00e7\u00e3o inteira&#8221;, afirma Pess\u00f4a.<\/span><\/p><\/blockquote>\n\n\n\n<div class=\"wp-block-image\"><figure class=\"aligncenter size-large is-resized\"><img loading=\"lazy\" decoding=\"async\" src=\"https:\/\/jornalfatosenoticias.com.br\/wp-content\/uploads\/2023\/09\/vetorvix1024_1.jpg\" alt=\"\" class=\"wp-image-44868\" width=\"423\" height=\"112\" srcset=\"https:\/\/jornalfatosenoticias.com.br\/wp-content\/uploads\/2023\/09\/vetorvix1024_1.jpg 1024w, https:\/\/jornalfatosenoticias.com.br\/wp-content\/uploads\/2023\/09\/vetorvix1024_1-300x80.jpg 300w, https:\/\/jornalfatosenoticias.com.br\/wp-content\/uploads\/2023\/09\/vetorvix1024_1-768x205.jpg 768w\" sizes=\"auto, (max-width: 423px) 100vw, 423px\" \/><\/figure><\/div>\n\n\n\n<p>Um dos maiores problemas, acredita o economista, \u00e9 a falta de aprendizado com os erros cometidos.<\/p>\n\n\n\n<blockquote class=\"wp-block-quote is-layout-flow wp-block-quote-is-layout-flow\"><p><span class=\"has-inline-color has-luminous-vivid-orange-color\">Ao longo de 2006 a 2014, o governo petista foi ampliando a crise fiscal, com piora do d\u00e9ficit prim\u00e1rio a cada ano, especialmente no governo Dilma. A balan\u00e7a comercial piorava e a infla\u00e7\u00e3o subia paulatinamente, os sal\u00e1rios cresciam acima da produtividade do trabalho e a rentabilidade das empresas ca\u00eda, numa trajet\u00f3ria desequilibrada e de pilares insustent\u00e1veis. Essa crise fiscal profunda que ainda vivemos foram eles [o PT] que criaram&#8221;, afirma Pess\u00f4a.<\/span><\/p><\/blockquote>\n\n\n\n<div class=\"wp-block-image\"><figure class=\"aligncenter size-large is-resized\"><img loading=\"lazy\" decoding=\"async\" src=\"https:\/\/jornalfatosenoticias.com.br\/wp-content\/uploads\/2023\/08\/ITH.jpeg\" alt=\"\" class=\"wp-image-44638\" width=\"307\" height=\"249\" srcset=\"https:\/\/jornalfatosenoticias.com.br\/wp-content\/uploads\/2023\/08\/ITH.jpeg 800w, https:\/\/jornalfatosenoticias.com.br\/wp-content\/uploads\/2023\/08\/ITH-300x244.jpeg 300w, https:\/\/jornalfatosenoticias.com.br\/wp-content\/uploads\/2023\/08\/ITH-768x624.jpeg 768w\" sizes=\"auto, (max-width: 307px) 100vw, 307px\" \/><\/figure><\/div>\n\n\n\n<p><strong><span class=\"has-inline-color has-vivid-red-color\">PT nunca fez autocr\u00edtica, mas n\u00e3o consegue reabilitar Dilma<br><\/span><\/strong>Embora o Partido dos Trabalhadores nunca tenha feito autocr\u00edtica do per\u00edodo, o governo atual tem tido dificuldade na defesa do legado da ex-presidente Dilma e na sua reabilita\u00e7\u00e3o. J\u00e1 na apresenta\u00e7\u00e3o do arcabou\u00e7o fiscal, em mar\u00e7o, o ministro da Fazenda, Fernando Haddad (PT) omitiu dados das contas p\u00fablicas do governo Dilma.<\/p>\n\n\n\n<div class=\"wp-block-image\"><figure class=\"aligncenter size-large is-resized\"><img loading=\"lazy\" decoding=\"async\" src=\"https:\/\/jornalfatosenoticias.com.br\/wp-content\/uploads\/2020\/02\/LOGO-BLU-COMERCIAL-PRETO-1024x600.jpg\" alt=\"\" class=\"wp-image-44089\" width=\"345\" height=\"201\"\/><\/figure><\/div>\n\n\n\n<p>A curva de receitas e despesas trouxe apenas dados de 1997 a 2010, escondendo o rombo hist\u00f3rico nos governos petistas seguintes. No detalhamento da nova regra, que substituiu o teto de gastos, o ministro se limitou a dizer que &#8220;os \u00faltimos dez anos foram muito dif\u00edceis para este Pa\u00eds&#8221;.<br>No entendimento de Pess\u00f4a, embora Haddad tente demonstrar aos agentes econ\u00f4micos alguma preocupa\u00e7\u00e3o com o equil\u00edbrio das contas, o partido nunca aceitou a crise existente como fruto dos equ\u00edvocos da pol\u00edtica econ\u00f4mica nos seus mandatos.<\/p>\n\n\n\n<div class=\"wp-block-image\"><figure class=\"aligncenter size-large\"><img decoding=\"async\" src=\"https:\/\/jornalfatosenoticias.com.br\/wp-content\/uploads\/2020\/02\/logo_esteio.jpg\" alt=\"\" class=\"wp-image-1214\"\/><\/figure><\/div>\n\n\n\n<blockquote class=\"wp-block-quote is-layout-flow wp-block-quote-is-layout-flow\"><p><span class=\"has-inline-color has-luminous-vivid-orange-color\">Para o PT, a origem do desajuste foi a crise pol\u00edtica precedente, &#8216;culpa&#8217; do PSDB, que n\u00e3o aceitou o resultado das elei\u00e7\u00f5es em 2014 e enfraqueceu a governabilidade de Dilma. Tamb\u00e9m citam o cen\u00e1rio externo ruim, com o fim do ciclo de commodities. No m\u00e1ximo, admitem uns errinhos em desonera\u00e7\u00f5es. No fundo, acham que tiveram azar&#8221;, diz Pess\u00f4a.<\/span><\/p><\/blockquote>\n\n\n\n<div class=\"wp-block-image\"><figure class=\"aligncenter size-large is-resized\"><img loading=\"lazy\" decoding=\"async\" src=\"https:\/\/jornalfatosenoticias.com.br\/wp-content\/uploads\/2023\/03\/nova-logo-Marquetti.jpg\" alt=\"\" class=\"wp-image-40207\" width=\"334\" height=\"224\" srcset=\"https:\/\/jornalfatosenoticias.com.br\/wp-content\/uploads\/2023\/03\/nova-logo-Marquetti.jpg 643w, https:\/\/jornalfatosenoticias.com.br\/wp-content\/uploads\/2023\/03\/nova-logo-Marquetti-300x202.jpg 300w\" sizes=\"auto, (max-width: 334px) 100vw, 334px\" \/><\/figure><\/div>\n\n\n\n<p><strong><span class=\"has-inline-color has-vivid-red-color\">Repeti\u00e7\u00e3o dos erros e perda de oportunidades marcam o governo<br><\/span><\/strong>Para a economista e advogada Elena Landau, n\u00e3o \u00e9 novidade o petismo atribuir a culpa dos seus erros aos outros. &#8220;No passado, o partido conseguiu emplacar a vers\u00e3o da heran\u00e7a maldita\u2026 Fui contra o afastamento de Dilma exatamente por isso. Seu governo deveria ter ido at\u00e9 o fim para ficar clara a sua responsabilidade pela d\u00e9cada perdida&#8221;, escreveu em artigo no jornal &#8220;O Estado de S. Paulo&#8221;.<br>O atual governo, afirmou Landau \u00e0 Gazeta do Povo, repete o erro de &#8220;gastar na frente&#8221; antes de garantir receita, como ilustra o movimento incans\u00e1vel de Haddad para aprovar medidas que aumentem a arrecada\u00e7\u00e3o dos cofres p\u00fablicos.<\/p>\n\n\n\n<div class=\"wp-block-image\"><figure class=\"aligncenter size-large is-resized\"><img loading=\"lazy\" decoding=\"async\" src=\"https:\/\/jornalfatosenoticias.com.br\/wp-content\/uploads\/2022\/02\/Precisao-Contabilidade-1024x724.jpg\" alt=\"\" class=\"wp-image-28088\" width=\"330\" height=\"233\"\/><\/figure><\/div>\n\n\n\n<blockquote class=\"wp-block-quote is-layout-flow wp-block-quote-is-layout-flow\"><p><span class=\"has-inline-color has-luminous-vivid-orange-color\">\u00c9 um erro brutal que compromete o resultado. A base deles \u00e9 a filosofia de que despesa gera receita. D\u00e1 muito errado&#8221;, afirma.<\/span><\/p><\/blockquote>\n\n\n\n<p>A economista e consultora Zeina Latif acredita que o maior problema da repeti\u00e7\u00e3o dos erros \u00e9 a perda de oportunidades. &#8220;Temos o mau h\u00e1bito de n\u00e3o aproveitar os per\u00edodos melhores, quando o cen\u00e1rio interno ou externo \u00e9 mais favor\u00e1vel, para dar andamento \u00e0s reformas necess\u00e1rias&#8221;, diz. Segundo ela, o relaxamento fiscal acaba estimulando medidas populistas, que, por sua vez, agravam o d\u00e9ficit fiscal e culminam em nova crise. Como exemplo, Zeina cita a aprova\u00e7\u00e3o da pol\u00edtica de sal\u00e1rio m\u00ednimo acima da infla\u00e7\u00e3o.<\/p>\n\n\n\n<div class=\"wp-block-image\"><figure class=\"aligncenter size-large is-resized\"><img loading=\"lazy\" decoding=\"async\" src=\"https:\/\/jornalfatosenoticias.com.br\/wp-content\/uploads\/2023\/08\/BKR-1024x1021.jpg\" alt=\"\" class=\"wp-image-44494\" width=\"305\" height=\"304\" srcset=\"https:\/\/jornalfatosenoticias.com.br\/wp-content\/uploads\/2023\/08\/BKR-1024x1021.jpg 1024w, https:\/\/jornalfatosenoticias.com.br\/wp-content\/uploads\/2023\/08\/BKR-300x300.jpg 300w, https:\/\/jornalfatosenoticias.com.br\/wp-content\/uploads\/2023\/08\/BKR-150x150.jpg 150w, https:\/\/jornalfatosenoticias.com.br\/wp-content\/uploads\/2023\/08\/BKR-768x766.jpg 768w, https:\/\/jornalfatosenoticias.com.br\/wp-content\/uploads\/2023\/08\/BKR.jpg 1080w\" sizes=\"auto, (max-width: 305px) 100vw, 305px\" \/><\/figure><\/div>\n\n\n\n<blockquote class=\"wp-block-quote is-layout-flow wp-block-quote-is-layout-flow\"><p><span class=\"has-inline-color has-luminous-vivid-orange-color\">N\u00e3o h\u00e1 raz\u00e3o que justifique o aumento sem melhora da produtividade. Nosso sal\u00e1rio m\u00ednimo n\u00e3o est\u00e1 defasado. E \u00e9 o indexador de uma s\u00e9rie de benef\u00edcios que ter\u00e3o impacto fiscal l\u00e1 na frente&#8221;, explica.<\/span><\/p><\/blockquote>\n\n\n\n<div class=\"wp-block-image\"><figure class=\"aligncenter size-large is-resized\"><img loading=\"lazy\" decoding=\"async\" src=\"https:\/\/jornalfatosenoticias.com.br\/wp-content\/uploads\/2023\/11\/cromotec.jpg\" alt=\"\" class=\"wp-image-46804\" width=\"301\" height=\"179\" srcset=\"https:\/\/jornalfatosenoticias.com.br\/wp-content\/uploads\/2023\/11\/cromotec.jpg 453w, https:\/\/jornalfatosenoticias.com.br\/wp-content\/uploads\/2023\/11\/cromotec-300x179.jpg 300w\" sizes=\"auto, (max-width: 301px) 100vw, 301px\" \/><\/figure><\/div>\n\n\n\n<p><strong><span class=\"has-inline-color has-vivid-red-color\">Pol\u00edticas industriais ultrapassadas e subs\u00eddios permanecem em pauta<br><\/span><\/strong>Para al\u00e9m da deteriora\u00e7\u00e3o fiscal, as pol\u00edticas do atual governo, como no passado, continuam centradas no financiamento p\u00fablico, seja por meio do Tesouro, do Banco Nacional de Desenvolvimento Econ\u00f4mico e Social (BNDES) ou de empresas estatais.<\/p>\n\n\n\n<div class=\"wp-block-image\"><figure class=\"aligncenter size-large is-resized\"><img loading=\"lazy\" decoding=\"async\" src=\"https:\/\/jornalfatosenoticias.com.br\/wp-content\/uploads\/2023\/08\/Steel.jpeg\" alt=\"\" class=\"wp-image-44634\" width=\"329\" height=\"267\" srcset=\"https:\/\/jornalfatosenoticias.com.br\/wp-content\/uploads\/2023\/08\/Steel.jpeg 800w, https:\/\/jornalfatosenoticias.com.br\/wp-content\/uploads\/2023\/08\/Steel-300x244.jpeg 300w, https:\/\/jornalfatosenoticias.com.br\/wp-content\/uploads\/2023\/08\/Steel-768x624.jpeg 768w\" sizes=\"auto, (max-width: 329px) 100vw, 329px\" \/><\/figure><\/div>\n\n\n\n<blockquote class=\"wp-block-quote is-layout-flow wp-block-quote-is-layout-flow\"><p><span class=\"has-inline-color has-luminous-vivid-orange-color\">Foi o caso dos investimentos diretos em infraestrutura, dos subs\u00eddios do Tesouro para programas como o Minha Casa Minha Vida ou cr\u00e9dito estudantil como o Fies&#8221;, lembra Pess\u00f4a. &#8220;Estes programas maturaram mal, n\u00e3o geraram a contrapartida esperada, o que foi realimentando a crise fiscal&#8221;.<\/span><\/p><\/blockquote>\n\n\n\n<div class=\"wp-block-image\"><figure class=\"aligncenter size-large is-resized\"><img loading=\"lazy\" decoding=\"async\" src=\"https:\/\/jornalfatosenoticias.com.br\/wp-content\/uploads\/2023\/11\/cromotec.jpg\" alt=\"\" class=\"wp-image-46804\" width=\"295\" height=\"176\" srcset=\"https:\/\/jornalfatosenoticias.com.br\/wp-content\/uploads\/2023\/11\/cromotec.jpg 453w, https:\/\/jornalfatosenoticias.com.br\/wp-content\/uploads\/2023\/11\/cromotec-300x179.jpg 300w\" sizes=\"auto, (max-width: 295px) 100vw, 295px\" \/><\/figure><\/div>\n\n\n\n<p>Muitos desses &#8220;penduricalhos do passado&#8221; est\u00e3o sendo retomados. Um dos mais emblem\u00e1ticos, segundo Zeina Latif, \u00e9 o Programa de Acelera\u00e7\u00e3o do Investimento (PAC), relan\u00e7ado em agosto. &#8220;Ainda que preveja a participa\u00e7\u00e3o da iniciativa privada, por meio de parcerias, o an\u00fancio do programa repete aquela coisa do &#8216;Brasil grande&#8217;, do Estado indutor, com cifras volumosas a serem celebradas&#8221;, afirma.<\/p>\n\n\n\n<div class=\"wp-block-image\"><figure class=\"aligncenter size-large\"><img loading=\"lazy\" decoding=\"async\" width=\"300\" height=\"250\" src=\"https:\/\/jornalfatosenoticias.com.br\/wp-content\/uploads\/2020\/02\/Banner-2.png\" alt=\"\" class=\"wp-image-43787\"\/><\/figure><\/div>\n\n\n\n<p>As edi\u00e7\u00f5es anteriores do programa petista ficaram marcadas por atrasos e superfaturamentos. Um relat\u00f3rio do Tribunal de Contas da Uni\u00e3o (TCU) apontou que apenas 9% das obras do programa entre 2007 e 2009 foram entregues pela gest\u00e3o da \u00e9poca. Na segunda vers\u00e3o do PAC, encampada pela ex-presidente Dilma entre 2011 e 2014, apenas 26% das obras foram entregues. Al\u00e9m disso, o tribunal apontou irregularidades graves em 32 obras de infraestrutura que receberam recursos federais.<\/p>\n\n\n\n<div class=\"wp-block-image\"><figure class=\"aligncenter size-large is-resized\"><img loading=\"lazy\" decoding=\"async\" src=\"https:\/\/jornalfatosenoticias.com.br\/wp-content\/uploads\/2022\/10\/Arte-jornal-Zucchi-600x600_Prancheta-1-1024x1024.jpg\" alt=\"\" class=\"wp-image-34782\" width=\"302\" height=\"302\" srcset=\"https:\/\/jornalfatosenoticias.com.br\/wp-content\/uploads\/2022\/10\/Arte-jornal-Zucchi-600x600_Prancheta-1-1024x1024.jpg 1024w, https:\/\/jornalfatosenoticias.com.br\/wp-content\/uploads\/2022\/10\/Arte-jornal-Zucchi-600x600_Prancheta-1-300x300.jpg 300w, https:\/\/jornalfatosenoticias.com.br\/wp-content\/uploads\/2022\/10\/Arte-jornal-Zucchi-600x600_Prancheta-1-150x150.jpg 150w, https:\/\/jornalfatosenoticias.com.br\/wp-content\/uploads\/2022\/10\/Arte-jornal-Zucchi-600x600_Prancheta-1-768x768.jpg 768w, https:\/\/jornalfatosenoticias.com.br\/wp-content\/uploads\/2022\/10\/Arte-jornal-Zucchi-600x600_Prancheta-1.jpg 1250w\" sizes=\"auto, (max-width: 302px) 100vw, 302px\" \/><\/figure><\/div>\n\n\n\n<p><strong><span class=\"has-inline-color has-vivid-red-color\">Incentivo \u00e0 ind\u00fastria naval e retomada de refinarias<br><\/span><\/strong>Outro exemplo do atavismo petista \u00e9 a volta subs\u00eddio do BNDES para investimento em constru\u00e7\u00e3o da ind\u00fastria naval, anunciada em maio, com a chamada pol\u00edtica de conte\u00fado local (PCL), que prioriza mat\u00e9ria-prima e m\u00e3o de obra brasileiras na constru\u00e7\u00e3o de plataformas, navios, sondas e refinarias.<br>Criticada por estudiosos e analistas do setor, a pol\u00edtica adotada nos mandatos anteriores petistas gerou efeitos negativos para o desenvolvimento da ind\u00fastria. &#8220;A evid\u00eancia de que o programa de constru\u00e7\u00e3o de navios deu errado \u00e9 cavalar&#8221;, destaca Samuel Pess\u00f4a.<\/p>\n\n\n\n<div class=\"wp-block-image\"><figure class=\"aligncenter size-large is-resized\"><img loading=\"lazy\" decoding=\"async\" src=\"https:\/\/jornalfatosenoticias.com.br\/wp-content\/uploads\/2022\/10\/RC_800x750_page-0001.jpg\" alt=\"\" class=\"wp-image-35338\" width=\"295\" height=\"277\" srcset=\"https:\/\/jornalfatosenoticias.com.br\/wp-content\/uploads\/2022\/10\/RC_800x750_page-0001.jpg 400w, https:\/\/jornalfatosenoticias.com.br\/wp-content\/uploads\/2022\/10\/RC_800x750_page-0001-300x281.jpg 300w\" sizes=\"auto, (max-width: 295px) 100vw, 295px\" \/><\/figure><\/div>\n\n\n\n<blockquote class=\"wp-block-quote is-layout-flow wp-block-quote-is-layout-flow\"><p><span class=\"has-inline-color has-luminous-vivid-orange-color\">Nenhum estudo, de fato, mostra que os estaleiros brasileiros tiveram ganho de produtividade no per\u00edodo. Ao contr\u00e1rio, os investimentos contribu\u00edram para o aumento de custos das petroleiras, em especial a Petrobras. A Petrobras chegou a ser a empresa mais endividada do Pa\u00eds em 2014&#8243;, lembra Pess\u00f4a.<\/span><\/p><\/blockquote>\n\n\n\n<p>O atual governo tamb\u00e9m suspendeu e revisou todos os processos de venda de refinarias da Petrobras, mantendo apenas aqueles com contratos assinados em andamento.<\/p>\n\n\n\n<div class=\"wp-block-image\"><figure class=\"aligncenter size-large is-resized\"><img loading=\"lazy\" decoding=\"async\" src=\"https:\/\/jornalfatosenoticias.com.br\/wp-content\/uploads\/2020\/02\/casa-do-torresmo_portal.jpg\" alt=\"\" class=\"wp-image-34472\" width=\"281\" height=\"281\" srcset=\"https:\/\/jornalfatosenoticias.com.br\/wp-content\/uploads\/2020\/02\/casa-do-torresmo_portal.jpg 300w, https:\/\/jornalfatosenoticias.com.br\/wp-content\/uploads\/2020\/02\/casa-do-torresmo_portal-150x150.jpg 150w\" sizes=\"auto, (max-width: 281px) 100vw, 281px\" \/><\/figure><\/div>\n\n\n\n<blockquote class=\"wp-block-quote is-layout-flow wp-block-quote-is-layout-flow\"><p><span class=\"has-inline-color has-luminous-vivid-orange-color\">Entre 2006 e 2014, as refinarias que o governo tentou fazer aumentaram o rombo da Petrobras. S\u00f3 com a Comperj [Complexo Petroqu\u00edmico do Rio de Janeiro] o preju\u00edzo foi US$ 14 bilh\u00f5es. Com a refinaria Abreu e Lima, foram mais US$ 10 bilh\u00f5es. Agora est\u00e3o falando em retomar. Nunca ouvi uma explica\u00e7\u00e3o do porqu\u00ea ter dado errado e nem como daria certo agora&#8221;, afirma o professor do Ibre.<\/span><\/p><\/blockquote>\n\n\n\n<div class=\"wp-block-image\"><figure class=\"aligncenter size-large is-resized\"><img loading=\"lazy\" decoding=\"async\" src=\"https:\/\/jornalfatosenoticias.com.br\/wp-content\/uploads\/2020\/02\/CONTROL-CS.jpg\" alt=\"\" class=\"wp-image-44991\" width=\"307\" height=\"369\" srcset=\"https:\/\/jornalfatosenoticias.com.br\/wp-content\/uploads\/2020\/02\/CONTROL-CS.jpg 834w, https:\/\/jornalfatosenoticias.com.br\/wp-content\/uploads\/2020\/02\/CONTROL-CS-250x300.jpg 250w, https:\/\/jornalfatosenoticias.com.br\/wp-content\/uploads\/2020\/02\/CONTROL-CS-768x921.jpg 768w\" sizes=\"auto, (max-width: 307px) 100vw, 307px\" \/><\/figure><\/div>\n\n\n\n<p><strong><span class=\"has-inline-color has-vivid-red-color\">Governo fala em &#8220;neoindustrializa\u00e7\u00e3o&#8221; com ind\u00fastria protegida<br><\/span><\/strong>Para Elena Landau, a retomada de pol\u00edticas de subs\u00eddios a setores industriais escolhidos a dedo \u00e9 &#8220;toda errada e ultrapassada&#8221;, mas ainda n\u00e3o est\u00e1 claro se \u00e9 apenas ret\u00f3rica populista de Lula.<\/p>\n\n\n\n<blockquote class=\"wp-block-quote is-layout-flow wp-block-quote-is-layout-flow\"><p><span class=\"has-inline-color has-luminous-vivid-orange-color\">O governo Lula tem mais discurso do que pr\u00e1tica&#8221;, ressalta. &#8220;Vive falando em neoindustrializa\u00e7\u00e3o, mas a gente n\u00e3o sabe exatamente o que \u00e9 isso.&#8221;<\/span><\/p><\/blockquote>\n\n\n\n<div class=\"wp-block-image\"><figure class=\"aligncenter size-large\"><img decoding=\"async\" src=\"https:\/\/jornalfatosenoticias.com.br\/wp-content\/uploads\/2020\/02\/barao-das-carnes-300x164-1.jpg\" alt=\"\" class=\"wp-image-34339\"\/><\/figure><\/div>\n\n\n\n<p>A neoindustrializa\u00e7\u00e3o do pa\u00eds foi um dos pontos centrais do documento que Lula divulgou antes da elei\u00e7\u00e3o de 2022, que defendia levar a ind\u00fastria brasileira para o s\u00e9culo 21. N\u00e3o \u00e9 exatamente o sentido das medidas anunciadas at\u00e9 agora. Para a economista, n\u00e3o h\u00e1 nada que indique uma mudan\u00e7a que n\u00e3o repita os erros do passado, ainda que tenha outro nome.<\/p>\n\n\n\n<blockquote class=\"wp-block-quote is-layout-flow wp-block-quote-is-layout-flow\"><p><span class=\"has-inline-color has-luminous-vivid-orange-color\">Enquanto n\u00e3o houver abertura comercial real, sou muito c\u00e9tica do avan\u00e7o industrial. Temos uma ind\u00fastria protegida, que n\u00e3o compete com o exterior, n\u00e3o investimos em tecnologia, a mentalidade do governo nesta \u00e1rea \u00e9 a da Lei de Inform\u00e1tica, de reserva de mercado&#8221;, avalia.<\/span><\/p><\/blockquote>\n\n\n\n<div class=\"wp-block-image\"><figure class=\"aligncenter size-large\"><img loading=\"lazy\" decoding=\"async\" width=\"300\" height=\"250\" src=\"https:\/\/jornalfatosenoticias.com.br\/wp-content\/uploads\/2022\/08\/arte-Casarao.jpg\" alt=\"\" class=\"wp-image-33178\"\/><\/figure><\/div>\n\n\n\n<p>Uma das medidas mais recentes do governo foi retomar a taxa\u00e7\u00e3o de ve\u00edculos el\u00e9tricos importados, a t\u00edtulo de impulsionar a ind\u00fastria automotiva local. Na filosofia do governo, o avan\u00e7o tecnol\u00f3gico nacional vir\u00e1 do fechamento do mercado. Landau tamb\u00e9m critica os incentivos para a transi\u00e7\u00e3o energ\u00e9tica em empresas de grande porte que vem sendo cogitados.<\/p>\n\n\n\n<div class=\"wp-block-image\"><figure class=\"aligncenter size-large is-resized\"><img loading=\"lazy\" decoding=\"async\" src=\"https:\/\/jornalfatosenoticias.com.br\/wp-content\/uploads\/2022\/02\/Precisao-Contabilidade-1024x724.jpg\" alt=\"\" class=\"wp-image-28088\" width=\"324\" height=\"229\"\/><\/figure><\/div>\n\n\n\n<blockquote class=\"wp-block-quote is-layout-flow wp-block-quote-is-layout-flow\"><p><span class=\"has-inline-color has-luminous-vivid-orange-color\">Todas as empresas sabem que precisam ser &#8216;verdes&#8217; neste s\u00e9culo, com investimentos previstos para isso. O governo acha que precisa do BNDES para tudo&#8221;, diz. A economista tamb\u00e9m destaca a manuten\u00e7\u00e3o dos benef\u00edcios para Zona Franca de Manaus pela reforma tribut\u00e1ria. &#8220;N\u00e3o tem sentido nenhum&#8221;, diz.<\/span><\/p><\/blockquote>\n\n\n\n<div class=\"wp-block-image\"><figure class=\"aligncenter size-large is-resized\"><img loading=\"lazy\" decoding=\"async\" src=\"https:\/\/jornalfatosenoticias.com.br\/wp-content\/uploads\/2023\/07\/lacremoda.jpg\" alt=\"\" class=\"wp-image-43706\" width=\"341\" height=\"191\" srcset=\"https:\/\/jornalfatosenoticias.com.br\/wp-content\/uploads\/2023\/07\/lacremoda.jpg 1024w, https:\/\/jornalfatosenoticias.com.br\/wp-content\/uploads\/2023\/07\/lacremoda-300x168.jpg 300w, https:\/\/jornalfatosenoticias.com.br\/wp-content\/uploads\/2023\/07\/lacremoda-768x431.jpg 768w\" sizes=\"auto, (max-width: 341px) 100vw, 341px\" \/><\/figure><\/div>\n\n\n\n<p><strong><span class=\"has-inline-color has-vivid-red-color\">Retrocessos, aparelhamento e hipocrisia sobre privatiza\u00e7\u00f5es<br><\/span><\/strong>Para al\u00e9m das repeti\u00e7\u00f5es de erros, a economista lembra os retrocessos j\u00e1 estabelecidos pelo atual governo. Alguns conseguiram ser barrados pelo Legislativo, como a tentativa de rever o Marco do Saneamento. Outros, no entanto, conseguiram ser devidamente avalizados pelo Legislativo e Judici\u00e1rio.<br>Foi o caso da revoga\u00e7\u00e3o de item da Leis das Estatais que impedia posse de pessoas que tenham exercido fun\u00e7\u00e3o pol\u00edtica para cargos de empresas p\u00fablicas. A mudan\u00e7a permitiu a posse de Alo\u00edsio Mercadante \u00e0 frente do BNDES. Tamb\u00e9m permitiu nomea\u00e7\u00f5es de ministros para conselhos de administra\u00e7\u00e3o, como forma de complementar sal\u00e1rios. O melhor exemplo \u00e9 o de Carlos Lupi, do Trabalho, e Anielle Franco, da Igualdade Racial, indicados para o conselho da Metal\u00fargica Tupy.<\/p>\n\n\n\n<div class=\"wp-block-image\"><figure class=\"aligncenter size-large is-resized\"><img loading=\"lazy\" decoding=\"async\" src=\"https:\/\/jornalfatosenoticias.com.br\/wp-content\/uploads\/2023\/03\/logo-Panper_portal.jpg\" alt=\"\" class=\"wp-image-40208\" width=\"309\" height=\"214\" srcset=\"https:\/\/jornalfatosenoticias.com.br\/wp-content\/uploads\/2023\/03\/logo-Panper_portal.jpg 400w, https:\/\/jornalfatosenoticias.com.br\/wp-content\/uploads\/2023\/03\/logo-Panper_portal-300x208.jpg 300w\" sizes=\"auto, (max-width: 309px) 100vw, 309px\" \/><\/figure><\/div>\n\n\n\n<p>Landau cita ainda a perspectiva de interfer\u00eancia na pol\u00edtica de pre\u00e7os da Petrobras, com atraso na fixa\u00e7\u00e3o de reajustes, e a investida contra a privatiza\u00e7\u00e3o da Eletrobras, para cujo conselho o governo reivindica mais tr\u00eas assentos.<\/p>\n\n\n\n<blockquote class=\"wp-block-quote is-layout-flow wp-block-quote-is-layout-flow\"><p><span class=\"has-inline-color has-luminous-vivid-orange-color\">[Para o governo], capitalizar a Eletrobras \u00e9 crime de lesa-p\u00e1tria, mas a destrui\u00e7\u00e3o da empresa por conta da interven\u00e7\u00e3o de Dilma via MP 579 foi esquecida&#8221;, resume a economista.<\/span><\/p><\/blockquote>\n\n\n\n<div class=\"wp-block-image\"><figure class=\"aligncenter size-large is-resized\"><img loading=\"lazy\" decoding=\"async\" src=\"https:\/\/jornalfatosenoticias.com.br\/wp-content\/uploads\/2020\/02\/logo-Rapuzel-1024x571.jpg\" alt=\"\" class=\"wp-image-42808\" width=\"361\" height=\"201\" srcset=\"https:\/\/jornalfatosenoticias.com.br\/wp-content\/uploads\/2020\/02\/logo-Rapuzel-1024x571.jpg 1024w, https:\/\/jornalfatosenoticias.com.br\/wp-content\/uploads\/2020\/02\/logo-Rapuzel-300x167.jpg 300w, https:\/\/jornalfatosenoticias.com.br\/wp-content\/uploads\/2020\/02\/logo-Rapuzel-768x428.jpg 768w, https:\/\/jornalfatosenoticias.com.br\/wp-content\/uploads\/2020\/02\/logo-Rapuzel-1536x856.jpg 1536w, https:\/\/jornalfatosenoticias.com.br\/wp-content\/uploads\/2020\/02\/logo-Rapuzel.jpg 1600w\" sizes=\"auto, (max-width: 361px) 100vw, 361px\" \/><\/figure><\/div>\n\n\n\n<p><strong><em>Fonte: <a href=\"https:\/\/www.gazetadopovo.com.br\/economia\/lula-3-acumula-populismo-protecionismo-estouro-de-contas-e-repeticao-de-erros\/\">Gazeta do Povo<\/a><\/em><\/strong><\/p>\n","protected":false},"excerpt":{"rendered":"<p>Terceiro mandato de Lula acumula populismo, protecionismo, estouro de contas p\u00fablicas e repeti\u00e7\u00e3o de erros dos governos anteriores do PT Por Rose Amant\u00e9a O governo de Luiz In\u00e1cio Lula da Silva (PT) adiou para mar\u00e7o o an\u00fancio do fracasso da meta de d\u00e9ficit zero em 2024, mas est\u00e1 distante de demonstrar disposi\u00e7\u00e3o para ajustar as [&hellip;]<\/p>\n","protected":false},"author":2,"featured_media":47324,"comment_status":"open","ping_status":"open","sticky":false,"template":"","format":"standard","meta":{"footnotes":""},"categories":[9],"tags":[2129,22156,18157,10240,18067],"class_list":["post-47323","post","type-post","status-publish","format-standard","has-post-thumbnail","hentry","category-economia","tag-corrupcao","tag-crise-sem-fim","tag-desgoverno-lula","tag-hipocrisia","tag-politica-economica"],"yoast_head":"<!-- This site is optimized with the Yoast SEO plugin v26.5 - https:\/\/yoast.com\/wordpress\/plugins\/seo\/ -->\n<title>Lula 3 acumula populismo, protecionismo, estouro de contas e repeti\u00e7\u00e3o de erros - Jornal Fatos e Not\u00edcias<\/title>\n<meta name=\"robots\" content=\"index, follow, max-snippet:-1, max-image-preview:large, max-video-preview:-1\" \/>\n<link rel=\"canonical\" href=\"https:\/\/jornalfatosenoticias.com.br\/index.php\/2023\/11\/29\/lula-3-acumula-populismo-protecionismo-estouro-de-contas-e-repeticao-de-erros\/\" \/>\n<meta property=\"og:locale\" content=\"pt_BR\" \/>\n<meta property=\"og:type\" content=\"article\" \/>\n<meta property=\"og:title\" content=\"Lula 3 acumula populismo, protecionismo, estouro de contas e repeti\u00e7\u00e3o de erros - Jornal Fatos e Not\u00edcias\" \/>\n<meta property=\"og:description\" content=\"Terceiro mandato de Lula acumula populismo, protecionismo, estouro de contas p\u00fablicas e repeti\u00e7\u00e3o de erros dos governos anteriores do PT Por Rose Amant\u00e9a O governo de Luiz In\u00e1cio Lula da Silva (PT) adiou para mar\u00e7o o an\u00fancio do fracasso da meta de d\u00e9ficit zero em 2024, mas est\u00e1 distante de demonstrar disposi\u00e7\u00e3o para ajustar as [&hellip;]\" \/>\n<meta property=\"og:url\" content=\"https:\/\/jornalfatosenoticias.com.br\/index.php\/2023\/11\/29\/lula-3-acumula-populismo-protecionismo-estouro-de-contas-e-repeticao-de-erros\/\" \/>\n<meta property=\"og:site_name\" content=\"Jornal Fatos e Not\u00edcias\" \/>\n<meta property=\"article:published_time\" content=\"2023-11-29T13:57:24+00:00\" \/>\n<meta property=\"article:modified_time\" content=\"2023-11-29T13:57:27+00:00\" \/>\n<meta property=\"og:image\" content=\"https:\/\/jornalfatosenoticias.com.br\/wp-content\/uploads\/2023\/11\/desgoverno-lula3.jpg\" \/>\n\t<meta property=\"og:image:width\" content=\"960\" \/>\n\t<meta property=\"og:image:height\" content=\"540\" \/>\n\t<meta property=\"og:image:type\" content=\"image\/jpeg\" \/>\n<meta name=\"author\" content=\"Luzimara Fernandes\" \/>\n<meta name=\"twitter:card\" content=\"summary_large_image\" \/>\n<meta name=\"twitter:label1\" content=\"Escrito por\" \/>\n\t<meta name=\"twitter:data1\" content=\"Luzimara Fernandes\" \/>\n\t<meta name=\"twitter:label2\" content=\"Est. tempo de leitura\" \/>\n\t<meta name=\"twitter:data2\" content=\"9 minutos\" \/>\n<script type=\"application\/ld+json\" class=\"yoast-schema-graph\">{\"@context\":\"https:\/\/schema.org\",\"@graph\":[{\"@type\":\"Article\",\"@id\":\"https:\/\/jornalfatosenoticias.com.br\/index.php\/2023\/11\/29\/lula-3-acumula-populismo-protecionismo-estouro-de-contas-e-repeticao-de-erros\/#article\",\"isPartOf\":{\"@id\":\"https:\/\/jornalfatosenoticias.com.br\/index.php\/2023\/11\/29\/lula-3-acumula-populismo-protecionismo-estouro-de-contas-e-repeticao-de-erros\/\"},\"author\":{\"name\":\"Luzimara Fernandes\",\"@id\":\"https:\/\/jornalfatosenoticias.com.br\/#\/schema\/person\/d63837fa13ac8666eb9e74e0985d6f81\"},\"headline\":\"Lula 3 acumula populismo, protecionismo, estouro de contas e repeti\u00e7\u00e3o de erros\",\"datePublished\":\"2023-11-29T13:57:24+00:00\",\"dateModified\":\"2023-11-29T13:57:27+00:00\",\"mainEntityOfPage\":{\"@id\":\"https:\/\/jornalfatosenoticias.com.br\/index.php\/2023\/11\/29\/lula-3-acumula-populismo-protecionismo-estouro-de-contas-e-repeticao-de-erros\/\"},\"wordCount\":1907,\"commentCount\":0,\"publisher\":{\"@id\":\"https:\/\/jornalfatosenoticias.com.br\/#organization\"},\"image\":{\"@id\":\"https:\/\/jornalfatosenoticias.com.br\/index.php\/2023\/11\/29\/lula-3-acumula-populismo-protecionismo-estouro-de-contas-e-repeticao-de-erros\/#primaryimage\"},\"thumbnailUrl\":\"https:\/\/jornalfatosenoticias.com.br\/wp-content\/uploads\/2023\/11\/desgoverno-lula3.jpg\",\"keywords\":[\"corrup\u00e7\u00e3o\",\"crise sem fim\",\"desgoverno Lula\",\"hipocrisia\",\"pol\u00edtica econ\u00f4mica\"],\"articleSection\":[\"Economia\"],\"inLanguage\":\"pt-BR\",\"potentialAction\":[{\"@type\":\"CommentAction\",\"name\":\"Comment\",\"target\":[\"https:\/\/jornalfatosenoticias.com.br\/index.php\/2023\/11\/29\/lula-3-acumula-populismo-protecionismo-estouro-de-contas-e-repeticao-de-erros\/#respond\"]}]},{\"@type\":\"WebPage\",\"@id\":\"https:\/\/jornalfatosenoticias.com.br\/index.php\/2023\/11\/29\/lula-3-acumula-populismo-protecionismo-estouro-de-contas-e-repeticao-de-erros\/\",\"url\":\"https:\/\/jornalfatosenoticias.com.br\/index.php\/2023\/11\/29\/lula-3-acumula-populismo-protecionismo-estouro-de-contas-e-repeticao-de-erros\/\",\"name\":\"Lula 3 acumula populismo, protecionismo, estouro de contas e repeti\u00e7\u00e3o de erros - Jornal Fatos e Not\u00edcias\",\"isPartOf\":{\"@id\":\"https:\/\/jornalfatosenoticias.com.br\/#website\"},\"primaryImageOfPage\":{\"@id\":\"https:\/\/jornalfatosenoticias.com.br\/index.php\/2023\/11\/29\/lula-3-acumula-populismo-protecionismo-estouro-de-contas-e-repeticao-de-erros\/#primaryimage\"},\"image\":{\"@id\":\"https:\/\/jornalfatosenoticias.com.br\/index.php\/2023\/11\/29\/lula-3-acumula-populismo-protecionismo-estouro-de-contas-e-repeticao-de-erros\/#primaryimage\"},\"thumbnailUrl\":\"https:\/\/jornalfatosenoticias.com.br\/wp-content\/uploads\/2023\/11\/desgoverno-lula3.jpg\",\"datePublished\":\"2023-11-29T13:57:24+00:00\",\"dateModified\":\"2023-11-29T13:57:27+00:00\",\"breadcrumb\":{\"@id\":\"https:\/\/jornalfatosenoticias.com.br\/index.php\/2023\/11\/29\/lula-3-acumula-populismo-protecionismo-estouro-de-contas-e-repeticao-de-erros\/#breadcrumb\"},\"inLanguage\":\"pt-BR\",\"potentialAction\":[{\"@type\":\"ReadAction\",\"target\":[\"https:\/\/jornalfatosenoticias.com.br\/index.php\/2023\/11\/29\/lula-3-acumula-populismo-protecionismo-estouro-de-contas-e-repeticao-de-erros\/\"]}]},{\"@type\":\"ImageObject\",\"inLanguage\":\"pt-BR\",\"@id\":\"https:\/\/jornalfatosenoticias.com.br\/index.php\/2023\/11\/29\/lula-3-acumula-populismo-protecionismo-estouro-de-contas-e-repeticao-de-erros\/#primaryimage\",\"url\":\"https:\/\/jornalfatosenoticias.com.br\/wp-content\/uploads\/2023\/11\/desgoverno-lula3.jpg\",\"contentUrl\":\"https:\/\/jornalfatosenoticias.com.br\/wp-content\/uploads\/2023\/11\/desgoverno-lula3.jpg\",\"width\":960,\"height\":540},{\"@type\":\"BreadcrumbList\",\"@id\":\"https:\/\/jornalfatosenoticias.com.br\/index.php\/2023\/11\/29\/lula-3-acumula-populismo-protecionismo-estouro-de-contas-e-repeticao-de-erros\/#breadcrumb\",\"itemListElement\":[{\"@type\":\"ListItem\",\"position\":1,\"name\":\"In\u00edcio\",\"item\":\"https:\/\/jornalfatosenoticias.com.br\/\"},{\"@type\":\"ListItem\",\"position\":2,\"name\":\"Lula 3 acumula populismo, protecionismo, estouro de contas e repeti\u00e7\u00e3o de erros\"}]},{\"@type\":\"WebSite\",\"@id\":\"https:\/\/jornalfatosenoticias.com.br\/#website\",\"url\":\"https:\/\/jornalfatosenoticias.com.br\/\",\"name\":\"Jornal Fatos e Not\u00edcias\",\"description\":\"Not\u00edcias em geral\",\"publisher\":{\"@id\":\"https:\/\/jornalfatosenoticias.com.br\/#organization\"},\"potentialAction\":[{\"@type\":\"SearchAction\",\"target\":{\"@type\":\"EntryPoint\",\"urlTemplate\":\"https:\/\/jornalfatosenoticias.com.br\/?s={search_term_string}\"},\"query-input\":{\"@type\":\"PropertyValueSpecification\",\"valueRequired\":true,\"valueName\":\"search_term_string\"}}],\"inLanguage\":\"pt-BR\"},{\"@type\":\"Organization\",\"@id\":\"https:\/\/jornalfatosenoticias.com.br\/#organization\",\"name\":\"Jornal Fatos e Not\u00edcias\",\"url\":\"https:\/\/jornalfatosenoticias.com.br\/\",\"logo\":{\"@type\":\"ImageObject\",\"inLanguage\":\"pt-BR\",\"@id\":\"https:\/\/jornalfatosenoticias.com.br\/#\/schema\/logo\/image\/\",\"url\":\"https:\/\/jornalfatosenoticias.com.br\/wp-content\/uploads\/2020\/02\/logo120.png\",\"contentUrl\":\"https:\/\/jornalfatosenoticias.com.br\/wp-content\/uploads\/2020\/02\/logo120.png\",\"width\":1227,\"height\":120,\"caption\":\"Jornal Fatos e Not\u00edcias\"},\"image\":{\"@id\":\"https:\/\/jornalfatosenoticias.com.br\/#\/schema\/logo\/image\/\"}},{\"@type\":\"Person\",\"@id\":\"https:\/\/jornalfatosenoticias.com.br\/#\/schema\/person\/d63837fa13ac8666eb9e74e0985d6f81\",\"name\":\"Luzimara Fernandes\",\"image\":{\"@type\":\"ImageObject\",\"inLanguage\":\"pt-BR\",\"@id\":\"https:\/\/jornalfatosenoticias.com.br\/#\/schema\/person\/image\/\",\"url\":\"https:\/\/jornalfatosenoticias.com.br\/wp-content\/uploads\/2025\/05\/EU_portal.jpg\",\"contentUrl\":\"https:\/\/jornalfatosenoticias.com.br\/wp-content\/uploads\/2025\/05\/EU_portal.jpg\",\"caption\":\"Luzimara Fernandes\"},\"description\":\"Jornalista MTB 2358-ES\",\"sameAs\":[\"https:\/\/jornalfatosenoticias.com.br\"],\"url\":\"https:\/\/jornalfatosenoticias.com.br\/index.php\/author\/luzimara\/\"}]}<\/script>\n<!-- \/ Yoast SEO plugin. -->","yoast_head_json":{"title":"Lula 3 acumula populismo, protecionismo, estouro de contas e repeti\u00e7\u00e3o de erros - Jornal Fatos e Not\u00edcias","robots":{"index":"index","follow":"follow","max-snippet":"max-snippet:-1","max-image-preview":"max-image-preview:large","max-video-preview":"max-video-preview:-1"},"canonical":"https:\/\/jornalfatosenoticias.com.br\/index.php\/2023\/11\/29\/lula-3-acumula-populismo-protecionismo-estouro-de-contas-e-repeticao-de-erros\/","og_locale":"pt_BR","og_type":"article","og_title":"Lula 3 acumula populismo, protecionismo, estouro de contas e repeti\u00e7\u00e3o de erros - Jornal Fatos e Not\u00edcias","og_description":"Terceiro mandato de Lula acumula populismo, protecionismo, estouro de contas p\u00fablicas e repeti\u00e7\u00e3o de erros dos governos anteriores do PT Por Rose Amant\u00e9a O governo de Luiz In\u00e1cio Lula da Silva (PT) adiou para mar\u00e7o o an\u00fancio do fracasso da meta de d\u00e9ficit zero em 2024, mas est\u00e1 distante de demonstrar disposi\u00e7\u00e3o para ajustar as [&hellip;]","og_url":"https:\/\/jornalfatosenoticias.com.br\/index.php\/2023\/11\/29\/lula-3-acumula-populismo-protecionismo-estouro-de-contas-e-repeticao-de-erros\/","og_site_name":"Jornal Fatos e Not\u00edcias","article_published_time":"2023-11-29T13:57:24+00:00","article_modified_time":"2023-11-29T13:57:27+00:00","og_image":[{"width":960,"height":540,"url":"https:\/\/jornalfatosenoticias.com.br\/wp-content\/uploads\/2023\/11\/desgoverno-lula3.jpg","type":"image\/jpeg"}],"author":"Luzimara Fernandes","twitter_card":"summary_large_image","twitter_misc":{"Escrito por":"Luzimara Fernandes","Est. tempo de leitura":"9 minutos"},"schema":{"@context":"https:\/\/schema.org","@graph":[{"@type":"Article","@id":"https:\/\/jornalfatosenoticias.com.br\/index.php\/2023\/11\/29\/lula-3-acumula-populismo-protecionismo-estouro-de-contas-e-repeticao-de-erros\/#article","isPartOf":{"@id":"https:\/\/jornalfatosenoticias.com.br\/index.php\/2023\/11\/29\/lula-3-acumula-populismo-protecionismo-estouro-de-contas-e-repeticao-de-erros\/"},"author":{"name":"Luzimara Fernandes","@id":"https:\/\/jornalfatosenoticias.com.br\/#\/schema\/person\/d63837fa13ac8666eb9e74e0985d6f81"},"headline":"Lula 3 acumula populismo, protecionismo, estouro de contas e repeti\u00e7\u00e3o de erros","datePublished":"2023-11-29T13:57:24+00:00","dateModified":"2023-11-29T13:57:27+00:00","mainEntityOfPage":{"@id":"https:\/\/jornalfatosenoticias.com.br\/index.php\/2023\/11\/29\/lula-3-acumula-populismo-protecionismo-estouro-de-contas-e-repeticao-de-erros\/"},"wordCount":1907,"commentCount":0,"publisher":{"@id":"https:\/\/jornalfatosenoticias.com.br\/#organization"},"image":{"@id":"https:\/\/jornalfatosenoticias.com.br\/index.php\/2023\/11\/29\/lula-3-acumula-populismo-protecionismo-estouro-de-contas-e-repeticao-de-erros\/#primaryimage"},"thumbnailUrl":"https:\/\/jornalfatosenoticias.com.br\/wp-content\/uploads\/2023\/11\/desgoverno-lula3.jpg","keywords":["corrup\u00e7\u00e3o","crise sem fim","desgoverno Lula","hipocrisia","pol\u00edtica econ\u00f4mica"],"articleSection":["Economia"],"inLanguage":"pt-BR","potentialAction":[{"@type":"CommentAction","name":"Comment","target":["https:\/\/jornalfatosenoticias.com.br\/index.php\/2023\/11\/29\/lula-3-acumula-populismo-protecionismo-estouro-de-contas-e-repeticao-de-erros\/#respond"]}]},{"@type":"WebPage","@id":"https:\/\/jornalfatosenoticias.com.br\/index.php\/2023\/11\/29\/lula-3-acumula-populismo-protecionismo-estouro-de-contas-e-repeticao-de-erros\/","url":"https:\/\/jornalfatosenoticias.com.br\/index.php\/2023\/11\/29\/lula-3-acumula-populismo-protecionismo-estouro-de-contas-e-repeticao-de-erros\/","name":"Lula 3 acumula populismo, protecionismo, estouro de contas e repeti\u00e7\u00e3o de erros - Jornal Fatos e Not\u00edcias","isPartOf":{"@id":"https:\/\/jornalfatosenoticias.com.br\/#website"},"primaryImageOfPage":{"@id":"https:\/\/jornalfatosenoticias.com.br\/index.php\/2023\/11\/29\/lula-3-acumula-populismo-protecionismo-estouro-de-contas-e-repeticao-de-erros\/#primaryimage"},"image":{"@id":"https:\/\/jornalfatosenoticias.com.br\/index.php\/2023\/11\/29\/lula-3-acumula-populismo-protecionismo-estouro-de-contas-e-repeticao-de-erros\/#primaryimage"},"thumbnailUrl":"https:\/\/jornalfatosenoticias.com.br\/wp-content\/uploads\/2023\/11\/desgoverno-lula3.jpg","datePublished":"2023-11-29T13:57:24+00:00","dateModified":"2023-11-29T13:57:27+00:00","breadcrumb":{"@id":"https:\/\/jornalfatosenoticias.com.br\/index.php\/2023\/11\/29\/lula-3-acumula-populismo-protecionismo-estouro-de-contas-e-repeticao-de-erros\/#breadcrumb"},"inLanguage":"pt-BR","potentialAction":[{"@type":"ReadAction","target":["https:\/\/jornalfatosenoticias.com.br\/index.php\/2023\/11\/29\/lula-3-acumula-populismo-protecionismo-estouro-de-contas-e-repeticao-de-erros\/"]}]},{"@type":"ImageObject","inLanguage":"pt-BR","@id":"https:\/\/jornalfatosenoticias.com.br\/index.php\/2023\/11\/29\/lula-3-acumula-populismo-protecionismo-estouro-de-contas-e-repeticao-de-erros\/#primaryimage","url":"https:\/\/jornalfatosenoticias.com.br\/wp-content\/uploads\/2023\/11\/desgoverno-lula3.jpg","contentUrl":"https:\/\/jornalfatosenoticias.com.br\/wp-content\/uploads\/2023\/11\/desgoverno-lula3.jpg","width":960,"height":540},{"@type":"BreadcrumbList","@id":"https:\/\/jornalfatosenoticias.com.br\/index.php\/2023\/11\/29\/lula-3-acumula-populismo-protecionismo-estouro-de-contas-e-repeticao-de-erros\/#breadcrumb","itemListElement":[{"@type":"ListItem","position":1,"name":"In\u00edcio","item":"https:\/\/jornalfatosenoticias.com.br\/"},{"@type":"ListItem","position":2,"name":"Lula 3 acumula populismo, protecionismo, estouro de contas e repeti\u00e7\u00e3o de erros"}]},{"@type":"WebSite","@id":"https:\/\/jornalfatosenoticias.com.br\/#website","url":"https:\/\/jornalfatosenoticias.com.br\/","name":"Jornal Fatos e Not\u00edcias","description":"Not\u00edcias em geral","publisher":{"@id":"https:\/\/jornalfatosenoticias.com.br\/#organization"},"potentialAction":[{"@type":"SearchAction","target":{"@type":"EntryPoint","urlTemplate":"https:\/\/jornalfatosenoticias.com.br\/?s={search_term_string}"},"query-input":{"@type":"PropertyValueSpecification","valueRequired":true,"valueName":"search_term_string"}}],"inLanguage":"pt-BR"},{"@type":"Organization","@id":"https:\/\/jornalfatosenoticias.com.br\/#organization","name":"Jornal Fatos e Not\u00edcias","url":"https:\/\/jornalfatosenoticias.com.br\/","logo":{"@type":"ImageObject","inLanguage":"pt-BR","@id":"https:\/\/jornalfatosenoticias.com.br\/#\/schema\/logo\/image\/","url":"https:\/\/jornalfatosenoticias.com.br\/wp-content\/uploads\/2020\/02\/logo120.png","contentUrl":"https:\/\/jornalfatosenoticias.com.br\/wp-content\/uploads\/2020\/02\/logo120.png","width":1227,"height":120,"caption":"Jornal Fatos e Not\u00edcias"},"image":{"@id":"https:\/\/jornalfatosenoticias.com.br\/#\/schema\/logo\/image\/"}},{"@type":"Person","@id":"https:\/\/jornalfatosenoticias.com.br\/#\/schema\/person\/d63837fa13ac8666eb9e74e0985d6f81","name":"Luzimara Fernandes","image":{"@type":"ImageObject","inLanguage":"pt-BR","@id":"https:\/\/jornalfatosenoticias.com.br\/#\/schema\/person\/image\/","url":"https:\/\/jornalfatosenoticias.com.br\/wp-content\/uploads\/2025\/05\/EU_portal.jpg","contentUrl":"https:\/\/jornalfatosenoticias.com.br\/wp-content\/uploads\/2025\/05\/EU_portal.jpg","caption":"Luzimara Fernandes"},"description":"Jornalista MTB 2358-ES","sameAs":["https:\/\/jornalfatosenoticias.com.br"],"url":"https:\/\/jornalfatosenoticias.com.br\/index.php\/author\/luzimara\/"}]}},"cc_featured_image_caption":{"caption_text":"(Foto: EFE)","source_text":"","source_url":""},"jetpack_featured_media_url":"https:\/\/jornalfatosenoticias.com.br\/wp-content\/uploads\/2023\/11\/desgoverno-lula3.jpg","_links":{"self":[{"href":"https:\/\/jornalfatosenoticias.com.br\/index.php\/wp-json\/wp\/v2\/posts\/47323","targetHints":{"allow":["GET"]}}],"collection":[{"href":"https:\/\/jornalfatosenoticias.com.br\/index.php\/wp-json\/wp\/v2\/posts"}],"about":[{"href":"https:\/\/jornalfatosenoticias.com.br\/index.php\/wp-json\/wp\/v2\/types\/post"}],"author":[{"embeddable":true,"href":"https:\/\/jornalfatosenoticias.com.br\/index.php\/wp-json\/wp\/v2\/users\/2"}],"replies":[{"embeddable":true,"href":"https:\/\/jornalfatosenoticias.com.br\/index.php\/wp-json\/wp\/v2\/comments?post=47323"}],"version-history":[{"count":0,"href":"https:\/\/jornalfatosenoticias.com.br\/index.php\/wp-json\/wp\/v2\/posts\/47323\/revisions"}],"wp:featuredmedia":[{"embeddable":true,"href":"https:\/\/jornalfatosenoticias.com.br\/index.php\/wp-json\/wp\/v2\/media\/47324"}],"wp:attachment":[{"href":"https:\/\/jornalfatosenoticias.com.br\/index.php\/wp-json\/wp\/v2\/media?parent=47323"}],"wp:term":[{"taxonomy":"category","embeddable":true,"href":"https:\/\/jornalfatosenoticias.com.br\/index.php\/wp-json\/wp\/v2\/categories?post=47323"},{"taxonomy":"post_tag","embeddable":true,"href":"https:\/\/jornalfatosenoticias.com.br\/index.php\/wp-json\/wp\/v2\/tags?post=47323"}],"curies":[{"name":"wp","href":"https:\/\/api.w.org\/{rel}","templated":true}]}}