{"id":47350,"date":"2023-11-30T17:09:32","date_gmt":"2023-11-30T20:09:32","guid":{"rendered":"https:\/\/jornalfatosenoticias.com.br\/?p=47350"},"modified":"2023-11-30T17:09:35","modified_gmt":"2023-11-30T20:09:35","slug":"a-semana-em-brasilia-e-no-es-marina-silva-contra-a-caixa-preta","status":"publish","type":"post","link":"https:\/\/jornalfatosenoticias.com.br\/index.php\/2023\/11\/30\/a-semana-em-brasilia-e-no-es-marina-silva-contra-a-caixa-preta\/","title":{"rendered":"A Semana em Bras\u00edlia e no ES \u2014 Marina Silva contra a caixa-preta"},"content":{"rendered":"\n<p>Depois de a ministra da Igualdade Racial, Anielle Franco, encampar uma batalha contra a express\u00e3o \u201cburaco negro\u201d, \u00e9 a vez de a ministra do Meio Ambiente, Marina Silva, se insurgir contra uma combina\u00e7\u00e3o de palavras alegadamente racista. Foi durante audi\u00eancia da CPI das ONGs na segunda-feira (27), na qual Marina repreendeu o presidente da comiss\u00e3o, Pl\u00ednio Val\u00e9rio (PSDB-AM), ap\u00f3s ele dizer que a CPI \u201cconseguiu abrir a caixa-preta\u201d.<br>\u201cCaixa-preta n\u00e3o, senador. Isso \u00e9 uma forma pejorativa de se dirigir \u00e0s pessoas pretas\u201d, diz Marina a Val\u00e9rio, acrescentando: \u201cPreta sou eu, que estou aqui do seu lado\u201d. O senador prop\u00f5e, ent\u00e3o, a express\u00e3o caixa de Pandora.<br>\u201cN\u00f3s abrimos a caixa de Pandora. Por que caixa-preta existe nos avi\u00f5es, n\u00e9? S\u00f3 se descobre os acidentes agora\u2026\u201d, segue Val\u00e9rio, que \u00e9 interrompido mais uma vez pela ministra. \u201cMudou, porque coisa ruim n\u00e3o pode ser associado a preto\u201d, diz Marina.<\/p>\n\n\n\n<blockquote class=\"wp-block-quote is-layout-flow wp-block-quote-is-layout-flow\"><p><span class=\"has-inline-color has-luminous-vivid-orange-color\">Com laranja pode esculhambar\u201d, diz o senador, em refer\u00eancia \u00e0 cor atual dos dispositivos. \u201c\u00c9 que n\u00e3o existe pessoas laranjas\u201d, diz Marina. O senador rebate: \u201cE nem mesti\u00e7os, acabaram com os mesti\u00e7os. Eles n\u00e3o existem mais no IBGE e nem nas cotas\u201d.<\/span><\/p><\/blockquote>\n\n\n\n<div class=\"wp-block-image\"><figure class=\"aligncenter size-large is-resized\"><img loading=\"lazy\" decoding=\"async\" src=\"https:\/\/jornalfatosenoticias.com.br\/wp-content\/uploads\/2023\/08\/BKR-1024x1021.jpg\" alt=\"\" class=\"wp-image-44494\" width=\"290\" height=\"289\" srcset=\"https:\/\/jornalfatosenoticias.com.br\/wp-content\/uploads\/2023\/08\/BKR-1024x1021.jpg 1024w, https:\/\/jornalfatosenoticias.com.br\/wp-content\/uploads\/2023\/08\/BKR-300x300.jpg 300w, https:\/\/jornalfatosenoticias.com.br\/wp-content\/uploads\/2023\/08\/BKR-150x150.jpg 150w, https:\/\/jornalfatosenoticias.com.br\/wp-content\/uploads\/2023\/08\/BKR-768x766.jpg 768w, https:\/\/jornalfatosenoticias.com.br\/wp-content\/uploads\/2023\/08\/BKR.jpg 1080w\" sizes=\"auto, (max-width: 290px) 100vw, 290px\" \/><\/figure><\/div>\n\n\n\n<p>A express\u00e3o caixa-preta se refere ao dispositivo que registra dados de uma viagem de avi\u00e3o. Ela \u00e9 chamada assim porque os dispositivos originais eram pretos \u2014 hoje s\u00e3o laranja, para facilitar sua identifica\u00e7\u00e3o ap\u00f3s um acidente. H\u00e1 outras explica\u00e7\u00f5es poss\u00edveis para a origem no nome \u2014 o \u201cpreta\u201d pode se referir ao seu interior \u2014, mas nenhuma delas tem rela\u00e7\u00e3o com ra\u00e7a, como sugere mais uma ministra do governo Lula. (<strong>Fonte: O Antagonista)<\/strong><\/p>\n\n\n\n<div class=\"wp-block-image\"><figure class=\"aligncenter size-large is-resized\"><img loading=\"lazy\" decoding=\"async\" src=\"https:\/\/jornalfatosenoticias.com.br\/wp-content\/uploads\/2023\/09\/vetorvix1024_1.jpg\" alt=\"\" class=\"wp-image-44868\" width=\"461\" height=\"122\" srcset=\"https:\/\/jornalfatosenoticias.com.br\/wp-content\/uploads\/2023\/09\/vetorvix1024_1.jpg 1024w, https:\/\/jornalfatosenoticias.com.br\/wp-content\/uploads\/2023\/09\/vetorvix1024_1-300x80.jpg 300w, https:\/\/jornalfatosenoticias.com.br\/wp-content\/uploads\/2023\/09\/vetorvix1024_1-768x205.jpg 768w\" sizes=\"auto, (max-width: 461px) 100vw, 461px\" \/><\/figure><\/div>\n\n\n\n<hr class=\"wp-block-separator\"\/>\n\n\n\n<h3 class=\"wp-block-heading\"><span class=\"has-inline-color has-black-color\">Pe\u00f1a, Milei, Trump, Lacalle Pou e Bolsonaro: posse na Argentina reunir\u00e1 a nata da direita<\/span><\/h3>\n\n\n\n<div class=\"wp-block-image\"><figure class=\"aligncenter size-large\"><img loading=\"lazy\" decoding=\"async\" width=\"1000\" height=\"562\" src=\"https:\/\/jornalfatosenoticias.com.br\/wp-content\/uploads\/2023\/11\/posse-milei.jpg\" alt=\"\" class=\"wp-image-47355\" srcset=\"https:\/\/jornalfatosenoticias.com.br\/wp-content\/uploads\/2023\/11\/posse-milei.jpg 1000w, https:\/\/jornalfatosenoticias.com.br\/wp-content\/uploads\/2023\/11\/posse-milei-300x169.jpg 300w, https:\/\/jornalfatosenoticias.com.br\/wp-content\/uploads\/2023\/11\/posse-milei-768x432.jpg 768w\" sizes=\"auto, (max-width: 1000px) 100vw, 1000px\" \/><figcaption><em><span class=\"has-inline-color has-black-color\">(Foto: Reprodu\u00e7\u00e3o X)<\/span><\/em><\/figcaption><\/figure><\/div>\n\n\n\n<p><em><span class=\"has-inline-color has-black-color\">Por Raul Holderf Nascimento<br><\/span><\/em>Desde o \u00faltimo dia 19, quando Javier Milei foi oficialmente declarado vencedor das elei\u00e7\u00f5es presidenciais da Argentina, o tema tem dominado as discuss\u00f5es no segmento pol\u00edtico do Twitter. Na plataforma de Elon Musk, o assunto ultrapassou milh\u00f5es de intera\u00e7\u00f5es, consolidando-se como um dos mais comentados.<br>A ascens\u00e3o de Milei ao mais alto cargo na Argentina marca uma guinada \u00e0 direita no pleito deste ano, representando n\u00e3o apenas a derrota de Sergio Massa, mas um rev\u00e9s hist\u00f3rico contra a extrema-esquerda argentina. Por quase tr\u00eas d\u00e9cadas, l\u00edderes progressistas como Alberto Fern\u00e1ndez e Cristina Kirchner dominaram o cen\u00e1rio pol\u00edtico, sendo esta \u00faltima ex-presidente, totalizando oito mandatos.<\/p>\n\n\n\n<div class=\"wp-block-image\"><figure class=\"aligncenter size-large is-resized\"><img loading=\"lazy\" decoding=\"async\" src=\"https:\/\/jornalfatosenoticias.com.br\/wp-content\/uploads\/2023\/08\/LOGO-BLU-COMERCIAL-PRETO-1024x600.jpg\" alt=\"\" class=\"wp-image-44053\" width=\"330\" height=\"193\"\/><\/figure><\/div>\n\n\n\n<p>Com o decl\u00ednio do ciclo progressista, a Argentina elegeu Milei, que \u00e9 um l\u00edder de orienta\u00e7\u00e3o direitista, para liderar o pa\u00eds nos pr\u00f3ximos quatro anos, com a possibilidade de reelei\u00e7\u00e3o por mais quatro, caso ven\u00e7a o pr\u00f3ximo pleito. Com o apoio de figuras como Maur\u00edcio Macri e Patricia Bullrich, terceira colocada na corrida \u00e0 Casa Rosada, Milei derrotou Massa com mais de 55% dos votos, consolidando uma diferen\u00e7a de quase 12 pontos percentuais.<\/p>\n\n\n\n<div class=\"wp-block-image\"><figure class=\"aligncenter size-large is-resized\"><img loading=\"lazy\" decoding=\"async\" src=\"https:\/\/jornalfatosenoticias.com.br\/wp-content\/uploads\/2020\/02\/CONTROL-CS.jpg\" alt=\"\" class=\"wp-image-44991\" width=\"303\" height=\"363\" srcset=\"https:\/\/jornalfatosenoticias.com.br\/wp-content\/uploads\/2020\/02\/CONTROL-CS.jpg 834w, https:\/\/jornalfatosenoticias.com.br\/wp-content\/uploads\/2020\/02\/CONTROL-CS-250x300.jpg 250w, https:\/\/jornalfatosenoticias.com.br\/wp-content\/uploads\/2020\/02\/CONTROL-CS-768x921.jpg 768w\" sizes=\"auto, (max-width: 303px) 100vw, 303px\" \/><\/figure><\/div>\n\n\n\n<p>Dias antes da vit\u00f3ria esmagadora, as ruas argentinas testemunharam o apoio massivo a Javier Milei, com milhares de manifestantes lotando avenidas, especialmente em C\u00f3rdoba, onde o candidato obteve 74% dos votos, com uma diferen\u00e7a de mais de 1,6 milh\u00e3o de votos.<br>Esta vit\u00f3ria sem precedentes reverberou globalmente, atraindo a aten\u00e7\u00e3o de l\u00edderes pol\u00edticos de destaque. As imagens impressionantes do ato final em C\u00f3rdoba, com uma multid\u00e3o que ocupava ruas s mais ruas, contribu\u00edram para a magnitude deste feito hist\u00f3rico.<\/p>\n\n\n\n<div class=\"wp-block-image\"><figure class=\"aligncenter size-large\"><img loading=\"lazy\" decoding=\"async\" width=\"300\" height=\"250\" src=\"https:\/\/jornalfatosenoticias.com.br\/wp-content\/uploads\/2020\/02\/Banner-2.png\" alt=\"\" class=\"wp-image-43787\"\/><\/figure><\/div>\n\n\n\n<p>Logo ap\u00f3s o final do pleito, l\u00edderes pol\u00edticos de renome mundial confirmaram presen\u00e7a na cerim\u00f4nia de posse, agendada para o dia 10 de dezembro. At\u00e9 o fechamento desta mat\u00e9ria, personalidades como Donald Trump, pr\u00e9-candidato republicano em 2024, Jair Bolsonaro, ex-presidente do Brasil, Santiago Pe\u00f1a, presidente do Paraguai, e Lacalle Pou, presidente do Uruguai, marcaram suas vagas na festividade.<\/p>\n\n\n\n<div class=\"wp-block-image\"><figure class=\"aligncenter size-large is-resized\"><img loading=\"lazy\" decoding=\"async\" src=\"https:\/\/jornalfatosenoticias.com.br\/wp-content\/uploads\/2020\/02\/logo-Rapuzel-1024x571.jpg\" alt=\"\" class=\"wp-image-42808\" width=\"331\" height=\"184\" srcset=\"https:\/\/jornalfatosenoticias.com.br\/wp-content\/uploads\/2020\/02\/logo-Rapuzel-1024x571.jpg 1024w, https:\/\/jornalfatosenoticias.com.br\/wp-content\/uploads\/2020\/02\/logo-Rapuzel-300x167.jpg 300w, https:\/\/jornalfatosenoticias.com.br\/wp-content\/uploads\/2020\/02\/logo-Rapuzel-768x428.jpg 768w, https:\/\/jornalfatosenoticias.com.br\/wp-content\/uploads\/2020\/02\/logo-Rapuzel-1536x856.jpg 1536w, https:\/\/jornalfatosenoticias.com.br\/wp-content\/uploads\/2020\/02\/logo-Rapuzel.jpg 1600w\" sizes=\"auto, (max-width: 331px) 100vw, 331px\" \/><\/figure><\/div>\n\n\n\n<p><strong><span class=\"has-inline-color has-black-color\">Eis a lista, por ordem alfab\u00e9tica:<\/span><\/strong><br>Donald Trump (Estados Unidos);<br>Jair Bolsonaro (Brasil);<br>Luis Alberto Lacalle Pou (Uruguai);<br>Santiago Pe\u00f1a (Paraguai);<\/p>\n\n\n\n<div class=\"wp-block-image\"><figure class=\"aligncenter size-large is-resized\"><img loading=\"lazy\" decoding=\"async\" src=\"https:\/\/jornalfatosenoticias.com.br\/wp-content\/uploads\/2022\/10\/RC_800x750_page-0001.jpg\" alt=\"\" class=\"wp-image-35338\" width=\"286\" height=\"268\" srcset=\"https:\/\/jornalfatosenoticias.com.br\/wp-content\/uploads\/2022\/10\/RC_800x750_page-0001.jpg 400w, https:\/\/jornalfatosenoticias.com.br\/wp-content\/uploads\/2022\/10\/RC_800x750_page-0001-300x281.jpg 300w\" sizes=\"auto, (max-width: 286px) 100vw, 286px\" \/><\/figure><\/div>\n\n\n\n<p>Como j\u00e1 era de se esperar, a confirma\u00e7\u00e3o desses l\u00edderes de direita passou a gerar uma intensa movimenta\u00e7\u00e3o nas redes sociais, com milhares de novas postagens diariamente. A magnitude do encontro conservador que ocorrer\u00e1 na posse de Javier Milei tamb\u00e9m tem refletido na imprensa latino-americana, em especial na Argentina, que vem cobrindo o assunto diariamente em suas programa\u00e7\u00f5es. <strong>(Fonte: Conex\u00e3o Pol\u00edtica)<\/strong><\/p>\n\n\n\n<div class=\"wp-block-image\"><figure class=\"aligncenter size-large is-resized\"><img loading=\"lazy\" decoding=\"async\" src=\"https:\/\/jornalfatosenoticias.com.br\/wp-content\/uploads\/2023\/07\/lacremoda.jpg\" alt=\"\" class=\"wp-image-43706\" width=\"356\" height=\"199\" srcset=\"https:\/\/jornalfatosenoticias.com.br\/wp-content\/uploads\/2023\/07\/lacremoda.jpg 1024w, https:\/\/jornalfatosenoticias.com.br\/wp-content\/uploads\/2023\/07\/lacremoda-300x168.jpg 300w, https:\/\/jornalfatosenoticias.com.br\/wp-content\/uploads\/2023\/07\/lacremoda-768x431.jpg 768w\" sizes=\"auto, (max-width: 356px) 100vw, 356px\" \/><\/figure><\/div>\n\n\n\n<hr class=\"wp-block-separator\"\/>\n\n\n\n<h3 class=\"wp-block-heading\"><span class=\"has-inline-color has-black-color\">A conta de Janones n\u00e3o fecha<\/span><\/h3>\n\n\n\n<div class=\"wp-block-image\"><figure class=\"aligncenter size-large\"><img loading=\"lazy\" decoding=\"async\" width=\"960\" height=\"640\" src=\"https:\/\/jornalfatosenoticias.com.br\/wp-content\/uploads\/2023\/11\/janones.jpg\" alt=\"\" class=\"wp-image-47354\" srcset=\"https:\/\/jornalfatosenoticias.com.br\/wp-content\/uploads\/2023\/11\/janones.jpg 960w, https:\/\/jornalfatosenoticias.com.br\/wp-content\/uploads\/2023\/11\/janones-300x200.jpg 300w, https:\/\/jornalfatosenoticias.com.br\/wp-content\/uploads\/2023\/11\/janones-768x512.jpg 768w\" sizes=\"auto, (max-width: 960px) 100vw, 960px\" \/><figcaption><em><span class=\"has-inline-color has-black-color\">(Foto: Reprodu\u00e7\u00e3o)<\/span><\/em><\/figcaption><\/figure><\/div>\n\n\n\n<p><em><span class=\"has-inline-color has-black-color\">Por Raul Holderf Nascimento<br><\/span><\/em>Apesar de ter dito a assessores que gastou 675 mil reais quando concorreu \u00e0 prefeitura de Ituiutaba em 2016, o deputado federal Andr\u00e9 Janones (Avante-MG, foto) declarou \u00e0 Justi\u00e7a eleitoral ter \u2018perdido\u2019 menos de um ter\u00e7o do valor, registrou O Globo. O parlamentar gastou 202,5 mil reais na campanha, embora tenha desembolsado apenas 25,2 mil reais com recursos pr\u00f3prios.<\/p>\n\n\n\n<div class=\"wp-block-image\"><figure class=\"aligncenter size-large is-resized\"><img loading=\"lazy\" decoding=\"async\" src=\"https:\/\/jornalfatosenoticias.com.br\/wp-content\/uploads\/2023\/08\/Steel.jpeg\" alt=\"\" class=\"wp-image-44634\" width=\"308\" height=\"250\" srcset=\"https:\/\/jornalfatosenoticias.com.br\/wp-content\/uploads\/2023\/08\/Steel.jpeg 800w, https:\/\/jornalfatosenoticias.com.br\/wp-content\/uploads\/2023\/08\/Steel-300x244.jpeg 300w, https:\/\/jornalfatosenoticias.com.br\/wp-content\/uploads\/2023\/08\/Steel-768x624.jpeg 768w\" sizes=\"auto, (max-width: 308px) 100vw, 308px\" \/><\/figure><\/div>\n\n\n\n<p>Em sua presta\u00e7\u00e3o de contas, Janones disse ter gasto 88 mil reais com programas de TV e r\u00e1dio; 38,4 mil reais com jingles e vinhetas; 27,9 mil reais com materiais impressos; 27,5 mil com servi\u00e7os prestados por terceiros; 6,1 mil reais com publicidade via adesivos; 5,1 mil reais com pessoal de campanha; 4,9 mil com carros de som e 2,5 mil reais com jornais e revistas.<\/p>\n\n\n\n<div class=\"wp-block-image\"><figure class=\"aligncenter size-large is-resized\"><img loading=\"lazy\" decoding=\"async\" src=\"https:\/\/jornalfatosenoticias.com.br\/wp-content\/uploads\/2022\/02\/Precisao-Contabilidade-1024x724.jpg\" alt=\"\" class=\"wp-image-28088\" width=\"318\" height=\"225\"\/><\/figure><\/div>\n\n\n\n<blockquote class=\"wp-block-quote is-layout-flow wp-block-quote-is-layout-flow\"><p><span class=\"has-inline-color has-luminous-vivid-orange-color\">A sens\u00edvel diferen\u00e7a sugere, portanto, que faltam informa\u00e7\u00f5es nas contas prestadas oficialmente e ainda um poss\u00edvel drible no teto estipulado para a candidatura, que era de 387,8 mil reais\u201d, diz o jornal.<\/span><\/p><\/blockquote>\n\n\n\n<div class=\"wp-block-image\"><figure class=\"aligncenter size-large\"><img loading=\"lazy\" decoding=\"async\" width=\"300\" height=\"300\" src=\"https:\/\/jornalfatosenoticias.com.br\/wp-content\/uploads\/2020\/02\/casa-do-torresmo_portal.jpg\" alt=\"\" class=\"wp-image-34472\" srcset=\"https:\/\/jornalfatosenoticias.com.br\/wp-content\/uploads\/2020\/02\/casa-do-torresmo_portal.jpg 300w, https:\/\/jornalfatosenoticias.com.br\/wp-content\/uploads\/2020\/02\/casa-do-torresmo_portal-150x150.jpg 150w\" sizes=\"auto, (max-width: 300px) 100vw, 300px\" \/><\/figure><\/div>\n\n\n\n<p>Um \u00e1udio revelado na segunda-feira (27), mostrou Janones defendendo a assessores o pagamento de suas despesas de campanha com rachadinha. Na conversa, gravada em fevereiro de 2019, o deputado mineiro disse que iria conversar com algumas pessoas para \u201cajudar a pagar as contas\u201d de sua campanha \u00e0 prefeitura de Ituiutaba, em 2016.<\/p>\n\n\n\n<div class=\"wp-block-image\"><figure class=\"aligncenter size-large\"><img loading=\"lazy\" decoding=\"async\" width=\"300\" height=\"250\" src=\"https:\/\/jornalfatosenoticias.com.br\/wp-content\/uploads\/2022\/02\/FERRARI_MAQUINAS-E-FERRAMENTAS2.jpg\" alt=\"\" class=\"wp-image-27860\"\/><\/figure><\/div>\n\n\n\n<blockquote class=\"wp-block-quote is-layout-flow wp-block-quote-is-layout-flow\"><p><span class=\"has-inline-color has-luminous-vivid-orange-color\">Tem algumas pessoas aqui, [com] que eu ainda vou conversar em particular depois\u2026 V\u00e3o receber um pouco de sal\u00e1rio a mais. E elas v\u00e3o me ajudar a pagar as contas do que ficou da minha campanha de prefeito\u201d, disse o deputado. \u201cEu perdi 675 mil reais na campanha. \u2018Ah, isso \u00e9 devolver sal\u00e1rio e voc\u00ea t\u00e1 chamando de outro nome\u2019. N\u00e3o \u00e9. Porque eu devolver sal\u00e1rio, voc\u00ea manda na minha conta e eu fa\u00e7o o que eu quiser\u201d, acrescentou.<\/span><\/p><\/blockquote>\n\n\n\n<div class=\"wp-block-image\"><figure class=\"aligncenter size-large is-resized\"><img loading=\"lazy\" decoding=\"async\" src=\"https:\/\/jornalfatosenoticias.com.br\/wp-content\/uploads\/2023\/08\/ITH.jpeg\" alt=\"\" class=\"wp-image-44638\" width=\"309\" height=\"251\" srcset=\"https:\/\/jornalfatosenoticias.com.br\/wp-content\/uploads\/2023\/08\/ITH.jpeg 800w, https:\/\/jornalfatosenoticias.com.br\/wp-content\/uploads\/2023\/08\/ITH-300x244.jpeg 300w, https:\/\/jornalfatosenoticias.com.br\/wp-content\/uploads\/2023\/08\/ITH-768x624.jpeg 768w\" sizes=\"auto, (max-width: 309px) 100vw, 309px\" \/><\/figure><\/div>\n\n\n\n<p>Na ter\u00e7a (28), outro trecho do \u00e1udio mostrou o deputado sugerindo a cria\u00e7\u00e3o de uma \u201cvaquinha\u201d mensal entre os servidores de seu gabinete na C\u00e2mara dos Deputados para financiar a campanha de seu grupo pol\u00edtico em 2020.<strong> (Fonte: O Antagonista)<\/strong><\/p>\n\n\n\n<hr class=\"wp-block-separator\"\/>\n\n\n\n<h3 class=\"wp-block-heading\"><span class=\"has-inline-color has-black-color\">Moraes manda soltar 11\u00ba preso do 8\/1 ap\u00f3s morte na Papuda<\/span><\/h3>\n\n\n\n<div class=\"wp-block-image\"><figure class=\"aligncenter size-large\"><img loading=\"lazy\" decoding=\"async\" width=\"1000\" height=\"598\" src=\"https:\/\/jornalfatosenoticias.com.br\/wp-content\/uploads\/2023\/11\/moraes_fcpzzb_abr.jpg\" alt=\"\" class=\"wp-image-47353\" srcset=\"https:\/\/jornalfatosenoticias.com.br\/wp-content\/uploads\/2023\/11\/moraes_fcpzzb_abr.jpg 1000w, https:\/\/jornalfatosenoticias.com.br\/wp-content\/uploads\/2023\/11\/moraes_fcpzzb_abr-300x179.jpg 300w, https:\/\/jornalfatosenoticias.com.br\/wp-content\/uploads\/2023\/11\/moraes_fcpzzb_abr-768x459.jpg 768w\" sizes=\"auto, (max-width: 1000px) 100vw, 1000px\" \/><figcaption><em><span class=\"has-inline-color has-black-color\">(Foto: F\u00e1bio Rodrigues Pozzebom\/Ag\u00eancia Brasil)<\/span><\/em><\/figcaption><\/figure><\/div>\n\n\n\n<p>O ministro Alexandre de Moraes, do Supremo Tribunal Federal (STF), revogou a pris\u00e3o de um r\u00e9u do 8 de janeiro nesta ter\u00e7a-feira, 28. Esse \u00e9 o 11\u00ba detento liberado desde a morte de um dos r\u00e9us na Papuda, em Bras\u00edlia, em 20 de novembro. O beneficiado pela recente decis\u00e3o foi Joelton Gusm\u00e3o de Oliveira. Embora a Procuradoria-Geral da Rep\u00fablica (PGR) j\u00e1 tivesse concordado com sua soltura no in\u00edcio de outubro, Moraes s\u00f3 avaliou o pedido agora.<\/p>\n\n\n\n<div class=\"wp-block-image\"><figure class=\"aligncenter size-large is-resized\"><img loading=\"lazy\" decoding=\"async\" src=\"https:\/\/jornalfatosenoticias.com.br\/wp-content\/uploads\/2023\/11\/cromotec.jpg\" alt=\"\" class=\"wp-image-46804\" width=\"317\" height=\"189\" srcset=\"https:\/\/jornalfatosenoticias.com.br\/wp-content\/uploads\/2023\/11\/cromotec.jpg 453w, https:\/\/jornalfatosenoticias.com.br\/wp-content\/uploads\/2023\/11\/cromotec-300x179.jpg 300w\" sizes=\"auto, (max-width: 317px) 100vw, 317px\" \/><\/figure><\/div>\n\n\n\n<p>Foram estabelecidas medidas cautelares, como o uso de tornozeleira eletr\u00f4nica. Na segunda-feira, 27, Moraes j\u00e1 havia determinado a soltura de mais duas pessoas: Sergio Resende e Frederico Oliveira. De acordo com informa\u00e7\u00f5es do STF, ainda existem 105 pessoas presas em decorr\u00eancia do 8 de janeiro.<br>As solturas v\u00eam ap\u00f3s \u00e0 morte de Cleriston Pereira da Cunha, que teve faleceu de mal s\u00fabito na Papuda em 20 de novembro, conforme relato da penitenci\u00e1ria. Em setembro, a PGR j\u00e1 havia concordado com a revoga\u00e7\u00e3o de sua pris\u00e3o de Cleriston, por\u00e9m o pedido n\u00e3o chegou a ser analisado por Moraes a tempo.<\/p>\n\n\n\n<div class=\"wp-block-image\"><figure class=\"aligncenter size-large is-resized\"><img loading=\"lazy\" decoding=\"async\" src=\"https:\/\/jornalfatosenoticias.com.br\/wp-content\/uploads\/2023\/03\/logo-Panper_portal.jpg\" alt=\"\" class=\"wp-image-40208\" width=\"299\" height=\"207\" srcset=\"https:\/\/jornalfatosenoticias.com.br\/wp-content\/uploads\/2023\/03\/logo-Panper_portal.jpg 400w, https:\/\/jornalfatosenoticias.com.br\/wp-content\/uploads\/2023\/03\/logo-Panper_portal-300x208.jpg 300w\" sizes=\"auto, (max-width: 299px) 100vw, 299px\" \/><\/figure><\/div>\n\n\n\n<p>Na quarta, 22, Moraes determinou a soltura de sete pessoas. Assim como Cunha, pelo menos quatro delas j\u00e1 possu\u00edam parecer favor\u00e1vel da PGR para a liberdade, aguardando apenas an\u00e1lise. Tr\u00eas decis\u00f5es foram mantidas em sigilo. O ministro liberou mais um detento na sexta-feira (24). <strong>(Fonte: O Antagonista)<\/strong><\/p>\n\n\n\n<hr class=\"wp-block-separator\"\/>\n\n\n\n<h3 class=\"wp-block-heading\"><span class=\"has-inline-color has-black-color\">Magno Malta sobre indica\u00e7\u00e3o de Dino ao STF<\/span><\/h3>\n\n\n\n<div class=\"wp-block-image\"><figure class=\"aligncenter size-large\"><img loading=\"lazy\" decoding=\"async\" width=\"747\" height=\"865\" src=\"https:\/\/jornalfatosenoticias.com.br\/wp-content\/uploads\/2023\/11\/Magno-Malta-2.jpg\" alt=\"\" class=\"wp-image-47352\" srcset=\"https:\/\/jornalfatosenoticias.com.br\/wp-content\/uploads\/2023\/11\/Magno-Malta-2.jpg 747w, https:\/\/jornalfatosenoticias.com.br\/wp-content\/uploads\/2023\/11\/Magno-Malta-2-259x300.jpg 259w\" sizes=\"auto, (max-width: 747px) 100vw, 747px\" \/><figcaption><em><span class=\"has-inline-color has-black-color\">(Foto: Reprodu\u00e7\u00e3o X)<\/span><\/em><\/figcaption><\/figure><\/div>\n\n\n\n<p>Em sua rede social X o senador Magno Malta (PL-ES) disse &#8220;para quem quer saber meu voto para a indica\u00e7\u00e3o de Fl\u00e1vio Dino para o STF: N\u00c3O! E vou trabalhar ativamente para conseguir mais votos contr\u00e1rios.<br>Em outro coment\u00e1rio o senador capixaba pediu o apoio da popula\u00e7\u00e3o. &#8220;Cobrem a declara\u00e7\u00e3o p\u00fablica de voto do seu senador para depois n\u00e3o terem d\u00favida de quem \u00e9 a culpa pelo Brasil estar cada vez pior. Quem indica \u00e9 o presidente da Rep\u00fablica, mas quem nomeia \u00e9 o Senado. N\u00e3o podemos nos eximir dessa responsabilidade&#8221;.<\/p>\n\n\n\n<div class=\"wp-block-image\"><figure class=\"aligncenter size-large is-resized\"><img loading=\"lazy\" decoding=\"async\" src=\"https:\/\/jornalfatosenoticias.com.br\/wp-content\/uploads\/2023\/03\/nova-logo-Marquetti.jpg\" alt=\"\" class=\"wp-image-40207\" width=\"325\" height=\"218\" srcset=\"https:\/\/jornalfatosenoticias.com.br\/wp-content\/uploads\/2023\/03\/nova-logo-Marquetti.jpg 643w, https:\/\/jornalfatosenoticias.com.br\/wp-content\/uploads\/2023\/03\/nova-logo-Marquetti-300x202.jpg 300w\" sizes=\"auto, (max-width: 325px) 100vw, 325px\" \/><\/figure><\/div>\n\n\n\n<hr class=\"wp-block-separator\"\/>\n\n\n\n<h3 class=\"wp-block-heading\"><span class=\"has-inline-color has-black-color\">Tarc\u00edsio diz que greves n\u00e3o impedem privatiza\u00e7\u00f5es: \u201cn\u00e3o adianta\u2019<\/span><\/h3>\n\n\n\n<div class=\"wp-block-image\"><figure class=\"aligncenter size-large\"><img loading=\"lazy\" decoding=\"async\" width=\"1000\" height=\"562\" src=\"https:\/\/jornalfatosenoticias.com.br\/wp-content\/uploads\/2023\/11\/tarcisio_greve.jpg\" alt=\"\" class=\"wp-image-47351\" srcset=\"https:\/\/jornalfatosenoticias.com.br\/wp-content\/uploads\/2023\/11\/tarcisio_greve.jpg 1000w, https:\/\/jornalfatosenoticias.com.br\/wp-content\/uploads\/2023\/11\/tarcisio_greve-300x169.jpg 300w, https:\/\/jornalfatosenoticias.com.br\/wp-content\/uploads\/2023\/11\/tarcisio_greve-768x432.jpg 768w\" sizes=\"auto, (max-width: 1000px) 100vw, 1000px\" \/><figcaption><em><span class=\"has-inline-color has-black-color\">(Foto: Reprodu\u00e7\u00e3o)<\/span><\/em><\/figcaption><\/figure><\/div>\n\n\n\n<p>O governador de S\u00e3o Paulo, Tarc\u00edsio de Freitas, afirmou, nesta ter\u00e7a-feira (28), que as greves dos metrovi\u00e1rios, da CPTM e da Sabesp n\u00e3o impedir\u00e3o a privatiza\u00e7\u00e3o das empresas. A greve dos trabalhadores do Metr\u00f4, CPTM e Sabesp come\u00e7ou na manh\u00e3 de ter\u00e7a-feira e afetou o funcionamento do transporte p\u00fablico em toda a capital paulista.<\/p>\n\n\n\n<div class=\"wp-block-image\"><figure class=\"aligncenter size-large\"><img loading=\"lazy\" decoding=\"async\" width=\"300\" height=\"250\" src=\"https:\/\/jornalfatosenoticias.com.br\/wp-content\/uploads\/2022\/08\/arte-Casarao.jpg\" alt=\"\" class=\"wp-image-33178\"\/><\/figure><\/div>\n\n\n\n<p>O governador destacou que o maior problema ocorreu no Metr\u00f4, enquanto a Sabesp continua operando normalmente. Na CPTM, quase todos os servidores escalados compareceram ao trabalho. Durante uma coletiva, Tarc\u00edsio de Freitas, juntamente com os presidentes da Sabesp, Metr\u00f4, CPTM e o secret\u00e1rio de Transportes Metropolitanos, afirmou que as desestatiza\u00e7\u00f5es e estudos para concess\u00f5es n\u00e3o ser\u00e3o interrompidos.<\/p>\n\n\n\n<div class=\"wp-block-image\"><figure class=\"aligncenter size-large is-resized\"><img loading=\"lazy\" decoding=\"async\" src=\"https:\/\/jornalfatosenoticias.com.br\/wp-content\/uploads\/2022\/10\/Arte-jornal-Zucchi-600x600_Prancheta-1-1024x1024.jpg\" alt=\"\" class=\"wp-image-34782\" width=\"283\" height=\"283\" srcset=\"https:\/\/jornalfatosenoticias.com.br\/wp-content\/uploads\/2022\/10\/Arte-jornal-Zucchi-600x600_Prancheta-1-1024x1024.jpg 1024w, https:\/\/jornalfatosenoticias.com.br\/wp-content\/uploads\/2022\/10\/Arte-jornal-Zucchi-600x600_Prancheta-1-300x300.jpg 300w, https:\/\/jornalfatosenoticias.com.br\/wp-content\/uploads\/2022\/10\/Arte-jornal-Zucchi-600x600_Prancheta-1-150x150.jpg 150w, https:\/\/jornalfatosenoticias.com.br\/wp-content\/uploads\/2022\/10\/Arte-jornal-Zucchi-600x600_Prancheta-1-768x768.jpg 768w, https:\/\/jornalfatosenoticias.com.br\/wp-content\/uploads\/2022\/10\/Arte-jornal-Zucchi-600x600_Prancheta-1.jpg 1250w\" sizes=\"auto, (max-width: 283px) 100vw, 283px\" \/><\/figure><\/div>\n\n\n\n<blockquote class=\"wp-block-quote is-layout-flow wp-block-quote-is-layout-flow\"><p><span class=\"has-inline-color has-luminous-vivid-orange-color\">N\u00e3o adianta fazer greve com esse mote. N\u00f3s vamos continuar tocando porque n\u00f3s dissemos que far\u00edamos isso. E a opera\u00e7\u00e3o da Sabesp vai acontecer ano que vem, podem ter certeza disso, e vai ser um grande sucesso\u201d, afirmou o governador.<\/span><\/p><\/blockquote>\n\n\n\n<div class=\"wp-block-image\"><figure class=\"aligncenter size-large is-resized\"><img loading=\"lazy\" decoding=\"async\" src=\"https:\/\/jornalfatosenoticias.com.br\/wp-content\/uploads\/2020\/02\/LOGO-BLU-COMERCIAL-PRETO-1024x600.jpg\" alt=\"\" class=\"wp-image-44089\" width=\"315\" height=\"184\"\/><\/figure><\/div>\n\n\n\n<p>Ele considerou a paralisa\u00e7\u00e3o no Metr\u00f4 e na CPTM como \u201cpol\u00edticas e desarrazoadas\u201d e enfatizou que o governo n\u00e3o deixar\u00e1 de cumprir seus objetivos, mesmo diante das discord\u00e2ncias dos grevistas. O governador informou que um comunicado foi enviado aos funcion\u00e1rios determinando quem deveria trabalhar para cumprir a decis\u00e3o judicial de manter 80% da opera\u00e7\u00e3o. A gest\u00e3o estadual anunciou que ir\u00e1 penalizar os grevistas.<\/p>\n\n\n\n<div class=\"wp-block-image\"><figure class=\"aligncenter size-large is-resized\"><img loading=\"lazy\" decoding=\"async\" src=\"https:\/\/jornalfatosenoticias.com.br\/wp-content\/uploads\/2023\/08\/BKR-1024x1021.jpg\" alt=\"\" class=\"wp-image-44494\" width=\"295\" height=\"294\" srcset=\"https:\/\/jornalfatosenoticias.com.br\/wp-content\/uploads\/2023\/08\/BKR-1024x1021.jpg 1024w, https:\/\/jornalfatosenoticias.com.br\/wp-content\/uploads\/2023\/08\/BKR-300x300.jpg 300w, https:\/\/jornalfatosenoticias.com.br\/wp-content\/uploads\/2023\/08\/BKR-150x150.jpg 150w, https:\/\/jornalfatosenoticias.com.br\/wp-content\/uploads\/2023\/08\/BKR-768x766.jpg 768w, https:\/\/jornalfatosenoticias.com.br\/wp-content\/uploads\/2023\/08\/BKR.jpg 1080w\" sizes=\"auto, (max-width: 295px) 100vw, 295px\" \/><\/figure><\/div>\n\n\n\n<p>Tarc\u00edsio de Freitas tamb\u00e9m destacou que a opera\u00e7\u00e3o da Sabesp n\u00e3o sofreu altera\u00e7\u00f5es significativas, apesar de enfrentar dificuldades em algumas esta\u00e7\u00f5es devido \u00e0 instala\u00e7\u00e3o de piquetes. Ele ressaltou que, na maioria das esta\u00e7\u00f5es, os servidores escalados conseguiram acessar o local de trabalho. <strong>(Fonte: Gazeta Brasil)<\/strong><\/p>\n\n\n\n<div class=\"wp-block-image\"><figure class=\"aligncenter size-large is-resized\"><img loading=\"lazy\" decoding=\"async\" src=\"https:\/\/jornalfatosenoticias.com.br\/wp-content\/uploads\/2020\/02\/casa-do-torresmo_portal.jpg\" alt=\"\" class=\"wp-image-34472\" width=\"285\" height=\"285\" srcset=\"https:\/\/jornalfatosenoticias.com.br\/wp-content\/uploads\/2020\/02\/casa-do-torresmo_portal.jpg 300w, https:\/\/jornalfatosenoticias.com.br\/wp-content\/uploads\/2020\/02\/casa-do-torresmo_portal-150x150.jpg 150w\" sizes=\"auto, (max-width: 285px) 100vw, 285px\" \/><\/figure><\/div>\n\n\n\n<hr class=\"wp-block-separator\"\/>\n","protected":false},"excerpt":{"rendered":"<p>Depois de a ministra da Igualdade Racial, Anielle Franco, encampar uma batalha contra a express\u00e3o \u201cburaco negro\u201d, \u00e9 a vez de a ministra do Meio Ambiente, Marina Silva, se insurgir contra uma combina\u00e7\u00e3o de palavras alegadamente racista. Foi durante audi\u00eancia da CPI das ONGs na segunda-feira (27), na qual Marina repreendeu o presidente da comiss\u00e3o, [&hellip;]<\/p>\n","protected":false},"author":3,"featured_media":47356,"comment_status":"open","ping_status":"open","sticky":false,"template":"","format":"standard","meta":{"footnotes":""},"categories":[10],"tags":[18622,13469,17819,305,294,19192],"class_list":["post-47350","post","type-post","status-publish","format-standard","has-post-thumbnail","hentry","category-politica","tag-flavio-dino","tag-greve","tag-marina-silva","tag-sao-paulo","tag-stf","tag-tarcisio-de-freitas"],"yoast_head":"<!-- This site is optimized with the Yoast SEO plugin v26.5 - https:\/\/yoast.com\/wordpress\/plugins\/seo\/ -->\n<title>A Semana em Bras\u00edlia e no ES \u2014 Marina Silva contra a caixa-preta - Jornal Fatos e Not\u00edcias<\/title>\n<meta name=\"robots\" content=\"index, follow, max-snippet:-1, max-image-preview:large, max-video-preview:-1\" \/>\n<link rel=\"canonical\" href=\"https:\/\/jornalfatosenoticias.com.br\/index.php\/2023\/11\/30\/a-semana-em-brasilia-e-no-es-marina-silva-contra-a-caixa-preta\/\" \/>\n<meta property=\"og:locale\" content=\"pt_BR\" \/>\n<meta property=\"og:type\" content=\"article\" \/>\n<meta property=\"og:title\" content=\"A Semana em Bras\u00edlia e no ES \u2014 Marina Silva contra a caixa-preta - Jornal Fatos e Not\u00edcias\" \/>\n<meta property=\"og:description\" content=\"Depois de a ministra da Igualdade Racial, Anielle Franco, encampar uma batalha contra a express\u00e3o \u201cburaco negro\u201d, \u00e9 a vez de a ministra do Meio Ambiente, Marina Silva, se insurgir contra uma combina\u00e7\u00e3o de palavras alegadamente racista. Foi durante audi\u00eancia da CPI das ONGs na segunda-feira (27), na qual Marina repreendeu o presidente da comiss\u00e3o, [&hellip;]\" \/>\n<meta property=\"og:url\" content=\"https:\/\/jornalfatosenoticias.com.br\/index.php\/2023\/11\/30\/a-semana-em-brasilia-e-no-es-marina-silva-contra-a-caixa-preta\/\" \/>\n<meta property=\"og:site_name\" content=\"Jornal Fatos e Not\u00edcias\" \/>\n<meta property=\"article:published_time\" content=\"2023-11-30T20:09:32+00:00\" \/>\n<meta property=\"article:modified_time\" content=\"2023-11-30T20:09:35+00:00\" \/>\n<meta property=\"og:image\" content=\"https:\/\/jornalfatosenoticias.com.br\/wp-content\/uploads\/2023\/11\/MARINA-PRETO-NAO.jpg\" \/>\n\t<meta property=\"og:image:width\" content=\"1000\" \/>\n\t<meta property=\"og:image:height\" content=\"607\" \/>\n\t<meta property=\"og:image:type\" content=\"image\/jpeg\" \/>\n<meta name=\"author\" content=\"Haroldo Filho\" \/>\n<meta name=\"twitter:card\" content=\"summary_large_image\" \/>\n<meta name=\"twitter:label1\" content=\"Escrito por\" \/>\n\t<meta name=\"twitter:data1\" content=\"Haroldo Filho\" \/>\n\t<meta name=\"twitter:label2\" content=\"Est. tempo de leitura\" \/>\n\t<meta name=\"twitter:data2\" content=\"9 minutos\" \/>\n<script type=\"application\/ld+json\" class=\"yoast-schema-graph\">{\"@context\":\"https:\/\/schema.org\",\"@graph\":[{\"@type\":\"Article\",\"@id\":\"https:\/\/jornalfatosenoticias.com.br\/index.php\/2023\/11\/30\/a-semana-em-brasilia-e-no-es-marina-silva-contra-a-caixa-preta\/#article\",\"isPartOf\":{\"@id\":\"https:\/\/jornalfatosenoticias.com.br\/index.php\/2023\/11\/30\/a-semana-em-brasilia-e-no-es-marina-silva-contra-a-caixa-preta\/\"},\"author\":{\"name\":\"Haroldo Filho\",\"@id\":\"https:\/\/jornalfatosenoticias.com.br\/#\/schema\/person\/05c46cc25b42a5c27e004fb0fa6b4965\"},\"headline\":\"A Semana em Bras\u00edlia e no ES \u2014 Marina Silva contra a caixa-preta\",\"datePublished\":\"2023-11-30T20:09:32+00:00\",\"dateModified\":\"2023-11-30T20:09:35+00:00\",\"mainEntityOfPage\":{\"@id\":\"https:\/\/jornalfatosenoticias.com.br\/index.php\/2023\/11\/30\/a-semana-em-brasilia-e-no-es-marina-silva-contra-a-caixa-preta\/\"},\"wordCount\":1771,\"commentCount\":0,\"publisher\":{\"@id\":\"https:\/\/jornalfatosenoticias.com.br\/#organization\"},\"image\":{\"@id\":\"https:\/\/jornalfatosenoticias.com.br\/index.php\/2023\/11\/30\/a-semana-em-brasilia-e-no-es-marina-silva-contra-a-caixa-preta\/#primaryimage\"},\"thumbnailUrl\":\"https:\/\/jornalfatosenoticias.com.br\/wp-content\/uploads\/2023\/11\/MARINA-PRETO-NAO.jpg\",\"keywords\":[\"Fl\u00e1vio Dino\",\"greve\",\"Marina Silva\",\"S\u00e3o Paulo\",\"STF\",\"Tarc\u00edsio de Freitas\"],\"articleSection\":[\"Pol\u00edtica\"],\"inLanguage\":\"pt-BR\",\"potentialAction\":[{\"@type\":\"CommentAction\",\"name\":\"Comment\",\"target\":[\"https:\/\/jornalfatosenoticias.com.br\/index.php\/2023\/11\/30\/a-semana-em-brasilia-e-no-es-marina-silva-contra-a-caixa-preta\/#respond\"]}]},{\"@type\":\"WebPage\",\"@id\":\"https:\/\/jornalfatosenoticias.com.br\/index.php\/2023\/11\/30\/a-semana-em-brasilia-e-no-es-marina-silva-contra-a-caixa-preta\/\",\"url\":\"https:\/\/jornalfatosenoticias.com.br\/index.php\/2023\/11\/30\/a-semana-em-brasilia-e-no-es-marina-silva-contra-a-caixa-preta\/\",\"name\":\"A Semana em Bras\u00edlia e no ES \u2014 Marina Silva contra a caixa-preta - Jornal Fatos e Not\u00edcias\",\"isPartOf\":{\"@id\":\"https:\/\/jornalfatosenoticias.com.br\/#website\"},\"primaryImageOfPage\":{\"@id\":\"https:\/\/jornalfatosenoticias.com.br\/index.php\/2023\/11\/30\/a-semana-em-brasilia-e-no-es-marina-silva-contra-a-caixa-preta\/#primaryimage\"},\"image\":{\"@id\":\"https:\/\/jornalfatosenoticias.com.br\/index.php\/2023\/11\/30\/a-semana-em-brasilia-e-no-es-marina-silva-contra-a-caixa-preta\/#primaryimage\"},\"thumbnailUrl\":\"https:\/\/jornalfatosenoticias.com.br\/wp-content\/uploads\/2023\/11\/MARINA-PRETO-NAO.jpg\",\"datePublished\":\"2023-11-30T20:09:32+00:00\",\"dateModified\":\"2023-11-30T20:09:35+00:00\",\"breadcrumb\":{\"@id\":\"https:\/\/jornalfatosenoticias.com.br\/index.php\/2023\/11\/30\/a-semana-em-brasilia-e-no-es-marina-silva-contra-a-caixa-preta\/#breadcrumb\"},\"inLanguage\":\"pt-BR\",\"potentialAction\":[{\"@type\":\"ReadAction\",\"target\":[\"https:\/\/jornalfatosenoticias.com.br\/index.php\/2023\/11\/30\/a-semana-em-brasilia-e-no-es-marina-silva-contra-a-caixa-preta\/\"]}]},{\"@type\":\"ImageObject\",\"inLanguage\":\"pt-BR\",\"@id\":\"https:\/\/jornalfatosenoticias.com.br\/index.php\/2023\/11\/30\/a-semana-em-brasilia-e-no-es-marina-silva-contra-a-caixa-preta\/#primaryimage\",\"url\":\"https:\/\/jornalfatosenoticias.com.br\/wp-content\/uploads\/2023\/11\/MARINA-PRETO-NAO.jpg\",\"contentUrl\":\"https:\/\/jornalfatosenoticias.com.br\/wp-content\/uploads\/2023\/11\/MARINA-PRETO-NAO.jpg\",\"width\":1000,\"height\":607},{\"@type\":\"BreadcrumbList\",\"@id\":\"https:\/\/jornalfatosenoticias.com.br\/index.php\/2023\/11\/30\/a-semana-em-brasilia-e-no-es-marina-silva-contra-a-caixa-preta\/#breadcrumb\",\"itemListElement\":[{\"@type\":\"ListItem\",\"position\":1,\"name\":\"In\u00edcio\",\"item\":\"https:\/\/jornalfatosenoticias.com.br\/\"},{\"@type\":\"ListItem\",\"position\":2,\"name\":\"A Semana em Bras\u00edlia e no ES \u2014 Marina Silva contra a caixa-preta\"}]},{\"@type\":\"WebSite\",\"@id\":\"https:\/\/jornalfatosenoticias.com.br\/#website\",\"url\":\"https:\/\/jornalfatosenoticias.com.br\/\",\"name\":\"Jornal Fatos e Not\u00edcias\",\"description\":\"Not\u00edcias em geral\",\"publisher\":{\"@id\":\"https:\/\/jornalfatosenoticias.com.br\/#organization\"},\"potentialAction\":[{\"@type\":\"SearchAction\",\"target\":{\"@type\":\"EntryPoint\",\"urlTemplate\":\"https:\/\/jornalfatosenoticias.com.br\/?s={search_term_string}\"},\"query-input\":{\"@type\":\"PropertyValueSpecification\",\"valueRequired\":true,\"valueName\":\"search_term_string\"}}],\"inLanguage\":\"pt-BR\"},{\"@type\":\"Organization\",\"@id\":\"https:\/\/jornalfatosenoticias.com.br\/#organization\",\"name\":\"Jornal Fatos e Not\u00edcias\",\"url\":\"https:\/\/jornalfatosenoticias.com.br\/\",\"logo\":{\"@type\":\"ImageObject\",\"inLanguage\":\"pt-BR\",\"@id\":\"https:\/\/jornalfatosenoticias.com.br\/#\/schema\/logo\/image\/\",\"url\":\"https:\/\/jornalfatosenoticias.com.br\/wp-content\/uploads\/2020\/02\/logo120.png\",\"contentUrl\":\"https:\/\/jornalfatosenoticias.com.br\/wp-content\/uploads\/2020\/02\/logo120.png\",\"width\":1227,\"height\":120,\"caption\":\"Jornal Fatos e Not\u00edcias\"},\"image\":{\"@id\":\"https:\/\/jornalfatosenoticias.com.br\/#\/schema\/logo\/image\/\"}},{\"@type\":\"Person\",\"@id\":\"https:\/\/jornalfatosenoticias.com.br\/#\/schema\/person\/05c46cc25b42a5c27e004fb0fa6b4965\",\"name\":\"Haroldo Filho\",\"image\":{\"@type\":\"ImageObject\",\"inLanguage\":\"pt-BR\",\"@id\":\"https:\/\/jornalfatosenoticias.com.br\/#\/schema\/person\/image\/\",\"url\":\"https:\/\/jornalfatosenoticias.com.br\/wp-content\/uploads\/2025\/08\/WhatsApp-Image-2025-08-18-at-15.30.28-150x150.jpeg\",\"contentUrl\":\"https:\/\/jornalfatosenoticias.com.br\/wp-content\/uploads\/2025\/08\/WhatsApp-Image-2025-08-18-at-15.30.28-150x150.jpeg\",\"caption\":\"Haroldo Filho\"},\"description\":\"Jornalista \u2013 DRT: 0003818\/ES Coordenador-geral da ONG Educar para Crescer\",\"url\":\"https:\/\/jornalfatosenoticias.com.br\/index.php\/author\/haroldo\/\"}]}<\/script>\n<!-- \/ Yoast SEO plugin. -->","yoast_head_json":{"title":"A Semana em Bras\u00edlia e no ES \u2014 Marina Silva contra a caixa-preta - Jornal Fatos e Not\u00edcias","robots":{"index":"index","follow":"follow","max-snippet":"max-snippet:-1","max-image-preview":"max-image-preview:large","max-video-preview":"max-video-preview:-1"},"canonical":"https:\/\/jornalfatosenoticias.com.br\/index.php\/2023\/11\/30\/a-semana-em-brasilia-e-no-es-marina-silva-contra-a-caixa-preta\/","og_locale":"pt_BR","og_type":"article","og_title":"A Semana em Bras\u00edlia e no ES \u2014 Marina Silva contra a caixa-preta - Jornal Fatos e Not\u00edcias","og_description":"Depois de a ministra da Igualdade Racial, Anielle Franco, encampar uma batalha contra a express\u00e3o \u201cburaco negro\u201d, \u00e9 a vez de a ministra do Meio Ambiente, Marina Silva, se insurgir contra uma combina\u00e7\u00e3o de palavras alegadamente racista. Foi durante audi\u00eancia da CPI das ONGs na segunda-feira (27), na qual Marina repreendeu o presidente da comiss\u00e3o, [&hellip;]","og_url":"https:\/\/jornalfatosenoticias.com.br\/index.php\/2023\/11\/30\/a-semana-em-brasilia-e-no-es-marina-silva-contra-a-caixa-preta\/","og_site_name":"Jornal Fatos e Not\u00edcias","article_published_time":"2023-11-30T20:09:32+00:00","article_modified_time":"2023-11-30T20:09:35+00:00","og_image":[{"width":1000,"height":607,"url":"https:\/\/jornalfatosenoticias.com.br\/wp-content\/uploads\/2023\/11\/MARINA-PRETO-NAO.jpg","type":"image\/jpeg"}],"author":"Haroldo Filho","twitter_card":"summary_large_image","twitter_misc":{"Escrito por":"Haroldo Filho","Est. tempo de leitura":"9 minutos"},"schema":{"@context":"https:\/\/schema.org","@graph":[{"@type":"Article","@id":"https:\/\/jornalfatosenoticias.com.br\/index.php\/2023\/11\/30\/a-semana-em-brasilia-e-no-es-marina-silva-contra-a-caixa-preta\/#article","isPartOf":{"@id":"https:\/\/jornalfatosenoticias.com.br\/index.php\/2023\/11\/30\/a-semana-em-brasilia-e-no-es-marina-silva-contra-a-caixa-preta\/"},"author":{"name":"Haroldo Filho","@id":"https:\/\/jornalfatosenoticias.com.br\/#\/schema\/person\/05c46cc25b42a5c27e004fb0fa6b4965"},"headline":"A Semana em Bras\u00edlia e no ES \u2014 Marina Silva contra a caixa-preta","datePublished":"2023-11-30T20:09:32+00:00","dateModified":"2023-11-30T20:09:35+00:00","mainEntityOfPage":{"@id":"https:\/\/jornalfatosenoticias.com.br\/index.php\/2023\/11\/30\/a-semana-em-brasilia-e-no-es-marina-silva-contra-a-caixa-preta\/"},"wordCount":1771,"commentCount":0,"publisher":{"@id":"https:\/\/jornalfatosenoticias.com.br\/#organization"},"image":{"@id":"https:\/\/jornalfatosenoticias.com.br\/index.php\/2023\/11\/30\/a-semana-em-brasilia-e-no-es-marina-silva-contra-a-caixa-preta\/#primaryimage"},"thumbnailUrl":"https:\/\/jornalfatosenoticias.com.br\/wp-content\/uploads\/2023\/11\/MARINA-PRETO-NAO.jpg","keywords":["Fl\u00e1vio Dino","greve","Marina Silva","S\u00e3o Paulo","STF","Tarc\u00edsio de Freitas"],"articleSection":["Pol\u00edtica"],"inLanguage":"pt-BR","potentialAction":[{"@type":"CommentAction","name":"Comment","target":["https:\/\/jornalfatosenoticias.com.br\/index.php\/2023\/11\/30\/a-semana-em-brasilia-e-no-es-marina-silva-contra-a-caixa-preta\/#respond"]}]},{"@type":"WebPage","@id":"https:\/\/jornalfatosenoticias.com.br\/index.php\/2023\/11\/30\/a-semana-em-brasilia-e-no-es-marina-silva-contra-a-caixa-preta\/","url":"https:\/\/jornalfatosenoticias.com.br\/index.php\/2023\/11\/30\/a-semana-em-brasilia-e-no-es-marina-silva-contra-a-caixa-preta\/","name":"A Semana em Bras\u00edlia e no ES \u2014 Marina Silva contra a caixa-preta - Jornal Fatos e Not\u00edcias","isPartOf":{"@id":"https:\/\/jornalfatosenoticias.com.br\/#website"},"primaryImageOfPage":{"@id":"https:\/\/jornalfatosenoticias.com.br\/index.php\/2023\/11\/30\/a-semana-em-brasilia-e-no-es-marina-silva-contra-a-caixa-preta\/#primaryimage"},"image":{"@id":"https:\/\/jornalfatosenoticias.com.br\/index.php\/2023\/11\/30\/a-semana-em-brasilia-e-no-es-marina-silva-contra-a-caixa-preta\/#primaryimage"},"thumbnailUrl":"https:\/\/jornalfatosenoticias.com.br\/wp-content\/uploads\/2023\/11\/MARINA-PRETO-NAO.jpg","datePublished":"2023-11-30T20:09:32+00:00","dateModified":"2023-11-30T20:09:35+00:00","breadcrumb":{"@id":"https:\/\/jornalfatosenoticias.com.br\/index.php\/2023\/11\/30\/a-semana-em-brasilia-e-no-es-marina-silva-contra-a-caixa-preta\/#breadcrumb"},"inLanguage":"pt-BR","potentialAction":[{"@type":"ReadAction","target":["https:\/\/jornalfatosenoticias.com.br\/index.php\/2023\/11\/30\/a-semana-em-brasilia-e-no-es-marina-silva-contra-a-caixa-preta\/"]}]},{"@type":"ImageObject","inLanguage":"pt-BR","@id":"https:\/\/jornalfatosenoticias.com.br\/index.php\/2023\/11\/30\/a-semana-em-brasilia-e-no-es-marina-silva-contra-a-caixa-preta\/#primaryimage","url":"https:\/\/jornalfatosenoticias.com.br\/wp-content\/uploads\/2023\/11\/MARINA-PRETO-NAO.jpg","contentUrl":"https:\/\/jornalfatosenoticias.com.br\/wp-content\/uploads\/2023\/11\/MARINA-PRETO-NAO.jpg","width":1000,"height":607},{"@type":"BreadcrumbList","@id":"https:\/\/jornalfatosenoticias.com.br\/index.php\/2023\/11\/30\/a-semana-em-brasilia-e-no-es-marina-silva-contra-a-caixa-preta\/#breadcrumb","itemListElement":[{"@type":"ListItem","position":1,"name":"In\u00edcio","item":"https:\/\/jornalfatosenoticias.com.br\/"},{"@type":"ListItem","position":2,"name":"A Semana em Bras\u00edlia e no ES \u2014 Marina Silva contra a caixa-preta"}]},{"@type":"WebSite","@id":"https:\/\/jornalfatosenoticias.com.br\/#website","url":"https:\/\/jornalfatosenoticias.com.br\/","name":"Jornal Fatos e Not\u00edcias","description":"Not\u00edcias em geral","publisher":{"@id":"https:\/\/jornalfatosenoticias.com.br\/#organization"},"potentialAction":[{"@type":"SearchAction","target":{"@type":"EntryPoint","urlTemplate":"https:\/\/jornalfatosenoticias.com.br\/?s={search_term_string}"},"query-input":{"@type":"PropertyValueSpecification","valueRequired":true,"valueName":"search_term_string"}}],"inLanguage":"pt-BR"},{"@type":"Organization","@id":"https:\/\/jornalfatosenoticias.com.br\/#organization","name":"Jornal Fatos e Not\u00edcias","url":"https:\/\/jornalfatosenoticias.com.br\/","logo":{"@type":"ImageObject","inLanguage":"pt-BR","@id":"https:\/\/jornalfatosenoticias.com.br\/#\/schema\/logo\/image\/","url":"https:\/\/jornalfatosenoticias.com.br\/wp-content\/uploads\/2020\/02\/logo120.png","contentUrl":"https:\/\/jornalfatosenoticias.com.br\/wp-content\/uploads\/2020\/02\/logo120.png","width":1227,"height":120,"caption":"Jornal Fatos e Not\u00edcias"},"image":{"@id":"https:\/\/jornalfatosenoticias.com.br\/#\/schema\/logo\/image\/"}},{"@type":"Person","@id":"https:\/\/jornalfatosenoticias.com.br\/#\/schema\/person\/05c46cc25b42a5c27e004fb0fa6b4965","name":"Haroldo Filho","image":{"@type":"ImageObject","inLanguage":"pt-BR","@id":"https:\/\/jornalfatosenoticias.com.br\/#\/schema\/person\/image\/","url":"https:\/\/jornalfatosenoticias.com.br\/wp-content\/uploads\/2025\/08\/WhatsApp-Image-2025-08-18-at-15.30.28-150x150.jpeg","contentUrl":"https:\/\/jornalfatosenoticias.com.br\/wp-content\/uploads\/2025\/08\/WhatsApp-Image-2025-08-18-at-15.30.28-150x150.jpeg","caption":"Haroldo Filho"},"description":"Jornalista \u2013 DRT: 0003818\/ES Coordenador-geral da ONG Educar para Crescer","url":"https:\/\/jornalfatosenoticias.com.br\/index.php\/author\/haroldo\/"}]}},"cc_featured_image_caption":{"caption_text":"(Foto: Geraldo Magela\/Ag\u00eancia Senado)","source_text":"","source_url":""},"jetpack_featured_media_url":"https:\/\/jornalfatosenoticias.com.br\/wp-content\/uploads\/2023\/11\/MARINA-PRETO-NAO.jpg","_links":{"self":[{"href":"https:\/\/jornalfatosenoticias.com.br\/index.php\/wp-json\/wp\/v2\/posts\/47350","targetHints":{"allow":["GET"]}}],"collection":[{"href":"https:\/\/jornalfatosenoticias.com.br\/index.php\/wp-json\/wp\/v2\/posts"}],"about":[{"href":"https:\/\/jornalfatosenoticias.com.br\/index.php\/wp-json\/wp\/v2\/types\/post"}],"author":[{"embeddable":true,"href":"https:\/\/jornalfatosenoticias.com.br\/index.php\/wp-json\/wp\/v2\/users\/3"}],"replies":[{"embeddable":true,"href":"https:\/\/jornalfatosenoticias.com.br\/index.php\/wp-json\/wp\/v2\/comments?post=47350"}],"version-history":[{"count":0,"href":"https:\/\/jornalfatosenoticias.com.br\/index.php\/wp-json\/wp\/v2\/posts\/47350\/revisions"}],"wp:featuredmedia":[{"embeddable":true,"href":"https:\/\/jornalfatosenoticias.com.br\/index.php\/wp-json\/wp\/v2\/media\/47356"}],"wp:attachment":[{"href":"https:\/\/jornalfatosenoticias.com.br\/index.php\/wp-json\/wp\/v2\/media?parent=47350"}],"wp:term":[{"taxonomy":"category","embeddable":true,"href":"https:\/\/jornalfatosenoticias.com.br\/index.php\/wp-json\/wp\/v2\/categories?post=47350"},{"taxonomy":"post_tag","embeddable":true,"href":"https:\/\/jornalfatosenoticias.com.br\/index.php\/wp-json\/wp\/v2\/tags?post=47350"}],"curies":[{"name":"wp","href":"https:\/\/api.w.org\/{rel}","templated":true}]}}