{"id":4736,"date":"2020-05-21T19:11:21","date_gmt":"2020-05-21T22:11:21","guid":{"rendered":"https:\/\/jornalfatosenoticias.com.br\/?p=4736"},"modified":"2020-05-21T19:11:27","modified_gmt":"2020-05-21T22:11:27","slug":"desenvolvimento-afetivo-como-nos-tornamos-humanos-parte-vi","status":"publish","type":"post","link":"https:\/\/jornalfatosenoticias.com.br\/index.php\/2020\/05\/21\/desenvolvimento-afetivo-como-nos-tornamos-humanos-parte-vi\/","title":{"rendered":"Desenvolvimento Afetivo, como nos tornamos humanos \u2014 Parte VI"},"content":{"rendered":"\n<h6 class=\"wp-block-heading\"><em>Os \u00edndices apontam para n\u00fameros que variam entre 75% e 85% de casos de abuso sexual intrafamiliar, sendo a maior quantidade de pais, seguidos de padrastos, av\u00f4s, tios, irm\u00e3os mais velhos<\/em><\/h6>\n\n\n\n<p><em>&#8220;Se ningu\u00e9m teve compaix\u00e3o comigo quando eu era crian\u00e7a e precisava de prote\u00e7\u00e3o, n\u00e3o tenho compaix\u00e3o por ningu\u00e9m&#8221;.<\/em><\/p>\n\n\n\n<p><em>&#8220;Se quem devia me ensinar certo e errado, fazia uma coisa mais errada comigo crian\u00e7a, eu \u00e9 que vou dizer o que \u00e9 certo ou errado na vida. Essa hist\u00f3ria de certo e errado n\u00e3o existe&#8221;.<\/em><\/p>\n\n\n\n<p><em>&#8220;Se quem eu confiava e amava me violentava, n\u00e3o confio em ningu\u00e9m&#8221;.<\/em><\/p>\n\n\n\n<p><em>&#8220;Ningu\u00e9m presta&#8221;.<\/em><\/p>\n\n\n\n<p>O sistema do desenvolvimento afetivo \u00e9 afetado desde o abandono do rec\u00e9m-nascido at\u00e9 as atitudes expl\u00edcitas de viol\u00eancia f\u00edsica e sexual recebidas durante a inf\u00e2ncia. A ruptura do v\u00ednculo visceral\/afetivo da m\u00e3e deixa um registro cuja ang\u00fastia de separa\u00e7\u00e3o e falta pode permitir, ou n\u00e3o, uma repara\u00e7\u00e3o no sistema de afetos.<br>N\u00e3o podemos esquecer que o abandono pode ser intrafamiliar, ou seja, uma nega\u00e7\u00e3o de afeto por aquela crian\u00e7a, nega\u00e7\u00e3o parcial ou quase total, consciente ou at\u00e9 inconsciente, que trar\u00e1 a repercuss\u00e3o do sentimento de rejei\u00e7\u00e3o para aquela crian\u00e7a. S\u00e3o in\u00fameras as formas de disfarce da rejei\u00e7\u00e3o. At\u00e9 mesmo quando o afeto se transforma em higieniza\u00e7\u00e3o excessiva, ou exagero de disciplina, ou interdi\u00e7\u00e3o ao colo da m\u00e3e, aus\u00eancia de contato e carinho, naturais e necess\u00e1rios na inf\u00e2ncia.<br>A incapacidade de sentir empatia, de se colocar no lugar do outro \u00e9 uma sequela da aus\u00eancia, da instabilidade ou da viol\u00eancia do afeto. O fator quantitativo, pouco ou nenhum afeto, por exemplo, trar\u00e1 uma altera\u00e7\u00e3o de ordem da car\u00eancia, do pedido continuado. A instabilidade, ou seja, a intermit\u00eancia de afeto fomentar\u00e1 uma inseguran\u00e7a afetiva, uma desconfian\u00e7a, quando recebe tem um medo de n\u00e3o ter no momento seguinte, ent\u00e3o n\u00e3o usufrui do afeto recebido, como que se preparando para uma frustra\u00e7\u00e3o que sempre ocorria na rela\u00e7\u00e3o afetiva preferencial. S\u00e3o crian\u00e7as que sofrem pela falta que aprenderam que sucedia o recebido.<br>Por outro lado, a qualidade do afeto recebido faz tomar outro percurso. Os afetos advindos de viol\u00eancia f\u00edsica e sexual sofridas, como j\u00e1 falei anteriormente, patrocinam a n\u00e3o confian\u00e7a como tra\u00e7o de perfil daquela crian\u00e7a. Este tra\u00e7o, que multiplica exponencialmente a ang\u00fastia do medo ser\u00e1 predominante n\u00e3o apenas nas rela\u00e7\u00f5es de culpa que ficaram impressos na mente, a crian\u00e7a cresce evitando as situa\u00e7\u00f5es relacionais para n\u00e3o sentir aquele medo e aquela culpa, sempre associados, que se segue \u00e0 tentativa de confian\u00e7a no outro.<\/p>\n\n\n\n<figure class=\"wp-block-image size-large\"><img loading=\"lazy\" decoding=\"async\" width=\"1000\" height=\"562\" src=\"https:\/\/jornalfatosenoticias.com.br\/wp-content\/uploads\/2020\/05\/abuso-infantil.jpg\" alt=\"\" class=\"wp-image-4737\" srcset=\"https:\/\/jornalfatosenoticias.com.br\/wp-content\/uploads\/2020\/05\/abuso-infantil.jpg 1000w, https:\/\/jornalfatosenoticias.com.br\/wp-content\/uploads\/2020\/05\/abuso-infantil-300x169.jpg 300w, https:\/\/jornalfatosenoticias.com.br\/wp-content\/uploads\/2020\/05\/abuso-infantil-768x432.jpg 768w\" sizes=\"auto, (max-width: 1000px) 100vw, 1000px\" \/><figcaption><em>Abuso infantil (Foto: https:\/\/observatorio3setor.org.br\/)<\/em><\/figcaption><\/figure>\n\n\n\n<p>Nos casos de viol\u00eancia f\u00edsica, o estrago pela opress\u00e3o pode alojar aquele indiv\u00edduo numa arena onde h\u00e1 um reducionismo \u00e0s duas posi\u00e7\u00f5es apenas, opressor x oprimido. Enquanto que, no caso da viol\u00eancia sexual, este Poder vem misturado \u00e0 sedu\u00e7\u00e3o, com privil\u00e9gios, amea\u00e7as e muita intimida\u00e7\u00e3o. O pacto do segredo \u00e9 determinante, e, muito dif\u00edcil de ser rompido. Assim, a crian\u00e7a, desde muito pequena, aprende a dissimular, a ocultar o que se passa entre ela e aquele adulto incestuoso.<br>Os \u00edndices apontam para n\u00fameros que variam entre 75% e 85% de casos de abuso sexual intrafamiliar, sendo a maior quantidade de pais, seguidos de padrastos, av\u00f4s, tios, irm\u00e3os mais velhos.<br>Por uma quest\u00e3o de sobreviv\u00eancia ps\u00edquica, a crian\u00e7a segue guardando segredo. O saldo do jogo, que se estabelece diuturnamente, &#8220;ser enganado x enganar os outros&#8221;, alimenta, tamb\u00e9m diuturnamente, a culpa e o desprezo por si mesmo.<br>A crian\u00e7a que \u00e9 abusada continuamente por algu\u00e9m que ama e obedece, pessoa de refer\u00eancia para ela, sentir\u00e1 uma mistura de constrangimento e triunfo em rela\u00e7\u00e3o \u00e0s outras pessoas de refer\u00eancia.<br>A autoimagem passa, portanto, a habitar a sombra de se ver como uma enganadora. Ela engana a m\u00e3e, a professora, a av\u00f3. Seu compromisso com a oculta\u00e7\u00e3o da autoria dos abusos torna-se a base de sua autoestima degradada, que este indiv\u00edduo carregar\u00e1 como um fardo.<\/p>\n","protected":false},"excerpt":{"rendered":"<p>Os \u00edndices apontam para n\u00fameros que variam entre 75% e 85% de casos de abuso sexual intrafamiliar, sendo a maior quantidade de pais, seguidos de padrastos, av\u00f4s, tios, irm\u00e3os mais velhos &#8220;Se ningu\u00e9m teve compaix\u00e3o comigo quando eu era crian\u00e7a e precisava de prote\u00e7\u00e3o, n\u00e3o tenho compaix\u00e3o por ningu\u00e9m&#8221;. &#8220;Se quem devia me ensinar certo [&hellip;]<\/p>\n","protected":false},"author":8,"featured_media":4738,"comment_status":"open","ping_status":"open","sticky":false,"template":"","format":"standard","meta":{"footnotes":""},"categories":[2522],"tags":[1040,2768,422,2001,2657,1557,2797],"class_list":["post-4736","post","type-post","status-publish","format-standard","has-post-thumbnail","hentry","category-comportamento","tag-abuso-infantil","tag-abuso-sexual","tag-crime","tag-culpa","tag-dor","tag-medo","tag-relacoes-intrafamiliar"],"yoast_head":"<!-- This site is optimized with the Yoast SEO plugin v26.5 - https:\/\/yoast.com\/wordpress\/plugins\/seo\/ -->\n<title>Desenvolvimento Afetivo, como nos tornamos humanos \u2014 Parte VI - Jornal Fatos e Not\u00edcias<\/title>\n<meta name=\"robots\" content=\"index, follow, max-snippet:-1, max-image-preview:large, max-video-preview:-1\" \/>\n<link rel=\"canonical\" href=\"https:\/\/jornalfatosenoticias.com.br\/index.php\/2020\/05\/21\/desenvolvimento-afetivo-como-nos-tornamos-humanos-parte-vi\/\" \/>\n<meta property=\"og:locale\" content=\"pt_BR\" \/>\n<meta property=\"og:type\" content=\"article\" \/>\n<meta property=\"og:title\" content=\"Desenvolvimento Afetivo, como nos tornamos humanos \u2014 Parte VI - Jornal Fatos e Not\u00edcias\" \/>\n<meta property=\"og:description\" content=\"Os \u00edndices apontam para n\u00fameros que variam entre 75% e 85% de casos de abuso sexual intrafamiliar, sendo a maior quantidade de pais, seguidos de padrastos, av\u00f4s, tios, irm\u00e3os mais velhos &#8220;Se ningu\u00e9m teve compaix\u00e3o comigo quando eu era crian\u00e7a e precisava de prote\u00e7\u00e3o, n\u00e3o tenho compaix\u00e3o por ningu\u00e9m&#8221;. &#8220;Se quem devia me ensinar certo [&hellip;]\" \/>\n<meta property=\"og:url\" content=\"https:\/\/jornalfatosenoticias.com.br\/index.php\/2020\/05\/21\/desenvolvimento-afetivo-como-nos-tornamos-humanos-parte-vi\/\" \/>\n<meta property=\"og:site_name\" content=\"Jornal Fatos e Not\u00edcias\" \/>\n<meta property=\"article:published_time\" content=\"2020-05-21T22:11:21+00:00\" \/>\n<meta property=\"article:modified_time\" content=\"2020-05-21T22:11:27+00:00\" \/>\n<meta property=\"og:image\" content=\"https:\/\/jornalfatosenoticias.com.br\/wp-content\/uploads\/2020\/05\/ABUSO-SEXUAL.png\" \/>\n\t<meta property=\"og:image:width\" content=\"996\" \/>\n\t<meta property=\"og:image:height\" content=\"585\" \/>\n\t<meta property=\"og:image:type\" content=\"image\/png\" \/>\n<meta name=\"author\" content=\"Ana Maria Iencarelli\" \/>\n<meta name=\"twitter:card\" content=\"summary_large_image\" \/>\n<meta name=\"twitter:label1\" content=\"Escrito por\" \/>\n\t<meta name=\"twitter:data1\" content=\"Ana Maria Iencarelli\" \/>\n\t<meta name=\"twitter:label2\" content=\"Est. tempo de leitura\" \/>\n\t<meta name=\"twitter:data2\" content=\"4 minutos\" \/>\n<script type=\"application\/ld+json\" class=\"yoast-schema-graph\">{\"@context\":\"https:\/\/schema.org\",\"@graph\":[{\"@type\":\"Article\",\"@id\":\"https:\/\/jornalfatosenoticias.com.br\/index.php\/2020\/05\/21\/desenvolvimento-afetivo-como-nos-tornamos-humanos-parte-vi\/#article\",\"isPartOf\":{\"@id\":\"https:\/\/jornalfatosenoticias.com.br\/index.php\/2020\/05\/21\/desenvolvimento-afetivo-como-nos-tornamos-humanos-parte-vi\/\"},\"author\":{\"name\":\"Ana Maria Iencarelli\",\"@id\":\"https:\/\/jornalfatosenoticias.com.br\/#\/schema\/person\/c33fcf5fb02d729d3fec92c6737a22d1\"},\"headline\":\"Desenvolvimento Afetivo, como nos tornamos humanos \u2014 Parte VI\",\"datePublished\":\"2020-05-21T22:11:21+00:00\",\"dateModified\":\"2020-05-21T22:11:27+00:00\",\"mainEntityOfPage\":{\"@id\":\"https:\/\/jornalfatosenoticias.com.br\/index.php\/2020\/05\/21\/desenvolvimento-afetivo-como-nos-tornamos-humanos-parte-vi\/\"},\"wordCount\":734,\"commentCount\":0,\"publisher\":{\"@id\":\"https:\/\/jornalfatosenoticias.com.br\/#organization\"},\"image\":{\"@id\":\"https:\/\/jornalfatosenoticias.com.br\/index.php\/2020\/05\/21\/desenvolvimento-afetivo-como-nos-tornamos-humanos-parte-vi\/#primaryimage\"},\"thumbnailUrl\":\"https:\/\/jornalfatosenoticias.com.br\/wp-content\/uploads\/2020\/05\/ABUSO-SEXUAL.png\",\"keywords\":[\"abuso infantil\",\"abuso sexual\",\"crime\",\"culpa\",\"dor\",\"medo\",\"rela\u00e7\u00f5es intrafamiliar\"],\"articleSection\":[\"Comportamento &amp; Equil\u00edbrio\"],\"inLanguage\":\"pt-BR\",\"potentialAction\":[{\"@type\":\"CommentAction\",\"name\":\"Comment\",\"target\":[\"https:\/\/jornalfatosenoticias.com.br\/index.php\/2020\/05\/21\/desenvolvimento-afetivo-como-nos-tornamos-humanos-parte-vi\/#respond\"]}]},{\"@type\":\"WebPage\",\"@id\":\"https:\/\/jornalfatosenoticias.com.br\/index.php\/2020\/05\/21\/desenvolvimento-afetivo-como-nos-tornamos-humanos-parte-vi\/\",\"url\":\"https:\/\/jornalfatosenoticias.com.br\/index.php\/2020\/05\/21\/desenvolvimento-afetivo-como-nos-tornamos-humanos-parte-vi\/\",\"name\":\"Desenvolvimento Afetivo, como nos tornamos humanos \u2014 Parte VI - Jornal Fatos e Not\u00edcias\",\"isPartOf\":{\"@id\":\"https:\/\/jornalfatosenoticias.com.br\/#website\"},\"primaryImageOfPage\":{\"@id\":\"https:\/\/jornalfatosenoticias.com.br\/index.php\/2020\/05\/21\/desenvolvimento-afetivo-como-nos-tornamos-humanos-parte-vi\/#primaryimage\"},\"image\":{\"@id\":\"https:\/\/jornalfatosenoticias.com.br\/index.php\/2020\/05\/21\/desenvolvimento-afetivo-como-nos-tornamos-humanos-parte-vi\/#primaryimage\"},\"thumbnailUrl\":\"https:\/\/jornalfatosenoticias.com.br\/wp-content\/uploads\/2020\/05\/ABUSO-SEXUAL.png\",\"datePublished\":\"2020-05-21T22:11:21+00:00\",\"dateModified\":\"2020-05-21T22:11:27+00:00\",\"breadcrumb\":{\"@id\":\"https:\/\/jornalfatosenoticias.com.br\/index.php\/2020\/05\/21\/desenvolvimento-afetivo-como-nos-tornamos-humanos-parte-vi\/#breadcrumb\"},\"inLanguage\":\"pt-BR\",\"potentialAction\":[{\"@type\":\"ReadAction\",\"target\":[\"https:\/\/jornalfatosenoticias.com.br\/index.php\/2020\/05\/21\/desenvolvimento-afetivo-como-nos-tornamos-humanos-parte-vi\/\"]}]},{\"@type\":\"ImageObject\",\"inLanguage\":\"pt-BR\",\"@id\":\"https:\/\/jornalfatosenoticias.com.br\/index.php\/2020\/05\/21\/desenvolvimento-afetivo-como-nos-tornamos-humanos-parte-vi\/#primaryimage\",\"url\":\"https:\/\/jornalfatosenoticias.com.br\/wp-content\/uploads\/2020\/05\/ABUSO-SEXUAL.png\",\"contentUrl\":\"https:\/\/jornalfatosenoticias.com.br\/wp-content\/uploads\/2020\/05\/ABUSO-SEXUAL.png\",\"width\":996,\"height\":585},{\"@type\":\"BreadcrumbList\",\"@id\":\"https:\/\/jornalfatosenoticias.com.br\/index.php\/2020\/05\/21\/desenvolvimento-afetivo-como-nos-tornamos-humanos-parte-vi\/#breadcrumb\",\"itemListElement\":[{\"@type\":\"ListItem\",\"position\":1,\"name\":\"In\u00edcio\",\"item\":\"https:\/\/jornalfatosenoticias.com.br\/\"},{\"@type\":\"ListItem\",\"position\":2,\"name\":\"Desenvolvimento Afetivo, como nos tornamos humanos \u2014 Parte VI\"}]},{\"@type\":\"WebSite\",\"@id\":\"https:\/\/jornalfatosenoticias.com.br\/#website\",\"url\":\"https:\/\/jornalfatosenoticias.com.br\/\",\"name\":\"Jornal Fatos e Not\u00edcias\",\"description\":\"Not\u00edcias em geral\",\"publisher\":{\"@id\":\"https:\/\/jornalfatosenoticias.com.br\/#organization\"},\"potentialAction\":[{\"@type\":\"SearchAction\",\"target\":{\"@type\":\"EntryPoint\",\"urlTemplate\":\"https:\/\/jornalfatosenoticias.com.br\/?s={search_term_string}\"},\"query-input\":{\"@type\":\"PropertyValueSpecification\",\"valueRequired\":true,\"valueName\":\"search_term_string\"}}],\"inLanguage\":\"pt-BR\"},{\"@type\":\"Organization\",\"@id\":\"https:\/\/jornalfatosenoticias.com.br\/#organization\",\"name\":\"Jornal Fatos e Not\u00edcias\",\"url\":\"https:\/\/jornalfatosenoticias.com.br\/\",\"logo\":{\"@type\":\"ImageObject\",\"inLanguage\":\"pt-BR\",\"@id\":\"https:\/\/jornalfatosenoticias.com.br\/#\/schema\/logo\/image\/\",\"url\":\"https:\/\/jornalfatosenoticias.com.br\/wp-content\/uploads\/2020\/02\/logo120.png\",\"contentUrl\":\"https:\/\/jornalfatosenoticias.com.br\/wp-content\/uploads\/2020\/02\/logo120.png\",\"width\":1227,\"height\":120,\"caption\":\"Jornal Fatos e Not\u00edcias\"},\"image\":{\"@id\":\"https:\/\/jornalfatosenoticias.com.br\/#\/schema\/logo\/image\/\"}},{\"@type\":\"Person\",\"@id\":\"https:\/\/jornalfatosenoticias.com.br\/#\/schema\/person\/c33fcf5fb02d729d3fec92c6737a22d1\",\"name\":\"Ana Maria Iencarelli\",\"image\":{\"@type\":\"ImageObject\",\"inLanguage\":\"pt-BR\",\"@id\":\"https:\/\/jornalfatosenoticias.com.br\/#\/schema\/person\/image\/\",\"url\":\"https:\/\/jornalfatosenoticias.com.br\/wp-content\/uploads\/2020\/02\/Ana-Maria-Iencarelli-1-150x150.jpg\",\"contentUrl\":\"https:\/\/jornalfatosenoticias.com.br\/wp-content\/uploads\/2020\/02\/Ana-Maria-Iencarelli-1-150x150.jpg\",\"caption\":\"Ana Maria Iencarelli\"},\"description\":\"Psicanalista Cl\u00ednica, especializada no atendimento a Crian\u00e7as e Adolescentes. Presidente da ONG Vozes de Anjos.\",\"url\":\"https:\/\/jornalfatosenoticias.com.br\/index.php\/author\/anamaria\/\"}]}<\/script>\n<!-- \/ Yoast SEO plugin. -->","yoast_head_json":{"title":"Desenvolvimento Afetivo, como nos tornamos humanos \u2014 Parte VI - Jornal Fatos e Not\u00edcias","robots":{"index":"index","follow":"follow","max-snippet":"max-snippet:-1","max-image-preview":"max-image-preview:large","max-video-preview":"max-video-preview:-1"},"canonical":"https:\/\/jornalfatosenoticias.com.br\/index.php\/2020\/05\/21\/desenvolvimento-afetivo-como-nos-tornamos-humanos-parte-vi\/","og_locale":"pt_BR","og_type":"article","og_title":"Desenvolvimento Afetivo, como nos tornamos humanos \u2014 Parte VI - Jornal Fatos e Not\u00edcias","og_description":"Os \u00edndices apontam para n\u00fameros que variam entre 75% e 85% de casos de abuso sexual intrafamiliar, sendo a maior quantidade de pais, seguidos de padrastos, av\u00f4s, tios, irm\u00e3os mais velhos &#8220;Se ningu\u00e9m teve compaix\u00e3o comigo quando eu era crian\u00e7a e precisava de prote\u00e7\u00e3o, n\u00e3o tenho compaix\u00e3o por ningu\u00e9m&#8221;. &#8220;Se quem devia me ensinar certo [&hellip;]","og_url":"https:\/\/jornalfatosenoticias.com.br\/index.php\/2020\/05\/21\/desenvolvimento-afetivo-como-nos-tornamos-humanos-parte-vi\/","og_site_name":"Jornal Fatos e Not\u00edcias","article_published_time":"2020-05-21T22:11:21+00:00","article_modified_time":"2020-05-21T22:11:27+00:00","og_image":[{"width":996,"height":585,"url":"https:\/\/jornalfatosenoticias.com.br\/wp-content\/uploads\/2020\/05\/ABUSO-SEXUAL.png","type":"image\/png"}],"author":"Ana Maria Iencarelli","twitter_card":"summary_large_image","twitter_misc":{"Escrito por":"Ana Maria Iencarelli","Est. tempo de leitura":"4 minutos"},"schema":{"@context":"https:\/\/schema.org","@graph":[{"@type":"Article","@id":"https:\/\/jornalfatosenoticias.com.br\/index.php\/2020\/05\/21\/desenvolvimento-afetivo-como-nos-tornamos-humanos-parte-vi\/#article","isPartOf":{"@id":"https:\/\/jornalfatosenoticias.com.br\/index.php\/2020\/05\/21\/desenvolvimento-afetivo-como-nos-tornamos-humanos-parte-vi\/"},"author":{"name":"Ana Maria Iencarelli","@id":"https:\/\/jornalfatosenoticias.com.br\/#\/schema\/person\/c33fcf5fb02d729d3fec92c6737a22d1"},"headline":"Desenvolvimento Afetivo, como nos tornamos humanos \u2014 Parte VI","datePublished":"2020-05-21T22:11:21+00:00","dateModified":"2020-05-21T22:11:27+00:00","mainEntityOfPage":{"@id":"https:\/\/jornalfatosenoticias.com.br\/index.php\/2020\/05\/21\/desenvolvimento-afetivo-como-nos-tornamos-humanos-parte-vi\/"},"wordCount":734,"commentCount":0,"publisher":{"@id":"https:\/\/jornalfatosenoticias.com.br\/#organization"},"image":{"@id":"https:\/\/jornalfatosenoticias.com.br\/index.php\/2020\/05\/21\/desenvolvimento-afetivo-como-nos-tornamos-humanos-parte-vi\/#primaryimage"},"thumbnailUrl":"https:\/\/jornalfatosenoticias.com.br\/wp-content\/uploads\/2020\/05\/ABUSO-SEXUAL.png","keywords":["abuso infantil","abuso sexual","crime","culpa","dor","medo","rela\u00e7\u00f5es intrafamiliar"],"articleSection":["Comportamento &amp; Equil\u00edbrio"],"inLanguage":"pt-BR","potentialAction":[{"@type":"CommentAction","name":"Comment","target":["https:\/\/jornalfatosenoticias.com.br\/index.php\/2020\/05\/21\/desenvolvimento-afetivo-como-nos-tornamos-humanos-parte-vi\/#respond"]}]},{"@type":"WebPage","@id":"https:\/\/jornalfatosenoticias.com.br\/index.php\/2020\/05\/21\/desenvolvimento-afetivo-como-nos-tornamos-humanos-parte-vi\/","url":"https:\/\/jornalfatosenoticias.com.br\/index.php\/2020\/05\/21\/desenvolvimento-afetivo-como-nos-tornamos-humanos-parte-vi\/","name":"Desenvolvimento Afetivo, como nos tornamos humanos \u2014 Parte VI - Jornal Fatos e Not\u00edcias","isPartOf":{"@id":"https:\/\/jornalfatosenoticias.com.br\/#website"},"primaryImageOfPage":{"@id":"https:\/\/jornalfatosenoticias.com.br\/index.php\/2020\/05\/21\/desenvolvimento-afetivo-como-nos-tornamos-humanos-parte-vi\/#primaryimage"},"image":{"@id":"https:\/\/jornalfatosenoticias.com.br\/index.php\/2020\/05\/21\/desenvolvimento-afetivo-como-nos-tornamos-humanos-parte-vi\/#primaryimage"},"thumbnailUrl":"https:\/\/jornalfatosenoticias.com.br\/wp-content\/uploads\/2020\/05\/ABUSO-SEXUAL.png","datePublished":"2020-05-21T22:11:21+00:00","dateModified":"2020-05-21T22:11:27+00:00","breadcrumb":{"@id":"https:\/\/jornalfatosenoticias.com.br\/index.php\/2020\/05\/21\/desenvolvimento-afetivo-como-nos-tornamos-humanos-parte-vi\/#breadcrumb"},"inLanguage":"pt-BR","potentialAction":[{"@type":"ReadAction","target":["https:\/\/jornalfatosenoticias.com.br\/index.php\/2020\/05\/21\/desenvolvimento-afetivo-como-nos-tornamos-humanos-parte-vi\/"]}]},{"@type":"ImageObject","inLanguage":"pt-BR","@id":"https:\/\/jornalfatosenoticias.com.br\/index.php\/2020\/05\/21\/desenvolvimento-afetivo-como-nos-tornamos-humanos-parte-vi\/#primaryimage","url":"https:\/\/jornalfatosenoticias.com.br\/wp-content\/uploads\/2020\/05\/ABUSO-SEXUAL.png","contentUrl":"https:\/\/jornalfatosenoticias.com.br\/wp-content\/uploads\/2020\/05\/ABUSO-SEXUAL.png","width":996,"height":585},{"@type":"BreadcrumbList","@id":"https:\/\/jornalfatosenoticias.com.br\/index.php\/2020\/05\/21\/desenvolvimento-afetivo-como-nos-tornamos-humanos-parte-vi\/#breadcrumb","itemListElement":[{"@type":"ListItem","position":1,"name":"In\u00edcio","item":"https:\/\/jornalfatosenoticias.com.br\/"},{"@type":"ListItem","position":2,"name":"Desenvolvimento Afetivo, como nos tornamos humanos \u2014 Parte VI"}]},{"@type":"WebSite","@id":"https:\/\/jornalfatosenoticias.com.br\/#website","url":"https:\/\/jornalfatosenoticias.com.br\/","name":"Jornal Fatos e Not\u00edcias","description":"Not\u00edcias em geral","publisher":{"@id":"https:\/\/jornalfatosenoticias.com.br\/#organization"},"potentialAction":[{"@type":"SearchAction","target":{"@type":"EntryPoint","urlTemplate":"https:\/\/jornalfatosenoticias.com.br\/?s={search_term_string}"},"query-input":{"@type":"PropertyValueSpecification","valueRequired":true,"valueName":"search_term_string"}}],"inLanguage":"pt-BR"},{"@type":"Organization","@id":"https:\/\/jornalfatosenoticias.com.br\/#organization","name":"Jornal Fatos e Not\u00edcias","url":"https:\/\/jornalfatosenoticias.com.br\/","logo":{"@type":"ImageObject","inLanguage":"pt-BR","@id":"https:\/\/jornalfatosenoticias.com.br\/#\/schema\/logo\/image\/","url":"https:\/\/jornalfatosenoticias.com.br\/wp-content\/uploads\/2020\/02\/logo120.png","contentUrl":"https:\/\/jornalfatosenoticias.com.br\/wp-content\/uploads\/2020\/02\/logo120.png","width":1227,"height":120,"caption":"Jornal Fatos e Not\u00edcias"},"image":{"@id":"https:\/\/jornalfatosenoticias.com.br\/#\/schema\/logo\/image\/"}},{"@type":"Person","@id":"https:\/\/jornalfatosenoticias.com.br\/#\/schema\/person\/c33fcf5fb02d729d3fec92c6737a22d1","name":"Ana Maria Iencarelli","image":{"@type":"ImageObject","inLanguage":"pt-BR","@id":"https:\/\/jornalfatosenoticias.com.br\/#\/schema\/person\/image\/","url":"https:\/\/jornalfatosenoticias.com.br\/wp-content\/uploads\/2020\/02\/Ana-Maria-Iencarelli-1-150x150.jpg","contentUrl":"https:\/\/jornalfatosenoticias.com.br\/wp-content\/uploads\/2020\/02\/Ana-Maria-Iencarelli-1-150x150.jpg","caption":"Ana Maria Iencarelli"},"description":"Psicanalista Cl\u00ednica, especializada no atendimento a Crian\u00e7as e Adolescentes. Presidente da ONG Vozes de Anjos.","url":"https:\/\/jornalfatosenoticias.com.br\/index.php\/author\/anamaria\/"}]}},"cc_featured_image_caption":{"caption_text":"(Foto: https:\/\/www.childhood.org.br\/)","source_text":"","source_url":""},"jetpack_featured_media_url":"https:\/\/jornalfatosenoticias.com.br\/wp-content\/uploads\/2020\/05\/ABUSO-SEXUAL.png","_links":{"self":[{"href":"https:\/\/jornalfatosenoticias.com.br\/index.php\/wp-json\/wp\/v2\/posts\/4736","targetHints":{"allow":["GET"]}}],"collection":[{"href":"https:\/\/jornalfatosenoticias.com.br\/index.php\/wp-json\/wp\/v2\/posts"}],"about":[{"href":"https:\/\/jornalfatosenoticias.com.br\/index.php\/wp-json\/wp\/v2\/types\/post"}],"author":[{"embeddable":true,"href":"https:\/\/jornalfatosenoticias.com.br\/index.php\/wp-json\/wp\/v2\/users\/8"}],"replies":[{"embeddable":true,"href":"https:\/\/jornalfatosenoticias.com.br\/index.php\/wp-json\/wp\/v2\/comments?post=4736"}],"version-history":[{"count":0,"href":"https:\/\/jornalfatosenoticias.com.br\/index.php\/wp-json\/wp\/v2\/posts\/4736\/revisions"}],"wp:featuredmedia":[{"embeddable":true,"href":"https:\/\/jornalfatosenoticias.com.br\/index.php\/wp-json\/wp\/v2\/media\/4738"}],"wp:attachment":[{"href":"https:\/\/jornalfatosenoticias.com.br\/index.php\/wp-json\/wp\/v2\/media?parent=4736"}],"wp:term":[{"taxonomy":"category","embeddable":true,"href":"https:\/\/jornalfatosenoticias.com.br\/index.php\/wp-json\/wp\/v2\/categories?post=4736"},{"taxonomy":"post_tag","embeddable":true,"href":"https:\/\/jornalfatosenoticias.com.br\/index.php\/wp-json\/wp\/v2\/tags?post=4736"}],"curies":[{"name":"wp","href":"https:\/\/api.w.org\/{rel}","templated":true}]}}