{"id":47378,"date":"2023-11-30T18:14:36","date_gmt":"2023-11-30T21:14:36","guid":{"rendered":"https:\/\/jornalfatosenoticias.com.br\/?p=47378"},"modified":"2023-11-30T18:14:37","modified_gmt":"2023-11-30T21:14:37","slug":"criancas-brilham-em-espetaculo-sobre-o-meio-ambiente","status":"publish","type":"post","link":"https:\/\/jornalfatosenoticias.com.br\/index.php\/2023\/11\/30\/criancas-brilham-em-espetaculo-sobre-o-meio-ambiente\/","title":{"rendered":"Crian\u00e7as brilham em espet\u00e1culo sobre o meio ambiente"},"content":{"rendered":"\n<p><span class=\"has-inline-color has-black-color\">Por <strong>Lu\u00eds Oliveira<\/strong><\/span><\/p>\n\n\n\n<div class=\"wp-block-image\"><figure class=\"aligncenter size-large\"><img loading=\"lazy\" decoding=\"async\" width=\"1024\" height=\"109\" src=\"https:\/\/jornalfatosenoticias.com.br\/wp-content\/uploads\/2020\/02\/Propaganda-RC-Radiadores-Jornal_page-0001-1024x109.jpg\" alt=\"\" class=\"wp-image-35278\" srcset=\"https:\/\/jornalfatosenoticias.com.br\/wp-content\/uploads\/2020\/02\/Propaganda-RC-Radiadores-Jornal_page-0001-1024x109.jpg 1024w, https:\/\/jornalfatosenoticias.com.br\/wp-content\/uploads\/2020\/02\/Propaganda-RC-Radiadores-Jornal_page-0001-300x32.jpg 300w, https:\/\/jornalfatosenoticias.com.br\/wp-content\/uploads\/2020\/02\/Propaganda-RC-Radiadores-Jornal_page-0001-768x82.jpg 768w, https:\/\/jornalfatosenoticias.com.br\/wp-content\/uploads\/2020\/02\/Propaganda-RC-Radiadores-Jornal_page-0001.jpg 1220w\" sizes=\"auto, (max-width: 1024px) 100vw, 1024px\" \/><\/figure><\/div>\n\n\n\n<p>Emo\u00e7\u00e3o e realiza\u00e7\u00e3o. Na manh\u00e3 da \u00faltima ter\u00e7a-feira (28), a centen\u00e1ria Casa da M\u00fasica S\u00f4nia Cabral, s\u00edmbolo da produ\u00e7\u00e3o cultural capixaba, abriu suas portas para um espet\u00e1culo m\u00e1gico e repleto de encanto protagonizado pelas crian\u00e7as do Centro Municipal de Educa\u00e7\u00e3o Infantil em Tempo Integral (Cmei TI) Menino Jesus, localizado no Centro de Vit\u00f3ria. Sob o t\u00edtulo &#8220;Abar\u00e9s da Natureza&#8221;, o evento foi uma celebra\u00e7\u00e3o da imagina\u00e7\u00e3o e da conex\u00e3o entre a crian\u00e7a e o meio ambiente.<br>O palco estava pronto, as cortinas vermelhas tremulavam ansiosas, e as fam\u00edlias presentes mal podiam conter a emo\u00e7\u00e3o. Quando as cortinas se abriram, revelando os pequenos artistas vestidos \u00e0 car\u00e1ter, a plateia foi tomada por um sentimento de orgulho e alegria. Os olhares brilhantes das crian\u00e7as refletiam a expectativa e a alegria de compartilhar o fruto de semanas de ensaios dedicados.<\/p>\n\n\n\n<div class=\"wp-block-image\"><figure class=\"aligncenter size-large\"><img loading=\"lazy\" decoding=\"async\" width=\"800\" height=\"533\" src=\"https:\/\/jornalfatosenoticias.com.br\/wp-content\/uploads\/2023\/11\/ESPETACULO-MEIO-AMBIENTE.jpg\" alt=\"\" class=\"wp-image-47379\" srcset=\"https:\/\/jornalfatosenoticias.com.br\/wp-content\/uploads\/2023\/11\/ESPETACULO-MEIO-AMBIENTE.jpg 800w, https:\/\/jornalfatosenoticias.com.br\/wp-content\/uploads\/2023\/11\/ESPETACULO-MEIO-AMBIENTE-300x200.jpg 300w, https:\/\/jornalfatosenoticias.com.br\/wp-content\/uploads\/2023\/11\/ESPETACULO-MEIO-AMBIENTE-768x512.jpg 768w\" sizes=\"auto, (max-width: 800px) 100vw, 800px\" \/><figcaption><em><span class=\"has-inline-color has-black-color\"> Espet\u00e1culo Art\u00edstico Abar\u00e9s da Natureza (Foto: Leonardo Silveira\/PMV)<\/span><\/em><\/figcaption><\/figure><\/div>\n\n\n\n<div class=\"wp-block-image\"><figure class=\"aligncenter size-large is-resized\"><img loading=\"lazy\" decoding=\"async\" src=\"https:\/\/jornalfatosenoticias.com.br\/wp-content\/uploads\/2023\/07\/lacremoda.jpg\" alt=\"\" class=\"wp-image-43706\" width=\"338\" height=\"189\" srcset=\"https:\/\/jornalfatosenoticias.com.br\/wp-content\/uploads\/2023\/07\/lacremoda.jpg 1024w, https:\/\/jornalfatosenoticias.com.br\/wp-content\/uploads\/2023\/07\/lacremoda-300x168.jpg 300w, https:\/\/jornalfatosenoticias.com.br\/wp-content\/uploads\/2023\/07\/lacremoda-768x431.jpg 768w\" sizes=\"auto, (max-width: 338px) 100vw, 338px\" \/><\/figure><\/div>\n\n\n\n<p>O repert\u00f3rio foi uma verdadeira viagem sonora e visual. As crian\u00e7as entoaram can\u00e7\u00f5es como &#8220;O Girassol&#8221;, &#8220;Os Passarinhos Voam&#8221;, &#8220;Amigo Estou Aqui&#8221; e &#8220;Lindo Bal\u00e3o Azul&#8221;, levando o p\u00fablico a um universo de do\u00e7ura e leveza. Al\u00e9m das m\u00fasicas, o espet\u00e1culo contou com uma encena\u00e7\u00e3o dramatizada \u00fanica.<br>A sinopse do espet\u00e1culo transportou os presentes para uma jornada fant\u00e1stica, onde uma ind\u00edgena e um astronauta se encontram e embarcam em uma viagem extraordin\u00e1ria pelo planeta Terra, pela gal\u00e1xia e pelo mundo da imagina\u00e7\u00e3o. O convite especial foi para que todos os presentes vissem a beleza do planeta, das estrelas no c\u00e9u, cuidassem do meio ambiente e se tornassem verdadeiros &#8220;Abar\u00e9s da Natureza&#8221;.<\/p>\n\n\n\n<div class=\"wp-block-image\"><figure class=\"aligncenter size-large\"><img loading=\"lazy\" decoding=\"async\" width=\"800\" height=\"533\" src=\"https:\/\/jornalfatosenoticias.com.br\/wp-content\/uploads\/2023\/11\/ESPETACULO-MEIO-AMBIENTE3.jpg\" alt=\"\" class=\"wp-image-47380\" srcset=\"https:\/\/jornalfatosenoticias.com.br\/wp-content\/uploads\/2023\/11\/ESPETACULO-MEIO-AMBIENTE3.jpg 800w, https:\/\/jornalfatosenoticias.com.br\/wp-content\/uploads\/2023\/11\/ESPETACULO-MEIO-AMBIENTE3-300x200.jpg 300w, https:\/\/jornalfatosenoticias.com.br\/wp-content\/uploads\/2023\/11\/ESPETACULO-MEIO-AMBIENTE3-768x512.jpg 768w\" sizes=\"auto, (max-width: 800px) 100vw, 800px\" \/><figcaption><em><span class=\"has-inline-color has-black-color\">Espet\u00e1culo Art\u00edstico Abar\u00e9s da Natureza (Foto: Leonardo Silveira\/PMV)<\/span><\/em><\/figcaption><\/figure><\/div>\n\n\n\n<p>Esse espet\u00e1culo encantador \u00e9 resultado do projeto institucional do Cmei TI neste ano, intitulado &#8220;Abar\u00e9s da Natureza&#8221;, cujo nome em tupi-guarani significa &#8220;amigos&#8221;. O projeto nasceu a partir da escuta atenta \u00e0s falas das crian\u00e7as em um minif\u00f3rum realizado no segundo semestre de 2022. Os objetivos foram tra\u00e7ados no in\u00edcio do ano letivo de 2023, sempre considerando as crian\u00e7as como protagonistas e guiando-se pelos caminhos mais interessantes que elas apontavam.<\/p>\n\n\n\n<div class=\"wp-block-image\"><figure class=\"aligncenter size-large\"><img decoding=\"async\" src=\"https:\/\/jornalfatosenoticias.com.br\/wp-content\/uploads\/2020\/02\/logo_esteio.jpg\" alt=\"\" class=\"wp-image-1214\"\/><\/figure><\/div>\n\n\n\n<p>&#8220;Neste ano, nossas crian\u00e7as foram convidadas a se aventurarem e descobrirem os segredos do c\u00e9u, da terra e do mar. Andaram pelos parques e pra\u00e7as da nossa cidade, visitaram museus e projetos, ocuparam palcos, viraram praticamente &#8220;s\u00f3cios&#8221; da biblioteca municipal. Assim, chegamos nessa culmin\u00e2ncia, que \u00e9 um pequeno recorte de tudo que eles viveram&#8221;, explicou a diretora da unidade de ensino, Fernanda Moraes.<\/p>\n\n\n\n<div class=\"wp-block-image\"><figure class=\"aligncenter size-large is-resized\"><img loading=\"lazy\" decoding=\"async\" src=\"https:\/\/jornalfatosenoticias.com.br\/wp-content\/uploads\/2022\/02\/Precisao-Contabilidade-1024x724.jpg\" alt=\"\" class=\"wp-image-28088\" width=\"323\" height=\"228\"\/><\/figure><\/div>\n\n\n\n<p><strong><em>Fonte: <a href=\"https:\/\/www.vitoria.es.gov.br\/noticia\/abares-da-natureza-criancas-brilham-em-espetaculo-sobre-o-meio-ambiente-49357\">PMV<\/a><\/em><\/strong><\/p>\n","protected":false},"excerpt":{"rendered":"<p>Por Lu\u00eds Oliveira Emo\u00e7\u00e3o e realiza\u00e7\u00e3o. Na manh\u00e3 da \u00faltima ter\u00e7a-feira (28), a centen\u00e1ria Casa da M\u00fasica S\u00f4nia Cabral, s\u00edmbolo da produ\u00e7\u00e3o cultural capixaba, abriu suas portas para um espet\u00e1culo m\u00e1gico e repleto de encanto protagonizado pelas crian\u00e7as do Centro Municipal de Educa\u00e7\u00e3o Infantil em Tempo Integral (Cmei TI) Menino Jesus, localizado no Centro de [&hellip;]<\/p>\n","protected":false},"author":2,"featured_media":47381,"comment_status":"open","ping_status":"open","sticky":false,"template":"","format":"standard","meta":{"footnotes":""},"categories":[7,8],"tags":[670,345,8769,945],"class_list":["post-47378","post","type-post","status-publish","format-standard","has-post-thumbnail","hentry","category-educacao","category-meio-ambiente","tag-criancas","tag-educacao","tag-espetaculo","tag-meio-ambiente"],"yoast_head":"<!-- This site is optimized with the Yoast SEO plugin v26.5 - https:\/\/yoast.com\/wordpress\/plugins\/seo\/ -->\n<title>Crian\u00e7as brilham em espet\u00e1culo sobre o meio ambiente - Jornal Fatos e Not\u00edcias<\/title>\n<meta name=\"robots\" content=\"index, follow, max-snippet:-1, max-image-preview:large, max-video-preview:-1\" \/>\n<link rel=\"canonical\" href=\"https:\/\/jornalfatosenoticias.com.br\/index.php\/2023\/11\/30\/criancas-brilham-em-espetaculo-sobre-o-meio-ambiente\/\" \/>\n<meta property=\"og:locale\" content=\"pt_BR\" \/>\n<meta property=\"og:type\" content=\"article\" \/>\n<meta property=\"og:title\" content=\"Crian\u00e7as brilham em espet\u00e1culo sobre o meio ambiente - Jornal Fatos e Not\u00edcias\" \/>\n<meta property=\"og:description\" content=\"Por Lu\u00eds Oliveira Emo\u00e7\u00e3o e realiza\u00e7\u00e3o. Na manh\u00e3 da \u00faltima ter\u00e7a-feira (28), a centen\u00e1ria Casa da M\u00fasica S\u00f4nia Cabral, s\u00edmbolo da produ\u00e7\u00e3o cultural capixaba, abriu suas portas para um espet\u00e1culo m\u00e1gico e repleto de encanto protagonizado pelas crian\u00e7as do Centro Municipal de Educa\u00e7\u00e3o Infantil em Tempo Integral (Cmei TI) Menino Jesus, localizado no Centro de [&hellip;]\" \/>\n<meta property=\"og:url\" content=\"https:\/\/jornalfatosenoticias.com.br\/index.php\/2023\/11\/30\/criancas-brilham-em-espetaculo-sobre-o-meio-ambiente\/\" \/>\n<meta property=\"og:site_name\" content=\"Jornal Fatos e Not\u00edcias\" \/>\n<meta property=\"article:published_time\" content=\"2023-11-30T21:14:36+00:00\" \/>\n<meta property=\"article:modified_time\" content=\"2023-11-30T21:14:37+00:00\" \/>\n<meta property=\"og:image\" content=\"https:\/\/jornalfatosenoticias.com.br\/wp-content\/uploads\/2023\/11\/ESPETACULO-MEIO-AMBIENTE2.jpg\" \/>\n\t<meta property=\"og:image:width\" content=\"800\" \/>\n\t<meta property=\"og:image:height\" content=\"533\" \/>\n\t<meta property=\"og:image:type\" content=\"image\/jpeg\" \/>\n<meta name=\"author\" content=\"Luzimara Fernandes\" \/>\n<meta name=\"twitter:card\" content=\"summary_large_image\" \/>\n<meta name=\"twitter:label1\" content=\"Escrito por\" \/>\n\t<meta name=\"twitter:data1\" content=\"Luzimara Fernandes\" \/>\n\t<meta name=\"twitter:label2\" content=\"Est. tempo de leitura\" \/>\n\t<meta name=\"twitter:data2\" content=\"2 minutos\" \/>\n<script type=\"application\/ld+json\" class=\"yoast-schema-graph\">{\"@context\":\"https:\/\/schema.org\",\"@graph\":[{\"@type\":\"Article\",\"@id\":\"https:\/\/jornalfatosenoticias.com.br\/index.php\/2023\/11\/30\/criancas-brilham-em-espetaculo-sobre-o-meio-ambiente\/#article\",\"isPartOf\":{\"@id\":\"https:\/\/jornalfatosenoticias.com.br\/index.php\/2023\/11\/30\/criancas-brilham-em-espetaculo-sobre-o-meio-ambiente\/\"},\"author\":{\"name\":\"Luzimara Fernandes\",\"@id\":\"https:\/\/jornalfatosenoticias.com.br\/#\/schema\/person\/d63837fa13ac8666eb9e74e0985d6f81\"},\"headline\":\"Crian\u00e7as brilham em espet\u00e1culo sobre o meio ambiente\",\"datePublished\":\"2023-11-30T21:14:36+00:00\",\"dateModified\":\"2023-11-30T21:14:37+00:00\",\"mainEntityOfPage\":{\"@id\":\"https:\/\/jornalfatosenoticias.com.br\/index.php\/2023\/11\/30\/criancas-brilham-em-espetaculo-sobre-o-meio-ambiente\/\"},\"wordCount\":468,\"commentCount\":0,\"publisher\":{\"@id\":\"https:\/\/jornalfatosenoticias.com.br\/#organization\"},\"image\":{\"@id\":\"https:\/\/jornalfatosenoticias.com.br\/index.php\/2023\/11\/30\/criancas-brilham-em-espetaculo-sobre-o-meio-ambiente\/#primaryimage\"},\"thumbnailUrl\":\"https:\/\/jornalfatosenoticias.com.br\/wp-content\/uploads\/2023\/11\/ESPETACULO-MEIO-AMBIENTE2.jpg\",\"keywords\":[\"crian\u00e7as\",\"educa\u00e7\u00e3o\",\"espet\u00e1culo\",\"meio ambiente\"],\"articleSection\":[\"Educa\u00e7\u00e3o\",\"Meio ambiente\"],\"inLanguage\":\"pt-BR\",\"potentialAction\":[{\"@type\":\"CommentAction\",\"name\":\"Comment\",\"target\":[\"https:\/\/jornalfatosenoticias.com.br\/index.php\/2023\/11\/30\/criancas-brilham-em-espetaculo-sobre-o-meio-ambiente\/#respond\"]}]},{\"@type\":\"WebPage\",\"@id\":\"https:\/\/jornalfatosenoticias.com.br\/index.php\/2023\/11\/30\/criancas-brilham-em-espetaculo-sobre-o-meio-ambiente\/\",\"url\":\"https:\/\/jornalfatosenoticias.com.br\/index.php\/2023\/11\/30\/criancas-brilham-em-espetaculo-sobre-o-meio-ambiente\/\",\"name\":\"Crian\u00e7as brilham em espet\u00e1culo sobre o meio ambiente - Jornal Fatos e Not\u00edcias\",\"isPartOf\":{\"@id\":\"https:\/\/jornalfatosenoticias.com.br\/#website\"},\"primaryImageOfPage\":{\"@id\":\"https:\/\/jornalfatosenoticias.com.br\/index.php\/2023\/11\/30\/criancas-brilham-em-espetaculo-sobre-o-meio-ambiente\/#primaryimage\"},\"image\":{\"@id\":\"https:\/\/jornalfatosenoticias.com.br\/index.php\/2023\/11\/30\/criancas-brilham-em-espetaculo-sobre-o-meio-ambiente\/#primaryimage\"},\"thumbnailUrl\":\"https:\/\/jornalfatosenoticias.com.br\/wp-content\/uploads\/2023\/11\/ESPETACULO-MEIO-AMBIENTE2.jpg\",\"datePublished\":\"2023-11-30T21:14:36+00:00\",\"dateModified\":\"2023-11-30T21:14:37+00:00\",\"breadcrumb\":{\"@id\":\"https:\/\/jornalfatosenoticias.com.br\/index.php\/2023\/11\/30\/criancas-brilham-em-espetaculo-sobre-o-meio-ambiente\/#breadcrumb\"},\"inLanguage\":\"pt-BR\",\"potentialAction\":[{\"@type\":\"ReadAction\",\"target\":[\"https:\/\/jornalfatosenoticias.com.br\/index.php\/2023\/11\/30\/criancas-brilham-em-espetaculo-sobre-o-meio-ambiente\/\"]}]},{\"@type\":\"ImageObject\",\"inLanguage\":\"pt-BR\",\"@id\":\"https:\/\/jornalfatosenoticias.com.br\/index.php\/2023\/11\/30\/criancas-brilham-em-espetaculo-sobre-o-meio-ambiente\/#primaryimage\",\"url\":\"https:\/\/jornalfatosenoticias.com.br\/wp-content\/uploads\/2023\/11\/ESPETACULO-MEIO-AMBIENTE2.jpg\",\"contentUrl\":\"https:\/\/jornalfatosenoticias.com.br\/wp-content\/uploads\/2023\/11\/ESPETACULO-MEIO-AMBIENTE2.jpg\",\"width\":800,\"height\":533,\"caption\":\"SEME - Espet\u00e1culo Art\u00edstico Abar\u00e9s da Natureza\"},{\"@type\":\"BreadcrumbList\",\"@id\":\"https:\/\/jornalfatosenoticias.com.br\/index.php\/2023\/11\/30\/criancas-brilham-em-espetaculo-sobre-o-meio-ambiente\/#breadcrumb\",\"itemListElement\":[{\"@type\":\"ListItem\",\"position\":1,\"name\":\"In\u00edcio\",\"item\":\"https:\/\/jornalfatosenoticias.com.br\/\"},{\"@type\":\"ListItem\",\"position\":2,\"name\":\"Crian\u00e7as brilham em espet\u00e1culo sobre o meio ambiente\"}]},{\"@type\":\"WebSite\",\"@id\":\"https:\/\/jornalfatosenoticias.com.br\/#website\",\"url\":\"https:\/\/jornalfatosenoticias.com.br\/\",\"name\":\"Jornal Fatos e Not\u00edcias\",\"description\":\"Not\u00edcias em geral\",\"publisher\":{\"@id\":\"https:\/\/jornalfatosenoticias.com.br\/#organization\"},\"potentialAction\":[{\"@type\":\"SearchAction\",\"target\":{\"@type\":\"EntryPoint\",\"urlTemplate\":\"https:\/\/jornalfatosenoticias.com.br\/?s={search_term_string}\"},\"query-input\":{\"@type\":\"PropertyValueSpecification\",\"valueRequired\":true,\"valueName\":\"search_term_string\"}}],\"inLanguage\":\"pt-BR\"},{\"@type\":\"Organization\",\"@id\":\"https:\/\/jornalfatosenoticias.com.br\/#organization\",\"name\":\"Jornal Fatos e Not\u00edcias\",\"url\":\"https:\/\/jornalfatosenoticias.com.br\/\",\"logo\":{\"@type\":\"ImageObject\",\"inLanguage\":\"pt-BR\",\"@id\":\"https:\/\/jornalfatosenoticias.com.br\/#\/schema\/logo\/image\/\",\"url\":\"https:\/\/jornalfatosenoticias.com.br\/wp-content\/uploads\/2020\/02\/logo120.png\",\"contentUrl\":\"https:\/\/jornalfatosenoticias.com.br\/wp-content\/uploads\/2020\/02\/logo120.png\",\"width\":1227,\"height\":120,\"caption\":\"Jornal Fatos e Not\u00edcias\"},\"image\":{\"@id\":\"https:\/\/jornalfatosenoticias.com.br\/#\/schema\/logo\/image\/\"}},{\"@type\":\"Person\",\"@id\":\"https:\/\/jornalfatosenoticias.com.br\/#\/schema\/person\/d63837fa13ac8666eb9e74e0985d6f81\",\"name\":\"Luzimara Fernandes\",\"image\":{\"@type\":\"ImageObject\",\"inLanguage\":\"pt-BR\",\"@id\":\"https:\/\/jornalfatosenoticias.com.br\/#\/schema\/person\/image\/\",\"url\":\"https:\/\/jornalfatosenoticias.com.br\/wp-content\/uploads\/2025\/05\/EU_portal.jpg\",\"contentUrl\":\"https:\/\/jornalfatosenoticias.com.br\/wp-content\/uploads\/2025\/05\/EU_portal.jpg\",\"caption\":\"Luzimara Fernandes\"},\"description\":\"Jornalista MTB 2358-ES\",\"sameAs\":[\"https:\/\/jornalfatosenoticias.com.br\"],\"url\":\"https:\/\/jornalfatosenoticias.com.br\/index.php\/author\/luzimara\/\"}]}<\/script>\n<!-- \/ Yoast SEO plugin. -->","yoast_head_json":{"title":"Crian\u00e7as brilham em espet\u00e1culo sobre o meio ambiente - Jornal Fatos e Not\u00edcias","robots":{"index":"index","follow":"follow","max-snippet":"max-snippet:-1","max-image-preview":"max-image-preview:large","max-video-preview":"max-video-preview:-1"},"canonical":"https:\/\/jornalfatosenoticias.com.br\/index.php\/2023\/11\/30\/criancas-brilham-em-espetaculo-sobre-o-meio-ambiente\/","og_locale":"pt_BR","og_type":"article","og_title":"Crian\u00e7as brilham em espet\u00e1culo sobre o meio ambiente - Jornal Fatos e Not\u00edcias","og_description":"Por Lu\u00eds Oliveira Emo\u00e7\u00e3o e realiza\u00e7\u00e3o. Na manh\u00e3 da \u00faltima ter\u00e7a-feira (28), a centen\u00e1ria Casa da M\u00fasica S\u00f4nia Cabral, s\u00edmbolo da produ\u00e7\u00e3o cultural capixaba, abriu suas portas para um espet\u00e1culo m\u00e1gico e repleto de encanto protagonizado pelas crian\u00e7as do Centro Municipal de Educa\u00e7\u00e3o Infantil em Tempo Integral (Cmei TI) Menino Jesus, localizado no Centro de [&hellip;]","og_url":"https:\/\/jornalfatosenoticias.com.br\/index.php\/2023\/11\/30\/criancas-brilham-em-espetaculo-sobre-o-meio-ambiente\/","og_site_name":"Jornal Fatos e Not\u00edcias","article_published_time":"2023-11-30T21:14:36+00:00","article_modified_time":"2023-11-30T21:14:37+00:00","og_image":[{"width":800,"height":533,"url":"https:\/\/jornalfatosenoticias.com.br\/wp-content\/uploads\/2023\/11\/ESPETACULO-MEIO-AMBIENTE2.jpg","type":"image\/jpeg"}],"author":"Luzimara Fernandes","twitter_card":"summary_large_image","twitter_misc":{"Escrito por":"Luzimara Fernandes","Est. tempo de leitura":"2 minutos"},"schema":{"@context":"https:\/\/schema.org","@graph":[{"@type":"Article","@id":"https:\/\/jornalfatosenoticias.com.br\/index.php\/2023\/11\/30\/criancas-brilham-em-espetaculo-sobre-o-meio-ambiente\/#article","isPartOf":{"@id":"https:\/\/jornalfatosenoticias.com.br\/index.php\/2023\/11\/30\/criancas-brilham-em-espetaculo-sobre-o-meio-ambiente\/"},"author":{"name":"Luzimara Fernandes","@id":"https:\/\/jornalfatosenoticias.com.br\/#\/schema\/person\/d63837fa13ac8666eb9e74e0985d6f81"},"headline":"Crian\u00e7as brilham em espet\u00e1culo sobre o meio ambiente","datePublished":"2023-11-30T21:14:36+00:00","dateModified":"2023-11-30T21:14:37+00:00","mainEntityOfPage":{"@id":"https:\/\/jornalfatosenoticias.com.br\/index.php\/2023\/11\/30\/criancas-brilham-em-espetaculo-sobre-o-meio-ambiente\/"},"wordCount":468,"commentCount":0,"publisher":{"@id":"https:\/\/jornalfatosenoticias.com.br\/#organization"},"image":{"@id":"https:\/\/jornalfatosenoticias.com.br\/index.php\/2023\/11\/30\/criancas-brilham-em-espetaculo-sobre-o-meio-ambiente\/#primaryimage"},"thumbnailUrl":"https:\/\/jornalfatosenoticias.com.br\/wp-content\/uploads\/2023\/11\/ESPETACULO-MEIO-AMBIENTE2.jpg","keywords":["crian\u00e7as","educa\u00e7\u00e3o","espet\u00e1culo","meio ambiente"],"articleSection":["Educa\u00e7\u00e3o","Meio ambiente"],"inLanguage":"pt-BR","potentialAction":[{"@type":"CommentAction","name":"Comment","target":["https:\/\/jornalfatosenoticias.com.br\/index.php\/2023\/11\/30\/criancas-brilham-em-espetaculo-sobre-o-meio-ambiente\/#respond"]}]},{"@type":"WebPage","@id":"https:\/\/jornalfatosenoticias.com.br\/index.php\/2023\/11\/30\/criancas-brilham-em-espetaculo-sobre-o-meio-ambiente\/","url":"https:\/\/jornalfatosenoticias.com.br\/index.php\/2023\/11\/30\/criancas-brilham-em-espetaculo-sobre-o-meio-ambiente\/","name":"Crian\u00e7as brilham em espet\u00e1culo sobre o meio ambiente - Jornal Fatos e Not\u00edcias","isPartOf":{"@id":"https:\/\/jornalfatosenoticias.com.br\/#website"},"primaryImageOfPage":{"@id":"https:\/\/jornalfatosenoticias.com.br\/index.php\/2023\/11\/30\/criancas-brilham-em-espetaculo-sobre-o-meio-ambiente\/#primaryimage"},"image":{"@id":"https:\/\/jornalfatosenoticias.com.br\/index.php\/2023\/11\/30\/criancas-brilham-em-espetaculo-sobre-o-meio-ambiente\/#primaryimage"},"thumbnailUrl":"https:\/\/jornalfatosenoticias.com.br\/wp-content\/uploads\/2023\/11\/ESPETACULO-MEIO-AMBIENTE2.jpg","datePublished":"2023-11-30T21:14:36+00:00","dateModified":"2023-11-30T21:14:37+00:00","breadcrumb":{"@id":"https:\/\/jornalfatosenoticias.com.br\/index.php\/2023\/11\/30\/criancas-brilham-em-espetaculo-sobre-o-meio-ambiente\/#breadcrumb"},"inLanguage":"pt-BR","potentialAction":[{"@type":"ReadAction","target":["https:\/\/jornalfatosenoticias.com.br\/index.php\/2023\/11\/30\/criancas-brilham-em-espetaculo-sobre-o-meio-ambiente\/"]}]},{"@type":"ImageObject","inLanguage":"pt-BR","@id":"https:\/\/jornalfatosenoticias.com.br\/index.php\/2023\/11\/30\/criancas-brilham-em-espetaculo-sobre-o-meio-ambiente\/#primaryimage","url":"https:\/\/jornalfatosenoticias.com.br\/wp-content\/uploads\/2023\/11\/ESPETACULO-MEIO-AMBIENTE2.jpg","contentUrl":"https:\/\/jornalfatosenoticias.com.br\/wp-content\/uploads\/2023\/11\/ESPETACULO-MEIO-AMBIENTE2.jpg","width":800,"height":533,"caption":"SEME - Espet\u00e1culo Art\u00edstico Abar\u00e9s da Natureza"},{"@type":"BreadcrumbList","@id":"https:\/\/jornalfatosenoticias.com.br\/index.php\/2023\/11\/30\/criancas-brilham-em-espetaculo-sobre-o-meio-ambiente\/#breadcrumb","itemListElement":[{"@type":"ListItem","position":1,"name":"In\u00edcio","item":"https:\/\/jornalfatosenoticias.com.br\/"},{"@type":"ListItem","position":2,"name":"Crian\u00e7as brilham em espet\u00e1culo sobre o meio ambiente"}]},{"@type":"WebSite","@id":"https:\/\/jornalfatosenoticias.com.br\/#website","url":"https:\/\/jornalfatosenoticias.com.br\/","name":"Jornal Fatos e Not\u00edcias","description":"Not\u00edcias em geral","publisher":{"@id":"https:\/\/jornalfatosenoticias.com.br\/#organization"},"potentialAction":[{"@type":"SearchAction","target":{"@type":"EntryPoint","urlTemplate":"https:\/\/jornalfatosenoticias.com.br\/?s={search_term_string}"},"query-input":{"@type":"PropertyValueSpecification","valueRequired":true,"valueName":"search_term_string"}}],"inLanguage":"pt-BR"},{"@type":"Organization","@id":"https:\/\/jornalfatosenoticias.com.br\/#organization","name":"Jornal Fatos e Not\u00edcias","url":"https:\/\/jornalfatosenoticias.com.br\/","logo":{"@type":"ImageObject","inLanguage":"pt-BR","@id":"https:\/\/jornalfatosenoticias.com.br\/#\/schema\/logo\/image\/","url":"https:\/\/jornalfatosenoticias.com.br\/wp-content\/uploads\/2020\/02\/logo120.png","contentUrl":"https:\/\/jornalfatosenoticias.com.br\/wp-content\/uploads\/2020\/02\/logo120.png","width":1227,"height":120,"caption":"Jornal Fatos e Not\u00edcias"},"image":{"@id":"https:\/\/jornalfatosenoticias.com.br\/#\/schema\/logo\/image\/"}},{"@type":"Person","@id":"https:\/\/jornalfatosenoticias.com.br\/#\/schema\/person\/d63837fa13ac8666eb9e74e0985d6f81","name":"Luzimara Fernandes","image":{"@type":"ImageObject","inLanguage":"pt-BR","@id":"https:\/\/jornalfatosenoticias.com.br\/#\/schema\/person\/image\/","url":"https:\/\/jornalfatosenoticias.com.br\/wp-content\/uploads\/2025\/05\/EU_portal.jpg","contentUrl":"https:\/\/jornalfatosenoticias.com.br\/wp-content\/uploads\/2025\/05\/EU_portal.jpg","caption":"Luzimara Fernandes"},"description":"Jornalista MTB 2358-ES","sameAs":["https:\/\/jornalfatosenoticias.com.br"],"url":"https:\/\/jornalfatosenoticias.com.br\/index.php\/author\/luzimara\/"}]}},"cc_featured_image_caption":{"caption_text":"(Foto: Leonardo Silveira\/PMV) ","source_text":"","source_url":""},"jetpack_featured_media_url":"https:\/\/jornalfatosenoticias.com.br\/wp-content\/uploads\/2023\/11\/ESPETACULO-MEIO-AMBIENTE2.jpg","_links":{"self":[{"href":"https:\/\/jornalfatosenoticias.com.br\/index.php\/wp-json\/wp\/v2\/posts\/47378","targetHints":{"allow":["GET"]}}],"collection":[{"href":"https:\/\/jornalfatosenoticias.com.br\/index.php\/wp-json\/wp\/v2\/posts"}],"about":[{"href":"https:\/\/jornalfatosenoticias.com.br\/index.php\/wp-json\/wp\/v2\/types\/post"}],"author":[{"embeddable":true,"href":"https:\/\/jornalfatosenoticias.com.br\/index.php\/wp-json\/wp\/v2\/users\/2"}],"replies":[{"embeddable":true,"href":"https:\/\/jornalfatosenoticias.com.br\/index.php\/wp-json\/wp\/v2\/comments?post=47378"}],"version-history":[{"count":0,"href":"https:\/\/jornalfatosenoticias.com.br\/index.php\/wp-json\/wp\/v2\/posts\/47378\/revisions"}],"wp:featuredmedia":[{"embeddable":true,"href":"https:\/\/jornalfatosenoticias.com.br\/index.php\/wp-json\/wp\/v2\/media\/47381"}],"wp:attachment":[{"href":"https:\/\/jornalfatosenoticias.com.br\/index.php\/wp-json\/wp\/v2\/media?parent=47378"}],"wp:term":[{"taxonomy":"category","embeddable":true,"href":"https:\/\/jornalfatosenoticias.com.br\/index.php\/wp-json\/wp\/v2\/categories?post=47378"},{"taxonomy":"post_tag","embeddable":true,"href":"https:\/\/jornalfatosenoticias.com.br\/index.php\/wp-json\/wp\/v2\/tags?post=47378"}],"curies":[{"name":"wp","href":"https:\/\/api.w.org\/{rel}","templated":true}]}}