{"id":47435,"date":"2023-12-04T10:14:34","date_gmt":"2023-12-04T13:14:34","guid":{"rendered":"https:\/\/jornalfatosenoticias.com.br\/?p=47435"},"modified":"2023-12-04T10:14:37","modified_gmt":"2023-12-04T13:14:37","slug":"gene-associado-ao-autismo-altera-identidade-das-celulas-cerebrais-diz-estudo","status":"publish","type":"post","link":"https:\/\/jornalfatosenoticias.com.br\/index.php\/2023\/12\/04\/gene-associado-ao-autismo-altera-identidade-das-celulas-cerebrais-diz-estudo\/","title":{"rendered":"Gene associado ao autismo altera identidade das c\u00e9lulas cerebrais, diz estudo"},"content":{"rendered":"\n<p><em><span class=\"has-inline-color has-black-color\">Estudos sobre como os genes contribuem para o transtorno podem ajudar a revolucionar o tratamento para o transtorno do espectro autista<\/span><\/em><\/p>\n\n\n\n<p><span class=\"has-inline-color has-black-color\">Por <strong><a href=\"https:\/\/gizmodo.uol.com.br\/author\/gabriel-andrade\/\">Gabriel Andrade<\/a><\/strong><\/span><\/p>\n\n\n\n<div class=\"wp-block-image\"><figure class=\"aligncenter size-large\"><img loading=\"lazy\" decoding=\"async\" width=\"1024\" height=\"110\" src=\"https:\/\/jornalfatosenoticias.com.br\/wp-content\/uploads\/2022\/10\/Arte-jornal-Zucchi-1120x120_Prancheta-1-1024x110.jpg\" alt=\"\" class=\"wp-image-34772\" srcset=\"https:\/\/jornalfatosenoticias.com.br\/wp-content\/uploads\/2022\/10\/Arte-jornal-Zucchi-1120x120_Prancheta-1-1024x110.jpg 1024w, https:\/\/jornalfatosenoticias.com.br\/wp-content\/uploads\/2022\/10\/Arte-jornal-Zucchi-1120x120_Prancheta-1-300x32.jpg 300w, https:\/\/jornalfatosenoticias.com.br\/wp-content\/uploads\/2022\/10\/Arte-jornal-Zucchi-1120x120_Prancheta-1-768x82.jpg 768w, https:\/\/jornalfatosenoticias.com.br\/wp-content\/uploads\/2022\/10\/Arte-jornal-Zucchi-1120x120_Prancheta-1-1536x165.jpg 1536w, https:\/\/jornalfatosenoticias.com.br\/wp-content\/uploads\/2022\/10\/Arte-jornal-Zucchi-1120x120_Prancheta-1-2048x219.jpg 2048w\" sizes=\"auto, (max-width: 1024px) 100vw, 1024px\" \/><\/figure><\/div>\n\n\n\n<p>Em um estudo inovador, pesquisadores do Centro M\u00e9dico da Universidade do Texas (EUA) revelaram que um gene associado ao transtorno do espectro autista (TEA) desempenha um papel crucial na forma\u00e7\u00e3o da <a href=\"https:\/\/gizmodo.uol.com.br\/novo-aplicativo-detecta-autismo-com-ate-88-de-precisao\/\">identidade<\/a> das c\u00e9lulas no hipocampo do c\u00e9rebro.<br>O hipocampo \u00e9 a parte do c\u00e9rebro envolvida na forma\u00e7\u00e3o de novas mem\u00f3rias e tamb\u00e9m est\u00e1 associado ao aprendizado e \u00e0s emo\u00e7\u00f5es. Os resultados, publicados na revista <em><a href=\"https:\/\/www.science.org\/doi\/10.1126\/sciadv.adi0074\">Science Advances<\/a><\/em>, podem abrir caminho para terapias inovadoras direcionadas aos mecanismos centrais desse prevalente transtorno do neurodesenvolvimento.<\/p>\n\n\n\n<div class=\"wp-block-image\"><figure class=\"aligncenter size-large\"><img decoding=\"async\" src=\"https:\/\/jornalfatosenoticias.com.br\/wp-content\/uploads\/2020\/02\/logo_esteio.jpg\" alt=\"\" class=\"wp-image-1214\"\/><\/figure><\/div>\n\n\n\n<p>Sob a lideran\u00e7a da pesquisadora em neuroci\u00eancia e psiquiatria, Maria Chahrour, a pesquisa lan\u00e7a luz sobre as bases moleculares do TEA, proporcionando uma rara compreens\u00e3o mecanicista do transtorno. N\u00e3o existem dados precisos da preval\u00eancia de autismo no Brasil. O Instituto Brasileiro de Geografia e Estat\u00edstica (IBGE) estima que existam cerca de dois milh\u00f5es de autistas no Pa\u00eds.<\/p>\n\n\n\n<div class=\"wp-block-image\"><figure class=\"aligncenter size-large\"><img decoding=\"async\" src=\"https:\/\/jornalfatosenoticias.com.br\/wp-content\/uploads\/2020\/02\/barao-das-carnes-300x164-1.jpg\" alt=\"\" class=\"wp-image-34339\"\/><\/figure><\/div>\n\n\n\n<p>Chahrour enfatizou a hereditariedade de cerca de 90% nos casos de autismo, conforme sugerido por estudos com g\u00eameos. Ressaltando a import\u00e2ncia de investigar como os genes identificados contribuem para o transtorno.<\/p>\n\n\n\n<p><strong><span class=\"has-inline-color has-vivid-purple-color\">Entenda a pesquisa sobre os genes do autismo<br><\/span><\/strong>Em 2020, a Chahrour e sua equipe identificaram um gene associado ao TEA, chamado KDM5A. Os pacientes com muta\u00e7\u00f5es nesse gene geralmente apresentam sintomas de TEA, como falta de fala, defici\u00eancia intelectual e outros sintomas.<\/p>\n\n\n\n<div class=\"wp-block-image\"><figure class=\"aligncenter size-large is-resized\"><img loading=\"lazy\" decoding=\"async\" src=\"https:\/\/jornalfatosenoticias.com.br\/wp-content\/uploads\/2020\/02\/LOGO-BLU-COMERCIAL-PRETO-1024x600.jpg\" alt=\"\" class=\"wp-image-44089\" width=\"342\" height=\"199\"\/><\/figure><\/div>\n\n\n\n<p>Apesar de saber que o KDM5A codifica um regulador de cromatina \u2014 uma prote\u00edna que afeta como o DNA \u00e9 embalado nas c\u00e9lulas e se outros genes s\u00e3o expressos \u2014 o mecanismo por tr\u00e1s de seu papel no TEA permanecia desconhecido.<br>Usando um camundongo onde o gene KDM5A foi eliminado, os pesquisadores focaram no hipocampo. Usando sequenciamento de RNA, eles analisaram mais de 105.000 n\u00facleos. Assim, descobrindo diferen\u00e7as distintas entre neur\u00f4nios excitat\u00f3rios e inibit\u00f3rios em camundongos com KDM5A e aqueles sem o gene, conhecidos como \u201cknockouts\u201d.<\/p>\n\n\n\n<div class=\"wp-block-image\"><figure class=\"aligncenter size-large is-resized\"><img loading=\"lazy\" decoding=\"async\" src=\"https:\/\/jornalfatosenoticias.com.br\/wp-content\/uploads\/2023\/03\/nova-logo-Marquetti.jpg\" alt=\"\" class=\"wp-image-40207\" width=\"303\" height=\"204\" srcset=\"https:\/\/jornalfatosenoticias.com.br\/wp-content\/uploads\/2023\/03\/nova-logo-Marquetti.jpg 643w, https:\/\/jornalfatosenoticias.com.br\/wp-content\/uploads\/2023\/03\/nova-logo-Marquetti-300x202.jpg 300w\" sizes=\"auto, (max-width: 303px) 100vw, 303px\" \/><\/figure><\/div>\n\n\n\n<p>O estudo demonstrou altera\u00e7\u00f5es em subtipos espec\u00edficos de neur\u00f4nios excitat\u00f3rios e inibit\u00f3rios. Sugerindo que o KDM5A desempenha um papel crucial na determina\u00e7\u00e3o da identidade celular durante o desenvolvimento. Al\u00e9m disso, os camundongos \u201cknockouts\u201d apresentaram mudan\u00e7as na maturidade celular, com ramifica\u00e7\u00f5es anormais observadas no hipocampo, especialmente na regi\u00e3o CA1 crucial para a mem\u00f3ria social. Os desequil\u00edbrios na excita\u00e7\u00e3o e inibi\u00e7\u00e3o, aliados a defeitos no desenvolvimento celular, podem prejudicar os circuitos hipocampais, potencialmente contribuindo para os sintomas do TEA.<\/p>\n\n\n\n<div class=\"wp-block-image\"><figure class=\"aligncenter size-large is-resized\"><img loading=\"lazy\" decoding=\"async\" src=\"https:\/\/jornalfatosenoticias.com.br\/wp-content\/uploads\/2023\/07\/lacremoda.jpg\" alt=\"\" class=\"wp-image-43706\" width=\"375\" height=\"210\" srcset=\"https:\/\/jornalfatosenoticias.com.br\/wp-content\/uploads\/2023\/07\/lacremoda.jpg 1024w, https:\/\/jornalfatosenoticias.com.br\/wp-content\/uploads\/2023\/07\/lacremoda-300x168.jpg 300w, https:\/\/jornalfatosenoticias.com.br\/wp-content\/uploads\/2023\/07\/lacremoda-768x431.jpg 768w\" sizes=\"auto, (max-width: 375px) 100vw, 375px\" \/><\/figure><\/div>\n\n\n\n<p><strong><em>Fonte: <a href=\"https:\/\/gizmodo.uol.com.br\/gene-associado-ao-autismo-altera-identidade-das-celulas-cerebrais-diz-estudo\/\">Giz Brasil<\/a><\/em><\/strong><\/p>\n","protected":false},"excerpt":{"rendered":"<p>Estudos sobre como os genes contribuem para o transtorno podem ajudar a revolucionar o tratamento para o transtorno do espectro autista Por Gabriel Andrade Em um estudo inovador, pesquisadores do Centro M\u00e9dico da Universidade do Texas (EUA) revelaram que um gene associado ao transtorno do espectro autista (TEA) desempenha um papel crucial na forma\u00e7\u00e3o da [&hellip;]<\/p>\n","protected":false},"author":2,"featured_media":47436,"comment_status":"open","ping_status":"open","sticky":false,"template":"","format":"standard","meta":{"footnotes":""},"categories":[11],"tags":[2263,10651,714,2316,10645],"class_list":["post-47435","post","type-post","status-publish","format-standard","has-post-thumbnail","hentry","category-saude","tag-autismo","tag-celulas-cerebrais","tag-estudo","tag-genes","tag-transtorno-do-espectro-autista"],"yoast_head":"<!-- This site is optimized with the Yoast SEO plugin v26.5 - https:\/\/yoast.com\/wordpress\/plugins\/seo\/ -->\n<title>Gene associado ao autismo altera identidade das c\u00e9lulas cerebrais, diz estudo - Jornal Fatos e Not\u00edcias<\/title>\n<meta name=\"robots\" content=\"index, follow, max-snippet:-1, max-image-preview:large, max-video-preview:-1\" \/>\n<link rel=\"canonical\" href=\"https:\/\/jornalfatosenoticias.com.br\/index.php\/2023\/12\/04\/gene-associado-ao-autismo-altera-identidade-das-celulas-cerebrais-diz-estudo\/\" \/>\n<meta property=\"og:locale\" content=\"pt_BR\" \/>\n<meta property=\"og:type\" content=\"article\" \/>\n<meta property=\"og:title\" content=\"Gene associado ao autismo altera identidade das c\u00e9lulas cerebrais, diz estudo - Jornal Fatos e Not\u00edcias\" \/>\n<meta property=\"og:description\" content=\"Estudos sobre como os genes contribuem para o transtorno podem ajudar a revolucionar o tratamento para o transtorno do espectro autista Por Gabriel Andrade Em um estudo inovador, pesquisadores do Centro M\u00e9dico da Universidade do Texas (EUA) revelaram que um gene associado ao transtorno do espectro autista (TEA) desempenha um papel crucial na forma\u00e7\u00e3o da [&hellip;]\" \/>\n<meta property=\"og:url\" content=\"https:\/\/jornalfatosenoticias.com.br\/index.php\/2023\/12\/04\/gene-associado-ao-autismo-altera-identidade-das-celulas-cerebrais-diz-estudo\/\" \/>\n<meta property=\"og:site_name\" content=\"Jornal Fatos e Not\u00edcias\" \/>\n<meta property=\"article:published_time\" content=\"2023-12-04T13:14:34+00:00\" \/>\n<meta property=\"article:modified_time\" content=\"2023-12-04T13:14:37+00:00\" \/>\n<meta property=\"og:image\" content=\"https:\/\/jornalfatosenoticias.com.br\/wp-content\/uploads\/2023\/12\/autismo_istock.jpg\" \/>\n\t<meta property=\"og:image:width\" content=\"612\" \/>\n\t<meta property=\"og:image:height\" content=\"408\" \/>\n\t<meta property=\"og:image:type\" content=\"image\/jpeg\" \/>\n<meta name=\"author\" content=\"Luzimara Fernandes\" \/>\n<meta name=\"twitter:card\" content=\"summary_large_image\" \/>\n<meta name=\"twitter:label1\" content=\"Escrito por\" \/>\n\t<meta name=\"twitter:data1\" content=\"Luzimara Fernandes\" \/>\n\t<meta name=\"twitter:label2\" content=\"Est. tempo de leitura\" \/>\n\t<meta name=\"twitter:data2\" content=\"2 minutos\" \/>\n<script type=\"application\/ld+json\" class=\"yoast-schema-graph\">{\"@context\":\"https:\/\/schema.org\",\"@graph\":[{\"@type\":\"Article\",\"@id\":\"https:\/\/jornalfatosenoticias.com.br\/index.php\/2023\/12\/04\/gene-associado-ao-autismo-altera-identidade-das-celulas-cerebrais-diz-estudo\/#article\",\"isPartOf\":{\"@id\":\"https:\/\/jornalfatosenoticias.com.br\/index.php\/2023\/12\/04\/gene-associado-ao-autismo-altera-identidade-das-celulas-cerebrais-diz-estudo\/\"},\"author\":{\"name\":\"Luzimara Fernandes\",\"@id\":\"https:\/\/jornalfatosenoticias.com.br\/#\/schema\/person\/d63837fa13ac8666eb9e74e0985d6f81\"},\"headline\":\"Gene associado ao autismo altera identidade das c\u00e9lulas cerebrais, diz estudo\",\"datePublished\":\"2023-12-04T13:14:34+00:00\",\"dateModified\":\"2023-12-04T13:14:37+00:00\",\"mainEntityOfPage\":{\"@id\":\"https:\/\/jornalfatosenoticias.com.br\/index.php\/2023\/12\/04\/gene-associado-ao-autismo-altera-identidade-das-celulas-cerebrais-diz-estudo\/\"},\"wordCount\":458,\"commentCount\":0,\"publisher\":{\"@id\":\"https:\/\/jornalfatosenoticias.com.br\/#organization\"},\"image\":{\"@id\":\"https:\/\/jornalfatosenoticias.com.br\/index.php\/2023\/12\/04\/gene-associado-ao-autismo-altera-identidade-das-celulas-cerebrais-diz-estudo\/#primaryimage\"},\"thumbnailUrl\":\"https:\/\/jornalfatosenoticias.com.br\/wp-content\/uploads\/2023\/12\/autismo_istock.jpg\",\"keywords\":[\"autismo\",\"c\u00e9lulas cerebrais\",\"Estudo\",\"genes\",\"Transtorno do Espectro Autista\"],\"articleSection\":[\"Sa\u00fade\"],\"inLanguage\":\"pt-BR\",\"potentialAction\":[{\"@type\":\"CommentAction\",\"name\":\"Comment\",\"target\":[\"https:\/\/jornalfatosenoticias.com.br\/index.php\/2023\/12\/04\/gene-associado-ao-autismo-altera-identidade-das-celulas-cerebrais-diz-estudo\/#respond\"]}]},{\"@type\":\"WebPage\",\"@id\":\"https:\/\/jornalfatosenoticias.com.br\/index.php\/2023\/12\/04\/gene-associado-ao-autismo-altera-identidade-das-celulas-cerebrais-diz-estudo\/\",\"url\":\"https:\/\/jornalfatosenoticias.com.br\/index.php\/2023\/12\/04\/gene-associado-ao-autismo-altera-identidade-das-celulas-cerebrais-diz-estudo\/\",\"name\":\"Gene associado ao autismo altera identidade das c\u00e9lulas cerebrais, diz estudo - Jornal Fatos e Not\u00edcias\",\"isPartOf\":{\"@id\":\"https:\/\/jornalfatosenoticias.com.br\/#website\"},\"primaryImageOfPage\":{\"@id\":\"https:\/\/jornalfatosenoticias.com.br\/index.php\/2023\/12\/04\/gene-associado-ao-autismo-altera-identidade-das-celulas-cerebrais-diz-estudo\/#primaryimage\"},\"image\":{\"@id\":\"https:\/\/jornalfatosenoticias.com.br\/index.php\/2023\/12\/04\/gene-associado-ao-autismo-altera-identidade-das-celulas-cerebrais-diz-estudo\/#primaryimage\"},\"thumbnailUrl\":\"https:\/\/jornalfatosenoticias.com.br\/wp-content\/uploads\/2023\/12\/autismo_istock.jpg\",\"datePublished\":\"2023-12-04T13:14:34+00:00\",\"dateModified\":\"2023-12-04T13:14:37+00:00\",\"breadcrumb\":{\"@id\":\"https:\/\/jornalfatosenoticias.com.br\/index.php\/2023\/12\/04\/gene-associado-ao-autismo-altera-identidade-das-celulas-cerebrais-diz-estudo\/#breadcrumb\"},\"inLanguage\":\"pt-BR\",\"potentialAction\":[{\"@type\":\"ReadAction\",\"target\":[\"https:\/\/jornalfatosenoticias.com.br\/index.php\/2023\/12\/04\/gene-associado-ao-autismo-altera-identidade-das-celulas-cerebrais-diz-estudo\/\"]}]},{\"@type\":\"ImageObject\",\"inLanguage\":\"pt-BR\",\"@id\":\"https:\/\/jornalfatosenoticias.com.br\/index.php\/2023\/12\/04\/gene-associado-ao-autismo-altera-identidade-das-celulas-cerebrais-diz-estudo\/#primaryimage\",\"url\":\"https:\/\/jornalfatosenoticias.com.br\/wp-content\/uploads\/2023\/12\/autismo_istock.jpg\",\"contentUrl\":\"https:\/\/jornalfatosenoticias.com.br\/wp-content\/uploads\/2023\/12\/autismo_istock.jpg\",\"width\":612,\"height\":408,\"caption\":\"World Autism Awareness day. Children's hand draws heart from multi-colored puzzles. Mental health care concept\"},{\"@type\":\"BreadcrumbList\",\"@id\":\"https:\/\/jornalfatosenoticias.com.br\/index.php\/2023\/12\/04\/gene-associado-ao-autismo-altera-identidade-das-celulas-cerebrais-diz-estudo\/#breadcrumb\",\"itemListElement\":[{\"@type\":\"ListItem\",\"position\":1,\"name\":\"In\u00edcio\",\"item\":\"https:\/\/jornalfatosenoticias.com.br\/\"},{\"@type\":\"ListItem\",\"position\":2,\"name\":\"Gene associado ao autismo altera identidade das c\u00e9lulas cerebrais, diz estudo\"}]},{\"@type\":\"WebSite\",\"@id\":\"https:\/\/jornalfatosenoticias.com.br\/#website\",\"url\":\"https:\/\/jornalfatosenoticias.com.br\/\",\"name\":\"Jornal Fatos e Not\u00edcias\",\"description\":\"Not\u00edcias em geral\",\"publisher\":{\"@id\":\"https:\/\/jornalfatosenoticias.com.br\/#organization\"},\"potentialAction\":[{\"@type\":\"SearchAction\",\"target\":{\"@type\":\"EntryPoint\",\"urlTemplate\":\"https:\/\/jornalfatosenoticias.com.br\/?s={search_term_string}\"},\"query-input\":{\"@type\":\"PropertyValueSpecification\",\"valueRequired\":true,\"valueName\":\"search_term_string\"}}],\"inLanguage\":\"pt-BR\"},{\"@type\":\"Organization\",\"@id\":\"https:\/\/jornalfatosenoticias.com.br\/#organization\",\"name\":\"Jornal Fatos e Not\u00edcias\",\"url\":\"https:\/\/jornalfatosenoticias.com.br\/\",\"logo\":{\"@type\":\"ImageObject\",\"inLanguage\":\"pt-BR\",\"@id\":\"https:\/\/jornalfatosenoticias.com.br\/#\/schema\/logo\/image\/\",\"url\":\"https:\/\/jornalfatosenoticias.com.br\/wp-content\/uploads\/2020\/02\/logo120.png\",\"contentUrl\":\"https:\/\/jornalfatosenoticias.com.br\/wp-content\/uploads\/2020\/02\/logo120.png\",\"width\":1227,\"height\":120,\"caption\":\"Jornal Fatos e Not\u00edcias\"},\"image\":{\"@id\":\"https:\/\/jornalfatosenoticias.com.br\/#\/schema\/logo\/image\/\"}},{\"@type\":\"Person\",\"@id\":\"https:\/\/jornalfatosenoticias.com.br\/#\/schema\/person\/d63837fa13ac8666eb9e74e0985d6f81\",\"name\":\"Luzimara Fernandes\",\"image\":{\"@type\":\"ImageObject\",\"inLanguage\":\"pt-BR\",\"@id\":\"https:\/\/jornalfatosenoticias.com.br\/#\/schema\/person\/image\/\",\"url\":\"https:\/\/jornalfatosenoticias.com.br\/wp-content\/uploads\/2025\/05\/EU_portal.jpg\",\"contentUrl\":\"https:\/\/jornalfatosenoticias.com.br\/wp-content\/uploads\/2025\/05\/EU_portal.jpg\",\"caption\":\"Luzimara Fernandes\"},\"description\":\"Jornalista MTB 2358-ES\",\"sameAs\":[\"https:\/\/jornalfatosenoticias.com.br\"],\"url\":\"https:\/\/jornalfatosenoticias.com.br\/index.php\/author\/luzimara\/\"}]}<\/script>\n<!-- \/ Yoast SEO plugin. -->","yoast_head_json":{"title":"Gene associado ao autismo altera identidade das c\u00e9lulas cerebrais, diz estudo - Jornal Fatos e Not\u00edcias","robots":{"index":"index","follow":"follow","max-snippet":"max-snippet:-1","max-image-preview":"max-image-preview:large","max-video-preview":"max-video-preview:-1"},"canonical":"https:\/\/jornalfatosenoticias.com.br\/index.php\/2023\/12\/04\/gene-associado-ao-autismo-altera-identidade-das-celulas-cerebrais-diz-estudo\/","og_locale":"pt_BR","og_type":"article","og_title":"Gene associado ao autismo altera identidade das c\u00e9lulas cerebrais, diz estudo - Jornal Fatos e Not\u00edcias","og_description":"Estudos sobre como os genes contribuem para o transtorno podem ajudar a revolucionar o tratamento para o transtorno do espectro autista Por Gabriel Andrade Em um estudo inovador, pesquisadores do Centro M\u00e9dico da Universidade do Texas (EUA) revelaram que um gene associado ao transtorno do espectro autista (TEA) desempenha um papel crucial na forma\u00e7\u00e3o da [&hellip;]","og_url":"https:\/\/jornalfatosenoticias.com.br\/index.php\/2023\/12\/04\/gene-associado-ao-autismo-altera-identidade-das-celulas-cerebrais-diz-estudo\/","og_site_name":"Jornal Fatos e Not\u00edcias","article_published_time":"2023-12-04T13:14:34+00:00","article_modified_time":"2023-12-04T13:14:37+00:00","og_image":[{"width":612,"height":408,"url":"https:\/\/jornalfatosenoticias.com.br\/wp-content\/uploads\/2023\/12\/autismo_istock.jpg","type":"image\/jpeg"}],"author":"Luzimara Fernandes","twitter_card":"summary_large_image","twitter_misc":{"Escrito por":"Luzimara Fernandes","Est. tempo de leitura":"2 minutos"},"schema":{"@context":"https:\/\/schema.org","@graph":[{"@type":"Article","@id":"https:\/\/jornalfatosenoticias.com.br\/index.php\/2023\/12\/04\/gene-associado-ao-autismo-altera-identidade-das-celulas-cerebrais-diz-estudo\/#article","isPartOf":{"@id":"https:\/\/jornalfatosenoticias.com.br\/index.php\/2023\/12\/04\/gene-associado-ao-autismo-altera-identidade-das-celulas-cerebrais-diz-estudo\/"},"author":{"name":"Luzimara Fernandes","@id":"https:\/\/jornalfatosenoticias.com.br\/#\/schema\/person\/d63837fa13ac8666eb9e74e0985d6f81"},"headline":"Gene associado ao autismo altera identidade das c\u00e9lulas cerebrais, diz estudo","datePublished":"2023-12-04T13:14:34+00:00","dateModified":"2023-12-04T13:14:37+00:00","mainEntityOfPage":{"@id":"https:\/\/jornalfatosenoticias.com.br\/index.php\/2023\/12\/04\/gene-associado-ao-autismo-altera-identidade-das-celulas-cerebrais-diz-estudo\/"},"wordCount":458,"commentCount":0,"publisher":{"@id":"https:\/\/jornalfatosenoticias.com.br\/#organization"},"image":{"@id":"https:\/\/jornalfatosenoticias.com.br\/index.php\/2023\/12\/04\/gene-associado-ao-autismo-altera-identidade-das-celulas-cerebrais-diz-estudo\/#primaryimage"},"thumbnailUrl":"https:\/\/jornalfatosenoticias.com.br\/wp-content\/uploads\/2023\/12\/autismo_istock.jpg","keywords":["autismo","c\u00e9lulas cerebrais","Estudo","genes","Transtorno do Espectro Autista"],"articleSection":["Sa\u00fade"],"inLanguage":"pt-BR","potentialAction":[{"@type":"CommentAction","name":"Comment","target":["https:\/\/jornalfatosenoticias.com.br\/index.php\/2023\/12\/04\/gene-associado-ao-autismo-altera-identidade-das-celulas-cerebrais-diz-estudo\/#respond"]}]},{"@type":"WebPage","@id":"https:\/\/jornalfatosenoticias.com.br\/index.php\/2023\/12\/04\/gene-associado-ao-autismo-altera-identidade-das-celulas-cerebrais-diz-estudo\/","url":"https:\/\/jornalfatosenoticias.com.br\/index.php\/2023\/12\/04\/gene-associado-ao-autismo-altera-identidade-das-celulas-cerebrais-diz-estudo\/","name":"Gene associado ao autismo altera identidade das c\u00e9lulas cerebrais, diz estudo - Jornal Fatos e Not\u00edcias","isPartOf":{"@id":"https:\/\/jornalfatosenoticias.com.br\/#website"},"primaryImageOfPage":{"@id":"https:\/\/jornalfatosenoticias.com.br\/index.php\/2023\/12\/04\/gene-associado-ao-autismo-altera-identidade-das-celulas-cerebrais-diz-estudo\/#primaryimage"},"image":{"@id":"https:\/\/jornalfatosenoticias.com.br\/index.php\/2023\/12\/04\/gene-associado-ao-autismo-altera-identidade-das-celulas-cerebrais-diz-estudo\/#primaryimage"},"thumbnailUrl":"https:\/\/jornalfatosenoticias.com.br\/wp-content\/uploads\/2023\/12\/autismo_istock.jpg","datePublished":"2023-12-04T13:14:34+00:00","dateModified":"2023-12-04T13:14:37+00:00","breadcrumb":{"@id":"https:\/\/jornalfatosenoticias.com.br\/index.php\/2023\/12\/04\/gene-associado-ao-autismo-altera-identidade-das-celulas-cerebrais-diz-estudo\/#breadcrumb"},"inLanguage":"pt-BR","potentialAction":[{"@type":"ReadAction","target":["https:\/\/jornalfatosenoticias.com.br\/index.php\/2023\/12\/04\/gene-associado-ao-autismo-altera-identidade-das-celulas-cerebrais-diz-estudo\/"]}]},{"@type":"ImageObject","inLanguage":"pt-BR","@id":"https:\/\/jornalfatosenoticias.com.br\/index.php\/2023\/12\/04\/gene-associado-ao-autismo-altera-identidade-das-celulas-cerebrais-diz-estudo\/#primaryimage","url":"https:\/\/jornalfatosenoticias.com.br\/wp-content\/uploads\/2023\/12\/autismo_istock.jpg","contentUrl":"https:\/\/jornalfatosenoticias.com.br\/wp-content\/uploads\/2023\/12\/autismo_istock.jpg","width":612,"height":408,"caption":"World Autism Awareness day. Children's hand draws heart from multi-colored puzzles. Mental health care concept"},{"@type":"BreadcrumbList","@id":"https:\/\/jornalfatosenoticias.com.br\/index.php\/2023\/12\/04\/gene-associado-ao-autismo-altera-identidade-das-celulas-cerebrais-diz-estudo\/#breadcrumb","itemListElement":[{"@type":"ListItem","position":1,"name":"In\u00edcio","item":"https:\/\/jornalfatosenoticias.com.br\/"},{"@type":"ListItem","position":2,"name":"Gene associado ao autismo altera identidade das c\u00e9lulas cerebrais, diz estudo"}]},{"@type":"WebSite","@id":"https:\/\/jornalfatosenoticias.com.br\/#website","url":"https:\/\/jornalfatosenoticias.com.br\/","name":"Jornal Fatos e Not\u00edcias","description":"Not\u00edcias em geral","publisher":{"@id":"https:\/\/jornalfatosenoticias.com.br\/#organization"},"potentialAction":[{"@type":"SearchAction","target":{"@type":"EntryPoint","urlTemplate":"https:\/\/jornalfatosenoticias.com.br\/?s={search_term_string}"},"query-input":{"@type":"PropertyValueSpecification","valueRequired":true,"valueName":"search_term_string"}}],"inLanguage":"pt-BR"},{"@type":"Organization","@id":"https:\/\/jornalfatosenoticias.com.br\/#organization","name":"Jornal Fatos e Not\u00edcias","url":"https:\/\/jornalfatosenoticias.com.br\/","logo":{"@type":"ImageObject","inLanguage":"pt-BR","@id":"https:\/\/jornalfatosenoticias.com.br\/#\/schema\/logo\/image\/","url":"https:\/\/jornalfatosenoticias.com.br\/wp-content\/uploads\/2020\/02\/logo120.png","contentUrl":"https:\/\/jornalfatosenoticias.com.br\/wp-content\/uploads\/2020\/02\/logo120.png","width":1227,"height":120,"caption":"Jornal Fatos e Not\u00edcias"},"image":{"@id":"https:\/\/jornalfatosenoticias.com.br\/#\/schema\/logo\/image\/"}},{"@type":"Person","@id":"https:\/\/jornalfatosenoticias.com.br\/#\/schema\/person\/d63837fa13ac8666eb9e74e0985d6f81","name":"Luzimara Fernandes","image":{"@type":"ImageObject","inLanguage":"pt-BR","@id":"https:\/\/jornalfatosenoticias.com.br\/#\/schema\/person\/image\/","url":"https:\/\/jornalfatosenoticias.com.br\/wp-content\/uploads\/2025\/05\/EU_portal.jpg","contentUrl":"https:\/\/jornalfatosenoticias.com.br\/wp-content\/uploads\/2025\/05\/EU_portal.jpg","caption":"Luzimara Fernandes"},"description":"Jornalista MTB 2358-ES","sameAs":["https:\/\/jornalfatosenoticias.com.br"],"url":"https:\/\/jornalfatosenoticias.com.br\/index.php\/author\/luzimara\/"}]}},"cc_featured_image_caption":{"caption_text":"(Foto: iStock)","source_text":"","source_url":""},"jetpack_featured_media_url":"https:\/\/jornalfatosenoticias.com.br\/wp-content\/uploads\/2023\/12\/autismo_istock.jpg","_links":{"self":[{"href":"https:\/\/jornalfatosenoticias.com.br\/index.php\/wp-json\/wp\/v2\/posts\/47435","targetHints":{"allow":["GET"]}}],"collection":[{"href":"https:\/\/jornalfatosenoticias.com.br\/index.php\/wp-json\/wp\/v2\/posts"}],"about":[{"href":"https:\/\/jornalfatosenoticias.com.br\/index.php\/wp-json\/wp\/v2\/types\/post"}],"author":[{"embeddable":true,"href":"https:\/\/jornalfatosenoticias.com.br\/index.php\/wp-json\/wp\/v2\/users\/2"}],"replies":[{"embeddable":true,"href":"https:\/\/jornalfatosenoticias.com.br\/index.php\/wp-json\/wp\/v2\/comments?post=47435"}],"version-history":[{"count":0,"href":"https:\/\/jornalfatosenoticias.com.br\/index.php\/wp-json\/wp\/v2\/posts\/47435\/revisions"}],"wp:featuredmedia":[{"embeddable":true,"href":"https:\/\/jornalfatosenoticias.com.br\/index.php\/wp-json\/wp\/v2\/media\/47436"}],"wp:attachment":[{"href":"https:\/\/jornalfatosenoticias.com.br\/index.php\/wp-json\/wp\/v2\/media?parent=47435"}],"wp:term":[{"taxonomy":"category","embeddable":true,"href":"https:\/\/jornalfatosenoticias.com.br\/index.php\/wp-json\/wp\/v2\/categories?post=47435"},{"taxonomy":"post_tag","embeddable":true,"href":"https:\/\/jornalfatosenoticias.com.br\/index.php\/wp-json\/wp\/v2\/tags?post=47435"}],"curies":[{"name":"wp","href":"https:\/\/api.w.org\/{rel}","templated":true}]}}