{"id":47438,"date":"2023-12-04T10:28:02","date_gmt":"2023-12-04T13:28:02","guid":{"rendered":"https:\/\/jornalfatosenoticias.com.br\/?p=47438"},"modified":"2023-12-04T10:28:05","modified_gmt":"2023-12-04T13:28:05","slug":"raio-cosmico-mais-poderoso-ja-detectado-em-30-anos-veio-de-fora-da-nossa-galaxia","status":"publish","type":"post","link":"https:\/\/jornalfatosenoticias.com.br\/index.php\/2023\/12\/04\/raio-cosmico-mais-poderoso-ja-detectado-em-30-anos-veio-de-fora-da-nossa-galaxia\/","title":{"rendered":"Raio c\u00f3smico mais poderoso j\u00e1 detectado em 30 anos veio de fora da nossa gal\u00e1xia"},"content":{"rendered":"\n<p><em><span class=\"has-inline-color has-black-color\">Energia do raio c\u00f3smico, invis\u00edvel a olho nu, \u00e9 equivalente a deixar cair um tijolo da altura da cintura no dedo do p\u00e9. Saiba mais do estudo publicado na &#8220;Science&#8221;<\/span><\/em><\/p>\n\n\n\n<p><span class=\"has-inline-color has-black-color\">Por <strong><a href=\"https:\/\/gizmodo.uol.com.br\/author\/gabriel-andrade\/\">Gabriel Andrade<\/a><\/strong><\/span><\/p>\n\n\n\n<div class=\"wp-block-image\"><figure class=\"aligncenter size-large\"><img loading=\"lazy\" decoding=\"async\" width=\"729\" height=\"90\" src=\"https:\/\/jornalfatosenoticias.com.br\/wp-content\/uploads\/2020\/02\/Logo_Mizu.png\" alt=\"\" class=\"wp-image-1441\" srcset=\"https:\/\/jornalfatosenoticias.com.br\/wp-content\/uploads\/2020\/02\/Logo_Mizu.png 729w, https:\/\/jornalfatosenoticias.com.br\/wp-content\/uploads\/2020\/02\/Logo_Mizu-300x37.png 300w\" sizes=\"auto, (max-width: 729px) 100vw, 729px\" \/><\/figure><\/div>\n\n\n\n<p>Pesquisadores da Universidade de Utah, nos Estados Unidos, descobriram o raio c\u00f3smico mais poderoso detectado em tr\u00eas d\u00e9cadas. O fen\u00f4meno tem origem ainda desconhecida, mas vem de fora da Via L\u00e1ctea.<br>Um estudo publicado na \u00faltima semana na revista <em><a href=\"https:\/\/dx.doi.org\/10.1126\/science.abo5095\">Science<\/a><\/em>, revela que a energia desta part\u00edcula subat\u00f4mica, invis\u00edvel a olho nu, \u00e9 equivalente a deixar cair um tijolo da altura da cintura no dedo do p\u00e9.<br>Esse feito coloca o raio c\u00f3smico recentemente identificado em p\u00e9 de igualdade com a famosa part\u00edcula \u201cOh-My-God\u201d. Ela foi detectada em 1991 e era at\u00e9 ent\u00e3o considerada a mais energ\u00e9tica j\u00e1 observada.<\/p>\n\n\n\n<div class=\"wp-block-image\"><figure class=\"aligncenter size-large is-resized\"><img loading=\"lazy\" decoding=\"async\" src=\"https:\/\/jornalfatosenoticias.com.br\/wp-content\/uploads\/2020\/02\/CONTROL-CS.jpg\" alt=\"\" class=\"wp-image-44991\" width=\"269\" height=\"322\" srcset=\"https:\/\/jornalfatosenoticias.com.br\/wp-content\/uploads\/2020\/02\/CONTROL-CS.jpg 834w, https:\/\/jornalfatosenoticias.com.br\/wp-content\/uploads\/2020\/02\/CONTROL-CS-250x300.jpg 250w, https:\/\/jornalfatosenoticias.com.br\/wp-content\/uploads\/2020\/02\/CONTROL-CS-768x921.jpg 768w\" sizes=\"auto, (max-width: 269px) 100vw, 269px\" \/><\/figure><\/div>\n\n\n\n<p><strong><span class=\"has-inline-color has-black-color\">O que s\u00e3o raios c\u00f3smicos<br><\/span><\/strong>Os cientistas explicam que raios c\u00f3smicos, part\u00edculas carregadas que atravessam o espa\u00e7o e alcan\u00e7am a Terra, s\u00e3o fen\u00f4menos comuns, mas os de energia extremamente alta s\u00e3o excepcionais.<br>O autor do estudo, John Matthews, pesquisador da Universidade de Utah, comparou: <\/p>\n\n\n\n<div class=\"wp-block-image\"><figure class=\"aligncenter size-large is-resized\"><img loading=\"lazy\" decoding=\"async\" src=\"https:\/\/jornalfatosenoticias.com.br\/wp-content\/uploads\/2022\/10\/RC_800x750_page-0001.jpg\" alt=\"\" class=\"wp-image-35338\" width=\"292\" height=\"274\" srcset=\"https:\/\/jornalfatosenoticias.com.br\/wp-content\/uploads\/2022\/10\/RC_800x750_page-0001.jpg 400w, https:\/\/jornalfatosenoticias.com.br\/wp-content\/uploads\/2022\/10\/RC_800x750_page-0001-300x281.jpg 300w\" sizes=\"auto, (max-width: 292px) 100vw, 292px\" \/><\/figure><\/div>\n\n\n\n<blockquote class=\"wp-block-quote is-layout-flow wp-block-quote-is-layout-flow\"><p><span class=\"has-inline-color has-luminous-vivid-orange-color\">Se voc\u00ea estender a m\u00e3o, um raio c\u00f3smico passa pela palma da sua m\u00e3o a cada segundo, mas essas s\u00e3o coisas de baixa energia. Quando voc\u00ea chega a esses raios c\u00f3smicos de alta energia, \u00e9 mais como um por quil\u00f4metro quadrado por s\u00e9culo. Nunca vai passar pela sua m\u00e3o\u201d, disse.<\/span><\/p><\/blockquote>\n\n\n\n<div class=\"wp-block-image\"><figure class=\"aligncenter size-large is-resized\"><img loading=\"lazy\" decoding=\"async\" src=\"https:\/\/jornalfatosenoticias.com.br\/wp-content\/uploads\/2023\/08\/ITH.jpeg\" alt=\"\" class=\"wp-image-44638\" width=\"314\" height=\"255\" srcset=\"https:\/\/jornalfatosenoticias.com.br\/wp-content\/uploads\/2023\/08\/ITH.jpeg 800w, https:\/\/jornalfatosenoticias.com.br\/wp-content\/uploads\/2023\/08\/ITH-300x244.jpeg 300w, https:\/\/jornalfatosenoticias.com.br\/wp-content\/uploads\/2023\/08\/ITH-768x624.jpeg 768w\" sizes=\"auto, (max-width: 314px) 100vw, 314px\" \/><\/figure><\/div>\n\n\n\n<p>O desafio para os cientistas est\u00e1 nas origens precisas dessas <a href=\"https:\/\/gizmodo.uol.com.br\/maior-acelerador-de-particulas-e-religado-para-cacar-materia-escura\/\">part\u00edculas de alta energia<\/a>. Embora se acredite que estejam relacionadas a fen\u00f4menos extremamente energ\u00e9ticos do universo, como buracos negros, explos\u00f5es de raios gama e n\u00facleos gal\u00e1cticos ativos, as descobertas mais recentes parecem contradizer as explica\u00e7\u00f5es convencionais.<\/p>\n\n\n\n<div class=\"wp-block-image\"><figure class=\"aligncenter size-large is-resized\"><img loading=\"lazy\" decoding=\"async\" src=\"https:\/\/jornalfatosenoticias.com.br\/wp-content\/uploads\/2023\/08\/Steel.jpeg\" alt=\"\" class=\"wp-image-44634\" width=\"310\" height=\"252\" srcset=\"https:\/\/jornalfatosenoticias.com.br\/wp-content\/uploads\/2023\/08\/Steel.jpeg 800w, https:\/\/jornalfatosenoticias.com.br\/wp-content\/uploads\/2023\/08\/Steel-300x244.jpeg 300w, https:\/\/jornalfatosenoticias.com.br\/wp-content\/uploads\/2023\/08\/Steel-768x624.jpeg 768w\" sizes=\"auto, (max-width: 310px) 100vw, 310px\" \/><\/figure><\/div>\n\n\n\n<p>Os raios c\u00f3smicos mais potentes at\u00e9 agora parecem originar-se de regi\u00f5es aparentemente vazias do espa\u00e7o, onde n\u00e3o ocorrem eventos celestes violentos.<br>Anos de investiga\u00e7\u00e3o n\u00e3o conseguiram fornecer respostas definitivas, deixando os cientistas intrigados sobre os mist\u00e9rios que envolvem essas part\u00edculas c\u00f3smicas de alta energia.<\/p>\n\n\n\n<div class=\"wp-block-image\"><figure class=\"aligncenter size-large is-resized\"><img loading=\"lazy\" decoding=\"async\" src=\"https:\/\/jornalfatosenoticias.com.br\/wp-content\/uploads\/2023\/08\/BKR-1024x1021.jpg\" alt=\"\" class=\"wp-image-44494\" width=\"280\" height=\"279\" srcset=\"https:\/\/jornalfatosenoticias.com.br\/wp-content\/uploads\/2023\/08\/BKR-1024x1021.jpg 1024w, https:\/\/jornalfatosenoticias.com.br\/wp-content\/uploads\/2023\/08\/BKR-300x300.jpg 300w, https:\/\/jornalfatosenoticias.com.br\/wp-content\/uploads\/2023\/08\/BKR-150x150.jpg 150w, https:\/\/jornalfatosenoticias.com.br\/wp-content\/uploads\/2023\/08\/BKR-768x766.jpg 768w, https:\/\/jornalfatosenoticias.com.br\/wp-content\/uploads\/2023\/08\/BKR.jpg 1080w\" sizes=\"auto, (max-width: 280px) 100vw, 280px\" \/><\/figure><\/div>\n\n\n\n<p>A descoberta recente lan\u00e7a luz sobre a complexidade do cosmos. Al\u00e9m disso, destaca a necessidade cont\u00ednua de explorar o universo em busca de respostas que desafiem as fronteiras do conhecimento humano.<\/p>\n\n\n\n<p><em><span class=\"has-inline-color has-black-color\">(<strong>Foto: <\/strong>Universidade Metropolitana de Osaka\/Reprodu\u00e7\u00e3o)<\/span><\/em><\/p>\n\n\n\n<p><strong><em>Fonte: <a href=\"https:\/\/gizmodo.uol.com.br\/raio-cosmico-mais-poderoso-ja-detectado-em-30-anos-veio-de-fora-da-nossa-galaxia\/\">Giz Brasil<\/a><\/em><\/strong><\/p>\n","protected":false},"excerpt":{"rendered":"<p>Energia do raio c\u00f3smico, invis\u00edvel a olho nu, \u00e9 equivalente a deixar cair um tijolo da altura da cintura no dedo do p\u00e9. Saiba mais do estudo publicado na &#8220;Science&#8221; Por Gabriel Andrade Pesquisadores da Universidade de Utah, nos Estados Unidos, descobriram o raio c\u00f3smico mais poderoso detectado em tr\u00eas d\u00e9cadas. O fen\u00f4meno tem origem [&hellip;]<\/p>\n","protected":false},"author":2,"featured_media":47253,"comment_status":"open","ping_status":"open","sticky":false,"template":"","format":"standard","meta":{"footnotes":""},"categories":[2],"tags":[3211,1135,22123,1384,470],"class_list":["post-47438","post","type-post","status-publish","format-standard","has-post-thumbnail","hentry","category-ciencia","tag-cosmos","tag-galaxia","tag-raio-cosmico","tag-universo","tag-via-lactea"],"yoast_head":"<!-- This site is optimized with the Yoast SEO plugin v26.5 - https:\/\/yoast.com\/wordpress\/plugins\/seo\/ -->\n<title>Raio c\u00f3smico mais poderoso j\u00e1 detectado em 30 anos veio de fora da nossa gal\u00e1xia - Jornal Fatos e Not\u00edcias<\/title>\n<meta name=\"robots\" content=\"index, follow, max-snippet:-1, max-image-preview:large, max-video-preview:-1\" \/>\n<link rel=\"canonical\" href=\"https:\/\/jornalfatosenoticias.com.br\/index.php\/2023\/12\/04\/raio-cosmico-mais-poderoso-ja-detectado-em-30-anos-veio-de-fora-da-nossa-galaxia\/\" \/>\n<meta property=\"og:locale\" content=\"pt_BR\" \/>\n<meta property=\"og:type\" content=\"article\" \/>\n<meta property=\"og:title\" content=\"Raio c\u00f3smico mais poderoso j\u00e1 detectado em 30 anos veio de fora da nossa gal\u00e1xia - Jornal Fatos e Not\u00edcias\" \/>\n<meta property=\"og:description\" content=\"Energia do raio c\u00f3smico, invis\u00edvel a olho nu, \u00e9 equivalente a deixar cair um tijolo da altura da cintura no dedo do p\u00e9. Saiba mais do estudo publicado na &#8220;Science&#8221; Por Gabriel Andrade Pesquisadores da Universidade de Utah, nos Estados Unidos, descobriram o raio c\u00f3smico mais poderoso detectado em tr\u00eas d\u00e9cadas. O fen\u00f4meno tem origem [&hellip;]\" \/>\n<meta property=\"og:url\" content=\"https:\/\/jornalfatosenoticias.com.br\/index.php\/2023\/12\/04\/raio-cosmico-mais-poderoso-ja-detectado-em-30-anos-veio-de-fora-da-nossa-galaxia\/\" \/>\n<meta property=\"og:site_name\" content=\"Jornal Fatos e Not\u00edcias\" \/>\n<meta property=\"article:published_time\" content=\"2023-12-04T13:28:02+00:00\" \/>\n<meta property=\"article:modified_time\" content=\"2023-12-04T13:28:05+00:00\" \/>\n<meta property=\"og:image\" content=\"https:\/\/jornalfatosenoticias.com.br\/wp-content\/uploads\/2023\/11\/particula-amaterasu-energetica-.raio-cosmico2-jpeg.png\" \/>\n\t<meta property=\"og:image:width\" content=\"1000\" \/>\n\t<meta property=\"og:image:height\" content=\"620\" \/>\n\t<meta property=\"og:image:type\" content=\"image\/png\" \/>\n<meta name=\"author\" content=\"Luzimara Fernandes\" \/>\n<meta name=\"twitter:card\" content=\"summary_large_image\" \/>\n<meta name=\"twitter:label1\" content=\"Escrito por\" \/>\n\t<meta name=\"twitter:data1\" content=\"Luzimara Fernandes\" \/>\n\t<meta name=\"twitter:label2\" content=\"Est. tempo de leitura\" \/>\n\t<meta name=\"twitter:data2\" content=\"2 minutos\" \/>\n<script type=\"application\/ld+json\" class=\"yoast-schema-graph\">{\"@context\":\"https:\/\/schema.org\",\"@graph\":[{\"@type\":\"Article\",\"@id\":\"https:\/\/jornalfatosenoticias.com.br\/index.php\/2023\/12\/04\/raio-cosmico-mais-poderoso-ja-detectado-em-30-anos-veio-de-fora-da-nossa-galaxia\/#article\",\"isPartOf\":{\"@id\":\"https:\/\/jornalfatosenoticias.com.br\/index.php\/2023\/12\/04\/raio-cosmico-mais-poderoso-ja-detectado-em-30-anos-veio-de-fora-da-nossa-galaxia\/\"},\"author\":{\"name\":\"Luzimara Fernandes\",\"@id\":\"https:\/\/jornalfatosenoticias.com.br\/#\/schema\/person\/d63837fa13ac8666eb9e74e0985d6f81\"},\"headline\":\"Raio c\u00f3smico mais poderoso j\u00e1 detectado em 30 anos veio de fora da nossa gal\u00e1xia\",\"datePublished\":\"2023-12-04T13:28:02+00:00\",\"dateModified\":\"2023-12-04T13:28:05+00:00\",\"mainEntityOfPage\":{\"@id\":\"https:\/\/jornalfatosenoticias.com.br\/index.php\/2023\/12\/04\/raio-cosmico-mais-poderoso-ja-detectado-em-30-anos-veio-de-fora-da-nossa-galaxia\/\"},\"wordCount\":418,\"commentCount\":0,\"publisher\":{\"@id\":\"https:\/\/jornalfatosenoticias.com.br\/#organization\"},\"image\":{\"@id\":\"https:\/\/jornalfatosenoticias.com.br\/index.php\/2023\/12\/04\/raio-cosmico-mais-poderoso-ja-detectado-em-30-anos-veio-de-fora-da-nossa-galaxia\/#primaryimage\"},\"thumbnailUrl\":\"https:\/\/jornalfatosenoticias.com.br\/wp-content\/uploads\/2023\/11\/particula-amaterasu-energetica-.raio-cosmico2-jpeg.png\",\"keywords\":[\"cosmos\",\"gal\u00e1xia\",\"raio c\u00f3smico\",\"Universo\",\"Via L\u00e1ctea\"],\"articleSection\":[\"Ci\u00eancia\"],\"inLanguage\":\"pt-BR\",\"potentialAction\":[{\"@type\":\"CommentAction\",\"name\":\"Comment\",\"target\":[\"https:\/\/jornalfatosenoticias.com.br\/index.php\/2023\/12\/04\/raio-cosmico-mais-poderoso-ja-detectado-em-30-anos-veio-de-fora-da-nossa-galaxia\/#respond\"]}]},{\"@type\":\"WebPage\",\"@id\":\"https:\/\/jornalfatosenoticias.com.br\/index.php\/2023\/12\/04\/raio-cosmico-mais-poderoso-ja-detectado-em-30-anos-veio-de-fora-da-nossa-galaxia\/\",\"url\":\"https:\/\/jornalfatosenoticias.com.br\/index.php\/2023\/12\/04\/raio-cosmico-mais-poderoso-ja-detectado-em-30-anos-veio-de-fora-da-nossa-galaxia\/\",\"name\":\"Raio c\u00f3smico mais poderoso j\u00e1 detectado em 30 anos veio de fora da nossa gal\u00e1xia - Jornal Fatos e Not\u00edcias\",\"isPartOf\":{\"@id\":\"https:\/\/jornalfatosenoticias.com.br\/#website\"},\"primaryImageOfPage\":{\"@id\":\"https:\/\/jornalfatosenoticias.com.br\/index.php\/2023\/12\/04\/raio-cosmico-mais-poderoso-ja-detectado-em-30-anos-veio-de-fora-da-nossa-galaxia\/#primaryimage\"},\"image\":{\"@id\":\"https:\/\/jornalfatosenoticias.com.br\/index.php\/2023\/12\/04\/raio-cosmico-mais-poderoso-ja-detectado-em-30-anos-veio-de-fora-da-nossa-galaxia\/#primaryimage\"},\"thumbnailUrl\":\"https:\/\/jornalfatosenoticias.com.br\/wp-content\/uploads\/2023\/11\/particula-amaterasu-energetica-.raio-cosmico2-jpeg.png\",\"datePublished\":\"2023-12-04T13:28:02+00:00\",\"dateModified\":\"2023-12-04T13:28:05+00:00\",\"breadcrumb\":{\"@id\":\"https:\/\/jornalfatosenoticias.com.br\/index.php\/2023\/12\/04\/raio-cosmico-mais-poderoso-ja-detectado-em-30-anos-veio-de-fora-da-nossa-galaxia\/#breadcrumb\"},\"inLanguage\":\"pt-BR\",\"potentialAction\":[{\"@type\":\"ReadAction\",\"target\":[\"https:\/\/jornalfatosenoticias.com.br\/index.php\/2023\/12\/04\/raio-cosmico-mais-poderoso-ja-detectado-em-30-anos-veio-de-fora-da-nossa-galaxia\/\"]}]},{\"@type\":\"ImageObject\",\"inLanguage\":\"pt-BR\",\"@id\":\"https:\/\/jornalfatosenoticias.com.br\/index.php\/2023\/12\/04\/raio-cosmico-mais-poderoso-ja-detectado-em-30-anos-veio-de-fora-da-nossa-galaxia\/#primaryimage\",\"url\":\"https:\/\/jornalfatosenoticias.com.br\/wp-content\/uploads\/2023\/11\/particula-amaterasu-energetica-.raio-cosmico2-jpeg.png\",\"contentUrl\":\"https:\/\/jornalfatosenoticias.com.br\/wp-content\/uploads\/2023\/11\/particula-amaterasu-energetica-.raio-cosmico2-jpeg.png\",\"width\":1000,\"height\":620},{\"@type\":\"BreadcrumbList\",\"@id\":\"https:\/\/jornalfatosenoticias.com.br\/index.php\/2023\/12\/04\/raio-cosmico-mais-poderoso-ja-detectado-em-30-anos-veio-de-fora-da-nossa-galaxia\/#breadcrumb\",\"itemListElement\":[{\"@type\":\"ListItem\",\"position\":1,\"name\":\"In\u00edcio\",\"item\":\"https:\/\/jornalfatosenoticias.com.br\/\"},{\"@type\":\"ListItem\",\"position\":2,\"name\":\"Raio c\u00f3smico mais poderoso j\u00e1 detectado em 30 anos veio de fora da nossa gal\u00e1xia\"}]},{\"@type\":\"WebSite\",\"@id\":\"https:\/\/jornalfatosenoticias.com.br\/#website\",\"url\":\"https:\/\/jornalfatosenoticias.com.br\/\",\"name\":\"Jornal Fatos e Not\u00edcias\",\"description\":\"Not\u00edcias em geral\",\"publisher\":{\"@id\":\"https:\/\/jornalfatosenoticias.com.br\/#organization\"},\"potentialAction\":[{\"@type\":\"SearchAction\",\"target\":{\"@type\":\"EntryPoint\",\"urlTemplate\":\"https:\/\/jornalfatosenoticias.com.br\/?s={search_term_string}\"},\"query-input\":{\"@type\":\"PropertyValueSpecification\",\"valueRequired\":true,\"valueName\":\"search_term_string\"}}],\"inLanguage\":\"pt-BR\"},{\"@type\":\"Organization\",\"@id\":\"https:\/\/jornalfatosenoticias.com.br\/#organization\",\"name\":\"Jornal Fatos e Not\u00edcias\",\"url\":\"https:\/\/jornalfatosenoticias.com.br\/\",\"logo\":{\"@type\":\"ImageObject\",\"inLanguage\":\"pt-BR\",\"@id\":\"https:\/\/jornalfatosenoticias.com.br\/#\/schema\/logo\/image\/\",\"url\":\"https:\/\/jornalfatosenoticias.com.br\/wp-content\/uploads\/2020\/02\/logo120.png\",\"contentUrl\":\"https:\/\/jornalfatosenoticias.com.br\/wp-content\/uploads\/2020\/02\/logo120.png\",\"width\":1227,\"height\":120,\"caption\":\"Jornal Fatos e Not\u00edcias\"},\"image\":{\"@id\":\"https:\/\/jornalfatosenoticias.com.br\/#\/schema\/logo\/image\/\"}},{\"@type\":\"Person\",\"@id\":\"https:\/\/jornalfatosenoticias.com.br\/#\/schema\/person\/d63837fa13ac8666eb9e74e0985d6f81\",\"name\":\"Luzimara Fernandes\",\"image\":{\"@type\":\"ImageObject\",\"inLanguage\":\"pt-BR\",\"@id\":\"https:\/\/jornalfatosenoticias.com.br\/#\/schema\/person\/image\/\",\"url\":\"https:\/\/jornalfatosenoticias.com.br\/wp-content\/uploads\/2025\/05\/EU_portal.jpg\",\"contentUrl\":\"https:\/\/jornalfatosenoticias.com.br\/wp-content\/uploads\/2025\/05\/EU_portal.jpg\",\"caption\":\"Luzimara Fernandes\"},\"description\":\"Jornalista MTB 2358-ES\",\"sameAs\":[\"https:\/\/jornalfatosenoticias.com.br\"],\"url\":\"https:\/\/jornalfatosenoticias.com.br\/index.php\/author\/luzimara\/\"}]}<\/script>\n<!-- \/ Yoast SEO plugin. -->","yoast_head_json":{"title":"Raio c\u00f3smico mais poderoso j\u00e1 detectado em 30 anos veio de fora da nossa gal\u00e1xia - Jornal Fatos e Not\u00edcias","robots":{"index":"index","follow":"follow","max-snippet":"max-snippet:-1","max-image-preview":"max-image-preview:large","max-video-preview":"max-video-preview:-1"},"canonical":"https:\/\/jornalfatosenoticias.com.br\/index.php\/2023\/12\/04\/raio-cosmico-mais-poderoso-ja-detectado-em-30-anos-veio-de-fora-da-nossa-galaxia\/","og_locale":"pt_BR","og_type":"article","og_title":"Raio c\u00f3smico mais poderoso j\u00e1 detectado em 30 anos veio de fora da nossa gal\u00e1xia - Jornal Fatos e Not\u00edcias","og_description":"Energia do raio c\u00f3smico, invis\u00edvel a olho nu, \u00e9 equivalente a deixar cair um tijolo da altura da cintura no dedo do p\u00e9. Saiba mais do estudo publicado na &#8220;Science&#8221; Por Gabriel Andrade Pesquisadores da Universidade de Utah, nos Estados Unidos, descobriram o raio c\u00f3smico mais poderoso detectado em tr\u00eas d\u00e9cadas. O fen\u00f4meno tem origem [&hellip;]","og_url":"https:\/\/jornalfatosenoticias.com.br\/index.php\/2023\/12\/04\/raio-cosmico-mais-poderoso-ja-detectado-em-30-anos-veio-de-fora-da-nossa-galaxia\/","og_site_name":"Jornal Fatos e Not\u00edcias","article_published_time":"2023-12-04T13:28:02+00:00","article_modified_time":"2023-12-04T13:28:05+00:00","og_image":[{"width":1000,"height":620,"url":"https:\/\/jornalfatosenoticias.com.br\/wp-content\/uploads\/2023\/11\/particula-amaterasu-energetica-.raio-cosmico2-jpeg.png","type":"image\/png"}],"author":"Luzimara Fernandes","twitter_card":"summary_large_image","twitter_misc":{"Escrito por":"Luzimara Fernandes","Est. tempo de leitura":"2 minutos"},"schema":{"@context":"https:\/\/schema.org","@graph":[{"@type":"Article","@id":"https:\/\/jornalfatosenoticias.com.br\/index.php\/2023\/12\/04\/raio-cosmico-mais-poderoso-ja-detectado-em-30-anos-veio-de-fora-da-nossa-galaxia\/#article","isPartOf":{"@id":"https:\/\/jornalfatosenoticias.com.br\/index.php\/2023\/12\/04\/raio-cosmico-mais-poderoso-ja-detectado-em-30-anos-veio-de-fora-da-nossa-galaxia\/"},"author":{"name":"Luzimara Fernandes","@id":"https:\/\/jornalfatosenoticias.com.br\/#\/schema\/person\/d63837fa13ac8666eb9e74e0985d6f81"},"headline":"Raio c\u00f3smico mais poderoso j\u00e1 detectado em 30 anos veio de fora da nossa gal\u00e1xia","datePublished":"2023-12-04T13:28:02+00:00","dateModified":"2023-12-04T13:28:05+00:00","mainEntityOfPage":{"@id":"https:\/\/jornalfatosenoticias.com.br\/index.php\/2023\/12\/04\/raio-cosmico-mais-poderoso-ja-detectado-em-30-anos-veio-de-fora-da-nossa-galaxia\/"},"wordCount":418,"commentCount":0,"publisher":{"@id":"https:\/\/jornalfatosenoticias.com.br\/#organization"},"image":{"@id":"https:\/\/jornalfatosenoticias.com.br\/index.php\/2023\/12\/04\/raio-cosmico-mais-poderoso-ja-detectado-em-30-anos-veio-de-fora-da-nossa-galaxia\/#primaryimage"},"thumbnailUrl":"https:\/\/jornalfatosenoticias.com.br\/wp-content\/uploads\/2023\/11\/particula-amaterasu-energetica-.raio-cosmico2-jpeg.png","keywords":["cosmos","gal\u00e1xia","raio c\u00f3smico","Universo","Via L\u00e1ctea"],"articleSection":["Ci\u00eancia"],"inLanguage":"pt-BR","potentialAction":[{"@type":"CommentAction","name":"Comment","target":["https:\/\/jornalfatosenoticias.com.br\/index.php\/2023\/12\/04\/raio-cosmico-mais-poderoso-ja-detectado-em-30-anos-veio-de-fora-da-nossa-galaxia\/#respond"]}]},{"@type":"WebPage","@id":"https:\/\/jornalfatosenoticias.com.br\/index.php\/2023\/12\/04\/raio-cosmico-mais-poderoso-ja-detectado-em-30-anos-veio-de-fora-da-nossa-galaxia\/","url":"https:\/\/jornalfatosenoticias.com.br\/index.php\/2023\/12\/04\/raio-cosmico-mais-poderoso-ja-detectado-em-30-anos-veio-de-fora-da-nossa-galaxia\/","name":"Raio c\u00f3smico mais poderoso j\u00e1 detectado em 30 anos veio de fora da nossa gal\u00e1xia - Jornal Fatos e Not\u00edcias","isPartOf":{"@id":"https:\/\/jornalfatosenoticias.com.br\/#website"},"primaryImageOfPage":{"@id":"https:\/\/jornalfatosenoticias.com.br\/index.php\/2023\/12\/04\/raio-cosmico-mais-poderoso-ja-detectado-em-30-anos-veio-de-fora-da-nossa-galaxia\/#primaryimage"},"image":{"@id":"https:\/\/jornalfatosenoticias.com.br\/index.php\/2023\/12\/04\/raio-cosmico-mais-poderoso-ja-detectado-em-30-anos-veio-de-fora-da-nossa-galaxia\/#primaryimage"},"thumbnailUrl":"https:\/\/jornalfatosenoticias.com.br\/wp-content\/uploads\/2023\/11\/particula-amaterasu-energetica-.raio-cosmico2-jpeg.png","datePublished":"2023-12-04T13:28:02+00:00","dateModified":"2023-12-04T13:28:05+00:00","breadcrumb":{"@id":"https:\/\/jornalfatosenoticias.com.br\/index.php\/2023\/12\/04\/raio-cosmico-mais-poderoso-ja-detectado-em-30-anos-veio-de-fora-da-nossa-galaxia\/#breadcrumb"},"inLanguage":"pt-BR","potentialAction":[{"@type":"ReadAction","target":["https:\/\/jornalfatosenoticias.com.br\/index.php\/2023\/12\/04\/raio-cosmico-mais-poderoso-ja-detectado-em-30-anos-veio-de-fora-da-nossa-galaxia\/"]}]},{"@type":"ImageObject","inLanguage":"pt-BR","@id":"https:\/\/jornalfatosenoticias.com.br\/index.php\/2023\/12\/04\/raio-cosmico-mais-poderoso-ja-detectado-em-30-anos-veio-de-fora-da-nossa-galaxia\/#primaryimage","url":"https:\/\/jornalfatosenoticias.com.br\/wp-content\/uploads\/2023\/11\/particula-amaterasu-energetica-.raio-cosmico2-jpeg.png","contentUrl":"https:\/\/jornalfatosenoticias.com.br\/wp-content\/uploads\/2023\/11\/particula-amaterasu-energetica-.raio-cosmico2-jpeg.png","width":1000,"height":620},{"@type":"BreadcrumbList","@id":"https:\/\/jornalfatosenoticias.com.br\/index.php\/2023\/12\/04\/raio-cosmico-mais-poderoso-ja-detectado-em-30-anos-veio-de-fora-da-nossa-galaxia\/#breadcrumb","itemListElement":[{"@type":"ListItem","position":1,"name":"In\u00edcio","item":"https:\/\/jornalfatosenoticias.com.br\/"},{"@type":"ListItem","position":2,"name":"Raio c\u00f3smico mais poderoso j\u00e1 detectado em 30 anos veio de fora da nossa gal\u00e1xia"}]},{"@type":"WebSite","@id":"https:\/\/jornalfatosenoticias.com.br\/#website","url":"https:\/\/jornalfatosenoticias.com.br\/","name":"Jornal Fatos e Not\u00edcias","description":"Not\u00edcias em geral","publisher":{"@id":"https:\/\/jornalfatosenoticias.com.br\/#organization"},"potentialAction":[{"@type":"SearchAction","target":{"@type":"EntryPoint","urlTemplate":"https:\/\/jornalfatosenoticias.com.br\/?s={search_term_string}"},"query-input":{"@type":"PropertyValueSpecification","valueRequired":true,"valueName":"search_term_string"}}],"inLanguage":"pt-BR"},{"@type":"Organization","@id":"https:\/\/jornalfatosenoticias.com.br\/#organization","name":"Jornal Fatos e Not\u00edcias","url":"https:\/\/jornalfatosenoticias.com.br\/","logo":{"@type":"ImageObject","inLanguage":"pt-BR","@id":"https:\/\/jornalfatosenoticias.com.br\/#\/schema\/logo\/image\/","url":"https:\/\/jornalfatosenoticias.com.br\/wp-content\/uploads\/2020\/02\/logo120.png","contentUrl":"https:\/\/jornalfatosenoticias.com.br\/wp-content\/uploads\/2020\/02\/logo120.png","width":1227,"height":120,"caption":"Jornal Fatos e Not\u00edcias"},"image":{"@id":"https:\/\/jornalfatosenoticias.com.br\/#\/schema\/logo\/image\/"}},{"@type":"Person","@id":"https:\/\/jornalfatosenoticias.com.br\/#\/schema\/person\/d63837fa13ac8666eb9e74e0985d6f81","name":"Luzimara Fernandes","image":{"@type":"ImageObject","inLanguage":"pt-BR","@id":"https:\/\/jornalfatosenoticias.com.br\/#\/schema\/person\/image\/","url":"https:\/\/jornalfatosenoticias.com.br\/wp-content\/uploads\/2025\/05\/EU_portal.jpg","contentUrl":"https:\/\/jornalfatosenoticias.com.br\/wp-content\/uploads\/2025\/05\/EU_portal.jpg","caption":"Luzimara Fernandes"},"description":"Jornalista MTB 2358-ES","sameAs":["https:\/\/jornalfatosenoticias.com.br"],"url":"https:\/\/jornalfatosenoticias.com.br\/index.php\/author\/luzimara\/"}]}},"cc_featured_image_caption":{"caption_text":"","source_text":"","source_url":""},"jetpack_featured_media_url":"https:\/\/jornalfatosenoticias.com.br\/wp-content\/uploads\/2023\/11\/particula-amaterasu-energetica-.raio-cosmico2-jpeg.png","_links":{"self":[{"href":"https:\/\/jornalfatosenoticias.com.br\/index.php\/wp-json\/wp\/v2\/posts\/47438","targetHints":{"allow":["GET"]}}],"collection":[{"href":"https:\/\/jornalfatosenoticias.com.br\/index.php\/wp-json\/wp\/v2\/posts"}],"about":[{"href":"https:\/\/jornalfatosenoticias.com.br\/index.php\/wp-json\/wp\/v2\/types\/post"}],"author":[{"embeddable":true,"href":"https:\/\/jornalfatosenoticias.com.br\/index.php\/wp-json\/wp\/v2\/users\/2"}],"replies":[{"embeddable":true,"href":"https:\/\/jornalfatosenoticias.com.br\/index.php\/wp-json\/wp\/v2\/comments?post=47438"}],"version-history":[{"count":0,"href":"https:\/\/jornalfatosenoticias.com.br\/index.php\/wp-json\/wp\/v2\/posts\/47438\/revisions"}],"wp:featuredmedia":[{"embeddable":true,"href":"https:\/\/jornalfatosenoticias.com.br\/index.php\/wp-json\/wp\/v2\/media\/47253"}],"wp:attachment":[{"href":"https:\/\/jornalfatosenoticias.com.br\/index.php\/wp-json\/wp\/v2\/media?parent=47438"}],"wp:term":[{"taxonomy":"category","embeddable":true,"href":"https:\/\/jornalfatosenoticias.com.br\/index.php\/wp-json\/wp\/v2\/categories?post=47438"},{"taxonomy":"post_tag","embeddable":true,"href":"https:\/\/jornalfatosenoticias.com.br\/index.php\/wp-json\/wp\/v2\/tags?post=47438"}],"curies":[{"name":"wp","href":"https:\/\/api.w.org\/{rel}","templated":true}]}}