{"id":47455,"date":"2023-12-04T11:59:42","date_gmt":"2023-12-04T14:59:42","guid":{"rendered":"https:\/\/jornalfatosenoticias.com.br\/?p=47455"},"modified":"2023-12-04T11:59:43","modified_gmt":"2023-12-04T14:59:43","slug":"governo-lula-pode-usar-morte-de-cleriston-para-apoiar-tese-do-desencarceramento","status":"publish","type":"post","link":"https:\/\/jornalfatosenoticias.com.br\/index.php\/2023\/12\/04\/governo-lula-pode-usar-morte-de-cleriston-para-apoiar-tese-do-desencarceramento\/","title":{"rendered":"Governo Lula pode usar morte de Cleriston para apoiar tese do desencarceramento"},"content":{"rendered":"\n<p><span class=\"has-inline-color has-black-color\"><em>Desde in\u00edcio do governo, ministros, secret\u00e1rios e Lula t\u00eam se manifestado favoravelmente ao desencarceramento como solu\u00e7\u00e3o para problemas nos pres\u00eddios. Especialistas afirmam que essa n\u00e3o \u00e9 a \u00fanica solu\u00e7\u00e3o para a superpopula\u00e7\u00e3o carcer\u00e1ria, nem a melhor<\/em><\/span><\/p>\n\n\n\n<p><span class=\"has-inline-color has-black-color\">Por <strong><a href=\"https:\/\/www.gazetadopovo.com.br\/autor\/marlice-pinto-vilela\/\">Marlice Pinto Vilela<\/a><\/strong><\/span><\/p>\n\n\n\n<div class=\"wp-block-image\"><figure class=\"aligncenter size-large is-resized\"><img loading=\"lazy\" decoding=\"async\" src=\"https:\/\/jornalfatosenoticias.com.br\/wp-content\/uploads\/2023\/09\/vetorvix1024_1.jpg\" alt=\"\" class=\"wp-image-44868\" width=\"419\" height=\"111\" srcset=\"https:\/\/jornalfatosenoticias.com.br\/wp-content\/uploads\/2023\/09\/vetorvix1024_1.jpg 1024w, https:\/\/jornalfatosenoticias.com.br\/wp-content\/uploads\/2023\/09\/vetorvix1024_1-300x80.jpg 300w, https:\/\/jornalfatosenoticias.com.br\/wp-content\/uploads\/2023\/09\/vetorvix1024_1-768x205.jpg 768w\" sizes=\"auto, (max-width: 419px) 100vw, 419px\" \/><\/figure><\/div>\n\n\n\n<p>A morte de um preso do 8 de janeiro tende a ser usada de forma indevida pelo governo Lula para dar continuidade \u00e0 sua defesa do desencarceramento como pol\u00edtica p\u00fablica para melhorar as condi\u00e7\u00f5es das penitenci\u00e1rias. O problema da superpopula\u00e7\u00e3o carcer\u00e1ria \u00e9 real, precisa ser enfrentado, mas a solu\u00e7\u00e3o de liberar criminosos n\u00e3o \u00e9 a \u00fanica nem a melhor. Mas ela pode avan\u00e7ar, principalmente porque o Supremo Tribunal Federal (STF) tamb\u00e9m a encampou, em recente decis\u00e3o em uma a\u00e7\u00e3o do PSOL. Para completar, o tema foi pauta dos encontros entre a \u201cdama do tr\u00e1fico\u201d com autoridades do minist\u00e9rio da Justi\u00e7a.<br>O pr\u00f3prio ministro S\u00edlvio Almeida, dos Direitos Humanos, ao falar da morte de Cleriston Pereira da Cunha, relacionou o fato com os projetos da pasta que buscam melhorias para a popula\u00e7\u00e3o carcer\u00e1ria.<\/p>\n\n\n\n<blockquote class=\"wp-block-quote is-layout-flow wp-block-quote-is-layout-flow\"><p><span class=\"has-inline-color has-luminous-vivid-orange-color\">A morte do senhor Cleriston \u00e9 o resultado das v\u00e1rias mazelas que o pr\u00f3prio Supremo Tribunal Federal j\u00e1 reconheceu sendo um estado de coisas inconstitucional\u201d, afirmou Si\u00edvio Almeida. A declara\u00e7\u00e3o foi feita durante uma entrevista \u00e0 R\u00e1dio Itatiaia, na \u00faltima ter\u00e7a-feira (28).<\/span><\/p><\/blockquote>\n\n\n\n<div class=\"wp-block-image\"><figure class=\"aligncenter size-large is-resized\"><img loading=\"lazy\" decoding=\"async\" src=\"https:\/\/jornalfatosenoticias.com.br\/wp-content\/uploads\/2020\/02\/logo-Rapuzel-1024x571.jpg\" alt=\"\" class=\"wp-image-42808\" width=\"375\" height=\"209\" srcset=\"https:\/\/jornalfatosenoticias.com.br\/wp-content\/uploads\/2020\/02\/logo-Rapuzel-1024x571.jpg 1024w, https:\/\/jornalfatosenoticias.com.br\/wp-content\/uploads\/2020\/02\/logo-Rapuzel-300x167.jpg 300w, https:\/\/jornalfatosenoticias.com.br\/wp-content\/uploads\/2020\/02\/logo-Rapuzel-768x428.jpg 768w, https:\/\/jornalfatosenoticias.com.br\/wp-content\/uploads\/2020\/02\/logo-Rapuzel-1536x856.jpg 1536w, https:\/\/jornalfatosenoticias.com.br\/wp-content\/uploads\/2020\/02\/logo-Rapuzel.jpg 1600w\" sizes=\"auto, (max-width: 375px) 100vw, 375px\" \/><\/figure><\/div>\n\n\n\n<p>O que o ministro n\u00e3o mencionou \u00e9 a excepcionalidade do caso de Cleriston, com abusos que extrapolam os problemas de outros detentos: ele estava preso preventivamente h\u00e1 mais de 10 meses, por ordem do STF mesmo n\u00e3o tendo foro privilegiado, sem antecedentes criminais, apresentando diversas comorbidades e sem provas de vandalismo ou de participar de organiza\u00e7\u00e3o criminosa.<\/p>\n\n\n\n<div class=\"wp-block-image\"><figure class=\"aligncenter size-large\"><img loading=\"lazy\" decoding=\"async\" width=\"300\" height=\"300\" src=\"https:\/\/jornalfatosenoticias.com.br\/wp-content\/uploads\/2020\/02\/casa-do-torresmo_portal.jpg\" alt=\"\" class=\"wp-image-34472\" srcset=\"https:\/\/jornalfatosenoticias.com.br\/wp-content\/uploads\/2020\/02\/casa-do-torresmo_portal.jpg 300w, https:\/\/jornalfatosenoticias.com.br\/wp-content\/uploads\/2020\/02\/casa-do-torresmo_portal-150x150.jpg 150w\" sizes=\"auto, (max-width: 300px) 100vw, 300px\" \/><\/figure><\/div>\n\n\n\n<p>Ao decidir favoravelmente pela peti\u00e7\u00e3o do PSOL, o STF, que manteve Cleriston preso, entendeu que o sistema carcer\u00e1rio possui um \u201cestado de coisas inconstitucionais\u201d. O termo significa que h\u00e1 viola\u00e7\u00e3o de diversos direitos dos presos, como direito \u00e0 dignidade da pessoa, \u00e0 sa\u00fade e \u00e0 justi\u00e7a, atestando uma situa\u00e7\u00e3o not\u00f3ria no Pa\u00eds. A partir disso, no entanto, a Corte fez uma s\u00e9rie de exig\u00eancias question\u00e1veis aos entes federativos. Especialistas veem nessas imposi\u00e7\u00f5es do STF, entre outros problemas, uma viola\u00e7\u00e3o do princ\u00edpio da reserva do poss\u00edvel, quando o Judici\u00e1rio exige a execu\u00e7\u00e3o de medidas invi\u00e1veis ao poder p\u00fablico \u2014 como se problemas complexos pudessem ser resolvidos por uma decis\u00e3o burocr\u00e1tica.<\/p>\n\n\n\n<div class=\"wp-block-image\"><figure class=\"aligncenter size-large is-resized\"><img loading=\"lazy\" decoding=\"async\" src=\"https:\/\/jornalfatosenoticias.com.br\/wp-content\/uploads\/2023\/03\/nova-logo-Marquetti.jpg\" alt=\"\" class=\"wp-image-40207\" width=\"340\" height=\"228\" srcset=\"https:\/\/jornalfatosenoticias.com.br\/wp-content\/uploads\/2023\/03\/nova-logo-Marquetti.jpg 643w, https:\/\/jornalfatosenoticias.com.br\/wp-content\/uploads\/2023\/03\/nova-logo-Marquetti-300x202.jpg 300w\" sizes=\"auto, (max-width: 340px) 100vw, 340px\" \/><\/figure><\/div>\n\n\n\n<p><strong><span class=\"has-inline-color has-vivid-red-color\">STF, \u201cdama do tr\u00e1fico\u201d e governo Lula defendem desencarceramento<br><\/span><\/strong>\u201cA estrat\u00e9gia da esquerda em geral \u00e9 a seguinte: eles n\u00e3o permitem a constru\u00e7\u00e3o de novos pres\u00eddios, e reclamam do problema de superlota\u00e7\u00e3o carcer\u00e1ria, que \u00e9 um problema real. Mas eles n\u00e3o querem como solu\u00e7\u00e3o para esse problema a constru\u00e7\u00e3o de novas vagas. Eles querem a soltura dos criminosos\u201d, explica Marcelo Monteiro, procurador de Justi\u00e7a do Minist\u00e9rio P\u00fablico do Rio de Janeiro.<\/p>\n\n\n\n<div class=\"wp-block-image\"><figure class=\"aligncenter size-large\"><img decoding=\"async\" src=\"https:\/\/jornalfatosenoticias.com.br\/wp-content\/uploads\/2020\/02\/barao-das-carnes-300x164-1.jpg\" alt=\"\" class=\"wp-image-34339\"\/><\/figure><\/div>\n\n\n\n<p>As medidas exigidas pelo PSOL e acatadas pelo Supremo incluem, entre outras a\u00e7\u00f5es, que o Conselho Nacional de Justi\u00e7a (CNJ) fa\u00e7a um novo mutir\u00e3o para liberar criminosos e que ju\u00edzes justifiquem explicitamente o motivo de n\u00e3o oferecer aos criminosos penas alternativas. Apenas em 2023, o CNJ j\u00e1 soltou 21 mil presos. Al\u00e9m disso, imp\u00f5em que o governo federal e os governos estaduais apresentem um plano de trabalho para garantir melhorias no sistema carcer\u00e1rio.<\/p>\n\n\n\n<div class=\"wp-block-image\"><figure class=\"aligncenter size-large is-resized\"><img loading=\"lazy\" decoding=\"async\" src=\"https:\/\/jornalfatosenoticias.com.br\/wp-content\/uploads\/2022\/02\/Precisao-Contabilidade-1024x724.jpg\" alt=\"\" class=\"wp-image-28088\" width=\"364\" height=\"257\"\/><\/figure><\/div>\n\n\n\n<blockquote class=\"wp-block-quote is-layout-flow wp-block-quote-is-layout-flow\"><p>Inclusive, foi a elabora\u00e7\u00e3o do plano nacional que levou a \u201cdama do tr\u00e1fico\u201d a reuni\u00f5es com autoridades do minist\u00e9rio da Justi\u00e7a do governo Lula. Luciane Barbosa Farias, esposa do l\u00edder da fac\u00e7\u00e3o do Comando Vermelho no Amazonas, afirmou que queria contribuir com o plano nacional que est\u00e1 sendo elaborado pela equipe de Fl\u00e1vio Dino. Os custos com passagens e di\u00e1rias de Luciane foram pagos pelo minist\u00e9rio dos Direitos Humanos, pasta comandada por S\u00edlvio Almeida.<\/p><\/blockquote>\n\n\n\n<div class=\"wp-block-image\"><figure class=\"aligncenter size-large is-resized\"><img loading=\"lazy\" decoding=\"async\" src=\"https:\/\/jornalfatosenoticias.com.br\/wp-content\/uploads\/2023\/11\/cromotec.jpg\" alt=\"\" class=\"wp-image-46804\" width=\"307\" height=\"183\" srcset=\"https:\/\/jornalfatosenoticias.com.br\/wp-content\/uploads\/2023\/11\/cromotec.jpg 453w, https:\/\/jornalfatosenoticias.com.br\/wp-content\/uploads\/2023\/11\/cromotec-300x179.jpg 300w\" sizes=\"auto, (max-width: 307px) 100vw, 307px\" \/><\/figure><\/div>\n\n\n\n<p><span class=\"has-inline-color has-vivid-red-color\"><strong>Esquerda defende linha do \u201cabolicionismo penal\u201d<br><\/strong><\/span>\u201cO Brasil n\u00e3o prende demais, o Brasil prende de menos\u201d, afirma Monteiro. Segundo ele, o n\u00famero de pris\u00f5es efetivas ainda \u00e9 pequeno quando comparado com a quantidade de crimes cometidos no Pa\u00eds. \u201cO Brasil n\u00e3o prende nem 10% dos assassinos e 5% dos assaltantes. Somos um dos pa\u00edses com maiores \u00edndices de criminalidade\u201d, afirma.<br>Desde os primeiros meses do governo Lula, ministros, secret\u00e1rios e o pr\u00f3prio Lula t\u00eam se manifestado favor\u00e1veis a libera\u00e7\u00e3o de criminosos como solu\u00e7\u00e3o para os problemas nos pres\u00eddios.<\/p>\n\n\n\n<div class=\"wp-block-image\"><figure class=\"aligncenter size-large\"><img decoding=\"async\" src=\"https:\/\/jornalfatosenoticias.com.br\/wp-content\/uploads\/2020\/02\/logo_esteio.jpg\" alt=\"\" class=\"wp-image-1214\"\/><\/figure><\/div>\n\n\n\n<blockquote class=\"wp-block-quote is-layout-flow wp-block-quote-is-layout-flow\"><p><span class=\"has-inline-color has-luminous-vivid-orange-color\">Se a gente for pensar nas demandas da sociedade, solucionar os problemas do sistema carcer\u00e1rio n\u00e3o \u00e9 uma quest\u00e3o priorit\u00e1ria. Mas a solu\u00e7\u00e3o n\u00e3o \u00e9 soltar todo mundo\u201d, afirma o advogado penalista, Jo\u00e3o Rezende.<\/span><\/p><\/blockquote>\n\n\n\n<div class=\"wp-block-image\"><figure class=\"aligncenter size-large is-resized\"><img loading=\"lazy\" decoding=\"async\" src=\"https:\/\/jornalfatosenoticias.com.br\/wp-content\/uploads\/2020\/02\/LOGO-BLU-COMERCIAL-PRETO-1024x600.jpg\" alt=\"\" class=\"wp-image-44089\" width=\"363\" height=\"212\"\/><\/figure><\/div>\n\n\n\n<p>Ele explica que o \u201cabolicionismo penal\u201d \u00e9 defendido por parte da esquerda dentro das discuss\u00f5es acad\u00eamicas do direito. Para os defensores desta linha \u201cse a cadeia \u00e9 um instrumento de controle e manipula\u00e7\u00e3o, a solu\u00e7\u00e3o \u00e9 acabar com o sistema penal\u201d, esclarece.<br>Para Rezende, o jogo pol\u00edtico influencia na cria\u00e7\u00e3o do ordenamento jur\u00eddico e at\u00e9 nas decis\u00f5es dos magistrados. A Gazeta do Povo j\u00e1 mostrou diversas decis\u00f5es da Justi\u00e7a pela soltura de traficantes de fac\u00e7\u00f5es criminosas. Ao mesmo tempo, participantes dos atos do 8 de janeiro, como Cleriston, est\u00e3o presos preventivamente h\u00e1 meses, apesar de manifesta\u00e7\u00f5es da PGR a favor da liberdade deles.<\/p>\n\n\n\n<div class=\"wp-block-image\"><figure class=\"aligncenter size-large is-resized\"><img loading=\"lazy\" decoding=\"async\" src=\"https:\/\/jornalfatosenoticias.com.br\/wp-content\/uploads\/2023\/08\/BKR-1024x1021.jpg\" alt=\"\" class=\"wp-image-44494\" width=\"316\" height=\"314\" srcset=\"https:\/\/jornalfatosenoticias.com.br\/wp-content\/uploads\/2023\/08\/BKR-1024x1021.jpg 1024w, https:\/\/jornalfatosenoticias.com.br\/wp-content\/uploads\/2023\/08\/BKR-150x150.jpg 150w, https:\/\/jornalfatosenoticias.com.br\/wp-content\/uploads\/2023\/08\/BKR-768x766.jpg 768w, https:\/\/jornalfatosenoticias.com.br\/wp-content\/uploads\/2023\/08\/BKR.jpg 1080w\" sizes=\"auto, (max-width: 316px) 100vw, 316px\" \/><\/figure><\/div>\n\n\n\n<blockquote class=\"wp-block-quote is-layout-flow wp-block-quote-is-layout-flow\"><p><span class=\"has-inline-color has-luminous-vivid-orange-color\">O sistema penal seleciona condutas que s\u00e3o tidas por criminosos por quem est\u00e1 no poder. Qualquer crime que est\u00e1 tipificado no ordenamento jur\u00eddico \u00e9 pol\u00edtico porque houve uma decis\u00e3o pol\u00edtica por tr\u00e1s para definir que a conduta \u00e9 criminosa, merece repress\u00e3o e determinada pena. Quem est\u00e1 no poder \u00e9 quem define\u201d, explica Rezende. \u201cO resultado disso \u00e9 que pessoas que participaram dos atos do 8 de janeiro, sem provas individualizadas que cometeram crime, recebem penas maiores que um criminoso por estupro de uma crian\u00e7a receberia\u201d, ilustra Rezende.<\/span><\/p><\/blockquote>\n\n\n\n<div class=\"wp-block-image\"><figure class=\"aligncenter size-large\"><img loading=\"lazy\" decoding=\"async\" width=\"300\" height=\"250\" src=\"https:\/\/jornalfatosenoticias.com.br\/wp-content\/uploads\/2022\/08\/arte-Casarao.jpg\" alt=\"\" class=\"wp-image-33178\"\/><\/figure><\/div>\n\n\n\n<p><strong><span class=\"has-inline-color has-vivid-red-color\">Para especialista, penalizar crimes menos graves evita reincid\u00eancia<br><\/span><\/strong>O projeto de lei 4540\/2021 segue a linha do abolicionismo penal. O texto, que tramita na C\u00e2mara dos Deputados, \u00e9 de autoria da deputada Tal\u00edria Petrone (PSOL-RJ) e defende que furtos insignificantes n\u00e3o devem ser considerados crime, ainda que reincidente.<\/p>\n\n\n\n<div class=\"wp-block-image\"><figure class=\"aligncenter size-large is-resized\"><img loading=\"lazy\" decoding=\"async\" src=\"https:\/\/jornalfatosenoticias.com.br\/wp-content\/uploads\/2023\/07\/lacremoda.jpg\" alt=\"\" class=\"wp-image-43706\" width=\"349\" height=\"195\" srcset=\"https:\/\/jornalfatosenoticias.com.br\/wp-content\/uploads\/2023\/07\/lacremoda.jpg 1024w, https:\/\/jornalfatosenoticias.com.br\/wp-content\/uploads\/2023\/07\/lacremoda-300x168.jpg 300w, https:\/\/jornalfatosenoticias.com.br\/wp-content\/uploads\/2023\/07\/lacremoda-768x431.jpg 768w\" sizes=\"auto, (max-width: 349px) 100vw, 349px\" \/><\/figure><\/div>\n\n\n\n<p>Marcelo Monteiro relembrou que na Calif\u00f3rnia, nos Estados Unidos, uma lei semelhante foi aprovada. O n\u00famero de furtos no estado aumentou consideravelmente ap\u00f3s a altera\u00e7\u00e3o da legisla\u00e7\u00e3o. \u201cTem cenas de sujeitos que entram em lojas com uma m\u00e1quina de calcular e vai somando o valor dos produtos que ele est\u00e1 furtando para garantir que est\u00e1 abaixo do limite que poderia ser processado\u201d, conta.<\/p>\n\n\n\n<div class=\"wp-block-image\"><figure class=\"aligncenter size-large\"><img loading=\"lazy\" decoding=\"async\" width=\"300\" height=\"250\" src=\"https:\/\/jornalfatosenoticias.com.br\/wp-content\/uploads\/2022\/02\/FERRARI_MAQUINAS-E-FERRAMENTAS2.jpg\" alt=\"\" class=\"wp-image-27860\"\/><\/figure><\/div>\n\n\n\n<blockquote class=\"wp-block-quote is-layout-flow wp-block-quote-is-layout-flow\"><p><span class=\"has-inline-color has-luminous-vivid-orange-color\">O criminoso nunca come\u00e7a como chefe de fac\u00e7\u00e3o do tr\u00e1fico, como integrante de uma grande quadrilha de assalto a banco. Ele come\u00e7a com o pequeno crime. Quando o primeiro crime n\u00e3o \u00e9 reprimido, ele escala para um crime maior\u201d, explica Monteiro.<\/span><\/p><\/blockquote>\n\n\n\n<p><strong><em>Fonte: <a href=\"https:\/\/www.gazetadopovo.com.br\/vida-e-cidadania\/governo-lula-pode-usar-morte-de-cleriston-para-apoiar-tese-do-desencarceramento\/\">Gazeta do Povo<\/a><\/em><\/strong><\/p>\n","protected":false},"excerpt":{"rendered":"<p>Desde in\u00edcio do governo, ministros, secret\u00e1rios e Lula t\u00eam se manifestado favoravelmente ao desencarceramento como solu\u00e7\u00e3o para problemas nos pres\u00eddios. Especialistas afirmam que essa n\u00e3o \u00e9 a \u00fanica solu\u00e7\u00e3o para a superpopula\u00e7\u00e3o carcer\u00e1ria, nem a melhor Por Marlice Pinto Vilela A morte de um preso do 8 de janeiro tende a ser usada de forma [&hellip;]<\/p>\n","protected":false},"author":2,"featured_media":47456,"comment_status":"open","ping_status":"open","sticky":false,"template":"","format":"standard","meta":{"footnotes":""},"categories":[5],"tags":[22197,21332,22199,18157,4968,22198],"class_list":["post-47455","post","type-post","status-publish","format-standard","has-post-thumbnail","hentry","category-geral","tag-abolicionismo-penal","tag-ativismo-do-stf","tag-desencarceramento","tag-desgoverno-lula","tag-esquerda","tag-morte-de-cleriston"],"yoast_head":"<!-- This site is optimized with the Yoast SEO plugin v26.5 - https:\/\/yoast.com\/wordpress\/plugins\/seo\/ -->\n<title>Governo Lula pode usar morte de Cleriston para apoiar tese do desencarceramento - Jornal Fatos e Not\u00edcias<\/title>\n<meta name=\"robots\" content=\"index, follow, max-snippet:-1, max-image-preview:large, max-video-preview:-1\" \/>\n<link rel=\"canonical\" href=\"https:\/\/jornalfatosenoticias.com.br\/index.php\/2023\/12\/04\/governo-lula-pode-usar-morte-de-cleriston-para-apoiar-tese-do-desencarceramento\/\" \/>\n<meta property=\"og:locale\" content=\"pt_BR\" \/>\n<meta property=\"og:type\" content=\"article\" \/>\n<meta property=\"og:title\" content=\"Governo Lula pode usar morte de Cleriston para apoiar tese do desencarceramento - Jornal Fatos e Not\u00edcias\" \/>\n<meta property=\"og:description\" content=\"Desde in\u00edcio do governo, ministros, secret\u00e1rios e Lula t\u00eam se manifestado favoravelmente ao desencarceramento como solu\u00e7\u00e3o para problemas nos pres\u00eddios. Especialistas afirmam que essa n\u00e3o \u00e9 a \u00fanica solu\u00e7\u00e3o para a superpopula\u00e7\u00e3o carcer\u00e1ria, nem a melhor Por Marlice Pinto Vilela A morte de um preso do 8 de janeiro tende a ser usada de forma [&hellip;]\" \/>\n<meta property=\"og:url\" content=\"https:\/\/jornalfatosenoticias.com.br\/index.php\/2023\/12\/04\/governo-lula-pode-usar-morte-de-cleriston-para-apoiar-tese-do-desencarceramento\/\" \/>\n<meta property=\"og:site_name\" content=\"Jornal Fatos e Not\u00edcias\" \/>\n<meta property=\"article:published_time\" content=\"2023-12-04T14:59:42+00:00\" \/>\n<meta property=\"article:modified_time\" content=\"2023-12-04T14:59:43+00:00\" \/>\n<meta property=\"og:image\" content=\"https:\/\/jornalfatosenoticias.com.br\/wp-content\/uploads\/2023\/12\/desgoverno-lula.jpg\" \/>\n\t<meta property=\"og:image:width\" content=\"1000\" \/>\n\t<meta property=\"og:image:height\" content=\"666\" \/>\n\t<meta property=\"og:image:type\" content=\"image\/jpeg\" \/>\n<meta name=\"author\" content=\"Luzimara Fernandes\" \/>\n<meta name=\"twitter:card\" content=\"summary_large_image\" \/>\n<meta name=\"twitter:label1\" content=\"Escrito por\" \/>\n\t<meta name=\"twitter:data1\" content=\"Luzimara Fernandes\" \/>\n\t<meta name=\"twitter:label2\" content=\"Est. tempo de leitura\" \/>\n\t<meta name=\"twitter:data2\" content=\"6 minutos\" \/>\n<script type=\"application\/ld+json\" class=\"yoast-schema-graph\">{\"@context\":\"https:\/\/schema.org\",\"@graph\":[{\"@type\":\"Article\",\"@id\":\"https:\/\/jornalfatosenoticias.com.br\/index.php\/2023\/12\/04\/governo-lula-pode-usar-morte-de-cleriston-para-apoiar-tese-do-desencarceramento\/#article\",\"isPartOf\":{\"@id\":\"https:\/\/jornalfatosenoticias.com.br\/index.php\/2023\/12\/04\/governo-lula-pode-usar-morte-de-cleriston-para-apoiar-tese-do-desencarceramento\/\"},\"author\":{\"name\":\"Luzimara Fernandes\",\"@id\":\"https:\/\/jornalfatosenoticias.com.br\/#\/schema\/person\/d63837fa13ac8666eb9e74e0985d6f81\"},\"headline\":\"Governo Lula pode usar morte de Cleriston para apoiar tese do desencarceramento\",\"datePublished\":\"2023-12-04T14:59:42+00:00\",\"dateModified\":\"2023-12-04T14:59:43+00:00\",\"mainEntityOfPage\":{\"@id\":\"https:\/\/jornalfatosenoticias.com.br\/index.php\/2023\/12\/04\/governo-lula-pode-usar-morte-de-cleriston-para-apoiar-tese-do-desencarceramento\/\"},\"wordCount\":1190,\"commentCount\":0,\"publisher\":{\"@id\":\"https:\/\/jornalfatosenoticias.com.br\/#organization\"},\"image\":{\"@id\":\"https:\/\/jornalfatosenoticias.com.br\/index.php\/2023\/12\/04\/governo-lula-pode-usar-morte-de-cleriston-para-apoiar-tese-do-desencarceramento\/#primaryimage\"},\"thumbnailUrl\":\"https:\/\/jornalfatosenoticias.com.br\/wp-content\/uploads\/2023\/12\/desgoverno-lula.jpg\",\"keywords\":[\"abolicionismo penal\",\"ativismo do STF\",\"desencarceramento\",\"desgoverno Lula\",\"esquerda\",\"morte de Cleriston\"],\"articleSection\":[\"Geral\"],\"inLanguage\":\"pt-BR\",\"potentialAction\":[{\"@type\":\"CommentAction\",\"name\":\"Comment\",\"target\":[\"https:\/\/jornalfatosenoticias.com.br\/index.php\/2023\/12\/04\/governo-lula-pode-usar-morte-de-cleriston-para-apoiar-tese-do-desencarceramento\/#respond\"]}]},{\"@type\":\"WebPage\",\"@id\":\"https:\/\/jornalfatosenoticias.com.br\/index.php\/2023\/12\/04\/governo-lula-pode-usar-morte-de-cleriston-para-apoiar-tese-do-desencarceramento\/\",\"url\":\"https:\/\/jornalfatosenoticias.com.br\/index.php\/2023\/12\/04\/governo-lula-pode-usar-morte-de-cleriston-para-apoiar-tese-do-desencarceramento\/\",\"name\":\"Governo Lula pode usar morte de Cleriston para apoiar tese do desencarceramento - Jornal Fatos e Not\u00edcias\",\"isPartOf\":{\"@id\":\"https:\/\/jornalfatosenoticias.com.br\/#website\"},\"primaryImageOfPage\":{\"@id\":\"https:\/\/jornalfatosenoticias.com.br\/index.php\/2023\/12\/04\/governo-lula-pode-usar-morte-de-cleriston-para-apoiar-tese-do-desencarceramento\/#primaryimage\"},\"image\":{\"@id\":\"https:\/\/jornalfatosenoticias.com.br\/index.php\/2023\/12\/04\/governo-lula-pode-usar-morte-de-cleriston-para-apoiar-tese-do-desencarceramento\/#primaryimage\"},\"thumbnailUrl\":\"https:\/\/jornalfatosenoticias.com.br\/wp-content\/uploads\/2023\/12\/desgoverno-lula.jpg\",\"datePublished\":\"2023-12-04T14:59:42+00:00\",\"dateModified\":\"2023-12-04T14:59:43+00:00\",\"breadcrumb\":{\"@id\":\"https:\/\/jornalfatosenoticias.com.br\/index.php\/2023\/12\/04\/governo-lula-pode-usar-morte-de-cleriston-para-apoiar-tese-do-desencarceramento\/#breadcrumb\"},\"inLanguage\":\"pt-BR\",\"potentialAction\":[{\"@type\":\"ReadAction\",\"target\":[\"https:\/\/jornalfatosenoticias.com.br\/index.php\/2023\/12\/04\/governo-lula-pode-usar-morte-de-cleriston-para-apoiar-tese-do-desencarceramento\/\"]}]},{\"@type\":\"ImageObject\",\"inLanguage\":\"pt-BR\",\"@id\":\"https:\/\/jornalfatosenoticias.com.br\/index.php\/2023\/12\/04\/governo-lula-pode-usar-morte-de-cleriston-para-apoiar-tese-do-desencarceramento\/#primaryimage\",\"url\":\"https:\/\/jornalfatosenoticias.com.br\/wp-content\/uploads\/2023\/12\/desgoverno-lula.jpg\",\"contentUrl\":\"https:\/\/jornalfatosenoticias.com.br\/wp-content\/uploads\/2023\/12\/desgoverno-lula.jpg\",\"width\":1000,\"height\":666},{\"@type\":\"BreadcrumbList\",\"@id\":\"https:\/\/jornalfatosenoticias.com.br\/index.php\/2023\/12\/04\/governo-lula-pode-usar-morte-de-cleriston-para-apoiar-tese-do-desencarceramento\/#breadcrumb\",\"itemListElement\":[{\"@type\":\"ListItem\",\"position\":1,\"name\":\"In\u00edcio\",\"item\":\"https:\/\/jornalfatosenoticias.com.br\/\"},{\"@type\":\"ListItem\",\"position\":2,\"name\":\"Governo Lula pode usar morte de Cleriston para apoiar tese do desencarceramento\"}]},{\"@type\":\"WebSite\",\"@id\":\"https:\/\/jornalfatosenoticias.com.br\/#website\",\"url\":\"https:\/\/jornalfatosenoticias.com.br\/\",\"name\":\"Jornal Fatos e Not\u00edcias\",\"description\":\"Not\u00edcias em geral\",\"publisher\":{\"@id\":\"https:\/\/jornalfatosenoticias.com.br\/#organization\"},\"potentialAction\":[{\"@type\":\"SearchAction\",\"target\":{\"@type\":\"EntryPoint\",\"urlTemplate\":\"https:\/\/jornalfatosenoticias.com.br\/?s={search_term_string}\"},\"query-input\":{\"@type\":\"PropertyValueSpecification\",\"valueRequired\":true,\"valueName\":\"search_term_string\"}}],\"inLanguage\":\"pt-BR\"},{\"@type\":\"Organization\",\"@id\":\"https:\/\/jornalfatosenoticias.com.br\/#organization\",\"name\":\"Jornal Fatos e Not\u00edcias\",\"url\":\"https:\/\/jornalfatosenoticias.com.br\/\",\"logo\":{\"@type\":\"ImageObject\",\"inLanguage\":\"pt-BR\",\"@id\":\"https:\/\/jornalfatosenoticias.com.br\/#\/schema\/logo\/image\/\",\"url\":\"https:\/\/jornalfatosenoticias.com.br\/wp-content\/uploads\/2020\/02\/logo120.png\",\"contentUrl\":\"https:\/\/jornalfatosenoticias.com.br\/wp-content\/uploads\/2020\/02\/logo120.png\",\"width\":1227,\"height\":120,\"caption\":\"Jornal Fatos e Not\u00edcias\"},\"image\":{\"@id\":\"https:\/\/jornalfatosenoticias.com.br\/#\/schema\/logo\/image\/\"}},{\"@type\":\"Person\",\"@id\":\"https:\/\/jornalfatosenoticias.com.br\/#\/schema\/person\/d63837fa13ac8666eb9e74e0985d6f81\",\"name\":\"Luzimara Fernandes\",\"image\":{\"@type\":\"ImageObject\",\"inLanguage\":\"pt-BR\",\"@id\":\"https:\/\/jornalfatosenoticias.com.br\/#\/schema\/person\/image\/\",\"url\":\"https:\/\/jornalfatosenoticias.com.br\/wp-content\/uploads\/2025\/05\/EU_portal.jpg\",\"contentUrl\":\"https:\/\/jornalfatosenoticias.com.br\/wp-content\/uploads\/2025\/05\/EU_portal.jpg\",\"caption\":\"Luzimara Fernandes\"},\"description\":\"Jornalista MTB 2358-ES\",\"sameAs\":[\"https:\/\/jornalfatosenoticias.com.br\"],\"url\":\"https:\/\/jornalfatosenoticias.com.br\/index.php\/author\/luzimara\/\"}]}<\/script>\n<!-- \/ Yoast SEO plugin. -->","yoast_head_json":{"title":"Governo Lula pode usar morte de Cleriston para apoiar tese do desencarceramento - Jornal Fatos e Not\u00edcias","robots":{"index":"index","follow":"follow","max-snippet":"max-snippet:-1","max-image-preview":"max-image-preview:large","max-video-preview":"max-video-preview:-1"},"canonical":"https:\/\/jornalfatosenoticias.com.br\/index.php\/2023\/12\/04\/governo-lula-pode-usar-morte-de-cleriston-para-apoiar-tese-do-desencarceramento\/","og_locale":"pt_BR","og_type":"article","og_title":"Governo Lula pode usar morte de Cleriston para apoiar tese do desencarceramento - Jornal Fatos e Not\u00edcias","og_description":"Desde in\u00edcio do governo, ministros, secret\u00e1rios e Lula t\u00eam se manifestado favoravelmente ao desencarceramento como solu\u00e7\u00e3o para problemas nos pres\u00eddios. Especialistas afirmam que essa n\u00e3o \u00e9 a \u00fanica solu\u00e7\u00e3o para a superpopula\u00e7\u00e3o carcer\u00e1ria, nem a melhor Por Marlice Pinto Vilela A morte de um preso do 8 de janeiro tende a ser usada de forma [&hellip;]","og_url":"https:\/\/jornalfatosenoticias.com.br\/index.php\/2023\/12\/04\/governo-lula-pode-usar-morte-de-cleriston-para-apoiar-tese-do-desencarceramento\/","og_site_name":"Jornal Fatos e Not\u00edcias","article_published_time":"2023-12-04T14:59:42+00:00","article_modified_time":"2023-12-04T14:59:43+00:00","og_image":[{"width":1000,"height":666,"url":"https:\/\/jornalfatosenoticias.com.br\/wp-content\/uploads\/2023\/12\/desgoverno-lula.jpg","type":"image\/jpeg"}],"author":"Luzimara Fernandes","twitter_card":"summary_large_image","twitter_misc":{"Escrito por":"Luzimara Fernandes","Est. tempo de leitura":"6 minutos"},"schema":{"@context":"https:\/\/schema.org","@graph":[{"@type":"Article","@id":"https:\/\/jornalfatosenoticias.com.br\/index.php\/2023\/12\/04\/governo-lula-pode-usar-morte-de-cleriston-para-apoiar-tese-do-desencarceramento\/#article","isPartOf":{"@id":"https:\/\/jornalfatosenoticias.com.br\/index.php\/2023\/12\/04\/governo-lula-pode-usar-morte-de-cleriston-para-apoiar-tese-do-desencarceramento\/"},"author":{"name":"Luzimara Fernandes","@id":"https:\/\/jornalfatosenoticias.com.br\/#\/schema\/person\/d63837fa13ac8666eb9e74e0985d6f81"},"headline":"Governo Lula pode usar morte de Cleriston para apoiar tese do desencarceramento","datePublished":"2023-12-04T14:59:42+00:00","dateModified":"2023-12-04T14:59:43+00:00","mainEntityOfPage":{"@id":"https:\/\/jornalfatosenoticias.com.br\/index.php\/2023\/12\/04\/governo-lula-pode-usar-morte-de-cleriston-para-apoiar-tese-do-desencarceramento\/"},"wordCount":1190,"commentCount":0,"publisher":{"@id":"https:\/\/jornalfatosenoticias.com.br\/#organization"},"image":{"@id":"https:\/\/jornalfatosenoticias.com.br\/index.php\/2023\/12\/04\/governo-lula-pode-usar-morte-de-cleriston-para-apoiar-tese-do-desencarceramento\/#primaryimage"},"thumbnailUrl":"https:\/\/jornalfatosenoticias.com.br\/wp-content\/uploads\/2023\/12\/desgoverno-lula.jpg","keywords":["abolicionismo penal","ativismo do STF","desencarceramento","desgoverno Lula","esquerda","morte de Cleriston"],"articleSection":["Geral"],"inLanguage":"pt-BR","potentialAction":[{"@type":"CommentAction","name":"Comment","target":["https:\/\/jornalfatosenoticias.com.br\/index.php\/2023\/12\/04\/governo-lula-pode-usar-morte-de-cleriston-para-apoiar-tese-do-desencarceramento\/#respond"]}]},{"@type":"WebPage","@id":"https:\/\/jornalfatosenoticias.com.br\/index.php\/2023\/12\/04\/governo-lula-pode-usar-morte-de-cleriston-para-apoiar-tese-do-desencarceramento\/","url":"https:\/\/jornalfatosenoticias.com.br\/index.php\/2023\/12\/04\/governo-lula-pode-usar-morte-de-cleriston-para-apoiar-tese-do-desencarceramento\/","name":"Governo Lula pode usar morte de Cleriston para apoiar tese do desencarceramento - Jornal Fatos e Not\u00edcias","isPartOf":{"@id":"https:\/\/jornalfatosenoticias.com.br\/#website"},"primaryImageOfPage":{"@id":"https:\/\/jornalfatosenoticias.com.br\/index.php\/2023\/12\/04\/governo-lula-pode-usar-morte-de-cleriston-para-apoiar-tese-do-desencarceramento\/#primaryimage"},"image":{"@id":"https:\/\/jornalfatosenoticias.com.br\/index.php\/2023\/12\/04\/governo-lula-pode-usar-morte-de-cleriston-para-apoiar-tese-do-desencarceramento\/#primaryimage"},"thumbnailUrl":"https:\/\/jornalfatosenoticias.com.br\/wp-content\/uploads\/2023\/12\/desgoverno-lula.jpg","datePublished":"2023-12-04T14:59:42+00:00","dateModified":"2023-12-04T14:59:43+00:00","breadcrumb":{"@id":"https:\/\/jornalfatosenoticias.com.br\/index.php\/2023\/12\/04\/governo-lula-pode-usar-morte-de-cleriston-para-apoiar-tese-do-desencarceramento\/#breadcrumb"},"inLanguage":"pt-BR","potentialAction":[{"@type":"ReadAction","target":["https:\/\/jornalfatosenoticias.com.br\/index.php\/2023\/12\/04\/governo-lula-pode-usar-morte-de-cleriston-para-apoiar-tese-do-desencarceramento\/"]}]},{"@type":"ImageObject","inLanguage":"pt-BR","@id":"https:\/\/jornalfatosenoticias.com.br\/index.php\/2023\/12\/04\/governo-lula-pode-usar-morte-de-cleriston-para-apoiar-tese-do-desencarceramento\/#primaryimage","url":"https:\/\/jornalfatosenoticias.com.br\/wp-content\/uploads\/2023\/12\/desgoverno-lula.jpg","contentUrl":"https:\/\/jornalfatosenoticias.com.br\/wp-content\/uploads\/2023\/12\/desgoverno-lula.jpg","width":1000,"height":666},{"@type":"BreadcrumbList","@id":"https:\/\/jornalfatosenoticias.com.br\/index.php\/2023\/12\/04\/governo-lula-pode-usar-morte-de-cleriston-para-apoiar-tese-do-desencarceramento\/#breadcrumb","itemListElement":[{"@type":"ListItem","position":1,"name":"In\u00edcio","item":"https:\/\/jornalfatosenoticias.com.br\/"},{"@type":"ListItem","position":2,"name":"Governo Lula pode usar morte de Cleriston para apoiar tese do desencarceramento"}]},{"@type":"WebSite","@id":"https:\/\/jornalfatosenoticias.com.br\/#website","url":"https:\/\/jornalfatosenoticias.com.br\/","name":"Jornal Fatos e Not\u00edcias","description":"Not\u00edcias em geral","publisher":{"@id":"https:\/\/jornalfatosenoticias.com.br\/#organization"},"potentialAction":[{"@type":"SearchAction","target":{"@type":"EntryPoint","urlTemplate":"https:\/\/jornalfatosenoticias.com.br\/?s={search_term_string}"},"query-input":{"@type":"PropertyValueSpecification","valueRequired":true,"valueName":"search_term_string"}}],"inLanguage":"pt-BR"},{"@type":"Organization","@id":"https:\/\/jornalfatosenoticias.com.br\/#organization","name":"Jornal Fatos e Not\u00edcias","url":"https:\/\/jornalfatosenoticias.com.br\/","logo":{"@type":"ImageObject","inLanguage":"pt-BR","@id":"https:\/\/jornalfatosenoticias.com.br\/#\/schema\/logo\/image\/","url":"https:\/\/jornalfatosenoticias.com.br\/wp-content\/uploads\/2020\/02\/logo120.png","contentUrl":"https:\/\/jornalfatosenoticias.com.br\/wp-content\/uploads\/2020\/02\/logo120.png","width":1227,"height":120,"caption":"Jornal Fatos e Not\u00edcias"},"image":{"@id":"https:\/\/jornalfatosenoticias.com.br\/#\/schema\/logo\/image\/"}},{"@type":"Person","@id":"https:\/\/jornalfatosenoticias.com.br\/#\/schema\/person\/d63837fa13ac8666eb9e74e0985d6f81","name":"Luzimara Fernandes","image":{"@type":"ImageObject","inLanguage":"pt-BR","@id":"https:\/\/jornalfatosenoticias.com.br\/#\/schema\/person\/image\/","url":"https:\/\/jornalfatosenoticias.com.br\/wp-content\/uploads\/2025\/05\/EU_portal.jpg","contentUrl":"https:\/\/jornalfatosenoticias.com.br\/wp-content\/uploads\/2025\/05\/EU_portal.jpg","caption":"Luzimara Fernandes"},"description":"Jornalista MTB 2358-ES","sameAs":["https:\/\/jornalfatosenoticias.com.br"],"url":"https:\/\/jornalfatosenoticias.com.br\/index.php\/author\/luzimara\/"}]}},"cc_featured_image_caption":{"caption_text":"(Foto: Carlos Moura\/SCO\/STF)","source_text":"","source_url":""},"jetpack_featured_media_url":"https:\/\/jornalfatosenoticias.com.br\/wp-content\/uploads\/2023\/12\/desgoverno-lula.jpg","_links":{"self":[{"href":"https:\/\/jornalfatosenoticias.com.br\/index.php\/wp-json\/wp\/v2\/posts\/47455","targetHints":{"allow":["GET"]}}],"collection":[{"href":"https:\/\/jornalfatosenoticias.com.br\/index.php\/wp-json\/wp\/v2\/posts"}],"about":[{"href":"https:\/\/jornalfatosenoticias.com.br\/index.php\/wp-json\/wp\/v2\/types\/post"}],"author":[{"embeddable":true,"href":"https:\/\/jornalfatosenoticias.com.br\/index.php\/wp-json\/wp\/v2\/users\/2"}],"replies":[{"embeddable":true,"href":"https:\/\/jornalfatosenoticias.com.br\/index.php\/wp-json\/wp\/v2\/comments?post=47455"}],"version-history":[{"count":0,"href":"https:\/\/jornalfatosenoticias.com.br\/index.php\/wp-json\/wp\/v2\/posts\/47455\/revisions"}],"wp:featuredmedia":[{"embeddable":true,"href":"https:\/\/jornalfatosenoticias.com.br\/index.php\/wp-json\/wp\/v2\/media\/47456"}],"wp:attachment":[{"href":"https:\/\/jornalfatosenoticias.com.br\/index.php\/wp-json\/wp\/v2\/media?parent=47455"}],"wp:term":[{"taxonomy":"category","embeddable":true,"href":"https:\/\/jornalfatosenoticias.com.br\/index.php\/wp-json\/wp\/v2\/categories?post=47455"},{"taxonomy":"post_tag","embeddable":true,"href":"https:\/\/jornalfatosenoticias.com.br\/index.php\/wp-json\/wp\/v2\/tags?post=47455"}],"curies":[{"name":"wp","href":"https:\/\/api.w.org\/{rel}","templated":true}]}}