{"id":47499,"date":"2023-12-05T17:33:41","date_gmt":"2023-12-05T20:33:41","guid":{"rendered":"https:\/\/jornalfatosenoticias.com.br\/?p=47499"},"modified":"2023-12-05T17:33:42","modified_gmt":"2023-12-05T20:33:42","slug":"maduro-acusa-eua-de-provocar-a-venezuela-e-diz-para-o-pais-nao-se-envolver-na-disputa-com-a-guiana","status":"publish","type":"post","link":"https:\/\/jornalfatosenoticias.com.br\/index.php\/2023\/12\/05\/maduro-acusa-eua-de-provocar-a-venezuela-e-diz-para-o-pais-nao-se-envolver-na-disputa-com-a-guiana\/","title":{"rendered":"Maduro acusa EUA de provocar a Venezuela e diz para o pa\u00eds n\u00e3o se envolver na disputa com a Guiana"},"content":{"rendered":"\n<p><em><span class=\"has-inline-color has-black-color\">Ditadura de Nicol\u00e1s Maduro alega que a Venezuela tem soberania sobre 70% do territ\u00f3rio da Guiana e convocou referendo para criar uma nova prov\u00edncia na regi\u00e3o<\/span><\/em><\/p>\n\n\n\n<p><span class=\"has-inline-color has-black-color\">Por <strong><a href=\"https:\/\/www.gazetadopovo.com.br\/autor\/isabella-de-paula\/\">Isabella de Paula<\/a><\/strong><\/span><\/p>\n\n\n\n<div class=\"wp-block-image\"><figure class=\"aligncenter size-large\"><img loading=\"lazy\" decoding=\"async\" width=\"1024\" height=\"109\" src=\"https:\/\/jornalfatosenoticias.com.br\/wp-content\/uploads\/2020\/02\/CONTROL-CS2-1024x109.jpg\" alt=\"\" class=\"wp-image-44989\" srcset=\"https:\/\/jornalfatosenoticias.com.br\/wp-content\/uploads\/2020\/02\/CONTROL-CS2-1024x109.jpg 1024w, https:\/\/jornalfatosenoticias.com.br\/wp-content\/uploads\/2020\/02\/CONTROL-CS2-300x32.jpg 300w, https:\/\/jornalfatosenoticias.com.br\/wp-content\/uploads\/2020\/02\/CONTROL-CS2-768x82.jpg 768w, https:\/\/jornalfatosenoticias.com.br\/wp-content\/uploads\/2020\/02\/CONTROL-CS2.jpg 1120w\" sizes=\"auto, (max-width: 1024px) 100vw, 1024px\" \/><\/figure><\/div>\n\n\n\n<p>O ditador Nicol\u00e1s Maduro enviou uma mensagem ao governo americano na noite desta segunda-feira (4), em seu programa na televis\u00e3o estatal, dizendo para os EUA n\u00e3o se envolverem na disputa pela regi\u00e3o de Essequibo, que representa 70% da Guiana e tem sido alvo de investidas por parte de Caracas.<\/p>\n\n\n\n<blockquote class=\"wp-block-quote is-layout-flow wp-block-quote-is-layout-flow\"><p><span class=\"has-inline-color has-luminous-vivid-orange-color\">Estados Unidos, eu aconselho que fiquem longe daqui. Deixem que a\u00a0Guiana\u00a0e a\u00a0Venezuela\u00a0resolvam este assunto em paz\u201d, afirmou o l\u00edder do regime chavista.<\/span><\/p><\/blockquote>\n\n\n\n<p>Um pouco antes do comunicado em rede nacional, o porta-voz do Departamento de Estado americano, Matthew Miller, disse que o governo de Biden\u00a0busca uma solu\u00e7\u00e3o pac\u00edfica para a situa\u00e7\u00e3o e &#8220;a quest\u00e3o n\u00e3o pode ser resolvida por meio de um referendo\u201d, como a Venezuela fez no domingo (3), ao realizar uma consulta popular sobre a anexa\u00e7\u00e3o do territ\u00f3rio rico em petr\u00f3leo e outros recursos naturais.<\/p>\n\n\n\n<div class=\"wp-block-image\"><figure class=\"aligncenter size-large is-resized\"><img loading=\"lazy\" decoding=\"async\" src=\"https:\/\/jornalfatosenoticias.com.br\/wp-content\/uploads\/2023\/08\/Steel.jpeg\" alt=\"\" class=\"wp-image-44634\" width=\"338\" height=\"274\" srcset=\"https:\/\/jornalfatosenoticias.com.br\/wp-content\/uploads\/2023\/08\/Steel.jpeg 800w, https:\/\/jornalfatosenoticias.com.br\/wp-content\/uploads\/2023\/08\/Steel-300x244.jpeg 300w, https:\/\/jornalfatosenoticias.com.br\/wp-content\/uploads\/2023\/08\/Steel-768x624.jpeg 768w\" sizes=\"auto, (max-width: 338px) 100vw, 338px\" \/><\/figure><\/div>\n\n\n\n<p>O ditador venezuelano tamb\u00e9m questionou a declara\u00e7\u00e3o do presidente da Guiana, Irfaan Ali, de que tropas enviadas pelos EUA est\u00e3o na regi\u00e3o. <\/p>\n\n\n\n<blockquote class=\"wp-block-quote is-layout-flow wp-block-quote-is-layout-flow\"><p><span class=\"has-inline-color has-luminous-vivid-orange-color\">O presidente da Guiana disse que tinham tropas dos Estados Unidos prontas para travar uma guerra contra a Venezuela. Ou seja, os Estados Unidos, mais uma vez, provocam nosso pa\u00eds\u201d, afirmou Maduro.<\/span><\/p><\/blockquote>\n\n\n\n<div class=\"wp-block-image\"><figure class=\"aligncenter size-large is-resized\"><img loading=\"lazy\" decoding=\"async\" src=\"https:\/\/jornalfatosenoticias.com.br\/wp-content\/uploads\/2023\/08\/ITH.jpeg\" alt=\"\" class=\"wp-image-44638\" width=\"316\" height=\"257\" srcset=\"https:\/\/jornalfatosenoticias.com.br\/wp-content\/uploads\/2023\/08\/ITH.jpeg 800w, https:\/\/jornalfatosenoticias.com.br\/wp-content\/uploads\/2023\/08\/ITH-300x244.jpeg 300w, https:\/\/jornalfatosenoticias.com.br\/wp-content\/uploads\/2023\/08\/ITH-768x624.jpeg 768w\" sizes=\"auto, (max-width: 316px) 100vw, 316px\" \/><\/figure><\/div>\n\n\n\n<p>O referendo realizado pelo regime venezuelano tem sido criticado pela oposi\u00e7\u00e3o dentro do pa\u00eds, que acusou o governo de divulgar dados imprecisos levantados pelo Conselho Nacional Eleitoral (CNE) na segunda-feira (4). Al\u00e9m disso, disseram que a consulta popular contou com altos \u00edndices de absten\u00e7\u00e3o, informa\u00e7\u00e3o que n\u00e3o foi exibida pelo CNE nos resultados da vota\u00e7\u00e3o.<\/p>\n\n\n\n<div class=\"wp-block-image\"><figure class=\"aligncenter size-large is-resized\"><img loading=\"lazy\" decoding=\"async\" src=\"https:\/\/jornalfatosenoticias.com.br\/wp-content\/uploads\/2023\/09\/vetorvix1024_1.jpg\" alt=\"\" class=\"wp-image-44868\" width=\"483\" height=\"128\" srcset=\"https:\/\/jornalfatosenoticias.com.br\/wp-content\/uploads\/2023\/09\/vetorvix1024_1.jpg 1024w, https:\/\/jornalfatosenoticias.com.br\/wp-content\/uploads\/2023\/09\/vetorvix1024_1-300x80.jpg 300w, https:\/\/jornalfatosenoticias.com.br\/wp-content\/uploads\/2023\/09\/vetorvix1024_1-768x205.jpg 768w\" sizes=\"auto, (max-width: 483px) 100vw, 483px\" \/><\/figure><\/div>\n\n\n\n<p><strong><em>Fonte: <a href=\"https:\/\/www.gazetadopovo.com.br\/mundo\/maduro-acusa-eua-de-provocar-a-venezuela-e-diz-para-o-pais-nao-se-envolver-na-disputa-com-a-guiana\/\">Gazeta do Povo<\/a><\/em><\/strong><\/p>\n","protected":false},"excerpt":{"rendered":"<p>Ditadura de Nicol\u00e1s Maduro alega que a Venezuela tem soberania sobre 70% do territ\u00f3rio da Guiana e convocou referendo para criar uma nova prov\u00edncia na regi\u00e3o Por Isabella de Paula O ditador Nicol\u00e1s Maduro enviou uma mensagem ao governo americano na noite desta segunda-feira (4), em seu programa na televis\u00e3o estatal, dizendo para os EUA [&hellip;]<\/p>\n","protected":false},"author":2,"featured_media":47500,"comment_status":"open","ping_status":"open","sticky":false,"template":"","format":"standard","meta":{"footnotes":""},"categories":[41],"tags":[22224,4491,19151,19097,8605],"class_list":["post-47499","post","type-post","status-publish","format-standard","has-post-thumbnail","hentry","category-internacional","tag-essequibo","tag-guerra","tag-guiana","tag-nicolas-maduro","tag-venezuela"],"yoast_head":"<!-- This site is optimized with the Yoast SEO plugin v26.5 - https:\/\/yoast.com\/wordpress\/plugins\/seo\/ -->\n<title>Maduro acusa EUA de provocar a Venezuela e diz para o pa\u00eds n\u00e3o se envolver na disputa com a Guiana - Jornal Fatos e Not\u00edcias<\/title>\n<meta name=\"robots\" content=\"index, follow, max-snippet:-1, max-image-preview:large, max-video-preview:-1\" \/>\n<link rel=\"canonical\" href=\"https:\/\/jornalfatosenoticias.com.br\/index.php\/2023\/12\/05\/maduro-acusa-eua-de-provocar-a-venezuela-e-diz-para-o-pais-nao-se-envolver-na-disputa-com-a-guiana\/\" \/>\n<meta property=\"og:locale\" content=\"pt_BR\" \/>\n<meta property=\"og:type\" content=\"article\" \/>\n<meta property=\"og:title\" content=\"Maduro acusa EUA de provocar a Venezuela e diz para o pa\u00eds n\u00e3o se envolver na disputa com a Guiana - Jornal Fatos e Not\u00edcias\" \/>\n<meta property=\"og:description\" content=\"Ditadura de Nicol\u00e1s Maduro alega que a Venezuela tem soberania sobre 70% do territ\u00f3rio da Guiana e convocou referendo para criar uma nova prov\u00edncia na regi\u00e3o Por Isabella de Paula O ditador Nicol\u00e1s Maduro enviou uma mensagem ao governo americano na noite desta segunda-feira (4), em seu programa na televis\u00e3o estatal, dizendo para os EUA [&hellip;]\" \/>\n<meta property=\"og:url\" content=\"https:\/\/jornalfatosenoticias.com.br\/index.php\/2023\/12\/05\/maduro-acusa-eua-de-provocar-a-venezuela-e-diz-para-o-pais-nao-se-envolver-na-disputa-com-a-guiana\/\" \/>\n<meta property=\"og:site_name\" content=\"Jornal Fatos e Not\u00edcias\" \/>\n<meta property=\"article:published_time\" content=\"2023-12-05T20:33:41+00:00\" \/>\n<meta property=\"article:modified_time\" content=\"2023-12-05T20:33:42+00:00\" \/>\n<meta property=\"og:image\" content=\"https:\/\/jornalfatosenoticias.com.br\/wp-content\/uploads\/2023\/12\/fruta-podre.jpg\" \/>\n\t<meta property=\"og:image:width\" content=\"720\" \/>\n\t<meta property=\"og:image:height\" content=\"440\" \/>\n\t<meta property=\"og:image:type\" content=\"image\/jpeg\" \/>\n<meta name=\"author\" content=\"Luzimara Fernandes\" \/>\n<meta name=\"twitter:card\" content=\"summary_large_image\" \/>\n<meta name=\"twitter:label1\" content=\"Escrito por\" \/>\n\t<meta name=\"twitter:data1\" content=\"Luzimara Fernandes\" \/>\n\t<meta name=\"twitter:label2\" content=\"Est. tempo de leitura\" \/>\n\t<meta name=\"twitter:data2\" content=\"2 minutos\" \/>\n<script type=\"application\/ld+json\" class=\"yoast-schema-graph\">{\"@context\":\"https:\/\/schema.org\",\"@graph\":[{\"@type\":\"Article\",\"@id\":\"https:\/\/jornalfatosenoticias.com.br\/index.php\/2023\/12\/05\/maduro-acusa-eua-de-provocar-a-venezuela-e-diz-para-o-pais-nao-se-envolver-na-disputa-com-a-guiana\/#article\",\"isPartOf\":{\"@id\":\"https:\/\/jornalfatosenoticias.com.br\/index.php\/2023\/12\/05\/maduro-acusa-eua-de-provocar-a-venezuela-e-diz-para-o-pais-nao-se-envolver-na-disputa-com-a-guiana\/\"},\"author\":{\"name\":\"Luzimara Fernandes\",\"@id\":\"https:\/\/jornalfatosenoticias.com.br\/#\/schema\/person\/d63837fa13ac8666eb9e74e0985d6f81\"},\"headline\":\"Maduro acusa EUA de provocar a Venezuela e diz para o pa\u00eds n\u00e3o se envolver na disputa com a Guiana\",\"datePublished\":\"2023-12-05T20:33:41+00:00\",\"dateModified\":\"2023-12-05T20:33:42+00:00\",\"mainEntityOfPage\":{\"@id\":\"https:\/\/jornalfatosenoticias.com.br\/index.php\/2023\/12\/05\/maduro-acusa-eua-de-provocar-a-venezuela-e-diz-para-o-pais-nao-se-envolver-na-disputa-com-a-guiana\/\"},\"wordCount\":330,\"commentCount\":0,\"publisher\":{\"@id\":\"https:\/\/jornalfatosenoticias.com.br\/#organization\"},\"image\":{\"@id\":\"https:\/\/jornalfatosenoticias.com.br\/index.php\/2023\/12\/05\/maduro-acusa-eua-de-provocar-a-venezuela-e-diz-para-o-pais-nao-se-envolver-na-disputa-com-a-guiana\/#primaryimage\"},\"thumbnailUrl\":\"https:\/\/jornalfatosenoticias.com.br\/wp-content\/uploads\/2023\/12\/fruta-podre.jpg\",\"keywords\":[\"Essequibo\",\"guerra\",\"Guiana\",\"Nicol\u00e1s Maduro\",\"Venezuela\"],\"articleSection\":[\"Internacional\"],\"inLanguage\":\"pt-BR\",\"potentialAction\":[{\"@type\":\"CommentAction\",\"name\":\"Comment\",\"target\":[\"https:\/\/jornalfatosenoticias.com.br\/index.php\/2023\/12\/05\/maduro-acusa-eua-de-provocar-a-venezuela-e-diz-para-o-pais-nao-se-envolver-na-disputa-com-a-guiana\/#respond\"]}]},{\"@type\":\"WebPage\",\"@id\":\"https:\/\/jornalfatosenoticias.com.br\/index.php\/2023\/12\/05\/maduro-acusa-eua-de-provocar-a-venezuela-e-diz-para-o-pais-nao-se-envolver-na-disputa-com-a-guiana\/\",\"url\":\"https:\/\/jornalfatosenoticias.com.br\/index.php\/2023\/12\/05\/maduro-acusa-eua-de-provocar-a-venezuela-e-diz-para-o-pais-nao-se-envolver-na-disputa-com-a-guiana\/\",\"name\":\"Maduro acusa EUA de provocar a Venezuela e diz para o pa\u00eds n\u00e3o se envolver na disputa com a Guiana - Jornal Fatos e Not\u00edcias\",\"isPartOf\":{\"@id\":\"https:\/\/jornalfatosenoticias.com.br\/#website\"},\"primaryImageOfPage\":{\"@id\":\"https:\/\/jornalfatosenoticias.com.br\/index.php\/2023\/12\/05\/maduro-acusa-eua-de-provocar-a-venezuela-e-diz-para-o-pais-nao-se-envolver-na-disputa-com-a-guiana\/#primaryimage\"},\"image\":{\"@id\":\"https:\/\/jornalfatosenoticias.com.br\/index.php\/2023\/12\/05\/maduro-acusa-eua-de-provocar-a-venezuela-e-diz-para-o-pais-nao-se-envolver-na-disputa-com-a-guiana\/#primaryimage\"},\"thumbnailUrl\":\"https:\/\/jornalfatosenoticias.com.br\/wp-content\/uploads\/2023\/12\/fruta-podre.jpg\",\"datePublished\":\"2023-12-05T20:33:41+00:00\",\"dateModified\":\"2023-12-05T20:33:42+00:00\",\"breadcrumb\":{\"@id\":\"https:\/\/jornalfatosenoticias.com.br\/index.php\/2023\/12\/05\/maduro-acusa-eua-de-provocar-a-venezuela-e-diz-para-o-pais-nao-se-envolver-na-disputa-com-a-guiana\/#breadcrumb\"},\"inLanguage\":\"pt-BR\",\"potentialAction\":[{\"@type\":\"ReadAction\",\"target\":[\"https:\/\/jornalfatosenoticias.com.br\/index.php\/2023\/12\/05\/maduro-acusa-eua-de-provocar-a-venezuela-e-diz-para-o-pais-nao-se-envolver-na-disputa-com-a-guiana\/\"]}]},{\"@type\":\"ImageObject\",\"inLanguage\":\"pt-BR\",\"@id\":\"https:\/\/jornalfatosenoticias.com.br\/index.php\/2023\/12\/05\/maduro-acusa-eua-de-provocar-a-venezuela-e-diz-para-o-pais-nao-se-envolver-na-disputa-com-a-guiana\/#primaryimage\",\"url\":\"https:\/\/jornalfatosenoticias.com.br\/wp-content\/uploads\/2023\/12\/fruta-podre.jpg\",\"contentUrl\":\"https:\/\/jornalfatosenoticias.com.br\/wp-content\/uploads\/2023\/12\/fruta-podre.jpg\",\"width\":720,\"height\":440},{\"@type\":\"BreadcrumbList\",\"@id\":\"https:\/\/jornalfatosenoticias.com.br\/index.php\/2023\/12\/05\/maduro-acusa-eua-de-provocar-a-venezuela-e-diz-para-o-pais-nao-se-envolver-na-disputa-com-a-guiana\/#breadcrumb\",\"itemListElement\":[{\"@type\":\"ListItem\",\"position\":1,\"name\":\"In\u00edcio\",\"item\":\"https:\/\/jornalfatosenoticias.com.br\/\"},{\"@type\":\"ListItem\",\"position\":2,\"name\":\"Maduro acusa EUA de provocar a Venezuela e diz para o pa\u00eds n\u00e3o se envolver na disputa com a Guiana\"}]},{\"@type\":\"WebSite\",\"@id\":\"https:\/\/jornalfatosenoticias.com.br\/#website\",\"url\":\"https:\/\/jornalfatosenoticias.com.br\/\",\"name\":\"Jornal Fatos e Not\u00edcias\",\"description\":\"Not\u00edcias em geral\",\"publisher\":{\"@id\":\"https:\/\/jornalfatosenoticias.com.br\/#organization\"},\"potentialAction\":[{\"@type\":\"SearchAction\",\"target\":{\"@type\":\"EntryPoint\",\"urlTemplate\":\"https:\/\/jornalfatosenoticias.com.br\/?s={search_term_string}\"},\"query-input\":{\"@type\":\"PropertyValueSpecification\",\"valueRequired\":true,\"valueName\":\"search_term_string\"}}],\"inLanguage\":\"pt-BR\"},{\"@type\":\"Organization\",\"@id\":\"https:\/\/jornalfatosenoticias.com.br\/#organization\",\"name\":\"Jornal Fatos e Not\u00edcias\",\"url\":\"https:\/\/jornalfatosenoticias.com.br\/\",\"logo\":{\"@type\":\"ImageObject\",\"inLanguage\":\"pt-BR\",\"@id\":\"https:\/\/jornalfatosenoticias.com.br\/#\/schema\/logo\/image\/\",\"url\":\"https:\/\/jornalfatosenoticias.com.br\/wp-content\/uploads\/2020\/02\/logo120.png\",\"contentUrl\":\"https:\/\/jornalfatosenoticias.com.br\/wp-content\/uploads\/2020\/02\/logo120.png\",\"width\":1227,\"height\":120,\"caption\":\"Jornal Fatos e Not\u00edcias\"},\"image\":{\"@id\":\"https:\/\/jornalfatosenoticias.com.br\/#\/schema\/logo\/image\/\"}},{\"@type\":\"Person\",\"@id\":\"https:\/\/jornalfatosenoticias.com.br\/#\/schema\/person\/d63837fa13ac8666eb9e74e0985d6f81\",\"name\":\"Luzimara Fernandes\",\"image\":{\"@type\":\"ImageObject\",\"inLanguage\":\"pt-BR\",\"@id\":\"https:\/\/jornalfatosenoticias.com.br\/#\/schema\/person\/image\/\",\"url\":\"https:\/\/jornalfatosenoticias.com.br\/wp-content\/uploads\/2025\/05\/EU_portal.jpg\",\"contentUrl\":\"https:\/\/jornalfatosenoticias.com.br\/wp-content\/uploads\/2025\/05\/EU_portal.jpg\",\"caption\":\"Luzimara Fernandes\"},\"description\":\"Jornalista MTB 2358-ES\",\"sameAs\":[\"https:\/\/jornalfatosenoticias.com.br\"],\"url\":\"https:\/\/jornalfatosenoticias.com.br\/index.php\/author\/luzimara\/\"}]}<\/script>\n<!-- \/ Yoast SEO plugin. -->","yoast_head_json":{"title":"Maduro acusa EUA de provocar a Venezuela e diz para o pa\u00eds n\u00e3o se envolver na disputa com a Guiana - Jornal Fatos e Not\u00edcias","robots":{"index":"index","follow":"follow","max-snippet":"max-snippet:-1","max-image-preview":"max-image-preview:large","max-video-preview":"max-video-preview:-1"},"canonical":"https:\/\/jornalfatosenoticias.com.br\/index.php\/2023\/12\/05\/maduro-acusa-eua-de-provocar-a-venezuela-e-diz-para-o-pais-nao-se-envolver-na-disputa-com-a-guiana\/","og_locale":"pt_BR","og_type":"article","og_title":"Maduro acusa EUA de provocar a Venezuela e diz para o pa\u00eds n\u00e3o se envolver na disputa com a Guiana - Jornal Fatos e Not\u00edcias","og_description":"Ditadura de Nicol\u00e1s Maduro alega que a Venezuela tem soberania sobre 70% do territ\u00f3rio da Guiana e convocou referendo para criar uma nova prov\u00edncia na regi\u00e3o Por Isabella de Paula O ditador Nicol\u00e1s Maduro enviou uma mensagem ao governo americano na noite desta segunda-feira (4), em seu programa na televis\u00e3o estatal, dizendo para os EUA [&hellip;]","og_url":"https:\/\/jornalfatosenoticias.com.br\/index.php\/2023\/12\/05\/maduro-acusa-eua-de-provocar-a-venezuela-e-diz-para-o-pais-nao-se-envolver-na-disputa-com-a-guiana\/","og_site_name":"Jornal Fatos e Not\u00edcias","article_published_time":"2023-12-05T20:33:41+00:00","article_modified_time":"2023-12-05T20:33:42+00:00","og_image":[{"width":720,"height":440,"url":"https:\/\/jornalfatosenoticias.com.br\/wp-content\/uploads\/2023\/12\/fruta-podre.jpg","type":"image\/jpeg"}],"author":"Luzimara Fernandes","twitter_card":"summary_large_image","twitter_misc":{"Escrito por":"Luzimara Fernandes","Est. tempo de leitura":"2 minutos"},"schema":{"@context":"https:\/\/schema.org","@graph":[{"@type":"Article","@id":"https:\/\/jornalfatosenoticias.com.br\/index.php\/2023\/12\/05\/maduro-acusa-eua-de-provocar-a-venezuela-e-diz-para-o-pais-nao-se-envolver-na-disputa-com-a-guiana\/#article","isPartOf":{"@id":"https:\/\/jornalfatosenoticias.com.br\/index.php\/2023\/12\/05\/maduro-acusa-eua-de-provocar-a-venezuela-e-diz-para-o-pais-nao-se-envolver-na-disputa-com-a-guiana\/"},"author":{"name":"Luzimara Fernandes","@id":"https:\/\/jornalfatosenoticias.com.br\/#\/schema\/person\/d63837fa13ac8666eb9e74e0985d6f81"},"headline":"Maduro acusa EUA de provocar a Venezuela e diz para o pa\u00eds n\u00e3o se envolver na disputa com a Guiana","datePublished":"2023-12-05T20:33:41+00:00","dateModified":"2023-12-05T20:33:42+00:00","mainEntityOfPage":{"@id":"https:\/\/jornalfatosenoticias.com.br\/index.php\/2023\/12\/05\/maduro-acusa-eua-de-provocar-a-venezuela-e-diz-para-o-pais-nao-se-envolver-na-disputa-com-a-guiana\/"},"wordCount":330,"commentCount":0,"publisher":{"@id":"https:\/\/jornalfatosenoticias.com.br\/#organization"},"image":{"@id":"https:\/\/jornalfatosenoticias.com.br\/index.php\/2023\/12\/05\/maduro-acusa-eua-de-provocar-a-venezuela-e-diz-para-o-pais-nao-se-envolver-na-disputa-com-a-guiana\/#primaryimage"},"thumbnailUrl":"https:\/\/jornalfatosenoticias.com.br\/wp-content\/uploads\/2023\/12\/fruta-podre.jpg","keywords":["Essequibo","guerra","Guiana","Nicol\u00e1s Maduro","Venezuela"],"articleSection":["Internacional"],"inLanguage":"pt-BR","potentialAction":[{"@type":"CommentAction","name":"Comment","target":["https:\/\/jornalfatosenoticias.com.br\/index.php\/2023\/12\/05\/maduro-acusa-eua-de-provocar-a-venezuela-e-diz-para-o-pais-nao-se-envolver-na-disputa-com-a-guiana\/#respond"]}]},{"@type":"WebPage","@id":"https:\/\/jornalfatosenoticias.com.br\/index.php\/2023\/12\/05\/maduro-acusa-eua-de-provocar-a-venezuela-e-diz-para-o-pais-nao-se-envolver-na-disputa-com-a-guiana\/","url":"https:\/\/jornalfatosenoticias.com.br\/index.php\/2023\/12\/05\/maduro-acusa-eua-de-provocar-a-venezuela-e-diz-para-o-pais-nao-se-envolver-na-disputa-com-a-guiana\/","name":"Maduro acusa EUA de provocar a Venezuela e diz para o pa\u00eds n\u00e3o se envolver na disputa com a Guiana - Jornal Fatos e Not\u00edcias","isPartOf":{"@id":"https:\/\/jornalfatosenoticias.com.br\/#website"},"primaryImageOfPage":{"@id":"https:\/\/jornalfatosenoticias.com.br\/index.php\/2023\/12\/05\/maduro-acusa-eua-de-provocar-a-venezuela-e-diz-para-o-pais-nao-se-envolver-na-disputa-com-a-guiana\/#primaryimage"},"image":{"@id":"https:\/\/jornalfatosenoticias.com.br\/index.php\/2023\/12\/05\/maduro-acusa-eua-de-provocar-a-venezuela-e-diz-para-o-pais-nao-se-envolver-na-disputa-com-a-guiana\/#primaryimage"},"thumbnailUrl":"https:\/\/jornalfatosenoticias.com.br\/wp-content\/uploads\/2023\/12\/fruta-podre.jpg","datePublished":"2023-12-05T20:33:41+00:00","dateModified":"2023-12-05T20:33:42+00:00","breadcrumb":{"@id":"https:\/\/jornalfatosenoticias.com.br\/index.php\/2023\/12\/05\/maduro-acusa-eua-de-provocar-a-venezuela-e-diz-para-o-pais-nao-se-envolver-na-disputa-com-a-guiana\/#breadcrumb"},"inLanguage":"pt-BR","potentialAction":[{"@type":"ReadAction","target":["https:\/\/jornalfatosenoticias.com.br\/index.php\/2023\/12\/05\/maduro-acusa-eua-de-provocar-a-venezuela-e-diz-para-o-pais-nao-se-envolver-na-disputa-com-a-guiana\/"]}]},{"@type":"ImageObject","inLanguage":"pt-BR","@id":"https:\/\/jornalfatosenoticias.com.br\/index.php\/2023\/12\/05\/maduro-acusa-eua-de-provocar-a-venezuela-e-diz-para-o-pais-nao-se-envolver-na-disputa-com-a-guiana\/#primaryimage","url":"https:\/\/jornalfatosenoticias.com.br\/wp-content\/uploads\/2023\/12\/fruta-podre.jpg","contentUrl":"https:\/\/jornalfatosenoticias.com.br\/wp-content\/uploads\/2023\/12\/fruta-podre.jpg","width":720,"height":440},{"@type":"BreadcrumbList","@id":"https:\/\/jornalfatosenoticias.com.br\/index.php\/2023\/12\/05\/maduro-acusa-eua-de-provocar-a-venezuela-e-diz-para-o-pais-nao-se-envolver-na-disputa-com-a-guiana\/#breadcrumb","itemListElement":[{"@type":"ListItem","position":1,"name":"In\u00edcio","item":"https:\/\/jornalfatosenoticias.com.br\/"},{"@type":"ListItem","position":2,"name":"Maduro acusa EUA de provocar a Venezuela e diz para o pa\u00eds n\u00e3o se envolver na disputa com a Guiana"}]},{"@type":"WebSite","@id":"https:\/\/jornalfatosenoticias.com.br\/#website","url":"https:\/\/jornalfatosenoticias.com.br\/","name":"Jornal Fatos e Not\u00edcias","description":"Not\u00edcias em geral","publisher":{"@id":"https:\/\/jornalfatosenoticias.com.br\/#organization"},"potentialAction":[{"@type":"SearchAction","target":{"@type":"EntryPoint","urlTemplate":"https:\/\/jornalfatosenoticias.com.br\/?s={search_term_string}"},"query-input":{"@type":"PropertyValueSpecification","valueRequired":true,"valueName":"search_term_string"}}],"inLanguage":"pt-BR"},{"@type":"Organization","@id":"https:\/\/jornalfatosenoticias.com.br\/#organization","name":"Jornal Fatos e Not\u00edcias","url":"https:\/\/jornalfatosenoticias.com.br\/","logo":{"@type":"ImageObject","inLanguage":"pt-BR","@id":"https:\/\/jornalfatosenoticias.com.br\/#\/schema\/logo\/image\/","url":"https:\/\/jornalfatosenoticias.com.br\/wp-content\/uploads\/2020\/02\/logo120.png","contentUrl":"https:\/\/jornalfatosenoticias.com.br\/wp-content\/uploads\/2020\/02\/logo120.png","width":1227,"height":120,"caption":"Jornal Fatos e Not\u00edcias"},"image":{"@id":"https:\/\/jornalfatosenoticias.com.br\/#\/schema\/logo\/image\/"}},{"@type":"Person","@id":"https:\/\/jornalfatosenoticias.com.br\/#\/schema\/person\/d63837fa13ac8666eb9e74e0985d6f81","name":"Luzimara Fernandes","image":{"@type":"ImageObject","inLanguage":"pt-BR","@id":"https:\/\/jornalfatosenoticias.com.br\/#\/schema\/person\/image\/","url":"https:\/\/jornalfatosenoticias.com.br\/wp-content\/uploads\/2025\/05\/EU_portal.jpg","contentUrl":"https:\/\/jornalfatosenoticias.com.br\/wp-content\/uploads\/2025\/05\/EU_portal.jpg","caption":"Luzimara Fernandes"},"description":"Jornalista MTB 2358-ES","sameAs":["https:\/\/jornalfatosenoticias.com.br"],"url":"https:\/\/jornalfatosenoticias.com.br\/index.php\/author\/luzimara\/"}]}},"cc_featured_image_caption":{"caption_text":"(Foto: Reprodu\u00e7\u00e3o)","source_text":"","source_url":""},"jetpack_featured_media_url":"https:\/\/jornalfatosenoticias.com.br\/wp-content\/uploads\/2023\/12\/fruta-podre.jpg","_links":{"self":[{"href":"https:\/\/jornalfatosenoticias.com.br\/index.php\/wp-json\/wp\/v2\/posts\/47499","targetHints":{"allow":["GET"]}}],"collection":[{"href":"https:\/\/jornalfatosenoticias.com.br\/index.php\/wp-json\/wp\/v2\/posts"}],"about":[{"href":"https:\/\/jornalfatosenoticias.com.br\/index.php\/wp-json\/wp\/v2\/types\/post"}],"author":[{"embeddable":true,"href":"https:\/\/jornalfatosenoticias.com.br\/index.php\/wp-json\/wp\/v2\/users\/2"}],"replies":[{"embeddable":true,"href":"https:\/\/jornalfatosenoticias.com.br\/index.php\/wp-json\/wp\/v2\/comments?post=47499"}],"version-history":[{"count":0,"href":"https:\/\/jornalfatosenoticias.com.br\/index.php\/wp-json\/wp\/v2\/posts\/47499\/revisions"}],"wp:featuredmedia":[{"embeddable":true,"href":"https:\/\/jornalfatosenoticias.com.br\/index.php\/wp-json\/wp\/v2\/media\/47500"}],"wp:attachment":[{"href":"https:\/\/jornalfatosenoticias.com.br\/index.php\/wp-json\/wp\/v2\/media?parent=47499"}],"wp:term":[{"taxonomy":"category","embeddable":true,"href":"https:\/\/jornalfatosenoticias.com.br\/index.php\/wp-json\/wp\/v2\/categories?post=47499"},{"taxonomy":"post_tag","embeddable":true,"href":"https:\/\/jornalfatosenoticias.com.br\/index.php\/wp-json\/wp\/v2\/tags?post=47499"}],"curies":[{"name":"wp","href":"https:\/\/api.w.org\/{rel}","templated":true}]}}