{"id":47502,"date":"2023-12-05T17:41:27","date_gmt":"2023-12-05T20:41:27","guid":{"rendered":"https:\/\/jornalfatosenoticias.com.br\/?p=47502"},"modified":"2023-12-05T17:41:28","modified_gmt":"2023-12-05T20:41:28","slug":"bndes-anuncia-r-450-milhoes-para-movimentos-sociais-restaurarem-a-floresta-amazonica","status":"publish","type":"post","link":"https:\/\/jornalfatosenoticias.com.br\/index.php\/2023\/12\/05\/bndes-anuncia-r-450-milhoes-para-movimentos-sociais-restaurarem-a-floresta-amazonica\/","title":{"rendered":"BNDES anuncia R$ 450 milh\u00f5es para movimentos sociais \u201crestaurarem a floresta amaz\u00f4nica\u201d"},"content":{"rendered":"\n<p><em><span class=\"has-inline-color has-black-color\">Alo\u00edzio Mercadante ao lado de Lula e Alckmin durante cerim\u00f4nia de posse na Presid\u00eancia do BNDES<\/span><\/em><\/p>\n\n\n\n<p><span class=\"has-inline-color has-black-color\">Por <strong><a href=\"https:\/\/www.gazetadopovo.com.br\/autor\/diogenes-freire-feitosa\/\">Di\u00f3genes Freire Feitosa<\/a><\/strong><\/span><\/p>\n\n\n\n<div class=\"wp-block-image\"><figure class=\"aligncenter size-large is-resized\"><img loading=\"lazy\" decoding=\"async\" src=\"https:\/\/jornalfatosenoticias.com.br\/wp-content\/uploads\/2023\/11\/cromotec.jpg\" alt=\"\" class=\"wp-image-46804\" width=\"317\" height=\"189\" srcset=\"https:\/\/jornalfatosenoticias.com.br\/wp-content\/uploads\/2023\/11\/cromotec.jpg 453w, https:\/\/jornalfatosenoticias.com.br\/wp-content\/uploads\/2023\/11\/cromotec-300x179.jpg 300w\" sizes=\"auto, (max-width: 317px) 100vw, 317px\" \/><\/figure><\/div>\n\n\n\n<p>Durante participa\u00e7\u00e3o na 28\u00aa Confer\u00eancia das Na\u00e7\u00f5es Unidas sobre Mudan\u00e7as Clim\u00e1ticas, no s\u00e1bado (2), o presidente do Banco Nacional de Desenvolvimento Econ\u00f4mico e Social (BNDES), Aloizio Mercadante, anunciou a libera\u00e7\u00e3o de R$ 450 milh\u00f5es do Fundo Amaz\u00f4nia para que \u201cmovimentos sociais\u201d ligados ao governo petista restaurem \u00e1reas da floresta amaz\u00f4nica desmatadas ou degradadas.<br>Batizado de \u201cArco do Reflorestamento\u201d, o programa tamb\u00e9m contar\u00e1 com R$ 550 milh\u00f5es do Fundo do Clima, com juro de 1% ao ano. De acordo com Mercadante, os recursos do Fundo da Amaz\u00f4nia n\u00e3o precisam de reembolso e ser\u00e3o gerenciados por prefeituras, associa\u00e7\u00f5es de agricultura familiar e movimentos sociais, como o Movimento Sem-Terra (MST), grupo invasor conhecido pelo uso de t\u00e1ticas terroristas.<\/p>\n\n\n\n<div class=\"wp-block-image\"><figure class=\"aligncenter size-large\"><img loading=\"lazy\" decoding=\"async\" width=\"300\" height=\"250\" src=\"https:\/\/jornalfatosenoticias.com.br\/wp-content\/uploads\/2022\/08\/arte-Casarao.jpg\" alt=\"\" class=\"wp-image-33178\"\/><\/figure><\/div>\n\n\n\n<p>&#8220;Recursos n\u00e3o reembols\u00e1veis para os movimentos sociais, para o MST, para a Confedera\u00e7\u00e3o Nacional dos Trabalhadores na Agricultura (Contag), os assentamentos, povos ind\u00edgenas, quilombolas, as comunidades ribeirinhas, para viveiro de mudas, para o plantio, de uma parte nativa e produtiva, a\u00e7a\u00ed, cacau, castanha-do-brasil, castanha-do-par\u00e1, cupua\u00e7u, s\u00e3o todas possibilidades muito relevantes de n\u00f3s avan\u00e7armos e gerarmos renda e emprego para a popula\u00e7\u00e3o\u201d, disse Mercadante.<\/p>\n\n\n\n<div class=\"wp-block-image\"><figure class=\"aligncenter size-large is-resized\"><img loading=\"lazy\" decoding=\"async\" src=\"https:\/\/jornalfatosenoticias.com.br\/wp-content\/uploads\/2023\/03\/nova-logo-Marquetti.jpg\" alt=\"\" class=\"wp-image-40207\" width=\"341\" height=\"229\" srcset=\"https:\/\/jornalfatosenoticias.com.br\/wp-content\/uploads\/2023\/03\/nova-logo-Marquetti.jpg 643w, https:\/\/jornalfatosenoticias.com.br\/wp-content\/uploads\/2023\/03\/nova-logo-Marquetti-300x202.jpg 300w\" sizes=\"auto, (max-width: 341px) 100vw, 341px\" \/><\/figure><\/div>\n\n\n\n<p>Segundo o presidente do BNDES, apenas \u201cevitar o desmatamento n\u00e3o responde mais \u00e0 crise clim\u00e1tica\u201d. Para Mercadante, \u00e9 \u201cpreciso\u00a0 ter mais ambi\u00e7\u00e3o\u201d e o novo programa \u201c\u00e9 a resposta mais barata e mais r\u00e1pida para a crise clim\u00e1tica, porque sequestra carbono e armazena carbono\u201d.<\/p>\n\n\n\n<div class=\"wp-block-image\"><figure class=\"aligncenter size-large is-resized\"><img loading=\"lazy\" decoding=\"async\" src=\"https:\/\/jornalfatosenoticias.com.br\/wp-content\/uploads\/2022\/02\/Precisao-Contabilidade-1024x724.jpg\" alt=\"\" class=\"wp-image-28088\" width=\"315\" height=\"223\"\/><\/figure><\/div>\n\n\n\n<p>Criado pela equipe da diretora socioambiental do BNDES, Tereza Campello, o programa ter\u00e1 um custo total de R$ 51 bilh\u00f5es. \u201cO custo total do programa \u00e9 de 51 bilh\u00f5es de reais. N\u00f3s estamos longe disso, estamos come\u00e7ando com uma oferta concreta e n\u00e3o ret\u00f3rica: R$ 450 milh\u00f5es\u00a0 n\u00e3o reembols\u00e1veis e R$ 550 milh\u00f5es do fundo clima, com juros de 1% ao ano, para as empresas tamb\u00e9m entrarem nesse processo de restaura\u00e7\u00e3o da floresta nativa e da floresta produtiva\u201d, completou Mercadante.<\/p>\n\n\n\n<div class=\"wp-block-image\"><figure class=\"aligncenter size-large\"><img decoding=\"async\" src=\"https:\/\/jornalfatosenoticias.com.br\/wp-content\/uploads\/2020\/02\/logo_esteio.jpg\" alt=\"\" class=\"wp-image-1214\"\/><\/figure><\/div>\n\n\n\n<p><strong><em>Fonte: <a href=\"https:\/\/www.gazetadopovo.com.br\/republica\/bndes-anuncia-r-450-mi-para-movimentos-sociais-restaurarem-a-floresta-amazonica\/\">Gazeta do Povo<\/a><\/em><\/strong><\/p>\n","protected":false},"excerpt":{"rendered":"<p>Alo\u00edzio Mercadante ao lado de Lula e Alckmin durante cerim\u00f4nia de posse na Presid\u00eancia do BNDES Por Di\u00f3genes Freire Feitosa Durante participa\u00e7\u00e3o na 28\u00aa Confer\u00eancia das Na\u00e7\u00f5es Unidas sobre Mudan\u00e7as Clim\u00e1ticas, no s\u00e1bado (2), o presidente do Banco Nacional de Desenvolvimento Econ\u00f4mico e Social (BNDES), Aloizio Mercadante, anunciou a libera\u00e7\u00e3o de R$ 450 milh\u00f5es do [&hellip;]<\/p>\n","protected":false},"author":2,"featured_media":47503,"comment_status":"open","ping_status":"open","sticky":false,"template":"","format":"standard","meta":{"footnotes":""},"categories":[9],"tags":[22225,22226,14281,17936],"class_list":["post-47502","post","type-post","status-publish","format-standard","has-post-thumbnail","hentry","category-economia","tag-arco-do-reflorestamento","tag-assalto-ao-bndes","tag-movimentos-sociais","tag-mst"],"yoast_head":"<!-- This site is optimized with the Yoast SEO plugin v26.5 - https:\/\/yoast.com\/wordpress\/plugins\/seo\/ -->\n<title>BNDES anuncia R$ 450 milh\u00f5es para movimentos sociais \u201crestaurarem a floresta amaz\u00f4nica\u201d - Jornal Fatos e Not\u00edcias<\/title>\n<meta name=\"robots\" content=\"index, follow, max-snippet:-1, max-image-preview:large, max-video-preview:-1\" \/>\n<link rel=\"canonical\" href=\"https:\/\/jornalfatosenoticias.com.br\/index.php\/2023\/12\/05\/bndes-anuncia-r-450-milhoes-para-movimentos-sociais-restaurarem-a-floresta-amazonica\/\" \/>\n<meta property=\"og:locale\" content=\"pt_BR\" \/>\n<meta property=\"og:type\" content=\"article\" \/>\n<meta property=\"og:title\" content=\"BNDES anuncia R$ 450 milh\u00f5es para movimentos sociais \u201crestaurarem a floresta amaz\u00f4nica\u201d - Jornal Fatos e Not\u00edcias\" \/>\n<meta property=\"og:description\" content=\"Alo\u00edzio Mercadante ao lado de Lula e Alckmin durante cerim\u00f4nia de posse na Presid\u00eancia do BNDES Por Di\u00f3genes Freire Feitosa Durante participa\u00e7\u00e3o na 28\u00aa Confer\u00eancia das Na\u00e7\u00f5es Unidas sobre Mudan\u00e7as Clim\u00e1ticas, no s\u00e1bado (2), o presidente do Banco Nacional de Desenvolvimento Econ\u00f4mico e Social (BNDES), Aloizio Mercadante, anunciou a libera\u00e7\u00e3o de R$ 450 milh\u00f5es do [&hellip;]\" \/>\n<meta property=\"og:url\" content=\"https:\/\/jornalfatosenoticias.com.br\/index.php\/2023\/12\/05\/bndes-anuncia-r-450-milhoes-para-movimentos-sociais-restaurarem-a-floresta-amazonica\/\" \/>\n<meta property=\"og:site_name\" content=\"Jornal Fatos e Not\u00edcias\" \/>\n<meta property=\"article:published_time\" content=\"2023-12-05T20:41:27+00:00\" \/>\n<meta property=\"article:modified_time\" content=\"2023-12-05T20:41:28+00:00\" \/>\n<meta property=\"og:image\" content=\"https:\/\/jornalfatosenoticias.com.br\/wp-content\/uploads\/2023\/12\/molusco-e-sua-corja.jpeg\" \/>\n\t<meta property=\"og:image:width\" content=\"768\" \/>\n\t<meta property=\"og:image:height\" content=\"398\" \/>\n\t<meta property=\"og:image:type\" content=\"image\/jpeg\" \/>\n<meta name=\"author\" content=\"Luzimara Fernandes\" \/>\n<meta name=\"twitter:card\" content=\"summary_large_image\" \/>\n<meta name=\"twitter:label1\" content=\"Escrito por\" \/>\n\t<meta name=\"twitter:data1\" content=\"Luzimara Fernandes\" \/>\n\t<meta name=\"twitter:label2\" content=\"Est. tempo de leitura\" \/>\n\t<meta name=\"twitter:data2\" content=\"2 minutos\" \/>\n<script type=\"application\/ld+json\" class=\"yoast-schema-graph\">{\"@context\":\"https:\/\/schema.org\",\"@graph\":[{\"@type\":\"Article\",\"@id\":\"https:\/\/jornalfatosenoticias.com.br\/index.php\/2023\/12\/05\/bndes-anuncia-r-450-milhoes-para-movimentos-sociais-restaurarem-a-floresta-amazonica\/#article\",\"isPartOf\":{\"@id\":\"https:\/\/jornalfatosenoticias.com.br\/index.php\/2023\/12\/05\/bndes-anuncia-r-450-milhoes-para-movimentos-sociais-restaurarem-a-floresta-amazonica\/\"},\"author\":{\"name\":\"Luzimara Fernandes\",\"@id\":\"https:\/\/jornalfatosenoticias.com.br\/#\/schema\/person\/d63837fa13ac8666eb9e74e0985d6f81\"},\"headline\":\"BNDES anuncia R$ 450 milh\u00f5es para movimentos sociais \u201crestaurarem a floresta amaz\u00f4nica\u201d\",\"datePublished\":\"2023-12-05T20:41:27+00:00\",\"dateModified\":\"2023-12-05T20:41:28+00:00\",\"mainEntityOfPage\":{\"@id\":\"https:\/\/jornalfatosenoticias.com.br\/index.php\/2023\/12\/05\/bndes-anuncia-r-450-milhoes-para-movimentos-sociais-restaurarem-a-floresta-amazonica\/\"},\"wordCount\":374,\"commentCount\":0,\"publisher\":{\"@id\":\"https:\/\/jornalfatosenoticias.com.br\/#organization\"},\"image\":{\"@id\":\"https:\/\/jornalfatosenoticias.com.br\/index.php\/2023\/12\/05\/bndes-anuncia-r-450-milhoes-para-movimentos-sociais-restaurarem-a-floresta-amazonica\/#primaryimage\"},\"thumbnailUrl\":\"https:\/\/jornalfatosenoticias.com.br\/wp-content\/uploads\/2023\/12\/molusco-e-sua-corja.jpeg\",\"keywords\":[\"Arco do Reflorestamento\",\"assalto ao BNDES\",\"movimentos sociais\",\"MST\"],\"articleSection\":[\"Economia\"],\"inLanguage\":\"pt-BR\",\"potentialAction\":[{\"@type\":\"CommentAction\",\"name\":\"Comment\",\"target\":[\"https:\/\/jornalfatosenoticias.com.br\/index.php\/2023\/12\/05\/bndes-anuncia-r-450-milhoes-para-movimentos-sociais-restaurarem-a-floresta-amazonica\/#respond\"]}]},{\"@type\":\"WebPage\",\"@id\":\"https:\/\/jornalfatosenoticias.com.br\/index.php\/2023\/12\/05\/bndes-anuncia-r-450-milhoes-para-movimentos-sociais-restaurarem-a-floresta-amazonica\/\",\"url\":\"https:\/\/jornalfatosenoticias.com.br\/index.php\/2023\/12\/05\/bndes-anuncia-r-450-milhoes-para-movimentos-sociais-restaurarem-a-floresta-amazonica\/\",\"name\":\"BNDES anuncia R$ 450 milh\u00f5es para movimentos sociais \u201crestaurarem a floresta amaz\u00f4nica\u201d - Jornal Fatos e Not\u00edcias\",\"isPartOf\":{\"@id\":\"https:\/\/jornalfatosenoticias.com.br\/#website\"},\"primaryImageOfPage\":{\"@id\":\"https:\/\/jornalfatosenoticias.com.br\/index.php\/2023\/12\/05\/bndes-anuncia-r-450-milhoes-para-movimentos-sociais-restaurarem-a-floresta-amazonica\/#primaryimage\"},\"image\":{\"@id\":\"https:\/\/jornalfatosenoticias.com.br\/index.php\/2023\/12\/05\/bndes-anuncia-r-450-milhoes-para-movimentos-sociais-restaurarem-a-floresta-amazonica\/#primaryimage\"},\"thumbnailUrl\":\"https:\/\/jornalfatosenoticias.com.br\/wp-content\/uploads\/2023\/12\/molusco-e-sua-corja.jpeg\",\"datePublished\":\"2023-12-05T20:41:27+00:00\",\"dateModified\":\"2023-12-05T20:41:28+00:00\",\"breadcrumb\":{\"@id\":\"https:\/\/jornalfatosenoticias.com.br\/index.php\/2023\/12\/05\/bndes-anuncia-r-450-milhoes-para-movimentos-sociais-restaurarem-a-floresta-amazonica\/#breadcrumb\"},\"inLanguage\":\"pt-BR\",\"potentialAction\":[{\"@type\":\"ReadAction\",\"target\":[\"https:\/\/jornalfatosenoticias.com.br\/index.php\/2023\/12\/05\/bndes-anuncia-r-450-milhoes-para-movimentos-sociais-restaurarem-a-floresta-amazonica\/\"]}]},{\"@type\":\"ImageObject\",\"inLanguage\":\"pt-BR\",\"@id\":\"https:\/\/jornalfatosenoticias.com.br\/index.php\/2023\/12\/05\/bndes-anuncia-r-450-milhoes-para-movimentos-sociais-restaurarem-a-floresta-amazonica\/#primaryimage\",\"url\":\"https:\/\/jornalfatosenoticias.com.br\/wp-content\/uploads\/2023\/12\/molusco-e-sua-corja.jpeg\",\"contentUrl\":\"https:\/\/jornalfatosenoticias.com.br\/wp-content\/uploads\/2023\/12\/molusco-e-sua-corja.jpeg\",\"width\":768,\"height\":398},{\"@type\":\"BreadcrumbList\",\"@id\":\"https:\/\/jornalfatosenoticias.com.br\/index.php\/2023\/12\/05\/bndes-anuncia-r-450-milhoes-para-movimentos-sociais-restaurarem-a-floresta-amazonica\/#breadcrumb\",\"itemListElement\":[{\"@type\":\"ListItem\",\"position\":1,\"name\":\"In\u00edcio\",\"item\":\"https:\/\/jornalfatosenoticias.com.br\/\"},{\"@type\":\"ListItem\",\"position\":2,\"name\":\"BNDES anuncia R$ 450 milh\u00f5es para movimentos sociais \u201crestaurarem a floresta amaz\u00f4nica\u201d\"}]},{\"@type\":\"WebSite\",\"@id\":\"https:\/\/jornalfatosenoticias.com.br\/#website\",\"url\":\"https:\/\/jornalfatosenoticias.com.br\/\",\"name\":\"Jornal Fatos e Not\u00edcias\",\"description\":\"Not\u00edcias em geral\",\"publisher\":{\"@id\":\"https:\/\/jornalfatosenoticias.com.br\/#organization\"},\"potentialAction\":[{\"@type\":\"SearchAction\",\"target\":{\"@type\":\"EntryPoint\",\"urlTemplate\":\"https:\/\/jornalfatosenoticias.com.br\/?s={search_term_string}\"},\"query-input\":{\"@type\":\"PropertyValueSpecification\",\"valueRequired\":true,\"valueName\":\"search_term_string\"}}],\"inLanguage\":\"pt-BR\"},{\"@type\":\"Organization\",\"@id\":\"https:\/\/jornalfatosenoticias.com.br\/#organization\",\"name\":\"Jornal Fatos e Not\u00edcias\",\"url\":\"https:\/\/jornalfatosenoticias.com.br\/\",\"logo\":{\"@type\":\"ImageObject\",\"inLanguage\":\"pt-BR\",\"@id\":\"https:\/\/jornalfatosenoticias.com.br\/#\/schema\/logo\/image\/\",\"url\":\"https:\/\/jornalfatosenoticias.com.br\/wp-content\/uploads\/2020\/02\/logo120.png\",\"contentUrl\":\"https:\/\/jornalfatosenoticias.com.br\/wp-content\/uploads\/2020\/02\/logo120.png\",\"width\":1227,\"height\":120,\"caption\":\"Jornal Fatos e Not\u00edcias\"},\"image\":{\"@id\":\"https:\/\/jornalfatosenoticias.com.br\/#\/schema\/logo\/image\/\"}},{\"@type\":\"Person\",\"@id\":\"https:\/\/jornalfatosenoticias.com.br\/#\/schema\/person\/d63837fa13ac8666eb9e74e0985d6f81\",\"name\":\"Luzimara Fernandes\",\"image\":{\"@type\":\"ImageObject\",\"inLanguage\":\"pt-BR\",\"@id\":\"https:\/\/jornalfatosenoticias.com.br\/#\/schema\/person\/image\/\",\"url\":\"https:\/\/jornalfatosenoticias.com.br\/wp-content\/uploads\/2025\/05\/EU_portal.jpg\",\"contentUrl\":\"https:\/\/jornalfatosenoticias.com.br\/wp-content\/uploads\/2025\/05\/EU_portal.jpg\",\"caption\":\"Luzimara Fernandes\"},\"description\":\"Jornalista MTB 2358-ES\",\"sameAs\":[\"https:\/\/jornalfatosenoticias.com.br\"],\"url\":\"https:\/\/jornalfatosenoticias.com.br\/index.php\/author\/luzimara\/\"}]}<\/script>\n<!-- \/ Yoast SEO plugin. -->","yoast_head_json":{"title":"BNDES anuncia R$ 450 milh\u00f5es para movimentos sociais \u201crestaurarem a floresta amaz\u00f4nica\u201d - Jornal Fatos e Not\u00edcias","robots":{"index":"index","follow":"follow","max-snippet":"max-snippet:-1","max-image-preview":"max-image-preview:large","max-video-preview":"max-video-preview:-1"},"canonical":"https:\/\/jornalfatosenoticias.com.br\/index.php\/2023\/12\/05\/bndes-anuncia-r-450-milhoes-para-movimentos-sociais-restaurarem-a-floresta-amazonica\/","og_locale":"pt_BR","og_type":"article","og_title":"BNDES anuncia R$ 450 milh\u00f5es para movimentos sociais \u201crestaurarem a floresta amaz\u00f4nica\u201d - Jornal Fatos e Not\u00edcias","og_description":"Alo\u00edzio Mercadante ao lado de Lula e Alckmin durante cerim\u00f4nia de posse na Presid\u00eancia do BNDES Por Di\u00f3genes Freire Feitosa Durante participa\u00e7\u00e3o na 28\u00aa Confer\u00eancia das Na\u00e7\u00f5es Unidas sobre Mudan\u00e7as Clim\u00e1ticas, no s\u00e1bado (2), o presidente do Banco Nacional de Desenvolvimento Econ\u00f4mico e Social (BNDES), Aloizio Mercadante, anunciou a libera\u00e7\u00e3o de R$ 450 milh\u00f5es do [&hellip;]","og_url":"https:\/\/jornalfatosenoticias.com.br\/index.php\/2023\/12\/05\/bndes-anuncia-r-450-milhoes-para-movimentos-sociais-restaurarem-a-floresta-amazonica\/","og_site_name":"Jornal Fatos e Not\u00edcias","article_published_time":"2023-12-05T20:41:27+00:00","article_modified_time":"2023-12-05T20:41:28+00:00","og_image":[{"width":768,"height":398,"url":"https:\/\/jornalfatosenoticias.com.br\/wp-content\/uploads\/2023\/12\/molusco-e-sua-corja.jpeg","type":"image\/jpeg"}],"author":"Luzimara Fernandes","twitter_card":"summary_large_image","twitter_misc":{"Escrito por":"Luzimara Fernandes","Est. tempo de leitura":"2 minutos"},"schema":{"@context":"https:\/\/schema.org","@graph":[{"@type":"Article","@id":"https:\/\/jornalfatosenoticias.com.br\/index.php\/2023\/12\/05\/bndes-anuncia-r-450-milhoes-para-movimentos-sociais-restaurarem-a-floresta-amazonica\/#article","isPartOf":{"@id":"https:\/\/jornalfatosenoticias.com.br\/index.php\/2023\/12\/05\/bndes-anuncia-r-450-milhoes-para-movimentos-sociais-restaurarem-a-floresta-amazonica\/"},"author":{"name":"Luzimara Fernandes","@id":"https:\/\/jornalfatosenoticias.com.br\/#\/schema\/person\/d63837fa13ac8666eb9e74e0985d6f81"},"headline":"BNDES anuncia R$ 450 milh\u00f5es para movimentos sociais \u201crestaurarem a floresta amaz\u00f4nica\u201d","datePublished":"2023-12-05T20:41:27+00:00","dateModified":"2023-12-05T20:41:28+00:00","mainEntityOfPage":{"@id":"https:\/\/jornalfatosenoticias.com.br\/index.php\/2023\/12\/05\/bndes-anuncia-r-450-milhoes-para-movimentos-sociais-restaurarem-a-floresta-amazonica\/"},"wordCount":374,"commentCount":0,"publisher":{"@id":"https:\/\/jornalfatosenoticias.com.br\/#organization"},"image":{"@id":"https:\/\/jornalfatosenoticias.com.br\/index.php\/2023\/12\/05\/bndes-anuncia-r-450-milhoes-para-movimentos-sociais-restaurarem-a-floresta-amazonica\/#primaryimage"},"thumbnailUrl":"https:\/\/jornalfatosenoticias.com.br\/wp-content\/uploads\/2023\/12\/molusco-e-sua-corja.jpeg","keywords":["Arco do Reflorestamento","assalto ao BNDES","movimentos sociais","MST"],"articleSection":["Economia"],"inLanguage":"pt-BR","potentialAction":[{"@type":"CommentAction","name":"Comment","target":["https:\/\/jornalfatosenoticias.com.br\/index.php\/2023\/12\/05\/bndes-anuncia-r-450-milhoes-para-movimentos-sociais-restaurarem-a-floresta-amazonica\/#respond"]}]},{"@type":"WebPage","@id":"https:\/\/jornalfatosenoticias.com.br\/index.php\/2023\/12\/05\/bndes-anuncia-r-450-milhoes-para-movimentos-sociais-restaurarem-a-floresta-amazonica\/","url":"https:\/\/jornalfatosenoticias.com.br\/index.php\/2023\/12\/05\/bndes-anuncia-r-450-milhoes-para-movimentos-sociais-restaurarem-a-floresta-amazonica\/","name":"BNDES anuncia R$ 450 milh\u00f5es para movimentos sociais \u201crestaurarem a floresta amaz\u00f4nica\u201d - Jornal Fatos e Not\u00edcias","isPartOf":{"@id":"https:\/\/jornalfatosenoticias.com.br\/#website"},"primaryImageOfPage":{"@id":"https:\/\/jornalfatosenoticias.com.br\/index.php\/2023\/12\/05\/bndes-anuncia-r-450-milhoes-para-movimentos-sociais-restaurarem-a-floresta-amazonica\/#primaryimage"},"image":{"@id":"https:\/\/jornalfatosenoticias.com.br\/index.php\/2023\/12\/05\/bndes-anuncia-r-450-milhoes-para-movimentos-sociais-restaurarem-a-floresta-amazonica\/#primaryimage"},"thumbnailUrl":"https:\/\/jornalfatosenoticias.com.br\/wp-content\/uploads\/2023\/12\/molusco-e-sua-corja.jpeg","datePublished":"2023-12-05T20:41:27+00:00","dateModified":"2023-12-05T20:41:28+00:00","breadcrumb":{"@id":"https:\/\/jornalfatosenoticias.com.br\/index.php\/2023\/12\/05\/bndes-anuncia-r-450-milhoes-para-movimentos-sociais-restaurarem-a-floresta-amazonica\/#breadcrumb"},"inLanguage":"pt-BR","potentialAction":[{"@type":"ReadAction","target":["https:\/\/jornalfatosenoticias.com.br\/index.php\/2023\/12\/05\/bndes-anuncia-r-450-milhoes-para-movimentos-sociais-restaurarem-a-floresta-amazonica\/"]}]},{"@type":"ImageObject","inLanguage":"pt-BR","@id":"https:\/\/jornalfatosenoticias.com.br\/index.php\/2023\/12\/05\/bndes-anuncia-r-450-milhoes-para-movimentos-sociais-restaurarem-a-floresta-amazonica\/#primaryimage","url":"https:\/\/jornalfatosenoticias.com.br\/wp-content\/uploads\/2023\/12\/molusco-e-sua-corja.jpeg","contentUrl":"https:\/\/jornalfatosenoticias.com.br\/wp-content\/uploads\/2023\/12\/molusco-e-sua-corja.jpeg","width":768,"height":398},{"@type":"BreadcrumbList","@id":"https:\/\/jornalfatosenoticias.com.br\/index.php\/2023\/12\/05\/bndes-anuncia-r-450-milhoes-para-movimentos-sociais-restaurarem-a-floresta-amazonica\/#breadcrumb","itemListElement":[{"@type":"ListItem","position":1,"name":"In\u00edcio","item":"https:\/\/jornalfatosenoticias.com.br\/"},{"@type":"ListItem","position":2,"name":"BNDES anuncia R$ 450 milh\u00f5es para movimentos sociais \u201crestaurarem a floresta amaz\u00f4nica\u201d"}]},{"@type":"WebSite","@id":"https:\/\/jornalfatosenoticias.com.br\/#website","url":"https:\/\/jornalfatosenoticias.com.br\/","name":"Jornal Fatos e Not\u00edcias","description":"Not\u00edcias em geral","publisher":{"@id":"https:\/\/jornalfatosenoticias.com.br\/#organization"},"potentialAction":[{"@type":"SearchAction","target":{"@type":"EntryPoint","urlTemplate":"https:\/\/jornalfatosenoticias.com.br\/?s={search_term_string}"},"query-input":{"@type":"PropertyValueSpecification","valueRequired":true,"valueName":"search_term_string"}}],"inLanguage":"pt-BR"},{"@type":"Organization","@id":"https:\/\/jornalfatosenoticias.com.br\/#organization","name":"Jornal Fatos e Not\u00edcias","url":"https:\/\/jornalfatosenoticias.com.br\/","logo":{"@type":"ImageObject","inLanguage":"pt-BR","@id":"https:\/\/jornalfatosenoticias.com.br\/#\/schema\/logo\/image\/","url":"https:\/\/jornalfatosenoticias.com.br\/wp-content\/uploads\/2020\/02\/logo120.png","contentUrl":"https:\/\/jornalfatosenoticias.com.br\/wp-content\/uploads\/2020\/02\/logo120.png","width":1227,"height":120,"caption":"Jornal Fatos e Not\u00edcias"},"image":{"@id":"https:\/\/jornalfatosenoticias.com.br\/#\/schema\/logo\/image\/"}},{"@type":"Person","@id":"https:\/\/jornalfatosenoticias.com.br\/#\/schema\/person\/d63837fa13ac8666eb9e74e0985d6f81","name":"Luzimara Fernandes","image":{"@type":"ImageObject","inLanguage":"pt-BR","@id":"https:\/\/jornalfatosenoticias.com.br\/#\/schema\/person\/image\/","url":"https:\/\/jornalfatosenoticias.com.br\/wp-content\/uploads\/2025\/05\/EU_portal.jpg","contentUrl":"https:\/\/jornalfatosenoticias.com.br\/wp-content\/uploads\/2025\/05\/EU_portal.jpg","caption":"Luzimara Fernandes"},"description":"Jornalista MTB 2358-ES","sameAs":["https:\/\/jornalfatosenoticias.com.br"],"url":"https:\/\/jornalfatosenoticias.com.br\/index.php\/author\/luzimara\/"}]}},"cc_featured_image_caption":{"caption_text":"(Foto: Ricardo Stuckert\/PR)","source_text":"","source_url":""},"jetpack_featured_media_url":"https:\/\/jornalfatosenoticias.com.br\/wp-content\/uploads\/2023\/12\/molusco-e-sua-corja.jpeg","_links":{"self":[{"href":"https:\/\/jornalfatosenoticias.com.br\/index.php\/wp-json\/wp\/v2\/posts\/47502","targetHints":{"allow":["GET"]}}],"collection":[{"href":"https:\/\/jornalfatosenoticias.com.br\/index.php\/wp-json\/wp\/v2\/posts"}],"about":[{"href":"https:\/\/jornalfatosenoticias.com.br\/index.php\/wp-json\/wp\/v2\/types\/post"}],"author":[{"embeddable":true,"href":"https:\/\/jornalfatosenoticias.com.br\/index.php\/wp-json\/wp\/v2\/users\/2"}],"replies":[{"embeddable":true,"href":"https:\/\/jornalfatosenoticias.com.br\/index.php\/wp-json\/wp\/v2\/comments?post=47502"}],"version-history":[{"count":0,"href":"https:\/\/jornalfatosenoticias.com.br\/index.php\/wp-json\/wp\/v2\/posts\/47502\/revisions"}],"wp:featuredmedia":[{"embeddable":true,"href":"https:\/\/jornalfatosenoticias.com.br\/index.php\/wp-json\/wp\/v2\/media\/47503"}],"wp:attachment":[{"href":"https:\/\/jornalfatosenoticias.com.br\/index.php\/wp-json\/wp\/v2\/media?parent=47502"}],"wp:term":[{"taxonomy":"category","embeddable":true,"href":"https:\/\/jornalfatosenoticias.com.br\/index.php\/wp-json\/wp\/v2\/categories?post=47502"},{"taxonomy":"post_tag","embeddable":true,"href":"https:\/\/jornalfatosenoticias.com.br\/index.php\/wp-json\/wp\/v2\/tags?post=47502"}],"curies":[{"name":"wp","href":"https:\/\/api.w.org\/{rel}","templated":true}]}}