{"id":47588,"date":"2023-12-07T16:51:50","date_gmt":"2023-12-07T19:51:50","guid":{"rendered":"https:\/\/jornalfatosenoticias.com.br\/?p=47588"},"modified":"2023-12-07T16:51:51","modified_gmt":"2023-12-07T19:51:51","slug":"a-semana-em-brasilia-e-no-es-bolsonaro-e-lider-absoluto-a-frente-de-trump-biden-putin-milei-e-outros-lideres-mundiais","status":"publish","type":"post","link":"https:\/\/jornalfatosenoticias.com.br\/index.php\/2023\/12\/07\/a-semana-em-brasilia-e-no-es-bolsonaro-e-lider-absoluto-a-frente-de-trump-biden-putin-milei-e-outros-lideres-mundiais\/","title":{"rendered":"A Semana em Bras\u00edlia e no ES \u2014 Bolsonaro \u00e9 l\u00edder absoluto, \u00e0 frente de Trump, Biden, Putin, Milei e outros l\u00edderes mundiais"},"content":{"rendered":"\n<p><span class=\"has-inline-color has-black-color\">Por <strong>Raul Holderf Nascimento<\/strong><br><\/span>O ex-presidente Jair Bolsonaro (PL) permanece l\u00edder absoluto em mobiliza\u00e7\u00e3o de apoiadores e simpatizantes nas redes sociais. Em uma an\u00e1lise de dez postagens de algumas das figuras mais influentes da direita no mundo, realizada pela ag\u00eancia Ativa Web, especializada em marketing digital, Bolsonaro como primeiro colocado em engajamento no Brasil e no mundo \u2014 considerando a compara\u00e7\u00e3o feita com l\u00edderes internacionais. Os n\u00fameros envolvem coment\u00e1rios e curtidas em seus perfis em Instagram, Facebook e X (antigo Twitter).<br>De acordo com o levantamento, o ex-presidente superou nomes como o ex-presidente americano Donald Trump, que prepara nova corrida eleitoral \u00e0 Casa Branca em 2024, e o presidente rec\u00e9m-eleito da Argentina, Javier Milei, que \u00e9 o novo fen\u00f4meno da direita na Am\u00e9rica Latina.<\/p>\n\n\n\n<div class=\"wp-block-image\"><figure class=\"aligncenter size-large is-resized\"><img loading=\"lazy\" decoding=\"async\" src=\"https:\/\/jornalfatosenoticias.com.br\/wp-content\/uploads\/2023\/08\/Steel.jpeg\" alt=\"\" class=\"wp-image-44634\" width=\"291\" height=\"236\" srcset=\"https:\/\/jornalfatosenoticias.com.br\/wp-content\/uploads\/2023\/08\/Steel.jpeg 800w, https:\/\/jornalfatosenoticias.com.br\/wp-content\/uploads\/2023\/08\/Steel-300x244.jpeg 300w, https:\/\/jornalfatosenoticias.com.br\/wp-content\/uploads\/2023\/08\/Steel-768x624.jpeg 768w\" sizes=\"auto, (max-width: 291px) 100vw, 291px\" \/><\/figure><\/div>\n\n\n\n<p>Ao comparar os dados do brasileiro com Trump e Milei, Bolsonaro teve, em m\u00e9dia, 294.237 curtidas em suas \u00faltimas dez postagens nas redes, enquanto o americano ficou com m\u00e9dia de 181.441 e o argentino, 208.289. Entre os coment\u00e1rios, Bolsonaro teve m\u00e9dia de 11.707,7 nas \u00faltimas dez publica\u00e7\u00f5es, \u00e0 frente de Trump (7.760) e Milei (7.357,6).<\/p>\n\n\n\n<div class=\"wp-block-image\"><figure class=\"aligncenter size-large is-resized\"><img loading=\"lazy\" decoding=\"async\" src=\"https:\/\/jornalfatosenoticias.com.br\/wp-content\/uploads\/2023\/03\/nova-logo-Marquetti.jpg\" alt=\"\" class=\"wp-image-40207\" width=\"319\" height=\"214\" srcset=\"https:\/\/jornalfatosenoticias.com.br\/wp-content\/uploads\/2023\/03\/nova-logo-Marquetti.jpg 643w, https:\/\/jornalfatosenoticias.com.br\/wp-content\/uploads\/2023\/03\/nova-logo-Marquetti-300x202.jpg 300w\" sizes=\"auto, (max-width: 319px) 100vw, 319px\" \/><\/figure><\/div>\n\n\n\n<p>Tr\u00eas das publica\u00e7\u00f5es mais populares de Bolsonaro no Instagram no per\u00edodo analisado mostram acenos entre ele e Milei. As publica\u00e7\u00f5es somaram 3,6 milh\u00f5es de curtidas e 139.500 coment\u00e1rios. Bolsonaro tamb\u00e9m teve mais engajamento que o russo Vladimir Putin (1.957,8 curtidas e 140,3 coment\u00e1rios, em m\u00e9dia), o turco Recep Tayyip Erdogan (117.656,4 curtidas e 2.975,5 coment\u00e1rios, em m\u00e9dia), o equatoriano Daniel Noboa (40.725,1 curtidas e 752,6 coment\u00e1rios, em m\u00e9dia) e a italiana Giorgia Meloni (40.153 curtidas e 2.805,5 coment\u00e1rios, em m\u00e9dia)<strong>. (Fonte: Conex\u00e3o Pol\u00edtica)<\/strong><\/p>\n\n\n\n<div class=\"wp-block-image\"><figure class=\"aligncenter size-large is-resized\"><img loading=\"lazy\" decoding=\"async\" src=\"https:\/\/jornalfatosenoticias.com.br\/wp-content\/uploads\/2023\/11\/cromotec.jpg\" alt=\"\" class=\"wp-image-46804\" width=\"292\" height=\"174\" srcset=\"https:\/\/jornalfatosenoticias.com.br\/wp-content\/uploads\/2023\/11\/cromotec.jpg 453w, https:\/\/jornalfatosenoticias.com.br\/wp-content\/uploads\/2023\/11\/cromotec-300x179.jpg 300w\" sizes=\"auto, (max-width: 292px) 100vw, 292px\" \/><\/figure><\/div>\n\n\n\n<hr class=\"wp-block-separator\"\/>\n\n\n\n<h3 class=\"wp-block-heading\"><span class=\"has-inline-color has-black-color\">Lula n\u00e3o quer saber da autodetermina\u00e7\u00e3o dos guianenses<\/span><\/h3>\n\n\n\n<div class=\"wp-block-image\"><figure class=\"aligncenter size-large\"><img loading=\"lazy\" decoding=\"async\" width=\"1000\" height=\"600\" src=\"https:\/\/jornalfatosenoticias.com.br\/wp-content\/uploads\/2023\/12\/molusco-e-fruta-podre.jpg\" alt=\"\" class=\"wp-image-47594\" srcset=\"https:\/\/jornalfatosenoticias.com.br\/wp-content\/uploads\/2023\/12\/molusco-e-fruta-podre.jpg 1000w, https:\/\/jornalfatosenoticias.com.br\/wp-content\/uploads\/2023\/12\/molusco-e-fruta-podre-300x180.jpg 300w, https:\/\/jornalfatosenoticias.com.br\/wp-content\/uploads\/2023\/12\/molusco-e-fruta-podre-768x461.jpg 768w\" sizes=\"auto, (max-width: 1000px) 100vw, 1000px\" \/><figcaption><em><span class=\"has-inline-color has-black-color\">(Foto: Reprodu\u00e7\u00e3o\/Jovem Pan)<\/span><\/em><\/figcaption><\/figure><\/div>\n\n\n\n<p>O ditador da Venezuela, Nicol\u00e1s Maduro, nomeou, na ter\u00e7a-feira (5), um interventor para o territ\u00f3rio de Essequibo, que pertence \u00e0 Guiana. Maduro tamb\u00e9m ordenou que a estatal petrol\u00edfera PDVSA distribua licen\u00e7as para explora\u00e7\u00e3o de petr\u00f3leo no territ\u00f3rio do pa\u00eds vizinho e divulgou um mapa, que ser\u00e1 distribu\u00eddo em escolas venezuelanas, em que 70% do territ\u00f3rio da Guiana aparece como sendo parte da Venezuela.<\/p>\n\n\n\n<div class=\"wp-block-image\"><figure class=\"aligncenter size-large is-resized\"><img loading=\"lazy\" decoding=\"async\" src=\"https:\/\/jornalfatosenoticias.com.br\/wp-content\/uploads\/2023\/08\/ITH.jpeg\" alt=\"\" class=\"wp-image-44638\" width=\"287\" height=\"233\" srcset=\"https:\/\/jornalfatosenoticias.com.br\/wp-content\/uploads\/2023\/08\/ITH.jpeg 800w, https:\/\/jornalfatosenoticias.com.br\/wp-content\/uploads\/2023\/08\/ITH-300x244.jpeg 300w, https:\/\/jornalfatosenoticias.com.br\/wp-content\/uploads\/2023\/08\/ITH-768x624.jpeg 768w\" sizes=\"auto, (max-width: 287px) 100vw, 287px\" \/><\/figure><\/div>\n\n\n\n<p>Tudo isso apesar de 250 mil guianenses viverem nessa regi\u00e3o. Os guianenses, afinal, n\u00e3o teriam o direito de governar a si pr\u00f3prios, da maneira como bem entendem? Ou deveriam se curvar ao ditador vizinho?<br>Lula, por\u00e9m, nada falou sobre o direito \u00e0 autodetermina\u00e7\u00e3o dos guianenses. A quest\u00e3o \u00e9 que Lula sempre usa o conceito de autodetermina\u00e7\u00e3o para dizer que os pa\u00edses n\u00e3o podem se meter quando um povo \u00e9 oprimido por uma ditadura, que viola os direitos humanos.<\/p>\n\n\n\n<div class=\"wp-block-image\"><figure class=\"aligncenter size-large is-resized\"><img loading=\"lazy\" decoding=\"async\" src=\"https:\/\/jornalfatosenoticias.com.br\/wp-content\/uploads\/2022\/10\/RC_800x750_page-0001.jpg\" alt=\"\" class=\"wp-image-35338\" width=\"274\" height=\"257\" srcset=\"https:\/\/jornalfatosenoticias.com.br\/wp-content\/uploads\/2022\/10\/RC_800x750_page-0001.jpg 400w, https:\/\/jornalfatosenoticias.com.br\/wp-content\/uploads\/2022\/10\/RC_800x750_page-0001-300x281.jpg 300w\" sizes=\"auto, (max-width: 274px) 100vw, 274px\" \/><\/figure><\/div>\n\n\n\n<p>Foi assim para defender o nicaraguense Daniel Ortega, em 2021. \u201cN\u00f3s temos que defender a autodetermina\u00e7\u00e3o dos povos. Sabe, eu n\u00e3o posso ficar torcendo. Por que que a Angela Merkel pode ficar 16 anos no poder e Daniel Ortega n\u00e3o?\u201d, disse o brasileiro.<strong> (Fonte: O Antagonista)<\/strong><\/p>\n\n\n\n<div class=\"wp-block-image\"><figure class=\"aligncenter size-large\"><img loading=\"lazy\" decoding=\"async\" width=\"729\" height=\"90\" src=\"https:\/\/jornalfatosenoticias.com.br\/wp-content\/uploads\/2020\/02\/Logo_Mizu.png\" alt=\"\" class=\"wp-image-1441\" srcset=\"https:\/\/jornalfatosenoticias.com.br\/wp-content\/uploads\/2020\/02\/Logo_Mizu.png 729w, https:\/\/jornalfatosenoticias.com.br\/wp-content\/uploads\/2020\/02\/Logo_Mizu-300x37.png 300w\" sizes=\"auto, (max-width: 729px) 100vw, 729px\" \/><\/figure><\/div>\n\n\n\n<hr class=\"wp-block-separator\"\/>\n\n\n\n<h3 class=\"wp-block-heading\"><span class=\"has-inline-color has-black-color\">TSE e Anatel assinam acordo para combater fake news com IA<\/span><\/h3>\n\n\n\n<div class=\"wp-block-image\"><figure class=\"aligncenter size-large\"><img loading=\"lazy\" decoding=\"async\" width=\"620\" height=\"300\" src=\"https:\/\/jornalfatosenoticias.com.br\/wp-content\/uploads\/2023\/12\/TSE-e-Anatel-assinam-acordo-para-combater-fake-news-com-IA.jpeg\" alt=\"\" class=\"wp-image-47593\" srcset=\"https:\/\/jornalfatosenoticias.com.br\/wp-content\/uploads\/2023\/12\/TSE-e-Anatel-assinam-acordo-para-combater-fake-news-com-IA.jpeg 620w, https:\/\/jornalfatosenoticias.com.br\/wp-content\/uploads\/2023\/12\/TSE-e-Anatel-assinam-acordo-para-combater-fake-news-com-IA-300x145.jpeg 300w\" sizes=\"auto, (max-width: 620px) 100vw, 620px\" \/><figcaption><em><span class=\"has-inline-color has-black-color\">(Foto: Ant\u00f4nio Augusto\/Secom\/TSE)<\/span><\/em><\/figcaption><\/figure><\/div>\n\n\n\n<p>O presidente do Tribunal Superior Eleitoral (TSE), ministro Alexandre de Moraes, e o presidente da Ag\u00eancia Nacional de Telecomunica\u00e7\u00f5es (Anatel), Carlos Baigorri, assinaram um acordo de coopera\u00e7\u00e3o para combater a dissemina\u00e7\u00e3o de <em>fake news<\/em> durante as elei\u00e7\u00f5es com o uso de intelig\u00eancia artificial (IA).<br>O objetivo \u00e9 acelerar o processo de remo\u00e7\u00e3o de sites identificados como propagadores de informa\u00e7\u00f5es falsas. Com o acordo, o TSE poder\u00e1 comunicar diretamente \u00e0 Anatel, de forma virtual, a decis\u00e3o judicial de bloqueio para que a ag\u00eancia possa agir com maior rapidez e derrubar os sites prejudiciais ao processo eleitoral.<\/p>\n\n\n\n<div class=\"wp-block-image\"><figure class=\"aligncenter size-large is-resized\"><img loading=\"lazy\" decoding=\"async\" src=\"https:\/\/jornalfatosenoticias.com.br\/wp-content\/uploads\/2020\/02\/CONTROL-CS.jpg\" alt=\"\" class=\"wp-image-44991\" width=\"287\" height=\"344\" srcset=\"https:\/\/jornalfatosenoticias.com.br\/wp-content\/uploads\/2020\/02\/CONTROL-CS.jpg 834w, https:\/\/jornalfatosenoticias.com.br\/wp-content\/uploads\/2020\/02\/CONTROL-CS-250x300.jpg 250w, https:\/\/jornalfatosenoticias.com.br\/wp-content\/uploads\/2020\/02\/CONTROL-CS-768x921.jpg 768w\" sizes=\"auto, (max-width: 287px) 100vw, 287px\" \/><\/figure><\/div>\n\n\n\n<p>\u201cO acordo serve justamente para trabalharmos juntos, em parceria, no que diz respeito ao combate \u00e0 desinforma\u00e7\u00e3o e \u00e0s <em>fake news<\/em> nos processos eleitorais. No \u00faltimo ano, n\u00f3s recebemos diversas determina\u00e7\u00f5es e julgamentos do Tribunal para retirar do ar sites, conte\u00fados e aplicativos que estavam disseminando desinforma\u00e7\u00e3o e colocando em risco o processo eleitoral. O que acontece \u00e9 que essas determina\u00e7\u00f5es eram enviadas por meio de oficiais de Justi\u00e7a. Isso fazia com que o processo fosse mais moroso. O acordo de coopera\u00e7\u00e3o serve para integrarmos os nossos sistemas para que toda essa comunica\u00e7\u00e3o seja mais fluida, de forma eletr\u00f4nica, para que a Anatel possa dar cumprimento \u00e0s decis\u00f5es da Justi\u00e7a Eleitoral da forma mais r\u00e1pida poss\u00edvel, protegendo, assim, o eleitor e as elei\u00e7\u00f5es\u201d, disse Baigorri.<\/p>\n\n\n\n<div class=\"wp-block-image\"><figure class=\"aligncenter size-large\"><img loading=\"lazy\" decoding=\"async\" width=\"300\" height=\"250\" src=\"https:\/\/jornalfatosenoticias.com.br\/wp-content\/uploads\/2022\/02\/FERRARI_MAQUINAS-E-FERRAMENTAS2.jpg\" alt=\"\" class=\"wp-image-27860\"\/><\/figure><\/div>\n\n\n\n<p>Durante a assinatura do acordo, Moraes ressaltou a preocupa\u00e7\u00e3o do TSE com o uso de intelig\u00eancia artificial por parte das mil\u00edcias digitais, que disseminam informa\u00e7\u00f5es falsas para interferir no resultado das elei\u00e7\u00f5es. \u201cN\u00e3o basta a preven\u00e7\u00e3o. N\u00e3o basta a regulamenta\u00e7\u00e3o pr\u00e9via. H\u00e1 a necessidade de san\u00e7\u00f5es severas, para que aqueles que se utilizam da intelig\u00eancia artificial, para desvirtuar a vontade do eleitor e atingir o poder, ganhar as elei\u00e7\u00f5es, saibam que, se utilizarem disso e for comprovado, o registro ser\u00e1 cassado, o mandato ser\u00e1 cassado e que ficar\u00e3o ineleg\u00edveis\u201d, afirmou. <strong>(Fonte: O Antagonista)<\/strong><\/p>\n\n\n\n<div class=\"wp-block-image\"><figure class=\"aligncenter size-large is-resized\"><img loading=\"lazy\" decoding=\"async\" src=\"https:\/\/jornalfatosenoticias.com.br\/wp-content\/uploads\/2020\/02\/LOGO-BLU-COMERCIAL-PRETO-1024x600.jpg\" alt=\"\" class=\"wp-image-44089\" width=\"331\" height=\"193\"\/><\/figure><\/div>\n\n\n\n<hr class=\"wp-block-separator\"\/>\n\n\n\n<h3 class=\"wp-block-heading\"><span class=\"has-inline-color has-black-color\">Governo Lula n\u00e3o quer CPI da Braskem<\/span><\/h3>\n\n\n\n<div class=\"wp-block-image\"><figure class=\"aligncenter size-large\"><img loading=\"lazy\" decoding=\"async\" width=\"960\" height=\"541\" src=\"https:\/\/jornalfatosenoticias.com.br\/wp-content\/uploads\/2023\/12\/cpi-braskem.jpg\" alt=\"\" class=\"wp-image-47592\" srcset=\"https:\/\/jornalfatosenoticias.com.br\/wp-content\/uploads\/2023\/12\/cpi-braskem.jpg 960w, https:\/\/jornalfatosenoticias.com.br\/wp-content\/uploads\/2023\/12\/cpi-braskem-300x169.jpg 300w, https:\/\/jornalfatosenoticias.com.br\/wp-content\/uploads\/2023\/12\/cpi-braskem-768x433.jpg 768w\" sizes=\"auto, (max-width: 960px) 100vw, 960px\" \/><figcaption><em><span class=\"has-inline-color has-black-color\">(Foto: Roque de S\u00e1\/Ag\u00eancia Senado)<\/span><\/em><\/figcaption><\/figure><\/div>\n\n\n\n<p><span class=\"has-inline-color has-black-color\">Por <strong>Wesley Oliveira<\/strong><br><\/span>Aliados de Luiz In\u00e1cio Lula da Silva (PT) atuam nos bastidores para barrarem a instala\u00e7\u00e3o da Comiss\u00e3o Parlamentar de Inqu\u00e9rito (CPI) da Braskem no Senado Federal. A justificativa dos governistas \u00e9 de evitar uma nacionaliza\u00e7\u00e3o da crise provocada pelo risco de desabamento de uma das minas da petroqu\u00edmica em Macei\u00f3.<\/p>\n\n\n\n<div class=\"wp-block-image\"><figure class=\"aligncenter size-large is-resized\"><img loading=\"lazy\" decoding=\"async\" src=\"https:\/\/jornalfatosenoticias.com.br\/wp-content\/uploads\/2023\/08\/BKR-1024x1021.jpg\" alt=\"\" class=\"wp-image-44494\" width=\"287\" height=\"286\" srcset=\"https:\/\/jornalfatosenoticias.com.br\/wp-content\/uploads\/2023\/08\/BKR-1024x1021.jpg 1024w, https:\/\/jornalfatosenoticias.com.br\/wp-content\/uploads\/2023\/08\/BKR-300x300.jpg 300w, https:\/\/jornalfatosenoticias.com.br\/wp-content\/uploads\/2023\/08\/BKR-150x150.jpg 150w, https:\/\/jornalfatosenoticias.com.br\/wp-content\/uploads\/2023\/08\/BKR-768x766.jpg 768w, https:\/\/jornalfatosenoticias.com.br\/wp-content\/uploads\/2023\/08\/BKR.jpg 1080w\" sizes=\"auto, (max-width: 287px) 100vw, 287px\" \/><\/figure><\/div>\n\n\n\n<p>A instala\u00e7\u00e3o da CPI \u00e9 pleiteada pelo senador Renan Calheiros (MDB-AL), advers\u00e1rio pol\u00edtico do presidente da C\u00e2mara, Arthur Lira (PP) em Alagoas. Como noticiado, a crise ambiental na capital alagoana virou alvo de disputa entre os dois grupos pol\u00edticos da regi\u00e3o. Caso n\u00e3o obtenha sucesso pelo Legislativo, Renan avalia recorrer ao Supremo Tribunal Federal (STF) para tirar a CPI do papel.<\/p>\n\n\n\n<div class=\"wp-block-image\"><figure class=\"aligncenter size-large is-resized\"><img loading=\"lazy\" decoding=\"async\" src=\"https:\/\/jornalfatosenoticias.com.br\/wp-content\/uploads\/2020\/02\/casa-do-torresmo_portal.jpg\" alt=\"\" class=\"wp-image-34472\" width=\"264\" height=\"264\" srcset=\"https:\/\/jornalfatosenoticias.com.br\/wp-content\/uploads\/2020\/02\/casa-do-torresmo_portal.jpg 300w, https:\/\/jornalfatosenoticias.com.br\/wp-content\/uploads\/2020\/02\/casa-do-torresmo_portal-150x150.jpg 150w\" sizes=\"auto, (max-width: 264px) 100vw, 264px\" \/><\/figure><\/div>\n\n\n\n<p>A avalia\u00e7\u00e3o dentro do Pal\u00e1cio do Planalto \u00e9 de que a instala\u00e7\u00e3o da CPI poderia ampliar a crise e travar pautas de interesse do Executivo no Senado. Al\u00e9m disso, os governistas acreditam que o caso poderia ser usado pela oposi\u00e7\u00e3o para desgastar o Executivo, j\u00e1 que a Petrobras tem participa\u00e7\u00e3o societ\u00e1ria na Braskem, ao lado da Novonor (ex-Odebrecht).<\/p>\n\n\n\n<div class=\"wp-block-image\"><figure class=\"aligncenter size-large\"><img decoding=\"async\" src=\"https:\/\/jornalfatosenoticias.com.br\/wp-content\/uploads\/2020\/02\/barao-das-carnes-300x164-1.jpg\" alt=\"\" class=\"wp-image-34339\"\/><\/figure><\/div>\n\n\n\n<p>A disputa pol\u00edtica na regi\u00e3o \u00e9 vista como pano de fundo para a instala\u00e7\u00e3o da comiss\u00e3o de inqu\u00e9rito. Calheiros pretende, por exemplo, usar o colegiado para investigar a aquisi\u00e7\u00e3o do Hospital do Cora\u00e7\u00e3o pelo prefeito de Macei\u00f3, Jo\u00e3o Henrique Caldas (PL), mais conhecido como JHC e aliado de Lira, no valor de 266 milh\u00f5es de reais.<\/p>\n\n\n\n<div class=\"wp-block-image\"><figure class=\"aligncenter size-large is-resized\"><img loading=\"lazy\" decoding=\"async\" src=\"https:\/\/jornalfatosenoticias.com.br\/wp-content\/uploads\/2023\/09\/vetorvix1024_1.jpg\" alt=\"\" class=\"wp-image-44868\" width=\"430\" height=\"114\" srcset=\"https:\/\/jornalfatosenoticias.com.br\/wp-content\/uploads\/2023\/09\/vetorvix1024_1.jpg 1024w, https:\/\/jornalfatosenoticias.com.br\/wp-content\/uploads\/2023\/09\/vetorvix1024_1-300x80.jpg 300w, https:\/\/jornalfatosenoticias.com.br\/wp-content\/uploads\/2023\/09\/vetorvix1024_1-768x205.jpg 768w\" sizes=\"auto, (max-width: 430px) 100vw, 430px\" \/><\/figure><\/div>\n\n\n\n<p>Renan argumenta que a transa\u00e7\u00e3o, feita ap\u00f3s pagamento de indeniza\u00e7\u00e3o da Braskem por um desastre ambiental provocado pela empresa no in\u00edcio do ano, foi ilegal. Advers\u00e1rio de Calheiros, o senador Rodrigo Cunha (Podemos-AL) afirmou que o pedido de CPI para investigar a Braskem \u201csurgiu de maneira viciada\u201d.<\/p>\n\n\n\n<div class=\"wp-block-image\"><figure class=\"aligncenter size-large is-resized\"><img loading=\"lazy\" decoding=\"async\" src=\"https:\/\/jornalfatosenoticias.com.br\/wp-content\/uploads\/2022\/02\/Precisao-Contabilidade-1024x724.jpg\" alt=\"\" class=\"wp-image-28088\" width=\"316\" height=\"224\"\/><\/figure><\/div>\n\n\n\n<p>Entre os pontos citados por Cunha, para justificar essa cr\u00edtica, est\u00e3o que o filho de Renan Calheiros, o ministro dos Transportes Renan Filho, era governador de Alagoas, quando licen\u00e7as ambientais foram renovadas para a empresa, al\u00e9m de o pr\u00f3prio Renan ter presidido no passado uma empresa que fazia o mesmo tipo de explora\u00e7\u00e3o.<br>\u201cHouve uma licen\u00e7a ambiental sendo renovada constantemente pelo estado de Alagoas e o governador, \u00e0 \u00e9poca, era o Renan Filho, que \u00e9 senador, hoje ministro do Transporte, e filho do Renan Calheiros, que \u00e9 propositor desta a\u00e7\u00e3o\u201d, alegou Cunha. <strong>(Fonte: O Antagonista)<\/strong><\/p>\n\n\n\n<div class=\"wp-block-image\"><figure class=\"aligncenter size-large is-resized\"><img loading=\"lazy\" decoding=\"async\" src=\"https:\/\/jornalfatosenoticias.com.br\/wp-content\/uploads\/2022\/10\/Arte-jornal-Zucchi-600x600_Prancheta-1-1024x1024.jpg\" alt=\"\" class=\"wp-image-34782\" width=\"268\" height=\"268\" srcset=\"https:\/\/jornalfatosenoticias.com.br\/wp-content\/uploads\/2022\/10\/Arte-jornal-Zucchi-600x600_Prancheta-1-1024x1024.jpg 1024w, https:\/\/jornalfatosenoticias.com.br\/wp-content\/uploads\/2022\/10\/Arte-jornal-Zucchi-600x600_Prancheta-1-300x300.jpg 300w, https:\/\/jornalfatosenoticias.com.br\/wp-content\/uploads\/2022\/10\/Arte-jornal-Zucchi-600x600_Prancheta-1-150x150.jpg 150w, https:\/\/jornalfatosenoticias.com.br\/wp-content\/uploads\/2022\/10\/Arte-jornal-Zucchi-600x600_Prancheta-1-768x768.jpg 768w, https:\/\/jornalfatosenoticias.com.br\/wp-content\/uploads\/2022\/10\/Arte-jornal-Zucchi-600x600_Prancheta-1.jpg 1250w\" sizes=\"auto, (max-width: 268px) 100vw, 268px\" \/><\/figure><\/div>\n\n\n\n<hr class=\"wp-block-separator\"\/>\n\n\n\n<h3 class=\"wp-block-heading\"><span class=\"has-inline-color has-black-color\">Ministros do STF t\u00eam procurado senadores para pedir votos para Fl\u00e1vio Dino, diz jornal<\/span><\/h3>\n\n\n\n<div class=\"wp-block-image\"><figure class=\"aligncenter size-large\"><img loading=\"lazy\" decoding=\"async\" width=\"918\" height=\"474\" src=\"https:\/\/jornalfatosenoticias.com.br\/wp-content\/uploads\/2023\/12\/stf-vergonha-do-brasil-ministros-pedem-votos-para-Flavio-Dino.jpg.jpg\" alt=\"\" class=\"wp-image-47591\" srcset=\"https:\/\/jornalfatosenoticias.com.br\/wp-content\/uploads\/2023\/12\/stf-vergonha-do-brasil-ministros-pedem-votos-para-Flavio-Dino.jpg.jpg 918w, https:\/\/jornalfatosenoticias.com.br\/wp-content\/uploads\/2023\/12\/stf-vergonha-do-brasil-ministros-pedem-votos-para-Flavio-Dino.jpg-300x155.jpg 300w, https:\/\/jornalfatosenoticias.com.br\/wp-content\/uploads\/2023\/12\/stf-vergonha-do-brasil-ministros-pedem-votos-para-Flavio-Dino.jpg-768x397.jpg 768w\" sizes=\"auto, (max-width: 918px) 100vw, 918px\" \/><figcaption><em><span class=\"has-inline-color has-black-color\">(Foto: Brasilagro)<\/span><\/em><\/figcaption><\/figure><\/div>\n\n\n\n<p><span class=\"has-inline-color has-black-color\">Por<strong> Raul Holderf Nascimento<\/strong><br><\/span>Ministros do Supremo Tribunal Federal (STF), segundo informa\u00e7\u00f5es da Folha de S.Paulo, t\u00eam procurado uma s\u00e9rie de senadores e conversado com eles, em um ato de campanha a favor do ministro Fl\u00e1vio Dino, indicado por Lula para ocupar a Corte.<br>A movimenta\u00e7\u00e3o dos magistrados tamb\u00e9m se estende procurador Paulo Gonet, outros nomes indicado por Lula, mas para a Procuradoria-Geral da Rep\u00fablica (PGR). De acordo com a mat\u00e9ria, a a\u00e7\u00e3o n\u00e3o se limita apenas aos ministros, mas em nomes do alto escal\u00e3o do governo, como tamb\u00e9m o atual PGR, Augusto Aras, que tenta aceno para Gonet.<\/p>\n\n\n\n<div class=\"wp-block-image\"><figure class=\"aligncenter size-large\"><img decoding=\"async\" src=\"https:\/\/jornalfatosenoticias.com.br\/wp-content\/uploads\/2020\/02\/logo_esteio.jpg\" alt=\"\" class=\"wp-image-1214\"\/><\/figure><\/div>\n\n\n\n<p>De parte do STF, o ministro Gilmar Mendes tem defendido a indica\u00e7\u00e3o tanto do ministro da Justi\u00e7a como de Gonet em encontros com parlamentares e telefonemas. Os ministros Alexandre de Moraes e Dias Toffoli tamb\u00e9m t\u00eam encorpado a campanha pr\u00f3-Dino.<\/p>\n\n\n\n<div class=\"wp-block-image\"><figure class=\"aligncenter size-large\"><img loading=\"lazy\" decoding=\"async\" width=\"300\" height=\"250\" src=\"https:\/\/jornalfatosenoticias.com.br\/wp-content\/uploads\/2020\/02\/Banner-2.png\" alt=\"\" class=\"wp-image-43787\"\/><\/figure><\/div>\n\n\n\n<p>Com rela\u00e7\u00e3o a Gonet, Aras pediu ao gabinete de Izalci Lucas (PSDB-DF) que recebesse o indicado \u00e0 PGR, segundo relatos feitos \u00e0 Folha. O senador acabou encontrando o procurador no Senado e n\u00e3o foi necess\u00e1rio marcar uma reuni\u00e3o formal. Em torno dos integrantes do Supremo, a Folha n\u00e3o detalha quem s\u00e3o os ministros que est\u00e3o em contato com os parlamentares, mas cita movimenta\u00e7\u00f5es pr\u00f3-Dino de tr\u00eas ministros da Corte. S\u00e3o eles: Gilmar Mendes, Alexandre de Moraes e Dias Toffoli. <strong>(Fonte: Conex\u00e3o Pol\u00edtica)<\/strong><\/p>\n\n\n\n<div class=\"wp-block-image\"><figure class=\"aligncenter size-large is-resized\"><img loading=\"lazy\" decoding=\"async\" src=\"https:\/\/jornalfatosenoticias.com.br\/wp-content\/uploads\/2023\/12\/pegoretti-logo-pdf-1024x389.jpg\" alt=\"\" class=\"wp-image-47536\" width=\"393\" height=\"149\" srcset=\"https:\/\/jornalfatosenoticias.com.br\/wp-content\/uploads\/2023\/12\/pegoretti-logo-pdf-1024x389.jpg 1024w, https:\/\/jornalfatosenoticias.com.br\/wp-content\/uploads\/2023\/12\/pegoretti-logo-pdf-300x114.jpg 300w, https:\/\/jornalfatosenoticias.com.br\/wp-content\/uploads\/2023\/12\/pegoretti-logo-pdf-768x291.jpg 768w, https:\/\/jornalfatosenoticias.com.br\/wp-content\/uploads\/2023\/12\/pegoretti-logo-pdf.jpg 1120w\" sizes=\"auto, (max-width: 393px) 100vw, 393px\" \/><\/figure><\/div>\n\n\n\n<hr class=\"wp-block-separator\"\/>\n\n\n\n<h3 class=\"wp-block-heading\"><span class=\"has-inline-color has-black-color\">Magno Malta ironiza Fl\u00e1vio Dino<\/span><\/h3>\n\n\n\n<div class=\"wp-block-image\"><figure class=\"aligncenter size-large\"><img loading=\"lazy\" decoding=\"async\" width=\"685\" height=\"593\" src=\"https:\/\/jornalfatosenoticias.com.br\/wp-content\/uploads\/2023\/12\/magno-malta.jpg\" alt=\"\" class=\"wp-image-47590\" srcset=\"https:\/\/jornalfatosenoticias.com.br\/wp-content\/uploads\/2023\/12\/magno-malta.jpg 685w, https:\/\/jornalfatosenoticias.com.br\/wp-content\/uploads\/2023\/12\/magno-malta-300x260.jpg 300w\" sizes=\"auto, (max-width: 685px) 100vw, 685px\" \/><figcaption><em><span class=\"has-inline-color has-black-color\">(Foto: Reprodu\u00e7\u00e3o\/Instagram)<\/span><\/em><\/figcaption><\/figure><\/div>\n\n\n\n<p>O senador do Esp\u00edrito Santos, Magno Malta, ironizou o ministro da Justi\u00e7a e indicado ao STF, Fl\u00e1vio Dino (PSB), ap\u00f3s declara\u00e7\u00e3o de imparcialidade na Suprema Corte. Em publica\u00e7\u00e3o nas redes sociais, o parlamentar afirmou que o discurso de neutralidade de Dino \u00e9 velho e j\u00e1 \u00e9 bastante conhecido no Senado. Malta ainda diz todos os indicados ao STF d\u00e3o a mesma declara\u00e7\u00e3o.<\/p>\n\n\n\n<blockquote class=\"wp-block-quote is-layout-flow wp-block-quote-is-layout-flow\"><p><span class=\"has-inline-color has-luminous-vivid-orange-color\">Essa m\u00fasica \u00e9 velha kkkkk. J\u00e1 ouvi de todos os indicados que sabatinei. Parece que contratam o mesmo marqueteiro kkkkkkkkk\u201d, escreveu.<\/span><\/p><\/blockquote>\n\n\n\n<div class=\"wp-block-image\"><figure class=\"aligncenter size-large is-resized\"><img loading=\"lazy\" decoding=\"async\" src=\"https:\/\/jornalfatosenoticias.com.br\/wp-content\/uploads\/2023\/07\/lacremoda.jpg\" alt=\"\" class=\"wp-image-43706\" width=\"338\" height=\"189\" srcset=\"https:\/\/jornalfatosenoticias.com.br\/wp-content\/uploads\/2023\/07\/lacremoda.jpg 1024w, https:\/\/jornalfatosenoticias.com.br\/wp-content\/uploads\/2023\/07\/lacremoda-300x168.jpg 300w, https:\/\/jornalfatosenoticias.com.br\/wp-content\/uploads\/2023\/07\/lacremoda-768x431.jpg 768w\" sizes=\"auto, (max-width: 338px) 100vw, 338px\" \/><\/figure><\/div>\n\n\n\n<hr class=\"wp-block-separator\"\/>\n\n\n\n<h3 class=\"wp-block-heading\"><span class=\"has-inline-color has-black-color\">Numerosa comitiva oficial do Brasil serve de plateia para Lula<\/span><\/h3>\n\n\n\n<div class=\"wp-block-image\"><figure class=\"aligncenter size-large\"><img loading=\"lazy\" decoding=\"async\" width=\"800\" height=\"467\" src=\"https:\/\/jornalfatosenoticias.com.br\/wp-content\/uploads\/2023\/12\/comitiva-de-Lula-na-COP-28.jpg\" alt=\"\" class=\"wp-image-47589\" srcset=\"https:\/\/jornalfatosenoticias.com.br\/wp-content\/uploads\/2023\/12\/comitiva-de-Lula-na-COP-28.jpg 800w, https:\/\/jornalfatosenoticias.com.br\/wp-content\/uploads\/2023\/12\/comitiva-de-Lula-na-COP-28-300x175.jpg 300w, https:\/\/jornalfatosenoticias.com.br\/wp-content\/uploads\/2023\/12\/comitiva-de-Lula-na-COP-28-768x448.jpg 768w\" sizes=\"auto, (max-width: 800px) 100vw, 800px\" \/><figcaption><em><span class=\"has-inline-color has-black-color\">(Foto: Reprodu\u00e7\u00e3o)<\/span><\/em><\/figcaption><\/figure><\/div>\n\n\n\n<p>A presen\u00e7a de Lula (PT) em Dubai, na confer\u00eancia do clima patrocinada pelas Na\u00e7\u00f5es Unidas, \u00e9 acompanhada de um \u201ctrem da alegria\u201d que impressiona os organizadores. A colossal comitiva de Lula na COP-28 liderou o ranking das delega\u00e7\u00f5es: 1.337 fanfarr\u00f5es do governo e 1.744 convidados de ONGs etc. A comitiva dos EUA, por exemplo, teve 159 pessoas do governo e 611 de fora.<br>Tantos brasileiros em Dubai, a maioria de ativistas ligados a partidos ou entidades como ONGs por eles controladas, t\u00eam ao menos uma utilidade clara: garantem plateia para os discursos do governante brasileiro. <\/p>\n\n\n\n<div class=\"wp-block-image\"><figure class=\"aligncenter size-large is-resized\"><img loading=\"lazy\" decoding=\"async\" src=\"https:\/\/jornalfatosenoticias.com.br\/wp-content\/uploads\/2023\/03\/logo-Panper_portal.jpg\" alt=\"\" class=\"wp-image-40208\" width=\"282\" height=\"195\" srcset=\"https:\/\/jornalfatosenoticias.com.br\/wp-content\/uploads\/2023\/03\/logo-Panper_portal.jpg 400w, https:\/\/jornalfatosenoticias.com.br\/wp-content\/uploads\/2023\/03\/logo-Panper_portal-300x208.jpg 300w\" sizes=\"auto, (max-width: 282px) 100vw, 282px\" \/><\/figure><\/div>\n\n\n\n<p>O n\u00famero de brasileiros \u00e9 quase tr\u00eas vezes maior que a delega\u00e7\u00e3o da \u00cdndia, pa\u00eds que tem sete vezes mais habitantes que o Brasil, com seus 1,4 bilh\u00e3o de habitantes. Os indianos s\u00e3o representados por cerca de 800 pessoas.<br>Entre os quase dois mil brasileiros em Dubai h\u00e1 muitos que foram trabalhar na COP28, o que explica a forte presen\u00e7a de empres\u00e1rios expondo seus produtos e estabelecendo parcerias. Tanta gente se acotovelando para bajular Lula, acabou provocando empurr\u00f5es e bate-boca. <strong>(Fonte: Di\u00e1rio do Poder)<\/strong><\/p>\n\n\n\n<div class=\"wp-block-image\"><figure class=\"aligncenter size-large is-resized\"><img loading=\"lazy\" decoding=\"async\" src=\"https:\/\/jornalfatosenoticias.com.br\/wp-content\/uploads\/2020\/02\/logo-Rapuzel-1024x571.jpg\" alt=\"\" class=\"wp-image-42808\" width=\"327\" height=\"182\" srcset=\"https:\/\/jornalfatosenoticias.com.br\/wp-content\/uploads\/2020\/02\/logo-Rapuzel-1024x571.jpg 1024w, https:\/\/jornalfatosenoticias.com.br\/wp-content\/uploads\/2020\/02\/logo-Rapuzel-300x167.jpg 300w, https:\/\/jornalfatosenoticias.com.br\/wp-content\/uploads\/2020\/02\/logo-Rapuzel-768x428.jpg 768w, https:\/\/jornalfatosenoticias.com.br\/wp-content\/uploads\/2020\/02\/logo-Rapuzel-1536x856.jpg 1536w, https:\/\/jornalfatosenoticias.com.br\/wp-content\/uploads\/2020\/02\/logo-Rapuzel.jpg 1600w\" sizes=\"auto, (max-width: 327px) 100vw, 327px\" \/><\/figure><\/div>\n\n\n\n<hr class=\"wp-block-separator\"\/>\n","protected":false},"excerpt":{"rendered":"<p>Por Raul Holderf NascimentoO ex-presidente Jair Bolsonaro (PL) permanece l\u00edder absoluto em mobiliza\u00e7\u00e3o de apoiadores e simpatizantes nas redes sociais. Em uma an\u00e1lise de dez postagens de algumas das figuras mais influentes da direita no mundo, realizada pela ag\u00eancia Ativa Web, especializada em marketing digital, Bolsonaro como primeiro colocado em engajamento no Brasil e no [&hellip;]<\/p>\n","protected":false},"author":3,"featured_media":47595,"comment_status":"open","ping_status":"open","sticky":false,"template":"","format":"standard","meta":{"footnotes":""},"categories":[10],"tags":[239,22259,22179,8576,22258,22257,19151,7580,20223],"class_list":["post-47588","post","type-post","status-publish","format-standard","has-post-thumbnail","hentry","category-politica","tag-bolsonaro","tag-bolsonaro-lider-global","tag-braskem","tag-cpi","tag-dino-no-stf","tag-farra-com-dinheiro-publico","tag-guiana","tag-lula","tag-maduro"],"yoast_head":"<!-- This site is optimized with the Yoast SEO plugin v26.5 - https:\/\/yoast.com\/wordpress\/plugins\/seo\/ -->\n<title>A Semana em Bras\u00edlia e no ES \u2014 Bolsonaro \u00e9 l\u00edder absoluto, \u00e0 frente de Trump, Biden, Putin, Milei e outros l\u00edderes mundiais - Jornal Fatos e Not\u00edcias<\/title>\n<meta name=\"robots\" content=\"index, follow, max-snippet:-1, max-image-preview:large, max-video-preview:-1\" \/>\n<link rel=\"canonical\" href=\"https:\/\/jornalfatosenoticias.com.br\/index.php\/2023\/12\/07\/a-semana-em-brasilia-e-no-es-bolsonaro-e-lider-absoluto-a-frente-de-trump-biden-putin-milei-e-outros-lideres-mundiais\/\" \/>\n<meta property=\"og:locale\" content=\"pt_BR\" \/>\n<meta property=\"og:type\" content=\"article\" \/>\n<meta property=\"og:title\" content=\"A Semana em Bras\u00edlia e no ES \u2014 Bolsonaro \u00e9 l\u00edder absoluto, \u00e0 frente de Trump, Biden, Putin, Milei e outros l\u00edderes mundiais - Jornal Fatos e Not\u00edcias\" \/>\n<meta property=\"og:description\" content=\"Por Raul Holderf NascimentoO ex-presidente Jair Bolsonaro (PL) permanece l\u00edder absoluto em mobiliza\u00e7\u00e3o de apoiadores e simpatizantes nas redes sociais. Em uma an\u00e1lise de dez postagens de algumas das figuras mais influentes da direita no mundo, realizada pela ag\u00eancia Ativa Web, especializada em marketing digital, Bolsonaro como primeiro colocado em engajamento no Brasil e no [&hellip;]\" \/>\n<meta property=\"og:url\" content=\"https:\/\/jornalfatosenoticias.com.br\/index.php\/2023\/12\/07\/a-semana-em-brasilia-e-no-es-bolsonaro-e-lider-absoluto-a-frente-de-trump-biden-putin-milei-e-outros-lideres-mundiais\/\" \/>\n<meta property=\"og:site_name\" content=\"Jornal Fatos e Not\u00edcias\" \/>\n<meta property=\"article:published_time\" content=\"2023-12-07T19:51:50+00:00\" \/>\n<meta property=\"article:modified_time\" content=\"2023-12-07T19:51:51+00:00\" \/>\n<meta property=\"og:image\" content=\"https:\/\/jornalfatosenoticias.com.br\/wp-content\/uploads\/2023\/12\/bolsonaro_lider.jpeg\" \/>\n\t<meta property=\"og:image:width\" content=\"900\" \/>\n\t<meta property=\"og:image:height\" content=\"506\" \/>\n\t<meta property=\"og:image:type\" content=\"image\/jpeg\" \/>\n<meta name=\"author\" content=\"Haroldo Filho\" \/>\n<meta name=\"twitter:card\" content=\"summary_large_image\" \/>\n<meta name=\"twitter:label1\" content=\"Escrito por\" \/>\n\t<meta name=\"twitter:data1\" content=\"Haroldo Filho\" \/>\n\t<meta name=\"twitter:label2\" content=\"Est. tempo de leitura\" \/>\n\t<meta name=\"twitter:data2\" content=\"9 minutos\" \/>\n<script type=\"application\/ld+json\" class=\"yoast-schema-graph\">{\"@context\":\"https:\/\/schema.org\",\"@graph\":[{\"@type\":\"Article\",\"@id\":\"https:\/\/jornalfatosenoticias.com.br\/index.php\/2023\/12\/07\/a-semana-em-brasilia-e-no-es-bolsonaro-e-lider-absoluto-a-frente-de-trump-biden-putin-milei-e-outros-lideres-mundiais\/#article\",\"isPartOf\":{\"@id\":\"https:\/\/jornalfatosenoticias.com.br\/index.php\/2023\/12\/07\/a-semana-em-brasilia-e-no-es-bolsonaro-e-lider-absoluto-a-frente-de-trump-biden-putin-milei-e-outros-lideres-mundiais\/\"},\"author\":{\"name\":\"Haroldo Filho\",\"@id\":\"https:\/\/jornalfatosenoticias.com.br\/#\/schema\/person\/05c46cc25b42a5c27e004fb0fa6b4965\"},\"headline\":\"A Semana em Bras\u00edlia e no ES \u2014 Bolsonaro \u00e9 l\u00edder absoluto, \u00e0 frente de Trump, Biden, Putin, Milei e outros l\u00edderes mundiais\",\"datePublished\":\"2023-12-07T19:51:50+00:00\",\"dateModified\":\"2023-12-07T19:51:51+00:00\",\"mainEntityOfPage\":{\"@id\":\"https:\/\/jornalfatosenoticias.com.br\/index.php\/2023\/12\/07\/a-semana-em-brasilia-e-no-es-bolsonaro-e-lider-absoluto-a-frente-de-trump-biden-putin-milei-e-outros-lideres-mundiais\/\"},\"wordCount\":1867,\"commentCount\":0,\"publisher\":{\"@id\":\"https:\/\/jornalfatosenoticias.com.br\/#organization\"},\"image\":{\"@id\":\"https:\/\/jornalfatosenoticias.com.br\/index.php\/2023\/12\/07\/a-semana-em-brasilia-e-no-es-bolsonaro-e-lider-absoluto-a-frente-de-trump-biden-putin-milei-e-outros-lideres-mundiais\/#primaryimage\"},\"thumbnailUrl\":\"https:\/\/jornalfatosenoticias.com.br\/wp-content\/uploads\/2023\/12\/bolsonaro_lider.jpeg\",\"keywords\":[\"Bolsonaro\",\"Bolsonaro l\u00edder global\",\"Braskem\",\"CPI\",\"Dino no STF\",\"farra com dinheiro p\u00fablico\",\"Guiana\",\"Lula\",\"Maduro\"],\"articleSection\":[\"Pol\u00edtica\"],\"inLanguage\":\"pt-BR\",\"potentialAction\":[{\"@type\":\"CommentAction\",\"name\":\"Comment\",\"target\":[\"https:\/\/jornalfatosenoticias.com.br\/index.php\/2023\/12\/07\/a-semana-em-brasilia-e-no-es-bolsonaro-e-lider-absoluto-a-frente-de-trump-biden-putin-milei-e-outros-lideres-mundiais\/#respond\"]}]},{\"@type\":\"WebPage\",\"@id\":\"https:\/\/jornalfatosenoticias.com.br\/index.php\/2023\/12\/07\/a-semana-em-brasilia-e-no-es-bolsonaro-e-lider-absoluto-a-frente-de-trump-biden-putin-milei-e-outros-lideres-mundiais\/\",\"url\":\"https:\/\/jornalfatosenoticias.com.br\/index.php\/2023\/12\/07\/a-semana-em-brasilia-e-no-es-bolsonaro-e-lider-absoluto-a-frente-de-trump-biden-putin-milei-e-outros-lideres-mundiais\/\",\"name\":\"A Semana em Bras\u00edlia e no ES \u2014 Bolsonaro \u00e9 l\u00edder absoluto, \u00e0 frente de Trump, Biden, Putin, Milei e outros l\u00edderes mundiais - Jornal Fatos e Not\u00edcias\",\"isPartOf\":{\"@id\":\"https:\/\/jornalfatosenoticias.com.br\/#website\"},\"primaryImageOfPage\":{\"@id\":\"https:\/\/jornalfatosenoticias.com.br\/index.php\/2023\/12\/07\/a-semana-em-brasilia-e-no-es-bolsonaro-e-lider-absoluto-a-frente-de-trump-biden-putin-milei-e-outros-lideres-mundiais\/#primaryimage\"},\"image\":{\"@id\":\"https:\/\/jornalfatosenoticias.com.br\/index.php\/2023\/12\/07\/a-semana-em-brasilia-e-no-es-bolsonaro-e-lider-absoluto-a-frente-de-trump-biden-putin-milei-e-outros-lideres-mundiais\/#primaryimage\"},\"thumbnailUrl\":\"https:\/\/jornalfatosenoticias.com.br\/wp-content\/uploads\/2023\/12\/bolsonaro_lider.jpeg\",\"datePublished\":\"2023-12-07T19:51:50+00:00\",\"dateModified\":\"2023-12-07T19:51:51+00:00\",\"breadcrumb\":{\"@id\":\"https:\/\/jornalfatosenoticias.com.br\/index.php\/2023\/12\/07\/a-semana-em-brasilia-e-no-es-bolsonaro-e-lider-absoluto-a-frente-de-trump-biden-putin-milei-e-outros-lideres-mundiais\/#breadcrumb\"},\"inLanguage\":\"pt-BR\",\"potentialAction\":[{\"@type\":\"ReadAction\",\"target\":[\"https:\/\/jornalfatosenoticias.com.br\/index.php\/2023\/12\/07\/a-semana-em-brasilia-e-no-es-bolsonaro-e-lider-absoluto-a-frente-de-trump-biden-putin-milei-e-outros-lideres-mundiais\/\"]}]},{\"@type\":\"ImageObject\",\"inLanguage\":\"pt-BR\",\"@id\":\"https:\/\/jornalfatosenoticias.com.br\/index.php\/2023\/12\/07\/a-semana-em-brasilia-e-no-es-bolsonaro-e-lider-absoluto-a-frente-de-trump-biden-putin-milei-e-outros-lideres-mundiais\/#primaryimage\",\"url\":\"https:\/\/jornalfatosenoticias.com.br\/wp-content\/uploads\/2023\/12\/bolsonaro_lider.jpeg\",\"contentUrl\":\"https:\/\/jornalfatosenoticias.com.br\/wp-content\/uploads\/2023\/12\/bolsonaro_lider.jpeg\",\"width\":900,\"height\":506},{\"@type\":\"BreadcrumbList\",\"@id\":\"https:\/\/jornalfatosenoticias.com.br\/index.php\/2023\/12\/07\/a-semana-em-brasilia-e-no-es-bolsonaro-e-lider-absoluto-a-frente-de-trump-biden-putin-milei-e-outros-lideres-mundiais\/#breadcrumb\",\"itemListElement\":[{\"@type\":\"ListItem\",\"position\":1,\"name\":\"In\u00edcio\",\"item\":\"https:\/\/jornalfatosenoticias.com.br\/\"},{\"@type\":\"ListItem\",\"position\":2,\"name\":\"A Semana em Bras\u00edlia e no ES \u2014 Bolsonaro \u00e9 l\u00edder absoluto, \u00e0 frente de Trump, Biden, Putin, Milei e outros l\u00edderes mundiais\"}]},{\"@type\":\"WebSite\",\"@id\":\"https:\/\/jornalfatosenoticias.com.br\/#website\",\"url\":\"https:\/\/jornalfatosenoticias.com.br\/\",\"name\":\"Jornal Fatos e Not\u00edcias\",\"description\":\"Not\u00edcias em geral\",\"publisher\":{\"@id\":\"https:\/\/jornalfatosenoticias.com.br\/#organization\"},\"potentialAction\":[{\"@type\":\"SearchAction\",\"target\":{\"@type\":\"EntryPoint\",\"urlTemplate\":\"https:\/\/jornalfatosenoticias.com.br\/?s={search_term_string}\"},\"query-input\":{\"@type\":\"PropertyValueSpecification\",\"valueRequired\":true,\"valueName\":\"search_term_string\"}}],\"inLanguage\":\"pt-BR\"},{\"@type\":\"Organization\",\"@id\":\"https:\/\/jornalfatosenoticias.com.br\/#organization\",\"name\":\"Jornal Fatos e Not\u00edcias\",\"url\":\"https:\/\/jornalfatosenoticias.com.br\/\",\"logo\":{\"@type\":\"ImageObject\",\"inLanguage\":\"pt-BR\",\"@id\":\"https:\/\/jornalfatosenoticias.com.br\/#\/schema\/logo\/image\/\",\"url\":\"https:\/\/jornalfatosenoticias.com.br\/wp-content\/uploads\/2020\/02\/logo120.png\",\"contentUrl\":\"https:\/\/jornalfatosenoticias.com.br\/wp-content\/uploads\/2020\/02\/logo120.png\",\"width\":1227,\"height\":120,\"caption\":\"Jornal Fatos e Not\u00edcias\"},\"image\":{\"@id\":\"https:\/\/jornalfatosenoticias.com.br\/#\/schema\/logo\/image\/\"}},{\"@type\":\"Person\",\"@id\":\"https:\/\/jornalfatosenoticias.com.br\/#\/schema\/person\/05c46cc25b42a5c27e004fb0fa6b4965\",\"name\":\"Haroldo Filho\",\"image\":{\"@type\":\"ImageObject\",\"inLanguage\":\"pt-BR\",\"@id\":\"https:\/\/jornalfatosenoticias.com.br\/#\/schema\/person\/image\/\",\"url\":\"https:\/\/jornalfatosenoticias.com.br\/wp-content\/uploads\/2025\/08\/WhatsApp-Image-2025-08-18-at-15.30.28-150x150.jpeg\",\"contentUrl\":\"https:\/\/jornalfatosenoticias.com.br\/wp-content\/uploads\/2025\/08\/WhatsApp-Image-2025-08-18-at-15.30.28-150x150.jpeg\",\"caption\":\"Haroldo Filho\"},\"description\":\"Jornalista \u2013 DRT: 0003818\/ES Coordenador-geral da ONG Educar para Crescer\",\"url\":\"https:\/\/jornalfatosenoticias.com.br\/index.php\/author\/haroldo\/\"}]}<\/script>\n<!-- \/ Yoast SEO plugin. -->","yoast_head_json":{"title":"A Semana em Bras\u00edlia e no ES \u2014 Bolsonaro \u00e9 l\u00edder absoluto, \u00e0 frente de Trump, Biden, Putin, Milei e outros l\u00edderes mundiais - Jornal Fatos e Not\u00edcias","robots":{"index":"index","follow":"follow","max-snippet":"max-snippet:-1","max-image-preview":"max-image-preview:large","max-video-preview":"max-video-preview:-1"},"canonical":"https:\/\/jornalfatosenoticias.com.br\/index.php\/2023\/12\/07\/a-semana-em-brasilia-e-no-es-bolsonaro-e-lider-absoluto-a-frente-de-trump-biden-putin-milei-e-outros-lideres-mundiais\/","og_locale":"pt_BR","og_type":"article","og_title":"A Semana em Bras\u00edlia e no ES \u2014 Bolsonaro \u00e9 l\u00edder absoluto, \u00e0 frente de Trump, Biden, Putin, Milei e outros l\u00edderes mundiais - Jornal Fatos e Not\u00edcias","og_description":"Por Raul Holderf NascimentoO ex-presidente Jair Bolsonaro (PL) permanece l\u00edder absoluto em mobiliza\u00e7\u00e3o de apoiadores e simpatizantes nas redes sociais. Em uma an\u00e1lise de dez postagens de algumas das figuras mais influentes da direita no mundo, realizada pela ag\u00eancia Ativa Web, especializada em marketing digital, Bolsonaro como primeiro colocado em engajamento no Brasil e no [&hellip;]","og_url":"https:\/\/jornalfatosenoticias.com.br\/index.php\/2023\/12\/07\/a-semana-em-brasilia-e-no-es-bolsonaro-e-lider-absoluto-a-frente-de-trump-biden-putin-milei-e-outros-lideres-mundiais\/","og_site_name":"Jornal Fatos e Not\u00edcias","article_published_time":"2023-12-07T19:51:50+00:00","article_modified_time":"2023-12-07T19:51:51+00:00","og_image":[{"width":900,"height":506,"url":"https:\/\/jornalfatosenoticias.com.br\/wp-content\/uploads\/2023\/12\/bolsonaro_lider.jpeg","type":"image\/jpeg"}],"author":"Haroldo Filho","twitter_card":"summary_large_image","twitter_misc":{"Escrito por":"Haroldo Filho","Est. tempo de leitura":"9 minutos"},"schema":{"@context":"https:\/\/schema.org","@graph":[{"@type":"Article","@id":"https:\/\/jornalfatosenoticias.com.br\/index.php\/2023\/12\/07\/a-semana-em-brasilia-e-no-es-bolsonaro-e-lider-absoluto-a-frente-de-trump-biden-putin-milei-e-outros-lideres-mundiais\/#article","isPartOf":{"@id":"https:\/\/jornalfatosenoticias.com.br\/index.php\/2023\/12\/07\/a-semana-em-brasilia-e-no-es-bolsonaro-e-lider-absoluto-a-frente-de-trump-biden-putin-milei-e-outros-lideres-mundiais\/"},"author":{"name":"Haroldo Filho","@id":"https:\/\/jornalfatosenoticias.com.br\/#\/schema\/person\/05c46cc25b42a5c27e004fb0fa6b4965"},"headline":"A Semana em Bras\u00edlia e no ES \u2014 Bolsonaro \u00e9 l\u00edder absoluto, \u00e0 frente de Trump, Biden, Putin, Milei e outros l\u00edderes mundiais","datePublished":"2023-12-07T19:51:50+00:00","dateModified":"2023-12-07T19:51:51+00:00","mainEntityOfPage":{"@id":"https:\/\/jornalfatosenoticias.com.br\/index.php\/2023\/12\/07\/a-semana-em-brasilia-e-no-es-bolsonaro-e-lider-absoluto-a-frente-de-trump-biden-putin-milei-e-outros-lideres-mundiais\/"},"wordCount":1867,"commentCount":0,"publisher":{"@id":"https:\/\/jornalfatosenoticias.com.br\/#organization"},"image":{"@id":"https:\/\/jornalfatosenoticias.com.br\/index.php\/2023\/12\/07\/a-semana-em-brasilia-e-no-es-bolsonaro-e-lider-absoluto-a-frente-de-trump-biden-putin-milei-e-outros-lideres-mundiais\/#primaryimage"},"thumbnailUrl":"https:\/\/jornalfatosenoticias.com.br\/wp-content\/uploads\/2023\/12\/bolsonaro_lider.jpeg","keywords":["Bolsonaro","Bolsonaro l\u00edder global","Braskem","CPI","Dino no STF","farra com dinheiro p\u00fablico","Guiana","Lula","Maduro"],"articleSection":["Pol\u00edtica"],"inLanguage":"pt-BR","potentialAction":[{"@type":"CommentAction","name":"Comment","target":["https:\/\/jornalfatosenoticias.com.br\/index.php\/2023\/12\/07\/a-semana-em-brasilia-e-no-es-bolsonaro-e-lider-absoluto-a-frente-de-trump-biden-putin-milei-e-outros-lideres-mundiais\/#respond"]}]},{"@type":"WebPage","@id":"https:\/\/jornalfatosenoticias.com.br\/index.php\/2023\/12\/07\/a-semana-em-brasilia-e-no-es-bolsonaro-e-lider-absoluto-a-frente-de-trump-biden-putin-milei-e-outros-lideres-mundiais\/","url":"https:\/\/jornalfatosenoticias.com.br\/index.php\/2023\/12\/07\/a-semana-em-brasilia-e-no-es-bolsonaro-e-lider-absoluto-a-frente-de-trump-biden-putin-milei-e-outros-lideres-mundiais\/","name":"A Semana em Bras\u00edlia e no ES \u2014 Bolsonaro \u00e9 l\u00edder absoluto, \u00e0 frente de Trump, Biden, Putin, Milei e outros l\u00edderes mundiais - Jornal Fatos e Not\u00edcias","isPartOf":{"@id":"https:\/\/jornalfatosenoticias.com.br\/#website"},"primaryImageOfPage":{"@id":"https:\/\/jornalfatosenoticias.com.br\/index.php\/2023\/12\/07\/a-semana-em-brasilia-e-no-es-bolsonaro-e-lider-absoluto-a-frente-de-trump-biden-putin-milei-e-outros-lideres-mundiais\/#primaryimage"},"image":{"@id":"https:\/\/jornalfatosenoticias.com.br\/index.php\/2023\/12\/07\/a-semana-em-brasilia-e-no-es-bolsonaro-e-lider-absoluto-a-frente-de-trump-biden-putin-milei-e-outros-lideres-mundiais\/#primaryimage"},"thumbnailUrl":"https:\/\/jornalfatosenoticias.com.br\/wp-content\/uploads\/2023\/12\/bolsonaro_lider.jpeg","datePublished":"2023-12-07T19:51:50+00:00","dateModified":"2023-12-07T19:51:51+00:00","breadcrumb":{"@id":"https:\/\/jornalfatosenoticias.com.br\/index.php\/2023\/12\/07\/a-semana-em-brasilia-e-no-es-bolsonaro-e-lider-absoluto-a-frente-de-trump-biden-putin-milei-e-outros-lideres-mundiais\/#breadcrumb"},"inLanguage":"pt-BR","potentialAction":[{"@type":"ReadAction","target":["https:\/\/jornalfatosenoticias.com.br\/index.php\/2023\/12\/07\/a-semana-em-brasilia-e-no-es-bolsonaro-e-lider-absoluto-a-frente-de-trump-biden-putin-milei-e-outros-lideres-mundiais\/"]}]},{"@type":"ImageObject","inLanguage":"pt-BR","@id":"https:\/\/jornalfatosenoticias.com.br\/index.php\/2023\/12\/07\/a-semana-em-brasilia-e-no-es-bolsonaro-e-lider-absoluto-a-frente-de-trump-biden-putin-milei-e-outros-lideres-mundiais\/#primaryimage","url":"https:\/\/jornalfatosenoticias.com.br\/wp-content\/uploads\/2023\/12\/bolsonaro_lider.jpeg","contentUrl":"https:\/\/jornalfatosenoticias.com.br\/wp-content\/uploads\/2023\/12\/bolsonaro_lider.jpeg","width":900,"height":506},{"@type":"BreadcrumbList","@id":"https:\/\/jornalfatosenoticias.com.br\/index.php\/2023\/12\/07\/a-semana-em-brasilia-e-no-es-bolsonaro-e-lider-absoluto-a-frente-de-trump-biden-putin-milei-e-outros-lideres-mundiais\/#breadcrumb","itemListElement":[{"@type":"ListItem","position":1,"name":"In\u00edcio","item":"https:\/\/jornalfatosenoticias.com.br\/"},{"@type":"ListItem","position":2,"name":"A Semana em Bras\u00edlia e no ES \u2014 Bolsonaro \u00e9 l\u00edder absoluto, \u00e0 frente de Trump, Biden, Putin, Milei e outros l\u00edderes mundiais"}]},{"@type":"WebSite","@id":"https:\/\/jornalfatosenoticias.com.br\/#website","url":"https:\/\/jornalfatosenoticias.com.br\/","name":"Jornal Fatos e Not\u00edcias","description":"Not\u00edcias em geral","publisher":{"@id":"https:\/\/jornalfatosenoticias.com.br\/#organization"},"potentialAction":[{"@type":"SearchAction","target":{"@type":"EntryPoint","urlTemplate":"https:\/\/jornalfatosenoticias.com.br\/?s={search_term_string}"},"query-input":{"@type":"PropertyValueSpecification","valueRequired":true,"valueName":"search_term_string"}}],"inLanguage":"pt-BR"},{"@type":"Organization","@id":"https:\/\/jornalfatosenoticias.com.br\/#organization","name":"Jornal Fatos e Not\u00edcias","url":"https:\/\/jornalfatosenoticias.com.br\/","logo":{"@type":"ImageObject","inLanguage":"pt-BR","@id":"https:\/\/jornalfatosenoticias.com.br\/#\/schema\/logo\/image\/","url":"https:\/\/jornalfatosenoticias.com.br\/wp-content\/uploads\/2020\/02\/logo120.png","contentUrl":"https:\/\/jornalfatosenoticias.com.br\/wp-content\/uploads\/2020\/02\/logo120.png","width":1227,"height":120,"caption":"Jornal Fatos e Not\u00edcias"},"image":{"@id":"https:\/\/jornalfatosenoticias.com.br\/#\/schema\/logo\/image\/"}},{"@type":"Person","@id":"https:\/\/jornalfatosenoticias.com.br\/#\/schema\/person\/05c46cc25b42a5c27e004fb0fa6b4965","name":"Haroldo Filho","image":{"@type":"ImageObject","inLanguage":"pt-BR","@id":"https:\/\/jornalfatosenoticias.com.br\/#\/schema\/person\/image\/","url":"https:\/\/jornalfatosenoticias.com.br\/wp-content\/uploads\/2025\/08\/WhatsApp-Image-2025-08-18-at-15.30.28-150x150.jpeg","contentUrl":"https:\/\/jornalfatosenoticias.com.br\/wp-content\/uploads\/2025\/08\/WhatsApp-Image-2025-08-18-at-15.30.28-150x150.jpeg","caption":"Haroldo Filho"},"description":"Jornalista \u2013 DRT: 0003818\/ES Coordenador-geral da ONG Educar para Crescer","url":"https:\/\/jornalfatosenoticias.com.br\/index.php\/author\/haroldo\/"}]}},"cc_featured_image_caption":{"caption_text":"(Foto: Reuters) ","source_text":"","source_url":""},"jetpack_featured_media_url":"https:\/\/jornalfatosenoticias.com.br\/wp-content\/uploads\/2023\/12\/bolsonaro_lider.jpeg","_links":{"self":[{"href":"https:\/\/jornalfatosenoticias.com.br\/index.php\/wp-json\/wp\/v2\/posts\/47588","targetHints":{"allow":["GET"]}}],"collection":[{"href":"https:\/\/jornalfatosenoticias.com.br\/index.php\/wp-json\/wp\/v2\/posts"}],"about":[{"href":"https:\/\/jornalfatosenoticias.com.br\/index.php\/wp-json\/wp\/v2\/types\/post"}],"author":[{"embeddable":true,"href":"https:\/\/jornalfatosenoticias.com.br\/index.php\/wp-json\/wp\/v2\/users\/3"}],"replies":[{"embeddable":true,"href":"https:\/\/jornalfatosenoticias.com.br\/index.php\/wp-json\/wp\/v2\/comments?post=47588"}],"version-history":[{"count":0,"href":"https:\/\/jornalfatosenoticias.com.br\/index.php\/wp-json\/wp\/v2\/posts\/47588\/revisions"}],"wp:featuredmedia":[{"embeddable":true,"href":"https:\/\/jornalfatosenoticias.com.br\/index.php\/wp-json\/wp\/v2\/media\/47595"}],"wp:attachment":[{"href":"https:\/\/jornalfatosenoticias.com.br\/index.php\/wp-json\/wp\/v2\/media?parent=47588"}],"wp:term":[{"taxonomy":"category","embeddable":true,"href":"https:\/\/jornalfatosenoticias.com.br\/index.php\/wp-json\/wp\/v2\/categories?post=47588"},{"taxonomy":"post_tag","embeddable":true,"href":"https:\/\/jornalfatosenoticias.com.br\/index.php\/wp-json\/wp\/v2\/tags?post=47588"}],"curies":[{"name":"wp","href":"https:\/\/api.w.org\/{rel}","templated":true}]}}