{"id":47597,"date":"2023-12-07T17:04:35","date_gmt":"2023-12-07T20:04:35","guid":{"rendered":"https:\/\/jornalfatosenoticias.com.br\/?p=47597"},"modified":"2023-12-07T17:04:39","modified_gmt":"2023-12-07T20:04:39","slug":"o-que-se-sabe-sobre-a-antiga-civilizacao-de-tartesso","status":"publish","type":"post","link":"https:\/\/jornalfatosenoticias.com.br\/index.php\/2023\/12\/07\/o-que-se-sabe-sobre-a-antiga-civilizacao-de-tartesso\/","title":{"rendered":"O que se sabe sobre a antiga civiliza\u00e7\u00e3o de Tartesso?"},"content":{"rendered":"\n<p><em><span class=\"has-inline-color has-black-color\">Mesmo com os avan\u00e7os da arqueologia, sua l\u00edngua, seus rituais religiosos e seu fim abrupto s\u00e3o cercados de mist\u00e9rios at\u00e9 hoje<\/span><\/em><\/p>\n\n\n\n<p><span class=\"has-inline-color has-black-color\">Por <strong>Ingredi Brunato<\/strong><\/span><\/p>\n\n\n\n<div class=\"wp-block-image\"><figure class=\"aligncenter size-large\"><img loading=\"lazy\" decoding=\"async\" width=\"729\" height=\"90\" src=\"https:\/\/jornalfatosenoticias.com.br\/wp-content\/uploads\/2020\/02\/Logo_Mizu.png\" alt=\"\" class=\"wp-image-1441\" srcset=\"https:\/\/jornalfatosenoticias.com.br\/wp-content\/uploads\/2020\/02\/Logo_Mizu.png 729w, https:\/\/jornalfatosenoticias.com.br\/wp-content\/uploads\/2020\/02\/Logo_Mizu-300x37.png 300w\" sizes=\"auto, (max-width: 729px) 100vw, 729px\" \/><\/figure><\/div>\n\n\n\n<p>Mencionada em diversos documentos hist\u00f3ricos, mas cercada de perguntas sem resposta,\u00a0<a href=\"https:\/\/pt.wikipedia.org\/wiki\/Tartesso\" rel=\"noreferrer noopener\" target=\"_blank\">Tartesso<\/a>\u00a0foi uma\u00a0<mark>civiliza\u00e7\u00e3o<\/mark>\u00a0que existiu na\u00a0<a href=\"https:\/\/aventurasnahistoria.uol.com.br\/noticias\/historia-hoje\/colares-de-ouro-de-25-mil-anos-sao-achados-apos-deslizamento-de-terra-na-espanha.phtml\" rel=\"noreferrer noopener\" target=\"_blank\">Pen\u00ednsula Ib\u00e9rica<\/a> entre os s\u00e9culos 9 a.C. e 5 a.C. Foi formada por uma mistura entre nativos da regi\u00e3o e colonizadores vindos da Gr\u00e9cia e da <a href=\"https:\/\/aventurasnahistoria.uol.com.br\/noticias\/historia-hoje\/pesquisadores-revelam-plano-para-recuperar-navio-naufragado-ha-2500-anos.phtml\" rel=\"noreferrer noopener\" target=\"_blank\">Fen\u00edcia<\/a>. Outro detalhe importante \u00e9 que, gra\u00e7as aos extensos\u00a0<mark>recursos minerais<\/mark>\u00a0do territ\u00f3rio, tratava-se de um povo de grande\u00a0<mark>riqueza<\/mark>.\u00a0<br>At\u00e9 hoje, pesquisadores foram capazes de localizar por volta de 20 <a href=\"https:\/\/aventurasnahistoria.uol.com.br\/noticias\/historia-hoje\/mais-de-800-sitios-arqueologicos-da-ucrania-foram-danificados-na-guerra.phtml\" rel=\"noreferrer noopener\" target=\"_blank\">s\u00edtios arqueol\u00f3gicos<\/a>\u00a0habitados pelos\u00a0<mark>tartessos<\/mark>. A escava\u00e7\u00e3o desses locais nos permitiu entender um pouco sobre a arquitetura tartessiana, seu\u00a0<mark>sistema de escrita<\/mark>\u00a0e\u00a0<mark>tradi\u00e7\u00f5es<\/mark>.\u00a0Sinais de sacrif\u00edcio em massa de animais e da queima de constru\u00e7\u00f5es, por exemplo, apareceram em mais de um desses assentamentos, surpreendendo os arque\u00f3logos. O maior mist\u00e9rio a respeito de\u00a0<mark>Tartesso<\/mark>, no entanto, \u00e9 seu fim: a civiliza\u00e7\u00e3o parece ter desaparecido de uma hora para outra\u00a0<mark>h\u00e1 2.500 anos.<\/mark><\/p>\n\n\n\n<div class=\"wp-block-image\"><figure class=\"aligncenter size-large\"><img loading=\"lazy\" decoding=\"async\" width=\"300\" height=\"250\" src=\"https:\/\/jornalfatosenoticias.com.br\/wp-content\/uploads\/2022\/02\/FERRARI_MAQUINAS-E-FERRAMENTAS2.jpg\" alt=\"\" class=\"wp-image-27860\"\/><\/figure><\/div>\n\n\n\n<p>Em 1978, foi realizada uma das mais importantes descobertas arqueol\u00f3gicas relacionadas a Tartesso: o <a href=\"https:\/\/en.wikipedia.org\/wiki\/Cancho_Roano\" rel=\"noreferrer noopener\" target=\"_blank\">s\u00edtio de Cancho Roano<\/a>, situado na\u00a0<mark>Espanha<\/mark>, que remonta ao s\u00e9culo 6 a.C. Neste interessante <mark>assentamento<\/mark>, foram encontradas as evid\u00eancias de tr\u00eas\u00a0<mark>templos<\/mark>\u00a0antigos constru\u00eddos um ap\u00f3s o outro, no mesmo lugar \u2014 eles foram erguidos, destru\u00eddos e substitu\u00eddos pelo seguinte.<\/p>\n\n\n\n<div class=\"wp-block-image\"><figure class=\"aligncenter size-large is-resized\"><img loading=\"lazy\" decoding=\"async\" src=\"https:\/\/jornalfatosenoticias.com.br\/wp-content\/uploads\/2023\/08\/Steel.jpeg\" alt=\"\" class=\"wp-image-44634\" width=\"296\" height=\"241\" srcset=\"https:\/\/jornalfatosenoticias.com.br\/wp-content\/uploads\/2023\/08\/Steel.jpeg 800w, https:\/\/jornalfatosenoticias.com.br\/wp-content\/uploads\/2023\/08\/Steel-300x244.jpeg 300w, https:\/\/jornalfatosenoticias.com.br\/wp-content\/uploads\/2023\/08\/Steel-768x624.jpeg 768w\" sizes=\"auto, (max-width: 296px) 100vw, 296px\" \/><\/figure><\/div>\n\n\n\n<p>O \u00faltimo deles foi\u00a0<mark>queimado<\/mark>\u00a0no fim do s\u00e9culo 5 a.C., sendo selado com argila e abandonado de vez. Antes de iniciar o\u00a0<mark>inc\u00eandio<\/mark>, no entanto, os tartessos teriam realizado um grande banquete: os restos dos\u00a0<mark>muitos<\/mark>\u00a0animais devorados nesta refei\u00e7\u00e3o foram jogados em uma fossa no meio do templo antes das chamas serem iniciadas.<\/p>\n\n\n\n<div class=\"wp-block-image\"><figure class=\"aligncenter size-large is-resized\"><img loading=\"lazy\" decoding=\"async\" src=\"https:\/\/jornalfatosenoticias.com.br\/wp-content\/uploads\/2020\/02\/CONTROL-CS.jpg\" alt=\"\" class=\"wp-image-44991\" width=\"287\" height=\"344\" srcset=\"https:\/\/jornalfatosenoticias.com.br\/wp-content\/uploads\/2020\/02\/CONTROL-CS.jpg 834w, https:\/\/jornalfatosenoticias.com.br\/wp-content\/uploads\/2020\/02\/CONTROL-CS-250x300.jpg 250w, https:\/\/jornalfatosenoticias.com.br\/wp-content\/uploads\/2020\/02\/CONTROL-CS-768x921.jpg 768w\" sizes=\"auto, (max-width: 287px) 100vw, 287px\" \/><\/figure><\/div>\n\n\n\n<p>Felizmente,\u00a0<mark>joias e artefatos<\/mark> tartessianos sobreviveram ao fogo e \u00e0 passagem do tempo, e capazes de serem analisados pelos pesquisadores. Outros s\u00edtios arqueol\u00f3gicos que faziam parte de Tartesso descobertos posteriormente, ali\u00e1s, tamb\u00e9m apresentavam vest\u00edgios desses<mark>\u00a0sacrif\u00edcios de animais<\/mark> em massa, com os ossos sendo descartados no fosso de um santu\u00e1rio que era ent\u00e3o incendiado e vedado com argila, conforme informa\u00e7\u00f5es repercutidas pela BBC.<\/p>\n\n\n\n<div class=\"wp-block-image\"><figure class=\"aligncenter size-large is-resized\"><img loading=\"lazy\" decoding=\"async\" src=\"https:\/\/jornalfatosenoticias.com.br\/wp-content\/uploads\/2022\/10\/RC_800x750_page-0001.jpg\" alt=\"\" class=\"wp-image-35338\" width=\"293\" height=\"275\" srcset=\"https:\/\/jornalfatosenoticias.com.br\/wp-content\/uploads\/2022\/10\/RC_800x750_page-0001.jpg 400w, https:\/\/jornalfatosenoticias.com.br\/wp-content\/uploads\/2022\/10\/RC_800x750_page-0001-300x281.jpg 300w\" sizes=\"auto, (max-width: 293px) 100vw, 293px\" \/><\/figure><\/div>\n\n\n\n<blockquote class=\"wp-block-quote is-layout-flow wp-block-quote-is-layout-flow\"><p><span class=\"has-inline-color has-luminous-vivid-orange-color\">O mais surpreendente para mim \u00e9 o h\u00e1bito muito peculiar [dos tartessos] de destruir suas casas, ou seja, em todos os s\u00edtios encontrados foi seguido o mesmo procedimento: esvaziar todos os vasos e \u00e2nforas, queimar a constru\u00e7\u00e3o e enterr\u00e1-la\u201d, apontou ainda <strong>Ana Bel\u00e9n Gallardo Delgado,<\/strong> historiadora entrevistada pelo ve\u00edculo a respeito da antiga civiliza\u00e7\u00e3o ib\u00e9rica. <\/span><\/p><\/blockquote>\n\n\n\n<div class=\"wp-block-image\"><figure class=\"aligncenter size-large\"><img loading=\"lazy\" decoding=\"async\" width=\"800\" height=\"450\" src=\"https:\/\/jornalfatosenoticias.com.br\/wp-content\/uploads\/2023\/12\/tartessos_2.jpg\" alt=\"\" class=\"wp-image-47598\" srcset=\"https:\/\/jornalfatosenoticias.com.br\/wp-content\/uploads\/2023\/12\/tartessos_2.jpg 800w, https:\/\/jornalfatosenoticias.com.br\/wp-content\/uploads\/2023\/12\/tartessos_2-300x169.jpg 300w, https:\/\/jornalfatosenoticias.com.br\/wp-content\/uploads\/2023\/12\/tartessos_2-768x432.jpg 768w\" sizes=\"auto, (max-width: 800px) 100vw, 800px\" \/><figcaption><em><span class=\"has-inline-color has-black-color\">Ru\u00ednas tartessas em Villamart\u00edn (Foto: Wikimedia Commons)<\/span><\/em><\/figcaption><\/figure><\/div>\n\n\n\n<p>Vale destacar que\u00a0<mark>Tartesso<\/mark>\u00a0tamb\u00e9m possu\u00eda um sistema de escrita. Seus s\u00edmbolos parecem ser derivados do\u00a0<mark>alfabeto fen\u00edcio<\/mark>, por\u00e9m a ci\u00eancia continua no processo de decifr\u00e1-los. Ainda de acordo com a BBC, existem algumas teorias para o fim da civiliza\u00e7\u00e3o tartessa. Eles podem ter ca\u00eddo devido a uma <mark>\u00a0crise econ\u00f4mica<\/mark>, por exemplo, ou sido desestabilizados por um\u00a0<mark>desastre natural.<\/mark> Para entender a primeira teoria, \u00e9 necess\u00e1rio saber que o com\u00e9rcio de Tartesso era dependente dos\u00a0<mark>metais<\/mark> que eram minerados na regi\u00e3o. <\/p>\n\n\n\n<div class=\"wp-block-image\"><figure class=\"aligncenter size-large is-resized\"><img loading=\"lazy\" decoding=\"async\" src=\"https:\/\/jornalfatosenoticias.com.br\/wp-content\/uploads\/2023\/08\/ITH.jpeg\" alt=\"\" class=\"wp-image-44638\" width=\"284\" height=\"230\" srcset=\"https:\/\/jornalfatosenoticias.com.br\/wp-content\/uploads\/2023\/08\/ITH.jpeg 800w, https:\/\/jornalfatosenoticias.com.br\/wp-content\/uploads\/2023\/08\/ITH-300x244.jpeg 300w, https:\/\/jornalfatosenoticias.com.br\/wp-content\/uploads\/2023\/08\/ITH-768x624.jpeg 768w\" sizes=\"auto, (max-width: 284px) 100vw, 284px\" \/><\/figure><\/div>\n\n\n\n<p>Problemas na minera\u00e7\u00e3o, portanto, ou ent\u00e3o nas negocia\u00e7\u00f5es com as civiliza\u00e7\u00f5es vizinhas que costumavam comprar esses metais, poderiam ter levado a consequ\u00eancias desastrosas. <strong>Celestino Perez,<\/strong> por sua vez, pesquisador a respeito do povo tartesso, acredita que o fim da antiga na\u00e7\u00e3o chegou na forma de um <mark>tsunami<\/mark>.\u00a0<\/p>\n\n\n\n<div class=\"wp-block-image\"><figure class=\"aligncenter size-large is-resized\"><img loading=\"lazy\" decoding=\"async\" src=\"https:\/\/jornalfatosenoticias.com.br\/wp-content\/uploads\/2023\/08\/BKR-1024x1021.jpg\" alt=\"\" class=\"wp-image-44494\" width=\"284\" height=\"283\" srcset=\"https:\/\/jornalfatosenoticias.com.br\/wp-content\/uploads\/2023\/08\/BKR-1024x1021.jpg 1024w, https:\/\/jornalfatosenoticias.com.br\/wp-content\/uploads\/2023\/08\/BKR-300x300.jpg 300w, https:\/\/jornalfatosenoticias.com.br\/wp-content\/uploads\/2023\/08\/BKR-150x150.jpg 150w, https:\/\/jornalfatosenoticias.com.br\/wp-content\/uploads\/2023\/08\/BKR-768x766.jpg 768w, https:\/\/jornalfatosenoticias.com.br\/wp-content\/uploads\/2023\/08\/BKR.jpg 1080w\" sizes=\"auto, (max-width: 284px) 100vw, 284px\" \/><\/figure><\/div>\n\n\n\n<blockquote class=\"wp-block-quote is-layout-flow wp-block-quote-is-layout-flow\"><p><span class=\"has-inline-color has-luminous-vivid-orange-color\">Atualmente, parece que pode ter havido um terremoto em meados do s\u00e9culo 6 a.C., seguido por um tsunami que teria atingido os principais portos tartessianos. Esta teria sido a causa da r\u00e1pida queda dos tartessos\u201d, especulou o especialista.<\/span><\/p><\/blockquote>\n\n\n\n<div class=\"wp-block-image\"><figure class=\"aligncenter size-large is-resized\"><img loading=\"lazy\" decoding=\"async\" src=\"https:\/\/jornalfatosenoticias.com.br\/wp-content\/uploads\/2022\/10\/Arte-jornal-Zucchi-600x600_Prancheta-1-1024x1024.jpg\" alt=\"\" class=\"wp-image-34782\" width=\"278\" height=\"278\" srcset=\"https:\/\/jornalfatosenoticias.com.br\/wp-content\/uploads\/2022\/10\/Arte-jornal-Zucchi-600x600_Prancheta-1-1024x1024.jpg 1024w, https:\/\/jornalfatosenoticias.com.br\/wp-content\/uploads\/2022\/10\/Arte-jornal-Zucchi-600x600_Prancheta-1-300x300.jpg 300w, https:\/\/jornalfatosenoticias.com.br\/wp-content\/uploads\/2022\/10\/Arte-jornal-Zucchi-600x600_Prancheta-1-150x150.jpg 150w, https:\/\/jornalfatosenoticias.com.br\/wp-content\/uploads\/2022\/10\/Arte-jornal-Zucchi-600x600_Prancheta-1-768x768.jpg 768w, https:\/\/jornalfatosenoticias.com.br\/wp-content\/uploads\/2022\/10\/Arte-jornal-Zucchi-600x600_Prancheta-1.jpg 1250w\" sizes=\"auto, (max-width: 278px) 100vw, 278px\" \/><\/figure><\/div>\n\n\n\n<p>Independentemente do motivo de seu <mark>desaparecimento<\/mark>, no entanto, o fato \u00e9 que ainda falta muito para ser entendido a respeito de Tartesso e de seu impacto na<mark>\u00a0Pen\u00ednsula Ib\u00e9rica.\u00a0<\/mark><\/p>\n\n\n\n<p><strong><em>Fonte: <a href=\"https:\/\/aventurasnahistoria.uol.com.br\/noticias\/desventuras\/misterio-do-passado-o-que-sabemos-sobre-antiga-civilizacao-de-tartesso.phtml\">Aventuras na Hist\u00f3ria<\/a><\/em><\/strong><\/p>\n","protected":false},"excerpt":{"rendered":"<p>Mesmo com os avan\u00e7os da arqueologia, sua l\u00edngua, seus rituais religiosos e seu fim abrupto s\u00e3o cercados de mist\u00e9rios at\u00e9 hoje Por Ingredi Brunato Mencionada em diversos documentos hist\u00f3ricos, mas cercada de perguntas sem resposta,\u00a0Tartesso\u00a0foi uma\u00a0civiliza\u00e7\u00e3o\u00a0que existiu na\u00a0Pen\u00ednsula Ib\u00e9rica entre os s\u00e9culos 9 a.C. e 5 a.C. Foi formada por uma mistura entre nativos da [&hellip;]<\/p>\n","protected":false},"author":2,"featured_media":47599,"comment_status":"open","ping_status":"open","sticky":false,"template":"","format":"standard","meta":{"footnotes":""},"categories":[9808],"tags":[22260,157,22261],"class_list":["post-47597","post","type-post","status-publish","format-standard","has-post-thumbnail","hentry","category-paleo-arqueologia","tag-civilizacao-antiga","tag-espanha","tag-tartesso"],"yoast_head":"<!-- This site is optimized with the Yoast SEO plugin v26.5 - https:\/\/yoast.com\/wordpress\/plugins\/seo\/ -->\n<title>O que se sabe sobre a antiga civiliza\u00e7\u00e3o de Tartesso? - Jornal Fatos e Not\u00edcias<\/title>\n<meta name=\"robots\" content=\"index, follow, max-snippet:-1, max-image-preview:large, max-video-preview:-1\" \/>\n<link rel=\"canonical\" href=\"https:\/\/jornalfatosenoticias.com.br\/index.php\/2023\/12\/07\/o-que-se-sabe-sobre-a-antiga-civilizacao-de-tartesso\/\" \/>\n<meta property=\"og:locale\" content=\"pt_BR\" \/>\n<meta property=\"og:type\" content=\"article\" \/>\n<meta property=\"og:title\" content=\"O que se sabe sobre a antiga civiliza\u00e7\u00e3o de Tartesso? - Jornal Fatos e Not\u00edcias\" \/>\n<meta property=\"og:description\" content=\"Mesmo com os avan\u00e7os da arqueologia, sua l\u00edngua, seus rituais religiosos e seu fim abrupto s\u00e3o cercados de mist\u00e9rios at\u00e9 hoje Por Ingredi Brunato Mencionada em diversos documentos hist\u00f3ricos, mas cercada de perguntas sem resposta,\u00a0Tartesso\u00a0foi uma\u00a0civiliza\u00e7\u00e3o\u00a0que existiu na\u00a0Pen\u00ednsula Ib\u00e9rica entre os s\u00e9culos 9 a.C. e 5 a.C. Foi formada por uma mistura entre nativos da [&hellip;]\" \/>\n<meta property=\"og:url\" content=\"https:\/\/jornalfatosenoticias.com.br\/index.php\/2023\/12\/07\/o-que-se-sabe-sobre-a-antiga-civilizacao-de-tartesso\/\" \/>\n<meta property=\"og:site_name\" content=\"Jornal Fatos e Not\u00edcias\" \/>\n<meta property=\"article:published_time\" content=\"2023-12-07T20:04:35+00:00\" \/>\n<meta property=\"article:modified_time\" content=\"2023-12-07T20:04:39+00:00\" \/>\n<meta property=\"og:image\" content=\"https:\/\/jornalfatosenoticias.com.br\/wp-content\/uploads\/2023\/12\/tartessos_1.jpg\" \/>\n\t<meta property=\"og:image:width\" content=\"800\" \/>\n\t<meta property=\"og:image:height\" content=\"450\" \/>\n\t<meta property=\"og:image:type\" content=\"image\/jpeg\" \/>\n<meta name=\"author\" content=\"Luzimara Fernandes\" \/>\n<meta name=\"twitter:card\" content=\"summary_large_image\" \/>\n<meta name=\"twitter:label1\" content=\"Escrito por\" \/>\n\t<meta name=\"twitter:data1\" content=\"Luzimara Fernandes\" \/>\n\t<meta name=\"twitter:label2\" content=\"Est. tempo de leitura\" \/>\n\t<meta name=\"twitter:data2\" content=\"3 minutos\" \/>\n<script type=\"application\/ld+json\" class=\"yoast-schema-graph\">{\"@context\":\"https:\/\/schema.org\",\"@graph\":[{\"@type\":\"Article\",\"@id\":\"https:\/\/jornalfatosenoticias.com.br\/index.php\/2023\/12\/07\/o-que-se-sabe-sobre-a-antiga-civilizacao-de-tartesso\/#article\",\"isPartOf\":{\"@id\":\"https:\/\/jornalfatosenoticias.com.br\/index.php\/2023\/12\/07\/o-que-se-sabe-sobre-a-antiga-civilizacao-de-tartesso\/\"},\"author\":{\"name\":\"Luzimara Fernandes\",\"@id\":\"https:\/\/jornalfatosenoticias.com.br\/#\/schema\/person\/d63837fa13ac8666eb9e74e0985d6f81\"},\"headline\":\"O que se sabe sobre a antiga civiliza\u00e7\u00e3o de Tartesso?\",\"datePublished\":\"2023-12-07T20:04:35+00:00\",\"dateModified\":\"2023-12-07T20:04:39+00:00\",\"mainEntityOfPage\":{\"@id\":\"https:\/\/jornalfatosenoticias.com.br\/index.php\/2023\/12\/07\/o-que-se-sabe-sobre-a-antiga-civilizacao-de-tartesso\/\"},\"wordCount\":685,\"commentCount\":0,\"publisher\":{\"@id\":\"https:\/\/jornalfatosenoticias.com.br\/#organization\"},\"image\":{\"@id\":\"https:\/\/jornalfatosenoticias.com.br\/index.php\/2023\/12\/07\/o-que-se-sabe-sobre-a-antiga-civilizacao-de-tartesso\/#primaryimage\"},\"thumbnailUrl\":\"https:\/\/jornalfatosenoticias.com.br\/wp-content\/uploads\/2023\/12\/tartessos_1.jpg\",\"keywords\":[\"Civiliza\u00e7\u00e3o Antiga\",\"Espanha\",\"Tartesso\"],\"articleSection\":[\"Paleo &amp; Arqueologia\"],\"inLanguage\":\"pt-BR\",\"potentialAction\":[{\"@type\":\"CommentAction\",\"name\":\"Comment\",\"target\":[\"https:\/\/jornalfatosenoticias.com.br\/index.php\/2023\/12\/07\/o-que-se-sabe-sobre-a-antiga-civilizacao-de-tartesso\/#respond\"]}]},{\"@type\":\"WebPage\",\"@id\":\"https:\/\/jornalfatosenoticias.com.br\/index.php\/2023\/12\/07\/o-que-se-sabe-sobre-a-antiga-civilizacao-de-tartesso\/\",\"url\":\"https:\/\/jornalfatosenoticias.com.br\/index.php\/2023\/12\/07\/o-que-se-sabe-sobre-a-antiga-civilizacao-de-tartesso\/\",\"name\":\"O que se sabe sobre a antiga civiliza\u00e7\u00e3o de Tartesso? - Jornal Fatos e Not\u00edcias\",\"isPartOf\":{\"@id\":\"https:\/\/jornalfatosenoticias.com.br\/#website\"},\"primaryImageOfPage\":{\"@id\":\"https:\/\/jornalfatosenoticias.com.br\/index.php\/2023\/12\/07\/o-que-se-sabe-sobre-a-antiga-civilizacao-de-tartesso\/#primaryimage\"},\"image\":{\"@id\":\"https:\/\/jornalfatosenoticias.com.br\/index.php\/2023\/12\/07\/o-que-se-sabe-sobre-a-antiga-civilizacao-de-tartesso\/#primaryimage\"},\"thumbnailUrl\":\"https:\/\/jornalfatosenoticias.com.br\/wp-content\/uploads\/2023\/12\/tartessos_1.jpg\",\"datePublished\":\"2023-12-07T20:04:35+00:00\",\"dateModified\":\"2023-12-07T20:04:39+00:00\",\"breadcrumb\":{\"@id\":\"https:\/\/jornalfatosenoticias.com.br\/index.php\/2023\/12\/07\/o-que-se-sabe-sobre-a-antiga-civilizacao-de-tartesso\/#breadcrumb\"},\"inLanguage\":\"pt-BR\",\"potentialAction\":[{\"@type\":\"ReadAction\",\"target\":[\"https:\/\/jornalfatosenoticias.com.br\/index.php\/2023\/12\/07\/o-que-se-sabe-sobre-a-antiga-civilizacao-de-tartesso\/\"]}]},{\"@type\":\"ImageObject\",\"inLanguage\":\"pt-BR\",\"@id\":\"https:\/\/jornalfatosenoticias.com.br\/index.php\/2023\/12\/07\/o-que-se-sabe-sobre-a-antiga-civilizacao-de-tartesso\/#primaryimage\",\"url\":\"https:\/\/jornalfatosenoticias.com.br\/wp-content\/uploads\/2023\/12\/tartessos_1.jpg\",\"contentUrl\":\"https:\/\/jornalfatosenoticias.com.br\/wp-content\/uploads\/2023\/12\/tartessos_1.jpg\",\"width\":800,\"height\":450},{\"@type\":\"BreadcrumbList\",\"@id\":\"https:\/\/jornalfatosenoticias.com.br\/index.php\/2023\/12\/07\/o-que-se-sabe-sobre-a-antiga-civilizacao-de-tartesso\/#breadcrumb\",\"itemListElement\":[{\"@type\":\"ListItem\",\"position\":1,\"name\":\"In\u00edcio\",\"item\":\"https:\/\/jornalfatosenoticias.com.br\/\"},{\"@type\":\"ListItem\",\"position\":2,\"name\":\"O que se sabe sobre a antiga civiliza\u00e7\u00e3o de Tartesso?\"}]},{\"@type\":\"WebSite\",\"@id\":\"https:\/\/jornalfatosenoticias.com.br\/#website\",\"url\":\"https:\/\/jornalfatosenoticias.com.br\/\",\"name\":\"Jornal Fatos e Not\u00edcias\",\"description\":\"Not\u00edcias em geral\",\"publisher\":{\"@id\":\"https:\/\/jornalfatosenoticias.com.br\/#organization\"},\"potentialAction\":[{\"@type\":\"SearchAction\",\"target\":{\"@type\":\"EntryPoint\",\"urlTemplate\":\"https:\/\/jornalfatosenoticias.com.br\/?s={search_term_string}\"},\"query-input\":{\"@type\":\"PropertyValueSpecification\",\"valueRequired\":true,\"valueName\":\"search_term_string\"}}],\"inLanguage\":\"pt-BR\"},{\"@type\":\"Organization\",\"@id\":\"https:\/\/jornalfatosenoticias.com.br\/#organization\",\"name\":\"Jornal Fatos e Not\u00edcias\",\"url\":\"https:\/\/jornalfatosenoticias.com.br\/\",\"logo\":{\"@type\":\"ImageObject\",\"inLanguage\":\"pt-BR\",\"@id\":\"https:\/\/jornalfatosenoticias.com.br\/#\/schema\/logo\/image\/\",\"url\":\"https:\/\/jornalfatosenoticias.com.br\/wp-content\/uploads\/2020\/02\/logo120.png\",\"contentUrl\":\"https:\/\/jornalfatosenoticias.com.br\/wp-content\/uploads\/2020\/02\/logo120.png\",\"width\":1227,\"height\":120,\"caption\":\"Jornal Fatos e Not\u00edcias\"},\"image\":{\"@id\":\"https:\/\/jornalfatosenoticias.com.br\/#\/schema\/logo\/image\/\"}},{\"@type\":\"Person\",\"@id\":\"https:\/\/jornalfatosenoticias.com.br\/#\/schema\/person\/d63837fa13ac8666eb9e74e0985d6f81\",\"name\":\"Luzimara Fernandes\",\"image\":{\"@type\":\"ImageObject\",\"inLanguage\":\"pt-BR\",\"@id\":\"https:\/\/jornalfatosenoticias.com.br\/#\/schema\/person\/image\/\",\"url\":\"https:\/\/jornalfatosenoticias.com.br\/wp-content\/uploads\/2025\/05\/EU_portal.jpg\",\"contentUrl\":\"https:\/\/jornalfatosenoticias.com.br\/wp-content\/uploads\/2025\/05\/EU_portal.jpg\",\"caption\":\"Luzimara Fernandes\"},\"description\":\"Jornalista MTB 2358-ES\",\"sameAs\":[\"https:\/\/jornalfatosenoticias.com.br\"],\"url\":\"https:\/\/jornalfatosenoticias.com.br\/index.php\/author\/luzimara\/\"}]}<\/script>\n<!-- \/ Yoast SEO plugin. -->","yoast_head_json":{"title":"O que se sabe sobre a antiga civiliza\u00e7\u00e3o de Tartesso? - Jornal Fatos e Not\u00edcias","robots":{"index":"index","follow":"follow","max-snippet":"max-snippet:-1","max-image-preview":"max-image-preview:large","max-video-preview":"max-video-preview:-1"},"canonical":"https:\/\/jornalfatosenoticias.com.br\/index.php\/2023\/12\/07\/o-que-se-sabe-sobre-a-antiga-civilizacao-de-tartesso\/","og_locale":"pt_BR","og_type":"article","og_title":"O que se sabe sobre a antiga civiliza\u00e7\u00e3o de Tartesso? - Jornal Fatos e Not\u00edcias","og_description":"Mesmo com os avan\u00e7os da arqueologia, sua l\u00edngua, seus rituais religiosos e seu fim abrupto s\u00e3o cercados de mist\u00e9rios at\u00e9 hoje Por Ingredi Brunato Mencionada em diversos documentos hist\u00f3ricos, mas cercada de perguntas sem resposta,\u00a0Tartesso\u00a0foi uma\u00a0civiliza\u00e7\u00e3o\u00a0que existiu na\u00a0Pen\u00ednsula Ib\u00e9rica entre os s\u00e9culos 9 a.C. e 5 a.C. Foi formada por uma mistura entre nativos da [&hellip;]","og_url":"https:\/\/jornalfatosenoticias.com.br\/index.php\/2023\/12\/07\/o-que-se-sabe-sobre-a-antiga-civilizacao-de-tartesso\/","og_site_name":"Jornal Fatos e Not\u00edcias","article_published_time":"2023-12-07T20:04:35+00:00","article_modified_time":"2023-12-07T20:04:39+00:00","og_image":[{"width":800,"height":450,"url":"https:\/\/jornalfatosenoticias.com.br\/wp-content\/uploads\/2023\/12\/tartessos_1.jpg","type":"image\/jpeg"}],"author":"Luzimara Fernandes","twitter_card":"summary_large_image","twitter_misc":{"Escrito por":"Luzimara Fernandes","Est. tempo de leitura":"3 minutos"},"schema":{"@context":"https:\/\/schema.org","@graph":[{"@type":"Article","@id":"https:\/\/jornalfatosenoticias.com.br\/index.php\/2023\/12\/07\/o-que-se-sabe-sobre-a-antiga-civilizacao-de-tartesso\/#article","isPartOf":{"@id":"https:\/\/jornalfatosenoticias.com.br\/index.php\/2023\/12\/07\/o-que-se-sabe-sobre-a-antiga-civilizacao-de-tartesso\/"},"author":{"name":"Luzimara Fernandes","@id":"https:\/\/jornalfatosenoticias.com.br\/#\/schema\/person\/d63837fa13ac8666eb9e74e0985d6f81"},"headline":"O que se sabe sobre a antiga civiliza\u00e7\u00e3o de Tartesso?","datePublished":"2023-12-07T20:04:35+00:00","dateModified":"2023-12-07T20:04:39+00:00","mainEntityOfPage":{"@id":"https:\/\/jornalfatosenoticias.com.br\/index.php\/2023\/12\/07\/o-que-se-sabe-sobre-a-antiga-civilizacao-de-tartesso\/"},"wordCount":685,"commentCount":0,"publisher":{"@id":"https:\/\/jornalfatosenoticias.com.br\/#organization"},"image":{"@id":"https:\/\/jornalfatosenoticias.com.br\/index.php\/2023\/12\/07\/o-que-se-sabe-sobre-a-antiga-civilizacao-de-tartesso\/#primaryimage"},"thumbnailUrl":"https:\/\/jornalfatosenoticias.com.br\/wp-content\/uploads\/2023\/12\/tartessos_1.jpg","keywords":["Civiliza\u00e7\u00e3o Antiga","Espanha","Tartesso"],"articleSection":["Paleo &amp; Arqueologia"],"inLanguage":"pt-BR","potentialAction":[{"@type":"CommentAction","name":"Comment","target":["https:\/\/jornalfatosenoticias.com.br\/index.php\/2023\/12\/07\/o-que-se-sabe-sobre-a-antiga-civilizacao-de-tartesso\/#respond"]}]},{"@type":"WebPage","@id":"https:\/\/jornalfatosenoticias.com.br\/index.php\/2023\/12\/07\/o-que-se-sabe-sobre-a-antiga-civilizacao-de-tartesso\/","url":"https:\/\/jornalfatosenoticias.com.br\/index.php\/2023\/12\/07\/o-que-se-sabe-sobre-a-antiga-civilizacao-de-tartesso\/","name":"O que se sabe sobre a antiga civiliza\u00e7\u00e3o de Tartesso? - Jornal Fatos e Not\u00edcias","isPartOf":{"@id":"https:\/\/jornalfatosenoticias.com.br\/#website"},"primaryImageOfPage":{"@id":"https:\/\/jornalfatosenoticias.com.br\/index.php\/2023\/12\/07\/o-que-se-sabe-sobre-a-antiga-civilizacao-de-tartesso\/#primaryimage"},"image":{"@id":"https:\/\/jornalfatosenoticias.com.br\/index.php\/2023\/12\/07\/o-que-se-sabe-sobre-a-antiga-civilizacao-de-tartesso\/#primaryimage"},"thumbnailUrl":"https:\/\/jornalfatosenoticias.com.br\/wp-content\/uploads\/2023\/12\/tartessos_1.jpg","datePublished":"2023-12-07T20:04:35+00:00","dateModified":"2023-12-07T20:04:39+00:00","breadcrumb":{"@id":"https:\/\/jornalfatosenoticias.com.br\/index.php\/2023\/12\/07\/o-que-se-sabe-sobre-a-antiga-civilizacao-de-tartesso\/#breadcrumb"},"inLanguage":"pt-BR","potentialAction":[{"@type":"ReadAction","target":["https:\/\/jornalfatosenoticias.com.br\/index.php\/2023\/12\/07\/o-que-se-sabe-sobre-a-antiga-civilizacao-de-tartesso\/"]}]},{"@type":"ImageObject","inLanguage":"pt-BR","@id":"https:\/\/jornalfatosenoticias.com.br\/index.php\/2023\/12\/07\/o-que-se-sabe-sobre-a-antiga-civilizacao-de-tartesso\/#primaryimage","url":"https:\/\/jornalfatosenoticias.com.br\/wp-content\/uploads\/2023\/12\/tartessos_1.jpg","contentUrl":"https:\/\/jornalfatosenoticias.com.br\/wp-content\/uploads\/2023\/12\/tartessos_1.jpg","width":800,"height":450},{"@type":"BreadcrumbList","@id":"https:\/\/jornalfatosenoticias.com.br\/index.php\/2023\/12\/07\/o-que-se-sabe-sobre-a-antiga-civilizacao-de-tartesso\/#breadcrumb","itemListElement":[{"@type":"ListItem","position":1,"name":"In\u00edcio","item":"https:\/\/jornalfatosenoticias.com.br\/"},{"@type":"ListItem","position":2,"name":"O que se sabe sobre a antiga civiliza\u00e7\u00e3o de Tartesso?"}]},{"@type":"WebSite","@id":"https:\/\/jornalfatosenoticias.com.br\/#website","url":"https:\/\/jornalfatosenoticias.com.br\/","name":"Jornal Fatos e Not\u00edcias","description":"Not\u00edcias em geral","publisher":{"@id":"https:\/\/jornalfatosenoticias.com.br\/#organization"},"potentialAction":[{"@type":"SearchAction","target":{"@type":"EntryPoint","urlTemplate":"https:\/\/jornalfatosenoticias.com.br\/?s={search_term_string}"},"query-input":{"@type":"PropertyValueSpecification","valueRequired":true,"valueName":"search_term_string"}}],"inLanguage":"pt-BR"},{"@type":"Organization","@id":"https:\/\/jornalfatosenoticias.com.br\/#organization","name":"Jornal Fatos e Not\u00edcias","url":"https:\/\/jornalfatosenoticias.com.br\/","logo":{"@type":"ImageObject","inLanguage":"pt-BR","@id":"https:\/\/jornalfatosenoticias.com.br\/#\/schema\/logo\/image\/","url":"https:\/\/jornalfatosenoticias.com.br\/wp-content\/uploads\/2020\/02\/logo120.png","contentUrl":"https:\/\/jornalfatosenoticias.com.br\/wp-content\/uploads\/2020\/02\/logo120.png","width":1227,"height":120,"caption":"Jornal Fatos e Not\u00edcias"},"image":{"@id":"https:\/\/jornalfatosenoticias.com.br\/#\/schema\/logo\/image\/"}},{"@type":"Person","@id":"https:\/\/jornalfatosenoticias.com.br\/#\/schema\/person\/d63837fa13ac8666eb9e74e0985d6f81","name":"Luzimara Fernandes","image":{"@type":"ImageObject","inLanguage":"pt-BR","@id":"https:\/\/jornalfatosenoticias.com.br\/#\/schema\/person\/image\/","url":"https:\/\/jornalfatosenoticias.com.br\/wp-content\/uploads\/2025\/05\/EU_portal.jpg","contentUrl":"https:\/\/jornalfatosenoticias.com.br\/wp-content\/uploads\/2025\/05\/EU_portal.jpg","caption":"Luzimara Fernandes"},"description":"Jornalista MTB 2358-ES","sameAs":["https:\/\/jornalfatosenoticias.com.br"],"url":"https:\/\/jornalfatosenoticias.com.br\/index.php\/author\/luzimara\/"}]}},"cc_featured_image_caption":{"caption_text":"(Foto: Wikimedia Commons) ","source_text":"","source_url":""},"jetpack_featured_media_url":"https:\/\/jornalfatosenoticias.com.br\/wp-content\/uploads\/2023\/12\/tartessos_1.jpg","_links":{"self":[{"href":"https:\/\/jornalfatosenoticias.com.br\/index.php\/wp-json\/wp\/v2\/posts\/47597","targetHints":{"allow":["GET"]}}],"collection":[{"href":"https:\/\/jornalfatosenoticias.com.br\/index.php\/wp-json\/wp\/v2\/posts"}],"about":[{"href":"https:\/\/jornalfatosenoticias.com.br\/index.php\/wp-json\/wp\/v2\/types\/post"}],"author":[{"embeddable":true,"href":"https:\/\/jornalfatosenoticias.com.br\/index.php\/wp-json\/wp\/v2\/users\/2"}],"replies":[{"embeddable":true,"href":"https:\/\/jornalfatosenoticias.com.br\/index.php\/wp-json\/wp\/v2\/comments?post=47597"}],"version-history":[{"count":0,"href":"https:\/\/jornalfatosenoticias.com.br\/index.php\/wp-json\/wp\/v2\/posts\/47597\/revisions"}],"wp:featuredmedia":[{"embeddable":true,"href":"https:\/\/jornalfatosenoticias.com.br\/index.php\/wp-json\/wp\/v2\/media\/47599"}],"wp:attachment":[{"href":"https:\/\/jornalfatosenoticias.com.br\/index.php\/wp-json\/wp\/v2\/media?parent=47597"}],"wp:term":[{"taxonomy":"category","embeddable":true,"href":"https:\/\/jornalfatosenoticias.com.br\/index.php\/wp-json\/wp\/v2\/categories?post=47597"},{"taxonomy":"post_tag","embeddable":true,"href":"https:\/\/jornalfatosenoticias.com.br\/index.php\/wp-json\/wp\/v2\/tags?post=47597"}],"curies":[{"name":"wp","href":"https:\/\/api.w.org\/{rel}","templated":true}]}}