{"id":47624,"date":"2023-12-08T15:28:25","date_gmt":"2023-12-08T18:28:25","guid":{"rendered":"https:\/\/jornalfatosenoticias.com.br\/?p=47624"},"modified":"2023-12-08T15:28:26","modified_gmt":"2023-12-08T18:28:26","slug":"governo-interrompe-relatorios-semanais-apos-registrar-alta-de-mortes-de-yanomamis-em-2023","status":"publish","type":"post","link":"https:\/\/jornalfatosenoticias.com.br\/index.php\/2023\/12\/08\/governo-interrompe-relatorios-semanais-apos-registrar-alta-de-mortes-de-yanomamis-em-2023\/","title":{"rendered":"Governo interrompe relat\u00f3rios semanais ap\u00f3s registrar alta de mortes de yanomamis em 2023"},"content":{"rendered":"\n<p><em><span class=\"has-inline-color has-black-color\">Em outubro desde ano, mortes de yanomamis j\u00e1 haviam superado o total de \u00f3bitos registrados em 2022, no \u00faltimo ano da gest\u00e3o Bolsonaro<\/span><\/em><\/p>\n\n\n\n<p><span class=\"has-inline-color has-black-color\">Por <strong><a href=\"https:\/\/www.gazetadopovo.com.br\/autor\/diogenes-freire-feitosa\/\">Di\u00f3genes Freire Feitosa<\/a><\/strong><\/span><\/p>\n\n\n\n<div class=\"wp-block-image\"><figure class=\"aligncenter size-large\"><img loading=\"lazy\" decoding=\"async\" width=\"1024\" height=\"111\" src=\"https:\/\/jornalfatosenoticias.com.br\/wp-content\/uploads\/2020\/02\/WhatsApp-Image-2022-09-23-at-12.09.18-1024x111.jpeg\" alt=\"\" class=\"wp-image-34527\" srcset=\"https:\/\/jornalfatosenoticias.com.br\/wp-content\/uploads\/2020\/02\/WhatsApp-Image-2022-09-23-at-12.09.18-1024x111.jpeg 1024w, https:\/\/jornalfatosenoticias.com.br\/wp-content\/uploads\/2020\/02\/WhatsApp-Image-2022-09-23-at-12.09.18-300x32.jpeg 300w, https:\/\/jornalfatosenoticias.com.br\/wp-content\/uploads\/2020\/02\/WhatsApp-Image-2022-09-23-at-12.09.18-768x83.jpeg 768w, https:\/\/jornalfatosenoticias.com.br\/wp-content\/uploads\/2020\/02\/WhatsApp-Image-2022-09-23-at-12.09.18.jpeg 1121w\" sizes=\"auto, (max-width: 1024px) 100vw, 1024px\" \/><\/figure><\/div>\n\n\n\n<p>Ap\u00f3s publicar, ao longo do ano, uma s\u00e9rie de relat\u00f3rios peri\u00f3dicos sobre a situa\u00e7\u00e3o do povo yanomami, o governo Lula interrompeu as publica\u00e7\u00f5es em outubro ap\u00f3s o fracasso em reduzir o n\u00famero de mortes dos ind\u00edgenas neste primeiro ano de mandato. At\u00e9 setembro, os boletins do Minist\u00e9rio da Sa\u00fade eram semanais. Depois, as publica\u00e7\u00f5es passariam a ser mensais. No entanto, n\u00e3o h\u00e1 novas publica\u00e7\u00f5es desde outubro.<br>Usados pelo governo Lula como bandeira para acusar o governo anterior de omiss\u00e3o em rela\u00e7\u00e3o \u00e0 quest\u00e3o yanomami, os problemas persistem com sinais de piora passados 10 meses do in\u00edcio das opera\u00e7\u00f5es de emerg\u00eancia na regi\u00e3o habitada pelos ind\u00edgenas.<br>O \u00faltimo boletim da Secretaria de Sa\u00fade Ind\u00edgena (Sesai), do Minist\u00e9rio da Sa\u00fade, foi publicado no dia 4 de outubro de 2023. O relat\u00f3rio havia apontado 215 mortes de yanomamis em 2023 por diversas causas \u2014 na ocasi\u00e3o, os n\u00fameros j\u00e1 haviam superado as mortes dos ind\u00edgenas ao longo de todo o ano de 2022.<\/p>\n\n\n\n<div class=\"wp-block-image\"><figure class=\"aligncenter size-large\"><img decoding=\"async\" src=\"https:\/\/jornalfatosenoticias.com.br\/wp-content\/uploads\/2020\/02\/logo_esteio.jpg\" alt=\"\" class=\"wp-image-1214\"\/><\/figure><\/div>\n\n\n\n<p>De acordo com o documento, 53% dos \u00f3bitos s\u00e3o de crian\u00e7as at\u00e9 quatro anos de idade. Do total, 90 mortes foram causadas por doen\u00e7as infecciosas; 29 por desnutri\u00e7\u00e3o; 43 por causas \u201cmal definidas\u201d; 39 por causas externas; 4 por problemas no aparelho digestivo, al\u00e9m de 10 \u00f3bitos neonatais.<br>Procurada pela Gazeta do Povo, a Sesai informou que \u201ca mudan\u00e7a da periodicidade do boletim do COE se deve ao fato de que a emerg\u00eancia Yanomami est\u00e1 na terceira fase, com a\u00e7\u00f5es mais robustas e mais estruturantes\u201d.<\/p>\n\n\n\n<div class=\"wp-block-image\"><figure class=\"aligncenter size-large is-resized\"><img loading=\"lazy\" decoding=\"async\" src=\"https:\/\/jornalfatosenoticias.com.br\/wp-content\/uploads\/2020\/02\/casa-do-torresmo_portal.jpg\" alt=\"\" class=\"wp-image-34472\" width=\"282\" height=\"282\" srcset=\"https:\/\/jornalfatosenoticias.com.br\/wp-content\/uploads\/2020\/02\/casa-do-torresmo_portal.jpg 300w, https:\/\/jornalfatosenoticias.com.br\/wp-content\/uploads\/2020\/02\/casa-do-torresmo_portal-150x150.jpg 150w\" sizes=\"auto, (max-width: 282px) 100vw, 282px\" \/><\/figure><\/div>\n\n\n\n<p>A Secretaria tamb\u00e9m disse que segue o padr\u00e3o da Organiza\u00e7\u00e3o Mundial da Sa\u00fade (OMS) em rela\u00e7\u00e3o ao\u00a0 prazo de publica\u00e7\u00e3o de boletins de sa\u00fade. \u201cNo in\u00edcio da Emerg\u00eancia, ele (o boletim) \u00e9 di\u00e1rio. Depois, passa a ser semanal e quinzenal. Por fim, ele se firma como mensal considerando a robustez das a\u00e7\u00f5es. Nesta fase, o COE\u00a0est\u00e1 focado em atender a\u00e7\u00f5es priorit\u00e1rias, tais como: reposi\u00e7\u00e3o de pessoal, treinamento da Equipe Multidisciplinar de Sa\u00fade Ind\u00edgena (EMSI), distribui\u00e7\u00e3o dos insumos e reformas dos Polos Base e das Unidades B\u00e1sicas de Sa\u00fade Ind\u00edgena (UBSI)\u201d, diz outro trecho da nota da Sesai enviada \u00e0 reportagem nesta sexta-feira (8).<\/p>\n\n\n\n<div class=\"wp-block-image\"><figure class=\"aligncenter size-large is-resized\"><img loading=\"lazy\" decoding=\"async\" src=\"https:\/\/jornalfatosenoticias.com.br\/wp-content\/uploads\/2023\/12\/pegoretti-logo-pdf-1024x389.jpg\" alt=\"\" class=\"wp-image-47536\" width=\"372\" height=\"141\" srcset=\"https:\/\/jornalfatosenoticias.com.br\/wp-content\/uploads\/2023\/12\/pegoretti-logo-pdf-1024x389.jpg 1024w, https:\/\/jornalfatosenoticias.com.br\/wp-content\/uploads\/2023\/12\/pegoretti-logo-pdf-300x114.jpg 300w, https:\/\/jornalfatosenoticias.com.br\/wp-content\/uploads\/2023\/12\/pegoretti-logo-pdf-768x291.jpg 768w, https:\/\/jornalfatosenoticias.com.br\/wp-content\/uploads\/2023\/12\/pegoretti-logo-pdf.jpg 1120w\" sizes=\"auto, (max-width: 372px) 100vw, 372px\" \/><\/figure><\/div>\n\n\n\n<p><strong><span class=\"has-inline-color has-vivid-red-color\">Gest\u00e3o Lula deve registrar n\u00famero de \u00f3bitos de yanomamis superior \u00e0 m\u00e9dia dos \u00faltimos anos<br><\/span><\/strong>Como noticiado pela Gazeta do Povo em julho deste ano, apesar das a\u00e7\u00f5es divulgadas pelo governo, a situa\u00e7\u00e3o de desassist\u00eancia sanit\u00e1ria das aldeias continuava dram\u00e1tica e com o mesmo padr\u00e3o de mortes dos anos anteriores. Para se ter uma ideia, em 2022 foram contabilizados 209 \u00f3bitos, enquanto em 2021 foram 249. Os n\u00famero divulgados pela Sesai at\u00e9 julho de 2023 sugeriam que o n\u00famero de mortes ultrapassaria a m\u00e9dia dos anos de 2018 a 2022 (excluindo 2020, auge da pandemia da covid-19, quando o n\u00famero de \u00f3bitos foi impactado pelo v\u00edrus), que \u00e9 de 238 ao ano.<\/p>\n\n\n\n<div class=\"wp-block-image\"><figure class=\"aligncenter size-large is-resized\"><img loading=\"lazy\" decoding=\"async\" src=\"https:\/\/jornalfatosenoticias.com.br\/wp-content\/uploads\/2023\/08\/BKR-1024x1021.jpg\" alt=\"\" class=\"wp-image-44494\" width=\"306\" height=\"305\" srcset=\"https:\/\/jornalfatosenoticias.com.br\/wp-content\/uploads\/2023\/08\/BKR-1024x1021.jpg 1024w, https:\/\/jornalfatosenoticias.com.br\/wp-content\/uploads\/2023\/08\/BKR-300x300.jpg 300w, https:\/\/jornalfatosenoticias.com.br\/wp-content\/uploads\/2023\/08\/BKR-150x150.jpg 150w, https:\/\/jornalfatosenoticias.com.br\/wp-content\/uploads\/2023\/08\/BKR-768x766.jpg 768w, https:\/\/jornalfatosenoticias.com.br\/wp-content\/uploads\/2023\/08\/BKR.jpg 1080w\" sizes=\"auto, (max-width: 306px) 100vw, 306px\" \/><\/figure><\/div>\n\n\n\n<p>Caso as mortes mantenham o mesmo padr\u00e3o de crescimento registrado entre janeiro de outubro at\u00e9 o fim deste ano, o primeiro ano de governo Lula ser\u00e1 marcado por um n\u00famero de \u00f3bitos entre yanomamis maior do que a m\u00e9dia dos \u00faltimos anos. Diante da aus\u00eancia de novos relat\u00f3rios n\u00e3o \u00e9 poss\u00edvel constatar, mas \u00e9 prov\u00e1vel que na presente data as mortes j\u00e1 tenham efetivamente superado a m\u00e9dia dos \u00faltimos anos.<\/p>\n\n\n\n<div class=\"wp-block-image\"><figure class=\"aligncenter size-large is-resized\"><img loading=\"lazy\" decoding=\"async\" src=\"https:\/\/jornalfatosenoticias.com.br\/wp-content\/uploads\/2022\/02\/Precisao-Contabilidade-1024x724.jpg\" alt=\"\" class=\"wp-image-28088\" width=\"320\" height=\"226\"\/><\/figure><\/div>\n\n\n\n<p>No in\u00edcio do mandato, o presidente Lula (PT) explorou amplamente a crise na regi\u00e3o para desgastar a imagem do ex-presidente Jair Bolsonaro (PL) e valorizar a atual gest\u00e3o. Al\u00e9m de Lula, o ministro da Justi\u00e7a e Seguran\u00e7a P\u00fablica, Fl\u00e1vio Dino, chegou a usar o alto n\u00famero de mortes entre yanomamis para sugerir que haveria um \u201cgenoc\u00eddio\u201d em curso por parte do governo anterior.<\/p>\n\n\n\n<div class=\"wp-block-image\"><figure class=\"aligncenter size-large\"><img decoding=\"async\" src=\"https:\/\/jornalfatosenoticias.com.br\/wp-content\/uploads\/2020\/02\/barao-das-carnes-300x164-1.jpg\" alt=\"\" class=\"wp-image-34339\"\/><\/figure><\/div>\n\n\n\n<p><strong><em>Fonte: <a href=\"https:\/\/www.gazetadopovo.com.br\/vida-e-cidadania\/governo-lula-interrompe-relatorios-semanais-apos-registrar-alta-de-mortes-de-yanomamis-em-2023\/\">Gazeta do Povo<\/a><\/em><\/strong><\/p>\n","protected":false},"excerpt":{"rendered":"<p>Em outubro desde ano, mortes de yanomamis j\u00e1 haviam superado o total de \u00f3bitos registrados em 2022, no \u00faltimo ano da gest\u00e3o Bolsonaro Por Di\u00f3genes Freire Feitosa Ap\u00f3s publicar, ao longo do ano, uma s\u00e9rie de relat\u00f3rios peri\u00f3dicos sobre a situa\u00e7\u00e3o do povo yanomami, o governo Lula interrompeu as publica\u00e7\u00f5es em outubro ap\u00f3s o fracasso [&hellip;]<\/p>\n","protected":false},"author":2,"featured_media":47625,"comment_status":"open","ping_status":"open","sticky":false,"template":"","format":"standard","meta":{"footnotes":""},"categories":[5],"tags":[18157,22270,22269],"class_list":["post-47624","post","type-post","status-publish","format-standard","has-post-thumbnail","hentry","category-geral","tag-desgoverno-lula","tag-mortes-ianomamis","tag-mortes-indios"],"yoast_head":"<!-- This site is optimized with the Yoast SEO plugin v26.5 - https:\/\/yoast.com\/wordpress\/plugins\/seo\/ -->\n<title>Governo interrompe relat\u00f3rios semanais ap\u00f3s registrar alta de mortes de yanomamis em 2023 - Jornal Fatos e Not\u00edcias<\/title>\n<meta name=\"robots\" content=\"index, follow, max-snippet:-1, max-image-preview:large, max-video-preview:-1\" \/>\n<link rel=\"canonical\" href=\"https:\/\/jornalfatosenoticias.com.br\/index.php\/2023\/12\/08\/governo-interrompe-relatorios-semanais-apos-registrar-alta-de-mortes-de-yanomamis-em-2023\/\" \/>\n<meta property=\"og:locale\" content=\"pt_BR\" \/>\n<meta property=\"og:type\" content=\"article\" \/>\n<meta property=\"og:title\" content=\"Governo interrompe relat\u00f3rios semanais ap\u00f3s registrar alta de mortes de yanomamis em 2023 - Jornal Fatos e Not\u00edcias\" \/>\n<meta property=\"og:description\" content=\"Em outubro desde ano, mortes de yanomamis j\u00e1 haviam superado o total de \u00f3bitos registrados em 2022, no \u00faltimo ano da gest\u00e3o Bolsonaro Por Di\u00f3genes Freire Feitosa Ap\u00f3s publicar, ao longo do ano, uma s\u00e9rie de relat\u00f3rios peri\u00f3dicos sobre a situa\u00e7\u00e3o do povo yanomami, o governo Lula interrompeu as publica\u00e7\u00f5es em outubro ap\u00f3s o fracasso [&hellip;]\" \/>\n<meta property=\"og:url\" content=\"https:\/\/jornalfatosenoticias.com.br\/index.php\/2023\/12\/08\/governo-interrompe-relatorios-semanais-apos-registrar-alta-de-mortes-de-yanomamis-em-2023\/\" \/>\n<meta property=\"og:site_name\" content=\"Jornal Fatos e Not\u00edcias\" \/>\n<meta property=\"article:published_time\" content=\"2023-12-08T18:28:25+00:00\" \/>\n<meta property=\"article:modified_time\" content=\"2023-12-08T18:28:26+00:00\" \/>\n<meta property=\"og:image\" content=\"https:\/\/jornalfatosenoticias.com.br\/wp-content\/uploads\/2023\/12\/indigenas_reunidos_apos_a_chegada_de_comida-YANOMAMIS.jpg\" \/>\n\t<meta property=\"og:image:width\" content=\"960\" \/>\n\t<meta property=\"og:image:height\" content=\"540\" \/>\n\t<meta property=\"og:image:type\" content=\"image\/jpeg\" \/>\n<meta name=\"author\" content=\"Luzimara Fernandes\" \/>\n<meta name=\"twitter:card\" content=\"summary_large_image\" \/>\n<meta name=\"twitter:label1\" content=\"Escrito por\" \/>\n\t<meta name=\"twitter:data1\" content=\"Luzimara Fernandes\" \/>\n\t<meta name=\"twitter:label2\" content=\"Est. tempo de leitura\" \/>\n\t<meta name=\"twitter:data2\" content=\"3 minutos\" \/>\n<script type=\"application\/ld+json\" class=\"yoast-schema-graph\">{\"@context\":\"https:\/\/schema.org\",\"@graph\":[{\"@type\":\"Article\",\"@id\":\"https:\/\/jornalfatosenoticias.com.br\/index.php\/2023\/12\/08\/governo-interrompe-relatorios-semanais-apos-registrar-alta-de-mortes-de-yanomamis-em-2023\/#article\",\"isPartOf\":{\"@id\":\"https:\/\/jornalfatosenoticias.com.br\/index.php\/2023\/12\/08\/governo-interrompe-relatorios-semanais-apos-registrar-alta-de-mortes-de-yanomamis-em-2023\/\"},\"author\":{\"name\":\"Luzimara Fernandes\",\"@id\":\"https:\/\/jornalfatosenoticias.com.br\/#\/schema\/person\/d63837fa13ac8666eb9e74e0985d6f81\"},\"headline\":\"Governo interrompe relat\u00f3rios semanais ap\u00f3s registrar alta de mortes de yanomamis em 2023\",\"datePublished\":\"2023-12-08T18:28:25+00:00\",\"dateModified\":\"2023-12-08T18:28:26+00:00\",\"mainEntityOfPage\":{\"@id\":\"https:\/\/jornalfatosenoticias.com.br\/index.php\/2023\/12\/08\/governo-interrompe-relatorios-semanais-apos-registrar-alta-de-mortes-de-yanomamis-em-2023\/\"},\"wordCount\":700,\"commentCount\":0,\"publisher\":{\"@id\":\"https:\/\/jornalfatosenoticias.com.br\/#organization\"},\"image\":{\"@id\":\"https:\/\/jornalfatosenoticias.com.br\/index.php\/2023\/12\/08\/governo-interrompe-relatorios-semanais-apos-registrar-alta-de-mortes-de-yanomamis-em-2023\/#primaryimage\"},\"thumbnailUrl\":\"https:\/\/jornalfatosenoticias.com.br\/wp-content\/uploads\/2023\/12\/indigenas_reunidos_apos_a_chegada_de_comida-YANOMAMIS.jpg\",\"keywords\":[\"desgoverno Lula\",\"mortes ianom\u00e2mis\",\"mortes \u00edndios\"],\"articleSection\":[\"Geral\"],\"inLanguage\":\"pt-BR\",\"potentialAction\":[{\"@type\":\"CommentAction\",\"name\":\"Comment\",\"target\":[\"https:\/\/jornalfatosenoticias.com.br\/index.php\/2023\/12\/08\/governo-interrompe-relatorios-semanais-apos-registrar-alta-de-mortes-de-yanomamis-em-2023\/#respond\"]}]},{\"@type\":\"WebPage\",\"@id\":\"https:\/\/jornalfatosenoticias.com.br\/index.php\/2023\/12\/08\/governo-interrompe-relatorios-semanais-apos-registrar-alta-de-mortes-de-yanomamis-em-2023\/\",\"url\":\"https:\/\/jornalfatosenoticias.com.br\/index.php\/2023\/12\/08\/governo-interrompe-relatorios-semanais-apos-registrar-alta-de-mortes-de-yanomamis-em-2023\/\",\"name\":\"Governo interrompe relat\u00f3rios semanais ap\u00f3s registrar alta de mortes de yanomamis em 2023 - Jornal Fatos e Not\u00edcias\",\"isPartOf\":{\"@id\":\"https:\/\/jornalfatosenoticias.com.br\/#website\"},\"primaryImageOfPage\":{\"@id\":\"https:\/\/jornalfatosenoticias.com.br\/index.php\/2023\/12\/08\/governo-interrompe-relatorios-semanais-apos-registrar-alta-de-mortes-de-yanomamis-em-2023\/#primaryimage\"},\"image\":{\"@id\":\"https:\/\/jornalfatosenoticias.com.br\/index.php\/2023\/12\/08\/governo-interrompe-relatorios-semanais-apos-registrar-alta-de-mortes-de-yanomamis-em-2023\/#primaryimage\"},\"thumbnailUrl\":\"https:\/\/jornalfatosenoticias.com.br\/wp-content\/uploads\/2023\/12\/indigenas_reunidos_apos_a_chegada_de_comida-YANOMAMIS.jpg\",\"datePublished\":\"2023-12-08T18:28:25+00:00\",\"dateModified\":\"2023-12-08T18:28:26+00:00\",\"breadcrumb\":{\"@id\":\"https:\/\/jornalfatosenoticias.com.br\/index.php\/2023\/12\/08\/governo-interrompe-relatorios-semanais-apos-registrar-alta-de-mortes-de-yanomamis-em-2023\/#breadcrumb\"},\"inLanguage\":\"pt-BR\",\"potentialAction\":[{\"@type\":\"ReadAction\",\"target\":[\"https:\/\/jornalfatosenoticias.com.br\/index.php\/2023\/12\/08\/governo-interrompe-relatorios-semanais-apos-registrar-alta-de-mortes-de-yanomamis-em-2023\/\"]}]},{\"@type\":\"ImageObject\",\"inLanguage\":\"pt-BR\",\"@id\":\"https:\/\/jornalfatosenoticias.com.br\/index.php\/2023\/12\/08\/governo-interrompe-relatorios-semanais-apos-registrar-alta-de-mortes-de-yanomamis-em-2023\/#primaryimage\",\"url\":\"https:\/\/jornalfatosenoticias.com.br\/wp-content\/uploads\/2023\/12\/indigenas_reunidos_apos_a_chegada_de_comida-YANOMAMIS.jpg\",\"contentUrl\":\"https:\/\/jornalfatosenoticias.com.br\/wp-content\/uploads\/2023\/12\/indigenas_reunidos_apos_a_chegada_de_comida-YANOMAMIS.jpg\",\"width\":960,\"height\":540},{\"@type\":\"BreadcrumbList\",\"@id\":\"https:\/\/jornalfatosenoticias.com.br\/index.php\/2023\/12\/08\/governo-interrompe-relatorios-semanais-apos-registrar-alta-de-mortes-de-yanomamis-em-2023\/#breadcrumb\",\"itemListElement\":[{\"@type\":\"ListItem\",\"position\":1,\"name\":\"In\u00edcio\",\"item\":\"https:\/\/jornalfatosenoticias.com.br\/\"},{\"@type\":\"ListItem\",\"position\":2,\"name\":\"Governo interrompe relat\u00f3rios semanais ap\u00f3s registrar alta de mortes de yanomamis em 2023\"}]},{\"@type\":\"WebSite\",\"@id\":\"https:\/\/jornalfatosenoticias.com.br\/#website\",\"url\":\"https:\/\/jornalfatosenoticias.com.br\/\",\"name\":\"Jornal Fatos e Not\u00edcias\",\"description\":\"Not\u00edcias em geral\",\"publisher\":{\"@id\":\"https:\/\/jornalfatosenoticias.com.br\/#organization\"},\"potentialAction\":[{\"@type\":\"SearchAction\",\"target\":{\"@type\":\"EntryPoint\",\"urlTemplate\":\"https:\/\/jornalfatosenoticias.com.br\/?s={search_term_string}\"},\"query-input\":{\"@type\":\"PropertyValueSpecification\",\"valueRequired\":true,\"valueName\":\"search_term_string\"}}],\"inLanguage\":\"pt-BR\"},{\"@type\":\"Organization\",\"@id\":\"https:\/\/jornalfatosenoticias.com.br\/#organization\",\"name\":\"Jornal Fatos e Not\u00edcias\",\"url\":\"https:\/\/jornalfatosenoticias.com.br\/\",\"logo\":{\"@type\":\"ImageObject\",\"inLanguage\":\"pt-BR\",\"@id\":\"https:\/\/jornalfatosenoticias.com.br\/#\/schema\/logo\/image\/\",\"url\":\"https:\/\/jornalfatosenoticias.com.br\/wp-content\/uploads\/2020\/02\/logo120.png\",\"contentUrl\":\"https:\/\/jornalfatosenoticias.com.br\/wp-content\/uploads\/2020\/02\/logo120.png\",\"width\":1227,\"height\":120,\"caption\":\"Jornal Fatos e Not\u00edcias\"},\"image\":{\"@id\":\"https:\/\/jornalfatosenoticias.com.br\/#\/schema\/logo\/image\/\"}},{\"@type\":\"Person\",\"@id\":\"https:\/\/jornalfatosenoticias.com.br\/#\/schema\/person\/d63837fa13ac8666eb9e74e0985d6f81\",\"name\":\"Luzimara Fernandes\",\"image\":{\"@type\":\"ImageObject\",\"inLanguage\":\"pt-BR\",\"@id\":\"https:\/\/jornalfatosenoticias.com.br\/#\/schema\/person\/image\/\",\"url\":\"https:\/\/jornalfatosenoticias.com.br\/wp-content\/uploads\/2025\/05\/EU_portal.jpg\",\"contentUrl\":\"https:\/\/jornalfatosenoticias.com.br\/wp-content\/uploads\/2025\/05\/EU_portal.jpg\",\"caption\":\"Luzimara Fernandes\"},\"description\":\"Jornalista MTB 2358-ES\",\"sameAs\":[\"https:\/\/jornalfatosenoticias.com.br\"],\"url\":\"https:\/\/jornalfatosenoticias.com.br\/index.php\/author\/luzimara\/\"}]}<\/script>\n<!-- \/ Yoast SEO plugin. -->","yoast_head_json":{"title":"Governo interrompe relat\u00f3rios semanais ap\u00f3s registrar alta de mortes de yanomamis em 2023 - Jornal Fatos e Not\u00edcias","robots":{"index":"index","follow":"follow","max-snippet":"max-snippet:-1","max-image-preview":"max-image-preview:large","max-video-preview":"max-video-preview:-1"},"canonical":"https:\/\/jornalfatosenoticias.com.br\/index.php\/2023\/12\/08\/governo-interrompe-relatorios-semanais-apos-registrar-alta-de-mortes-de-yanomamis-em-2023\/","og_locale":"pt_BR","og_type":"article","og_title":"Governo interrompe relat\u00f3rios semanais ap\u00f3s registrar alta de mortes de yanomamis em 2023 - Jornal Fatos e Not\u00edcias","og_description":"Em outubro desde ano, mortes de yanomamis j\u00e1 haviam superado o total de \u00f3bitos registrados em 2022, no \u00faltimo ano da gest\u00e3o Bolsonaro Por Di\u00f3genes Freire Feitosa Ap\u00f3s publicar, ao longo do ano, uma s\u00e9rie de relat\u00f3rios peri\u00f3dicos sobre a situa\u00e7\u00e3o do povo yanomami, o governo Lula interrompeu as publica\u00e7\u00f5es em outubro ap\u00f3s o fracasso [&hellip;]","og_url":"https:\/\/jornalfatosenoticias.com.br\/index.php\/2023\/12\/08\/governo-interrompe-relatorios-semanais-apos-registrar-alta-de-mortes-de-yanomamis-em-2023\/","og_site_name":"Jornal Fatos e Not\u00edcias","article_published_time":"2023-12-08T18:28:25+00:00","article_modified_time":"2023-12-08T18:28:26+00:00","og_image":[{"width":960,"height":540,"url":"https:\/\/jornalfatosenoticias.com.br\/wp-content\/uploads\/2023\/12\/indigenas_reunidos_apos_a_chegada_de_comida-YANOMAMIS.jpg","type":"image\/jpeg"}],"author":"Luzimara Fernandes","twitter_card":"summary_large_image","twitter_misc":{"Escrito por":"Luzimara Fernandes","Est. tempo de leitura":"3 minutos"},"schema":{"@context":"https:\/\/schema.org","@graph":[{"@type":"Article","@id":"https:\/\/jornalfatosenoticias.com.br\/index.php\/2023\/12\/08\/governo-interrompe-relatorios-semanais-apos-registrar-alta-de-mortes-de-yanomamis-em-2023\/#article","isPartOf":{"@id":"https:\/\/jornalfatosenoticias.com.br\/index.php\/2023\/12\/08\/governo-interrompe-relatorios-semanais-apos-registrar-alta-de-mortes-de-yanomamis-em-2023\/"},"author":{"name":"Luzimara Fernandes","@id":"https:\/\/jornalfatosenoticias.com.br\/#\/schema\/person\/d63837fa13ac8666eb9e74e0985d6f81"},"headline":"Governo interrompe relat\u00f3rios semanais ap\u00f3s registrar alta de mortes de yanomamis em 2023","datePublished":"2023-12-08T18:28:25+00:00","dateModified":"2023-12-08T18:28:26+00:00","mainEntityOfPage":{"@id":"https:\/\/jornalfatosenoticias.com.br\/index.php\/2023\/12\/08\/governo-interrompe-relatorios-semanais-apos-registrar-alta-de-mortes-de-yanomamis-em-2023\/"},"wordCount":700,"commentCount":0,"publisher":{"@id":"https:\/\/jornalfatosenoticias.com.br\/#organization"},"image":{"@id":"https:\/\/jornalfatosenoticias.com.br\/index.php\/2023\/12\/08\/governo-interrompe-relatorios-semanais-apos-registrar-alta-de-mortes-de-yanomamis-em-2023\/#primaryimage"},"thumbnailUrl":"https:\/\/jornalfatosenoticias.com.br\/wp-content\/uploads\/2023\/12\/indigenas_reunidos_apos_a_chegada_de_comida-YANOMAMIS.jpg","keywords":["desgoverno Lula","mortes ianom\u00e2mis","mortes \u00edndios"],"articleSection":["Geral"],"inLanguage":"pt-BR","potentialAction":[{"@type":"CommentAction","name":"Comment","target":["https:\/\/jornalfatosenoticias.com.br\/index.php\/2023\/12\/08\/governo-interrompe-relatorios-semanais-apos-registrar-alta-de-mortes-de-yanomamis-em-2023\/#respond"]}]},{"@type":"WebPage","@id":"https:\/\/jornalfatosenoticias.com.br\/index.php\/2023\/12\/08\/governo-interrompe-relatorios-semanais-apos-registrar-alta-de-mortes-de-yanomamis-em-2023\/","url":"https:\/\/jornalfatosenoticias.com.br\/index.php\/2023\/12\/08\/governo-interrompe-relatorios-semanais-apos-registrar-alta-de-mortes-de-yanomamis-em-2023\/","name":"Governo interrompe relat\u00f3rios semanais ap\u00f3s registrar alta de mortes de yanomamis em 2023 - Jornal Fatos e Not\u00edcias","isPartOf":{"@id":"https:\/\/jornalfatosenoticias.com.br\/#website"},"primaryImageOfPage":{"@id":"https:\/\/jornalfatosenoticias.com.br\/index.php\/2023\/12\/08\/governo-interrompe-relatorios-semanais-apos-registrar-alta-de-mortes-de-yanomamis-em-2023\/#primaryimage"},"image":{"@id":"https:\/\/jornalfatosenoticias.com.br\/index.php\/2023\/12\/08\/governo-interrompe-relatorios-semanais-apos-registrar-alta-de-mortes-de-yanomamis-em-2023\/#primaryimage"},"thumbnailUrl":"https:\/\/jornalfatosenoticias.com.br\/wp-content\/uploads\/2023\/12\/indigenas_reunidos_apos_a_chegada_de_comida-YANOMAMIS.jpg","datePublished":"2023-12-08T18:28:25+00:00","dateModified":"2023-12-08T18:28:26+00:00","breadcrumb":{"@id":"https:\/\/jornalfatosenoticias.com.br\/index.php\/2023\/12\/08\/governo-interrompe-relatorios-semanais-apos-registrar-alta-de-mortes-de-yanomamis-em-2023\/#breadcrumb"},"inLanguage":"pt-BR","potentialAction":[{"@type":"ReadAction","target":["https:\/\/jornalfatosenoticias.com.br\/index.php\/2023\/12\/08\/governo-interrompe-relatorios-semanais-apos-registrar-alta-de-mortes-de-yanomamis-em-2023\/"]}]},{"@type":"ImageObject","inLanguage":"pt-BR","@id":"https:\/\/jornalfatosenoticias.com.br\/index.php\/2023\/12\/08\/governo-interrompe-relatorios-semanais-apos-registrar-alta-de-mortes-de-yanomamis-em-2023\/#primaryimage","url":"https:\/\/jornalfatosenoticias.com.br\/wp-content\/uploads\/2023\/12\/indigenas_reunidos_apos_a_chegada_de_comida-YANOMAMIS.jpg","contentUrl":"https:\/\/jornalfatosenoticias.com.br\/wp-content\/uploads\/2023\/12\/indigenas_reunidos_apos_a_chegada_de_comida-YANOMAMIS.jpg","width":960,"height":540},{"@type":"BreadcrumbList","@id":"https:\/\/jornalfatosenoticias.com.br\/index.php\/2023\/12\/08\/governo-interrompe-relatorios-semanais-apos-registrar-alta-de-mortes-de-yanomamis-em-2023\/#breadcrumb","itemListElement":[{"@type":"ListItem","position":1,"name":"In\u00edcio","item":"https:\/\/jornalfatosenoticias.com.br\/"},{"@type":"ListItem","position":2,"name":"Governo interrompe relat\u00f3rios semanais ap\u00f3s registrar alta de mortes de yanomamis em 2023"}]},{"@type":"WebSite","@id":"https:\/\/jornalfatosenoticias.com.br\/#website","url":"https:\/\/jornalfatosenoticias.com.br\/","name":"Jornal Fatos e Not\u00edcias","description":"Not\u00edcias em geral","publisher":{"@id":"https:\/\/jornalfatosenoticias.com.br\/#organization"},"potentialAction":[{"@type":"SearchAction","target":{"@type":"EntryPoint","urlTemplate":"https:\/\/jornalfatosenoticias.com.br\/?s={search_term_string}"},"query-input":{"@type":"PropertyValueSpecification","valueRequired":true,"valueName":"search_term_string"}}],"inLanguage":"pt-BR"},{"@type":"Organization","@id":"https:\/\/jornalfatosenoticias.com.br\/#organization","name":"Jornal Fatos e Not\u00edcias","url":"https:\/\/jornalfatosenoticias.com.br\/","logo":{"@type":"ImageObject","inLanguage":"pt-BR","@id":"https:\/\/jornalfatosenoticias.com.br\/#\/schema\/logo\/image\/","url":"https:\/\/jornalfatosenoticias.com.br\/wp-content\/uploads\/2020\/02\/logo120.png","contentUrl":"https:\/\/jornalfatosenoticias.com.br\/wp-content\/uploads\/2020\/02\/logo120.png","width":1227,"height":120,"caption":"Jornal Fatos e Not\u00edcias"},"image":{"@id":"https:\/\/jornalfatosenoticias.com.br\/#\/schema\/logo\/image\/"}},{"@type":"Person","@id":"https:\/\/jornalfatosenoticias.com.br\/#\/schema\/person\/d63837fa13ac8666eb9e74e0985d6f81","name":"Luzimara Fernandes","image":{"@type":"ImageObject","inLanguage":"pt-BR","@id":"https:\/\/jornalfatosenoticias.com.br\/#\/schema\/person\/image\/","url":"https:\/\/jornalfatosenoticias.com.br\/wp-content\/uploads\/2025\/05\/EU_portal.jpg","contentUrl":"https:\/\/jornalfatosenoticias.com.br\/wp-content\/uploads\/2025\/05\/EU_portal.jpg","caption":"Luzimara Fernandes"},"description":"Jornalista MTB 2358-ES","sameAs":["https:\/\/jornalfatosenoticias.com.br"],"url":"https:\/\/jornalfatosenoticias.com.br\/index.php\/author\/luzimara\/"}]}},"cc_featured_image_caption":{"caption_text":"(Foto: EBC\/TV Brasil) ","source_text":"","source_url":""},"jetpack_featured_media_url":"https:\/\/jornalfatosenoticias.com.br\/wp-content\/uploads\/2023\/12\/indigenas_reunidos_apos_a_chegada_de_comida-YANOMAMIS.jpg","_links":{"self":[{"href":"https:\/\/jornalfatosenoticias.com.br\/index.php\/wp-json\/wp\/v2\/posts\/47624","targetHints":{"allow":["GET"]}}],"collection":[{"href":"https:\/\/jornalfatosenoticias.com.br\/index.php\/wp-json\/wp\/v2\/posts"}],"about":[{"href":"https:\/\/jornalfatosenoticias.com.br\/index.php\/wp-json\/wp\/v2\/types\/post"}],"author":[{"embeddable":true,"href":"https:\/\/jornalfatosenoticias.com.br\/index.php\/wp-json\/wp\/v2\/users\/2"}],"replies":[{"embeddable":true,"href":"https:\/\/jornalfatosenoticias.com.br\/index.php\/wp-json\/wp\/v2\/comments?post=47624"}],"version-history":[{"count":0,"href":"https:\/\/jornalfatosenoticias.com.br\/index.php\/wp-json\/wp\/v2\/posts\/47624\/revisions"}],"wp:featuredmedia":[{"embeddable":true,"href":"https:\/\/jornalfatosenoticias.com.br\/index.php\/wp-json\/wp\/v2\/media\/47625"}],"wp:attachment":[{"href":"https:\/\/jornalfatosenoticias.com.br\/index.php\/wp-json\/wp\/v2\/media?parent=47624"}],"wp:term":[{"taxonomy":"category","embeddable":true,"href":"https:\/\/jornalfatosenoticias.com.br\/index.php\/wp-json\/wp\/v2\/categories?post=47624"},{"taxonomy":"post_tag","embeddable":true,"href":"https:\/\/jornalfatosenoticias.com.br\/index.php\/wp-json\/wp\/v2\/tags?post=47624"}],"curies":[{"name":"wp","href":"https:\/\/api.w.org\/{rel}","templated":true}]}}