{"id":47630,"date":"2023-12-11T11:21:10","date_gmt":"2023-12-11T14:21:10","guid":{"rendered":"https:\/\/jornalfatosenoticias.com.br\/?p=47630"},"modified":"2023-12-11T11:21:11","modified_gmt":"2023-12-11T14:21:11","slug":"nova-especie-de-planta-e-encontrada-na-floresta-nacional-de-carajas-e-esta-ameacada-pela-mineracao","status":"publish","type":"post","link":"https:\/\/jornalfatosenoticias.com.br\/index.php\/2023\/12\/11\/nova-especie-de-planta-e-encontrada-na-floresta-nacional-de-carajas-e-esta-ameacada-pela-mineracao\/","title":{"rendered":"Nova esp\u00e9cie de planta \u00e9 encontrada na Floresta Nacional de Caraj\u00e1s e est\u00e1 amea\u00e7ada pela minera\u00e7\u00e3o"},"content":{"rendered":"\n<p><em><span class=\"has-inline-color has-black-color\">Estudo da Jacquemontia ferricola, descoberta em 2022, pode embasar pol\u00edticas p\u00fablicas de conserva\u00e7\u00e3o da esp\u00e9cie potencialmente afetada pela extra\u00e7\u00e3o de min\u00e9rio de ferro<\/span><\/em><\/p>\n\n\n\n<p><span class=\"has-inline-color has-black-color\">Por <strong><a class=\"\" href=\"https:\/\/abori.com.br\/ambiente\/pesquisadores-encontram-nova-especie-de-planta-ameacada-pela-mineracao-na-floresta-nacional-de-carajas-pa\/\" target=\"_blank\" rel=\"noreferrer noopener\"><em>Ag\u00eancia Bori<\/em><\/a><\/strong><\/span><\/p>\n\n\n\n<div class=\"wp-block-image\"><figure class=\"aligncenter size-large\"><img loading=\"lazy\" decoding=\"async\" width=\"1024\" height=\"109\" src=\"https:\/\/jornalfatosenoticias.com.br\/wp-content\/uploads\/2020\/02\/Propaganda-RC-Radiadores-Jornal_page-0001-1024x109.jpg\" alt=\"\" class=\"wp-image-35278\" srcset=\"https:\/\/jornalfatosenoticias.com.br\/wp-content\/uploads\/2020\/02\/Propaganda-RC-Radiadores-Jornal_page-0001-1024x109.jpg 1024w, https:\/\/jornalfatosenoticias.com.br\/wp-content\/uploads\/2020\/02\/Propaganda-RC-Radiadores-Jornal_page-0001-300x32.jpg 300w, https:\/\/jornalfatosenoticias.com.br\/wp-content\/uploads\/2020\/02\/Propaganda-RC-Radiadores-Jornal_page-0001-768x82.jpg 768w, https:\/\/jornalfatosenoticias.com.br\/wp-content\/uploads\/2020\/02\/Propaganda-RC-Radiadores-Jornal_page-0001.jpg 1220w\" sizes=\"auto, (max-width: 1024px) 100vw, 1024px\" \/><\/figure><\/div>\n\n\n\n<p><em>Jacquemontia <\/em>\u00e9 um g\u00eanero de plantas que tem aproximadamente 120 esp\u00e9cies de trepadeiras ou arbustos com flores em formato de cone. Em um <strong>estudo in\u00e9dito\u00a0<\/strong><a class=\"\" href=\"https:\/\/www.scielo.br\/j\/aa\/a\/H44WS4nNk6v6Gn6RYqDf8yR\/#\" target=\"_blank\" rel=\"noreferrer noopener\"><strong>publicado<\/strong><\/a> na revista &#8216;Acta Amazonica&#8217;, pesquisadores da Universidade Federal Rural de Pernambuco (UFRPE) e da Universidade Federal de Pernambuco (UFPE) descrevem uma nova esp\u00e9cie de <em>Jacquemontia<\/em> encontrada na <strong>Floresta Nacional de Caraj\u00e1s<\/strong>, no <strong>Par\u00e1.<\/strong><br>Os pesquisadores realizaram diversas expedi\u00e7\u00f5es de campo, incluindo visitas a herb\u00e1rios brasileiros e internacionais, que possuem cole\u00e7\u00f5es de plantas. Em uma dessas expedi\u00e7\u00f5es, realizada em julho de 2022 na Floresta Nacional de Caraj\u00e1s, a equipe de pesquisa se deparou com um exemplar de <em>Jacquemontia<\/em> com caracter\u00edsticas diferentes das descritas para as outras esp\u00e9cies do g\u00eanero.<br>Ap\u00f3s an\u00e1lises refinadas com microscopia eletr\u00f4nica de varredura, que produz imagens em alta resolu\u00e7\u00e3o da amostra, os pesquisadores chegaram \u00e0 conclus\u00e3o de que estavam diante de uma esp\u00e9cie ainda desconhecida pela ci\u00eancia, e a batizaram como <em>Jacquemontia ferricola.<\/em> O termo &#8220;ferricola&#8221; foi escolhido em homenagem ao solo rico em min\u00e9rio de ferro, comum no local onde a planta foi encontrada.<\/p>\n\n\n\n<div class=\"wp-block-image\"><figure class=\"aligncenter size-large is-resized\"><img loading=\"lazy\" decoding=\"async\" src=\"https:\/\/jornalfatosenoticias.com.br\/wp-content\/uploads\/2020\/02\/casa-do-torresmo_portal.jpg\" alt=\"\" class=\"wp-image-34472\" width=\"274\" height=\"274\" srcset=\"https:\/\/jornalfatosenoticias.com.br\/wp-content\/uploads\/2020\/02\/casa-do-torresmo_portal.jpg 300w, https:\/\/jornalfatosenoticias.com.br\/wp-content\/uploads\/2020\/02\/casa-do-torresmo_portal-150x150.jpg 150w\" sizes=\"auto, (max-width: 274px) 100vw, 274px\" \/><\/figure><\/div>\n\n\n\n<p>Segundo os pesquisadores, na Floresta Nacional de Caraj\u00e1s, at\u00e9 o presente momento s\u00f3 existia uma esp\u00e9cie de <em>Jacquemontia<\/em> reconhecida, a <em>Jacquemontia tamnifolia,<\/em> que tem a flor azul e presen\u00e7a de indumento, como se fossem pelos que podem ser vistos a olho nu, densamente distribu\u00eddos na base da flor. J\u00e1 a nova esp\u00e9cie, <em>Jacquemontia ferricola,<\/em> mede 10 mil\u00edmetros e tem a flor branca como uma de suas caracter\u00edsticas, al\u00e9m de n\u00e3o possuir indumentos.<\/p>\n\n\n\n<div class=\"wp-block-image\"><figure class=\"aligncenter size-large\"><img decoding=\"async\" src=\"https:\/\/jornalfatosenoticias.com.br\/wp-content\/uploads\/2020\/02\/logo_esteio.jpg\" alt=\"\" class=\"wp-image-1214\"\/><\/figure><\/div>\n\n\n\n<blockquote class=\"wp-block-quote is-layout-flow wp-block-quote-is-layout-flow\"><p><span class=\"has-inline-color has-luminous-vivid-orange-color\">As plantas do g\u00eanero Jacquemontia ocorrem em quase toda Am\u00e9rica do Sul, sendo amplamente distribu\u00eddas no Brasil, principalmente na Caatinga&#8221;, explica Deibson Belo, o principal autor do estudo e estudante de doutorado em Biodiversidade na UFRPE.<\/span><\/p><\/blockquote>\n\n\n\n<p>A nova esp\u00e9cie foi localizada em uma regi\u00e3o de minera\u00e7\u00e3o, o que pode amea\u00e7ar sua conserva\u00e7\u00e3o. <\/p>\n\n\n\n<div class=\"wp-block-image\"><figure class=\"aligncenter size-large\"><img loading=\"lazy\" decoding=\"async\" width=\"300\" height=\"250\" src=\"https:\/\/jornalfatosenoticias.com.br\/wp-content\/uploads\/2022\/02\/FERRARI_MAQUINAS-E-FERRAMENTAS2.jpg\" alt=\"\" class=\"wp-image-27860\"\/><\/figure><\/div>\n\n\n\n<blockquote class=\"wp-block-quote is-layout-flow wp-block-quote-is-layout-flow\"><p><span class=\"has-inline-color has-luminous-vivid-orange-color\">O n\u00edvel de amea\u00e7a \u00e0 Jacquemontia ferricola \u00e9 preocupante, pois apenas um indiv\u00edduo foi localizado, e em uma \u00e1rea onde a extra\u00e7\u00e3o de min\u00e9rio de ferro afeta a natureza. As medidas de conserva\u00e7\u00e3o ser\u00e3o, portanto, necess\u00e1rias para garantir a preserva\u00e7\u00e3o desta esp\u00e9cie e de esp\u00e9cies ainda desconhecidas pela ci\u00eancia&#8221;, conclui Belo.<\/span><\/p><\/blockquote>\n\n\n\n<div class=\"wp-block-image\"><figure class=\"aligncenter size-large is-resized\"><img loading=\"lazy\" decoding=\"async\" src=\"https:\/\/jornalfatosenoticias.com.br\/wp-content\/uploads\/2023\/12\/pegoretti-logo-pdf-1024x389.jpg\" alt=\"\" class=\"wp-image-47536\" width=\"435\" height=\"165\" srcset=\"https:\/\/jornalfatosenoticias.com.br\/wp-content\/uploads\/2023\/12\/pegoretti-logo-pdf-1024x389.jpg 1024w, https:\/\/jornalfatosenoticias.com.br\/wp-content\/uploads\/2023\/12\/pegoretti-logo-pdf-300x114.jpg 300w, https:\/\/jornalfatosenoticias.com.br\/wp-content\/uploads\/2023\/12\/pegoretti-logo-pdf-768x291.jpg 768w, https:\/\/jornalfatosenoticias.com.br\/wp-content\/uploads\/2023\/12\/pegoretti-logo-pdf.jpg 1120w\" sizes=\"auto, (max-width: 435px) 100vw, 435px\" \/><\/figure><\/div>\n\n\n\n<p>A descri\u00e7\u00e3o da nova esp\u00e9cie amplia o n\u00famero de esp\u00e9cies nativas conhecidas pela ci\u00eancia em uma regi\u00e3o com grande biodiversidade, no Norte do Brasil. Segundo o pesquisador, &#8220;o estudo pode inspirar a cria\u00e7\u00e3o de pol\u00edticas p\u00fablicas de conserva\u00e7\u00e3o tanto de plantas como de animais em regi\u00f5es impactadas por atividades como a minera\u00e7\u00e3o&#8221;.<\/p>\n\n\n\n<div class=\"wp-block-image\"><figure class=\"aligncenter size-large is-resized\"><img loading=\"lazy\" decoding=\"async\" src=\"https:\/\/jornalfatosenoticias.com.br\/wp-content\/uploads\/2023\/08\/BKR-1024x1021.jpg\" alt=\"\" class=\"wp-image-44494\" width=\"292\" height=\"291\" srcset=\"https:\/\/jornalfatosenoticias.com.br\/wp-content\/uploads\/2023\/08\/BKR-1024x1021.jpg 1024w, https:\/\/jornalfatosenoticias.com.br\/wp-content\/uploads\/2023\/08\/BKR-300x300.jpg 300w, https:\/\/jornalfatosenoticias.com.br\/wp-content\/uploads\/2023\/08\/BKR-150x150.jpg 150w, https:\/\/jornalfatosenoticias.com.br\/wp-content\/uploads\/2023\/08\/BKR-768x766.jpg 768w, https:\/\/jornalfatosenoticias.com.br\/wp-content\/uploads\/2023\/08\/BKR.jpg 1080w\" sizes=\"auto, (max-width: 292px) 100vw, 292px\" \/><\/figure><\/div>\n\n\n\n<p><strong><em>Fonte: <a href=\"https:\/\/portalamazonia.com\/noticias\/meio-ambiente\/nova-especie-de-planta-e-encontrada-na-floresta-nacional-de-carajas-e-esta-ameacada-pela-mineracao\">Portal Amaz\u00f4nia<\/a><\/em><\/strong><\/p>\n","protected":false},"excerpt":{"rendered":"<p>Estudo da Jacquemontia ferricola, descoberta em 2022, pode embasar pol\u00edticas p\u00fablicas de conserva\u00e7\u00e3o da esp\u00e9cie potencialmente afetada pela extra\u00e7\u00e3o de min\u00e9rio de ferro Por Ag\u00eancia Bori Jacquemontia \u00e9 um g\u00eanero de plantas que tem aproximadamente 120 esp\u00e9cies de trepadeiras ou arbustos com flores em formato de cone. Em um estudo in\u00e9dito\u00a0publicado na revista &#8216;Acta Amazonica&#8217;, [&hellip;]<\/p>\n","protected":false},"author":2,"featured_media":47631,"comment_status":"open","ping_status":"open","sticky":false,"template":"","format":"standard","meta":{"footnotes":""},"categories":[8],"tags":[123,22271,945,15101,940],"class_list":["post-47630","post","type-post","status-publish","format-standard","has-post-thumbnail","hentry","category-meio-ambiente","tag-amazonia","tag-floresta-nacional-de-carajas","tag-meio-ambiente","tag-nova-planta","tag-para"],"yoast_head":"<!-- This site is optimized with the Yoast SEO plugin v26.5 - https:\/\/yoast.com\/wordpress\/plugins\/seo\/ -->\n<title>Nova esp\u00e9cie de planta \u00e9 encontrada na Floresta Nacional de Caraj\u00e1s e est\u00e1 amea\u00e7ada pela minera\u00e7\u00e3o - Jornal Fatos e Not\u00edcias<\/title>\n<meta name=\"robots\" content=\"index, follow, max-snippet:-1, max-image-preview:large, max-video-preview:-1\" \/>\n<link rel=\"canonical\" href=\"https:\/\/jornalfatosenoticias.com.br\/index.php\/2023\/12\/11\/nova-especie-de-planta-e-encontrada-na-floresta-nacional-de-carajas-e-esta-ameacada-pela-mineracao\/\" \/>\n<meta property=\"og:locale\" content=\"pt_BR\" \/>\n<meta property=\"og:type\" content=\"article\" \/>\n<meta property=\"og:title\" content=\"Nova esp\u00e9cie de planta \u00e9 encontrada na Floresta Nacional de Caraj\u00e1s e est\u00e1 amea\u00e7ada pela minera\u00e7\u00e3o - Jornal Fatos e Not\u00edcias\" \/>\n<meta property=\"og:description\" content=\"Estudo da Jacquemontia ferricola, descoberta em 2022, pode embasar pol\u00edticas p\u00fablicas de conserva\u00e7\u00e3o da esp\u00e9cie potencialmente afetada pela extra\u00e7\u00e3o de min\u00e9rio de ferro Por Ag\u00eancia Bori Jacquemontia \u00e9 um g\u00eanero de plantas que tem aproximadamente 120 esp\u00e9cies de trepadeiras ou arbustos com flores em formato de cone. Em um estudo in\u00e9dito\u00a0publicado na revista &#8216;Acta Amazonica&#8217;, [&hellip;]\" \/>\n<meta property=\"og:url\" content=\"https:\/\/jornalfatosenoticias.com.br\/index.php\/2023\/12\/11\/nova-especie-de-planta-e-encontrada-na-floresta-nacional-de-carajas-e-esta-ameacada-pela-mineracao\/\" \/>\n<meta property=\"og:site_name\" content=\"Jornal Fatos e Not\u00edcias\" \/>\n<meta property=\"article:published_time\" content=\"2023-12-11T14:21:10+00:00\" \/>\n<meta property=\"article:modified_time\" content=\"2023-12-11T14:21:11+00:00\" \/>\n<meta property=\"og:image\" content=\"https:\/\/jornalfatosenoticias.com.br\/wp-content\/uploads\/2023\/12\/Jacquemontia-ferricola.jpg\" \/>\n\t<meta property=\"og:image:width\" content=\"1000\" \/>\n\t<meta property=\"og:image:height\" content=\"562\" \/>\n\t<meta property=\"og:image:type\" content=\"image\/jpeg\" \/>\n<meta name=\"author\" content=\"Luzimara Fernandes\" \/>\n<meta name=\"twitter:card\" content=\"summary_large_image\" \/>\n<meta name=\"twitter:label1\" content=\"Escrito por\" \/>\n\t<meta name=\"twitter:data1\" content=\"Luzimara Fernandes\" \/>\n\t<meta name=\"twitter:label2\" content=\"Est. tempo de leitura\" \/>\n\t<meta name=\"twitter:data2\" content=\"2 minutos\" \/>\n<script type=\"application\/ld+json\" class=\"yoast-schema-graph\">{\"@context\":\"https:\/\/schema.org\",\"@graph\":[{\"@type\":\"Article\",\"@id\":\"https:\/\/jornalfatosenoticias.com.br\/index.php\/2023\/12\/11\/nova-especie-de-planta-e-encontrada-na-floresta-nacional-de-carajas-e-esta-ameacada-pela-mineracao\/#article\",\"isPartOf\":{\"@id\":\"https:\/\/jornalfatosenoticias.com.br\/index.php\/2023\/12\/11\/nova-especie-de-planta-e-encontrada-na-floresta-nacional-de-carajas-e-esta-ameacada-pela-mineracao\/\"},\"author\":{\"name\":\"Luzimara Fernandes\",\"@id\":\"https:\/\/jornalfatosenoticias.com.br\/#\/schema\/person\/d63837fa13ac8666eb9e74e0985d6f81\"},\"headline\":\"Nova esp\u00e9cie de planta \u00e9 encontrada na Floresta Nacional de Caraj\u00e1s e est\u00e1 amea\u00e7ada pela minera\u00e7\u00e3o\",\"datePublished\":\"2023-12-11T14:21:10+00:00\",\"dateModified\":\"2023-12-11T14:21:11+00:00\",\"mainEntityOfPage\":{\"@id\":\"https:\/\/jornalfatosenoticias.com.br\/index.php\/2023\/12\/11\/nova-especie-de-planta-e-encontrada-na-floresta-nacional-de-carajas-e-esta-ameacada-pela-mineracao\/\"},\"wordCount\":511,\"commentCount\":0,\"publisher\":{\"@id\":\"https:\/\/jornalfatosenoticias.com.br\/#organization\"},\"image\":{\"@id\":\"https:\/\/jornalfatosenoticias.com.br\/index.php\/2023\/12\/11\/nova-especie-de-planta-e-encontrada-na-floresta-nacional-de-carajas-e-esta-ameacada-pela-mineracao\/#primaryimage\"},\"thumbnailUrl\":\"https:\/\/jornalfatosenoticias.com.br\/wp-content\/uploads\/2023\/12\/Jacquemontia-ferricola.jpg\",\"keywords\":[\"amaz\u00f4nia\",\"Floresta Nacional de Caraj\u00e1s\",\"meio ambiente\",\"nova planta\",\"Par\u00e1\"],\"articleSection\":[\"Meio ambiente\"],\"inLanguage\":\"pt-BR\",\"potentialAction\":[{\"@type\":\"CommentAction\",\"name\":\"Comment\",\"target\":[\"https:\/\/jornalfatosenoticias.com.br\/index.php\/2023\/12\/11\/nova-especie-de-planta-e-encontrada-na-floresta-nacional-de-carajas-e-esta-ameacada-pela-mineracao\/#respond\"]}]},{\"@type\":\"WebPage\",\"@id\":\"https:\/\/jornalfatosenoticias.com.br\/index.php\/2023\/12\/11\/nova-especie-de-planta-e-encontrada-na-floresta-nacional-de-carajas-e-esta-ameacada-pela-mineracao\/\",\"url\":\"https:\/\/jornalfatosenoticias.com.br\/index.php\/2023\/12\/11\/nova-especie-de-planta-e-encontrada-na-floresta-nacional-de-carajas-e-esta-ameacada-pela-mineracao\/\",\"name\":\"Nova esp\u00e9cie de planta \u00e9 encontrada na Floresta Nacional de Caraj\u00e1s e est\u00e1 amea\u00e7ada pela minera\u00e7\u00e3o - Jornal Fatos e Not\u00edcias\",\"isPartOf\":{\"@id\":\"https:\/\/jornalfatosenoticias.com.br\/#website\"},\"primaryImageOfPage\":{\"@id\":\"https:\/\/jornalfatosenoticias.com.br\/index.php\/2023\/12\/11\/nova-especie-de-planta-e-encontrada-na-floresta-nacional-de-carajas-e-esta-ameacada-pela-mineracao\/#primaryimage\"},\"image\":{\"@id\":\"https:\/\/jornalfatosenoticias.com.br\/index.php\/2023\/12\/11\/nova-especie-de-planta-e-encontrada-na-floresta-nacional-de-carajas-e-esta-ameacada-pela-mineracao\/#primaryimage\"},\"thumbnailUrl\":\"https:\/\/jornalfatosenoticias.com.br\/wp-content\/uploads\/2023\/12\/Jacquemontia-ferricola.jpg\",\"datePublished\":\"2023-12-11T14:21:10+00:00\",\"dateModified\":\"2023-12-11T14:21:11+00:00\",\"breadcrumb\":{\"@id\":\"https:\/\/jornalfatosenoticias.com.br\/index.php\/2023\/12\/11\/nova-especie-de-planta-e-encontrada-na-floresta-nacional-de-carajas-e-esta-ameacada-pela-mineracao\/#breadcrumb\"},\"inLanguage\":\"pt-BR\",\"potentialAction\":[{\"@type\":\"ReadAction\",\"target\":[\"https:\/\/jornalfatosenoticias.com.br\/index.php\/2023\/12\/11\/nova-especie-de-planta-e-encontrada-na-floresta-nacional-de-carajas-e-esta-ameacada-pela-mineracao\/\"]}]},{\"@type\":\"ImageObject\",\"inLanguage\":\"pt-BR\",\"@id\":\"https:\/\/jornalfatosenoticias.com.br\/index.php\/2023\/12\/11\/nova-especie-de-planta-e-encontrada-na-floresta-nacional-de-carajas-e-esta-ameacada-pela-mineracao\/#primaryimage\",\"url\":\"https:\/\/jornalfatosenoticias.com.br\/wp-content\/uploads\/2023\/12\/Jacquemontia-ferricola.jpg\",\"contentUrl\":\"https:\/\/jornalfatosenoticias.com.br\/wp-content\/uploads\/2023\/12\/Jacquemontia-ferricola.jpg\",\"width\":1000,\"height\":562},{\"@type\":\"BreadcrumbList\",\"@id\":\"https:\/\/jornalfatosenoticias.com.br\/index.php\/2023\/12\/11\/nova-especie-de-planta-e-encontrada-na-floresta-nacional-de-carajas-e-esta-ameacada-pela-mineracao\/#breadcrumb\",\"itemListElement\":[{\"@type\":\"ListItem\",\"position\":1,\"name\":\"In\u00edcio\",\"item\":\"https:\/\/jornalfatosenoticias.com.br\/\"},{\"@type\":\"ListItem\",\"position\":2,\"name\":\"Nova esp\u00e9cie de planta \u00e9 encontrada na Floresta Nacional de Caraj\u00e1s e est\u00e1 amea\u00e7ada pela minera\u00e7\u00e3o\"}]},{\"@type\":\"WebSite\",\"@id\":\"https:\/\/jornalfatosenoticias.com.br\/#website\",\"url\":\"https:\/\/jornalfatosenoticias.com.br\/\",\"name\":\"Jornal Fatos e Not\u00edcias\",\"description\":\"Not\u00edcias em geral\",\"publisher\":{\"@id\":\"https:\/\/jornalfatosenoticias.com.br\/#organization\"},\"potentialAction\":[{\"@type\":\"SearchAction\",\"target\":{\"@type\":\"EntryPoint\",\"urlTemplate\":\"https:\/\/jornalfatosenoticias.com.br\/?s={search_term_string}\"},\"query-input\":{\"@type\":\"PropertyValueSpecification\",\"valueRequired\":true,\"valueName\":\"search_term_string\"}}],\"inLanguage\":\"pt-BR\"},{\"@type\":\"Organization\",\"@id\":\"https:\/\/jornalfatosenoticias.com.br\/#organization\",\"name\":\"Jornal Fatos e Not\u00edcias\",\"url\":\"https:\/\/jornalfatosenoticias.com.br\/\",\"logo\":{\"@type\":\"ImageObject\",\"inLanguage\":\"pt-BR\",\"@id\":\"https:\/\/jornalfatosenoticias.com.br\/#\/schema\/logo\/image\/\",\"url\":\"https:\/\/jornalfatosenoticias.com.br\/wp-content\/uploads\/2020\/02\/logo120.png\",\"contentUrl\":\"https:\/\/jornalfatosenoticias.com.br\/wp-content\/uploads\/2020\/02\/logo120.png\",\"width\":1227,\"height\":120,\"caption\":\"Jornal Fatos e Not\u00edcias\"},\"image\":{\"@id\":\"https:\/\/jornalfatosenoticias.com.br\/#\/schema\/logo\/image\/\"}},{\"@type\":\"Person\",\"@id\":\"https:\/\/jornalfatosenoticias.com.br\/#\/schema\/person\/d63837fa13ac8666eb9e74e0985d6f81\",\"name\":\"Luzimara Fernandes\",\"image\":{\"@type\":\"ImageObject\",\"inLanguage\":\"pt-BR\",\"@id\":\"https:\/\/jornalfatosenoticias.com.br\/#\/schema\/person\/image\/\",\"url\":\"https:\/\/jornalfatosenoticias.com.br\/wp-content\/uploads\/2025\/05\/EU_portal.jpg\",\"contentUrl\":\"https:\/\/jornalfatosenoticias.com.br\/wp-content\/uploads\/2025\/05\/EU_portal.jpg\",\"caption\":\"Luzimara Fernandes\"},\"description\":\"Jornalista MTB 2358-ES\",\"sameAs\":[\"https:\/\/jornalfatosenoticias.com.br\"],\"url\":\"https:\/\/jornalfatosenoticias.com.br\/index.php\/author\/luzimara\/\"}]}<\/script>\n<!-- \/ Yoast SEO plugin. -->","yoast_head_json":{"title":"Nova esp\u00e9cie de planta \u00e9 encontrada na Floresta Nacional de Caraj\u00e1s e est\u00e1 amea\u00e7ada pela minera\u00e7\u00e3o - Jornal Fatos e Not\u00edcias","robots":{"index":"index","follow":"follow","max-snippet":"max-snippet:-1","max-image-preview":"max-image-preview:large","max-video-preview":"max-video-preview:-1"},"canonical":"https:\/\/jornalfatosenoticias.com.br\/index.php\/2023\/12\/11\/nova-especie-de-planta-e-encontrada-na-floresta-nacional-de-carajas-e-esta-ameacada-pela-mineracao\/","og_locale":"pt_BR","og_type":"article","og_title":"Nova esp\u00e9cie de planta \u00e9 encontrada na Floresta Nacional de Caraj\u00e1s e est\u00e1 amea\u00e7ada pela minera\u00e7\u00e3o - Jornal Fatos e Not\u00edcias","og_description":"Estudo da Jacquemontia ferricola, descoberta em 2022, pode embasar pol\u00edticas p\u00fablicas de conserva\u00e7\u00e3o da esp\u00e9cie potencialmente afetada pela extra\u00e7\u00e3o de min\u00e9rio de ferro Por Ag\u00eancia Bori Jacquemontia \u00e9 um g\u00eanero de plantas que tem aproximadamente 120 esp\u00e9cies de trepadeiras ou arbustos com flores em formato de cone. Em um estudo in\u00e9dito\u00a0publicado na revista &#8216;Acta Amazonica&#8217;, [&hellip;]","og_url":"https:\/\/jornalfatosenoticias.com.br\/index.php\/2023\/12\/11\/nova-especie-de-planta-e-encontrada-na-floresta-nacional-de-carajas-e-esta-ameacada-pela-mineracao\/","og_site_name":"Jornal Fatos e Not\u00edcias","article_published_time":"2023-12-11T14:21:10+00:00","article_modified_time":"2023-12-11T14:21:11+00:00","og_image":[{"width":1000,"height":562,"url":"https:\/\/jornalfatosenoticias.com.br\/wp-content\/uploads\/2023\/12\/Jacquemontia-ferricola.jpg","type":"image\/jpeg"}],"author":"Luzimara Fernandes","twitter_card":"summary_large_image","twitter_misc":{"Escrito por":"Luzimara Fernandes","Est. tempo de leitura":"2 minutos"},"schema":{"@context":"https:\/\/schema.org","@graph":[{"@type":"Article","@id":"https:\/\/jornalfatosenoticias.com.br\/index.php\/2023\/12\/11\/nova-especie-de-planta-e-encontrada-na-floresta-nacional-de-carajas-e-esta-ameacada-pela-mineracao\/#article","isPartOf":{"@id":"https:\/\/jornalfatosenoticias.com.br\/index.php\/2023\/12\/11\/nova-especie-de-planta-e-encontrada-na-floresta-nacional-de-carajas-e-esta-ameacada-pela-mineracao\/"},"author":{"name":"Luzimara Fernandes","@id":"https:\/\/jornalfatosenoticias.com.br\/#\/schema\/person\/d63837fa13ac8666eb9e74e0985d6f81"},"headline":"Nova esp\u00e9cie de planta \u00e9 encontrada na Floresta Nacional de Caraj\u00e1s e est\u00e1 amea\u00e7ada pela minera\u00e7\u00e3o","datePublished":"2023-12-11T14:21:10+00:00","dateModified":"2023-12-11T14:21:11+00:00","mainEntityOfPage":{"@id":"https:\/\/jornalfatosenoticias.com.br\/index.php\/2023\/12\/11\/nova-especie-de-planta-e-encontrada-na-floresta-nacional-de-carajas-e-esta-ameacada-pela-mineracao\/"},"wordCount":511,"commentCount":0,"publisher":{"@id":"https:\/\/jornalfatosenoticias.com.br\/#organization"},"image":{"@id":"https:\/\/jornalfatosenoticias.com.br\/index.php\/2023\/12\/11\/nova-especie-de-planta-e-encontrada-na-floresta-nacional-de-carajas-e-esta-ameacada-pela-mineracao\/#primaryimage"},"thumbnailUrl":"https:\/\/jornalfatosenoticias.com.br\/wp-content\/uploads\/2023\/12\/Jacquemontia-ferricola.jpg","keywords":["amaz\u00f4nia","Floresta Nacional de Caraj\u00e1s","meio ambiente","nova planta","Par\u00e1"],"articleSection":["Meio ambiente"],"inLanguage":"pt-BR","potentialAction":[{"@type":"CommentAction","name":"Comment","target":["https:\/\/jornalfatosenoticias.com.br\/index.php\/2023\/12\/11\/nova-especie-de-planta-e-encontrada-na-floresta-nacional-de-carajas-e-esta-ameacada-pela-mineracao\/#respond"]}]},{"@type":"WebPage","@id":"https:\/\/jornalfatosenoticias.com.br\/index.php\/2023\/12\/11\/nova-especie-de-planta-e-encontrada-na-floresta-nacional-de-carajas-e-esta-ameacada-pela-mineracao\/","url":"https:\/\/jornalfatosenoticias.com.br\/index.php\/2023\/12\/11\/nova-especie-de-planta-e-encontrada-na-floresta-nacional-de-carajas-e-esta-ameacada-pela-mineracao\/","name":"Nova esp\u00e9cie de planta \u00e9 encontrada na Floresta Nacional de Caraj\u00e1s e est\u00e1 amea\u00e7ada pela minera\u00e7\u00e3o - Jornal Fatos e Not\u00edcias","isPartOf":{"@id":"https:\/\/jornalfatosenoticias.com.br\/#website"},"primaryImageOfPage":{"@id":"https:\/\/jornalfatosenoticias.com.br\/index.php\/2023\/12\/11\/nova-especie-de-planta-e-encontrada-na-floresta-nacional-de-carajas-e-esta-ameacada-pela-mineracao\/#primaryimage"},"image":{"@id":"https:\/\/jornalfatosenoticias.com.br\/index.php\/2023\/12\/11\/nova-especie-de-planta-e-encontrada-na-floresta-nacional-de-carajas-e-esta-ameacada-pela-mineracao\/#primaryimage"},"thumbnailUrl":"https:\/\/jornalfatosenoticias.com.br\/wp-content\/uploads\/2023\/12\/Jacquemontia-ferricola.jpg","datePublished":"2023-12-11T14:21:10+00:00","dateModified":"2023-12-11T14:21:11+00:00","breadcrumb":{"@id":"https:\/\/jornalfatosenoticias.com.br\/index.php\/2023\/12\/11\/nova-especie-de-planta-e-encontrada-na-floresta-nacional-de-carajas-e-esta-ameacada-pela-mineracao\/#breadcrumb"},"inLanguage":"pt-BR","potentialAction":[{"@type":"ReadAction","target":["https:\/\/jornalfatosenoticias.com.br\/index.php\/2023\/12\/11\/nova-especie-de-planta-e-encontrada-na-floresta-nacional-de-carajas-e-esta-ameacada-pela-mineracao\/"]}]},{"@type":"ImageObject","inLanguage":"pt-BR","@id":"https:\/\/jornalfatosenoticias.com.br\/index.php\/2023\/12\/11\/nova-especie-de-planta-e-encontrada-na-floresta-nacional-de-carajas-e-esta-ameacada-pela-mineracao\/#primaryimage","url":"https:\/\/jornalfatosenoticias.com.br\/wp-content\/uploads\/2023\/12\/Jacquemontia-ferricola.jpg","contentUrl":"https:\/\/jornalfatosenoticias.com.br\/wp-content\/uploads\/2023\/12\/Jacquemontia-ferricola.jpg","width":1000,"height":562},{"@type":"BreadcrumbList","@id":"https:\/\/jornalfatosenoticias.com.br\/index.php\/2023\/12\/11\/nova-especie-de-planta-e-encontrada-na-floresta-nacional-de-carajas-e-esta-ameacada-pela-mineracao\/#breadcrumb","itemListElement":[{"@type":"ListItem","position":1,"name":"In\u00edcio","item":"https:\/\/jornalfatosenoticias.com.br\/"},{"@type":"ListItem","position":2,"name":"Nova esp\u00e9cie de planta \u00e9 encontrada na Floresta Nacional de Caraj\u00e1s e est\u00e1 amea\u00e7ada pela minera\u00e7\u00e3o"}]},{"@type":"WebSite","@id":"https:\/\/jornalfatosenoticias.com.br\/#website","url":"https:\/\/jornalfatosenoticias.com.br\/","name":"Jornal Fatos e Not\u00edcias","description":"Not\u00edcias em geral","publisher":{"@id":"https:\/\/jornalfatosenoticias.com.br\/#organization"},"potentialAction":[{"@type":"SearchAction","target":{"@type":"EntryPoint","urlTemplate":"https:\/\/jornalfatosenoticias.com.br\/?s={search_term_string}"},"query-input":{"@type":"PropertyValueSpecification","valueRequired":true,"valueName":"search_term_string"}}],"inLanguage":"pt-BR"},{"@type":"Organization","@id":"https:\/\/jornalfatosenoticias.com.br\/#organization","name":"Jornal Fatos e Not\u00edcias","url":"https:\/\/jornalfatosenoticias.com.br\/","logo":{"@type":"ImageObject","inLanguage":"pt-BR","@id":"https:\/\/jornalfatosenoticias.com.br\/#\/schema\/logo\/image\/","url":"https:\/\/jornalfatosenoticias.com.br\/wp-content\/uploads\/2020\/02\/logo120.png","contentUrl":"https:\/\/jornalfatosenoticias.com.br\/wp-content\/uploads\/2020\/02\/logo120.png","width":1227,"height":120,"caption":"Jornal Fatos e Not\u00edcias"},"image":{"@id":"https:\/\/jornalfatosenoticias.com.br\/#\/schema\/logo\/image\/"}},{"@type":"Person","@id":"https:\/\/jornalfatosenoticias.com.br\/#\/schema\/person\/d63837fa13ac8666eb9e74e0985d6f81","name":"Luzimara Fernandes","image":{"@type":"ImageObject","inLanguage":"pt-BR","@id":"https:\/\/jornalfatosenoticias.com.br\/#\/schema\/person\/image\/","url":"https:\/\/jornalfatosenoticias.com.br\/wp-content\/uploads\/2025\/05\/EU_portal.jpg","contentUrl":"https:\/\/jornalfatosenoticias.com.br\/wp-content\/uploads\/2025\/05\/EU_portal.jpg","caption":"Luzimara Fernandes"},"description":"Jornalista MTB 2358-ES","sameAs":["https:\/\/jornalfatosenoticias.com.br"],"url":"https:\/\/jornalfatosenoticias.com.br\/index.php\/author\/luzimara\/"}]}},"cc_featured_image_caption":{"caption_text":"(Foto: Portal Amaz\u00f4nia)","source_text":"","source_url":""},"jetpack_featured_media_url":"https:\/\/jornalfatosenoticias.com.br\/wp-content\/uploads\/2023\/12\/Jacquemontia-ferricola.jpg","_links":{"self":[{"href":"https:\/\/jornalfatosenoticias.com.br\/index.php\/wp-json\/wp\/v2\/posts\/47630","targetHints":{"allow":["GET"]}}],"collection":[{"href":"https:\/\/jornalfatosenoticias.com.br\/index.php\/wp-json\/wp\/v2\/posts"}],"about":[{"href":"https:\/\/jornalfatosenoticias.com.br\/index.php\/wp-json\/wp\/v2\/types\/post"}],"author":[{"embeddable":true,"href":"https:\/\/jornalfatosenoticias.com.br\/index.php\/wp-json\/wp\/v2\/users\/2"}],"replies":[{"embeddable":true,"href":"https:\/\/jornalfatosenoticias.com.br\/index.php\/wp-json\/wp\/v2\/comments?post=47630"}],"version-history":[{"count":0,"href":"https:\/\/jornalfatosenoticias.com.br\/index.php\/wp-json\/wp\/v2\/posts\/47630\/revisions"}],"wp:featuredmedia":[{"embeddable":true,"href":"https:\/\/jornalfatosenoticias.com.br\/index.php\/wp-json\/wp\/v2\/media\/47631"}],"wp:attachment":[{"href":"https:\/\/jornalfatosenoticias.com.br\/index.php\/wp-json\/wp\/v2\/media?parent=47630"}],"wp:term":[{"taxonomy":"category","embeddable":true,"href":"https:\/\/jornalfatosenoticias.com.br\/index.php\/wp-json\/wp\/v2\/categories?post=47630"},{"taxonomy":"post_tag","embeddable":true,"href":"https:\/\/jornalfatosenoticias.com.br\/index.php\/wp-json\/wp\/v2\/tags?post=47630"}],"curies":[{"name":"wp","href":"https:\/\/api.w.org\/{rel}","templated":true}]}}