{"id":47644,"date":"2023-12-11T13:11:25","date_gmt":"2023-12-11T16:11:25","guid":{"rendered":"https:\/\/jornalfatosenoticias.com.br\/?p=47644"},"modified":"2023-12-11T13:11:26","modified_gmt":"2023-12-11T16:11:26","slug":"dicas-para-cultivar-o-bem-estar-diario","status":"publish","type":"post","link":"https:\/\/jornalfatosenoticias.com.br\/index.php\/2023\/12\/11\/dicas-para-cultivar-o-bem-estar-diario\/","title":{"rendered":"Dicas para cultivar o bem-estar di\u00e1rio"},"content":{"rendered":"\n<p><em><span class=\"has-inline-color has-black-color\">Encontrar um ponto de equil\u00edbrio na gangorra de sentimentos n\u00e3o \u00e9 uma tarefa simples, mas \u00e9 um aprendizado di\u00e1rio e necess\u00e1rio para manter a sanidade<\/span><\/em><\/p>\n\n\n\n<div class=\"wp-block-image\"><figure class=\"aligncenter size-large\"><img decoding=\"async\" src=\"https:\/\/jornalfatosenoticias.com.br\/wp-content\/uploads\/2020\/02\/barao-das-carnes-300x164-1.jpg\" alt=\"\" class=\"wp-image-34339\"\/><\/figure><\/div>\n\n\n\n<p>O <a href=\"https:\/\/ciclovivo.com.br\/canal\/vida-sustentavel\/bem-estar\/\" target=\"_blank\" rel=\"noreferrer noopener\">bem-estar<\/a> \u00e9 um conceito que se refere a um estado de satisfa\u00e7\u00e3o, contentamento e realiza\u00e7\u00e3o que vai al\u00e9m da simples aus\u00eancia de doen\u00e7a ou desconforto. Envolve uma avalia\u00e7\u00e3o de nossa pr\u00f3pria vida: o que temos feito, como passamos por determinadas situa\u00e7\u00f5es, quais os resultados colhidos em esfor\u00e7os realizados, um sentimento que est\u00e1 relacionado diretamente com o nosso equil\u00edbrio emocional.<br>Este tipo de satisfa\u00e7\u00e3o n\u00e3o \u00e9 viver apenas na presen\u00e7a de emo\u00e7\u00f5es positivas, aquelas que temos maior aceita\u00e7\u00e3o: felicidade, alegria, amor. \u00c9 conseguir seguir mesmo quando as emo\u00e7\u00f5es s\u00e3o negativas, mediante situa\u00e7\u00f5es e eventos vividos, sem entrar num adoecimento ou perda daquilo que \u00e9 importante.<\/p>\n\n\n\n<blockquote class=\"wp-block-quote is-layout-flow wp-block-quote-is-layout-flow\"><p><span class=\"has-inline-color has-luminous-vivid-orange-color\">Em nossas experi\u00eancias di\u00e1rias, as intera\u00e7\u00f5es que temos e os eventos que vivenciamos desempenham um papel crucial em nosso bem-estar geral. A maneira como interpretamos e reagimos \u00e0s situa\u00e7\u00f5es do cotidiano podem influenciar profundamente nossos sentimentos e <a href=\"https:\/\/ciclovivo.com.br\/vida-sustentavel\/bem-estar\/cartilha-liberar-emocoes-de-bem-estar-felicidade\/\" target=\"_blank\" rel=\"noreferrer noopener\">emo\u00e7\u00f5es<\/a>. Dito de forma direta, os eventos que vivemos e como somos afetados por eles ecoam em nosso humor, para cima ou para baixo, trazendo como resultado toda uma cadeia de comportamentos, atitudes e a\u00e7\u00f5es diante daquilo que experimentamos naquele momento\u201d, pontua Gustavo Imianowsky, Mestre em Psicologia Social pela PUC, coordenador e professor do curso de Neuroci\u00eancias &amp; Comportamento na Faculdade Unigua\u00e7u.<\/span><\/p><\/blockquote>\n\n\n\n<div class=\"wp-block-image\"><figure class=\"aligncenter size-large\"><img loading=\"lazy\" decoding=\"async\" width=\"300\" height=\"250\" src=\"https:\/\/jornalfatosenoticias.com.br\/wp-content\/uploads\/2020\/02\/Banner-2.png\" alt=\"\" class=\"wp-image-43787\"\/><\/figure><\/div>\n\n\n\n<p>Por exemplo, enfrentar um desafio no trabalho pode ser visto por uma pessoa como uma oportunidade de crescimento, ter uma postura de curiosidade e uma a\u00e7\u00e3o dirigida a resolver o problema, enquanto outra pessoa pode ver o mesmo desafio como uma amea\u00e7a, algo que a fa\u00e7a se sentir insegura ou duvidar das suas capacidades.<\/p>\n\n\n\n<div class=\"wp-block-image\"><figure class=\"aligncenter size-large is-resized\"><img loading=\"lazy\" decoding=\"async\" src=\"https:\/\/jornalfatosenoticias.com.br\/wp-content\/uploads\/2023\/12\/pegoretti-logo-pdf-1024x389.jpg\" alt=\"\" class=\"wp-image-47536\" width=\"448\" height=\"170\" srcset=\"https:\/\/jornalfatosenoticias.com.br\/wp-content\/uploads\/2023\/12\/pegoretti-logo-pdf-1024x389.jpg 1024w, https:\/\/jornalfatosenoticias.com.br\/wp-content\/uploads\/2023\/12\/pegoretti-logo-pdf-300x114.jpg 300w, https:\/\/jornalfatosenoticias.com.br\/wp-content\/uploads\/2023\/12\/pegoretti-logo-pdf-768x291.jpg 768w, https:\/\/jornalfatosenoticias.com.br\/wp-content\/uploads\/2023\/12\/pegoretti-logo-pdf.jpg 1120w\" sizes=\"auto, (max-width: 448px) 100vw, 448px\" \/><\/figure><\/div>\n\n\n\n<p>Em suma, o bem-estar n\u00e3o se refere apenas a um estado de <a href=\"https:\/\/ciclovivo.com.br\/vida-sustentavel\/bem-estar\/9-erros-comuns-que-atrapalham-a-busca-pela-felicidade\/\" target=\"_blank\" rel=\"noreferrer noopener\">felicidade<\/a> ou satisfa\u00e7\u00e3o, mas tamb\u00e9m \u00e0 maneira como nos colocamos naquilo que fazemos: a maneira pela qual interpretamos, processamos e reagimos \u00e0s informa\u00e7\u00f5es e experi\u00eancias do nosso ambiente. Em outras palavras, a forma como percebemos e pensamos sobre os eventos que nos cercam t\u00eam um impacto direto em nosso bem-estar emocional e psicol\u00f3gico.<\/p>\n\n\n\n<div class=\"wp-block-image\"><figure class=\"aligncenter size-large is-resized\"><img loading=\"lazy\" decoding=\"async\" src=\"https:\/\/jornalfatosenoticias.com.br\/wp-content\/uploads\/2020\/02\/LOGO-BLU-COMERCIAL-PRETO-1024x600.jpg\" alt=\"\" class=\"wp-image-44089\" width=\"374\" height=\"218\"\/><\/figure><\/div>\n\n\n\n<p>Muitas coisas est\u00e3o muito al\u00e9m do que \u00e9 poss\u00edvel manejar e nos afetam pelo impacto e significado daquilo que foi vivido: receber uma not\u00edcia muito triste, a perda de um ente querido, uma les\u00e3o que nos impede de manter a atividade que gostamos. <\/p>\n\n\n\n<blockquote class=\"wp-block-quote is-layout-flow wp-block-quote-is-layout-flow\"><p><span class=\"has-inline-color has-luminous-vivid-orange-color\">No entanto, para aquilo que est\u00e1 ao nosso alcance no cotidiano, \u00e9 poss\u00edvel desenvolver um novo modo de ser e estar frente a n\u00f3s mesmos\u201d, aconselha o psic\u00f3logo. <\/span><\/p><\/blockquote>\n\n\n\n<h3 class=\"wp-block-heading\"><span class=\"has-inline-color has-black-color\">Desse modo, se voc\u00ea quer saber como cultivar um bem-estar geral, atente-se as seguintes dicas:<\/span><\/h3>\n\n\n\n<div class=\"wp-block-image\"><figure class=\"aligncenter size-large\"><img loading=\"lazy\" decoding=\"async\" width=\"300\" height=\"300\" src=\"https:\/\/jornalfatosenoticias.com.br\/wp-content\/uploads\/2020\/02\/casa-do-torresmo_portal.jpg\" alt=\"\" class=\"wp-image-34472\" srcset=\"https:\/\/jornalfatosenoticias.com.br\/wp-content\/uploads\/2020\/02\/casa-do-torresmo_portal.jpg 300w, https:\/\/jornalfatosenoticias.com.br\/wp-content\/uploads\/2020\/02\/casa-do-torresmo_portal-150x150.jpg 150w\" sizes=\"auto, (max-width: 300px) 100vw, 300px\" \/><\/figure><\/div>\n\n\n\n<p><strong><span class=\"has-inline-color has-vivid-purple-color\">1. Mantenha uma mente questionadora<br><\/span><\/strong>Aprenda a identificar e desafiar os pensamentos negativos como aqueles que aparecem de forma a limitar as atividades: \u2018ah, eu nunca consigo fazer nada direito\u2019; \u2018as coisas sempre d\u00e3o errado comigo\u2019; \u2018eu sou incapaz mesmo, eu nunca vou conseguir passar nessa prova\u2019, s\u00e3o alguns exemplos comuns. Desafie esses pensamentos, eles usualmente est\u00e3o carregados de emo\u00e7\u00f5es e s\u00e3o ausentes de fatos e comprova\u00e7\u00e3o. Lembre-se: quantas vezes voc\u00ea achou que n\u00e3o conseguiria fazer algo e no fim deu certo, quando se sentiu incapaz e teve uma bela surpresa das suas habilidades e potencialidades. Nunca desista.<\/p>\n\n\n\n<div class=\"wp-block-image\"><figure class=\"aligncenter size-large\"><img decoding=\"async\" src=\"https:\/\/jornalfatosenoticias.com.br\/wp-content\/uploads\/2020\/02\/logo_esteio.jpg\" alt=\"\" class=\"wp-image-1214\"\/><\/figure><\/div>\n\n\n\n<p><strong><span class=\"has-inline-color has-vivid-purple-color\">2. Mantenha-se no presente<br><\/span><\/strong>Esse exerc\u00edcio \u00e9 algo que deve ser feito diariamente. Pode ser dif\u00edcil no come\u00e7o, mas manter-se no presente tem vantagens expressivas para o bem-estar. Evite ficar vivendo num futuro incerto ou ruminando o passado. Concentre-se no que est\u00e1 fazendo hoje, \u00e9 onde voc\u00ea pode agir e trabalhar. Aceite o presente sem julgamentos, isso pode ajudar a reduzir o estresse e a autocobran\u00e7a excessiva t\u00e3o comum no nosso tempo.<\/p>\n\n\n\n<div class=\"wp-block-image\"><figure class=\"aligncenter size-large is-resized\"><img loading=\"lazy\" decoding=\"async\" src=\"https:\/\/jornalfatosenoticias.com.br\/wp-content\/uploads\/2020\/02\/CONTROL-CS.jpg\" alt=\"\" class=\"wp-image-44991\" width=\"281\" height=\"337\" srcset=\"https:\/\/jornalfatosenoticias.com.br\/wp-content\/uploads\/2020\/02\/CONTROL-CS.jpg 834w, https:\/\/jornalfatosenoticias.com.br\/wp-content\/uploads\/2020\/02\/CONTROL-CS-250x300.jpg 250w, https:\/\/jornalfatosenoticias.com.br\/wp-content\/uploads\/2020\/02\/CONTROL-CS-768x921.jpg 768w\" sizes=\"auto, (max-width: 281px) 100vw, 281px\" \/><\/figure><\/div>\n\n\n\n<p><strong><span class=\"has-inline-color has-vivid-purple-color\">3. Fa\u00e7a exerc\u00edcio regularmente<br><\/span><\/strong>A <a href=\"https:\/\/ciclovivo.com.br\/vida-sustentavel\/bem-estar\/atividade-fisica-em-dias-quentes-confira-essas-10-dicas\/\" target=\"_blank\" rel=\"noreferrer noopener\">atividade f\u00edsica<\/a> libera endorfinas, que s\u00e3o neurotransmissores que promovem sentimentos de felicidade e bem-estar. A atividade f\u00edsica \u00e9 um importante componente na regula\u00e7\u00e3o das emo\u00e7\u00f5es e sensa\u00e7\u00f5es. Pratique algo que voc\u00ea gosta, as chances de ades\u00e3o e constru\u00e7\u00e3o do h\u00e1bito em longo prazo ser\u00e3o maiores. A pr\u00e1tica f\u00edsica, seja individual ou em grupo, \u00e9 uma importante aliada para quem busca uma vida em equil\u00edbrio emocional.<\/p>\n\n\n\n<div class=\"wp-block-image\"><figure class=\"aligncenter size-large is-resized\"><img loading=\"lazy\" decoding=\"async\" src=\"https:\/\/jornalfatosenoticias.com.br\/wp-content\/uploads\/2023\/08\/ITH.jpeg\" alt=\"\" class=\"wp-image-44638\" width=\"299\" height=\"243\" srcset=\"https:\/\/jornalfatosenoticias.com.br\/wp-content\/uploads\/2023\/08\/ITH.jpeg 800w, https:\/\/jornalfatosenoticias.com.br\/wp-content\/uploads\/2023\/08\/ITH-300x244.jpeg 300w, https:\/\/jornalfatosenoticias.com.br\/wp-content\/uploads\/2023\/08\/ITH-768x624.jpeg 768w\" sizes=\"auto, (max-width: 299px) 100vw, 299px\" \/><\/figure><\/div>\n\n\n\n<p><strong><span class=\"has-inline-color has-vivid-purple-color\">4. Durma bem<br><\/span><\/strong>Costumamos subestimar o poder que uma <a href=\"https:\/\/ciclovivo.com.br\/vida-sustentavel\/bem-estar\/7-alimentos-que-contribuem-para-uma-boa-noite-de-sono\/\" target=\"_blank\" rel=\"noreferrer noopener\">boa noite de sono<\/a> de forma regular \u00e9 capaz. Voc\u00ea sabia que dormir mal pode aumentar as chances de ansiedade, impulsividade e irritabilidade? Imagina tentar viver buscando o bem-estar, mas dormindo pouco ou de forma desregulada todos os dias? Tenha sempre um hor\u00e1rio para dormir e um hor\u00e1rio para despertar, seu ritmo biol\u00f3gico ficar\u00e1 bem ajustado e auxiliar\u00e1 nas respostas emocionais e comportamentais diante daquilo que tem para enfrentar no seu dia a dia.<\/p>\n\n\n\n<div class=\"wp-block-image\"><figure class=\"aligncenter size-large is-resized\"><img loading=\"lazy\" decoding=\"async\" src=\"https:\/\/jornalfatosenoticias.com.br\/wp-content\/uploads\/2023\/03\/nova-logo-Marquetti.jpg\" alt=\"\" class=\"wp-image-40207\" width=\"337\" height=\"226\" srcset=\"https:\/\/jornalfatosenoticias.com.br\/wp-content\/uploads\/2023\/03\/nova-logo-Marquetti.jpg 643w, https:\/\/jornalfatosenoticias.com.br\/wp-content\/uploads\/2023\/03\/nova-logo-Marquetti-300x202.jpg 300w\" sizes=\"auto, (max-width: 337px) 100vw, 337px\" \/><\/figure><\/div>\n\n\n\n<p><strong><span class=\"has-inline-color has-vivid-purple-color\">5. Conecte-se com os outros<br><\/span><\/strong>Rela\u00e7\u00f5es sociais saud\u00e1veis s\u00e3o fundamentais para o bem-estar. Mantenha-se em contato com amigos e familiares, tenha atividades de intera\u00e7\u00e3o, troca e compartilhe experi\u00eancias. Somos seres sociais, isso significa que estar em grupo, de forma din\u00e2mica, \u00e9 atrativo para in\u00fameras atividades mentais, inclusive, para o nosso humor.<\/p>\n\n\n\n<div class=\"wp-block-image\"><figure class=\"aligncenter size-large is-resized\"><img loading=\"lazy\" decoding=\"async\" src=\"https:\/\/jornalfatosenoticias.com.br\/wp-content\/uploads\/2023\/08\/Steel.jpeg\" alt=\"\" class=\"wp-image-44634\" width=\"326\" height=\"265\" srcset=\"https:\/\/jornalfatosenoticias.com.br\/wp-content\/uploads\/2023\/08\/Steel.jpeg 800w, https:\/\/jornalfatosenoticias.com.br\/wp-content\/uploads\/2023\/08\/Steel-300x244.jpeg 300w, https:\/\/jornalfatosenoticias.com.br\/wp-content\/uploads\/2023\/08\/Steel-768x624.jpeg 768w\" sizes=\"auto, (max-width: 326px) 100vw, 326px\" \/><\/figure><\/div>\n\n\n\n<p><strong><span class=\"has-inline-color has-vivid-purple-color\">6. Evite o consumo excessivo de not\u00edcias<br><\/span><\/strong>Estar constantemente exposto a informa\u00e7\u00f5es que podem afetar negativamente o seu bem-estar. Limite seu consumo e busque fontes confi\u00e1veis. Se manter antenado \u00e9 importante, mas cuidado com os excessos. Essa \u00e9 uma das grandes li\u00e7\u00f5es deixadas pela <a href=\"https:\/\/ciclovivo.com.br\/vida-sustentavel\/equilibrio\/brasileiros-querem-aumentar-visitas-a-parques-no-pos-pandemia\/\" target=\"_blank\" rel=\"noreferrer noopener\">pandemia<\/a>. A rela\u00e7\u00e3o com o mundo se deu de forma absurdamente massiva com notici\u00e1rios e informa\u00e7\u00f5es que geram medo, preocupa\u00e7\u00e3o e ang\u00fastia. <\/p>\n\n\n\n<div class=\"wp-block-image\"><figure class=\"aligncenter size-large is-resized\"><img loading=\"lazy\" decoding=\"async\" src=\"https:\/\/jornalfatosenoticias.com.br\/wp-content\/uploads\/2023\/03\/logo-Panper_portal.jpg\" alt=\"\" class=\"wp-image-40208\" width=\"362\" height=\"251\" srcset=\"https:\/\/jornalfatosenoticias.com.br\/wp-content\/uploads\/2023\/03\/logo-Panper_portal.jpg 400w, https:\/\/jornalfatosenoticias.com.br\/wp-content\/uploads\/2023\/03\/logo-Panper_portal-300x208.jpg 300w\" sizes=\"auto, (max-width: 362px) 100vw, 362px\" \/><\/figure><\/div>\n\n\n\n<p>Mesmo num cen\u00e1rio de incertezas, a dissemina\u00e7\u00e3o de not\u00edcias sensacionalistas ampliou o caos e acentuou ainda mais a situa\u00e7\u00e3o de fragilidade e incertezas das pessoas. Ent\u00e3o, cuidado com a exposi\u00e7\u00e3o elevada a informa\u00e7\u00f5es distorcidas e que podem levar voc\u00ea a um estresse ou preocupa\u00e7\u00e3o constante.<\/p>\n\n\n\n<div class=\"wp-block-image\"><figure class=\"aligncenter size-large is-resized\"><img loading=\"lazy\" decoding=\"async\" src=\"https:\/\/jornalfatosenoticias.com.br\/wp-content\/uploads\/2022\/10\/RC_800x750_page-0001.jpg\" alt=\"\" class=\"wp-image-35338\" width=\"273\" height=\"256\" srcset=\"https:\/\/jornalfatosenoticias.com.br\/wp-content\/uploads\/2022\/10\/RC_800x750_page-0001.jpg 400w, https:\/\/jornalfatosenoticias.com.br\/wp-content\/uploads\/2022\/10\/RC_800x750_page-0001-300x281.jpg 300w\" sizes=\"auto, (max-width: 273px) 100vw, 273px\" \/><\/figure><\/div>\n\n\n\n<p><strong><span class=\"has-inline-color has-vivid-purple-color\">7. Estabele\u00e7a limites<br><\/span><\/strong>Aprenda a dizer \u201cn\u00e3o\u201d e certifique-se de que est\u00e1 dedicando tempo suficiente para cuidar de si mesmo. A dificuldade para dizer um \u201cn\u00e3o\u201d \u00e9 algo que n\u00e3o deveria se fazer presente em nossa vida. Por quest\u00f5es culturais aprendemos que dizer \u201cn\u00e3o\u201d \u00e9 algo feio, \u00e9 desrespeitoso e nos sentimos culpados quando o dizemos. <\/p>\n\n\n\n<div class=\"wp-block-image\"><figure class=\"aligncenter size-large is-resized\"><img loading=\"lazy\" decoding=\"async\" src=\"https:\/\/jornalfatosenoticias.com.br\/wp-content\/uploads\/2020\/02\/logo-Rapuzel-1024x571.jpg\" alt=\"\" class=\"wp-image-42808\" width=\"361\" height=\"201\" srcset=\"https:\/\/jornalfatosenoticias.com.br\/wp-content\/uploads\/2020\/02\/logo-Rapuzel-1024x571.jpg 1024w, https:\/\/jornalfatosenoticias.com.br\/wp-content\/uploads\/2020\/02\/logo-Rapuzel-300x167.jpg 300w, https:\/\/jornalfatosenoticias.com.br\/wp-content\/uploads\/2020\/02\/logo-Rapuzel-768x428.jpg 768w, https:\/\/jornalfatosenoticias.com.br\/wp-content\/uploads\/2020\/02\/logo-Rapuzel-1536x856.jpg 1536w, https:\/\/jornalfatosenoticias.com.br\/wp-content\/uploads\/2020\/02\/logo-Rapuzel.jpg 1600w\" sizes=\"auto, (max-width: 361px) 100vw, 361px\" \/><\/figure><\/div>\n\n\n\n<p>A quest\u00e3o \u00e9 que, ao dizer \u201csim\u201d quando queremos dizer \u201cn\u00e3o\u201d, passamos por cima de n\u00f3s mesmos e aniquilamos aquilo que seria o mais respeitoso na rela\u00e7\u00e3o conosco. \u00c9 preciso aprender a dizer o \u201cn\u00e3o\u201d de forma emp\u00e1tica e tranquila, lembrando que a recusa de algum convite ou algo, \u00e9 importante como forma de ouvir a si mesmo: o que eu gostaria realmente de fazer e como me sinto quanto a isto?<\/p>\n\n\n\n<div class=\"wp-block-image\"><figure class=\"aligncenter size-large is-resized\"><img loading=\"lazy\" decoding=\"async\" src=\"https:\/\/jornalfatosenoticias.com.br\/wp-content\/uploads\/2022\/02\/Precisao-Contabilidade-1024x724.jpg\" alt=\"\" class=\"wp-image-28088\" width=\"330\" height=\"233\"\/><\/figure><\/div>\n\n\n\n<blockquote class=\"wp-block-quote is-layout-flow wp-block-quote-is-layout-flow\"><p><span class=\"has-inline-color has-luminous-vivid-orange-color\">Em conclus\u00e3o, o bem-estar \u00e9 uma combina\u00e7\u00e3o do nosso estado emocional e a maneira como interpretamos e nos colocamos frente aos eventos ao nosso redor. Ao reconhecer e trabalhar ativamente nesse processo, podemos melhorar nossa sa\u00fade mental e qualidade de vida\u201d, finaliza Imianowsky.<\/span><\/p><\/blockquote>\n\n\n\n<div class=\"wp-block-image\"><figure class=\"aligncenter size-large is-resized\"><img loading=\"lazy\" decoding=\"async\" src=\"https:\/\/jornalfatosenoticias.com.br\/wp-content\/uploads\/2023\/09\/vetorvix1024_1.jpg\" alt=\"\" class=\"wp-image-44868\" width=\"505\" height=\"134\" srcset=\"https:\/\/jornalfatosenoticias.com.br\/wp-content\/uploads\/2023\/09\/vetorvix1024_1.jpg 1024w, https:\/\/jornalfatosenoticias.com.br\/wp-content\/uploads\/2023\/09\/vetorvix1024_1-300x80.jpg 300w, https:\/\/jornalfatosenoticias.com.br\/wp-content\/uploads\/2023\/09\/vetorvix1024_1-768x205.jpg 768w\" sizes=\"auto, (max-width: 505px) 100vw, 505px\" \/><\/figure><\/div>\n\n\n\n<p><strong><em>Fonte: <a href=\"https:\/\/ciclovivo.com.br\/vida-sustentavel\/bem-estar\/7-dicas-para-cultivar-o-bem-estar-diario\/\">CicloVivo<\/a><\/em><\/strong><\/p>\n","protected":false},"excerpt":{"rendered":"<p>Encontrar um ponto de equil\u00edbrio na gangorra de sentimentos n\u00e3o \u00e9 uma tarefa simples, mas \u00e9 um aprendizado di\u00e1rio e necess\u00e1rio para manter a sanidade O bem-estar \u00e9 um conceito que se refere a um estado de satisfa\u00e7\u00e3o, contentamento e realiza\u00e7\u00e3o que vai al\u00e9m da simples aus\u00eancia de doen\u00e7a ou desconforto. Envolve uma avalia\u00e7\u00e3o de [&hellip;]<\/p>\n","protected":false},"author":2,"featured_media":47645,"comment_status":"open","ping_status":"open","sticky":false,"template":"","format":"standard","meta":{"footnotes":""},"categories":[42,2522],"tags":[385,5096,1357,688],"class_list":["post-47644","post","type-post","status-publish","format-standard","has-post-thumbnail","hentry","category-bem-estar","category-comportamento","tag-bem-estar","tag-emocoes","tag-felicidade","tag-saude-mental"],"yoast_head":"<!-- This site is optimized with the Yoast SEO plugin v26.5 - https:\/\/yoast.com\/wordpress\/plugins\/seo\/ -->\n<title>Dicas para cultivar o bem-estar di\u00e1rio - Jornal Fatos e Not\u00edcias<\/title>\n<meta name=\"robots\" content=\"index, follow, max-snippet:-1, max-image-preview:large, max-video-preview:-1\" \/>\n<link rel=\"canonical\" href=\"https:\/\/jornalfatosenoticias.com.br\/index.php\/2023\/12\/11\/dicas-para-cultivar-o-bem-estar-diario\/\" \/>\n<meta property=\"og:locale\" content=\"pt_BR\" \/>\n<meta property=\"og:type\" content=\"article\" \/>\n<meta property=\"og:title\" content=\"Dicas para cultivar o bem-estar di\u00e1rio - Jornal Fatos e Not\u00edcias\" \/>\n<meta property=\"og:description\" content=\"Encontrar um ponto de equil\u00edbrio na gangorra de sentimentos n\u00e3o \u00e9 uma tarefa simples, mas \u00e9 um aprendizado di\u00e1rio e necess\u00e1rio para manter a sanidade O bem-estar \u00e9 um conceito que se refere a um estado de satisfa\u00e7\u00e3o, contentamento e realiza\u00e7\u00e3o que vai al\u00e9m da simples aus\u00eancia de doen\u00e7a ou desconforto. Envolve uma avalia\u00e7\u00e3o de [&hellip;]\" \/>\n<meta property=\"og:url\" content=\"https:\/\/jornalfatosenoticias.com.br\/index.php\/2023\/12\/11\/dicas-para-cultivar-o-bem-estar-diario\/\" \/>\n<meta property=\"og:site_name\" content=\"Jornal Fatos e Not\u00edcias\" \/>\n<meta property=\"article:published_time\" content=\"2023-12-11T16:11:25+00:00\" \/>\n<meta property=\"article:modified_time\" content=\"2023-12-11T16:11:26+00:00\" \/>\n<meta property=\"og:image\" content=\"https:\/\/jornalfatosenoticias.com.br\/wp-content\/uploads\/2023\/12\/bem-estar_istock.jpg\" \/>\n\t<meta property=\"og:image:width\" content=\"612\" \/>\n\t<meta property=\"og:image:height\" content=\"408\" \/>\n\t<meta property=\"og:image:type\" content=\"image\/jpeg\" \/>\n<meta name=\"author\" content=\"Luzimara Fernandes\" \/>\n<meta name=\"twitter:card\" content=\"summary_large_image\" \/>\n<meta name=\"twitter:label1\" content=\"Escrito por\" \/>\n\t<meta name=\"twitter:data1\" content=\"Luzimara Fernandes\" \/>\n\t<meta name=\"twitter:label2\" content=\"Est. tempo de leitura\" \/>\n\t<meta name=\"twitter:data2\" content=\"6 minutos\" \/>\n<script type=\"application\/ld+json\" class=\"yoast-schema-graph\">{\"@context\":\"https:\/\/schema.org\",\"@graph\":[{\"@type\":\"Article\",\"@id\":\"https:\/\/jornalfatosenoticias.com.br\/index.php\/2023\/12\/11\/dicas-para-cultivar-o-bem-estar-diario\/#article\",\"isPartOf\":{\"@id\":\"https:\/\/jornalfatosenoticias.com.br\/index.php\/2023\/12\/11\/dicas-para-cultivar-o-bem-estar-diario\/\"},\"author\":{\"name\":\"Luzimara Fernandes\",\"@id\":\"https:\/\/jornalfatosenoticias.com.br\/#\/schema\/person\/d63837fa13ac8666eb9e74e0985d6f81\"},\"headline\":\"Dicas para cultivar o bem-estar di\u00e1rio\",\"datePublished\":\"2023-12-11T16:11:25+00:00\",\"dateModified\":\"2023-12-11T16:11:26+00:00\",\"mainEntityOfPage\":{\"@id\":\"https:\/\/jornalfatosenoticias.com.br\/index.php\/2023\/12\/11\/dicas-para-cultivar-o-bem-estar-diario\/\"},\"wordCount\":1185,\"commentCount\":0,\"publisher\":{\"@id\":\"https:\/\/jornalfatosenoticias.com.br\/#organization\"},\"image\":{\"@id\":\"https:\/\/jornalfatosenoticias.com.br\/index.php\/2023\/12\/11\/dicas-para-cultivar-o-bem-estar-diario\/#primaryimage\"},\"thumbnailUrl\":\"https:\/\/jornalfatosenoticias.com.br\/wp-content\/uploads\/2023\/12\/bem-estar_istock.jpg\",\"keywords\":[\"bem-estar\",\"emo\u00e7\u00f5es\",\"felicidade\",\"sa\u00fade mental\"],\"articleSection\":[\"Bem-estar\",\"Comportamento &amp; Equil\u00edbrio\"],\"inLanguage\":\"pt-BR\",\"potentialAction\":[{\"@type\":\"CommentAction\",\"name\":\"Comment\",\"target\":[\"https:\/\/jornalfatosenoticias.com.br\/index.php\/2023\/12\/11\/dicas-para-cultivar-o-bem-estar-diario\/#respond\"]}]},{\"@type\":\"WebPage\",\"@id\":\"https:\/\/jornalfatosenoticias.com.br\/index.php\/2023\/12\/11\/dicas-para-cultivar-o-bem-estar-diario\/\",\"url\":\"https:\/\/jornalfatosenoticias.com.br\/index.php\/2023\/12\/11\/dicas-para-cultivar-o-bem-estar-diario\/\",\"name\":\"Dicas para cultivar o bem-estar di\u00e1rio - Jornal Fatos e Not\u00edcias\",\"isPartOf\":{\"@id\":\"https:\/\/jornalfatosenoticias.com.br\/#website\"},\"primaryImageOfPage\":{\"@id\":\"https:\/\/jornalfatosenoticias.com.br\/index.php\/2023\/12\/11\/dicas-para-cultivar-o-bem-estar-diario\/#primaryimage\"},\"image\":{\"@id\":\"https:\/\/jornalfatosenoticias.com.br\/index.php\/2023\/12\/11\/dicas-para-cultivar-o-bem-estar-diario\/#primaryimage\"},\"thumbnailUrl\":\"https:\/\/jornalfatosenoticias.com.br\/wp-content\/uploads\/2023\/12\/bem-estar_istock.jpg\",\"datePublished\":\"2023-12-11T16:11:25+00:00\",\"dateModified\":\"2023-12-11T16:11:26+00:00\",\"breadcrumb\":{\"@id\":\"https:\/\/jornalfatosenoticias.com.br\/index.php\/2023\/12\/11\/dicas-para-cultivar-o-bem-estar-diario\/#breadcrumb\"},\"inLanguage\":\"pt-BR\",\"potentialAction\":[{\"@type\":\"ReadAction\",\"target\":[\"https:\/\/jornalfatosenoticias.com.br\/index.php\/2023\/12\/11\/dicas-para-cultivar-o-bem-estar-diario\/\"]}]},{\"@type\":\"ImageObject\",\"inLanguage\":\"pt-BR\",\"@id\":\"https:\/\/jornalfatosenoticias.com.br\/index.php\/2023\/12\/11\/dicas-para-cultivar-o-bem-estar-diario\/#primaryimage\",\"url\":\"https:\/\/jornalfatosenoticias.com.br\/wp-content\/uploads\/2023\/12\/bem-estar_istock.jpg\",\"contentUrl\":\"https:\/\/jornalfatosenoticias.com.br\/wp-content\/uploads\/2023\/12\/bem-estar_istock.jpg\",\"width\":612,\"height\":408,\"caption\":\"Group of curvy girls friends jogging together at park. Beautiful smiling young women running at the park on a sunny day. Female runners listening to music while jogging.\"},{\"@type\":\"BreadcrumbList\",\"@id\":\"https:\/\/jornalfatosenoticias.com.br\/index.php\/2023\/12\/11\/dicas-para-cultivar-o-bem-estar-diario\/#breadcrumb\",\"itemListElement\":[{\"@type\":\"ListItem\",\"position\":1,\"name\":\"In\u00edcio\",\"item\":\"https:\/\/jornalfatosenoticias.com.br\/\"},{\"@type\":\"ListItem\",\"position\":2,\"name\":\"Dicas para cultivar o bem-estar di\u00e1rio\"}]},{\"@type\":\"WebSite\",\"@id\":\"https:\/\/jornalfatosenoticias.com.br\/#website\",\"url\":\"https:\/\/jornalfatosenoticias.com.br\/\",\"name\":\"Jornal Fatos e Not\u00edcias\",\"description\":\"Not\u00edcias em geral\",\"publisher\":{\"@id\":\"https:\/\/jornalfatosenoticias.com.br\/#organization\"},\"potentialAction\":[{\"@type\":\"SearchAction\",\"target\":{\"@type\":\"EntryPoint\",\"urlTemplate\":\"https:\/\/jornalfatosenoticias.com.br\/?s={search_term_string}\"},\"query-input\":{\"@type\":\"PropertyValueSpecification\",\"valueRequired\":true,\"valueName\":\"search_term_string\"}}],\"inLanguage\":\"pt-BR\"},{\"@type\":\"Organization\",\"@id\":\"https:\/\/jornalfatosenoticias.com.br\/#organization\",\"name\":\"Jornal Fatos e Not\u00edcias\",\"url\":\"https:\/\/jornalfatosenoticias.com.br\/\",\"logo\":{\"@type\":\"ImageObject\",\"inLanguage\":\"pt-BR\",\"@id\":\"https:\/\/jornalfatosenoticias.com.br\/#\/schema\/logo\/image\/\",\"url\":\"https:\/\/jornalfatosenoticias.com.br\/wp-content\/uploads\/2020\/02\/logo120.png\",\"contentUrl\":\"https:\/\/jornalfatosenoticias.com.br\/wp-content\/uploads\/2020\/02\/logo120.png\",\"width\":1227,\"height\":120,\"caption\":\"Jornal Fatos e Not\u00edcias\"},\"image\":{\"@id\":\"https:\/\/jornalfatosenoticias.com.br\/#\/schema\/logo\/image\/\"}},{\"@type\":\"Person\",\"@id\":\"https:\/\/jornalfatosenoticias.com.br\/#\/schema\/person\/d63837fa13ac8666eb9e74e0985d6f81\",\"name\":\"Luzimara Fernandes\",\"image\":{\"@type\":\"ImageObject\",\"inLanguage\":\"pt-BR\",\"@id\":\"https:\/\/jornalfatosenoticias.com.br\/#\/schema\/person\/image\/\",\"url\":\"https:\/\/jornalfatosenoticias.com.br\/wp-content\/uploads\/2025\/05\/EU_portal.jpg\",\"contentUrl\":\"https:\/\/jornalfatosenoticias.com.br\/wp-content\/uploads\/2025\/05\/EU_portal.jpg\",\"caption\":\"Luzimara Fernandes\"},\"description\":\"Jornalista MTB 2358-ES\",\"sameAs\":[\"https:\/\/jornalfatosenoticias.com.br\"],\"url\":\"https:\/\/jornalfatosenoticias.com.br\/index.php\/author\/luzimara\/\"}]}<\/script>\n<!-- \/ Yoast SEO plugin. -->","yoast_head_json":{"title":"Dicas para cultivar o bem-estar di\u00e1rio - Jornal Fatos e Not\u00edcias","robots":{"index":"index","follow":"follow","max-snippet":"max-snippet:-1","max-image-preview":"max-image-preview:large","max-video-preview":"max-video-preview:-1"},"canonical":"https:\/\/jornalfatosenoticias.com.br\/index.php\/2023\/12\/11\/dicas-para-cultivar-o-bem-estar-diario\/","og_locale":"pt_BR","og_type":"article","og_title":"Dicas para cultivar o bem-estar di\u00e1rio - Jornal Fatos e Not\u00edcias","og_description":"Encontrar um ponto de equil\u00edbrio na gangorra de sentimentos n\u00e3o \u00e9 uma tarefa simples, mas \u00e9 um aprendizado di\u00e1rio e necess\u00e1rio para manter a sanidade O bem-estar \u00e9 um conceito que se refere a um estado de satisfa\u00e7\u00e3o, contentamento e realiza\u00e7\u00e3o que vai al\u00e9m da simples aus\u00eancia de doen\u00e7a ou desconforto. Envolve uma avalia\u00e7\u00e3o de [&hellip;]","og_url":"https:\/\/jornalfatosenoticias.com.br\/index.php\/2023\/12\/11\/dicas-para-cultivar-o-bem-estar-diario\/","og_site_name":"Jornal Fatos e Not\u00edcias","article_published_time":"2023-12-11T16:11:25+00:00","article_modified_time":"2023-12-11T16:11:26+00:00","og_image":[{"width":612,"height":408,"url":"https:\/\/jornalfatosenoticias.com.br\/wp-content\/uploads\/2023\/12\/bem-estar_istock.jpg","type":"image\/jpeg"}],"author":"Luzimara Fernandes","twitter_card":"summary_large_image","twitter_misc":{"Escrito por":"Luzimara Fernandes","Est. tempo de leitura":"6 minutos"},"schema":{"@context":"https:\/\/schema.org","@graph":[{"@type":"Article","@id":"https:\/\/jornalfatosenoticias.com.br\/index.php\/2023\/12\/11\/dicas-para-cultivar-o-bem-estar-diario\/#article","isPartOf":{"@id":"https:\/\/jornalfatosenoticias.com.br\/index.php\/2023\/12\/11\/dicas-para-cultivar-o-bem-estar-diario\/"},"author":{"name":"Luzimara Fernandes","@id":"https:\/\/jornalfatosenoticias.com.br\/#\/schema\/person\/d63837fa13ac8666eb9e74e0985d6f81"},"headline":"Dicas para cultivar o bem-estar di\u00e1rio","datePublished":"2023-12-11T16:11:25+00:00","dateModified":"2023-12-11T16:11:26+00:00","mainEntityOfPage":{"@id":"https:\/\/jornalfatosenoticias.com.br\/index.php\/2023\/12\/11\/dicas-para-cultivar-o-bem-estar-diario\/"},"wordCount":1185,"commentCount":0,"publisher":{"@id":"https:\/\/jornalfatosenoticias.com.br\/#organization"},"image":{"@id":"https:\/\/jornalfatosenoticias.com.br\/index.php\/2023\/12\/11\/dicas-para-cultivar-o-bem-estar-diario\/#primaryimage"},"thumbnailUrl":"https:\/\/jornalfatosenoticias.com.br\/wp-content\/uploads\/2023\/12\/bem-estar_istock.jpg","keywords":["bem-estar","emo\u00e7\u00f5es","felicidade","sa\u00fade mental"],"articleSection":["Bem-estar","Comportamento &amp; Equil\u00edbrio"],"inLanguage":"pt-BR","potentialAction":[{"@type":"CommentAction","name":"Comment","target":["https:\/\/jornalfatosenoticias.com.br\/index.php\/2023\/12\/11\/dicas-para-cultivar-o-bem-estar-diario\/#respond"]}]},{"@type":"WebPage","@id":"https:\/\/jornalfatosenoticias.com.br\/index.php\/2023\/12\/11\/dicas-para-cultivar-o-bem-estar-diario\/","url":"https:\/\/jornalfatosenoticias.com.br\/index.php\/2023\/12\/11\/dicas-para-cultivar-o-bem-estar-diario\/","name":"Dicas para cultivar o bem-estar di\u00e1rio - Jornal Fatos e Not\u00edcias","isPartOf":{"@id":"https:\/\/jornalfatosenoticias.com.br\/#website"},"primaryImageOfPage":{"@id":"https:\/\/jornalfatosenoticias.com.br\/index.php\/2023\/12\/11\/dicas-para-cultivar-o-bem-estar-diario\/#primaryimage"},"image":{"@id":"https:\/\/jornalfatosenoticias.com.br\/index.php\/2023\/12\/11\/dicas-para-cultivar-o-bem-estar-diario\/#primaryimage"},"thumbnailUrl":"https:\/\/jornalfatosenoticias.com.br\/wp-content\/uploads\/2023\/12\/bem-estar_istock.jpg","datePublished":"2023-12-11T16:11:25+00:00","dateModified":"2023-12-11T16:11:26+00:00","breadcrumb":{"@id":"https:\/\/jornalfatosenoticias.com.br\/index.php\/2023\/12\/11\/dicas-para-cultivar-o-bem-estar-diario\/#breadcrumb"},"inLanguage":"pt-BR","potentialAction":[{"@type":"ReadAction","target":["https:\/\/jornalfatosenoticias.com.br\/index.php\/2023\/12\/11\/dicas-para-cultivar-o-bem-estar-diario\/"]}]},{"@type":"ImageObject","inLanguage":"pt-BR","@id":"https:\/\/jornalfatosenoticias.com.br\/index.php\/2023\/12\/11\/dicas-para-cultivar-o-bem-estar-diario\/#primaryimage","url":"https:\/\/jornalfatosenoticias.com.br\/wp-content\/uploads\/2023\/12\/bem-estar_istock.jpg","contentUrl":"https:\/\/jornalfatosenoticias.com.br\/wp-content\/uploads\/2023\/12\/bem-estar_istock.jpg","width":612,"height":408,"caption":"Group of curvy girls friends jogging together at park. Beautiful smiling young women running at the park on a sunny day. Female runners listening to music while jogging."},{"@type":"BreadcrumbList","@id":"https:\/\/jornalfatosenoticias.com.br\/index.php\/2023\/12\/11\/dicas-para-cultivar-o-bem-estar-diario\/#breadcrumb","itemListElement":[{"@type":"ListItem","position":1,"name":"In\u00edcio","item":"https:\/\/jornalfatosenoticias.com.br\/"},{"@type":"ListItem","position":2,"name":"Dicas para cultivar o bem-estar di\u00e1rio"}]},{"@type":"WebSite","@id":"https:\/\/jornalfatosenoticias.com.br\/#website","url":"https:\/\/jornalfatosenoticias.com.br\/","name":"Jornal Fatos e Not\u00edcias","description":"Not\u00edcias em geral","publisher":{"@id":"https:\/\/jornalfatosenoticias.com.br\/#organization"},"potentialAction":[{"@type":"SearchAction","target":{"@type":"EntryPoint","urlTemplate":"https:\/\/jornalfatosenoticias.com.br\/?s={search_term_string}"},"query-input":{"@type":"PropertyValueSpecification","valueRequired":true,"valueName":"search_term_string"}}],"inLanguage":"pt-BR"},{"@type":"Organization","@id":"https:\/\/jornalfatosenoticias.com.br\/#organization","name":"Jornal Fatos e Not\u00edcias","url":"https:\/\/jornalfatosenoticias.com.br\/","logo":{"@type":"ImageObject","inLanguage":"pt-BR","@id":"https:\/\/jornalfatosenoticias.com.br\/#\/schema\/logo\/image\/","url":"https:\/\/jornalfatosenoticias.com.br\/wp-content\/uploads\/2020\/02\/logo120.png","contentUrl":"https:\/\/jornalfatosenoticias.com.br\/wp-content\/uploads\/2020\/02\/logo120.png","width":1227,"height":120,"caption":"Jornal Fatos e Not\u00edcias"},"image":{"@id":"https:\/\/jornalfatosenoticias.com.br\/#\/schema\/logo\/image\/"}},{"@type":"Person","@id":"https:\/\/jornalfatosenoticias.com.br\/#\/schema\/person\/d63837fa13ac8666eb9e74e0985d6f81","name":"Luzimara Fernandes","image":{"@type":"ImageObject","inLanguage":"pt-BR","@id":"https:\/\/jornalfatosenoticias.com.br\/#\/schema\/person\/image\/","url":"https:\/\/jornalfatosenoticias.com.br\/wp-content\/uploads\/2025\/05\/EU_portal.jpg","contentUrl":"https:\/\/jornalfatosenoticias.com.br\/wp-content\/uploads\/2025\/05\/EU_portal.jpg","caption":"Luzimara Fernandes"},"description":"Jornalista MTB 2358-ES","sameAs":["https:\/\/jornalfatosenoticias.com.br"],"url":"https:\/\/jornalfatosenoticias.com.br\/index.php\/author\/luzimara\/"}]}},"cc_featured_image_caption":{"caption_text":"(Foto: iStock)","source_text":"","source_url":""},"jetpack_featured_media_url":"https:\/\/jornalfatosenoticias.com.br\/wp-content\/uploads\/2023\/12\/bem-estar_istock.jpg","_links":{"self":[{"href":"https:\/\/jornalfatosenoticias.com.br\/index.php\/wp-json\/wp\/v2\/posts\/47644","targetHints":{"allow":["GET"]}}],"collection":[{"href":"https:\/\/jornalfatosenoticias.com.br\/index.php\/wp-json\/wp\/v2\/posts"}],"about":[{"href":"https:\/\/jornalfatosenoticias.com.br\/index.php\/wp-json\/wp\/v2\/types\/post"}],"author":[{"embeddable":true,"href":"https:\/\/jornalfatosenoticias.com.br\/index.php\/wp-json\/wp\/v2\/users\/2"}],"replies":[{"embeddable":true,"href":"https:\/\/jornalfatosenoticias.com.br\/index.php\/wp-json\/wp\/v2\/comments?post=47644"}],"version-history":[{"count":0,"href":"https:\/\/jornalfatosenoticias.com.br\/index.php\/wp-json\/wp\/v2\/posts\/47644\/revisions"}],"wp:featuredmedia":[{"embeddable":true,"href":"https:\/\/jornalfatosenoticias.com.br\/index.php\/wp-json\/wp\/v2\/media\/47645"}],"wp:attachment":[{"href":"https:\/\/jornalfatosenoticias.com.br\/index.php\/wp-json\/wp\/v2\/media?parent=47644"}],"wp:term":[{"taxonomy":"category","embeddable":true,"href":"https:\/\/jornalfatosenoticias.com.br\/index.php\/wp-json\/wp\/v2\/categories?post=47644"},{"taxonomy":"post_tag","embeddable":true,"href":"https:\/\/jornalfatosenoticias.com.br\/index.php\/wp-json\/wp\/v2\/tags?post=47644"}],"curies":[{"name":"wp","href":"https:\/\/api.w.org\/{rel}","templated":true}]}}