{"id":47758,"date":"2023-12-13T14:55:54","date_gmt":"2023-12-13T17:55:54","guid":{"rendered":"https:\/\/jornalfatosenoticias.com.br\/?p=47758"},"modified":"2023-12-13T14:55:55","modified_gmt":"2023-12-13T17:55:55","slug":"lula-diz-que-nao-ve-problema-em-endividar-o-pais-para-fazer-crescer","status":"publish","type":"post","link":"https:\/\/jornalfatosenoticias.com.br\/index.php\/2023\/12\/13\/lula-diz-que-nao-ve-problema-em-endividar-o-pais-para-fazer-crescer\/","title":{"rendered":"Lula diz que n\u00e3o v\u00ea problema em endividar o Pa\u00eds para \u201cfazer crescer\u201d"},"content":{"rendered":"\n<p><em><span class=\"has-inline-color has-black-color\">Lula defendeu que Pa\u00eds fa\u00e7a novas d\u00edvidas para aumentar produ\u00e7\u00e3o, com a alega\u00e7\u00e3o de retomar crescimento<\/span><\/em><\/p>\n\n\n\n<p><span class=\"has-inline-color has-black-color\">Por <strong><a href=\"https:\/\/www.gazetadopovo.com.br\/autor\/guilherme-grandi\/\">Guilherme Grandi<\/a><\/strong><\/span><\/p>\n\n\n\n<div class=\"wp-block-image\"><figure class=\"aligncenter size-large\"><img loading=\"lazy\" decoding=\"async\" width=\"1024\" height=\"110\" src=\"https:\/\/jornalfatosenoticias.com.br\/wp-content\/uploads\/2022\/10\/Arte-jornal-Zucchi-1120x120_Prancheta-1-1024x110.jpg\" alt=\"\" class=\"wp-image-34772\" srcset=\"https:\/\/jornalfatosenoticias.com.br\/wp-content\/uploads\/2022\/10\/Arte-jornal-Zucchi-1120x120_Prancheta-1-1024x110.jpg 1024w, https:\/\/jornalfatosenoticias.com.br\/wp-content\/uploads\/2022\/10\/Arte-jornal-Zucchi-1120x120_Prancheta-1-300x32.jpg 300w, https:\/\/jornalfatosenoticias.com.br\/wp-content\/uploads\/2022\/10\/Arte-jornal-Zucchi-1120x120_Prancheta-1-768x82.jpg 768w, https:\/\/jornalfatosenoticias.com.br\/wp-content\/uploads\/2022\/10\/Arte-jornal-Zucchi-1120x120_Prancheta-1-1536x165.jpg 1536w, https:\/\/jornalfatosenoticias.com.br\/wp-content\/uploads\/2022\/10\/Arte-jornal-Zucchi-1120x120_Prancheta-1-2048x219.jpg 2048w\" sizes=\"auto, (max-width: 1024px) 100vw, 1024px\" \/><\/figure><\/div>\n\n\n\n<p>Luiz In\u00e1cio Lula da Silva (PT) defendeu, nesta ter\u00e7a (12), que o Pa\u00eds fa\u00e7a d\u00edvida para buscar desenvolvimento. A declara\u00e7\u00e3o foi dada durante uma reuni\u00e3o do Conselh\u00e3o, o Conselho de Desenvolvimento Econ\u00f4mico e Social Sustent\u00e1vel, no Pal\u00e1cio do Planalto.<\/p>\n\n\n\n<blockquote class=\"wp-block-quote is-layout-flow wp-block-quote-is-layout-flow\"><p><span class=\"has-inline-color has-luminous-vivid-orange-color\">De acordo com ele, \u201cse for necess\u00e1rio este Pa\u00eds fazer endividamento para crescer, qual o problema? De voc\u00ea fazer uma d\u00edvida para produzir ativos produtivos para este Pa\u00eds? Para investir mais em matem\u00e1tica\u201d, questionou.<\/span><\/p><\/blockquote>\n\n\n\n<p>Ele ainda afirmou que alcan\u00e7ar o super\u00e1vit prim\u00e1rio, conter a infla\u00e7\u00e3o e as limita\u00e7\u00f5es da Lei de Responsabilidade Fiscal s\u00e3o \u201cpedras no caminho\u201d para o crescimento do Pa\u00eds.<\/p>\n\n\n\n<div class=\"wp-block-image\"><figure class=\"aligncenter size-large\"><img decoding=\"async\" src=\"https:\/\/jornalfatosenoticias.com.br\/wp-content\/uploads\/2020\/02\/logo_esteio.jpg\" alt=\"\" class=\"wp-image-1214\"\/><\/figure><\/div>\n\n\n\n<blockquote class=\"wp-block-quote is-layout-flow wp-block-quote-is-layout-flow\"><p><span class=\"has-inline-color has-luminous-vivid-orange-color\">N\u00f3s temos o caminho das pedras, temos de decidir agora se vamos retirar essas pedras ou n\u00e3o. Ou se a gente vai chegar \u00e0 conclus\u00e3o que olha, por um problema da Lei de Responsabilidade Fiscal, de super\u00e1vit prim\u00e1rio, de infla\u00e7\u00e3o, a gente n\u00e3o poder fazer. E vamos todo mundo desanimar, voltar para nossa vidinha, sendo que \u00e9 um ano ganha, um ano perde. A massa salarial de hoje \u00e9 menor que de 2010. \u00c9 um retrocesso\u201d, afirmou.<\/span><\/p><\/blockquote>\n\n\n\n<div class=\"wp-block-image\"><figure class=\"aligncenter size-large is-resized\"><img loading=\"lazy\" decoding=\"async\" src=\"https:\/\/jornalfatosenoticias.com.br\/wp-content\/uploads\/2023\/03\/nova-logo-Marquetti.jpg\" alt=\"\" class=\"wp-image-40207\" width=\"303\" height=\"203\" srcset=\"https:\/\/jornalfatosenoticias.com.br\/wp-content\/uploads\/2023\/03\/nova-logo-Marquetti.jpg 643w, https:\/\/jornalfatosenoticias.com.br\/wp-content\/uploads\/2023\/03\/nova-logo-Marquetti-300x202.jpg 300w\" sizes=\"auto, (max-width: 303px) 100vw, 303px\" \/><\/figure><\/div>\n\n\n\n<p>As falas de Lula ocorreram em tom de defesa do aumento de investimentos, em refer\u00eancia \u00e0s afirma\u00e7\u00f5es anteriores que o levaram a criticar a meta de zerar o rombo das contas p\u00fablicas de 2024. O ministro Fernando Haddad, da Fazenda, depois conseguiu manter a promessa e a fazer constar no or\u00e7amento que o governo chegar\u00e1 ao equil\u00edbrio no pr\u00f3ximo ano.<\/p>\n\n\n\n<div class=\"wp-block-image\"><figure class=\"aligncenter size-large is-resized\"><img loading=\"lazy\" decoding=\"async\" src=\"https:\/\/jornalfatosenoticias.com.br\/wp-content\/uploads\/2023\/08\/BKR-1024x1021.jpg\" alt=\"\" class=\"wp-image-44494\" width=\"307\" height=\"306\" srcset=\"https:\/\/jornalfatosenoticias.com.br\/wp-content\/uploads\/2023\/08\/BKR-1024x1021.jpg 1024w, https:\/\/jornalfatosenoticias.com.br\/wp-content\/uploads\/2023\/08\/BKR-300x300.jpg 300w, https:\/\/jornalfatosenoticias.com.br\/wp-content\/uploads\/2023\/08\/BKR-150x150.jpg 150w, https:\/\/jornalfatosenoticias.com.br\/wp-content\/uploads\/2023\/08\/BKR-768x766.jpg 768w, https:\/\/jornalfatosenoticias.com.br\/wp-content\/uploads\/2023\/08\/BKR.jpg 1080w\" sizes=\"auto, (max-width: 307px) 100vw, 307px\" \/><\/figure><\/div>\n\n\n\n<p>O presidente defendeu investimentos em diversos setores, como a cria\u00e7\u00e3o de cem institutos federais na \u00e1rea de matem\u00e1tica, destacando que se trata de um investimento, n\u00e3o um gasto. Ap\u00f3s o Conselho apresentar propostas para o desenvolvimento do pa\u00eds, Lula anunciou que solicitar\u00e1 um estudo de viabilidade econ\u00f4mica para avaliar o &#8220;investimento&#8221; necess\u00e1rio para implementar as medidas.<\/p>\n\n\n\n<div class=\"wp-block-image\"><figure class=\"aligncenter size-large is-resized\"><img loading=\"lazy\" decoding=\"async\" src=\"https:\/\/jornalfatosenoticias.com.br\/wp-content\/uploads\/2023\/03\/logo-Panper_portal.jpg\" alt=\"\" class=\"wp-image-40208\" width=\"315\" height=\"218\" srcset=\"https:\/\/jornalfatosenoticias.com.br\/wp-content\/uploads\/2023\/03\/logo-Panper_portal.jpg 400w, https:\/\/jornalfatosenoticias.com.br\/wp-content\/uploads\/2023\/03\/logo-Panper_portal-300x208.jpg 300w\" sizes=\"auto, (max-width: 315px) 100vw, 315px\" \/><\/figure><\/div>\n\n\n\n<p>Os grupos apresentaram propostas relacionadas \u00e0 recupera\u00e7\u00e3o de \u00e1reas degradadas, pol\u00edtica integrada para a primeira inf\u00e2ncia, polos tecnol\u00f3gicos, acesso ao cr\u00e9dito para micro e pequenas empresas, transi\u00e7\u00e3o energ\u00e9tica, prote\u00e7\u00e3o da Amaz\u00f4nia e combate \u00e0s desigualdades.<\/p>\n\n\n\n<div class=\"wp-block-image\"><figure class=\"aligncenter size-large is-resized\"><img loading=\"lazy\" decoding=\"async\" src=\"https:\/\/jornalfatosenoticias.com.br\/wp-content\/uploads\/2020\/02\/casa-do-torresmo_portal.jpg\" alt=\"\" class=\"wp-image-34472\" width=\"260\" height=\"260\" srcset=\"https:\/\/jornalfatosenoticias.com.br\/wp-content\/uploads\/2020\/02\/casa-do-torresmo_portal.jpg 300w, https:\/\/jornalfatosenoticias.com.br\/wp-content\/uploads\/2020\/02\/casa-do-torresmo_portal-150x150.jpg 150w\" sizes=\"auto, (max-width: 260px) 100vw, 260px\" \/><\/figure><\/div>\n\n\n\n<p>O Conselh\u00e3o, reinstalado este ano ap\u00f3s interrup\u00e7\u00f5es em governos anteriores, \u00e9 composto por representantes da sociedade e membros do governo, totalizando 247 integrantes.<\/p>\n\n\n\n<div class=\"wp-block-image\"><figure class=\"aligncenter size-large\"><img decoding=\"async\" src=\"https:\/\/jornalfatosenoticias.com.br\/wp-content\/uploads\/2020\/02\/barao-das-carnes-300x164-1.jpg\" alt=\"\" class=\"wp-image-34339\"\/><\/figure><\/div>\n\n\n\n<p>Segundo o ministro Alexandre Padilha, coordenador do Conselh\u00e3o, mais de 100 reuni\u00f5es dos grupos de trabalho foram realizadas. Ele destacou a revers\u00e3o das expectativas econ\u00f4micas desfavor\u00e1veis, afirmando que o Brasil, ap\u00f3s sete anos, encerrar\u00e1 2023 com crescimento econ\u00f4mico de 3%, infla\u00e7\u00e3o controlada e desemprego em queda para 7,6%.<\/p>\n\n\n\n<div class=\"wp-block-image\"><figure class=\"aligncenter size-large is-resized\"><img loading=\"lazy\" decoding=\"async\" src=\"https:\/\/jornalfatosenoticias.com.br\/wp-content\/uploads\/2023\/07\/lacremoda.jpg\" alt=\"\" class=\"wp-image-43706\" width=\"351\" height=\"196\" srcset=\"https:\/\/jornalfatosenoticias.com.br\/wp-content\/uploads\/2023\/07\/lacremoda.jpg 1024w, https:\/\/jornalfatosenoticias.com.br\/wp-content\/uploads\/2023\/07\/lacremoda-300x168.jpg 300w, https:\/\/jornalfatosenoticias.com.br\/wp-content\/uploads\/2023\/07\/lacremoda-768x431.jpg 768w\" sizes=\"auto, (max-width: 351px) 100vw, 351px\" \/><\/figure><\/div>\n\n\n\n<p><strong><em>Fonte: <a href=\"https:\/\/www.gazetadopovo.com.br\/economia\/lula-endividar-pais-fazer-crescer\/\">Gazeta do Povo<\/a><\/em><\/strong><\/p>\n","protected":false},"excerpt":{"rendered":"<p>Lula defendeu que Pa\u00eds fa\u00e7a novas d\u00edvidas para aumentar produ\u00e7\u00e3o, com a alega\u00e7\u00e3o de retomar crescimento Por Guilherme Grandi Luiz In\u00e1cio Lula da Silva (PT) defendeu, nesta ter\u00e7a (12), que o Pa\u00eds fa\u00e7a d\u00edvida para buscar desenvolvimento. A declara\u00e7\u00e3o foi dada durante uma reuni\u00e3o do Conselh\u00e3o, o Conselho de Desenvolvimento Econ\u00f4mico e Social Sustent\u00e1vel, no [&hellip;]<\/p>\n","protected":false},"author":2,"featured_media":47759,"comment_status":"open","ping_status":"open","sticky":false,"template":"","format":"standard","meta":{"footnotes":""},"categories":[9],"tags":[8163,18157,16744,18156,22334,22335],"class_list":["post-47758","post","type-post","status-publish","format-standard","has-post-thumbnail","hentry","category-economia","tag-contas-publicas","tag-desgoverno-lula","tag-farra-com-o-dinheiro-publico","tag-fiasco-economico","tag-irresponsabilidade-fiscal","tag-lei-de-responsabilidade-fiscal"],"yoast_head":"<!-- This site is optimized with the Yoast SEO plugin v26.5 - https:\/\/yoast.com\/wordpress\/plugins\/seo\/ -->\n<title>Lula diz que n\u00e3o v\u00ea problema em endividar o Pa\u00eds para \u201cfazer crescer\u201d - Jornal Fatos e Not\u00edcias<\/title>\n<meta name=\"robots\" content=\"index, follow, max-snippet:-1, max-image-preview:large, max-video-preview:-1\" \/>\n<link rel=\"canonical\" href=\"https:\/\/jornalfatosenoticias.com.br\/index.php\/2023\/12\/13\/lula-diz-que-nao-ve-problema-em-endividar-o-pais-para-fazer-crescer\/\" \/>\n<meta property=\"og:locale\" content=\"pt_BR\" \/>\n<meta property=\"og:type\" content=\"article\" \/>\n<meta property=\"og:title\" content=\"Lula diz que n\u00e3o v\u00ea problema em endividar o Pa\u00eds para \u201cfazer crescer\u201d - Jornal Fatos e Not\u00edcias\" \/>\n<meta property=\"og:description\" content=\"Lula defendeu que Pa\u00eds fa\u00e7a novas d\u00edvidas para aumentar produ\u00e7\u00e3o, com a alega\u00e7\u00e3o de retomar crescimento Por Guilherme Grandi Luiz In\u00e1cio Lula da Silva (PT) defendeu, nesta ter\u00e7a (12), que o Pa\u00eds fa\u00e7a d\u00edvida para buscar desenvolvimento. A declara\u00e7\u00e3o foi dada durante uma reuni\u00e3o do Conselh\u00e3o, o Conselho de Desenvolvimento Econ\u00f4mico e Social Sustent\u00e1vel, no [&hellip;]\" \/>\n<meta property=\"og:url\" content=\"https:\/\/jornalfatosenoticias.com.br\/index.php\/2023\/12\/13\/lula-diz-que-nao-ve-problema-em-endividar-o-pais-para-fazer-crescer\/\" \/>\n<meta property=\"og:site_name\" content=\"Jornal Fatos e Not\u00edcias\" \/>\n<meta property=\"article:published_time\" content=\"2023-12-13T17:55:54+00:00\" \/>\n<meta property=\"article:modified_time\" content=\"2023-12-13T17:55:55+00:00\" \/>\n<meta property=\"og:image\" content=\"https:\/\/jornalfatosenoticias.com.br\/wp-content\/uploads\/2023\/12\/lula-quebrando-o-brasil-foto-ricardo-stuckert-secom-960x540-1.jpg\" \/>\n\t<meta property=\"og:image:width\" content=\"960\" \/>\n\t<meta property=\"og:image:height\" content=\"540\" \/>\n\t<meta property=\"og:image:type\" content=\"image\/jpeg\" \/>\n<meta name=\"author\" content=\"Luzimara Fernandes\" \/>\n<meta name=\"twitter:card\" content=\"summary_large_image\" \/>\n<meta name=\"twitter:label1\" content=\"Escrito por\" \/>\n\t<meta name=\"twitter:data1\" content=\"Luzimara Fernandes\" \/>\n\t<meta name=\"twitter:label2\" content=\"Est. tempo de leitura\" \/>\n\t<meta name=\"twitter:data2\" content=\"2 minutos\" \/>\n<script type=\"application\/ld+json\" class=\"yoast-schema-graph\">{\"@context\":\"https:\/\/schema.org\",\"@graph\":[{\"@type\":\"Article\",\"@id\":\"https:\/\/jornalfatosenoticias.com.br\/index.php\/2023\/12\/13\/lula-diz-que-nao-ve-problema-em-endividar-o-pais-para-fazer-crescer\/#article\",\"isPartOf\":{\"@id\":\"https:\/\/jornalfatosenoticias.com.br\/index.php\/2023\/12\/13\/lula-diz-que-nao-ve-problema-em-endividar-o-pais-para-fazer-crescer\/\"},\"author\":{\"name\":\"Luzimara Fernandes\",\"@id\":\"https:\/\/jornalfatosenoticias.com.br\/#\/schema\/person\/d63837fa13ac8666eb9e74e0985d6f81\"},\"headline\":\"Lula diz que n\u00e3o v\u00ea problema em endividar o Pa\u00eds para \u201cfazer crescer\u201d\",\"datePublished\":\"2023-12-13T17:55:54+00:00\",\"dateModified\":\"2023-12-13T17:55:55+00:00\",\"mainEntityOfPage\":{\"@id\":\"https:\/\/jornalfatosenoticias.com.br\/index.php\/2023\/12\/13\/lula-diz-que-nao-ve-problema-em-endividar-o-pais-para-fazer-crescer\/\"},\"wordCount\":492,\"commentCount\":0,\"publisher\":{\"@id\":\"https:\/\/jornalfatosenoticias.com.br\/#organization\"},\"image\":{\"@id\":\"https:\/\/jornalfatosenoticias.com.br\/index.php\/2023\/12\/13\/lula-diz-que-nao-ve-problema-em-endividar-o-pais-para-fazer-crescer\/#primaryimage\"},\"thumbnailUrl\":\"https:\/\/jornalfatosenoticias.com.br\/wp-content\/uploads\/2023\/12\/lula-quebrando-o-brasil-foto-ricardo-stuckert-secom-960x540-1.jpg\",\"keywords\":[\"contas p\u00fablicas\",\"desgoverno Lula\",\"farra com o dinheiro p\u00fablico\",\"fiasco econ\u00f4mico\",\"irresponsabilidade fiscal\",\"Lei de Responsabilidade Fiscal\"],\"articleSection\":[\"Economia\"],\"inLanguage\":\"pt-BR\",\"potentialAction\":[{\"@type\":\"CommentAction\",\"name\":\"Comment\",\"target\":[\"https:\/\/jornalfatosenoticias.com.br\/index.php\/2023\/12\/13\/lula-diz-que-nao-ve-problema-em-endividar-o-pais-para-fazer-crescer\/#respond\"]}]},{\"@type\":\"WebPage\",\"@id\":\"https:\/\/jornalfatosenoticias.com.br\/index.php\/2023\/12\/13\/lula-diz-que-nao-ve-problema-em-endividar-o-pais-para-fazer-crescer\/\",\"url\":\"https:\/\/jornalfatosenoticias.com.br\/index.php\/2023\/12\/13\/lula-diz-que-nao-ve-problema-em-endividar-o-pais-para-fazer-crescer\/\",\"name\":\"Lula diz que n\u00e3o v\u00ea problema em endividar o Pa\u00eds para \u201cfazer crescer\u201d - Jornal Fatos e Not\u00edcias\",\"isPartOf\":{\"@id\":\"https:\/\/jornalfatosenoticias.com.br\/#website\"},\"primaryImageOfPage\":{\"@id\":\"https:\/\/jornalfatosenoticias.com.br\/index.php\/2023\/12\/13\/lula-diz-que-nao-ve-problema-em-endividar-o-pais-para-fazer-crescer\/#primaryimage\"},\"image\":{\"@id\":\"https:\/\/jornalfatosenoticias.com.br\/index.php\/2023\/12\/13\/lula-diz-que-nao-ve-problema-em-endividar-o-pais-para-fazer-crescer\/#primaryimage\"},\"thumbnailUrl\":\"https:\/\/jornalfatosenoticias.com.br\/wp-content\/uploads\/2023\/12\/lula-quebrando-o-brasil-foto-ricardo-stuckert-secom-960x540-1.jpg\",\"datePublished\":\"2023-12-13T17:55:54+00:00\",\"dateModified\":\"2023-12-13T17:55:55+00:00\",\"breadcrumb\":{\"@id\":\"https:\/\/jornalfatosenoticias.com.br\/index.php\/2023\/12\/13\/lula-diz-que-nao-ve-problema-em-endividar-o-pais-para-fazer-crescer\/#breadcrumb\"},\"inLanguage\":\"pt-BR\",\"potentialAction\":[{\"@type\":\"ReadAction\",\"target\":[\"https:\/\/jornalfatosenoticias.com.br\/index.php\/2023\/12\/13\/lula-diz-que-nao-ve-problema-em-endividar-o-pais-para-fazer-crescer\/\"]}]},{\"@type\":\"ImageObject\",\"inLanguage\":\"pt-BR\",\"@id\":\"https:\/\/jornalfatosenoticias.com.br\/index.php\/2023\/12\/13\/lula-diz-que-nao-ve-problema-em-endividar-o-pais-para-fazer-crescer\/#primaryimage\",\"url\":\"https:\/\/jornalfatosenoticias.com.br\/wp-content\/uploads\/2023\/12\/lula-quebrando-o-brasil-foto-ricardo-stuckert-secom-960x540-1.jpg\",\"contentUrl\":\"https:\/\/jornalfatosenoticias.com.br\/wp-content\/uploads\/2023\/12\/lula-quebrando-o-brasil-foto-ricardo-stuckert-secom-960x540-1.jpg\",\"width\":960,\"height\":540},{\"@type\":\"BreadcrumbList\",\"@id\":\"https:\/\/jornalfatosenoticias.com.br\/index.php\/2023\/12\/13\/lula-diz-que-nao-ve-problema-em-endividar-o-pais-para-fazer-crescer\/#breadcrumb\",\"itemListElement\":[{\"@type\":\"ListItem\",\"position\":1,\"name\":\"In\u00edcio\",\"item\":\"https:\/\/jornalfatosenoticias.com.br\/\"},{\"@type\":\"ListItem\",\"position\":2,\"name\":\"Lula diz que n\u00e3o v\u00ea problema em endividar o Pa\u00eds para \u201cfazer crescer\u201d\"}]},{\"@type\":\"WebSite\",\"@id\":\"https:\/\/jornalfatosenoticias.com.br\/#website\",\"url\":\"https:\/\/jornalfatosenoticias.com.br\/\",\"name\":\"Jornal Fatos e Not\u00edcias\",\"description\":\"Not\u00edcias em geral\",\"publisher\":{\"@id\":\"https:\/\/jornalfatosenoticias.com.br\/#organization\"},\"potentialAction\":[{\"@type\":\"SearchAction\",\"target\":{\"@type\":\"EntryPoint\",\"urlTemplate\":\"https:\/\/jornalfatosenoticias.com.br\/?s={search_term_string}\"},\"query-input\":{\"@type\":\"PropertyValueSpecification\",\"valueRequired\":true,\"valueName\":\"search_term_string\"}}],\"inLanguage\":\"pt-BR\"},{\"@type\":\"Organization\",\"@id\":\"https:\/\/jornalfatosenoticias.com.br\/#organization\",\"name\":\"Jornal Fatos e Not\u00edcias\",\"url\":\"https:\/\/jornalfatosenoticias.com.br\/\",\"logo\":{\"@type\":\"ImageObject\",\"inLanguage\":\"pt-BR\",\"@id\":\"https:\/\/jornalfatosenoticias.com.br\/#\/schema\/logo\/image\/\",\"url\":\"https:\/\/jornalfatosenoticias.com.br\/wp-content\/uploads\/2020\/02\/logo120.png\",\"contentUrl\":\"https:\/\/jornalfatosenoticias.com.br\/wp-content\/uploads\/2020\/02\/logo120.png\",\"width\":1227,\"height\":120,\"caption\":\"Jornal Fatos e Not\u00edcias\"},\"image\":{\"@id\":\"https:\/\/jornalfatosenoticias.com.br\/#\/schema\/logo\/image\/\"}},{\"@type\":\"Person\",\"@id\":\"https:\/\/jornalfatosenoticias.com.br\/#\/schema\/person\/d63837fa13ac8666eb9e74e0985d6f81\",\"name\":\"Luzimara Fernandes\",\"image\":{\"@type\":\"ImageObject\",\"inLanguage\":\"pt-BR\",\"@id\":\"https:\/\/jornalfatosenoticias.com.br\/#\/schema\/person\/image\/\",\"url\":\"https:\/\/jornalfatosenoticias.com.br\/wp-content\/uploads\/2025\/05\/EU_portal.jpg\",\"contentUrl\":\"https:\/\/jornalfatosenoticias.com.br\/wp-content\/uploads\/2025\/05\/EU_portal.jpg\",\"caption\":\"Luzimara Fernandes\"},\"description\":\"Jornalista MTB 2358-ES\",\"sameAs\":[\"https:\/\/jornalfatosenoticias.com.br\"],\"url\":\"https:\/\/jornalfatosenoticias.com.br\/index.php\/author\/luzimara\/\"}]}<\/script>\n<!-- \/ Yoast SEO plugin. -->","yoast_head_json":{"title":"Lula diz que n\u00e3o v\u00ea problema em endividar o Pa\u00eds para \u201cfazer crescer\u201d - Jornal Fatos e Not\u00edcias","robots":{"index":"index","follow":"follow","max-snippet":"max-snippet:-1","max-image-preview":"max-image-preview:large","max-video-preview":"max-video-preview:-1"},"canonical":"https:\/\/jornalfatosenoticias.com.br\/index.php\/2023\/12\/13\/lula-diz-que-nao-ve-problema-em-endividar-o-pais-para-fazer-crescer\/","og_locale":"pt_BR","og_type":"article","og_title":"Lula diz que n\u00e3o v\u00ea problema em endividar o Pa\u00eds para \u201cfazer crescer\u201d - Jornal Fatos e Not\u00edcias","og_description":"Lula defendeu que Pa\u00eds fa\u00e7a novas d\u00edvidas para aumentar produ\u00e7\u00e3o, com a alega\u00e7\u00e3o de retomar crescimento Por Guilherme Grandi Luiz In\u00e1cio Lula da Silva (PT) defendeu, nesta ter\u00e7a (12), que o Pa\u00eds fa\u00e7a d\u00edvida para buscar desenvolvimento. A declara\u00e7\u00e3o foi dada durante uma reuni\u00e3o do Conselh\u00e3o, o Conselho de Desenvolvimento Econ\u00f4mico e Social Sustent\u00e1vel, no [&hellip;]","og_url":"https:\/\/jornalfatosenoticias.com.br\/index.php\/2023\/12\/13\/lula-diz-que-nao-ve-problema-em-endividar-o-pais-para-fazer-crescer\/","og_site_name":"Jornal Fatos e Not\u00edcias","article_published_time":"2023-12-13T17:55:54+00:00","article_modified_time":"2023-12-13T17:55:55+00:00","og_image":[{"width":960,"height":540,"url":"https:\/\/jornalfatosenoticias.com.br\/wp-content\/uploads\/2023\/12\/lula-quebrando-o-brasil-foto-ricardo-stuckert-secom-960x540-1.jpg","type":"image\/jpeg"}],"author":"Luzimara Fernandes","twitter_card":"summary_large_image","twitter_misc":{"Escrito por":"Luzimara Fernandes","Est. tempo de leitura":"2 minutos"},"schema":{"@context":"https:\/\/schema.org","@graph":[{"@type":"Article","@id":"https:\/\/jornalfatosenoticias.com.br\/index.php\/2023\/12\/13\/lula-diz-que-nao-ve-problema-em-endividar-o-pais-para-fazer-crescer\/#article","isPartOf":{"@id":"https:\/\/jornalfatosenoticias.com.br\/index.php\/2023\/12\/13\/lula-diz-que-nao-ve-problema-em-endividar-o-pais-para-fazer-crescer\/"},"author":{"name":"Luzimara Fernandes","@id":"https:\/\/jornalfatosenoticias.com.br\/#\/schema\/person\/d63837fa13ac8666eb9e74e0985d6f81"},"headline":"Lula diz que n\u00e3o v\u00ea problema em endividar o Pa\u00eds para \u201cfazer crescer\u201d","datePublished":"2023-12-13T17:55:54+00:00","dateModified":"2023-12-13T17:55:55+00:00","mainEntityOfPage":{"@id":"https:\/\/jornalfatosenoticias.com.br\/index.php\/2023\/12\/13\/lula-diz-que-nao-ve-problema-em-endividar-o-pais-para-fazer-crescer\/"},"wordCount":492,"commentCount":0,"publisher":{"@id":"https:\/\/jornalfatosenoticias.com.br\/#organization"},"image":{"@id":"https:\/\/jornalfatosenoticias.com.br\/index.php\/2023\/12\/13\/lula-diz-que-nao-ve-problema-em-endividar-o-pais-para-fazer-crescer\/#primaryimage"},"thumbnailUrl":"https:\/\/jornalfatosenoticias.com.br\/wp-content\/uploads\/2023\/12\/lula-quebrando-o-brasil-foto-ricardo-stuckert-secom-960x540-1.jpg","keywords":["contas p\u00fablicas","desgoverno Lula","farra com o dinheiro p\u00fablico","fiasco econ\u00f4mico","irresponsabilidade fiscal","Lei de Responsabilidade Fiscal"],"articleSection":["Economia"],"inLanguage":"pt-BR","potentialAction":[{"@type":"CommentAction","name":"Comment","target":["https:\/\/jornalfatosenoticias.com.br\/index.php\/2023\/12\/13\/lula-diz-que-nao-ve-problema-em-endividar-o-pais-para-fazer-crescer\/#respond"]}]},{"@type":"WebPage","@id":"https:\/\/jornalfatosenoticias.com.br\/index.php\/2023\/12\/13\/lula-diz-que-nao-ve-problema-em-endividar-o-pais-para-fazer-crescer\/","url":"https:\/\/jornalfatosenoticias.com.br\/index.php\/2023\/12\/13\/lula-diz-que-nao-ve-problema-em-endividar-o-pais-para-fazer-crescer\/","name":"Lula diz que n\u00e3o v\u00ea problema em endividar o Pa\u00eds para \u201cfazer crescer\u201d - Jornal Fatos e Not\u00edcias","isPartOf":{"@id":"https:\/\/jornalfatosenoticias.com.br\/#website"},"primaryImageOfPage":{"@id":"https:\/\/jornalfatosenoticias.com.br\/index.php\/2023\/12\/13\/lula-diz-que-nao-ve-problema-em-endividar-o-pais-para-fazer-crescer\/#primaryimage"},"image":{"@id":"https:\/\/jornalfatosenoticias.com.br\/index.php\/2023\/12\/13\/lula-diz-que-nao-ve-problema-em-endividar-o-pais-para-fazer-crescer\/#primaryimage"},"thumbnailUrl":"https:\/\/jornalfatosenoticias.com.br\/wp-content\/uploads\/2023\/12\/lula-quebrando-o-brasil-foto-ricardo-stuckert-secom-960x540-1.jpg","datePublished":"2023-12-13T17:55:54+00:00","dateModified":"2023-12-13T17:55:55+00:00","breadcrumb":{"@id":"https:\/\/jornalfatosenoticias.com.br\/index.php\/2023\/12\/13\/lula-diz-que-nao-ve-problema-em-endividar-o-pais-para-fazer-crescer\/#breadcrumb"},"inLanguage":"pt-BR","potentialAction":[{"@type":"ReadAction","target":["https:\/\/jornalfatosenoticias.com.br\/index.php\/2023\/12\/13\/lula-diz-que-nao-ve-problema-em-endividar-o-pais-para-fazer-crescer\/"]}]},{"@type":"ImageObject","inLanguage":"pt-BR","@id":"https:\/\/jornalfatosenoticias.com.br\/index.php\/2023\/12\/13\/lula-diz-que-nao-ve-problema-em-endividar-o-pais-para-fazer-crescer\/#primaryimage","url":"https:\/\/jornalfatosenoticias.com.br\/wp-content\/uploads\/2023\/12\/lula-quebrando-o-brasil-foto-ricardo-stuckert-secom-960x540-1.jpg","contentUrl":"https:\/\/jornalfatosenoticias.com.br\/wp-content\/uploads\/2023\/12\/lula-quebrando-o-brasil-foto-ricardo-stuckert-secom-960x540-1.jpg","width":960,"height":540},{"@type":"BreadcrumbList","@id":"https:\/\/jornalfatosenoticias.com.br\/index.php\/2023\/12\/13\/lula-diz-que-nao-ve-problema-em-endividar-o-pais-para-fazer-crescer\/#breadcrumb","itemListElement":[{"@type":"ListItem","position":1,"name":"In\u00edcio","item":"https:\/\/jornalfatosenoticias.com.br\/"},{"@type":"ListItem","position":2,"name":"Lula diz que n\u00e3o v\u00ea problema em endividar o Pa\u00eds para \u201cfazer crescer\u201d"}]},{"@type":"WebSite","@id":"https:\/\/jornalfatosenoticias.com.br\/#website","url":"https:\/\/jornalfatosenoticias.com.br\/","name":"Jornal Fatos e Not\u00edcias","description":"Not\u00edcias em geral","publisher":{"@id":"https:\/\/jornalfatosenoticias.com.br\/#organization"},"potentialAction":[{"@type":"SearchAction","target":{"@type":"EntryPoint","urlTemplate":"https:\/\/jornalfatosenoticias.com.br\/?s={search_term_string}"},"query-input":{"@type":"PropertyValueSpecification","valueRequired":true,"valueName":"search_term_string"}}],"inLanguage":"pt-BR"},{"@type":"Organization","@id":"https:\/\/jornalfatosenoticias.com.br\/#organization","name":"Jornal Fatos e Not\u00edcias","url":"https:\/\/jornalfatosenoticias.com.br\/","logo":{"@type":"ImageObject","inLanguage":"pt-BR","@id":"https:\/\/jornalfatosenoticias.com.br\/#\/schema\/logo\/image\/","url":"https:\/\/jornalfatosenoticias.com.br\/wp-content\/uploads\/2020\/02\/logo120.png","contentUrl":"https:\/\/jornalfatosenoticias.com.br\/wp-content\/uploads\/2020\/02\/logo120.png","width":1227,"height":120,"caption":"Jornal Fatos e Not\u00edcias"},"image":{"@id":"https:\/\/jornalfatosenoticias.com.br\/#\/schema\/logo\/image\/"}},{"@type":"Person","@id":"https:\/\/jornalfatosenoticias.com.br\/#\/schema\/person\/d63837fa13ac8666eb9e74e0985d6f81","name":"Luzimara Fernandes","image":{"@type":"ImageObject","inLanguage":"pt-BR","@id":"https:\/\/jornalfatosenoticias.com.br\/#\/schema\/person\/image\/","url":"https:\/\/jornalfatosenoticias.com.br\/wp-content\/uploads\/2025\/05\/EU_portal.jpg","contentUrl":"https:\/\/jornalfatosenoticias.com.br\/wp-content\/uploads\/2025\/05\/EU_portal.jpg","caption":"Luzimara Fernandes"},"description":"Jornalista MTB 2358-ES","sameAs":["https:\/\/jornalfatosenoticias.com.br"],"url":"https:\/\/jornalfatosenoticias.com.br\/index.php\/author\/luzimara\/"}]}},"cc_featured_image_caption":{"caption_text":"(Foto: Ricardo Stuckert\/Secom)\r\n","source_text":"","source_url":""},"jetpack_featured_media_url":"https:\/\/jornalfatosenoticias.com.br\/wp-content\/uploads\/2023\/12\/lula-quebrando-o-brasil-foto-ricardo-stuckert-secom-960x540-1.jpg","_links":{"self":[{"href":"https:\/\/jornalfatosenoticias.com.br\/index.php\/wp-json\/wp\/v2\/posts\/47758","targetHints":{"allow":["GET"]}}],"collection":[{"href":"https:\/\/jornalfatosenoticias.com.br\/index.php\/wp-json\/wp\/v2\/posts"}],"about":[{"href":"https:\/\/jornalfatosenoticias.com.br\/index.php\/wp-json\/wp\/v2\/types\/post"}],"author":[{"embeddable":true,"href":"https:\/\/jornalfatosenoticias.com.br\/index.php\/wp-json\/wp\/v2\/users\/2"}],"replies":[{"embeddable":true,"href":"https:\/\/jornalfatosenoticias.com.br\/index.php\/wp-json\/wp\/v2\/comments?post=47758"}],"version-history":[{"count":0,"href":"https:\/\/jornalfatosenoticias.com.br\/index.php\/wp-json\/wp\/v2\/posts\/47758\/revisions"}],"wp:featuredmedia":[{"embeddable":true,"href":"https:\/\/jornalfatosenoticias.com.br\/index.php\/wp-json\/wp\/v2\/media\/47759"}],"wp:attachment":[{"href":"https:\/\/jornalfatosenoticias.com.br\/index.php\/wp-json\/wp\/v2\/media?parent=47758"}],"wp:term":[{"taxonomy":"category","embeddable":true,"href":"https:\/\/jornalfatosenoticias.com.br\/index.php\/wp-json\/wp\/v2\/categories?post=47758"},{"taxonomy":"post_tag","embeddable":true,"href":"https:\/\/jornalfatosenoticias.com.br\/index.php\/wp-json\/wp\/v2\/tags?post=47758"}],"curies":[{"name":"wp","href":"https:\/\/api.w.org\/{rel}","templated":true}]}}