{"id":47768,"date":"2023-12-15T08:24:48","date_gmt":"2023-12-15T11:24:48","guid":{"rendered":"https:\/\/jornalfatosenoticias.com.br\/?p=47768"},"modified":"2023-12-15T08:24:49","modified_gmt":"2023-12-15T11:24:49","slug":"o-direito-da-crianca-ao-medo-parte-ii","status":"publish","type":"post","link":"https:\/\/jornalfatosenoticias.com.br\/index.php\/2023\/12\/15\/o-direito-da-crianca-ao-medo-parte-ii\/","title":{"rendered":"O Direito da Crian\u00e7a ao MEDO \u2014 Parte II"},"content":{"rendered":"\n<p><em><span class=\"has-inline-color has-black-color\">A fun\u00e7\u00e3o do MEDO \u00e9 protetora, mas tamb\u00e9m n\u00e3o deve ser utilizada por adultos para mostrar Poder sobre pequenos<\/span><\/em><\/p>\n\n\n\n<div class=\"wp-block-image\"><figure class=\"aligncenter size-large\"><img loading=\"lazy\" decoding=\"async\" width=\"729\" height=\"90\" src=\"https:\/\/jornalfatosenoticias.com.br\/wp-content\/uploads\/2020\/02\/Logo_Mizu.png\" alt=\"\" class=\"wp-image-1441\" srcset=\"https:\/\/jornalfatosenoticias.com.br\/wp-content\/uploads\/2020\/02\/Logo_Mizu.png 729w, https:\/\/jornalfatosenoticias.com.br\/wp-content\/uploads\/2020\/02\/Logo_Mizu-300x37.png 300w\" sizes=\"auto, (max-width: 729px) 100vw, 729px\" \/><\/figure><\/div>\n\n\n\n<p>\u201cAna, achei o tema fant\u00e1stico, ent\u00e3o, o MEDO \u00e9 bom para a Crian\u00e7a?\u201d. Recebi essa pergunta de um grande amigo, professor de Geopol\u00edtica em Escolas Superiores. Respondi o que vou escrever aqui hoje.<br>O Medo cumpre uma fun\u00e7\u00e3o importante na Forma\u00e7\u00e3o Humana. Assim, ele n\u00e3o deve ser negado, nem t\u00e3o pouco incentivado, n\u00e3o deve ser um desafio de enfrentamento a qualquer custo, mas deve ser um instrumento de amadurecimento. \u00c9 o MEDO que det\u00e9m a chave do alerta de risco.<br>O ser humano sofreu por quatro ang\u00fastias primitivas que fizeram com que ele buscasse solu\u00e7\u00e3o descobrindo o conhecimento. A saber: a ang\u00fastia da fome, a ang\u00fastia do frio, a ang\u00fastia da dor, e a ang\u00fastia do medo. Esta \u00faltima \u00e9 a \u00fanica que n\u00e3o tem solu\u00e7\u00e3o. Quando o homem se fixou na terra e descobriu o plantio, ele solucionou a fome. Isso n\u00e3o \u00e9 uma verdade totalizada porque, at\u00e9 hoje, temos pessoas que vivem, em diferentes pontos do planeta em inseguran\u00e7a alimentar, de leve a severa. <\/p>\n\n\n\n<div class=\"wp-block-image\"><figure class=\"aligncenter size-large is-resized\"><img loading=\"lazy\" decoding=\"async\" src=\"https:\/\/jornalfatosenoticias.com.br\/wp-content\/uploads\/2020\/02\/logo-Rapuzel-1024x571.jpg\" alt=\"\" class=\"wp-image-42808\" width=\"312\" height=\"174\" srcset=\"https:\/\/jornalfatosenoticias.com.br\/wp-content\/uploads\/2020\/02\/logo-Rapuzel-1024x571.jpg 1024w, https:\/\/jornalfatosenoticias.com.br\/wp-content\/uploads\/2020\/02\/logo-Rapuzel-300x167.jpg 300w, https:\/\/jornalfatosenoticias.com.br\/wp-content\/uploads\/2020\/02\/logo-Rapuzel-768x428.jpg 768w, https:\/\/jornalfatosenoticias.com.br\/wp-content\/uploads\/2020\/02\/logo-Rapuzel-1536x856.jpg 1536w, https:\/\/jornalfatosenoticias.com.br\/wp-content\/uploads\/2020\/02\/logo-Rapuzel.jpg 1600w\" sizes=\"auto, (max-width: 312px) 100vw, 312px\" \/><\/figure><\/div>\n\n\n\n<p>Para o frio descobrimos as peles dos animais e, logo a seguir, a arte de tecer fios tirados dessas peles. Tamb\u00e9m falhamos at\u00e9 hoje ao n\u00e3o conseguirmos contemplar a todos, alguns muitos ainda morrem de frio, mas as raz\u00f5es s\u00e3o outras, ali\u00e1s, as mesmas da fome que persiste. A dor teve o benef\u00edcio da Medicina, da Pesquisa Cient\u00edfica e, hoje, at\u00e9 da Ci\u00eancia Espec\u00edfica intitulada Medicina da Dor, com t\u00e9cnicas de alta precis\u00e3o. Tamb\u00e9m n\u00e3o alcan\u00e7a todos, mas, n\u00e3o por ignor\u00e2ncia que nos subjuga ao inc\u00f4modo da dor, e, sim, por inacessibilidade para alguns muitos.<\/p>\n\n\n\n<div class=\"wp-block-image\"><figure class=\"aligncenter size-large\"><img loading=\"lazy\" decoding=\"async\" width=\"612\" height=\"408\" src=\"https:\/\/jornalfatosenoticias.com.br\/wp-content\/uploads\/2023\/12\/menino-medo_istock.jpg\" alt=\"\" class=\"wp-image-47769\" srcset=\"https:\/\/jornalfatosenoticias.com.br\/wp-content\/uploads\/2023\/12\/menino-medo_istock.jpg 612w, https:\/\/jornalfatosenoticias.com.br\/wp-content\/uploads\/2023\/12\/menino-medo_istock-300x200.jpg 300w\" sizes=\"auto, (max-width: 612px) 100vw, 612px\" \/><figcaption><em><span class=\"has-inline-color has-black-color\">O medo \u00e9 necess\u00e1rio para o desenvolvimento do sistema de alarme que anuncia o perigo (Foto: iStock)<\/span><\/em><\/figcaption><\/figure><\/div>\n\n\n\n<p>No entanto, a ang\u00fastia do MEDO n\u00f3s n\u00e3o resolvemos e n\u00e3o iremos resolver. Ele \u00e9 necess\u00e1rio para o desenvolvimento do sistema de alarme que anuncia o perigo a uma das nossas indispens\u00e1veis integridades. Aqui cabe a integridade f\u00edsica que zela pela manuten\u00e7\u00e3o da vida, a integridade psicol\u00f3gica que alimenta nossa seguran\u00e7a como pessoa, e nossa afetividade. O medo do estranho que surge em torno dos seis, oito meses, \u00e9 o primeiro treinamento que fazemos para n\u00e3o cair em m\u00e3os erradas. Crian\u00e7as que n\u00e3o experimentam esse medo se tornam presas mais vulner\u00e1veis ainda para pessoas com inten\u00e7\u00f5es perversas.<\/p>\n\n\n\n<div class=\"wp-block-image\"><figure class=\"aligncenter size-large is-resized\"><img loading=\"lazy\" decoding=\"async\" src=\"https:\/\/jornalfatosenoticias.com.br\/wp-content\/uploads\/2020\/02\/LOGO-BLU-COMERCIAL-PRETO-1024x600.jpg\" alt=\"\" class=\"wp-image-44089\" width=\"331\" height=\"193\"\/><\/figure><\/div>\n\n\n\n<p>O MEDO parece estar ligado ao sistema l\u00edmbico, sistema cerebral que \u00e9 respons\u00e1vel por avaliar e dar respostas de defesa diante de amea\u00e7as, as mais variadas. A preserva\u00e7\u00e3o da vida, em todos os seus n\u00edveis, portanto, depende do MEDO, do bom e saud\u00e1vel exerc\u00edcio do MEDO.<\/p>\n\n\n\n<div class=\"wp-block-image\"><figure class=\"aligncenter size-large is-resized\"><img loading=\"lazy\" decoding=\"async\" src=\"https:\/\/jornalfatosenoticias.com.br\/wp-content\/uploads\/2023\/09\/vetorvix1024_1.jpg\" alt=\"\" class=\"wp-image-44868\" width=\"460\" height=\"122\" srcset=\"https:\/\/jornalfatosenoticias.com.br\/wp-content\/uploads\/2023\/09\/vetorvix1024_1.jpg 1024w, https:\/\/jornalfatosenoticias.com.br\/wp-content\/uploads\/2023\/09\/vetorvix1024_1-300x80.jpg 300w, https:\/\/jornalfatosenoticias.com.br\/wp-content\/uploads\/2023\/09\/vetorvix1024_1-768x205.jpg 768w\" sizes=\"auto, (max-width: 460px) 100vw, 460px\" \/><\/figure><\/div>\n\n\n\n<p>O sentir MEDO aponta para a capacidade de dimensionar todos os est\u00edmulos e todas as experi\u00eancias que uma Crian\u00e7a tem, desde beb\u00ea. Ela vem munida de curiosidade, de impulso explorador do mundo ao seu redor. A Crian\u00e7a \u00e9, naturalmente, epistemof\u00edlica. E essa busca incessante por conhecimento, do mais b\u00e1sico ao mais abstrato depois da adolesc\u00eancia, a empurra para um explorar e descobrir sem parar.<\/p>\n\n\n\n<div class=\"wp-block-image\"><figure class=\"aligncenter size-large is-resized\"><img loading=\"lazy\" decoding=\"async\" src=\"https:\/\/jornalfatosenoticias.com.br\/wp-content\/uploads\/2023\/03\/nova-logo-Marquetti.jpg\" alt=\"\" class=\"wp-image-40207\" width=\"300\" height=\"201\" srcset=\"https:\/\/jornalfatosenoticias.com.br\/wp-content\/uploads\/2023\/03\/nova-logo-Marquetti.jpg 643w, https:\/\/jornalfatosenoticias.com.br\/wp-content\/uploads\/2023\/03\/nova-logo-Marquetti-300x202.jpg 300w\" sizes=\"auto, (max-width: 300px) 100vw, 300px\" \/><\/figure><\/div>\n\n\n\n<p>\u00c0 medida que a Crian\u00e7a vai crescendo e se habilitando em novas compet\u00eancias cognitivas, motoras, lingu\u00edsticas, o MEDO vai deixando de ser concreto, tang\u00edvel, e vai se fixando em est\u00edmulos, ainda concretos, mas menos perceptivos. Uma Crian\u00e7a que \u00e9 v\u00edtima de viol\u00eancia f\u00edsica desenvolve um sistema de alerta pelo Medo sentido, nem sempre associado \u00e0 figura daquele que o espanca. Para se defender e cumprir o pacto do sil\u00eancio exigido pelo agressor, a Crian\u00e7a desvia da figura principal e toma como objeto fobog\u00eanico um detalhe do ambiente, um m\u00f3vel do ambiente, a luminosidade, um som, ou ru\u00eddo espec\u00edfico. <\/p>\n\n\n\n<div class=\"wp-block-image\"><figure class=\"aligncenter size-large\"><img loading=\"lazy\" decoding=\"async\" width=\"564\" height=\"423\" src=\"https:\/\/jornalfatosenoticias.com.br\/wp-content\/uploads\/2023\/12\/medo-do-escuro_pinterest.jpg\" alt=\"\" class=\"wp-image-47770\" srcset=\"https:\/\/jornalfatosenoticias.com.br\/wp-content\/uploads\/2023\/12\/medo-do-escuro_pinterest.jpg 564w, https:\/\/jornalfatosenoticias.com.br\/wp-content\/uploads\/2023\/12\/medo-do-escuro_pinterest-300x225.jpg 300w\" sizes=\"auto, (max-width: 564px) 100vw, 564px\" \/><figcaption><em><span class=\"has-inline-color has-black-color\">O sentir medo aponta para a capacidade de dimensionar todos os est\u00edmulos e todas as experi\u00eancias que uma Crian\u00e7a tem, desde beb\u00ea (Foto: Pinterest)<\/span><\/em><\/figcaption><\/figure><\/div>\n\n\n\n<p>Agressores de Crian\u00e7a muitas vezes querem manter a aparente impress\u00e3o de que s\u00e3o pessoas boas, \u201cacima de qualquer suspeita\u201d, empurrando, assim a sua v\u00edtima para o conluio com ele, fazendo com que ningu\u00e9m desconfie de seu verdadeiro perfil de viol\u00eancia. E ter MEDO de seu agressor fica proibido por ele.<br>For\u00e7ada a n\u00e3o expressar o MEDO daquele agressor, esse MEDO precisa tomar outros caminhos, se deslocar para outros espa\u00e7os ou figuras que s\u00e3o dif\u00edceis de detectar. Pode tamb\u00e9m acontecer que a Crian\u00e7a tente se autoconvencer de que n\u00e3o tem MEDO de nada, j\u00e1 que n\u00e3o pode sentir MEDO daquele que a agride. Essa Crian\u00e7a passa a ser forte candidata \u00e0 Crian\u00e7a de alto risco. S\u00e3o aqueles pequenos que est\u00e3o sempre machucados, fraturados, porque pulam de alturas que est\u00e3o acima do que poderiam pular, se jogam em cursos d\u2019\u00e1gua sem saber se a altura permite, se aproximam de adultos estranhos, ou seja, s\u00e3o Crian\u00e7as que n\u00e3o medem os perigos, pois esvaziam o pote de MEDO saud\u00e1vel, enquanto um organizador do autossistema de prote\u00e7\u00e3o.<\/p>\n\n\n\n<div class=\"wp-block-image\"><figure class=\"aligncenter size-large is-resized\"><img loading=\"lazy\" decoding=\"async\" src=\"https:\/\/jornalfatosenoticias.com.br\/wp-content\/uploads\/2022\/10\/Arte-jornal-Zucchi-600x600_Prancheta-1-1024x1024.jpg\" alt=\"\" class=\"wp-image-34782\" width=\"313\" height=\"313\" srcset=\"https:\/\/jornalfatosenoticias.com.br\/wp-content\/uploads\/2022\/10\/Arte-jornal-Zucchi-600x600_Prancheta-1-1024x1024.jpg 1024w, https:\/\/jornalfatosenoticias.com.br\/wp-content\/uploads\/2022\/10\/Arte-jornal-Zucchi-600x600_Prancheta-1-300x300.jpg 300w, https:\/\/jornalfatosenoticias.com.br\/wp-content\/uploads\/2022\/10\/Arte-jornal-Zucchi-600x600_Prancheta-1-150x150.jpg 150w, https:\/\/jornalfatosenoticias.com.br\/wp-content\/uploads\/2022\/10\/Arte-jornal-Zucchi-600x600_Prancheta-1-768x768.jpg 768w, https:\/\/jornalfatosenoticias.com.br\/wp-content\/uploads\/2022\/10\/Arte-jornal-Zucchi-600x600_Prancheta-1.jpg 1250w\" sizes=\"auto, (max-width: 313px) 100vw, 313px\" \/><\/figure><\/div>\n\n\n\n<p>O MEDO do adulto que n\u00e3o viveu, saudavelmente, essa fun\u00e7\u00e3o protetora, pode aparecer exatamente pegando uma carona no MEDO da Crian\u00e7a. Desfazer da emo\u00e7\u00e3o de apreens\u00e3o e temor que a Crian\u00e7a est\u00e1 sentindo \u00e9 uma das estrat\u00e9gias dos \u201cgrandes\u201d camuflarem seu pr\u00f3prio MEDO. N\u00e3o reconhecer a vulnerabilidade que precisa de apoio e n\u00e3o de deboche ou nega\u00e7\u00e3o, \u00e9 contribuir para um adoecimento que poderia ter deixado de existir. A fun\u00e7\u00e3o do MEDO \u00e9 protetora, mas tamb\u00e9m n\u00e3o deve ser utilizada por adultos para mostrar Poder sobre pequenos. Esse \u00e9 um apelo sempre abra\u00e7ado pelos fracos, tripudiar em cima de um vulner\u00e1vel.<\/p>\n","protected":false},"excerpt":{"rendered":"<p>A fun\u00e7\u00e3o do MEDO \u00e9 protetora, mas tamb\u00e9m n\u00e3o deve ser utilizada por adultos para mostrar Poder sobre pequenos \u201cAna, achei o tema fant\u00e1stico, ent\u00e3o, o MEDO \u00e9 bom para a Crian\u00e7a?\u201d. Recebi essa pergunta de um grande amigo, professor de Geopol\u00edtica em Escolas Superiores. Respondi o que vou escrever aqui hoje.O Medo cumpre uma [&hellip;]<\/p>\n","protected":false},"author":8,"featured_media":47771,"comment_status":"open","ping_status":"open","sticky":false,"template":"","format":"standard","meta":{"footnotes":""},"categories":[2522],"tags":[3807,1317,1042,22337,1557],"class_list":["post-47768","post","type-post","status-publish","format-standard","has-post-thumbnail","hentry","category-comportamento","tag-angustia","tag-crianca","tag-desenvolvimento-infantil","tag-formacao-humana","tag-medo"],"yoast_head":"<!-- This site is optimized with the Yoast SEO plugin v26.5 - https:\/\/yoast.com\/wordpress\/plugins\/seo\/ -->\n<title>O Direito da Crian\u00e7a ao MEDO \u2014 Parte II - Jornal Fatos e Not\u00edcias<\/title>\n<meta name=\"robots\" content=\"index, follow, max-snippet:-1, max-image-preview:large, max-video-preview:-1\" \/>\n<link rel=\"canonical\" href=\"https:\/\/jornalfatosenoticias.com.br\/index.php\/2023\/12\/15\/o-direito-da-crianca-ao-medo-parte-ii\/\" \/>\n<meta property=\"og:locale\" content=\"pt_BR\" \/>\n<meta property=\"og:type\" content=\"article\" \/>\n<meta property=\"og:title\" content=\"O Direito da Crian\u00e7a ao MEDO \u2014 Parte II - Jornal Fatos e Not\u00edcias\" \/>\n<meta property=\"og:description\" content=\"A fun\u00e7\u00e3o do MEDO \u00e9 protetora, mas tamb\u00e9m n\u00e3o deve ser utilizada por adultos para mostrar Poder sobre pequenos \u201cAna, achei o tema fant\u00e1stico, ent\u00e3o, o MEDO \u00e9 bom para a Crian\u00e7a?\u201d. Recebi essa pergunta de um grande amigo, professor de Geopol\u00edtica em Escolas Superiores. Respondi o que vou escrever aqui hoje.O Medo cumpre uma [&hellip;]\" \/>\n<meta property=\"og:url\" content=\"https:\/\/jornalfatosenoticias.com.br\/index.php\/2023\/12\/15\/o-direito-da-crianca-ao-medo-parte-ii\/\" \/>\n<meta property=\"og:site_name\" content=\"Jornal Fatos e Not\u00edcias\" \/>\n<meta property=\"article:published_time\" content=\"2023-12-15T11:24:48+00:00\" \/>\n<meta property=\"article:modified_time\" content=\"2023-12-15T11:24:49+00:00\" \/>\n<meta property=\"og:image\" content=\"https:\/\/jornalfatosenoticias.com.br\/wp-content\/uploads\/2023\/12\/istock_crianca-medo-mae.jpg\" \/>\n\t<meta property=\"og:image:width\" content=\"612\" \/>\n\t<meta property=\"og:image:height\" content=\"363\" \/>\n\t<meta property=\"og:image:type\" content=\"image\/jpeg\" \/>\n<meta name=\"author\" content=\"Ana Maria Iencarelli\" \/>\n<meta name=\"twitter:card\" content=\"summary_large_image\" \/>\n<meta name=\"twitter:label1\" content=\"Escrito por\" \/>\n\t<meta name=\"twitter:data1\" content=\"Ana Maria Iencarelli\" \/>\n\t<meta name=\"twitter:label2\" content=\"Est. tempo de leitura\" \/>\n\t<meta name=\"twitter:data2\" content=\"5 minutos\" \/>\n<script type=\"application\/ld+json\" class=\"yoast-schema-graph\">{\"@context\":\"https:\/\/schema.org\",\"@graph\":[{\"@type\":\"Article\",\"@id\":\"https:\/\/jornalfatosenoticias.com.br\/index.php\/2023\/12\/15\/o-direito-da-crianca-ao-medo-parte-ii\/#article\",\"isPartOf\":{\"@id\":\"https:\/\/jornalfatosenoticias.com.br\/index.php\/2023\/12\/15\/o-direito-da-crianca-ao-medo-parte-ii\/\"},\"author\":{\"name\":\"Ana Maria Iencarelli\",\"@id\":\"https:\/\/jornalfatosenoticias.com.br\/#\/schema\/person\/c33fcf5fb02d729d3fec92c6737a22d1\"},\"headline\":\"O Direito da Crian\u00e7a ao MEDO \u2014 Parte II\",\"datePublished\":\"2023-12-15T11:24:48+00:00\",\"dateModified\":\"2023-12-15T11:24:49+00:00\",\"mainEntityOfPage\":{\"@id\":\"https:\/\/jornalfatosenoticias.com.br\/index.php\/2023\/12\/15\/o-direito-da-crianca-ao-medo-parte-ii\/\"},\"wordCount\":1021,\"commentCount\":0,\"publisher\":{\"@id\":\"https:\/\/jornalfatosenoticias.com.br\/#organization\"},\"image\":{\"@id\":\"https:\/\/jornalfatosenoticias.com.br\/index.php\/2023\/12\/15\/o-direito-da-crianca-ao-medo-parte-ii\/#primaryimage\"},\"thumbnailUrl\":\"https:\/\/jornalfatosenoticias.com.br\/wp-content\/uploads\/2023\/12\/istock_crianca-medo-mae.jpg\",\"keywords\":[\"ang\u00fastia\",\"crian\u00e7a\",\"desenvolvimento infantil\",\"forma\u00e7\u00e3o humana\",\"medo\"],\"articleSection\":[\"Comportamento &amp; Equil\u00edbrio\"],\"inLanguage\":\"pt-BR\",\"potentialAction\":[{\"@type\":\"CommentAction\",\"name\":\"Comment\",\"target\":[\"https:\/\/jornalfatosenoticias.com.br\/index.php\/2023\/12\/15\/o-direito-da-crianca-ao-medo-parte-ii\/#respond\"]}]},{\"@type\":\"WebPage\",\"@id\":\"https:\/\/jornalfatosenoticias.com.br\/index.php\/2023\/12\/15\/o-direito-da-crianca-ao-medo-parte-ii\/\",\"url\":\"https:\/\/jornalfatosenoticias.com.br\/index.php\/2023\/12\/15\/o-direito-da-crianca-ao-medo-parte-ii\/\",\"name\":\"O Direito da Crian\u00e7a ao MEDO \u2014 Parte II - Jornal Fatos e Not\u00edcias\",\"isPartOf\":{\"@id\":\"https:\/\/jornalfatosenoticias.com.br\/#website\"},\"primaryImageOfPage\":{\"@id\":\"https:\/\/jornalfatosenoticias.com.br\/index.php\/2023\/12\/15\/o-direito-da-crianca-ao-medo-parte-ii\/#primaryimage\"},\"image\":{\"@id\":\"https:\/\/jornalfatosenoticias.com.br\/index.php\/2023\/12\/15\/o-direito-da-crianca-ao-medo-parte-ii\/#primaryimage\"},\"thumbnailUrl\":\"https:\/\/jornalfatosenoticias.com.br\/wp-content\/uploads\/2023\/12\/istock_crianca-medo-mae.jpg\",\"datePublished\":\"2023-12-15T11:24:48+00:00\",\"dateModified\":\"2023-12-15T11:24:49+00:00\",\"breadcrumb\":{\"@id\":\"https:\/\/jornalfatosenoticias.com.br\/index.php\/2023\/12\/15\/o-direito-da-crianca-ao-medo-parte-ii\/#breadcrumb\"},\"inLanguage\":\"pt-BR\",\"potentialAction\":[{\"@type\":\"ReadAction\",\"target\":[\"https:\/\/jornalfatosenoticias.com.br\/index.php\/2023\/12\/15\/o-direito-da-crianca-ao-medo-parte-ii\/\"]}]},{\"@type\":\"ImageObject\",\"inLanguage\":\"pt-BR\",\"@id\":\"https:\/\/jornalfatosenoticias.com.br\/index.php\/2023\/12\/15\/o-direito-da-crianca-ao-medo-parte-ii\/#primaryimage\",\"url\":\"https:\/\/jornalfatosenoticias.com.br\/wp-content\/uploads\/2023\/12\/istock_crianca-medo-mae.jpg\",\"contentUrl\":\"https:\/\/jornalfatosenoticias.com.br\/wp-content\/uploads\/2023\/12\/istock_crianca-medo-mae.jpg\",\"width\":612,\"height\":363,\"caption\":\"Caucasian little girl of 2 years with scared face holding hand of mother in summertime outdoors\"},{\"@type\":\"BreadcrumbList\",\"@id\":\"https:\/\/jornalfatosenoticias.com.br\/index.php\/2023\/12\/15\/o-direito-da-crianca-ao-medo-parte-ii\/#breadcrumb\",\"itemListElement\":[{\"@type\":\"ListItem\",\"position\":1,\"name\":\"In\u00edcio\",\"item\":\"https:\/\/jornalfatosenoticias.com.br\/\"},{\"@type\":\"ListItem\",\"position\":2,\"name\":\"O Direito da Crian\u00e7a ao MEDO \u2014 Parte II\"}]},{\"@type\":\"WebSite\",\"@id\":\"https:\/\/jornalfatosenoticias.com.br\/#website\",\"url\":\"https:\/\/jornalfatosenoticias.com.br\/\",\"name\":\"Jornal Fatos e Not\u00edcias\",\"description\":\"Not\u00edcias em geral\",\"publisher\":{\"@id\":\"https:\/\/jornalfatosenoticias.com.br\/#organization\"},\"potentialAction\":[{\"@type\":\"SearchAction\",\"target\":{\"@type\":\"EntryPoint\",\"urlTemplate\":\"https:\/\/jornalfatosenoticias.com.br\/?s={search_term_string}\"},\"query-input\":{\"@type\":\"PropertyValueSpecification\",\"valueRequired\":true,\"valueName\":\"search_term_string\"}}],\"inLanguage\":\"pt-BR\"},{\"@type\":\"Organization\",\"@id\":\"https:\/\/jornalfatosenoticias.com.br\/#organization\",\"name\":\"Jornal Fatos e Not\u00edcias\",\"url\":\"https:\/\/jornalfatosenoticias.com.br\/\",\"logo\":{\"@type\":\"ImageObject\",\"inLanguage\":\"pt-BR\",\"@id\":\"https:\/\/jornalfatosenoticias.com.br\/#\/schema\/logo\/image\/\",\"url\":\"https:\/\/jornalfatosenoticias.com.br\/wp-content\/uploads\/2020\/02\/logo120.png\",\"contentUrl\":\"https:\/\/jornalfatosenoticias.com.br\/wp-content\/uploads\/2020\/02\/logo120.png\",\"width\":1227,\"height\":120,\"caption\":\"Jornal Fatos e Not\u00edcias\"},\"image\":{\"@id\":\"https:\/\/jornalfatosenoticias.com.br\/#\/schema\/logo\/image\/\"}},{\"@type\":\"Person\",\"@id\":\"https:\/\/jornalfatosenoticias.com.br\/#\/schema\/person\/c33fcf5fb02d729d3fec92c6737a22d1\",\"name\":\"Ana Maria Iencarelli\",\"image\":{\"@type\":\"ImageObject\",\"inLanguage\":\"pt-BR\",\"@id\":\"https:\/\/jornalfatosenoticias.com.br\/#\/schema\/person\/image\/\",\"url\":\"https:\/\/jornalfatosenoticias.com.br\/wp-content\/uploads\/2020\/02\/Ana-Maria-Iencarelli-1-150x150.jpg\",\"contentUrl\":\"https:\/\/jornalfatosenoticias.com.br\/wp-content\/uploads\/2020\/02\/Ana-Maria-Iencarelli-1-150x150.jpg\",\"caption\":\"Ana Maria Iencarelli\"},\"description\":\"Psicanalista Cl\u00ednica, especializada no atendimento a Crian\u00e7as e Adolescentes. Presidente da ONG Vozes de Anjos.\",\"url\":\"https:\/\/jornalfatosenoticias.com.br\/index.php\/author\/anamaria\/\"}]}<\/script>\n<!-- \/ Yoast SEO plugin. -->","yoast_head_json":{"title":"O Direito da Crian\u00e7a ao MEDO \u2014 Parte II - Jornal Fatos e Not\u00edcias","robots":{"index":"index","follow":"follow","max-snippet":"max-snippet:-1","max-image-preview":"max-image-preview:large","max-video-preview":"max-video-preview:-1"},"canonical":"https:\/\/jornalfatosenoticias.com.br\/index.php\/2023\/12\/15\/o-direito-da-crianca-ao-medo-parte-ii\/","og_locale":"pt_BR","og_type":"article","og_title":"O Direito da Crian\u00e7a ao MEDO \u2014 Parte II - Jornal Fatos e Not\u00edcias","og_description":"A fun\u00e7\u00e3o do MEDO \u00e9 protetora, mas tamb\u00e9m n\u00e3o deve ser utilizada por adultos para mostrar Poder sobre pequenos \u201cAna, achei o tema fant\u00e1stico, ent\u00e3o, o MEDO \u00e9 bom para a Crian\u00e7a?\u201d. Recebi essa pergunta de um grande amigo, professor de Geopol\u00edtica em Escolas Superiores. Respondi o que vou escrever aqui hoje.O Medo cumpre uma [&hellip;]","og_url":"https:\/\/jornalfatosenoticias.com.br\/index.php\/2023\/12\/15\/o-direito-da-crianca-ao-medo-parte-ii\/","og_site_name":"Jornal Fatos e Not\u00edcias","article_published_time":"2023-12-15T11:24:48+00:00","article_modified_time":"2023-12-15T11:24:49+00:00","og_image":[{"width":612,"height":363,"url":"https:\/\/jornalfatosenoticias.com.br\/wp-content\/uploads\/2023\/12\/istock_crianca-medo-mae.jpg","type":"image\/jpeg"}],"author":"Ana Maria Iencarelli","twitter_card":"summary_large_image","twitter_misc":{"Escrito por":"Ana Maria Iencarelli","Est. tempo de leitura":"5 minutos"},"schema":{"@context":"https:\/\/schema.org","@graph":[{"@type":"Article","@id":"https:\/\/jornalfatosenoticias.com.br\/index.php\/2023\/12\/15\/o-direito-da-crianca-ao-medo-parte-ii\/#article","isPartOf":{"@id":"https:\/\/jornalfatosenoticias.com.br\/index.php\/2023\/12\/15\/o-direito-da-crianca-ao-medo-parte-ii\/"},"author":{"name":"Ana Maria Iencarelli","@id":"https:\/\/jornalfatosenoticias.com.br\/#\/schema\/person\/c33fcf5fb02d729d3fec92c6737a22d1"},"headline":"O Direito da Crian\u00e7a ao MEDO \u2014 Parte II","datePublished":"2023-12-15T11:24:48+00:00","dateModified":"2023-12-15T11:24:49+00:00","mainEntityOfPage":{"@id":"https:\/\/jornalfatosenoticias.com.br\/index.php\/2023\/12\/15\/o-direito-da-crianca-ao-medo-parte-ii\/"},"wordCount":1021,"commentCount":0,"publisher":{"@id":"https:\/\/jornalfatosenoticias.com.br\/#organization"},"image":{"@id":"https:\/\/jornalfatosenoticias.com.br\/index.php\/2023\/12\/15\/o-direito-da-crianca-ao-medo-parte-ii\/#primaryimage"},"thumbnailUrl":"https:\/\/jornalfatosenoticias.com.br\/wp-content\/uploads\/2023\/12\/istock_crianca-medo-mae.jpg","keywords":["ang\u00fastia","crian\u00e7a","desenvolvimento infantil","forma\u00e7\u00e3o humana","medo"],"articleSection":["Comportamento &amp; Equil\u00edbrio"],"inLanguage":"pt-BR","potentialAction":[{"@type":"CommentAction","name":"Comment","target":["https:\/\/jornalfatosenoticias.com.br\/index.php\/2023\/12\/15\/o-direito-da-crianca-ao-medo-parte-ii\/#respond"]}]},{"@type":"WebPage","@id":"https:\/\/jornalfatosenoticias.com.br\/index.php\/2023\/12\/15\/o-direito-da-crianca-ao-medo-parte-ii\/","url":"https:\/\/jornalfatosenoticias.com.br\/index.php\/2023\/12\/15\/o-direito-da-crianca-ao-medo-parte-ii\/","name":"O Direito da Crian\u00e7a ao MEDO \u2014 Parte II - Jornal Fatos e Not\u00edcias","isPartOf":{"@id":"https:\/\/jornalfatosenoticias.com.br\/#website"},"primaryImageOfPage":{"@id":"https:\/\/jornalfatosenoticias.com.br\/index.php\/2023\/12\/15\/o-direito-da-crianca-ao-medo-parte-ii\/#primaryimage"},"image":{"@id":"https:\/\/jornalfatosenoticias.com.br\/index.php\/2023\/12\/15\/o-direito-da-crianca-ao-medo-parte-ii\/#primaryimage"},"thumbnailUrl":"https:\/\/jornalfatosenoticias.com.br\/wp-content\/uploads\/2023\/12\/istock_crianca-medo-mae.jpg","datePublished":"2023-12-15T11:24:48+00:00","dateModified":"2023-12-15T11:24:49+00:00","breadcrumb":{"@id":"https:\/\/jornalfatosenoticias.com.br\/index.php\/2023\/12\/15\/o-direito-da-crianca-ao-medo-parte-ii\/#breadcrumb"},"inLanguage":"pt-BR","potentialAction":[{"@type":"ReadAction","target":["https:\/\/jornalfatosenoticias.com.br\/index.php\/2023\/12\/15\/o-direito-da-crianca-ao-medo-parte-ii\/"]}]},{"@type":"ImageObject","inLanguage":"pt-BR","@id":"https:\/\/jornalfatosenoticias.com.br\/index.php\/2023\/12\/15\/o-direito-da-crianca-ao-medo-parte-ii\/#primaryimage","url":"https:\/\/jornalfatosenoticias.com.br\/wp-content\/uploads\/2023\/12\/istock_crianca-medo-mae.jpg","contentUrl":"https:\/\/jornalfatosenoticias.com.br\/wp-content\/uploads\/2023\/12\/istock_crianca-medo-mae.jpg","width":612,"height":363,"caption":"Caucasian little girl of 2 years with scared face holding hand of mother in summertime outdoors"},{"@type":"BreadcrumbList","@id":"https:\/\/jornalfatosenoticias.com.br\/index.php\/2023\/12\/15\/o-direito-da-crianca-ao-medo-parte-ii\/#breadcrumb","itemListElement":[{"@type":"ListItem","position":1,"name":"In\u00edcio","item":"https:\/\/jornalfatosenoticias.com.br\/"},{"@type":"ListItem","position":2,"name":"O Direito da Crian\u00e7a ao MEDO \u2014 Parte II"}]},{"@type":"WebSite","@id":"https:\/\/jornalfatosenoticias.com.br\/#website","url":"https:\/\/jornalfatosenoticias.com.br\/","name":"Jornal Fatos e Not\u00edcias","description":"Not\u00edcias em geral","publisher":{"@id":"https:\/\/jornalfatosenoticias.com.br\/#organization"},"potentialAction":[{"@type":"SearchAction","target":{"@type":"EntryPoint","urlTemplate":"https:\/\/jornalfatosenoticias.com.br\/?s={search_term_string}"},"query-input":{"@type":"PropertyValueSpecification","valueRequired":true,"valueName":"search_term_string"}}],"inLanguage":"pt-BR"},{"@type":"Organization","@id":"https:\/\/jornalfatosenoticias.com.br\/#organization","name":"Jornal Fatos e Not\u00edcias","url":"https:\/\/jornalfatosenoticias.com.br\/","logo":{"@type":"ImageObject","inLanguage":"pt-BR","@id":"https:\/\/jornalfatosenoticias.com.br\/#\/schema\/logo\/image\/","url":"https:\/\/jornalfatosenoticias.com.br\/wp-content\/uploads\/2020\/02\/logo120.png","contentUrl":"https:\/\/jornalfatosenoticias.com.br\/wp-content\/uploads\/2020\/02\/logo120.png","width":1227,"height":120,"caption":"Jornal Fatos e Not\u00edcias"},"image":{"@id":"https:\/\/jornalfatosenoticias.com.br\/#\/schema\/logo\/image\/"}},{"@type":"Person","@id":"https:\/\/jornalfatosenoticias.com.br\/#\/schema\/person\/c33fcf5fb02d729d3fec92c6737a22d1","name":"Ana Maria Iencarelli","image":{"@type":"ImageObject","inLanguage":"pt-BR","@id":"https:\/\/jornalfatosenoticias.com.br\/#\/schema\/person\/image\/","url":"https:\/\/jornalfatosenoticias.com.br\/wp-content\/uploads\/2020\/02\/Ana-Maria-Iencarelli-1-150x150.jpg","contentUrl":"https:\/\/jornalfatosenoticias.com.br\/wp-content\/uploads\/2020\/02\/Ana-Maria-Iencarelli-1-150x150.jpg","caption":"Ana Maria Iencarelli"},"description":"Psicanalista Cl\u00ednica, especializada no atendimento a Crian\u00e7as e Adolescentes. Presidente da ONG Vozes de Anjos.","url":"https:\/\/jornalfatosenoticias.com.br\/index.php\/author\/anamaria\/"}]}},"cc_featured_image_caption":{"caption_text":"(Foto: iStock) \r\n","source_text":"","source_url":""},"jetpack_featured_media_url":"https:\/\/jornalfatosenoticias.com.br\/wp-content\/uploads\/2023\/12\/istock_crianca-medo-mae.jpg","_links":{"self":[{"href":"https:\/\/jornalfatosenoticias.com.br\/index.php\/wp-json\/wp\/v2\/posts\/47768","targetHints":{"allow":["GET"]}}],"collection":[{"href":"https:\/\/jornalfatosenoticias.com.br\/index.php\/wp-json\/wp\/v2\/posts"}],"about":[{"href":"https:\/\/jornalfatosenoticias.com.br\/index.php\/wp-json\/wp\/v2\/types\/post"}],"author":[{"embeddable":true,"href":"https:\/\/jornalfatosenoticias.com.br\/index.php\/wp-json\/wp\/v2\/users\/8"}],"replies":[{"embeddable":true,"href":"https:\/\/jornalfatosenoticias.com.br\/index.php\/wp-json\/wp\/v2\/comments?post=47768"}],"version-history":[{"count":0,"href":"https:\/\/jornalfatosenoticias.com.br\/index.php\/wp-json\/wp\/v2\/posts\/47768\/revisions"}],"wp:featuredmedia":[{"embeddable":true,"href":"https:\/\/jornalfatosenoticias.com.br\/index.php\/wp-json\/wp\/v2\/media\/47771"}],"wp:attachment":[{"href":"https:\/\/jornalfatosenoticias.com.br\/index.php\/wp-json\/wp\/v2\/media?parent=47768"}],"wp:term":[{"taxonomy":"category","embeddable":true,"href":"https:\/\/jornalfatosenoticias.com.br\/index.php\/wp-json\/wp\/v2\/categories?post=47768"},{"taxonomy":"post_tag","embeddable":true,"href":"https:\/\/jornalfatosenoticias.com.br\/index.php\/wp-json\/wp\/v2\/tags?post=47768"}],"curies":[{"name":"wp","href":"https:\/\/api.w.org\/{rel}","templated":true}]}}