{"id":47813,"date":"2023-12-15T21:07:38","date_gmt":"2023-12-16T00:07:38","guid":{"rendered":"https:\/\/jornalfatosenoticias.com.br\/?p=47813"},"modified":"2023-12-15T21:24:40","modified_gmt":"2023-12-16T00:24:40","slug":"fatos-noticias-e-alvo-de-fake-news-na-camara-de-fundao","status":"publish","type":"post","link":"https:\/\/jornalfatosenoticias.com.br\/index.php\/2023\/12\/15\/fatos-noticias-e-alvo-de-fake-news-na-camara-de-fundao\/","title":{"rendered":"Fatos &#038; Not\u00edcias \u00e9 alvo de fake news na C\u00e2mara de Fund\u00e3o"},"content":{"rendered":"\n<p>Nesta sexta-feira (15) ocorreu a \u00faltima sess\u00e3o da C\u00e2mara de Vereadores do munic\u00edpio de Fund\u00e3o e, lamentavelmente, o jornal <strong>Fatos &amp; Not\u00edcias <\/strong>foi alvo de ataques improcedentes por parte de um vereador que comp\u00f5e a ala esquerda da pol\u00edtica do munic\u00edpio.<br>Talvez por falta de conhecimento, de capacidade ou desinforma\u00e7\u00e3o mesmo, o referido vereador n\u00e3o saiba o significado da palavra democracia. Apesar do per\u00edodo tenebroso pelo qual passa a na\u00e7\u00e3o brasileira, ainda nos resta o direito \u00e0 opini\u00e3o contr\u00e1ria. O debate, dentro das quatro linhas da Constitui\u00e7\u00e3o, \u00e9 saud\u00e1vel.<br>Com mais de 480 artigos escritos, \u00e0s vezes sugerindo, outras vezes denunciando mesmo, como foi o caso da mat\u00e9ria intitulada \u201cFarinha pouca, meu pir\u00e3o primeiro\u201d, publicada nesta semana, o jornalista Haroldo Filho, DRT n\u00ba 003818\/ES, com chancela da jornalista e editora-chefe, Luzimara Fernandes, RG. MTB 2358\/ES, se manter\u00e1 firme, isento e com o compromisso de se manter fiel \u00e0 realidade dos fatos.<br>Por direito garantido constitucionalmente, manteremos o sigilo da fonte, mas, garantimos, \u00e9 fidedigna e procede mesmo que h\u00e1 uma press\u00e3o de um grupo por aumento de sal\u00e1rio. Dito isto, vamos aos fatos.<br>Nos dias 11 e 12 deste m\u00eas, recebemos no e-mail de den\u00fancias da reda\u00e7\u00e3o do jornal, que um grupo de vereadores estava pressionando o presidente da C\u00e2mara, Paulinho Cole, a colocar em pauta o requerimento de aumento de sal\u00e1rio dos pr\u00f3prios vereadores. Cientes da import\u00e2ncia do tema enviamos, via WhatsApp, mensagens solicitando um parecer dos edis. Na mensagem foi informado o tempo de resposta para a publica\u00e7\u00e3o da mat\u00e9ria.<br>Na ocasi\u00e3o, apenas quatro vereadores responderam \u00e0 mensagem. Infelizmente, um dos que n\u00e3o se manifestaram se sentiu ofendido e usou a tribuna da C\u00e2mara para atacar a idoneidade deste ve\u00edculo de comunica\u00e7\u00e3o.<br>A equipe do <strong>Fatos &amp; Not\u00edcias <\/strong>reitera o seu compromisso social e n\u00e3o tira uma v\u00edrgula do texto veiculado. Se faltou transpar\u00eancia foi do vereador que, como agente p\u00fablico, tem a obriga\u00e7\u00e3o e o dever de manter seus dados, incluindo telef\u00f4nico, atualizados e dispon\u00edveis para a popula\u00e7\u00e3o. Por algum equ\u00edvoco, o n\u00famero que consta no mailing do jornal est\u00e1 desatualizado ou n\u00e3o pertence mais ao referido. Temos todas as provas de que a pauta foi enviada para os respectivos n\u00fameros que temos em nosso arquivo. E, ao contr\u00e1rio do ofendido, todos os contatos do jornal est\u00e3o dispon\u00edveis em redes sociais e site, pelos quais o vereador poderia ter nos contatado, mas preferiu lan\u00e7ar ofensas e despaut\u00e9rios contra quem n\u00e3o estava presente para se defender.<br>O nosso of\u00edcio chama-se Comunica\u00e7\u00e3o Social, ou seja, o nosso compromisso \u00e9 com a sociedade, e o \u00e1rduo trabalho jornal\u00edstico de levar a verdade aos nossos milhares de leitores sempre ser\u00e1 prioridade. Lutamos incansavelmente para dar voz aos que n\u00e3o a t\u00eam e sempre nos manteremos s\u00e9rios e cr\u00edticos, ao lado da verdade. Lamentamos se, por ventura, em determinados momentos, contrariamos interesses de uns e de outros, mas que jamais nos calaremos diante de qualquer injusti\u00e7a.<br>O Pa\u00eds atravessa momento sombrio, onde a censura tem alcan\u00e7ado n\u00edveis estratosf\u00e9ricos, mas, n\u00f3s, do <strong>Fatos &amp; Not\u00edcias,<\/strong> n\u00e3o nos calaremos. Seremos a voz oprimida do povo. Reiteramos que a classe pol\u00edtica j\u00e1 \u00e9 muito bem-remunerada em detrimento do sofrimento do povo.<br>Com este texto, encerramos o assunto. Insistimos que tudo o que est\u00e1 na mat\u00e9ria tem proced\u00eancia e \u00e9 verdadeiro. Isso \u00e9 o que nos importa, a nossa consci\u00eancia da verdade e da apura\u00e7\u00e3o dos fatos.<\/p>\n","protected":false},"excerpt":{"rendered":"<p>Nesta sexta-feira (15) ocorreu a \u00faltima sess\u00e3o da C\u00e2mara de Vereadores do munic\u00edpio de Fund\u00e3o e, lamentavelmente, o jornal Fatos &amp; Not\u00edcias foi alvo de ataques improcedentes por parte de um vereador que comp\u00f5e a ala esquerda da pol\u00edtica do munic\u00edpio.Talvez por falta de conhecimento, de capacidade ou desinforma\u00e7\u00e3o mesmo, o referido vereador n\u00e3o saiba [&hellip;]<\/p>\n","protected":false},"author":3,"featured_media":47814,"comment_status":"open","ping_status":"open","sticky":false,"template":"","format":"standard","meta":{"footnotes":""},"categories":[10],"tags":[14199,2149,732],"class_list":["post-47813","post","type-post","status-publish","format-standard","has-post-thumbnail","hentry","category-politica","tag-camara-de-fundao","tag-censura","tag-fake-news"],"yoast_head":"<!-- This site is optimized with the Yoast SEO plugin v26.5 - https:\/\/yoast.com\/wordpress\/plugins\/seo\/ -->\n<title>Fatos &amp; Not\u00edcias \u00e9 alvo de fake news na C\u00e2mara de Fund\u00e3o - Jornal Fatos e Not\u00edcias<\/title>\n<meta name=\"robots\" content=\"index, follow, max-snippet:-1, max-image-preview:large, max-video-preview:-1\" \/>\n<link rel=\"canonical\" href=\"https:\/\/jornalfatosenoticias.com.br\/index.php\/2023\/12\/15\/fatos-noticias-e-alvo-de-fake-news-na-camara-de-fundao\/\" \/>\n<meta property=\"og:locale\" content=\"pt_BR\" \/>\n<meta property=\"og:type\" content=\"article\" \/>\n<meta property=\"og:title\" content=\"Fatos &amp; Not\u00edcias \u00e9 alvo de fake news na C\u00e2mara de Fund\u00e3o - Jornal Fatos e Not\u00edcias\" \/>\n<meta property=\"og:description\" content=\"Nesta sexta-feira (15) ocorreu a \u00faltima sess\u00e3o da C\u00e2mara de Vereadores do munic\u00edpio de Fund\u00e3o e, lamentavelmente, o jornal Fatos &amp; Not\u00edcias foi alvo de ataques improcedentes por parte de um vereador que comp\u00f5e a ala esquerda da pol\u00edtica do munic\u00edpio.Talvez por falta de conhecimento, de capacidade ou desinforma\u00e7\u00e3o mesmo, o referido vereador n\u00e3o saiba [&hellip;]\" \/>\n<meta property=\"og:url\" content=\"https:\/\/jornalfatosenoticias.com.br\/index.php\/2023\/12\/15\/fatos-noticias-e-alvo-de-fake-news-na-camara-de-fundao\/\" \/>\n<meta property=\"og:site_name\" content=\"Jornal Fatos e Not\u00edcias\" \/>\n<meta property=\"article:published_time\" content=\"2023-12-16T00:07:38+00:00\" \/>\n<meta property=\"article:modified_time\" content=\"2023-12-16T00:24:40+00:00\" \/>\n<meta property=\"og:image\" content=\"https:\/\/jornalfatosenoticias.com.br\/wp-content\/uploads\/2023\/12\/Icone__da_nova_LOGO__2_-removebg-preview.png\" \/>\n\t<meta property=\"og:image:width\" content=\"414\" \/>\n\t<meta property=\"og:image:height\" content=\"602\" \/>\n\t<meta property=\"og:image:type\" content=\"image\/png\" \/>\n<meta name=\"author\" content=\"Haroldo Filho\" \/>\n<meta name=\"twitter:card\" content=\"summary_large_image\" \/>\n<meta name=\"twitter:label1\" content=\"Escrito por\" \/>\n\t<meta name=\"twitter:data1\" content=\"Haroldo Filho\" \/>\n\t<meta name=\"twitter:label2\" content=\"Est. tempo de leitura\" \/>\n\t<meta name=\"twitter:data2\" content=\"3 minutos\" \/>\n<script type=\"application\/ld+json\" class=\"yoast-schema-graph\">{\"@context\":\"https:\/\/schema.org\",\"@graph\":[{\"@type\":\"Article\",\"@id\":\"https:\/\/jornalfatosenoticias.com.br\/index.php\/2023\/12\/15\/fatos-noticias-e-alvo-de-fake-news-na-camara-de-fundao\/#article\",\"isPartOf\":{\"@id\":\"https:\/\/jornalfatosenoticias.com.br\/index.php\/2023\/12\/15\/fatos-noticias-e-alvo-de-fake-news-na-camara-de-fundao\/\"},\"author\":{\"name\":\"Haroldo Filho\",\"@id\":\"https:\/\/jornalfatosenoticias.com.br\/#\/schema\/person\/05c46cc25b42a5c27e004fb0fa6b4965\"},\"headline\":\"Fatos &#038; Not\u00edcias \u00e9 alvo de fake news na C\u00e2mara de Fund\u00e3o\",\"datePublished\":\"2023-12-16T00:07:38+00:00\",\"dateModified\":\"2023-12-16T00:24:40+00:00\",\"mainEntityOfPage\":{\"@id\":\"https:\/\/jornalfatosenoticias.com.br\/index.php\/2023\/12\/15\/fatos-noticias-e-alvo-de-fake-news-na-camara-de-fundao\/\"},\"wordCount\":634,\"commentCount\":0,\"publisher\":{\"@id\":\"https:\/\/jornalfatosenoticias.com.br\/#organization\"},\"image\":{\"@id\":\"https:\/\/jornalfatosenoticias.com.br\/index.php\/2023\/12\/15\/fatos-noticias-e-alvo-de-fake-news-na-camara-de-fundao\/#primaryimage\"},\"thumbnailUrl\":\"https:\/\/jornalfatosenoticias.com.br\/wp-content\/uploads\/2023\/12\/Icone__da_nova_LOGO__2_-removebg-preview.png\",\"keywords\":[\"C\u00e2mara de Fund\u00e3o\",\"censura\",\"fake news\"],\"articleSection\":[\"Pol\u00edtica\"],\"inLanguage\":\"pt-BR\",\"potentialAction\":[{\"@type\":\"CommentAction\",\"name\":\"Comment\",\"target\":[\"https:\/\/jornalfatosenoticias.com.br\/index.php\/2023\/12\/15\/fatos-noticias-e-alvo-de-fake-news-na-camara-de-fundao\/#respond\"]}]},{\"@type\":\"WebPage\",\"@id\":\"https:\/\/jornalfatosenoticias.com.br\/index.php\/2023\/12\/15\/fatos-noticias-e-alvo-de-fake-news-na-camara-de-fundao\/\",\"url\":\"https:\/\/jornalfatosenoticias.com.br\/index.php\/2023\/12\/15\/fatos-noticias-e-alvo-de-fake-news-na-camara-de-fundao\/\",\"name\":\"Fatos & Not\u00edcias \u00e9 alvo de fake news na C\u00e2mara de Fund\u00e3o - Jornal Fatos e Not\u00edcias\",\"isPartOf\":{\"@id\":\"https:\/\/jornalfatosenoticias.com.br\/#website\"},\"primaryImageOfPage\":{\"@id\":\"https:\/\/jornalfatosenoticias.com.br\/index.php\/2023\/12\/15\/fatos-noticias-e-alvo-de-fake-news-na-camara-de-fundao\/#primaryimage\"},\"image\":{\"@id\":\"https:\/\/jornalfatosenoticias.com.br\/index.php\/2023\/12\/15\/fatos-noticias-e-alvo-de-fake-news-na-camara-de-fundao\/#primaryimage\"},\"thumbnailUrl\":\"https:\/\/jornalfatosenoticias.com.br\/wp-content\/uploads\/2023\/12\/Icone__da_nova_LOGO__2_-removebg-preview.png\",\"datePublished\":\"2023-12-16T00:07:38+00:00\",\"dateModified\":\"2023-12-16T00:24:40+00:00\",\"breadcrumb\":{\"@id\":\"https:\/\/jornalfatosenoticias.com.br\/index.php\/2023\/12\/15\/fatos-noticias-e-alvo-de-fake-news-na-camara-de-fundao\/#breadcrumb\"},\"inLanguage\":\"pt-BR\",\"potentialAction\":[{\"@type\":\"ReadAction\",\"target\":[\"https:\/\/jornalfatosenoticias.com.br\/index.php\/2023\/12\/15\/fatos-noticias-e-alvo-de-fake-news-na-camara-de-fundao\/\"]}]},{\"@type\":\"ImageObject\",\"inLanguage\":\"pt-BR\",\"@id\":\"https:\/\/jornalfatosenoticias.com.br\/index.php\/2023\/12\/15\/fatos-noticias-e-alvo-de-fake-news-na-camara-de-fundao\/#primaryimage\",\"url\":\"https:\/\/jornalfatosenoticias.com.br\/wp-content\/uploads\/2023\/12\/Icone__da_nova_LOGO__2_-removebg-preview.png\",\"contentUrl\":\"https:\/\/jornalfatosenoticias.com.br\/wp-content\/uploads\/2023\/12\/Icone__da_nova_LOGO__2_-removebg-preview.png\",\"width\":414,\"height\":602},{\"@type\":\"BreadcrumbList\",\"@id\":\"https:\/\/jornalfatosenoticias.com.br\/index.php\/2023\/12\/15\/fatos-noticias-e-alvo-de-fake-news-na-camara-de-fundao\/#breadcrumb\",\"itemListElement\":[{\"@type\":\"ListItem\",\"position\":1,\"name\":\"In\u00edcio\",\"item\":\"https:\/\/jornalfatosenoticias.com.br\/\"},{\"@type\":\"ListItem\",\"position\":2,\"name\":\"Fatos &#038; Not\u00edcias \u00e9 alvo de fake news na C\u00e2mara de Fund\u00e3o\"}]},{\"@type\":\"WebSite\",\"@id\":\"https:\/\/jornalfatosenoticias.com.br\/#website\",\"url\":\"https:\/\/jornalfatosenoticias.com.br\/\",\"name\":\"Jornal Fatos e Not\u00edcias\",\"description\":\"Not\u00edcias em geral\",\"publisher\":{\"@id\":\"https:\/\/jornalfatosenoticias.com.br\/#organization\"},\"potentialAction\":[{\"@type\":\"SearchAction\",\"target\":{\"@type\":\"EntryPoint\",\"urlTemplate\":\"https:\/\/jornalfatosenoticias.com.br\/?s={search_term_string}\"},\"query-input\":{\"@type\":\"PropertyValueSpecification\",\"valueRequired\":true,\"valueName\":\"search_term_string\"}}],\"inLanguage\":\"pt-BR\"},{\"@type\":\"Organization\",\"@id\":\"https:\/\/jornalfatosenoticias.com.br\/#organization\",\"name\":\"Jornal Fatos e Not\u00edcias\",\"url\":\"https:\/\/jornalfatosenoticias.com.br\/\",\"logo\":{\"@type\":\"ImageObject\",\"inLanguage\":\"pt-BR\",\"@id\":\"https:\/\/jornalfatosenoticias.com.br\/#\/schema\/logo\/image\/\",\"url\":\"https:\/\/jornalfatosenoticias.com.br\/wp-content\/uploads\/2020\/02\/logo120.png\",\"contentUrl\":\"https:\/\/jornalfatosenoticias.com.br\/wp-content\/uploads\/2020\/02\/logo120.png\",\"width\":1227,\"height\":120,\"caption\":\"Jornal Fatos e Not\u00edcias\"},\"image\":{\"@id\":\"https:\/\/jornalfatosenoticias.com.br\/#\/schema\/logo\/image\/\"}},{\"@type\":\"Person\",\"@id\":\"https:\/\/jornalfatosenoticias.com.br\/#\/schema\/person\/05c46cc25b42a5c27e004fb0fa6b4965\",\"name\":\"Haroldo Filho\",\"image\":{\"@type\":\"ImageObject\",\"inLanguage\":\"pt-BR\",\"@id\":\"https:\/\/jornalfatosenoticias.com.br\/#\/schema\/person\/image\/\",\"url\":\"https:\/\/jornalfatosenoticias.com.br\/wp-content\/uploads\/2025\/08\/WhatsApp-Image-2025-08-18-at-15.30.28-150x150.jpeg\",\"contentUrl\":\"https:\/\/jornalfatosenoticias.com.br\/wp-content\/uploads\/2025\/08\/WhatsApp-Image-2025-08-18-at-15.30.28-150x150.jpeg\",\"caption\":\"Haroldo Filho\"},\"description\":\"Jornalista \u2013 DRT: 0003818\/ES Coordenador-geral da ONG Educar para Crescer\",\"url\":\"https:\/\/jornalfatosenoticias.com.br\/index.php\/author\/haroldo\/\"}]}<\/script>\n<!-- \/ Yoast SEO plugin. -->","yoast_head_json":{"title":"Fatos & Not\u00edcias \u00e9 alvo de fake news na C\u00e2mara de Fund\u00e3o - Jornal Fatos e Not\u00edcias","robots":{"index":"index","follow":"follow","max-snippet":"max-snippet:-1","max-image-preview":"max-image-preview:large","max-video-preview":"max-video-preview:-1"},"canonical":"https:\/\/jornalfatosenoticias.com.br\/index.php\/2023\/12\/15\/fatos-noticias-e-alvo-de-fake-news-na-camara-de-fundao\/","og_locale":"pt_BR","og_type":"article","og_title":"Fatos & Not\u00edcias \u00e9 alvo de fake news na C\u00e2mara de Fund\u00e3o - Jornal Fatos e Not\u00edcias","og_description":"Nesta sexta-feira (15) ocorreu a \u00faltima sess\u00e3o da C\u00e2mara de Vereadores do munic\u00edpio de Fund\u00e3o e, lamentavelmente, o jornal Fatos &amp; Not\u00edcias foi alvo de ataques improcedentes por parte de um vereador que comp\u00f5e a ala esquerda da pol\u00edtica do munic\u00edpio.Talvez por falta de conhecimento, de capacidade ou desinforma\u00e7\u00e3o mesmo, o referido vereador n\u00e3o saiba [&hellip;]","og_url":"https:\/\/jornalfatosenoticias.com.br\/index.php\/2023\/12\/15\/fatos-noticias-e-alvo-de-fake-news-na-camara-de-fundao\/","og_site_name":"Jornal Fatos e Not\u00edcias","article_published_time":"2023-12-16T00:07:38+00:00","article_modified_time":"2023-12-16T00:24:40+00:00","og_image":[{"width":414,"height":602,"url":"https:\/\/jornalfatosenoticias.com.br\/wp-content\/uploads\/2023\/12\/Icone__da_nova_LOGO__2_-removebg-preview.png","type":"image\/png"}],"author":"Haroldo Filho","twitter_card":"summary_large_image","twitter_misc":{"Escrito por":"Haroldo Filho","Est. tempo de leitura":"3 minutos"},"schema":{"@context":"https:\/\/schema.org","@graph":[{"@type":"Article","@id":"https:\/\/jornalfatosenoticias.com.br\/index.php\/2023\/12\/15\/fatos-noticias-e-alvo-de-fake-news-na-camara-de-fundao\/#article","isPartOf":{"@id":"https:\/\/jornalfatosenoticias.com.br\/index.php\/2023\/12\/15\/fatos-noticias-e-alvo-de-fake-news-na-camara-de-fundao\/"},"author":{"name":"Haroldo Filho","@id":"https:\/\/jornalfatosenoticias.com.br\/#\/schema\/person\/05c46cc25b42a5c27e004fb0fa6b4965"},"headline":"Fatos &#038; Not\u00edcias \u00e9 alvo de fake news na C\u00e2mara de Fund\u00e3o","datePublished":"2023-12-16T00:07:38+00:00","dateModified":"2023-12-16T00:24:40+00:00","mainEntityOfPage":{"@id":"https:\/\/jornalfatosenoticias.com.br\/index.php\/2023\/12\/15\/fatos-noticias-e-alvo-de-fake-news-na-camara-de-fundao\/"},"wordCount":634,"commentCount":0,"publisher":{"@id":"https:\/\/jornalfatosenoticias.com.br\/#organization"},"image":{"@id":"https:\/\/jornalfatosenoticias.com.br\/index.php\/2023\/12\/15\/fatos-noticias-e-alvo-de-fake-news-na-camara-de-fundao\/#primaryimage"},"thumbnailUrl":"https:\/\/jornalfatosenoticias.com.br\/wp-content\/uploads\/2023\/12\/Icone__da_nova_LOGO__2_-removebg-preview.png","keywords":["C\u00e2mara de Fund\u00e3o","censura","fake news"],"articleSection":["Pol\u00edtica"],"inLanguage":"pt-BR","potentialAction":[{"@type":"CommentAction","name":"Comment","target":["https:\/\/jornalfatosenoticias.com.br\/index.php\/2023\/12\/15\/fatos-noticias-e-alvo-de-fake-news-na-camara-de-fundao\/#respond"]}]},{"@type":"WebPage","@id":"https:\/\/jornalfatosenoticias.com.br\/index.php\/2023\/12\/15\/fatos-noticias-e-alvo-de-fake-news-na-camara-de-fundao\/","url":"https:\/\/jornalfatosenoticias.com.br\/index.php\/2023\/12\/15\/fatos-noticias-e-alvo-de-fake-news-na-camara-de-fundao\/","name":"Fatos & Not\u00edcias \u00e9 alvo de fake news na C\u00e2mara de Fund\u00e3o - Jornal Fatos e Not\u00edcias","isPartOf":{"@id":"https:\/\/jornalfatosenoticias.com.br\/#website"},"primaryImageOfPage":{"@id":"https:\/\/jornalfatosenoticias.com.br\/index.php\/2023\/12\/15\/fatos-noticias-e-alvo-de-fake-news-na-camara-de-fundao\/#primaryimage"},"image":{"@id":"https:\/\/jornalfatosenoticias.com.br\/index.php\/2023\/12\/15\/fatos-noticias-e-alvo-de-fake-news-na-camara-de-fundao\/#primaryimage"},"thumbnailUrl":"https:\/\/jornalfatosenoticias.com.br\/wp-content\/uploads\/2023\/12\/Icone__da_nova_LOGO__2_-removebg-preview.png","datePublished":"2023-12-16T00:07:38+00:00","dateModified":"2023-12-16T00:24:40+00:00","breadcrumb":{"@id":"https:\/\/jornalfatosenoticias.com.br\/index.php\/2023\/12\/15\/fatos-noticias-e-alvo-de-fake-news-na-camara-de-fundao\/#breadcrumb"},"inLanguage":"pt-BR","potentialAction":[{"@type":"ReadAction","target":["https:\/\/jornalfatosenoticias.com.br\/index.php\/2023\/12\/15\/fatos-noticias-e-alvo-de-fake-news-na-camara-de-fundao\/"]}]},{"@type":"ImageObject","inLanguage":"pt-BR","@id":"https:\/\/jornalfatosenoticias.com.br\/index.php\/2023\/12\/15\/fatos-noticias-e-alvo-de-fake-news-na-camara-de-fundao\/#primaryimage","url":"https:\/\/jornalfatosenoticias.com.br\/wp-content\/uploads\/2023\/12\/Icone__da_nova_LOGO__2_-removebg-preview.png","contentUrl":"https:\/\/jornalfatosenoticias.com.br\/wp-content\/uploads\/2023\/12\/Icone__da_nova_LOGO__2_-removebg-preview.png","width":414,"height":602},{"@type":"BreadcrumbList","@id":"https:\/\/jornalfatosenoticias.com.br\/index.php\/2023\/12\/15\/fatos-noticias-e-alvo-de-fake-news-na-camara-de-fundao\/#breadcrumb","itemListElement":[{"@type":"ListItem","position":1,"name":"In\u00edcio","item":"https:\/\/jornalfatosenoticias.com.br\/"},{"@type":"ListItem","position":2,"name":"Fatos &#038; Not\u00edcias \u00e9 alvo de fake news na C\u00e2mara de Fund\u00e3o"}]},{"@type":"WebSite","@id":"https:\/\/jornalfatosenoticias.com.br\/#website","url":"https:\/\/jornalfatosenoticias.com.br\/","name":"Jornal Fatos e Not\u00edcias","description":"Not\u00edcias em geral","publisher":{"@id":"https:\/\/jornalfatosenoticias.com.br\/#organization"},"potentialAction":[{"@type":"SearchAction","target":{"@type":"EntryPoint","urlTemplate":"https:\/\/jornalfatosenoticias.com.br\/?s={search_term_string}"},"query-input":{"@type":"PropertyValueSpecification","valueRequired":true,"valueName":"search_term_string"}}],"inLanguage":"pt-BR"},{"@type":"Organization","@id":"https:\/\/jornalfatosenoticias.com.br\/#organization","name":"Jornal Fatos e Not\u00edcias","url":"https:\/\/jornalfatosenoticias.com.br\/","logo":{"@type":"ImageObject","inLanguage":"pt-BR","@id":"https:\/\/jornalfatosenoticias.com.br\/#\/schema\/logo\/image\/","url":"https:\/\/jornalfatosenoticias.com.br\/wp-content\/uploads\/2020\/02\/logo120.png","contentUrl":"https:\/\/jornalfatosenoticias.com.br\/wp-content\/uploads\/2020\/02\/logo120.png","width":1227,"height":120,"caption":"Jornal Fatos e Not\u00edcias"},"image":{"@id":"https:\/\/jornalfatosenoticias.com.br\/#\/schema\/logo\/image\/"}},{"@type":"Person","@id":"https:\/\/jornalfatosenoticias.com.br\/#\/schema\/person\/05c46cc25b42a5c27e004fb0fa6b4965","name":"Haroldo Filho","image":{"@type":"ImageObject","inLanguage":"pt-BR","@id":"https:\/\/jornalfatosenoticias.com.br\/#\/schema\/person\/image\/","url":"https:\/\/jornalfatosenoticias.com.br\/wp-content\/uploads\/2025\/08\/WhatsApp-Image-2025-08-18-at-15.30.28-150x150.jpeg","contentUrl":"https:\/\/jornalfatosenoticias.com.br\/wp-content\/uploads\/2025\/08\/WhatsApp-Image-2025-08-18-at-15.30.28-150x150.jpeg","caption":"Haroldo Filho"},"description":"Jornalista \u2013 DRT: 0003818\/ES Coordenador-geral da ONG Educar para Crescer","url":"https:\/\/jornalfatosenoticias.com.br\/index.php\/author\/haroldo\/"}]}},"cc_featured_image_caption":{"caption_text":"","source_text":"","source_url":""},"jetpack_featured_media_url":"https:\/\/jornalfatosenoticias.com.br\/wp-content\/uploads\/2023\/12\/Icone__da_nova_LOGO__2_-removebg-preview.png","_links":{"self":[{"href":"https:\/\/jornalfatosenoticias.com.br\/index.php\/wp-json\/wp\/v2\/posts\/47813","targetHints":{"allow":["GET"]}}],"collection":[{"href":"https:\/\/jornalfatosenoticias.com.br\/index.php\/wp-json\/wp\/v2\/posts"}],"about":[{"href":"https:\/\/jornalfatosenoticias.com.br\/index.php\/wp-json\/wp\/v2\/types\/post"}],"author":[{"embeddable":true,"href":"https:\/\/jornalfatosenoticias.com.br\/index.php\/wp-json\/wp\/v2\/users\/3"}],"replies":[{"embeddable":true,"href":"https:\/\/jornalfatosenoticias.com.br\/index.php\/wp-json\/wp\/v2\/comments?post=47813"}],"version-history":[{"count":0,"href":"https:\/\/jornalfatosenoticias.com.br\/index.php\/wp-json\/wp\/v2\/posts\/47813\/revisions"}],"wp:featuredmedia":[{"embeddable":true,"href":"https:\/\/jornalfatosenoticias.com.br\/index.php\/wp-json\/wp\/v2\/media\/47814"}],"wp:attachment":[{"href":"https:\/\/jornalfatosenoticias.com.br\/index.php\/wp-json\/wp\/v2\/media?parent=47813"}],"wp:term":[{"taxonomy":"category","embeddable":true,"href":"https:\/\/jornalfatosenoticias.com.br\/index.php\/wp-json\/wp\/v2\/categories?post=47813"},{"taxonomy":"post_tag","embeddable":true,"href":"https:\/\/jornalfatosenoticias.com.br\/index.php\/wp-json\/wp\/v2\/tags?post=47813"}],"curies":[{"name":"wp","href":"https:\/\/api.w.org\/{rel}","templated":true}]}}