{"id":47835,"date":"2023-12-18T17:06:10","date_gmt":"2023-12-18T20:06:10","guid":{"rendered":"https:\/\/jornalfatosenoticias.com.br\/?p=47835"},"modified":"2023-12-18T17:06:11","modified_gmt":"2023-12-18T20:06:11","slug":"uso-excessivo-de-celular-por-alunos-prejudica-aprendizado","status":"publish","type":"post","link":"https:\/\/jornalfatosenoticias.com.br\/index.php\/2023\/12\/18\/uso-excessivo-de-celular-por-alunos-prejudica-aprendizado\/","title":{"rendered":"Uso excessivo de celular por alunos prejudica aprendizado"},"content":{"rendered":"\n<p><em><span class=\"has-inline-color has-black-color\">Estudantes que usam aparelhos eletr\u00f4nicos em sala tiveram resultado pior no Pisa; proibi\u00e7\u00e3o n\u00e3o leva a melhor resultado<\/span><\/em><\/p>\n\n\n\n<div class=\"wp-block-image\"><figure class=\"aligncenter size-large\"><img loading=\"lazy\" decoding=\"async\" width=\"1024\" height=\"100\" src=\"https:\/\/jornalfatosenoticias.com.br\/wp-content\/uploads\/2022\/05\/NOVA-LOGO-CESCONETTO-1024x100.jpg\" alt=\"\" class=\"wp-image-30792\" srcset=\"https:\/\/jornalfatosenoticias.com.br\/wp-content\/uploads\/2022\/05\/NOVA-LOGO-CESCONETTO-1024x100.jpg 1024w, https:\/\/jornalfatosenoticias.com.br\/wp-content\/uploads\/2022\/05\/NOVA-LOGO-CESCONETTO-300x29.jpg 300w, https:\/\/jornalfatosenoticias.com.br\/wp-content\/uploads\/2022\/05\/NOVA-LOGO-CESCONETTO-768x75.jpg 768w, https:\/\/jornalfatosenoticias.com.br\/wp-content\/uploads\/2022\/05\/NOVA-LOGO-CESCONETTO.jpg 1280w\" sizes=\"auto, (max-width: 1024px) 100vw, 1024px\" \/><\/figure><\/div>\n\n\n\n<p>Alunos que usam a internet na escola por cinco a sete horas por dia tiveram pontua\u00e7\u00e3o mais baixa no Programa Internacional de Avalia\u00e7\u00e3o dos Estudantes (Pisa) de 2022 do que os que restringem o uso a aproximadamente uma hora. O resultado foi divulgado pela Organiza\u00e7\u00e3o para a Coopera\u00e7\u00e3o e Desenvolvimento Econ\u00f4mico (OCDE).<br>O relat\u00f3rio informa que, na m\u00e9dia dos pa\u00edses da organiza\u00e7\u00e3o, \u201cos estudantes que passam at\u00e9 uma hora por dia na escola em dispositivos digitais para lazer obtiveram 49 pontos a mais em matem\u00e1tica do que os alunos cujos olhos ficavam grudados nas telas entre cinco e sete horas por dia\u201d. O texto afirma que foi levado em conta o perfil socioecon\u00f4mico dos alunos e das escolas.<\/p>\n\n\n\n<div class=\"wp-block-image\"><figure class=\"aligncenter size-large is-resized\"><img loading=\"lazy\" decoding=\"async\" src=\"https:\/\/jornalfatosenoticias.com.br\/wp-content\/uploads\/2023\/08\/BKR-1024x1021.jpg\" alt=\"\" class=\"wp-image-44494\" width=\"294\" height=\"293\" srcset=\"https:\/\/jornalfatosenoticias.com.br\/wp-content\/uploads\/2023\/08\/BKR-1024x1021.jpg 1024w, https:\/\/jornalfatosenoticias.com.br\/wp-content\/uploads\/2023\/08\/BKR-300x300.jpg 300w, https:\/\/jornalfatosenoticias.com.br\/wp-content\/uploads\/2023\/08\/BKR-150x150.jpg 150w, https:\/\/jornalfatosenoticias.com.br\/wp-content\/uploads\/2023\/08\/BKR-768x766.jpg 768w, https:\/\/jornalfatosenoticias.com.br\/wp-content\/uploads\/2023\/08\/BKR.jpg 1080w\" sizes=\"auto, (max-width: 294px) 100vw, 294px\" \/><\/figure><\/div>\n\n\n\n<p>Aproximadamente 65% dos estudantes afirmaram se distrair nas aulas de matem\u00e1tica por conta do celular e outros dispositivos eletr\u00f4nicos, como tablets e laptops. No Brasil e em outros pa\u00edses avaliados, esse percentual chegou a 80%. O estudo tamb\u00e9m mostrou que os alunos que passam muito tempo conectados tamb\u00e9m afetam a aten\u00e7\u00e3o dos seus colegas: 59% dos estudantes disseram que se distraem com o uso excessivo de aparelhos eletr\u00f4nicos por parte de outros alunos. Eles obtiveram 15 pontos a menos nos testes de matem\u00e1tica. Segundo o relat\u00f3rio, \u201cisso equivale a \u00be do valor de um ano de educa\u00e7\u00e3o\u201d.<\/p>\n\n\n\n<div class=\"wp-block-image\"><figure class=\"aligncenter size-large is-resized\"><img loading=\"lazy\" decoding=\"async\" src=\"https:\/\/jornalfatosenoticias.com.br\/wp-content\/uploads\/2020\/02\/CONTROL-CS.jpg\" alt=\"\" class=\"wp-image-44991\" width=\"289\" height=\"347\" srcset=\"https:\/\/jornalfatosenoticias.com.br\/wp-content\/uploads\/2020\/02\/CONTROL-CS.jpg 834w, https:\/\/jornalfatosenoticias.com.br\/wp-content\/uploads\/2020\/02\/CONTROL-CS-250x300.jpg 250w, https:\/\/jornalfatosenoticias.com.br\/wp-content\/uploads\/2020\/02\/CONTROL-CS-768x921.jpg 768w\" sizes=\"auto, (max-width: 289px) 100vw, 289px\" \/><\/figure><\/div>\n\n\n\n<p>No Jap\u00e3o e na Coreia do Sul, que est\u00e3o entre os pa\u00edses mais bem colocados no Pisa, o n\u00edvel de distra\u00e7\u00e3o dos alunos foi de 18% e 32%, respectivamente. Na m\u00e9dia dos pa\u00edses que fazem parte da OCDE, 29% dos alunos disseram usar o celular v\u00e1rias vezes ao dia e 21% disseram usar diariamente ou quase diariamente na escola.<\/p>\n\n\n\n<div class=\"wp-block-image\"><figure class=\"aligncenter size-large is-resized\"><img loading=\"lazy\" decoding=\"async\" src=\"https:\/\/jornalfatosenoticias.com.br\/wp-content\/uploads\/2023\/08\/ITH.jpeg\" alt=\"\" class=\"wp-image-44638\" width=\"340\" height=\"276\" srcset=\"https:\/\/jornalfatosenoticias.com.br\/wp-content\/uploads\/2023\/08\/ITH.jpeg 800w, https:\/\/jornalfatosenoticias.com.br\/wp-content\/uploads\/2023\/08\/ITH-300x244.jpeg 300w, https:\/\/jornalfatosenoticias.com.br\/wp-content\/uploads\/2023\/08\/ITH-768x624.jpeg 768w\" sizes=\"auto, (max-width: 340px) 100vw, 340px\" \/><\/figure><\/div>\n\n\n\n<p>Em 13 pa\u00edses, mais de \u2154 dos estudantes frequentam escolas que pro\u00edbem a entrada e o uso de celulares. Contudo, segundo o relat\u00f3rio, esses jovens n\u00e3o demonstram um uso mais respons\u00e1vel dos aparelhos do que os demais. A organiza\u00e7\u00e3o considera o tema controverso e desafiador para os profissionais da educa\u00e7\u00e3o.<\/p>\n\n\n\n<div class=\"wp-block-image\"><figure class=\"aligncenter size-large is-resized\"><img loading=\"lazy\" decoding=\"async\" src=\"https:\/\/jornalfatosenoticias.com.br\/wp-content\/uploads\/2022\/02\/Precisao-Contabilidade-1024x724.jpg\" alt=\"\" class=\"wp-image-28088\" width=\"362\" height=\"256\"\/><\/figure><\/div>\n\n\n\n<blockquote class=\"wp-block-quote is-layout-flow wp-block-quote-is-layout-flow\"><p><span class=\"has-inline-color has-luminous-vivid-orange-color\">Parece que as escolas podem proibir os telefones, mas nem sempre \u00e9 aplicado de forma eficaz. Curiosamente, os alunos em escolas com proibi\u00e7\u00e3o de telefone em alguns pa\u00edses eram menos propensos a desligar as suas notifica\u00e7\u00f5es de redes sociais e aplicativos ao dormir\u201d, diz o estudo. Ele considera que a proibi\u00e7\u00e3o torna os alunos \u201cmenos capazes de adotar um comportamento respons\u00e1vel\u201d.<\/span><\/p><\/blockquote>\n\n\n\n<div class=\"wp-block-image\"><figure class=\"aligncenter size-large is-resized\"><img loading=\"lazy\" decoding=\"async\" src=\"https:\/\/jornalfatosenoticias.com.br\/wp-content\/uploads\/2023\/08\/Steel.jpeg\" alt=\"\" class=\"wp-image-44634\" width=\"336\" height=\"273\" srcset=\"https:\/\/jornalfatosenoticias.com.br\/wp-content\/uploads\/2023\/08\/Steel.jpeg 800w, https:\/\/jornalfatosenoticias.com.br\/wp-content\/uploads\/2023\/08\/Steel-300x244.jpeg 300w, https:\/\/jornalfatosenoticias.com.br\/wp-content\/uploads\/2023\/08\/Steel-768x624.jpeg 768w\" sizes=\"auto, (max-width: 336px) 100vw, 336px\" \/><\/figure><\/div>\n\n\n\n<p>A recomenda\u00e7\u00e3o da OCDE \u00e9 que os dispositivos n\u00e3o sejam totalmente abandonados no processo de aprendizagem, mas que as escolas promovam essa intera\u00e7\u00e3o, estimulando o uso da tecnologia para o aprendizado e o desenvolvimento de um h\u00e1bito saud\u00e1vel. Contudo, tamb\u00e9m considera necess\u00e1rio minimizar o tempo permitido de uso, para evitar a desaten\u00e7\u00e3o e outros problemas, como o cyberbullying.<\/p>\n\n\n\n<div class=\"wp-block-image\"><figure class=\"aligncenter size-large is-resized\"><img loading=\"lazy\" decoding=\"async\" src=\"https:\/\/jornalfatosenoticias.com.br\/wp-content\/uploads\/2023\/11\/cromotec.jpg\" alt=\"\" class=\"wp-image-46804\" width=\"363\" height=\"216\" srcset=\"https:\/\/jornalfatosenoticias.com.br\/wp-content\/uploads\/2023\/11\/cromotec.jpg 453w, https:\/\/jornalfatosenoticias.com.br\/wp-content\/uploads\/2023\/11\/cromotec-300x179.jpg 300w\" sizes=\"auto, (max-width: 363px) 100vw, 363px\" \/><\/figure><\/div>\n\n\n\n<p><strong><em>Fonte: <a href=\"https:\/\/www.poder360.com.br\/educacao\/uso-excessivo-de-celular-por-alunos-prejudica-aprendizado\/?utm_source=terra_capa_noticias&amp;utm_medium=referral\">Poder360<\/a><\/em><\/strong><\/p>\n","protected":false},"excerpt":{"rendered":"<p>Estudantes que usam aparelhos eletr\u00f4nicos em sala tiveram resultado pior no Pisa; proibi\u00e7\u00e3o n\u00e3o leva a melhor resultado Alunos que usam a internet na escola por cinco a sete horas por dia tiveram pontua\u00e7\u00e3o mais baixa no Programa Internacional de Avalia\u00e7\u00e3o dos Estudantes (Pisa) de 2022 do que os que restringem o uso a aproximadamente [&hellip;]<\/p>\n","protected":false},"author":2,"featured_media":47836,"comment_status":"open","ping_status":"open","sticky":false,"template":"","format":"standard","meta":{"footnotes":""},"categories":[7],"tags":[345,1564,413,7813],"class_list":["post-47835","post","type-post","status-publish","format-standard","has-post-thumbnail","hentry","category-educacao","tag-educacao","tag-internet","tag-ocde","tag-pisa"],"yoast_head":"<!-- This site is optimized with the Yoast SEO plugin v26.5 - https:\/\/yoast.com\/wordpress\/plugins\/seo\/ -->\n<title>Uso excessivo de celular por alunos prejudica aprendizado - Jornal Fatos e Not\u00edcias<\/title>\n<meta name=\"robots\" content=\"index, follow, max-snippet:-1, max-image-preview:large, max-video-preview:-1\" \/>\n<link rel=\"canonical\" href=\"https:\/\/jornalfatosenoticias.com.br\/index.php\/2023\/12\/18\/uso-excessivo-de-celular-por-alunos-prejudica-aprendizado\/\" \/>\n<meta property=\"og:locale\" content=\"pt_BR\" \/>\n<meta property=\"og:type\" content=\"article\" \/>\n<meta property=\"og:title\" content=\"Uso excessivo de celular por alunos prejudica aprendizado - Jornal Fatos e Not\u00edcias\" \/>\n<meta property=\"og:description\" content=\"Estudantes que usam aparelhos eletr\u00f4nicos em sala tiveram resultado pior no Pisa; proibi\u00e7\u00e3o n\u00e3o leva a melhor resultado Alunos que usam a internet na escola por cinco a sete horas por dia tiveram pontua\u00e7\u00e3o mais baixa no Programa Internacional de Avalia\u00e7\u00e3o dos Estudantes (Pisa) de 2022 do que os que restringem o uso a aproximadamente [&hellip;]\" \/>\n<meta property=\"og:url\" content=\"https:\/\/jornalfatosenoticias.com.br\/index.php\/2023\/12\/18\/uso-excessivo-de-celular-por-alunos-prejudica-aprendizado\/\" \/>\n<meta property=\"og:site_name\" content=\"Jornal Fatos e Not\u00edcias\" \/>\n<meta property=\"article:published_time\" content=\"2023-12-18T20:06:10+00:00\" \/>\n<meta property=\"article:modified_time\" content=\"2023-12-18T20:06:11+00:00\" \/>\n<meta property=\"og:image\" content=\"https:\/\/jornalfatosenoticias.com.br\/wp-content\/uploads\/2023\/12\/adolescentes-celular_istock.jpg\" \/>\n\t<meta property=\"og:image:width\" content=\"612\" \/>\n\t<meta property=\"og:image:height\" content=\"408\" \/>\n\t<meta property=\"og:image:type\" content=\"image\/jpeg\" \/>\n<meta name=\"author\" content=\"Luzimara Fernandes\" \/>\n<meta name=\"twitter:card\" content=\"summary_large_image\" \/>\n<meta name=\"twitter:label1\" content=\"Escrito por\" \/>\n\t<meta name=\"twitter:data1\" content=\"Luzimara Fernandes\" \/>\n\t<meta name=\"twitter:label2\" content=\"Est. tempo de leitura\" \/>\n\t<meta name=\"twitter:data2\" content=\"3 minutos\" \/>\n<script type=\"application\/ld+json\" class=\"yoast-schema-graph\">{\"@context\":\"https:\/\/schema.org\",\"@graph\":[{\"@type\":\"Article\",\"@id\":\"https:\/\/jornalfatosenoticias.com.br\/index.php\/2023\/12\/18\/uso-excessivo-de-celular-por-alunos-prejudica-aprendizado\/#article\",\"isPartOf\":{\"@id\":\"https:\/\/jornalfatosenoticias.com.br\/index.php\/2023\/12\/18\/uso-excessivo-de-celular-por-alunos-prejudica-aprendizado\/\"},\"author\":{\"name\":\"Luzimara Fernandes\",\"@id\":\"https:\/\/jornalfatosenoticias.com.br\/#\/schema\/person\/d63837fa13ac8666eb9e74e0985d6f81\"},\"headline\":\"Uso excessivo de celular por alunos prejudica aprendizado\",\"datePublished\":\"2023-12-18T20:06:10+00:00\",\"dateModified\":\"2023-12-18T20:06:11+00:00\",\"mainEntityOfPage\":{\"@id\":\"https:\/\/jornalfatosenoticias.com.br\/index.php\/2023\/12\/18\/uso-excessivo-de-celular-por-alunos-prejudica-aprendizado\/\"},\"wordCount\":508,\"commentCount\":0,\"publisher\":{\"@id\":\"https:\/\/jornalfatosenoticias.com.br\/#organization\"},\"image\":{\"@id\":\"https:\/\/jornalfatosenoticias.com.br\/index.php\/2023\/12\/18\/uso-excessivo-de-celular-por-alunos-prejudica-aprendizado\/#primaryimage\"},\"thumbnailUrl\":\"https:\/\/jornalfatosenoticias.com.br\/wp-content\/uploads\/2023\/12\/adolescentes-celular_istock.jpg\",\"keywords\":[\"educa\u00e7\u00e3o\",\"internet\",\"OCDE\",\"Pisa\"],\"articleSection\":[\"Educa\u00e7\u00e3o\"],\"inLanguage\":\"pt-BR\",\"potentialAction\":[{\"@type\":\"CommentAction\",\"name\":\"Comment\",\"target\":[\"https:\/\/jornalfatosenoticias.com.br\/index.php\/2023\/12\/18\/uso-excessivo-de-celular-por-alunos-prejudica-aprendizado\/#respond\"]}]},{\"@type\":\"WebPage\",\"@id\":\"https:\/\/jornalfatosenoticias.com.br\/index.php\/2023\/12\/18\/uso-excessivo-de-celular-por-alunos-prejudica-aprendizado\/\",\"url\":\"https:\/\/jornalfatosenoticias.com.br\/index.php\/2023\/12\/18\/uso-excessivo-de-celular-por-alunos-prejudica-aprendizado\/\",\"name\":\"Uso excessivo de celular por alunos prejudica aprendizado - Jornal Fatos e Not\u00edcias\",\"isPartOf\":{\"@id\":\"https:\/\/jornalfatosenoticias.com.br\/#website\"},\"primaryImageOfPage\":{\"@id\":\"https:\/\/jornalfatosenoticias.com.br\/index.php\/2023\/12\/18\/uso-excessivo-de-celular-por-alunos-prejudica-aprendizado\/#primaryimage\"},\"image\":{\"@id\":\"https:\/\/jornalfatosenoticias.com.br\/index.php\/2023\/12\/18\/uso-excessivo-de-celular-por-alunos-prejudica-aprendizado\/#primaryimage\"},\"thumbnailUrl\":\"https:\/\/jornalfatosenoticias.com.br\/wp-content\/uploads\/2023\/12\/adolescentes-celular_istock.jpg\",\"datePublished\":\"2023-12-18T20:06:10+00:00\",\"dateModified\":\"2023-12-18T20:06:11+00:00\",\"breadcrumb\":{\"@id\":\"https:\/\/jornalfatosenoticias.com.br\/index.php\/2023\/12\/18\/uso-excessivo-de-celular-por-alunos-prejudica-aprendizado\/#breadcrumb\"},\"inLanguage\":\"pt-BR\",\"potentialAction\":[{\"@type\":\"ReadAction\",\"target\":[\"https:\/\/jornalfatosenoticias.com.br\/index.php\/2023\/12\/18\/uso-excessivo-de-celular-por-alunos-prejudica-aprendizado\/\"]}]},{\"@type\":\"ImageObject\",\"inLanguage\":\"pt-BR\",\"@id\":\"https:\/\/jornalfatosenoticias.com.br\/index.php\/2023\/12\/18\/uso-excessivo-de-celular-por-alunos-prejudica-aprendizado\/#primaryimage\",\"url\":\"https:\/\/jornalfatosenoticias.com.br\/wp-content\/uploads\/2023\/12\/adolescentes-celular_istock.jpg\",\"contentUrl\":\"https:\/\/jornalfatosenoticias.com.br\/wp-content\/uploads\/2023\/12\/adolescentes-celular_istock.jpg\",\"width\":612,\"height\":408,\"caption\":\"Group of teenage students standing in schoolyard and using mobile phones. They are very happy and playful.\"},{\"@type\":\"BreadcrumbList\",\"@id\":\"https:\/\/jornalfatosenoticias.com.br\/index.php\/2023\/12\/18\/uso-excessivo-de-celular-por-alunos-prejudica-aprendizado\/#breadcrumb\",\"itemListElement\":[{\"@type\":\"ListItem\",\"position\":1,\"name\":\"In\u00edcio\",\"item\":\"https:\/\/jornalfatosenoticias.com.br\/\"},{\"@type\":\"ListItem\",\"position\":2,\"name\":\"Uso excessivo de celular por alunos prejudica aprendizado\"}]},{\"@type\":\"WebSite\",\"@id\":\"https:\/\/jornalfatosenoticias.com.br\/#website\",\"url\":\"https:\/\/jornalfatosenoticias.com.br\/\",\"name\":\"Jornal Fatos e Not\u00edcias\",\"description\":\"Not\u00edcias em geral\",\"publisher\":{\"@id\":\"https:\/\/jornalfatosenoticias.com.br\/#organization\"},\"potentialAction\":[{\"@type\":\"SearchAction\",\"target\":{\"@type\":\"EntryPoint\",\"urlTemplate\":\"https:\/\/jornalfatosenoticias.com.br\/?s={search_term_string}\"},\"query-input\":{\"@type\":\"PropertyValueSpecification\",\"valueRequired\":true,\"valueName\":\"search_term_string\"}}],\"inLanguage\":\"pt-BR\"},{\"@type\":\"Organization\",\"@id\":\"https:\/\/jornalfatosenoticias.com.br\/#organization\",\"name\":\"Jornal Fatos e Not\u00edcias\",\"url\":\"https:\/\/jornalfatosenoticias.com.br\/\",\"logo\":{\"@type\":\"ImageObject\",\"inLanguage\":\"pt-BR\",\"@id\":\"https:\/\/jornalfatosenoticias.com.br\/#\/schema\/logo\/image\/\",\"url\":\"https:\/\/jornalfatosenoticias.com.br\/wp-content\/uploads\/2020\/02\/logo120.png\",\"contentUrl\":\"https:\/\/jornalfatosenoticias.com.br\/wp-content\/uploads\/2020\/02\/logo120.png\",\"width\":1227,\"height\":120,\"caption\":\"Jornal Fatos e Not\u00edcias\"},\"image\":{\"@id\":\"https:\/\/jornalfatosenoticias.com.br\/#\/schema\/logo\/image\/\"}},{\"@type\":\"Person\",\"@id\":\"https:\/\/jornalfatosenoticias.com.br\/#\/schema\/person\/d63837fa13ac8666eb9e74e0985d6f81\",\"name\":\"Luzimara Fernandes\",\"image\":{\"@type\":\"ImageObject\",\"inLanguage\":\"pt-BR\",\"@id\":\"https:\/\/jornalfatosenoticias.com.br\/#\/schema\/person\/image\/\",\"url\":\"https:\/\/jornalfatosenoticias.com.br\/wp-content\/uploads\/2025\/05\/EU_portal.jpg\",\"contentUrl\":\"https:\/\/jornalfatosenoticias.com.br\/wp-content\/uploads\/2025\/05\/EU_portal.jpg\",\"caption\":\"Luzimara Fernandes\"},\"description\":\"Jornalista MTB 2358-ES\",\"sameAs\":[\"https:\/\/jornalfatosenoticias.com.br\"],\"url\":\"https:\/\/jornalfatosenoticias.com.br\/index.php\/author\/luzimara\/\"}]}<\/script>\n<!-- \/ Yoast SEO plugin. -->","yoast_head_json":{"title":"Uso excessivo de celular por alunos prejudica aprendizado - Jornal Fatos e Not\u00edcias","robots":{"index":"index","follow":"follow","max-snippet":"max-snippet:-1","max-image-preview":"max-image-preview:large","max-video-preview":"max-video-preview:-1"},"canonical":"https:\/\/jornalfatosenoticias.com.br\/index.php\/2023\/12\/18\/uso-excessivo-de-celular-por-alunos-prejudica-aprendizado\/","og_locale":"pt_BR","og_type":"article","og_title":"Uso excessivo de celular por alunos prejudica aprendizado - Jornal Fatos e Not\u00edcias","og_description":"Estudantes que usam aparelhos eletr\u00f4nicos em sala tiveram resultado pior no Pisa; proibi\u00e7\u00e3o n\u00e3o leva a melhor resultado Alunos que usam a internet na escola por cinco a sete horas por dia tiveram pontua\u00e7\u00e3o mais baixa no Programa Internacional de Avalia\u00e7\u00e3o dos Estudantes (Pisa) de 2022 do que os que restringem o uso a aproximadamente [&hellip;]","og_url":"https:\/\/jornalfatosenoticias.com.br\/index.php\/2023\/12\/18\/uso-excessivo-de-celular-por-alunos-prejudica-aprendizado\/","og_site_name":"Jornal Fatos e Not\u00edcias","article_published_time":"2023-12-18T20:06:10+00:00","article_modified_time":"2023-12-18T20:06:11+00:00","og_image":[{"width":612,"height":408,"url":"https:\/\/jornalfatosenoticias.com.br\/wp-content\/uploads\/2023\/12\/adolescentes-celular_istock.jpg","type":"image\/jpeg"}],"author":"Luzimara Fernandes","twitter_card":"summary_large_image","twitter_misc":{"Escrito por":"Luzimara Fernandes","Est. tempo de leitura":"3 minutos"},"schema":{"@context":"https:\/\/schema.org","@graph":[{"@type":"Article","@id":"https:\/\/jornalfatosenoticias.com.br\/index.php\/2023\/12\/18\/uso-excessivo-de-celular-por-alunos-prejudica-aprendizado\/#article","isPartOf":{"@id":"https:\/\/jornalfatosenoticias.com.br\/index.php\/2023\/12\/18\/uso-excessivo-de-celular-por-alunos-prejudica-aprendizado\/"},"author":{"name":"Luzimara Fernandes","@id":"https:\/\/jornalfatosenoticias.com.br\/#\/schema\/person\/d63837fa13ac8666eb9e74e0985d6f81"},"headline":"Uso excessivo de celular por alunos prejudica aprendizado","datePublished":"2023-12-18T20:06:10+00:00","dateModified":"2023-12-18T20:06:11+00:00","mainEntityOfPage":{"@id":"https:\/\/jornalfatosenoticias.com.br\/index.php\/2023\/12\/18\/uso-excessivo-de-celular-por-alunos-prejudica-aprendizado\/"},"wordCount":508,"commentCount":0,"publisher":{"@id":"https:\/\/jornalfatosenoticias.com.br\/#organization"},"image":{"@id":"https:\/\/jornalfatosenoticias.com.br\/index.php\/2023\/12\/18\/uso-excessivo-de-celular-por-alunos-prejudica-aprendizado\/#primaryimage"},"thumbnailUrl":"https:\/\/jornalfatosenoticias.com.br\/wp-content\/uploads\/2023\/12\/adolescentes-celular_istock.jpg","keywords":["educa\u00e7\u00e3o","internet","OCDE","Pisa"],"articleSection":["Educa\u00e7\u00e3o"],"inLanguage":"pt-BR","potentialAction":[{"@type":"CommentAction","name":"Comment","target":["https:\/\/jornalfatosenoticias.com.br\/index.php\/2023\/12\/18\/uso-excessivo-de-celular-por-alunos-prejudica-aprendizado\/#respond"]}]},{"@type":"WebPage","@id":"https:\/\/jornalfatosenoticias.com.br\/index.php\/2023\/12\/18\/uso-excessivo-de-celular-por-alunos-prejudica-aprendizado\/","url":"https:\/\/jornalfatosenoticias.com.br\/index.php\/2023\/12\/18\/uso-excessivo-de-celular-por-alunos-prejudica-aprendizado\/","name":"Uso excessivo de celular por alunos prejudica aprendizado - Jornal Fatos e Not\u00edcias","isPartOf":{"@id":"https:\/\/jornalfatosenoticias.com.br\/#website"},"primaryImageOfPage":{"@id":"https:\/\/jornalfatosenoticias.com.br\/index.php\/2023\/12\/18\/uso-excessivo-de-celular-por-alunos-prejudica-aprendizado\/#primaryimage"},"image":{"@id":"https:\/\/jornalfatosenoticias.com.br\/index.php\/2023\/12\/18\/uso-excessivo-de-celular-por-alunos-prejudica-aprendizado\/#primaryimage"},"thumbnailUrl":"https:\/\/jornalfatosenoticias.com.br\/wp-content\/uploads\/2023\/12\/adolescentes-celular_istock.jpg","datePublished":"2023-12-18T20:06:10+00:00","dateModified":"2023-12-18T20:06:11+00:00","breadcrumb":{"@id":"https:\/\/jornalfatosenoticias.com.br\/index.php\/2023\/12\/18\/uso-excessivo-de-celular-por-alunos-prejudica-aprendizado\/#breadcrumb"},"inLanguage":"pt-BR","potentialAction":[{"@type":"ReadAction","target":["https:\/\/jornalfatosenoticias.com.br\/index.php\/2023\/12\/18\/uso-excessivo-de-celular-por-alunos-prejudica-aprendizado\/"]}]},{"@type":"ImageObject","inLanguage":"pt-BR","@id":"https:\/\/jornalfatosenoticias.com.br\/index.php\/2023\/12\/18\/uso-excessivo-de-celular-por-alunos-prejudica-aprendizado\/#primaryimage","url":"https:\/\/jornalfatosenoticias.com.br\/wp-content\/uploads\/2023\/12\/adolescentes-celular_istock.jpg","contentUrl":"https:\/\/jornalfatosenoticias.com.br\/wp-content\/uploads\/2023\/12\/adolescentes-celular_istock.jpg","width":612,"height":408,"caption":"Group of teenage students standing in schoolyard and using mobile phones. They are very happy and playful."},{"@type":"BreadcrumbList","@id":"https:\/\/jornalfatosenoticias.com.br\/index.php\/2023\/12\/18\/uso-excessivo-de-celular-por-alunos-prejudica-aprendizado\/#breadcrumb","itemListElement":[{"@type":"ListItem","position":1,"name":"In\u00edcio","item":"https:\/\/jornalfatosenoticias.com.br\/"},{"@type":"ListItem","position":2,"name":"Uso excessivo de celular por alunos prejudica aprendizado"}]},{"@type":"WebSite","@id":"https:\/\/jornalfatosenoticias.com.br\/#website","url":"https:\/\/jornalfatosenoticias.com.br\/","name":"Jornal Fatos e Not\u00edcias","description":"Not\u00edcias em geral","publisher":{"@id":"https:\/\/jornalfatosenoticias.com.br\/#organization"},"potentialAction":[{"@type":"SearchAction","target":{"@type":"EntryPoint","urlTemplate":"https:\/\/jornalfatosenoticias.com.br\/?s={search_term_string}"},"query-input":{"@type":"PropertyValueSpecification","valueRequired":true,"valueName":"search_term_string"}}],"inLanguage":"pt-BR"},{"@type":"Organization","@id":"https:\/\/jornalfatosenoticias.com.br\/#organization","name":"Jornal Fatos e Not\u00edcias","url":"https:\/\/jornalfatosenoticias.com.br\/","logo":{"@type":"ImageObject","inLanguage":"pt-BR","@id":"https:\/\/jornalfatosenoticias.com.br\/#\/schema\/logo\/image\/","url":"https:\/\/jornalfatosenoticias.com.br\/wp-content\/uploads\/2020\/02\/logo120.png","contentUrl":"https:\/\/jornalfatosenoticias.com.br\/wp-content\/uploads\/2020\/02\/logo120.png","width":1227,"height":120,"caption":"Jornal Fatos e Not\u00edcias"},"image":{"@id":"https:\/\/jornalfatosenoticias.com.br\/#\/schema\/logo\/image\/"}},{"@type":"Person","@id":"https:\/\/jornalfatosenoticias.com.br\/#\/schema\/person\/d63837fa13ac8666eb9e74e0985d6f81","name":"Luzimara Fernandes","image":{"@type":"ImageObject","inLanguage":"pt-BR","@id":"https:\/\/jornalfatosenoticias.com.br\/#\/schema\/person\/image\/","url":"https:\/\/jornalfatosenoticias.com.br\/wp-content\/uploads\/2025\/05\/EU_portal.jpg","contentUrl":"https:\/\/jornalfatosenoticias.com.br\/wp-content\/uploads\/2025\/05\/EU_portal.jpg","caption":"Luzimara Fernandes"},"description":"Jornalista MTB 2358-ES","sameAs":["https:\/\/jornalfatosenoticias.com.br"],"url":"https:\/\/jornalfatosenoticias.com.br\/index.php\/author\/luzimara\/"}]}},"cc_featured_image_caption":{"caption_text":"(Foto: iStock) ","source_text":"","source_url":""},"jetpack_featured_media_url":"https:\/\/jornalfatosenoticias.com.br\/wp-content\/uploads\/2023\/12\/adolescentes-celular_istock.jpg","_links":{"self":[{"href":"https:\/\/jornalfatosenoticias.com.br\/index.php\/wp-json\/wp\/v2\/posts\/47835","targetHints":{"allow":["GET"]}}],"collection":[{"href":"https:\/\/jornalfatosenoticias.com.br\/index.php\/wp-json\/wp\/v2\/posts"}],"about":[{"href":"https:\/\/jornalfatosenoticias.com.br\/index.php\/wp-json\/wp\/v2\/types\/post"}],"author":[{"embeddable":true,"href":"https:\/\/jornalfatosenoticias.com.br\/index.php\/wp-json\/wp\/v2\/users\/2"}],"replies":[{"embeddable":true,"href":"https:\/\/jornalfatosenoticias.com.br\/index.php\/wp-json\/wp\/v2\/comments?post=47835"}],"version-history":[{"count":0,"href":"https:\/\/jornalfatosenoticias.com.br\/index.php\/wp-json\/wp\/v2\/posts\/47835\/revisions"}],"wp:featuredmedia":[{"embeddable":true,"href":"https:\/\/jornalfatosenoticias.com.br\/index.php\/wp-json\/wp\/v2\/media\/47836"}],"wp:attachment":[{"href":"https:\/\/jornalfatosenoticias.com.br\/index.php\/wp-json\/wp\/v2\/media?parent=47835"}],"wp:term":[{"taxonomy":"category","embeddable":true,"href":"https:\/\/jornalfatosenoticias.com.br\/index.php\/wp-json\/wp\/v2\/categories?post=47835"},{"taxonomy":"post_tag","embeddable":true,"href":"https:\/\/jornalfatosenoticias.com.br\/index.php\/wp-json\/wp\/v2\/tags?post=47835"}],"curies":[{"name":"wp","href":"https:\/\/api.w.org\/{rel}","templated":true}]}}