{"id":47851,"date":"2023-12-19T09:07:42","date_gmt":"2023-12-19T12:07:42","guid":{"rendered":"https:\/\/jornalfatosenoticias.com.br\/?p=47851"},"modified":"2023-12-19T09:07:43","modified_gmt":"2023-12-19T12:07:43","slug":"nova-vacina-promete-combater-cancer-de-mama-agressivo","status":"publish","type":"post","link":"https:\/\/jornalfatosenoticias.com.br\/index.php\/2023\/12\/19\/nova-vacina-promete-combater-cancer-de-mama-agressivo\/","title":{"rendered":"Nova vacina promete combater c\u00e2ncer de mama agressivo"},"content":{"rendered":"\n<p><em><span class=\"has-inline-color has-black-color\">Na Fase 1 do estudo cl\u00ednico, todas as volunt\u00e1rias produziram respostas imunol\u00f3gicas robustas contra o tumor<\/span><\/em><\/p>\n\n\n\n<p><span class=\"has-inline-color has-black-color\">Por <strong><a href=\"https:\/\/olhardigital.com.br\/author\/rodrigo-mozelli\/\">Rodrigo Mozelli<\/a>\u00a0<\/strong><\/span><\/p>\n\n\n\n<div class=\"wp-block-image\"><figure class=\"aligncenter size-large\"><img loading=\"lazy\" decoding=\"async\" width=\"729\" height=\"90\" src=\"https:\/\/jornalfatosenoticias.com.br\/wp-content\/uploads\/2020\/02\/Logo_Mizu.png\" alt=\"\" class=\"wp-image-1441\" srcset=\"https:\/\/jornalfatosenoticias.com.br\/wp-content\/uploads\/2020\/02\/Logo_Mizu.png 729w, https:\/\/jornalfatosenoticias.com.br\/wp-content\/uploads\/2020\/02\/Logo_Mizu-300x37.png 300w\" sizes=\"auto, (max-width: 729px) 100vw, 729px\" \/><\/figure><\/div>\n\n\n\n<p>Os cientistas da empresa de biotecnologia <em><a href=\"https:\/\/ir.anixa.com\/press-releases\/detail\/1030\/anixa-biosciences-and-cleveland-clinic-present-positive-new\" target=\"_blank\" rel=\"noreferrer noopener\">Anixa Biosciences<\/a><\/em>\u00a0anunciaram resultados promissores da nova vacina que pode impedir o retorno de casos mais agressivos de\u00a0<a href=\"https:\/\/olhardigital.com.br\/2023\/12\/07\/medicina-e-saude\/pilula-diaria-ajuda-a-combater-o-cancer-metastatico-aponta-pesquisa\/\" target=\"_blank\" rel=\"noreferrer noopener\">c\u00e2ncer<\/a> de mama. Na Fase 1 do estudo cl\u00ednico, todas as volunt\u00e1rias produziram respostas imunol\u00f3gicas robustas contra o tumor.<br>A <a href=\"https:\/\/olhardigital.com.br\/2023\/12\/14\/medicina-e-saude\/covid-19-apenas-17-dos-brasileiros-tomaram-a-vacina-bivalente\/\" target=\"_blank\" rel=\"noreferrer noopener\">vacina<\/a>\u00a0foi projetada para direcionar o sistema imunol\u00f3gico para destruir as c\u00e9lulas cancer\u00edgenas do c\u00e2ncer de mama triplo negativo (CMTN) por meio de mecanismo inovador. O CMTN \u00e9 um tipo agressivo de c\u00e2ncer de mama que n\u00e3o possui receptores para\u00a0<a href=\"https:\/\/olhardigital.com.br\/2022\/09\/09\/medicina-e-saude\/o-que-sao-implantes-hormonais-bioabsorviveis\/\" target=\"_blank\" rel=\"noreferrer noopener\">horm\u00f4nios<\/a> e nem produz uma prote\u00edna conhecida como HER2.<br>A maioria dos tratamentos oncol\u00f3gicos dispon\u00edveis foca em atingir os receptores hormonais ou a prote\u00edna HER2, o que reduz a efic\u00e1cia das terapias no CMTN. Al\u00e9m disso, esse tipo de tumor costuma crescer mais r\u00e1pido, tornando-o mais agressivo.<\/p>\n\n\n\n<div class=\"wp-block-image\"><figure class=\"aligncenter size-large is-resized\"><img loading=\"lazy\" decoding=\"async\" src=\"https:\/\/jornalfatosenoticias.com.br\/wp-content\/uploads\/2022\/10\/Arte-jornal-Zucchi-600x600_Prancheta-1-1024x1024.jpg\" alt=\"\" class=\"wp-image-34782\" width=\"278\" height=\"278\" srcset=\"https:\/\/jornalfatosenoticias.com.br\/wp-content\/uploads\/2022\/10\/Arte-jornal-Zucchi-600x600_Prancheta-1-1024x1024.jpg 1024w, https:\/\/jornalfatosenoticias.com.br\/wp-content\/uploads\/2022\/10\/Arte-jornal-Zucchi-600x600_Prancheta-1-300x300.jpg 300w, https:\/\/jornalfatosenoticias.com.br\/wp-content\/uploads\/2022\/10\/Arte-jornal-Zucchi-600x600_Prancheta-1-150x150.jpg 150w, https:\/\/jornalfatosenoticias.com.br\/wp-content\/uploads\/2022\/10\/Arte-jornal-Zucchi-600x600_Prancheta-1-768x768.jpg 768w, https:\/\/jornalfatosenoticias.com.br\/wp-content\/uploads\/2022\/10\/Arte-jornal-Zucchi-600x600_Prancheta-1.jpg 1250w\" sizes=\"auto, (max-width: 278px) 100vw, 278px\" \/><\/figure><\/div>\n\n\n\n<h3 class=\"wp-block-heading\"><span class=\"has-inline-color has-vivid-purple-color\">Estudo Cl\u00ednico e Resultados<\/span><\/h3>\n\n\n\n<ul class=\"wp-block-list\"><li>Nos primeiros testes cl\u00ednicos, 16 mulheres j\u00e1 tratadas para c\u00e2ncer de mama triplo negativo receberam a vacina desenvolvida pela Anixa;<\/li><li>Foram administradas tr\u00eas doses da vacina com intervalo de duas semanas entre cada uma;<\/li><li>Os resultados mostraram respostas imunol\u00f3gicas promissoras, medidas por meio da contagem dos linf\u00f3citos T e B;<\/li><li>A resposta das c\u00e9lulas T foi observada em 75% das pacientes, enquanto a produ\u00e7\u00e3o dos linf\u00f3citos B foi encontrada em concentra\u00e7\u00f5es mais altas da vacina;<\/li><li>Os efeitos adversos relatados foram leves, destacando a irrita\u00e7\u00e3o no local de aplica\u00e7\u00e3o como o mais comum.<\/li><\/ul>\n\n\n\n<div class=\"wp-block-image\"><figure class=\"aligncenter size-large\"><img loading=\"lazy\" decoding=\"async\" width=\"300\" height=\"250\" src=\"https:\/\/jornalfatosenoticias.com.br\/wp-content\/uploads\/2020\/02\/Banner-2.png\" alt=\"\" class=\"wp-image-43787\"\/><\/figure><\/div>\n\n\n\n<p>O estudo foi apresentado durante o Simp\u00f3sio sobre C\u00e2ncer de Mama de San Antonio, realizado nos Estados Unidos em 2023. No entanto, os resultados ainda n\u00e3o foram publicados em revistas cient\u00edficas nem passaram pela revis\u00e3o de pares.<\/p>\n\n\n\n<div class=\"wp-block-image\"><figure class=\"aligncenter size-large is-resized\"><img loading=\"lazy\" decoding=\"async\" src=\"https:\/\/jornalfatosenoticias.com.br\/wp-content\/uploads\/2020\/02\/logo-Rapuzel-1024x571.jpg\" alt=\"\" class=\"wp-image-42808\" width=\"307\" height=\"171\" srcset=\"https:\/\/jornalfatosenoticias.com.br\/wp-content\/uploads\/2020\/02\/logo-Rapuzel-1024x571.jpg 1024w, https:\/\/jornalfatosenoticias.com.br\/wp-content\/uploads\/2020\/02\/logo-Rapuzel-300x167.jpg 300w, https:\/\/jornalfatosenoticias.com.br\/wp-content\/uploads\/2020\/02\/logo-Rapuzel-768x428.jpg 768w, https:\/\/jornalfatosenoticias.com.br\/wp-content\/uploads\/2020\/02\/logo-Rapuzel-1536x856.jpg 1536w, https:\/\/jornalfatosenoticias.com.br\/wp-content\/uploads\/2020\/02\/logo-Rapuzel.jpg 1600w\" sizes=\"auto, (max-width: 307px) 100vw, 307px\" \/><\/figure><\/div>\n\n\n\n<p>A Anixa Biosciences planeja realizar novo estudo cl\u00ednico para avaliar os efeitos da vacina em combina\u00e7\u00e3o com o rem\u00e9dio Keytruda, utilizado no tratamento de diferentes tipos de c\u00e2ncer. Essa pesquisa abrir\u00e1 novas perspectivas e poss\u00edveis avan\u00e7os no campo da imunoterapia contra o c\u00e2ncer.<\/p>\n\n\n\n<div class=\"wp-block-image\"><figure class=\"aligncenter size-large is-resized\"><img loading=\"lazy\" decoding=\"async\" src=\"https:\/\/jornalfatosenoticias.com.br\/wp-content\/uploads\/2023\/09\/vetorvix1024_1.jpg\" alt=\"\" class=\"wp-image-44868\" width=\"509\" height=\"135\" srcset=\"https:\/\/jornalfatosenoticias.com.br\/wp-content\/uploads\/2023\/09\/vetorvix1024_1.jpg 1024w, https:\/\/jornalfatosenoticias.com.br\/wp-content\/uploads\/2023\/09\/vetorvix1024_1-300x80.jpg 300w, https:\/\/jornalfatosenoticias.com.br\/wp-content\/uploads\/2023\/09\/vetorvix1024_1-768x205.jpg 768w\" sizes=\"auto, (max-width: 509px) 100vw, 509px\" \/><\/figure><\/div>\n\n\n\n<p><strong><em>Fonte: <a href=\"https:\/\/olhardigital.com.br\/2023\/12\/15\/ciencia-e-espaco\/nova-vacina-promete-combater-cancer-de-mama-agressivo\/\">Olhar Digital<\/a><\/em><\/strong><\/p>\n","protected":false},"excerpt":{"rendered":"<p>Na Fase 1 do estudo cl\u00ednico, todas as volunt\u00e1rias produziram respostas imunol\u00f3gicas robustas contra o tumor Por Rodrigo Mozelli\u00a0 Os cientistas da empresa de biotecnologia Anixa Biosciences\u00a0anunciaram resultados promissores da nova vacina que pode impedir o retorno de casos mais agressivos de\u00a0c\u00e2ncer de mama. Na Fase 1 do estudo cl\u00ednico, todas as volunt\u00e1rias produziram respostas [&hellip;]<\/p>\n","protected":false},"author":2,"featured_media":47852,"comment_status":"open","ping_status":"open","sticky":false,"template":"","format":"standard","meta":{"footnotes":""},"categories":[11],"tags":[3383,22360,4321,563],"class_list":["post-47851","post","type-post","status-publish","format-standard","has-post-thumbnail","hentry","category-saude","tag-cancer-de-mama","tag-cancer-de-mama-agressivo","tag-tumor","tag-vacina"],"yoast_head":"<!-- This site is optimized with the Yoast SEO plugin v26.5 - https:\/\/yoast.com\/wordpress\/plugins\/seo\/ -->\n<title>Nova vacina promete combater c\u00e2ncer de mama agressivo - Jornal Fatos e Not\u00edcias<\/title>\n<meta name=\"robots\" content=\"index, follow, max-snippet:-1, max-image-preview:large, max-video-preview:-1\" \/>\n<link rel=\"canonical\" href=\"https:\/\/jornalfatosenoticias.com.br\/index.php\/2023\/12\/19\/nova-vacina-promete-combater-cancer-de-mama-agressivo\/\" \/>\n<meta property=\"og:locale\" content=\"pt_BR\" \/>\n<meta property=\"og:type\" content=\"article\" \/>\n<meta property=\"og:title\" content=\"Nova vacina promete combater c\u00e2ncer de mama agressivo - Jornal Fatos e Not\u00edcias\" \/>\n<meta property=\"og:description\" content=\"Na Fase 1 do estudo cl\u00ednico, todas as volunt\u00e1rias produziram respostas imunol\u00f3gicas robustas contra o tumor Por Rodrigo Mozelli\u00a0 Os cientistas da empresa de biotecnologia Anixa Biosciences\u00a0anunciaram resultados promissores da nova vacina que pode impedir o retorno de casos mais agressivos de\u00a0c\u00e2ncer de mama. Na Fase 1 do estudo cl\u00ednico, todas as volunt\u00e1rias produziram respostas [&hellip;]\" \/>\n<meta property=\"og:url\" content=\"https:\/\/jornalfatosenoticias.com.br\/index.php\/2023\/12\/19\/nova-vacina-promete-combater-cancer-de-mama-agressivo\/\" \/>\n<meta property=\"og:site_name\" content=\"Jornal Fatos e Not\u00edcias\" \/>\n<meta property=\"article:published_time\" content=\"2023-12-19T12:07:42+00:00\" \/>\n<meta property=\"article:modified_time\" content=\"2023-12-19T12:07:43+00:00\" \/>\n<meta property=\"og:image\" content=\"https:\/\/jornalfatosenoticias.com.br\/wp-content\/uploads\/2023\/12\/vacina-cancer_istock.jpg\" \/>\n\t<meta property=\"og:image:width\" content=\"612\" \/>\n\t<meta property=\"og:image:height\" content=\"408\" \/>\n\t<meta property=\"og:image:type\" content=\"image\/jpeg\" \/>\n<meta name=\"author\" content=\"Luzimara Fernandes\" \/>\n<meta name=\"twitter:card\" content=\"summary_large_image\" \/>\n<meta name=\"twitter:label1\" content=\"Escrito por\" \/>\n\t<meta name=\"twitter:data1\" content=\"Luzimara Fernandes\" \/>\n\t<meta name=\"twitter:label2\" content=\"Est. tempo de leitura\" \/>\n\t<meta name=\"twitter:data2\" content=\"2 minutos\" \/>\n<script type=\"application\/ld+json\" class=\"yoast-schema-graph\">{\"@context\":\"https:\/\/schema.org\",\"@graph\":[{\"@type\":\"Article\",\"@id\":\"https:\/\/jornalfatosenoticias.com.br\/index.php\/2023\/12\/19\/nova-vacina-promete-combater-cancer-de-mama-agressivo\/#article\",\"isPartOf\":{\"@id\":\"https:\/\/jornalfatosenoticias.com.br\/index.php\/2023\/12\/19\/nova-vacina-promete-combater-cancer-de-mama-agressivo\/\"},\"author\":{\"name\":\"Luzimara Fernandes\",\"@id\":\"https:\/\/jornalfatosenoticias.com.br\/#\/schema\/person\/d63837fa13ac8666eb9e74e0985d6f81\"},\"headline\":\"Nova vacina promete combater c\u00e2ncer de mama agressivo\",\"datePublished\":\"2023-12-19T12:07:42+00:00\",\"dateModified\":\"2023-12-19T12:07:43+00:00\",\"mainEntityOfPage\":{\"@id\":\"https:\/\/jornalfatosenoticias.com.br\/index.php\/2023\/12\/19\/nova-vacina-promete-combater-cancer-de-mama-agressivo\/\"},\"wordCount\":377,\"commentCount\":0,\"publisher\":{\"@id\":\"https:\/\/jornalfatosenoticias.com.br\/#organization\"},\"image\":{\"@id\":\"https:\/\/jornalfatosenoticias.com.br\/index.php\/2023\/12\/19\/nova-vacina-promete-combater-cancer-de-mama-agressivo\/#primaryimage\"},\"thumbnailUrl\":\"https:\/\/jornalfatosenoticias.com.br\/wp-content\/uploads\/2023\/12\/vacina-cancer_istock.jpg\",\"keywords\":[\"c\u00e2ncer de mama\",\"c\u00e2ncer de mama agressivo\",\"tumor\",\"vacina\"],\"articleSection\":[\"Sa\u00fade\"],\"inLanguage\":\"pt-BR\",\"potentialAction\":[{\"@type\":\"CommentAction\",\"name\":\"Comment\",\"target\":[\"https:\/\/jornalfatosenoticias.com.br\/index.php\/2023\/12\/19\/nova-vacina-promete-combater-cancer-de-mama-agressivo\/#respond\"]}]},{\"@type\":\"WebPage\",\"@id\":\"https:\/\/jornalfatosenoticias.com.br\/index.php\/2023\/12\/19\/nova-vacina-promete-combater-cancer-de-mama-agressivo\/\",\"url\":\"https:\/\/jornalfatosenoticias.com.br\/index.php\/2023\/12\/19\/nova-vacina-promete-combater-cancer-de-mama-agressivo\/\",\"name\":\"Nova vacina promete combater c\u00e2ncer de mama agressivo - Jornal Fatos e Not\u00edcias\",\"isPartOf\":{\"@id\":\"https:\/\/jornalfatosenoticias.com.br\/#website\"},\"primaryImageOfPage\":{\"@id\":\"https:\/\/jornalfatosenoticias.com.br\/index.php\/2023\/12\/19\/nova-vacina-promete-combater-cancer-de-mama-agressivo\/#primaryimage\"},\"image\":{\"@id\":\"https:\/\/jornalfatosenoticias.com.br\/index.php\/2023\/12\/19\/nova-vacina-promete-combater-cancer-de-mama-agressivo\/#primaryimage\"},\"thumbnailUrl\":\"https:\/\/jornalfatosenoticias.com.br\/wp-content\/uploads\/2023\/12\/vacina-cancer_istock.jpg\",\"datePublished\":\"2023-12-19T12:07:42+00:00\",\"dateModified\":\"2023-12-19T12:07:43+00:00\",\"breadcrumb\":{\"@id\":\"https:\/\/jornalfatosenoticias.com.br\/index.php\/2023\/12\/19\/nova-vacina-promete-combater-cancer-de-mama-agressivo\/#breadcrumb\"},\"inLanguage\":\"pt-BR\",\"potentialAction\":[{\"@type\":\"ReadAction\",\"target\":[\"https:\/\/jornalfatosenoticias.com.br\/index.php\/2023\/12\/19\/nova-vacina-promete-combater-cancer-de-mama-agressivo\/\"]}]},{\"@type\":\"ImageObject\",\"inLanguage\":\"pt-BR\",\"@id\":\"https:\/\/jornalfatosenoticias.com.br\/index.php\/2023\/12\/19\/nova-vacina-promete-combater-cancer-de-mama-agressivo\/#primaryimage\",\"url\":\"https:\/\/jornalfatosenoticias.com.br\/wp-content\/uploads\/2023\/12\/vacina-cancer_istock.jpg\",\"contentUrl\":\"https:\/\/jornalfatosenoticias.com.br\/wp-content\/uploads\/2023\/12\/vacina-cancer_istock.jpg\",\"width\":612,\"height\":408,\"caption\":\"Gloved Hand Holding Cancer Vaccine with Syringe on Orange Background\"},{\"@type\":\"BreadcrumbList\",\"@id\":\"https:\/\/jornalfatosenoticias.com.br\/index.php\/2023\/12\/19\/nova-vacina-promete-combater-cancer-de-mama-agressivo\/#breadcrumb\",\"itemListElement\":[{\"@type\":\"ListItem\",\"position\":1,\"name\":\"In\u00edcio\",\"item\":\"https:\/\/jornalfatosenoticias.com.br\/\"},{\"@type\":\"ListItem\",\"position\":2,\"name\":\"Nova vacina promete combater c\u00e2ncer de mama agressivo\"}]},{\"@type\":\"WebSite\",\"@id\":\"https:\/\/jornalfatosenoticias.com.br\/#website\",\"url\":\"https:\/\/jornalfatosenoticias.com.br\/\",\"name\":\"Jornal Fatos e Not\u00edcias\",\"description\":\"Not\u00edcias em geral\",\"publisher\":{\"@id\":\"https:\/\/jornalfatosenoticias.com.br\/#organization\"},\"potentialAction\":[{\"@type\":\"SearchAction\",\"target\":{\"@type\":\"EntryPoint\",\"urlTemplate\":\"https:\/\/jornalfatosenoticias.com.br\/?s={search_term_string}\"},\"query-input\":{\"@type\":\"PropertyValueSpecification\",\"valueRequired\":true,\"valueName\":\"search_term_string\"}}],\"inLanguage\":\"pt-BR\"},{\"@type\":\"Organization\",\"@id\":\"https:\/\/jornalfatosenoticias.com.br\/#organization\",\"name\":\"Jornal Fatos e Not\u00edcias\",\"url\":\"https:\/\/jornalfatosenoticias.com.br\/\",\"logo\":{\"@type\":\"ImageObject\",\"inLanguage\":\"pt-BR\",\"@id\":\"https:\/\/jornalfatosenoticias.com.br\/#\/schema\/logo\/image\/\",\"url\":\"https:\/\/jornalfatosenoticias.com.br\/wp-content\/uploads\/2020\/02\/logo120.png\",\"contentUrl\":\"https:\/\/jornalfatosenoticias.com.br\/wp-content\/uploads\/2020\/02\/logo120.png\",\"width\":1227,\"height\":120,\"caption\":\"Jornal Fatos e Not\u00edcias\"},\"image\":{\"@id\":\"https:\/\/jornalfatosenoticias.com.br\/#\/schema\/logo\/image\/\"}},{\"@type\":\"Person\",\"@id\":\"https:\/\/jornalfatosenoticias.com.br\/#\/schema\/person\/d63837fa13ac8666eb9e74e0985d6f81\",\"name\":\"Luzimara Fernandes\",\"image\":{\"@type\":\"ImageObject\",\"inLanguage\":\"pt-BR\",\"@id\":\"https:\/\/jornalfatosenoticias.com.br\/#\/schema\/person\/image\/\",\"url\":\"https:\/\/jornalfatosenoticias.com.br\/wp-content\/uploads\/2025\/05\/EU_portal.jpg\",\"contentUrl\":\"https:\/\/jornalfatosenoticias.com.br\/wp-content\/uploads\/2025\/05\/EU_portal.jpg\",\"caption\":\"Luzimara Fernandes\"},\"description\":\"Jornalista MTB 2358-ES\",\"sameAs\":[\"https:\/\/jornalfatosenoticias.com.br\"],\"url\":\"https:\/\/jornalfatosenoticias.com.br\/index.php\/author\/luzimara\/\"}]}<\/script>\n<!-- \/ Yoast SEO plugin. -->","yoast_head_json":{"title":"Nova vacina promete combater c\u00e2ncer de mama agressivo - Jornal Fatos e Not\u00edcias","robots":{"index":"index","follow":"follow","max-snippet":"max-snippet:-1","max-image-preview":"max-image-preview:large","max-video-preview":"max-video-preview:-1"},"canonical":"https:\/\/jornalfatosenoticias.com.br\/index.php\/2023\/12\/19\/nova-vacina-promete-combater-cancer-de-mama-agressivo\/","og_locale":"pt_BR","og_type":"article","og_title":"Nova vacina promete combater c\u00e2ncer de mama agressivo - Jornal Fatos e Not\u00edcias","og_description":"Na Fase 1 do estudo cl\u00ednico, todas as volunt\u00e1rias produziram respostas imunol\u00f3gicas robustas contra o tumor Por Rodrigo Mozelli\u00a0 Os cientistas da empresa de biotecnologia Anixa Biosciences\u00a0anunciaram resultados promissores da nova vacina que pode impedir o retorno de casos mais agressivos de\u00a0c\u00e2ncer de mama. Na Fase 1 do estudo cl\u00ednico, todas as volunt\u00e1rias produziram respostas [&hellip;]","og_url":"https:\/\/jornalfatosenoticias.com.br\/index.php\/2023\/12\/19\/nova-vacina-promete-combater-cancer-de-mama-agressivo\/","og_site_name":"Jornal Fatos e Not\u00edcias","article_published_time":"2023-12-19T12:07:42+00:00","article_modified_time":"2023-12-19T12:07:43+00:00","og_image":[{"width":612,"height":408,"url":"https:\/\/jornalfatosenoticias.com.br\/wp-content\/uploads\/2023\/12\/vacina-cancer_istock.jpg","type":"image\/jpeg"}],"author":"Luzimara Fernandes","twitter_card":"summary_large_image","twitter_misc":{"Escrito por":"Luzimara Fernandes","Est. tempo de leitura":"2 minutos"},"schema":{"@context":"https:\/\/schema.org","@graph":[{"@type":"Article","@id":"https:\/\/jornalfatosenoticias.com.br\/index.php\/2023\/12\/19\/nova-vacina-promete-combater-cancer-de-mama-agressivo\/#article","isPartOf":{"@id":"https:\/\/jornalfatosenoticias.com.br\/index.php\/2023\/12\/19\/nova-vacina-promete-combater-cancer-de-mama-agressivo\/"},"author":{"name":"Luzimara Fernandes","@id":"https:\/\/jornalfatosenoticias.com.br\/#\/schema\/person\/d63837fa13ac8666eb9e74e0985d6f81"},"headline":"Nova vacina promete combater c\u00e2ncer de mama agressivo","datePublished":"2023-12-19T12:07:42+00:00","dateModified":"2023-12-19T12:07:43+00:00","mainEntityOfPage":{"@id":"https:\/\/jornalfatosenoticias.com.br\/index.php\/2023\/12\/19\/nova-vacina-promete-combater-cancer-de-mama-agressivo\/"},"wordCount":377,"commentCount":0,"publisher":{"@id":"https:\/\/jornalfatosenoticias.com.br\/#organization"},"image":{"@id":"https:\/\/jornalfatosenoticias.com.br\/index.php\/2023\/12\/19\/nova-vacina-promete-combater-cancer-de-mama-agressivo\/#primaryimage"},"thumbnailUrl":"https:\/\/jornalfatosenoticias.com.br\/wp-content\/uploads\/2023\/12\/vacina-cancer_istock.jpg","keywords":["c\u00e2ncer de mama","c\u00e2ncer de mama agressivo","tumor","vacina"],"articleSection":["Sa\u00fade"],"inLanguage":"pt-BR","potentialAction":[{"@type":"CommentAction","name":"Comment","target":["https:\/\/jornalfatosenoticias.com.br\/index.php\/2023\/12\/19\/nova-vacina-promete-combater-cancer-de-mama-agressivo\/#respond"]}]},{"@type":"WebPage","@id":"https:\/\/jornalfatosenoticias.com.br\/index.php\/2023\/12\/19\/nova-vacina-promete-combater-cancer-de-mama-agressivo\/","url":"https:\/\/jornalfatosenoticias.com.br\/index.php\/2023\/12\/19\/nova-vacina-promete-combater-cancer-de-mama-agressivo\/","name":"Nova vacina promete combater c\u00e2ncer de mama agressivo - Jornal Fatos e Not\u00edcias","isPartOf":{"@id":"https:\/\/jornalfatosenoticias.com.br\/#website"},"primaryImageOfPage":{"@id":"https:\/\/jornalfatosenoticias.com.br\/index.php\/2023\/12\/19\/nova-vacina-promete-combater-cancer-de-mama-agressivo\/#primaryimage"},"image":{"@id":"https:\/\/jornalfatosenoticias.com.br\/index.php\/2023\/12\/19\/nova-vacina-promete-combater-cancer-de-mama-agressivo\/#primaryimage"},"thumbnailUrl":"https:\/\/jornalfatosenoticias.com.br\/wp-content\/uploads\/2023\/12\/vacina-cancer_istock.jpg","datePublished":"2023-12-19T12:07:42+00:00","dateModified":"2023-12-19T12:07:43+00:00","breadcrumb":{"@id":"https:\/\/jornalfatosenoticias.com.br\/index.php\/2023\/12\/19\/nova-vacina-promete-combater-cancer-de-mama-agressivo\/#breadcrumb"},"inLanguage":"pt-BR","potentialAction":[{"@type":"ReadAction","target":["https:\/\/jornalfatosenoticias.com.br\/index.php\/2023\/12\/19\/nova-vacina-promete-combater-cancer-de-mama-agressivo\/"]}]},{"@type":"ImageObject","inLanguage":"pt-BR","@id":"https:\/\/jornalfatosenoticias.com.br\/index.php\/2023\/12\/19\/nova-vacina-promete-combater-cancer-de-mama-agressivo\/#primaryimage","url":"https:\/\/jornalfatosenoticias.com.br\/wp-content\/uploads\/2023\/12\/vacina-cancer_istock.jpg","contentUrl":"https:\/\/jornalfatosenoticias.com.br\/wp-content\/uploads\/2023\/12\/vacina-cancer_istock.jpg","width":612,"height":408,"caption":"Gloved Hand Holding Cancer Vaccine with Syringe on Orange Background"},{"@type":"BreadcrumbList","@id":"https:\/\/jornalfatosenoticias.com.br\/index.php\/2023\/12\/19\/nova-vacina-promete-combater-cancer-de-mama-agressivo\/#breadcrumb","itemListElement":[{"@type":"ListItem","position":1,"name":"In\u00edcio","item":"https:\/\/jornalfatosenoticias.com.br\/"},{"@type":"ListItem","position":2,"name":"Nova vacina promete combater c\u00e2ncer de mama agressivo"}]},{"@type":"WebSite","@id":"https:\/\/jornalfatosenoticias.com.br\/#website","url":"https:\/\/jornalfatosenoticias.com.br\/","name":"Jornal Fatos e Not\u00edcias","description":"Not\u00edcias em geral","publisher":{"@id":"https:\/\/jornalfatosenoticias.com.br\/#organization"},"potentialAction":[{"@type":"SearchAction","target":{"@type":"EntryPoint","urlTemplate":"https:\/\/jornalfatosenoticias.com.br\/?s={search_term_string}"},"query-input":{"@type":"PropertyValueSpecification","valueRequired":true,"valueName":"search_term_string"}}],"inLanguage":"pt-BR"},{"@type":"Organization","@id":"https:\/\/jornalfatosenoticias.com.br\/#organization","name":"Jornal Fatos e Not\u00edcias","url":"https:\/\/jornalfatosenoticias.com.br\/","logo":{"@type":"ImageObject","inLanguage":"pt-BR","@id":"https:\/\/jornalfatosenoticias.com.br\/#\/schema\/logo\/image\/","url":"https:\/\/jornalfatosenoticias.com.br\/wp-content\/uploads\/2020\/02\/logo120.png","contentUrl":"https:\/\/jornalfatosenoticias.com.br\/wp-content\/uploads\/2020\/02\/logo120.png","width":1227,"height":120,"caption":"Jornal Fatos e Not\u00edcias"},"image":{"@id":"https:\/\/jornalfatosenoticias.com.br\/#\/schema\/logo\/image\/"}},{"@type":"Person","@id":"https:\/\/jornalfatosenoticias.com.br\/#\/schema\/person\/d63837fa13ac8666eb9e74e0985d6f81","name":"Luzimara Fernandes","image":{"@type":"ImageObject","inLanguage":"pt-BR","@id":"https:\/\/jornalfatosenoticias.com.br\/#\/schema\/person\/image\/","url":"https:\/\/jornalfatosenoticias.com.br\/wp-content\/uploads\/2025\/05\/EU_portal.jpg","contentUrl":"https:\/\/jornalfatosenoticias.com.br\/wp-content\/uploads\/2025\/05\/EU_portal.jpg","caption":"Luzimara Fernandes"},"description":"Jornalista MTB 2358-ES","sameAs":["https:\/\/jornalfatosenoticias.com.br"],"url":"https:\/\/jornalfatosenoticias.com.br\/index.php\/author\/luzimara\/"}]}},"cc_featured_image_caption":{"caption_text":"(Foto: iStock)","source_text":"","source_url":""},"jetpack_featured_media_url":"https:\/\/jornalfatosenoticias.com.br\/wp-content\/uploads\/2023\/12\/vacina-cancer_istock.jpg","_links":{"self":[{"href":"https:\/\/jornalfatosenoticias.com.br\/index.php\/wp-json\/wp\/v2\/posts\/47851","targetHints":{"allow":["GET"]}}],"collection":[{"href":"https:\/\/jornalfatosenoticias.com.br\/index.php\/wp-json\/wp\/v2\/posts"}],"about":[{"href":"https:\/\/jornalfatosenoticias.com.br\/index.php\/wp-json\/wp\/v2\/types\/post"}],"author":[{"embeddable":true,"href":"https:\/\/jornalfatosenoticias.com.br\/index.php\/wp-json\/wp\/v2\/users\/2"}],"replies":[{"embeddable":true,"href":"https:\/\/jornalfatosenoticias.com.br\/index.php\/wp-json\/wp\/v2\/comments?post=47851"}],"version-history":[{"count":0,"href":"https:\/\/jornalfatosenoticias.com.br\/index.php\/wp-json\/wp\/v2\/posts\/47851\/revisions"}],"wp:featuredmedia":[{"embeddable":true,"href":"https:\/\/jornalfatosenoticias.com.br\/index.php\/wp-json\/wp\/v2\/media\/47852"}],"wp:attachment":[{"href":"https:\/\/jornalfatosenoticias.com.br\/index.php\/wp-json\/wp\/v2\/media?parent=47851"}],"wp:term":[{"taxonomy":"category","embeddable":true,"href":"https:\/\/jornalfatosenoticias.com.br\/index.php\/wp-json\/wp\/v2\/categories?post=47851"},{"taxonomy":"post_tag","embeddable":true,"href":"https:\/\/jornalfatosenoticias.com.br\/index.php\/wp-json\/wp\/v2\/tags?post=47851"}],"curies":[{"name":"wp","href":"https:\/\/api.w.org\/{rel}","templated":true}]}}