{"id":47854,"date":"2023-12-19T09:26:35","date_gmt":"2023-12-19T12:26:35","guid":{"rendered":"https:\/\/jornalfatosenoticias.com.br\/?p=47854"},"modified":"2023-12-19T09:26:39","modified_gmt":"2023-12-19T12:26:39","slug":"carro-eletrico-termina-1a-viagem-entre-os-polos-da-terra","status":"publish","type":"post","link":"https:\/\/jornalfatosenoticias.com.br\/index.php\/2023\/12\/19\/carro-eletrico-termina-1a-viagem-entre-os-polos-da-terra\/","title":{"rendered":"Carro el\u00e9trico termina 1\u00aa viagem entre os polos da Terra"},"content":{"rendered":"\n<p><em><span class=\"has-inline-color has-black-color\">A viagem entre os polos enfrentou desafios variados, especialmente na Am\u00e9rica do Sul, onde a falta de infraestrutura de carregamento para o carro el\u00e9trico foi um obst\u00e1culo<\/span><\/em><\/p>\n\n\n\n<p><span class=\"has-inline-color has-black-color\">Por <strong><a href=\"https:\/\/gizmodo.uol.com.br\/author\/pablo-nogueira\/\">Pablo Nogueira<\/a><\/strong><\/span><\/p>\n\n\n\n<div class=\"wp-block-image\"><figure class=\"aligncenter size-large\"><img loading=\"lazy\" decoding=\"async\" width=\"1024\" height=\"109\" src=\"https:\/\/jornalfatosenoticias.com.br\/wp-content\/uploads\/2020\/02\/Propaganda-RC-Radiadores-Jornal_page-0001-1024x109.jpg\" alt=\"\" class=\"wp-image-35278\" srcset=\"https:\/\/jornalfatosenoticias.com.br\/wp-content\/uploads\/2020\/02\/Propaganda-RC-Radiadores-Jornal_page-0001-1024x109.jpg 1024w, https:\/\/jornalfatosenoticias.com.br\/wp-content\/uploads\/2020\/02\/Propaganda-RC-Radiadores-Jornal_page-0001-300x32.jpg 300w, https:\/\/jornalfatosenoticias.com.br\/wp-content\/uploads\/2020\/02\/Propaganda-RC-Radiadores-Jornal_page-0001-768x82.jpg 768w, https:\/\/jornalfatosenoticias.com.br\/wp-content\/uploads\/2020\/02\/Propaganda-RC-Radiadores-Jornal_page-0001.jpg 1220w\" sizes=\"auto, (max-width: 1024px) 100vw, 1024px\" \/><\/figure><\/div>\n\n\n\n<p>Na \u00faltima semana, Chris Ramsey e sua esposa Julie fizeram hist\u00f3ria ao terminar a primeira viagem entre os dois polos da Terra a bordo de um <a href=\"https:\/\/gizmodo.uol.com.br\/com-carros-eletricos-capital-da-noruega-reduz-emissoes-de-co2-em-30\/\">carro el\u00e9trico<\/a>. Ali\u00e1s, essa jornada \u00e9pica, a primeira realizada por qualquer tipo de carro \u2014 seja el\u00e9trico ou a gasolina.<br>A miss\u00e3o come\u00e7ou em mar\u00e7o no Polo Norte magn\u00e9tico e foi conclu\u00edda no outro extremo na \u00faltima sexta-feira (15). No entanto, os Ramseys anunciaram o feito apenas no domingo (17), pois estavam sem conex\u00e3o \u00e0 internet.<br>O <a href=\"https:\/\/gizmodo.uol.com.br\/carro-eletrico-nissan-leaf-brasil-2019\/\">Nissan<\/a> Ariya, modificado pela Arctic Trucks \u2014 uma empresa islandesa especializada em ve\u00edculos para terrenos dif\u00edceis \u2014 foi escolhido para esta odisseia.<\/p>\n\n\n\n<div class=\"wp-block-image\"><figure class=\"aligncenter size-large is-resized\"><img loading=\"lazy\" decoding=\"async\" src=\"https:\/\/jornalfatosenoticias.com.br\/wp-content\/uploads\/2023\/08\/BKR-1024x1021.jpg\" alt=\"\" class=\"wp-image-44494\" width=\"304\" height=\"303\" srcset=\"https:\/\/jornalfatosenoticias.com.br\/wp-content\/uploads\/2023\/08\/BKR-1024x1021.jpg 1024w, https:\/\/jornalfatosenoticias.com.br\/wp-content\/uploads\/2023\/08\/BKR-300x300.jpg 300w, https:\/\/jornalfatosenoticias.com.br\/wp-content\/uploads\/2023\/08\/BKR-150x150.jpg 150w, https:\/\/jornalfatosenoticias.com.br\/wp-content\/uploads\/2023\/08\/BKR-768x766.jpg 768w, https:\/\/jornalfatosenoticias.com.br\/wp-content\/uploads\/2023\/08\/BKR.jpg 1080w\" sizes=\"auto, (max-width: 304px) 100vw, 304px\" \/><\/figure><\/div>\n\n\n\n<figure class=\"wp-block-embed-twitter wp-block-embed is-type-rich is-provider-twitter\"><div class=\"wp-block-embed__wrapper\">\n<blockquote class=\"twitter-tweet\" data-width=\"550\" data-dnt=\"true\"><p lang=\"en\" dir=\"ltr\">We made it! After a tough and testing final leg of the expedition in Antarctica, we have finally finished.  We arrived at the geographic &amp; ceremonial South Poles on the 15th December 2023. <br><br>More updates to come \ud83d\ude00\u26a1\ufe0f\ud83d\ude97<a href=\"https:\/\/twitter.com\/hashtag\/poletopoleev?src=hash&amp;ref_src=twsrc%5Etfw\">#poletopoleev<\/a> <a href=\"https:\/\/twitter.com\/hashtag\/nissanariya?src=hash&amp;ref_src=twsrc%5Etfw\">#nissanariya<\/a> <a href=\"https:\/\/twitter.com\/hashtag\/nissan?src=hash&amp;ref_src=twsrc%5Etfw\">#nissan<\/a> <a href=\"https:\/\/t.co\/qfh9pCaXjP\">pic.twitter.com\/qfh9pCaXjP<\/a><\/p>&mdash; Pole to Pole EV (@PoletoPoleEV) <a href=\"https:\/\/twitter.com\/PoletoPoleEV\/status\/1736564828679066038?ref_src=twsrc%5Etfw\">December 18, 2023<\/a><\/blockquote><script async src=\"https:\/\/platform.twitter.com\/widgets.js\" charset=\"utf-8\"><\/script>\n<\/div><\/figure>\n\n\n\n<div class=\"wp-block-image\"><figure class=\"aligncenter size-large is-resized\"><img loading=\"lazy\" decoding=\"async\" src=\"https:\/\/jornalfatosenoticias.com.br\/wp-content\/uploads\/2023\/08\/Steel.jpeg\" alt=\"\" class=\"wp-image-44634\" width=\"314\" height=\"255\" srcset=\"https:\/\/jornalfatosenoticias.com.br\/wp-content\/uploads\/2023\/08\/Steel.jpeg 800w, https:\/\/jornalfatosenoticias.com.br\/wp-content\/uploads\/2023\/08\/Steel-300x244.jpeg 300w, https:\/\/jornalfatosenoticias.com.br\/wp-content\/uploads\/2023\/08\/Steel-768x624.jpeg 768w\" sizes=\"auto, (max-width: 314px) 100vw, 314px\" \/><\/figure><\/div>\n\n\n\n<p>Adaptado para enfrentar algumas das condi\u00e7\u00f5es mais severas do planeta, o Ariya recebeu melhorias como pneus de 39 polegadas e refor\u00e7os na carroceria.<br>Contudo, com as modifica\u00e7\u00f5es, o desempenho do Ariya ficou <a href=\"https:\/\/gizmodo.uol.com.br\/275-km-h-veja-carro-eletrico-bater-recorde-andando-de-marcha-a-re\/\">entre 240-320 km\/h<\/a>, abaixo da sua capacidade original de 438 km\/h. Por outro lado, para maximizar a efici\u00eancia da bateria em climas extremos, os Ramseys utilizaram t\u00e9cnicas como construir paredes de neve e usar uma tenda especial para isolar o ve\u00edculo.<\/p>\n\n\n\n<div class=\"wp-block-image\"><figure class=\"aligncenter size-large is-resized\"><img loading=\"lazy\" decoding=\"async\" src=\"https:\/\/jornalfatosenoticias.com.br\/wp-content\/uploads\/2020\/02\/CONTROL-CS.jpg\" alt=\"\" class=\"wp-image-44991\" width=\"310\" height=\"372\" srcset=\"https:\/\/jornalfatosenoticias.com.br\/wp-content\/uploads\/2020\/02\/CONTROL-CS.jpg 834w, https:\/\/jornalfatosenoticias.com.br\/wp-content\/uploads\/2020\/02\/CONTROL-CS-250x300.jpg 250w, https:\/\/jornalfatosenoticias.com.br\/wp-content\/uploads\/2020\/02\/CONTROL-CS-768x921.jpg 768w\" sizes=\"auto, (max-width: 310px) 100vw, 310px\" \/><\/figure><\/div>\n\n\n\n<p>A viagem tamb\u00e9m contou com o apoio de uma turbina e\u00f3lica de 5kW e um carregador h\u00edbrido solar, destacando o compromisso com a sustentabilidade. Saiba mais sobre a aventura do casal:<\/p>\n\n\n\n<figure class=\"wp-block-embed-youtube wp-block-embed is-type-video is-provider-youtube wp-embed-aspect-16-9 wp-has-aspect-ratio\"><div class=\"wp-block-embed__wrapper\">\n<iframe loading=\"lazy\" title=\"Unveil of the Pole to Pole expedition Nissan Ariya e-4ORCE\" width=\"660\" height=\"371\" src=\"https:\/\/www.youtube.com\/embed\/K0jUrb_Hhpo?feature=oembed\" frameborder=\"0\" allow=\"accelerometer; autoplay; clipboard-write; encrypted-media; gyroscope; picture-in-picture; web-share\" referrerpolicy=\"strict-origin-when-cross-origin\" allowfullscreen><\/iframe>\n<\/div><\/figure>\n\n\n\n<p><strong><span class=\"has-inline-color has-black-color\">Desafios e inova\u00e7\u00f5es de mobilidade<br><\/span><\/strong>A viagem entre os polos enfrentou desafios variados, especialmente na Am\u00e9rica do Sul, onde a falta de infraestrutura de carregamento para o carro el\u00e9trico foi um obst\u00e1culo.<br>Em colabora\u00e7\u00e3o com a Enel X Way, os Ramseys ajudaram a estabelecer novas esta\u00e7\u00f5es de carregamento, contribuindo para a expans\u00e3o do corredor Pan-Americano. Essas esta\u00e7\u00f5es, em pontos estrat\u00e9gicos como o Peru, agora est\u00e3o acess\u00edveis ao p\u00fablico.<\/p>\n\n\n\n<figure class=\"wp-block-embed-youtube wp-block-embed is-type-video is-provider-youtube wp-embed-aspect-16-9 wp-has-aspect-ratio\"><div class=\"wp-block-embed__wrapper\">\n<iframe loading=\"lazy\" title=\"Pole to Pole: The journey through South America\" width=\"660\" height=\"371\" src=\"https:\/\/www.youtube.com\/embed\/89Oej2kqnD0?feature=oembed\" frameborder=\"0\" allow=\"accelerometer; autoplay; clipboard-write; encrypted-media; gyroscope; picture-in-picture; web-share\" referrerpolicy=\"strict-origin-when-cross-origin\" allowfullscreen><\/iframe>\n<\/div><\/figure>\n\n\n\n<p>Ap\u00f3s nove meses e mais de 27 mil quil\u00f4metros \u2014 passando por tr\u00eas continentes e 14 pa\u00edses \u2014 Chris e Julie Ramsey se orgulham de ser os primeiros a realizar uma viagem do Polo Norte ao Polo Sul da Terra em um carro el\u00e9trico.<br>Al\u00e9m disso, o feito n\u00e3o apenas destaca o potencial dos EVs em ambientes extremos, mas tamb\u00e9m incentiva o desenvolvimento e o avan\u00e7o da mobilidade el\u00e9trica.<\/p>\n\n\n\n<div class=\"wp-block-image\"><figure class=\"aligncenter size-large is-resized\"><img loading=\"lazy\" decoding=\"async\" src=\"https:\/\/jornalfatosenoticias.com.br\/wp-content\/uploads\/2023\/08\/ITH.jpeg\" alt=\"\" class=\"wp-image-44638\" width=\"305\" height=\"248\" srcset=\"https:\/\/jornalfatosenoticias.com.br\/wp-content\/uploads\/2023\/08\/ITH.jpeg 800w, https:\/\/jornalfatosenoticias.com.br\/wp-content\/uploads\/2023\/08\/ITH-300x244.jpeg 300w, https:\/\/jornalfatosenoticias.com.br\/wp-content\/uploads\/2023\/08\/ITH-768x624.jpeg 768w\" sizes=\"auto, (max-width: 305px) 100vw, 305px\" \/><\/figure><\/div>\n\n\n\n<p><strong><em>Fonte: <a href=\"https:\/\/gizmodo.uol.com.br\/odisseia-polar-carro-eletrico-termina-1a-viagem-entre-os-2-polos-da-terra\/\">Giz Brasil<\/a><\/em><\/strong><\/p>\n","protected":false},"excerpt":{"rendered":"<p>A viagem entre os polos enfrentou desafios variados, especialmente na Am\u00e9rica do Sul, onde a falta de infraestrutura de carregamento para o carro el\u00e9trico foi um obst\u00e1culo Por Pablo Nogueira Na \u00faltima semana, Chris Ramsey e sua esposa Julie fizeram hist\u00f3ria ao terminar a primeira viagem entre os dois polos da Terra a bordo de [&hellip;]<\/p>\n","protected":false},"author":2,"featured_media":47858,"comment_status":"open","ping_status":"open","sticky":false,"template":"","format":"standard","meta":{"footnotes":""},"categories":[9923],"tags":[6589,22361,4277,1382],"class_list":["post-47854","post","type-post","status-publish","format-standard","has-post-thumbnail","hentry","category-mobilidade","tag-carros-eletricos","tag-evs","tag-polo-norte","tag-polo-sul"],"yoast_head":"<!-- This site is optimized with the Yoast SEO plugin v26.5 - https:\/\/yoast.com\/wordpress\/plugins\/seo\/ -->\n<title>Carro el\u00e9trico termina 1\u00aa viagem entre os polos da Terra - Jornal Fatos e Not\u00edcias<\/title>\n<meta name=\"robots\" content=\"index, follow, max-snippet:-1, max-image-preview:large, max-video-preview:-1\" \/>\n<link rel=\"canonical\" href=\"https:\/\/jornalfatosenoticias.com.br\/index.php\/2023\/12\/19\/carro-eletrico-termina-1a-viagem-entre-os-polos-da-terra\/\" \/>\n<meta property=\"og:locale\" content=\"pt_BR\" \/>\n<meta property=\"og:type\" content=\"article\" \/>\n<meta property=\"og:title\" content=\"Carro el\u00e9trico termina 1\u00aa viagem entre os polos da Terra - Jornal Fatos e Not\u00edcias\" \/>\n<meta property=\"og:description\" content=\"A viagem entre os polos enfrentou desafios variados, especialmente na Am\u00e9rica do Sul, onde a falta de infraestrutura de carregamento para o carro el\u00e9trico foi um obst\u00e1culo Por Pablo Nogueira Na \u00faltima semana, Chris Ramsey e sua esposa Julie fizeram hist\u00f3ria ao terminar a primeira viagem entre os dois polos da Terra a bordo de [&hellip;]\" \/>\n<meta property=\"og:url\" content=\"https:\/\/jornalfatosenoticias.com.br\/index.php\/2023\/12\/19\/carro-eletrico-termina-1a-viagem-entre-os-polos-da-terra\/\" \/>\n<meta property=\"og:site_name\" content=\"Jornal Fatos e Not\u00edcias\" \/>\n<meta property=\"article:published_time\" content=\"2023-12-19T12:26:35+00:00\" \/>\n<meta property=\"article:modified_time\" content=\"2023-12-19T12:26:39+00:00\" \/>\n<meta property=\"og:image\" content=\"https:\/\/jornalfatosenoticias.com.br\/wp-content\/uploads\/2023\/12\/carro-eletrico-poles2.png\" \/>\n\t<meta property=\"og:image:width\" content=\"1000\" \/>\n\t<meta property=\"og:image:height\" content=\"632\" \/>\n\t<meta property=\"og:image:type\" content=\"image\/png\" \/>\n<meta name=\"author\" content=\"Luzimara Fernandes\" \/>\n<meta name=\"twitter:card\" content=\"summary_large_image\" \/>\n<meta name=\"twitter:label1\" content=\"Escrito por\" \/>\n\t<meta name=\"twitter:data1\" content=\"Luzimara Fernandes\" \/>\n\t<meta name=\"twitter:label2\" content=\"Est. tempo de leitura\" \/>\n\t<meta name=\"twitter:data2\" content=\"3 minutos\" \/>\n<script type=\"application\/ld+json\" class=\"yoast-schema-graph\">{\"@context\":\"https:\/\/schema.org\",\"@graph\":[{\"@type\":\"Article\",\"@id\":\"https:\/\/jornalfatosenoticias.com.br\/index.php\/2023\/12\/19\/carro-eletrico-termina-1a-viagem-entre-os-polos-da-terra\/#article\",\"isPartOf\":{\"@id\":\"https:\/\/jornalfatosenoticias.com.br\/index.php\/2023\/12\/19\/carro-eletrico-termina-1a-viagem-entre-os-polos-da-terra\/\"},\"author\":{\"name\":\"Luzimara Fernandes\",\"@id\":\"https:\/\/jornalfatosenoticias.com.br\/#\/schema\/person\/d63837fa13ac8666eb9e74e0985d6f81\"},\"headline\":\"Carro el\u00e9trico termina 1\u00aa viagem entre os polos da Terra\",\"datePublished\":\"2023-12-19T12:26:35+00:00\",\"dateModified\":\"2023-12-19T12:26:39+00:00\",\"mainEntityOfPage\":{\"@id\":\"https:\/\/jornalfatosenoticias.com.br\/index.php\/2023\/12\/19\/carro-eletrico-termina-1a-viagem-entre-os-polos-da-terra\/\"},\"wordCount\":531,\"commentCount\":0,\"publisher\":{\"@id\":\"https:\/\/jornalfatosenoticias.com.br\/#organization\"},\"image\":{\"@id\":\"https:\/\/jornalfatosenoticias.com.br\/index.php\/2023\/12\/19\/carro-eletrico-termina-1a-viagem-entre-os-polos-da-terra\/#primaryimage\"},\"thumbnailUrl\":\"https:\/\/jornalfatosenoticias.com.br\/wp-content\/uploads\/2023\/12\/carro-eletrico-poles2.png\",\"keywords\":[\"carros el\u00e9tricos\",\"EVs\",\"Polo Norte\",\"Polo Sul\"],\"articleSection\":[\"Mobilidade\"],\"inLanguage\":\"pt-BR\",\"potentialAction\":[{\"@type\":\"CommentAction\",\"name\":\"Comment\",\"target\":[\"https:\/\/jornalfatosenoticias.com.br\/index.php\/2023\/12\/19\/carro-eletrico-termina-1a-viagem-entre-os-polos-da-terra\/#respond\"]}]},{\"@type\":\"WebPage\",\"@id\":\"https:\/\/jornalfatosenoticias.com.br\/index.php\/2023\/12\/19\/carro-eletrico-termina-1a-viagem-entre-os-polos-da-terra\/\",\"url\":\"https:\/\/jornalfatosenoticias.com.br\/index.php\/2023\/12\/19\/carro-eletrico-termina-1a-viagem-entre-os-polos-da-terra\/\",\"name\":\"Carro el\u00e9trico termina 1\u00aa viagem entre os polos da Terra - Jornal Fatos e Not\u00edcias\",\"isPartOf\":{\"@id\":\"https:\/\/jornalfatosenoticias.com.br\/#website\"},\"primaryImageOfPage\":{\"@id\":\"https:\/\/jornalfatosenoticias.com.br\/index.php\/2023\/12\/19\/carro-eletrico-termina-1a-viagem-entre-os-polos-da-terra\/#primaryimage\"},\"image\":{\"@id\":\"https:\/\/jornalfatosenoticias.com.br\/index.php\/2023\/12\/19\/carro-eletrico-termina-1a-viagem-entre-os-polos-da-terra\/#primaryimage\"},\"thumbnailUrl\":\"https:\/\/jornalfatosenoticias.com.br\/wp-content\/uploads\/2023\/12\/carro-eletrico-poles2.png\",\"datePublished\":\"2023-12-19T12:26:35+00:00\",\"dateModified\":\"2023-12-19T12:26:39+00:00\",\"breadcrumb\":{\"@id\":\"https:\/\/jornalfatosenoticias.com.br\/index.php\/2023\/12\/19\/carro-eletrico-termina-1a-viagem-entre-os-polos-da-terra\/#breadcrumb\"},\"inLanguage\":\"pt-BR\",\"potentialAction\":[{\"@type\":\"ReadAction\",\"target\":[\"https:\/\/jornalfatosenoticias.com.br\/index.php\/2023\/12\/19\/carro-eletrico-termina-1a-viagem-entre-os-polos-da-terra\/\"]}]},{\"@type\":\"ImageObject\",\"inLanguage\":\"pt-BR\",\"@id\":\"https:\/\/jornalfatosenoticias.com.br\/index.php\/2023\/12\/19\/carro-eletrico-termina-1a-viagem-entre-os-polos-da-terra\/#primaryimage\",\"url\":\"https:\/\/jornalfatosenoticias.com.br\/wp-content\/uploads\/2023\/12\/carro-eletrico-poles2.png\",\"contentUrl\":\"https:\/\/jornalfatosenoticias.com.br\/wp-content\/uploads\/2023\/12\/carro-eletrico-poles2.png\",\"width\":1000,\"height\":632},{\"@type\":\"BreadcrumbList\",\"@id\":\"https:\/\/jornalfatosenoticias.com.br\/index.php\/2023\/12\/19\/carro-eletrico-termina-1a-viagem-entre-os-polos-da-terra\/#breadcrumb\",\"itemListElement\":[{\"@type\":\"ListItem\",\"position\":1,\"name\":\"In\u00edcio\",\"item\":\"https:\/\/jornalfatosenoticias.com.br\/\"},{\"@type\":\"ListItem\",\"position\":2,\"name\":\"Carro el\u00e9trico termina 1\u00aa viagem entre os polos da Terra\"}]},{\"@type\":\"WebSite\",\"@id\":\"https:\/\/jornalfatosenoticias.com.br\/#website\",\"url\":\"https:\/\/jornalfatosenoticias.com.br\/\",\"name\":\"Jornal Fatos e Not\u00edcias\",\"description\":\"Not\u00edcias em geral\",\"publisher\":{\"@id\":\"https:\/\/jornalfatosenoticias.com.br\/#organization\"},\"potentialAction\":[{\"@type\":\"SearchAction\",\"target\":{\"@type\":\"EntryPoint\",\"urlTemplate\":\"https:\/\/jornalfatosenoticias.com.br\/?s={search_term_string}\"},\"query-input\":{\"@type\":\"PropertyValueSpecification\",\"valueRequired\":true,\"valueName\":\"search_term_string\"}}],\"inLanguage\":\"pt-BR\"},{\"@type\":\"Organization\",\"@id\":\"https:\/\/jornalfatosenoticias.com.br\/#organization\",\"name\":\"Jornal Fatos e Not\u00edcias\",\"url\":\"https:\/\/jornalfatosenoticias.com.br\/\",\"logo\":{\"@type\":\"ImageObject\",\"inLanguage\":\"pt-BR\",\"@id\":\"https:\/\/jornalfatosenoticias.com.br\/#\/schema\/logo\/image\/\",\"url\":\"https:\/\/jornalfatosenoticias.com.br\/wp-content\/uploads\/2020\/02\/logo120.png\",\"contentUrl\":\"https:\/\/jornalfatosenoticias.com.br\/wp-content\/uploads\/2020\/02\/logo120.png\",\"width\":1227,\"height\":120,\"caption\":\"Jornal Fatos e Not\u00edcias\"},\"image\":{\"@id\":\"https:\/\/jornalfatosenoticias.com.br\/#\/schema\/logo\/image\/\"}},{\"@type\":\"Person\",\"@id\":\"https:\/\/jornalfatosenoticias.com.br\/#\/schema\/person\/d63837fa13ac8666eb9e74e0985d6f81\",\"name\":\"Luzimara Fernandes\",\"image\":{\"@type\":\"ImageObject\",\"inLanguage\":\"pt-BR\",\"@id\":\"https:\/\/jornalfatosenoticias.com.br\/#\/schema\/person\/image\/\",\"url\":\"https:\/\/jornalfatosenoticias.com.br\/wp-content\/uploads\/2025\/05\/EU_portal.jpg\",\"contentUrl\":\"https:\/\/jornalfatosenoticias.com.br\/wp-content\/uploads\/2025\/05\/EU_portal.jpg\",\"caption\":\"Luzimara Fernandes\"},\"description\":\"Jornalista MTB 2358-ES\",\"sameAs\":[\"https:\/\/jornalfatosenoticias.com.br\"],\"url\":\"https:\/\/jornalfatosenoticias.com.br\/index.php\/author\/luzimara\/\"}]}<\/script>\n<!-- \/ Yoast SEO plugin. -->","yoast_head_json":{"title":"Carro el\u00e9trico termina 1\u00aa viagem entre os polos da Terra - Jornal Fatos e Not\u00edcias","robots":{"index":"index","follow":"follow","max-snippet":"max-snippet:-1","max-image-preview":"max-image-preview:large","max-video-preview":"max-video-preview:-1"},"canonical":"https:\/\/jornalfatosenoticias.com.br\/index.php\/2023\/12\/19\/carro-eletrico-termina-1a-viagem-entre-os-polos-da-terra\/","og_locale":"pt_BR","og_type":"article","og_title":"Carro el\u00e9trico termina 1\u00aa viagem entre os polos da Terra - Jornal Fatos e Not\u00edcias","og_description":"A viagem entre os polos enfrentou desafios variados, especialmente na Am\u00e9rica do Sul, onde a falta de infraestrutura de carregamento para o carro el\u00e9trico foi um obst\u00e1culo Por Pablo Nogueira Na \u00faltima semana, Chris Ramsey e sua esposa Julie fizeram hist\u00f3ria ao terminar a primeira viagem entre os dois polos da Terra a bordo de [&hellip;]","og_url":"https:\/\/jornalfatosenoticias.com.br\/index.php\/2023\/12\/19\/carro-eletrico-termina-1a-viagem-entre-os-polos-da-terra\/","og_site_name":"Jornal Fatos e Not\u00edcias","article_published_time":"2023-12-19T12:26:35+00:00","article_modified_time":"2023-12-19T12:26:39+00:00","og_image":[{"width":1000,"height":632,"url":"https:\/\/jornalfatosenoticias.com.br\/wp-content\/uploads\/2023\/12\/carro-eletrico-poles2.png","type":"image\/png"}],"author":"Luzimara Fernandes","twitter_card":"summary_large_image","twitter_misc":{"Escrito por":"Luzimara Fernandes","Est. tempo de leitura":"3 minutos"},"schema":{"@context":"https:\/\/schema.org","@graph":[{"@type":"Article","@id":"https:\/\/jornalfatosenoticias.com.br\/index.php\/2023\/12\/19\/carro-eletrico-termina-1a-viagem-entre-os-polos-da-terra\/#article","isPartOf":{"@id":"https:\/\/jornalfatosenoticias.com.br\/index.php\/2023\/12\/19\/carro-eletrico-termina-1a-viagem-entre-os-polos-da-terra\/"},"author":{"name":"Luzimara Fernandes","@id":"https:\/\/jornalfatosenoticias.com.br\/#\/schema\/person\/d63837fa13ac8666eb9e74e0985d6f81"},"headline":"Carro el\u00e9trico termina 1\u00aa viagem entre os polos da Terra","datePublished":"2023-12-19T12:26:35+00:00","dateModified":"2023-12-19T12:26:39+00:00","mainEntityOfPage":{"@id":"https:\/\/jornalfatosenoticias.com.br\/index.php\/2023\/12\/19\/carro-eletrico-termina-1a-viagem-entre-os-polos-da-terra\/"},"wordCount":531,"commentCount":0,"publisher":{"@id":"https:\/\/jornalfatosenoticias.com.br\/#organization"},"image":{"@id":"https:\/\/jornalfatosenoticias.com.br\/index.php\/2023\/12\/19\/carro-eletrico-termina-1a-viagem-entre-os-polos-da-terra\/#primaryimage"},"thumbnailUrl":"https:\/\/jornalfatosenoticias.com.br\/wp-content\/uploads\/2023\/12\/carro-eletrico-poles2.png","keywords":["carros el\u00e9tricos","EVs","Polo Norte","Polo Sul"],"articleSection":["Mobilidade"],"inLanguage":"pt-BR","potentialAction":[{"@type":"CommentAction","name":"Comment","target":["https:\/\/jornalfatosenoticias.com.br\/index.php\/2023\/12\/19\/carro-eletrico-termina-1a-viagem-entre-os-polos-da-terra\/#respond"]}]},{"@type":"WebPage","@id":"https:\/\/jornalfatosenoticias.com.br\/index.php\/2023\/12\/19\/carro-eletrico-termina-1a-viagem-entre-os-polos-da-terra\/","url":"https:\/\/jornalfatosenoticias.com.br\/index.php\/2023\/12\/19\/carro-eletrico-termina-1a-viagem-entre-os-polos-da-terra\/","name":"Carro el\u00e9trico termina 1\u00aa viagem entre os polos da Terra - Jornal Fatos e Not\u00edcias","isPartOf":{"@id":"https:\/\/jornalfatosenoticias.com.br\/#website"},"primaryImageOfPage":{"@id":"https:\/\/jornalfatosenoticias.com.br\/index.php\/2023\/12\/19\/carro-eletrico-termina-1a-viagem-entre-os-polos-da-terra\/#primaryimage"},"image":{"@id":"https:\/\/jornalfatosenoticias.com.br\/index.php\/2023\/12\/19\/carro-eletrico-termina-1a-viagem-entre-os-polos-da-terra\/#primaryimage"},"thumbnailUrl":"https:\/\/jornalfatosenoticias.com.br\/wp-content\/uploads\/2023\/12\/carro-eletrico-poles2.png","datePublished":"2023-12-19T12:26:35+00:00","dateModified":"2023-12-19T12:26:39+00:00","breadcrumb":{"@id":"https:\/\/jornalfatosenoticias.com.br\/index.php\/2023\/12\/19\/carro-eletrico-termina-1a-viagem-entre-os-polos-da-terra\/#breadcrumb"},"inLanguage":"pt-BR","potentialAction":[{"@type":"ReadAction","target":["https:\/\/jornalfatosenoticias.com.br\/index.php\/2023\/12\/19\/carro-eletrico-termina-1a-viagem-entre-os-polos-da-terra\/"]}]},{"@type":"ImageObject","inLanguage":"pt-BR","@id":"https:\/\/jornalfatosenoticias.com.br\/index.php\/2023\/12\/19\/carro-eletrico-termina-1a-viagem-entre-os-polos-da-terra\/#primaryimage","url":"https:\/\/jornalfatosenoticias.com.br\/wp-content\/uploads\/2023\/12\/carro-eletrico-poles2.png","contentUrl":"https:\/\/jornalfatosenoticias.com.br\/wp-content\/uploads\/2023\/12\/carro-eletrico-poles2.png","width":1000,"height":632},{"@type":"BreadcrumbList","@id":"https:\/\/jornalfatosenoticias.com.br\/index.php\/2023\/12\/19\/carro-eletrico-termina-1a-viagem-entre-os-polos-da-terra\/#breadcrumb","itemListElement":[{"@type":"ListItem","position":1,"name":"In\u00edcio","item":"https:\/\/jornalfatosenoticias.com.br\/"},{"@type":"ListItem","position":2,"name":"Carro el\u00e9trico termina 1\u00aa viagem entre os polos da Terra"}]},{"@type":"WebSite","@id":"https:\/\/jornalfatosenoticias.com.br\/#website","url":"https:\/\/jornalfatosenoticias.com.br\/","name":"Jornal Fatos e Not\u00edcias","description":"Not\u00edcias em geral","publisher":{"@id":"https:\/\/jornalfatosenoticias.com.br\/#organization"},"potentialAction":[{"@type":"SearchAction","target":{"@type":"EntryPoint","urlTemplate":"https:\/\/jornalfatosenoticias.com.br\/?s={search_term_string}"},"query-input":{"@type":"PropertyValueSpecification","valueRequired":true,"valueName":"search_term_string"}}],"inLanguage":"pt-BR"},{"@type":"Organization","@id":"https:\/\/jornalfatosenoticias.com.br\/#organization","name":"Jornal Fatos e Not\u00edcias","url":"https:\/\/jornalfatosenoticias.com.br\/","logo":{"@type":"ImageObject","inLanguage":"pt-BR","@id":"https:\/\/jornalfatosenoticias.com.br\/#\/schema\/logo\/image\/","url":"https:\/\/jornalfatosenoticias.com.br\/wp-content\/uploads\/2020\/02\/logo120.png","contentUrl":"https:\/\/jornalfatosenoticias.com.br\/wp-content\/uploads\/2020\/02\/logo120.png","width":1227,"height":120,"caption":"Jornal Fatos e Not\u00edcias"},"image":{"@id":"https:\/\/jornalfatosenoticias.com.br\/#\/schema\/logo\/image\/"}},{"@type":"Person","@id":"https:\/\/jornalfatosenoticias.com.br\/#\/schema\/person\/d63837fa13ac8666eb9e74e0985d6f81","name":"Luzimara Fernandes","image":{"@type":"ImageObject","inLanguage":"pt-BR","@id":"https:\/\/jornalfatosenoticias.com.br\/#\/schema\/person\/image\/","url":"https:\/\/jornalfatosenoticias.com.br\/wp-content\/uploads\/2025\/05\/EU_portal.jpg","contentUrl":"https:\/\/jornalfatosenoticias.com.br\/wp-content\/uploads\/2025\/05\/EU_portal.jpg","caption":"Luzimara Fernandes"},"description":"Jornalista MTB 2358-ES","sameAs":["https:\/\/jornalfatosenoticias.com.br"],"url":"https:\/\/jornalfatosenoticias.com.br\/index.php\/author\/luzimara\/"}]}},"cc_featured_image_caption":{"caption_text":"(Foto: Pole to Pole EV\/Divulga\u00e7\u00e3o)","source_text":"","source_url":""},"jetpack_featured_media_url":"https:\/\/jornalfatosenoticias.com.br\/wp-content\/uploads\/2023\/12\/carro-eletrico-poles2.png","_links":{"self":[{"href":"https:\/\/jornalfatosenoticias.com.br\/index.php\/wp-json\/wp\/v2\/posts\/47854","targetHints":{"allow":["GET"]}}],"collection":[{"href":"https:\/\/jornalfatosenoticias.com.br\/index.php\/wp-json\/wp\/v2\/posts"}],"about":[{"href":"https:\/\/jornalfatosenoticias.com.br\/index.php\/wp-json\/wp\/v2\/types\/post"}],"author":[{"embeddable":true,"href":"https:\/\/jornalfatosenoticias.com.br\/index.php\/wp-json\/wp\/v2\/users\/2"}],"replies":[{"embeddable":true,"href":"https:\/\/jornalfatosenoticias.com.br\/index.php\/wp-json\/wp\/v2\/comments?post=47854"}],"version-history":[{"count":0,"href":"https:\/\/jornalfatosenoticias.com.br\/index.php\/wp-json\/wp\/v2\/posts\/47854\/revisions"}],"wp:featuredmedia":[{"embeddable":true,"href":"https:\/\/jornalfatosenoticias.com.br\/index.php\/wp-json\/wp\/v2\/media\/47858"}],"wp:attachment":[{"href":"https:\/\/jornalfatosenoticias.com.br\/index.php\/wp-json\/wp\/v2\/media?parent=47854"}],"wp:term":[{"taxonomy":"category","embeddable":true,"href":"https:\/\/jornalfatosenoticias.com.br\/index.php\/wp-json\/wp\/v2\/categories?post=47854"},{"taxonomy":"post_tag","embeddable":true,"href":"https:\/\/jornalfatosenoticias.com.br\/index.php\/wp-json\/wp\/v2\/tags?post=47854"}],"curies":[{"name":"wp","href":"https:\/\/api.w.org\/{rel}","templated":true}]}}