{"id":47866,"date":"2023-12-19T10:27:48","date_gmt":"2023-12-19T13:27:48","guid":{"rendered":"https:\/\/jornalfatosenoticias.com.br\/?p=47866"},"modified":"2023-12-19T10:27:49","modified_gmt":"2023-12-19T13:27:49","slug":"analise-3d-mostra-que-saliencias-da-lingua-sao-como-impressoes-digitais","status":"publish","type":"post","link":"https:\/\/jornalfatosenoticias.com.br\/index.php\/2023\/12\/19\/analise-3d-mostra-que-saliencias-da-lingua-sao-como-impressoes-digitais\/","title":{"rendered":"An\u00e1lise 3D mostra que sali\u00eancias da l\u00edngua s\u00e3o como impress\u00f5es digitais"},"content":{"rendered":"\n<p><em><span class=\"has-inline-color has-black-color\">Para a pesquisa, cientistas usaram imagens 3D com caracter\u00edsticas e localiza\u00e7\u00e3o nas superf\u00edcies das l\u00ednguas dos participantes<\/span><\/em><\/p>\n\n\n\n<p><span class=\"has-inline-color has-black-color\">Por <strong><a href=\"https:\/\/gizmodo.uol.com.br\/author\/gabriel-andrade\/\">Gabriel Andrade<\/a><\/strong><\/span><\/p>\n\n\n\n<div class=\"wp-block-image\"><figure class=\"aligncenter size-large\"><img loading=\"lazy\" decoding=\"async\" width=\"729\" height=\"90\" src=\"https:\/\/jornalfatosenoticias.com.br\/wp-content\/uploads\/2020\/02\/Logo_Mizu.png\" alt=\"\" class=\"wp-image-1441\" srcset=\"https:\/\/jornalfatosenoticias.com.br\/wp-content\/uploads\/2020\/02\/Logo_Mizu.png 729w, https:\/\/jornalfatosenoticias.com.br\/wp-content\/uploads\/2020\/02\/Logo_Mizu-300x37.png 300w\" sizes=\"auto, (max-width: 729px) 100vw, 729px\" \/><\/figure><\/div>\n\n\n\n<p>Que nossas impress\u00f5es digitais s\u00e3o \u00fanicas n\u00e3o \u00e9 novidade. Mas agora uma an\u00e1lise de imagens 3D trouxe uma nova revela\u00e7\u00e3o sobre o <a href=\"https:\/\/gizmodo.uol.com.br\/por-que-a-temperatura-do-corpo-humano-e-de-37c\/\">corpo humano<\/a>: cada um de n\u00f3s pode ter uma \u201cimpress\u00e3o digital\u201d \u00fanica na l\u00edngua.<br>A pesquisa pode ajudar a lan\u00e7ar uma nova luz sobre por que as prefer\u00eancias alimentares das pessoas podem ser t\u00e3o diversas. E, consequentemente, ajudando na concep\u00e7\u00e3o de alternativas mais saud\u00e1veis, mas deliciosas, aos alimentos gordurosos ou a\u00e7ucarados. O estudo est\u00e1 dispon\u00edvel na revista <a href=\"https:\/\/www.nature.com\/articles\/s41598-023-46535-9\" target=\"_blank\" rel=\"noreferrer noopener\"><em>Scientific Reports<\/em><\/a>.<\/p>\n\n\n\n<blockquote class=\"wp-block-quote is-layout-flow wp-block-quote-is-layout-flow\"><p><span class=\"has-inline-color has-luminous-vivid-orange-color\">Essas fun\u00e7\u00f5es sensoriais s\u00e3o cr\u00edticas para a manipula\u00e7\u00e3o e transporte de alimentos e l\u00edquidos na boca\u201d, disse Rayna Andreeva, pesquisadora na Universidade de Edimburgo e l\u00edder da pesquisa, ao <a href=\"https:\/\/www.theguardian.com\/science\/2023\/dec\/14\/a-matter-of-taste-food-preferences-may-be-influenced-by-our-unique-tongue-prints\"><em>The Guardian<\/em><\/a>. Ela ressalta que essas diferen\u00e7as podem tamb\u00e9m influenciar as nossas rea\u00e7\u00f5es psicol\u00f3gicas aos alimentos.<\/span><\/p><\/blockquote>\n\n\n\n<div class=\"wp-block-image\"><figure class=\"aligncenter size-large is-resized\"><img loading=\"lazy\" decoding=\"async\" src=\"https:\/\/jornalfatosenoticias.com.br\/wp-content\/uploads\/2023\/08\/Steel.jpeg\" alt=\"\" class=\"wp-image-44634\" width=\"330\" height=\"268\" srcset=\"https:\/\/jornalfatosenoticias.com.br\/wp-content\/uploads\/2023\/08\/Steel.jpeg 800w, https:\/\/jornalfatosenoticias.com.br\/wp-content\/uploads\/2023\/08\/Steel-300x244.jpeg 300w, https:\/\/jornalfatosenoticias.com.br\/wp-content\/uploads\/2023\/08\/Steel-768x624.jpeg 768w\" sizes=\"auto, (max-width: 330px) 100vw, 330px\" \/><\/figure><\/div>\n\n\n\n<p>Isso significa que o grau de satisfa\u00e7\u00e3o que sentimos depois de comer parece ter influ\u00eancia da nossa percep\u00e7\u00e3o de fric\u00e7\u00e3o e lubrifica\u00e7\u00e3o. Tal como a nossa prefer\u00eancia por determinados alimentos, como o chocolate, por exemplo.<br>Al\u00e9m disso, a pesquisa descobriu que uma \u00fanica papila poderia prever o sexo e a idade de algu\u00e9m com precis\u00e3o de at\u00e9 67% a 75%. A principal descoberta \u00e9 que o m\u00e9todo poderia identificar um indiv\u00edduo espec\u00edfico entre os 15 participantes do estudo com cerca de 48% de precis\u00e3o.<\/p>\n\n\n\n<div class=\"wp-block-image\"><figure class=\"aligncenter size-large is-resized\"><img loading=\"lazy\" decoding=\"async\" src=\"https:\/\/jornalfatosenoticias.com.br\/wp-content\/uploads\/2020\/02\/CONTROL-CS.jpg\" alt=\"\" class=\"wp-image-44991\" width=\"318\" height=\"382\" srcset=\"https:\/\/jornalfatosenoticias.com.br\/wp-content\/uploads\/2020\/02\/CONTROL-CS.jpg 834w, https:\/\/jornalfatosenoticias.com.br\/wp-content\/uploads\/2020\/02\/CONTROL-CS-250x300.jpg 250w, https:\/\/jornalfatosenoticias.com.br\/wp-content\/uploads\/2020\/02\/CONTROL-CS-768x921.jpg 768w\" sizes=\"auto, (max-width: 318px) 100vw, 318px\" \/><\/figure><\/div>\n\n\n\n<p><strong><span class=\"has-inline-color has-black-color\">Como a pesquisa foi feita?<br><\/span><\/strong>Para investigar a descoberta, Andreeva e colegas treinaram modelos computacionais de intelig\u00eancia artificial para aprender com milhares de varreduras microsc\u00f3picas de papilas individuais. As imagens em 3D vieram de moldes de silicone de l\u00ednguas de 15 pessoas, mapeando seu tamanho, caracter\u00edsticas e localiza\u00e7\u00e3o nas superf\u00edcies das l\u00ednguas. A pesquisa pode auxiliar no design de alimentos personalizados.<\/p>\n\n\n\n<div class=\"wp-block-image\"><figure class=\"aligncenter size-large is-resized\"><img loading=\"lazy\" decoding=\"async\" src=\"https:\/\/jornalfatosenoticias.com.br\/wp-content\/uploads\/2022\/02\/Precisao-Contabilidade-1024x724.jpg\" alt=\"\" class=\"wp-image-28088\" width=\"327\" height=\"231\"\/><\/figure><\/div>\n\n\n\n<blockquote class=\"wp-block-quote is-layout-flow wp-block-quote-is-layout-flow\"><p><span class=\"has-inline-color has-luminous-vivid-orange-color\">Imagine ser capaz de conceber alimentos personalizados para as condi\u00e7\u00f5es de pessoas espec\u00edficas e popula\u00e7\u00f5es vulner\u00e1veis \u200b\u200be, assim, garantir que possam obter uma nutri\u00e7\u00e3o adequada enquanto desfrutam da sua comida\u201d, disse a pesquisadora.<\/span><\/p><\/blockquote>\n\n\n\n<div class=\"wp-block-image\"><figure class=\"aligncenter size-large is-resized\"><img loading=\"lazy\" decoding=\"async\" src=\"https:\/\/jornalfatosenoticias.com.br\/wp-content\/uploads\/2023\/08\/ITH.jpeg\" alt=\"\" class=\"wp-image-44638\" width=\"299\" height=\"243\" srcset=\"https:\/\/jornalfatosenoticias.com.br\/wp-content\/uploads\/2023\/08\/ITH.jpeg 800w, https:\/\/jornalfatosenoticias.com.br\/wp-content\/uploads\/2023\/08\/ITH-300x244.jpeg 300w, https:\/\/jornalfatosenoticias.com.br\/wp-content\/uploads\/2023\/08\/ITH-768x624.jpeg 768w\" sizes=\"auto, (max-width: 299px) 100vw, 299px\" \/><\/figure><\/div>\n\n\n\n<p>Embora sejam necess\u00e1rios estudos em um n\u00famero maior de pessoas, a pesquisa fornece algumas das primeiras evid\u00eancias de que as papilas da l\u00edngua podem atuar como identificadores \u00fanicos, segundo os autores.<\/p>\n\n\n\n<p><strong><em>Fonte: <a href=\"https:\/\/gizmodo.uol.com.br\/analise-3d-mostra-que-saliencias-da-lingua-sao-como-impressoes-digitais\/\">Giz Brasil<\/a><\/em><\/strong><\/p>\n","protected":false},"excerpt":{"rendered":"<p>Para a pesquisa, cientistas usaram imagens 3D com caracter\u00edsticas e localiza\u00e7\u00e3o nas superf\u00edcies das l\u00ednguas dos participantes Por Gabriel Andrade Que nossas impress\u00f5es digitais s\u00e3o \u00fanicas n\u00e3o \u00e9 novidade. Mas agora uma an\u00e1lise de imagens 3D trouxe uma nova revela\u00e7\u00e3o sobre o corpo humano: cada um de n\u00f3s pode ter uma \u201cimpress\u00e3o digital\u201d \u00fanica na [&hellip;]<\/p>\n","protected":false},"author":2,"featured_media":47867,"comment_status":"open","ping_status":"open","sticky":false,"template":"","format":"standard","meta":{"footnotes":""},"categories":[2],"tags":[5475,22364,4314,2322],"class_list":["post-47866","post","type-post","status-publish","format-standard","has-post-thumbnail","hentry","category-ciencia","tag-corpo-humano","tag-impressao-digital","tag-lingua","tag-paladar"],"yoast_head":"<!-- This site is optimized with the Yoast SEO plugin v26.5 - https:\/\/yoast.com\/wordpress\/plugins\/seo\/ -->\n<title>An\u00e1lise 3D mostra que sali\u00eancias da l\u00edngua s\u00e3o como impress\u00f5es digitais - Jornal Fatos e Not\u00edcias<\/title>\n<meta name=\"robots\" content=\"index, follow, max-snippet:-1, max-image-preview:large, max-video-preview:-1\" \/>\n<link rel=\"canonical\" href=\"https:\/\/jornalfatosenoticias.com.br\/index.php\/2023\/12\/19\/analise-3d-mostra-que-saliencias-da-lingua-sao-como-impressoes-digitais\/\" \/>\n<meta property=\"og:locale\" content=\"pt_BR\" \/>\n<meta property=\"og:type\" content=\"article\" \/>\n<meta property=\"og:title\" content=\"An\u00e1lise 3D mostra que sali\u00eancias da l\u00edngua s\u00e3o como impress\u00f5es digitais - Jornal Fatos e Not\u00edcias\" \/>\n<meta property=\"og:description\" content=\"Para a pesquisa, cientistas usaram imagens 3D com caracter\u00edsticas e localiza\u00e7\u00e3o nas superf\u00edcies das l\u00ednguas dos participantes Por Gabriel Andrade Que nossas impress\u00f5es digitais s\u00e3o \u00fanicas n\u00e3o \u00e9 novidade. Mas agora uma an\u00e1lise de imagens 3D trouxe uma nova revela\u00e7\u00e3o sobre o corpo humano: cada um de n\u00f3s pode ter uma \u201cimpress\u00e3o digital\u201d \u00fanica na [&hellip;]\" \/>\n<meta property=\"og:url\" content=\"https:\/\/jornalfatosenoticias.com.br\/index.php\/2023\/12\/19\/analise-3d-mostra-que-saliencias-da-lingua-sao-como-impressoes-digitais\/\" \/>\n<meta property=\"og:site_name\" content=\"Jornal Fatos e Not\u00edcias\" \/>\n<meta property=\"article:published_time\" content=\"2023-12-19T13:27:48+00:00\" \/>\n<meta property=\"article:modified_time\" content=\"2023-12-19T13:27:49+00:00\" \/>\n<meta property=\"og:image\" content=\"https:\/\/jornalfatosenoticias.com.br\/wp-content\/uploads\/2023\/12\/lingua_pixabay.jpg\" \/>\n\t<meta property=\"og:image:width\" content=\"1000\" \/>\n\t<meta property=\"og:image:height\" content=\"667\" \/>\n\t<meta property=\"og:image:type\" content=\"image\/jpeg\" \/>\n<meta name=\"author\" content=\"Luzimara Fernandes\" \/>\n<meta name=\"twitter:card\" content=\"summary_large_image\" \/>\n<meta name=\"twitter:label1\" content=\"Escrito por\" \/>\n\t<meta name=\"twitter:data1\" content=\"Luzimara Fernandes\" \/>\n\t<meta name=\"twitter:label2\" content=\"Est. tempo de leitura\" \/>\n\t<meta name=\"twitter:data2\" content=\"2 minutos\" \/>\n<script type=\"application\/ld+json\" class=\"yoast-schema-graph\">{\"@context\":\"https:\/\/schema.org\",\"@graph\":[{\"@type\":\"Article\",\"@id\":\"https:\/\/jornalfatosenoticias.com.br\/index.php\/2023\/12\/19\/analise-3d-mostra-que-saliencias-da-lingua-sao-como-impressoes-digitais\/#article\",\"isPartOf\":{\"@id\":\"https:\/\/jornalfatosenoticias.com.br\/index.php\/2023\/12\/19\/analise-3d-mostra-que-saliencias-da-lingua-sao-como-impressoes-digitais\/\"},\"author\":{\"name\":\"Luzimara Fernandes\",\"@id\":\"https:\/\/jornalfatosenoticias.com.br\/#\/schema\/person\/d63837fa13ac8666eb9e74e0985d6f81\"},\"headline\":\"An\u00e1lise 3D mostra que sali\u00eancias da l\u00edngua s\u00e3o como impress\u00f5es digitais\",\"datePublished\":\"2023-12-19T13:27:48+00:00\",\"dateModified\":\"2023-12-19T13:27:49+00:00\",\"mainEntityOfPage\":{\"@id\":\"https:\/\/jornalfatosenoticias.com.br\/index.php\/2023\/12\/19\/analise-3d-mostra-que-saliencias-da-lingua-sao-como-impressoes-digitais\/\"},\"wordCount\":425,\"commentCount\":0,\"publisher\":{\"@id\":\"https:\/\/jornalfatosenoticias.com.br\/#organization\"},\"image\":{\"@id\":\"https:\/\/jornalfatosenoticias.com.br\/index.php\/2023\/12\/19\/analise-3d-mostra-que-saliencias-da-lingua-sao-como-impressoes-digitais\/#primaryimage\"},\"thumbnailUrl\":\"https:\/\/jornalfatosenoticias.com.br\/wp-content\/uploads\/2023\/12\/lingua_pixabay.jpg\",\"keywords\":[\"corpo humano\",\"impress\u00e3o digital\",\"l\u00edngua\",\"paladar\"],\"articleSection\":[\"Ci\u00eancia\"],\"inLanguage\":\"pt-BR\",\"potentialAction\":[{\"@type\":\"CommentAction\",\"name\":\"Comment\",\"target\":[\"https:\/\/jornalfatosenoticias.com.br\/index.php\/2023\/12\/19\/analise-3d-mostra-que-saliencias-da-lingua-sao-como-impressoes-digitais\/#respond\"]}]},{\"@type\":\"WebPage\",\"@id\":\"https:\/\/jornalfatosenoticias.com.br\/index.php\/2023\/12\/19\/analise-3d-mostra-que-saliencias-da-lingua-sao-como-impressoes-digitais\/\",\"url\":\"https:\/\/jornalfatosenoticias.com.br\/index.php\/2023\/12\/19\/analise-3d-mostra-que-saliencias-da-lingua-sao-como-impressoes-digitais\/\",\"name\":\"An\u00e1lise 3D mostra que sali\u00eancias da l\u00edngua s\u00e3o como impress\u00f5es digitais - Jornal Fatos e Not\u00edcias\",\"isPartOf\":{\"@id\":\"https:\/\/jornalfatosenoticias.com.br\/#website\"},\"primaryImageOfPage\":{\"@id\":\"https:\/\/jornalfatosenoticias.com.br\/index.php\/2023\/12\/19\/analise-3d-mostra-que-saliencias-da-lingua-sao-como-impressoes-digitais\/#primaryimage\"},\"image\":{\"@id\":\"https:\/\/jornalfatosenoticias.com.br\/index.php\/2023\/12\/19\/analise-3d-mostra-que-saliencias-da-lingua-sao-como-impressoes-digitais\/#primaryimage\"},\"thumbnailUrl\":\"https:\/\/jornalfatosenoticias.com.br\/wp-content\/uploads\/2023\/12\/lingua_pixabay.jpg\",\"datePublished\":\"2023-12-19T13:27:48+00:00\",\"dateModified\":\"2023-12-19T13:27:49+00:00\",\"breadcrumb\":{\"@id\":\"https:\/\/jornalfatosenoticias.com.br\/index.php\/2023\/12\/19\/analise-3d-mostra-que-saliencias-da-lingua-sao-como-impressoes-digitais\/#breadcrumb\"},\"inLanguage\":\"pt-BR\",\"potentialAction\":[{\"@type\":\"ReadAction\",\"target\":[\"https:\/\/jornalfatosenoticias.com.br\/index.php\/2023\/12\/19\/analise-3d-mostra-que-saliencias-da-lingua-sao-como-impressoes-digitais\/\"]}]},{\"@type\":\"ImageObject\",\"inLanguage\":\"pt-BR\",\"@id\":\"https:\/\/jornalfatosenoticias.com.br\/index.php\/2023\/12\/19\/analise-3d-mostra-que-saliencias-da-lingua-sao-como-impressoes-digitais\/#primaryimage\",\"url\":\"https:\/\/jornalfatosenoticias.com.br\/wp-content\/uploads\/2023\/12\/lingua_pixabay.jpg\",\"contentUrl\":\"https:\/\/jornalfatosenoticias.com.br\/wp-content\/uploads\/2023\/12\/lingua_pixabay.jpg\",\"width\":1000,\"height\":667},{\"@type\":\"BreadcrumbList\",\"@id\":\"https:\/\/jornalfatosenoticias.com.br\/index.php\/2023\/12\/19\/analise-3d-mostra-que-saliencias-da-lingua-sao-como-impressoes-digitais\/#breadcrumb\",\"itemListElement\":[{\"@type\":\"ListItem\",\"position\":1,\"name\":\"In\u00edcio\",\"item\":\"https:\/\/jornalfatosenoticias.com.br\/\"},{\"@type\":\"ListItem\",\"position\":2,\"name\":\"An\u00e1lise 3D mostra que sali\u00eancias da l\u00edngua s\u00e3o como impress\u00f5es digitais\"}]},{\"@type\":\"WebSite\",\"@id\":\"https:\/\/jornalfatosenoticias.com.br\/#website\",\"url\":\"https:\/\/jornalfatosenoticias.com.br\/\",\"name\":\"Jornal Fatos e Not\u00edcias\",\"description\":\"Not\u00edcias em geral\",\"publisher\":{\"@id\":\"https:\/\/jornalfatosenoticias.com.br\/#organization\"},\"potentialAction\":[{\"@type\":\"SearchAction\",\"target\":{\"@type\":\"EntryPoint\",\"urlTemplate\":\"https:\/\/jornalfatosenoticias.com.br\/?s={search_term_string}\"},\"query-input\":{\"@type\":\"PropertyValueSpecification\",\"valueRequired\":true,\"valueName\":\"search_term_string\"}}],\"inLanguage\":\"pt-BR\"},{\"@type\":\"Organization\",\"@id\":\"https:\/\/jornalfatosenoticias.com.br\/#organization\",\"name\":\"Jornal Fatos e Not\u00edcias\",\"url\":\"https:\/\/jornalfatosenoticias.com.br\/\",\"logo\":{\"@type\":\"ImageObject\",\"inLanguage\":\"pt-BR\",\"@id\":\"https:\/\/jornalfatosenoticias.com.br\/#\/schema\/logo\/image\/\",\"url\":\"https:\/\/jornalfatosenoticias.com.br\/wp-content\/uploads\/2020\/02\/logo120.png\",\"contentUrl\":\"https:\/\/jornalfatosenoticias.com.br\/wp-content\/uploads\/2020\/02\/logo120.png\",\"width\":1227,\"height\":120,\"caption\":\"Jornal Fatos e Not\u00edcias\"},\"image\":{\"@id\":\"https:\/\/jornalfatosenoticias.com.br\/#\/schema\/logo\/image\/\"}},{\"@type\":\"Person\",\"@id\":\"https:\/\/jornalfatosenoticias.com.br\/#\/schema\/person\/d63837fa13ac8666eb9e74e0985d6f81\",\"name\":\"Luzimara Fernandes\",\"image\":{\"@type\":\"ImageObject\",\"inLanguage\":\"pt-BR\",\"@id\":\"https:\/\/jornalfatosenoticias.com.br\/#\/schema\/person\/image\/\",\"url\":\"https:\/\/jornalfatosenoticias.com.br\/wp-content\/uploads\/2025\/05\/EU_portal.jpg\",\"contentUrl\":\"https:\/\/jornalfatosenoticias.com.br\/wp-content\/uploads\/2025\/05\/EU_portal.jpg\",\"caption\":\"Luzimara Fernandes\"},\"description\":\"Jornalista MTB 2358-ES\",\"sameAs\":[\"https:\/\/jornalfatosenoticias.com.br\"],\"url\":\"https:\/\/jornalfatosenoticias.com.br\/index.php\/author\/luzimara\/\"}]}<\/script>\n<!-- \/ Yoast SEO plugin. -->","yoast_head_json":{"title":"An\u00e1lise 3D mostra que sali\u00eancias da l\u00edngua s\u00e3o como impress\u00f5es digitais - Jornal Fatos e Not\u00edcias","robots":{"index":"index","follow":"follow","max-snippet":"max-snippet:-1","max-image-preview":"max-image-preview:large","max-video-preview":"max-video-preview:-1"},"canonical":"https:\/\/jornalfatosenoticias.com.br\/index.php\/2023\/12\/19\/analise-3d-mostra-que-saliencias-da-lingua-sao-como-impressoes-digitais\/","og_locale":"pt_BR","og_type":"article","og_title":"An\u00e1lise 3D mostra que sali\u00eancias da l\u00edngua s\u00e3o como impress\u00f5es digitais - Jornal Fatos e Not\u00edcias","og_description":"Para a pesquisa, cientistas usaram imagens 3D com caracter\u00edsticas e localiza\u00e7\u00e3o nas superf\u00edcies das l\u00ednguas dos participantes Por Gabriel Andrade Que nossas impress\u00f5es digitais s\u00e3o \u00fanicas n\u00e3o \u00e9 novidade. Mas agora uma an\u00e1lise de imagens 3D trouxe uma nova revela\u00e7\u00e3o sobre o corpo humano: cada um de n\u00f3s pode ter uma \u201cimpress\u00e3o digital\u201d \u00fanica na [&hellip;]","og_url":"https:\/\/jornalfatosenoticias.com.br\/index.php\/2023\/12\/19\/analise-3d-mostra-que-saliencias-da-lingua-sao-como-impressoes-digitais\/","og_site_name":"Jornal Fatos e Not\u00edcias","article_published_time":"2023-12-19T13:27:48+00:00","article_modified_time":"2023-12-19T13:27:49+00:00","og_image":[{"width":1000,"height":667,"url":"https:\/\/jornalfatosenoticias.com.br\/wp-content\/uploads\/2023\/12\/lingua_pixabay.jpg","type":"image\/jpeg"}],"author":"Luzimara Fernandes","twitter_card":"summary_large_image","twitter_misc":{"Escrito por":"Luzimara Fernandes","Est. tempo de leitura":"2 minutos"},"schema":{"@context":"https:\/\/schema.org","@graph":[{"@type":"Article","@id":"https:\/\/jornalfatosenoticias.com.br\/index.php\/2023\/12\/19\/analise-3d-mostra-que-saliencias-da-lingua-sao-como-impressoes-digitais\/#article","isPartOf":{"@id":"https:\/\/jornalfatosenoticias.com.br\/index.php\/2023\/12\/19\/analise-3d-mostra-que-saliencias-da-lingua-sao-como-impressoes-digitais\/"},"author":{"name":"Luzimara Fernandes","@id":"https:\/\/jornalfatosenoticias.com.br\/#\/schema\/person\/d63837fa13ac8666eb9e74e0985d6f81"},"headline":"An\u00e1lise 3D mostra que sali\u00eancias da l\u00edngua s\u00e3o como impress\u00f5es digitais","datePublished":"2023-12-19T13:27:48+00:00","dateModified":"2023-12-19T13:27:49+00:00","mainEntityOfPage":{"@id":"https:\/\/jornalfatosenoticias.com.br\/index.php\/2023\/12\/19\/analise-3d-mostra-que-saliencias-da-lingua-sao-como-impressoes-digitais\/"},"wordCount":425,"commentCount":0,"publisher":{"@id":"https:\/\/jornalfatosenoticias.com.br\/#organization"},"image":{"@id":"https:\/\/jornalfatosenoticias.com.br\/index.php\/2023\/12\/19\/analise-3d-mostra-que-saliencias-da-lingua-sao-como-impressoes-digitais\/#primaryimage"},"thumbnailUrl":"https:\/\/jornalfatosenoticias.com.br\/wp-content\/uploads\/2023\/12\/lingua_pixabay.jpg","keywords":["corpo humano","impress\u00e3o digital","l\u00edngua","paladar"],"articleSection":["Ci\u00eancia"],"inLanguage":"pt-BR","potentialAction":[{"@type":"CommentAction","name":"Comment","target":["https:\/\/jornalfatosenoticias.com.br\/index.php\/2023\/12\/19\/analise-3d-mostra-que-saliencias-da-lingua-sao-como-impressoes-digitais\/#respond"]}]},{"@type":"WebPage","@id":"https:\/\/jornalfatosenoticias.com.br\/index.php\/2023\/12\/19\/analise-3d-mostra-que-saliencias-da-lingua-sao-como-impressoes-digitais\/","url":"https:\/\/jornalfatosenoticias.com.br\/index.php\/2023\/12\/19\/analise-3d-mostra-que-saliencias-da-lingua-sao-como-impressoes-digitais\/","name":"An\u00e1lise 3D mostra que sali\u00eancias da l\u00edngua s\u00e3o como impress\u00f5es digitais - Jornal Fatos e Not\u00edcias","isPartOf":{"@id":"https:\/\/jornalfatosenoticias.com.br\/#website"},"primaryImageOfPage":{"@id":"https:\/\/jornalfatosenoticias.com.br\/index.php\/2023\/12\/19\/analise-3d-mostra-que-saliencias-da-lingua-sao-como-impressoes-digitais\/#primaryimage"},"image":{"@id":"https:\/\/jornalfatosenoticias.com.br\/index.php\/2023\/12\/19\/analise-3d-mostra-que-saliencias-da-lingua-sao-como-impressoes-digitais\/#primaryimage"},"thumbnailUrl":"https:\/\/jornalfatosenoticias.com.br\/wp-content\/uploads\/2023\/12\/lingua_pixabay.jpg","datePublished":"2023-12-19T13:27:48+00:00","dateModified":"2023-12-19T13:27:49+00:00","breadcrumb":{"@id":"https:\/\/jornalfatosenoticias.com.br\/index.php\/2023\/12\/19\/analise-3d-mostra-que-saliencias-da-lingua-sao-como-impressoes-digitais\/#breadcrumb"},"inLanguage":"pt-BR","potentialAction":[{"@type":"ReadAction","target":["https:\/\/jornalfatosenoticias.com.br\/index.php\/2023\/12\/19\/analise-3d-mostra-que-saliencias-da-lingua-sao-como-impressoes-digitais\/"]}]},{"@type":"ImageObject","inLanguage":"pt-BR","@id":"https:\/\/jornalfatosenoticias.com.br\/index.php\/2023\/12\/19\/analise-3d-mostra-que-saliencias-da-lingua-sao-como-impressoes-digitais\/#primaryimage","url":"https:\/\/jornalfatosenoticias.com.br\/wp-content\/uploads\/2023\/12\/lingua_pixabay.jpg","contentUrl":"https:\/\/jornalfatosenoticias.com.br\/wp-content\/uploads\/2023\/12\/lingua_pixabay.jpg","width":1000,"height":667},{"@type":"BreadcrumbList","@id":"https:\/\/jornalfatosenoticias.com.br\/index.php\/2023\/12\/19\/analise-3d-mostra-que-saliencias-da-lingua-sao-como-impressoes-digitais\/#breadcrumb","itemListElement":[{"@type":"ListItem","position":1,"name":"In\u00edcio","item":"https:\/\/jornalfatosenoticias.com.br\/"},{"@type":"ListItem","position":2,"name":"An\u00e1lise 3D mostra que sali\u00eancias da l\u00edngua s\u00e3o como impress\u00f5es digitais"}]},{"@type":"WebSite","@id":"https:\/\/jornalfatosenoticias.com.br\/#website","url":"https:\/\/jornalfatosenoticias.com.br\/","name":"Jornal Fatos e Not\u00edcias","description":"Not\u00edcias em geral","publisher":{"@id":"https:\/\/jornalfatosenoticias.com.br\/#organization"},"potentialAction":[{"@type":"SearchAction","target":{"@type":"EntryPoint","urlTemplate":"https:\/\/jornalfatosenoticias.com.br\/?s={search_term_string}"},"query-input":{"@type":"PropertyValueSpecification","valueRequired":true,"valueName":"search_term_string"}}],"inLanguage":"pt-BR"},{"@type":"Organization","@id":"https:\/\/jornalfatosenoticias.com.br\/#organization","name":"Jornal Fatos e Not\u00edcias","url":"https:\/\/jornalfatosenoticias.com.br\/","logo":{"@type":"ImageObject","inLanguage":"pt-BR","@id":"https:\/\/jornalfatosenoticias.com.br\/#\/schema\/logo\/image\/","url":"https:\/\/jornalfatosenoticias.com.br\/wp-content\/uploads\/2020\/02\/logo120.png","contentUrl":"https:\/\/jornalfatosenoticias.com.br\/wp-content\/uploads\/2020\/02\/logo120.png","width":1227,"height":120,"caption":"Jornal Fatos e Not\u00edcias"},"image":{"@id":"https:\/\/jornalfatosenoticias.com.br\/#\/schema\/logo\/image\/"}},{"@type":"Person","@id":"https:\/\/jornalfatosenoticias.com.br\/#\/schema\/person\/d63837fa13ac8666eb9e74e0985d6f81","name":"Luzimara Fernandes","image":{"@type":"ImageObject","inLanguage":"pt-BR","@id":"https:\/\/jornalfatosenoticias.com.br\/#\/schema\/person\/image\/","url":"https:\/\/jornalfatosenoticias.com.br\/wp-content\/uploads\/2025\/05\/EU_portal.jpg","contentUrl":"https:\/\/jornalfatosenoticias.com.br\/wp-content\/uploads\/2025\/05\/EU_portal.jpg","caption":"Luzimara Fernandes"},"description":"Jornalista MTB 2358-ES","sameAs":["https:\/\/jornalfatosenoticias.com.br"],"url":"https:\/\/jornalfatosenoticias.com.br\/index.php\/author\/luzimara\/"}]}},"cc_featured_image_caption":{"caption_text":"(Foto: Pixabay)","source_text":"","source_url":""},"jetpack_featured_media_url":"https:\/\/jornalfatosenoticias.com.br\/wp-content\/uploads\/2023\/12\/lingua_pixabay.jpg","_links":{"self":[{"href":"https:\/\/jornalfatosenoticias.com.br\/index.php\/wp-json\/wp\/v2\/posts\/47866","targetHints":{"allow":["GET"]}}],"collection":[{"href":"https:\/\/jornalfatosenoticias.com.br\/index.php\/wp-json\/wp\/v2\/posts"}],"about":[{"href":"https:\/\/jornalfatosenoticias.com.br\/index.php\/wp-json\/wp\/v2\/types\/post"}],"author":[{"embeddable":true,"href":"https:\/\/jornalfatosenoticias.com.br\/index.php\/wp-json\/wp\/v2\/users\/2"}],"replies":[{"embeddable":true,"href":"https:\/\/jornalfatosenoticias.com.br\/index.php\/wp-json\/wp\/v2\/comments?post=47866"}],"version-history":[{"count":0,"href":"https:\/\/jornalfatosenoticias.com.br\/index.php\/wp-json\/wp\/v2\/posts\/47866\/revisions"}],"wp:featuredmedia":[{"embeddable":true,"href":"https:\/\/jornalfatosenoticias.com.br\/index.php\/wp-json\/wp\/v2\/media\/47867"}],"wp:attachment":[{"href":"https:\/\/jornalfatosenoticias.com.br\/index.php\/wp-json\/wp\/v2\/media?parent=47866"}],"wp:term":[{"taxonomy":"category","embeddable":true,"href":"https:\/\/jornalfatosenoticias.com.br\/index.php\/wp-json\/wp\/v2\/categories?post=47866"},{"taxonomy":"post_tag","embeddable":true,"href":"https:\/\/jornalfatosenoticias.com.br\/index.php\/wp-json\/wp\/v2\/tags?post=47866"}],"curies":[{"name":"wp","href":"https:\/\/api.w.org\/{rel}","templated":true}]}}