{"id":47908,"date":"2023-12-20T10:51:40","date_gmt":"2023-12-20T13:51:40","guid":{"rendered":"https:\/\/jornalfatosenoticias.com.br\/?p=47908"},"modified":"2023-12-20T10:51:40","modified_gmt":"2023-12-20T13:51:40","slug":"medo-excessivo-de-doencas-pode-levar-a-morte-precoce-mostra-estudo","status":"publish","type":"post","link":"https:\/\/jornalfatosenoticias.com.br\/index.php\/2023\/12\/20\/medo-excessivo-de-doencas-pode-levar-a-morte-precoce-mostra-estudo\/","title":{"rendered":"Medo excessivo de doen\u00e7as pode levar \u00e0 morte precoce, mostra estudo"},"content":{"rendered":"\n<p><em><span class=\"has-inline-color has-black-color\">Cientistas analisaram 4.100 pessoas diagnosticadas com hipocondria e as compararam com 41.000 pessoas sem o diagn\u00f3stico<\/span><\/em><\/p>\n\n\n\n<p><span class=\"has-inline-color has-black-color\">Por <strong><a href=\"https:\/\/gizmodo.uol.com.br\/author\/gabriel-andrade\/\">Gabriel Andrade<\/a><\/strong><\/span><\/p>\n\n\n\n<div class=\"wp-block-image\"><figure class=\"aligncenter size-large\"><img loading=\"lazy\" decoding=\"async\" width=\"729\" height=\"90\" src=\"https:\/\/jornalfatosenoticias.com.br\/wp-content\/uploads\/2020\/02\/Logo_Mizu.png\" alt=\"\" class=\"wp-image-1441\" srcset=\"https:\/\/jornalfatosenoticias.com.br\/wp-content\/uploads\/2020\/02\/Logo_Mizu.png 729w, https:\/\/jornalfatosenoticias.com.br\/wp-content\/uploads\/2020\/02\/Logo_Mizu-300x37.png 300w\" sizes=\"auto, (max-width: 729px) 100vw, 729px\" \/><\/figure><\/div>\n\n\n\n<p>Ningu\u00e9m gosta de ficar doente. Mas tem gente que tem um medo que chega a ser excessivo. E isso pode prejudicar a sa\u00fade de verdade e at\u00e9 mesmo levar \u00e0 morte.<br>Segundo um estudo, publicado nesta semana na revista <em><a href=\"https:\/\/jamanetwork.com\/journals\/jamapsychiatry\/fullarticle\/2812786\">Jama Psychiatry<\/a><\/em>, apontou que o risco de morte por suic\u00eddio foi quatro vezes maior para as pessoas com o diagn\u00f3stico de hipocondria. Pessoas com o transtorno n\u00e3o conseguem se livrar dos medos, apesar dos exames f\u00edsicos e exames laboratoriais normais.<\/p>\n\n\n\n<blockquote class=\"wp-block-quote is-layout-flow wp-block-quote-is-layout-flow\"><p><span class=\"has-inline-color has-luminous-vivid-orange-color\">Muitos de n\u00f3s somos hipocondr\u00edacos moderados. Mas tamb\u00e9m h\u00e1 pessoas no outro extremo do espectro que vivem num estado perp\u00e9tuo de preocupa\u00e7\u00e3o, sofrimento e rumina\u00e7\u00e3o sobre ter uma doen\u00e7a grave\u201d, disse \u00e0 New Yorker o m\u00e9dico e pesquisador Jonathan E. Alpert.<\/span><\/p><\/blockquote>\n\n\n\n<div class=\"wp-block-image\"><figure class=\"aligncenter size-large is-resized\"><img loading=\"lazy\" decoding=\"async\" src=\"https:\/\/jornalfatosenoticias.com.br\/wp-content\/uploads\/2023\/08\/BKR-1024x1021.jpg\" alt=\"\" class=\"wp-image-44494\" width=\"303\" height=\"302\" srcset=\"https:\/\/jornalfatosenoticias.com.br\/wp-content\/uploads\/2023\/08\/BKR-1024x1021.jpg 1024w, https:\/\/jornalfatosenoticias.com.br\/wp-content\/uploads\/2023\/08\/BKR-300x300.jpg 300w, https:\/\/jornalfatosenoticias.com.br\/wp-content\/uploads\/2023\/08\/BKR-150x150.jpg 150w, https:\/\/jornalfatosenoticias.com.br\/wp-content\/uploads\/2023\/08\/BKR-768x766.jpg 768w, https:\/\/jornalfatosenoticias.com.br\/wp-content\/uploads\/2023\/08\/BKR.jpg 1080w\" sizes=\"auto, (max-width: 303px) 100vw, 303px\" \/><\/figure><\/div>\n\n\n\n<p><strong><span class=\"has-inline-color has-black-color\">Como a pesquisa sobre o medo de doen\u00e7as foi feita<br><\/span><\/strong>Eles analisaram 4.100 pessoas diagnosticadas com <a href=\"https:\/\/gizmodo.uol.com.br\/musica-e-um-santo-remedio-que-agora-vira-em-pilulas\/\">hipocondria<\/a> e as compararam com 41.000 pessoas semelhantes em idade, sexo e munic\u00edpio de resid\u00eancia. Os cientistas usaram uma medida chamada pessoa-ano, que contabiliza o n\u00famero de pessoas e por quanto tempo elas foram monitoradas.<\/p>\n\n\n\n<div class=\"wp-block-image\"><figure class=\"aligncenter size-large is-resized\"><img loading=\"lazy\" decoding=\"async\" src=\"https:\/\/jornalfatosenoticias.com.br\/wp-content\/uploads\/2023\/09\/vetorvix1024_1.jpg\" alt=\"\" class=\"wp-image-44868\" width=\"438\" height=\"116\" srcset=\"https:\/\/jornalfatosenoticias.com.br\/wp-content\/uploads\/2023\/09\/vetorvix1024_1.jpg 1024w, https:\/\/jornalfatosenoticias.com.br\/wp-content\/uploads\/2023\/09\/vetorvix1024_1-300x80.jpg 300w, https:\/\/jornalfatosenoticias.com.br\/wp-content\/uploads\/2023\/09\/vetorvix1024_1-768x205.jpg 768w\" sizes=\"auto, (max-width: 438px) 100vw, 438px\" \/><\/figure><\/div>\n\n\n\n<p>As taxas gerais de mortalidade foram mais altas nas pessoas com hipocondria, 8,5 contra 5,5 por 1.000 pessoas-ano. Pessoas com a doen\u00e7a morreram mais jovens que as demais, com idade m\u00e9dia de 70 anos contra 75 anos do segundo grupo. O risco de morte por doen\u00e7as circulat\u00f3rias e respirat\u00f3rias era maior. O c\u00e2ncer foi uma exce\u00e7\u00e3o, onde o risco de morte era quase o mesmo entre os grupos.<\/p>\n\n\n\n<div class=\"wp-block-image\"><figure class=\"aligncenter size-large is-resized\"><img loading=\"lazy\" decoding=\"async\" src=\"https:\/\/jornalfatosenoticias.com.br\/wp-content\/uploads\/2022\/02\/Precisao-Contabilidade-1024x724.jpg\" alt=\"\" class=\"wp-image-28088\" width=\"332\" height=\"235\"\/><\/figure><\/div>\n\n\n\n<blockquote class=\"wp-block-quote is-layout-flow wp-block-quote-is-layout-flow\"><p><span class=\"has-inline-color has-luminous-vivid-orange-color\">\u00c9 preciso muito respeito e sensibilidade para transmitir aos pacientes que esta \u00e9 uma esp\u00e9cie de doen\u00e7a, que tem um nome\u201d, disse Alpert. \u201cE, felizmente, existem bons tratamentos\u201d, completou.<\/span><\/p><\/blockquote>\n\n\n\n<div class=\"wp-block-image\"><figure class=\"aligncenter size-large is-resized\"><img loading=\"lazy\" decoding=\"async\" src=\"https:\/\/jornalfatosenoticias.com.br\/wp-content\/uploads\/2023\/03\/logo-Panper_portal.jpg\" alt=\"\" class=\"wp-image-40208\" width=\"364\" height=\"252\" srcset=\"https:\/\/jornalfatosenoticias.com.br\/wp-content\/uploads\/2023\/03\/logo-Panper_portal.jpg 400w, https:\/\/jornalfatosenoticias.com.br\/wp-content\/uploads\/2023\/03\/logo-Panper_portal-300x208.jpg 300w\" sizes=\"auto, (max-width: 364px) 100vw, 364px\" \/><\/figure><\/div>\n\n\n\n<p><strong><span class=\"has-inline-color has-black-color\">Principais sintomas da hipocondria<br><\/span><\/strong>Hipocondria \u00e9 uma patologia relacionada ao medo irracional de doen\u00e7as e at\u00e9 mesmo da morte por condi\u00e7\u00f5es m\u00e9dicas. Uma pessoa com o quadro tem o costume de passar, constantemente, por consultas e exames em busca de diagn\u00f3sticos. O que a maioria n\u00e3o sabe \u00e9 que a enfermidade \u00e9 um dist\u00farbio ps\u00edquico reconhecido na Classifica\u00e7\u00e3o Internacional de Doen\u00e7as (CID-10). Estes s\u00e3o os principais sintomas:<\/p>\n\n\n\n<div class=\"wp-block-image\"><figure class=\"aligncenter size-large is-resized\"><img loading=\"lazy\" decoding=\"async\" src=\"https:\/\/jornalfatosenoticias.com.br\/wp-content\/uploads\/2020\/02\/logo-Rapuzel-1024x571.jpg\" alt=\"\" class=\"wp-image-42808\" width=\"354\" height=\"197\" srcset=\"https:\/\/jornalfatosenoticias.com.br\/wp-content\/uploads\/2020\/02\/logo-Rapuzel-1024x571.jpg 1024w, https:\/\/jornalfatosenoticias.com.br\/wp-content\/uploads\/2020\/02\/logo-Rapuzel-300x167.jpg 300w, https:\/\/jornalfatosenoticias.com.br\/wp-content\/uploads\/2020\/02\/logo-Rapuzel-768x428.jpg 768w, https:\/\/jornalfatosenoticias.com.br\/wp-content\/uploads\/2020\/02\/logo-Rapuzel-1536x856.jpg 1536w, https:\/\/jornalfatosenoticias.com.br\/wp-content\/uploads\/2020\/02\/logo-Rapuzel.jpg 1600w\" sizes=\"auto, (max-width: 354px) 100vw, 354px\" \/><\/figure><\/div>\n\n\n\n<ul class=\"wp-block-list\"><li>Apreens\u00e3o, ansiedade prolongada e preocupa\u00e7\u00e3o exagerada com a pr\u00f3pria sa\u00fade;<\/li><li>Visitas constantes e desnecess\u00e1rias ao m\u00e9dico;<\/li><li>Busca por v\u00e1rias opini\u00f5es m\u00e9dicas a respeito da mesma suspeita;<\/li><li>Falta de aceita\u00e7\u00e3o de diagn\u00f3sticos feitos por profissionais de sa\u00fade; e<\/li><li>Medo excessivo ao manifestar qualquer tipo de sintoma.<\/li><\/ul>\n\n\n\n<div class=\"wp-block-image\"><figure class=\"aligncenter size-large is-resized\"><img loading=\"lazy\" decoding=\"async\" src=\"https:\/\/jornalfatosenoticias.com.br\/wp-content\/uploads\/2023\/07\/lacremoda.jpg\" alt=\"\" class=\"wp-image-43706\" width=\"363\" height=\"203\" srcset=\"https:\/\/jornalfatosenoticias.com.br\/wp-content\/uploads\/2023\/07\/lacremoda.jpg 1024w, https:\/\/jornalfatosenoticias.com.br\/wp-content\/uploads\/2023\/07\/lacremoda-300x168.jpg 300w, https:\/\/jornalfatosenoticias.com.br\/wp-content\/uploads\/2023\/07\/lacremoda-768x431.jpg 768w\" sizes=\"auto, (max-width: 363px) 100vw, 363px\" \/><\/figure><\/div>\n\n\n\n<p><strong><em>Fonte: <a href=\"https:\/\/gizmodo.uol.com.br\/medo-excessivo-de-doencas-pode-levar-a-morte-precoce-mostra-estudo\/\">Giz Brasil<\/a><\/em><\/strong><\/p>\n","protected":false},"excerpt":{"rendered":"<p>Cientistas analisaram 4.100 pessoas diagnosticadas com hipocondria e as compararam com 41.000 pessoas sem o diagn\u00f3stico Por Gabriel Andrade Ningu\u00e9m gosta de ficar doente. Mas tem gente que tem um medo que chega a ser excessivo. E isso pode prejudicar a sa\u00fade de verdade e at\u00e9 mesmo levar \u00e0 morte.Segundo um estudo, publicado nesta semana [&hellip;]<\/p>\n","protected":false},"author":2,"featured_media":47909,"comment_status":"open","ping_status":"open","sticky":false,"template":"","format":"standard","meta":{"footnotes":""},"categories":[2522],"tags":[1400,714,1557,771,234],"class_list":["post-47908","post","type-post","status-publish","format-standard","has-post-thumbnail","hentry","category-comportamento","tag-comportamento","tag-estudo","tag-medo","tag-morte","tag-remedio"],"yoast_head":"<!-- This site is optimized with the Yoast SEO plugin v26.5 - https:\/\/yoast.com\/wordpress\/plugins\/seo\/ -->\n<title>Medo excessivo de doen\u00e7as pode levar \u00e0 morte precoce, mostra estudo - Jornal Fatos e Not\u00edcias<\/title>\n<meta name=\"robots\" content=\"index, follow, max-snippet:-1, max-image-preview:large, max-video-preview:-1\" \/>\n<link rel=\"canonical\" href=\"https:\/\/jornalfatosenoticias.com.br\/index.php\/2023\/12\/20\/medo-excessivo-de-doencas-pode-levar-a-morte-precoce-mostra-estudo\/\" \/>\n<meta property=\"og:locale\" content=\"pt_BR\" \/>\n<meta property=\"og:type\" content=\"article\" \/>\n<meta property=\"og:title\" content=\"Medo excessivo de doen\u00e7as pode levar \u00e0 morte precoce, mostra estudo - Jornal Fatos e Not\u00edcias\" \/>\n<meta property=\"og:description\" content=\"Cientistas analisaram 4.100 pessoas diagnosticadas com hipocondria e as compararam com 41.000 pessoas sem o diagn\u00f3stico Por Gabriel Andrade Ningu\u00e9m gosta de ficar doente. Mas tem gente que tem um medo que chega a ser excessivo. E isso pode prejudicar a sa\u00fade de verdade e at\u00e9 mesmo levar \u00e0 morte.Segundo um estudo, publicado nesta semana [&hellip;]\" \/>\n<meta property=\"og:url\" content=\"https:\/\/jornalfatosenoticias.com.br\/index.php\/2023\/12\/20\/medo-excessivo-de-doencas-pode-levar-a-morte-precoce-mostra-estudo\/\" \/>\n<meta property=\"og:site_name\" content=\"Jornal Fatos e Not\u00edcias\" \/>\n<meta property=\"article:published_time\" content=\"2023-12-20T13:51:40+00:00\" \/>\n<meta property=\"og:image\" content=\"https:\/\/jornalfatosenoticias.com.br\/wp-content\/uploads\/2023\/12\/Medo-excessivo-de-doencas-pode-levar-a-morte-precoce_istock.jpg\" \/>\n\t<meta property=\"og:image:width\" content=\"612\" \/>\n\t<meta property=\"og:image:height\" content=\"326\" \/>\n\t<meta property=\"og:image:type\" content=\"image\/jpeg\" \/>\n<meta name=\"author\" content=\"Luzimara Fernandes\" \/>\n<meta name=\"twitter:card\" content=\"summary_large_image\" \/>\n<meta name=\"twitter:label1\" content=\"Escrito por\" \/>\n\t<meta name=\"twitter:data1\" content=\"Luzimara Fernandes\" \/>\n\t<meta name=\"twitter:label2\" content=\"Est. tempo de leitura\" \/>\n\t<meta name=\"twitter:data2\" content=\"2 minutos\" \/>\n<script type=\"application\/ld+json\" class=\"yoast-schema-graph\">{\"@context\":\"https:\/\/schema.org\",\"@graph\":[{\"@type\":\"Article\",\"@id\":\"https:\/\/jornalfatosenoticias.com.br\/index.php\/2023\/12\/20\/medo-excessivo-de-doencas-pode-levar-a-morte-precoce-mostra-estudo\/#article\",\"isPartOf\":{\"@id\":\"https:\/\/jornalfatosenoticias.com.br\/index.php\/2023\/12\/20\/medo-excessivo-de-doencas-pode-levar-a-morte-precoce-mostra-estudo\/\"},\"author\":{\"name\":\"Luzimara Fernandes\",\"@id\":\"https:\/\/jornalfatosenoticias.com.br\/#\/schema\/person\/d63837fa13ac8666eb9e74e0985d6f81\"},\"headline\":\"Medo excessivo de doen\u00e7as pode levar \u00e0 morte precoce, mostra estudo\",\"datePublished\":\"2023-12-20T13:51:40+00:00\",\"mainEntityOfPage\":{\"@id\":\"https:\/\/jornalfatosenoticias.com.br\/index.php\/2023\/12\/20\/medo-excessivo-de-doencas-pode-levar-a-morte-precoce-mostra-estudo\/\"},\"wordCount\":447,\"commentCount\":0,\"publisher\":{\"@id\":\"https:\/\/jornalfatosenoticias.com.br\/#organization\"},\"image\":{\"@id\":\"https:\/\/jornalfatosenoticias.com.br\/index.php\/2023\/12\/20\/medo-excessivo-de-doencas-pode-levar-a-morte-precoce-mostra-estudo\/#primaryimage\"},\"thumbnailUrl\":\"https:\/\/jornalfatosenoticias.com.br\/wp-content\/uploads\/2023\/12\/Medo-excessivo-de-doencas-pode-levar-a-morte-precoce_istock.jpg\",\"keywords\":[\"comportamento\",\"Estudo\",\"medo\",\"morte\",\"rem\u00e9dio\"],\"articleSection\":[\"Comportamento &amp; Equil\u00edbrio\"],\"inLanguage\":\"pt-BR\",\"potentialAction\":[{\"@type\":\"CommentAction\",\"name\":\"Comment\",\"target\":[\"https:\/\/jornalfatosenoticias.com.br\/index.php\/2023\/12\/20\/medo-excessivo-de-doencas-pode-levar-a-morte-precoce-mostra-estudo\/#respond\"]}]},{\"@type\":\"WebPage\",\"@id\":\"https:\/\/jornalfatosenoticias.com.br\/index.php\/2023\/12\/20\/medo-excessivo-de-doencas-pode-levar-a-morte-precoce-mostra-estudo\/\",\"url\":\"https:\/\/jornalfatosenoticias.com.br\/index.php\/2023\/12\/20\/medo-excessivo-de-doencas-pode-levar-a-morte-precoce-mostra-estudo\/\",\"name\":\"Medo excessivo de doen\u00e7as pode levar \u00e0 morte precoce, mostra estudo - Jornal Fatos e Not\u00edcias\",\"isPartOf\":{\"@id\":\"https:\/\/jornalfatosenoticias.com.br\/#website\"},\"primaryImageOfPage\":{\"@id\":\"https:\/\/jornalfatosenoticias.com.br\/index.php\/2023\/12\/20\/medo-excessivo-de-doencas-pode-levar-a-morte-precoce-mostra-estudo\/#primaryimage\"},\"image\":{\"@id\":\"https:\/\/jornalfatosenoticias.com.br\/index.php\/2023\/12\/20\/medo-excessivo-de-doencas-pode-levar-a-morte-precoce-mostra-estudo\/#primaryimage\"},\"thumbnailUrl\":\"https:\/\/jornalfatosenoticias.com.br\/wp-content\/uploads\/2023\/12\/Medo-excessivo-de-doencas-pode-levar-a-morte-precoce_istock.jpg\",\"datePublished\":\"2023-12-20T13:51:40+00:00\",\"breadcrumb\":{\"@id\":\"https:\/\/jornalfatosenoticias.com.br\/index.php\/2023\/12\/20\/medo-excessivo-de-doencas-pode-levar-a-morte-precoce-mostra-estudo\/#breadcrumb\"},\"inLanguage\":\"pt-BR\",\"potentialAction\":[{\"@type\":\"ReadAction\",\"target\":[\"https:\/\/jornalfatosenoticias.com.br\/index.php\/2023\/12\/20\/medo-excessivo-de-doencas-pode-levar-a-morte-precoce-mostra-estudo\/\"]}]},{\"@type\":\"ImageObject\",\"inLanguage\":\"pt-BR\",\"@id\":\"https:\/\/jornalfatosenoticias.com.br\/index.php\/2023\/12\/20\/medo-excessivo-de-doencas-pode-levar-a-morte-precoce-mostra-estudo\/#primaryimage\",\"url\":\"https:\/\/jornalfatosenoticias.com.br\/wp-content\/uploads\/2023\/12\/Medo-excessivo-de-doencas-pode-levar-a-morte-precoce_istock.jpg\",\"contentUrl\":\"https:\/\/jornalfatosenoticias.com.br\/wp-content\/uploads\/2023\/12\/Medo-excessivo-de-doencas-pode-levar-a-morte-precoce_istock.jpg\",\"width\":612,\"height\":326,\"caption\":\"Yellow and white medical capsules falling down on the blue background. 3D render. 3D illustration.\"},{\"@type\":\"BreadcrumbList\",\"@id\":\"https:\/\/jornalfatosenoticias.com.br\/index.php\/2023\/12\/20\/medo-excessivo-de-doencas-pode-levar-a-morte-precoce-mostra-estudo\/#breadcrumb\",\"itemListElement\":[{\"@type\":\"ListItem\",\"position\":1,\"name\":\"In\u00edcio\",\"item\":\"https:\/\/jornalfatosenoticias.com.br\/\"},{\"@type\":\"ListItem\",\"position\":2,\"name\":\"Medo excessivo de doen\u00e7as pode levar \u00e0 morte precoce, mostra estudo\"}]},{\"@type\":\"WebSite\",\"@id\":\"https:\/\/jornalfatosenoticias.com.br\/#website\",\"url\":\"https:\/\/jornalfatosenoticias.com.br\/\",\"name\":\"Jornal Fatos e Not\u00edcias\",\"description\":\"Not\u00edcias em geral\",\"publisher\":{\"@id\":\"https:\/\/jornalfatosenoticias.com.br\/#organization\"},\"potentialAction\":[{\"@type\":\"SearchAction\",\"target\":{\"@type\":\"EntryPoint\",\"urlTemplate\":\"https:\/\/jornalfatosenoticias.com.br\/?s={search_term_string}\"},\"query-input\":{\"@type\":\"PropertyValueSpecification\",\"valueRequired\":true,\"valueName\":\"search_term_string\"}}],\"inLanguage\":\"pt-BR\"},{\"@type\":\"Organization\",\"@id\":\"https:\/\/jornalfatosenoticias.com.br\/#organization\",\"name\":\"Jornal Fatos e Not\u00edcias\",\"url\":\"https:\/\/jornalfatosenoticias.com.br\/\",\"logo\":{\"@type\":\"ImageObject\",\"inLanguage\":\"pt-BR\",\"@id\":\"https:\/\/jornalfatosenoticias.com.br\/#\/schema\/logo\/image\/\",\"url\":\"https:\/\/jornalfatosenoticias.com.br\/wp-content\/uploads\/2020\/02\/logo120.png\",\"contentUrl\":\"https:\/\/jornalfatosenoticias.com.br\/wp-content\/uploads\/2020\/02\/logo120.png\",\"width\":1227,\"height\":120,\"caption\":\"Jornal Fatos e Not\u00edcias\"},\"image\":{\"@id\":\"https:\/\/jornalfatosenoticias.com.br\/#\/schema\/logo\/image\/\"}},{\"@type\":\"Person\",\"@id\":\"https:\/\/jornalfatosenoticias.com.br\/#\/schema\/person\/d63837fa13ac8666eb9e74e0985d6f81\",\"name\":\"Luzimara Fernandes\",\"image\":{\"@type\":\"ImageObject\",\"inLanguage\":\"pt-BR\",\"@id\":\"https:\/\/jornalfatosenoticias.com.br\/#\/schema\/person\/image\/\",\"url\":\"https:\/\/jornalfatosenoticias.com.br\/wp-content\/uploads\/2025\/05\/EU_portal.jpg\",\"contentUrl\":\"https:\/\/jornalfatosenoticias.com.br\/wp-content\/uploads\/2025\/05\/EU_portal.jpg\",\"caption\":\"Luzimara Fernandes\"},\"description\":\"Jornalista MTB 2358-ES\",\"sameAs\":[\"https:\/\/jornalfatosenoticias.com.br\"],\"url\":\"https:\/\/jornalfatosenoticias.com.br\/index.php\/author\/luzimara\/\"}]}<\/script>\n<!-- \/ Yoast SEO plugin. -->","yoast_head_json":{"title":"Medo excessivo de doen\u00e7as pode levar \u00e0 morte precoce, mostra estudo - Jornal Fatos e Not\u00edcias","robots":{"index":"index","follow":"follow","max-snippet":"max-snippet:-1","max-image-preview":"max-image-preview:large","max-video-preview":"max-video-preview:-1"},"canonical":"https:\/\/jornalfatosenoticias.com.br\/index.php\/2023\/12\/20\/medo-excessivo-de-doencas-pode-levar-a-morte-precoce-mostra-estudo\/","og_locale":"pt_BR","og_type":"article","og_title":"Medo excessivo de doen\u00e7as pode levar \u00e0 morte precoce, mostra estudo - Jornal Fatos e Not\u00edcias","og_description":"Cientistas analisaram 4.100 pessoas diagnosticadas com hipocondria e as compararam com 41.000 pessoas sem o diagn\u00f3stico Por Gabriel Andrade Ningu\u00e9m gosta de ficar doente. Mas tem gente que tem um medo que chega a ser excessivo. E isso pode prejudicar a sa\u00fade de verdade e at\u00e9 mesmo levar \u00e0 morte.Segundo um estudo, publicado nesta semana [&hellip;]","og_url":"https:\/\/jornalfatosenoticias.com.br\/index.php\/2023\/12\/20\/medo-excessivo-de-doencas-pode-levar-a-morte-precoce-mostra-estudo\/","og_site_name":"Jornal Fatos e Not\u00edcias","article_published_time":"2023-12-20T13:51:40+00:00","og_image":[{"width":612,"height":326,"url":"https:\/\/jornalfatosenoticias.com.br\/wp-content\/uploads\/2023\/12\/Medo-excessivo-de-doencas-pode-levar-a-morte-precoce_istock.jpg","type":"image\/jpeg"}],"author":"Luzimara Fernandes","twitter_card":"summary_large_image","twitter_misc":{"Escrito por":"Luzimara Fernandes","Est. tempo de leitura":"2 minutos"},"schema":{"@context":"https:\/\/schema.org","@graph":[{"@type":"Article","@id":"https:\/\/jornalfatosenoticias.com.br\/index.php\/2023\/12\/20\/medo-excessivo-de-doencas-pode-levar-a-morte-precoce-mostra-estudo\/#article","isPartOf":{"@id":"https:\/\/jornalfatosenoticias.com.br\/index.php\/2023\/12\/20\/medo-excessivo-de-doencas-pode-levar-a-morte-precoce-mostra-estudo\/"},"author":{"name":"Luzimara Fernandes","@id":"https:\/\/jornalfatosenoticias.com.br\/#\/schema\/person\/d63837fa13ac8666eb9e74e0985d6f81"},"headline":"Medo excessivo de doen\u00e7as pode levar \u00e0 morte precoce, mostra estudo","datePublished":"2023-12-20T13:51:40+00:00","mainEntityOfPage":{"@id":"https:\/\/jornalfatosenoticias.com.br\/index.php\/2023\/12\/20\/medo-excessivo-de-doencas-pode-levar-a-morte-precoce-mostra-estudo\/"},"wordCount":447,"commentCount":0,"publisher":{"@id":"https:\/\/jornalfatosenoticias.com.br\/#organization"},"image":{"@id":"https:\/\/jornalfatosenoticias.com.br\/index.php\/2023\/12\/20\/medo-excessivo-de-doencas-pode-levar-a-morte-precoce-mostra-estudo\/#primaryimage"},"thumbnailUrl":"https:\/\/jornalfatosenoticias.com.br\/wp-content\/uploads\/2023\/12\/Medo-excessivo-de-doencas-pode-levar-a-morte-precoce_istock.jpg","keywords":["comportamento","Estudo","medo","morte","rem\u00e9dio"],"articleSection":["Comportamento &amp; Equil\u00edbrio"],"inLanguage":"pt-BR","potentialAction":[{"@type":"CommentAction","name":"Comment","target":["https:\/\/jornalfatosenoticias.com.br\/index.php\/2023\/12\/20\/medo-excessivo-de-doencas-pode-levar-a-morte-precoce-mostra-estudo\/#respond"]}]},{"@type":"WebPage","@id":"https:\/\/jornalfatosenoticias.com.br\/index.php\/2023\/12\/20\/medo-excessivo-de-doencas-pode-levar-a-morte-precoce-mostra-estudo\/","url":"https:\/\/jornalfatosenoticias.com.br\/index.php\/2023\/12\/20\/medo-excessivo-de-doencas-pode-levar-a-morte-precoce-mostra-estudo\/","name":"Medo excessivo de doen\u00e7as pode levar \u00e0 morte precoce, mostra estudo - Jornal Fatos e Not\u00edcias","isPartOf":{"@id":"https:\/\/jornalfatosenoticias.com.br\/#website"},"primaryImageOfPage":{"@id":"https:\/\/jornalfatosenoticias.com.br\/index.php\/2023\/12\/20\/medo-excessivo-de-doencas-pode-levar-a-morte-precoce-mostra-estudo\/#primaryimage"},"image":{"@id":"https:\/\/jornalfatosenoticias.com.br\/index.php\/2023\/12\/20\/medo-excessivo-de-doencas-pode-levar-a-morte-precoce-mostra-estudo\/#primaryimage"},"thumbnailUrl":"https:\/\/jornalfatosenoticias.com.br\/wp-content\/uploads\/2023\/12\/Medo-excessivo-de-doencas-pode-levar-a-morte-precoce_istock.jpg","datePublished":"2023-12-20T13:51:40+00:00","breadcrumb":{"@id":"https:\/\/jornalfatosenoticias.com.br\/index.php\/2023\/12\/20\/medo-excessivo-de-doencas-pode-levar-a-morte-precoce-mostra-estudo\/#breadcrumb"},"inLanguage":"pt-BR","potentialAction":[{"@type":"ReadAction","target":["https:\/\/jornalfatosenoticias.com.br\/index.php\/2023\/12\/20\/medo-excessivo-de-doencas-pode-levar-a-morte-precoce-mostra-estudo\/"]}]},{"@type":"ImageObject","inLanguage":"pt-BR","@id":"https:\/\/jornalfatosenoticias.com.br\/index.php\/2023\/12\/20\/medo-excessivo-de-doencas-pode-levar-a-morte-precoce-mostra-estudo\/#primaryimage","url":"https:\/\/jornalfatosenoticias.com.br\/wp-content\/uploads\/2023\/12\/Medo-excessivo-de-doencas-pode-levar-a-morte-precoce_istock.jpg","contentUrl":"https:\/\/jornalfatosenoticias.com.br\/wp-content\/uploads\/2023\/12\/Medo-excessivo-de-doencas-pode-levar-a-morte-precoce_istock.jpg","width":612,"height":326,"caption":"Yellow and white medical capsules falling down on the blue background. 3D render. 3D illustration."},{"@type":"BreadcrumbList","@id":"https:\/\/jornalfatosenoticias.com.br\/index.php\/2023\/12\/20\/medo-excessivo-de-doencas-pode-levar-a-morte-precoce-mostra-estudo\/#breadcrumb","itemListElement":[{"@type":"ListItem","position":1,"name":"In\u00edcio","item":"https:\/\/jornalfatosenoticias.com.br\/"},{"@type":"ListItem","position":2,"name":"Medo excessivo de doen\u00e7as pode levar \u00e0 morte precoce, mostra estudo"}]},{"@type":"WebSite","@id":"https:\/\/jornalfatosenoticias.com.br\/#website","url":"https:\/\/jornalfatosenoticias.com.br\/","name":"Jornal Fatos e Not\u00edcias","description":"Not\u00edcias em geral","publisher":{"@id":"https:\/\/jornalfatosenoticias.com.br\/#organization"},"potentialAction":[{"@type":"SearchAction","target":{"@type":"EntryPoint","urlTemplate":"https:\/\/jornalfatosenoticias.com.br\/?s={search_term_string}"},"query-input":{"@type":"PropertyValueSpecification","valueRequired":true,"valueName":"search_term_string"}}],"inLanguage":"pt-BR"},{"@type":"Organization","@id":"https:\/\/jornalfatosenoticias.com.br\/#organization","name":"Jornal Fatos e Not\u00edcias","url":"https:\/\/jornalfatosenoticias.com.br\/","logo":{"@type":"ImageObject","inLanguage":"pt-BR","@id":"https:\/\/jornalfatosenoticias.com.br\/#\/schema\/logo\/image\/","url":"https:\/\/jornalfatosenoticias.com.br\/wp-content\/uploads\/2020\/02\/logo120.png","contentUrl":"https:\/\/jornalfatosenoticias.com.br\/wp-content\/uploads\/2020\/02\/logo120.png","width":1227,"height":120,"caption":"Jornal Fatos e Not\u00edcias"},"image":{"@id":"https:\/\/jornalfatosenoticias.com.br\/#\/schema\/logo\/image\/"}},{"@type":"Person","@id":"https:\/\/jornalfatosenoticias.com.br\/#\/schema\/person\/d63837fa13ac8666eb9e74e0985d6f81","name":"Luzimara Fernandes","image":{"@type":"ImageObject","inLanguage":"pt-BR","@id":"https:\/\/jornalfatosenoticias.com.br\/#\/schema\/person\/image\/","url":"https:\/\/jornalfatosenoticias.com.br\/wp-content\/uploads\/2025\/05\/EU_portal.jpg","contentUrl":"https:\/\/jornalfatosenoticias.com.br\/wp-content\/uploads\/2025\/05\/EU_portal.jpg","caption":"Luzimara Fernandes"},"description":"Jornalista MTB 2358-ES","sameAs":["https:\/\/jornalfatosenoticias.com.br"],"url":"https:\/\/jornalfatosenoticias.com.br\/index.php\/author\/luzimara\/"}]}},"cc_featured_image_caption":{"caption_text":"(Foto: iStock) ","source_text":"","source_url":""},"jetpack_featured_media_url":"https:\/\/jornalfatosenoticias.com.br\/wp-content\/uploads\/2023\/12\/Medo-excessivo-de-doencas-pode-levar-a-morte-precoce_istock.jpg","_links":{"self":[{"href":"https:\/\/jornalfatosenoticias.com.br\/index.php\/wp-json\/wp\/v2\/posts\/47908","targetHints":{"allow":["GET"]}}],"collection":[{"href":"https:\/\/jornalfatosenoticias.com.br\/index.php\/wp-json\/wp\/v2\/posts"}],"about":[{"href":"https:\/\/jornalfatosenoticias.com.br\/index.php\/wp-json\/wp\/v2\/types\/post"}],"author":[{"embeddable":true,"href":"https:\/\/jornalfatosenoticias.com.br\/index.php\/wp-json\/wp\/v2\/users\/2"}],"replies":[{"embeddable":true,"href":"https:\/\/jornalfatosenoticias.com.br\/index.php\/wp-json\/wp\/v2\/comments?post=47908"}],"version-history":[{"count":0,"href":"https:\/\/jornalfatosenoticias.com.br\/index.php\/wp-json\/wp\/v2\/posts\/47908\/revisions"}],"wp:featuredmedia":[{"embeddable":true,"href":"https:\/\/jornalfatosenoticias.com.br\/index.php\/wp-json\/wp\/v2\/media\/47909"}],"wp:attachment":[{"href":"https:\/\/jornalfatosenoticias.com.br\/index.php\/wp-json\/wp\/v2\/media?parent=47908"}],"wp:term":[{"taxonomy":"category","embeddable":true,"href":"https:\/\/jornalfatosenoticias.com.br\/index.php\/wp-json\/wp\/v2\/categories?post=47908"},{"taxonomy":"post_tag","embeddable":true,"href":"https:\/\/jornalfatosenoticias.com.br\/index.php\/wp-json\/wp\/v2\/tags?post=47908"}],"curies":[{"name":"wp","href":"https:\/\/api.w.org\/{rel}","templated":true}]}}