{"id":47970,"date":"2023-12-22T09:49:44","date_gmt":"2023-12-22T12:49:44","guid":{"rendered":"https:\/\/jornalfatosenoticias.com.br\/?p=47970"},"modified":"2023-12-22T09:49:47","modified_gmt":"2023-12-22T12:49:47","slug":"alunos-no-brasil-regridem-em-desempenho-do-6o-ao-9o-ano-do-ensino-fundamental","status":"publish","type":"post","link":"https:\/\/jornalfatosenoticias.com.br\/index.php\/2023\/12\/22\/alunos-no-brasil-regridem-em-desempenho-do-6o-ao-9o-ano-do-ensino-fundamental\/","title":{"rendered":"Alunos no Brasil regridem em desempenho do 6\u00ba ao 9\u00ba ano do ensino fundamental"},"content":{"rendered":"\n<p><em><span class=\"has-inline-color has-black-color\">O panorama do ensino fundamental 2 \u00e9 assustador. Por exemplo, em 2021, 85% dos alunos do 9\u00ba ano estavam no n\u00edvel b\u00e1sico ou insuficiente na matem\u00e1tica<\/span><\/em><\/p>\n\n\n\n<p><span class=\"has-inline-color has-black-color\">Por <strong><a href=\"https:\/\/www.gazetadopovo.com.br\/autor\/marlice-pinto-vilela\/\" rel=\"sponsored nofollow\">Marlice Pinto Vilela<\/a><\/strong><\/span><\/p>\n\n\n\n<div class=\"wp-block-image\"><figure class=\"aligncenter size-large\"><img loading=\"lazy\" decoding=\"async\" width=\"729\" height=\"90\" src=\"https:\/\/jornalfatosenoticias.com.br\/wp-content\/uploads\/2020\/02\/Logo_Mizu.png\" alt=\"\" class=\"wp-image-1441\" srcset=\"https:\/\/jornalfatosenoticias.com.br\/wp-content\/uploads\/2020\/02\/Logo_Mizu.png 729w, https:\/\/jornalfatosenoticias.com.br\/wp-content\/uploads\/2020\/02\/Logo_Mizu-300x37.png 300w\" sizes=\"auto, (max-width: 729px) 100vw, 729px\" \/><\/figure><\/div>\n\n\n\n<p>Uma an\u00e1lise baseada nos dados das provas de portugu\u00eas e matem\u00e1tica do Saeb confirma um cen\u00e1rio alarmante: o desempenho dos alunos regride entre o 6\u00ba e o 9\u00ba ano do ensino fundamental, em escolas p\u00fablicas. Em 2021, enquanto 51% dos alunos do 5\u00ba do ensino fundamental apresentaram aprendizagem adequada em portugu\u00eas, apenas 35% dos seus colegas no 9\u00ba ano sa\u00edram com conhecimento suficiente para entrar no ensino m\u00e9dio. Na matem\u00e1tica, o cen\u00e1rio foi ainda pior. Apenas 37% dos alunos do 5\u00ba ano possu\u00edam aprendizagem adequada, porcentagem que caiu para 15% no 9\u00ba ano. E os dados s\u00e3o similares aos cen\u00e1rios de 2019 e 2017, mesmo antes da pandemia.<br>A queda de desempenho ao passar do 5\u00ba para o 6\u00ba ano, com uma curva descendente at\u00e9 o 9\u00ba ano, desmotiva os alunos e acaba se transformando em uma das principais causas para a evas\u00e3o escolar e o alto \u00edndice de reprova\u00e7\u00e3o no ensino m\u00e9dio. O censo escolar de 2022 apontou que o primeiro ano do ensino m\u00e9dio \u00e9 a s\u00e9rie que possui a maior taxa de evas\u00e3o escolar (8,2%), de reprova\u00e7\u00e3o (12,7%) e de migra\u00e7\u00e3o para o ensino de jovens adultos (2,7%).<\/p>\n\n\n\n<div class=\"wp-block-image\"><figure class=\"aligncenter size-large\"><img loading=\"lazy\" decoding=\"async\" width=\"300\" height=\"250\" src=\"https:\/\/jornalfatosenoticias.com.br\/wp-content\/uploads\/2020\/02\/Banner-2.png\" alt=\"\" class=\"wp-image-43787\"\/><\/figure><\/div>\n\n\n\n<p>O panorama \u00e9 assustador. Utilizando levantamento do QEdu, com crit\u00e9rios disponibilizados pelo Inep (\u00f3rg\u00e3o do Minist\u00e9rio da Educa\u00e7\u00e3o) em 2017 e, ainda assim, muito abaixo em qualidade dos usados em outros pa\u00edses \u2014 s\u00f3 15% dos alunos do 9\u00ba ano tinham conhecimento aceit\u00e1vel em matem\u00e1tica em 2021 para continuar os estudos, poucos deles apresentando aprendizado al\u00e9m do esperado. Ou seja, 85% dos alunos do 9\u00ba ano de 2021 estavam no n\u00edvel b\u00e1sico (54%) ou insuficiente (31%) na matem\u00e1tica. Se no b\u00e1sico os estudantes precisam de atividades de refor\u00e7o, os do insuficiente necessitam ser expostos novamente aos conte\u00fados ensinados.<\/p>\n\n\n\n<div class=\"wp-block-image\"><figure class=\"aligncenter size-large is-resized\"><img loading=\"lazy\" decoding=\"async\" src=\"https:\/\/jornalfatosenoticias.com.br\/wp-content\/uploads\/2023\/08\/LOGO-BLU-COMERCIAL-PRETO-1024x600.jpg\" alt=\"\" class=\"wp-image-44053\" width=\"312\" height=\"182\"\/><\/figure><\/div>\n\n\n\n<p>Em portugu\u00eas, os 65% dos alunos do 9\u00ba ano abaixo do n\u00edvel adequado em 2021 n\u00e3o conseguiam realizar uma s\u00e9rie de opera\u00e7\u00f5es simples de interpreta\u00e7\u00e3o e reda\u00e7\u00e3o de textos, como localizar informa\u00e7\u00f5es expl\u00edcitas em artigos de opini\u00e3o ou identificar finalidade de contos e f\u00e1bulas. Em matem\u00e1tica, 85% dos estudantes que terminaram o 9\u00ba n\u00e3o eram capazes de converter unidades de medidas de comprimento de metros para cent\u00edmetros ou reconhecer que os \u00e2ngulos n\u00e3o se alteram em figuras obtidas por amplia\u00e7\u00e3o ou redu\u00e7\u00e3o.<\/p>\n\n\n\n<div class=\"wp-block-image\"><figure class=\"aligncenter size-large is-resized\"><img loading=\"lazy\" decoding=\"async\" src=\"https:\/\/jornalfatosenoticias.com.br\/wp-content\/uploads\/2022\/02\/Precisao-Contabilidade-1024x724.jpg\" alt=\"\" class=\"wp-image-28088\" width=\"311\" height=\"220\"\/><\/figure><\/div>\n\n\n\n<p>As escolas particulares, em n\u00edvel menor, tamb\u00e9m registram essa queda de desempenho ao final do 9\u00ba ano. Em 2019, enquanto 74% dos alunos do 5\u00ba ano apresentavam aprendizado adequado em matem\u00e1tica, s\u00f3 56% dos seus colegas do 9\u00ba ano atingiram o mesmo n\u00edvel. Em portugu\u00eas, esses n\u00fameros corresponderam a 82% e 70%, respectivamente. Em 2021, os resultados foram piores: enquanto 81% dos alunos apresentaram conhecimento adequado em portugu\u00eas, apenas 67% dos seus colegas no 9\u00ba atingiram o mesmo resultado. Em matem\u00e1tica, a discrep\u00e2ncia foi ainda maior, 70% e 47%, respectivamente.<br>A prova do Saeb de 2021 foi realizada ap\u00f3s a pandemia, per\u00edodo em que as escolas p\u00fablicas permaneceram fechadas ou com ensino a dist\u00e2ncia. <\/p>\n\n\n\n<div class=\"wp-block-image\"><figure class=\"aligncenter size-large is-resized\"><img loading=\"lazy\" decoding=\"async\" src=\"https:\/\/jornalfatosenoticias.com.br\/wp-content\/uploads\/2023\/07\/lacremoda.jpg\" alt=\"\" class=\"wp-image-43706\" width=\"356\" height=\"199\" srcset=\"https:\/\/jornalfatosenoticias.com.br\/wp-content\/uploads\/2023\/07\/lacremoda.jpg 1024w, https:\/\/jornalfatosenoticias.com.br\/wp-content\/uploads\/2023\/07\/lacremoda-300x168.jpg 300w, https:\/\/jornalfatosenoticias.com.br\/wp-content\/uploads\/2023\/07\/lacremoda-768x431.jpg 768w\" sizes=\"auto, (max-width: 356px) 100vw, 356px\" \/><\/figure><\/div>\n\n\n\n<p>Essas circunst\u00e2ncias influenciaram os resultados, mais baixos que os dos anos anteriores. Apesar disso, as edi\u00e7\u00f5es passadas possuem um contexto semelhante. Como mostra o gr\u00e1fico abaixo, em 2017 e 2019, os \u00edndices de aprendizagem dos alunos tamb\u00e9m s\u00e3o muito diferentes dos alunos do 5\u00ba e 9\u00ba ano.<\/p>\n\n\n\n<div class=\"wp-block-image\"><figure class=\"aligncenter size-large\"><img decoding=\"async\" src=\"https:\/\/jornalfatosenoticias.com.br\/wp-content\/uploads\/2020\/02\/logo_esteio.jpg\" alt=\"\" class=\"wp-image-1214\"\/><\/figure><\/div>\n\n\n\n<p>O QEdu \u00e9 um projeto da Meritt, empresa que oferece servi\u00e7os de plataformas educacionais, e da Funda\u00e7\u00e3o Lemann. Os crit\u00e9rios estabelecidos pela plataforma foram criados pelo professor Jos\u00e9 Francisco Soares, e adotados pelo Inep na \u00e9poca em que ele presidiu o instituto. Por quest\u00f5es pol\u00edticas, depois do per\u00edodo o \u00f3rg\u00e3o voltou a apresentar apenas os dados sem atribui\u00e7\u00f5es de qualidade de desempenho.<\/p>\n\n\n\n<div class=\"wp-block-image\"><figure class=\"aligncenter size-large\"><img decoding=\"async\" src=\"https:\/\/jornalfatosenoticias.com.br\/wp-content\/uploads\/2020\/02\/barao-das-carnes-300x164-1.jpg\" alt=\"\" class=\"wp-image-34339\"\/><\/figure><\/div>\n\n\n\n<h3 class=\"wp-block-heading\"><span class=\"has-inline-color has-vivid-purple-color\">Alunos com aprendizagem adequada<\/span><\/h3>\n\n\n\n<div class=\"wp-block-image\"><figure class=\"aligncenter size-large\"><img loading=\"lazy\" decoding=\"async\" width=\"1024\" height=\"869\" src=\"https:\/\/jornalfatosenoticias.com.br\/wp-content\/uploads\/2023\/12\/info-educacao-comparativo-1024x869.png\" alt=\"\" class=\"wp-image-47971\" srcset=\"https:\/\/jornalfatosenoticias.com.br\/wp-content\/uploads\/2023\/12\/info-educacao-comparativo-1024x869.png 1024w, https:\/\/jornalfatosenoticias.com.br\/wp-content\/uploads\/2023\/12\/info-educacao-comparativo-300x255.png 300w, https:\/\/jornalfatosenoticias.com.br\/wp-content\/uploads\/2023\/12\/info-educacao-comparativo-768x652.png 768w, https:\/\/jornalfatosenoticias.com.br\/wp-content\/uploads\/2023\/12\/info-educacao-comparativo.png 1126w\" sizes=\"auto, (max-width: 1024px) 100vw, 1024px\" \/><figcaption><em><span class=\"has-inline-color has-black-color\"><strong>Fonte: <\/strong>QEdu com dados do Saeb<\/span><\/em><\/figcaption><\/figure><\/div>\n\n\n\n<p><strong><span class=\"has-inline-color has-vivid-purple-color\">\u201cFundamental 2 \u00e9 um buraco negro que ningu\u00e9m est\u00e1 cuidando muito bem\u201d<br><\/span><\/strong>\u201cA conclus\u00e3o dos dados \u00e9 que o ensino fundamental 2 \u00e9 um buraco negro que ningu\u00e9m est\u00e1 cuidando muito bem\u201d, pontua Jo\u00e3o Batista Oliveira, PhD em educa\u00e7\u00e3o pela Florida State University. O especialista acredita que o baixo desempenho no ensino m\u00e9dio e a evas\u00e3o escolar s\u00e3o frutos dos problemas do 6\u00ba ao 9\u00ba ano. Por\u00e9m, com esfor\u00e7o, os gestores escolares t\u00eam potencial para melhorar os resultados.<\/p>\n\n\n\n<div class=\"wp-block-image\"><figure class=\"aligncenter size-large is-resized\"><img loading=\"lazy\" decoding=\"async\" src=\"https:\/\/jornalfatosenoticias.com.br\/wp-content\/uploads\/2020\/02\/CONTROL-CS.jpg\" alt=\"\" class=\"wp-image-44991\" width=\"364\" height=\"436\" srcset=\"https:\/\/jornalfatosenoticias.com.br\/wp-content\/uploads\/2020\/02\/CONTROL-CS.jpg 834w, https:\/\/jornalfatosenoticias.com.br\/wp-content\/uploads\/2020\/02\/CONTROL-CS-250x300.jpg 250w, https:\/\/jornalfatosenoticias.com.br\/wp-content\/uploads\/2020\/02\/CONTROL-CS-768x921.jpg 768w\" sizes=\"auto, (max-width: 364px) 100vw, 364px\" \/><\/figure><\/div>\n\n\n\n<p>O doutor em educa\u00e7\u00e3o pela USP Ocimar Alavarse \u00e9 cir\u00fargico ao afirmar que, apesar de todas as etapas da educa\u00e7\u00e3o b\u00e1sica demandarem melhorias, o ensino fundamental 2 \u00e9 a fase que necessita de aten\u00e7\u00e3o priorit\u00e1ria, tanto pela sua situa\u00e7\u00e3o atual quanto pelo fato de ser estrat\u00e9gica para a trajet\u00f3ria acad\u00eamica do aluno. Para ele, apesar de ser poss\u00edvel verificar um crescimento nas notas dos alunos de escolas p\u00fablicas no 9\u00ba ano nos \u00faltimos anos, esse avan\u00e7o \u00e9 lento e longe de ser o ideal.<\/p>\n\n\n\n<div class=\"wp-block-image\"><figure class=\"aligncenter size-large is-resized\"><img loading=\"lazy\" decoding=\"async\" src=\"https:\/\/jornalfatosenoticias.com.br\/wp-content\/uploads\/2023\/08\/ITH.jpeg\" alt=\"\" class=\"wp-image-44638\" width=\"316\" height=\"257\" srcset=\"https:\/\/jornalfatosenoticias.com.br\/wp-content\/uploads\/2023\/08\/ITH.jpeg 800w, https:\/\/jornalfatosenoticias.com.br\/wp-content\/uploads\/2023\/08\/ITH-300x244.jpeg 300w, https:\/\/jornalfatosenoticias.com.br\/wp-content\/uploads\/2023\/08\/ITH-768x624.jpeg 768w\" sizes=\"auto, (max-width: 316px) 100vw, 316px\" \/><\/figure><\/div>\n\n\n\n<p>Alavarse explica que um dos principais motivos pelos quais os alunos t\u00eam dificuldades para aprender nos anos finais no ensino fundamental \u00e9 o conjunto de defici\u00eancias acumuladas na capacidade de ler e interpretar textos. Obst\u00e1culos para entender as outras disciplinas &#8211; qu\u00edmica, f\u00edsica, matem\u00e1tica, etc. \u2014 muitas vezes s\u00e3o reflexo de problemas na habilidade de leitura.<\/p>\n\n\n\n<div class=\"wp-block-image\"><figure class=\"aligncenter size-large is-resized\"><img loading=\"lazy\" decoding=\"async\" src=\"https:\/\/jornalfatosenoticias.com.br\/wp-content\/uploads\/2023\/09\/vetorvix1024_1.jpg\" alt=\"\" class=\"wp-image-44868\" width=\"438\" height=\"116\" srcset=\"https:\/\/jornalfatosenoticias.com.br\/wp-content\/uploads\/2023\/09\/vetorvix1024_1.jpg 1024w, https:\/\/jornalfatosenoticias.com.br\/wp-content\/uploads\/2023\/09\/vetorvix1024_1-300x80.jpg 300w, https:\/\/jornalfatosenoticias.com.br\/wp-content\/uploads\/2023\/09\/vetorvix1024_1-768x205.jpg 768w\" sizes=\"auto, (max-width: 438px) 100vw, 438px\" \/><\/figure><\/div>\n\n\n\n<p>Ao mesmo tempo, um complicador \u00e9 o fato de os professores nem sempre aprenderem na faculdade a lidar com essa lacuna dos alunos. Muitas vezes, os professores percebem que os alunos n\u00e3o conseguem entender os textos apresentados, mas a situa\u00e7\u00e3o n\u00e3o \u00e9 solucionada. <\/p>\n\n\n\n<div class=\"wp-block-image\"><figure class=\"aligncenter size-large is-resized\"><img loading=\"lazy\" decoding=\"async\" src=\"https:\/\/jornalfatosenoticias.com.br\/wp-content\/uploads\/2022\/10\/RC_800x750_page-0001.jpg\" alt=\"\" class=\"wp-image-35338\" width=\"277\" height=\"260\" srcset=\"https:\/\/jornalfatosenoticias.com.br\/wp-content\/uploads\/2022\/10\/RC_800x750_page-0001.jpg 400w, https:\/\/jornalfatosenoticias.com.br\/wp-content\/uploads\/2022\/10\/RC_800x750_page-0001-300x281.jpg 300w\" sizes=\"auto, (max-width: 277px) 100vw, 277px\" \/><\/figure><\/div>\n\n\n\n<blockquote class=\"wp-block-quote is-layout-flow wp-block-quote-is-layout-flow\"><p><span class=\"has-inline-color has-luminous-vivid-orange-color\">Os alunos acabam sendo expostos a textos, ent\u00e3o eles t\u00eam que desenvolver essa capacidade, se h\u00e1 defici\u00eancias\u201d, diz. Para o professor, se fossem realizadas atividades espec\u00edficas para melhorar a capacidade de leitura, os resultados seriam melhores.<\/span><\/p><\/blockquote>\n\n\n\n<div class=\"wp-block-image\"><figure class=\"aligncenter size-large is-resized\"><img loading=\"lazy\" decoding=\"async\" src=\"https:\/\/jornalfatosenoticias.com.br\/wp-content\/uploads\/2023\/03\/nova-logo-Marquetti.jpg\" alt=\"\" class=\"wp-image-40207\" width=\"289\" height=\"194\" srcset=\"https:\/\/jornalfatosenoticias.com.br\/wp-content\/uploads\/2023\/03\/nova-logo-Marquetti.jpg 643w, https:\/\/jornalfatosenoticias.com.br\/wp-content\/uploads\/2023\/03\/nova-logo-Marquetti-300x202.jpg 300w\" sizes=\"auto, (max-width: 289px) 100vw, 289px\" \/><\/figure><\/div>\n\n\n\n<p>O especialista acredita que um primeiro caminho para melhorar o ensino nos anos finais seria apostar na forma\u00e7\u00e3o dos professores de todas as disciplinas do fundamental 2 para que sejam capazes de ir ao encontro dessas defici\u00eancias, com estrat\u00e9gias eficazes. <\/p>\n\n\n\n<div class=\"wp-block-image\"><figure class=\"aligncenter size-large is-resized\"><img loading=\"lazy\" decoding=\"async\" src=\"https:\/\/jornalfatosenoticias.com.br\/wp-content\/uploads\/2022\/02\/Precisao-Contabilidade-1024x724.jpg\" alt=\"\" class=\"wp-image-28088\" width=\"324\" height=\"229\"\/><\/figure><\/div>\n\n\n\n<blockquote class=\"wp-block-quote is-layout-flow wp-block-quote-is-layout-flow\"><p><span class=\"has-inline-color has-luminous-vivid-orange-color\">\u00c9 outro desvio achar que o problema de leitura dos anos finais resolve-se com o professor de l\u00edngua portuguesa. \u00c9 uma tarefa para todos os professores dessa etapa\u201d, reitera.<\/span><\/p><\/blockquote>\n\n\n\n<div class=\"wp-block-image\"><figure class=\"aligncenter size-large is-resized\"><img loading=\"lazy\" decoding=\"async\" src=\"https:\/\/jornalfatosenoticias.com.br\/wp-content\/uploads\/2023\/08\/BKR-1024x1021.jpg\" alt=\"\" class=\"wp-image-44494\" width=\"276\" height=\"275\" srcset=\"https:\/\/jornalfatosenoticias.com.br\/wp-content\/uploads\/2023\/08\/BKR-1024x1021.jpg 1024w, https:\/\/jornalfatosenoticias.com.br\/wp-content\/uploads\/2023\/08\/BKR-300x300.jpg 300w, https:\/\/jornalfatosenoticias.com.br\/wp-content\/uploads\/2023\/08\/BKR-150x150.jpg 150w, https:\/\/jornalfatosenoticias.com.br\/wp-content\/uploads\/2023\/08\/BKR-768x766.jpg 768w, https:\/\/jornalfatosenoticias.com.br\/wp-content\/uploads\/2023\/08\/BKR.jpg 1080w\" sizes=\"auto, (max-width: 276px) 100vw, 276px\" \/><\/figure><\/div>\n\n\n\n<p><strong><span class=\"has-inline-color has-vivid-purple-color\">Baixo desempenho tem rela\u00e7\u00e3o com evas\u00e3o escolar<br><\/span><\/strong>Jo\u00e3o Batista Oliveira explica que, no ensino fundamental 2, a escola \u00e9 capaz de recuperar o desempenho perdido nos primeiros anos. \u201cAs melhoras havidas nas s\u00e9ries finais, que s\u00e3o poucas, n\u00e3o t\u00eam correla\u00e7\u00e3o com o n\u00edvel que os alunos chegam ao 6\u00ba ano. O que significa isto? Que n\u00e3o \u00e9 caso perdido. Ou seja, independentemente de como os alunos chegam, h\u00e1 lugares que conseguem melhorar o n\u00edvel [de aprendizado]\u201d, explica.<\/p>\n\n\n\n<div class=\"wp-block-image\"><figure class=\"aligncenter size-large is-resized\"><img loading=\"lazy\" decoding=\"async\" src=\"https:\/\/jornalfatosenoticias.com.br\/wp-content\/uploads\/2023\/03\/logo-Panper_portal.jpg\" alt=\"\" class=\"wp-image-40208\" width=\"348\" height=\"241\" srcset=\"https:\/\/jornalfatosenoticias.com.br\/wp-content\/uploads\/2023\/03\/logo-Panper_portal.jpg 400w, https:\/\/jornalfatosenoticias.com.br\/wp-content\/uploads\/2023\/03\/logo-Panper_portal-300x208.jpg 300w\" sizes=\"auto, (max-width: 348px) 100vw, 348px\" \/><\/figure><\/div>\n\n\n\n<p>A responsabilidade pelo ensino fundamental 2 \u00e9 compartilhada por estados e munic\u00edpios e, para Jo\u00e3o Batista, nenhuma das esferas tem procurado solu\u00e7\u00f5es para a etapa. Ou seja, se h\u00e1 uma comprovada capacidade da gest\u00e3o educacional para melhorar os resultados de aprendizagem, por outro lado h\u00e1 uma neglig\u00eancia neste cuidado. O especialista refor\u00e7a que, como consequ\u00eancia, os alunos ter\u00e3o uma tend\u00eancia maior \u00e0 evas\u00e3o escolar ou chegar\u00e3o mais despreparados para o ensino m\u00e9dio. Alavarse segue na mesma linha. <\/p>\n\n\n\n<div class=\"wp-block-image\"><figure class=\"aligncenter size-large\"><img loading=\"lazy\" decoding=\"async\" width=\"300\" height=\"250\" src=\"https:\/\/jornalfatosenoticias.com.br\/wp-content\/uploads\/2022\/02\/FERRARI_MAQUINAS-E-FERRAMENTAS2.jpg\" alt=\"\" class=\"wp-image-27860\"\/><\/figure><\/div>\n\n\n\n<blockquote class=\"wp-block-quote is-layout-flow wp-block-quote-is-layout-flow\"><p><span class=\"has-inline-color has-luminous-vivid-orange-color\">Quando os alunos terminam os anos finais e v\u00e3o para o ensino m\u00e9dio, se estabelece, ent\u00e3o, um verdadeiro desastre. Porque est\u00e3o em uma capacidade muito abaixo daquilo que \u00e9 necess\u00e1rio para aprofundar alguns estudos no ensino m\u00e9dio\u201d, comenta.<\/span><\/p><\/blockquote>\n\n\n\n<div class=\"wp-block-image\"><figure class=\"aligncenter size-large is-resized\"><img loading=\"lazy\" decoding=\"async\" src=\"https:\/\/jornalfatosenoticias.com.br\/wp-content\/uploads\/2023\/12\/pegoretti-logo-pdf-1024x389.jpg\" alt=\"\" class=\"wp-image-47536\" width=\"377\" height=\"143\" srcset=\"https:\/\/jornalfatosenoticias.com.br\/wp-content\/uploads\/2023\/12\/pegoretti-logo-pdf-1024x389.jpg 1024w, https:\/\/jornalfatosenoticias.com.br\/wp-content\/uploads\/2023\/12\/pegoretti-logo-pdf-300x114.jpg 300w, https:\/\/jornalfatosenoticias.com.br\/wp-content\/uploads\/2023\/12\/pegoretti-logo-pdf-768x291.jpg 768w, https:\/\/jornalfatosenoticias.com.br\/wp-content\/uploads\/2023\/12\/pegoretti-logo-pdf.jpg 1120w\" sizes=\"auto, (max-width: 377px) 100vw, 377px\" \/><\/figure><\/div>\n\n\n\n<p>Dados divulgados pelo MEC em 2019 apontam que 15% dos jovens entre 15 e 17 anos n\u00e3o se matriculam na escola no in\u00edcio do ano letivo. Ao final, cerca de 30% j\u00e1 deixaram de frequentar o ambiente educacional. Depois do primeiro ano do ensino m\u00e9dio, as s\u00e9ries que mais possuem evas\u00e3o escolar s\u00e3o o 2\u00ba ano do ensino m\u00e9dio e o 9\u00ba ano do ensino fundamental.<\/p>\n\n\n\n<div class=\"wp-block-image\"><figure class=\"aligncenter size-large is-resized\"><img loading=\"lazy\" decoding=\"async\" src=\"https:\/\/jornalfatosenoticias.com.br\/wp-content\/uploads\/2023\/11\/cromotec.jpg\" alt=\"\" class=\"wp-image-46804\" width=\"302\" height=\"180\" srcset=\"https:\/\/jornalfatosenoticias.com.br\/wp-content\/uploads\/2023\/11\/cromotec.jpg 453w, https:\/\/jornalfatosenoticias.com.br\/wp-content\/uploads\/2023\/11\/cromotec-300x179.jpg 300w\" sizes=\"auto, (max-width: 302px) 100vw, 302px\" \/><\/figure><\/div>\n\n\n\n<p>Enquanto isso, altera\u00e7\u00f5es em rela\u00e7\u00e3o ao novo ensino m\u00e9dio est\u00e3o a ponto de serem discutidas no Congresso Nacional. Ap\u00f3s press\u00e3o de sindicatos, o governo Lula apresentou um novo projeto de lei que altera a legisla\u00e7\u00e3o atual, que tentava ser mais atraente para os jovens, mesmo para aqueles que chegam a esta etapa da educa\u00e7\u00e3o b\u00e1sica menos preparados que seus colegas de outros pa\u00edses. Caso a proposta do governo Lula n\u00e3o seja modificada e o ensino m\u00e9dio continue desinteressante para os jovens, a evas\u00e3o escolar tende a aumentar, alertam os especialistas.<\/p>\n\n\n\n<div class=\"wp-block-image\"><figure class=\"aligncenter size-large is-resized\"><img loading=\"lazy\" decoding=\"async\" src=\"https:\/\/jornalfatosenoticias.com.br\/wp-content\/uploads\/2022\/10\/Arte-jornal-Zucchi-600x600_Prancheta-1-1024x1024.jpg\" alt=\"\" class=\"wp-image-34782\" width=\"263\" height=\"263\" srcset=\"https:\/\/jornalfatosenoticias.com.br\/wp-content\/uploads\/2022\/10\/Arte-jornal-Zucchi-600x600_Prancheta-1-1024x1024.jpg 1024w, https:\/\/jornalfatosenoticias.com.br\/wp-content\/uploads\/2022\/10\/Arte-jornal-Zucchi-600x600_Prancheta-1-300x300.jpg 300w, https:\/\/jornalfatosenoticias.com.br\/wp-content\/uploads\/2022\/10\/Arte-jornal-Zucchi-600x600_Prancheta-1-150x150.jpg 150w, https:\/\/jornalfatosenoticias.com.br\/wp-content\/uploads\/2022\/10\/Arte-jornal-Zucchi-600x600_Prancheta-1-768x768.jpg 768w, https:\/\/jornalfatosenoticias.com.br\/wp-content\/uploads\/2022\/10\/Arte-jornal-Zucchi-600x600_Prancheta-1.jpg 1250w\" sizes=\"auto, (max-width: 263px) 100vw, 263px\" \/><\/figure><\/div>\n\n\n\n<p><strong><em>Fonte: <a href=\"https:\/\/www.gazetadopovo.com.br\/vida-e-cidadania\/alunos-no-brasil-regridem-em-desempenho-do-6o-ao-9o-ano-do-ensino-fundamental\/\">Gazeta do Povo<\/a><\/em><\/strong><\/p>\n","protected":false},"excerpt":{"rendered":"<p>O panorama do ensino fundamental 2 \u00e9 assustador. Por exemplo, em 2021, 85% dos alunos do 9\u00ba ano estavam no n\u00edvel b\u00e1sico ou insuficiente na matem\u00e1tica Por Marlice Pinto Vilela Uma an\u00e1lise baseada nos dados das provas de portugu\u00eas e matem\u00e1tica do Saeb confirma um cen\u00e1rio alarmante: o desempenho dos alunos regride entre o 6\u00ba [&hellip;]<\/p>\n","protected":false},"author":2,"featured_media":47972,"comment_status":"open","ping_status":"open","sticky":false,"template":"","format":"standard","meta":{"footnotes":""},"categories":[7],"tags":[345,2203,5398,826,22404],"class_list":["post-47970","post","type-post","status-publish","format-standard","has-post-thumbnail","hentry","category-educacao","tag-educacao","tag-ensino-fundamental","tag-evasao-escolar","tag-gestao","tag-relacao-com-evasao-escolar"],"yoast_head":"<!-- This site is optimized with the Yoast SEO plugin v26.5 - https:\/\/yoast.com\/wordpress\/plugins\/seo\/ -->\n<title>Alunos no Brasil regridem em desempenho do 6\u00ba ao 9\u00ba ano do ensino fundamental - Jornal Fatos e Not\u00edcias<\/title>\n<meta name=\"robots\" content=\"index, follow, max-snippet:-1, max-image-preview:large, max-video-preview:-1\" \/>\n<link rel=\"canonical\" href=\"https:\/\/jornalfatosenoticias.com.br\/index.php\/2023\/12\/22\/alunos-no-brasil-regridem-em-desempenho-do-6o-ao-9o-ano-do-ensino-fundamental\/\" \/>\n<meta property=\"og:locale\" content=\"pt_BR\" \/>\n<meta property=\"og:type\" content=\"article\" \/>\n<meta property=\"og:title\" content=\"Alunos no Brasil regridem em desempenho do 6\u00ba ao 9\u00ba ano do ensino fundamental - Jornal Fatos e Not\u00edcias\" \/>\n<meta property=\"og:description\" content=\"O panorama do ensino fundamental 2 \u00e9 assustador. Por exemplo, em 2021, 85% dos alunos do 9\u00ba ano estavam no n\u00edvel b\u00e1sico ou insuficiente na matem\u00e1tica Por Marlice Pinto Vilela Uma an\u00e1lise baseada nos dados das provas de portugu\u00eas e matem\u00e1tica do Saeb confirma um cen\u00e1rio alarmante: o desempenho dos alunos regride entre o 6\u00ba [&hellip;]\" \/>\n<meta property=\"og:url\" content=\"https:\/\/jornalfatosenoticias.com.br\/index.php\/2023\/12\/22\/alunos-no-brasil-regridem-em-desempenho-do-6o-ao-9o-ano-do-ensino-fundamental\/\" \/>\n<meta property=\"og:site_name\" content=\"Jornal Fatos e Not\u00edcias\" \/>\n<meta property=\"article:published_time\" content=\"2023-12-22T12:49:44+00:00\" \/>\n<meta property=\"article:modified_time\" content=\"2023-12-22T12:49:47+00:00\" \/>\n<meta property=\"og:image\" content=\"https:\/\/jornalfatosenoticias.com.br\/wp-content\/uploads\/2023\/12\/alunos-no-Brasil-regridem-em-desempenho_istock.jpg\" \/>\n\t<meta property=\"og:image:width\" content=\"612\" \/>\n\t<meta property=\"og:image:height\" content=\"367\" \/>\n\t<meta property=\"og:image:type\" content=\"image\/jpeg\" \/>\n<meta name=\"author\" content=\"Luzimara Fernandes\" \/>\n<meta name=\"twitter:card\" content=\"summary_large_image\" \/>\n<meta name=\"twitter:label1\" content=\"Escrito por\" \/>\n\t<meta name=\"twitter:data1\" content=\"Luzimara Fernandes\" \/>\n\t<meta name=\"twitter:label2\" content=\"Est. tempo de leitura\" \/>\n\t<meta name=\"twitter:data2\" content=\"7 minutos\" \/>\n<script type=\"application\/ld+json\" class=\"yoast-schema-graph\">{\"@context\":\"https:\/\/schema.org\",\"@graph\":[{\"@type\":\"Article\",\"@id\":\"https:\/\/jornalfatosenoticias.com.br\/index.php\/2023\/12\/22\/alunos-no-brasil-regridem-em-desempenho-do-6o-ao-9o-ano-do-ensino-fundamental\/#article\",\"isPartOf\":{\"@id\":\"https:\/\/jornalfatosenoticias.com.br\/index.php\/2023\/12\/22\/alunos-no-brasil-regridem-em-desempenho-do-6o-ao-9o-ano-do-ensino-fundamental\/\"},\"author\":{\"name\":\"Luzimara Fernandes\",\"@id\":\"https:\/\/jornalfatosenoticias.com.br\/#\/schema\/person\/d63837fa13ac8666eb9e74e0985d6f81\"},\"headline\":\"Alunos no Brasil regridem em desempenho do 6\u00ba ao 9\u00ba ano do ensino fundamental\",\"datePublished\":\"2023-12-22T12:49:44+00:00\",\"dateModified\":\"2023-12-22T12:49:47+00:00\",\"mainEntityOfPage\":{\"@id\":\"https:\/\/jornalfatosenoticias.com.br\/index.php\/2023\/12\/22\/alunos-no-brasil-regridem-em-desempenho-do-6o-ao-9o-ano-do-ensino-fundamental\/\"},\"wordCount\":1440,\"commentCount\":0,\"publisher\":{\"@id\":\"https:\/\/jornalfatosenoticias.com.br\/#organization\"},\"image\":{\"@id\":\"https:\/\/jornalfatosenoticias.com.br\/index.php\/2023\/12\/22\/alunos-no-brasil-regridem-em-desempenho-do-6o-ao-9o-ano-do-ensino-fundamental\/#primaryimage\"},\"thumbnailUrl\":\"https:\/\/jornalfatosenoticias.com.br\/wp-content\/uploads\/2023\/12\/alunos-no-Brasil-regridem-em-desempenho_istock.jpg\",\"keywords\":[\"educa\u00e7\u00e3o\",\"ensino fundamental\",\"evas\u00e3o escolar\",\"gest\u00e3o\",\"rela\u00e7\u00e3o com evas\u00e3o escolar\"],\"articleSection\":[\"Educa\u00e7\u00e3o\"],\"inLanguage\":\"pt-BR\",\"potentialAction\":[{\"@type\":\"CommentAction\",\"name\":\"Comment\",\"target\":[\"https:\/\/jornalfatosenoticias.com.br\/index.php\/2023\/12\/22\/alunos-no-brasil-regridem-em-desempenho-do-6o-ao-9o-ano-do-ensino-fundamental\/#respond\"]}]},{\"@type\":\"WebPage\",\"@id\":\"https:\/\/jornalfatosenoticias.com.br\/index.php\/2023\/12\/22\/alunos-no-brasil-regridem-em-desempenho-do-6o-ao-9o-ano-do-ensino-fundamental\/\",\"url\":\"https:\/\/jornalfatosenoticias.com.br\/index.php\/2023\/12\/22\/alunos-no-brasil-regridem-em-desempenho-do-6o-ao-9o-ano-do-ensino-fundamental\/\",\"name\":\"Alunos no Brasil regridem em desempenho do 6\u00ba ao 9\u00ba ano do ensino fundamental - Jornal Fatos e Not\u00edcias\",\"isPartOf\":{\"@id\":\"https:\/\/jornalfatosenoticias.com.br\/#website\"},\"primaryImageOfPage\":{\"@id\":\"https:\/\/jornalfatosenoticias.com.br\/index.php\/2023\/12\/22\/alunos-no-brasil-regridem-em-desempenho-do-6o-ao-9o-ano-do-ensino-fundamental\/#primaryimage\"},\"image\":{\"@id\":\"https:\/\/jornalfatosenoticias.com.br\/index.php\/2023\/12\/22\/alunos-no-brasil-regridem-em-desempenho-do-6o-ao-9o-ano-do-ensino-fundamental\/#primaryimage\"},\"thumbnailUrl\":\"https:\/\/jornalfatosenoticias.com.br\/wp-content\/uploads\/2023\/12\/alunos-no-Brasil-regridem-em-desempenho_istock.jpg\",\"datePublished\":\"2023-12-22T12:49:44+00:00\",\"dateModified\":\"2023-12-22T12:49:47+00:00\",\"breadcrumb\":{\"@id\":\"https:\/\/jornalfatosenoticias.com.br\/index.php\/2023\/12\/22\/alunos-no-brasil-regridem-em-desempenho-do-6o-ao-9o-ano-do-ensino-fundamental\/#breadcrumb\"},\"inLanguage\":\"pt-BR\",\"potentialAction\":[{\"@type\":\"ReadAction\",\"target\":[\"https:\/\/jornalfatosenoticias.com.br\/index.php\/2023\/12\/22\/alunos-no-brasil-regridem-em-desempenho-do-6o-ao-9o-ano-do-ensino-fundamental\/\"]}]},{\"@type\":\"ImageObject\",\"inLanguage\":\"pt-BR\",\"@id\":\"https:\/\/jornalfatosenoticias.com.br\/index.php\/2023\/12\/22\/alunos-no-brasil-regridem-em-desempenho-do-6o-ao-9o-ano-do-ensino-fundamental\/#primaryimage\",\"url\":\"https:\/\/jornalfatosenoticias.com.br\/wp-content\/uploads\/2023\/12\/alunos-no-Brasil-regridem-em-desempenho_istock.jpg\",\"contentUrl\":\"https:\/\/jornalfatosenoticias.com.br\/wp-content\/uploads\/2023\/12\/alunos-no-Brasil-regridem-em-desempenho_istock.jpg\",\"width\":612,\"height\":367,\"caption\":\"interior views of an empty Japanese-style classroom. 3d render\"},{\"@type\":\"BreadcrumbList\",\"@id\":\"https:\/\/jornalfatosenoticias.com.br\/index.php\/2023\/12\/22\/alunos-no-brasil-regridem-em-desempenho-do-6o-ao-9o-ano-do-ensino-fundamental\/#breadcrumb\",\"itemListElement\":[{\"@type\":\"ListItem\",\"position\":1,\"name\":\"In\u00edcio\",\"item\":\"https:\/\/jornalfatosenoticias.com.br\/\"},{\"@type\":\"ListItem\",\"position\":2,\"name\":\"Alunos no Brasil regridem em desempenho do 6\u00ba ao 9\u00ba ano do ensino fundamental\"}]},{\"@type\":\"WebSite\",\"@id\":\"https:\/\/jornalfatosenoticias.com.br\/#website\",\"url\":\"https:\/\/jornalfatosenoticias.com.br\/\",\"name\":\"Jornal Fatos e Not\u00edcias\",\"description\":\"Not\u00edcias em geral\",\"publisher\":{\"@id\":\"https:\/\/jornalfatosenoticias.com.br\/#organization\"},\"potentialAction\":[{\"@type\":\"SearchAction\",\"target\":{\"@type\":\"EntryPoint\",\"urlTemplate\":\"https:\/\/jornalfatosenoticias.com.br\/?s={search_term_string}\"},\"query-input\":{\"@type\":\"PropertyValueSpecification\",\"valueRequired\":true,\"valueName\":\"search_term_string\"}}],\"inLanguage\":\"pt-BR\"},{\"@type\":\"Organization\",\"@id\":\"https:\/\/jornalfatosenoticias.com.br\/#organization\",\"name\":\"Jornal Fatos e Not\u00edcias\",\"url\":\"https:\/\/jornalfatosenoticias.com.br\/\",\"logo\":{\"@type\":\"ImageObject\",\"inLanguage\":\"pt-BR\",\"@id\":\"https:\/\/jornalfatosenoticias.com.br\/#\/schema\/logo\/image\/\",\"url\":\"https:\/\/jornalfatosenoticias.com.br\/wp-content\/uploads\/2020\/02\/logo120.png\",\"contentUrl\":\"https:\/\/jornalfatosenoticias.com.br\/wp-content\/uploads\/2020\/02\/logo120.png\",\"width\":1227,\"height\":120,\"caption\":\"Jornal Fatos e Not\u00edcias\"},\"image\":{\"@id\":\"https:\/\/jornalfatosenoticias.com.br\/#\/schema\/logo\/image\/\"}},{\"@type\":\"Person\",\"@id\":\"https:\/\/jornalfatosenoticias.com.br\/#\/schema\/person\/d63837fa13ac8666eb9e74e0985d6f81\",\"name\":\"Luzimara Fernandes\",\"image\":{\"@type\":\"ImageObject\",\"inLanguage\":\"pt-BR\",\"@id\":\"https:\/\/jornalfatosenoticias.com.br\/#\/schema\/person\/image\/\",\"url\":\"https:\/\/jornalfatosenoticias.com.br\/wp-content\/uploads\/2025\/05\/EU_portal.jpg\",\"contentUrl\":\"https:\/\/jornalfatosenoticias.com.br\/wp-content\/uploads\/2025\/05\/EU_portal.jpg\",\"caption\":\"Luzimara Fernandes\"},\"description\":\"Jornalista MTB 2358-ES\",\"sameAs\":[\"https:\/\/jornalfatosenoticias.com.br\"],\"url\":\"https:\/\/jornalfatosenoticias.com.br\/index.php\/author\/luzimara\/\"}]}<\/script>\n<!-- \/ Yoast SEO plugin. -->","yoast_head_json":{"title":"Alunos no Brasil regridem em desempenho do 6\u00ba ao 9\u00ba ano do ensino fundamental - Jornal Fatos e Not\u00edcias","robots":{"index":"index","follow":"follow","max-snippet":"max-snippet:-1","max-image-preview":"max-image-preview:large","max-video-preview":"max-video-preview:-1"},"canonical":"https:\/\/jornalfatosenoticias.com.br\/index.php\/2023\/12\/22\/alunos-no-brasil-regridem-em-desempenho-do-6o-ao-9o-ano-do-ensino-fundamental\/","og_locale":"pt_BR","og_type":"article","og_title":"Alunos no Brasil regridem em desempenho do 6\u00ba ao 9\u00ba ano do ensino fundamental - Jornal Fatos e Not\u00edcias","og_description":"O panorama do ensino fundamental 2 \u00e9 assustador. Por exemplo, em 2021, 85% dos alunos do 9\u00ba ano estavam no n\u00edvel b\u00e1sico ou insuficiente na matem\u00e1tica Por Marlice Pinto Vilela Uma an\u00e1lise baseada nos dados das provas de portugu\u00eas e matem\u00e1tica do Saeb confirma um cen\u00e1rio alarmante: o desempenho dos alunos regride entre o 6\u00ba [&hellip;]","og_url":"https:\/\/jornalfatosenoticias.com.br\/index.php\/2023\/12\/22\/alunos-no-brasil-regridem-em-desempenho-do-6o-ao-9o-ano-do-ensino-fundamental\/","og_site_name":"Jornal Fatos e Not\u00edcias","article_published_time":"2023-12-22T12:49:44+00:00","article_modified_time":"2023-12-22T12:49:47+00:00","og_image":[{"width":612,"height":367,"url":"https:\/\/jornalfatosenoticias.com.br\/wp-content\/uploads\/2023\/12\/alunos-no-Brasil-regridem-em-desempenho_istock.jpg","type":"image\/jpeg"}],"author":"Luzimara Fernandes","twitter_card":"summary_large_image","twitter_misc":{"Escrito por":"Luzimara Fernandes","Est. tempo de leitura":"7 minutos"},"schema":{"@context":"https:\/\/schema.org","@graph":[{"@type":"Article","@id":"https:\/\/jornalfatosenoticias.com.br\/index.php\/2023\/12\/22\/alunos-no-brasil-regridem-em-desempenho-do-6o-ao-9o-ano-do-ensino-fundamental\/#article","isPartOf":{"@id":"https:\/\/jornalfatosenoticias.com.br\/index.php\/2023\/12\/22\/alunos-no-brasil-regridem-em-desempenho-do-6o-ao-9o-ano-do-ensino-fundamental\/"},"author":{"name":"Luzimara Fernandes","@id":"https:\/\/jornalfatosenoticias.com.br\/#\/schema\/person\/d63837fa13ac8666eb9e74e0985d6f81"},"headline":"Alunos no Brasil regridem em desempenho do 6\u00ba ao 9\u00ba ano do ensino fundamental","datePublished":"2023-12-22T12:49:44+00:00","dateModified":"2023-12-22T12:49:47+00:00","mainEntityOfPage":{"@id":"https:\/\/jornalfatosenoticias.com.br\/index.php\/2023\/12\/22\/alunos-no-brasil-regridem-em-desempenho-do-6o-ao-9o-ano-do-ensino-fundamental\/"},"wordCount":1440,"commentCount":0,"publisher":{"@id":"https:\/\/jornalfatosenoticias.com.br\/#organization"},"image":{"@id":"https:\/\/jornalfatosenoticias.com.br\/index.php\/2023\/12\/22\/alunos-no-brasil-regridem-em-desempenho-do-6o-ao-9o-ano-do-ensino-fundamental\/#primaryimage"},"thumbnailUrl":"https:\/\/jornalfatosenoticias.com.br\/wp-content\/uploads\/2023\/12\/alunos-no-Brasil-regridem-em-desempenho_istock.jpg","keywords":["educa\u00e7\u00e3o","ensino fundamental","evas\u00e3o escolar","gest\u00e3o","rela\u00e7\u00e3o com evas\u00e3o escolar"],"articleSection":["Educa\u00e7\u00e3o"],"inLanguage":"pt-BR","potentialAction":[{"@type":"CommentAction","name":"Comment","target":["https:\/\/jornalfatosenoticias.com.br\/index.php\/2023\/12\/22\/alunos-no-brasil-regridem-em-desempenho-do-6o-ao-9o-ano-do-ensino-fundamental\/#respond"]}]},{"@type":"WebPage","@id":"https:\/\/jornalfatosenoticias.com.br\/index.php\/2023\/12\/22\/alunos-no-brasil-regridem-em-desempenho-do-6o-ao-9o-ano-do-ensino-fundamental\/","url":"https:\/\/jornalfatosenoticias.com.br\/index.php\/2023\/12\/22\/alunos-no-brasil-regridem-em-desempenho-do-6o-ao-9o-ano-do-ensino-fundamental\/","name":"Alunos no Brasil regridem em desempenho do 6\u00ba ao 9\u00ba ano do ensino fundamental - Jornal Fatos e Not\u00edcias","isPartOf":{"@id":"https:\/\/jornalfatosenoticias.com.br\/#website"},"primaryImageOfPage":{"@id":"https:\/\/jornalfatosenoticias.com.br\/index.php\/2023\/12\/22\/alunos-no-brasil-regridem-em-desempenho-do-6o-ao-9o-ano-do-ensino-fundamental\/#primaryimage"},"image":{"@id":"https:\/\/jornalfatosenoticias.com.br\/index.php\/2023\/12\/22\/alunos-no-brasil-regridem-em-desempenho-do-6o-ao-9o-ano-do-ensino-fundamental\/#primaryimage"},"thumbnailUrl":"https:\/\/jornalfatosenoticias.com.br\/wp-content\/uploads\/2023\/12\/alunos-no-Brasil-regridem-em-desempenho_istock.jpg","datePublished":"2023-12-22T12:49:44+00:00","dateModified":"2023-12-22T12:49:47+00:00","breadcrumb":{"@id":"https:\/\/jornalfatosenoticias.com.br\/index.php\/2023\/12\/22\/alunos-no-brasil-regridem-em-desempenho-do-6o-ao-9o-ano-do-ensino-fundamental\/#breadcrumb"},"inLanguage":"pt-BR","potentialAction":[{"@type":"ReadAction","target":["https:\/\/jornalfatosenoticias.com.br\/index.php\/2023\/12\/22\/alunos-no-brasil-regridem-em-desempenho-do-6o-ao-9o-ano-do-ensino-fundamental\/"]}]},{"@type":"ImageObject","inLanguage":"pt-BR","@id":"https:\/\/jornalfatosenoticias.com.br\/index.php\/2023\/12\/22\/alunos-no-brasil-regridem-em-desempenho-do-6o-ao-9o-ano-do-ensino-fundamental\/#primaryimage","url":"https:\/\/jornalfatosenoticias.com.br\/wp-content\/uploads\/2023\/12\/alunos-no-Brasil-regridem-em-desempenho_istock.jpg","contentUrl":"https:\/\/jornalfatosenoticias.com.br\/wp-content\/uploads\/2023\/12\/alunos-no-Brasil-regridem-em-desempenho_istock.jpg","width":612,"height":367,"caption":"interior views of an empty Japanese-style classroom. 3d render"},{"@type":"BreadcrumbList","@id":"https:\/\/jornalfatosenoticias.com.br\/index.php\/2023\/12\/22\/alunos-no-brasil-regridem-em-desempenho-do-6o-ao-9o-ano-do-ensino-fundamental\/#breadcrumb","itemListElement":[{"@type":"ListItem","position":1,"name":"In\u00edcio","item":"https:\/\/jornalfatosenoticias.com.br\/"},{"@type":"ListItem","position":2,"name":"Alunos no Brasil regridem em desempenho do 6\u00ba ao 9\u00ba ano do ensino fundamental"}]},{"@type":"WebSite","@id":"https:\/\/jornalfatosenoticias.com.br\/#website","url":"https:\/\/jornalfatosenoticias.com.br\/","name":"Jornal Fatos e Not\u00edcias","description":"Not\u00edcias em geral","publisher":{"@id":"https:\/\/jornalfatosenoticias.com.br\/#organization"},"potentialAction":[{"@type":"SearchAction","target":{"@type":"EntryPoint","urlTemplate":"https:\/\/jornalfatosenoticias.com.br\/?s={search_term_string}"},"query-input":{"@type":"PropertyValueSpecification","valueRequired":true,"valueName":"search_term_string"}}],"inLanguage":"pt-BR"},{"@type":"Organization","@id":"https:\/\/jornalfatosenoticias.com.br\/#organization","name":"Jornal Fatos e Not\u00edcias","url":"https:\/\/jornalfatosenoticias.com.br\/","logo":{"@type":"ImageObject","inLanguage":"pt-BR","@id":"https:\/\/jornalfatosenoticias.com.br\/#\/schema\/logo\/image\/","url":"https:\/\/jornalfatosenoticias.com.br\/wp-content\/uploads\/2020\/02\/logo120.png","contentUrl":"https:\/\/jornalfatosenoticias.com.br\/wp-content\/uploads\/2020\/02\/logo120.png","width":1227,"height":120,"caption":"Jornal Fatos e Not\u00edcias"},"image":{"@id":"https:\/\/jornalfatosenoticias.com.br\/#\/schema\/logo\/image\/"}},{"@type":"Person","@id":"https:\/\/jornalfatosenoticias.com.br\/#\/schema\/person\/d63837fa13ac8666eb9e74e0985d6f81","name":"Luzimara Fernandes","image":{"@type":"ImageObject","inLanguage":"pt-BR","@id":"https:\/\/jornalfatosenoticias.com.br\/#\/schema\/person\/image\/","url":"https:\/\/jornalfatosenoticias.com.br\/wp-content\/uploads\/2025\/05\/EU_portal.jpg","contentUrl":"https:\/\/jornalfatosenoticias.com.br\/wp-content\/uploads\/2025\/05\/EU_portal.jpg","caption":"Luzimara Fernandes"},"description":"Jornalista MTB 2358-ES","sameAs":["https:\/\/jornalfatosenoticias.com.br"],"url":"https:\/\/jornalfatosenoticias.com.br\/index.php\/author\/luzimara\/"}]}},"cc_featured_image_caption":{"caption_text":"(Foto: iStock) ","source_text":"","source_url":""},"jetpack_featured_media_url":"https:\/\/jornalfatosenoticias.com.br\/wp-content\/uploads\/2023\/12\/alunos-no-Brasil-regridem-em-desempenho_istock.jpg","_links":{"self":[{"href":"https:\/\/jornalfatosenoticias.com.br\/index.php\/wp-json\/wp\/v2\/posts\/47970","targetHints":{"allow":["GET"]}}],"collection":[{"href":"https:\/\/jornalfatosenoticias.com.br\/index.php\/wp-json\/wp\/v2\/posts"}],"about":[{"href":"https:\/\/jornalfatosenoticias.com.br\/index.php\/wp-json\/wp\/v2\/types\/post"}],"author":[{"embeddable":true,"href":"https:\/\/jornalfatosenoticias.com.br\/index.php\/wp-json\/wp\/v2\/users\/2"}],"replies":[{"embeddable":true,"href":"https:\/\/jornalfatosenoticias.com.br\/index.php\/wp-json\/wp\/v2\/comments?post=47970"}],"version-history":[{"count":0,"href":"https:\/\/jornalfatosenoticias.com.br\/index.php\/wp-json\/wp\/v2\/posts\/47970\/revisions"}],"wp:featuredmedia":[{"embeddable":true,"href":"https:\/\/jornalfatosenoticias.com.br\/index.php\/wp-json\/wp\/v2\/media\/47972"}],"wp:attachment":[{"href":"https:\/\/jornalfatosenoticias.com.br\/index.php\/wp-json\/wp\/v2\/media?parent=47970"}],"wp:term":[{"taxonomy":"category","embeddable":true,"href":"https:\/\/jornalfatosenoticias.com.br\/index.php\/wp-json\/wp\/v2\/categories?post=47970"},{"taxonomy":"post_tag","embeddable":true,"href":"https:\/\/jornalfatosenoticias.com.br\/index.php\/wp-json\/wp\/v2\/tags?post=47970"}],"curies":[{"name":"wp","href":"https:\/\/api.w.org\/{rel}","templated":true}]}}