{"id":47996,"date":"2023-12-22T14:10:23","date_gmt":"2023-12-22T17:10:23","guid":{"rendered":"https:\/\/jornalfatosenoticias.com.br\/?p=47996"},"modified":"2023-12-22T14:10:34","modified_gmt":"2023-12-22T17:10:34","slug":"e-natal-no-espaco-aglomerado-de-estrelas-forma-arvore-natalina","status":"publish","type":"post","link":"https:\/\/jornalfatosenoticias.com.br\/index.php\/2023\/12\/22\/e-natal-no-espaco-aglomerado-de-estrelas-forma-arvore-natalina\/","title":{"rendered":"\u00c9 Natal no Espa\u00e7o! Aglomerado de estrelas forma \u00e1rvore natalina"},"content":{"rendered":"\n<p><em><span class=\"has-inline-color has-black-color\">NGC 2264 \u00e9 conjunto de estrelas jovens, conhecido como &#8220;Cluster de \u00c1rvore de Natal&#8221;<\/span><\/em><\/p>\n\n\n\n<p><span class=\"has-inline-color has-black-color\">Por <strong><a href=\"https:\/\/olhardigital.com.br\/author\/rodrigo-mozelli\/\">Rodrigo Mozelli<\/a>\u00a0<\/strong><\/span><\/p>\n\n\n\n<div class=\"wp-block-image\"><figure class=\"aligncenter size-large\"><img loading=\"lazy\" decoding=\"async\" width=\"729\" height=\"90\" src=\"https:\/\/jornalfatosenoticias.com.br\/wp-content\/uploads\/2020\/02\/Logo_Mizu.png\" alt=\"\" class=\"wp-image-1441\" srcset=\"https:\/\/jornalfatosenoticias.com.br\/wp-content\/uploads\/2020\/02\/Logo_Mizu.png 729w, https:\/\/jornalfatosenoticias.com.br\/wp-content\/uploads\/2020\/02\/Logo_Mizu-300x37.png 300w\" sizes=\"auto, (max-width: 729px) 100vw, 729px\" \/><\/figure><\/div>\n\n\n\n<p>O NGC 2264 \u00e9 um conjunto de estrelas jovens, com idades entre um e cinco milh\u00f5es de anos, localizado na Via L\u00e1ctea a cerca de 2,5 mil anos-luz da <a href=\"https:\/\/olhardigital.com.br\/2023\/12\/21\/ciencia-e-espaco\/para-brecar-mudancas-climaticas-cientistas-estudam-66-milhoes-de-anos-de-co2-na-atmosfera\/\" target=\"_blank\" rel=\"noreferrer noopener\">Terra<\/a>, tamb\u00e9m conhecido como \u201cCluster de \u00c1rvore de Natal\u201d. As estrelas em NGC 2264 t\u00eam tamanhos menores e maiores que o\u00a0<a href=\"https:\/\/olhardigital.com.br\/2023\/12\/19\/ciencia-e-espaco\/enorme-guarda-sol-planetario-pode-ser-a-solucao-para-o-aquecimento-global\/\" target=\"_blank\" rel=\"noreferrer noopener\">Sol<\/a>, variando de menos de um d\u00e9cimo da massa solar a cerca de sete massas solares.<br>Dessa vez, a imagem composta ressalta a semelhan\u00e7a com uma \u00e1rvore de <a href=\"https:\/\/olhardigital.com.br\/2023\/12\/20\/videos\/entrevista-vai-fazer-compras-de-natal-cuidado-com-o-golpe\/\" target=\"_blank\" rel=\"noreferrer noopener\">Natal<\/a>\u00a0por meio de escolhas de cores e rota\u00e7\u00e3o. As luzes azuis e brancas na imagem piscam na vers\u00e3o animada, representando estrelas jovens que emitem raios-x detectados pelo Observat\u00f3rio de Raios-x Chandra, da\u00a0<a href=\"https:\/\/olhardigital.com.br\/2023\/12\/19\/ciencia-e-espaco\/nasa-transmite-video-de-gatinho-das-profundezas-do-espaco-entenda\/\" target=\"_blank\" rel=\"noreferrer noopener\">Nasa<\/a>.<br>Os dados \u00f3pticos mostram g\u00e1s nebular em verde, correspondendo \u00e0s \u201cagulhas do pinheiro\u201d da \u00e1rvore, e dados infravermelhos mostram estrelas de primeiro e segundo plano em branco.<\/p>\n\n\n\n<div class=\"wp-block-image\"><figure class=\"aligncenter size-large is-resized\"><img loading=\"lazy\" decoding=\"async\" src=\"https:\/\/jornalfatosenoticias.com.br\/wp-content\/uploads\/2023\/12\/pegoretti-logo-pdf-1024x389.jpg\" alt=\"\" class=\"wp-image-47536\" width=\"380\" height=\"144\" srcset=\"https:\/\/jornalfatosenoticias.com.br\/wp-content\/uploads\/2023\/12\/pegoretti-logo-pdf-1024x389.jpg 1024w, https:\/\/jornalfatosenoticias.com.br\/wp-content\/uploads\/2023\/12\/pegoretti-logo-pdf-300x114.jpg 300w, https:\/\/jornalfatosenoticias.com.br\/wp-content\/uploads\/2023\/12\/pegoretti-logo-pdf-768x291.jpg 768w, https:\/\/jornalfatosenoticias.com.br\/wp-content\/uploads\/2023\/12\/pegoretti-logo-pdf.jpg 1120w\" sizes=\"auto, (max-width: 380px) 100vw, 380px\" \/><\/figure><\/div>\n\n\n\n<figure class=\"wp-block-embed-twitter wp-block-embed is-type-rich is-provider-twitter\"><div class=\"wp-block-embed__wrapper\">\n<blockquote class=\"twitter-tweet\" data-width=\"550\" data-dnt=\"true\"><p lang=\"en\" dir=\"ltr\">It&#39;s beginning to look a lot like cosmos. \ud83c\udfb6<br><br>Our <a href=\"https:\/\/twitter.com\/chandraxray?ref_src=twsrc%5Etfw\">@ChandraXray<\/a> Observatory recently spotted the blue-and-white lights that decorate the &quot;Christmas Tree Cluster,&quot; a swarm of stars and gas some 2,500 light-years from Earth: <a href=\"https:\/\/t.co\/VT2WaLgp77\">https:\/\/t.co\/VT2WaLgp77<\/a> <a href=\"https:\/\/t.co\/HrnrmxRyd7\">pic.twitter.com\/HrnrmxRyd7<\/a><\/p>&mdash; NASA (@NASA) <a href=\"https:\/\/twitter.com\/NASA\/status\/1737176016622125352?ref_src=twsrc%5Etfw\">December 19, 2023<\/a><\/blockquote><script async src=\"https:\/\/platform.twitter.com\/widgets.js\" charset=\"utf-8\"><\/script>\n<\/div><\/figure>\n\n\n\n<div class=\"wp-block-image\"><figure class=\"aligncenter size-large is-resized\"><img loading=\"lazy\" decoding=\"async\" src=\"https:\/\/jornalfatosenoticias.com.br\/wp-content\/uploads\/2023\/09\/vetorvix1024_1.jpg\" alt=\"\" class=\"wp-image-44868\" width=\"445\" height=\"118\" srcset=\"https:\/\/jornalfatosenoticias.com.br\/wp-content\/uploads\/2023\/09\/vetorvix1024_1.jpg 1024w, https:\/\/jornalfatosenoticias.com.br\/wp-content\/uploads\/2023\/09\/vetorvix1024_1-300x80.jpg 300w, https:\/\/jornalfatosenoticias.com.br\/wp-content\/uploads\/2023\/09\/vetorvix1024_1-768x205.jpg 768w\" sizes=\"auto, (max-width: 445px) 100vw, 445px\" \/><\/figure><\/div>\n\n\n\n<p>A imagem foi girada em 160 graus no sentido hor\u00e1rio para que o topo da \u00e1rvore aparente estar no topo da imagem. As varia\u00e7\u00f5es observadas nas estrelas jovens s\u00e3o resultado de diferentes processos, como atividade envolvendo campos magn\u00e9ticos, incluindo erup\u00e7\u00f5es solares, pontos quentes e regi\u00f5es escuras nas superf\u00edcies estelares que entram e saem de nossa vis\u00e3o conforme as estrelas giram.<\/p>\n\n\n\n<div class=\"wp-block-image\"><figure class=\"aligncenter size-large\"><img loading=\"lazy\" decoding=\"async\" width=\"300\" height=\"250\" src=\"https:\/\/jornalfatosenoticias.com.br\/wp-content\/uploads\/2022\/02\/FERRARI_MAQUINAS-E-FERRAMENTAS2.jpg\" alt=\"\" class=\"wp-image-27860\"\/><\/figure><\/div>\n\n\n\n<p>Tamb\u00e9m pode haver mudan\u00e7as na espessura do g\u00e1s que obscurece as estrelas e na quantidade de material ainda caindo nas estrelas a partir de discos de g\u00e1s circundantes. As luzes azul e branca (que piscam na vers\u00e3o animada abaixo) s\u00e3o estrelas jovens que emitem raios-x detectados pelo Chandra. Os dados \u00f3pticos do telesc\u00f3pio WIYN de 0,9 metro da National Science Foundation em Kitt Peak mostram g\u00e1s na nebulosa em verde, correspondendo \u00e0s \u201cagulhas de pinheiro\u201d da \u00e1rvore, e dados infravermelhos do Two Micron All Sky Survey mostram estrelas de primeiro plano e de fundo em branco.<\/p>\n\n\n\n<div class=\"wp-block-image\"><figure class=\"aligncenter size-large is-resized\"><img loading=\"lazy\" decoding=\"async\" src=\"https:\/\/jornalfatosenoticias.com.br\/wp-content\/uploads\/2023\/07\/lacremoda.jpg\" alt=\"\" class=\"wp-image-43706\" width=\"356\" height=\"199\" srcset=\"https:\/\/jornalfatosenoticias.com.br\/wp-content\/uploads\/2023\/07\/lacremoda.jpg 1024w, https:\/\/jornalfatosenoticias.com.br\/wp-content\/uploads\/2023\/07\/lacremoda-300x168.jpg 300w, https:\/\/jornalfatosenoticias.com.br\/wp-content\/uploads\/2023\/07\/lacremoda-768x431.jpg 768w\" sizes=\"auto, (max-width: 356px) 100vw, 356px\" \/><\/figure><\/div>\n\n\n\n<p>Esta imagem foi girada no sentido hor\u00e1rio em cerca de 160 graus a partir do padr\u00e3o Norte do astr\u00f4nomo apontando para cima, de modo que parece que o topo da \u00e1rvore est\u00e1 voltado para o topo da imagem.<\/p>\n\n\n\n<div class=\"wp-block-image\"><figure class=\"aligncenter size-large\"><img loading=\"lazy\" decoding=\"async\" width=\"300\" height=\"250\" src=\"https:\/\/jornalfatosenoticias.com.br\/wp-content\/uploads\/2020\/02\/Banner-2.png\" alt=\"\" class=\"wp-image-43787\"\/><\/figure><\/div>\n\n\n\n<h3 class=\"wp-block-heading\"><span class=\"has-inline-color has-vivid-red-color\">Veja, abaixo, o Cluster da \u00c1rvore de Natal em vers\u00e3o animada: <\/span><\/h3>\n\n\n\n<figure class=\"wp-block-video\"><video height=\"1280\" style=\"aspect-ratio: 1280 \/ 1280;\" width=\"1280\" controls src=\"https:\/\/jornalfatosenoticias.com.br\/wp-content\/uploads\/2023\/12\/ngc2264-blinking.mp4\"><\/video><figcaption><em><span class=\"has-inline-color has-black-color\">V\u00eddeo: Reprodu\u00e7\u00e3o\/Nasa<\/span><\/em><\/figcaption><\/figure>\n\n\n\n<p>O Marshall Space Flight Center da Nasa gerencia o programa Chandra. O Centro de Raios-x Chandra do Observat\u00f3rio Astrof\u00edsico Smithsonian controla as opera\u00e7\u00f5es cient\u00edficas de Cambridge, Massachusetts, e as opera\u00e7\u00f5es de voo de Burlington, Massachusetts.<\/p>\n\n\n\n<div class=\"wp-block-image\"><figure class=\"aligncenter size-large is-resized\"><img loading=\"lazy\" decoding=\"async\" src=\"https:\/\/jornalfatosenoticias.com.br\/wp-content\/uploads\/2020\/02\/logo-Rapuzel-1024x571.jpg\" alt=\"\" class=\"wp-image-42808\" width=\"320\" height=\"178\" srcset=\"https:\/\/jornalfatosenoticias.com.br\/wp-content\/uploads\/2020\/02\/logo-Rapuzel-1024x571.jpg 1024w, https:\/\/jornalfatosenoticias.com.br\/wp-content\/uploads\/2020\/02\/logo-Rapuzel-300x167.jpg 300w, https:\/\/jornalfatosenoticias.com.br\/wp-content\/uploads\/2020\/02\/logo-Rapuzel-768x428.jpg 768w, https:\/\/jornalfatosenoticias.com.br\/wp-content\/uploads\/2020\/02\/logo-Rapuzel-1536x856.jpg 1536w, https:\/\/jornalfatosenoticias.com.br\/wp-content\/uploads\/2020\/02\/logo-Rapuzel.jpg 1600w\" sizes=\"auto, (max-width: 320px) 100vw, 320px\" \/><\/figure><\/div>\n\n\n\n<p><em><span class=\"has-inline-color has-black-color\"><strong>Imagem de capa:<\/strong> Raio x: Nasa\/CXC\/SAO; \u00d3ptica: T.A. Reitor (NRAO\/AUI\/NSF e NOIRLab\/NSF\/AURA) e B.A. Wolpa (NOIRLab\/NSF\/AURA); Infravermelho: NASA\/NSF\/IPAC\/CalTech\/Univ. de Massachusetts; Processamento de imagem: Nasa\/CXC\/SAO\/L. Frattare &amp; J.Major<\/span><\/em><\/p>\n\n\n\n<p><strong><em>Fonte: <a href=\"https:\/\/olhardigital.com.br\/2023\/12\/22\/ciencia-e-espaco\/e-natal-no-espaco-aglomerado-de-estrelas-forma-arvore-natalina-veja\/\">Olhar Digital<\/a><\/em><\/strong><\/p>\n","protected":false},"excerpt":{"rendered":"<p>NGC 2264 \u00e9 conjunto de estrelas jovens, conhecido como &#8220;Cluster de \u00c1rvore de Natal&#8221; Por Rodrigo Mozelli\u00a0 O NGC 2264 \u00e9 um conjunto de estrelas jovens, com idades entre um e cinco milh\u00f5es de anos, localizado na Via L\u00e1ctea a cerca de 2,5 mil anos-luz da Terra, tamb\u00e9m conhecido como \u201cCluster de \u00c1rvore de Natal\u201d. [&hellip;]<\/p>\n","protected":false},"author":2,"featured_media":47998,"comment_status":"open","ping_status":"open","sticky":false,"template":"","format":"standard","meta":{"footnotes":""},"categories":[2],"tags":[22412,86,790,6459],"class_list":["post-47996","post","type-post","status-publish","format-standard","has-post-thumbnail","hentry","category-ciencia","tag-arvore-de-natal","tag-espaco","tag-estrelas","tag-natal"],"yoast_head":"<!-- This site is optimized with the Yoast SEO plugin v26.5 - https:\/\/yoast.com\/wordpress\/plugins\/seo\/ -->\n<title>\u00c9 Natal no Espa\u00e7o! Aglomerado de estrelas forma \u00e1rvore natalina - Jornal Fatos e Not\u00edcias<\/title>\n<meta name=\"robots\" content=\"index, follow, max-snippet:-1, max-image-preview:large, max-video-preview:-1\" \/>\n<link rel=\"canonical\" href=\"https:\/\/jornalfatosenoticias.com.br\/index.php\/2023\/12\/22\/e-natal-no-espaco-aglomerado-de-estrelas-forma-arvore-natalina\/\" \/>\n<meta property=\"og:locale\" content=\"pt_BR\" \/>\n<meta property=\"og:type\" content=\"article\" \/>\n<meta property=\"og:title\" content=\"\u00c9 Natal no Espa\u00e7o! Aglomerado de estrelas forma \u00e1rvore natalina - Jornal Fatos e Not\u00edcias\" \/>\n<meta property=\"og:description\" content=\"NGC 2264 \u00e9 conjunto de estrelas jovens, conhecido como &#8220;Cluster de \u00c1rvore de Natal&#8221; Por Rodrigo Mozelli\u00a0 O NGC 2264 \u00e9 um conjunto de estrelas jovens, com idades entre um e cinco milh\u00f5es de anos, localizado na Via L\u00e1ctea a cerca de 2,5 mil anos-luz da Terra, tamb\u00e9m conhecido como \u201cCluster de \u00c1rvore de Natal\u201d. [&hellip;]\" \/>\n<meta property=\"og:url\" content=\"https:\/\/jornalfatosenoticias.com.br\/index.php\/2023\/12\/22\/e-natal-no-espaco-aglomerado-de-estrelas-forma-arvore-natalina\/\" \/>\n<meta property=\"og:site_name\" content=\"Jornal Fatos e Not\u00edcias\" \/>\n<meta property=\"article:published_time\" content=\"2023-12-22T17:10:23+00:00\" \/>\n<meta property=\"article:modified_time\" content=\"2023-12-22T17:10:34+00:00\" \/>\n<meta property=\"og:image\" content=\"https:\/\/jornalfatosenoticias.com.br\/wp-content\/uploads\/2023\/12\/estrelas_natal-espaco.jpg\" \/>\n\t<meta property=\"og:image:width\" content=\"1000\" \/>\n\t<meta property=\"og:image:height\" content=\"1000\" \/>\n\t<meta property=\"og:image:type\" content=\"image\/jpeg\" \/>\n<meta name=\"author\" content=\"Luzimara Fernandes\" \/>\n<meta name=\"twitter:card\" content=\"summary_large_image\" \/>\n<meta name=\"twitter:label1\" content=\"Escrito por\" \/>\n\t<meta name=\"twitter:data1\" content=\"Luzimara Fernandes\" \/>\n\t<meta name=\"twitter:label2\" content=\"Est. tempo de leitura\" \/>\n\t<meta name=\"twitter:data2\" content=\"3 minutos\" \/>\n<script type=\"application\/ld+json\" class=\"yoast-schema-graph\">{\"@context\":\"https:\/\/schema.org\",\"@graph\":[{\"@type\":\"Article\",\"@id\":\"https:\/\/jornalfatosenoticias.com.br\/index.php\/2023\/12\/22\/e-natal-no-espaco-aglomerado-de-estrelas-forma-arvore-natalina\/#article\",\"isPartOf\":{\"@id\":\"https:\/\/jornalfatosenoticias.com.br\/index.php\/2023\/12\/22\/e-natal-no-espaco-aglomerado-de-estrelas-forma-arvore-natalina\/\"},\"author\":{\"name\":\"Luzimara Fernandes\",\"@id\":\"https:\/\/jornalfatosenoticias.com.br\/#\/schema\/person\/d63837fa13ac8666eb9e74e0985d6f81\"},\"headline\":\"\u00c9 Natal no Espa\u00e7o! Aglomerado de estrelas forma \u00e1rvore natalina\",\"datePublished\":\"2023-12-22T17:10:23+00:00\",\"dateModified\":\"2023-12-22T17:10:34+00:00\",\"mainEntityOfPage\":{\"@id\":\"https:\/\/jornalfatosenoticias.com.br\/index.php\/2023\/12\/22\/e-natal-no-espaco-aglomerado-de-estrelas-forma-arvore-natalina\/\"},\"wordCount\":528,\"commentCount\":0,\"publisher\":{\"@id\":\"https:\/\/jornalfatosenoticias.com.br\/#organization\"},\"image\":{\"@id\":\"https:\/\/jornalfatosenoticias.com.br\/index.php\/2023\/12\/22\/e-natal-no-espaco-aglomerado-de-estrelas-forma-arvore-natalina\/#primaryimage\"},\"thumbnailUrl\":\"https:\/\/jornalfatosenoticias.com.br\/wp-content\/uploads\/2023\/12\/estrelas_natal-espaco.jpg\",\"keywords\":[\"\u00e1rvore de Natal\",\"espa\u00e7o\",\"estrelas\",\"Natal\"],\"articleSection\":[\"Ci\u00eancia\"],\"inLanguage\":\"pt-BR\",\"potentialAction\":[{\"@type\":\"CommentAction\",\"name\":\"Comment\",\"target\":[\"https:\/\/jornalfatosenoticias.com.br\/index.php\/2023\/12\/22\/e-natal-no-espaco-aglomerado-de-estrelas-forma-arvore-natalina\/#respond\"]}]},{\"@type\":\"WebPage\",\"@id\":\"https:\/\/jornalfatosenoticias.com.br\/index.php\/2023\/12\/22\/e-natal-no-espaco-aglomerado-de-estrelas-forma-arvore-natalina\/\",\"url\":\"https:\/\/jornalfatosenoticias.com.br\/index.php\/2023\/12\/22\/e-natal-no-espaco-aglomerado-de-estrelas-forma-arvore-natalina\/\",\"name\":\"\u00c9 Natal no Espa\u00e7o! Aglomerado de estrelas forma \u00e1rvore natalina - Jornal Fatos e Not\u00edcias\",\"isPartOf\":{\"@id\":\"https:\/\/jornalfatosenoticias.com.br\/#website\"},\"primaryImageOfPage\":{\"@id\":\"https:\/\/jornalfatosenoticias.com.br\/index.php\/2023\/12\/22\/e-natal-no-espaco-aglomerado-de-estrelas-forma-arvore-natalina\/#primaryimage\"},\"image\":{\"@id\":\"https:\/\/jornalfatosenoticias.com.br\/index.php\/2023\/12\/22\/e-natal-no-espaco-aglomerado-de-estrelas-forma-arvore-natalina\/#primaryimage\"},\"thumbnailUrl\":\"https:\/\/jornalfatosenoticias.com.br\/wp-content\/uploads\/2023\/12\/estrelas_natal-espaco.jpg\",\"datePublished\":\"2023-12-22T17:10:23+00:00\",\"dateModified\":\"2023-12-22T17:10:34+00:00\",\"breadcrumb\":{\"@id\":\"https:\/\/jornalfatosenoticias.com.br\/index.php\/2023\/12\/22\/e-natal-no-espaco-aglomerado-de-estrelas-forma-arvore-natalina\/#breadcrumb\"},\"inLanguage\":\"pt-BR\",\"potentialAction\":[{\"@type\":\"ReadAction\",\"target\":[\"https:\/\/jornalfatosenoticias.com.br\/index.php\/2023\/12\/22\/e-natal-no-espaco-aglomerado-de-estrelas-forma-arvore-natalina\/\"]}]},{\"@type\":\"ImageObject\",\"inLanguage\":\"pt-BR\",\"@id\":\"https:\/\/jornalfatosenoticias.com.br\/index.php\/2023\/12\/22\/e-natal-no-espaco-aglomerado-de-estrelas-forma-arvore-natalina\/#primaryimage\",\"url\":\"https:\/\/jornalfatosenoticias.com.br\/wp-content\/uploads\/2023\/12\/estrelas_natal-espaco.jpg\",\"contentUrl\":\"https:\/\/jornalfatosenoticias.com.br\/wp-content\/uploads\/2023\/12\/estrelas_natal-espaco.jpg\",\"width\":1000,\"height\":1000},{\"@type\":\"BreadcrumbList\",\"@id\":\"https:\/\/jornalfatosenoticias.com.br\/index.php\/2023\/12\/22\/e-natal-no-espaco-aglomerado-de-estrelas-forma-arvore-natalina\/#breadcrumb\",\"itemListElement\":[{\"@type\":\"ListItem\",\"position\":1,\"name\":\"In\u00edcio\",\"item\":\"https:\/\/jornalfatosenoticias.com.br\/\"},{\"@type\":\"ListItem\",\"position\":2,\"name\":\"\u00c9 Natal no Espa\u00e7o! Aglomerado de estrelas forma \u00e1rvore natalina\"}]},{\"@type\":\"WebSite\",\"@id\":\"https:\/\/jornalfatosenoticias.com.br\/#website\",\"url\":\"https:\/\/jornalfatosenoticias.com.br\/\",\"name\":\"Jornal Fatos e Not\u00edcias\",\"description\":\"Not\u00edcias em geral\",\"publisher\":{\"@id\":\"https:\/\/jornalfatosenoticias.com.br\/#organization\"},\"potentialAction\":[{\"@type\":\"SearchAction\",\"target\":{\"@type\":\"EntryPoint\",\"urlTemplate\":\"https:\/\/jornalfatosenoticias.com.br\/?s={search_term_string}\"},\"query-input\":{\"@type\":\"PropertyValueSpecification\",\"valueRequired\":true,\"valueName\":\"search_term_string\"}}],\"inLanguage\":\"pt-BR\"},{\"@type\":\"Organization\",\"@id\":\"https:\/\/jornalfatosenoticias.com.br\/#organization\",\"name\":\"Jornal Fatos e Not\u00edcias\",\"url\":\"https:\/\/jornalfatosenoticias.com.br\/\",\"logo\":{\"@type\":\"ImageObject\",\"inLanguage\":\"pt-BR\",\"@id\":\"https:\/\/jornalfatosenoticias.com.br\/#\/schema\/logo\/image\/\",\"url\":\"https:\/\/jornalfatosenoticias.com.br\/wp-content\/uploads\/2020\/02\/logo120.png\",\"contentUrl\":\"https:\/\/jornalfatosenoticias.com.br\/wp-content\/uploads\/2020\/02\/logo120.png\",\"width\":1227,\"height\":120,\"caption\":\"Jornal Fatos e Not\u00edcias\"},\"image\":{\"@id\":\"https:\/\/jornalfatosenoticias.com.br\/#\/schema\/logo\/image\/\"}},{\"@type\":\"Person\",\"@id\":\"https:\/\/jornalfatosenoticias.com.br\/#\/schema\/person\/d63837fa13ac8666eb9e74e0985d6f81\",\"name\":\"Luzimara Fernandes\",\"image\":{\"@type\":\"ImageObject\",\"inLanguage\":\"pt-BR\",\"@id\":\"https:\/\/jornalfatosenoticias.com.br\/#\/schema\/person\/image\/\",\"url\":\"https:\/\/jornalfatosenoticias.com.br\/wp-content\/uploads\/2025\/05\/EU_portal.jpg\",\"contentUrl\":\"https:\/\/jornalfatosenoticias.com.br\/wp-content\/uploads\/2025\/05\/EU_portal.jpg\",\"caption\":\"Luzimara Fernandes\"},\"description\":\"Jornalista MTB 2358-ES\",\"sameAs\":[\"https:\/\/jornalfatosenoticias.com.br\"],\"url\":\"https:\/\/jornalfatosenoticias.com.br\/index.php\/author\/luzimara\/\"}]}<\/script>\n<!-- \/ Yoast SEO plugin. -->","yoast_head_json":{"title":"\u00c9 Natal no Espa\u00e7o! Aglomerado de estrelas forma \u00e1rvore natalina - Jornal Fatos e Not\u00edcias","robots":{"index":"index","follow":"follow","max-snippet":"max-snippet:-1","max-image-preview":"max-image-preview:large","max-video-preview":"max-video-preview:-1"},"canonical":"https:\/\/jornalfatosenoticias.com.br\/index.php\/2023\/12\/22\/e-natal-no-espaco-aglomerado-de-estrelas-forma-arvore-natalina\/","og_locale":"pt_BR","og_type":"article","og_title":"\u00c9 Natal no Espa\u00e7o! Aglomerado de estrelas forma \u00e1rvore natalina - Jornal Fatos e Not\u00edcias","og_description":"NGC 2264 \u00e9 conjunto de estrelas jovens, conhecido como &#8220;Cluster de \u00c1rvore de Natal&#8221; Por Rodrigo Mozelli\u00a0 O NGC 2264 \u00e9 um conjunto de estrelas jovens, com idades entre um e cinco milh\u00f5es de anos, localizado na Via L\u00e1ctea a cerca de 2,5 mil anos-luz da Terra, tamb\u00e9m conhecido como \u201cCluster de \u00c1rvore de Natal\u201d. [&hellip;]","og_url":"https:\/\/jornalfatosenoticias.com.br\/index.php\/2023\/12\/22\/e-natal-no-espaco-aglomerado-de-estrelas-forma-arvore-natalina\/","og_site_name":"Jornal Fatos e Not\u00edcias","article_published_time":"2023-12-22T17:10:23+00:00","article_modified_time":"2023-12-22T17:10:34+00:00","og_image":[{"width":1000,"height":1000,"url":"https:\/\/jornalfatosenoticias.com.br\/wp-content\/uploads\/2023\/12\/estrelas_natal-espaco.jpg","type":"image\/jpeg"}],"author":"Luzimara Fernandes","twitter_card":"summary_large_image","twitter_misc":{"Escrito por":"Luzimara Fernandes","Est. tempo de leitura":"3 minutos"},"schema":{"@context":"https:\/\/schema.org","@graph":[{"@type":"Article","@id":"https:\/\/jornalfatosenoticias.com.br\/index.php\/2023\/12\/22\/e-natal-no-espaco-aglomerado-de-estrelas-forma-arvore-natalina\/#article","isPartOf":{"@id":"https:\/\/jornalfatosenoticias.com.br\/index.php\/2023\/12\/22\/e-natal-no-espaco-aglomerado-de-estrelas-forma-arvore-natalina\/"},"author":{"name":"Luzimara Fernandes","@id":"https:\/\/jornalfatosenoticias.com.br\/#\/schema\/person\/d63837fa13ac8666eb9e74e0985d6f81"},"headline":"\u00c9 Natal no Espa\u00e7o! Aglomerado de estrelas forma \u00e1rvore natalina","datePublished":"2023-12-22T17:10:23+00:00","dateModified":"2023-12-22T17:10:34+00:00","mainEntityOfPage":{"@id":"https:\/\/jornalfatosenoticias.com.br\/index.php\/2023\/12\/22\/e-natal-no-espaco-aglomerado-de-estrelas-forma-arvore-natalina\/"},"wordCount":528,"commentCount":0,"publisher":{"@id":"https:\/\/jornalfatosenoticias.com.br\/#organization"},"image":{"@id":"https:\/\/jornalfatosenoticias.com.br\/index.php\/2023\/12\/22\/e-natal-no-espaco-aglomerado-de-estrelas-forma-arvore-natalina\/#primaryimage"},"thumbnailUrl":"https:\/\/jornalfatosenoticias.com.br\/wp-content\/uploads\/2023\/12\/estrelas_natal-espaco.jpg","keywords":["\u00e1rvore de Natal","espa\u00e7o","estrelas","Natal"],"articleSection":["Ci\u00eancia"],"inLanguage":"pt-BR","potentialAction":[{"@type":"CommentAction","name":"Comment","target":["https:\/\/jornalfatosenoticias.com.br\/index.php\/2023\/12\/22\/e-natal-no-espaco-aglomerado-de-estrelas-forma-arvore-natalina\/#respond"]}]},{"@type":"WebPage","@id":"https:\/\/jornalfatosenoticias.com.br\/index.php\/2023\/12\/22\/e-natal-no-espaco-aglomerado-de-estrelas-forma-arvore-natalina\/","url":"https:\/\/jornalfatosenoticias.com.br\/index.php\/2023\/12\/22\/e-natal-no-espaco-aglomerado-de-estrelas-forma-arvore-natalina\/","name":"\u00c9 Natal no Espa\u00e7o! Aglomerado de estrelas forma \u00e1rvore natalina - Jornal Fatos e Not\u00edcias","isPartOf":{"@id":"https:\/\/jornalfatosenoticias.com.br\/#website"},"primaryImageOfPage":{"@id":"https:\/\/jornalfatosenoticias.com.br\/index.php\/2023\/12\/22\/e-natal-no-espaco-aglomerado-de-estrelas-forma-arvore-natalina\/#primaryimage"},"image":{"@id":"https:\/\/jornalfatosenoticias.com.br\/index.php\/2023\/12\/22\/e-natal-no-espaco-aglomerado-de-estrelas-forma-arvore-natalina\/#primaryimage"},"thumbnailUrl":"https:\/\/jornalfatosenoticias.com.br\/wp-content\/uploads\/2023\/12\/estrelas_natal-espaco.jpg","datePublished":"2023-12-22T17:10:23+00:00","dateModified":"2023-12-22T17:10:34+00:00","breadcrumb":{"@id":"https:\/\/jornalfatosenoticias.com.br\/index.php\/2023\/12\/22\/e-natal-no-espaco-aglomerado-de-estrelas-forma-arvore-natalina\/#breadcrumb"},"inLanguage":"pt-BR","potentialAction":[{"@type":"ReadAction","target":["https:\/\/jornalfatosenoticias.com.br\/index.php\/2023\/12\/22\/e-natal-no-espaco-aglomerado-de-estrelas-forma-arvore-natalina\/"]}]},{"@type":"ImageObject","inLanguage":"pt-BR","@id":"https:\/\/jornalfatosenoticias.com.br\/index.php\/2023\/12\/22\/e-natal-no-espaco-aglomerado-de-estrelas-forma-arvore-natalina\/#primaryimage","url":"https:\/\/jornalfatosenoticias.com.br\/wp-content\/uploads\/2023\/12\/estrelas_natal-espaco.jpg","contentUrl":"https:\/\/jornalfatosenoticias.com.br\/wp-content\/uploads\/2023\/12\/estrelas_natal-espaco.jpg","width":1000,"height":1000},{"@type":"BreadcrumbList","@id":"https:\/\/jornalfatosenoticias.com.br\/index.php\/2023\/12\/22\/e-natal-no-espaco-aglomerado-de-estrelas-forma-arvore-natalina\/#breadcrumb","itemListElement":[{"@type":"ListItem","position":1,"name":"In\u00edcio","item":"https:\/\/jornalfatosenoticias.com.br\/"},{"@type":"ListItem","position":2,"name":"\u00c9 Natal no Espa\u00e7o! Aglomerado de estrelas forma \u00e1rvore natalina"}]},{"@type":"WebSite","@id":"https:\/\/jornalfatosenoticias.com.br\/#website","url":"https:\/\/jornalfatosenoticias.com.br\/","name":"Jornal Fatos e Not\u00edcias","description":"Not\u00edcias em geral","publisher":{"@id":"https:\/\/jornalfatosenoticias.com.br\/#organization"},"potentialAction":[{"@type":"SearchAction","target":{"@type":"EntryPoint","urlTemplate":"https:\/\/jornalfatosenoticias.com.br\/?s={search_term_string}"},"query-input":{"@type":"PropertyValueSpecification","valueRequired":true,"valueName":"search_term_string"}}],"inLanguage":"pt-BR"},{"@type":"Organization","@id":"https:\/\/jornalfatosenoticias.com.br\/#organization","name":"Jornal Fatos e Not\u00edcias","url":"https:\/\/jornalfatosenoticias.com.br\/","logo":{"@type":"ImageObject","inLanguage":"pt-BR","@id":"https:\/\/jornalfatosenoticias.com.br\/#\/schema\/logo\/image\/","url":"https:\/\/jornalfatosenoticias.com.br\/wp-content\/uploads\/2020\/02\/logo120.png","contentUrl":"https:\/\/jornalfatosenoticias.com.br\/wp-content\/uploads\/2020\/02\/logo120.png","width":1227,"height":120,"caption":"Jornal Fatos e Not\u00edcias"},"image":{"@id":"https:\/\/jornalfatosenoticias.com.br\/#\/schema\/logo\/image\/"}},{"@type":"Person","@id":"https:\/\/jornalfatosenoticias.com.br\/#\/schema\/person\/d63837fa13ac8666eb9e74e0985d6f81","name":"Luzimara Fernandes","image":{"@type":"ImageObject","inLanguage":"pt-BR","@id":"https:\/\/jornalfatosenoticias.com.br\/#\/schema\/person\/image\/","url":"https:\/\/jornalfatosenoticias.com.br\/wp-content\/uploads\/2025\/05\/EU_portal.jpg","contentUrl":"https:\/\/jornalfatosenoticias.com.br\/wp-content\/uploads\/2025\/05\/EU_portal.jpg","caption":"Luzimara Fernandes"},"description":"Jornalista MTB 2358-ES","sameAs":["https:\/\/jornalfatosenoticias.com.br"],"url":"https:\/\/jornalfatosenoticias.com.br\/index.php\/author\/luzimara\/"}]}},"cc_featured_image_caption":{"caption_text":"","source_text":"","source_url":""},"jetpack_featured_media_url":"https:\/\/jornalfatosenoticias.com.br\/wp-content\/uploads\/2023\/12\/estrelas_natal-espaco.jpg","_links":{"self":[{"href":"https:\/\/jornalfatosenoticias.com.br\/index.php\/wp-json\/wp\/v2\/posts\/47996","targetHints":{"allow":["GET"]}}],"collection":[{"href":"https:\/\/jornalfatosenoticias.com.br\/index.php\/wp-json\/wp\/v2\/posts"}],"about":[{"href":"https:\/\/jornalfatosenoticias.com.br\/index.php\/wp-json\/wp\/v2\/types\/post"}],"author":[{"embeddable":true,"href":"https:\/\/jornalfatosenoticias.com.br\/index.php\/wp-json\/wp\/v2\/users\/2"}],"replies":[{"embeddable":true,"href":"https:\/\/jornalfatosenoticias.com.br\/index.php\/wp-json\/wp\/v2\/comments?post=47996"}],"version-history":[{"count":0,"href":"https:\/\/jornalfatosenoticias.com.br\/index.php\/wp-json\/wp\/v2\/posts\/47996\/revisions"}],"wp:featuredmedia":[{"embeddable":true,"href":"https:\/\/jornalfatosenoticias.com.br\/index.php\/wp-json\/wp\/v2\/media\/47998"}],"wp:attachment":[{"href":"https:\/\/jornalfatosenoticias.com.br\/index.php\/wp-json\/wp\/v2\/media?parent=47996"}],"wp:term":[{"taxonomy":"category","embeddable":true,"href":"https:\/\/jornalfatosenoticias.com.br\/index.php\/wp-json\/wp\/v2\/categories?post=47996"},{"taxonomy":"post_tag","embeddable":true,"href":"https:\/\/jornalfatosenoticias.com.br\/index.php\/wp-json\/wp\/v2\/tags?post=47996"}],"curies":[{"name":"wp","href":"https:\/\/api.w.org\/{rel}","templated":true}]}}