{"id":48001,"date":"2023-12-22T14:32:52","date_gmt":"2023-12-22T17:32:52","guid":{"rendered":"https:\/\/jornalfatosenoticias.com.br\/?p=48001"},"modified":"2023-12-22T14:32:58","modified_gmt":"2023-12-22T17:32:58","slug":"decisoes-de-toffoli-no-apagar-das-luzes-de-2023-beneficiam-acusados-de-corrupcao","status":"publish","type":"post","link":"https:\/\/jornalfatosenoticias.com.br\/index.php\/2023\/12\/22\/decisoes-de-toffoli-no-apagar-das-luzes-de-2023-beneficiam-acusados-de-corrupcao\/","title":{"rendered":"Decis\u00f5es de Toffoli no apagar das luzes de 2023 beneficiam acusados de corrup\u00e7\u00e3o"},"content":{"rendered":"\n<p><em><span class=\"has-inline-color has-black-color\">Multa da J&amp;F havia sido imposta em acordo de leni\u00eancia com o Minist\u00e9rio P\u00fablico Federal e agora est\u00e1 suspensa<\/span><\/em><\/p>\n\n\n\n<p><span class=\"has-inline-color has-black-color\">Por <strong><a href=\"https:\/\/www.gazetadopovo.com.br\/autor\/vinicius-sales\/\">Vin\u00edcius Sales<\/a><\/strong><\/span><\/p>\n\n\n\n<div class=\"wp-block-image\"><figure class=\"aligncenter size-large\"><img loading=\"lazy\" decoding=\"async\" width=\"1024\" height=\"110\" src=\"https:\/\/jornalfatosenoticias.com.br\/wp-content\/uploads\/2022\/10\/Arte-jornal-Zucchi-1120x120_Prancheta-1-1024x110.jpg\" alt=\"\" class=\"wp-image-34772\" srcset=\"https:\/\/jornalfatosenoticias.com.br\/wp-content\/uploads\/2022\/10\/Arte-jornal-Zucchi-1120x120_Prancheta-1-1024x110.jpg 1024w, https:\/\/jornalfatosenoticias.com.br\/wp-content\/uploads\/2022\/10\/Arte-jornal-Zucchi-1120x120_Prancheta-1-300x32.jpg 300w, https:\/\/jornalfatosenoticias.com.br\/wp-content\/uploads\/2022\/10\/Arte-jornal-Zucchi-1120x120_Prancheta-1-768x82.jpg 768w, https:\/\/jornalfatosenoticias.com.br\/wp-content\/uploads\/2022\/10\/Arte-jornal-Zucchi-1120x120_Prancheta-1-1536x165.jpg 1536w, https:\/\/jornalfatosenoticias.com.br\/wp-content\/uploads\/2022\/10\/Arte-jornal-Zucchi-1120x120_Prancheta-1-2048x219.jpg 2048w\" sizes=\"auto, (max-width: 1024px) 100vw, 1024px\" \/><\/figure><\/div>\n\n\n\n<p>Ao suspender o acordo de leni\u00eancia entre o grupo J&amp;F e o Minist\u00e9rio P\u00fablico Federal (MPF), o ministro Dias Toffoli, do Supremo Tribunal Federal (STF), fechou uma trinca de decis\u00f5es que beneficiam acusados de corrup\u00e7\u00e3o \u2014 inclusive na Opera\u00e7\u00e3o Lava Jato. Nesta quarta-feira (20), o magistrado sustou o pagamento de R$ 10 bilh\u00f5es acordado entre a empresa e a Justi\u00e7a.<br>Toffoli tamb\u00e9m permitiu que a empresa dos irm\u00e3os Wesley e Joesley Batista tenha acesso ao material coletado durante a Opera\u00e7\u00e3o Spoofing, que investigou mensagens interceptadas ilegalmente pelo hacker Walter Delgatti Netto, conhecido como \u201chacker de Araraquara\u201d.<br>A decis\u00e3o \u00e9 uma resposta a um recurso apresentado pela J&amp;F ao STF em novembro ap\u00f3s o desconto de R$ 6,8 bilh\u00f5es na multa, inicialmente concedido pelo subprocurador da Rep\u00fablica Ronaldo Albo e anulado pelo Conselho Institucional do Minist\u00e9rio P\u00fablico Federal (MPF).<br>A multa cancelada estava relacionada a um acordo firmado no \u00e2mbito da Opera\u00e7\u00e3o Greenfield, que investigou desvios de recursos em bancos p\u00fablicos e fundos de pens\u00e3o de estatais. A empresa havia impetrado o recurso no STF buscando n\u00e3o apenas o cancelamento da multa, mas tamb\u00e9m a anula\u00e7\u00e3o de todos os \u201cneg\u00f3cios jur\u00eddicos de car\u00e1ter patrimonial\u201d derivados das opera\u00e7\u00f5es Lava Jato, Greenfield, S\u00e9psis e Cui Bono.<\/p>\n\n\n\n<div class=\"wp-block-image\"><figure class=\"aligncenter size-large is-resized\"><img loading=\"lazy\" decoding=\"async\" src=\"https:\/\/jornalfatosenoticias.com.br\/wp-content\/uploads\/2023\/08\/ITH.jpeg\" alt=\"\" class=\"wp-image-44638\" width=\"348\" height=\"283\" srcset=\"https:\/\/jornalfatosenoticias.com.br\/wp-content\/uploads\/2023\/08\/ITH.jpeg 800w, https:\/\/jornalfatosenoticias.com.br\/wp-content\/uploads\/2023\/08\/ITH-300x244.jpeg 300w, https:\/\/jornalfatosenoticias.com.br\/wp-content\/uploads\/2023\/08\/ITH-768x624.jpeg 768w\" sizes=\"auto, (max-width: 348px) 100vw, 348px\" \/><\/figure><\/div>\n\n\n\n<p>A ONG Transpar\u00eancia Internacional criticou a decis\u00e3o de Toffoli. &#8220;Os retrocessos no combate \u00e0 corrup\u00e7\u00e3o no Brasil est\u00e3o gerando impactos sist\u00eamicos e internacionais extremamente graves, inclusive para a prote\u00e7\u00e3o ambiental e as mudan\u00e7as clim\u00e1ticas&#8221;, diz a organiza\u00e7\u00e3o, que chegou a acusar a J&amp;F de cometer crimes ambientais e ass\u00e9dio judicial.<\/p>\n\n\n\n<div class=\"wp-block-image\"><figure class=\"aligncenter size-large is-resized\"><img loading=\"lazy\" decoding=\"async\" src=\"https:\/\/jornalfatosenoticias.com.br\/wp-content\/uploads\/2023\/03\/nova-logo-Marquetti.jpg\" alt=\"\" class=\"wp-image-40207\" width=\"334\" height=\"224\" srcset=\"https:\/\/jornalfatosenoticias.com.br\/wp-content\/uploads\/2023\/03\/nova-logo-Marquetti.jpg 643w, https:\/\/jornalfatosenoticias.com.br\/wp-content\/uploads\/2023\/03\/nova-logo-Marquetti-300x202.jpg 300w\" sizes=\"auto, (max-width: 334px) 100vw, 334px\" \/><\/figure><\/div>\n\n\n\n<p>Em setembro, Toffoli desferiu um dos mais duros golpes na Opera\u00e7\u00e3o Lava Jato ao anular todas as provas entregues pela Odebrecht, danado a investigados amplo acesso \u00e0s mensagens da Opera\u00e7\u00e3o Spoofing. Ele ainda determinou investiga\u00e7\u00f5es sobre como foi firmado o acordo de leni\u00eancia da empreiteira.<\/p>\n\n\n\n<div class=\"wp-block-image\"><figure class=\"aligncenter size-large is-resized\"><img loading=\"lazy\" decoding=\"async\" src=\"https:\/\/jornalfatosenoticias.com.br\/wp-content\/uploads\/2023\/09\/vetorvix1024_1.jpg\" alt=\"\" class=\"wp-image-44868\" width=\"475\" height=\"126\" srcset=\"https:\/\/jornalfatosenoticias.com.br\/wp-content\/uploads\/2023\/09\/vetorvix1024_1.jpg 1024w, https:\/\/jornalfatosenoticias.com.br\/wp-content\/uploads\/2023\/09\/vetorvix1024_1-300x80.jpg 300w, https:\/\/jornalfatosenoticias.com.br\/wp-content\/uploads\/2023\/09\/vetorvix1024_1-768x205.jpg 768w\" sizes=\"auto, (max-width: 475px) 100vw, 475px\" \/><\/figure><\/div>\n\n\n\n<p><strong><span class=\"has-inline-color has-vivid-red-color\">Beto Richa tamb\u00e9m foi beneficiado por Toffoli<br><\/span><\/strong>Pouco antes, em outro caso, Toffolli havia determinado a nulidade absoluta de todos os atos praticados em processos contra o ex-governador do Paran\u00e1 Beto Richa (PSDB), atualmente deputado federal. A nulidade decretada por Toffoli atinge processos das opera\u00e7\u00f5es Lava Jato, R\u00e1dio Patrulha, Quadro Negro, Piloto e Integra\u00e7\u00e3o.<\/p>\n\n\n\n<div class=\"wp-block-image\"><figure class=\"aligncenter size-large is-resized\"><img loading=\"lazy\" decoding=\"async\" src=\"https:\/\/jornalfatosenoticias.com.br\/wp-content\/uploads\/2023\/08\/BKR-1024x1021.jpg\" alt=\"\" class=\"wp-image-44494\" width=\"318\" height=\"317\" srcset=\"https:\/\/jornalfatosenoticias.com.br\/wp-content\/uploads\/2023\/08\/BKR-1024x1021.jpg 1024w, https:\/\/jornalfatosenoticias.com.br\/wp-content\/uploads\/2023\/08\/BKR-300x300.jpg 300w, https:\/\/jornalfatosenoticias.com.br\/wp-content\/uploads\/2023\/08\/BKR-150x150.jpg 150w, https:\/\/jornalfatosenoticias.com.br\/wp-content\/uploads\/2023\/08\/BKR-768x766.jpg 768w, https:\/\/jornalfatosenoticias.com.br\/wp-content\/uploads\/2023\/08\/BKR.jpg 1080w\" sizes=\"auto, (max-width: 318px) 100vw, 318px\" \/><\/figure><\/div>\n\n\n\n<p>O ministro ainda determinou o trancamento de todas as persecu\u00e7\u00f5es penais abertas contra Richa que tenham como base algumas dessas opera\u00e7\u00f5es, al\u00e9m da nulidade das decis\u00f5es proferidas pelo ex-juiz S\u00e9rgio Moro, que hoje \u00e9 senador pela Uni\u00e3o Brasil-PR.<\/p>\n\n\n\n<div class=\"wp-block-image\"><figure class=\"aligncenter size-large is-resized\"><img loading=\"lazy\" decoding=\"async\" src=\"https:\/\/jornalfatosenoticias.com.br\/wp-content\/uploads\/2023\/08\/LOGO-BLU-COMERCIAL-PRETO-1024x600.jpg\" alt=\"\" class=\"wp-image-44053\" width=\"392\" height=\"229\"\/><\/figure><\/div>\n\n\n\n<p>O atual deputado chegou a ser preso em setembro de 2018, quando foi alvo da Opera\u00e7\u00e3o R\u00e1dio Patrulha, que investigou o desvio de dinheiro por meio de licita\u00e7\u00f5es no programa \u201cPatrulha do Campo\u201d, para recupera\u00e7\u00e3o de estradas rurais do estado. Ele foi acusado pelo Minist\u00e9rio P\u00fablico Estadual de chefiar organiza\u00e7\u00e3o criminosa em uma fraude \u00e0 licita\u00e7\u00e3o de R$ 72,2 milh\u00f5es.<\/p>\n\n\n\n<div class=\"wp-block-image\"><figure class=\"aligncenter size-large is-resized\"><img loading=\"lazy\" decoding=\"async\" src=\"https:\/\/jornalfatosenoticias.com.br\/wp-content\/uploads\/2020\/02\/CONTROL-CS.jpg\" alt=\"\" class=\"wp-image-44991\" width=\"354\" height=\"424\" srcset=\"https:\/\/jornalfatosenoticias.com.br\/wp-content\/uploads\/2020\/02\/CONTROL-CS.jpg 834w, https:\/\/jornalfatosenoticias.com.br\/wp-content\/uploads\/2020\/02\/CONTROL-CS-250x300.jpg 250w, https:\/\/jornalfatosenoticias.com.br\/wp-content\/uploads\/2020\/02\/CONTROL-CS-768x921.jpg 768w\" sizes=\"auto, (max-width: 354px) 100vw, 354px\" \/><\/figure><\/div>\n\n\n\n<p>A decis\u00e3o de Toffoli atende a um pedido de Beto Richa, o qual foi formulado como desdobramento da determina\u00e7\u00e3o de Toffoli de invalidar todas as provas oriundas dos acordos de leni\u00eancia da Odebrecht. A defesa do deputado alegou ao STF que a medida seria necess\u00e1ria diante do &#8220;verdadeiro conluio havido entre acusa\u00e7\u00e3o e \u00f3rg\u00e3o judicial contra o requerente&#8221;. A cita\u00e7\u00e3o \u00e9 referente \u00e0s mensagens trocadas entre procuradores integrantes da Opera\u00e7\u00e3o Lava Jato, que foram obtidas pelo hacker Walter Delgatti e inclu\u00eddas em processos judiciais ap\u00f3s a apreens\u00e3o do material na Opera\u00e7\u00e3o Spoofing.<\/p>\n\n\n\n<div class=\"wp-block-image\"><figure class=\"aligncenter size-large is-resized\"><img loading=\"lazy\" decoding=\"async\" src=\"https:\/\/jornalfatosenoticias.com.br\/wp-content\/uploads\/2023\/07\/lacremoda.jpg\" alt=\"\" class=\"wp-image-43706\" width=\"367\" height=\"205\" srcset=\"https:\/\/jornalfatosenoticias.com.br\/wp-content\/uploads\/2023\/07\/lacremoda.jpg 1024w, https:\/\/jornalfatosenoticias.com.br\/wp-content\/uploads\/2023\/07\/lacremoda-300x168.jpg 300w, https:\/\/jornalfatosenoticias.com.br\/wp-content\/uploads\/2023\/07\/lacremoda-768x431.jpg 768w\" sizes=\"auto, (max-width: 367px) 100vw, 367px\" \/><\/figure><\/div>\n\n\n\n<p>Ex-procurador da Lava Jato, Deltan Dallagnol refutou a vers\u00e3o da defesa de Beto Richa e as conclus\u00f5es do ministro. Em texto escrito para a Gazeta do Povo, ele elencou o que considera serem erros na decis\u00e3o de Toffoli, como por exemplo, o fato de o magistrado ter anulado opera\u00e7\u00f5es estaduais que n\u00e3o envolveram atua\u00e7\u00e3o de agentes federais da Lava Jato. &#8220;Se o fundamento da anula\u00e7\u00e3o era suposto conluio entre agentes federais, como \u00e9 que Toffoli anula opera\u00e7\u00f5es no \u00e2mbito estadual? N\u00e3o faz nenhum sentido&#8221;, afirmou.<\/p>\n\n\n\n<div class=\"wp-block-image\"><figure class=\"aligncenter size-large is-resized\"><img loading=\"lazy\" decoding=\"async\" src=\"https:\/\/jornalfatosenoticias.com.br\/wp-content\/uploads\/2023\/08\/Steel.jpeg\" alt=\"\" class=\"wp-image-44634\" width=\"367\" height=\"298\" srcset=\"https:\/\/jornalfatosenoticias.com.br\/wp-content\/uploads\/2023\/08\/Steel.jpeg 800w, https:\/\/jornalfatosenoticias.com.br\/wp-content\/uploads\/2023\/08\/Steel-300x244.jpeg 300w, https:\/\/jornalfatosenoticias.com.br\/wp-content\/uploads\/2023\/08\/Steel-768x624.jpeg 768w\" sizes=\"auto, (max-width: 367px) 100vw, 367px\" \/><\/figure><\/div>\n\n\n\n<p>Beto Richa comemorou a decis\u00e3o e disse que &#8220;n\u00e3o existia sequer meia prova&#8221; contra ele. &#8220;Fui, na verdade, v\u00edtima de uma a\u00e7\u00e3o criminosa da Lava Jato. Me tornei alvo de um grupo que se utilizou da manipula\u00e7\u00e3o processual para criminalizar a pol\u00edtica. Um grupo que, na verdade, n\u00e3o buscava combater a corrup\u00e7\u00e3o, e sim conquistar o poder eliminando aqueles que escolhiam como advers\u00e1rios a serem abatidos&#8221;. O pol\u00edtico disse tamb\u00e9m que as investiga\u00e7\u00f5es o &#8220;submeteram a um linchamento moral, execra\u00e7\u00e3o e humilha\u00e7\u00e3o p\u00fablica&#8221;.<\/p>\n\n\n\n<div class=\"wp-block-image\"><figure class=\"aligncenter size-large is-resized\"><img loading=\"lazy\" decoding=\"async\" src=\"https:\/\/jornalfatosenoticias.com.br\/wp-content\/uploads\/2023\/11\/cromotec.jpg\" alt=\"\" class=\"wp-image-46804\" width=\"325\" height=\"194\" srcset=\"https:\/\/jornalfatosenoticias.com.br\/wp-content\/uploads\/2023\/11\/cromotec.jpg 453w, https:\/\/jornalfatosenoticias.com.br\/wp-content\/uploads\/2023\/11\/cromotec-300x179.jpg 300w\" sizes=\"auto, (max-width: 325px) 100vw, 325px\" \/><\/figure><\/div>\n\n\n\n<p><strong><span class=\"has-inline-color has-vivid-red-color\">Toffoli reabilitou decis\u00f5es de Appio<br><\/span><\/strong>Em outra decis\u00e3o que beneficiou mais um acusado de corrup\u00e7\u00e3o, na ter\u00e7a-feira (19), Dias Toffoli reabilitou todos os atos do juiz federal Eduardo Appio \u00e0 frente dos processos da Opera\u00e7\u00e3o Lava Jato na 13\u00aa Vara de Curitiba, os quais tinham sido suspensos, ap\u00f3s um pedido da defesa do empres\u00e1rio Raul Schmidt Felippe Junior.<\/p>\n\n\n\n<div class=\"wp-block-image\"><figure class=\"aligncenter size-large is-resized\"><img loading=\"lazy\" decoding=\"async\" src=\"https:\/\/jornalfatosenoticias.com.br\/wp-content\/uploads\/2022\/02\/Precisao-Contabilidade-1024x724.jpg\" alt=\"\" class=\"wp-image-28088\" width=\"338\" height=\"239\"\/><\/figure><\/div>\n\n\n\n<p>Em setembro, a 8\u00aa turma do TRF4 pediu pela suspei\u00e7\u00e3o de Appio nos casos envolvendo a Opera\u00e7\u00e3o Lava Jato e determinou a nulidade de todas as decis\u00f5es do magistrado por conduta que demonstra \u201cparcialidade do ju\u00edzo excepto em rela\u00e7\u00e3o a toda opera\u00e7\u00e3o\u201d. Na \u00e9poca, os desembargadores do tribunal regional citaram a fama de Appio como cr\u00edtico da Lava Jato e o apoio dele a Lula nas elei\u00e7\u00f5es do ano passado. Entre 2021 e in\u00edcio de 2023, enquanto integrava a 2\u00aa Turma Recursal, Appio assinava como &#8220;LUL22&#8221; em processos remetidos \u00e0 \u00e9poca, em refer\u00eancia ao petista.<\/p>\n\n\n\n<div class=\"wp-block-image\"><figure class=\"aligncenter size-large is-resized\"><img loading=\"lazy\" decoding=\"async\" src=\"https:\/\/jornalfatosenoticias.com.br\/wp-content\/uploads\/2022\/10\/RC_800x750_page-0001.jpg\" alt=\"\" class=\"wp-image-35338\" width=\"317\" height=\"297\" srcset=\"https:\/\/jornalfatosenoticias.com.br\/wp-content\/uploads\/2022\/10\/RC_800x750_page-0001.jpg 400w, https:\/\/jornalfatosenoticias.com.br\/wp-content\/uploads\/2022\/10\/RC_800x750_page-0001-300x281.jpg 300w\" sizes=\"auto, (max-width: 317px) 100vw, 317px\" \/><\/figure><\/div>\n\n\n\n<p>Schmidt foi denunciado pelo MPF sob acusa\u00e7\u00e3o de intermediar o pagamento de vantagens indevidas a funcion\u00e1rios da Petrobras para tentar favorecer a contrata\u00e7\u00e3o de uma empresa que prestaria o servi\u00e7o de afretamento do navio-sonda Titanium Explorer. A defesa do empres\u00e1rio alegou que a den\u00fancia estava baseada em dados banc\u00e1rios obtidos pelo MPF sem autoriza\u00e7\u00e3o judicial, decis\u00e3o reconhecida por Appio em mar\u00e7o de 2023.<\/p>\n\n\n\n<div class=\"wp-block-image\"><figure class=\"aligncenter size-large is-resized\"><img loading=\"lazy\" decoding=\"async\" src=\"https:\/\/jornalfatosenoticias.com.br\/wp-content\/uploads\/2023\/03\/logo-Panper_portal.jpg\" alt=\"\" class=\"wp-image-40208\" width=\"344\" height=\"238\" srcset=\"https:\/\/jornalfatosenoticias.com.br\/wp-content\/uploads\/2023\/03\/logo-Panper_portal.jpg 400w, https:\/\/jornalfatosenoticias.com.br\/wp-content\/uploads\/2023\/03\/logo-Panper_portal-300x208.jpg 300w\" sizes=\"auto, (max-width: 344px) 100vw, 344px\" \/><\/figure><\/div>\n\n\n\n<p><strong><span class=\"has-inline-color has-vivid-red-color\">Esposa de Toffoli advoga para J&amp;F<br><\/span><\/strong>Um dos pontos que chamou mais aten\u00e7\u00e3o nas recentes decis\u00f5es do ministro foi o fato de que a esposa de Toffoli, a advogada Roberta Rangel, presta assessoria jur\u00eddica para a J&amp;F em outro caso \u2014 no lit\u00edgio contra a empresa estrangeira Paper Excellence no processo de compra da Eldorado Brasil Celulose.<\/p>\n\n\n\n<div class=\"wp-block-image\"><figure class=\"aligncenter size-large is-resized\"><img loading=\"lazy\" decoding=\"async\" src=\"https:\/\/jornalfatosenoticias.com.br\/wp-content\/uploads\/2020\/02\/logo-Rapuzel-1024x571.jpg\" alt=\"\" class=\"wp-image-42808\" width=\"406\" height=\"226\" srcset=\"https:\/\/jornalfatosenoticias.com.br\/wp-content\/uploads\/2020\/02\/logo-Rapuzel-1024x571.jpg 1024w, https:\/\/jornalfatosenoticias.com.br\/wp-content\/uploads\/2020\/02\/logo-Rapuzel-300x167.jpg 300w, https:\/\/jornalfatosenoticias.com.br\/wp-content\/uploads\/2020\/02\/logo-Rapuzel-768x428.jpg 768w, https:\/\/jornalfatosenoticias.com.br\/wp-content\/uploads\/2020\/02\/logo-Rapuzel-1536x856.jpg 1536w, https:\/\/jornalfatosenoticias.com.br\/wp-content\/uploads\/2020\/02\/logo-Rapuzel.jpg 1600w\" sizes=\"auto, (max-width: 406px) 100vw, 406px\" \/><\/figure><\/div>\n\n\n\n<p>De acordo com o C\u00f3digo de Processo Civil, ju\u00edzes n\u00e3o poderiam julgar causas em que escrit\u00f3rios de parentes estivessem envolvidos. No entanto, em agosto deste ano, STF decidiu que alterar a regra ap\u00f3s a\u00e7\u00e3o movida pela Associa\u00e7\u00e3o dos Magistrados Brasileiros (AMB). A entidade de classe alegou que os ju\u00edzes precisariam exigir dos parentes uma lista di\u00e1ria da rela\u00e7\u00e3o de seus clientes e poderiam ser penalizados por &#8220;informa\u00e7\u00f5es que est\u00e3o com terceiros&#8221;.<\/p>\n\n\n\n<div class=\"wp-block-image\"><figure class=\"aligncenter size-large\"><img decoding=\"async\" src=\"https:\/\/jornalfatosenoticias.com.br\/wp-content\/uploads\/2020\/02\/barao-das-carnes-300x164-1.jpg\" alt=\"\" class=\"wp-image-34339\"\/><\/figure><\/div>\n\n\n\n<p>A decis\u00e3o beneficiou os pr\u00f3prios ministros do STF. Al\u00e9m de Toffoli, Gilmar Mendes, Cristiano Zanin e Alexandre de Moraes s\u00e3o casados com advogadas. J\u00e1 os ministros Lu\u00eds Roberto Barroso, Luiz Fux e Edson Fachin s\u00e3o pais de advogados. Apesar da mudan\u00e7a, nos casos em que o pr\u00f3prio parente atua na a\u00e7\u00e3o, o juiz continuaria impedido.<\/p>\n\n\n\n<div class=\"wp-block-image\"><figure class=\"aligncenter size-large\"><img decoding=\"async\" src=\"https:\/\/jornalfatosenoticias.com.br\/wp-content\/uploads\/2020\/02\/logo_esteio.jpg\" alt=\"\" class=\"wp-image-1214\"\/><\/figure><\/div>\n\n\n\n<p>Relator do processo, o ministro Edson Fachin votou contra o pedido da AMB, mas foi voto vencido. Fachin afirmou que n\u00e3o h\u00e1 \u201cnada na norma\u201d questionada que a torne \u201cimpratic\u00e1vel\u201d e que \u00e9 \u201cjusta e razo\u00e1vel\u201d a presun\u00e7\u00e3o de \u201cganho nas causas em que o cliente do escrit\u00f3rio de advocacia de parente do magistrado atue\u201d. Fachin foi acompanhado pela presidente do STF, Rosa Weber, e pelos ministros Lu\u00eds Roberto Barroso e C\u00e1rmen L\u00facia.<\/p>\n\n\n\n<div class=\"wp-block-image\"><figure class=\"aligncenter size-large\"><img loading=\"lazy\" decoding=\"async\" width=\"300\" height=\"250\" src=\"https:\/\/jornalfatosenoticias.com.br\/wp-content\/uploads\/2022\/02\/FERRARI_MAQUINAS-E-FERRAMENTAS2.jpg\" alt=\"\" class=\"wp-image-27860\"\/><\/figure><\/div>\n\n\n\n<p><strong><span class=\"has-inline-color has-vivid-red-color\">Mesmo com recesso, Toffoli vai atuar em a\u00e7\u00e3o sobre conversas na Lava Jato<br><\/span><\/strong>Ainda nesta quarta-feira, in\u00edcio do recesso do Judici\u00e1rio, Toffoli informou ao Supremo que durante o recesso da Corte continuar\u00e1 respons\u00e1vel pelo processo sobre as conversas de procuradores da Lava Jato acessadas por hackers. At\u00e9 6 de janeiro n\u00e3o haver\u00e1 expediente. Os ministros Alexandre de Moraes, Gilmar Mendes e Andr\u00e9 Mendon\u00e7a se revezar\u00e3o em plant\u00e3o, atuando no acervo e no recebimento de novas demandas e requerimentos. Eles tamb\u00e9m poder\u00e3o agir no cumprimento de medidas judiciais urgentes.<\/p>\n\n\n\n<div class=\"wp-block-image\"><figure class=\"aligncenter size-large is-resized\"><img loading=\"lazy\" decoding=\"async\" src=\"https:\/\/jornalfatosenoticias.com.br\/wp-content\/uploads\/2023\/12\/pegoretti-logo-pdf-1024x389.jpg\" alt=\"\" class=\"wp-image-47536\" width=\"456\" height=\"173\" srcset=\"https:\/\/jornalfatosenoticias.com.br\/wp-content\/uploads\/2023\/12\/pegoretti-logo-pdf-1024x389.jpg 1024w, https:\/\/jornalfatosenoticias.com.br\/wp-content\/uploads\/2023\/12\/pegoretti-logo-pdf-300x114.jpg 300w, https:\/\/jornalfatosenoticias.com.br\/wp-content\/uploads\/2023\/12\/pegoretti-logo-pdf-768x291.jpg 768w, https:\/\/jornalfatosenoticias.com.br\/wp-content\/uploads\/2023\/12\/pegoretti-logo-pdf.jpg 1120w\" sizes=\"auto, (max-width: 456px) 100vw, 456px\" \/><\/figure><\/div>\n\n\n\n<p>Apesar do revezamento, Toffoli pediu para permanecer na ativa para julgar a\u00e7\u00e3o da defesa de Lula contra a Lava Jato. O pedido foi espec\u00edfico para o caso da Spoofing. Com isso, eventuais decis\u00f5es e despachos urgentes sobre o caso continuar\u00e3o sob responsabilidade do pr\u00f3prio ministro at\u00e9 fevereiro, quando o Judici\u00e1rio volta \u00e0s atividades.<br>Normalmente, durante o plant\u00e3o, decis\u00f5es urgentes ficam a cargo do presidente da corte, que atualmente \u00e9 o ministro Lu\u00eds Roberto Barroso, e do vice, Edson Fachin. Mas ministros podem querer continuar trabalhando em seus acervos.<\/p>\n\n\n\n<div class=\"wp-block-image\"><figure class=\"aligncenter size-large\"><img loading=\"lazy\" decoding=\"async\" width=\"729\" height=\"90\" src=\"https:\/\/jornalfatosenoticias.com.br\/wp-content\/uploads\/2020\/02\/Logo_Mizu.png\" alt=\"\" class=\"wp-image-1441\" srcset=\"https:\/\/jornalfatosenoticias.com.br\/wp-content\/uploads\/2020\/02\/Logo_Mizu.png 729w, https:\/\/jornalfatosenoticias.com.br\/wp-content\/uploads\/2020\/02\/Logo_Mizu-300x37.png 300w\" sizes=\"auto, (max-width: 729px) 100vw, 729px\" \/><\/figure><\/div>\n\n\n\n<p><strong><em>Fonte: <a href=\"https:\/\/www.gazetadopovo.com.br\/republica\/decisoes-de-toffoli-beneficiam-acusados-de-corrupcao-na-lava-jato\/\">Gazeta do Povo<\/a><\/em><\/strong><\/p>\n","protected":false},"excerpt":{"rendered":"<p>Multa da J&amp;F havia sido imposta em acordo de leni\u00eancia com o Minist\u00e9rio P\u00fablico Federal e agora est\u00e1 suspensa Por Vin\u00edcius Sales Ao suspender o acordo de leni\u00eancia entre o grupo J&amp;F e o Minist\u00e9rio P\u00fablico Federal (MPF), o ministro Dias Toffoli, do Supremo Tribunal Federal (STF), fechou uma trinca de decis\u00f5es que beneficiam acusados [&hellip;]<\/p>\n","protected":false},"author":2,"featured_media":48002,"comment_status":"open","ping_status":"open","sticky":false,"template":"","format":"standard","meta":{"footnotes":""},"categories":[5],"tags":[22413,2129,296,18749,17895,4847,7580,4573,18957,22414,1460,308,238,294],"class_list":["post-48001","post","type-post","status-publish","format-standard","has-post-thumbnail","hentry","category-geral","tag-beto-richa","tag-corrupcao","tag-dias-toffoli","tag-edson-fachin","tag-judiciario","tag-lava-jato","tag-lula","tag-ministerio-publico","tag-odebrecht","tag-operacao-spoofing","tag-parana","tag-petrobras","tag-sergio-moro","tag-stf"],"yoast_head":"<!-- This site is optimized with the Yoast SEO plugin v26.5 - https:\/\/yoast.com\/wordpress\/plugins\/seo\/ -->\n<title>Decis\u00f5es de Toffoli no apagar das luzes de 2023 beneficiam acusados de corrup\u00e7\u00e3o - Jornal Fatos e Not\u00edcias<\/title>\n<meta name=\"robots\" content=\"index, follow, max-snippet:-1, max-image-preview:large, max-video-preview:-1\" \/>\n<link rel=\"canonical\" href=\"https:\/\/jornalfatosenoticias.com.br\/index.php\/2023\/12\/22\/decisoes-de-toffoli-no-apagar-das-luzes-de-2023-beneficiam-acusados-de-corrupcao\/\" \/>\n<meta property=\"og:locale\" content=\"pt_BR\" \/>\n<meta property=\"og:type\" content=\"article\" \/>\n<meta property=\"og:title\" content=\"Decis\u00f5es de Toffoli no apagar das luzes de 2023 beneficiam acusados de corrup\u00e7\u00e3o - Jornal Fatos e Not\u00edcias\" \/>\n<meta property=\"og:description\" content=\"Multa da J&amp;F havia sido imposta em acordo de leni\u00eancia com o Minist\u00e9rio P\u00fablico Federal e agora est\u00e1 suspensa Por Vin\u00edcius Sales Ao suspender o acordo de leni\u00eancia entre o grupo J&amp;F e o Minist\u00e9rio P\u00fablico Federal (MPF), o ministro Dias Toffoli, do Supremo Tribunal Federal (STF), fechou uma trinca de decis\u00f5es que beneficiam acusados [&hellip;]\" \/>\n<meta property=\"og:url\" content=\"https:\/\/jornalfatosenoticias.com.br\/index.php\/2023\/12\/22\/decisoes-de-toffoli-no-apagar-das-luzes-de-2023-beneficiam-acusados-de-corrupcao\/\" \/>\n<meta property=\"og:site_name\" content=\"Jornal Fatos e Not\u00edcias\" \/>\n<meta property=\"article:published_time\" content=\"2023-12-22T17:32:52+00:00\" \/>\n<meta property=\"article:modified_time\" content=\"2023-12-22T17:32:58+00:00\" \/>\n<meta property=\"og:image\" content=\"https:\/\/jornalfatosenoticias.com.br\/wp-content\/uploads\/2023\/12\/dias-toffoli-foto-nelson-jr-stf.jpg\" \/>\n\t<meta property=\"og:image:width\" content=\"960\" \/>\n\t<meta property=\"og:image:height\" content=\"540\" \/>\n\t<meta property=\"og:image:type\" content=\"image\/jpeg\" \/>\n<meta name=\"author\" content=\"Luzimara Fernandes\" \/>\n<meta name=\"twitter:card\" content=\"summary_large_image\" \/>\n<meta name=\"twitter:label1\" content=\"Escrito por\" \/>\n\t<meta name=\"twitter:data1\" content=\"Luzimara Fernandes\" \/>\n\t<meta name=\"twitter:label2\" content=\"Est. tempo de leitura\" \/>\n\t<meta name=\"twitter:data2\" content=\"8 minutos\" \/>\n<script type=\"application\/ld+json\" class=\"yoast-schema-graph\">{\"@context\":\"https:\/\/schema.org\",\"@graph\":[{\"@type\":\"Article\",\"@id\":\"https:\/\/jornalfatosenoticias.com.br\/index.php\/2023\/12\/22\/decisoes-de-toffoli-no-apagar-das-luzes-de-2023-beneficiam-acusados-de-corrupcao\/#article\",\"isPartOf\":{\"@id\":\"https:\/\/jornalfatosenoticias.com.br\/index.php\/2023\/12\/22\/decisoes-de-toffoli-no-apagar-das-luzes-de-2023-beneficiam-acusados-de-corrupcao\/\"},\"author\":{\"name\":\"Luzimara Fernandes\",\"@id\":\"https:\/\/jornalfatosenoticias.com.br\/#\/schema\/person\/d63837fa13ac8666eb9e74e0985d6f81\"},\"headline\":\"Decis\u00f5es de Toffoli no apagar das luzes de 2023 beneficiam acusados de corrup\u00e7\u00e3o\",\"datePublished\":\"2023-12-22T17:32:52+00:00\",\"dateModified\":\"2023-12-22T17:32:58+00:00\",\"mainEntityOfPage\":{\"@id\":\"https:\/\/jornalfatosenoticias.com.br\/index.php\/2023\/12\/22\/decisoes-de-toffoli-no-apagar-das-luzes-de-2023-beneficiam-acusados-de-corrupcao\/\"},\"wordCount\":1565,\"commentCount\":0,\"publisher\":{\"@id\":\"https:\/\/jornalfatosenoticias.com.br\/#organization\"},\"image\":{\"@id\":\"https:\/\/jornalfatosenoticias.com.br\/index.php\/2023\/12\/22\/decisoes-de-toffoli-no-apagar-das-luzes-de-2023-beneficiam-acusados-de-corrupcao\/#primaryimage\"},\"thumbnailUrl\":\"https:\/\/jornalfatosenoticias.com.br\/wp-content\/uploads\/2023\/12\/dias-toffoli-foto-nelson-jr-stf.jpg\",\"keywords\":[\"Beto Richa\",\"corrup\u00e7\u00e3o\",\"Dias Toffoli\",\"Edson Fachin\",\"Judici\u00e1rio\",\"Lava Jato\",\"Lula\",\"Minist\u00e9rio P\u00fablico\",\"Odebrecht\",\"Opera\u00e7\u00e3o Spoofing\",\"Paran\u00e1\",\"Petrobras\",\"S\u00e9rgio Moro\",\"STF\"],\"articleSection\":[\"Geral\"],\"inLanguage\":\"pt-BR\",\"potentialAction\":[{\"@type\":\"CommentAction\",\"name\":\"Comment\",\"target\":[\"https:\/\/jornalfatosenoticias.com.br\/index.php\/2023\/12\/22\/decisoes-de-toffoli-no-apagar-das-luzes-de-2023-beneficiam-acusados-de-corrupcao\/#respond\"]}]},{\"@type\":\"WebPage\",\"@id\":\"https:\/\/jornalfatosenoticias.com.br\/index.php\/2023\/12\/22\/decisoes-de-toffoli-no-apagar-das-luzes-de-2023-beneficiam-acusados-de-corrupcao\/\",\"url\":\"https:\/\/jornalfatosenoticias.com.br\/index.php\/2023\/12\/22\/decisoes-de-toffoli-no-apagar-das-luzes-de-2023-beneficiam-acusados-de-corrupcao\/\",\"name\":\"Decis\u00f5es de Toffoli no apagar das luzes de 2023 beneficiam acusados de corrup\u00e7\u00e3o - Jornal Fatos e Not\u00edcias\",\"isPartOf\":{\"@id\":\"https:\/\/jornalfatosenoticias.com.br\/#website\"},\"primaryImageOfPage\":{\"@id\":\"https:\/\/jornalfatosenoticias.com.br\/index.php\/2023\/12\/22\/decisoes-de-toffoli-no-apagar-das-luzes-de-2023-beneficiam-acusados-de-corrupcao\/#primaryimage\"},\"image\":{\"@id\":\"https:\/\/jornalfatosenoticias.com.br\/index.php\/2023\/12\/22\/decisoes-de-toffoli-no-apagar-das-luzes-de-2023-beneficiam-acusados-de-corrupcao\/#primaryimage\"},\"thumbnailUrl\":\"https:\/\/jornalfatosenoticias.com.br\/wp-content\/uploads\/2023\/12\/dias-toffoli-foto-nelson-jr-stf.jpg\",\"datePublished\":\"2023-12-22T17:32:52+00:00\",\"dateModified\":\"2023-12-22T17:32:58+00:00\",\"breadcrumb\":{\"@id\":\"https:\/\/jornalfatosenoticias.com.br\/index.php\/2023\/12\/22\/decisoes-de-toffoli-no-apagar-das-luzes-de-2023-beneficiam-acusados-de-corrupcao\/#breadcrumb\"},\"inLanguage\":\"pt-BR\",\"potentialAction\":[{\"@type\":\"ReadAction\",\"target\":[\"https:\/\/jornalfatosenoticias.com.br\/index.php\/2023\/12\/22\/decisoes-de-toffoli-no-apagar-das-luzes-de-2023-beneficiam-acusados-de-corrupcao\/\"]}]},{\"@type\":\"ImageObject\",\"inLanguage\":\"pt-BR\",\"@id\":\"https:\/\/jornalfatosenoticias.com.br\/index.php\/2023\/12\/22\/decisoes-de-toffoli-no-apagar-das-luzes-de-2023-beneficiam-acusados-de-corrupcao\/#primaryimage\",\"url\":\"https:\/\/jornalfatosenoticias.com.br\/wp-content\/uploads\/2023\/12\/dias-toffoli-foto-nelson-jr-stf.jpg\",\"contentUrl\":\"https:\/\/jornalfatosenoticias.com.br\/wp-content\/uploads\/2023\/12\/dias-toffoli-foto-nelson-jr-stf.jpg\",\"width\":960,\"height\":540},{\"@type\":\"BreadcrumbList\",\"@id\":\"https:\/\/jornalfatosenoticias.com.br\/index.php\/2023\/12\/22\/decisoes-de-toffoli-no-apagar-das-luzes-de-2023-beneficiam-acusados-de-corrupcao\/#breadcrumb\",\"itemListElement\":[{\"@type\":\"ListItem\",\"position\":1,\"name\":\"In\u00edcio\",\"item\":\"https:\/\/jornalfatosenoticias.com.br\/\"},{\"@type\":\"ListItem\",\"position\":2,\"name\":\"Decis\u00f5es de Toffoli no apagar das luzes de 2023 beneficiam acusados de corrup\u00e7\u00e3o\"}]},{\"@type\":\"WebSite\",\"@id\":\"https:\/\/jornalfatosenoticias.com.br\/#website\",\"url\":\"https:\/\/jornalfatosenoticias.com.br\/\",\"name\":\"Jornal Fatos e Not\u00edcias\",\"description\":\"Not\u00edcias em geral\",\"publisher\":{\"@id\":\"https:\/\/jornalfatosenoticias.com.br\/#organization\"},\"potentialAction\":[{\"@type\":\"SearchAction\",\"target\":{\"@type\":\"EntryPoint\",\"urlTemplate\":\"https:\/\/jornalfatosenoticias.com.br\/?s={search_term_string}\"},\"query-input\":{\"@type\":\"PropertyValueSpecification\",\"valueRequired\":true,\"valueName\":\"search_term_string\"}}],\"inLanguage\":\"pt-BR\"},{\"@type\":\"Organization\",\"@id\":\"https:\/\/jornalfatosenoticias.com.br\/#organization\",\"name\":\"Jornal Fatos e Not\u00edcias\",\"url\":\"https:\/\/jornalfatosenoticias.com.br\/\",\"logo\":{\"@type\":\"ImageObject\",\"inLanguage\":\"pt-BR\",\"@id\":\"https:\/\/jornalfatosenoticias.com.br\/#\/schema\/logo\/image\/\",\"url\":\"https:\/\/jornalfatosenoticias.com.br\/wp-content\/uploads\/2020\/02\/logo120.png\",\"contentUrl\":\"https:\/\/jornalfatosenoticias.com.br\/wp-content\/uploads\/2020\/02\/logo120.png\",\"width\":1227,\"height\":120,\"caption\":\"Jornal Fatos e Not\u00edcias\"},\"image\":{\"@id\":\"https:\/\/jornalfatosenoticias.com.br\/#\/schema\/logo\/image\/\"}},{\"@type\":\"Person\",\"@id\":\"https:\/\/jornalfatosenoticias.com.br\/#\/schema\/person\/d63837fa13ac8666eb9e74e0985d6f81\",\"name\":\"Luzimara Fernandes\",\"image\":{\"@type\":\"ImageObject\",\"inLanguage\":\"pt-BR\",\"@id\":\"https:\/\/jornalfatosenoticias.com.br\/#\/schema\/person\/image\/\",\"url\":\"https:\/\/jornalfatosenoticias.com.br\/wp-content\/uploads\/2025\/05\/EU_portal.jpg\",\"contentUrl\":\"https:\/\/jornalfatosenoticias.com.br\/wp-content\/uploads\/2025\/05\/EU_portal.jpg\",\"caption\":\"Luzimara Fernandes\"},\"description\":\"Jornalista MTB 2358-ES\",\"sameAs\":[\"https:\/\/jornalfatosenoticias.com.br\"],\"url\":\"https:\/\/jornalfatosenoticias.com.br\/index.php\/author\/luzimara\/\"}]}<\/script>\n<!-- \/ Yoast SEO plugin. -->","yoast_head_json":{"title":"Decis\u00f5es de Toffoli no apagar das luzes de 2023 beneficiam acusados de corrup\u00e7\u00e3o - Jornal Fatos e Not\u00edcias","robots":{"index":"index","follow":"follow","max-snippet":"max-snippet:-1","max-image-preview":"max-image-preview:large","max-video-preview":"max-video-preview:-1"},"canonical":"https:\/\/jornalfatosenoticias.com.br\/index.php\/2023\/12\/22\/decisoes-de-toffoli-no-apagar-das-luzes-de-2023-beneficiam-acusados-de-corrupcao\/","og_locale":"pt_BR","og_type":"article","og_title":"Decis\u00f5es de Toffoli no apagar das luzes de 2023 beneficiam acusados de corrup\u00e7\u00e3o - Jornal Fatos e Not\u00edcias","og_description":"Multa da J&amp;F havia sido imposta em acordo de leni\u00eancia com o Minist\u00e9rio P\u00fablico Federal e agora est\u00e1 suspensa Por Vin\u00edcius Sales Ao suspender o acordo de leni\u00eancia entre o grupo J&amp;F e o Minist\u00e9rio P\u00fablico Federal (MPF), o ministro Dias Toffoli, do Supremo Tribunal Federal (STF), fechou uma trinca de decis\u00f5es que beneficiam acusados [&hellip;]","og_url":"https:\/\/jornalfatosenoticias.com.br\/index.php\/2023\/12\/22\/decisoes-de-toffoli-no-apagar-das-luzes-de-2023-beneficiam-acusados-de-corrupcao\/","og_site_name":"Jornal Fatos e Not\u00edcias","article_published_time":"2023-12-22T17:32:52+00:00","article_modified_time":"2023-12-22T17:32:58+00:00","og_image":[{"width":960,"height":540,"url":"https:\/\/jornalfatosenoticias.com.br\/wp-content\/uploads\/2023\/12\/dias-toffoli-foto-nelson-jr-stf.jpg","type":"image\/jpeg"}],"author":"Luzimara Fernandes","twitter_card":"summary_large_image","twitter_misc":{"Escrito por":"Luzimara Fernandes","Est. tempo de leitura":"8 minutos"},"schema":{"@context":"https:\/\/schema.org","@graph":[{"@type":"Article","@id":"https:\/\/jornalfatosenoticias.com.br\/index.php\/2023\/12\/22\/decisoes-de-toffoli-no-apagar-das-luzes-de-2023-beneficiam-acusados-de-corrupcao\/#article","isPartOf":{"@id":"https:\/\/jornalfatosenoticias.com.br\/index.php\/2023\/12\/22\/decisoes-de-toffoli-no-apagar-das-luzes-de-2023-beneficiam-acusados-de-corrupcao\/"},"author":{"name":"Luzimara Fernandes","@id":"https:\/\/jornalfatosenoticias.com.br\/#\/schema\/person\/d63837fa13ac8666eb9e74e0985d6f81"},"headline":"Decis\u00f5es de Toffoli no apagar das luzes de 2023 beneficiam acusados de corrup\u00e7\u00e3o","datePublished":"2023-12-22T17:32:52+00:00","dateModified":"2023-12-22T17:32:58+00:00","mainEntityOfPage":{"@id":"https:\/\/jornalfatosenoticias.com.br\/index.php\/2023\/12\/22\/decisoes-de-toffoli-no-apagar-das-luzes-de-2023-beneficiam-acusados-de-corrupcao\/"},"wordCount":1565,"commentCount":0,"publisher":{"@id":"https:\/\/jornalfatosenoticias.com.br\/#organization"},"image":{"@id":"https:\/\/jornalfatosenoticias.com.br\/index.php\/2023\/12\/22\/decisoes-de-toffoli-no-apagar-das-luzes-de-2023-beneficiam-acusados-de-corrupcao\/#primaryimage"},"thumbnailUrl":"https:\/\/jornalfatosenoticias.com.br\/wp-content\/uploads\/2023\/12\/dias-toffoli-foto-nelson-jr-stf.jpg","keywords":["Beto Richa","corrup\u00e7\u00e3o","Dias Toffoli","Edson Fachin","Judici\u00e1rio","Lava Jato","Lula","Minist\u00e9rio P\u00fablico","Odebrecht","Opera\u00e7\u00e3o Spoofing","Paran\u00e1","Petrobras","S\u00e9rgio Moro","STF"],"articleSection":["Geral"],"inLanguage":"pt-BR","potentialAction":[{"@type":"CommentAction","name":"Comment","target":["https:\/\/jornalfatosenoticias.com.br\/index.php\/2023\/12\/22\/decisoes-de-toffoli-no-apagar-das-luzes-de-2023-beneficiam-acusados-de-corrupcao\/#respond"]}]},{"@type":"WebPage","@id":"https:\/\/jornalfatosenoticias.com.br\/index.php\/2023\/12\/22\/decisoes-de-toffoli-no-apagar-das-luzes-de-2023-beneficiam-acusados-de-corrupcao\/","url":"https:\/\/jornalfatosenoticias.com.br\/index.php\/2023\/12\/22\/decisoes-de-toffoli-no-apagar-das-luzes-de-2023-beneficiam-acusados-de-corrupcao\/","name":"Decis\u00f5es de Toffoli no apagar das luzes de 2023 beneficiam acusados de corrup\u00e7\u00e3o - Jornal Fatos e Not\u00edcias","isPartOf":{"@id":"https:\/\/jornalfatosenoticias.com.br\/#website"},"primaryImageOfPage":{"@id":"https:\/\/jornalfatosenoticias.com.br\/index.php\/2023\/12\/22\/decisoes-de-toffoli-no-apagar-das-luzes-de-2023-beneficiam-acusados-de-corrupcao\/#primaryimage"},"image":{"@id":"https:\/\/jornalfatosenoticias.com.br\/index.php\/2023\/12\/22\/decisoes-de-toffoli-no-apagar-das-luzes-de-2023-beneficiam-acusados-de-corrupcao\/#primaryimage"},"thumbnailUrl":"https:\/\/jornalfatosenoticias.com.br\/wp-content\/uploads\/2023\/12\/dias-toffoli-foto-nelson-jr-stf.jpg","datePublished":"2023-12-22T17:32:52+00:00","dateModified":"2023-12-22T17:32:58+00:00","breadcrumb":{"@id":"https:\/\/jornalfatosenoticias.com.br\/index.php\/2023\/12\/22\/decisoes-de-toffoli-no-apagar-das-luzes-de-2023-beneficiam-acusados-de-corrupcao\/#breadcrumb"},"inLanguage":"pt-BR","potentialAction":[{"@type":"ReadAction","target":["https:\/\/jornalfatosenoticias.com.br\/index.php\/2023\/12\/22\/decisoes-de-toffoli-no-apagar-das-luzes-de-2023-beneficiam-acusados-de-corrupcao\/"]}]},{"@type":"ImageObject","inLanguage":"pt-BR","@id":"https:\/\/jornalfatosenoticias.com.br\/index.php\/2023\/12\/22\/decisoes-de-toffoli-no-apagar-das-luzes-de-2023-beneficiam-acusados-de-corrupcao\/#primaryimage","url":"https:\/\/jornalfatosenoticias.com.br\/wp-content\/uploads\/2023\/12\/dias-toffoli-foto-nelson-jr-stf.jpg","contentUrl":"https:\/\/jornalfatosenoticias.com.br\/wp-content\/uploads\/2023\/12\/dias-toffoli-foto-nelson-jr-stf.jpg","width":960,"height":540},{"@type":"BreadcrumbList","@id":"https:\/\/jornalfatosenoticias.com.br\/index.php\/2023\/12\/22\/decisoes-de-toffoli-no-apagar-das-luzes-de-2023-beneficiam-acusados-de-corrupcao\/#breadcrumb","itemListElement":[{"@type":"ListItem","position":1,"name":"In\u00edcio","item":"https:\/\/jornalfatosenoticias.com.br\/"},{"@type":"ListItem","position":2,"name":"Decis\u00f5es de Toffoli no apagar das luzes de 2023 beneficiam acusados de corrup\u00e7\u00e3o"}]},{"@type":"WebSite","@id":"https:\/\/jornalfatosenoticias.com.br\/#website","url":"https:\/\/jornalfatosenoticias.com.br\/","name":"Jornal Fatos e Not\u00edcias","description":"Not\u00edcias em geral","publisher":{"@id":"https:\/\/jornalfatosenoticias.com.br\/#organization"},"potentialAction":[{"@type":"SearchAction","target":{"@type":"EntryPoint","urlTemplate":"https:\/\/jornalfatosenoticias.com.br\/?s={search_term_string}"},"query-input":{"@type":"PropertyValueSpecification","valueRequired":true,"valueName":"search_term_string"}}],"inLanguage":"pt-BR"},{"@type":"Organization","@id":"https:\/\/jornalfatosenoticias.com.br\/#organization","name":"Jornal Fatos e Not\u00edcias","url":"https:\/\/jornalfatosenoticias.com.br\/","logo":{"@type":"ImageObject","inLanguage":"pt-BR","@id":"https:\/\/jornalfatosenoticias.com.br\/#\/schema\/logo\/image\/","url":"https:\/\/jornalfatosenoticias.com.br\/wp-content\/uploads\/2020\/02\/logo120.png","contentUrl":"https:\/\/jornalfatosenoticias.com.br\/wp-content\/uploads\/2020\/02\/logo120.png","width":1227,"height":120,"caption":"Jornal Fatos e Not\u00edcias"},"image":{"@id":"https:\/\/jornalfatosenoticias.com.br\/#\/schema\/logo\/image\/"}},{"@type":"Person","@id":"https:\/\/jornalfatosenoticias.com.br\/#\/schema\/person\/d63837fa13ac8666eb9e74e0985d6f81","name":"Luzimara Fernandes","image":{"@type":"ImageObject","inLanguage":"pt-BR","@id":"https:\/\/jornalfatosenoticias.com.br\/#\/schema\/person\/image\/","url":"https:\/\/jornalfatosenoticias.com.br\/wp-content\/uploads\/2025\/05\/EU_portal.jpg","contentUrl":"https:\/\/jornalfatosenoticias.com.br\/wp-content\/uploads\/2025\/05\/EU_portal.jpg","caption":"Luzimara Fernandes"},"description":"Jornalista MTB 2358-ES","sameAs":["https:\/\/jornalfatosenoticias.com.br"],"url":"https:\/\/jornalfatosenoticias.com.br\/index.php\/author\/luzimara\/"}]}},"cc_featured_image_caption":{"caption_text":"(Foto: Nelson Jr.\/STF) ","source_text":"","source_url":""},"jetpack_featured_media_url":"https:\/\/jornalfatosenoticias.com.br\/wp-content\/uploads\/2023\/12\/dias-toffoli-foto-nelson-jr-stf.jpg","_links":{"self":[{"href":"https:\/\/jornalfatosenoticias.com.br\/index.php\/wp-json\/wp\/v2\/posts\/48001","targetHints":{"allow":["GET"]}}],"collection":[{"href":"https:\/\/jornalfatosenoticias.com.br\/index.php\/wp-json\/wp\/v2\/posts"}],"about":[{"href":"https:\/\/jornalfatosenoticias.com.br\/index.php\/wp-json\/wp\/v2\/types\/post"}],"author":[{"embeddable":true,"href":"https:\/\/jornalfatosenoticias.com.br\/index.php\/wp-json\/wp\/v2\/users\/2"}],"replies":[{"embeddable":true,"href":"https:\/\/jornalfatosenoticias.com.br\/index.php\/wp-json\/wp\/v2\/comments?post=48001"}],"version-history":[{"count":0,"href":"https:\/\/jornalfatosenoticias.com.br\/index.php\/wp-json\/wp\/v2\/posts\/48001\/revisions"}],"wp:featuredmedia":[{"embeddable":true,"href":"https:\/\/jornalfatosenoticias.com.br\/index.php\/wp-json\/wp\/v2\/media\/48002"}],"wp:attachment":[{"href":"https:\/\/jornalfatosenoticias.com.br\/index.php\/wp-json\/wp\/v2\/media?parent=48001"}],"wp:term":[{"taxonomy":"category","embeddable":true,"href":"https:\/\/jornalfatosenoticias.com.br\/index.php\/wp-json\/wp\/v2\/categories?post=48001"},{"taxonomy":"post_tag","embeddable":true,"href":"https:\/\/jornalfatosenoticias.com.br\/index.php\/wp-json\/wp\/v2\/tags?post=48001"}],"curies":[{"name":"wp","href":"https:\/\/api.w.org\/{rel}","templated":true}]}}