{"id":48004,"date":"2023-12-22T14:39:14","date_gmt":"2023-12-22T17:39:14","guid":{"rendered":"https:\/\/jornalfatosenoticias.com.br\/?p=48004"},"modified":"2023-12-22T14:39:16","modified_gmt":"2023-12-22T17:39:16","slug":"lula-cria-mais-um-feriado-nacional-depois-de-reclamar-da-quantidade","status":"publish","type":"post","link":"https:\/\/jornalfatosenoticias.com.br\/index.php\/2023\/12\/22\/lula-cria-mais-um-feriado-nacional-depois-de-reclamar-da-quantidade\/","title":{"rendered":"Lula cria mais um feriado nacional, depois de reclamar da quantidade"},"content":{"rendered":"\n<p><em><span class=\"has-inline-color has-black-color\">Lula cria o 9\u00ba feriado nacional no ano<\/span><\/em><\/p>\n\n\n\n<p><span class=\"has-inline-color has-black-color\">Por <strong><a href=\"https:\/\/www.gazetadopovo.com.br\/autor\/ana-carolina-curvello\/\">Ana Carolina Curvello<\/a><\/strong><\/span><\/p>\n\n\n\n<div class=\"wp-block-image\"><figure class=\"aligncenter size-large\"><img loading=\"lazy\" decoding=\"async\" width=\"1024\" height=\"109\" src=\"https:\/\/jornalfatosenoticias.com.br\/wp-content\/uploads\/2020\/02\/Propaganda-RC-Radiadores-Jornal_page-0001-1024x109.jpg\" alt=\"\" class=\"wp-image-35278\" srcset=\"https:\/\/jornalfatosenoticias.com.br\/wp-content\/uploads\/2020\/02\/Propaganda-RC-Radiadores-Jornal_page-0001-1024x109.jpg 1024w, https:\/\/jornalfatosenoticias.com.br\/wp-content\/uploads\/2020\/02\/Propaganda-RC-Radiadores-Jornal_page-0001-300x32.jpg 300w, https:\/\/jornalfatosenoticias.com.br\/wp-content\/uploads\/2020\/02\/Propaganda-RC-Radiadores-Jornal_page-0001-768x82.jpg 768w, https:\/\/jornalfatosenoticias.com.br\/wp-content\/uploads\/2020\/02\/Propaganda-RC-Radiadores-Jornal_page-0001.jpg 1220w\" sizes=\"auto, (max-width: 1024px) 100vw, 1024px\" \/><\/figure><\/div>\n\n\n\n<p>Luiz In\u00e1cio Lula da Silva (PT) sancionou nesta quinta-feira (21) a projeto que cria o feriado nacional do dia da Consci\u00eancia Negra, celebrado no dia 20 de novembro. A lei foi publicada no Di\u00e1rio Oficial da Uni\u00e3o, nesta sexta-feira (22). Com a cria\u00e7\u00e3o do novo feriado, o m\u00eas de novembro passar\u00e1 a ter tr\u00eas feriados nacionais, e dependendo do ano, poder\u00e1 criar um superferiado de at\u00e9 seis dias junto da Proclama\u00e7\u00e3o da Rep\u00fablica, no dia 15 de novembro.<br>Recentemente, o presidente Lula (PT) culpou o grande n\u00famero de feriados em 2023 pelo mau desempenho do Produto Interno Bruto (PIB) e comemorou o fato de que em 2024 o Brasil ter\u00e1 poucos feriados e poder\u00e1 contar com mais dias trabalhados.<\/p>\n\n\n\n<div class=\"wp-block-image\"><figure class=\"aligncenter size-large is-resized\"><img loading=\"lazy\" decoding=\"async\" src=\"https:\/\/jornalfatosenoticias.com.br\/wp-content\/uploads\/2022\/02\/Precisao-Contabilidade-1024x724.jpg\" alt=\"\" class=\"wp-image-28088\" width=\"393\" height=\"278\"\/><\/figure><\/div>\n\n\n\n<p>\u201cNo ano que vem os feriados cair\u00e3o no s\u00e1bado, significa que o PIB vai crescer um pouco mais, porque as pessoas v\u00e3o ficar um pouco mais a servi\u00e7o do mundo do trabalho&#8221;, afirmou o petista durante reuni\u00e3o com ministros da \u00e1rea social do governo, em Bras\u00edlia, no in\u00edcio de novembro.<\/p>\n\n\n\n<div class=\"wp-block-image\"><figure class=\"aligncenter size-large is-resized\"><img loading=\"lazy\" decoding=\"async\" src=\"https:\/\/jornalfatosenoticias.com.br\/wp-content\/uploads\/2022\/10\/Arte-jornal-Zucchi-600x600_Prancheta-1-1024x1024.jpg\" alt=\"\" class=\"wp-image-34782\" width=\"299\" height=\"299\" srcset=\"https:\/\/jornalfatosenoticias.com.br\/wp-content\/uploads\/2022\/10\/Arte-jornal-Zucchi-600x600_Prancheta-1-1024x1024.jpg 1024w, https:\/\/jornalfatosenoticias.com.br\/wp-content\/uploads\/2022\/10\/Arte-jornal-Zucchi-600x600_Prancheta-1-300x300.jpg 300w, https:\/\/jornalfatosenoticias.com.br\/wp-content\/uploads\/2022\/10\/Arte-jornal-Zucchi-600x600_Prancheta-1-150x150.jpg 150w, https:\/\/jornalfatosenoticias.com.br\/wp-content\/uploads\/2022\/10\/Arte-jornal-Zucchi-600x600_Prancheta-1-768x768.jpg 768w, https:\/\/jornalfatosenoticias.com.br\/wp-content\/uploads\/2022\/10\/Arte-jornal-Zucchi-600x600_Prancheta-1.jpg 1250w\" sizes=\"auto, (max-width: 299px) 100vw, 299px\" \/><\/figure><\/div>\n\n\n\n<p>Tamb\u00e9m na contram\u00e3o da fala de Lula, o Minist\u00e9rio do Trabalho alterou, por meio de portaria, a regra para o expediente no setor de com\u00e9rcio nos feriados. A portaria determina que o trabalho durante os feriados no setor do com\u00e9rcio s\u00f3 ser\u00e1 permitido se autorizado em conven\u00e7\u00e3o coletiva da categoria.<\/p>\n\n\n\n<p><strong><em>Fonte: <a href=\"https:\/\/www.gazetadopovo.com.br\/republica\/lula-cria-mais-um-feriado-nacional-depois-de-reclamar-da-quantidade\/\">Gazeta do Povo<\/a><\/em><\/strong><\/p>\n","protected":false},"excerpt":{"rendered":"<p>Lula cria o 9\u00ba feriado nacional no ano Por Ana Carolina Curvello Luiz In\u00e1cio Lula da Silva (PT) sancionou nesta quinta-feira (21) a projeto que cria o feriado nacional do dia da Consci\u00eancia Negra, celebrado no dia 20 de novembro. A lei foi publicada no Di\u00e1rio Oficial da Uni\u00e3o, nesta sexta-feira (22). Com a cria\u00e7\u00e3o [&hellip;]<\/p>\n","protected":false},"author":2,"featured_media":48005,"comment_status":"open","ping_status":"open","sticky":false,"template":"","format":"standard","meta":{"footnotes":""},"categories":[10],"tags":[1412,12092,6679,22415,7580,825,22416,245],"class_list":["post-48004","post","type-post","status-publish","format-standard","has-post-thumbnail","hentry","category-politica","tag-comercio","tag-dia-da-consciencia-negra","tag-feriado","tag-feriados","tag-lula","tag-projeto","tag-sabado","tag-trabalho"],"yoast_head":"<!-- This site is optimized with the Yoast SEO plugin v26.5 - https:\/\/yoast.com\/wordpress\/plugins\/seo\/ -->\n<title>Lula cria mais um feriado nacional, depois de reclamar da quantidade - Jornal Fatos e Not\u00edcias<\/title>\n<meta name=\"robots\" content=\"index, follow, max-snippet:-1, max-image-preview:large, max-video-preview:-1\" \/>\n<link rel=\"canonical\" href=\"https:\/\/jornalfatosenoticias.com.br\/index.php\/2023\/12\/22\/lula-cria-mais-um-feriado-nacional-depois-de-reclamar-da-quantidade\/\" \/>\n<meta property=\"og:locale\" content=\"pt_BR\" \/>\n<meta property=\"og:type\" content=\"article\" \/>\n<meta property=\"og:title\" content=\"Lula cria mais um feriado nacional, depois de reclamar da quantidade - Jornal Fatos e Not\u00edcias\" \/>\n<meta property=\"og:description\" content=\"Lula cria o 9\u00ba feriado nacional no ano Por Ana Carolina Curvello Luiz In\u00e1cio Lula da Silva (PT) sancionou nesta quinta-feira (21) a projeto que cria o feriado nacional do dia da Consci\u00eancia Negra, celebrado no dia 20 de novembro. A lei foi publicada no Di\u00e1rio Oficial da Uni\u00e3o, nesta sexta-feira (22). Com a cria\u00e7\u00e3o [&hellip;]\" \/>\n<meta property=\"og:url\" content=\"https:\/\/jornalfatosenoticias.com.br\/index.php\/2023\/12\/22\/lula-cria-mais-um-feriado-nacional-depois-de-reclamar-da-quantidade\/\" \/>\n<meta property=\"og:site_name\" content=\"Jornal Fatos e Not\u00edcias\" \/>\n<meta property=\"article:published_time\" content=\"2023-12-22T17:39:14+00:00\" \/>\n<meta property=\"article:modified_time\" content=\"2023-12-22T17:39:16+00:00\" \/>\n<meta property=\"og:image\" content=\"https:\/\/jornalfatosenoticias.com.br\/wp-content\/uploads\/2023\/12\/lula.jpg\" \/>\n\t<meta property=\"og:image:width\" content=\"960\" \/>\n\t<meta property=\"og:image:height\" content=\"540\" \/>\n\t<meta property=\"og:image:type\" content=\"image\/jpeg\" \/>\n<meta name=\"author\" content=\"Luzimara Fernandes\" \/>\n<meta name=\"twitter:card\" content=\"summary_large_image\" \/>\n<meta name=\"twitter:label1\" content=\"Escrito por\" \/>\n\t<meta name=\"twitter:data1\" content=\"Luzimara Fernandes\" \/>\n\t<meta name=\"twitter:label2\" content=\"Est. tempo de leitura\" \/>\n\t<meta name=\"twitter:data2\" content=\"1 minuto\" \/>\n<script type=\"application\/ld+json\" class=\"yoast-schema-graph\">{\"@context\":\"https:\/\/schema.org\",\"@graph\":[{\"@type\":\"Article\",\"@id\":\"https:\/\/jornalfatosenoticias.com.br\/index.php\/2023\/12\/22\/lula-cria-mais-um-feriado-nacional-depois-de-reclamar-da-quantidade\/#article\",\"isPartOf\":{\"@id\":\"https:\/\/jornalfatosenoticias.com.br\/index.php\/2023\/12\/22\/lula-cria-mais-um-feriado-nacional-depois-de-reclamar-da-quantidade\/\"},\"author\":{\"name\":\"Luzimara Fernandes\",\"@id\":\"https:\/\/jornalfatosenoticias.com.br\/#\/schema\/person\/d63837fa13ac8666eb9e74e0985d6f81\"},\"headline\":\"Lula cria mais um feriado nacional, depois de reclamar da quantidade\",\"datePublished\":\"2023-12-22T17:39:14+00:00\",\"dateModified\":\"2023-12-22T17:39:16+00:00\",\"mainEntityOfPage\":{\"@id\":\"https:\/\/jornalfatosenoticias.com.br\/index.php\/2023\/12\/22\/lula-cria-mais-um-feriado-nacional-depois-de-reclamar-da-quantidade\/\"},\"wordCount\":262,\"commentCount\":0,\"publisher\":{\"@id\":\"https:\/\/jornalfatosenoticias.com.br\/#organization\"},\"image\":{\"@id\":\"https:\/\/jornalfatosenoticias.com.br\/index.php\/2023\/12\/22\/lula-cria-mais-um-feriado-nacional-depois-de-reclamar-da-quantidade\/#primaryimage\"},\"thumbnailUrl\":\"https:\/\/jornalfatosenoticias.com.br\/wp-content\/uploads\/2023\/12\/lula.jpg\",\"keywords\":[\"com\u00e9rcio\",\"Dia da Consci\u00eancia Negra\",\"feriado\",\"feriados\",\"Lula\",\"projeto\",\"s\u00e1bado\",\"trabalho\"],\"articleSection\":[\"Pol\u00edtica\"],\"inLanguage\":\"pt-BR\",\"potentialAction\":[{\"@type\":\"CommentAction\",\"name\":\"Comment\",\"target\":[\"https:\/\/jornalfatosenoticias.com.br\/index.php\/2023\/12\/22\/lula-cria-mais-um-feriado-nacional-depois-de-reclamar-da-quantidade\/#respond\"]}]},{\"@type\":\"WebPage\",\"@id\":\"https:\/\/jornalfatosenoticias.com.br\/index.php\/2023\/12\/22\/lula-cria-mais-um-feriado-nacional-depois-de-reclamar-da-quantidade\/\",\"url\":\"https:\/\/jornalfatosenoticias.com.br\/index.php\/2023\/12\/22\/lula-cria-mais-um-feriado-nacional-depois-de-reclamar-da-quantidade\/\",\"name\":\"Lula cria mais um feriado nacional, depois de reclamar da quantidade - Jornal Fatos e Not\u00edcias\",\"isPartOf\":{\"@id\":\"https:\/\/jornalfatosenoticias.com.br\/#website\"},\"primaryImageOfPage\":{\"@id\":\"https:\/\/jornalfatosenoticias.com.br\/index.php\/2023\/12\/22\/lula-cria-mais-um-feriado-nacional-depois-de-reclamar-da-quantidade\/#primaryimage\"},\"image\":{\"@id\":\"https:\/\/jornalfatosenoticias.com.br\/index.php\/2023\/12\/22\/lula-cria-mais-um-feriado-nacional-depois-de-reclamar-da-quantidade\/#primaryimage\"},\"thumbnailUrl\":\"https:\/\/jornalfatosenoticias.com.br\/wp-content\/uploads\/2023\/12\/lula.jpg\",\"datePublished\":\"2023-12-22T17:39:14+00:00\",\"dateModified\":\"2023-12-22T17:39:16+00:00\",\"breadcrumb\":{\"@id\":\"https:\/\/jornalfatosenoticias.com.br\/index.php\/2023\/12\/22\/lula-cria-mais-um-feriado-nacional-depois-de-reclamar-da-quantidade\/#breadcrumb\"},\"inLanguage\":\"pt-BR\",\"potentialAction\":[{\"@type\":\"ReadAction\",\"target\":[\"https:\/\/jornalfatosenoticias.com.br\/index.php\/2023\/12\/22\/lula-cria-mais-um-feriado-nacional-depois-de-reclamar-da-quantidade\/\"]}]},{\"@type\":\"ImageObject\",\"inLanguage\":\"pt-BR\",\"@id\":\"https:\/\/jornalfatosenoticias.com.br\/index.php\/2023\/12\/22\/lula-cria-mais-um-feriado-nacional-depois-de-reclamar-da-quantidade\/#primaryimage\",\"url\":\"https:\/\/jornalfatosenoticias.com.br\/wp-content\/uploads\/2023\/12\/lula.jpg\",\"contentUrl\":\"https:\/\/jornalfatosenoticias.com.br\/wp-content\/uploads\/2023\/12\/lula.jpg\",\"width\":960,\"height\":540},{\"@type\":\"BreadcrumbList\",\"@id\":\"https:\/\/jornalfatosenoticias.com.br\/index.php\/2023\/12\/22\/lula-cria-mais-um-feriado-nacional-depois-de-reclamar-da-quantidade\/#breadcrumb\",\"itemListElement\":[{\"@type\":\"ListItem\",\"position\":1,\"name\":\"In\u00edcio\",\"item\":\"https:\/\/jornalfatosenoticias.com.br\/\"},{\"@type\":\"ListItem\",\"position\":2,\"name\":\"Lula cria mais um feriado nacional, depois de reclamar da quantidade\"}]},{\"@type\":\"WebSite\",\"@id\":\"https:\/\/jornalfatosenoticias.com.br\/#website\",\"url\":\"https:\/\/jornalfatosenoticias.com.br\/\",\"name\":\"Jornal Fatos e Not\u00edcias\",\"description\":\"Not\u00edcias em geral\",\"publisher\":{\"@id\":\"https:\/\/jornalfatosenoticias.com.br\/#organization\"},\"potentialAction\":[{\"@type\":\"SearchAction\",\"target\":{\"@type\":\"EntryPoint\",\"urlTemplate\":\"https:\/\/jornalfatosenoticias.com.br\/?s={search_term_string}\"},\"query-input\":{\"@type\":\"PropertyValueSpecification\",\"valueRequired\":true,\"valueName\":\"search_term_string\"}}],\"inLanguage\":\"pt-BR\"},{\"@type\":\"Organization\",\"@id\":\"https:\/\/jornalfatosenoticias.com.br\/#organization\",\"name\":\"Jornal Fatos e Not\u00edcias\",\"url\":\"https:\/\/jornalfatosenoticias.com.br\/\",\"logo\":{\"@type\":\"ImageObject\",\"inLanguage\":\"pt-BR\",\"@id\":\"https:\/\/jornalfatosenoticias.com.br\/#\/schema\/logo\/image\/\",\"url\":\"https:\/\/jornalfatosenoticias.com.br\/wp-content\/uploads\/2020\/02\/logo120.png\",\"contentUrl\":\"https:\/\/jornalfatosenoticias.com.br\/wp-content\/uploads\/2020\/02\/logo120.png\",\"width\":1227,\"height\":120,\"caption\":\"Jornal Fatos e Not\u00edcias\"},\"image\":{\"@id\":\"https:\/\/jornalfatosenoticias.com.br\/#\/schema\/logo\/image\/\"}},{\"@type\":\"Person\",\"@id\":\"https:\/\/jornalfatosenoticias.com.br\/#\/schema\/person\/d63837fa13ac8666eb9e74e0985d6f81\",\"name\":\"Luzimara Fernandes\",\"image\":{\"@type\":\"ImageObject\",\"inLanguage\":\"pt-BR\",\"@id\":\"https:\/\/jornalfatosenoticias.com.br\/#\/schema\/person\/image\/\",\"url\":\"https:\/\/jornalfatosenoticias.com.br\/wp-content\/uploads\/2025\/05\/EU_portal.jpg\",\"contentUrl\":\"https:\/\/jornalfatosenoticias.com.br\/wp-content\/uploads\/2025\/05\/EU_portal.jpg\",\"caption\":\"Luzimara Fernandes\"},\"description\":\"Jornalista MTB 2358-ES\",\"sameAs\":[\"https:\/\/jornalfatosenoticias.com.br\"],\"url\":\"https:\/\/jornalfatosenoticias.com.br\/index.php\/author\/luzimara\/\"}]}<\/script>\n<!-- \/ Yoast SEO plugin. -->","yoast_head_json":{"title":"Lula cria mais um feriado nacional, depois de reclamar da quantidade - Jornal Fatos e Not\u00edcias","robots":{"index":"index","follow":"follow","max-snippet":"max-snippet:-1","max-image-preview":"max-image-preview:large","max-video-preview":"max-video-preview:-1"},"canonical":"https:\/\/jornalfatosenoticias.com.br\/index.php\/2023\/12\/22\/lula-cria-mais-um-feriado-nacional-depois-de-reclamar-da-quantidade\/","og_locale":"pt_BR","og_type":"article","og_title":"Lula cria mais um feriado nacional, depois de reclamar da quantidade - Jornal Fatos e Not\u00edcias","og_description":"Lula cria o 9\u00ba feriado nacional no ano Por Ana Carolina Curvello Luiz In\u00e1cio Lula da Silva (PT) sancionou nesta quinta-feira (21) a projeto que cria o feriado nacional do dia da Consci\u00eancia Negra, celebrado no dia 20 de novembro. A lei foi publicada no Di\u00e1rio Oficial da Uni\u00e3o, nesta sexta-feira (22). Com a cria\u00e7\u00e3o [&hellip;]","og_url":"https:\/\/jornalfatosenoticias.com.br\/index.php\/2023\/12\/22\/lula-cria-mais-um-feriado-nacional-depois-de-reclamar-da-quantidade\/","og_site_name":"Jornal Fatos e Not\u00edcias","article_published_time":"2023-12-22T17:39:14+00:00","article_modified_time":"2023-12-22T17:39:16+00:00","og_image":[{"width":960,"height":540,"url":"https:\/\/jornalfatosenoticias.com.br\/wp-content\/uploads\/2023\/12\/lula.jpg","type":"image\/jpeg"}],"author":"Luzimara Fernandes","twitter_card":"summary_large_image","twitter_misc":{"Escrito por":"Luzimara Fernandes","Est. tempo de leitura":"1 minuto"},"schema":{"@context":"https:\/\/schema.org","@graph":[{"@type":"Article","@id":"https:\/\/jornalfatosenoticias.com.br\/index.php\/2023\/12\/22\/lula-cria-mais-um-feriado-nacional-depois-de-reclamar-da-quantidade\/#article","isPartOf":{"@id":"https:\/\/jornalfatosenoticias.com.br\/index.php\/2023\/12\/22\/lula-cria-mais-um-feriado-nacional-depois-de-reclamar-da-quantidade\/"},"author":{"name":"Luzimara Fernandes","@id":"https:\/\/jornalfatosenoticias.com.br\/#\/schema\/person\/d63837fa13ac8666eb9e74e0985d6f81"},"headline":"Lula cria mais um feriado nacional, depois de reclamar da quantidade","datePublished":"2023-12-22T17:39:14+00:00","dateModified":"2023-12-22T17:39:16+00:00","mainEntityOfPage":{"@id":"https:\/\/jornalfatosenoticias.com.br\/index.php\/2023\/12\/22\/lula-cria-mais-um-feriado-nacional-depois-de-reclamar-da-quantidade\/"},"wordCount":262,"commentCount":0,"publisher":{"@id":"https:\/\/jornalfatosenoticias.com.br\/#organization"},"image":{"@id":"https:\/\/jornalfatosenoticias.com.br\/index.php\/2023\/12\/22\/lula-cria-mais-um-feriado-nacional-depois-de-reclamar-da-quantidade\/#primaryimage"},"thumbnailUrl":"https:\/\/jornalfatosenoticias.com.br\/wp-content\/uploads\/2023\/12\/lula.jpg","keywords":["com\u00e9rcio","Dia da Consci\u00eancia Negra","feriado","feriados","Lula","projeto","s\u00e1bado","trabalho"],"articleSection":["Pol\u00edtica"],"inLanguage":"pt-BR","potentialAction":[{"@type":"CommentAction","name":"Comment","target":["https:\/\/jornalfatosenoticias.com.br\/index.php\/2023\/12\/22\/lula-cria-mais-um-feriado-nacional-depois-de-reclamar-da-quantidade\/#respond"]}]},{"@type":"WebPage","@id":"https:\/\/jornalfatosenoticias.com.br\/index.php\/2023\/12\/22\/lula-cria-mais-um-feriado-nacional-depois-de-reclamar-da-quantidade\/","url":"https:\/\/jornalfatosenoticias.com.br\/index.php\/2023\/12\/22\/lula-cria-mais-um-feriado-nacional-depois-de-reclamar-da-quantidade\/","name":"Lula cria mais um feriado nacional, depois de reclamar da quantidade - Jornal Fatos e Not\u00edcias","isPartOf":{"@id":"https:\/\/jornalfatosenoticias.com.br\/#website"},"primaryImageOfPage":{"@id":"https:\/\/jornalfatosenoticias.com.br\/index.php\/2023\/12\/22\/lula-cria-mais-um-feriado-nacional-depois-de-reclamar-da-quantidade\/#primaryimage"},"image":{"@id":"https:\/\/jornalfatosenoticias.com.br\/index.php\/2023\/12\/22\/lula-cria-mais-um-feriado-nacional-depois-de-reclamar-da-quantidade\/#primaryimage"},"thumbnailUrl":"https:\/\/jornalfatosenoticias.com.br\/wp-content\/uploads\/2023\/12\/lula.jpg","datePublished":"2023-12-22T17:39:14+00:00","dateModified":"2023-12-22T17:39:16+00:00","breadcrumb":{"@id":"https:\/\/jornalfatosenoticias.com.br\/index.php\/2023\/12\/22\/lula-cria-mais-um-feriado-nacional-depois-de-reclamar-da-quantidade\/#breadcrumb"},"inLanguage":"pt-BR","potentialAction":[{"@type":"ReadAction","target":["https:\/\/jornalfatosenoticias.com.br\/index.php\/2023\/12\/22\/lula-cria-mais-um-feriado-nacional-depois-de-reclamar-da-quantidade\/"]}]},{"@type":"ImageObject","inLanguage":"pt-BR","@id":"https:\/\/jornalfatosenoticias.com.br\/index.php\/2023\/12\/22\/lula-cria-mais-um-feriado-nacional-depois-de-reclamar-da-quantidade\/#primaryimage","url":"https:\/\/jornalfatosenoticias.com.br\/wp-content\/uploads\/2023\/12\/lula.jpg","contentUrl":"https:\/\/jornalfatosenoticias.com.br\/wp-content\/uploads\/2023\/12\/lula.jpg","width":960,"height":540},{"@type":"BreadcrumbList","@id":"https:\/\/jornalfatosenoticias.com.br\/index.php\/2023\/12\/22\/lula-cria-mais-um-feriado-nacional-depois-de-reclamar-da-quantidade\/#breadcrumb","itemListElement":[{"@type":"ListItem","position":1,"name":"In\u00edcio","item":"https:\/\/jornalfatosenoticias.com.br\/"},{"@type":"ListItem","position":2,"name":"Lula cria mais um feriado nacional, depois de reclamar da quantidade"}]},{"@type":"WebSite","@id":"https:\/\/jornalfatosenoticias.com.br\/#website","url":"https:\/\/jornalfatosenoticias.com.br\/","name":"Jornal Fatos e Not\u00edcias","description":"Not\u00edcias em geral","publisher":{"@id":"https:\/\/jornalfatosenoticias.com.br\/#organization"},"potentialAction":[{"@type":"SearchAction","target":{"@type":"EntryPoint","urlTemplate":"https:\/\/jornalfatosenoticias.com.br\/?s={search_term_string}"},"query-input":{"@type":"PropertyValueSpecification","valueRequired":true,"valueName":"search_term_string"}}],"inLanguage":"pt-BR"},{"@type":"Organization","@id":"https:\/\/jornalfatosenoticias.com.br\/#organization","name":"Jornal Fatos e Not\u00edcias","url":"https:\/\/jornalfatosenoticias.com.br\/","logo":{"@type":"ImageObject","inLanguage":"pt-BR","@id":"https:\/\/jornalfatosenoticias.com.br\/#\/schema\/logo\/image\/","url":"https:\/\/jornalfatosenoticias.com.br\/wp-content\/uploads\/2020\/02\/logo120.png","contentUrl":"https:\/\/jornalfatosenoticias.com.br\/wp-content\/uploads\/2020\/02\/logo120.png","width":1227,"height":120,"caption":"Jornal Fatos e Not\u00edcias"},"image":{"@id":"https:\/\/jornalfatosenoticias.com.br\/#\/schema\/logo\/image\/"}},{"@type":"Person","@id":"https:\/\/jornalfatosenoticias.com.br\/#\/schema\/person\/d63837fa13ac8666eb9e74e0985d6f81","name":"Luzimara Fernandes","image":{"@type":"ImageObject","inLanguage":"pt-BR","@id":"https:\/\/jornalfatosenoticias.com.br\/#\/schema\/person\/image\/","url":"https:\/\/jornalfatosenoticias.com.br\/wp-content\/uploads\/2025\/05\/EU_portal.jpg","contentUrl":"https:\/\/jornalfatosenoticias.com.br\/wp-content\/uploads\/2025\/05\/EU_portal.jpg","caption":"Luzimara Fernandes"},"description":"Jornalista MTB 2358-ES","sameAs":["https:\/\/jornalfatosenoticias.com.br"],"url":"https:\/\/jornalfatosenoticias.com.br\/index.php\/author\/luzimara\/"}]}},"cc_featured_image_caption":{"caption_text":"(Foto: C\u00e2mara dos Deputados) ","source_text":"","source_url":""},"jetpack_featured_media_url":"https:\/\/jornalfatosenoticias.com.br\/wp-content\/uploads\/2023\/12\/lula.jpg","_links":{"self":[{"href":"https:\/\/jornalfatosenoticias.com.br\/index.php\/wp-json\/wp\/v2\/posts\/48004","targetHints":{"allow":["GET"]}}],"collection":[{"href":"https:\/\/jornalfatosenoticias.com.br\/index.php\/wp-json\/wp\/v2\/posts"}],"about":[{"href":"https:\/\/jornalfatosenoticias.com.br\/index.php\/wp-json\/wp\/v2\/types\/post"}],"author":[{"embeddable":true,"href":"https:\/\/jornalfatosenoticias.com.br\/index.php\/wp-json\/wp\/v2\/users\/2"}],"replies":[{"embeddable":true,"href":"https:\/\/jornalfatosenoticias.com.br\/index.php\/wp-json\/wp\/v2\/comments?post=48004"}],"version-history":[{"count":0,"href":"https:\/\/jornalfatosenoticias.com.br\/index.php\/wp-json\/wp\/v2\/posts\/48004\/revisions"}],"wp:featuredmedia":[{"embeddable":true,"href":"https:\/\/jornalfatosenoticias.com.br\/index.php\/wp-json\/wp\/v2\/media\/48005"}],"wp:attachment":[{"href":"https:\/\/jornalfatosenoticias.com.br\/index.php\/wp-json\/wp\/v2\/media?parent=48004"}],"wp:term":[{"taxonomy":"category","embeddable":true,"href":"https:\/\/jornalfatosenoticias.com.br\/index.php\/wp-json\/wp\/v2\/categories?post=48004"},{"taxonomy":"post_tag","embeddable":true,"href":"https:\/\/jornalfatosenoticias.com.br\/index.php\/wp-json\/wp\/v2\/tags?post=48004"}],"curies":[{"name":"wp","href":"https:\/\/api.w.org\/{rel}","templated":true}]}}