{"id":48010,"date":"2023-12-24T10:21:32","date_gmt":"2023-12-24T13:21:32","guid":{"rendered":"https:\/\/jornalfatosenoticias.com.br\/?p=48010"},"modified":"2023-12-26T11:16:53","modified_gmt":"2023-12-26T14:16:53","slug":"o-que-esperar-de-2024","status":"publish","type":"post","link":"https:\/\/jornalfatosenoticias.com.br\/index.php\/2023\/12\/24\/o-que-esperar-de-2024\/","title":{"rendered":"O que esperar de 2024?"},"content":{"rendered":"\n<p><em><span class=\"has-inline-color has-black-color\">Pela atual conjuntura, pol\u00edtica e econ\u00f4mica, um futuro sombrio e alarmante espera os brasileiros<\/span><\/em><\/p>\n\n\n\n<div class=\"wp-block-image\"><figure class=\"aligncenter size-large\"><img loading=\"lazy\" decoding=\"async\" width=\"729\" height=\"90\" src=\"https:\/\/jornalfatosenoticias.com.br\/wp-content\/uploads\/2020\/02\/Logo_Mizu.png\" alt=\"\" class=\"wp-image-1441\" srcset=\"https:\/\/jornalfatosenoticias.com.br\/wp-content\/uploads\/2020\/02\/Logo_Mizu.png 729w, https:\/\/jornalfatosenoticias.com.br\/wp-content\/uploads\/2020\/02\/Logo_Mizu-300x37.png 300w\" sizes=\"auto, (max-width: 729px) 100vw, 729px\" \/><\/figure><\/div>\n\n\n\n<p>O ano se finda e com ele as boas lembran\u00e7as e os dissabores. Ap\u00f3s quatro anos de sonhos e expectativas de crescimento, de uma hora para outra o Pa\u00eds, inesperadamente, mergulha em \u00e1guas profundas infestadas de predadores por todos os lados.<br>Lutando contra tudo e contra todos, com uma pandemia e uma guerra, Bolsonaro e sua equipe altamente t\u00e9cnica e competente governaram os quatro anos no azul. Tudo isso, enfrentando, al\u00e9m dos epis\u00f3dios citados acima, um cons\u00f3rcio midi\u00e1tico decadente, manipulador e contr\u00e1rio ao seu governo.<br>Com medidas simples como gastar menos do que arrecada e baixar ou at\u00e9 eliminar impostos e al\u00edquotas, o Pa\u00eds decolava com a economia interna funcionando como uma m\u00e1quina milimetricamente desenhada pelo mago Paulo Guedes. Bolsonaro deixou as contas equilibradas e com super\u00e1vit de R$ 54,1 bilh\u00f5es, que o atual desgoverno incinerou em menos de um m\u00eas.<\/p>\n\n\n\n<div class=\"wp-block-image\"><figure class=\"aligncenter size-large is-resized\"><img loading=\"lazy\" decoding=\"async\" src=\"https:\/\/jornalfatosenoticias.com.br\/wp-content\/uploads\/2020\/02\/CONTROL-CS.jpg\" alt=\"\" class=\"wp-image-44991\" width=\"332\" height=\"398\" srcset=\"https:\/\/jornalfatosenoticias.com.br\/wp-content\/uploads\/2020\/02\/CONTROL-CS.jpg 834w, https:\/\/jornalfatosenoticias.com.br\/wp-content\/uploads\/2020\/02\/CONTROL-CS-250x300.jpg 250w, https:\/\/jornalfatosenoticias.com.br\/wp-content\/uploads\/2020\/02\/CONTROL-CS-768x921.jpg 768w\" sizes=\"auto, (max-width: 332px) 100vw, 332px\" \/><\/figure><\/div>\n\n\n\n<p>As obras de infraestrutura, na \u00e9poca sob o comando do Tarc\u00edsio de Freitas, hoje governador de S\u00e3o Paulo, funcionavam a todo vapor sem nenhuma interrup\u00e7\u00e3o como, por exemplo, o Contorno do Mestre \u00c1lvaro e outras de grande porte no Centro-Oeste, Norte e Nordeste do Brasil. Batendo recordes anuais de produ\u00e7\u00e3o, o agro \u2014 hoje marginalizado \u2014 se manteve mais do que nunca como um dos principais pilares econ\u00f4mico nacional.<\/p>\n\n\n\n<div class=\"wp-block-image\"><figure class=\"aligncenter size-large\"><img loading=\"lazy\" decoding=\"async\" width=\"675\" height=\"450\" src=\"https:\/\/jornalfatosenoticias.com.br\/wp-content\/uploads\/2023\/12\/Carro-pipa.jpeg\" alt=\"\" class=\"wp-image-48011\" srcset=\"https:\/\/jornalfatosenoticias.com.br\/wp-content\/uploads\/2023\/12\/Carro-pipa.jpeg 675w, https:\/\/jornalfatosenoticias.com.br\/wp-content\/uploads\/2023\/12\/Carro-pipa-300x200.jpeg 300w\" sizes=\"auto, (max-width: 675px) 100vw, 675px\" \/><figcaption><em>Caminh\u00e3o-pipa \u2013 Nordeste (Foto: Senado Federal)<\/em><\/figcaption><\/figure><\/div>\n\n\n\n<p>No social, a conclus\u00e3o da transposi\u00e7\u00e3o do Rio S\u00e3o Francisco, que o PT larapiou por anos, foi conclu\u00edda. Infelizmente, atualmente est\u00e1 com seu curso d\u2019\u00e1gua, em v\u00e1rios pontos, suspenso para novamente atender \u00e0 ind\u00fastria da seca, materializada na m\u00e1fia dos carros-pipas para continuar mantendo boa parte da popula\u00e7\u00e3o do Nordeste dependente do poder p\u00fablico, o chamado assistencialismo, estrat\u00e9gia de governos de vertente socialista e comunista.<\/p>\n\n\n\n<div class=\"wp-block-image\"><figure class=\"aligncenter size-large is-resized\"><img loading=\"lazy\" decoding=\"async\" src=\"https:\/\/jornalfatosenoticias.com.br\/wp-content\/uploads\/2023\/08\/Steel.jpeg\" alt=\"\" class=\"wp-image-44634\" width=\"320\" height=\"260\" srcset=\"https:\/\/jornalfatosenoticias.com.br\/wp-content\/uploads\/2023\/08\/Steel.jpeg 800w, https:\/\/jornalfatosenoticias.com.br\/wp-content\/uploads\/2023\/08\/Steel-300x244.jpeg 300w, https:\/\/jornalfatosenoticias.com.br\/wp-content\/uploads\/2023\/08\/Steel-768x624.jpeg 768w\" sizes=\"auto, (max-width: 320px) 100vw, 320px\" \/><\/figure><\/div>\n\n\n\n<p>Com implanta\u00e7\u00e3o de dezenas de escolas c\u00edvico-militares em v\u00e1rios estados e perd\u00e3o das d\u00edvidas de mais de um milh\u00e3o de estudantes que ficaram presos na teia da informalidade e do desemprego, gerados pela dupla comunista Lula\/Dilma, que deixou o legado de inacredit\u00e1veis 14 milh\u00f5es de desempregados.<\/p>\n\n\n\n<div class=\"wp-block-image\"><figure class=\"aligncenter size-large\"><img loading=\"lazy\" decoding=\"async\" width=\"300\" height=\"250\" src=\"https:\/\/jornalfatosenoticias.com.br\/wp-content\/uploads\/2022\/02\/FERRARI_MAQUINAS-E-FERRAMENTAS2.jpg\" alt=\"\" class=\"wp-image-27860\"\/><\/figure><\/div>\n\n\n\n<blockquote class=\"wp-block-quote is-layout-flow wp-block-quote-is-layout-flow\"><p><span class=\"has-inline-color has-luminous-vivid-orange-color\">T\u00ednhamos dados de que quase 90% dos recursos enviados para a cultura ficavam nas m\u00e3os de 10% da classe art\u00edstica&#8221;, M\u00e1rio Frias<\/span><\/p><\/blockquote>\n\n\n\n<div class=\"wp-block-image\"><figure class=\"aligncenter size-large is-resized\"><img loading=\"lazy\" decoding=\"async\" src=\"https:\/\/jornalfatosenoticias.com.br\/wp-content\/uploads\/2023\/08\/ITH.jpeg\" alt=\"\" class=\"wp-image-44638\" width=\"346\" height=\"281\" srcset=\"https:\/\/jornalfatosenoticias.com.br\/wp-content\/uploads\/2023\/08\/ITH.jpeg 800w, https:\/\/jornalfatosenoticias.com.br\/wp-content\/uploads\/2023\/08\/ITH-300x244.jpeg 300w, https:\/\/jornalfatosenoticias.com.br\/wp-content\/uploads\/2023\/08\/ITH-768x624.jpeg 768w\" sizes=\"auto, (max-width: 346px) 100vw, 346px\" \/><\/figure><\/div>\n\n\n\n<p>Com quase quarenta minist\u00e9rios e ainda achando pouco, os gastos com folha de pagamento dos governos petistas bateram recordes. Com Dilma Rousseff, em 2016, chegou na casa dos R$ 25,2 bilh\u00f5es, caindo para R$ 9,2 bilh\u00f5es no governo do Bolsonaro, em 2022. Mais uma vez, lembro, que em 2022, sob o comando do liberal, Jair Bolsonaro, somente 40% das estatais tiveram preju\u00edzo segundo painel divulgado pelo Tesouro Nacional e o lucro foi de R$ 9,5 bilh\u00f5es, com os melhores resultados para o saneamento, com lucro de R$ 7,5 bilh\u00f5es e o setor financeiro, que ganhou R$ 3,2 bilh\u00f5es.<\/p>\n\n\n\n<div class=\"wp-block-image\"><figure class=\"aligncenter size-large\"><img loading=\"lazy\" decoding=\"async\" width=\"1000\" height=\"495\" src=\"https:\/\/jornalfatosenoticias.com.br\/wp-content\/uploads\/2023\/12\/Bolsonaro-em-Goiania.jpg\" alt=\"\" class=\"wp-image-48012\" srcset=\"https:\/\/jornalfatosenoticias.com.br\/wp-content\/uploads\/2023\/12\/Bolsonaro-em-Goiania.jpg 1000w, https:\/\/jornalfatosenoticias.com.br\/wp-content\/uploads\/2023\/12\/Bolsonaro-em-Goiania-300x149.jpg 300w, https:\/\/jornalfatosenoticias.com.br\/wp-content\/uploads\/2023\/12\/Bolsonaro-em-Goiania-768x380.jpg 768w\" sizes=\"auto, (max-width: 1000px) 100vw, 1000px\" \/><figcaption><em><span class=\"has-inline-color has-black-color\">Bolsonaro arrasta multid\u00e3o em Goi\u00e2nia (Foto: Canal Gama)<\/span><\/em><\/figcaption><\/figure><\/div>\n\n\n\n<div class=\"wp-block-image\"><figure class=\"aligncenter size-large is-resized\"><img loading=\"lazy\" decoding=\"async\" src=\"https:\/\/jornalfatosenoticias.com.br\/wp-content\/uploads\/2023\/08\/BKR-1024x1021.jpg\" alt=\"\" class=\"wp-image-44494\" width=\"300\" height=\"299\" srcset=\"https:\/\/jornalfatosenoticias.com.br\/wp-content\/uploads\/2023\/08\/BKR-1024x1021.jpg 1024w, https:\/\/jornalfatosenoticias.com.br\/wp-content\/uploads\/2023\/08\/BKR-300x300.jpg 300w, https:\/\/jornalfatosenoticias.com.br\/wp-content\/uploads\/2023\/08\/BKR-150x150.jpg 150w, https:\/\/jornalfatosenoticias.com.br\/wp-content\/uploads\/2023\/08\/BKR-768x766.jpg 768w, https:\/\/jornalfatosenoticias.com.br\/wp-content\/uploads\/2023\/08\/BKR.jpg 1080w\" sizes=\"auto, (max-width: 300px) 100vw, 300px\" \/><\/figure><\/div>\n\n\n\n<p>Ainda no campo econ\u00f4mico, em setembro deste ano, as contas do atual governo acumularam d\u00e9ficit de R$ 101,888 bilh\u00f5es do Produto Interno Bruto (soma de todos os bens e servi\u00e7os produzidos no pa\u00eds), com proje\u00e7\u00e3o de passar dos R$ 200 bilh\u00f5es. Ressalva, no mesmo per\u00edodo, em 2022, as contas p\u00fablicas fecharam com super\u00e1vit de R$ 125,994 bilh\u00f5es.<\/p>\n\n\n\n<div class=\"wp-block-image\"><figure class=\"aligncenter size-large is-resized\"><img loading=\"lazy\" decoding=\"async\" src=\"https:\/\/jornalfatosenoticias.com.br\/wp-content\/uploads\/2023\/11\/cromotec.jpg\" alt=\"\" class=\"wp-image-46804\" width=\"347\" height=\"207\" srcset=\"https:\/\/jornalfatosenoticias.com.br\/wp-content\/uploads\/2023\/11\/cromotec.jpg 453w, https:\/\/jornalfatosenoticias.com.br\/wp-content\/uploads\/2023\/11\/cromotec-300x179.jpg 300w\" sizes=\"auto, (max-width: 347px) 100vw, 347px\" \/><\/figure><\/div>\n\n\n\n<p>Os rombos nas estatais voltaram a todo vapor. Segundo dados do Tesouro Nacional, a proje\u00e7\u00e3o dos n\u00fameros, sobre o desempenho das estatais nesse primeiro ano de governo apontam para um preju\u00edzo de quase R$ 6 bilh\u00f5es.<\/p>\n\n\n\n<div class=\"wp-block-image\"><figure class=\"aligncenter size-large is-resized\"><img loading=\"lazy\" decoding=\"async\" src=\"https:\/\/jornalfatosenoticias.com.br\/wp-content\/uploads\/2022\/10\/RC_800x750_page-0001.jpg\" alt=\"\" class=\"wp-image-35338\" width=\"283\" height=\"265\" srcset=\"https:\/\/jornalfatosenoticias.com.br\/wp-content\/uploads\/2022\/10\/RC_800x750_page-0001.jpg 400w, https:\/\/jornalfatosenoticias.com.br\/wp-content\/uploads\/2022\/10\/RC_800x750_page-0001-300x281.jpg 300w\" sizes=\"auto, (max-width: 283px) 100vw, 283px\" \/><\/figure><\/div>\n\n\n\n<p>Em s\u00edntese, a preocupa\u00e7\u00e3o bate \u00e0 porta do brasileiro quando vimos o comunista Lula da Silva, celebrando por ter conseguido colocar no Supremo Tribunal Federal (STF), pela \u201cpela primeira vez na hist\u00f3ria\u201d mais um comunista, se referindo a Fl\u00e1vio Dino, o mesmo cidad\u00e3o que deixou seu estado, o Maranh\u00e3o, com o mais baixo \u00cdndice de Desenvolvimento Humano (IDH) do Pa\u00eds. Este \u00e9 o legado deixado por Fl\u00e1vio Dino governador. \u00c9 de se preocupar ou n\u00e3o?<\/p>\n\n\n\n<div class=\"wp-block-image\"><figure class=\"aligncenter size-large is-resized\"><img loading=\"lazy\" decoding=\"async\" src=\"https:\/\/jornalfatosenoticias.com.br\/wp-content\/uploads\/2023\/03\/logo-Panper_portal.jpg\" alt=\"\" class=\"wp-image-40208\" width=\"326\" height=\"226\" srcset=\"https:\/\/jornalfatosenoticias.com.br\/wp-content\/uploads\/2023\/03\/logo-Panper_portal.jpg 400w, https:\/\/jornalfatosenoticias.com.br\/wp-content\/uploads\/2023\/03\/logo-Panper_portal-300x208.jpg 300w\" sizes=\"auto, (max-width: 326px) 100vw, 326px\" \/><\/figure><\/div>\n\n\n\n<p>Para deixar bem claro o futuro sombrio e alarmante que espera os brasileiros, finalizo transcrevendo uma fala do ex-ministro da Cultura, M\u00e1rio Frias, quando foi perguntado sobre o que pensava sobre recurso de R$ 16 bilh\u00f5es destinado \u00e0 cultura nesse primeiro ano de governo do PT.<\/p>\n\n\n\n<div class=\"wp-block-image\"><figure class=\"aligncenter size-large\"><img loading=\"lazy\" decoding=\"async\" width=\"800\" height=\"800\" src=\"https:\/\/jornalfatosenoticias.com.br\/wp-content\/uploads\/2023\/12\/Mario-Frias.jpg\" alt=\"\" class=\"wp-image-48013\" srcset=\"https:\/\/jornalfatosenoticias.com.br\/wp-content\/uploads\/2023\/12\/Mario-Frias.jpg 800w, https:\/\/jornalfatosenoticias.com.br\/wp-content\/uploads\/2023\/12\/Mario-Frias-300x300.jpg 300w, https:\/\/jornalfatosenoticias.com.br\/wp-content\/uploads\/2023\/12\/Mario-Frias-150x150.jpg 150w, https:\/\/jornalfatosenoticias.com.br\/wp-content\/uploads\/2023\/12\/Mario-Frias-768x768.jpg 768w\" sizes=\"auto, (max-width: 800px) 100vw, 800px\" \/><figcaption><em><span class=\"has-inline-color has-black-color\">M\u00e1rio Frias e presidente Bolsonaro (Foto: CNN Brasil)<\/span><\/em><\/figcaption><\/figure><\/div>\n\n\n\n<blockquote class=\"wp-block-quote is-layout-flow wp-block-quote-is-layout-flow\"><p><span class=\"has-inline-color has-luminous-vivid-orange-color\">Vai na contram\u00e3o de tudo que o Pa\u00eds precisa, n\u00e9? A gente precisa ter uma economia forte, saber do que a popula\u00e7\u00e3o, de fato, necessita. O governo que est\u00e1 taxando e aumentando a carga de impostos \u00e9 o mesmo que est\u00e1 distribuindo R$ 16 bilh\u00f5es para uma elite que a gente sabe perfeitamente que se trata de pol\u00edtica ideol\u00f3gica e que sabemos, n\u00e3o vai chegar na ponta, naquele artista de in\u00edcio de carreira\u201d. Lembrado que o valor \u00e9 mais do que a Cultura recebeu em todo governo de Jair Bolsonaro.<\/span><\/p><\/blockquote>\n\n\n\n<div class=\"wp-block-image\"><figure class=\"aligncenter size-large\"><img loading=\"lazy\" decoding=\"async\" width=\"300\" height=\"250\" src=\"https:\/\/jornalfatosenoticias.com.br\/wp-content\/uploads\/2020\/02\/Banner-2.png\" alt=\"\" class=\"wp-image-43787\"\/><\/figure><\/div>\n\n\n\n<p>M\u00e1rio Frias disse que o presidente tinha responsabilidade com o dinheiro p\u00fablico, \u201co presidente Jair Bolsonaro sempre teve uma opini\u00e3o muito clara sobre a malversa\u00e7\u00e3o do recurso p\u00fablico e o que a gente fez quando ministro foi colocar as coisas no lugar. Nunca houve uma inten\u00e7\u00e3o do presidente de fazer qualquer tipo de cercear a cultura, o que a gente enxergava \u00e9 que havia favorecimento. T\u00ednhamos dados de que quase 90% dos recursos enviados para a cultura ficavam nas m\u00e3os de 10% da classe art\u00edstica. Esse governo tem que ser responsabilizado por essa gastan\u00e7a absurda, com viagens de pessoas que nem estavam nomeadas e j\u00e1 estavam atendendo compromissos oficiais. Isso imputou em crime e precisamos ficar atentos. A justi\u00e7a dos homens pode falhar, mas a divina, nunca falha\u201d, disse, esperan\u00e7oso.<\/p>\n\n\n\n<div class=\"wp-block-image\"><figure class=\"aligncenter size-large is-resized\"><img loading=\"lazy\" decoding=\"async\" src=\"https:\/\/jornalfatosenoticias.com.br\/wp-content\/uploads\/2022\/10\/Arte-jornal-Zucchi-600x600_Prancheta-1-1024x1024.jpg\" alt=\"\" class=\"wp-image-34782\" width=\"307\" height=\"307\" srcset=\"https:\/\/jornalfatosenoticias.com.br\/wp-content\/uploads\/2022\/10\/Arte-jornal-Zucchi-600x600_Prancheta-1-1024x1024.jpg 1024w, https:\/\/jornalfatosenoticias.com.br\/wp-content\/uploads\/2022\/10\/Arte-jornal-Zucchi-600x600_Prancheta-1-300x300.jpg 300w, https:\/\/jornalfatosenoticias.com.br\/wp-content\/uploads\/2022\/10\/Arte-jornal-Zucchi-600x600_Prancheta-1-150x150.jpg 150w, https:\/\/jornalfatosenoticias.com.br\/wp-content\/uploads\/2022\/10\/Arte-jornal-Zucchi-600x600_Prancheta-1-768x768.jpg 768w, https:\/\/jornalfatosenoticias.com.br\/wp-content\/uploads\/2022\/10\/Arte-jornal-Zucchi-600x600_Prancheta-1.jpg 1250w\" sizes=\"auto, (max-width: 307px) 100vw, 307px\" \/><\/figure><\/div>\n\n\n\n<p>Mas afinal, com um sistema aparelhado e corrompido, o que esperar de 2024? A resposta, pra mim, est\u00e1 na retomada dos princ\u00edpios morais, de ideais, dos bons costumes e da liberdade \u2014 no sentido amplo da palavra.<br>2024 \u00e9 ano eleitoral, as elei\u00e7\u00f5es municipais poder\u00e3o marcar o come\u00e7o de uma nova era na pol\u00edtica brasileira. Ser\u00e1 a oportunidade do cidad\u00e3o que verdadeiramente ama essa p\u00e1tria mostrar que o Brasil atual n\u00e3o \u00e9 o que esperamos e queremos. Mas este assunto ficar\u00e1 para a pr\u00f3xima. At\u00e9 l\u00e1!<\/p>\n\n\n\n<div class=\"wp-block-image\"><figure class=\"aligncenter size-large is-resized\"><img loading=\"lazy\" decoding=\"async\" src=\"https:\/\/jornalfatosenoticias.com.br\/wp-content\/uploads\/2023\/12\/pegoretti-logo-pdf-1024x389.jpg\" alt=\"\" class=\"wp-image-47536\" width=\"440\" height=\"167\" srcset=\"https:\/\/jornalfatosenoticias.com.br\/wp-content\/uploads\/2023\/12\/pegoretti-logo-pdf-1024x389.jpg 1024w, https:\/\/jornalfatosenoticias.com.br\/wp-content\/uploads\/2023\/12\/pegoretti-logo-pdf-300x114.jpg 300w, https:\/\/jornalfatosenoticias.com.br\/wp-content\/uploads\/2023\/12\/pegoretti-logo-pdf-768x291.jpg 768w, https:\/\/jornalfatosenoticias.com.br\/wp-content\/uploads\/2023\/12\/pegoretti-logo-pdf.jpg 1120w\" sizes=\"auto, (max-width: 440px) 100vw, 440px\" \/><\/figure><\/div>\n","protected":false},"excerpt":{"rendered":"<p>Pela atual conjuntura, pol\u00edtica e econ\u00f4mica, um futuro sombrio e alarmante espera os brasileiros O ano se finda e com ele as boas lembran\u00e7as e os dissabores. Ap\u00f3s quatro anos de sonhos e expectativas de crescimento, de uma hora para outra o Pa\u00eds, inesperadamente, mergulha em \u00e1guas profundas infestadas de predadores por todos os lados.Lutando [&hellip;]<\/p>\n","protected":false},"author":3,"featured_media":48014,"comment_status":"open","ping_status":"open","sticky":false,"template":"","format":"standard","meta":{"footnotes":""},"categories":[10],"tags":[239,597,22418,18622,2502,294],"class_list":["post-48010","post","type-post","status-publish","format-standard","has-post-thumbnail","hentry","category-politica","tag-bolsonaro","tag-brasil","tag-carros-pipas","tag-flavio-dino","tag-futuro","tag-stf"],"yoast_head":"<!-- This site is optimized with the Yoast SEO plugin v26.5 - https:\/\/yoast.com\/wordpress\/plugins\/seo\/ -->\n<title>O que esperar de 2024? - Jornal Fatos e Not\u00edcias<\/title>\n<meta name=\"robots\" content=\"index, follow, max-snippet:-1, max-image-preview:large, max-video-preview:-1\" \/>\n<link rel=\"canonical\" href=\"https:\/\/jornalfatosenoticias.com.br\/index.php\/2023\/12\/24\/o-que-esperar-de-2024\/\" \/>\n<meta property=\"og:locale\" content=\"pt_BR\" \/>\n<meta property=\"og:type\" content=\"article\" \/>\n<meta property=\"og:title\" content=\"O que esperar de 2024? - Jornal Fatos e Not\u00edcias\" \/>\n<meta property=\"og:description\" content=\"Pela atual conjuntura, pol\u00edtica e econ\u00f4mica, um futuro sombrio e alarmante espera os brasileiros O ano se finda e com ele as boas lembran\u00e7as e os dissabores. Ap\u00f3s quatro anos de sonhos e expectativas de crescimento, de uma hora para outra o Pa\u00eds, inesperadamente, mergulha em \u00e1guas profundas infestadas de predadores por todos os lados.Lutando [&hellip;]\" \/>\n<meta property=\"og:url\" content=\"https:\/\/jornalfatosenoticias.com.br\/index.php\/2023\/12\/24\/o-que-esperar-de-2024\/\" \/>\n<meta property=\"og:site_name\" content=\"Jornal Fatos e Not\u00edcias\" \/>\n<meta property=\"article:published_time\" content=\"2023-12-24T13:21:32+00:00\" \/>\n<meta property=\"article:modified_time\" content=\"2023-12-26T14:16:53+00:00\" \/>\n<meta property=\"og:image\" content=\"https:\/\/jornalfatosenoticias.com.br\/wp-content\/uploads\/2023\/12\/Dino-STF.jpeg\" \/>\n\t<meta property=\"og:image:width\" content=\"675\" \/>\n\t<meta property=\"og:image:height\" content=\"450\" \/>\n\t<meta property=\"og:image:type\" content=\"image\/jpeg\" \/>\n<meta name=\"author\" content=\"Haroldo Filho\" \/>\n<meta name=\"twitter:card\" content=\"summary_large_image\" \/>\n<meta name=\"twitter:label1\" content=\"Escrito por\" \/>\n\t<meta name=\"twitter:data1\" content=\"Haroldo Filho\" \/>\n\t<meta name=\"twitter:label2\" content=\"Est. tempo de leitura\" \/>\n\t<meta name=\"twitter:data2\" content=\"5 minutos\" \/>\n<script type=\"application\/ld+json\" class=\"yoast-schema-graph\">{\"@context\":\"https:\/\/schema.org\",\"@graph\":[{\"@type\":\"Article\",\"@id\":\"https:\/\/jornalfatosenoticias.com.br\/index.php\/2023\/12\/24\/o-que-esperar-de-2024\/#article\",\"isPartOf\":{\"@id\":\"https:\/\/jornalfatosenoticias.com.br\/index.php\/2023\/12\/24\/o-que-esperar-de-2024\/\"},\"author\":{\"name\":\"Haroldo Filho\",\"@id\":\"https:\/\/jornalfatosenoticias.com.br\/#\/schema\/person\/05c46cc25b42a5c27e004fb0fa6b4965\"},\"headline\":\"O que esperar de 2024?\",\"datePublished\":\"2023-12-24T13:21:32+00:00\",\"dateModified\":\"2023-12-26T14:16:53+00:00\",\"mainEntityOfPage\":{\"@id\":\"https:\/\/jornalfatosenoticias.com.br\/index.php\/2023\/12\/24\/o-que-esperar-de-2024\/\"},\"wordCount\":1075,\"commentCount\":0,\"publisher\":{\"@id\":\"https:\/\/jornalfatosenoticias.com.br\/#organization\"},\"image\":{\"@id\":\"https:\/\/jornalfatosenoticias.com.br\/index.php\/2023\/12\/24\/o-que-esperar-de-2024\/#primaryimage\"},\"thumbnailUrl\":\"https:\/\/jornalfatosenoticias.com.br\/wp-content\/uploads\/2023\/12\/Dino-STF.jpeg\",\"keywords\":[\"Bolsonaro\",\"Brasil\",\"carros-pipas\",\"Fl\u00e1vio Dino\",\"futuro\",\"STF\"],\"articleSection\":[\"Pol\u00edtica\"],\"inLanguage\":\"pt-BR\",\"potentialAction\":[{\"@type\":\"CommentAction\",\"name\":\"Comment\",\"target\":[\"https:\/\/jornalfatosenoticias.com.br\/index.php\/2023\/12\/24\/o-que-esperar-de-2024\/#respond\"]}]},{\"@type\":\"WebPage\",\"@id\":\"https:\/\/jornalfatosenoticias.com.br\/index.php\/2023\/12\/24\/o-que-esperar-de-2024\/\",\"url\":\"https:\/\/jornalfatosenoticias.com.br\/index.php\/2023\/12\/24\/o-que-esperar-de-2024\/\",\"name\":\"O que esperar de 2024? - Jornal Fatos e Not\u00edcias\",\"isPartOf\":{\"@id\":\"https:\/\/jornalfatosenoticias.com.br\/#website\"},\"primaryImageOfPage\":{\"@id\":\"https:\/\/jornalfatosenoticias.com.br\/index.php\/2023\/12\/24\/o-que-esperar-de-2024\/#primaryimage\"},\"image\":{\"@id\":\"https:\/\/jornalfatosenoticias.com.br\/index.php\/2023\/12\/24\/o-que-esperar-de-2024\/#primaryimage\"},\"thumbnailUrl\":\"https:\/\/jornalfatosenoticias.com.br\/wp-content\/uploads\/2023\/12\/Dino-STF.jpeg\",\"datePublished\":\"2023-12-24T13:21:32+00:00\",\"dateModified\":\"2023-12-26T14:16:53+00:00\",\"breadcrumb\":{\"@id\":\"https:\/\/jornalfatosenoticias.com.br\/index.php\/2023\/12\/24\/o-que-esperar-de-2024\/#breadcrumb\"},\"inLanguage\":\"pt-BR\",\"potentialAction\":[{\"@type\":\"ReadAction\",\"target\":[\"https:\/\/jornalfatosenoticias.com.br\/index.php\/2023\/12\/24\/o-que-esperar-de-2024\/\"]}]},{\"@type\":\"ImageObject\",\"inLanguage\":\"pt-BR\",\"@id\":\"https:\/\/jornalfatosenoticias.com.br\/index.php\/2023\/12\/24\/o-que-esperar-de-2024\/#primaryimage\",\"url\":\"https:\/\/jornalfatosenoticias.com.br\/wp-content\/uploads\/2023\/12\/Dino-STF.jpeg\",\"contentUrl\":\"https:\/\/jornalfatosenoticias.com.br\/wp-content\/uploads\/2023\/12\/Dino-STF.jpeg\",\"width\":675,\"height\":450},{\"@type\":\"BreadcrumbList\",\"@id\":\"https:\/\/jornalfatosenoticias.com.br\/index.php\/2023\/12\/24\/o-que-esperar-de-2024\/#breadcrumb\",\"itemListElement\":[{\"@type\":\"ListItem\",\"position\":1,\"name\":\"In\u00edcio\",\"item\":\"https:\/\/jornalfatosenoticias.com.br\/\"},{\"@type\":\"ListItem\",\"position\":2,\"name\":\"O que esperar de 2024?\"}]},{\"@type\":\"WebSite\",\"@id\":\"https:\/\/jornalfatosenoticias.com.br\/#website\",\"url\":\"https:\/\/jornalfatosenoticias.com.br\/\",\"name\":\"Jornal Fatos e Not\u00edcias\",\"description\":\"Not\u00edcias em geral\",\"publisher\":{\"@id\":\"https:\/\/jornalfatosenoticias.com.br\/#organization\"},\"potentialAction\":[{\"@type\":\"SearchAction\",\"target\":{\"@type\":\"EntryPoint\",\"urlTemplate\":\"https:\/\/jornalfatosenoticias.com.br\/?s={search_term_string}\"},\"query-input\":{\"@type\":\"PropertyValueSpecification\",\"valueRequired\":true,\"valueName\":\"search_term_string\"}}],\"inLanguage\":\"pt-BR\"},{\"@type\":\"Organization\",\"@id\":\"https:\/\/jornalfatosenoticias.com.br\/#organization\",\"name\":\"Jornal Fatos e Not\u00edcias\",\"url\":\"https:\/\/jornalfatosenoticias.com.br\/\",\"logo\":{\"@type\":\"ImageObject\",\"inLanguage\":\"pt-BR\",\"@id\":\"https:\/\/jornalfatosenoticias.com.br\/#\/schema\/logo\/image\/\",\"url\":\"https:\/\/jornalfatosenoticias.com.br\/wp-content\/uploads\/2020\/02\/logo120.png\",\"contentUrl\":\"https:\/\/jornalfatosenoticias.com.br\/wp-content\/uploads\/2020\/02\/logo120.png\",\"width\":1227,\"height\":120,\"caption\":\"Jornal Fatos e Not\u00edcias\"},\"image\":{\"@id\":\"https:\/\/jornalfatosenoticias.com.br\/#\/schema\/logo\/image\/\"}},{\"@type\":\"Person\",\"@id\":\"https:\/\/jornalfatosenoticias.com.br\/#\/schema\/person\/05c46cc25b42a5c27e004fb0fa6b4965\",\"name\":\"Haroldo Filho\",\"image\":{\"@type\":\"ImageObject\",\"inLanguage\":\"pt-BR\",\"@id\":\"https:\/\/jornalfatosenoticias.com.br\/#\/schema\/person\/image\/\",\"url\":\"https:\/\/jornalfatosenoticias.com.br\/wp-content\/uploads\/2025\/08\/WhatsApp-Image-2025-08-18-at-15.30.28-150x150.jpeg\",\"contentUrl\":\"https:\/\/jornalfatosenoticias.com.br\/wp-content\/uploads\/2025\/08\/WhatsApp-Image-2025-08-18-at-15.30.28-150x150.jpeg\",\"caption\":\"Haroldo Filho\"},\"description\":\"Jornalista \u2013 DRT: 0003818\/ES Coordenador-geral da ONG Educar para Crescer\",\"url\":\"https:\/\/jornalfatosenoticias.com.br\/index.php\/author\/haroldo\/\"}]}<\/script>\n<!-- \/ Yoast SEO plugin. -->","yoast_head_json":{"title":"O que esperar de 2024? - Jornal Fatos e Not\u00edcias","robots":{"index":"index","follow":"follow","max-snippet":"max-snippet:-1","max-image-preview":"max-image-preview:large","max-video-preview":"max-video-preview:-1"},"canonical":"https:\/\/jornalfatosenoticias.com.br\/index.php\/2023\/12\/24\/o-que-esperar-de-2024\/","og_locale":"pt_BR","og_type":"article","og_title":"O que esperar de 2024? - Jornal Fatos e Not\u00edcias","og_description":"Pela atual conjuntura, pol\u00edtica e econ\u00f4mica, um futuro sombrio e alarmante espera os brasileiros O ano se finda e com ele as boas lembran\u00e7as e os dissabores. Ap\u00f3s quatro anos de sonhos e expectativas de crescimento, de uma hora para outra o Pa\u00eds, inesperadamente, mergulha em \u00e1guas profundas infestadas de predadores por todos os lados.Lutando [&hellip;]","og_url":"https:\/\/jornalfatosenoticias.com.br\/index.php\/2023\/12\/24\/o-que-esperar-de-2024\/","og_site_name":"Jornal Fatos e Not\u00edcias","article_published_time":"2023-12-24T13:21:32+00:00","article_modified_time":"2023-12-26T14:16:53+00:00","og_image":[{"width":675,"height":450,"url":"https:\/\/jornalfatosenoticias.com.br\/wp-content\/uploads\/2023\/12\/Dino-STF.jpeg","type":"image\/jpeg"}],"author":"Haroldo Filho","twitter_card":"summary_large_image","twitter_misc":{"Escrito por":"Haroldo Filho","Est. tempo de leitura":"5 minutos"},"schema":{"@context":"https:\/\/schema.org","@graph":[{"@type":"Article","@id":"https:\/\/jornalfatosenoticias.com.br\/index.php\/2023\/12\/24\/o-que-esperar-de-2024\/#article","isPartOf":{"@id":"https:\/\/jornalfatosenoticias.com.br\/index.php\/2023\/12\/24\/o-que-esperar-de-2024\/"},"author":{"name":"Haroldo Filho","@id":"https:\/\/jornalfatosenoticias.com.br\/#\/schema\/person\/05c46cc25b42a5c27e004fb0fa6b4965"},"headline":"O que esperar de 2024?","datePublished":"2023-12-24T13:21:32+00:00","dateModified":"2023-12-26T14:16:53+00:00","mainEntityOfPage":{"@id":"https:\/\/jornalfatosenoticias.com.br\/index.php\/2023\/12\/24\/o-que-esperar-de-2024\/"},"wordCount":1075,"commentCount":0,"publisher":{"@id":"https:\/\/jornalfatosenoticias.com.br\/#organization"},"image":{"@id":"https:\/\/jornalfatosenoticias.com.br\/index.php\/2023\/12\/24\/o-que-esperar-de-2024\/#primaryimage"},"thumbnailUrl":"https:\/\/jornalfatosenoticias.com.br\/wp-content\/uploads\/2023\/12\/Dino-STF.jpeg","keywords":["Bolsonaro","Brasil","carros-pipas","Fl\u00e1vio Dino","futuro","STF"],"articleSection":["Pol\u00edtica"],"inLanguage":"pt-BR","potentialAction":[{"@type":"CommentAction","name":"Comment","target":["https:\/\/jornalfatosenoticias.com.br\/index.php\/2023\/12\/24\/o-que-esperar-de-2024\/#respond"]}]},{"@type":"WebPage","@id":"https:\/\/jornalfatosenoticias.com.br\/index.php\/2023\/12\/24\/o-que-esperar-de-2024\/","url":"https:\/\/jornalfatosenoticias.com.br\/index.php\/2023\/12\/24\/o-que-esperar-de-2024\/","name":"O que esperar de 2024? - Jornal Fatos e Not\u00edcias","isPartOf":{"@id":"https:\/\/jornalfatosenoticias.com.br\/#website"},"primaryImageOfPage":{"@id":"https:\/\/jornalfatosenoticias.com.br\/index.php\/2023\/12\/24\/o-que-esperar-de-2024\/#primaryimage"},"image":{"@id":"https:\/\/jornalfatosenoticias.com.br\/index.php\/2023\/12\/24\/o-que-esperar-de-2024\/#primaryimage"},"thumbnailUrl":"https:\/\/jornalfatosenoticias.com.br\/wp-content\/uploads\/2023\/12\/Dino-STF.jpeg","datePublished":"2023-12-24T13:21:32+00:00","dateModified":"2023-12-26T14:16:53+00:00","breadcrumb":{"@id":"https:\/\/jornalfatosenoticias.com.br\/index.php\/2023\/12\/24\/o-que-esperar-de-2024\/#breadcrumb"},"inLanguage":"pt-BR","potentialAction":[{"@type":"ReadAction","target":["https:\/\/jornalfatosenoticias.com.br\/index.php\/2023\/12\/24\/o-que-esperar-de-2024\/"]}]},{"@type":"ImageObject","inLanguage":"pt-BR","@id":"https:\/\/jornalfatosenoticias.com.br\/index.php\/2023\/12\/24\/o-que-esperar-de-2024\/#primaryimage","url":"https:\/\/jornalfatosenoticias.com.br\/wp-content\/uploads\/2023\/12\/Dino-STF.jpeg","contentUrl":"https:\/\/jornalfatosenoticias.com.br\/wp-content\/uploads\/2023\/12\/Dino-STF.jpeg","width":675,"height":450},{"@type":"BreadcrumbList","@id":"https:\/\/jornalfatosenoticias.com.br\/index.php\/2023\/12\/24\/o-que-esperar-de-2024\/#breadcrumb","itemListElement":[{"@type":"ListItem","position":1,"name":"In\u00edcio","item":"https:\/\/jornalfatosenoticias.com.br\/"},{"@type":"ListItem","position":2,"name":"O que esperar de 2024?"}]},{"@type":"WebSite","@id":"https:\/\/jornalfatosenoticias.com.br\/#website","url":"https:\/\/jornalfatosenoticias.com.br\/","name":"Jornal Fatos e Not\u00edcias","description":"Not\u00edcias em geral","publisher":{"@id":"https:\/\/jornalfatosenoticias.com.br\/#organization"},"potentialAction":[{"@type":"SearchAction","target":{"@type":"EntryPoint","urlTemplate":"https:\/\/jornalfatosenoticias.com.br\/?s={search_term_string}"},"query-input":{"@type":"PropertyValueSpecification","valueRequired":true,"valueName":"search_term_string"}}],"inLanguage":"pt-BR"},{"@type":"Organization","@id":"https:\/\/jornalfatosenoticias.com.br\/#organization","name":"Jornal Fatos e Not\u00edcias","url":"https:\/\/jornalfatosenoticias.com.br\/","logo":{"@type":"ImageObject","inLanguage":"pt-BR","@id":"https:\/\/jornalfatosenoticias.com.br\/#\/schema\/logo\/image\/","url":"https:\/\/jornalfatosenoticias.com.br\/wp-content\/uploads\/2020\/02\/logo120.png","contentUrl":"https:\/\/jornalfatosenoticias.com.br\/wp-content\/uploads\/2020\/02\/logo120.png","width":1227,"height":120,"caption":"Jornal Fatos e Not\u00edcias"},"image":{"@id":"https:\/\/jornalfatosenoticias.com.br\/#\/schema\/logo\/image\/"}},{"@type":"Person","@id":"https:\/\/jornalfatosenoticias.com.br\/#\/schema\/person\/05c46cc25b42a5c27e004fb0fa6b4965","name":"Haroldo Filho","image":{"@type":"ImageObject","inLanguage":"pt-BR","@id":"https:\/\/jornalfatosenoticias.com.br\/#\/schema\/person\/image\/","url":"https:\/\/jornalfatosenoticias.com.br\/wp-content\/uploads\/2025\/08\/WhatsApp-Image-2025-08-18-at-15.30.28-150x150.jpeg","contentUrl":"https:\/\/jornalfatosenoticias.com.br\/wp-content\/uploads\/2025\/08\/WhatsApp-Image-2025-08-18-at-15.30.28-150x150.jpeg","caption":"Haroldo Filho"},"description":"Jornalista \u2013 DRT: 0003818\/ES Coordenador-geral da ONG Educar para Crescer","url":"https:\/\/jornalfatosenoticias.com.br\/index.php\/author\/haroldo\/"}]}},"cc_featured_image_caption":{"caption_text":"(Foto: Senado Federal)","source_text":"","source_url":""},"jetpack_featured_media_url":"https:\/\/jornalfatosenoticias.com.br\/wp-content\/uploads\/2023\/12\/Dino-STF.jpeg","_links":{"self":[{"href":"https:\/\/jornalfatosenoticias.com.br\/index.php\/wp-json\/wp\/v2\/posts\/48010","targetHints":{"allow":["GET"]}}],"collection":[{"href":"https:\/\/jornalfatosenoticias.com.br\/index.php\/wp-json\/wp\/v2\/posts"}],"about":[{"href":"https:\/\/jornalfatosenoticias.com.br\/index.php\/wp-json\/wp\/v2\/types\/post"}],"author":[{"embeddable":true,"href":"https:\/\/jornalfatosenoticias.com.br\/index.php\/wp-json\/wp\/v2\/users\/3"}],"replies":[{"embeddable":true,"href":"https:\/\/jornalfatosenoticias.com.br\/index.php\/wp-json\/wp\/v2\/comments?post=48010"}],"version-history":[{"count":0,"href":"https:\/\/jornalfatosenoticias.com.br\/index.php\/wp-json\/wp\/v2\/posts\/48010\/revisions"}],"wp:featuredmedia":[{"embeddable":true,"href":"https:\/\/jornalfatosenoticias.com.br\/index.php\/wp-json\/wp\/v2\/media\/48014"}],"wp:attachment":[{"href":"https:\/\/jornalfatosenoticias.com.br\/index.php\/wp-json\/wp\/v2\/media?parent=48010"}],"wp:term":[{"taxonomy":"category","embeddable":true,"href":"https:\/\/jornalfatosenoticias.com.br\/index.php\/wp-json\/wp\/v2\/categories?post=48010"},{"taxonomy":"post_tag","embeddable":true,"href":"https:\/\/jornalfatosenoticias.com.br\/index.php\/wp-json\/wp\/v2\/tags?post=48010"}],"curies":[{"name":"wp","href":"https:\/\/api.w.org\/{rel}","templated":true}]}}