{"id":48023,"date":"2023-12-26T12:04:32","date_gmt":"2023-12-26T15:04:32","guid":{"rendered":"https:\/\/jornalfatosenoticias.com.br\/?p=48023"},"modified":"2023-12-26T12:04:33","modified_gmt":"2023-12-26T15:04:33","slug":"arvore-rara-e-ameacada-de-extincao-e-encontrada-no-espirito-santo","status":"publish","type":"post","link":"https:\/\/jornalfatosenoticias.com.br\/index.php\/2023\/12\/26\/arvore-rara-e-ameacada-de-extincao-e-encontrada-no-espirito-santo\/","title":{"rendered":"\u00c1rvore rara e amea\u00e7ada de extin\u00e7\u00e3o \u00e9 encontrada no Esp\u00edrito Santo"},"content":{"rendered":"\n<div class=\"wp-block-image\"><figure class=\"aligncenter size-large is-resized\"><img loading=\"lazy\" decoding=\"async\" src=\"https:\/\/jornalfatosenoticias.com.br\/wp-content\/uploads\/2023\/12\/pegoretti-logo-pdf-1024x389.jpg\" alt=\"\" class=\"wp-image-47536\" width=\"356\" height=\"135\" srcset=\"https:\/\/jornalfatosenoticias.com.br\/wp-content\/uploads\/2023\/12\/pegoretti-logo-pdf-1024x389.jpg 1024w, https:\/\/jornalfatosenoticias.com.br\/wp-content\/uploads\/2023\/12\/pegoretti-logo-pdf-300x114.jpg 300w, https:\/\/jornalfatosenoticias.com.br\/wp-content\/uploads\/2023\/12\/pegoretti-logo-pdf-768x291.jpg 768w, https:\/\/jornalfatosenoticias.com.br\/wp-content\/uploads\/2023\/12\/pegoretti-logo-pdf.jpg 1120w\" sizes=\"auto, (max-width: 356px) 100vw, 356px\" \/><\/figure><\/div>\n\n\n\n<p>Uma \u00e1rvore nativa rara, a Guapeba (Chrysophyllum imperiale), tamb\u00e9m conhecida como fruta-do-Imperador ou \u00e1rvore-imperial, foi encontrada na Reserva Biol\u00f3gica de Duas Bocas (Rebio), localizada em Cariacica. Atualmente, menos de 50 indiv\u00edduos adultos s\u00e3o encontrados na natureza nos estados de Minas Gerais, Rio de Janeiro e S\u00e3o Paulo, sendo a esp\u00e9cie considerada extremamente amea\u00e7ada de extin\u00e7\u00e3o.<br>Encontrar essa esp\u00e9cie no Esp\u00edrito Santo aumenta o n\u00famero de indiv\u00edduos conhecidos e melhora o conhecimento sobre o seu status de amea\u00e7a. A fruta-do-imperador foi muito apreciada pela fam\u00edlia real portuguesa, por seus frutos suculentos e doces. \u00c9 uma \u00e1rvore de grande porte que tinha sua madeira utilizada na constru\u00e7\u00e3o naval.<\/p>\n\n\n\n<div class=\"wp-block-image\"><figure class=\"aligncenter size-large\"><img loading=\"lazy\" decoding=\"async\" width=\"300\" height=\"250\" src=\"https:\/\/jornalfatosenoticias.com.br\/wp-content\/uploads\/2020\/02\/Banner-2.png\" alt=\"\" class=\"wp-image-43787\"\/><\/figure><\/div>\n\n\n\n<blockquote class=\"wp-block-quote is-layout-flow wp-block-quote-is-layout-flow\"><p><span class=\"has-inline-color has-luminous-vivid-orange-color\">A descoberta dessa planta na Rebio vai al\u00e9m de sua import\u00e2ncia para a ci\u00eancia, demonstra que necessitamos muito de conhecimento de nossa flora. Apesar das in\u00fameras pesquisas j\u00e1 realizadas na Unidade de Conserva\u00e7\u00e3o (UC), nesses 58 anos de exist\u00eancia, somente agora ap\u00f3s a abertura de uma nova trilha para Educa\u00e7\u00e3o Ambiental foi poss\u00edvel a sua identifica\u00e7\u00e3o, demonstrando que nossas pesquisas em muitas vezes ficam restritas \u00e0s \u00e1reas de influ\u00eancia das trilha existentes e nos traz a pergunta: Quantas esp\u00e9cies escondidas ainda temos na Rebio?\u201d, disse o gestor UC, Rafael Lorenzon Boni.<\/span><\/p><\/blockquote>\n\n\n\n<div class=\"wp-block-image\"><figure class=\"aligncenter size-large is-resized\"><img loading=\"lazy\" decoding=\"async\" src=\"https:\/\/jornalfatosenoticias.com.br\/wp-content\/uploads\/2023\/03\/nova-logo-Marquetti.jpg\" alt=\"\" class=\"wp-image-40207\" width=\"320\" height=\"215\" srcset=\"https:\/\/jornalfatosenoticias.com.br\/wp-content\/uploads\/2023\/03\/nova-logo-Marquetti.jpg 643w, https:\/\/jornalfatosenoticias.com.br\/wp-content\/uploads\/2023\/03\/nova-logo-Marquetti-300x202.jpg 300w\" sizes=\"auto, (max-width: 320px) 100vw, 320px\" \/><\/figure><\/div>\n\n\n\n<p>A descoberta aconteceu durante uma vistoria de identifica\u00e7\u00e3o de esp\u00e9cies. O bot\u00e2nico e pesquisador da Vale, Geovane Siqueira, participou da descoberta e identifica\u00e7\u00e3o da esp\u00e9cie junto com o professor Anderson Ara\u00fajo, da Universidade Federal da Bahia (UFBA).<\/p>\n\n\n\n<div class=\"wp-block-image\"><figure class=\"aligncenter size-large\"><img decoding=\"async\" src=\"https:\/\/jornalfatosenoticias.com.br\/wp-content\/uploads\/2020\/02\/logo_esteio.jpg\" alt=\"\" class=\"wp-image-1214\"\/><\/figure><\/div>\n\n\n\n<blockquote class=\"wp-block-quote is-layout-flow wp-block-quote-is-layout-flow\"><p><span class=\"has-inline-color has-luminous-vivid-orange-color\">Com esse registro, damos mais um passo para ampliar o conhecimento sobre a biodiversidade brasileira e para subsidiar pol\u00edticas de conserva\u00e7\u00e3o e preserva\u00e7\u00e3o\u201d, refor\u00e7a Siqueira.<\/span><\/p><\/blockquote>\n\n\n\n<div class=\"wp-block-image\"><figure class=\"aligncenter size-large\"><img decoding=\"async\" src=\"https:\/\/jornalfatosenoticias.com.br\/wp-content\/uploads\/2020\/02\/barao-das-carnes-300x164-1.jpg\" alt=\"\" class=\"wp-image-34339\"\/><\/figure><\/div>\n\n\n\n<p>A descoberta foi poss\u00edvel gra\u00e7as a uma parceria realizada entre o Instituto Estadual de Meio Ambiente e Recursos H\u00eddricos (Iema), gestor da UC, e a Vale, por meio do acordo de coopera\u00e7\u00e3o t\u00e9cnica 003\/2020, que tem o prop\u00f3sito de m\u00fatua colabora\u00e7\u00e3o entre os participantes na conjun\u00e7\u00e3o de esfor\u00e7os de apoio nas atividades de prote\u00e7\u00e3o ecossist\u00eamica das \u00e1reas de abrang\u00eancia da Reserva Biol\u00f3gica (Rebio) de Duas Docas e do Monumento Natural Serra das Torres (Monast).<\/p>\n\n\n\n<div class=\"wp-block-image\"><figure class=\"aligncenter size-large is-resized\"><img loading=\"lazy\" decoding=\"async\" src=\"https:\/\/jornalfatosenoticias.com.br\/wp-content\/uploads\/2023\/07\/lacremoda.jpg\" alt=\"\" class=\"wp-image-43706\" width=\"337\" height=\"189\" srcset=\"https:\/\/jornalfatosenoticias.com.br\/wp-content\/uploads\/2023\/07\/lacremoda.jpg 1024w, https:\/\/jornalfatosenoticias.com.br\/wp-content\/uploads\/2023\/07\/lacremoda-300x168.jpg 300w, https:\/\/jornalfatosenoticias.com.br\/wp-content\/uploads\/2023\/07\/lacremoda-768x431.jpg 768w\" sizes=\"auto, (max-width: 337px) 100vw, 337px\" \/><\/figure><\/div>\n\n\n\n<p><strong><em>Fonte: <a href=\"https:\/\/www.es.gov.br\/Noticia\/fruta-do-imperador-arvore-rara-e-ameacada-de-extincao-e-encontrada-na-reserva-biologica-duas-bocas#prettyPhoto\">Governo do ES<\/a><\/em><\/strong><\/p>\n","protected":false},"excerpt":{"rendered":"<p>Uma \u00e1rvore nativa rara, a Guapeba (Chrysophyllum imperiale), tamb\u00e9m conhecida como fruta-do-Imperador ou \u00e1rvore-imperial, foi encontrada na Reserva Biol\u00f3gica de Duas Bocas (Rebio), localizada em Cariacica. Atualmente, menos de 50 indiv\u00edduos adultos s\u00e3o encontrados na natureza nos estados de Minas Gerais, Rio de Janeiro e S\u00e3o Paulo, sendo a esp\u00e9cie considerada extremamente amea\u00e7ada de extin\u00e7\u00e3o.Encontrar [&hellip;]<\/p>\n","protected":false},"author":2,"featured_media":48024,"comment_status":"open","ping_status":"open","sticky":false,"template":"","format":"standard","meta":{"footnotes":""},"categories":[8],"tags":[6786,22420,100,22422,22421],"class_list":["post-48023","post","type-post","status-publish","format-standard","has-post-thumbnail","hentry","category-meio-ambiente","tag-ameacada-de-extincao","tag-arvore-rara","tag-espirito-santo","tag-fruta-do-imperador","tag-rebio-duas-bocas"],"yoast_head":"<!-- This site is optimized with the Yoast SEO plugin v26.5 - https:\/\/yoast.com\/wordpress\/plugins\/seo\/ -->\n<title>\u00c1rvore rara e amea\u00e7ada de extin\u00e7\u00e3o \u00e9 encontrada no Esp\u00edrito Santo - Jornal Fatos e Not\u00edcias<\/title>\n<meta name=\"robots\" content=\"index, follow, max-snippet:-1, max-image-preview:large, max-video-preview:-1\" \/>\n<link rel=\"canonical\" href=\"https:\/\/jornalfatosenoticias.com.br\/index.php\/2023\/12\/26\/arvore-rara-e-ameacada-de-extincao-e-encontrada-no-espirito-santo\/\" \/>\n<meta property=\"og:locale\" content=\"pt_BR\" \/>\n<meta property=\"og:type\" content=\"article\" \/>\n<meta property=\"og:title\" content=\"\u00c1rvore rara e amea\u00e7ada de extin\u00e7\u00e3o \u00e9 encontrada no Esp\u00edrito Santo - Jornal Fatos e Not\u00edcias\" \/>\n<meta property=\"og:description\" content=\"Uma \u00e1rvore nativa rara, a Guapeba (Chrysophyllum imperiale), tamb\u00e9m conhecida como fruta-do-Imperador ou \u00e1rvore-imperial, foi encontrada na Reserva Biol\u00f3gica de Duas Bocas (Rebio), localizada em Cariacica. Atualmente, menos de 50 indiv\u00edduos adultos s\u00e3o encontrados na natureza nos estados de Minas Gerais, Rio de Janeiro e S\u00e3o Paulo, sendo a esp\u00e9cie considerada extremamente amea\u00e7ada de extin\u00e7\u00e3o.Encontrar [&hellip;]\" \/>\n<meta property=\"og:url\" content=\"https:\/\/jornalfatosenoticias.com.br\/index.php\/2023\/12\/26\/arvore-rara-e-ameacada-de-extincao-e-encontrada-no-espirito-santo\/\" \/>\n<meta property=\"og:site_name\" content=\"Jornal Fatos e Not\u00edcias\" \/>\n<meta property=\"article:published_time\" content=\"2023-12-26T15:04:32+00:00\" \/>\n<meta property=\"article:modified_time\" content=\"2023-12-26T15:04:33+00:00\" \/>\n<meta property=\"og:image\" content=\"https:\/\/jornalfatosenoticias.com.br\/wp-content\/uploads\/2023\/12\/fruta-do-imperador.jpeg\" \/>\n\t<meta property=\"og:image:width\" content=\"598\" \/>\n\t<meta property=\"og:image:height\" content=\"534\" \/>\n\t<meta property=\"og:image:type\" content=\"image\/jpeg\" \/>\n<meta name=\"author\" content=\"Luzimara Fernandes\" \/>\n<meta name=\"twitter:card\" content=\"summary_large_image\" \/>\n<meta name=\"twitter:label1\" content=\"Escrito por\" \/>\n\t<meta name=\"twitter:data1\" content=\"Luzimara Fernandes\" \/>\n\t<meta name=\"twitter:label2\" content=\"Est. tempo de leitura\" \/>\n\t<meta name=\"twitter:data2\" content=\"2 minutos\" \/>\n<script type=\"application\/ld+json\" class=\"yoast-schema-graph\">{\"@context\":\"https:\/\/schema.org\",\"@graph\":[{\"@type\":\"Article\",\"@id\":\"https:\/\/jornalfatosenoticias.com.br\/index.php\/2023\/12\/26\/arvore-rara-e-ameacada-de-extincao-e-encontrada-no-espirito-santo\/#article\",\"isPartOf\":{\"@id\":\"https:\/\/jornalfatosenoticias.com.br\/index.php\/2023\/12\/26\/arvore-rara-e-ameacada-de-extincao-e-encontrada-no-espirito-santo\/\"},\"author\":{\"name\":\"Luzimara Fernandes\",\"@id\":\"https:\/\/jornalfatosenoticias.com.br\/#\/schema\/person\/d63837fa13ac8666eb9e74e0985d6f81\"},\"headline\":\"\u00c1rvore rara e amea\u00e7ada de extin\u00e7\u00e3o \u00e9 encontrada no Esp\u00edrito Santo\",\"datePublished\":\"2023-12-26T15:04:32+00:00\",\"dateModified\":\"2023-12-26T15:04:33+00:00\",\"mainEntityOfPage\":{\"@id\":\"https:\/\/jornalfatosenoticias.com.br\/index.php\/2023\/12\/26\/arvore-rara-e-ameacada-de-extincao-e-encontrada-no-espirito-santo\/\"},\"wordCount\":397,\"commentCount\":0,\"publisher\":{\"@id\":\"https:\/\/jornalfatosenoticias.com.br\/#organization\"},\"image\":{\"@id\":\"https:\/\/jornalfatosenoticias.com.br\/index.php\/2023\/12\/26\/arvore-rara-e-ameacada-de-extincao-e-encontrada-no-espirito-santo\/#primaryimage\"},\"thumbnailUrl\":\"https:\/\/jornalfatosenoticias.com.br\/wp-content\/uploads\/2023\/12\/fruta-do-imperador.jpeg\",\"keywords\":[\"amea\u00e7ada de extin\u00e7\u00e3o\",\"\u00e1rvore rara\",\"Esp\u00edrito Santo\",\"fruta-do-imperador\",\"Rebio Duas Bocas\"],\"articleSection\":[\"Meio ambiente\"],\"inLanguage\":\"pt-BR\",\"potentialAction\":[{\"@type\":\"CommentAction\",\"name\":\"Comment\",\"target\":[\"https:\/\/jornalfatosenoticias.com.br\/index.php\/2023\/12\/26\/arvore-rara-e-ameacada-de-extincao-e-encontrada-no-espirito-santo\/#respond\"]}]},{\"@type\":\"WebPage\",\"@id\":\"https:\/\/jornalfatosenoticias.com.br\/index.php\/2023\/12\/26\/arvore-rara-e-ameacada-de-extincao-e-encontrada-no-espirito-santo\/\",\"url\":\"https:\/\/jornalfatosenoticias.com.br\/index.php\/2023\/12\/26\/arvore-rara-e-ameacada-de-extincao-e-encontrada-no-espirito-santo\/\",\"name\":\"\u00c1rvore rara e amea\u00e7ada de extin\u00e7\u00e3o \u00e9 encontrada no Esp\u00edrito Santo - Jornal Fatos e Not\u00edcias\",\"isPartOf\":{\"@id\":\"https:\/\/jornalfatosenoticias.com.br\/#website\"},\"primaryImageOfPage\":{\"@id\":\"https:\/\/jornalfatosenoticias.com.br\/index.php\/2023\/12\/26\/arvore-rara-e-ameacada-de-extincao-e-encontrada-no-espirito-santo\/#primaryimage\"},\"image\":{\"@id\":\"https:\/\/jornalfatosenoticias.com.br\/index.php\/2023\/12\/26\/arvore-rara-e-ameacada-de-extincao-e-encontrada-no-espirito-santo\/#primaryimage\"},\"thumbnailUrl\":\"https:\/\/jornalfatosenoticias.com.br\/wp-content\/uploads\/2023\/12\/fruta-do-imperador.jpeg\",\"datePublished\":\"2023-12-26T15:04:32+00:00\",\"dateModified\":\"2023-12-26T15:04:33+00:00\",\"breadcrumb\":{\"@id\":\"https:\/\/jornalfatosenoticias.com.br\/index.php\/2023\/12\/26\/arvore-rara-e-ameacada-de-extincao-e-encontrada-no-espirito-santo\/#breadcrumb\"},\"inLanguage\":\"pt-BR\",\"potentialAction\":[{\"@type\":\"ReadAction\",\"target\":[\"https:\/\/jornalfatosenoticias.com.br\/index.php\/2023\/12\/26\/arvore-rara-e-ameacada-de-extincao-e-encontrada-no-espirito-santo\/\"]}]},{\"@type\":\"ImageObject\",\"inLanguage\":\"pt-BR\",\"@id\":\"https:\/\/jornalfatosenoticias.com.br\/index.php\/2023\/12\/26\/arvore-rara-e-ameacada-de-extincao-e-encontrada-no-espirito-santo\/#primaryimage\",\"url\":\"https:\/\/jornalfatosenoticias.com.br\/wp-content\/uploads\/2023\/12\/fruta-do-imperador.jpeg\",\"contentUrl\":\"https:\/\/jornalfatosenoticias.com.br\/wp-content\/uploads\/2023\/12\/fruta-do-imperador.jpeg\",\"width\":598,\"height\":534},{\"@type\":\"BreadcrumbList\",\"@id\":\"https:\/\/jornalfatosenoticias.com.br\/index.php\/2023\/12\/26\/arvore-rara-e-ameacada-de-extincao-e-encontrada-no-espirito-santo\/#breadcrumb\",\"itemListElement\":[{\"@type\":\"ListItem\",\"position\":1,\"name\":\"In\u00edcio\",\"item\":\"https:\/\/jornalfatosenoticias.com.br\/\"},{\"@type\":\"ListItem\",\"position\":2,\"name\":\"\u00c1rvore rara e amea\u00e7ada de extin\u00e7\u00e3o \u00e9 encontrada no Esp\u00edrito Santo\"}]},{\"@type\":\"WebSite\",\"@id\":\"https:\/\/jornalfatosenoticias.com.br\/#website\",\"url\":\"https:\/\/jornalfatosenoticias.com.br\/\",\"name\":\"Jornal Fatos e Not\u00edcias\",\"description\":\"Not\u00edcias em geral\",\"publisher\":{\"@id\":\"https:\/\/jornalfatosenoticias.com.br\/#organization\"},\"potentialAction\":[{\"@type\":\"SearchAction\",\"target\":{\"@type\":\"EntryPoint\",\"urlTemplate\":\"https:\/\/jornalfatosenoticias.com.br\/?s={search_term_string}\"},\"query-input\":{\"@type\":\"PropertyValueSpecification\",\"valueRequired\":true,\"valueName\":\"search_term_string\"}}],\"inLanguage\":\"pt-BR\"},{\"@type\":\"Organization\",\"@id\":\"https:\/\/jornalfatosenoticias.com.br\/#organization\",\"name\":\"Jornal Fatos e Not\u00edcias\",\"url\":\"https:\/\/jornalfatosenoticias.com.br\/\",\"logo\":{\"@type\":\"ImageObject\",\"inLanguage\":\"pt-BR\",\"@id\":\"https:\/\/jornalfatosenoticias.com.br\/#\/schema\/logo\/image\/\",\"url\":\"https:\/\/jornalfatosenoticias.com.br\/wp-content\/uploads\/2020\/02\/logo120.png\",\"contentUrl\":\"https:\/\/jornalfatosenoticias.com.br\/wp-content\/uploads\/2020\/02\/logo120.png\",\"width\":1227,\"height\":120,\"caption\":\"Jornal Fatos e Not\u00edcias\"},\"image\":{\"@id\":\"https:\/\/jornalfatosenoticias.com.br\/#\/schema\/logo\/image\/\"}},{\"@type\":\"Person\",\"@id\":\"https:\/\/jornalfatosenoticias.com.br\/#\/schema\/person\/d63837fa13ac8666eb9e74e0985d6f81\",\"name\":\"Luzimara Fernandes\",\"image\":{\"@type\":\"ImageObject\",\"inLanguage\":\"pt-BR\",\"@id\":\"https:\/\/jornalfatosenoticias.com.br\/#\/schema\/person\/image\/\",\"url\":\"https:\/\/jornalfatosenoticias.com.br\/wp-content\/uploads\/2025\/05\/EU_portal.jpg\",\"contentUrl\":\"https:\/\/jornalfatosenoticias.com.br\/wp-content\/uploads\/2025\/05\/EU_portal.jpg\",\"caption\":\"Luzimara Fernandes\"},\"description\":\"Jornalista MTB 2358-ES\",\"sameAs\":[\"https:\/\/jornalfatosenoticias.com.br\"],\"url\":\"https:\/\/jornalfatosenoticias.com.br\/index.php\/author\/luzimara\/\"}]}<\/script>\n<!-- \/ Yoast SEO plugin. -->","yoast_head_json":{"title":"\u00c1rvore rara e amea\u00e7ada de extin\u00e7\u00e3o \u00e9 encontrada no Esp\u00edrito Santo - Jornal Fatos e Not\u00edcias","robots":{"index":"index","follow":"follow","max-snippet":"max-snippet:-1","max-image-preview":"max-image-preview:large","max-video-preview":"max-video-preview:-1"},"canonical":"https:\/\/jornalfatosenoticias.com.br\/index.php\/2023\/12\/26\/arvore-rara-e-ameacada-de-extincao-e-encontrada-no-espirito-santo\/","og_locale":"pt_BR","og_type":"article","og_title":"\u00c1rvore rara e amea\u00e7ada de extin\u00e7\u00e3o \u00e9 encontrada no Esp\u00edrito Santo - Jornal Fatos e Not\u00edcias","og_description":"Uma \u00e1rvore nativa rara, a Guapeba (Chrysophyllum imperiale), tamb\u00e9m conhecida como fruta-do-Imperador ou \u00e1rvore-imperial, foi encontrada na Reserva Biol\u00f3gica de Duas Bocas (Rebio), localizada em Cariacica. Atualmente, menos de 50 indiv\u00edduos adultos s\u00e3o encontrados na natureza nos estados de Minas Gerais, Rio de Janeiro e S\u00e3o Paulo, sendo a esp\u00e9cie considerada extremamente amea\u00e7ada de extin\u00e7\u00e3o.Encontrar [&hellip;]","og_url":"https:\/\/jornalfatosenoticias.com.br\/index.php\/2023\/12\/26\/arvore-rara-e-ameacada-de-extincao-e-encontrada-no-espirito-santo\/","og_site_name":"Jornal Fatos e Not\u00edcias","article_published_time":"2023-12-26T15:04:32+00:00","article_modified_time":"2023-12-26T15:04:33+00:00","og_image":[{"width":598,"height":534,"url":"https:\/\/jornalfatosenoticias.com.br\/wp-content\/uploads\/2023\/12\/fruta-do-imperador.jpeg","type":"image\/jpeg"}],"author":"Luzimara Fernandes","twitter_card":"summary_large_image","twitter_misc":{"Escrito por":"Luzimara Fernandes","Est. tempo de leitura":"2 minutos"},"schema":{"@context":"https:\/\/schema.org","@graph":[{"@type":"Article","@id":"https:\/\/jornalfatosenoticias.com.br\/index.php\/2023\/12\/26\/arvore-rara-e-ameacada-de-extincao-e-encontrada-no-espirito-santo\/#article","isPartOf":{"@id":"https:\/\/jornalfatosenoticias.com.br\/index.php\/2023\/12\/26\/arvore-rara-e-ameacada-de-extincao-e-encontrada-no-espirito-santo\/"},"author":{"name":"Luzimara Fernandes","@id":"https:\/\/jornalfatosenoticias.com.br\/#\/schema\/person\/d63837fa13ac8666eb9e74e0985d6f81"},"headline":"\u00c1rvore rara e amea\u00e7ada de extin\u00e7\u00e3o \u00e9 encontrada no Esp\u00edrito Santo","datePublished":"2023-12-26T15:04:32+00:00","dateModified":"2023-12-26T15:04:33+00:00","mainEntityOfPage":{"@id":"https:\/\/jornalfatosenoticias.com.br\/index.php\/2023\/12\/26\/arvore-rara-e-ameacada-de-extincao-e-encontrada-no-espirito-santo\/"},"wordCount":397,"commentCount":0,"publisher":{"@id":"https:\/\/jornalfatosenoticias.com.br\/#organization"},"image":{"@id":"https:\/\/jornalfatosenoticias.com.br\/index.php\/2023\/12\/26\/arvore-rara-e-ameacada-de-extincao-e-encontrada-no-espirito-santo\/#primaryimage"},"thumbnailUrl":"https:\/\/jornalfatosenoticias.com.br\/wp-content\/uploads\/2023\/12\/fruta-do-imperador.jpeg","keywords":["amea\u00e7ada de extin\u00e7\u00e3o","\u00e1rvore rara","Esp\u00edrito Santo","fruta-do-imperador","Rebio Duas Bocas"],"articleSection":["Meio ambiente"],"inLanguage":"pt-BR","potentialAction":[{"@type":"CommentAction","name":"Comment","target":["https:\/\/jornalfatosenoticias.com.br\/index.php\/2023\/12\/26\/arvore-rara-e-ameacada-de-extincao-e-encontrada-no-espirito-santo\/#respond"]}]},{"@type":"WebPage","@id":"https:\/\/jornalfatosenoticias.com.br\/index.php\/2023\/12\/26\/arvore-rara-e-ameacada-de-extincao-e-encontrada-no-espirito-santo\/","url":"https:\/\/jornalfatosenoticias.com.br\/index.php\/2023\/12\/26\/arvore-rara-e-ameacada-de-extincao-e-encontrada-no-espirito-santo\/","name":"\u00c1rvore rara e amea\u00e7ada de extin\u00e7\u00e3o \u00e9 encontrada no Esp\u00edrito Santo - Jornal Fatos e Not\u00edcias","isPartOf":{"@id":"https:\/\/jornalfatosenoticias.com.br\/#website"},"primaryImageOfPage":{"@id":"https:\/\/jornalfatosenoticias.com.br\/index.php\/2023\/12\/26\/arvore-rara-e-ameacada-de-extincao-e-encontrada-no-espirito-santo\/#primaryimage"},"image":{"@id":"https:\/\/jornalfatosenoticias.com.br\/index.php\/2023\/12\/26\/arvore-rara-e-ameacada-de-extincao-e-encontrada-no-espirito-santo\/#primaryimage"},"thumbnailUrl":"https:\/\/jornalfatosenoticias.com.br\/wp-content\/uploads\/2023\/12\/fruta-do-imperador.jpeg","datePublished":"2023-12-26T15:04:32+00:00","dateModified":"2023-12-26T15:04:33+00:00","breadcrumb":{"@id":"https:\/\/jornalfatosenoticias.com.br\/index.php\/2023\/12\/26\/arvore-rara-e-ameacada-de-extincao-e-encontrada-no-espirito-santo\/#breadcrumb"},"inLanguage":"pt-BR","potentialAction":[{"@type":"ReadAction","target":["https:\/\/jornalfatosenoticias.com.br\/index.php\/2023\/12\/26\/arvore-rara-e-ameacada-de-extincao-e-encontrada-no-espirito-santo\/"]}]},{"@type":"ImageObject","inLanguage":"pt-BR","@id":"https:\/\/jornalfatosenoticias.com.br\/index.php\/2023\/12\/26\/arvore-rara-e-ameacada-de-extincao-e-encontrada-no-espirito-santo\/#primaryimage","url":"https:\/\/jornalfatosenoticias.com.br\/wp-content\/uploads\/2023\/12\/fruta-do-imperador.jpeg","contentUrl":"https:\/\/jornalfatosenoticias.com.br\/wp-content\/uploads\/2023\/12\/fruta-do-imperador.jpeg","width":598,"height":534},{"@type":"BreadcrumbList","@id":"https:\/\/jornalfatosenoticias.com.br\/index.php\/2023\/12\/26\/arvore-rara-e-ameacada-de-extincao-e-encontrada-no-espirito-santo\/#breadcrumb","itemListElement":[{"@type":"ListItem","position":1,"name":"In\u00edcio","item":"https:\/\/jornalfatosenoticias.com.br\/"},{"@type":"ListItem","position":2,"name":"\u00c1rvore rara e amea\u00e7ada de extin\u00e7\u00e3o \u00e9 encontrada no Esp\u00edrito Santo"}]},{"@type":"WebSite","@id":"https:\/\/jornalfatosenoticias.com.br\/#website","url":"https:\/\/jornalfatosenoticias.com.br\/","name":"Jornal Fatos e Not\u00edcias","description":"Not\u00edcias em geral","publisher":{"@id":"https:\/\/jornalfatosenoticias.com.br\/#organization"},"potentialAction":[{"@type":"SearchAction","target":{"@type":"EntryPoint","urlTemplate":"https:\/\/jornalfatosenoticias.com.br\/?s={search_term_string}"},"query-input":{"@type":"PropertyValueSpecification","valueRequired":true,"valueName":"search_term_string"}}],"inLanguage":"pt-BR"},{"@type":"Organization","@id":"https:\/\/jornalfatosenoticias.com.br\/#organization","name":"Jornal Fatos e Not\u00edcias","url":"https:\/\/jornalfatosenoticias.com.br\/","logo":{"@type":"ImageObject","inLanguage":"pt-BR","@id":"https:\/\/jornalfatosenoticias.com.br\/#\/schema\/logo\/image\/","url":"https:\/\/jornalfatosenoticias.com.br\/wp-content\/uploads\/2020\/02\/logo120.png","contentUrl":"https:\/\/jornalfatosenoticias.com.br\/wp-content\/uploads\/2020\/02\/logo120.png","width":1227,"height":120,"caption":"Jornal Fatos e Not\u00edcias"},"image":{"@id":"https:\/\/jornalfatosenoticias.com.br\/#\/schema\/logo\/image\/"}},{"@type":"Person","@id":"https:\/\/jornalfatosenoticias.com.br\/#\/schema\/person\/d63837fa13ac8666eb9e74e0985d6f81","name":"Luzimara Fernandes","image":{"@type":"ImageObject","inLanguage":"pt-BR","@id":"https:\/\/jornalfatosenoticias.com.br\/#\/schema\/person\/image\/","url":"https:\/\/jornalfatosenoticias.com.br\/wp-content\/uploads\/2025\/05\/EU_portal.jpg","contentUrl":"https:\/\/jornalfatosenoticias.com.br\/wp-content\/uploads\/2025\/05\/EU_portal.jpg","caption":"Luzimara Fernandes"},"description":"Jornalista MTB 2358-ES","sameAs":["https:\/\/jornalfatosenoticias.com.br"],"url":"https:\/\/jornalfatosenoticias.com.br\/index.php\/author\/luzimara\/"}]}},"cc_featured_image_caption":{"caption_text":"(Foto: Reprodu\u00e7\u00e3o)\t","source_text":"","source_url":""},"jetpack_featured_media_url":"https:\/\/jornalfatosenoticias.com.br\/wp-content\/uploads\/2023\/12\/fruta-do-imperador.jpeg","_links":{"self":[{"href":"https:\/\/jornalfatosenoticias.com.br\/index.php\/wp-json\/wp\/v2\/posts\/48023","targetHints":{"allow":["GET"]}}],"collection":[{"href":"https:\/\/jornalfatosenoticias.com.br\/index.php\/wp-json\/wp\/v2\/posts"}],"about":[{"href":"https:\/\/jornalfatosenoticias.com.br\/index.php\/wp-json\/wp\/v2\/types\/post"}],"author":[{"embeddable":true,"href":"https:\/\/jornalfatosenoticias.com.br\/index.php\/wp-json\/wp\/v2\/users\/2"}],"replies":[{"embeddable":true,"href":"https:\/\/jornalfatosenoticias.com.br\/index.php\/wp-json\/wp\/v2\/comments?post=48023"}],"version-history":[{"count":0,"href":"https:\/\/jornalfatosenoticias.com.br\/index.php\/wp-json\/wp\/v2\/posts\/48023\/revisions"}],"wp:featuredmedia":[{"embeddable":true,"href":"https:\/\/jornalfatosenoticias.com.br\/index.php\/wp-json\/wp\/v2\/media\/48024"}],"wp:attachment":[{"href":"https:\/\/jornalfatosenoticias.com.br\/index.php\/wp-json\/wp\/v2\/media?parent=48023"}],"wp:term":[{"taxonomy":"category","embeddable":true,"href":"https:\/\/jornalfatosenoticias.com.br\/index.php\/wp-json\/wp\/v2\/categories?post=48023"},{"taxonomy":"post_tag","embeddable":true,"href":"https:\/\/jornalfatosenoticias.com.br\/index.php\/wp-json\/wp\/v2\/tags?post=48023"}],"curies":[{"name":"wp","href":"https:\/\/api.w.org\/{rel}","templated":true}]}}