{"id":48029,"date":"2023-12-26T15:44:02","date_gmt":"2023-12-26T18:44:02","guid":{"rendered":"https:\/\/jornalfatosenoticias.com.br\/?p=48029"},"modified":"2023-12-26T15:44:03","modified_gmt":"2023-12-26T18:44:03","slug":"corrida-ou-caminhada-descubra-a-melhor-opcao-para-voce","status":"publish","type":"post","link":"https:\/\/jornalfatosenoticias.com.br\/index.php\/2023\/12\/26\/corrida-ou-caminhada-descubra-a-melhor-opcao-para-voce\/","title":{"rendered":"Corrida ou caminhada? Descubra a melhor op\u00e7\u00e3o para voc\u00ea"},"content":{"rendered":"\n<p><em><span class=\"has-inline-color has-black-color\">Confira as diferen\u00e7as entre correr e caminhar e os benef\u00edcios para a sa\u00fade de cada uma delas<\/span><\/em><\/p>\n\n\n\n<div class=\"wp-block-image\"><figure class=\"aligncenter size-large\"><img loading=\"lazy\" decoding=\"async\" width=\"1024\" height=\"111\" src=\"https:\/\/jornalfatosenoticias.com.br\/wp-content\/uploads\/2020\/02\/WhatsApp-Image-2022-09-23-at-12.09.18-1024x111.jpeg\" alt=\"\" class=\"wp-image-34527\" srcset=\"https:\/\/jornalfatosenoticias.com.br\/wp-content\/uploads\/2020\/02\/WhatsApp-Image-2022-09-23-at-12.09.18-1024x111.jpeg 1024w, https:\/\/jornalfatosenoticias.com.br\/wp-content\/uploads\/2020\/02\/WhatsApp-Image-2022-09-23-at-12.09.18-300x32.jpeg 300w, https:\/\/jornalfatosenoticias.com.br\/wp-content\/uploads\/2020\/02\/WhatsApp-Image-2022-09-23-at-12.09.18-768x83.jpeg 768w, https:\/\/jornalfatosenoticias.com.br\/wp-content\/uploads\/2020\/02\/WhatsApp-Image-2022-09-23-at-12.09.18.jpeg 1121w\" sizes=\"auto, (max-width: 1024px) 100vw, 1024px\" \/><\/figure><\/div>\n\n\n\n<p>Na d\u00favida entre iniciar a corrida ou caminhada como pr\u00e1tica de exerc\u00edcio f\u00edsico? Ambos s\u00e3o atividades f\u00edsicas acess\u00edveis, que podem ser praticadas por pessoas de todas as idades e n\u00edveis de condicionamento f\u00edsico e, principalmente, trazem in\u00fameros benef\u00edcios para a sa\u00fade.<br>A corrida ou caminhada ajudam a fortalecer os m\u00fasculos, melhorar a sa\u00fade cardiovascular e aumentar a resist\u00eancia f\u00edsica. Al\u00e9m disso, a pr\u00e1tica regular de corrida e caminhada pode ajudar a reduzir o risco de doen\u00e7as cr\u00f4nicas, como <a href=\"https:\/\/ciclovivo.com.br\/vida-sustentavel\/alimentacao\/canela-pode-auxiliar-no-controle-do-diabetes\/\" target=\"_blank\" rel=\"noreferrer noopener\">diabetes<\/a> tipo 2, doen\u00e7as card\u00edacas e at\u00e9 mesmo certos tipos de c\u00e2ncer.<br>Aqui, vamos te ajudar a decidir qual exerc\u00edcio iniciar, te mostrar os benef\u00edcios da corrida e da caminhada, e tamb\u00e9m te explicar como escolher o melhor t\u00eanis para cada uma das pr\u00e1ticas. Escolher correr ou <a href=\"https:\/\/ciclovivo.com.br\/vida-sustentavel\/bem-estar\/caminhar-500-passos-extras-por-dia-reduz-doencas-cardiovasculares\/\" target=\"_blank\" rel=\"noreferrer noopener\">caminhar<\/a> depende de v\u00e1rios fatores individuais, que incluem n\u00edvel de condicionamento atual e hist\u00f3rico de les\u00f5es. Se voc\u00ea est\u00e1 buscando um exerc\u00edcio de alta intensidade, que queime mais calorias e melhore a forma f\u00edsica, a corrida pode ser a melhor op\u00e7\u00e3o para voc\u00ea. No entanto, se voc\u00ea est\u00e1 procurando uma atividade de menor impacto, mais acess\u00edvel e que possa ser feita por longos per\u00edodos de tempo, a caminhada pode ser a escolha certa.<\/p>\n\n\n\n<div class=\"wp-block-image\"><figure class=\"aligncenter size-large is-resized\"><img loading=\"lazy\" decoding=\"async\" src=\"https:\/\/jornalfatosenoticias.com.br\/wp-content\/uploads\/2022\/10\/Arte-jornal-Zucchi-600x600_Prancheta-1-1024x1024.jpg\" alt=\"\" class=\"wp-image-34782\" width=\"320\" height=\"320\" srcset=\"https:\/\/jornalfatosenoticias.com.br\/wp-content\/uploads\/2022\/10\/Arte-jornal-Zucchi-600x600_Prancheta-1-1024x1024.jpg 1024w, https:\/\/jornalfatosenoticias.com.br\/wp-content\/uploads\/2022\/10\/Arte-jornal-Zucchi-600x600_Prancheta-1-300x300.jpg 300w, https:\/\/jornalfatosenoticias.com.br\/wp-content\/uploads\/2022\/10\/Arte-jornal-Zucchi-600x600_Prancheta-1-150x150.jpg 150w, https:\/\/jornalfatosenoticias.com.br\/wp-content\/uploads\/2022\/10\/Arte-jornal-Zucchi-600x600_Prancheta-1-768x768.jpg 768w, https:\/\/jornalfatosenoticias.com.br\/wp-content\/uploads\/2022\/10\/Arte-jornal-Zucchi-600x600_Prancheta-1.jpg 1250w\" sizes=\"auto, (max-width: 320px) 100vw, 320px\" \/><\/figure><\/div>\n\n\n\n<p>\u00c9 importante lembrar que voc\u00ea n\u00e3o precisa escolher apenas uma atividade. Muitas pessoas combinam a corrida e a caminhada em suas rotinas de exerc\u00edcios, alternando entre os dois ou at\u00e9 mesmo praticando-as em dias diferentes. Essa abordagem pode ser especialmente ben\u00e9fica para evitar les\u00f5es e manter a motiva\u00e7\u00e3o. Independente da sua escolha de exerc\u00edcio f\u00edsico, saiba que ambos s\u00e3o beneficiais para a sa\u00fade.<\/p>\n\n\n\n<div class=\"wp-block-image\"><figure class=\"aligncenter size-large is-resized\"><img loading=\"lazy\" decoding=\"async\" src=\"https:\/\/jornalfatosenoticias.com.br\/wp-content\/uploads\/2020\/02\/logo-Rapuzel-1024x571.jpg\" alt=\"\" class=\"wp-image-42808\" width=\"332\" height=\"185\" srcset=\"https:\/\/jornalfatosenoticias.com.br\/wp-content\/uploads\/2020\/02\/logo-Rapuzel-1024x571.jpg 1024w, https:\/\/jornalfatosenoticias.com.br\/wp-content\/uploads\/2020\/02\/logo-Rapuzel-300x167.jpg 300w, https:\/\/jornalfatosenoticias.com.br\/wp-content\/uploads\/2020\/02\/logo-Rapuzel-768x428.jpg 768w, https:\/\/jornalfatosenoticias.com.br\/wp-content\/uploads\/2020\/02\/logo-Rapuzel-1536x856.jpg 1536w, https:\/\/jornalfatosenoticias.com.br\/wp-content\/uploads\/2020\/02\/logo-Rapuzel.jpg 1600w\" sizes=\"auto, (max-width: 332px) 100vw, 332px\" \/><\/figure><\/div>\n\n\n\n<p>Antes de come\u00e7ar um plano de exerc\u00edcios, \u00e9 importante consultar um profissional da sa\u00fade. Cada pessoa tem suas caracter\u00edsticas, fortalezas e limita\u00e7\u00f5es e especialistas na \u00e1rea de educa\u00e7\u00e3o f\u00edsica e sa\u00fade s\u00e3o os mais indicados para orientar sobre a escolha certa de exerc\u00edcios.<br>A caminhada \u00e9 uma atividade f\u00edsica acess\u00edvel a todos, independentemente da idade ou n\u00edvel de condicionamento f\u00edsico. Ideal para aqueles que est\u00e3o dando os primeiros passos em uma rotina de exerc\u00edcios, ela representa uma oportunidade valiosa para aprimorar a sa\u00fade de maneira geral.<\/p>\n\n\n\n<div class=\"wp-block-image\"><figure class=\"aligncenter size-large is-resized\"><img loading=\"lazy\" decoding=\"async\" src=\"https:\/\/jornalfatosenoticias.com.br\/wp-content\/uploads\/2023\/08\/BKR-1024x1021.jpg\" alt=\"\" class=\"wp-image-44494\" width=\"303\" height=\"302\" srcset=\"https:\/\/jornalfatosenoticias.com.br\/wp-content\/uploads\/2023\/08\/BKR-1024x1021.jpg 1024w, https:\/\/jornalfatosenoticias.com.br\/wp-content\/uploads\/2023\/08\/BKR-300x300.jpg 300w, https:\/\/jornalfatosenoticias.com.br\/wp-content\/uploads\/2023\/08\/BKR-150x150.jpg 150w, https:\/\/jornalfatosenoticias.com.br\/wp-content\/uploads\/2023\/08\/BKR-768x766.jpg 768w, https:\/\/jornalfatosenoticias.com.br\/wp-content\/uploads\/2023\/08\/BKR.jpg 1080w\" sizes=\"auto, (max-width: 303px) 100vw, 303px\" \/><\/figure><\/div>\n\n\n\n<p>Com a caminhada, \u00e9 poss\u00edvel notar o fortalecimento dos m\u00fasculos das pernas, a melhoria da sa\u00fade cardiovascular e o aumento da resist\u00eancia f\u00edsica s\u00e3o apenas algumas das vantagens. Adicionalmente, a pr\u00e1tica regular da <a href=\"https:\/\/ciclovivo.com.br\/arq-urb\/mobilidade\/strava-calcula-reducao-de-carbono-ao-deixar-automovel-em-casa\/\" target=\"_blank\" rel=\"noreferrer noopener\">caminhada<\/a> contribui para a redu\u00e7\u00e3o do risco de doen\u00e7as cr\u00f4nicas, como diabetes tipo 2 e doen\u00e7as card\u00edacas.<\/p>\n\n\n\n<div class=\"wp-block-image\"><figure class=\"aligncenter size-large is-resized\"><img loading=\"lazy\" decoding=\"async\" src=\"https:\/\/jornalfatosenoticias.com.br\/wp-content\/uploads\/2023\/08\/LOGO-BLU-COMERCIAL-PRETO-1024x600.jpg\" alt=\"\" class=\"wp-image-44053\" width=\"333\" height=\"194\"\/><\/figure><\/div>\n\n\n\n<p>Vale ressaltar que essa atividade de baixo impacto preserva as articula\u00e7\u00f5es, permitindo sua execu\u00e7\u00e3o de forma consistente ao longo do tempo. Ou seja, \u00e9 um exerc\u00edcio que pode ser feito por todos, at\u00e9 mesmo idosos e gestantes. Al\u00e9m dos benef\u00edcios f\u00edsicos, a caminhada exerce um impacto positivo not\u00e1vel na <a href=\"https:\/\/ciclovivo.com.br\/vida-sustentavel\/bem-estar\/ver-ou-ouvir-passaros-melhora-a-saude-mental-diz-estudo\/\" target=\"_blank\" rel=\"noreferrer noopener\">sa\u00fade mental<\/a>. Ao caminhar ao ar livre, a redu\u00e7\u00e3o do estresse, a melhoria do humor e o aumento do bem-estar geral tornam-se manifestos.<\/p>\n\n\n\n<div class=\"wp-block-image\"><figure class=\"aligncenter size-large is-resized\"><img loading=\"lazy\" decoding=\"async\" src=\"https:\/\/jornalfatosenoticias.com.br\/wp-content\/uploads\/2022\/02\/Precisao-Contabilidade-1024x724.jpg\" alt=\"\" class=\"wp-image-28088\" width=\"294\" height=\"208\"\/><\/figure><\/div>\n\n\n\n<p>Por outro lado, a corrida \u00e9 uma atividade f\u00edsica de alta intensidade, exigindo condicionamento f\u00edsico mais aprimorado, mas sendo uma op\u00e7\u00e3o eficaz para melhorar a forma f\u00edsica, perder peso e superar limites pessoais. Indicada para aqueles que j\u00e1 mant\u00eam uma rotina regular de exerc\u00edcios, a <a href=\"https:\/\/ciclovivo.com.br\/vida-sustentavel\/bem-estar\/9-dicas-para-quem-quer-comecar-a-correr\/\" target=\"_blank\" rel=\"noreferrer noopener\">corrida<\/a> proporciona treinamento cardiovascular intenso, fortalece m\u00fasculos, melhora a sa\u00fade cardiovascular, aumenta a resist\u00eancia e estimula o metabolismo para a queima de gordura.<\/p>\n\n\n\n<div class=\"wp-block-image\"><figure class=\"aligncenter size-large\"><img decoding=\"async\" src=\"https:\/\/jornalfatosenoticias.com.br\/wp-content\/uploads\/2020\/02\/logo_esteio.jpg\" alt=\"\" class=\"wp-image-1214\"\/><\/figure><\/div>\n\n\n\n<p>Al\u00e9m dos benef\u00edcios f\u00edsicos, tamb\u00e9m destaca-se o impacto positivo na sa\u00fade mental, com a redu\u00e7\u00e3o do estresse, melhoria do humor e aumento do bem-estar. A pr\u00e1tica da corrida \u00e9 apresentada como uma maneira de desafiar limites pessoais, superar obst\u00e1culos e promover sensa\u00e7\u00e3o de realiza\u00e7\u00e3o e autoconfian\u00e7a.<\/p>\n\n\n\n<div class=\"wp-block-image\"><figure class=\"aligncenter size-large is-resized\"><img loading=\"lazy\" decoding=\"async\" src=\"https:\/\/jornalfatosenoticias.com.br\/wp-content\/uploads\/2023\/03\/nova-logo-Marquetti.jpg\" alt=\"\" class=\"wp-image-40207\" width=\"286\" height=\"192\" srcset=\"https:\/\/jornalfatosenoticias.com.br\/wp-content\/uploads\/2023\/03\/nova-logo-Marquetti.jpg 643w, https:\/\/jornalfatosenoticias.com.br\/wp-content\/uploads\/2023\/03\/nova-logo-Marquetti-300x202.jpg 300w\" sizes=\"auto, (max-width: 286px) 100vw, 286px\" \/><\/figure><\/div>\n\n\n\n<p>Ao escolher o t\u00eanis ideal para corrida ou caminhada, \u00e9 crucial considerar cada componente que comp\u00f5e o cal\u00e7ado. O cabedal, parte externa do t\u00eanis, desempenha a fun\u00e7\u00e3o de proteger os p\u00e9s, envolvendo o corpo do cal\u00e7ado e a l\u00edngua. A palmilha, por sua vez, assegura que os p\u00e9s permane\u00e7am na posi\u00e7\u00e3o correta, oferecendo op\u00e7\u00f5es ortop\u00e9dicas e remov\u00edveis.<\/p>\n\n\n\n<div class=\"wp-block-image\"><figure class=\"aligncenter size-large\"><img loading=\"lazy\" decoding=\"async\" width=\"300\" height=\"250\" src=\"https:\/\/jornalfatosenoticias.com.br\/wp-content\/uploads\/2022\/02\/FERRARI_MAQUINAS-E-FERRAMENTAS2.jpg\" alt=\"\" class=\"wp-image-27860\"\/><\/figure><\/div>\n\n\n\n<p>A entressola, localizada entre o cabedal e o solado, \u00e9 essencial, abrigando espumas e amortecedores que proporcionam controle das passadas e minimizam os impactos durante o treino. J\u00e1 o solado, parte respons\u00e1vel por tra\u00e7\u00e3o, ader\u00eancia e estabilidade, varia de acordo com o modelo, tipo de atividade f\u00edsica e padr\u00e3o de pisada.<\/p>\n\n\n\n<div class=\"wp-block-image\"><figure class=\"aligncenter size-large\"><img loading=\"lazy\" decoding=\"async\" width=\"300\" height=\"250\" src=\"https:\/\/jornalfatosenoticias.com.br\/wp-content\/uploads\/2020\/02\/Banner-2.png\" alt=\"\" class=\"wp-image-43787\"\/><\/figure><\/div>\n\n\n\n<p>Em resumo, uma escolha informada considera cuidadosamente esses elementos, garantindo um t\u00eanis que potencializa a performance e a execu\u00e7\u00e3o da corrida ou caminhada. Segundo especialistas da <a href=\"https:\/\/www.drastosa.com.br\/feminino\/tenis\">Drastosa,<\/a> que um bom t\u00eanis para caminhada deve proporcionar conforto durante a pr\u00e1tica esportiva. Ele precisa envolver caracter\u00edsticas como sistema de amortecimento, flexibilidade, ventila\u00e7\u00e3o e ader\u00eancia.<\/p>\n\n\n\n<div class=\"wp-block-image\"><figure class=\"aligncenter size-large is-resized\"><img loading=\"lazy\" decoding=\"async\" src=\"https:\/\/jornalfatosenoticias.com.br\/wp-content\/uploads\/2022\/10\/RC_800x750_page-0001.jpg\" alt=\"\" class=\"wp-image-35338\" width=\"281\" height=\"263\" srcset=\"https:\/\/jornalfatosenoticias.com.br\/wp-content\/uploads\/2022\/10\/RC_800x750_page-0001.jpg 400w, https:\/\/jornalfatosenoticias.com.br\/wp-content\/uploads\/2022\/10\/RC_800x750_page-0001-300x281.jpg 300w\" sizes=\"auto, (max-width: 281px) 100vw, 281px\" \/><\/figure><\/div>\n\n\n\n<p>O material do cabedal, parte superior e lateral do cal\u00e7ado, deve ser de um tecido que promova a transpira\u00e7\u00e3o, como o t\u00eaxtil respir\u00e1vel ou poli\u00e9ster. A sola e o amortecimento tamb\u00e9m devem ser considerados, pois eles influenciam na diminui\u00e7\u00e3o do impacto no tornozelo e joelhos.<br>Assim como um t\u00eanis para caminhada, um modelo para corrida tamb\u00e9m tem como principais caracter\u00edsticas o conforto aos p\u00e9s durante a atividade e tamb\u00e9m um bom sistema de amortecimento. Para conhecer algumas op\u00e7\u00f5es de t\u00eanis t\u00eanis de corrida ou caminhada, visite a loja on-line da <a href=\"https:\/\/www.drastosa.com.br\/feminino\/tenis\">Drastosa<\/a>.<\/p>\n\n\n\n<div class=\"wp-block-image\"><figure class=\"aligncenter size-large is-resized\"><img loading=\"lazy\" decoding=\"async\" src=\"https:\/\/jornalfatosenoticias.com.br\/wp-content\/uploads\/2023\/09\/vetorvix1024_1.jpg\" alt=\"\" class=\"wp-image-44868\" width=\"423\" height=\"112\" srcset=\"https:\/\/jornalfatosenoticias.com.br\/wp-content\/uploads\/2023\/09\/vetorvix1024_1.jpg 1024w, https:\/\/jornalfatosenoticias.com.br\/wp-content\/uploads\/2023\/09\/vetorvix1024_1-300x80.jpg 300w, https:\/\/jornalfatosenoticias.com.br\/wp-content\/uploads\/2023\/09\/vetorvix1024_1-768x205.jpg 768w\" sizes=\"auto, (max-width: 423px) 100vw, 423px\" \/><\/figure><\/div>\n\n\n\n<p><strong><em>Fonte: <a href=\"https:\/\/ciclovivo.com.br\/vida-sustentavel\/bem-estar\/corrida-ou-caminhada-descubra-a-melhor-opcao-para-voce\/\">CicloVivo<\/a><\/em><\/strong><\/p>\n","protected":false},"excerpt":{"rendered":"<p>Confira as diferen\u00e7as entre correr e caminhar e os benef\u00edcios para a sa\u00fade de cada uma delas Na d\u00favida entre iniciar a corrida ou caminhada como pr\u00e1tica de exerc\u00edcio f\u00edsico? Ambos s\u00e3o atividades f\u00edsicas acess\u00edveis, que podem ser praticadas por pessoas de todas as idades e n\u00edveis de condicionamento f\u00edsico e, principalmente, trazem in\u00fameros benef\u00edcios [&hellip;]<\/p>\n","protected":false},"author":2,"featured_media":48030,"comment_status":"open","ping_status":"open","sticky":false,"template":"","format":"standard","meta":{"footnotes":""},"categories":[42],"tags":[6913,385,7883,3611,74],"class_list":["post-48029","post","type-post","status-publish","format-standard","has-post-thumbnail","hentry","category-bem-estar","tag-atividade-fisica","tag-bem-estar","tag-caminhada","tag-corrida","tag-saude"],"yoast_head":"<!-- This site is optimized with the Yoast SEO plugin v26.5 - https:\/\/yoast.com\/wordpress\/plugins\/seo\/ -->\n<title>Corrida ou caminhada? Descubra a melhor op\u00e7\u00e3o para voc\u00ea - Jornal Fatos e Not\u00edcias<\/title>\n<meta name=\"robots\" content=\"index, follow, max-snippet:-1, max-image-preview:large, max-video-preview:-1\" \/>\n<link rel=\"canonical\" href=\"https:\/\/jornalfatosenoticias.com.br\/index.php\/2023\/12\/26\/corrida-ou-caminhada-descubra-a-melhor-opcao-para-voce\/\" \/>\n<meta property=\"og:locale\" content=\"pt_BR\" \/>\n<meta property=\"og:type\" content=\"article\" \/>\n<meta property=\"og:title\" content=\"Corrida ou caminhada? Descubra a melhor op\u00e7\u00e3o para voc\u00ea - Jornal Fatos e Not\u00edcias\" \/>\n<meta property=\"og:description\" content=\"Confira as diferen\u00e7as entre correr e caminhar e os benef\u00edcios para a sa\u00fade de cada uma delas Na d\u00favida entre iniciar a corrida ou caminhada como pr\u00e1tica de exerc\u00edcio f\u00edsico? Ambos s\u00e3o atividades f\u00edsicas acess\u00edveis, que podem ser praticadas por pessoas de todas as idades e n\u00edveis de condicionamento f\u00edsico e, principalmente, trazem in\u00fameros benef\u00edcios [&hellip;]\" \/>\n<meta property=\"og:url\" content=\"https:\/\/jornalfatosenoticias.com.br\/index.php\/2023\/12\/26\/corrida-ou-caminhada-descubra-a-melhor-opcao-para-voce\/\" \/>\n<meta property=\"og:site_name\" content=\"Jornal Fatos e Not\u00edcias\" \/>\n<meta property=\"article:published_time\" content=\"2023-12-26T18:44:02+00:00\" \/>\n<meta property=\"article:modified_time\" content=\"2023-12-26T18:44:03+00:00\" \/>\n<meta property=\"og:image\" content=\"https:\/\/jornalfatosenoticias.com.br\/wp-content\/uploads\/2023\/12\/corrida-ou-caminhada_istock.jpg\" \/>\n\t<meta property=\"og:image:width\" content=\"1167\" \/>\n\t<meta property=\"og:image:height\" content=\"391\" \/>\n\t<meta property=\"og:image:type\" content=\"image\/jpeg\" \/>\n<meta name=\"author\" content=\"Luzimara Fernandes\" \/>\n<meta name=\"twitter:card\" content=\"summary_large_image\" \/>\n<meta name=\"twitter:label1\" content=\"Escrito por\" \/>\n\t<meta name=\"twitter:data1\" content=\"Luzimara Fernandes\" \/>\n\t<meta name=\"twitter:label2\" content=\"Est. tempo de leitura\" \/>\n\t<meta name=\"twitter:data2\" content=\"5 minutos\" \/>\n<script type=\"application\/ld+json\" class=\"yoast-schema-graph\">{\"@context\":\"https:\/\/schema.org\",\"@graph\":[{\"@type\":\"Article\",\"@id\":\"https:\/\/jornalfatosenoticias.com.br\/index.php\/2023\/12\/26\/corrida-ou-caminhada-descubra-a-melhor-opcao-para-voce\/#article\",\"isPartOf\":{\"@id\":\"https:\/\/jornalfatosenoticias.com.br\/index.php\/2023\/12\/26\/corrida-ou-caminhada-descubra-a-melhor-opcao-para-voce\/\"},\"author\":{\"name\":\"Luzimara Fernandes\",\"@id\":\"https:\/\/jornalfatosenoticias.com.br\/#\/schema\/person\/d63837fa13ac8666eb9e74e0985d6f81\"},\"headline\":\"Corrida ou caminhada? Descubra a melhor op\u00e7\u00e3o para voc\u00ea\",\"datePublished\":\"2023-12-26T18:44:02+00:00\",\"dateModified\":\"2023-12-26T18:44:03+00:00\",\"mainEntityOfPage\":{\"@id\":\"https:\/\/jornalfatosenoticias.com.br\/index.php\/2023\/12\/26\/corrida-ou-caminhada-descubra-a-melhor-opcao-para-voce\/\"},\"wordCount\":1000,\"commentCount\":0,\"publisher\":{\"@id\":\"https:\/\/jornalfatosenoticias.com.br\/#organization\"},\"image\":{\"@id\":\"https:\/\/jornalfatosenoticias.com.br\/index.php\/2023\/12\/26\/corrida-ou-caminhada-descubra-a-melhor-opcao-para-voce\/#primaryimage\"},\"thumbnailUrl\":\"https:\/\/jornalfatosenoticias.com.br\/wp-content\/uploads\/2023\/12\/corrida-ou-caminhada_istock.jpg\",\"keywords\":[\"atividade f\u00edsica\",\"bem-estar\",\"caminhada\",\"corrida\",\"sa\u00fade\"],\"articleSection\":[\"Bem-estar\"],\"inLanguage\":\"pt-BR\",\"potentialAction\":[{\"@type\":\"CommentAction\",\"name\":\"Comment\",\"target\":[\"https:\/\/jornalfatosenoticias.com.br\/index.php\/2023\/12\/26\/corrida-ou-caminhada-descubra-a-melhor-opcao-para-voce\/#respond\"]}]},{\"@type\":\"WebPage\",\"@id\":\"https:\/\/jornalfatosenoticias.com.br\/index.php\/2023\/12\/26\/corrida-ou-caminhada-descubra-a-melhor-opcao-para-voce\/\",\"url\":\"https:\/\/jornalfatosenoticias.com.br\/index.php\/2023\/12\/26\/corrida-ou-caminhada-descubra-a-melhor-opcao-para-voce\/\",\"name\":\"Corrida ou caminhada? Descubra a melhor op\u00e7\u00e3o para voc\u00ea - Jornal Fatos e Not\u00edcias\",\"isPartOf\":{\"@id\":\"https:\/\/jornalfatosenoticias.com.br\/#website\"},\"primaryImageOfPage\":{\"@id\":\"https:\/\/jornalfatosenoticias.com.br\/index.php\/2023\/12\/26\/corrida-ou-caminhada-descubra-a-melhor-opcao-para-voce\/#primaryimage\"},\"image\":{\"@id\":\"https:\/\/jornalfatosenoticias.com.br\/index.php\/2023\/12\/26\/corrida-ou-caminhada-descubra-a-melhor-opcao-para-voce\/#primaryimage\"},\"thumbnailUrl\":\"https:\/\/jornalfatosenoticias.com.br\/wp-content\/uploads\/2023\/12\/corrida-ou-caminhada_istock.jpg\",\"datePublished\":\"2023-12-26T18:44:02+00:00\",\"dateModified\":\"2023-12-26T18:44:03+00:00\",\"breadcrumb\":{\"@id\":\"https:\/\/jornalfatosenoticias.com.br\/index.php\/2023\/12\/26\/corrida-ou-caminhada-descubra-a-melhor-opcao-para-voce\/#breadcrumb\"},\"inLanguage\":\"pt-BR\",\"potentialAction\":[{\"@type\":\"ReadAction\",\"target\":[\"https:\/\/jornalfatosenoticias.com.br\/index.php\/2023\/12\/26\/corrida-ou-caminhada-descubra-a-melhor-opcao-para-voce\/\"]}]},{\"@type\":\"ImageObject\",\"inLanguage\":\"pt-BR\",\"@id\":\"https:\/\/jornalfatosenoticias.com.br\/index.php\/2023\/12\/26\/corrida-ou-caminhada-descubra-a-melhor-opcao-para-voce\/#primaryimage\",\"url\":\"https:\/\/jornalfatosenoticias.com.br\/wp-content\/uploads\/2023\/12\/corrida-ou-caminhada_istock.jpg\",\"contentUrl\":\"https:\/\/jornalfatosenoticias.com.br\/wp-content\/uploads\/2023\/12\/corrida-ou-caminhada_istock.jpg\",\"width\":1167,\"height\":391},{\"@type\":\"BreadcrumbList\",\"@id\":\"https:\/\/jornalfatosenoticias.com.br\/index.php\/2023\/12\/26\/corrida-ou-caminhada-descubra-a-melhor-opcao-para-voce\/#breadcrumb\",\"itemListElement\":[{\"@type\":\"ListItem\",\"position\":1,\"name\":\"In\u00edcio\",\"item\":\"https:\/\/jornalfatosenoticias.com.br\/\"},{\"@type\":\"ListItem\",\"position\":2,\"name\":\"Corrida ou caminhada? Descubra a melhor op\u00e7\u00e3o para voc\u00ea\"}]},{\"@type\":\"WebSite\",\"@id\":\"https:\/\/jornalfatosenoticias.com.br\/#website\",\"url\":\"https:\/\/jornalfatosenoticias.com.br\/\",\"name\":\"Jornal Fatos e Not\u00edcias\",\"description\":\"Not\u00edcias em geral\",\"publisher\":{\"@id\":\"https:\/\/jornalfatosenoticias.com.br\/#organization\"},\"potentialAction\":[{\"@type\":\"SearchAction\",\"target\":{\"@type\":\"EntryPoint\",\"urlTemplate\":\"https:\/\/jornalfatosenoticias.com.br\/?s={search_term_string}\"},\"query-input\":{\"@type\":\"PropertyValueSpecification\",\"valueRequired\":true,\"valueName\":\"search_term_string\"}}],\"inLanguage\":\"pt-BR\"},{\"@type\":\"Organization\",\"@id\":\"https:\/\/jornalfatosenoticias.com.br\/#organization\",\"name\":\"Jornal Fatos e Not\u00edcias\",\"url\":\"https:\/\/jornalfatosenoticias.com.br\/\",\"logo\":{\"@type\":\"ImageObject\",\"inLanguage\":\"pt-BR\",\"@id\":\"https:\/\/jornalfatosenoticias.com.br\/#\/schema\/logo\/image\/\",\"url\":\"https:\/\/jornalfatosenoticias.com.br\/wp-content\/uploads\/2020\/02\/logo120.png\",\"contentUrl\":\"https:\/\/jornalfatosenoticias.com.br\/wp-content\/uploads\/2020\/02\/logo120.png\",\"width\":1227,\"height\":120,\"caption\":\"Jornal Fatos e Not\u00edcias\"},\"image\":{\"@id\":\"https:\/\/jornalfatosenoticias.com.br\/#\/schema\/logo\/image\/\"}},{\"@type\":\"Person\",\"@id\":\"https:\/\/jornalfatosenoticias.com.br\/#\/schema\/person\/d63837fa13ac8666eb9e74e0985d6f81\",\"name\":\"Luzimara Fernandes\",\"image\":{\"@type\":\"ImageObject\",\"inLanguage\":\"pt-BR\",\"@id\":\"https:\/\/jornalfatosenoticias.com.br\/#\/schema\/person\/image\/\",\"url\":\"https:\/\/jornalfatosenoticias.com.br\/wp-content\/uploads\/2025\/05\/EU_portal.jpg\",\"contentUrl\":\"https:\/\/jornalfatosenoticias.com.br\/wp-content\/uploads\/2025\/05\/EU_portal.jpg\",\"caption\":\"Luzimara Fernandes\"},\"description\":\"Jornalista MTB 2358-ES\",\"sameAs\":[\"https:\/\/jornalfatosenoticias.com.br\"],\"url\":\"https:\/\/jornalfatosenoticias.com.br\/index.php\/author\/luzimara\/\"}]}<\/script>\n<!-- \/ Yoast SEO plugin. -->","yoast_head_json":{"title":"Corrida ou caminhada? Descubra a melhor op\u00e7\u00e3o para voc\u00ea - Jornal Fatos e Not\u00edcias","robots":{"index":"index","follow":"follow","max-snippet":"max-snippet:-1","max-image-preview":"max-image-preview:large","max-video-preview":"max-video-preview:-1"},"canonical":"https:\/\/jornalfatosenoticias.com.br\/index.php\/2023\/12\/26\/corrida-ou-caminhada-descubra-a-melhor-opcao-para-voce\/","og_locale":"pt_BR","og_type":"article","og_title":"Corrida ou caminhada? Descubra a melhor op\u00e7\u00e3o para voc\u00ea - Jornal Fatos e Not\u00edcias","og_description":"Confira as diferen\u00e7as entre correr e caminhar e os benef\u00edcios para a sa\u00fade de cada uma delas Na d\u00favida entre iniciar a corrida ou caminhada como pr\u00e1tica de exerc\u00edcio f\u00edsico? Ambos s\u00e3o atividades f\u00edsicas acess\u00edveis, que podem ser praticadas por pessoas de todas as idades e n\u00edveis de condicionamento f\u00edsico e, principalmente, trazem in\u00fameros benef\u00edcios [&hellip;]","og_url":"https:\/\/jornalfatosenoticias.com.br\/index.php\/2023\/12\/26\/corrida-ou-caminhada-descubra-a-melhor-opcao-para-voce\/","og_site_name":"Jornal Fatos e Not\u00edcias","article_published_time":"2023-12-26T18:44:02+00:00","article_modified_time":"2023-12-26T18:44:03+00:00","og_image":[{"width":1167,"height":391,"url":"https:\/\/jornalfatosenoticias.com.br\/wp-content\/uploads\/2023\/12\/corrida-ou-caminhada_istock.jpg","type":"image\/jpeg"}],"author":"Luzimara Fernandes","twitter_card":"summary_large_image","twitter_misc":{"Escrito por":"Luzimara Fernandes","Est. tempo de leitura":"5 minutos"},"schema":{"@context":"https:\/\/schema.org","@graph":[{"@type":"Article","@id":"https:\/\/jornalfatosenoticias.com.br\/index.php\/2023\/12\/26\/corrida-ou-caminhada-descubra-a-melhor-opcao-para-voce\/#article","isPartOf":{"@id":"https:\/\/jornalfatosenoticias.com.br\/index.php\/2023\/12\/26\/corrida-ou-caminhada-descubra-a-melhor-opcao-para-voce\/"},"author":{"name":"Luzimara Fernandes","@id":"https:\/\/jornalfatosenoticias.com.br\/#\/schema\/person\/d63837fa13ac8666eb9e74e0985d6f81"},"headline":"Corrida ou caminhada? Descubra a melhor op\u00e7\u00e3o para voc\u00ea","datePublished":"2023-12-26T18:44:02+00:00","dateModified":"2023-12-26T18:44:03+00:00","mainEntityOfPage":{"@id":"https:\/\/jornalfatosenoticias.com.br\/index.php\/2023\/12\/26\/corrida-ou-caminhada-descubra-a-melhor-opcao-para-voce\/"},"wordCount":1000,"commentCount":0,"publisher":{"@id":"https:\/\/jornalfatosenoticias.com.br\/#organization"},"image":{"@id":"https:\/\/jornalfatosenoticias.com.br\/index.php\/2023\/12\/26\/corrida-ou-caminhada-descubra-a-melhor-opcao-para-voce\/#primaryimage"},"thumbnailUrl":"https:\/\/jornalfatosenoticias.com.br\/wp-content\/uploads\/2023\/12\/corrida-ou-caminhada_istock.jpg","keywords":["atividade f\u00edsica","bem-estar","caminhada","corrida","sa\u00fade"],"articleSection":["Bem-estar"],"inLanguage":"pt-BR","potentialAction":[{"@type":"CommentAction","name":"Comment","target":["https:\/\/jornalfatosenoticias.com.br\/index.php\/2023\/12\/26\/corrida-ou-caminhada-descubra-a-melhor-opcao-para-voce\/#respond"]}]},{"@type":"WebPage","@id":"https:\/\/jornalfatosenoticias.com.br\/index.php\/2023\/12\/26\/corrida-ou-caminhada-descubra-a-melhor-opcao-para-voce\/","url":"https:\/\/jornalfatosenoticias.com.br\/index.php\/2023\/12\/26\/corrida-ou-caminhada-descubra-a-melhor-opcao-para-voce\/","name":"Corrida ou caminhada? Descubra a melhor op\u00e7\u00e3o para voc\u00ea - Jornal Fatos e Not\u00edcias","isPartOf":{"@id":"https:\/\/jornalfatosenoticias.com.br\/#website"},"primaryImageOfPage":{"@id":"https:\/\/jornalfatosenoticias.com.br\/index.php\/2023\/12\/26\/corrida-ou-caminhada-descubra-a-melhor-opcao-para-voce\/#primaryimage"},"image":{"@id":"https:\/\/jornalfatosenoticias.com.br\/index.php\/2023\/12\/26\/corrida-ou-caminhada-descubra-a-melhor-opcao-para-voce\/#primaryimage"},"thumbnailUrl":"https:\/\/jornalfatosenoticias.com.br\/wp-content\/uploads\/2023\/12\/corrida-ou-caminhada_istock.jpg","datePublished":"2023-12-26T18:44:02+00:00","dateModified":"2023-12-26T18:44:03+00:00","breadcrumb":{"@id":"https:\/\/jornalfatosenoticias.com.br\/index.php\/2023\/12\/26\/corrida-ou-caminhada-descubra-a-melhor-opcao-para-voce\/#breadcrumb"},"inLanguage":"pt-BR","potentialAction":[{"@type":"ReadAction","target":["https:\/\/jornalfatosenoticias.com.br\/index.php\/2023\/12\/26\/corrida-ou-caminhada-descubra-a-melhor-opcao-para-voce\/"]}]},{"@type":"ImageObject","inLanguage":"pt-BR","@id":"https:\/\/jornalfatosenoticias.com.br\/index.php\/2023\/12\/26\/corrida-ou-caminhada-descubra-a-melhor-opcao-para-voce\/#primaryimage","url":"https:\/\/jornalfatosenoticias.com.br\/wp-content\/uploads\/2023\/12\/corrida-ou-caminhada_istock.jpg","contentUrl":"https:\/\/jornalfatosenoticias.com.br\/wp-content\/uploads\/2023\/12\/corrida-ou-caminhada_istock.jpg","width":1167,"height":391},{"@type":"BreadcrumbList","@id":"https:\/\/jornalfatosenoticias.com.br\/index.php\/2023\/12\/26\/corrida-ou-caminhada-descubra-a-melhor-opcao-para-voce\/#breadcrumb","itemListElement":[{"@type":"ListItem","position":1,"name":"In\u00edcio","item":"https:\/\/jornalfatosenoticias.com.br\/"},{"@type":"ListItem","position":2,"name":"Corrida ou caminhada? Descubra a melhor op\u00e7\u00e3o para voc\u00ea"}]},{"@type":"WebSite","@id":"https:\/\/jornalfatosenoticias.com.br\/#website","url":"https:\/\/jornalfatosenoticias.com.br\/","name":"Jornal Fatos e Not\u00edcias","description":"Not\u00edcias em geral","publisher":{"@id":"https:\/\/jornalfatosenoticias.com.br\/#organization"},"potentialAction":[{"@type":"SearchAction","target":{"@type":"EntryPoint","urlTemplate":"https:\/\/jornalfatosenoticias.com.br\/?s={search_term_string}"},"query-input":{"@type":"PropertyValueSpecification","valueRequired":true,"valueName":"search_term_string"}}],"inLanguage":"pt-BR"},{"@type":"Organization","@id":"https:\/\/jornalfatosenoticias.com.br\/#organization","name":"Jornal Fatos e Not\u00edcias","url":"https:\/\/jornalfatosenoticias.com.br\/","logo":{"@type":"ImageObject","inLanguage":"pt-BR","@id":"https:\/\/jornalfatosenoticias.com.br\/#\/schema\/logo\/image\/","url":"https:\/\/jornalfatosenoticias.com.br\/wp-content\/uploads\/2020\/02\/logo120.png","contentUrl":"https:\/\/jornalfatosenoticias.com.br\/wp-content\/uploads\/2020\/02\/logo120.png","width":1227,"height":120,"caption":"Jornal Fatos e Not\u00edcias"},"image":{"@id":"https:\/\/jornalfatosenoticias.com.br\/#\/schema\/logo\/image\/"}},{"@type":"Person","@id":"https:\/\/jornalfatosenoticias.com.br\/#\/schema\/person\/d63837fa13ac8666eb9e74e0985d6f81","name":"Luzimara Fernandes","image":{"@type":"ImageObject","inLanguage":"pt-BR","@id":"https:\/\/jornalfatosenoticias.com.br\/#\/schema\/person\/image\/","url":"https:\/\/jornalfatosenoticias.com.br\/wp-content\/uploads\/2025\/05\/EU_portal.jpg","contentUrl":"https:\/\/jornalfatosenoticias.com.br\/wp-content\/uploads\/2025\/05\/EU_portal.jpg","caption":"Luzimara Fernandes"},"description":"Jornalista MTB 2358-ES","sameAs":["https:\/\/jornalfatosenoticias.com.br"],"url":"https:\/\/jornalfatosenoticias.com.br\/index.php\/author\/luzimara\/"}]}},"cc_featured_image_caption":{"caption_text":"(Foto: iStock)\t\r\n","source_text":"","source_url":""},"jetpack_featured_media_url":"https:\/\/jornalfatosenoticias.com.br\/wp-content\/uploads\/2023\/12\/corrida-ou-caminhada_istock.jpg","_links":{"self":[{"href":"https:\/\/jornalfatosenoticias.com.br\/index.php\/wp-json\/wp\/v2\/posts\/48029","targetHints":{"allow":["GET"]}}],"collection":[{"href":"https:\/\/jornalfatosenoticias.com.br\/index.php\/wp-json\/wp\/v2\/posts"}],"about":[{"href":"https:\/\/jornalfatosenoticias.com.br\/index.php\/wp-json\/wp\/v2\/types\/post"}],"author":[{"embeddable":true,"href":"https:\/\/jornalfatosenoticias.com.br\/index.php\/wp-json\/wp\/v2\/users\/2"}],"replies":[{"embeddable":true,"href":"https:\/\/jornalfatosenoticias.com.br\/index.php\/wp-json\/wp\/v2\/comments?post=48029"}],"version-history":[{"count":0,"href":"https:\/\/jornalfatosenoticias.com.br\/index.php\/wp-json\/wp\/v2\/posts\/48029\/revisions"}],"wp:featuredmedia":[{"embeddable":true,"href":"https:\/\/jornalfatosenoticias.com.br\/index.php\/wp-json\/wp\/v2\/media\/48030"}],"wp:attachment":[{"href":"https:\/\/jornalfatosenoticias.com.br\/index.php\/wp-json\/wp\/v2\/media?parent=48029"}],"wp:term":[{"taxonomy":"category","embeddable":true,"href":"https:\/\/jornalfatosenoticias.com.br\/index.php\/wp-json\/wp\/v2\/categories?post=48029"},{"taxonomy":"post_tag","embeddable":true,"href":"https:\/\/jornalfatosenoticias.com.br\/index.php\/wp-json\/wp\/v2\/tags?post=48029"}],"curies":[{"name":"wp","href":"https:\/\/api.w.org\/{rel}","templated":true}]}}