{"id":48032,"date":"2023-12-26T16:03:10","date_gmt":"2023-12-26T19:03:10","guid":{"rendered":"https:\/\/jornalfatosenoticias.com.br\/?p=48032"},"modified":"2023-12-26T16:03:14","modified_gmt":"2023-12-26T19:03:14","slug":"pela-primeira-vez-cristaos-sao-menos-da-metade-na-inglaterra","status":"publish","type":"post","link":"https:\/\/jornalfatosenoticias.com.br\/index.php\/2023\/12\/26\/pela-primeira-vez-cristaos-sao-menos-da-metade-na-inglaterra\/","title":{"rendered":"Pela primeira vez, crist\u00e3os s\u00e3o menos da metade na Inglaterra"},"content":{"rendered":"\n<p><span class=\"has-inline-color has-black-color\">Por <strong><a href=\"https:\/\/www.megacurioso.com.br\/autor\/1280-iraci-falavina\/\">Iraci Falavina<\/a><\/strong><\/span><\/p>\n\n\n\n<div class=\"wp-block-image\"><figure class=\"aligncenter size-large\"><img loading=\"lazy\" decoding=\"async\" width=\"729\" height=\"90\" src=\"https:\/\/jornalfatosenoticias.com.br\/wp-content\/uploads\/2020\/02\/Logo_Mizu.png\" alt=\"\" class=\"wp-image-1441\" srcset=\"https:\/\/jornalfatosenoticias.com.br\/wp-content\/uploads\/2020\/02\/Logo_Mizu.png 729w, https:\/\/jornalfatosenoticias.com.br\/wp-content\/uploads\/2020\/02\/Logo_Mizu-300x37.png 300w\" sizes=\"auto, (max-width: 729px) 100vw, 729px\" \/><\/figure><\/div>\n\n\n\n<p>O censo mais recente da Inglaterra e do Pa\u00eds de Gales revelou que o <a href=\"https:\/\/www.google.com\/url?client=internal-element-cse&amp;cx=004238318321071068280:rcwgwv4dsro&amp;q=https:\/\/www.megacurioso.com.br\/artes-cultura\/128349-vaticano-aprova-a-bencao-de-casais-homoafetivos-por-que-isso-importa.htm&amp;sa=U&amp;ved=2ahUKEwjmg-u3oaGDAxVcppUCHbPpAbwQFnoECAkQAg&amp;usg=AOvVaw3nuDkpMZ_y7UukpFkQbiWI\" rel=\"noreferrer noopener\" target=\"_blank\">cristianismo<\/a> sofreu uma queda consider\u00e1vel. Pela primeira vez, <strong>menos da metade da popula\u00e7\u00e3o<\/strong> se declarou como &#8220;crist\u00e3&#8221;: foram 46,2%. A pesquisa foi feita pelo governo do Reino Unido com <strong>56 milh\u00f5es<\/strong> de pessoas, o que corresponde a 94% dos residentes totais dos territ\u00f3rios.<br>Embora os <a href=\"https:\/\/www.google.com\/url?client=internal-element-cse&amp;cx=004238318321071068280:rcwgwv4dsro&amp;q=https:\/\/www.megacurioso.com.br\/educacao\/128288-por-que-alguns-livros-sagrados-foram-deixados-de-fora-da-biblia.htm&amp;sa=U&amp;ved=2ahUKEwjmg-u3oaGDAxVcppUCHbPpAbwQFnoECAQQAg&amp;usg=AOvVaw2F7zgZC8zBSBmMG0xphMGD\" rel=\"noreferrer noopener\" target=\"_blank\">crist\u00e3os<\/a> ainda sejam maioria e equivalentes a<strong> 27,5 milh\u00f5es<\/strong> de pessoas, houve uma diminui\u00e7\u00e3o de 13,1 pontos percentuais em rela\u00e7\u00e3o ao \u00faltimo censo, em 2011. Naquela \u00e9poca, os dois pa\u00edses abrigavam 33,3 milh\u00f5es de adeptos da doutrina. Na pesquisa mais recente, os seguidores correspondem a <strong>46,3%<\/strong> da popula\u00e7\u00e3o da Inglaterra e a <strong>43,6%<\/strong> no Pa\u00eds de Gales.<br>Ali\u00e1s, Gales foi onde houve a <strong>maior queda no n\u00famero de crist\u00e3os<\/strong> e <strong>maior aumento de &#8220;sem religi\u00e3o&#8221;.<\/strong> Foram respectivamente 14 pontos percentuais a menos e 14,5 pontos a mais do que o censo anterior.<\/p>\n\n\n\n<div class=\"wp-block-image\"><figure class=\"aligncenter size-large is-resized\"><img loading=\"lazy\" decoding=\"async\" src=\"https:\/\/jornalfatosenoticias.com.br\/wp-content\/uploads\/2023\/08\/BKR-1024x1021.jpg\" alt=\"\" class=\"wp-image-44494\" width=\"306\" height=\"305\" srcset=\"https:\/\/jornalfatosenoticias.com.br\/wp-content\/uploads\/2023\/08\/BKR-1024x1021.jpg 1024w, https:\/\/jornalfatosenoticias.com.br\/wp-content\/uploads\/2023\/08\/BKR-300x300.jpg 300w, https:\/\/jornalfatosenoticias.com.br\/wp-content\/uploads\/2023\/08\/BKR-150x150.jpg 150w, https:\/\/jornalfatosenoticias.com.br\/wp-content\/uploads\/2023\/08\/BKR-768x766.jpg 768w, https:\/\/jornalfatosenoticias.com.br\/wp-content\/uploads\/2023\/08\/BKR.jpg 1080w\" sizes=\"auto, (max-width: 306px) 100vw, 306px\" \/><\/figure><\/div>\n\n\n\n<p><strong><span class=\"has-inline-color has-black-color\">N\u00famero de pessoas sem religi\u00e3o aumentou desde 2011<br><\/span><\/strong>A resposta &#8220;sem religi\u00e3o&#8221; foi a segunda mais frequente. No total das duas na\u00e7\u00f5es, h\u00e1 22,2 milh\u00f5es de habitantes que se declararam dessa forma, o equivalente a 37,2% dos participantes. Houve um <strong>aumento de 12 pontos<\/strong> percentuais desde 2011, quando havia <strong>14,1 milh\u00f5es<\/strong> de pessoas sem religi\u00e3o (25,2% da popula\u00e7\u00e3o).<\/p>\n\n\n\n<div class=\"wp-block-image\"><figure class=\"aligncenter size-large is-resized\"><img loading=\"lazy\" decoding=\"async\" src=\"https:\/\/jornalfatosenoticias.com.br\/wp-content\/uploads\/2023\/12\/pegoretti-logo-pdf-1024x389.jpg\" alt=\"\" class=\"wp-image-47536\" width=\"382\" height=\"145\" srcset=\"https:\/\/jornalfatosenoticias.com.br\/wp-content\/uploads\/2023\/12\/pegoretti-logo-pdf-1024x389.jpg 1024w, https:\/\/jornalfatosenoticias.com.br\/wp-content\/uploads\/2023\/12\/pegoretti-logo-pdf-300x114.jpg 300w, https:\/\/jornalfatosenoticias.com.br\/wp-content\/uploads\/2023\/12\/pegoretti-logo-pdf-768x291.jpg 768w, https:\/\/jornalfatosenoticias.com.br\/wp-content\/uploads\/2023\/12\/pegoretti-logo-pdf.jpg 1120w\" sizes=\"auto, (max-width: 382px) 100vw, 382px\" \/><\/figure><\/div>\n\n\n\n<p>A quantidade de <strong>mu\u00e7ulmanos e hindus<\/strong> tamb\u00e9m subiu na \u00faltima d\u00e9cada. Em 2011, 2,7 milh\u00f5es de habitantes se declaravam praticantes do Isl\u00e3 (equivalente a 4,9% dos dois pa\u00edses). J\u00e1 em 2021, os resultados demonstraram que 3,9 milh\u00f5es de pessoas (ou 6,5% se enquadravam nessa categoria).<\/p>\n\n\n\n<div class=\"wp-block-image\"><figure class=\"aligncenter size-large is-resized\"><img loading=\"lazy\" decoding=\"async\" src=\"https:\/\/jornalfatosenoticias.com.br\/wp-content\/uploads\/2022\/10\/RC_800x750_page-0001.jpg\" alt=\"\" class=\"wp-image-35338\" width=\"295\" height=\"277\" srcset=\"https:\/\/jornalfatosenoticias.com.br\/wp-content\/uploads\/2022\/10\/RC_800x750_page-0001.jpg 400w, https:\/\/jornalfatosenoticias.com.br\/wp-content\/uploads\/2022\/10\/RC_800x750_page-0001-300x281.jpg 300w\" sizes=\"auto, (max-width: 295px) 100vw, 295px\" \/><\/figure><\/div>\n\n\n\n<p>A respeito dos <a href=\"https:\/\/www.google.com\/url?client=internal-element-cse&amp;cx=004238318321071068280:rcwgwv4dsro&amp;q=https:\/\/www.megacurioso.com.br\/artes-cultura\/128158-6-edificios-religiosos-famosos-no-mundo-todo.htm&amp;sa=U&amp;ved=2ahUKEwjh0oj4rqGDAxV0qJUCHchXDJUQFnoECAMQAg&amp;usg=AOvVaw158qkHafdqgzmd8b7n4Db7\" rel=\"noreferrer noopener\" target=\"_blank\">hindus<\/a>, a quantidade atual \u00e9 de um milh\u00e3o (ou 1,7% dos ingleses e galeses). J\u00e1 no \u00faltimo censo, essa parcela representava <strong>1,5%<\/strong> com 818 mil pessoas. A cidade inglesa de Harrow se manteve com a maior porcentagem de popula\u00e7\u00e3o hindu: 25.8% em 2021 e 0,5 ponto percentual a menos em 2011.<\/p>\n\n\n\n<div class=\"wp-block-image\"><figure class=\"aligncenter size-large is-resized\"><img loading=\"lazy\" decoding=\"async\" src=\"https:\/\/jornalfatosenoticias.com.br\/wp-content\/uploads\/2022\/02\/Precisao-Contabilidade-1024x724.jpg\" alt=\"\" class=\"wp-image-28088\" width=\"354\" height=\"250\"\/><\/figure><\/div>\n\n\n\n<p>Al\u00e9m disso, em ambas as pesquisas, a cidade de <strong>Londres<\/strong> se manteve como a mais diversa. Mais de um quarto dos londrinos (25,3% ou 2,2 milh\u00f5es em 2021) declarou uma religi\u00e3o diferente da crist\u00e3 \u2014 correspondente a 40,7% do total. A segunda cren\u00e7a mais frequente na capital foi o <strong>islamismo,<\/strong> com 15% da popula\u00e7\u00e3o.<\/p>\n\n\n\n<div class=\"wp-block-image\"><figure class=\"aligncenter size-large is-resized\"><img loading=\"lazy\" decoding=\"async\" src=\"https:\/\/jornalfatosenoticias.com.br\/wp-content\/uploads\/2023\/03\/logo-Panper_portal.jpg\" alt=\"\" class=\"wp-image-40208\" width=\"316\" height=\"219\" srcset=\"https:\/\/jornalfatosenoticias.com.br\/wp-content\/uploads\/2023\/03\/logo-Panper_portal.jpg 400w, https:\/\/jornalfatosenoticias.com.br\/wp-content\/uploads\/2023\/03\/logo-Panper_portal-300x208.jpg 300w\" sizes=\"auto, (max-width: 316px) 100vw, 316px\" \/><\/figure><\/div>\n\n\n\n<p><strong><em>Fonte: <a href=\"https:\/\/www.megacurioso.com.br\/artes-cultura\/128406-pela-primeira-vez-cristaos-sao-menos-da-metade-na-inglaterra.htm\">Mega Curioso<\/a><\/em><\/strong><\/p>\n","protected":false},"excerpt":{"rendered":"<p>Por Iraci Falavina O censo mais recente da Inglaterra e do Pa\u00eds de Gales revelou que o cristianismo sofreu uma queda consider\u00e1vel. Pela primeira vez, menos da metade da popula\u00e7\u00e3o se declarou como &#8220;crist\u00e3&#8221;: foram 46,2%. A pesquisa foi feita pelo governo do Reino Unido com 56 milh\u00f5es de pessoas, o que corresponde a 94% [&hellip;]<\/p>\n","protected":false},"author":2,"featured_media":48033,"comment_status":"open","ping_status":"open","sticky":false,"template":"","format":"standard","meta":{"footnotes":""},"categories":[21140],"tags":[14161,1619,22423,457,79,3294],"class_list":["post-48032","post","type-post","status-publish","format-standard","has-post-thumbnail","hentry","category-religiao","tag-cristaos","tag-cristianismo","tag-hinfus","tag-inglaterra","tag-muculmanos","tag-religiao"],"yoast_head":"<!-- This site is optimized with the Yoast SEO plugin v26.5 - https:\/\/yoast.com\/wordpress\/plugins\/seo\/ -->\n<title>Pela primeira vez, crist\u00e3os s\u00e3o menos da metade na Inglaterra - Jornal Fatos e Not\u00edcias<\/title>\n<meta name=\"robots\" content=\"index, follow, max-snippet:-1, max-image-preview:large, max-video-preview:-1\" \/>\n<link rel=\"canonical\" href=\"https:\/\/jornalfatosenoticias.com.br\/index.php\/2023\/12\/26\/pela-primeira-vez-cristaos-sao-menos-da-metade-na-inglaterra\/\" \/>\n<meta property=\"og:locale\" content=\"pt_BR\" \/>\n<meta property=\"og:type\" content=\"article\" \/>\n<meta property=\"og:title\" content=\"Pela primeira vez, crist\u00e3os s\u00e3o menos da metade na Inglaterra - Jornal Fatos e Not\u00edcias\" \/>\n<meta property=\"og:description\" content=\"Por Iraci Falavina O censo mais recente da Inglaterra e do Pa\u00eds de Gales revelou que o cristianismo sofreu uma queda consider\u00e1vel. Pela primeira vez, menos da metade da popula\u00e7\u00e3o se declarou como &#8220;crist\u00e3&#8221;: foram 46,2%. A pesquisa foi feita pelo governo do Reino Unido com 56 milh\u00f5es de pessoas, o que corresponde a 94% [&hellip;]\" \/>\n<meta property=\"og:url\" content=\"https:\/\/jornalfatosenoticias.com.br\/index.php\/2023\/12\/26\/pela-primeira-vez-cristaos-sao-menos-da-metade-na-inglaterra\/\" \/>\n<meta property=\"og:site_name\" content=\"Jornal Fatos e Not\u00edcias\" \/>\n<meta property=\"article:published_time\" content=\"2023-12-26T19:03:10+00:00\" \/>\n<meta property=\"article:modified_time\" content=\"2023-12-26T19:03:14+00:00\" \/>\n<meta property=\"og:image\" content=\"https:\/\/jornalfatosenoticias.com.br\/wp-content\/uploads\/2023\/12\/Big-Ben_istock.jpg\" \/>\n\t<meta property=\"og:image:width\" content=\"612\" \/>\n\t<meta property=\"og:image:height\" content=\"408\" \/>\n\t<meta property=\"og:image:type\" content=\"image\/jpeg\" \/>\n<meta name=\"author\" content=\"Luzimara Fernandes\" \/>\n<meta name=\"twitter:card\" content=\"summary_large_image\" \/>\n<meta name=\"twitter:label1\" content=\"Escrito por\" \/>\n\t<meta name=\"twitter:data1\" content=\"Luzimara Fernandes\" \/>\n\t<meta name=\"twitter:label2\" content=\"Est. tempo de leitura\" \/>\n\t<meta name=\"twitter:data2\" content=\"2 minutos\" \/>\n<script type=\"application\/ld+json\" class=\"yoast-schema-graph\">{\"@context\":\"https:\/\/schema.org\",\"@graph\":[{\"@type\":\"Article\",\"@id\":\"https:\/\/jornalfatosenoticias.com.br\/index.php\/2023\/12\/26\/pela-primeira-vez-cristaos-sao-menos-da-metade-na-inglaterra\/#article\",\"isPartOf\":{\"@id\":\"https:\/\/jornalfatosenoticias.com.br\/index.php\/2023\/12\/26\/pela-primeira-vez-cristaos-sao-menos-da-metade-na-inglaterra\/\"},\"author\":{\"name\":\"Luzimara Fernandes\",\"@id\":\"https:\/\/jornalfatosenoticias.com.br\/#\/schema\/person\/d63837fa13ac8666eb9e74e0985d6f81\"},\"headline\":\"Pela primeira vez, crist\u00e3os s\u00e3o menos da metade na Inglaterra\",\"datePublished\":\"2023-12-26T19:03:10+00:00\",\"dateModified\":\"2023-12-26T19:03:14+00:00\",\"mainEntityOfPage\":{\"@id\":\"https:\/\/jornalfatosenoticias.com.br\/index.php\/2023\/12\/26\/pela-primeira-vez-cristaos-sao-menos-da-metade-na-inglaterra\/\"},\"wordCount\":380,\"commentCount\":0,\"publisher\":{\"@id\":\"https:\/\/jornalfatosenoticias.com.br\/#organization\"},\"image\":{\"@id\":\"https:\/\/jornalfatosenoticias.com.br\/index.php\/2023\/12\/26\/pela-primeira-vez-cristaos-sao-menos-da-metade-na-inglaterra\/#primaryimage\"},\"thumbnailUrl\":\"https:\/\/jornalfatosenoticias.com.br\/wp-content\/uploads\/2023\/12\/Big-Ben_istock.jpg\",\"keywords\":[\"crist\u00e3os\",\"cristianismo\",\"hinfus\",\"Inglaterra\",\"mu\u00e7ulmanos\",\"religi\u00e3o\"],\"articleSection\":[\"Religi\u00e3o\"],\"inLanguage\":\"pt-BR\",\"potentialAction\":[{\"@type\":\"CommentAction\",\"name\":\"Comment\",\"target\":[\"https:\/\/jornalfatosenoticias.com.br\/index.php\/2023\/12\/26\/pela-primeira-vez-cristaos-sao-menos-da-metade-na-inglaterra\/#respond\"]}]},{\"@type\":\"WebPage\",\"@id\":\"https:\/\/jornalfatosenoticias.com.br\/index.php\/2023\/12\/26\/pela-primeira-vez-cristaos-sao-menos-da-metade-na-inglaterra\/\",\"url\":\"https:\/\/jornalfatosenoticias.com.br\/index.php\/2023\/12\/26\/pela-primeira-vez-cristaos-sao-menos-da-metade-na-inglaterra\/\",\"name\":\"Pela primeira vez, crist\u00e3os s\u00e3o menos da metade na Inglaterra - Jornal Fatos e Not\u00edcias\",\"isPartOf\":{\"@id\":\"https:\/\/jornalfatosenoticias.com.br\/#website\"},\"primaryImageOfPage\":{\"@id\":\"https:\/\/jornalfatosenoticias.com.br\/index.php\/2023\/12\/26\/pela-primeira-vez-cristaos-sao-menos-da-metade-na-inglaterra\/#primaryimage\"},\"image\":{\"@id\":\"https:\/\/jornalfatosenoticias.com.br\/index.php\/2023\/12\/26\/pela-primeira-vez-cristaos-sao-menos-da-metade-na-inglaterra\/#primaryimage\"},\"thumbnailUrl\":\"https:\/\/jornalfatosenoticias.com.br\/wp-content\/uploads\/2023\/12\/Big-Ben_istock.jpg\",\"datePublished\":\"2023-12-26T19:03:10+00:00\",\"dateModified\":\"2023-12-26T19:03:14+00:00\",\"breadcrumb\":{\"@id\":\"https:\/\/jornalfatosenoticias.com.br\/index.php\/2023\/12\/26\/pela-primeira-vez-cristaos-sao-menos-da-metade-na-inglaterra\/#breadcrumb\"},\"inLanguage\":\"pt-BR\",\"potentialAction\":[{\"@type\":\"ReadAction\",\"target\":[\"https:\/\/jornalfatosenoticias.com.br\/index.php\/2023\/12\/26\/pela-primeira-vez-cristaos-sao-menos-da-metade-na-inglaterra\/\"]}]},{\"@type\":\"ImageObject\",\"inLanguage\":\"pt-BR\",\"@id\":\"https:\/\/jornalfatosenoticias.com.br\/index.php\/2023\/12\/26\/pela-primeira-vez-cristaos-sao-menos-da-metade-na-inglaterra\/#primaryimage\",\"url\":\"https:\/\/jornalfatosenoticias.com.br\/wp-content\/uploads\/2023\/12\/Big-Ben_istock.jpg\",\"contentUrl\":\"https:\/\/jornalfatosenoticias.com.br\/wp-content\/uploads\/2023\/12\/Big-Ben_istock.jpg\",\"width\":612,\"height\":408,\"caption\":\"Big Ben in sunny day, London\"},{\"@type\":\"BreadcrumbList\",\"@id\":\"https:\/\/jornalfatosenoticias.com.br\/index.php\/2023\/12\/26\/pela-primeira-vez-cristaos-sao-menos-da-metade-na-inglaterra\/#breadcrumb\",\"itemListElement\":[{\"@type\":\"ListItem\",\"position\":1,\"name\":\"In\u00edcio\",\"item\":\"https:\/\/jornalfatosenoticias.com.br\/\"},{\"@type\":\"ListItem\",\"position\":2,\"name\":\"Pela primeira vez, crist\u00e3os s\u00e3o menos da metade na Inglaterra\"}]},{\"@type\":\"WebSite\",\"@id\":\"https:\/\/jornalfatosenoticias.com.br\/#website\",\"url\":\"https:\/\/jornalfatosenoticias.com.br\/\",\"name\":\"Jornal Fatos e Not\u00edcias\",\"description\":\"Not\u00edcias em geral\",\"publisher\":{\"@id\":\"https:\/\/jornalfatosenoticias.com.br\/#organization\"},\"potentialAction\":[{\"@type\":\"SearchAction\",\"target\":{\"@type\":\"EntryPoint\",\"urlTemplate\":\"https:\/\/jornalfatosenoticias.com.br\/?s={search_term_string}\"},\"query-input\":{\"@type\":\"PropertyValueSpecification\",\"valueRequired\":true,\"valueName\":\"search_term_string\"}}],\"inLanguage\":\"pt-BR\"},{\"@type\":\"Organization\",\"@id\":\"https:\/\/jornalfatosenoticias.com.br\/#organization\",\"name\":\"Jornal Fatos e Not\u00edcias\",\"url\":\"https:\/\/jornalfatosenoticias.com.br\/\",\"logo\":{\"@type\":\"ImageObject\",\"inLanguage\":\"pt-BR\",\"@id\":\"https:\/\/jornalfatosenoticias.com.br\/#\/schema\/logo\/image\/\",\"url\":\"https:\/\/jornalfatosenoticias.com.br\/wp-content\/uploads\/2020\/02\/logo120.png\",\"contentUrl\":\"https:\/\/jornalfatosenoticias.com.br\/wp-content\/uploads\/2020\/02\/logo120.png\",\"width\":1227,\"height\":120,\"caption\":\"Jornal Fatos e Not\u00edcias\"},\"image\":{\"@id\":\"https:\/\/jornalfatosenoticias.com.br\/#\/schema\/logo\/image\/\"}},{\"@type\":\"Person\",\"@id\":\"https:\/\/jornalfatosenoticias.com.br\/#\/schema\/person\/d63837fa13ac8666eb9e74e0985d6f81\",\"name\":\"Luzimara Fernandes\",\"image\":{\"@type\":\"ImageObject\",\"inLanguage\":\"pt-BR\",\"@id\":\"https:\/\/jornalfatosenoticias.com.br\/#\/schema\/person\/image\/\",\"url\":\"https:\/\/jornalfatosenoticias.com.br\/wp-content\/uploads\/2025\/05\/EU_portal.jpg\",\"contentUrl\":\"https:\/\/jornalfatosenoticias.com.br\/wp-content\/uploads\/2025\/05\/EU_portal.jpg\",\"caption\":\"Luzimara Fernandes\"},\"description\":\"Jornalista MTB 2358-ES\",\"sameAs\":[\"https:\/\/jornalfatosenoticias.com.br\"],\"url\":\"https:\/\/jornalfatosenoticias.com.br\/index.php\/author\/luzimara\/\"}]}<\/script>\n<!-- \/ Yoast SEO plugin. -->","yoast_head_json":{"title":"Pela primeira vez, crist\u00e3os s\u00e3o menos da metade na Inglaterra - Jornal Fatos e Not\u00edcias","robots":{"index":"index","follow":"follow","max-snippet":"max-snippet:-1","max-image-preview":"max-image-preview:large","max-video-preview":"max-video-preview:-1"},"canonical":"https:\/\/jornalfatosenoticias.com.br\/index.php\/2023\/12\/26\/pela-primeira-vez-cristaos-sao-menos-da-metade-na-inglaterra\/","og_locale":"pt_BR","og_type":"article","og_title":"Pela primeira vez, crist\u00e3os s\u00e3o menos da metade na Inglaterra - Jornal Fatos e Not\u00edcias","og_description":"Por Iraci Falavina O censo mais recente da Inglaterra e do Pa\u00eds de Gales revelou que o cristianismo sofreu uma queda consider\u00e1vel. Pela primeira vez, menos da metade da popula\u00e7\u00e3o se declarou como &#8220;crist\u00e3&#8221;: foram 46,2%. A pesquisa foi feita pelo governo do Reino Unido com 56 milh\u00f5es de pessoas, o que corresponde a 94% [&hellip;]","og_url":"https:\/\/jornalfatosenoticias.com.br\/index.php\/2023\/12\/26\/pela-primeira-vez-cristaos-sao-menos-da-metade-na-inglaterra\/","og_site_name":"Jornal Fatos e Not\u00edcias","article_published_time":"2023-12-26T19:03:10+00:00","article_modified_time":"2023-12-26T19:03:14+00:00","og_image":[{"width":612,"height":408,"url":"https:\/\/jornalfatosenoticias.com.br\/wp-content\/uploads\/2023\/12\/Big-Ben_istock.jpg","type":"image\/jpeg"}],"author":"Luzimara Fernandes","twitter_card":"summary_large_image","twitter_misc":{"Escrito por":"Luzimara Fernandes","Est. tempo de leitura":"2 minutos"},"schema":{"@context":"https:\/\/schema.org","@graph":[{"@type":"Article","@id":"https:\/\/jornalfatosenoticias.com.br\/index.php\/2023\/12\/26\/pela-primeira-vez-cristaos-sao-menos-da-metade-na-inglaterra\/#article","isPartOf":{"@id":"https:\/\/jornalfatosenoticias.com.br\/index.php\/2023\/12\/26\/pela-primeira-vez-cristaos-sao-menos-da-metade-na-inglaterra\/"},"author":{"name":"Luzimara Fernandes","@id":"https:\/\/jornalfatosenoticias.com.br\/#\/schema\/person\/d63837fa13ac8666eb9e74e0985d6f81"},"headline":"Pela primeira vez, crist\u00e3os s\u00e3o menos da metade na Inglaterra","datePublished":"2023-12-26T19:03:10+00:00","dateModified":"2023-12-26T19:03:14+00:00","mainEntityOfPage":{"@id":"https:\/\/jornalfatosenoticias.com.br\/index.php\/2023\/12\/26\/pela-primeira-vez-cristaos-sao-menos-da-metade-na-inglaterra\/"},"wordCount":380,"commentCount":0,"publisher":{"@id":"https:\/\/jornalfatosenoticias.com.br\/#organization"},"image":{"@id":"https:\/\/jornalfatosenoticias.com.br\/index.php\/2023\/12\/26\/pela-primeira-vez-cristaos-sao-menos-da-metade-na-inglaterra\/#primaryimage"},"thumbnailUrl":"https:\/\/jornalfatosenoticias.com.br\/wp-content\/uploads\/2023\/12\/Big-Ben_istock.jpg","keywords":["crist\u00e3os","cristianismo","hinfus","Inglaterra","mu\u00e7ulmanos","religi\u00e3o"],"articleSection":["Religi\u00e3o"],"inLanguage":"pt-BR","potentialAction":[{"@type":"CommentAction","name":"Comment","target":["https:\/\/jornalfatosenoticias.com.br\/index.php\/2023\/12\/26\/pela-primeira-vez-cristaos-sao-menos-da-metade-na-inglaterra\/#respond"]}]},{"@type":"WebPage","@id":"https:\/\/jornalfatosenoticias.com.br\/index.php\/2023\/12\/26\/pela-primeira-vez-cristaos-sao-menos-da-metade-na-inglaterra\/","url":"https:\/\/jornalfatosenoticias.com.br\/index.php\/2023\/12\/26\/pela-primeira-vez-cristaos-sao-menos-da-metade-na-inglaterra\/","name":"Pela primeira vez, crist\u00e3os s\u00e3o menos da metade na Inglaterra - Jornal Fatos e Not\u00edcias","isPartOf":{"@id":"https:\/\/jornalfatosenoticias.com.br\/#website"},"primaryImageOfPage":{"@id":"https:\/\/jornalfatosenoticias.com.br\/index.php\/2023\/12\/26\/pela-primeira-vez-cristaos-sao-menos-da-metade-na-inglaterra\/#primaryimage"},"image":{"@id":"https:\/\/jornalfatosenoticias.com.br\/index.php\/2023\/12\/26\/pela-primeira-vez-cristaos-sao-menos-da-metade-na-inglaterra\/#primaryimage"},"thumbnailUrl":"https:\/\/jornalfatosenoticias.com.br\/wp-content\/uploads\/2023\/12\/Big-Ben_istock.jpg","datePublished":"2023-12-26T19:03:10+00:00","dateModified":"2023-12-26T19:03:14+00:00","breadcrumb":{"@id":"https:\/\/jornalfatosenoticias.com.br\/index.php\/2023\/12\/26\/pela-primeira-vez-cristaos-sao-menos-da-metade-na-inglaterra\/#breadcrumb"},"inLanguage":"pt-BR","potentialAction":[{"@type":"ReadAction","target":["https:\/\/jornalfatosenoticias.com.br\/index.php\/2023\/12\/26\/pela-primeira-vez-cristaos-sao-menos-da-metade-na-inglaterra\/"]}]},{"@type":"ImageObject","inLanguage":"pt-BR","@id":"https:\/\/jornalfatosenoticias.com.br\/index.php\/2023\/12\/26\/pela-primeira-vez-cristaos-sao-menos-da-metade-na-inglaterra\/#primaryimage","url":"https:\/\/jornalfatosenoticias.com.br\/wp-content\/uploads\/2023\/12\/Big-Ben_istock.jpg","contentUrl":"https:\/\/jornalfatosenoticias.com.br\/wp-content\/uploads\/2023\/12\/Big-Ben_istock.jpg","width":612,"height":408,"caption":"Big Ben in sunny day, London"},{"@type":"BreadcrumbList","@id":"https:\/\/jornalfatosenoticias.com.br\/index.php\/2023\/12\/26\/pela-primeira-vez-cristaos-sao-menos-da-metade-na-inglaterra\/#breadcrumb","itemListElement":[{"@type":"ListItem","position":1,"name":"In\u00edcio","item":"https:\/\/jornalfatosenoticias.com.br\/"},{"@type":"ListItem","position":2,"name":"Pela primeira vez, crist\u00e3os s\u00e3o menos da metade na Inglaterra"}]},{"@type":"WebSite","@id":"https:\/\/jornalfatosenoticias.com.br\/#website","url":"https:\/\/jornalfatosenoticias.com.br\/","name":"Jornal Fatos e Not\u00edcias","description":"Not\u00edcias em geral","publisher":{"@id":"https:\/\/jornalfatosenoticias.com.br\/#organization"},"potentialAction":[{"@type":"SearchAction","target":{"@type":"EntryPoint","urlTemplate":"https:\/\/jornalfatosenoticias.com.br\/?s={search_term_string}"},"query-input":{"@type":"PropertyValueSpecification","valueRequired":true,"valueName":"search_term_string"}}],"inLanguage":"pt-BR"},{"@type":"Organization","@id":"https:\/\/jornalfatosenoticias.com.br\/#organization","name":"Jornal Fatos e Not\u00edcias","url":"https:\/\/jornalfatosenoticias.com.br\/","logo":{"@type":"ImageObject","inLanguage":"pt-BR","@id":"https:\/\/jornalfatosenoticias.com.br\/#\/schema\/logo\/image\/","url":"https:\/\/jornalfatosenoticias.com.br\/wp-content\/uploads\/2020\/02\/logo120.png","contentUrl":"https:\/\/jornalfatosenoticias.com.br\/wp-content\/uploads\/2020\/02\/logo120.png","width":1227,"height":120,"caption":"Jornal Fatos e Not\u00edcias"},"image":{"@id":"https:\/\/jornalfatosenoticias.com.br\/#\/schema\/logo\/image\/"}},{"@type":"Person","@id":"https:\/\/jornalfatosenoticias.com.br\/#\/schema\/person\/d63837fa13ac8666eb9e74e0985d6f81","name":"Luzimara Fernandes","image":{"@type":"ImageObject","inLanguage":"pt-BR","@id":"https:\/\/jornalfatosenoticias.com.br\/#\/schema\/person\/image\/","url":"https:\/\/jornalfatosenoticias.com.br\/wp-content\/uploads\/2025\/05\/EU_portal.jpg","contentUrl":"https:\/\/jornalfatosenoticias.com.br\/wp-content\/uploads\/2025\/05\/EU_portal.jpg","caption":"Luzimara Fernandes"},"description":"Jornalista MTB 2358-ES","sameAs":["https:\/\/jornalfatosenoticias.com.br"],"url":"https:\/\/jornalfatosenoticias.com.br\/index.php\/author\/luzimara\/"}]}},"cc_featured_image_caption":{"caption_text":"(Foto: iStock)\t","source_text":"","source_url":""},"jetpack_featured_media_url":"https:\/\/jornalfatosenoticias.com.br\/wp-content\/uploads\/2023\/12\/Big-Ben_istock.jpg","_links":{"self":[{"href":"https:\/\/jornalfatosenoticias.com.br\/index.php\/wp-json\/wp\/v2\/posts\/48032","targetHints":{"allow":["GET"]}}],"collection":[{"href":"https:\/\/jornalfatosenoticias.com.br\/index.php\/wp-json\/wp\/v2\/posts"}],"about":[{"href":"https:\/\/jornalfatosenoticias.com.br\/index.php\/wp-json\/wp\/v2\/types\/post"}],"author":[{"embeddable":true,"href":"https:\/\/jornalfatosenoticias.com.br\/index.php\/wp-json\/wp\/v2\/users\/2"}],"replies":[{"embeddable":true,"href":"https:\/\/jornalfatosenoticias.com.br\/index.php\/wp-json\/wp\/v2\/comments?post=48032"}],"version-history":[{"count":0,"href":"https:\/\/jornalfatosenoticias.com.br\/index.php\/wp-json\/wp\/v2\/posts\/48032\/revisions"}],"wp:featuredmedia":[{"embeddable":true,"href":"https:\/\/jornalfatosenoticias.com.br\/index.php\/wp-json\/wp\/v2\/media\/48033"}],"wp:attachment":[{"href":"https:\/\/jornalfatosenoticias.com.br\/index.php\/wp-json\/wp\/v2\/media?parent=48032"}],"wp:term":[{"taxonomy":"category","embeddable":true,"href":"https:\/\/jornalfatosenoticias.com.br\/index.php\/wp-json\/wp\/v2\/categories?post=48032"},{"taxonomy":"post_tag","embeddable":true,"href":"https:\/\/jornalfatosenoticias.com.br\/index.php\/wp-json\/wp\/v2\/tags?post=48032"}],"curies":[{"name":"wp","href":"https:\/\/api.w.org\/{rel}","templated":true}]}}