{"id":48084,"date":"2024-01-02T15:33:57","date_gmt":"2024-01-02T18:33:57","guid":{"rendered":"https:\/\/jornalfatosenoticias.com.br\/?p=48084"},"modified":"2024-01-02T15:34:01","modified_gmt":"2024-01-02T18:34:01","slug":"novo-drone-motorizado-sera-descartavel-e-tera-maior-autonomia-de-voo","status":"publish","type":"post","link":"https:\/\/jornalfatosenoticias.com.br\/index.php\/2024\/01\/02\/novo-drone-motorizado-sera-descartavel-e-tera-maior-autonomia-de-voo\/","title":{"rendered":"Novo drone motorizado ser\u00e1 descart\u00e1vel e ter\u00e1 maior autonomia de voo"},"content":{"rendered":"\n<p><em><span class=\"has-inline-color has-black-color\">Drone foi encomendado pela For\u00e7a A\u00e9rea dos EUA para uso em zonas de desastre ou de combate e ser\u00e1 pode ser descartado ao final das miss\u00f5es<\/span><\/em><\/p>\n\n\n\n<p><span class=\"has-inline-color has-black-color\">Por <strong><a href=\"https:\/\/olhardigital.com.br\/author\/alessandro-lorenzo\/\">Alessandro Di Lorenzo<\/a><\/strong><\/span><\/p>\n\n\n\n<div class=\"wp-block-image\"><figure class=\"aligncenter size-large\"><img loading=\"lazy\" decoding=\"async\" width=\"729\" height=\"90\" src=\"https:\/\/jornalfatosenoticias.com.br\/wp-content\/uploads\/2020\/02\/Logo_Mizu.png\" alt=\"\" class=\"wp-image-1441\" srcset=\"https:\/\/jornalfatosenoticias.com.br\/wp-content\/uploads\/2020\/02\/Logo_Mizu.png 729w, https:\/\/jornalfatosenoticias.com.br\/wp-content\/uploads\/2020\/02\/Logo_Mizu-300x37.png 300w\" sizes=\"auto, (max-width: 729px) 100vw, 729px\" \/><\/figure><\/div>\n\n\n\n<p>A empresa aeroespacial Silent Arrow est\u00e1 desenvolvendo uma nova vers\u00e3o de <a href=\"https:\/\/olhardigital.com.br\/tag\/drones\/\" target=\"_blank\" rel=\"noreferrer noopener\">drones<\/a>\u00a0para serem utilizados no campo de batalha pela\u00a0<a href=\"https:\/\/olhardigital.com.br\/tag\/forca-aerea-americana\/\" target=\"_blank\" rel=\"noreferrer noopener\">For\u00e7a A\u00e9rea dos Estados Unidos<\/a>. O novo ve\u00edculo voador ser\u00e1 motorizado, de longo alcance, capaz de transportar materiais pesados e, acima de tudo, descart\u00e1vel ap\u00f3s as opera\u00e7\u00f5es.<br>A Silent Arrow j\u00e1 desenvolveu uma s\u00e9rie de drones planadores aut\u00f4nomos militares e civis capazes de transportar at\u00e9 680 quilos. Eles s\u00e3o projetados para serem transportados por aeronaves de transporte ou helic\u00f3pteros. Os drones s\u00e3o basicamente s\u00e3o atirados quando se atinge uma certa altitude. A partir da\u00ed, eles abrem as asas e planam at\u00e9 o destino indicado, especialmente zonas de desastre ou de combate.<br>Esses equipamentos s\u00e3o projetados para serem mais baratos, uma vez que podem ser descartados ao final da miss\u00e3o. O grande desafio proposto pela For\u00e7a A\u00e9rea dos Estados Unidos \u00e0 Silent Arrow \u00e9 aprimorar o alcance dos drones. A vers\u00e3o GD-2000, por exemplo, \u00e9 capaz de voar apenas 65 quil\u00f4metros ap\u00f3s ser lan\u00e7ada no ar. As informa\u00e7\u00f5es s\u00e3o da <a href=\"https:\/\/newatlas.com\/military\/silent-arrow-motorized-disposable-drone\/\" target=\"_blank\" rel=\"noreferrer noopener\">New Atlas<\/a>.<\/p>\n\n\n\n<div class=\"wp-block-image\"><figure class=\"aligncenter size-large is-resized\"><img loading=\"lazy\" decoding=\"async\" src=\"https:\/\/jornalfatosenoticias.com.br\/wp-content\/uploads\/2022\/10\/RC_800x750_page-0001.jpg\" alt=\"\" class=\"wp-image-35338\" width=\"280\" height=\"263\" srcset=\"https:\/\/jornalfatosenoticias.com.br\/wp-content\/uploads\/2022\/10\/RC_800x750_page-0001.jpg 400w, https:\/\/jornalfatosenoticias.com.br\/wp-content\/uploads\/2022\/10\/RC_800x750_page-0001-300x281.jpg 300w\" sizes=\"auto, (max-width: 280px) 100vw, 280px\" \/><\/figure><\/div>\n\n\n\n<p>O objetivo agora \u00e9 atingir uma autonomia de voo quase dez vezes maior: 560 quil\u00f4metros. Para isso, os funcion\u00e1rios da empresa instalaram uma h\u00e9lice motorizada no CLS-300, novo drone da companhia. Al\u00e9m do maior alcance, a configura\u00e7\u00e3o motorizada permitir\u00e1 que ele decole sozinho de pistas, navios e outras plataformas n\u00e3o melhoradas. Ainda assim a tecnologia \u00e9 barata e descart\u00e1vel.<\/p>\n\n\n\n<div class=\"wp-block-image\"><figure class=\"aligncenter size-large is-resized\"><img loading=\"lazy\" decoding=\"async\" src=\"https:\/\/jornalfatosenoticias.com.br\/wp-content\/uploads\/2023\/03\/logo-Panper_portal.jpg\" alt=\"\" class=\"wp-image-40208\" width=\"349\" height=\"242\" srcset=\"https:\/\/jornalfatosenoticias.com.br\/wp-content\/uploads\/2023\/03\/logo-Panper_portal.jpg 400w, https:\/\/jornalfatosenoticias.com.br\/wp-content\/uploads\/2023\/03\/logo-Panper_portal-300x208.jpg 300w\" sizes=\"auto, (max-width: 349px) 100vw, 349px\" \/><\/figure><\/div>\n\n\n\n<p>Os primeiros testes de propuls\u00e3o do novo drone v\u00e3o acontecer no primeiro semestre de 2024. Ap\u00f3s, ser\u00e3o realizados testes de voo no segundo semestre do ano. A Silent Arrow n\u00e3o informou uma data prevista para entregar os novos drones \u00e0 For\u00e7a A\u00e9rea dos EUA. A empresa se limitou a afirmar que espera que isso aconte\u00e7a rapidamente para \u201centregar essa capacidade cr\u00edtica aos combatentes de guerra que operam em perigo, bem como \u00e0s organiza\u00e7\u00f5es humanit\u00e1rias e de socorro a desastres que atendem a quem precisa\u201d.<\/p>\n\n\n\n<div class=\"wp-block-image\"><figure class=\"aligncenter size-large is-resized\"><img loading=\"lazy\" decoding=\"async\" src=\"https:\/\/jornalfatosenoticias.com.br\/wp-content\/uploads\/2023\/08\/BKR-1024x1021.jpg\" alt=\"\" class=\"wp-image-44494\" width=\"281\" height=\"280\" srcset=\"https:\/\/jornalfatosenoticias.com.br\/wp-content\/uploads\/2023\/08\/BKR-1024x1021.jpg 1024w, https:\/\/jornalfatosenoticias.com.br\/wp-content\/uploads\/2023\/08\/BKR-300x300.jpg 300w, https:\/\/jornalfatosenoticias.com.br\/wp-content\/uploads\/2023\/08\/BKR-150x150.jpg 150w, https:\/\/jornalfatosenoticias.com.br\/wp-content\/uploads\/2023\/08\/BKR-768x766.jpg 768w, https:\/\/jornalfatosenoticias.com.br\/wp-content\/uploads\/2023\/08\/BKR.jpg 1080w\" sizes=\"auto, (max-width: 281px) 100vw, 281px\" \/><\/figure><\/div>\n\n\n\n<p><strong><em>Fonte: <a href=\"https:\/\/olhardigital.com.br\/2023\/12\/28\/carros-e-tecnologia\/novo-drone-motorizado-sera-descartavel-e-tera-maior-autonomia-de-voo\/\">Olhar Digital<\/a><\/em><\/strong><\/p>\n","protected":false},"excerpt":{"rendered":"<p>Drone foi encomendado pela For\u00e7a A\u00e9rea dos EUA para uso em zonas de desastre ou de combate e ser\u00e1 pode ser descartado ao final das miss\u00f5es Por Alessandro Di Lorenzo A empresa aeroespacial Silent Arrow est\u00e1 desenvolvendo uma nova vers\u00e3o de drones\u00a0para serem utilizados no campo de batalha pela\u00a0For\u00e7a A\u00e9rea dos Estados Unidos. O novo [&hellip;]<\/p>\n","protected":false},"author":2,"featured_media":48085,"comment_status":"open","ping_status":"open","sticky":false,"template":"","format":"standard","meta":{"footnotes":""},"categories":[3],"tags":[2710,4977,10622,5827],"class_list":["post-48084","post","type-post","status-publish","format-standard","has-post-thumbnail","hentry","category-tecnologia","tag-autonomia","tag-drone","tag-forca-aerea-americana","tag-voo"],"yoast_head":"<!-- This site is optimized with the Yoast SEO plugin v26.5 - https:\/\/yoast.com\/wordpress\/plugins\/seo\/ -->\n<title>Novo drone motorizado ser\u00e1 descart\u00e1vel e ter\u00e1 maior autonomia de voo - Jornal Fatos e Not\u00edcias<\/title>\n<meta name=\"robots\" content=\"index, follow, max-snippet:-1, max-image-preview:large, max-video-preview:-1\" \/>\n<link rel=\"canonical\" href=\"https:\/\/jornalfatosenoticias.com.br\/index.php\/2024\/01\/02\/novo-drone-motorizado-sera-descartavel-e-tera-maior-autonomia-de-voo\/\" \/>\n<meta property=\"og:locale\" content=\"pt_BR\" \/>\n<meta property=\"og:type\" content=\"article\" \/>\n<meta property=\"og:title\" content=\"Novo drone motorizado ser\u00e1 descart\u00e1vel e ter\u00e1 maior autonomia de voo - Jornal Fatos e Not\u00edcias\" \/>\n<meta property=\"og:description\" content=\"Drone foi encomendado pela For\u00e7a A\u00e9rea dos EUA para uso em zonas de desastre ou de combate e ser\u00e1 pode ser descartado ao final das miss\u00f5es Por Alessandro Di Lorenzo A empresa aeroespacial Silent Arrow est\u00e1 desenvolvendo uma nova vers\u00e3o de drones\u00a0para serem utilizados no campo de batalha pela\u00a0For\u00e7a A\u00e9rea dos Estados Unidos. O novo [&hellip;]\" \/>\n<meta property=\"og:url\" content=\"https:\/\/jornalfatosenoticias.com.br\/index.php\/2024\/01\/02\/novo-drone-motorizado-sera-descartavel-e-tera-maior-autonomia-de-voo\/\" \/>\n<meta property=\"og:site_name\" content=\"Jornal Fatos e Not\u00edcias\" \/>\n<meta property=\"article:published_time\" content=\"2024-01-02T18:33:57+00:00\" \/>\n<meta property=\"article:modified_time\" content=\"2024-01-02T18:34:01+00:00\" \/>\n<meta property=\"og:image\" content=\"https:\/\/jornalfatosenoticias.com.br\/wp-content\/uploads\/2024\/01\/drone-motorizado.png\" \/>\n\t<meta property=\"og:image:width\" content=\"1000\" \/>\n\t<meta property=\"og:image:height\" content=\"589\" \/>\n\t<meta property=\"og:image:type\" content=\"image\/png\" \/>\n<meta name=\"author\" content=\"Luzimara Fernandes\" \/>\n<meta name=\"twitter:card\" content=\"summary_large_image\" \/>\n<meta name=\"twitter:label1\" content=\"Escrito por\" \/>\n\t<meta name=\"twitter:data1\" content=\"Luzimara Fernandes\" \/>\n\t<meta name=\"twitter:label2\" content=\"Est. tempo de leitura\" \/>\n\t<meta name=\"twitter:data2\" content=\"2 minutos\" \/>\n<script type=\"application\/ld+json\" class=\"yoast-schema-graph\">{\"@context\":\"https:\/\/schema.org\",\"@graph\":[{\"@type\":\"Article\",\"@id\":\"https:\/\/jornalfatosenoticias.com.br\/index.php\/2024\/01\/02\/novo-drone-motorizado-sera-descartavel-e-tera-maior-autonomia-de-voo\/#article\",\"isPartOf\":{\"@id\":\"https:\/\/jornalfatosenoticias.com.br\/index.php\/2024\/01\/02\/novo-drone-motorizado-sera-descartavel-e-tera-maior-autonomia-de-voo\/\"},\"author\":{\"name\":\"Luzimara Fernandes\",\"@id\":\"https:\/\/jornalfatosenoticias.com.br\/#\/schema\/person\/d63837fa13ac8666eb9e74e0985d6f81\"},\"headline\":\"Novo drone motorizado ser\u00e1 descart\u00e1vel e ter\u00e1 maior autonomia de voo\",\"datePublished\":\"2024-01-02T18:33:57+00:00\",\"dateModified\":\"2024-01-02T18:34:01+00:00\",\"mainEntityOfPage\":{\"@id\":\"https:\/\/jornalfatosenoticias.com.br\/index.php\/2024\/01\/02\/novo-drone-motorizado-sera-descartavel-e-tera-maior-autonomia-de-voo\/\"},\"wordCount\":393,\"commentCount\":0,\"publisher\":{\"@id\":\"https:\/\/jornalfatosenoticias.com.br\/#organization\"},\"image\":{\"@id\":\"https:\/\/jornalfatosenoticias.com.br\/index.php\/2024\/01\/02\/novo-drone-motorizado-sera-descartavel-e-tera-maior-autonomia-de-voo\/#primaryimage\"},\"thumbnailUrl\":\"https:\/\/jornalfatosenoticias.com.br\/wp-content\/uploads\/2024\/01\/drone-motorizado.png\",\"keywords\":[\"autonomia\",\"drone\",\"For\u00e7a A\u00e9rea Americana\",\"voo\"],\"articleSection\":[\"Tecnologia &amp; Inova\u00e7\u00e3o\"],\"inLanguage\":\"pt-BR\",\"potentialAction\":[{\"@type\":\"CommentAction\",\"name\":\"Comment\",\"target\":[\"https:\/\/jornalfatosenoticias.com.br\/index.php\/2024\/01\/02\/novo-drone-motorizado-sera-descartavel-e-tera-maior-autonomia-de-voo\/#respond\"]}]},{\"@type\":\"WebPage\",\"@id\":\"https:\/\/jornalfatosenoticias.com.br\/index.php\/2024\/01\/02\/novo-drone-motorizado-sera-descartavel-e-tera-maior-autonomia-de-voo\/\",\"url\":\"https:\/\/jornalfatosenoticias.com.br\/index.php\/2024\/01\/02\/novo-drone-motorizado-sera-descartavel-e-tera-maior-autonomia-de-voo\/\",\"name\":\"Novo drone motorizado ser\u00e1 descart\u00e1vel e ter\u00e1 maior autonomia de voo - Jornal Fatos e Not\u00edcias\",\"isPartOf\":{\"@id\":\"https:\/\/jornalfatosenoticias.com.br\/#website\"},\"primaryImageOfPage\":{\"@id\":\"https:\/\/jornalfatosenoticias.com.br\/index.php\/2024\/01\/02\/novo-drone-motorizado-sera-descartavel-e-tera-maior-autonomia-de-voo\/#primaryimage\"},\"image\":{\"@id\":\"https:\/\/jornalfatosenoticias.com.br\/index.php\/2024\/01\/02\/novo-drone-motorizado-sera-descartavel-e-tera-maior-autonomia-de-voo\/#primaryimage\"},\"thumbnailUrl\":\"https:\/\/jornalfatosenoticias.com.br\/wp-content\/uploads\/2024\/01\/drone-motorizado.png\",\"datePublished\":\"2024-01-02T18:33:57+00:00\",\"dateModified\":\"2024-01-02T18:34:01+00:00\",\"breadcrumb\":{\"@id\":\"https:\/\/jornalfatosenoticias.com.br\/index.php\/2024\/01\/02\/novo-drone-motorizado-sera-descartavel-e-tera-maior-autonomia-de-voo\/#breadcrumb\"},\"inLanguage\":\"pt-BR\",\"potentialAction\":[{\"@type\":\"ReadAction\",\"target\":[\"https:\/\/jornalfatosenoticias.com.br\/index.php\/2024\/01\/02\/novo-drone-motorizado-sera-descartavel-e-tera-maior-autonomia-de-voo\/\"]}]},{\"@type\":\"ImageObject\",\"inLanguage\":\"pt-BR\",\"@id\":\"https:\/\/jornalfatosenoticias.com.br\/index.php\/2024\/01\/02\/novo-drone-motorizado-sera-descartavel-e-tera-maior-autonomia-de-voo\/#primaryimage\",\"url\":\"https:\/\/jornalfatosenoticias.com.br\/wp-content\/uploads\/2024\/01\/drone-motorizado.png\",\"contentUrl\":\"https:\/\/jornalfatosenoticias.com.br\/wp-content\/uploads\/2024\/01\/drone-motorizado.png\",\"width\":1000,\"height\":589},{\"@type\":\"BreadcrumbList\",\"@id\":\"https:\/\/jornalfatosenoticias.com.br\/index.php\/2024\/01\/02\/novo-drone-motorizado-sera-descartavel-e-tera-maior-autonomia-de-voo\/#breadcrumb\",\"itemListElement\":[{\"@type\":\"ListItem\",\"position\":1,\"name\":\"In\u00edcio\",\"item\":\"https:\/\/jornalfatosenoticias.com.br\/\"},{\"@type\":\"ListItem\",\"position\":2,\"name\":\"Novo drone motorizado ser\u00e1 descart\u00e1vel e ter\u00e1 maior autonomia de voo\"}]},{\"@type\":\"WebSite\",\"@id\":\"https:\/\/jornalfatosenoticias.com.br\/#website\",\"url\":\"https:\/\/jornalfatosenoticias.com.br\/\",\"name\":\"Jornal Fatos e Not\u00edcias\",\"description\":\"Not\u00edcias em geral\",\"publisher\":{\"@id\":\"https:\/\/jornalfatosenoticias.com.br\/#organization\"},\"potentialAction\":[{\"@type\":\"SearchAction\",\"target\":{\"@type\":\"EntryPoint\",\"urlTemplate\":\"https:\/\/jornalfatosenoticias.com.br\/?s={search_term_string}\"},\"query-input\":{\"@type\":\"PropertyValueSpecification\",\"valueRequired\":true,\"valueName\":\"search_term_string\"}}],\"inLanguage\":\"pt-BR\"},{\"@type\":\"Organization\",\"@id\":\"https:\/\/jornalfatosenoticias.com.br\/#organization\",\"name\":\"Jornal Fatos e Not\u00edcias\",\"url\":\"https:\/\/jornalfatosenoticias.com.br\/\",\"logo\":{\"@type\":\"ImageObject\",\"inLanguage\":\"pt-BR\",\"@id\":\"https:\/\/jornalfatosenoticias.com.br\/#\/schema\/logo\/image\/\",\"url\":\"https:\/\/jornalfatosenoticias.com.br\/wp-content\/uploads\/2020\/02\/logo120.png\",\"contentUrl\":\"https:\/\/jornalfatosenoticias.com.br\/wp-content\/uploads\/2020\/02\/logo120.png\",\"width\":1227,\"height\":120,\"caption\":\"Jornal Fatos e Not\u00edcias\"},\"image\":{\"@id\":\"https:\/\/jornalfatosenoticias.com.br\/#\/schema\/logo\/image\/\"}},{\"@type\":\"Person\",\"@id\":\"https:\/\/jornalfatosenoticias.com.br\/#\/schema\/person\/d63837fa13ac8666eb9e74e0985d6f81\",\"name\":\"Luzimara Fernandes\",\"image\":{\"@type\":\"ImageObject\",\"inLanguage\":\"pt-BR\",\"@id\":\"https:\/\/jornalfatosenoticias.com.br\/#\/schema\/person\/image\/\",\"url\":\"https:\/\/jornalfatosenoticias.com.br\/wp-content\/uploads\/2025\/05\/EU_portal.jpg\",\"contentUrl\":\"https:\/\/jornalfatosenoticias.com.br\/wp-content\/uploads\/2025\/05\/EU_portal.jpg\",\"caption\":\"Luzimara Fernandes\"},\"description\":\"Jornalista MTB 2358-ES\",\"sameAs\":[\"https:\/\/jornalfatosenoticias.com.br\"],\"url\":\"https:\/\/jornalfatosenoticias.com.br\/index.php\/author\/luzimara\/\"}]}<\/script>\n<!-- \/ Yoast SEO plugin. -->","yoast_head_json":{"title":"Novo drone motorizado ser\u00e1 descart\u00e1vel e ter\u00e1 maior autonomia de voo - Jornal Fatos e Not\u00edcias","robots":{"index":"index","follow":"follow","max-snippet":"max-snippet:-1","max-image-preview":"max-image-preview:large","max-video-preview":"max-video-preview:-1"},"canonical":"https:\/\/jornalfatosenoticias.com.br\/index.php\/2024\/01\/02\/novo-drone-motorizado-sera-descartavel-e-tera-maior-autonomia-de-voo\/","og_locale":"pt_BR","og_type":"article","og_title":"Novo drone motorizado ser\u00e1 descart\u00e1vel e ter\u00e1 maior autonomia de voo - Jornal Fatos e Not\u00edcias","og_description":"Drone foi encomendado pela For\u00e7a A\u00e9rea dos EUA para uso em zonas de desastre ou de combate e ser\u00e1 pode ser descartado ao final das miss\u00f5es Por Alessandro Di Lorenzo A empresa aeroespacial Silent Arrow est\u00e1 desenvolvendo uma nova vers\u00e3o de drones\u00a0para serem utilizados no campo de batalha pela\u00a0For\u00e7a A\u00e9rea dos Estados Unidos. O novo [&hellip;]","og_url":"https:\/\/jornalfatosenoticias.com.br\/index.php\/2024\/01\/02\/novo-drone-motorizado-sera-descartavel-e-tera-maior-autonomia-de-voo\/","og_site_name":"Jornal Fatos e Not\u00edcias","article_published_time":"2024-01-02T18:33:57+00:00","article_modified_time":"2024-01-02T18:34:01+00:00","og_image":[{"width":1000,"height":589,"url":"https:\/\/jornalfatosenoticias.com.br\/wp-content\/uploads\/2024\/01\/drone-motorizado.png","type":"image\/png"}],"author":"Luzimara Fernandes","twitter_card":"summary_large_image","twitter_misc":{"Escrito por":"Luzimara Fernandes","Est. tempo de leitura":"2 minutos"},"schema":{"@context":"https:\/\/schema.org","@graph":[{"@type":"Article","@id":"https:\/\/jornalfatosenoticias.com.br\/index.php\/2024\/01\/02\/novo-drone-motorizado-sera-descartavel-e-tera-maior-autonomia-de-voo\/#article","isPartOf":{"@id":"https:\/\/jornalfatosenoticias.com.br\/index.php\/2024\/01\/02\/novo-drone-motorizado-sera-descartavel-e-tera-maior-autonomia-de-voo\/"},"author":{"name":"Luzimara Fernandes","@id":"https:\/\/jornalfatosenoticias.com.br\/#\/schema\/person\/d63837fa13ac8666eb9e74e0985d6f81"},"headline":"Novo drone motorizado ser\u00e1 descart\u00e1vel e ter\u00e1 maior autonomia de voo","datePublished":"2024-01-02T18:33:57+00:00","dateModified":"2024-01-02T18:34:01+00:00","mainEntityOfPage":{"@id":"https:\/\/jornalfatosenoticias.com.br\/index.php\/2024\/01\/02\/novo-drone-motorizado-sera-descartavel-e-tera-maior-autonomia-de-voo\/"},"wordCount":393,"commentCount":0,"publisher":{"@id":"https:\/\/jornalfatosenoticias.com.br\/#organization"},"image":{"@id":"https:\/\/jornalfatosenoticias.com.br\/index.php\/2024\/01\/02\/novo-drone-motorizado-sera-descartavel-e-tera-maior-autonomia-de-voo\/#primaryimage"},"thumbnailUrl":"https:\/\/jornalfatosenoticias.com.br\/wp-content\/uploads\/2024\/01\/drone-motorizado.png","keywords":["autonomia","drone","For\u00e7a A\u00e9rea Americana","voo"],"articleSection":["Tecnologia &amp; Inova\u00e7\u00e3o"],"inLanguage":"pt-BR","potentialAction":[{"@type":"CommentAction","name":"Comment","target":["https:\/\/jornalfatosenoticias.com.br\/index.php\/2024\/01\/02\/novo-drone-motorizado-sera-descartavel-e-tera-maior-autonomia-de-voo\/#respond"]}]},{"@type":"WebPage","@id":"https:\/\/jornalfatosenoticias.com.br\/index.php\/2024\/01\/02\/novo-drone-motorizado-sera-descartavel-e-tera-maior-autonomia-de-voo\/","url":"https:\/\/jornalfatosenoticias.com.br\/index.php\/2024\/01\/02\/novo-drone-motorizado-sera-descartavel-e-tera-maior-autonomia-de-voo\/","name":"Novo drone motorizado ser\u00e1 descart\u00e1vel e ter\u00e1 maior autonomia de voo - Jornal Fatos e Not\u00edcias","isPartOf":{"@id":"https:\/\/jornalfatosenoticias.com.br\/#website"},"primaryImageOfPage":{"@id":"https:\/\/jornalfatosenoticias.com.br\/index.php\/2024\/01\/02\/novo-drone-motorizado-sera-descartavel-e-tera-maior-autonomia-de-voo\/#primaryimage"},"image":{"@id":"https:\/\/jornalfatosenoticias.com.br\/index.php\/2024\/01\/02\/novo-drone-motorizado-sera-descartavel-e-tera-maior-autonomia-de-voo\/#primaryimage"},"thumbnailUrl":"https:\/\/jornalfatosenoticias.com.br\/wp-content\/uploads\/2024\/01\/drone-motorizado.png","datePublished":"2024-01-02T18:33:57+00:00","dateModified":"2024-01-02T18:34:01+00:00","breadcrumb":{"@id":"https:\/\/jornalfatosenoticias.com.br\/index.php\/2024\/01\/02\/novo-drone-motorizado-sera-descartavel-e-tera-maior-autonomia-de-voo\/#breadcrumb"},"inLanguage":"pt-BR","potentialAction":[{"@type":"ReadAction","target":["https:\/\/jornalfatosenoticias.com.br\/index.php\/2024\/01\/02\/novo-drone-motorizado-sera-descartavel-e-tera-maior-autonomia-de-voo\/"]}]},{"@type":"ImageObject","inLanguage":"pt-BR","@id":"https:\/\/jornalfatosenoticias.com.br\/index.php\/2024\/01\/02\/novo-drone-motorizado-sera-descartavel-e-tera-maior-autonomia-de-voo\/#primaryimage","url":"https:\/\/jornalfatosenoticias.com.br\/wp-content\/uploads\/2024\/01\/drone-motorizado.png","contentUrl":"https:\/\/jornalfatosenoticias.com.br\/wp-content\/uploads\/2024\/01\/drone-motorizado.png","width":1000,"height":589},{"@type":"BreadcrumbList","@id":"https:\/\/jornalfatosenoticias.com.br\/index.php\/2024\/01\/02\/novo-drone-motorizado-sera-descartavel-e-tera-maior-autonomia-de-voo\/#breadcrumb","itemListElement":[{"@type":"ListItem","position":1,"name":"In\u00edcio","item":"https:\/\/jornalfatosenoticias.com.br\/"},{"@type":"ListItem","position":2,"name":"Novo drone motorizado ser\u00e1 descart\u00e1vel e ter\u00e1 maior autonomia de voo"}]},{"@type":"WebSite","@id":"https:\/\/jornalfatosenoticias.com.br\/#website","url":"https:\/\/jornalfatosenoticias.com.br\/","name":"Jornal Fatos e Not\u00edcias","description":"Not\u00edcias em geral","publisher":{"@id":"https:\/\/jornalfatosenoticias.com.br\/#organization"},"potentialAction":[{"@type":"SearchAction","target":{"@type":"EntryPoint","urlTemplate":"https:\/\/jornalfatosenoticias.com.br\/?s={search_term_string}"},"query-input":{"@type":"PropertyValueSpecification","valueRequired":true,"valueName":"search_term_string"}}],"inLanguage":"pt-BR"},{"@type":"Organization","@id":"https:\/\/jornalfatosenoticias.com.br\/#organization","name":"Jornal Fatos e Not\u00edcias","url":"https:\/\/jornalfatosenoticias.com.br\/","logo":{"@type":"ImageObject","inLanguage":"pt-BR","@id":"https:\/\/jornalfatosenoticias.com.br\/#\/schema\/logo\/image\/","url":"https:\/\/jornalfatosenoticias.com.br\/wp-content\/uploads\/2020\/02\/logo120.png","contentUrl":"https:\/\/jornalfatosenoticias.com.br\/wp-content\/uploads\/2020\/02\/logo120.png","width":1227,"height":120,"caption":"Jornal Fatos e Not\u00edcias"},"image":{"@id":"https:\/\/jornalfatosenoticias.com.br\/#\/schema\/logo\/image\/"}},{"@type":"Person","@id":"https:\/\/jornalfatosenoticias.com.br\/#\/schema\/person\/d63837fa13ac8666eb9e74e0985d6f81","name":"Luzimara Fernandes","image":{"@type":"ImageObject","inLanguage":"pt-BR","@id":"https:\/\/jornalfatosenoticias.com.br\/#\/schema\/person\/image\/","url":"https:\/\/jornalfatosenoticias.com.br\/wp-content\/uploads\/2025\/05\/EU_portal.jpg","contentUrl":"https:\/\/jornalfatosenoticias.com.br\/wp-content\/uploads\/2025\/05\/EU_portal.jpg","caption":"Luzimara Fernandes"},"description":"Jornalista MTB 2358-ES","sameAs":["https:\/\/jornalfatosenoticias.com.br"],"url":"https:\/\/jornalfatosenoticias.com.br\/index.php\/author\/luzimara\/"}]}},"cc_featured_image_caption":{"caption_text":"(Foto: Silent Arrow\/Divulga\u00e7\u00e3o)","source_text":"","source_url":""},"jetpack_featured_media_url":"https:\/\/jornalfatosenoticias.com.br\/wp-content\/uploads\/2024\/01\/drone-motorizado.png","_links":{"self":[{"href":"https:\/\/jornalfatosenoticias.com.br\/index.php\/wp-json\/wp\/v2\/posts\/48084","targetHints":{"allow":["GET"]}}],"collection":[{"href":"https:\/\/jornalfatosenoticias.com.br\/index.php\/wp-json\/wp\/v2\/posts"}],"about":[{"href":"https:\/\/jornalfatosenoticias.com.br\/index.php\/wp-json\/wp\/v2\/types\/post"}],"author":[{"embeddable":true,"href":"https:\/\/jornalfatosenoticias.com.br\/index.php\/wp-json\/wp\/v2\/users\/2"}],"replies":[{"embeddable":true,"href":"https:\/\/jornalfatosenoticias.com.br\/index.php\/wp-json\/wp\/v2\/comments?post=48084"}],"version-history":[{"count":0,"href":"https:\/\/jornalfatosenoticias.com.br\/index.php\/wp-json\/wp\/v2\/posts\/48084\/revisions"}],"wp:featuredmedia":[{"embeddable":true,"href":"https:\/\/jornalfatosenoticias.com.br\/index.php\/wp-json\/wp\/v2\/media\/48085"}],"wp:attachment":[{"href":"https:\/\/jornalfatosenoticias.com.br\/index.php\/wp-json\/wp\/v2\/media?parent=48084"}],"wp:term":[{"taxonomy":"category","embeddable":true,"href":"https:\/\/jornalfatosenoticias.com.br\/index.php\/wp-json\/wp\/v2\/categories?post=48084"},{"taxonomy":"post_tag","embeddable":true,"href":"https:\/\/jornalfatosenoticias.com.br\/index.php\/wp-json\/wp\/v2\/tags?post=48084"}],"curies":[{"name":"wp","href":"https:\/\/api.w.org\/{rel}","templated":true}]}}