{"id":48091,"date":"2024-01-02T16:17:25","date_gmt":"2024-01-02T19:17:25","guid":{"rendered":"https:\/\/jornalfatosenoticias.com.br\/?p=48091"},"modified":"2024-01-02T16:17:26","modified_gmt":"2024-01-02T19:17:26","slug":"lula-sanciona-loa-2024-com-vetos-na-saude-assistencia-social-e-cronograma-de-emendas","status":"publish","type":"post","link":"https:\/\/jornalfatosenoticias.com.br\/index.php\/2024\/01\/02\/lula-sanciona-loa-2024-com-vetos-na-saude-assistencia-social-e-cronograma-de-emendas\/","title":{"rendered":"Lula sanciona LOA 2024 com vetos na sa\u00fade, assist\u00eancia social e cronograma de emendas"},"content":{"rendered":"\n<p><em><span class=\"has-inline-color has-black-color\">Lula sanciona com vetos Lei Or\u00e7ament\u00e1ria Anual para 2024<\/span><\/em><\/p>\n\n\n\n<p><span class=\"has-inline-color has-black-color\">Por <strong><a href=\"https:\/\/www.gazetadopovo.com.br\/autor\/ana-carolina-curvello\/\">Ana Carolina Curvello<\/a><\/strong><\/span><\/p>\n\n\n\n<div class=\"wp-block-image\"><figure class=\"aligncenter size-large is-resized\"><img loading=\"lazy\" decoding=\"async\" src=\"https:\/\/jornalfatosenoticias.com.br\/wp-content\/uploads\/2023\/09\/vetorvix1024_1.jpg\" alt=\"\" class=\"wp-image-44868\" width=\"445\" height=\"118\" srcset=\"https:\/\/jornalfatosenoticias.com.br\/wp-content\/uploads\/2023\/09\/vetorvix1024_1.jpg 1024w, https:\/\/jornalfatosenoticias.com.br\/wp-content\/uploads\/2023\/09\/vetorvix1024_1-300x80.jpg 300w, https:\/\/jornalfatosenoticias.com.br\/wp-content\/uploads\/2023\/09\/vetorvix1024_1-768x205.jpg 768w\" sizes=\"auto, (max-width: 445px) 100vw, 445px\" \/><\/figure><\/div>\n\n\n\n<p>Luiz In\u00e1cio Lula da Silva (PT) sancionou com vetos a Lei Or\u00e7ament\u00e1ria Anual de 2024, que disp\u00f5e sobre as diretrizes para elabora\u00e7\u00e3o e a execu\u00e7\u00e3o do or\u00e7amento da Uni\u00e3o ao longo deste ano. O projeto foi aprovado pelo Congresso no dia 22 de dezembro, com valor recorde de R$ 53 bilh\u00f5es para emendas parlamentares e R$ 4,9 bilh\u00f5es para o fundo eleitoral. A nova lei foi publicada no Di\u00e1rio Oficial da Uni\u00e3o (DOU) nesta ter\u00e7a-feira (2).<br>O texto sancionado estabelece que a execu\u00e7\u00e3o da respectiva Lei dever\u00e3o ser compat\u00edveis com a meta de d\u00e9ficit zero para os Or\u00e7amentos Fiscal e da Seguridade Social. Tamb\u00e9m ficou definido o limite superior equivalente a super\u00e1vit prim\u00e1rio e o limite inferior equivalente a d\u00e9ficit prim\u00e1rio no valor de R$ 28.756.172.359,00. Em 2024, a maior parte dos gastos federais continua sendo com o refinanciamento da d\u00edvida p\u00fablica, cerca de R$ 1,7 trilh\u00e3o, apesar de que o maior valor s\u00f3 tem impacto cont\u00e1bil no Or\u00e7amento federal em fun\u00e7\u00e3o da rolagem da d\u00edvida. O valor or\u00e7ado repete o patamar dos tr\u00eas \u00faltimos anos.<\/p>\n\n\n\n<div class=\"wp-block-image\"><figure class=\"aligncenter size-large is-resized\"><img loading=\"lazy\" decoding=\"async\" src=\"https:\/\/jornalfatosenoticias.com.br\/wp-content\/uploads\/2022\/02\/Precisao-Contabilidade-1024x724.jpg\" alt=\"\" class=\"wp-image-28088\" width=\"358\" height=\"253\"\/><\/figure><\/div>\n\n\n\n<p>Entre os vetos de Lula, que foram determinados ap\u00f3s ouvir o Minist\u00e9rio da Fazenda e do Planejamento, consta o da determina\u00e7\u00e3o de pagamento da Uni\u00e3o para os entes federados ainda no primeiro semestre de 2024, para as \u00e1reas de sa\u00fade e assist\u00eancia social. Na justificativa ao veto, o presidente disse que a determina\u00e7\u00e3o aumenta a \u201crigidez na gest\u00e3o or\u00e7ament\u00e1ria e financeira e dificultar a gest\u00e3o das finan\u00e7as p\u00fablicas\u201d.<\/p>\n\n\n\n<div class=\"wp-block-image\"><figure class=\"aligncenter size-large\"><img loading=\"lazy\" decoding=\"async\" width=\"300\" height=\"250\" src=\"https:\/\/jornalfatosenoticias.com.br\/wp-content\/uploads\/2022\/02\/FERRARI_MAQUINAS-E-FERRAMENTAS2.jpg\" alt=\"\" class=\"wp-image-27860\"\/><\/figure><\/div>\n\n\n\n<p>Tamb\u00e9m foi vetado a destina\u00e7\u00e3o de recursos para &#8220;\u00e0 constru\u00e7\u00e3o e manuten\u00e7\u00e3o de vias e obras rodovi\u00e1rias estaduais e municipais destinadas \u00e0 integra\u00e7\u00e3o de modais de transporte ou ao escoamento produtivo&#8221;. &#8220;A proposi\u00e7\u00e3o legislativa contraria o interesse p\u00fablico, pois excepcionalizaria, das veda\u00e7\u00f5es para destina\u00e7\u00e3o de recursos da LOA, despesas que n\u00e3o s\u00e3o de compet\u00eancia da Uni\u00e3o, relativas a constru\u00e7\u00e3o e a manuten\u00e7\u00e3o de vias e obras rodovi\u00e1rias estaduais e municipais&#8221;, justificou o governo.<\/p>\n\n\n\n<div class=\"wp-block-image\"><figure class=\"aligncenter size-large is-resized\"><img loading=\"lazy\" decoding=\"async\" src=\"https:\/\/jornalfatosenoticias.com.br\/wp-content\/uploads\/2023\/12\/pegoretti-logo-pdf-1024x389.jpg\" alt=\"\" class=\"wp-image-47536\" width=\"432\" height=\"164\" srcset=\"https:\/\/jornalfatosenoticias.com.br\/wp-content\/uploads\/2023\/12\/pegoretti-logo-pdf-1024x389.jpg 1024w, https:\/\/jornalfatosenoticias.com.br\/wp-content\/uploads\/2023\/12\/pegoretti-logo-pdf-300x114.jpg 300w, https:\/\/jornalfatosenoticias.com.br\/wp-content\/uploads\/2023\/12\/pegoretti-logo-pdf-768x291.jpg 768w, https:\/\/jornalfatosenoticias.com.br\/wp-content\/uploads\/2023\/12\/pegoretti-logo-pdf.jpg 1120w\" sizes=\"auto, (max-width: 432px) 100vw, 432px\" \/><\/figure><\/div>\n\n\n\n<p><strong><span class=\"has-inline-color has-vivid-red-color\">Emenda conservadora derrubada<br><\/span><\/strong>A emenda apresentada pelos parlamentares conservadores que impediria determinados gastos\u00a0que ferem &#8220;valores tradicionais&#8221; tamb\u00e9m foi vetado pelo governo. O trecho proibia o governo de gastar recursos para o incentivo ou financiamento de:<\/p>\n\n\n\n<div class=\"wp-block-image\"><figure class=\"alignright size-large\"><img decoding=\"async\" src=\"https:\/\/jornalfatosenoticias.com.br\/wp-content\/uploads\/2020\/02\/logo_esteio.jpg\" alt=\"\" class=\"wp-image-1214\"\/><\/figure><\/div>\n\n\n\n<ul class=\"wp-block-list\"><li>invas\u00e3o ou ocupa\u00e7\u00e3o de propriedades rurais privadas;<\/li><li>influ\u00eancia de crian\u00e7as e adolescentes a terem &#8220;op\u00e7\u00f5es sexuais&#8221; diferentes do sexo biol\u00f3gico;<\/li><li>a\u00e7\u00f5es para desconstruir, diminuir ou extinguir o conceito de fam\u00edlia tradicional, formado por pai, m\u00e3e e filhos;<\/li><li>cirurgias em crian\u00e7as e adolescentes para mudan\u00e7a de sexo;<\/li><li>realiza\u00e7\u00e3o de abortos, exceto nos casos autorizados em lei.<\/li><\/ul>\n\n\n\n<div class=\"wp-block-image\"><figure class=\"aligncenter size-large\"><img loading=\"lazy\" decoding=\"async\" width=\"300\" height=\"250\" src=\"https:\/\/jornalfatosenoticias.com.br\/wp-content\/uploads\/2020\/02\/Banner-2.png\" alt=\"\" class=\"wp-image-43787\"\/><\/figure><\/div>\n\n\n\n<p>Segundo o governo, o texto da emenda gera forte inseguran\u00e7a jur\u00eddica, frente \u00e0 proposta que trazia, de forma vaga, a veda\u00e7\u00e3o a despesas que \u201cdireta ou indiretamente, promovam, incentivem ou financiem\u201d v\u00e1rias condutas.<\/p>\n\n\n\n<p><strong><span class=\"has-inline-color has-vivid-red-color\">Vetado prazo de 30 dias para empenho dos recursos<br><\/span><\/strong>O prazo de 30 dias para empenho e pagamentos das emendas individuais e bancadas estaduais ap\u00f3s a divulga\u00e7\u00e3o das propostas foi vetado por Lula. Na justificativa do veto, o governo informou que a medida &#8220;atingiria diretamente a gest\u00e3o da execu\u00e7\u00e3o or\u00e7ament\u00e1ria e financeira do Poder Executivo federal, sem previs\u00e3o constitucional expressa e violaria o disposto no art. 2\u00ba da Constitui\u00e7\u00e3o, bem como iria de encontro ao primado de que o Poder Executivo federal estabelece o cronograma financeiro de desembolso, previsto na Lei Complementar n\u00ba 101, de 4 de maio de 2000 \u2014 Lei de Responsabilidade Fiscal&#8221;.<\/p>\n\n\n\n<div class=\"wp-block-image\"><figure class=\"aligncenter size-large is-resized\"><img loading=\"lazy\" decoding=\"async\" src=\"https:\/\/jornalfatosenoticias.com.br\/wp-content\/uploads\/2023\/03\/nova-logo-Marquetti.jpg\" alt=\"\" class=\"wp-image-40207\" width=\"307\" height=\"206\" srcset=\"https:\/\/jornalfatosenoticias.com.br\/wp-content\/uploads\/2023\/03\/nova-logo-Marquetti.jpg 643w, https:\/\/jornalfatosenoticias.com.br\/wp-content\/uploads\/2023\/03\/nova-logo-Marquetti-300x202.jpg 300w\" sizes=\"auto, (max-width: 307px) 100vw, 307px\" \/><\/figure><\/div>\n\n\n\n<p>E ainda acrescentou que &#8220;o prazo de 30 dias para empenho poderia conflitar com a sistem\u00e1tica de execu\u00e7\u00e3o das despesas or\u00e7ament\u00e1rias, que varia de acordo com cada modalidade de execu\u00e7\u00e3o e contrata\u00e7\u00e3o, e requer o cumprimento de etapas regulares no \u00e2mbito dos processos administrativos&#8221;.<\/p>\n\n\n\n<div class=\"wp-block-image\"><figure class=\"aligncenter size-large is-resized\"><img loading=\"lazy\" decoding=\"async\" src=\"https:\/\/jornalfatosenoticias.com.br\/wp-content\/uploads\/2022\/10\/Arte-jornal-Zucchi-600x600_Prancheta-1-1024x1024.jpg\" alt=\"\" class=\"wp-image-34782\" width=\"322\" height=\"322\" srcset=\"https:\/\/jornalfatosenoticias.com.br\/wp-content\/uploads\/2022\/10\/Arte-jornal-Zucchi-600x600_Prancheta-1-1024x1024.jpg 1024w, https:\/\/jornalfatosenoticias.com.br\/wp-content\/uploads\/2022\/10\/Arte-jornal-Zucchi-600x600_Prancheta-1-300x300.jpg 300w, https:\/\/jornalfatosenoticias.com.br\/wp-content\/uploads\/2022\/10\/Arte-jornal-Zucchi-600x600_Prancheta-1-150x150.jpg 150w, https:\/\/jornalfatosenoticias.com.br\/wp-content\/uploads\/2022\/10\/Arte-jornal-Zucchi-600x600_Prancheta-1-768x768.jpg 768w, https:\/\/jornalfatosenoticias.com.br\/wp-content\/uploads\/2022\/10\/Arte-jornal-Zucchi-600x600_Prancheta-1.jpg 1250w\" sizes=\"auto, (max-width: 322px) 100vw, 322px\" \/><\/figure><\/div>\n\n\n\n<p>O governo tamb\u00e9m vetou o montante de 0,9% da receita pra emendas de comiss\u00e3o, que vinha sendo chamado de novo or\u00e7amento\u00a0secreto e previa dois ter\u00e7os para a C\u00e2mara dos Deputados e um ter\u00e7o para o Senado. O montante representava R$ 11,3 bilh\u00f5es, resultando em um aumento dos recursos previstos nos \u00faltimos anos. Em 2022, por exemplo, o valor autorizado para essas emendas foi de R$ 329,4 milh\u00f5es. Em 2023, chegou a R$ 6,9 bilh\u00f5es.<\/p>\n\n\n\n<div class=\"wp-block-image\"><figure class=\"aligncenter size-large is-resized\"><img loading=\"lazy\" decoding=\"async\" src=\"https:\/\/jornalfatosenoticias.com.br\/wp-content\/uploads\/2023\/08\/LOGO-BLU-COMERCIAL-PRETO-1024x600.jpg\" alt=\"\" class=\"wp-image-44053\" width=\"336\" height=\"196\"\/><\/figure><\/div>\n\n\n\n<h3 class=\"wp-block-heading\"><span class=\"has-inline-color has-vivid-red-color\">Veja, a seguir, outros trechos vetados da LDO pelo governo:<\/span><\/h3>\n\n\n\n<ul class=\"wp-block-list\"><li>uso dos recursos da Uni\u00e3o destinados ao Fundo de Manuten\u00e7\u00e3o e Desenvolvimento da Educa\u00e7\u00e3o B\u00e1sica e de Valoriza\u00e7\u00e3o dos Profissionais da Educa\u00e7\u00e3o (Fundeb) para pagar despesas de transporte, alimenta\u00e7\u00e3o e uniforme escolar;<\/li><li>atribui\u00e7\u00e3o de compet\u00eancia ao Minist\u00e9rio do Meio Ambiente para execu\u00e7\u00e3o de pol\u00edtica p\u00fablica para controle populacional \u00e9tico de animais, incluindo castra\u00e7\u00e3o, al\u00e9m de a\u00e7\u00f5es voltadas ao bem-estar animal e \u00e0 aten\u00e7\u00e3o veterin\u00e1ria;<\/li><li>possibilidade de destina\u00e7\u00e3o de recursos para constru\u00e7\u00e3o, amplia\u00e7\u00e3o ou conclus\u00e3o de obras a entidades privadas sem fins lucrativos;<\/li><li>reserva de, no m\u00ednimo 30% de recursos de programas de moradia, como o &#8220;Minha Casa, Minha Vida&#8221;, para cidades com at\u00e9 50 mil habitantes.<\/li><\/ul>\n\n\n\n<div class=\"wp-block-image\"><figure class=\"aligncenter size-large\"><img decoding=\"async\" src=\"https:\/\/jornalfatosenoticias.com.br\/wp-content\/uploads\/2020\/02\/barao-das-carnes-300x164-1.jpg\" alt=\"\" class=\"wp-image-34339\"\/><\/figure><\/div>\n\n\n\n<p><strong><span class=\"has-inline-color has-vivid-red-color\">Fundo eleitoral \u00e9 mantido<br><\/span><\/strong>Lula n\u00e3o vetou o teto de R$ 4,9 bilh\u00f5es para o Fundo Eleitoral. O valor poder\u00e1 ser utilizado pelos partidos para bancar gastos com as elei\u00e7\u00f5es municipais de 2024. O montante \u00e9 equivalente ao valor autorizado para essas despesas em 2022. O governo enviou a proposta ao Congresso com previs\u00e3o de R$ 900 milh\u00f5es para o fundo, o que provocou cr\u00edticas dos parlamentares.<\/p>\n\n\n\n<div class=\"wp-block-image\"><figure class=\"aligncenter size-large is-resized\"><img loading=\"lazy\" decoding=\"async\" src=\"https:\/\/jornalfatosenoticias.com.br\/wp-content\/uploads\/2023\/11\/cromotec.jpg\" alt=\"\" class=\"wp-image-46804\" width=\"317\" height=\"189\" srcset=\"https:\/\/jornalfatosenoticias.com.br\/wp-content\/uploads\/2023\/11\/cromotec.jpg 453w, https:\/\/jornalfatosenoticias.com.br\/wp-content\/uploads\/2023\/11\/cromotec-300x179.jpg 300w\" sizes=\"auto, (max-width: 317px) 100vw, 317px\" \/><\/figure><\/div>\n\n\n\n<p>Antes da sess\u00e3o conjunta do Congresso, que aprovou o projeto or\u00e7ament\u00e1rio, o presidente do Senado, Rodrigo Pacheco (PSD-MG), disse, em conversa com jornalistas, ser contra o valor fixado pelo relator. \u201cDiscordo totalmente. Acho que n\u00e3o tem crit\u00e9rio. Ele [relator] pegou par\u00e2metros de uma elei\u00e7\u00e3o geral de 2022\u201d, disse.<\/p>\n\n\n\n<div class=\"wp-block-image\"><figure class=\"aligncenter size-large is-resized\"><img loading=\"lazy\" decoding=\"async\" src=\"https:\/\/jornalfatosenoticias.com.br\/wp-content\/uploads\/2023\/07\/lacremoda.jpg\" alt=\"\" class=\"wp-image-43706\" width=\"319\" height=\"178\" srcset=\"https:\/\/jornalfatosenoticias.com.br\/wp-content\/uploads\/2023\/07\/lacremoda.jpg 1024w, https:\/\/jornalfatosenoticias.com.br\/wp-content\/uploads\/2023\/07\/lacremoda-300x168.jpg 300w, https:\/\/jornalfatosenoticias.com.br\/wp-content\/uploads\/2023\/07\/lacremoda-768x431.jpg 768w\" sizes=\"auto, (max-width: 319px) 100vw, 319px\" \/><\/figure><\/div>\n\n\n\n<p>\u201cO fundo eleitoral com base em 2022 para as elei\u00e7\u00f5es municipais \u00e9 um erro grave do Congresso. As pessoas n\u00e3o compreender\u00e3o. Porque em 2020, numa mesma elei\u00e7\u00e3o municipal, foi R$ 2 bilh\u00f5es. Pega o fundo de 2020, corrige e aplica para 2024. Vai dar R$ 2,6 bilh\u00f5es pela corre\u00e7\u00e3o\u201d, disse Pacheco.<br>Na vota\u00e7\u00e3o, ocorrida no plen\u00e1rio da C\u00e2mara, o partido Novo apresentou destaque para desfazer a autoriza\u00e7\u00e3o para uso de R$ 4 bilh\u00f5es para o fund\u00e3o, mas a proposta foi rejeitada pela maioria dos parlamentares (355 a 101, com duas absten\u00e7\u00f5es).<\/p>\n\n\n\n<div class=\"wp-block-image\"><figure class=\"aligncenter size-large is-resized\"><img loading=\"lazy\" decoding=\"async\" src=\"https:\/\/jornalfatosenoticias.com.br\/wp-content\/uploads\/2020\/02\/logo-Rapuzel-1024x571.jpg\" alt=\"\" class=\"wp-image-42808\" width=\"350\" height=\"195\" srcset=\"https:\/\/jornalfatosenoticias.com.br\/wp-content\/uploads\/2020\/02\/logo-Rapuzel-1024x571.jpg 1024w, https:\/\/jornalfatosenoticias.com.br\/wp-content\/uploads\/2020\/02\/logo-Rapuzel-300x167.jpg 300w, https:\/\/jornalfatosenoticias.com.br\/wp-content\/uploads\/2020\/02\/logo-Rapuzel-768x428.jpg 768w, https:\/\/jornalfatosenoticias.com.br\/wp-content\/uploads\/2020\/02\/logo-Rapuzel-1536x856.jpg 1536w, https:\/\/jornalfatosenoticias.com.br\/wp-content\/uploads\/2020\/02\/logo-Rapuzel.jpg 1600w\" sizes=\"auto, (max-width: 350px) 100vw, 350px\" \/><\/figure><\/div>\n\n\n\n<p><strong><em>Fonte: <a href=\"https:\/\/www.gazetadopovo.com.br\/economia\/lula-sanciona-lei-orcamentaria-2024-com-vetos\/\">Gazeta do Povo<\/a><\/em><\/strong><\/p>\n","protected":false},"excerpt":{"rendered":"<p>Lula sanciona com vetos Lei Or\u00e7ament\u00e1ria Anual para 2024 Por Ana Carolina Curvello Luiz In\u00e1cio Lula da Silva (PT) sancionou com vetos a Lei Or\u00e7ament\u00e1ria Anual de 2024, que disp\u00f5e sobre as diretrizes para elabora\u00e7\u00e3o e a execu\u00e7\u00e3o do or\u00e7amento da Uni\u00e3o ao longo deste ano. O projeto foi aprovado pelo Congresso no dia 22 [&hellip;]<\/p>\n","protected":false},"author":2,"featured_media":48092,"comment_status":"open","ping_status":"open","sticky":false,"template":"","format":"standard","meta":{"footnotes":""},"categories":[10],"tags":[240,3096,7580,1474,545,825,13186,74],"class_list":["post-48091","post","type-post","status-publish","format-standard","has-post-thumbnail","hentry","category-politica","tag-economia","tag-fundo-eleitoral","tag-lula","tag-orcamento-da-uniao","tag-politica","tag-projeto","tag-pt","tag-saude"],"yoast_head":"<!-- This site is optimized with the Yoast SEO plugin v26.5 - https:\/\/yoast.com\/wordpress\/plugins\/seo\/ -->\n<title>Lula sanciona LOA 2024 com vetos na sa\u00fade, assist\u00eancia social e cronograma de emendas - Jornal Fatos e Not\u00edcias<\/title>\n<meta name=\"robots\" content=\"index, follow, max-snippet:-1, max-image-preview:large, max-video-preview:-1\" \/>\n<link rel=\"canonical\" href=\"https:\/\/jornalfatosenoticias.com.br\/index.php\/2024\/01\/02\/lula-sanciona-loa-2024-com-vetos-na-saude-assistencia-social-e-cronograma-de-emendas\/\" \/>\n<meta property=\"og:locale\" content=\"pt_BR\" \/>\n<meta property=\"og:type\" content=\"article\" \/>\n<meta property=\"og:title\" content=\"Lula sanciona LOA 2024 com vetos na sa\u00fade, assist\u00eancia social e cronograma de emendas - Jornal Fatos e Not\u00edcias\" \/>\n<meta property=\"og:description\" content=\"Lula sanciona com vetos Lei Or\u00e7ament\u00e1ria Anual para 2024 Por Ana Carolina Curvello Luiz In\u00e1cio Lula da Silva (PT) sancionou com vetos a Lei Or\u00e7ament\u00e1ria Anual de 2024, que disp\u00f5e sobre as diretrizes para elabora\u00e7\u00e3o e a execu\u00e7\u00e3o do or\u00e7amento da Uni\u00e3o ao longo deste ano. O projeto foi aprovado pelo Congresso no dia 22 [&hellip;]\" \/>\n<meta property=\"og:url\" content=\"https:\/\/jornalfatosenoticias.com.br\/index.php\/2024\/01\/02\/lula-sanciona-loa-2024-com-vetos-na-saude-assistencia-social-e-cronograma-de-emendas\/\" \/>\n<meta property=\"og:site_name\" content=\"Jornal Fatos e Not\u00edcias\" \/>\n<meta property=\"article:published_time\" content=\"2024-01-02T19:17:25+00:00\" \/>\n<meta property=\"article:modified_time\" content=\"2024-01-02T19:17:26+00:00\" \/>\n<meta property=\"og:image\" content=\"https:\/\/jornalfatosenoticias.com.br\/wp-content\/uploads\/2024\/01\/lula.jpg\" \/>\n\t<meta property=\"og:image:width\" content=\"799\" \/>\n\t<meta property=\"og:image:height\" content=\"533\" \/>\n\t<meta property=\"og:image:type\" content=\"image\/jpeg\" \/>\n<meta name=\"author\" content=\"Luzimara Fernandes\" \/>\n<meta name=\"twitter:card\" content=\"summary_large_image\" \/>\n<meta name=\"twitter:label1\" content=\"Escrito por\" \/>\n\t<meta name=\"twitter:data1\" content=\"Luzimara Fernandes\" \/>\n\t<meta name=\"twitter:label2\" content=\"Est. tempo de leitura\" \/>\n\t<meta name=\"twitter:data2\" content=\"6 minutos\" \/>\n<script type=\"application\/ld+json\" class=\"yoast-schema-graph\">{\"@context\":\"https:\/\/schema.org\",\"@graph\":[{\"@type\":\"Article\",\"@id\":\"https:\/\/jornalfatosenoticias.com.br\/index.php\/2024\/01\/02\/lula-sanciona-loa-2024-com-vetos-na-saude-assistencia-social-e-cronograma-de-emendas\/#article\",\"isPartOf\":{\"@id\":\"https:\/\/jornalfatosenoticias.com.br\/index.php\/2024\/01\/02\/lula-sanciona-loa-2024-com-vetos-na-saude-assistencia-social-e-cronograma-de-emendas\/\"},\"author\":{\"name\":\"Luzimara Fernandes\",\"@id\":\"https:\/\/jornalfatosenoticias.com.br\/#\/schema\/person\/d63837fa13ac8666eb9e74e0985d6f81\"},\"headline\":\"Lula sanciona LOA 2024 com vetos na sa\u00fade, assist\u00eancia social e cronograma de emendas\",\"datePublished\":\"2024-01-02T19:17:25+00:00\",\"dateModified\":\"2024-01-02T19:17:26+00:00\",\"mainEntityOfPage\":{\"@id\":\"https:\/\/jornalfatosenoticias.com.br\/index.php\/2024\/01\/02\/lula-sanciona-loa-2024-com-vetos-na-saude-assistencia-social-e-cronograma-de-emendas\/\"},\"wordCount\":1126,\"commentCount\":0,\"publisher\":{\"@id\":\"https:\/\/jornalfatosenoticias.com.br\/#organization\"},\"image\":{\"@id\":\"https:\/\/jornalfatosenoticias.com.br\/index.php\/2024\/01\/02\/lula-sanciona-loa-2024-com-vetos-na-saude-assistencia-social-e-cronograma-de-emendas\/#primaryimage\"},\"thumbnailUrl\":\"https:\/\/jornalfatosenoticias.com.br\/wp-content\/uploads\/2024\/01\/lula.jpg\",\"keywords\":[\"economia\",\"Fundo Eleitoral\",\"Lula\",\"Or\u00e7amento da Uni\u00e3o\",\"pol\u00edtica\",\"projeto\",\"PT\",\"sa\u00fade\"],\"articleSection\":[\"Pol\u00edtica\"],\"inLanguage\":\"pt-BR\",\"potentialAction\":[{\"@type\":\"CommentAction\",\"name\":\"Comment\",\"target\":[\"https:\/\/jornalfatosenoticias.com.br\/index.php\/2024\/01\/02\/lula-sanciona-loa-2024-com-vetos-na-saude-assistencia-social-e-cronograma-de-emendas\/#respond\"]}]},{\"@type\":\"WebPage\",\"@id\":\"https:\/\/jornalfatosenoticias.com.br\/index.php\/2024\/01\/02\/lula-sanciona-loa-2024-com-vetos-na-saude-assistencia-social-e-cronograma-de-emendas\/\",\"url\":\"https:\/\/jornalfatosenoticias.com.br\/index.php\/2024\/01\/02\/lula-sanciona-loa-2024-com-vetos-na-saude-assistencia-social-e-cronograma-de-emendas\/\",\"name\":\"Lula sanciona LOA 2024 com vetos na sa\u00fade, assist\u00eancia social e cronograma de emendas - Jornal Fatos e Not\u00edcias\",\"isPartOf\":{\"@id\":\"https:\/\/jornalfatosenoticias.com.br\/#website\"},\"primaryImageOfPage\":{\"@id\":\"https:\/\/jornalfatosenoticias.com.br\/index.php\/2024\/01\/02\/lula-sanciona-loa-2024-com-vetos-na-saude-assistencia-social-e-cronograma-de-emendas\/#primaryimage\"},\"image\":{\"@id\":\"https:\/\/jornalfatosenoticias.com.br\/index.php\/2024\/01\/02\/lula-sanciona-loa-2024-com-vetos-na-saude-assistencia-social-e-cronograma-de-emendas\/#primaryimage\"},\"thumbnailUrl\":\"https:\/\/jornalfatosenoticias.com.br\/wp-content\/uploads\/2024\/01\/lula.jpg\",\"datePublished\":\"2024-01-02T19:17:25+00:00\",\"dateModified\":\"2024-01-02T19:17:26+00:00\",\"breadcrumb\":{\"@id\":\"https:\/\/jornalfatosenoticias.com.br\/index.php\/2024\/01\/02\/lula-sanciona-loa-2024-com-vetos-na-saude-assistencia-social-e-cronograma-de-emendas\/#breadcrumb\"},\"inLanguage\":\"pt-BR\",\"potentialAction\":[{\"@type\":\"ReadAction\",\"target\":[\"https:\/\/jornalfatosenoticias.com.br\/index.php\/2024\/01\/02\/lula-sanciona-loa-2024-com-vetos-na-saude-assistencia-social-e-cronograma-de-emendas\/\"]}]},{\"@type\":\"ImageObject\",\"inLanguage\":\"pt-BR\",\"@id\":\"https:\/\/jornalfatosenoticias.com.br\/index.php\/2024\/01\/02\/lula-sanciona-loa-2024-com-vetos-na-saude-assistencia-social-e-cronograma-de-emendas\/#primaryimage\",\"url\":\"https:\/\/jornalfatosenoticias.com.br\/wp-content\/uploads\/2024\/01\/lula.jpg\",\"contentUrl\":\"https:\/\/jornalfatosenoticias.com.br\/wp-content\/uploads\/2024\/01\/lula.jpg\",\"width\":799,\"height\":533},{\"@type\":\"BreadcrumbList\",\"@id\":\"https:\/\/jornalfatosenoticias.com.br\/index.php\/2024\/01\/02\/lula-sanciona-loa-2024-com-vetos-na-saude-assistencia-social-e-cronograma-de-emendas\/#breadcrumb\",\"itemListElement\":[{\"@type\":\"ListItem\",\"position\":1,\"name\":\"In\u00edcio\",\"item\":\"https:\/\/jornalfatosenoticias.com.br\/\"},{\"@type\":\"ListItem\",\"position\":2,\"name\":\"Lula sanciona LOA 2024 com vetos na sa\u00fade, assist\u00eancia social e cronograma de emendas\"}]},{\"@type\":\"WebSite\",\"@id\":\"https:\/\/jornalfatosenoticias.com.br\/#website\",\"url\":\"https:\/\/jornalfatosenoticias.com.br\/\",\"name\":\"Jornal Fatos e Not\u00edcias\",\"description\":\"Not\u00edcias em geral\",\"publisher\":{\"@id\":\"https:\/\/jornalfatosenoticias.com.br\/#organization\"},\"potentialAction\":[{\"@type\":\"SearchAction\",\"target\":{\"@type\":\"EntryPoint\",\"urlTemplate\":\"https:\/\/jornalfatosenoticias.com.br\/?s={search_term_string}\"},\"query-input\":{\"@type\":\"PropertyValueSpecification\",\"valueRequired\":true,\"valueName\":\"search_term_string\"}}],\"inLanguage\":\"pt-BR\"},{\"@type\":\"Organization\",\"@id\":\"https:\/\/jornalfatosenoticias.com.br\/#organization\",\"name\":\"Jornal Fatos e Not\u00edcias\",\"url\":\"https:\/\/jornalfatosenoticias.com.br\/\",\"logo\":{\"@type\":\"ImageObject\",\"inLanguage\":\"pt-BR\",\"@id\":\"https:\/\/jornalfatosenoticias.com.br\/#\/schema\/logo\/image\/\",\"url\":\"https:\/\/jornalfatosenoticias.com.br\/wp-content\/uploads\/2020\/02\/logo120.png\",\"contentUrl\":\"https:\/\/jornalfatosenoticias.com.br\/wp-content\/uploads\/2020\/02\/logo120.png\",\"width\":1227,\"height\":120,\"caption\":\"Jornal Fatos e Not\u00edcias\"},\"image\":{\"@id\":\"https:\/\/jornalfatosenoticias.com.br\/#\/schema\/logo\/image\/\"}},{\"@type\":\"Person\",\"@id\":\"https:\/\/jornalfatosenoticias.com.br\/#\/schema\/person\/d63837fa13ac8666eb9e74e0985d6f81\",\"name\":\"Luzimara Fernandes\",\"image\":{\"@type\":\"ImageObject\",\"inLanguage\":\"pt-BR\",\"@id\":\"https:\/\/jornalfatosenoticias.com.br\/#\/schema\/person\/image\/\",\"url\":\"https:\/\/jornalfatosenoticias.com.br\/wp-content\/uploads\/2025\/05\/EU_portal.jpg\",\"contentUrl\":\"https:\/\/jornalfatosenoticias.com.br\/wp-content\/uploads\/2025\/05\/EU_portal.jpg\",\"caption\":\"Luzimara Fernandes\"},\"description\":\"Jornalista MTB 2358-ES\",\"sameAs\":[\"https:\/\/jornalfatosenoticias.com.br\"],\"url\":\"https:\/\/jornalfatosenoticias.com.br\/index.php\/author\/luzimara\/\"}]}<\/script>\n<!-- \/ Yoast SEO plugin. -->","yoast_head_json":{"title":"Lula sanciona LOA 2024 com vetos na sa\u00fade, assist\u00eancia social e cronograma de emendas - Jornal Fatos e Not\u00edcias","robots":{"index":"index","follow":"follow","max-snippet":"max-snippet:-1","max-image-preview":"max-image-preview:large","max-video-preview":"max-video-preview:-1"},"canonical":"https:\/\/jornalfatosenoticias.com.br\/index.php\/2024\/01\/02\/lula-sanciona-loa-2024-com-vetos-na-saude-assistencia-social-e-cronograma-de-emendas\/","og_locale":"pt_BR","og_type":"article","og_title":"Lula sanciona LOA 2024 com vetos na sa\u00fade, assist\u00eancia social e cronograma de emendas - Jornal Fatos e Not\u00edcias","og_description":"Lula sanciona com vetos Lei Or\u00e7ament\u00e1ria Anual para 2024 Por Ana Carolina Curvello Luiz In\u00e1cio Lula da Silva (PT) sancionou com vetos a Lei Or\u00e7ament\u00e1ria Anual de 2024, que disp\u00f5e sobre as diretrizes para elabora\u00e7\u00e3o e a execu\u00e7\u00e3o do or\u00e7amento da Uni\u00e3o ao longo deste ano. O projeto foi aprovado pelo Congresso no dia 22 [&hellip;]","og_url":"https:\/\/jornalfatosenoticias.com.br\/index.php\/2024\/01\/02\/lula-sanciona-loa-2024-com-vetos-na-saude-assistencia-social-e-cronograma-de-emendas\/","og_site_name":"Jornal Fatos e Not\u00edcias","article_published_time":"2024-01-02T19:17:25+00:00","article_modified_time":"2024-01-02T19:17:26+00:00","og_image":[{"width":799,"height":533,"url":"https:\/\/jornalfatosenoticias.com.br\/wp-content\/uploads\/2024\/01\/lula.jpg","type":"image\/jpeg"}],"author":"Luzimara Fernandes","twitter_card":"summary_large_image","twitter_misc":{"Escrito por":"Luzimara Fernandes","Est. tempo de leitura":"6 minutos"},"schema":{"@context":"https:\/\/schema.org","@graph":[{"@type":"Article","@id":"https:\/\/jornalfatosenoticias.com.br\/index.php\/2024\/01\/02\/lula-sanciona-loa-2024-com-vetos-na-saude-assistencia-social-e-cronograma-de-emendas\/#article","isPartOf":{"@id":"https:\/\/jornalfatosenoticias.com.br\/index.php\/2024\/01\/02\/lula-sanciona-loa-2024-com-vetos-na-saude-assistencia-social-e-cronograma-de-emendas\/"},"author":{"name":"Luzimara Fernandes","@id":"https:\/\/jornalfatosenoticias.com.br\/#\/schema\/person\/d63837fa13ac8666eb9e74e0985d6f81"},"headline":"Lula sanciona LOA 2024 com vetos na sa\u00fade, assist\u00eancia social e cronograma de emendas","datePublished":"2024-01-02T19:17:25+00:00","dateModified":"2024-01-02T19:17:26+00:00","mainEntityOfPage":{"@id":"https:\/\/jornalfatosenoticias.com.br\/index.php\/2024\/01\/02\/lula-sanciona-loa-2024-com-vetos-na-saude-assistencia-social-e-cronograma-de-emendas\/"},"wordCount":1126,"commentCount":0,"publisher":{"@id":"https:\/\/jornalfatosenoticias.com.br\/#organization"},"image":{"@id":"https:\/\/jornalfatosenoticias.com.br\/index.php\/2024\/01\/02\/lula-sanciona-loa-2024-com-vetos-na-saude-assistencia-social-e-cronograma-de-emendas\/#primaryimage"},"thumbnailUrl":"https:\/\/jornalfatosenoticias.com.br\/wp-content\/uploads\/2024\/01\/lula.jpg","keywords":["economia","Fundo Eleitoral","Lula","Or\u00e7amento da Uni\u00e3o","pol\u00edtica","projeto","PT","sa\u00fade"],"articleSection":["Pol\u00edtica"],"inLanguage":"pt-BR","potentialAction":[{"@type":"CommentAction","name":"Comment","target":["https:\/\/jornalfatosenoticias.com.br\/index.php\/2024\/01\/02\/lula-sanciona-loa-2024-com-vetos-na-saude-assistencia-social-e-cronograma-de-emendas\/#respond"]}]},{"@type":"WebPage","@id":"https:\/\/jornalfatosenoticias.com.br\/index.php\/2024\/01\/02\/lula-sanciona-loa-2024-com-vetos-na-saude-assistencia-social-e-cronograma-de-emendas\/","url":"https:\/\/jornalfatosenoticias.com.br\/index.php\/2024\/01\/02\/lula-sanciona-loa-2024-com-vetos-na-saude-assistencia-social-e-cronograma-de-emendas\/","name":"Lula sanciona LOA 2024 com vetos na sa\u00fade, assist\u00eancia social e cronograma de emendas - Jornal Fatos e Not\u00edcias","isPartOf":{"@id":"https:\/\/jornalfatosenoticias.com.br\/#website"},"primaryImageOfPage":{"@id":"https:\/\/jornalfatosenoticias.com.br\/index.php\/2024\/01\/02\/lula-sanciona-loa-2024-com-vetos-na-saude-assistencia-social-e-cronograma-de-emendas\/#primaryimage"},"image":{"@id":"https:\/\/jornalfatosenoticias.com.br\/index.php\/2024\/01\/02\/lula-sanciona-loa-2024-com-vetos-na-saude-assistencia-social-e-cronograma-de-emendas\/#primaryimage"},"thumbnailUrl":"https:\/\/jornalfatosenoticias.com.br\/wp-content\/uploads\/2024\/01\/lula.jpg","datePublished":"2024-01-02T19:17:25+00:00","dateModified":"2024-01-02T19:17:26+00:00","breadcrumb":{"@id":"https:\/\/jornalfatosenoticias.com.br\/index.php\/2024\/01\/02\/lula-sanciona-loa-2024-com-vetos-na-saude-assistencia-social-e-cronograma-de-emendas\/#breadcrumb"},"inLanguage":"pt-BR","potentialAction":[{"@type":"ReadAction","target":["https:\/\/jornalfatosenoticias.com.br\/index.php\/2024\/01\/02\/lula-sanciona-loa-2024-com-vetos-na-saude-assistencia-social-e-cronograma-de-emendas\/"]}]},{"@type":"ImageObject","inLanguage":"pt-BR","@id":"https:\/\/jornalfatosenoticias.com.br\/index.php\/2024\/01\/02\/lula-sanciona-loa-2024-com-vetos-na-saude-assistencia-social-e-cronograma-de-emendas\/#primaryimage","url":"https:\/\/jornalfatosenoticias.com.br\/wp-content\/uploads\/2024\/01\/lula.jpg","contentUrl":"https:\/\/jornalfatosenoticias.com.br\/wp-content\/uploads\/2024\/01\/lula.jpg","width":799,"height":533},{"@type":"BreadcrumbList","@id":"https:\/\/jornalfatosenoticias.com.br\/index.php\/2024\/01\/02\/lula-sanciona-loa-2024-com-vetos-na-saude-assistencia-social-e-cronograma-de-emendas\/#breadcrumb","itemListElement":[{"@type":"ListItem","position":1,"name":"In\u00edcio","item":"https:\/\/jornalfatosenoticias.com.br\/"},{"@type":"ListItem","position":2,"name":"Lula sanciona LOA 2024 com vetos na sa\u00fade, assist\u00eancia social e cronograma de emendas"}]},{"@type":"WebSite","@id":"https:\/\/jornalfatosenoticias.com.br\/#website","url":"https:\/\/jornalfatosenoticias.com.br\/","name":"Jornal Fatos e Not\u00edcias","description":"Not\u00edcias em geral","publisher":{"@id":"https:\/\/jornalfatosenoticias.com.br\/#organization"},"potentialAction":[{"@type":"SearchAction","target":{"@type":"EntryPoint","urlTemplate":"https:\/\/jornalfatosenoticias.com.br\/?s={search_term_string}"},"query-input":{"@type":"PropertyValueSpecification","valueRequired":true,"valueName":"search_term_string"}}],"inLanguage":"pt-BR"},{"@type":"Organization","@id":"https:\/\/jornalfatosenoticias.com.br\/#organization","name":"Jornal Fatos e Not\u00edcias","url":"https:\/\/jornalfatosenoticias.com.br\/","logo":{"@type":"ImageObject","inLanguage":"pt-BR","@id":"https:\/\/jornalfatosenoticias.com.br\/#\/schema\/logo\/image\/","url":"https:\/\/jornalfatosenoticias.com.br\/wp-content\/uploads\/2020\/02\/logo120.png","contentUrl":"https:\/\/jornalfatosenoticias.com.br\/wp-content\/uploads\/2020\/02\/logo120.png","width":1227,"height":120,"caption":"Jornal Fatos e Not\u00edcias"},"image":{"@id":"https:\/\/jornalfatosenoticias.com.br\/#\/schema\/logo\/image\/"}},{"@type":"Person","@id":"https:\/\/jornalfatosenoticias.com.br\/#\/schema\/person\/d63837fa13ac8666eb9e74e0985d6f81","name":"Luzimara Fernandes","image":{"@type":"ImageObject","inLanguage":"pt-BR","@id":"https:\/\/jornalfatosenoticias.com.br\/#\/schema\/person\/image\/","url":"https:\/\/jornalfatosenoticias.com.br\/wp-content\/uploads\/2025\/05\/EU_portal.jpg","contentUrl":"https:\/\/jornalfatosenoticias.com.br\/wp-content\/uploads\/2025\/05\/EU_portal.jpg","caption":"Luzimara Fernandes"},"description":"Jornalista MTB 2358-ES","sameAs":["https:\/\/jornalfatosenoticias.com.br"],"url":"https:\/\/jornalfatosenoticias.com.br\/index.php\/author\/luzimara\/"}]}},"cc_featured_image_caption":{"caption_text":"(Foto: Ricardo Stuckert\/PR)","source_text":"","source_url":""},"jetpack_featured_media_url":"https:\/\/jornalfatosenoticias.com.br\/wp-content\/uploads\/2024\/01\/lula.jpg","_links":{"self":[{"href":"https:\/\/jornalfatosenoticias.com.br\/index.php\/wp-json\/wp\/v2\/posts\/48091","targetHints":{"allow":["GET"]}}],"collection":[{"href":"https:\/\/jornalfatosenoticias.com.br\/index.php\/wp-json\/wp\/v2\/posts"}],"about":[{"href":"https:\/\/jornalfatosenoticias.com.br\/index.php\/wp-json\/wp\/v2\/types\/post"}],"author":[{"embeddable":true,"href":"https:\/\/jornalfatosenoticias.com.br\/index.php\/wp-json\/wp\/v2\/users\/2"}],"replies":[{"embeddable":true,"href":"https:\/\/jornalfatosenoticias.com.br\/index.php\/wp-json\/wp\/v2\/comments?post=48091"}],"version-history":[{"count":0,"href":"https:\/\/jornalfatosenoticias.com.br\/index.php\/wp-json\/wp\/v2\/posts\/48091\/revisions"}],"wp:featuredmedia":[{"embeddable":true,"href":"https:\/\/jornalfatosenoticias.com.br\/index.php\/wp-json\/wp\/v2\/media\/48092"}],"wp:attachment":[{"href":"https:\/\/jornalfatosenoticias.com.br\/index.php\/wp-json\/wp\/v2\/media?parent=48091"}],"wp:term":[{"taxonomy":"category","embeddable":true,"href":"https:\/\/jornalfatosenoticias.com.br\/index.php\/wp-json\/wp\/v2\/categories?post=48091"},{"taxonomy":"post_tag","embeddable":true,"href":"https:\/\/jornalfatosenoticias.com.br\/index.php\/wp-json\/wp\/v2\/tags?post=48091"}],"curies":[{"name":"wp","href":"https:\/\/api.w.org\/{rel}","templated":true}]}}