{"id":48094,"date":"2024-01-02T16:24:05","date_gmt":"2024-01-02T19:24:05","guid":{"rendered":"https:\/\/jornalfatosenoticias.com.br\/?p=48094"},"modified":"2024-01-02T16:24:06","modified_gmt":"2024-01-02T19:24:06","slug":"ataque-de-israel-em-beirute-mata-numero-dois-do-gabinete-politico-do-hamas-afirma-agencia","status":"publish","type":"post","link":"https:\/\/jornalfatosenoticias.com.br\/index.php\/2024\/01\/02\/ataque-de-israel-em-beirute-mata-numero-dois-do-gabinete-politico-do-hamas-afirma-agencia\/","title":{"rendered":"Ataque de Israel em Beirute mata n\u00famero dois do gabinete pol\u00edtico do Hamas, afirma ag\u00eancia"},"content":{"rendered":"\n<p><em><span class=\"has-inline-color has-black-color\">Saleh al Arouri, vice-presidente do gabinete pol\u00edtico do grupo terrorista Hamas, foi morto por Israel em 2 de janeiro de 2024. A foto \u00e9 de quando ele foi recebido em Moscou em setembro de 2022<\/span><\/em><\/p>\n\n\n\n<p><span class=\"has-inline-color has-black-color\">Por <strong><a href=\"https:\/\/www.gazetadopovo.com.br\/autor\/eli-vieira\/\">Eli Vieira<\/a><\/strong><\/span><\/p>\n\n\n\n<div class=\"wp-block-image\"><figure class=\"aligncenter size-large\"><img loading=\"lazy\" decoding=\"async\" width=\"729\" height=\"90\" src=\"https:\/\/jornalfatosenoticias.com.br\/wp-content\/uploads\/2020\/02\/Logo_Mizu.png\" alt=\"\" class=\"wp-image-1441\" srcset=\"https:\/\/jornalfatosenoticias.com.br\/wp-content\/uploads\/2020\/02\/Logo_Mizu.png 729w, https:\/\/jornalfatosenoticias.com.br\/wp-content\/uploads\/2020\/02\/Logo_Mizu-300x37.png 300w\" sizes=\"auto, (max-width: 729px) 100vw, 729px\" \/><\/figure><\/div>\n\n\n\n<p>O n\u00famero dois do gabinete pol\u00edtico do grupo terrorista palestino Hamas, Saleh al Arouri, morreu nesta ter\u00e7a-feira (2) em decorr\u00eancia do ataque de um drone de Israel contra um escrit\u00f3rio do grupo no sub\u00farbio de Beirute, onde tamb\u00e9m morreram outras tr\u00eas pessoas, segundo afirmou a ag\u00eancia de not\u00edcias ANN.<\/p>\n\n\n\n<blockquote class=\"wp-block-quote is-layout-flow wp-block-quote-is-layout-flow\"><p><span class=\"has-inline-color has-luminous-vivid-orange-color\">O ataque hostil que teve como alvo o escrit\u00f3rio do Hamas, onde estava sendo realizada uma reuni\u00e3o de fac\u00e7\u00f5es palestinas, causou a morte de um alto cargo do Hamas na Cisjord\u00e2nia, Saleh al Arouri, e de tr\u00eas outras pessoas&#8221;, relatou a ag\u00eancia estatal libanesa.<\/span><\/p><\/blockquote>\n\n\n\n<p>O Hamas confirmou a morte de Arouri.<\/p>\n\n\n\n<blockquote class=\"wp-block-quote is-layout-flow wp-block-quote-is-layout-flow\"><p><span class=\"has-inline-color has-luminous-vivid-orange-color\">Os assassinatos covardes feitos pela ocupa\u00e7\u00e3o sionista contra os l\u00edderes e s\u00edmbolos do nosso povo palestino dentro e fora da Palestina n\u00e3o ter\u00e3o sucesso em esmorecer a vontade e a firmeza do nosso povo ou em prejudicar a continuidade de sua brava resist\u00eancia\u201d, declarou em nota o terrorista Izzat al-Rishq, da c\u00fapula do grupo.<\/span><\/p><\/blockquote>\n\n\n\n<div class=\"wp-block-image\"><figure class=\"aligncenter size-large is-resized\"><img loading=\"lazy\" decoding=\"async\" src=\"https:\/\/jornalfatosenoticias.com.br\/wp-content\/uploads\/2023\/03\/nova-logo-Marquetti.jpg\" alt=\"\" class=\"wp-image-40207\" width=\"294\" height=\"197\" srcset=\"https:\/\/jornalfatosenoticias.com.br\/wp-content\/uploads\/2023\/03\/nova-logo-Marquetti.jpg 643w, https:\/\/jornalfatosenoticias.com.br\/wp-content\/uploads\/2023\/03\/nova-logo-Marquetti-300x202.jpg 300w\" sizes=\"auto, (max-width: 294px) 100vw, 294px\" \/><\/figure><\/div>\n\n\n\n<p>Arouri foi um dos fundadores da mil\u00edcia do Hamas e chefe do grupo na Cisjord\u00e2nia. A a\u00e7\u00e3o deve escalar o conflito ap\u00f3s mais de dois meses de intensas trocas de fogo entre tropas das For\u00e7as de Defesa de Israel e membros do grupo terrorista Hezbollah, ligado ao Ir\u00e3 e instalado pr\u00f3ximo \u00e0 fronteira sul do L\u00edbano. O grupo havia declarado que realizara horas antes ataques contra postos militares israelenses.<\/p>\n\n\n\n<div class=\"wp-block-image\"><figure class=\"aligncenter size-large is-resized\"><img loading=\"lazy\" decoding=\"async\" src=\"https:\/\/jornalfatosenoticias.com.br\/wp-content\/uploads\/2023\/08\/BKR-1024x1021.jpg\" alt=\"\" class=\"wp-image-44494\" width=\"283\" height=\"282\" srcset=\"https:\/\/jornalfatosenoticias.com.br\/wp-content\/uploads\/2023\/08\/BKR-1024x1021.jpg 1024w, https:\/\/jornalfatosenoticias.com.br\/wp-content\/uploads\/2023\/08\/BKR-300x300.jpg 300w, https:\/\/jornalfatosenoticias.com.br\/wp-content\/uploads\/2023\/08\/BKR-150x150.jpg 150w, https:\/\/jornalfatosenoticias.com.br\/wp-content\/uploads\/2023\/08\/BKR-768x766.jpg 768w, https:\/\/jornalfatosenoticias.com.br\/wp-content\/uploads\/2023\/08\/BKR.jpg 1080w\" sizes=\"auto, (max-width: 283px) 100vw, 283px\" \/><\/figure><\/div>\n\n\n\n<p><strong><em>Fonte: <a href=\"https:\/\/www.gazetadopovo.com.br\/mundo\/ataque-de-israel-em-beirute-mata-numero-dois-do-gabinete-politico-do-hamas-afirma-agencia\/\">Gazeta do Povo<\/a><\/em><\/strong><\/p>\n","protected":false},"excerpt":{"rendered":"<p>Saleh al Arouri, vice-presidente do gabinete pol\u00edtico do grupo terrorista Hamas, foi morto por Israel em 2 de janeiro de 2024. A foto \u00e9 de quando ele foi recebido em Moscou em setembro de 2022 Por Eli Vieira O n\u00famero dois do gabinete pol\u00edtico do grupo terrorista palestino Hamas, Saleh al Arouri, morreu nesta ter\u00e7a-feira [&hellip;]<\/p>\n","protected":false},"author":2,"featured_media":48095,"comment_status":"open","ping_status":"open","sticky":false,"template":"","format":"standard","meta":{"footnotes":""},"categories":[41],"tags":[4491,21582,162,2516],"class_list":["post-48094","post","type-post","status-publish","format-standard","has-post-thumbnail","hentry","category-internacional","tag-guerra","tag-hamas","tag-israel","tag-palestina"],"yoast_head":"<!-- This site is optimized with the Yoast SEO plugin v26.5 - https:\/\/yoast.com\/wordpress\/plugins\/seo\/ -->\n<title>Ataque de Israel em Beirute mata n\u00famero dois do gabinete pol\u00edtico do Hamas, afirma ag\u00eancia - Jornal Fatos e Not\u00edcias<\/title>\n<meta name=\"robots\" content=\"index, follow, max-snippet:-1, max-image-preview:large, max-video-preview:-1\" \/>\n<link rel=\"canonical\" href=\"https:\/\/jornalfatosenoticias.com.br\/index.php\/2024\/01\/02\/ataque-de-israel-em-beirute-mata-numero-dois-do-gabinete-politico-do-hamas-afirma-agencia\/\" \/>\n<meta property=\"og:locale\" content=\"pt_BR\" \/>\n<meta property=\"og:type\" content=\"article\" \/>\n<meta property=\"og:title\" content=\"Ataque de Israel em Beirute mata n\u00famero dois do gabinete pol\u00edtico do Hamas, afirma ag\u00eancia - Jornal Fatos e Not\u00edcias\" \/>\n<meta property=\"og:description\" content=\"Saleh al Arouri, vice-presidente do gabinete pol\u00edtico do grupo terrorista Hamas, foi morto por Israel em 2 de janeiro de 2024. A foto \u00e9 de quando ele foi recebido em Moscou em setembro de 2022 Por Eli Vieira O n\u00famero dois do gabinete pol\u00edtico do grupo terrorista palestino Hamas, Saleh al Arouri, morreu nesta ter\u00e7a-feira [&hellip;]\" \/>\n<meta property=\"og:url\" content=\"https:\/\/jornalfatosenoticias.com.br\/index.php\/2024\/01\/02\/ataque-de-israel-em-beirute-mata-numero-dois-do-gabinete-politico-do-hamas-afirma-agencia\/\" \/>\n<meta property=\"og:site_name\" content=\"Jornal Fatos e Not\u00edcias\" \/>\n<meta property=\"article:published_time\" content=\"2024-01-02T19:24:05+00:00\" \/>\n<meta property=\"article:modified_time\" content=\"2024-01-02T19:24:06+00:00\" \/>\n<meta property=\"og:image\" content=\"https:\/\/jornalfatosenoticias.com.br\/wp-content\/uploads\/2024\/01\/arouri-hamas.jpg\" \/>\n\t<meta property=\"og:image:width\" content=\"960\" \/>\n\t<meta property=\"og:image:height\" content=\"540\" \/>\n\t<meta property=\"og:image:type\" content=\"image\/jpeg\" \/>\n<meta name=\"author\" content=\"Luzimara Fernandes\" \/>\n<meta name=\"twitter:card\" content=\"summary_large_image\" \/>\n<meta name=\"twitter:label1\" content=\"Escrito por\" \/>\n\t<meta name=\"twitter:data1\" content=\"Luzimara Fernandes\" \/>\n\t<meta name=\"twitter:label2\" content=\"Est. tempo de leitura\" \/>\n\t<meta name=\"twitter:data2\" content=\"1 minuto\" \/>\n<script type=\"application\/ld+json\" class=\"yoast-schema-graph\">{\"@context\":\"https:\/\/schema.org\",\"@graph\":[{\"@type\":\"Article\",\"@id\":\"https:\/\/jornalfatosenoticias.com.br\/index.php\/2024\/01\/02\/ataque-de-israel-em-beirute-mata-numero-dois-do-gabinete-politico-do-hamas-afirma-agencia\/#article\",\"isPartOf\":{\"@id\":\"https:\/\/jornalfatosenoticias.com.br\/index.php\/2024\/01\/02\/ataque-de-israel-em-beirute-mata-numero-dois-do-gabinete-politico-do-hamas-afirma-agencia\/\"},\"author\":{\"name\":\"Luzimara Fernandes\",\"@id\":\"https:\/\/jornalfatosenoticias.com.br\/#\/schema\/person\/d63837fa13ac8666eb9e74e0985d6f81\"},\"headline\":\"Ataque de Israel em Beirute mata n\u00famero dois do gabinete pol\u00edtico do Hamas, afirma ag\u00eancia\",\"datePublished\":\"2024-01-02T19:24:05+00:00\",\"dateModified\":\"2024-01-02T19:24:06+00:00\",\"mainEntityOfPage\":{\"@id\":\"https:\/\/jornalfatosenoticias.com.br\/index.php\/2024\/01\/02\/ataque-de-israel-em-beirute-mata-numero-dois-do-gabinete-politico-do-hamas-afirma-agencia\/\"},\"wordCount\":308,\"commentCount\":0,\"publisher\":{\"@id\":\"https:\/\/jornalfatosenoticias.com.br\/#organization\"},\"image\":{\"@id\":\"https:\/\/jornalfatosenoticias.com.br\/index.php\/2024\/01\/02\/ataque-de-israel-em-beirute-mata-numero-dois-do-gabinete-politico-do-hamas-afirma-agencia\/#primaryimage\"},\"thumbnailUrl\":\"https:\/\/jornalfatosenoticias.com.br\/wp-content\/uploads\/2024\/01\/arouri-hamas.jpg\",\"keywords\":[\"guerra\",\"Hamas\",\"Israel\",\"Palestina\"],\"articleSection\":[\"Internacional\"],\"inLanguage\":\"pt-BR\",\"potentialAction\":[{\"@type\":\"CommentAction\",\"name\":\"Comment\",\"target\":[\"https:\/\/jornalfatosenoticias.com.br\/index.php\/2024\/01\/02\/ataque-de-israel-em-beirute-mata-numero-dois-do-gabinete-politico-do-hamas-afirma-agencia\/#respond\"]}]},{\"@type\":\"WebPage\",\"@id\":\"https:\/\/jornalfatosenoticias.com.br\/index.php\/2024\/01\/02\/ataque-de-israel-em-beirute-mata-numero-dois-do-gabinete-politico-do-hamas-afirma-agencia\/\",\"url\":\"https:\/\/jornalfatosenoticias.com.br\/index.php\/2024\/01\/02\/ataque-de-israel-em-beirute-mata-numero-dois-do-gabinete-politico-do-hamas-afirma-agencia\/\",\"name\":\"Ataque de Israel em Beirute mata n\u00famero dois do gabinete pol\u00edtico do Hamas, afirma ag\u00eancia - Jornal Fatos e Not\u00edcias\",\"isPartOf\":{\"@id\":\"https:\/\/jornalfatosenoticias.com.br\/#website\"},\"primaryImageOfPage\":{\"@id\":\"https:\/\/jornalfatosenoticias.com.br\/index.php\/2024\/01\/02\/ataque-de-israel-em-beirute-mata-numero-dois-do-gabinete-politico-do-hamas-afirma-agencia\/#primaryimage\"},\"image\":{\"@id\":\"https:\/\/jornalfatosenoticias.com.br\/index.php\/2024\/01\/02\/ataque-de-israel-em-beirute-mata-numero-dois-do-gabinete-politico-do-hamas-afirma-agencia\/#primaryimage\"},\"thumbnailUrl\":\"https:\/\/jornalfatosenoticias.com.br\/wp-content\/uploads\/2024\/01\/arouri-hamas.jpg\",\"datePublished\":\"2024-01-02T19:24:05+00:00\",\"dateModified\":\"2024-01-02T19:24:06+00:00\",\"breadcrumb\":{\"@id\":\"https:\/\/jornalfatosenoticias.com.br\/index.php\/2024\/01\/02\/ataque-de-israel-em-beirute-mata-numero-dois-do-gabinete-politico-do-hamas-afirma-agencia\/#breadcrumb\"},\"inLanguage\":\"pt-BR\",\"potentialAction\":[{\"@type\":\"ReadAction\",\"target\":[\"https:\/\/jornalfatosenoticias.com.br\/index.php\/2024\/01\/02\/ataque-de-israel-em-beirute-mata-numero-dois-do-gabinete-politico-do-hamas-afirma-agencia\/\"]}]},{\"@type\":\"ImageObject\",\"inLanguage\":\"pt-BR\",\"@id\":\"https:\/\/jornalfatosenoticias.com.br\/index.php\/2024\/01\/02\/ataque-de-israel-em-beirute-mata-numero-dois-do-gabinete-politico-do-hamas-afirma-agencia\/#primaryimage\",\"url\":\"https:\/\/jornalfatosenoticias.com.br\/wp-content\/uploads\/2024\/01\/arouri-hamas.jpg\",\"contentUrl\":\"https:\/\/jornalfatosenoticias.com.br\/wp-content\/uploads\/2024\/01\/arouri-hamas.jpg\",\"width\":960,\"height\":540},{\"@type\":\"BreadcrumbList\",\"@id\":\"https:\/\/jornalfatosenoticias.com.br\/index.php\/2024\/01\/02\/ataque-de-israel-em-beirute-mata-numero-dois-do-gabinete-politico-do-hamas-afirma-agencia\/#breadcrumb\",\"itemListElement\":[{\"@type\":\"ListItem\",\"position\":1,\"name\":\"In\u00edcio\",\"item\":\"https:\/\/jornalfatosenoticias.com.br\/\"},{\"@type\":\"ListItem\",\"position\":2,\"name\":\"Ataque de Israel em Beirute mata n\u00famero dois do gabinete pol\u00edtico do Hamas, afirma ag\u00eancia\"}]},{\"@type\":\"WebSite\",\"@id\":\"https:\/\/jornalfatosenoticias.com.br\/#website\",\"url\":\"https:\/\/jornalfatosenoticias.com.br\/\",\"name\":\"Jornal Fatos e Not\u00edcias\",\"description\":\"Not\u00edcias em geral\",\"publisher\":{\"@id\":\"https:\/\/jornalfatosenoticias.com.br\/#organization\"},\"potentialAction\":[{\"@type\":\"SearchAction\",\"target\":{\"@type\":\"EntryPoint\",\"urlTemplate\":\"https:\/\/jornalfatosenoticias.com.br\/?s={search_term_string}\"},\"query-input\":{\"@type\":\"PropertyValueSpecification\",\"valueRequired\":true,\"valueName\":\"search_term_string\"}}],\"inLanguage\":\"pt-BR\"},{\"@type\":\"Organization\",\"@id\":\"https:\/\/jornalfatosenoticias.com.br\/#organization\",\"name\":\"Jornal Fatos e Not\u00edcias\",\"url\":\"https:\/\/jornalfatosenoticias.com.br\/\",\"logo\":{\"@type\":\"ImageObject\",\"inLanguage\":\"pt-BR\",\"@id\":\"https:\/\/jornalfatosenoticias.com.br\/#\/schema\/logo\/image\/\",\"url\":\"https:\/\/jornalfatosenoticias.com.br\/wp-content\/uploads\/2020\/02\/logo120.png\",\"contentUrl\":\"https:\/\/jornalfatosenoticias.com.br\/wp-content\/uploads\/2020\/02\/logo120.png\",\"width\":1227,\"height\":120,\"caption\":\"Jornal Fatos e Not\u00edcias\"},\"image\":{\"@id\":\"https:\/\/jornalfatosenoticias.com.br\/#\/schema\/logo\/image\/\"}},{\"@type\":\"Person\",\"@id\":\"https:\/\/jornalfatosenoticias.com.br\/#\/schema\/person\/d63837fa13ac8666eb9e74e0985d6f81\",\"name\":\"Luzimara Fernandes\",\"image\":{\"@type\":\"ImageObject\",\"inLanguage\":\"pt-BR\",\"@id\":\"https:\/\/jornalfatosenoticias.com.br\/#\/schema\/person\/image\/\",\"url\":\"https:\/\/jornalfatosenoticias.com.br\/wp-content\/uploads\/2025\/05\/EU_portal.jpg\",\"contentUrl\":\"https:\/\/jornalfatosenoticias.com.br\/wp-content\/uploads\/2025\/05\/EU_portal.jpg\",\"caption\":\"Luzimara Fernandes\"},\"description\":\"Jornalista MTB 2358-ES\",\"sameAs\":[\"https:\/\/jornalfatosenoticias.com.br\"],\"url\":\"https:\/\/jornalfatosenoticias.com.br\/index.php\/author\/luzimara\/\"}]}<\/script>\n<!-- \/ Yoast SEO plugin. -->","yoast_head_json":{"title":"Ataque de Israel em Beirute mata n\u00famero dois do gabinete pol\u00edtico do Hamas, afirma ag\u00eancia - Jornal Fatos e Not\u00edcias","robots":{"index":"index","follow":"follow","max-snippet":"max-snippet:-1","max-image-preview":"max-image-preview:large","max-video-preview":"max-video-preview:-1"},"canonical":"https:\/\/jornalfatosenoticias.com.br\/index.php\/2024\/01\/02\/ataque-de-israel-em-beirute-mata-numero-dois-do-gabinete-politico-do-hamas-afirma-agencia\/","og_locale":"pt_BR","og_type":"article","og_title":"Ataque de Israel em Beirute mata n\u00famero dois do gabinete pol\u00edtico do Hamas, afirma ag\u00eancia - Jornal Fatos e Not\u00edcias","og_description":"Saleh al Arouri, vice-presidente do gabinete pol\u00edtico do grupo terrorista Hamas, foi morto por Israel em 2 de janeiro de 2024. A foto \u00e9 de quando ele foi recebido em Moscou em setembro de 2022 Por Eli Vieira O n\u00famero dois do gabinete pol\u00edtico do grupo terrorista palestino Hamas, Saleh al Arouri, morreu nesta ter\u00e7a-feira [&hellip;]","og_url":"https:\/\/jornalfatosenoticias.com.br\/index.php\/2024\/01\/02\/ataque-de-israel-em-beirute-mata-numero-dois-do-gabinete-politico-do-hamas-afirma-agencia\/","og_site_name":"Jornal Fatos e Not\u00edcias","article_published_time":"2024-01-02T19:24:05+00:00","article_modified_time":"2024-01-02T19:24:06+00:00","og_image":[{"width":960,"height":540,"url":"https:\/\/jornalfatosenoticias.com.br\/wp-content\/uploads\/2024\/01\/arouri-hamas.jpg","type":"image\/jpeg"}],"author":"Luzimara Fernandes","twitter_card":"summary_large_image","twitter_misc":{"Escrito por":"Luzimara Fernandes","Est. tempo de leitura":"1 minuto"},"schema":{"@context":"https:\/\/schema.org","@graph":[{"@type":"Article","@id":"https:\/\/jornalfatosenoticias.com.br\/index.php\/2024\/01\/02\/ataque-de-israel-em-beirute-mata-numero-dois-do-gabinete-politico-do-hamas-afirma-agencia\/#article","isPartOf":{"@id":"https:\/\/jornalfatosenoticias.com.br\/index.php\/2024\/01\/02\/ataque-de-israel-em-beirute-mata-numero-dois-do-gabinete-politico-do-hamas-afirma-agencia\/"},"author":{"name":"Luzimara Fernandes","@id":"https:\/\/jornalfatosenoticias.com.br\/#\/schema\/person\/d63837fa13ac8666eb9e74e0985d6f81"},"headline":"Ataque de Israel em Beirute mata n\u00famero dois do gabinete pol\u00edtico do Hamas, afirma ag\u00eancia","datePublished":"2024-01-02T19:24:05+00:00","dateModified":"2024-01-02T19:24:06+00:00","mainEntityOfPage":{"@id":"https:\/\/jornalfatosenoticias.com.br\/index.php\/2024\/01\/02\/ataque-de-israel-em-beirute-mata-numero-dois-do-gabinete-politico-do-hamas-afirma-agencia\/"},"wordCount":308,"commentCount":0,"publisher":{"@id":"https:\/\/jornalfatosenoticias.com.br\/#organization"},"image":{"@id":"https:\/\/jornalfatosenoticias.com.br\/index.php\/2024\/01\/02\/ataque-de-israel-em-beirute-mata-numero-dois-do-gabinete-politico-do-hamas-afirma-agencia\/#primaryimage"},"thumbnailUrl":"https:\/\/jornalfatosenoticias.com.br\/wp-content\/uploads\/2024\/01\/arouri-hamas.jpg","keywords":["guerra","Hamas","Israel","Palestina"],"articleSection":["Internacional"],"inLanguage":"pt-BR","potentialAction":[{"@type":"CommentAction","name":"Comment","target":["https:\/\/jornalfatosenoticias.com.br\/index.php\/2024\/01\/02\/ataque-de-israel-em-beirute-mata-numero-dois-do-gabinete-politico-do-hamas-afirma-agencia\/#respond"]}]},{"@type":"WebPage","@id":"https:\/\/jornalfatosenoticias.com.br\/index.php\/2024\/01\/02\/ataque-de-israel-em-beirute-mata-numero-dois-do-gabinete-politico-do-hamas-afirma-agencia\/","url":"https:\/\/jornalfatosenoticias.com.br\/index.php\/2024\/01\/02\/ataque-de-israel-em-beirute-mata-numero-dois-do-gabinete-politico-do-hamas-afirma-agencia\/","name":"Ataque de Israel em Beirute mata n\u00famero dois do gabinete pol\u00edtico do Hamas, afirma ag\u00eancia - Jornal Fatos e Not\u00edcias","isPartOf":{"@id":"https:\/\/jornalfatosenoticias.com.br\/#website"},"primaryImageOfPage":{"@id":"https:\/\/jornalfatosenoticias.com.br\/index.php\/2024\/01\/02\/ataque-de-israel-em-beirute-mata-numero-dois-do-gabinete-politico-do-hamas-afirma-agencia\/#primaryimage"},"image":{"@id":"https:\/\/jornalfatosenoticias.com.br\/index.php\/2024\/01\/02\/ataque-de-israel-em-beirute-mata-numero-dois-do-gabinete-politico-do-hamas-afirma-agencia\/#primaryimage"},"thumbnailUrl":"https:\/\/jornalfatosenoticias.com.br\/wp-content\/uploads\/2024\/01\/arouri-hamas.jpg","datePublished":"2024-01-02T19:24:05+00:00","dateModified":"2024-01-02T19:24:06+00:00","breadcrumb":{"@id":"https:\/\/jornalfatosenoticias.com.br\/index.php\/2024\/01\/02\/ataque-de-israel-em-beirute-mata-numero-dois-do-gabinete-politico-do-hamas-afirma-agencia\/#breadcrumb"},"inLanguage":"pt-BR","potentialAction":[{"@type":"ReadAction","target":["https:\/\/jornalfatosenoticias.com.br\/index.php\/2024\/01\/02\/ataque-de-israel-em-beirute-mata-numero-dois-do-gabinete-politico-do-hamas-afirma-agencia\/"]}]},{"@type":"ImageObject","inLanguage":"pt-BR","@id":"https:\/\/jornalfatosenoticias.com.br\/index.php\/2024\/01\/02\/ataque-de-israel-em-beirute-mata-numero-dois-do-gabinete-politico-do-hamas-afirma-agencia\/#primaryimage","url":"https:\/\/jornalfatosenoticias.com.br\/wp-content\/uploads\/2024\/01\/arouri-hamas.jpg","contentUrl":"https:\/\/jornalfatosenoticias.com.br\/wp-content\/uploads\/2024\/01\/arouri-hamas.jpg","width":960,"height":540},{"@type":"BreadcrumbList","@id":"https:\/\/jornalfatosenoticias.com.br\/index.php\/2024\/01\/02\/ataque-de-israel-em-beirute-mata-numero-dois-do-gabinete-politico-do-hamas-afirma-agencia\/#breadcrumb","itemListElement":[{"@type":"ListItem","position":1,"name":"In\u00edcio","item":"https:\/\/jornalfatosenoticias.com.br\/"},{"@type":"ListItem","position":2,"name":"Ataque de Israel em Beirute mata n\u00famero dois do gabinete pol\u00edtico do Hamas, afirma ag\u00eancia"}]},{"@type":"WebSite","@id":"https:\/\/jornalfatosenoticias.com.br\/#website","url":"https:\/\/jornalfatosenoticias.com.br\/","name":"Jornal Fatos e Not\u00edcias","description":"Not\u00edcias em geral","publisher":{"@id":"https:\/\/jornalfatosenoticias.com.br\/#organization"},"potentialAction":[{"@type":"SearchAction","target":{"@type":"EntryPoint","urlTemplate":"https:\/\/jornalfatosenoticias.com.br\/?s={search_term_string}"},"query-input":{"@type":"PropertyValueSpecification","valueRequired":true,"valueName":"search_term_string"}}],"inLanguage":"pt-BR"},{"@type":"Organization","@id":"https:\/\/jornalfatosenoticias.com.br\/#organization","name":"Jornal Fatos e Not\u00edcias","url":"https:\/\/jornalfatosenoticias.com.br\/","logo":{"@type":"ImageObject","inLanguage":"pt-BR","@id":"https:\/\/jornalfatosenoticias.com.br\/#\/schema\/logo\/image\/","url":"https:\/\/jornalfatosenoticias.com.br\/wp-content\/uploads\/2020\/02\/logo120.png","contentUrl":"https:\/\/jornalfatosenoticias.com.br\/wp-content\/uploads\/2020\/02\/logo120.png","width":1227,"height":120,"caption":"Jornal Fatos e Not\u00edcias"},"image":{"@id":"https:\/\/jornalfatosenoticias.com.br\/#\/schema\/logo\/image\/"}},{"@type":"Person","@id":"https:\/\/jornalfatosenoticias.com.br\/#\/schema\/person\/d63837fa13ac8666eb9e74e0985d6f81","name":"Luzimara Fernandes","image":{"@type":"ImageObject","inLanguage":"pt-BR","@id":"https:\/\/jornalfatosenoticias.com.br\/#\/schema\/person\/image\/","url":"https:\/\/jornalfatosenoticias.com.br\/wp-content\/uploads\/2025\/05\/EU_portal.jpg","contentUrl":"https:\/\/jornalfatosenoticias.com.br\/wp-content\/uploads\/2025\/05\/EU_portal.jpg","caption":"Luzimara Fernandes"},"description":"Jornalista MTB 2358-ES","sameAs":["https:\/\/jornalfatosenoticias.com.br"],"url":"https:\/\/jornalfatosenoticias.com.br\/index.php\/author\/luzimara\/"}]}},"cc_featured_image_caption":{"caption_text":"(Foto: Gazeta do Povo)","source_text":"","source_url":""},"jetpack_featured_media_url":"https:\/\/jornalfatosenoticias.com.br\/wp-content\/uploads\/2024\/01\/arouri-hamas.jpg","_links":{"self":[{"href":"https:\/\/jornalfatosenoticias.com.br\/index.php\/wp-json\/wp\/v2\/posts\/48094","targetHints":{"allow":["GET"]}}],"collection":[{"href":"https:\/\/jornalfatosenoticias.com.br\/index.php\/wp-json\/wp\/v2\/posts"}],"about":[{"href":"https:\/\/jornalfatosenoticias.com.br\/index.php\/wp-json\/wp\/v2\/types\/post"}],"author":[{"embeddable":true,"href":"https:\/\/jornalfatosenoticias.com.br\/index.php\/wp-json\/wp\/v2\/users\/2"}],"replies":[{"embeddable":true,"href":"https:\/\/jornalfatosenoticias.com.br\/index.php\/wp-json\/wp\/v2\/comments?post=48094"}],"version-history":[{"count":0,"href":"https:\/\/jornalfatosenoticias.com.br\/index.php\/wp-json\/wp\/v2\/posts\/48094\/revisions"}],"wp:featuredmedia":[{"embeddable":true,"href":"https:\/\/jornalfatosenoticias.com.br\/index.php\/wp-json\/wp\/v2\/media\/48095"}],"wp:attachment":[{"href":"https:\/\/jornalfatosenoticias.com.br\/index.php\/wp-json\/wp\/v2\/media?parent=48094"}],"wp:term":[{"taxonomy":"category","embeddable":true,"href":"https:\/\/jornalfatosenoticias.com.br\/index.php\/wp-json\/wp\/v2\/categories?post=48094"},{"taxonomy":"post_tag","embeddable":true,"href":"https:\/\/jornalfatosenoticias.com.br\/index.php\/wp-json\/wp\/v2\/tags?post=48094"}],"curies":[{"name":"wp","href":"https:\/\/api.w.org\/{rel}","templated":true}]}}