{"id":48124,"date":"2024-01-04T14:28:24","date_gmt":"2024-01-04T17:28:24","guid":{"rendered":"https:\/\/jornalfatosenoticias.com.br\/?p=48124"},"modified":"2024-01-04T14:28:27","modified_gmt":"2024-01-04T17:28:27","slug":"a-importancia-da-escola-e-destaque-em-novo-diario-de-um-banana","status":"publish","type":"post","link":"https:\/\/jornalfatosenoticias.com.br\/index.php\/2024\/01\/04\/a-importancia-da-escola-e-destaque-em-novo-diario-de-um-banana\/","title":{"rendered":"A import\u00e2ncia da escola \u00e9 destaque em novo \u2018Di\u00e1rio de um Banana\u2019"},"content":{"rendered":"\n<p><span class=\"has-inline-color has-black-color\"><em>Cole\u00e7\u00e3o best-seller escrita por Jeff Kinney chega ao 18\u00ba volume no Brasil<\/em><\/span><\/p>\n\n\n\n<div class=\"wp-block-image\"><figure class=\"aligncenter size-large\"><img loading=\"lazy\" decoding=\"async\" width=\"729\" height=\"90\" src=\"https:\/\/jornalfatosenoticias.com.br\/wp-content\/uploads\/2020\/02\/Logo_Mizu.png\" alt=\"\" class=\"wp-image-1441\" srcset=\"https:\/\/jornalfatosenoticias.com.br\/wp-content\/uploads\/2020\/02\/Logo_Mizu.png 729w, https:\/\/jornalfatosenoticias.com.br\/wp-content\/uploads\/2020\/02\/Logo_Mizu-300x37.png 300w\" sizes=\"auto, (max-width: 729px) 100vw, 729px\" \/><\/figure><\/div>\n\n\n\n<p>Estudar nunca foi o forte de Greg Heffley e o ensino fundamental n\u00e3o tem sido um mar de rosas para o protagonista do <em>Di\u00e1rio de um Banana,<\/em> fen\u00f4meno da literatura infantojuvenil e best-seller do <em>New York Times.<\/em> No 18\u00ba volume da cole\u00e7\u00e3o, que chega ao Brasil pela VR Editora, o autor Jeff Kinney faz o garoto repensar sobre a import\u00e2ncia de frequentar a escola.<br>Os livros do Di\u00e1rio de um Banana foram traduzidos para 62 idiomas e distribu\u00eddos a 74 pa\u00edses. Apenas no Brasil, a cole\u00e7\u00e3o teve mais de 12 milh\u00f5es de c\u00f3pias vendidas. No lan\u00e7amento de <em>Cabe\u00e7a-Oca<\/em>, o col\u00e9gio de Greg est\u00e1 prestes a ser fechado por causa do baixo desempenho dos alunos e do mau estado de conserva\u00e7\u00e3o do pr\u00e9dio. Ao encarar isso como uma solu\u00e7\u00e3o dos pr\u00f3prios problemas, ele imagina um mundo de possibilidades em que poder\u00e1 aproveitar cada segundo para colocar as brincadeiras em dia.<\/p>\n\n\n\n<div class=\"wp-block-image\"><figure class=\"aligncenter size-large is-resized\"><img loading=\"lazy\" decoding=\"async\" src=\"https:\/\/jornalfatosenoticias.com.br\/wp-content\/uploads\/2023\/07\/lacremoda.jpg\" alt=\"\" class=\"wp-image-43706\" width=\"327\" height=\"183\" srcset=\"https:\/\/jornalfatosenoticias.com.br\/wp-content\/uploads\/2023\/07\/lacremoda.jpg 1024w, https:\/\/jornalfatosenoticias.com.br\/wp-content\/uploads\/2023\/07\/lacremoda-300x168.jpg 300w, https:\/\/jornalfatosenoticias.com.br\/wp-content\/uploads\/2023\/07\/lacremoda-768x431.jpg 768w\" sizes=\"auto, (max-width: 327px) 100vw, 327px\" \/><\/figure><\/div>\n\n\n\n<p>Quando entende a gravidade da situa\u00e7\u00e3o e que o fechamento da Larry Mack significa ir para um lugar diferente do melhor amigo, Rowley Jefferson, Greg passa a ter um novo objetivo: salvar a escola. Para isso, ele precisa juntar os colegas e provar que n\u00e3o s\u00e3o cabe\u00e7as-ocas, ou seja, mostrar que s\u00e3o capazes de melhorar seus boletins escolares.<\/p>\n\n\n\n<div class=\"wp-block-image\"><figure class=\"aligncenter size-large\"><img loading=\"lazy\" decoding=\"async\" width=\"350\" height=\"521\" src=\"https:\/\/jornalfatosenoticias.com.br\/wp-content\/uploads\/2024\/01\/Diario-de-um-Banana_1.png\" alt=\"\" class=\"wp-image-48125\" srcset=\"https:\/\/jornalfatosenoticias.com.br\/wp-content\/uploads\/2024\/01\/Diario-de-um-Banana_1.png 350w, https:\/\/jornalfatosenoticias.com.br\/wp-content\/uploads\/2024\/01\/Diario-de-um-Banana_1-202x300.png 202w\" sizes=\"auto, (max-width: 350px) 100vw, 350px\" \/><figcaption><em><span class=\"has-inline-color has-black-color\">(Foto: Reprodu\u00e7\u00e3o)<\/span><\/em><\/figcaption><\/figure><\/div>\n\n\n\n<p><strong><span class=\"has-inline-color has-vivid-purple-color\">Etapas da vida<br><\/span><\/strong>Recheada de quadrinhos, di\u00e1logos afiados e bom humor, nesta nova hist\u00f3ria, assim como o protagonista, os jovens leitores v\u00e3o compreender que a educa\u00e7\u00e3o pode construir um futuro melhor. Afinal, estudar tamb\u00e9m \u00e9 divertido, ainda mais quando o conhecimento \u00e9 compartilhado com os amigos.<\/p>\n\n\n\n<div class=\"wp-block-image\"><figure class=\"aligncenter size-large\"><img loading=\"lazy\" decoding=\"async\" width=\"300\" height=\"250\" src=\"https:\/\/jornalfatosenoticias.com.br\/wp-content\/uploads\/2020\/02\/Banner-2.png\" alt=\"\" class=\"wp-image-43787\"\/><\/figure><\/div>\n\n\n\n<blockquote class=\"wp-block-quote is-layout-flow wp-block-quote-is-layout-flow\"><p><span class=\"has-inline-color has-luminous-vivid-orange-color\">Seria \u00f3timo se o c\u00e9rebro pudesse ir pra escola enquanto a gente fica livre pra fazer o que gosta, tipo jogar \u2018laser tag\u2019 com os amigos ou ficar de bobeira no fliperama. Depois era s\u00f3 buscar o c\u00e9rebro no fim da aula e se inteirar do que aconteceu. Mas, por enquanto, a gente precisa se conformar com a ideia de que o corpo e o c\u00e9rebro precisam estar sempre juntos. E, dependendo da sua idade, isso significa passar um temp\u00e3o na escola\u201d (Di\u00e1rio de um Banana: Cabe\u00e7a-Oca, p.5).<\/span><\/p><\/blockquote>\n\n\n\n<div class=\"wp-block-image\"><figure class=\"aligncenter size-large is-resized\"><img loading=\"lazy\" decoding=\"async\" src=\"https:\/\/jornalfatosenoticias.com.br\/wp-content\/uploads\/2023\/08\/LOGO-BLU-COMERCIAL-PRETO-1024x600.jpg\" alt=\"\" class=\"wp-image-44053\" width=\"302\" height=\"176\"\/><\/figure><\/div>\n\n\n\n<p><strong><em>Fonte: <a href=\"https:\/\/revistaeducacao.com.br\/2023\/12\/29\/importancia-da-escola-diario-de-um-banana\/\">Revista Educa\u00e7\u00e3o<\/a><\/em><\/strong><\/p>\n","protected":false},"excerpt":{"rendered":"<p>Cole\u00e7\u00e3o best-seller escrita por Jeff Kinney chega ao 18\u00ba volume no Brasil Estudar nunca foi o forte de Greg Heffley e o ensino fundamental n\u00e3o tem sido um mar de rosas para o protagonista do Di\u00e1rio de um Banana, fen\u00f4meno da literatura infantojuvenil e best-seller do New York Times. No 18\u00ba volume da cole\u00e7\u00e3o, que [&hellip;]<\/p>\n","protected":false},"author":2,"featured_media":48126,"comment_status":"open","ping_status":"open","sticky":false,"template":"","format":"standard","meta":{"footnotes":""},"categories":[4],"tags":[22437,22438,22439,14982],"class_list":["post-48124","post","type-post","status-publish","format-standard","has-post-thumbnail","hentry","category-cultura","tag-diario-de-um-banana","tag-diario-de-um-banana-cabeca-oca","tag-jeff-kinney","tag-literatura-infantojuvenil"],"yoast_head":"<!-- This site is optimized with the Yoast SEO plugin v26.5 - https:\/\/yoast.com\/wordpress\/plugins\/seo\/ -->\n<title>A import\u00e2ncia da escola \u00e9 destaque em novo \u2018Di\u00e1rio de um Banana\u2019 - Jornal Fatos e Not\u00edcias<\/title>\n<meta name=\"robots\" content=\"index, follow, max-snippet:-1, max-image-preview:large, max-video-preview:-1\" \/>\n<link rel=\"canonical\" href=\"https:\/\/jornalfatosenoticias.com.br\/index.php\/2024\/01\/04\/a-importancia-da-escola-e-destaque-em-novo-diario-de-um-banana\/\" \/>\n<meta property=\"og:locale\" content=\"pt_BR\" \/>\n<meta property=\"og:type\" content=\"article\" \/>\n<meta property=\"og:title\" content=\"A import\u00e2ncia da escola \u00e9 destaque em novo \u2018Di\u00e1rio de um Banana\u2019 - Jornal Fatos e Not\u00edcias\" \/>\n<meta property=\"og:description\" content=\"Cole\u00e7\u00e3o best-seller escrita por Jeff Kinney chega ao 18\u00ba volume no Brasil Estudar nunca foi o forte de Greg Heffley e o ensino fundamental n\u00e3o tem sido um mar de rosas para o protagonista do Di\u00e1rio de um Banana, fen\u00f4meno da literatura infantojuvenil e best-seller do New York Times. No 18\u00ba volume da cole\u00e7\u00e3o, que [&hellip;]\" \/>\n<meta property=\"og:url\" content=\"https:\/\/jornalfatosenoticias.com.br\/index.php\/2024\/01\/04\/a-importancia-da-escola-e-destaque-em-novo-diario-de-um-banana\/\" \/>\n<meta property=\"og:site_name\" content=\"Jornal Fatos e Not\u00edcias\" \/>\n<meta property=\"article:published_time\" content=\"2024-01-04T17:28:24+00:00\" \/>\n<meta property=\"article:modified_time\" content=\"2024-01-04T17:28:27+00:00\" \/>\n<meta property=\"og:image\" content=\"https:\/\/jornalfatosenoticias.com.br\/wp-content\/uploads\/2024\/01\/Diario-de-um-Banana_capa.jpg\" \/>\n\t<meta property=\"og:image:width\" content=\"550\" \/>\n\t<meta property=\"og:image:height\" content=\"279\" \/>\n\t<meta property=\"og:image:type\" content=\"image\/jpeg\" \/>\n<meta name=\"author\" content=\"Luzimara Fernandes\" \/>\n<meta name=\"twitter:card\" content=\"summary_large_image\" \/>\n<meta name=\"twitter:label1\" content=\"Escrito por\" \/>\n\t<meta name=\"twitter:data1\" content=\"Luzimara Fernandes\" \/>\n\t<meta name=\"twitter:label2\" content=\"Est. tempo de leitura\" \/>\n\t<meta name=\"twitter:data2\" content=\"2 minutos\" \/>\n<script type=\"application\/ld+json\" class=\"yoast-schema-graph\">{\"@context\":\"https:\/\/schema.org\",\"@graph\":[{\"@type\":\"Article\",\"@id\":\"https:\/\/jornalfatosenoticias.com.br\/index.php\/2024\/01\/04\/a-importancia-da-escola-e-destaque-em-novo-diario-de-um-banana\/#article\",\"isPartOf\":{\"@id\":\"https:\/\/jornalfatosenoticias.com.br\/index.php\/2024\/01\/04\/a-importancia-da-escola-e-destaque-em-novo-diario-de-um-banana\/\"},\"author\":{\"name\":\"Luzimara Fernandes\",\"@id\":\"https:\/\/jornalfatosenoticias.com.br\/#\/schema\/person\/d63837fa13ac8666eb9e74e0985d6f81\"},\"headline\":\"A import\u00e2ncia da escola \u00e9 destaque em novo \u2018Di\u00e1rio de um Banana\u2019\",\"datePublished\":\"2024-01-04T17:28:24+00:00\",\"dateModified\":\"2024-01-04T17:28:27+00:00\",\"mainEntityOfPage\":{\"@id\":\"https:\/\/jornalfatosenoticias.com.br\/index.php\/2024\/01\/04\/a-importancia-da-escola-e-destaque-em-novo-diario-de-um-banana\/\"},\"wordCount\":401,\"commentCount\":0,\"publisher\":{\"@id\":\"https:\/\/jornalfatosenoticias.com.br\/#organization\"},\"image\":{\"@id\":\"https:\/\/jornalfatosenoticias.com.br\/index.php\/2024\/01\/04\/a-importancia-da-escola-e-destaque-em-novo-diario-de-um-banana\/#primaryimage\"},\"thumbnailUrl\":\"https:\/\/jornalfatosenoticias.com.br\/wp-content\/uploads\/2024\/01\/Diario-de-um-Banana_capa.jpg\",\"keywords\":[\"Di\u00e1rio de um Banana\",\"Di\u00e1rio de um Banana: Cabe\u00e7a-Oca\",\"Jeff Kinney\",\"literatura infantojuvenil\"],\"articleSection\":[\"Cultura\"],\"inLanguage\":\"pt-BR\",\"potentialAction\":[{\"@type\":\"CommentAction\",\"name\":\"Comment\",\"target\":[\"https:\/\/jornalfatosenoticias.com.br\/index.php\/2024\/01\/04\/a-importancia-da-escola-e-destaque-em-novo-diario-de-um-banana\/#respond\"]}]},{\"@type\":\"WebPage\",\"@id\":\"https:\/\/jornalfatosenoticias.com.br\/index.php\/2024\/01\/04\/a-importancia-da-escola-e-destaque-em-novo-diario-de-um-banana\/\",\"url\":\"https:\/\/jornalfatosenoticias.com.br\/index.php\/2024\/01\/04\/a-importancia-da-escola-e-destaque-em-novo-diario-de-um-banana\/\",\"name\":\"A import\u00e2ncia da escola \u00e9 destaque em novo \u2018Di\u00e1rio de um Banana\u2019 - Jornal Fatos e Not\u00edcias\",\"isPartOf\":{\"@id\":\"https:\/\/jornalfatosenoticias.com.br\/#website\"},\"primaryImageOfPage\":{\"@id\":\"https:\/\/jornalfatosenoticias.com.br\/index.php\/2024\/01\/04\/a-importancia-da-escola-e-destaque-em-novo-diario-de-um-banana\/#primaryimage\"},\"image\":{\"@id\":\"https:\/\/jornalfatosenoticias.com.br\/index.php\/2024\/01\/04\/a-importancia-da-escola-e-destaque-em-novo-diario-de-um-banana\/#primaryimage\"},\"thumbnailUrl\":\"https:\/\/jornalfatosenoticias.com.br\/wp-content\/uploads\/2024\/01\/Diario-de-um-Banana_capa.jpg\",\"datePublished\":\"2024-01-04T17:28:24+00:00\",\"dateModified\":\"2024-01-04T17:28:27+00:00\",\"breadcrumb\":{\"@id\":\"https:\/\/jornalfatosenoticias.com.br\/index.php\/2024\/01\/04\/a-importancia-da-escola-e-destaque-em-novo-diario-de-um-banana\/#breadcrumb\"},\"inLanguage\":\"pt-BR\",\"potentialAction\":[{\"@type\":\"ReadAction\",\"target\":[\"https:\/\/jornalfatosenoticias.com.br\/index.php\/2024\/01\/04\/a-importancia-da-escola-e-destaque-em-novo-diario-de-um-banana\/\"]}]},{\"@type\":\"ImageObject\",\"inLanguage\":\"pt-BR\",\"@id\":\"https:\/\/jornalfatosenoticias.com.br\/index.php\/2024\/01\/04\/a-importancia-da-escola-e-destaque-em-novo-diario-de-um-banana\/#primaryimage\",\"url\":\"https:\/\/jornalfatosenoticias.com.br\/wp-content\/uploads\/2024\/01\/Diario-de-um-Banana_capa.jpg\",\"contentUrl\":\"https:\/\/jornalfatosenoticias.com.br\/wp-content\/uploads\/2024\/01\/Diario-de-um-Banana_capa.jpg\",\"width\":550,\"height\":279},{\"@type\":\"BreadcrumbList\",\"@id\":\"https:\/\/jornalfatosenoticias.com.br\/index.php\/2024\/01\/04\/a-importancia-da-escola-e-destaque-em-novo-diario-de-um-banana\/#breadcrumb\",\"itemListElement\":[{\"@type\":\"ListItem\",\"position\":1,\"name\":\"In\u00edcio\",\"item\":\"https:\/\/jornalfatosenoticias.com.br\/\"},{\"@type\":\"ListItem\",\"position\":2,\"name\":\"A import\u00e2ncia da escola \u00e9 destaque em novo \u2018Di\u00e1rio de um Banana\u2019\"}]},{\"@type\":\"WebSite\",\"@id\":\"https:\/\/jornalfatosenoticias.com.br\/#website\",\"url\":\"https:\/\/jornalfatosenoticias.com.br\/\",\"name\":\"Jornal Fatos e Not\u00edcias\",\"description\":\"Not\u00edcias em geral\",\"publisher\":{\"@id\":\"https:\/\/jornalfatosenoticias.com.br\/#organization\"},\"potentialAction\":[{\"@type\":\"SearchAction\",\"target\":{\"@type\":\"EntryPoint\",\"urlTemplate\":\"https:\/\/jornalfatosenoticias.com.br\/?s={search_term_string}\"},\"query-input\":{\"@type\":\"PropertyValueSpecification\",\"valueRequired\":true,\"valueName\":\"search_term_string\"}}],\"inLanguage\":\"pt-BR\"},{\"@type\":\"Organization\",\"@id\":\"https:\/\/jornalfatosenoticias.com.br\/#organization\",\"name\":\"Jornal Fatos e Not\u00edcias\",\"url\":\"https:\/\/jornalfatosenoticias.com.br\/\",\"logo\":{\"@type\":\"ImageObject\",\"inLanguage\":\"pt-BR\",\"@id\":\"https:\/\/jornalfatosenoticias.com.br\/#\/schema\/logo\/image\/\",\"url\":\"https:\/\/jornalfatosenoticias.com.br\/wp-content\/uploads\/2020\/02\/logo120.png\",\"contentUrl\":\"https:\/\/jornalfatosenoticias.com.br\/wp-content\/uploads\/2020\/02\/logo120.png\",\"width\":1227,\"height\":120,\"caption\":\"Jornal Fatos e Not\u00edcias\"},\"image\":{\"@id\":\"https:\/\/jornalfatosenoticias.com.br\/#\/schema\/logo\/image\/\"}},{\"@type\":\"Person\",\"@id\":\"https:\/\/jornalfatosenoticias.com.br\/#\/schema\/person\/d63837fa13ac8666eb9e74e0985d6f81\",\"name\":\"Luzimara Fernandes\",\"image\":{\"@type\":\"ImageObject\",\"inLanguage\":\"pt-BR\",\"@id\":\"https:\/\/jornalfatosenoticias.com.br\/#\/schema\/person\/image\/\",\"url\":\"https:\/\/jornalfatosenoticias.com.br\/wp-content\/uploads\/2025\/05\/EU_portal.jpg\",\"contentUrl\":\"https:\/\/jornalfatosenoticias.com.br\/wp-content\/uploads\/2025\/05\/EU_portal.jpg\",\"caption\":\"Luzimara Fernandes\"},\"description\":\"Jornalista MTB 2358-ES\",\"sameAs\":[\"https:\/\/jornalfatosenoticias.com.br\"],\"url\":\"https:\/\/jornalfatosenoticias.com.br\/index.php\/author\/luzimara\/\"}]}<\/script>\n<!-- \/ Yoast SEO plugin. -->","yoast_head_json":{"title":"A import\u00e2ncia da escola \u00e9 destaque em novo \u2018Di\u00e1rio de um Banana\u2019 - Jornal Fatos e Not\u00edcias","robots":{"index":"index","follow":"follow","max-snippet":"max-snippet:-1","max-image-preview":"max-image-preview:large","max-video-preview":"max-video-preview:-1"},"canonical":"https:\/\/jornalfatosenoticias.com.br\/index.php\/2024\/01\/04\/a-importancia-da-escola-e-destaque-em-novo-diario-de-um-banana\/","og_locale":"pt_BR","og_type":"article","og_title":"A import\u00e2ncia da escola \u00e9 destaque em novo \u2018Di\u00e1rio de um Banana\u2019 - Jornal Fatos e Not\u00edcias","og_description":"Cole\u00e7\u00e3o best-seller escrita por Jeff Kinney chega ao 18\u00ba volume no Brasil Estudar nunca foi o forte de Greg Heffley e o ensino fundamental n\u00e3o tem sido um mar de rosas para o protagonista do Di\u00e1rio de um Banana, fen\u00f4meno da literatura infantojuvenil e best-seller do New York Times. No 18\u00ba volume da cole\u00e7\u00e3o, que [&hellip;]","og_url":"https:\/\/jornalfatosenoticias.com.br\/index.php\/2024\/01\/04\/a-importancia-da-escola-e-destaque-em-novo-diario-de-um-banana\/","og_site_name":"Jornal Fatos e Not\u00edcias","article_published_time":"2024-01-04T17:28:24+00:00","article_modified_time":"2024-01-04T17:28:27+00:00","og_image":[{"width":550,"height":279,"url":"https:\/\/jornalfatosenoticias.com.br\/wp-content\/uploads\/2024\/01\/Diario-de-um-Banana_capa.jpg","type":"image\/jpeg"}],"author":"Luzimara Fernandes","twitter_card":"summary_large_image","twitter_misc":{"Escrito por":"Luzimara Fernandes","Est. tempo de leitura":"2 minutos"},"schema":{"@context":"https:\/\/schema.org","@graph":[{"@type":"Article","@id":"https:\/\/jornalfatosenoticias.com.br\/index.php\/2024\/01\/04\/a-importancia-da-escola-e-destaque-em-novo-diario-de-um-banana\/#article","isPartOf":{"@id":"https:\/\/jornalfatosenoticias.com.br\/index.php\/2024\/01\/04\/a-importancia-da-escola-e-destaque-em-novo-diario-de-um-banana\/"},"author":{"name":"Luzimara Fernandes","@id":"https:\/\/jornalfatosenoticias.com.br\/#\/schema\/person\/d63837fa13ac8666eb9e74e0985d6f81"},"headline":"A import\u00e2ncia da escola \u00e9 destaque em novo \u2018Di\u00e1rio de um Banana\u2019","datePublished":"2024-01-04T17:28:24+00:00","dateModified":"2024-01-04T17:28:27+00:00","mainEntityOfPage":{"@id":"https:\/\/jornalfatosenoticias.com.br\/index.php\/2024\/01\/04\/a-importancia-da-escola-e-destaque-em-novo-diario-de-um-banana\/"},"wordCount":401,"commentCount":0,"publisher":{"@id":"https:\/\/jornalfatosenoticias.com.br\/#organization"},"image":{"@id":"https:\/\/jornalfatosenoticias.com.br\/index.php\/2024\/01\/04\/a-importancia-da-escola-e-destaque-em-novo-diario-de-um-banana\/#primaryimage"},"thumbnailUrl":"https:\/\/jornalfatosenoticias.com.br\/wp-content\/uploads\/2024\/01\/Diario-de-um-Banana_capa.jpg","keywords":["Di\u00e1rio de um Banana","Di\u00e1rio de um Banana: Cabe\u00e7a-Oca","Jeff Kinney","literatura infantojuvenil"],"articleSection":["Cultura"],"inLanguage":"pt-BR","potentialAction":[{"@type":"CommentAction","name":"Comment","target":["https:\/\/jornalfatosenoticias.com.br\/index.php\/2024\/01\/04\/a-importancia-da-escola-e-destaque-em-novo-diario-de-um-banana\/#respond"]}]},{"@type":"WebPage","@id":"https:\/\/jornalfatosenoticias.com.br\/index.php\/2024\/01\/04\/a-importancia-da-escola-e-destaque-em-novo-diario-de-um-banana\/","url":"https:\/\/jornalfatosenoticias.com.br\/index.php\/2024\/01\/04\/a-importancia-da-escola-e-destaque-em-novo-diario-de-um-banana\/","name":"A import\u00e2ncia da escola \u00e9 destaque em novo \u2018Di\u00e1rio de um Banana\u2019 - Jornal Fatos e Not\u00edcias","isPartOf":{"@id":"https:\/\/jornalfatosenoticias.com.br\/#website"},"primaryImageOfPage":{"@id":"https:\/\/jornalfatosenoticias.com.br\/index.php\/2024\/01\/04\/a-importancia-da-escola-e-destaque-em-novo-diario-de-um-banana\/#primaryimage"},"image":{"@id":"https:\/\/jornalfatosenoticias.com.br\/index.php\/2024\/01\/04\/a-importancia-da-escola-e-destaque-em-novo-diario-de-um-banana\/#primaryimage"},"thumbnailUrl":"https:\/\/jornalfatosenoticias.com.br\/wp-content\/uploads\/2024\/01\/Diario-de-um-Banana_capa.jpg","datePublished":"2024-01-04T17:28:24+00:00","dateModified":"2024-01-04T17:28:27+00:00","breadcrumb":{"@id":"https:\/\/jornalfatosenoticias.com.br\/index.php\/2024\/01\/04\/a-importancia-da-escola-e-destaque-em-novo-diario-de-um-banana\/#breadcrumb"},"inLanguage":"pt-BR","potentialAction":[{"@type":"ReadAction","target":["https:\/\/jornalfatosenoticias.com.br\/index.php\/2024\/01\/04\/a-importancia-da-escola-e-destaque-em-novo-diario-de-um-banana\/"]}]},{"@type":"ImageObject","inLanguage":"pt-BR","@id":"https:\/\/jornalfatosenoticias.com.br\/index.php\/2024\/01\/04\/a-importancia-da-escola-e-destaque-em-novo-diario-de-um-banana\/#primaryimage","url":"https:\/\/jornalfatosenoticias.com.br\/wp-content\/uploads\/2024\/01\/Diario-de-um-Banana_capa.jpg","contentUrl":"https:\/\/jornalfatosenoticias.com.br\/wp-content\/uploads\/2024\/01\/Diario-de-um-Banana_capa.jpg","width":550,"height":279},{"@type":"BreadcrumbList","@id":"https:\/\/jornalfatosenoticias.com.br\/index.php\/2024\/01\/04\/a-importancia-da-escola-e-destaque-em-novo-diario-de-um-banana\/#breadcrumb","itemListElement":[{"@type":"ListItem","position":1,"name":"In\u00edcio","item":"https:\/\/jornalfatosenoticias.com.br\/"},{"@type":"ListItem","position":2,"name":"A import\u00e2ncia da escola \u00e9 destaque em novo \u2018Di\u00e1rio de um Banana\u2019"}]},{"@type":"WebSite","@id":"https:\/\/jornalfatosenoticias.com.br\/#website","url":"https:\/\/jornalfatosenoticias.com.br\/","name":"Jornal Fatos e Not\u00edcias","description":"Not\u00edcias em geral","publisher":{"@id":"https:\/\/jornalfatosenoticias.com.br\/#organization"},"potentialAction":[{"@type":"SearchAction","target":{"@type":"EntryPoint","urlTemplate":"https:\/\/jornalfatosenoticias.com.br\/?s={search_term_string}"},"query-input":{"@type":"PropertyValueSpecification","valueRequired":true,"valueName":"search_term_string"}}],"inLanguage":"pt-BR"},{"@type":"Organization","@id":"https:\/\/jornalfatosenoticias.com.br\/#organization","name":"Jornal Fatos e Not\u00edcias","url":"https:\/\/jornalfatosenoticias.com.br\/","logo":{"@type":"ImageObject","inLanguage":"pt-BR","@id":"https:\/\/jornalfatosenoticias.com.br\/#\/schema\/logo\/image\/","url":"https:\/\/jornalfatosenoticias.com.br\/wp-content\/uploads\/2020\/02\/logo120.png","contentUrl":"https:\/\/jornalfatosenoticias.com.br\/wp-content\/uploads\/2020\/02\/logo120.png","width":1227,"height":120,"caption":"Jornal Fatos e Not\u00edcias"},"image":{"@id":"https:\/\/jornalfatosenoticias.com.br\/#\/schema\/logo\/image\/"}},{"@type":"Person","@id":"https:\/\/jornalfatosenoticias.com.br\/#\/schema\/person\/d63837fa13ac8666eb9e74e0985d6f81","name":"Luzimara Fernandes","image":{"@type":"ImageObject","inLanguage":"pt-BR","@id":"https:\/\/jornalfatosenoticias.com.br\/#\/schema\/person\/image\/","url":"https:\/\/jornalfatosenoticias.com.br\/wp-content\/uploads\/2025\/05\/EU_portal.jpg","contentUrl":"https:\/\/jornalfatosenoticias.com.br\/wp-content\/uploads\/2025\/05\/EU_portal.jpg","caption":"Luzimara Fernandes"},"description":"Jornalista MTB 2358-ES","sameAs":["https:\/\/jornalfatosenoticias.com.br"],"url":"https:\/\/jornalfatosenoticias.com.br\/index.php\/author\/luzimara\/"}]}},"cc_featured_image_caption":{"caption_text":"(Foto: Reprodu\u00e7\u00e3o) ","source_text":"","source_url":""},"jetpack_featured_media_url":"https:\/\/jornalfatosenoticias.com.br\/wp-content\/uploads\/2024\/01\/Diario-de-um-Banana_capa.jpg","_links":{"self":[{"href":"https:\/\/jornalfatosenoticias.com.br\/index.php\/wp-json\/wp\/v2\/posts\/48124","targetHints":{"allow":["GET"]}}],"collection":[{"href":"https:\/\/jornalfatosenoticias.com.br\/index.php\/wp-json\/wp\/v2\/posts"}],"about":[{"href":"https:\/\/jornalfatosenoticias.com.br\/index.php\/wp-json\/wp\/v2\/types\/post"}],"author":[{"embeddable":true,"href":"https:\/\/jornalfatosenoticias.com.br\/index.php\/wp-json\/wp\/v2\/users\/2"}],"replies":[{"embeddable":true,"href":"https:\/\/jornalfatosenoticias.com.br\/index.php\/wp-json\/wp\/v2\/comments?post=48124"}],"version-history":[{"count":0,"href":"https:\/\/jornalfatosenoticias.com.br\/index.php\/wp-json\/wp\/v2\/posts\/48124\/revisions"}],"wp:featuredmedia":[{"embeddable":true,"href":"https:\/\/jornalfatosenoticias.com.br\/index.php\/wp-json\/wp\/v2\/media\/48126"}],"wp:attachment":[{"href":"https:\/\/jornalfatosenoticias.com.br\/index.php\/wp-json\/wp\/v2\/media?parent=48124"}],"wp:term":[{"taxonomy":"category","embeddable":true,"href":"https:\/\/jornalfatosenoticias.com.br\/index.php\/wp-json\/wp\/v2\/categories?post=48124"},{"taxonomy":"post_tag","embeddable":true,"href":"https:\/\/jornalfatosenoticias.com.br\/index.php\/wp-json\/wp\/v2\/tags?post=48124"}],"curies":[{"name":"wp","href":"https:\/\/api.w.org\/{rel}","templated":true}]}}