{"id":48176,"date":"2024-01-05T12:28:34","date_gmt":"2024-01-05T15:28:34","guid":{"rendered":"https:\/\/jornalfatosenoticias.com.br\/?p=48176"},"modified":"2024-01-05T12:28:35","modified_gmt":"2024-01-05T15:28:35","slug":"quase-um-milhao-e-meio-em-idade-escolar-fora-da-escola","status":"publish","type":"post","link":"https:\/\/jornalfatosenoticias.com.br\/index.php\/2024\/01\/05\/quase-um-milhao-e-meio-em-idade-escolar-fora-da-escola\/","title":{"rendered":"Quase um milh\u00e3o e meio em idade escolar fora da escola"},"content":{"rendered":"\n<p><em><span class=\"has-inline-color has-black-color\">Estrat\u00e9gia de busca ativa escolar do Unicef e parceiros atua de maneira intersetorial<\/span><\/em><\/p>\n\n\n\n<p><span class=\"has-inline-color has-black-color\">Por <strong><a href=\"https:\/\/revistaeducacao.com.br\/author\/alex-bessas\/\">Alex Bessas<\/a><\/strong><\/span><\/p>\n\n\n\n<div class=\"wp-block-image\"><figure class=\"aligncenter size-large is-resized\"><img loading=\"lazy\" decoding=\"async\" src=\"https:\/\/jornalfatosenoticias.com.br\/wp-content\/uploads\/2023\/09\/vetorvix1024_1.jpg\" alt=\"\" class=\"wp-image-44868\" width=\"370\" height=\"98\" srcset=\"https:\/\/jornalfatosenoticias.com.br\/wp-content\/uploads\/2023\/09\/vetorvix1024_1.jpg 1024w, https:\/\/jornalfatosenoticias.com.br\/wp-content\/uploads\/2023\/09\/vetorvix1024_1-300x80.jpg 300w, https:\/\/jornalfatosenoticias.com.br\/wp-content\/uploads\/2023\/09\/vetorvix1024_1-768x205.jpg 768w\" sizes=\"auto, (max-width: 370px) 100vw, 370px\" \/><\/figure><\/div>\n\n\n\n<p>Segundo o Censo Escolar de 2022, 1,4 milh\u00e3o de crian\u00e7as e jovens entre quatro e 17 anos n\u00e3o est\u00e3o matriculados em nenhuma institui\u00e7\u00e3o de ensino. Chefe do escrit\u00f3rio do Unicef de S\u00e3o Paulo, Adriana Alvarenga reconhece que h\u00e1 uma forte rela\u00e7\u00e3o entre a evas\u00e3o escolar e a pobreza, afetando principalmente os alunos do ensino m\u00e9dio. Ela lembra que muitas crian\u00e7as e adolescentes deixam a escola porque precisam trabalhar para ajudar no sustento da fam\u00edlia ou cuidar de parentes, geralmente irm\u00e3os mais novos que n\u00e3o s\u00e3o assistidos em creches. Al\u00e9m da quest\u00e3o econ\u00f4mica, Adriana cita tamb\u00e9m a pedag\u00f3gica, que diz respeito a fatores que influenciam a aprendizagem, como a qualidade da educa\u00e7\u00e3o e o interesse dos alunos, que foram prejudicados pela pandemia, quando escolas ficaram fechadas e n\u00e3o foram oferecidas alternativas adequadas para o ensino on-line.<\/p>\n\n\n\n<div class=\"wp-block-image\"><figure class=\"aligncenter size-large is-resized\"><img loading=\"lazy\" decoding=\"async\" src=\"https:\/\/jornalfatosenoticias.com.br\/wp-content\/uploads\/2023\/08\/LOGO-BLU-COMERCIAL-PRETO-1024x600.jpg\" alt=\"\" class=\"wp-image-44053\" width=\"336\" height=\"196\"\/><\/figure><\/div>\n\n\n\n<p>Na mesma linha, o professor Romualdo Portela de Oliveira, diretor de pesquisa e avalia\u00e7\u00e3o do Centro de Estudos e Pesquisas em Educa\u00e7\u00e3o, Cultura e A\u00e7\u00e3o Comunit\u00e1ria (Cenpec), ONG que desenvolve estudos e projetos com foco na equidade e qualidade na educa\u00e7\u00e3o p\u00fablica, tamb\u00e9m sustenta que estas s\u00e3o as duas raz\u00f5es fundamentais pelas quais crian\u00e7as e adolescentes deixam as escolas. <\/p>\n\n\n\n<div class=\"wp-block-image\"><figure class=\"aligncenter size-large is-resized\"><img loading=\"lazy\" decoding=\"async\" src=\"https:\/\/jornalfatosenoticias.com.br\/wp-content\/uploads\/2022\/02\/Precisao-Contabilidade-1024x724.jpg\" alt=\"\" class=\"wp-image-28088\" width=\"330\" height=\"233\"\/><\/figure><\/div>\n\n\n\n<blockquote class=\"wp-block-quote is-layout-flow wp-block-quote-is-layout-flow\"><p><span class=\"has-inline-color has-luminous-vivid-orange-color\">No caso das crian\u00e7as em situa\u00e7\u00e3o de vulnerabilidade, uma forma de lidar com essa quest\u00e3o seria a implementa\u00e7\u00e3o de pol\u00edticas de renda cidad\u00e3\u201d, indica.<\/span><\/p><\/blockquote>\n\n\n\n<div class=\"wp-block-image\"><figure class=\"aligncenter size-large is-resized\"><img loading=\"lazy\" decoding=\"async\" src=\"https:\/\/jornalfatosenoticias.com.br\/wp-content\/uploads\/2023\/11\/cromotec.jpg\" alt=\"\" class=\"wp-image-46804\" width=\"315\" height=\"188\" srcset=\"https:\/\/jornalfatosenoticias.com.br\/wp-content\/uploads\/2023\/11\/cromotec.jpg 453w, https:\/\/jornalfatosenoticias.com.br\/wp-content\/uploads\/2023\/11\/cromotec-300x179.jpg 300w\" sizes=\"auto, (max-width: 315px) 100vw, 315px\" \/><\/figure><\/div>\n\n\n\n<p>J\u00e1 a segunda raz\u00e3o, diz, tem a ver com a a\u00e7\u00e3o da escola que acaba excluindo determinadas crian\u00e7as e adolescentes do ambiente escolar, sendo a reprova\u00e7\u00e3o a mais \u00f3bvia forma de isso acontecer. \u201cTrata-se de uma medida que afeta a autoestima e a adapta\u00e7\u00e3o social dos estudantes, levando ao abandono escolar\u201d, explica, acrescentando que o preconceito em rela\u00e7\u00e3o \u00e0 orienta\u00e7\u00e3o sexual e ao racismo tamb\u00e9m favorecem a infrequ\u00eancia e a dificuldade de aprendizagem, que levam \u00e0 reprova\u00e7\u00e3o e, posteriormente, \u00e0 evas\u00e3o e abandono escolar.<\/p>\n\n\n\n<div class=\"wp-block-image\"><figure class=\"aligncenter size-large\"><img loading=\"lazy\" decoding=\"async\" width=\"300\" height=\"250\" src=\"https:\/\/jornalfatosenoticias.com.br\/wp-content\/uploads\/2020\/02\/Banner-2.png\" alt=\"\" class=\"wp-image-43787\"\/><\/figure><\/div>\n\n\n\n<p>Pesquisa realizada pela Intelig\u00eancia em Pesquisa e Consultoria Estrat\u00e9gica (Ipec) a pedido do Unicef, tamb\u00e9m de 2022, revelou que dois milh\u00f5es de crian\u00e7as e adolescentes de 11 a 19 anos n\u00e3o est\u00e3o frequentando a escola no Brasil \u2014 o que representa 11% do total da amostra pesquisada. Esses n\u00fameros evidenciam que o Brasil est\u00e1 longe de cumprir a meta de universalizar a educa\u00e7\u00e3o b\u00e1sica, um direito fundamental e um investimento estrat\u00e9gico para o desenvolvimento das pessoas e da na\u00e7\u00e3o.<\/p>\n\n\n\n<div class=\"wp-block-image\"><figure class=\"aligncenter size-large is-resized\"><img loading=\"lazy\" decoding=\"async\" src=\"https:\/\/jornalfatosenoticias.com.br\/wp-content\/uploads\/2020\/02\/logo-Rapuzel-1024x571.jpg\" alt=\"\" class=\"wp-image-42808\" width=\"329\" height=\"183\" srcset=\"https:\/\/jornalfatosenoticias.com.br\/wp-content\/uploads\/2020\/02\/logo-Rapuzel-1024x571.jpg 1024w, https:\/\/jornalfatosenoticias.com.br\/wp-content\/uploads\/2020\/02\/logo-Rapuzel-300x167.jpg 300w, https:\/\/jornalfatosenoticias.com.br\/wp-content\/uploads\/2020\/02\/logo-Rapuzel-768x428.jpg 768w, https:\/\/jornalfatosenoticias.com.br\/wp-content\/uploads\/2020\/02\/logo-Rapuzel-1536x856.jpg 1536w, https:\/\/jornalfatosenoticias.com.br\/wp-content\/uploads\/2020\/02\/logo-Rapuzel.jpg 1600w\" sizes=\"auto, (max-width: 329px) 100vw, 329px\" \/><\/figure><\/div>\n\n\n\n<p>Este \u00faltimo levantamento indica algo que a m\u00e3e-guardi\u00e3 Tamires Gon\u00e7alves percebe no dia a dia: h\u00e1 um forte vi\u00e9s socioecon\u00f4mico por tr\u00e1s das estat\u00edsticas de exclus\u00e3o escolar. A pesquisa apontou que 48% dos respondentes deixaram de estudar para trabalhar fora e, 30%, por terem dificuldades de aprendizagem. J\u00e1 29% disseram ter desistido dos estudos porque, \u00e0 \u00e9poca, a escola n\u00e3o havia retomado as atividades presenciais em decorr\u00eancia da pandemia, 28% informaram que tinham de cuidar de familiares. Falta de transporte afetava 18%, a gravidez, 14%, e desafios por ter alguma defici\u00eancia exclu\u00edam 9%, enquanto 6% se afastaram devido ao racismo.<\/p>\n\n\n\n<div class=\"wp-block-image\"><figure class=\"aligncenter size-large is-resized\"><img loading=\"lazy\" decoding=\"async\" src=\"https:\/\/jornalfatosenoticias.com.br\/wp-content\/uploads\/2023\/12\/pegoretti-logo-pdf-1024x389.jpg\" alt=\"\" class=\"wp-image-47536\" width=\"364\" height=\"138\" srcset=\"https:\/\/jornalfatosenoticias.com.br\/wp-content\/uploads\/2023\/12\/pegoretti-logo-pdf-1024x389.jpg 1024w, https:\/\/jornalfatosenoticias.com.br\/wp-content\/uploads\/2023\/12\/pegoretti-logo-pdf-300x114.jpg 300w, https:\/\/jornalfatosenoticias.com.br\/wp-content\/uploads\/2023\/12\/pegoretti-logo-pdf-768x291.jpg 768w, https:\/\/jornalfatosenoticias.com.br\/wp-content\/uploads\/2023\/12\/pegoretti-logo-pdf.jpg 1120w\" sizes=\"auto, (max-width: 364px) 100vw, 364px\" \/><\/figure><\/div>\n\n\n\n<p><strong><em>Fonte: <a href=\"https:\/\/revistaeducacao.com.br\/2023\/12\/22\/evasao-escolar-alunos-fora-da-escola\/\">Revista Educa\u00e7\u00e3o<\/a><\/em><\/strong><\/p>\n","protected":false},"excerpt":{"rendered":"<p>Estrat\u00e9gia de busca ativa escolar do Unicef e parceiros atua de maneira intersetorial Por Alex Bessas Segundo o Censo Escolar de 2022, 1,4 milh\u00e3o de crian\u00e7as e jovens entre quatro e 17 anos n\u00e3o est\u00e3o matriculados em nenhuma institui\u00e7\u00e3o de ensino. Chefe do escrit\u00f3rio do Unicef de S\u00e3o Paulo, Adriana Alvarenga reconhece que h\u00e1 uma [&hellip;]<\/p>\n","protected":false},"author":2,"featured_media":48177,"comment_status":"open","ping_status":"open","sticky":false,"template":"","format":"standard","meta":{"footnotes":""},"categories":[7],"tags":[22456,14808,5398,1869],"class_list":["post-48176","post","type-post","status-publish","format-standard","has-post-thumbnail","hentry","category-educacao","tag-cenpec","tag-censo-escolar-2022","tag-evasao-escolar","tag-unicef"],"yoast_head":"<!-- This site is optimized with the Yoast SEO plugin v26.5 - https:\/\/yoast.com\/wordpress\/plugins\/seo\/ -->\n<title>Quase um milh\u00e3o e meio em idade escolar fora da escola - Jornal Fatos e Not\u00edcias<\/title>\n<meta name=\"robots\" content=\"index, follow, max-snippet:-1, max-image-preview:large, max-video-preview:-1\" \/>\n<link rel=\"canonical\" href=\"https:\/\/jornalfatosenoticias.com.br\/index.php\/2024\/01\/05\/quase-um-milhao-e-meio-em-idade-escolar-fora-da-escola\/\" \/>\n<meta property=\"og:locale\" content=\"pt_BR\" \/>\n<meta property=\"og:type\" content=\"article\" \/>\n<meta property=\"og:title\" content=\"Quase um milh\u00e3o e meio em idade escolar fora da escola - Jornal Fatos e Not\u00edcias\" \/>\n<meta property=\"og:description\" content=\"Estrat\u00e9gia de busca ativa escolar do Unicef e parceiros atua de maneira intersetorial Por Alex Bessas Segundo o Censo Escolar de 2022, 1,4 milh\u00e3o de crian\u00e7as e jovens entre quatro e 17 anos n\u00e3o est\u00e3o matriculados em nenhuma institui\u00e7\u00e3o de ensino. Chefe do escrit\u00f3rio do Unicef de S\u00e3o Paulo, Adriana Alvarenga reconhece que h\u00e1 uma [&hellip;]\" \/>\n<meta property=\"og:url\" content=\"https:\/\/jornalfatosenoticias.com.br\/index.php\/2024\/01\/05\/quase-um-milhao-e-meio-em-idade-escolar-fora-da-escola\/\" \/>\n<meta property=\"og:site_name\" content=\"Jornal Fatos e Not\u00edcias\" \/>\n<meta property=\"article:published_time\" content=\"2024-01-05T15:28:34+00:00\" \/>\n<meta property=\"article:modified_time\" content=\"2024-01-05T15:28:35+00:00\" \/>\n<meta property=\"og:image\" content=\"https:\/\/jornalfatosenoticias.com.br\/wp-content\/uploads\/2024\/01\/crianca-fora-da-escola_istock.jpg\" \/>\n\t<meta property=\"og:image:width\" content=\"612\" \/>\n\t<meta property=\"og:image:height\" content=\"408\" \/>\n\t<meta property=\"og:image:type\" content=\"image\/jpeg\" \/>\n<meta name=\"author\" content=\"Luzimara Fernandes\" \/>\n<meta name=\"twitter:card\" content=\"summary_large_image\" \/>\n<meta name=\"twitter:label1\" content=\"Escrito por\" \/>\n\t<meta name=\"twitter:data1\" content=\"Luzimara Fernandes\" \/>\n\t<meta name=\"twitter:label2\" content=\"Est. tempo de leitura\" \/>\n\t<meta name=\"twitter:data2\" content=\"3 minutos\" \/>\n<script type=\"application\/ld+json\" class=\"yoast-schema-graph\">{\"@context\":\"https:\/\/schema.org\",\"@graph\":[{\"@type\":\"Article\",\"@id\":\"https:\/\/jornalfatosenoticias.com.br\/index.php\/2024\/01\/05\/quase-um-milhao-e-meio-em-idade-escolar-fora-da-escola\/#article\",\"isPartOf\":{\"@id\":\"https:\/\/jornalfatosenoticias.com.br\/index.php\/2024\/01\/05\/quase-um-milhao-e-meio-em-idade-escolar-fora-da-escola\/\"},\"author\":{\"name\":\"Luzimara Fernandes\",\"@id\":\"https:\/\/jornalfatosenoticias.com.br\/#\/schema\/person\/d63837fa13ac8666eb9e74e0985d6f81\"},\"headline\":\"Quase um milh\u00e3o e meio em idade escolar fora da escola\",\"datePublished\":\"2024-01-05T15:28:34+00:00\",\"dateModified\":\"2024-01-05T15:28:35+00:00\",\"mainEntityOfPage\":{\"@id\":\"https:\/\/jornalfatosenoticias.com.br\/index.php\/2024\/01\/05\/quase-um-milhao-e-meio-em-idade-escolar-fora-da-escola\/\"},\"wordCount\":565,\"commentCount\":0,\"publisher\":{\"@id\":\"https:\/\/jornalfatosenoticias.com.br\/#organization\"},\"image\":{\"@id\":\"https:\/\/jornalfatosenoticias.com.br\/index.php\/2024\/01\/05\/quase-um-milhao-e-meio-em-idade-escolar-fora-da-escola\/#primaryimage\"},\"thumbnailUrl\":\"https:\/\/jornalfatosenoticias.com.br\/wp-content\/uploads\/2024\/01\/crianca-fora-da-escola_istock.jpg\",\"keywords\":[\"Cenpec\",\"Censo Escolar 2022\",\"evas\u00e3o escolar\",\"Unicef\"],\"articleSection\":[\"Educa\u00e7\u00e3o\"],\"inLanguage\":\"pt-BR\",\"potentialAction\":[{\"@type\":\"CommentAction\",\"name\":\"Comment\",\"target\":[\"https:\/\/jornalfatosenoticias.com.br\/index.php\/2024\/01\/05\/quase-um-milhao-e-meio-em-idade-escolar-fora-da-escola\/#respond\"]}]},{\"@type\":\"WebPage\",\"@id\":\"https:\/\/jornalfatosenoticias.com.br\/index.php\/2024\/01\/05\/quase-um-milhao-e-meio-em-idade-escolar-fora-da-escola\/\",\"url\":\"https:\/\/jornalfatosenoticias.com.br\/index.php\/2024\/01\/05\/quase-um-milhao-e-meio-em-idade-escolar-fora-da-escola\/\",\"name\":\"Quase um milh\u00e3o e meio em idade escolar fora da escola - Jornal Fatos e Not\u00edcias\",\"isPartOf\":{\"@id\":\"https:\/\/jornalfatosenoticias.com.br\/#website\"},\"primaryImageOfPage\":{\"@id\":\"https:\/\/jornalfatosenoticias.com.br\/index.php\/2024\/01\/05\/quase-um-milhao-e-meio-em-idade-escolar-fora-da-escola\/#primaryimage\"},\"image\":{\"@id\":\"https:\/\/jornalfatosenoticias.com.br\/index.php\/2024\/01\/05\/quase-um-milhao-e-meio-em-idade-escolar-fora-da-escola\/#primaryimage\"},\"thumbnailUrl\":\"https:\/\/jornalfatosenoticias.com.br\/wp-content\/uploads\/2024\/01\/crianca-fora-da-escola_istock.jpg\",\"datePublished\":\"2024-01-05T15:28:34+00:00\",\"dateModified\":\"2024-01-05T15:28:35+00:00\",\"breadcrumb\":{\"@id\":\"https:\/\/jornalfatosenoticias.com.br\/index.php\/2024\/01\/05\/quase-um-milhao-e-meio-em-idade-escolar-fora-da-escola\/#breadcrumb\"},\"inLanguage\":\"pt-BR\",\"potentialAction\":[{\"@type\":\"ReadAction\",\"target\":[\"https:\/\/jornalfatosenoticias.com.br\/index.php\/2024\/01\/05\/quase-um-milhao-e-meio-em-idade-escolar-fora-da-escola\/\"]}]},{\"@type\":\"ImageObject\",\"inLanguage\":\"pt-BR\",\"@id\":\"https:\/\/jornalfatosenoticias.com.br\/index.php\/2024\/01\/05\/quase-um-milhao-e-meio-em-idade-escolar-fora-da-escola\/#primaryimage\",\"url\":\"https:\/\/jornalfatosenoticias.com.br\/wp-content\/uploads\/2024\/01\/crianca-fora-da-escola_istock.jpg\",\"contentUrl\":\"https:\/\/jornalfatosenoticias.com.br\/wp-content\/uploads\/2024\/01\/crianca-fora-da-escola_istock.jpg\",\"width\":612,\"height\":408,\"caption\":\"Boy sitting on steps near the door with rusty lock and reading, the concept of loneliness\"},{\"@type\":\"BreadcrumbList\",\"@id\":\"https:\/\/jornalfatosenoticias.com.br\/index.php\/2024\/01\/05\/quase-um-milhao-e-meio-em-idade-escolar-fora-da-escola\/#breadcrumb\",\"itemListElement\":[{\"@type\":\"ListItem\",\"position\":1,\"name\":\"In\u00edcio\",\"item\":\"https:\/\/jornalfatosenoticias.com.br\/\"},{\"@type\":\"ListItem\",\"position\":2,\"name\":\"Quase um milh\u00e3o e meio em idade escolar fora da escola\"}]},{\"@type\":\"WebSite\",\"@id\":\"https:\/\/jornalfatosenoticias.com.br\/#website\",\"url\":\"https:\/\/jornalfatosenoticias.com.br\/\",\"name\":\"Jornal Fatos e Not\u00edcias\",\"description\":\"Not\u00edcias em geral\",\"publisher\":{\"@id\":\"https:\/\/jornalfatosenoticias.com.br\/#organization\"},\"potentialAction\":[{\"@type\":\"SearchAction\",\"target\":{\"@type\":\"EntryPoint\",\"urlTemplate\":\"https:\/\/jornalfatosenoticias.com.br\/?s={search_term_string}\"},\"query-input\":{\"@type\":\"PropertyValueSpecification\",\"valueRequired\":true,\"valueName\":\"search_term_string\"}}],\"inLanguage\":\"pt-BR\"},{\"@type\":\"Organization\",\"@id\":\"https:\/\/jornalfatosenoticias.com.br\/#organization\",\"name\":\"Jornal Fatos e Not\u00edcias\",\"url\":\"https:\/\/jornalfatosenoticias.com.br\/\",\"logo\":{\"@type\":\"ImageObject\",\"inLanguage\":\"pt-BR\",\"@id\":\"https:\/\/jornalfatosenoticias.com.br\/#\/schema\/logo\/image\/\",\"url\":\"https:\/\/jornalfatosenoticias.com.br\/wp-content\/uploads\/2020\/02\/logo120.png\",\"contentUrl\":\"https:\/\/jornalfatosenoticias.com.br\/wp-content\/uploads\/2020\/02\/logo120.png\",\"width\":1227,\"height\":120,\"caption\":\"Jornal Fatos e Not\u00edcias\"},\"image\":{\"@id\":\"https:\/\/jornalfatosenoticias.com.br\/#\/schema\/logo\/image\/\"}},{\"@type\":\"Person\",\"@id\":\"https:\/\/jornalfatosenoticias.com.br\/#\/schema\/person\/d63837fa13ac8666eb9e74e0985d6f81\",\"name\":\"Luzimara Fernandes\",\"image\":{\"@type\":\"ImageObject\",\"inLanguage\":\"pt-BR\",\"@id\":\"https:\/\/jornalfatosenoticias.com.br\/#\/schema\/person\/image\/\",\"url\":\"https:\/\/jornalfatosenoticias.com.br\/wp-content\/uploads\/2025\/05\/EU_portal.jpg\",\"contentUrl\":\"https:\/\/jornalfatosenoticias.com.br\/wp-content\/uploads\/2025\/05\/EU_portal.jpg\",\"caption\":\"Luzimara Fernandes\"},\"description\":\"Jornalista MTB 2358-ES\",\"sameAs\":[\"https:\/\/jornalfatosenoticias.com.br\"],\"url\":\"https:\/\/jornalfatosenoticias.com.br\/index.php\/author\/luzimara\/\"}]}<\/script>\n<!-- \/ Yoast SEO plugin. -->","yoast_head_json":{"title":"Quase um milh\u00e3o e meio em idade escolar fora da escola - Jornal Fatos e Not\u00edcias","robots":{"index":"index","follow":"follow","max-snippet":"max-snippet:-1","max-image-preview":"max-image-preview:large","max-video-preview":"max-video-preview:-1"},"canonical":"https:\/\/jornalfatosenoticias.com.br\/index.php\/2024\/01\/05\/quase-um-milhao-e-meio-em-idade-escolar-fora-da-escola\/","og_locale":"pt_BR","og_type":"article","og_title":"Quase um milh\u00e3o e meio em idade escolar fora da escola - Jornal Fatos e Not\u00edcias","og_description":"Estrat\u00e9gia de busca ativa escolar do Unicef e parceiros atua de maneira intersetorial Por Alex Bessas Segundo o Censo Escolar de 2022, 1,4 milh\u00e3o de crian\u00e7as e jovens entre quatro e 17 anos n\u00e3o est\u00e3o matriculados em nenhuma institui\u00e7\u00e3o de ensino. Chefe do escrit\u00f3rio do Unicef de S\u00e3o Paulo, Adriana Alvarenga reconhece que h\u00e1 uma [&hellip;]","og_url":"https:\/\/jornalfatosenoticias.com.br\/index.php\/2024\/01\/05\/quase-um-milhao-e-meio-em-idade-escolar-fora-da-escola\/","og_site_name":"Jornal Fatos e Not\u00edcias","article_published_time":"2024-01-05T15:28:34+00:00","article_modified_time":"2024-01-05T15:28:35+00:00","og_image":[{"width":612,"height":408,"url":"https:\/\/jornalfatosenoticias.com.br\/wp-content\/uploads\/2024\/01\/crianca-fora-da-escola_istock.jpg","type":"image\/jpeg"}],"author":"Luzimara Fernandes","twitter_card":"summary_large_image","twitter_misc":{"Escrito por":"Luzimara Fernandes","Est. tempo de leitura":"3 minutos"},"schema":{"@context":"https:\/\/schema.org","@graph":[{"@type":"Article","@id":"https:\/\/jornalfatosenoticias.com.br\/index.php\/2024\/01\/05\/quase-um-milhao-e-meio-em-idade-escolar-fora-da-escola\/#article","isPartOf":{"@id":"https:\/\/jornalfatosenoticias.com.br\/index.php\/2024\/01\/05\/quase-um-milhao-e-meio-em-idade-escolar-fora-da-escola\/"},"author":{"name":"Luzimara Fernandes","@id":"https:\/\/jornalfatosenoticias.com.br\/#\/schema\/person\/d63837fa13ac8666eb9e74e0985d6f81"},"headline":"Quase um milh\u00e3o e meio em idade escolar fora da escola","datePublished":"2024-01-05T15:28:34+00:00","dateModified":"2024-01-05T15:28:35+00:00","mainEntityOfPage":{"@id":"https:\/\/jornalfatosenoticias.com.br\/index.php\/2024\/01\/05\/quase-um-milhao-e-meio-em-idade-escolar-fora-da-escola\/"},"wordCount":565,"commentCount":0,"publisher":{"@id":"https:\/\/jornalfatosenoticias.com.br\/#organization"},"image":{"@id":"https:\/\/jornalfatosenoticias.com.br\/index.php\/2024\/01\/05\/quase-um-milhao-e-meio-em-idade-escolar-fora-da-escola\/#primaryimage"},"thumbnailUrl":"https:\/\/jornalfatosenoticias.com.br\/wp-content\/uploads\/2024\/01\/crianca-fora-da-escola_istock.jpg","keywords":["Cenpec","Censo Escolar 2022","evas\u00e3o escolar","Unicef"],"articleSection":["Educa\u00e7\u00e3o"],"inLanguage":"pt-BR","potentialAction":[{"@type":"CommentAction","name":"Comment","target":["https:\/\/jornalfatosenoticias.com.br\/index.php\/2024\/01\/05\/quase-um-milhao-e-meio-em-idade-escolar-fora-da-escola\/#respond"]}]},{"@type":"WebPage","@id":"https:\/\/jornalfatosenoticias.com.br\/index.php\/2024\/01\/05\/quase-um-milhao-e-meio-em-idade-escolar-fora-da-escola\/","url":"https:\/\/jornalfatosenoticias.com.br\/index.php\/2024\/01\/05\/quase-um-milhao-e-meio-em-idade-escolar-fora-da-escola\/","name":"Quase um milh\u00e3o e meio em idade escolar fora da escola - Jornal Fatos e Not\u00edcias","isPartOf":{"@id":"https:\/\/jornalfatosenoticias.com.br\/#website"},"primaryImageOfPage":{"@id":"https:\/\/jornalfatosenoticias.com.br\/index.php\/2024\/01\/05\/quase-um-milhao-e-meio-em-idade-escolar-fora-da-escola\/#primaryimage"},"image":{"@id":"https:\/\/jornalfatosenoticias.com.br\/index.php\/2024\/01\/05\/quase-um-milhao-e-meio-em-idade-escolar-fora-da-escola\/#primaryimage"},"thumbnailUrl":"https:\/\/jornalfatosenoticias.com.br\/wp-content\/uploads\/2024\/01\/crianca-fora-da-escola_istock.jpg","datePublished":"2024-01-05T15:28:34+00:00","dateModified":"2024-01-05T15:28:35+00:00","breadcrumb":{"@id":"https:\/\/jornalfatosenoticias.com.br\/index.php\/2024\/01\/05\/quase-um-milhao-e-meio-em-idade-escolar-fora-da-escola\/#breadcrumb"},"inLanguage":"pt-BR","potentialAction":[{"@type":"ReadAction","target":["https:\/\/jornalfatosenoticias.com.br\/index.php\/2024\/01\/05\/quase-um-milhao-e-meio-em-idade-escolar-fora-da-escola\/"]}]},{"@type":"ImageObject","inLanguage":"pt-BR","@id":"https:\/\/jornalfatosenoticias.com.br\/index.php\/2024\/01\/05\/quase-um-milhao-e-meio-em-idade-escolar-fora-da-escola\/#primaryimage","url":"https:\/\/jornalfatosenoticias.com.br\/wp-content\/uploads\/2024\/01\/crianca-fora-da-escola_istock.jpg","contentUrl":"https:\/\/jornalfatosenoticias.com.br\/wp-content\/uploads\/2024\/01\/crianca-fora-da-escola_istock.jpg","width":612,"height":408,"caption":"Boy sitting on steps near the door with rusty lock and reading, the concept of loneliness"},{"@type":"BreadcrumbList","@id":"https:\/\/jornalfatosenoticias.com.br\/index.php\/2024\/01\/05\/quase-um-milhao-e-meio-em-idade-escolar-fora-da-escola\/#breadcrumb","itemListElement":[{"@type":"ListItem","position":1,"name":"In\u00edcio","item":"https:\/\/jornalfatosenoticias.com.br\/"},{"@type":"ListItem","position":2,"name":"Quase um milh\u00e3o e meio em idade escolar fora da escola"}]},{"@type":"WebSite","@id":"https:\/\/jornalfatosenoticias.com.br\/#website","url":"https:\/\/jornalfatosenoticias.com.br\/","name":"Jornal Fatos e Not\u00edcias","description":"Not\u00edcias em geral","publisher":{"@id":"https:\/\/jornalfatosenoticias.com.br\/#organization"},"potentialAction":[{"@type":"SearchAction","target":{"@type":"EntryPoint","urlTemplate":"https:\/\/jornalfatosenoticias.com.br\/?s={search_term_string}"},"query-input":{"@type":"PropertyValueSpecification","valueRequired":true,"valueName":"search_term_string"}}],"inLanguage":"pt-BR"},{"@type":"Organization","@id":"https:\/\/jornalfatosenoticias.com.br\/#organization","name":"Jornal Fatos e Not\u00edcias","url":"https:\/\/jornalfatosenoticias.com.br\/","logo":{"@type":"ImageObject","inLanguage":"pt-BR","@id":"https:\/\/jornalfatosenoticias.com.br\/#\/schema\/logo\/image\/","url":"https:\/\/jornalfatosenoticias.com.br\/wp-content\/uploads\/2020\/02\/logo120.png","contentUrl":"https:\/\/jornalfatosenoticias.com.br\/wp-content\/uploads\/2020\/02\/logo120.png","width":1227,"height":120,"caption":"Jornal Fatos e Not\u00edcias"},"image":{"@id":"https:\/\/jornalfatosenoticias.com.br\/#\/schema\/logo\/image\/"}},{"@type":"Person","@id":"https:\/\/jornalfatosenoticias.com.br\/#\/schema\/person\/d63837fa13ac8666eb9e74e0985d6f81","name":"Luzimara Fernandes","image":{"@type":"ImageObject","inLanguage":"pt-BR","@id":"https:\/\/jornalfatosenoticias.com.br\/#\/schema\/person\/image\/","url":"https:\/\/jornalfatosenoticias.com.br\/wp-content\/uploads\/2025\/05\/EU_portal.jpg","contentUrl":"https:\/\/jornalfatosenoticias.com.br\/wp-content\/uploads\/2025\/05\/EU_portal.jpg","caption":"Luzimara Fernandes"},"description":"Jornalista MTB 2358-ES","sameAs":["https:\/\/jornalfatosenoticias.com.br"],"url":"https:\/\/jornalfatosenoticias.com.br\/index.php\/author\/luzimara\/"}]}},"cc_featured_image_caption":{"caption_text":"(Foto: iStock) \r\n","source_text":"","source_url":""},"jetpack_featured_media_url":"https:\/\/jornalfatosenoticias.com.br\/wp-content\/uploads\/2024\/01\/crianca-fora-da-escola_istock.jpg","_links":{"self":[{"href":"https:\/\/jornalfatosenoticias.com.br\/index.php\/wp-json\/wp\/v2\/posts\/48176","targetHints":{"allow":["GET"]}}],"collection":[{"href":"https:\/\/jornalfatosenoticias.com.br\/index.php\/wp-json\/wp\/v2\/posts"}],"about":[{"href":"https:\/\/jornalfatosenoticias.com.br\/index.php\/wp-json\/wp\/v2\/types\/post"}],"author":[{"embeddable":true,"href":"https:\/\/jornalfatosenoticias.com.br\/index.php\/wp-json\/wp\/v2\/users\/2"}],"replies":[{"embeddable":true,"href":"https:\/\/jornalfatosenoticias.com.br\/index.php\/wp-json\/wp\/v2\/comments?post=48176"}],"version-history":[{"count":0,"href":"https:\/\/jornalfatosenoticias.com.br\/index.php\/wp-json\/wp\/v2\/posts\/48176\/revisions"}],"wp:featuredmedia":[{"embeddable":true,"href":"https:\/\/jornalfatosenoticias.com.br\/index.php\/wp-json\/wp\/v2\/media\/48177"}],"wp:attachment":[{"href":"https:\/\/jornalfatosenoticias.com.br\/index.php\/wp-json\/wp\/v2\/media?parent=48176"}],"wp:term":[{"taxonomy":"category","embeddable":true,"href":"https:\/\/jornalfatosenoticias.com.br\/index.php\/wp-json\/wp\/v2\/categories?post=48176"},{"taxonomy":"post_tag","embeddable":true,"href":"https:\/\/jornalfatosenoticias.com.br\/index.php\/wp-json\/wp\/v2\/tags?post=48176"}],"curies":[{"name":"wp","href":"https:\/\/api.w.org\/{rel}","templated":true}]}}