{"id":48182,"date":"2024-01-05T13:12:52","date_gmt":"2024-01-05T16:12:52","guid":{"rendered":"https:\/\/jornalfatosenoticias.com.br\/?p=48182"},"modified":"2024-01-05T13:14:09","modified_gmt":"2024-01-05T16:14:09","slug":"a-semana-em-brasilia-e-no-es-numero-de-mortes-de-ianomamis-cresce-50-no-governo-lula","status":"publish","type":"post","link":"https:\/\/jornalfatosenoticias.com.br\/index.php\/2024\/01\/05\/a-semana-em-brasilia-e-no-es-numero-de-mortes-de-ianomamis-cresce-50-no-governo-lula\/","title":{"rendered":"A Semana em Bras\u00edlia e no ES \u2014 Mortes de ianom\u00e2mis crescem 50% no governo Lula"},"content":{"rendered":"\n<p>Em 2023, o n\u00famero de mortes de ianom\u00e2mis saltou para 308, um aumento de quase 50% na compara\u00e7\u00e3o com 2022, quando 209 ind\u00edgenas morreram. O dado atual consta de relat\u00f3rio divulgado em 21 de dezembro pela Secretaria de Sa\u00fade Ind\u00edgena (Sesai), do Minist\u00e9rio da Sa\u00fade, e inclui dados at\u00e9 novembro. J\u00e1 o n\u00famero relativo a 2022 foi divulgado no in\u00edcio do ano passado pelo governo de Luiz In\u00e1cio Lula da Silva, que acusou o governo de Jair Bolsonaro de \u201c<strong>genoc\u00eddio<\/strong>\u201d contra os ind\u00edgenas que vivem na Terra Ind\u00edgena Ianom\u00e2mi, em Roraima, na Regi\u00e3o Norte do Pa\u00eds.<br>Depois da divulga\u00e7\u00e3o de fotografias de ind\u00edgenas extremamente magros, com desnutri\u00e7\u00e3o cr\u00f4nica, o ministro da Justi\u00e7a e Seguran\u00e7a P\u00fablica, Fl\u00e1vio Dino, determinou, em janeiro, \u00e0 Pol\u00edcia Federal a instaura\u00e7\u00e3o de uma investiga\u00e7\u00e3o de integrantes do governo de Bolsonaro pela suposta pr\u00e1tica de crimes como omiss\u00e3o de socorro e genoc\u00eddio, o exterm\u00ednio proposital de um povo ou etnia. Alguns dias depois, o ministro Lu\u00eds Roberto Barroso, hoje presidente do Supremo Tribunal Federal (STF), determinou a amplia\u00e7\u00e3o da investiga\u00e7\u00e3o da Pol\u00edcia Federal. O inqu\u00e9rito tramita sob sigilo.<\/p>\n\n\n\n<div class=\"wp-block-image\"><figure class=\"aligncenter size-large is-resized\"><img loading=\"lazy\" decoding=\"async\" src=\"https:\/\/jornalfatosenoticias.com.br\/wp-content\/uploads\/2020\/02\/logo-Rapuzel-1024x571.jpg\" alt=\"\" class=\"wp-image-42808\" width=\"370\" height=\"206\" srcset=\"https:\/\/jornalfatosenoticias.com.br\/wp-content\/uploads\/2020\/02\/logo-Rapuzel-1024x571.jpg 1024w, https:\/\/jornalfatosenoticias.com.br\/wp-content\/uploads\/2020\/02\/logo-Rapuzel-300x167.jpg 300w, https:\/\/jornalfatosenoticias.com.br\/wp-content\/uploads\/2020\/02\/logo-Rapuzel-768x428.jpg 768w, https:\/\/jornalfatosenoticias.com.br\/wp-content\/uploads\/2020\/02\/logo-Rapuzel-1536x856.jpg 1536w, https:\/\/jornalfatosenoticias.com.br\/wp-content\/uploads\/2020\/02\/logo-Rapuzel.jpg 1600w\" sizes=\"auto, (max-width: 370px) 100vw, 370px\" \/><\/figure><\/div>\n\n\n\n<h3 class=\"wp-block-heading\"><strong><span class=\"has-inline-color has-vivid-red-color\">As mortes de ianom\u00e2mis no governo Lula<\/span><\/strong><\/h3>\n\n\n\n<div class=\"wp-block-image\"><figure class=\"aligncenter size-large\"><img loading=\"lazy\" decoding=\"async\" width=\"567\" height=\"347\" src=\"https:\/\/jornalfatosenoticias.com.br\/wp-content\/uploads\/2024\/01\/tabela-ianomamis.jpg\" alt=\"\" class=\"wp-image-48183\" srcset=\"https:\/\/jornalfatosenoticias.com.br\/wp-content\/uploads\/2024\/01\/tabela-ianomamis.jpg 567w, https:\/\/jornalfatosenoticias.com.br\/wp-content\/uploads\/2024\/01\/tabela-ianomamis-300x184.jpg 300w\" sizes=\"auto, (max-width: 567px) 100vw, 567px\" \/><figcaption><em><span class=\"has-inline-color has-black-color\"><strong>Tabela:<\/strong> Fonte: Relat\u00f3rio da Sesai relativo a novembro\/2023<\/span><\/em><\/figcaption><\/figure><\/div>\n\n\n\n<p>De acordo com os dados do relat\u00f3rio da Sesai, 162 crian\u00e7as ianom\u00e2mis de zero a quatro anos morreram em 2023. O n\u00famero corresponde a 52,5% do total de mortes. J\u00e1 as mortes de beb\u00eas de at\u00e9 um ano \u2014 104 \u2014 representam um ter\u00e7o do total. As principais causas de morte foram doen\u00e7as respirat\u00f3rias (66), causas externas (65), doen\u00e7as infecciosas e parasit\u00e1rias (63). O relat\u00f3rio n\u00e3o menciona desnutri\u00e7\u00e3o.<br>O n\u00famero de mortes de beb\u00eas ianom\u00e2mis de at\u00e9 um ano no governo Lula foi maior do que a m\u00e9dia dos cinco anos anteriores, que inclui o per\u00edodo de pandemia de covid-19. Segundo o \u00f3rg\u00e3o do Minist\u00e9rio da Sa\u00fade, de 2018 a 2022, 505 crian\u00e7as de at\u00e9 um ano morreram, o que perfaz uma m\u00e9dia de 101 crian\u00e7as por ano.<\/p>\n\n\n\n<div class=\"wp-block-image\"><figure class=\"aligncenter size-large is-resized\"><img loading=\"lazy\" decoding=\"async\" src=\"https:\/\/jornalfatosenoticias.com.br\/wp-content\/uploads\/2022\/02\/Precisao-Contabilidade-1024x724.jpg\" alt=\"\" class=\"wp-image-28088\" width=\"324\" height=\"229\"\/><\/figure><\/div>\n\n\n\n<p>Em cinco anos, segundo o governo, houve 1.285 mortes de ianom\u00e2mis, o que perfaz uma m\u00e9dia de 257 mortes por ano, \u00edndice menor do que o registrado agora, no governo Lula. O n\u00famero de mortes em 2023 s\u00f3 n\u00e3o foi maior do que em 2020, o primeiro ano da pandemia de covid-19. Segundo o relat\u00f3rio do Minist\u00e9rio da Sa\u00fade, de janeiro a novembro de 2023, o governo federal entregou 30 toneladas de alimentos na regi\u00e3o da terra ind\u00edgena e aplicou 60 mil doses de vacinas do calend\u00e1rio nacional de imuniza\u00e7\u00e3o e contra a covid. Ao lado das doen\u00e7as respirat\u00f3rias, os principais atendimentos na regi\u00e3o se referem a picadas de cobra e mal\u00e1ria.<\/p>\n\n\n\n<div class=\"wp-block-image\"><figure class=\"aligncenter size-large\"><img decoding=\"async\" src=\"https:\/\/jornalfatosenoticias.com.br\/wp-content\/uploads\/2020\/02\/barao-das-carnes-300x164-1.jpg\" alt=\"\" class=\"wp-image-34339\"\/><\/figure><\/div>\n\n\n\n<p>Desde que o governo Lula decretou emerg\u00eancia sanit\u00e1ria na Terra Ind\u00edgena Ianom\u00e2mi, o acesso ao local est\u00e1 restrito. A regi\u00e3o \u00e9 composta por uma \u00e1rea de 9,6 milh\u00f5es de hectares no Brasil (e mais 8,2 milh\u00f5es de hectares na Venezuela), onde vivem 31 mil ind\u00edgenas, sendo 85% da etnia ianom\u00e2mi, segundo a Sesai. <strong>(Fonte: Terra Brasil Not\u00edcias)<\/strong><\/p>\n\n\n\n<hr class=\"wp-block-separator\"\/>\n\n\n\n<h3 class=\"wp-block-heading\"><span class=\"has-inline-color has-black-color\">Magno Malta critica decis\u00e3o de Lula sobre obrigatoriedade de vacina<\/span><\/h3>\n\n\n\n<div class=\"wp-block-image\"><figure class=\"aligncenter size-large\"><img loading=\"lazy\" decoding=\"async\" width=\"453\" height=\"539\" src=\"https:\/\/jornalfatosenoticias.com.br\/wp-content\/uploads\/2024\/01\/magno-malta.jpg\" alt=\"\" class=\"wp-image-48184\" srcset=\"https:\/\/jornalfatosenoticias.com.br\/wp-content\/uploads\/2024\/01\/magno-malta.jpg 453w, https:\/\/jornalfatosenoticias.com.br\/wp-content\/uploads\/2024\/01\/magno-malta-252x300.jpg 252w\" sizes=\"auto, (max-width: 453px) 100vw, 453px\" \/><figcaption><em><span class=\"has-inline-color has-black-color\">(Foto: Instagram do senador)<\/span><\/em><\/figcaption><\/figure><\/div>\n\n\n\n<p>Em suas redes sociais o senador capixaba Magno Malta fez duras cr\u00edticas \u00e0 vacina obrigat\u00f3ria contra covid em crian\u00e7as. &#8220;\u00c9 um esc\u00e2ndalo a inclus\u00e3o da vacina contra a COVID-19 como obrigat\u00f3ria no Programa Nacional de Imuniza\u00e7\u00f5es (PNI) para crian\u00e7as de seis meses a cinco anos. A baixa incid\u00eancia e severidade da COVID-19 nessa faixa et\u00e1ria, contrastando com os potenciais riscos associados \u00e0 vacina\u00e7\u00e3o, que constam nas bulas das vacinas s\u00e3o pontos que enfraquecem essa medida descabida do Governo Federal. \u00c9 uma intrus\u00e3o excessiva nos direitos dos pais e na autonomia familiar, al\u00e9m de um precedente preocupante de interven\u00e7\u00e3o estatal na sa\u00fade infantil.<br>Estou tomando medidas legais na Justi\u00e7a, para proteger os direitos das nossas crian\u00e7as. Esta a\u00e7\u00e3o unilateral do governo ignora as complexidades da sa\u00fade infantil, al\u00e9m de desconsiderar a autonomia e a capacidade dos pais em tomar decis\u00f5es informadas sobre o bem-estar de seus filhos&#8221;, criticou o senador.<\/p>\n\n\n\n<div class=\"wp-block-image\"><figure class=\"aligncenter size-large is-resized\"><img loading=\"lazy\" decoding=\"async\" src=\"https:\/\/jornalfatosenoticias.com.br\/wp-content\/uploads\/2023\/08\/ITH.jpeg\" alt=\"\" class=\"wp-image-44638\" width=\"357\" height=\"290\" srcset=\"https:\/\/jornalfatosenoticias.com.br\/wp-content\/uploads\/2023\/08\/ITH.jpeg 800w, https:\/\/jornalfatosenoticias.com.br\/wp-content\/uploads\/2023\/08\/ITH-300x244.jpeg 300w, https:\/\/jornalfatosenoticias.com.br\/wp-content\/uploads\/2023\/08\/ITH-768x624.jpeg 768w\" sizes=\"auto, (max-width: 357px) 100vw, 357px\" \/><\/figure><\/div>\n\n\n\n<hr class=\"wp-block-separator\"\/>\n\n\n\n<h3 class=\"wp-block-heading\"><span class=\"has-inline-color has-black-color\">Em post, influenciador se refere a Lula como \u201cchefe\u201d<\/span><\/h3>\n\n\n\n<div class=\"wp-block-image\"><figure class=\"aligncenter size-large\"><img loading=\"lazy\" decoding=\"async\" width=\"647\" height=\"375\" src=\"https:\/\/jornalfatosenoticias.com.br\/wp-content\/uploads\/2024\/01\/lula-escandalo-choquei.jpg\" alt=\"\" class=\"wp-image-48185\" srcset=\"https:\/\/jornalfatosenoticias.com.br\/wp-content\/uploads\/2024\/01\/lula-escandalo-choquei.jpg 647w, https:\/\/jornalfatosenoticias.com.br\/wp-content\/uploads\/2024\/01\/lula-escandalo-choquei-300x174.jpg 300w\" sizes=\"auto, (max-width: 647px) 100vw, 647px\" \/><figcaption><em><span class=\"has-inline-color has-black-color\">(Foto: Ricardo Stuckert)<\/span><\/em><\/figcaption><\/figure><\/div>\n\n\n\n<p><em><span class=\"has-inline-color has-black-color\">Na ocasi\u00e3o, um grupo de influenciadores de esquerda se reuniu com o petista no Planalto<\/span><\/em><\/p>\n\n\n\n<p>Em fevereiro de 2023, bem no in\u00edcio deste terceiro mandato presidencial de Lula, uma reuni\u00e3o entre o chefe do Executivo e um grupo de influenciadores ocorria com a finalidade de estreitar ainda mais os la\u00e7os governistas com os agentes digitais que exercem influ\u00eancia sobre a sociedade.<br>Na ocasi\u00e3o, um deles chegou a publicar em sua m\u00eddia social uma foto do encontro com a legenda: <strong>\u201cTudo pronto pra encontrar o chefe\u201d.<\/strong> <\/p>\n\n\n\n<div class=\"wp-block-image\"><figure class=\"aligncenter size-large\"><img loading=\"lazy\" decoding=\"async\" width=\"595\" height=\"558\" src=\"https:\/\/jornalfatosenoticias.com.br\/wp-content\/uploads\/2024\/01\/Tudo-pronto-para-encontrar-o-CHEFE.jpg\" alt=\"\" class=\"wp-image-48189\" srcset=\"https:\/\/jornalfatosenoticias.com.br\/wp-content\/uploads\/2024\/01\/Tudo-pronto-para-encontrar-o-CHEFE.jpg 595w, https:\/\/jornalfatosenoticias.com.br\/wp-content\/uploads\/2024\/01\/Tudo-pronto-para-encontrar-o-CHEFE-300x281.jpg 300w\" sizes=\"auto, (max-width: 595px) 100vw, 595px\" \/><figcaption><em><span class=\"has-inline-color has-black-color\">(Foto: Reprodu\u00e7\u00e3o)<\/span><\/em><\/figcaption><\/figure><\/div>\n\n\n\n<p>Em um primeiro momento, a reuni\u00e3o seria diretamente com Ros\u00e2ngela Lula da Silva, a Janja, mas o encontro acabou tendo sua import\u00e2ncia revista e passou a ser objeto de desejo de Lula, que tomou a frente e dirigiu o ato.<\/p>\n\n\n\n<div class=\"wp-block-image\"><figure class=\"aligncenter size-large is-resized\"><img loading=\"lazy\" decoding=\"async\" src=\"https:\/\/jornalfatosenoticias.com.br\/wp-content\/uploads\/2023\/11\/cromotec.jpg\" alt=\"\" class=\"wp-image-46804\" width=\"351\" height=\"209\" srcset=\"https:\/\/jornalfatosenoticias.com.br\/wp-content\/uploads\/2023\/11\/cromotec.jpg 453w, https:\/\/jornalfatosenoticias.com.br\/wp-content\/uploads\/2023\/11\/cromotec-300x179.jpg 300w\" sizes=\"auto, (max-width: 351px) 100vw, 351px\" \/><\/figure><\/div>\n\n\n\n<p>Autointitulado \u201cInfluenciadores pela Democracia\u201d, o grupo tratou do que seria um \u201ccombate \u00e0 desinforma\u00e7\u00e3o\u201d, e delineou um plano de a\u00e7\u00e3o com alinhamento \u00e0 ret\u00f3rica do governo e da agenda progressista. Ap\u00f3s o evento, Lula foi \u00e0s redes sociais enaltecer a import\u00e2ncia do que chamou de \u201ctrabalho volunt\u00e1rio de influenciadores nas redes\u201d, atribuindo a estes uma parcela do \u00eaxito obtido nas urnas.<\/p>\n\n\n\n<div class=\"wp-block-image\"><figure class=\"aligncenter size-large\"><img loading=\"lazy\" decoding=\"async\" width=\"598\" height=\"173\" src=\"https:\/\/jornalfatosenoticias.com.br\/wp-content\/uploads\/2024\/01\/Lula-Rede-Social-X.jpg\" alt=\"\" class=\"wp-image-48190\" srcset=\"https:\/\/jornalfatosenoticias.com.br\/wp-content\/uploads\/2024\/01\/Lula-Rede-Social-X.jpg 598w, https:\/\/jornalfatosenoticias.com.br\/wp-content\/uploads\/2024\/01\/Lula-Rede-Social-X-300x87.jpg 300w\" sizes=\"auto, (max-width: 598px) 100vw, 598px\" \/><figcaption><em><span class=\"has-inline-color has-black-color\">(Foto: Reprodu\u00e7\u00e3o)<\/span><\/em><\/figcaption><\/figure><\/div>\n\n\n\n<div class=\"wp-block-image\"><figure class=\"aligncenter size-large is-resized\"><img loading=\"lazy\" decoding=\"async\" src=\"https:\/\/jornalfatosenoticias.com.br\/wp-content\/uploads\/2022\/10\/RC_800x750_page-0001.jpg\" alt=\"\" class=\"wp-image-35338\" width=\"320\" height=\"300\" srcset=\"https:\/\/jornalfatosenoticias.com.br\/wp-content\/uploads\/2022\/10\/RC_800x750_page-0001.jpg 400w, https:\/\/jornalfatosenoticias.com.br\/wp-content\/uploads\/2022\/10\/RC_800x750_page-0001-300x281.jpg 300w\" sizes=\"auto, (max-width: 320px) 100vw, 320px\" \/><\/figure><\/div>\n\n\n\n<p>No bojo do esc\u00e2ndalo da <em>Choquei<\/em> e das evid\u00eancias que emergem a partir dele, pol\u00edticos de direita denunciam o governo e seus aliados por promoverem um \u201cgabinete do \u00f3dio\u201d, revelado no document\u00e1rio <strong><em>Choquei \u2014 Lacrando Vidas,<\/em><\/strong> onde \u00e9 exposta uma rede de produ\u00e7\u00e3o de not\u00edcias feitas pela <em>ag\u00eancia Mynd8,<\/em> que trabalha com os maiores influenciadores do Brasil e tamb\u00e9m com as p\u00e1ginas de fofoca.<\/p>\n\n\n\n<div class=\"wp-block-image\"><figure class=\"aligncenter size-large is-resized\"><img loading=\"lazy\" decoding=\"async\" src=\"https:\/\/jornalfatosenoticias.com.br\/wp-content\/uploads\/2023\/08\/Steel.jpeg\" alt=\"\" class=\"wp-image-44634\" width=\"335\" height=\"272\" srcset=\"https:\/\/jornalfatosenoticias.com.br\/wp-content\/uploads\/2023\/08\/Steel.jpeg 800w, https:\/\/jornalfatosenoticias.com.br\/wp-content\/uploads\/2023\/08\/Steel-300x244.jpeg 300w, https:\/\/jornalfatosenoticias.com.br\/wp-content\/uploads\/2023\/08\/Steel-768x624.jpeg 768w\" sizes=\"auto, (max-width: 335px) 100vw, 335px\" \/><\/figure><\/div>\n\n\n\n<p>Produzido por <strong>Daniel Penin,<\/strong> o document\u00e1rio traz informa\u00e7\u00f5es sobre a empresa e o que pode estar por tr\u00e1s da <em>fake news<\/em> que foi criada pelos perfis que fazem parte da rede, resultando na morte da jovem J\u00e9ssica Canedo. O v\u00eddeo fala de v\u00e1rias mat\u00e9rias que foram criadas e do montante de dinheiro que a empresa consegue para seu squad, incluindo verbas do governo federal. Com a repercuss\u00e3o do document\u00e1rio, a <strong>Mynd8<\/strong> retirou o site do ar e Pissarra limitou os coment\u00e1rios de suas redes sociais, evitando cr\u00edticas de opositores. <strong>(Fonte: Terra Brasil Not\u00edcias)<\/strong><\/p>\n\n\n\n<figure class=\"wp-block-embed-youtube wp-block-embed is-type-video is-provider-youtube wp-embed-aspect-16-9 wp-has-aspect-ratio\"><div class=\"wp-block-embed__wrapper\">\n<iframe loading=\"lazy\" title=\"Felipe Neto - O Fant\u00e1stico Mentiroso\" width=\"660\" height=\"371\" src=\"https:\/\/www.youtube.com\/embed\/Q2BLjcRdhjc?feature=oembed\" frameborder=\"0\" allow=\"accelerometer; autoplay; clipboard-write; encrypted-media; gyroscope; picture-in-picture; web-share\" referrerpolicy=\"strict-origin-when-cross-origin\" allowfullscreen><\/iframe>\n<\/div><\/figure>\n\n\n\n<hr class=\"wp-block-separator\"\/>\n\n\n\n<h3 class=\"wp-block-heading\"><span class=\"has-inline-color has-black-color\">Imposto de Lula pode prejudicar toda a cadeia de energia solar, desde venda at\u00e9 empregos<\/span><\/h3>\n\n\n\n<div class=\"wp-block-image\"><figure class=\"aligncenter size-large\"><img loading=\"lazy\" decoding=\"async\" width=\"612\" height=\"431\" src=\"https:\/\/jornalfatosenoticias.com.br\/wp-content\/uploads\/2024\/01\/imposto-de-lula_istock.jpg\" alt=\"\" class=\"wp-image-48187\" srcset=\"https:\/\/jornalfatosenoticias.com.br\/wp-content\/uploads\/2024\/01\/imposto-de-lula_istock.jpg 612w, https:\/\/jornalfatosenoticias.com.br\/wp-content\/uploads\/2024\/01\/imposto-de-lula_istock-300x211.jpg 300w\" sizes=\"auto, (max-width: 612px) 100vw, 612px\" \/><figcaption><em><span class=\"has-inline-color has-black-color\">(Foto: iStock)<\/span><\/em><\/figcaption><\/figure><\/div>\n\n\n\n<p>O aumento do imposto de importa\u00e7\u00e3o sobre pain\u00e9is solares, anunciado pelo Governo Federal nos \u00faltimos dias de 2023, coloca em risco a instala\u00e7\u00e3o de 18 GW por usinas solares, respons\u00e1veis por mais de R$ 69 bilh\u00f5es em investimentos e cerca de 540 mil empregos verdes.<\/p>\n\n\n\n<div class=\"wp-block-image\"><figure class=\"aligncenter size-large is-resized\"><img loading=\"lazy\" decoding=\"async\" src=\"https:\/\/jornalfatosenoticias.com.br\/wp-content\/uploads\/2023\/08\/LOGO-BLU-COMERCIAL-PRETO-1024x600.jpg\" alt=\"\" class=\"wp-image-44053\" width=\"341\" height=\"199\"\/><\/figure><\/div>\n\n\n\n<p>A afirma\u00e7\u00e3o foi feita por Rodrigo Sauaia, CEO da Associa\u00e7\u00e3o Brasileira de Energia Solar Fotovoltaica (ABSOLAR), em entrevista exclusiva concedida ao Canal Solar. De acordo com Sauaia, a decis\u00e3o tomada decorre de uma press\u00e3o feita por fabricantes nacionais que querem medidas protecionistas contra a importa\u00e7\u00e3o de equipamentos fotovoltaicos no mercado brasileiro.<\/p>\n\n\n\n<div class=\"wp-block-image\"><figure class=\"aligncenter size-large is-resized\"><img loading=\"lazy\" decoding=\"async\" src=\"https:\/\/jornalfatosenoticias.com.br\/wp-content\/uploads\/2020\/02\/CONTROL-CS.jpg\" alt=\"\" class=\"wp-image-44991\" width=\"278\" height=\"333\" srcset=\"https:\/\/jornalfatosenoticias.com.br\/wp-content\/uploads\/2020\/02\/CONTROL-CS.jpg 834w, https:\/\/jornalfatosenoticias.com.br\/wp-content\/uploads\/2020\/02\/CONTROL-CS-250x300.jpg 250w, https:\/\/jornalfatosenoticias.com.br\/wp-content\/uploads\/2020\/02\/CONTROL-CS-768x921.jpg 768w\" sizes=\"auto, (max-width: 278px) 100vw, 278px\" \/><\/figure><\/div>\n\n\n\n<p>Nesta segunda-feira (1\u00ba), passou a vigorar no Brasil uma s\u00e9rie de determina\u00e7\u00f5es promulgadas pelo Governo Federal, entre elas a Resolu\u00e7\u00e3o Gecex n\u00ba 541, elevando a al\u00edquota de importa\u00e7\u00e3o de pain\u00e9is solares com o objetivo de valorizar a produ\u00e7\u00e3o nacional.<br>Para Sauaia, contudo, a medida n\u00e3o vai resolver esta quest\u00e3o, pelo contr\u00e1rio: prejudica os consumidores brasileiros e a grande maioria do setor solar, beneficiando apenas um pequeno grupo de fabricantes nacionais j\u00e1 instalados no Brasil.<\/p>\n\n\n\n<div class=\"wp-block-image\"><figure class=\"aligncenter size-large is-resized\"><img loading=\"lazy\" decoding=\"async\" src=\"https:\/\/jornalfatosenoticias.com.br\/wp-content\/uploads\/2023\/03\/nova-logo-Marquetti.jpg\" alt=\"\" class=\"wp-image-40207\" width=\"304\" height=\"204\" srcset=\"https:\/\/jornalfatosenoticias.com.br\/wp-content\/uploads\/2023\/03\/nova-logo-Marquetti.jpg 643w, https:\/\/jornalfatosenoticias.com.br\/wp-content\/uploads\/2023\/03\/nova-logo-Marquetti-300x202.jpg 300w\" sizes=\"auto, (max-width: 304px) 100vw, 304px\" \/><\/figure><\/div>\n\n\n\n<p>Segundo ele, hoje os fabricantes nacionais produzem menos de 5% do que o mercado fotovoltaico precisa, com pre\u00e7os que chegam a ser 50% mais caros do que os de produtos internacionais. \u201cEssas medidas v\u00e3o na contram\u00e3o do esfor\u00e7o do pr\u00f3prio Governo Federal de acelerar a transi\u00e7\u00e3o energ\u00e9tica no Brasil, porque colocam em risco investimentos atuais do setor e amea\u00e7am destruir milhares de empregos criados ao longo da \u00faltima d\u00e9cada\u201d, disse ele. <strong>(Fonte: Terra Brasil Not\u00edcias)<\/strong><\/p>\n\n\n\n<div class=\"wp-block-image\"><figure class=\"aligncenter size-large\"><img loading=\"lazy\" decoding=\"async\" width=\"729\" height=\"90\" src=\"https:\/\/jornalfatosenoticias.com.br\/wp-content\/uploads\/2020\/02\/Logo_Mizu.png\" alt=\"\" class=\"wp-image-1441\" srcset=\"https:\/\/jornalfatosenoticias.com.br\/wp-content\/uploads\/2020\/02\/Logo_Mizu.png 729w, https:\/\/jornalfatosenoticias.com.br\/wp-content\/uploads\/2020\/02\/Logo_Mizu-300x37.png 300w\" sizes=\"auto, (max-width: 729px) 100vw, 729px\" \/><\/figure><\/div>\n\n\n\n<hr class=\"wp-block-separator\"\/>\n\n\n\n<h3 class=\"wp-block-heading\"><span class=\"has-inline-color has-black-color\">STF ignora caso Choquei e n\u00e3o responde sobre inclus\u00e3o do perfil no inqu\u00e9rito das fake news<\/span><\/h3>\n\n\n\n<div class=\"wp-block-image\"><figure class=\"aligncenter size-large\"><img loading=\"lazy\" decoding=\"async\" width=\"750\" height=\"375\" src=\"https:\/\/jornalfatosenoticias.com.br\/wp-content\/uploads\/2024\/01\/choquei_stf.jpg\" alt=\"\" class=\"wp-image-48188\" srcset=\"https:\/\/jornalfatosenoticias.com.br\/wp-content\/uploads\/2024\/01\/choquei_stf.jpg 750w, https:\/\/jornalfatosenoticias.com.br\/wp-content\/uploads\/2024\/01\/choquei_stf-300x150.jpg 300w\" sizes=\"auto, (max-width: 750px) 100vw, 750px\" \/><figcaption><em><span class=\"has-inline-color has-black-color\">(Foto: Reprodu\u00e7\u00e3o Flow Podcast)<\/span><\/em><\/figcaption><\/figure><\/div>\n\n\n\n<p>Uma semana ap\u00f3s o perfil de entretenimento e ativismo pol\u00edtico <em>Choquei,<\/em> que possui mais de 27 milh\u00f5es de seguidores nas redes sociais, ter confessado por nota oficial a publica\u00e7\u00e3o de <em>fake news<\/em> que culminou no suic\u00eddio de uma jovem de 22 anos, o Supremo Tribunal Federal (STF) ainda n\u00e3o se manifestou sobre eventual inclus\u00e3o dos respons\u00e1veis pelo perfil no inqu\u00e9rito 4.781, conhecido como \u201cinqu\u00e9rito das <em>fake news<\/em>\u201d, que \u00e9 conduzido pela Corte.<\/p>\n\n\n\n<div class=\"wp-block-image\"><figure class=\"aligncenter size-large is-resized\"><img loading=\"lazy\" decoding=\"async\" src=\"https:\/\/jornalfatosenoticias.com.br\/wp-content\/uploads\/2023\/07\/lacremoda.jpg\" alt=\"\" class=\"wp-image-43706\" width=\"359\" height=\"201\" srcset=\"https:\/\/jornalfatosenoticias.com.br\/wp-content\/uploads\/2023\/07\/lacremoda.jpg 1024w, https:\/\/jornalfatosenoticias.com.br\/wp-content\/uploads\/2023\/07\/lacremoda-300x168.jpg 300w, https:\/\/jornalfatosenoticias.com.br\/wp-content\/uploads\/2023\/07\/lacremoda-768x431.jpg 768w\" sizes=\"auto, (max-width: 359px) 100vw, 359px\" \/><\/figure><\/div>\n\n\n\n<p>O dono do perfil \u00e9 pr\u00f3ximo de Janja da Silva, e usou sua influ\u00eancia nas redes sociais para apoiar a candidatura de Lula no ano passado. Janja chegou a enviar informa\u00e7\u00f5es privilegiadas ao perfil durante o per\u00edodo eleitoral. A <strong>Gazeta do Povo<\/strong> contatou o STF na sexta-feira (29), um dia ap\u00f3s a <em>Choquei<\/em> admitir a dissemina\u00e7\u00e3o de <em>fake news<\/em> e questionou se a Corte incluiria os respons\u00e1veis pelo perfil no inqu\u00e9rito 4.781 ou em outro inqu\u00e9rito que trate do tema. Diante da aus\u00eancia de respostas, a reportagem cobrou retorno do \u00f3rg\u00e3o nos dias seguintes. At\u00e9 o momento n\u00e3o houve manifesta\u00e7\u00e3o da Corte.<\/p>\n\n\n\n<div class=\"wp-block-image\"><figure class=\"aligncenter size-large\"><img loading=\"lazy\" decoding=\"async\" width=\"300\" height=\"250\" src=\"https:\/\/jornalfatosenoticias.com.br\/wp-content\/uploads\/2022\/02\/FERRARI_MAQUINAS-E-FERRAMENTAS2.jpg\" alt=\"\" class=\"wp-image-27860\"\/><\/figure><\/div>\n\n\n\n<p>Diferentemente do ocorrido no epis\u00f3dio envolvendo o perfil de entretenimento, o ministro Alexandre de Moraes, relator do inqu\u00e9rito 4.781, j\u00e1 incluiu de of\u00edcio uma s\u00e9rie de cr\u00edticos da Corte sob a alega\u00e7\u00e3o de serem autores de<em> fake news.<\/em> O inqu\u00e9rito, que se aproxima de completar cinco anos, coleciona pris\u00f5es e uma s\u00e9rie de medidas cautelares, em especial o bloqueio de redes sociais \u2014 incluindo perfis de parlamentares com mandato ativo. Quase a totalidade dos investigados no inqu\u00e9rito s\u00e3o cr\u00edticos do Supremo e alinhados \u00e0 direita pol\u00edtica.<\/p>\n\n\n\n<div class=\"wp-block-image\"><figure class=\"aligncenter size-large is-resized\"><img loading=\"lazy\" decoding=\"async\" src=\"https:\/\/jornalfatosenoticias.com.br\/wp-content\/uploads\/2022\/10\/Arte-jornal-Zucchi-600x600_Prancheta-1-1024x1024.jpg\" alt=\"\" class=\"wp-image-34782\" width=\"312\" height=\"312\" srcset=\"https:\/\/jornalfatosenoticias.com.br\/wp-content\/uploads\/2022\/10\/Arte-jornal-Zucchi-600x600_Prancheta-1-1024x1024.jpg 1024w, https:\/\/jornalfatosenoticias.com.br\/wp-content\/uploads\/2022\/10\/Arte-jornal-Zucchi-600x600_Prancheta-1-300x300.jpg 300w, https:\/\/jornalfatosenoticias.com.br\/wp-content\/uploads\/2022\/10\/Arte-jornal-Zucchi-600x600_Prancheta-1-150x150.jpg 150w, https:\/\/jornalfatosenoticias.com.br\/wp-content\/uploads\/2022\/10\/Arte-jornal-Zucchi-600x600_Prancheta-1-768x768.jpg 768w, https:\/\/jornalfatosenoticias.com.br\/wp-content\/uploads\/2022\/10\/Arte-jornal-Zucchi-600x600_Prancheta-1.jpg 1250w\" sizes=\"auto, (max-width: 312px) 100vw, 312px\" \/><\/figure><\/div>\n\n\n\n<p>Agora, frente ao esc\u00e2ndalo do envolvimento da <em>Choquei<\/em>\u00a0<a rel=\"noreferrer noopener\" href=\"https:\/\/www.gazetadopovo.com.br\/ideias\/tudo-o-que-voce-precisa-saber-sobre-o-caso-da-choquei\/?ref=link-interno-materia?ref=link-interno-materia\" target=\"_blank\">e uma s\u00e9rie de p\u00e1ginas de fofoca ligadas \u00e0 ag\u00eancia\u00a0<\/a><em><a rel=\"noreferrer noopener\" href=\"https:\/\/www.gazetadopovo.com.br\/ideias\/tudo-o-que-voce-precisa-saber-sobre-o-caso-da-choquei\/\" target=\"_blank\">Mynd8<\/a><\/em> na dissemina\u00e7\u00e3o de <em>fake news <\/em>que culminaram na morte de uma jovem, a Corte se mant\u00e9m em sil\u00eancio. A maioria dos membros do STF est\u00e3o atualmente em recesso, mas h\u00e1 ministros de plant\u00e3o. Al\u00e9m disso, segundo a assessoria da Corte, Moraes decidiu manter os trabalhos durante o recesso e mant\u00e9m as atividades em seu gabinete. Na avalia\u00e7\u00e3o de Andr\u00e9 Marsiglia, advogado constitucionalista especializado em liberdades de express\u00e3o e de imprensa e membro da Comiss\u00e3o de Liberdade de Imprensa da OAB-SP, o STF n\u00e3o tende a dar encaminhamento a uma eventual inclus\u00e3o dos respons\u00e1veis pela <em>Choquei<\/em> em inqu\u00e9ritos conduzidos pela Corte. Isso porque, segundo o jurista, o Supremo parece acreditar que o maior risco institucional venha da exist\u00eancia de uma oposi\u00e7\u00e3o pol\u00edtica no Pa\u00eds. <\/p>\n\n\n\n<div class=\"wp-block-image\"><figure class=\"aligncenter size-large\"><img decoding=\"async\" src=\"https:\/\/jornalfatosenoticias.com.br\/wp-content\/uploads\/2020\/02\/logo_esteio.jpg\" alt=\"\" class=\"wp-image-1214\"\/><\/figure><\/div>\n\n\n\n<blockquote class=\"wp-block-quote is-layout-flow wp-block-quote-is-layout-flow\"><p><span class=\"has-inline-color has-luminous-vivid-orange-color\">O Choquei n\u00e3o parece se enquadrar nesse perfil que eles classificam como uma amea\u00e7a\u201d, diz.<\/span><\/p><\/blockquote>\n\n\n\n<p><strong><span class=\"has-inline-color has-vivid-red-color\">Entenda o caso Choquei<br><\/span><\/strong>Em nota oficial, a <em>Choquei<\/em> confessou, na \u00faltima quinta-feira (28), que compartilhou a not\u00edcia falsa que teria levado J\u00e9ssica Vit\u00f3ria Canedo, de 22 anos, a cometer suic\u00eddio. O perfil admitiu ter replicado um conte\u00fado falso sobre supostas conversas que indicavam envolvimento entre a jovem e o humorista Whindersson Nunes.<br>Poucos minutos ap\u00f3s a postagem do comunicado na rede social X, a \u201cnota oficial\u201d foi marcada por usu\u00e1rios como <em>fake news<\/em>, por afirmar que o conte\u00fado sobre J\u00e9ssica foi retirado do ar assim que a \u201cfalsidade foi descoberta\u201d. <\/p>\n\n\n\n<div class=\"wp-block-image\"><figure class=\"aligncenter size-large\"><img loading=\"lazy\" decoding=\"async\" width=\"300\" height=\"250\" src=\"https:\/\/jornalfatosenoticias.com.br\/wp-content\/uploads\/2020\/02\/Banner-2.png\" alt=\"\" class=\"wp-image-43787\"\/><\/figure><\/div>\n\n\n\n<blockquote class=\"wp-block-quote is-layout-flow wp-block-quote-is-layout-flow\"><p><span class=\"has-inline-color has-luminous-vivid-orange-color\">\u00c9 mentira que a p\u00e1gina Choquei tenha retirado imediatamente o post ao saber que era mentira. A p\u00e1gina manteve o post no ar por dias, mesmo com uma Nota da Comunidade alertando sobre a fake news\u201d, diz a checagem.<\/span><\/p><\/blockquote>\n\n\n\n<div class=\"wp-block-image\"><figure class=\"aligncenter size-large is-resized\"><img loading=\"lazy\" decoding=\"async\" src=\"https:\/\/jornalfatosenoticias.com.br\/wp-content\/uploads\/2023\/03\/logo-Panper_portal.jpg\" alt=\"\" class=\"wp-image-40208\" width=\"347\" height=\"240\" srcset=\"https:\/\/jornalfatosenoticias.com.br\/wp-content\/uploads\/2023\/03\/logo-Panper_portal.jpg 400w, https:\/\/jornalfatosenoticias.com.br\/wp-content\/uploads\/2023\/03\/logo-Panper_portal-300x208.jpg 300w\" sizes=\"auto, (max-width: 347px) 100vw, 347px\" \/><\/figure><\/div>\n\n\n\n<p>No s\u00e1bado (23), o perfil havia divulgado uma primeira nota sobre o caso em seu perfil do Instagram, assinada pela advogada Ad\u00e9lia Prado. Na ocasi\u00e3o, a p\u00e1gina afirmou que n\u00e3o houve \u201cqualquer irregularidade na divulga\u00e7\u00e3o das informa\u00e7\u00f5es prestadas\u201d. Entretanto, no mesmo dia, a advogada deixou o caso e disse que n\u00e3o representaria a <em>Choquei<\/em> judicialmente.<\/p>\n\n\n\n<p><strong><span class=\"has-inline-color has-vivid-red-color\">Jovem denunciou ataques e foi ironizada por dono da Choquei<br><\/span><\/strong>Depois de ter o nome vinculado ao comediante, J\u00e9ssica usou suas redes sociais para denunciar os ataques que vinha sofrendo. \u201cVoc\u00eas est\u00e3o falando da minha apar\u00eancia, da minha classe social, xingando minha fam\u00edlia, amea\u00e7ando, me chamando de interesseira, me comparando com as ex\u2019s(sic) dele\u2026 Voc\u00eas n\u00e3o sabem como est\u00e1 o psicol\u00f3gico de quem est\u00e1 recebendo os xingamentos e as amea\u00e7as\u201d, disse a jovem no Instagram.<br>O respons\u00e1vel pela <em>Choquei<\/em>, <strong>Raphael Sousa<\/strong>, chegou a comentar na publica\u00e7\u00e3o feita por J\u00e9ssica e fez piada sobre o desabafo postado pela jovem. <\/p>\n\n\n\n<div class=\"wp-block-image\"><figure class=\"aligncenter size-large is-resized\"><img loading=\"lazy\" decoding=\"async\" src=\"https:\/\/jornalfatosenoticias.com.br\/wp-content\/uploads\/2023\/09\/vetorvix1024_1.jpg\" alt=\"\" class=\"wp-image-44868\" width=\"471\" height=\"125\" srcset=\"https:\/\/jornalfatosenoticias.com.br\/wp-content\/uploads\/2023\/09\/vetorvix1024_1.jpg 1024w, https:\/\/jornalfatosenoticias.com.br\/wp-content\/uploads\/2023\/09\/vetorvix1024_1-300x80.jpg 300w, https:\/\/jornalfatosenoticias.com.br\/wp-content\/uploads\/2023\/09\/vetorvix1024_1-768x205.jpg 768w\" sizes=\"auto, (max-width: 471px) 100vw, 471px\" \/><\/figure><\/div>\n\n\n\n<blockquote class=\"wp-block-quote is-layout-flow wp-block-quote-is-layout-flow\"><p><span class=\"has-inline-color has-luminous-vivid-orange-color\">Avisa para ela que a reda\u00e7\u00e3o do Enem j\u00e1 passou. Pelo amor de Deus!\u201d, disse Sousa. <\/span><\/p><\/blockquote>\n\n\n\n<p>As postagens sobre o caso foram apagadas. A m\u00e3e de J\u00e9ssica chegou a fazer um apelo para que os ataques \u00e0 filha cessassem e afirmou que a jovem sofria de depress\u00e3o.<\/p>\n\n\n\n<p><strong><span class=\"has-inline-color has-vivid-red-color\">Raphael Sousa j\u00e1 disseminou fake news pr\u00f3-Lula e contra advers\u00e1rios do petista<br><\/span><\/strong>Sousa \u00e9 pr\u00f3ximo \u00e0 Ros\u00e2ngela Silva, a Janja. Ap\u00f3s o resultado das elei\u00e7\u00f5es no ano passado, ele recebeu convite dela para subir no carro de som oficial da equipe de Lula e acompanhar o discurso da vit\u00f3ria do petista. Janja, que desde o per\u00edodo eleitoral costuma manter um trabalho de aproxima\u00e7\u00e3o com influenciadores de esquerda para viabilizar apoio ao governo, chegou a enviar conte\u00fados exclusivos para a <em>Choquei<\/em> durante a disputa eleitoral.<\/p>\n\n\n\n<div class=\"wp-block-image\"><figure class=\"aligncenter size-large is-resized\"><img loading=\"lazy\" decoding=\"async\" src=\"https:\/\/jornalfatosenoticias.com.br\/wp-content\/uploads\/2023\/08\/BKR-1024x1021.jpg\" alt=\"\" class=\"wp-image-44494\" width=\"298\" height=\"297\" srcset=\"https:\/\/jornalfatosenoticias.com.br\/wp-content\/uploads\/2023\/08\/BKR-1024x1021.jpg 1024w, https:\/\/jornalfatosenoticias.com.br\/wp-content\/uploads\/2023\/08\/BKR-300x300.jpg 300w, https:\/\/jornalfatosenoticias.com.br\/wp-content\/uploads\/2023\/08\/BKR-150x150.jpg 150w, https:\/\/jornalfatosenoticias.com.br\/wp-content\/uploads\/2023\/08\/BKR-768x766.jpg 768w, https:\/\/jornalfatosenoticias.com.br\/wp-content\/uploads\/2023\/08\/BKR.jpg 1080w\" sizes=\"auto, (max-width: 298px) 100vw, 298px\" \/><\/figure><\/div>\n\n\n\n<p>Com a divulga\u00e7\u00e3o nas redes sociais de not\u00edcias com um claro vi\u00e9s editorial pr\u00f3-Lula, <strong>Raphael Sousa<\/strong> contribuiu muito para a campanha petista. No per\u00edodo eleitoral, a conta sempre esteve entre aquelas com maior repercuss\u00e3o em temas eleitorais. Em entrevista ao Flow Podcast no ano passado, o dono da p\u00e1gina reconheceu que sua atua\u00e7\u00e3o ajudou a eleger o atual governo e afirmou que todos os colaboradores da empresa eram pr\u00f3-Lula, mas que o trabalho de apoio ao petista tinha a ver com o fato de o influenciador ser contr\u00e1rio a Bolsonaro.<br>Apesar disso, o propriet\u00e1rio do perfil se aproximou mais do petista ap\u00f3s o in\u00edcio do novo mandato e mant\u00e9m na internet a cruzada de defesa do governo a qualquer custo, o que inclui a dissemina\u00e7\u00e3o de <em>fake news<\/em> pr\u00f3-Lula, <a rel=\"noreferrer noopener\" href=\"https:\/\/www.gazetadopovo.com.br\/vida-e-cidadania\/perfis-pro-lula-atingem-milhoes-com-fake-news-sobre-economia-no-atual-governo\/?ref=link-interno-materia?ref=link-interno-materia?ref=link-interno-materia?ref=link-interno-materia\" target=\"_blank\">como mostrado pela\u00a0<\/a><strong><a rel=\"noreferrer noopener\" href=\"https:\/\/www.gazetadopovo.com.br\/vida-e-cidadania\/perfis-pro-lula-atingem-milhoes-com-fake-news-sobre-economia-no-atual-governo\/?ref=link-interno-materia\" target=\"_blank\">Gazeta do Povo<\/a><\/strong><a rel=\"noreferrer noopener\" href=\"https:\/\/www.gazetadopovo.com.br\/vida-e-cidadania\/perfis-pro-lula-atingem-milhoes-com-fake-news-sobre-economia-no-atual-governo\/?ref=link-interno-materia\" target=\"_blank\">.<\/a><\/p>\n\n\n\n<div class=\"wp-block-image\"><figure class=\"aligncenter size-large is-resized\"><img loading=\"lazy\" decoding=\"async\" src=\"https:\/\/jornalfatosenoticias.com.br\/wp-content\/uploads\/2023\/12\/pegoretti-logo-pdf-1024x389.jpg\" alt=\"\" class=\"wp-image-47536\" width=\"385\" height=\"146\" srcset=\"https:\/\/jornalfatosenoticias.com.br\/wp-content\/uploads\/2023\/12\/pegoretti-logo-pdf-1024x389.jpg 1024w, https:\/\/jornalfatosenoticias.com.br\/wp-content\/uploads\/2023\/12\/pegoretti-logo-pdf-300x114.jpg 300w, https:\/\/jornalfatosenoticias.com.br\/wp-content\/uploads\/2023\/12\/pegoretti-logo-pdf-768x291.jpg 768w, https:\/\/jornalfatosenoticias.com.br\/wp-content\/uploads\/2023\/12\/pegoretti-logo-pdf.jpg 1120w\" sizes=\"auto, (max-width: 385px) 100vw, 385px\" \/><\/figure><\/div>\n\n\n\n<p>A senadora Damares Alves (Republicanos-DF), que era ministra dos Direitos Humanos na gest\u00e3o Bolsonaro, declarou nesta quarta-feira (3) que j\u00e1 foi alvo de diversas <em>fake news<\/em> vindas da <em>Choquei<\/em> e de <a href=\"https:\/\/www.gazetadopovo.com.br\/ideias\/tudo-o-que-voce-precisa-saber-sobre-o-caso-da-choquei\/?ref=link-interno-materia\" target=\"_blank\" rel=\"noreferrer noopener\">outros perfis ligados \u00e0 ag\u00eancia Mynd8<\/a>. Em uma delas, que alcan\u00e7ou mais de dois milh\u00f5es de seguidores, a Choquei afirmou falsamente que quando era ministra, Damares pediu que Bolsonaro vetasse a entrega de leitos de UTI e de \u00e1gua pot\u00e1vel a ind\u00edgenas.<br><em>\u201cAs verdades sobre esses blogs espalhadores de mentiras e hist\u00f3rias mal contadas finalmente v\u00eam \u00e0 tona. Sofri muito com esses ataques coordenados nos \u00faltimos anos. Ser\u00e1 que a resposta das institui\u00e7\u00f5es que supostamente combatem \u2018fake news\u2019 ser\u00e1 a mesma?\u201d, questionou a senadora. <\/em><strong>(Fonte: Gazeta do Povo)<\/strong><\/p>\n\n\n\n<hr class=\"wp-block-separator\"\/>\n\n\n\n<p><em><span class=\"has-inline-color has-black-color\">(<strong>Foto de capa: <\/strong>Reprodu\u00e7\u00e3o\/URIHI-Associa\u00e7\u00e3o Yanomami)<\/span><\/em><\/p>\n","protected":false},"excerpt":{"rendered":"<p>Em 2023, o n\u00famero de mortes de ianom\u00e2mis saltou para 308, um aumento de quase 50% na compara\u00e7\u00e3o com 2022, quando 209 ind\u00edgenas morreram. O dado atual consta de relat\u00f3rio divulgado em 21 de dezembro pela Secretaria de Sa\u00fade Ind\u00edgena (Sesai), do Minist\u00e9rio da Sa\u00fade, e inclui dados at\u00e9 novembro. J\u00e1 o n\u00famero relativo a [&hellip;]<\/p>\n","protected":false},"author":3,"featured_media":48191,"comment_status":"open","ping_status":"open","sticky":false,"template":"","format":"standard","meta":{"footnotes":""},"categories":[10],"tags":[13889,22459,22460,22466,732,22467,22465,22461,7580,22463,22462,1563,22464],"class_list":["post-48182","post","type-post","status-publish","format-standard","has-post-thumbnail","hentry","category-politica","tag-alexandre-de-moraes","tag-caso-choquei","tag-choquei","tag-daniel-penin","tag-fake-news","tag-fatima-pissarra","tag-gabinetes-do-odio","tag-grupos-do-odio","tag-lula","tag-mortalidade-ianomamis","tag-raphael-sousa","tag-redes-sociais","tag-vacina-covid-obrigatoria"],"yoast_head":"<!-- This site is optimized with the Yoast SEO plugin v26.5 - https:\/\/yoast.com\/wordpress\/plugins\/seo\/ -->\n<title>A Semana em Bras\u00edlia e no ES \u2014 Mortes de ianom\u00e2mis crescem 50% no governo Lula - Jornal Fatos e Not\u00edcias<\/title>\n<meta name=\"robots\" content=\"index, follow, max-snippet:-1, max-image-preview:large, max-video-preview:-1\" \/>\n<link rel=\"canonical\" href=\"https:\/\/jornalfatosenoticias.com.br\/index.php\/2024\/01\/05\/a-semana-em-brasilia-e-no-es-numero-de-mortes-de-ianomamis-cresce-50-no-governo-lula\/\" \/>\n<meta property=\"og:locale\" content=\"pt_BR\" \/>\n<meta property=\"og:type\" content=\"article\" \/>\n<meta property=\"og:title\" content=\"A Semana em Bras\u00edlia e no ES \u2014 Mortes de ianom\u00e2mis crescem 50% no governo Lula - Jornal Fatos e Not\u00edcias\" \/>\n<meta property=\"og:description\" content=\"Em 2023, o n\u00famero de mortes de ianom\u00e2mis saltou para 308, um aumento de quase 50% na compara\u00e7\u00e3o com 2022, quando 209 ind\u00edgenas morreram. O dado atual consta de relat\u00f3rio divulgado em 21 de dezembro pela Secretaria de Sa\u00fade Ind\u00edgena (Sesai), do Minist\u00e9rio da Sa\u00fade, e inclui dados at\u00e9 novembro. J\u00e1 o n\u00famero relativo a [&hellip;]\" \/>\n<meta property=\"og:url\" content=\"https:\/\/jornalfatosenoticias.com.br\/index.php\/2024\/01\/05\/a-semana-em-brasilia-e-no-es-numero-de-mortes-de-ianomamis-cresce-50-no-governo-lula\/\" \/>\n<meta property=\"og:site_name\" content=\"Jornal Fatos e Not\u00edcias\" \/>\n<meta property=\"article:published_time\" content=\"2024-01-05T16:12:52+00:00\" \/>\n<meta property=\"article:modified_time\" content=\"2024-01-05T16:14:09+00:00\" \/>\n<meta property=\"og:image\" content=\"https:\/\/jornalfatosenoticias.com.br\/wp-content\/uploads\/2024\/01\/yanomami-narrativa-petista.jpg\" \/>\n\t<meta property=\"og:image:width\" content=\"960\" \/>\n\t<meta property=\"og:image:height\" content=\"540\" \/>\n\t<meta property=\"og:image:type\" content=\"image\/jpeg\" \/>\n<meta name=\"author\" content=\"Haroldo Filho\" \/>\n<meta name=\"twitter:card\" content=\"summary_large_image\" \/>\n<meta name=\"twitter:label1\" content=\"Escrito por\" \/>\n\t<meta name=\"twitter:data1\" content=\"Haroldo Filho\" \/>\n\t<meta name=\"twitter:label2\" content=\"Est. tempo de leitura\" \/>\n\t<meta name=\"twitter:data2\" content=\"13 minutos\" \/>\n<script type=\"application\/ld+json\" class=\"yoast-schema-graph\">{\"@context\":\"https:\/\/schema.org\",\"@graph\":[{\"@type\":\"Article\",\"@id\":\"https:\/\/jornalfatosenoticias.com.br\/index.php\/2024\/01\/05\/a-semana-em-brasilia-e-no-es-numero-de-mortes-de-ianomamis-cresce-50-no-governo-lula\/#article\",\"isPartOf\":{\"@id\":\"https:\/\/jornalfatosenoticias.com.br\/index.php\/2024\/01\/05\/a-semana-em-brasilia-e-no-es-numero-de-mortes-de-ianomamis-cresce-50-no-governo-lula\/\"},\"author\":{\"name\":\"Haroldo Filho\",\"@id\":\"https:\/\/jornalfatosenoticias.com.br\/#\/schema\/person\/05c46cc25b42a5c27e004fb0fa6b4965\"},\"headline\":\"A Semana em Bras\u00edlia e no ES \u2014 Mortes de ianom\u00e2mis crescem 50% no governo Lula\",\"datePublished\":\"2024-01-05T16:12:52+00:00\",\"dateModified\":\"2024-01-05T16:14:09+00:00\",\"mainEntityOfPage\":{\"@id\":\"https:\/\/jornalfatosenoticias.com.br\/index.php\/2024\/01\/05\/a-semana-em-brasilia-e-no-es-numero-de-mortes-de-ianomamis-cresce-50-no-governo-lula\/\"},\"wordCount\":2681,\"commentCount\":0,\"publisher\":{\"@id\":\"https:\/\/jornalfatosenoticias.com.br\/#organization\"},\"image\":{\"@id\":\"https:\/\/jornalfatosenoticias.com.br\/index.php\/2024\/01\/05\/a-semana-em-brasilia-e-no-es-numero-de-mortes-de-ianomamis-cresce-50-no-governo-lula\/#primaryimage\"},\"thumbnailUrl\":\"https:\/\/jornalfatosenoticias.com.br\/wp-content\/uploads\/2024\/01\/yanomami-narrativa-petista.jpg\",\"keywords\":[\"Alexandre de Moraes\",\"Caso Choquei\",\"Choquei\",\"Daniel Penin\",\"fake news\",\"F\u00e1tima Pissarra\",\"gabinetes do \u00f3dio\",\"grupos do \u00f3dio\",\"Lula\",\"mortalidade ianom\u00e2mis\",\"Raphael Sousa\",\"redes sociais\",\"vacina covid obrigat\u00f3ria\"],\"articleSection\":[\"Pol\u00edtica\"],\"inLanguage\":\"pt-BR\",\"potentialAction\":[{\"@type\":\"CommentAction\",\"name\":\"Comment\",\"target\":[\"https:\/\/jornalfatosenoticias.com.br\/index.php\/2024\/01\/05\/a-semana-em-brasilia-e-no-es-numero-de-mortes-de-ianomamis-cresce-50-no-governo-lula\/#respond\"]}]},{\"@type\":\"WebPage\",\"@id\":\"https:\/\/jornalfatosenoticias.com.br\/index.php\/2024\/01\/05\/a-semana-em-brasilia-e-no-es-numero-de-mortes-de-ianomamis-cresce-50-no-governo-lula\/\",\"url\":\"https:\/\/jornalfatosenoticias.com.br\/index.php\/2024\/01\/05\/a-semana-em-brasilia-e-no-es-numero-de-mortes-de-ianomamis-cresce-50-no-governo-lula\/\",\"name\":\"A Semana em Bras\u00edlia e no ES \u2014 Mortes de ianom\u00e2mis crescem 50% no governo Lula - Jornal Fatos e Not\u00edcias\",\"isPartOf\":{\"@id\":\"https:\/\/jornalfatosenoticias.com.br\/#website\"},\"primaryImageOfPage\":{\"@id\":\"https:\/\/jornalfatosenoticias.com.br\/index.php\/2024\/01\/05\/a-semana-em-brasilia-e-no-es-numero-de-mortes-de-ianomamis-cresce-50-no-governo-lula\/#primaryimage\"},\"image\":{\"@id\":\"https:\/\/jornalfatosenoticias.com.br\/index.php\/2024\/01\/05\/a-semana-em-brasilia-e-no-es-numero-de-mortes-de-ianomamis-cresce-50-no-governo-lula\/#primaryimage\"},\"thumbnailUrl\":\"https:\/\/jornalfatosenoticias.com.br\/wp-content\/uploads\/2024\/01\/yanomami-narrativa-petista.jpg\",\"datePublished\":\"2024-01-05T16:12:52+00:00\",\"dateModified\":\"2024-01-05T16:14:09+00:00\",\"breadcrumb\":{\"@id\":\"https:\/\/jornalfatosenoticias.com.br\/index.php\/2024\/01\/05\/a-semana-em-brasilia-e-no-es-numero-de-mortes-de-ianomamis-cresce-50-no-governo-lula\/#breadcrumb\"},\"inLanguage\":\"pt-BR\",\"potentialAction\":[{\"@type\":\"ReadAction\",\"target\":[\"https:\/\/jornalfatosenoticias.com.br\/index.php\/2024\/01\/05\/a-semana-em-brasilia-e-no-es-numero-de-mortes-de-ianomamis-cresce-50-no-governo-lula\/\"]}]},{\"@type\":\"ImageObject\",\"inLanguage\":\"pt-BR\",\"@id\":\"https:\/\/jornalfatosenoticias.com.br\/index.php\/2024\/01\/05\/a-semana-em-brasilia-e-no-es-numero-de-mortes-de-ianomamis-cresce-50-no-governo-lula\/#primaryimage\",\"url\":\"https:\/\/jornalfatosenoticias.com.br\/wp-content\/uploads\/2024\/01\/yanomami-narrativa-petista.jpg\",\"contentUrl\":\"https:\/\/jornalfatosenoticias.com.br\/wp-content\/uploads\/2024\/01\/yanomami-narrativa-petista.jpg\",\"width\":960,\"height\":540},{\"@type\":\"BreadcrumbList\",\"@id\":\"https:\/\/jornalfatosenoticias.com.br\/index.php\/2024\/01\/05\/a-semana-em-brasilia-e-no-es-numero-de-mortes-de-ianomamis-cresce-50-no-governo-lula\/#breadcrumb\",\"itemListElement\":[{\"@type\":\"ListItem\",\"position\":1,\"name\":\"In\u00edcio\",\"item\":\"https:\/\/jornalfatosenoticias.com.br\/\"},{\"@type\":\"ListItem\",\"position\":2,\"name\":\"A Semana em Bras\u00edlia e no ES \u2014 Mortes de ianom\u00e2mis crescem 50% no governo Lula\"}]},{\"@type\":\"WebSite\",\"@id\":\"https:\/\/jornalfatosenoticias.com.br\/#website\",\"url\":\"https:\/\/jornalfatosenoticias.com.br\/\",\"name\":\"Jornal Fatos e Not\u00edcias\",\"description\":\"Not\u00edcias em geral\",\"publisher\":{\"@id\":\"https:\/\/jornalfatosenoticias.com.br\/#organization\"},\"potentialAction\":[{\"@type\":\"SearchAction\",\"target\":{\"@type\":\"EntryPoint\",\"urlTemplate\":\"https:\/\/jornalfatosenoticias.com.br\/?s={search_term_string}\"},\"query-input\":{\"@type\":\"PropertyValueSpecification\",\"valueRequired\":true,\"valueName\":\"search_term_string\"}}],\"inLanguage\":\"pt-BR\"},{\"@type\":\"Organization\",\"@id\":\"https:\/\/jornalfatosenoticias.com.br\/#organization\",\"name\":\"Jornal Fatos e Not\u00edcias\",\"url\":\"https:\/\/jornalfatosenoticias.com.br\/\",\"logo\":{\"@type\":\"ImageObject\",\"inLanguage\":\"pt-BR\",\"@id\":\"https:\/\/jornalfatosenoticias.com.br\/#\/schema\/logo\/image\/\",\"url\":\"https:\/\/jornalfatosenoticias.com.br\/wp-content\/uploads\/2020\/02\/logo120.png\",\"contentUrl\":\"https:\/\/jornalfatosenoticias.com.br\/wp-content\/uploads\/2020\/02\/logo120.png\",\"width\":1227,\"height\":120,\"caption\":\"Jornal Fatos e Not\u00edcias\"},\"image\":{\"@id\":\"https:\/\/jornalfatosenoticias.com.br\/#\/schema\/logo\/image\/\"}},{\"@type\":\"Person\",\"@id\":\"https:\/\/jornalfatosenoticias.com.br\/#\/schema\/person\/05c46cc25b42a5c27e004fb0fa6b4965\",\"name\":\"Haroldo Filho\",\"image\":{\"@type\":\"ImageObject\",\"inLanguage\":\"pt-BR\",\"@id\":\"https:\/\/jornalfatosenoticias.com.br\/#\/schema\/person\/image\/\",\"url\":\"https:\/\/jornalfatosenoticias.com.br\/wp-content\/uploads\/2025\/08\/WhatsApp-Image-2025-08-18-at-15.30.28-150x150.jpeg\",\"contentUrl\":\"https:\/\/jornalfatosenoticias.com.br\/wp-content\/uploads\/2025\/08\/WhatsApp-Image-2025-08-18-at-15.30.28-150x150.jpeg\",\"caption\":\"Haroldo Filho\"},\"description\":\"Jornalista \u2013 DRT: 0003818\/ES Coordenador-geral da ONG Educar para Crescer\",\"url\":\"https:\/\/jornalfatosenoticias.com.br\/index.php\/author\/haroldo\/\"}]}<\/script>\n<!-- \/ Yoast SEO plugin. -->","yoast_head_json":{"title":"A Semana em Bras\u00edlia e no ES \u2014 Mortes de ianom\u00e2mis crescem 50% no governo Lula - Jornal Fatos e Not\u00edcias","robots":{"index":"index","follow":"follow","max-snippet":"max-snippet:-1","max-image-preview":"max-image-preview:large","max-video-preview":"max-video-preview:-1"},"canonical":"https:\/\/jornalfatosenoticias.com.br\/index.php\/2024\/01\/05\/a-semana-em-brasilia-e-no-es-numero-de-mortes-de-ianomamis-cresce-50-no-governo-lula\/","og_locale":"pt_BR","og_type":"article","og_title":"A Semana em Bras\u00edlia e no ES \u2014 Mortes de ianom\u00e2mis crescem 50% no governo Lula - Jornal Fatos e Not\u00edcias","og_description":"Em 2023, o n\u00famero de mortes de ianom\u00e2mis saltou para 308, um aumento de quase 50% na compara\u00e7\u00e3o com 2022, quando 209 ind\u00edgenas morreram. O dado atual consta de relat\u00f3rio divulgado em 21 de dezembro pela Secretaria de Sa\u00fade Ind\u00edgena (Sesai), do Minist\u00e9rio da Sa\u00fade, e inclui dados at\u00e9 novembro. J\u00e1 o n\u00famero relativo a [&hellip;]","og_url":"https:\/\/jornalfatosenoticias.com.br\/index.php\/2024\/01\/05\/a-semana-em-brasilia-e-no-es-numero-de-mortes-de-ianomamis-cresce-50-no-governo-lula\/","og_site_name":"Jornal Fatos e Not\u00edcias","article_published_time":"2024-01-05T16:12:52+00:00","article_modified_time":"2024-01-05T16:14:09+00:00","og_image":[{"width":960,"height":540,"url":"https:\/\/jornalfatosenoticias.com.br\/wp-content\/uploads\/2024\/01\/yanomami-narrativa-petista.jpg","type":"image\/jpeg"}],"author":"Haroldo Filho","twitter_card":"summary_large_image","twitter_misc":{"Escrito por":"Haroldo Filho","Est. tempo de leitura":"13 minutos"},"schema":{"@context":"https:\/\/schema.org","@graph":[{"@type":"Article","@id":"https:\/\/jornalfatosenoticias.com.br\/index.php\/2024\/01\/05\/a-semana-em-brasilia-e-no-es-numero-de-mortes-de-ianomamis-cresce-50-no-governo-lula\/#article","isPartOf":{"@id":"https:\/\/jornalfatosenoticias.com.br\/index.php\/2024\/01\/05\/a-semana-em-brasilia-e-no-es-numero-de-mortes-de-ianomamis-cresce-50-no-governo-lula\/"},"author":{"name":"Haroldo Filho","@id":"https:\/\/jornalfatosenoticias.com.br\/#\/schema\/person\/05c46cc25b42a5c27e004fb0fa6b4965"},"headline":"A Semana em Bras\u00edlia e no ES \u2014 Mortes de ianom\u00e2mis crescem 50% no governo Lula","datePublished":"2024-01-05T16:12:52+00:00","dateModified":"2024-01-05T16:14:09+00:00","mainEntityOfPage":{"@id":"https:\/\/jornalfatosenoticias.com.br\/index.php\/2024\/01\/05\/a-semana-em-brasilia-e-no-es-numero-de-mortes-de-ianomamis-cresce-50-no-governo-lula\/"},"wordCount":2681,"commentCount":0,"publisher":{"@id":"https:\/\/jornalfatosenoticias.com.br\/#organization"},"image":{"@id":"https:\/\/jornalfatosenoticias.com.br\/index.php\/2024\/01\/05\/a-semana-em-brasilia-e-no-es-numero-de-mortes-de-ianomamis-cresce-50-no-governo-lula\/#primaryimage"},"thumbnailUrl":"https:\/\/jornalfatosenoticias.com.br\/wp-content\/uploads\/2024\/01\/yanomami-narrativa-petista.jpg","keywords":["Alexandre de Moraes","Caso Choquei","Choquei","Daniel Penin","fake news","F\u00e1tima Pissarra","gabinetes do \u00f3dio","grupos do \u00f3dio","Lula","mortalidade ianom\u00e2mis","Raphael Sousa","redes sociais","vacina covid obrigat\u00f3ria"],"articleSection":["Pol\u00edtica"],"inLanguage":"pt-BR","potentialAction":[{"@type":"CommentAction","name":"Comment","target":["https:\/\/jornalfatosenoticias.com.br\/index.php\/2024\/01\/05\/a-semana-em-brasilia-e-no-es-numero-de-mortes-de-ianomamis-cresce-50-no-governo-lula\/#respond"]}]},{"@type":"WebPage","@id":"https:\/\/jornalfatosenoticias.com.br\/index.php\/2024\/01\/05\/a-semana-em-brasilia-e-no-es-numero-de-mortes-de-ianomamis-cresce-50-no-governo-lula\/","url":"https:\/\/jornalfatosenoticias.com.br\/index.php\/2024\/01\/05\/a-semana-em-brasilia-e-no-es-numero-de-mortes-de-ianomamis-cresce-50-no-governo-lula\/","name":"A Semana em Bras\u00edlia e no ES \u2014 Mortes de ianom\u00e2mis crescem 50% no governo Lula - Jornal Fatos e Not\u00edcias","isPartOf":{"@id":"https:\/\/jornalfatosenoticias.com.br\/#website"},"primaryImageOfPage":{"@id":"https:\/\/jornalfatosenoticias.com.br\/index.php\/2024\/01\/05\/a-semana-em-brasilia-e-no-es-numero-de-mortes-de-ianomamis-cresce-50-no-governo-lula\/#primaryimage"},"image":{"@id":"https:\/\/jornalfatosenoticias.com.br\/index.php\/2024\/01\/05\/a-semana-em-brasilia-e-no-es-numero-de-mortes-de-ianomamis-cresce-50-no-governo-lula\/#primaryimage"},"thumbnailUrl":"https:\/\/jornalfatosenoticias.com.br\/wp-content\/uploads\/2024\/01\/yanomami-narrativa-petista.jpg","datePublished":"2024-01-05T16:12:52+00:00","dateModified":"2024-01-05T16:14:09+00:00","breadcrumb":{"@id":"https:\/\/jornalfatosenoticias.com.br\/index.php\/2024\/01\/05\/a-semana-em-brasilia-e-no-es-numero-de-mortes-de-ianomamis-cresce-50-no-governo-lula\/#breadcrumb"},"inLanguage":"pt-BR","potentialAction":[{"@type":"ReadAction","target":["https:\/\/jornalfatosenoticias.com.br\/index.php\/2024\/01\/05\/a-semana-em-brasilia-e-no-es-numero-de-mortes-de-ianomamis-cresce-50-no-governo-lula\/"]}]},{"@type":"ImageObject","inLanguage":"pt-BR","@id":"https:\/\/jornalfatosenoticias.com.br\/index.php\/2024\/01\/05\/a-semana-em-brasilia-e-no-es-numero-de-mortes-de-ianomamis-cresce-50-no-governo-lula\/#primaryimage","url":"https:\/\/jornalfatosenoticias.com.br\/wp-content\/uploads\/2024\/01\/yanomami-narrativa-petista.jpg","contentUrl":"https:\/\/jornalfatosenoticias.com.br\/wp-content\/uploads\/2024\/01\/yanomami-narrativa-petista.jpg","width":960,"height":540},{"@type":"BreadcrumbList","@id":"https:\/\/jornalfatosenoticias.com.br\/index.php\/2024\/01\/05\/a-semana-em-brasilia-e-no-es-numero-de-mortes-de-ianomamis-cresce-50-no-governo-lula\/#breadcrumb","itemListElement":[{"@type":"ListItem","position":1,"name":"In\u00edcio","item":"https:\/\/jornalfatosenoticias.com.br\/"},{"@type":"ListItem","position":2,"name":"A Semana em Bras\u00edlia e no ES \u2014 Mortes de ianom\u00e2mis crescem 50% no governo Lula"}]},{"@type":"WebSite","@id":"https:\/\/jornalfatosenoticias.com.br\/#website","url":"https:\/\/jornalfatosenoticias.com.br\/","name":"Jornal Fatos e Not\u00edcias","description":"Not\u00edcias em geral","publisher":{"@id":"https:\/\/jornalfatosenoticias.com.br\/#organization"},"potentialAction":[{"@type":"SearchAction","target":{"@type":"EntryPoint","urlTemplate":"https:\/\/jornalfatosenoticias.com.br\/?s={search_term_string}"},"query-input":{"@type":"PropertyValueSpecification","valueRequired":true,"valueName":"search_term_string"}}],"inLanguage":"pt-BR"},{"@type":"Organization","@id":"https:\/\/jornalfatosenoticias.com.br\/#organization","name":"Jornal Fatos e Not\u00edcias","url":"https:\/\/jornalfatosenoticias.com.br\/","logo":{"@type":"ImageObject","inLanguage":"pt-BR","@id":"https:\/\/jornalfatosenoticias.com.br\/#\/schema\/logo\/image\/","url":"https:\/\/jornalfatosenoticias.com.br\/wp-content\/uploads\/2020\/02\/logo120.png","contentUrl":"https:\/\/jornalfatosenoticias.com.br\/wp-content\/uploads\/2020\/02\/logo120.png","width":1227,"height":120,"caption":"Jornal Fatos e Not\u00edcias"},"image":{"@id":"https:\/\/jornalfatosenoticias.com.br\/#\/schema\/logo\/image\/"}},{"@type":"Person","@id":"https:\/\/jornalfatosenoticias.com.br\/#\/schema\/person\/05c46cc25b42a5c27e004fb0fa6b4965","name":"Haroldo Filho","image":{"@type":"ImageObject","inLanguage":"pt-BR","@id":"https:\/\/jornalfatosenoticias.com.br\/#\/schema\/person\/image\/","url":"https:\/\/jornalfatosenoticias.com.br\/wp-content\/uploads\/2025\/08\/WhatsApp-Image-2025-08-18-at-15.30.28-150x150.jpeg","contentUrl":"https:\/\/jornalfatosenoticias.com.br\/wp-content\/uploads\/2025\/08\/WhatsApp-Image-2025-08-18-at-15.30.28-150x150.jpeg","caption":"Haroldo Filho"},"description":"Jornalista \u2013 DRT: 0003818\/ES Coordenador-geral da ONG Educar para Crescer","url":"https:\/\/jornalfatosenoticias.com.br\/index.php\/author\/haroldo\/"}]}},"cc_featured_image_caption":{"caption_text":"","source_text":"","source_url":""},"jetpack_featured_media_url":"https:\/\/jornalfatosenoticias.com.br\/wp-content\/uploads\/2024\/01\/yanomami-narrativa-petista.jpg","_links":{"self":[{"href":"https:\/\/jornalfatosenoticias.com.br\/index.php\/wp-json\/wp\/v2\/posts\/48182","targetHints":{"allow":["GET"]}}],"collection":[{"href":"https:\/\/jornalfatosenoticias.com.br\/index.php\/wp-json\/wp\/v2\/posts"}],"about":[{"href":"https:\/\/jornalfatosenoticias.com.br\/index.php\/wp-json\/wp\/v2\/types\/post"}],"author":[{"embeddable":true,"href":"https:\/\/jornalfatosenoticias.com.br\/index.php\/wp-json\/wp\/v2\/users\/3"}],"replies":[{"embeddable":true,"href":"https:\/\/jornalfatosenoticias.com.br\/index.php\/wp-json\/wp\/v2\/comments?post=48182"}],"version-history":[{"count":0,"href":"https:\/\/jornalfatosenoticias.com.br\/index.php\/wp-json\/wp\/v2\/posts\/48182\/revisions"}],"wp:featuredmedia":[{"embeddable":true,"href":"https:\/\/jornalfatosenoticias.com.br\/index.php\/wp-json\/wp\/v2\/media\/48191"}],"wp:attachment":[{"href":"https:\/\/jornalfatosenoticias.com.br\/index.php\/wp-json\/wp\/v2\/media?parent=48182"}],"wp:term":[{"taxonomy":"category","embeddable":true,"href":"https:\/\/jornalfatosenoticias.com.br\/index.php\/wp-json\/wp\/v2\/categories?post=48182"},{"taxonomy":"post_tag","embeddable":true,"href":"https:\/\/jornalfatosenoticias.com.br\/index.php\/wp-json\/wp\/v2\/tags?post=48182"}],"curies":[{"name":"wp","href":"https:\/\/api.w.org\/{rel}","templated":true}]}}