{"id":48201,"date":"2024-01-05T15:55:39","date_gmt":"2024-01-05T18:55:39","guid":{"rendered":"https:\/\/jornalfatosenoticias.com.br\/?p=48201"},"modified":"2024-01-05T15:55:40","modified_gmt":"2024-01-05T18:55:40","slug":"confira-sete-dicas-de-livros-infantis-para-as-ferias","status":"publish","type":"post","link":"https:\/\/jornalfatosenoticias.com.br\/index.php\/2024\/01\/05\/confira-sete-dicas-de-livros-infantis-para-as-ferias\/","title":{"rendered":"Confira sete dicas de livros infantis para as f\u00e9rias"},"content":{"rendered":"\n<p><em><span class=\"has-inline-color has-black-color\">Livros com personagens crian\u00e7as ou animais e que ensinam alguma li\u00e7\u00e3o s\u00e3o boas op\u00e7\u00f5es<\/span><\/em><\/p>\n\n\n\n<p><span class=\"has-inline-color has-black-color\">Por <strong>Silvia Tancredi<\/strong><\/span><\/p>\n\n\n\n<div class=\"wp-block-image\"><figure class=\"aligncenter size-large is-resized\"><img loading=\"lazy\" decoding=\"async\" src=\"https:\/\/jornalfatosenoticias.com.br\/wp-content\/uploads\/2023\/09\/vetorvix1024_1.jpg\" alt=\"\" class=\"wp-image-44868\" width=\"397\" height=\"105\" srcset=\"https:\/\/jornalfatosenoticias.com.br\/wp-content\/uploads\/2023\/09\/vetorvix1024_1.jpg 1024w, https:\/\/jornalfatosenoticias.com.br\/wp-content\/uploads\/2023\/09\/vetorvix1024_1-300x80.jpg 300w, https:\/\/jornalfatosenoticias.com.br\/wp-content\/uploads\/2023\/09\/vetorvix1024_1-768x205.jpg 768w\" sizes=\"auto, (max-width: 397px) 100vw, 397px\" \/><\/figure><\/div>\n\n\n\n<p>F\u00e9rias s\u00e3o sin\u00f4nimo de descanso e uma forma divertida para as crian\u00e7as relaxarem nesse per\u00edodo \u00e9 embarcarem nas hist\u00f3rias contadas em livros infantis. A leitura pode ser feita em materiais impressos ou em computadores ou tablets. A dica \u00e9 separar um cantinho da casa para que a crian\u00e7a fa\u00e7a uma viagem por meio dos livros infantis. Pode ser sentado, no sof\u00e1, na cama e at\u00e9 em uma rede, para dar realmente aquela sensa\u00e7\u00e3o de relaxamento.<br>Especialistas em educa\u00e7\u00e3o refor\u00e7am que ler \u00e9 essencial para o desenvolvimento infantil e \u00e9 um h\u00e1bito que deve ser cultivado ao longo da vida. Al\u00e9m disso, ler livros ajuda a agu\u00e7ar a imagina\u00e7\u00e3o e a despertar criatividade nas crian\u00e7as. Durante as f\u00e9rias escolares, as crian\u00e7as podem ler os livros sozinhos ou acompanhados dos pais e at\u00e9 dos amiguinhos, para curtir, brincar, socializar, descansar e aprender muito nesse intervalo das aulas.<\/p>\n\n\n\n<div class=\"wp-block-image\"><figure class=\"aligncenter size-large\"><img loading=\"lazy\" decoding=\"async\" width=\"300\" height=\"250\" src=\"https:\/\/jornalfatosenoticias.com.br\/wp-content\/uploads\/2020\/02\/Banner-2.png\" alt=\"\" class=\"wp-image-43787\"\/><\/figure><\/div>\n\n\n\n<h3 class=\"wp-block-heading\"><span class=\"has-inline-color has-black-color\">Livros infantis para crian\u00e7as nas f\u00e9rias escolares<\/span><\/h3>\n\n\n\n<p><strong><span class=\"has-inline-color has-vivid-purple-color\">1) A Coruja que n\u00e3o Sabe de Nada<br><\/span>=>Autora: <\/strong>Caroline Poole<br><strong>=>Sobre o que fala o livro? <\/strong>O livro destaca uma hist\u00f3ria sobre amizade e o quanto temos a oferecer ao mundo. A personagem principal \u00e9 uma coruja que acredita que a sabedoria que ela compartilha com sua melhor amiga vem de um cord\u00e3o.<\/p>\n\n\n\n<div class=\"wp-block-image\"><figure class=\"aligncenter size-large is-resized\"><img loading=\"lazy\" decoding=\"async\" src=\"https:\/\/jornalfatosenoticias.com.br\/wp-content\/uploads\/2020\/02\/logo-Rapuzel-1024x571.jpg\" alt=\"\" class=\"wp-image-42808\" width=\"300\" height=\"167\" srcset=\"https:\/\/jornalfatosenoticias.com.br\/wp-content\/uploads\/2020\/02\/logo-Rapuzel-1024x571.jpg 1024w, https:\/\/jornalfatosenoticias.com.br\/wp-content\/uploads\/2020\/02\/logo-Rapuzel-300x167.jpg 300w, https:\/\/jornalfatosenoticias.com.br\/wp-content\/uploads\/2020\/02\/logo-Rapuzel-768x428.jpg 768w, https:\/\/jornalfatosenoticias.com.br\/wp-content\/uploads\/2020\/02\/logo-Rapuzel-1536x856.jpg 1536w, https:\/\/jornalfatosenoticias.com.br\/wp-content\/uploads\/2020\/02\/logo-Rapuzel.jpg 1600w\" sizes=\"auto, (max-width: 300px) 100vw, 300px\" \/><\/figure><\/div>\n\n\n\n<p><strong><span class=\"has-inline-color has-vivid-purple-color\">2) Caixinha Antit\u00e9dio para Crian\u00e7as<br><\/span>=>Autora:<\/strong> Patr\u00edcia Marinho<br><strong>=>Sobre o que fala o livro?<\/strong> O livro-caixinha conta com 40 cartas e, em cada uma, a sugest\u00e3o de uma brincadeira para as crian\u00e7as. O material pode ser levado no bolso pela crian\u00e7a ou pelos pais para que, juntos, criem momentos de muita divers\u00e3o.<\/p>\n\n\n\n<div class=\"wp-block-image\"><figure class=\"aligncenter size-large is-resized\"><img loading=\"lazy\" decoding=\"async\" src=\"https:\/\/jornalfatosenoticias.com.br\/wp-content\/uploads\/2023\/12\/pegoretti-logo-pdf-1024x389.jpg\" alt=\"\" class=\"wp-image-47536\" width=\"332\" height=\"126\" srcset=\"https:\/\/jornalfatosenoticias.com.br\/wp-content\/uploads\/2023\/12\/pegoretti-logo-pdf-1024x389.jpg 1024w, https:\/\/jornalfatosenoticias.com.br\/wp-content\/uploads\/2023\/12\/pegoretti-logo-pdf-300x114.jpg 300w, https:\/\/jornalfatosenoticias.com.br\/wp-content\/uploads\/2023\/12\/pegoretti-logo-pdf-768x291.jpg 768w, https:\/\/jornalfatosenoticias.com.br\/wp-content\/uploads\/2023\/12\/pegoretti-logo-pdf.jpg 1120w\" sizes=\"auto, (max-width: 332px) 100vw, 332px\" \/><\/figure><\/div>\n\n\n\n<p><strong><span class=\"has-inline-color has-vivid-purple-color\">3) Show de Talentos dos Monstros Maravilhosos<br><\/span>=>Autor: <\/strong>Patrick Regan<br><strong>=>Sobre o que fala o livro?<\/strong> Voc\u00ea alguma vez j\u00e1 pensou no que acontece em seu arm\u00e1rio de brinquedos \u00e0 noite? Voc\u00ea vai descobrir tudo, tudo, lendo e acompanhando a conversa sobre toda a movimenta\u00e7\u00e3o de artistas maravilhosos. Vai ver, ent\u00e3o, que os monstros n\u00e3o s\u00e3o t\u00e3o assustadores assim.<\/p>\n\n\n\n<div class=\"wp-block-image\"><figure class=\"aligncenter size-large is-resized\"><img loading=\"lazy\" decoding=\"async\" src=\"https:\/\/jornalfatosenoticias.com.br\/wp-content\/uploads\/2020\/02\/LOGO-BLU-COMERCIAL-PRETO-1024x600.jpg\" alt=\"\" class=\"wp-image-44089\" width=\"290\" height=\"169\"\/><\/figure><\/div>\n\n\n\n<p><strong><span class=\"has-inline-color has-vivid-purple-color\">4) Finan\u00e7as com a Formiga Em\u00edlia<br><\/span>=>Autoras: <\/strong>Mara Luquet e Eliana Cardoso<br><strong>=>Sobre o que fala o livro?<\/strong> Uma formiga chamada Em\u00edlia tem como miss\u00e3o ensinar \u00e0s crian\u00e7as como o dinheiro \u00e9 importante para viver. A hist\u00f3ria mostra que h\u00e1 pessoas que guardam muito dinheiro e outras que gastam al\u00e9m da conta. A li\u00e7\u00e3o deste livro \u00e9 saber encontrar o equil\u00edbrio para conseguir realizar seus sonhos e n\u00e3o ter problemas financeiros ao longo da vida.<\/p>\n\n\n\n<div class=\"wp-block-image\"><figure class=\"aligncenter size-large is-resized\"><img loading=\"lazy\" decoding=\"async\" src=\"https:\/\/jornalfatosenoticias.com.br\/wp-content\/uploads\/2023\/07\/lacremoda.jpg\" alt=\"\" class=\"wp-image-43706\" width=\"317\" height=\"177\" srcset=\"https:\/\/jornalfatosenoticias.com.br\/wp-content\/uploads\/2023\/07\/lacremoda.jpg 1024w, https:\/\/jornalfatosenoticias.com.br\/wp-content\/uploads\/2023\/07\/lacremoda-300x168.jpg 300w, https:\/\/jornalfatosenoticias.com.br\/wp-content\/uploads\/2023\/07\/lacremoda-768x431.jpg 768w\" sizes=\"auto, (max-width: 317px) 100vw, 317px\" \/><\/figure><\/div>\n\n\n\n<p><strong><span class=\"has-inline-color has-vivid-purple-color\">5) Abayomi<br><\/span>=>Autoras: <\/strong>Mara Luquet e Eliana Cardoso<br><strong>=>Sobre o que fala o livro? <\/strong>O livro infantil &#8220;Abayomi, a menina de tran\u00e7a&#8221; nos faz viajar por diversos lugares da mem\u00f3ria e ancestralidade negra. A obra contribui para que crian\u00e7as, jovens e adultos conhe\u00e7am mais da hist\u00f3ria e da cultura popular e viva da cidade de Tiet\u00ea (SP).<\/p>\n\n\n\n<div class=\"wp-block-image\"><figure class=\"aligncenter size-large is-resized\"><img loading=\"lazy\" decoding=\"async\" src=\"https:\/\/jornalfatosenoticias.com.br\/wp-content\/uploads\/2023\/03\/logo-Panper_portal.jpg\" alt=\"\" class=\"wp-image-40208\" width=\"322\" height=\"223\" srcset=\"https:\/\/jornalfatosenoticias.com.br\/wp-content\/uploads\/2023\/03\/logo-Panper_portal.jpg 400w, https:\/\/jornalfatosenoticias.com.br\/wp-content\/uploads\/2023\/03\/logo-Panper_portal-300x208.jpg 300w\" sizes=\"auto, (max-width: 322px) 100vw, 322px\" \/><\/figure><\/div>\n\n\n\n<p><strong><span class=\"has-inline-color has-vivid-purple-color\">6) Jogo da Imita\u00e7\u00e3o \u2014 Emo\u00e7\u00f5es<br><\/span>=>Autoras:<\/strong> Lidiane Leite e Socorro Leite<br><strong>=>Sobre o que fala o livro?<\/strong> Cada uma das 50 cartas deste livro-caixinha traz uma emo\u00e7\u00e3o, uma situa\u00e7\u00e3o ou um sentimento para ser mostrado por meio de gestos e movimentos do corpo e\/ou da face. Com os desafios aqui propostos, a crian\u00e7a vai conseguir lidar melhor com os sentimentos.<\/p>\n\n\n\n<div class=\"wp-block-image\"><figure class=\"aligncenter size-large is-resized\"><img loading=\"lazy\" decoding=\"async\" src=\"https:\/\/jornalfatosenoticias.com.br\/wp-content\/uploads\/2022\/02\/Precisao-Contabilidade-1024x724.jpg\" alt=\"\" class=\"wp-image-28088\" width=\"296\" height=\"209\"\/><\/figure><\/div>\n\n\n\n<p><strong><span class=\"has-inline-color has-vivid-purple-color\">7) A Fabulosa Hist\u00f3ria da Letra F<br><\/span>=>Autor:<\/strong> Deon\u00edsio Silva<br><strong>=>Sobre o que fala o livro?<\/strong> O vov\u00f4 \u00cdsio traz algo de fant\u00e1stico sobre as origens da letra F de fada e de final feliz, de fantasia e de futebol. Aprender \u00e9 mais f\u00e1cil e divertido quando conhecemos a hist\u00f3ria do que estudamos, e essa \u00e9 proposta da Cole\u00e7\u00e3o &#8216;De onde v\u00eam as palavrinhas&#8217;.<\/p>\n\n\n\n<p><strong><em>Fonte: <a href=\"https:\/\/brasilescola.uol.com.br\/noticias\/ferias-escolares-confira-7-dicas-de-livros-infantis-para-criancas\/3129924.html\">Brasil Escola<\/a><\/em><\/strong><\/p>\n","protected":false},"excerpt":{"rendered":"<p>Livros com personagens crian\u00e7as ou animais e que ensinam alguma li\u00e7\u00e3o s\u00e3o boas op\u00e7\u00f5es Por Silvia Tancredi F\u00e9rias s\u00e3o sin\u00f4nimo de descanso e uma forma divertida para as crian\u00e7as relaxarem nesse per\u00edodo \u00e9 embarcarem nas hist\u00f3rias contadas em livros infantis. A leitura pode ser feita em materiais impressos ou em computadores ou tablets. A dica [&hellip;]<\/p>\n","protected":false},"author":2,"featured_media":48202,"comment_status":"open","ping_status":"open","sticky":false,"template":"","format":"standard","meta":{"footnotes":""},"categories":[5],"tags":[1042,16175,6617,14982,1080],"class_list":["post-48201","post","type-post","status-publish","format-standard","has-post-thumbnail","hentry","category-geral","tag-desenvolvimento-infantil","tag-diversao","tag-ferias","tag-literatura-infantojuvenil","tag-livros-infantis"],"yoast_head":"<!-- This site is optimized with the Yoast SEO plugin v26.5 - https:\/\/yoast.com\/wordpress\/plugins\/seo\/ -->\n<title>Confira sete dicas de livros infantis para as f\u00e9rias - Jornal Fatos e Not\u00edcias<\/title>\n<meta name=\"robots\" content=\"index, follow, max-snippet:-1, max-image-preview:large, max-video-preview:-1\" \/>\n<link rel=\"canonical\" href=\"https:\/\/jornalfatosenoticias.com.br\/index.php\/2024\/01\/05\/confira-sete-dicas-de-livros-infantis-para-as-ferias\/\" \/>\n<meta property=\"og:locale\" content=\"pt_BR\" \/>\n<meta property=\"og:type\" content=\"article\" \/>\n<meta property=\"og:title\" content=\"Confira sete dicas de livros infantis para as f\u00e9rias - Jornal Fatos e Not\u00edcias\" \/>\n<meta property=\"og:description\" content=\"Livros com personagens crian\u00e7as ou animais e que ensinam alguma li\u00e7\u00e3o s\u00e3o boas op\u00e7\u00f5es Por Silvia Tancredi F\u00e9rias s\u00e3o sin\u00f4nimo de descanso e uma forma divertida para as crian\u00e7as relaxarem nesse per\u00edodo \u00e9 embarcarem nas hist\u00f3rias contadas em livros infantis. A leitura pode ser feita em materiais impressos ou em computadores ou tablets. A dica [&hellip;]\" \/>\n<meta property=\"og:url\" content=\"https:\/\/jornalfatosenoticias.com.br\/index.php\/2024\/01\/05\/confira-sete-dicas-de-livros-infantis-para-as-ferias\/\" \/>\n<meta property=\"og:site_name\" content=\"Jornal Fatos e Not\u00edcias\" \/>\n<meta property=\"article:published_time\" content=\"2024-01-05T18:55:39+00:00\" \/>\n<meta property=\"article:modified_time\" content=\"2024-01-05T18:55:40+00:00\" \/>\n<meta property=\"og:image\" content=\"https:\/\/jornalfatosenoticias.com.br\/wp-content\/uploads\/2024\/01\/crianca-lendo-livro_Shutterstock.jpg\" \/>\n\t<meta property=\"og:image:width\" content=\"774\" \/>\n\t<meta property=\"og:image:height\" content=\"516\" \/>\n\t<meta property=\"og:image:type\" content=\"image\/jpeg\" \/>\n<meta name=\"author\" content=\"Luzimara Fernandes\" \/>\n<meta name=\"twitter:card\" content=\"summary_large_image\" \/>\n<meta name=\"twitter:label1\" content=\"Escrito por\" \/>\n\t<meta name=\"twitter:data1\" content=\"Luzimara Fernandes\" \/>\n\t<meta name=\"twitter:label2\" content=\"Est. tempo de leitura\" \/>\n\t<meta name=\"twitter:data2\" content=\"3 minutos\" \/>\n<script type=\"application\/ld+json\" class=\"yoast-schema-graph\">{\"@context\":\"https:\/\/schema.org\",\"@graph\":[{\"@type\":\"Article\",\"@id\":\"https:\/\/jornalfatosenoticias.com.br\/index.php\/2024\/01\/05\/confira-sete-dicas-de-livros-infantis-para-as-ferias\/#article\",\"isPartOf\":{\"@id\":\"https:\/\/jornalfatosenoticias.com.br\/index.php\/2024\/01\/05\/confira-sete-dicas-de-livros-infantis-para-as-ferias\/\"},\"author\":{\"name\":\"Luzimara Fernandes\",\"@id\":\"https:\/\/jornalfatosenoticias.com.br\/#\/schema\/person\/d63837fa13ac8666eb9e74e0985d6f81\"},\"headline\":\"Confira sete dicas de livros infantis para as f\u00e9rias\",\"datePublished\":\"2024-01-05T18:55:39+00:00\",\"dateModified\":\"2024-01-05T18:55:40+00:00\",\"mainEntityOfPage\":{\"@id\":\"https:\/\/jornalfatosenoticias.com.br\/index.php\/2024\/01\/05\/confira-sete-dicas-de-livros-infantis-para-as-ferias\/\"},\"wordCount\":652,\"commentCount\":0,\"publisher\":{\"@id\":\"https:\/\/jornalfatosenoticias.com.br\/#organization\"},\"image\":{\"@id\":\"https:\/\/jornalfatosenoticias.com.br\/index.php\/2024\/01\/05\/confira-sete-dicas-de-livros-infantis-para-as-ferias\/#primaryimage\"},\"thumbnailUrl\":\"https:\/\/jornalfatosenoticias.com.br\/wp-content\/uploads\/2024\/01\/crianca-lendo-livro_Shutterstock.jpg\",\"keywords\":[\"desenvolvimento infantil\",\"divers\u00e3o\",\"f\u00e9rias\",\"literatura infantojuvenil\",\"livros infantis\"],\"articleSection\":[\"Geral\"],\"inLanguage\":\"pt-BR\",\"potentialAction\":[{\"@type\":\"CommentAction\",\"name\":\"Comment\",\"target\":[\"https:\/\/jornalfatosenoticias.com.br\/index.php\/2024\/01\/05\/confira-sete-dicas-de-livros-infantis-para-as-ferias\/#respond\"]}]},{\"@type\":\"WebPage\",\"@id\":\"https:\/\/jornalfatosenoticias.com.br\/index.php\/2024\/01\/05\/confira-sete-dicas-de-livros-infantis-para-as-ferias\/\",\"url\":\"https:\/\/jornalfatosenoticias.com.br\/index.php\/2024\/01\/05\/confira-sete-dicas-de-livros-infantis-para-as-ferias\/\",\"name\":\"Confira sete dicas de livros infantis para as f\u00e9rias - Jornal Fatos e Not\u00edcias\",\"isPartOf\":{\"@id\":\"https:\/\/jornalfatosenoticias.com.br\/#website\"},\"primaryImageOfPage\":{\"@id\":\"https:\/\/jornalfatosenoticias.com.br\/index.php\/2024\/01\/05\/confira-sete-dicas-de-livros-infantis-para-as-ferias\/#primaryimage\"},\"image\":{\"@id\":\"https:\/\/jornalfatosenoticias.com.br\/index.php\/2024\/01\/05\/confira-sete-dicas-de-livros-infantis-para-as-ferias\/#primaryimage\"},\"thumbnailUrl\":\"https:\/\/jornalfatosenoticias.com.br\/wp-content\/uploads\/2024\/01\/crianca-lendo-livro_Shutterstock.jpg\",\"datePublished\":\"2024-01-05T18:55:39+00:00\",\"dateModified\":\"2024-01-05T18:55:40+00:00\",\"breadcrumb\":{\"@id\":\"https:\/\/jornalfatosenoticias.com.br\/index.php\/2024\/01\/05\/confira-sete-dicas-de-livros-infantis-para-as-ferias\/#breadcrumb\"},\"inLanguage\":\"pt-BR\",\"potentialAction\":[{\"@type\":\"ReadAction\",\"target\":[\"https:\/\/jornalfatosenoticias.com.br\/index.php\/2024\/01\/05\/confira-sete-dicas-de-livros-infantis-para-as-ferias\/\"]}]},{\"@type\":\"ImageObject\",\"inLanguage\":\"pt-BR\",\"@id\":\"https:\/\/jornalfatosenoticias.com.br\/index.php\/2024\/01\/05\/confira-sete-dicas-de-livros-infantis-para-as-ferias\/#primaryimage\",\"url\":\"https:\/\/jornalfatosenoticias.com.br\/wp-content\/uploads\/2024\/01\/crianca-lendo-livro_Shutterstock.jpg\",\"contentUrl\":\"https:\/\/jornalfatosenoticias.com.br\/wp-content\/uploads\/2024\/01\/crianca-lendo-livro_Shutterstock.jpg\",\"width\":774,\"height\":516},{\"@type\":\"BreadcrumbList\",\"@id\":\"https:\/\/jornalfatosenoticias.com.br\/index.php\/2024\/01\/05\/confira-sete-dicas-de-livros-infantis-para-as-ferias\/#breadcrumb\",\"itemListElement\":[{\"@type\":\"ListItem\",\"position\":1,\"name\":\"In\u00edcio\",\"item\":\"https:\/\/jornalfatosenoticias.com.br\/\"},{\"@type\":\"ListItem\",\"position\":2,\"name\":\"Confira sete dicas de livros infantis para as f\u00e9rias\"}]},{\"@type\":\"WebSite\",\"@id\":\"https:\/\/jornalfatosenoticias.com.br\/#website\",\"url\":\"https:\/\/jornalfatosenoticias.com.br\/\",\"name\":\"Jornal Fatos e Not\u00edcias\",\"description\":\"Not\u00edcias em geral\",\"publisher\":{\"@id\":\"https:\/\/jornalfatosenoticias.com.br\/#organization\"},\"potentialAction\":[{\"@type\":\"SearchAction\",\"target\":{\"@type\":\"EntryPoint\",\"urlTemplate\":\"https:\/\/jornalfatosenoticias.com.br\/?s={search_term_string}\"},\"query-input\":{\"@type\":\"PropertyValueSpecification\",\"valueRequired\":true,\"valueName\":\"search_term_string\"}}],\"inLanguage\":\"pt-BR\"},{\"@type\":\"Organization\",\"@id\":\"https:\/\/jornalfatosenoticias.com.br\/#organization\",\"name\":\"Jornal Fatos e Not\u00edcias\",\"url\":\"https:\/\/jornalfatosenoticias.com.br\/\",\"logo\":{\"@type\":\"ImageObject\",\"inLanguage\":\"pt-BR\",\"@id\":\"https:\/\/jornalfatosenoticias.com.br\/#\/schema\/logo\/image\/\",\"url\":\"https:\/\/jornalfatosenoticias.com.br\/wp-content\/uploads\/2020\/02\/logo120.png\",\"contentUrl\":\"https:\/\/jornalfatosenoticias.com.br\/wp-content\/uploads\/2020\/02\/logo120.png\",\"width\":1227,\"height\":120,\"caption\":\"Jornal Fatos e Not\u00edcias\"},\"image\":{\"@id\":\"https:\/\/jornalfatosenoticias.com.br\/#\/schema\/logo\/image\/\"}},{\"@type\":\"Person\",\"@id\":\"https:\/\/jornalfatosenoticias.com.br\/#\/schema\/person\/d63837fa13ac8666eb9e74e0985d6f81\",\"name\":\"Luzimara Fernandes\",\"image\":{\"@type\":\"ImageObject\",\"inLanguage\":\"pt-BR\",\"@id\":\"https:\/\/jornalfatosenoticias.com.br\/#\/schema\/person\/image\/\",\"url\":\"https:\/\/jornalfatosenoticias.com.br\/wp-content\/uploads\/2025\/05\/EU_portal.jpg\",\"contentUrl\":\"https:\/\/jornalfatosenoticias.com.br\/wp-content\/uploads\/2025\/05\/EU_portal.jpg\",\"caption\":\"Luzimara Fernandes\"},\"description\":\"Jornalista MTB 2358-ES\",\"sameAs\":[\"https:\/\/jornalfatosenoticias.com.br\"],\"url\":\"https:\/\/jornalfatosenoticias.com.br\/index.php\/author\/luzimara\/\"}]}<\/script>\n<!-- \/ Yoast SEO plugin. -->","yoast_head_json":{"title":"Confira sete dicas de livros infantis para as f\u00e9rias - Jornal Fatos e Not\u00edcias","robots":{"index":"index","follow":"follow","max-snippet":"max-snippet:-1","max-image-preview":"max-image-preview:large","max-video-preview":"max-video-preview:-1"},"canonical":"https:\/\/jornalfatosenoticias.com.br\/index.php\/2024\/01\/05\/confira-sete-dicas-de-livros-infantis-para-as-ferias\/","og_locale":"pt_BR","og_type":"article","og_title":"Confira sete dicas de livros infantis para as f\u00e9rias - Jornal Fatos e Not\u00edcias","og_description":"Livros com personagens crian\u00e7as ou animais e que ensinam alguma li\u00e7\u00e3o s\u00e3o boas op\u00e7\u00f5es Por Silvia Tancredi F\u00e9rias s\u00e3o sin\u00f4nimo de descanso e uma forma divertida para as crian\u00e7as relaxarem nesse per\u00edodo \u00e9 embarcarem nas hist\u00f3rias contadas em livros infantis. A leitura pode ser feita em materiais impressos ou em computadores ou tablets. A dica [&hellip;]","og_url":"https:\/\/jornalfatosenoticias.com.br\/index.php\/2024\/01\/05\/confira-sete-dicas-de-livros-infantis-para-as-ferias\/","og_site_name":"Jornal Fatos e Not\u00edcias","article_published_time":"2024-01-05T18:55:39+00:00","article_modified_time":"2024-01-05T18:55:40+00:00","og_image":[{"width":774,"height":516,"url":"https:\/\/jornalfatosenoticias.com.br\/wp-content\/uploads\/2024\/01\/crianca-lendo-livro_Shutterstock.jpg","type":"image\/jpeg"}],"author":"Luzimara Fernandes","twitter_card":"summary_large_image","twitter_misc":{"Escrito por":"Luzimara Fernandes","Est. tempo de leitura":"3 minutos"},"schema":{"@context":"https:\/\/schema.org","@graph":[{"@type":"Article","@id":"https:\/\/jornalfatosenoticias.com.br\/index.php\/2024\/01\/05\/confira-sete-dicas-de-livros-infantis-para-as-ferias\/#article","isPartOf":{"@id":"https:\/\/jornalfatosenoticias.com.br\/index.php\/2024\/01\/05\/confira-sete-dicas-de-livros-infantis-para-as-ferias\/"},"author":{"name":"Luzimara Fernandes","@id":"https:\/\/jornalfatosenoticias.com.br\/#\/schema\/person\/d63837fa13ac8666eb9e74e0985d6f81"},"headline":"Confira sete dicas de livros infantis para as f\u00e9rias","datePublished":"2024-01-05T18:55:39+00:00","dateModified":"2024-01-05T18:55:40+00:00","mainEntityOfPage":{"@id":"https:\/\/jornalfatosenoticias.com.br\/index.php\/2024\/01\/05\/confira-sete-dicas-de-livros-infantis-para-as-ferias\/"},"wordCount":652,"commentCount":0,"publisher":{"@id":"https:\/\/jornalfatosenoticias.com.br\/#organization"},"image":{"@id":"https:\/\/jornalfatosenoticias.com.br\/index.php\/2024\/01\/05\/confira-sete-dicas-de-livros-infantis-para-as-ferias\/#primaryimage"},"thumbnailUrl":"https:\/\/jornalfatosenoticias.com.br\/wp-content\/uploads\/2024\/01\/crianca-lendo-livro_Shutterstock.jpg","keywords":["desenvolvimento infantil","divers\u00e3o","f\u00e9rias","literatura infantojuvenil","livros infantis"],"articleSection":["Geral"],"inLanguage":"pt-BR","potentialAction":[{"@type":"CommentAction","name":"Comment","target":["https:\/\/jornalfatosenoticias.com.br\/index.php\/2024\/01\/05\/confira-sete-dicas-de-livros-infantis-para-as-ferias\/#respond"]}]},{"@type":"WebPage","@id":"https:\/\/jornalfatosenoticias.com.br\/index.php\/2024\/01\/05\/confira-sete-dicas-de-livros-infantis-para-as-ferias\/","url":"https:\/\/jornalfatosenoticias.com.br\/index.php\/2024\/01\/05\/confira-sete-dicas-de-livros-infantis-para-as-ferias\/","name":"Confira sete dicas de livros infantis para as f\u00e9rias - Jornal Fatos e Not\u00edcias","isPartOf":{"@id":"https:\/\/jornalfatosenoticias.com.br\/#website"},"primaryImageOfPage":{"@id":"https:\/\/jornalfatosenoticias.com.br\/index.php\/2024\/01\/05\/confira-sete-dicas-de-livros-infantis-para-as-ferias\/#primaryimage"},"image":{"@id":"https:\/\/jornalfatosenoticias.com.br\/index.php\/2024\/01\/05\/confira-sete-dicas-de-livros-infantis-para-as-ferias\/#primaryimage"},"thumbnailUrl":"https:\/\/jornalfatosenoticias.com.br\/wp-content\/uploads\/2024\/01\/crianca-lendo-livro_Shutterstock.jpg","datePublished":"2024-01-05T18:55:39+00:00","dateModified":"2024-01-05T18:55:40+00:00","breadcrumb":{"@id":"https:\/\/jornalfatosenoticias.com.br\/index.php\/2024\/01\/05\/confira-sete-dicas-de-livros-infantis-para-as-ferias\/#breadcrumb"},"inLanguage":"pt-BR","potentialAction":[{"@type":"ReadAction","target":["https:\/\/jornalfatosenoticias.com.br\/index.php\/2024\/01\/05\/confira-sete-dicas-de-livros-infantis-para-as-ferias\/"]}]},{"@type":"ImageObject","inLanguage":"pt-BR","@id":"https:\/\/jornalfatosenoticias.com.br\/index.php\/2024\/01\/05\/confira-sete-dicas-de-livros-infantis-para-as-ferias\/#primaryimage","url":"https:\/\/jornalfatosenoticias.com.br\/wp-content\/uploads\/2024\/01\/crianca-lendo-livro_Shutterstock.jpg","contentUrl":"https:\/\/jornalfatosenoticias.com.br\/wp-content\/uploads\/2024\/01\/crianca-lendo-livro_Shutterstock.jpg","width":774,"height":516},{"@type":"BreadcrumbList","@id":"https:\/\/jornalfatosenoticias.com.br\/index.php\/2024\/01\/05\/confira-sete-dicas-de-livros-infantis-para-as-ferias\/#breadcrumb","itemListElement":[{"@type":"ListItem","position":1,"name":"In\u00edcio","item":"https:\/\/jornalfatosenoticias.com.br\/"},{"@type":"ListItem","position":2,"name":"Confira sete dicas de livros infantis para as f\u00e9rias"}]},{"@type":"WebSite","@id":"https:\/\/jornalfatosenoticias.com.br\/#website","url":"https:\/\/jornalfatosenoticias.com.br\/","name":"Jornal Fatos e Not\u00edcias","description":"Not\u00edcias em geral","publisher":{"@id":"https:\/\/jornalfatosenoticias.com.br\/#organization"},"potentialAction":[{"@type":"SearchAction","target":{"@type":"EntryPoint","urlTemplate":"https:\/\/jornalfatosenoticias.com.br\/?s={search_term_string}"},"query-input":{"@type":"PropertyValueSpecification","valueRequired":true,"valueName":"search_term_string"}}],"inLanguage":"pt-BR"},{"@type":"Organization","@id":"https:\/\/jornalfatosenoticias.com.br\/#organization","name":"Jornal Fatos e Not\u00edcias","url":"https:\/\/jornalfatosenoticias.com.br\/","logo":{"@type":"ImageObject","inLanguage":"pt-BR","@id":"https:\/\/jornalfatosenoticias.com.br\/#\/schema\/logo\/image\/","url":"https:\/\/jornalfatosenoticias.com.br\/wp-content\/uploads\/2020\/02\/logo120.png","contentUrl":"https:\/\/jornalfatosenoticias.com.br\/wp-content\/uploads\/2020\/02\/logo120.png","width":1227,"height":120,"caption":"Jornal Fatos e Not\u00edcias"},"image":{"@id":"https:\/\/jornalfatosenoticias.com.br\/#\/schema\/logo\/image\/"}},{"@type":"Person","@id":"https:\/\/jornalfatosenoticias.com.br\/#\/schema\/person\/d63837fa13ac8666eb9e74e0985d6f81","name":"Luzimara Fernandes","image":{"@type":"ImageObject","inLanguage":"pt-BR","@id":"https:\/\/jornalfatosenoticias.com.br\/#\/schema\/person\/image\/","url":"https:\/\/jornalfatosenoticias.com.br\/wp-content\/uploads\/2025\/05\/EU_portal.jpg","contentUrl":"https:\/\/jornalfatosenoticias.com.br\/wp-content\/uploads\/2025\/05\/EU_portal.jpg","caption":"Luzimara Fernandes"},"description":"Jornalista MTB 2358-ES","sameAs":["https:\/\/jornalfatosenoticias.com.br"],"url":"https:\/\/jornalfatosenoticias.com.br\/index.php\/author\/luzimara\/"}]}},"cc_featured_image_caption":{"caption_text":"(Foto: Shutterstock) ","source_text":"","source_url":""},"jetpack_featured_media_url":"https:\/\/jornalfatosenoticias.com.br\/wp-content\/uploads\/2024\/01\/crianca-lendo-livro_Shutterstock.jpg","_links":{"self":[{"href":"https:\/\/jornalfatosenoticias.com.br\/index.php\/wp-json\/wp\/v2\/posts\/48201","targetHints":{"allow":["GET"]}}],"collection":[{"href":"https:\/\/jornalfatosenoticias.com.br\/index.php\/wp-json\/wp\/v2\/posts"}],"about":[{"href":"https:\/\/jornalfatosenoticias.com.br\/index.php\/wp-json\/wp\/v2\/types\/post"}],"author":[{"embeddable":true,"href":"https:\/\/jornalfatosenoticias.com.br\/index.php\/wp-json\/wp\/v2\/users\/2"}],"replies":[{"embeddable":true,"href":"https:\/\/jornalfatosenoticias.com.br\/index.php\/wp-json\/wp\/v2\/comments?post=48201"}],"version-history":[{"count":0,"href":"https:\/\/jornalfatosenoticias.com.br\/index.php\/wp-json\/wp\/v2\/posts\/48201\/revisions"}],"wp:featuredmedia":[{"embeddable":true,"href":"https:\/\/jornalfatosenoticias.com.br\/index.php\/wp-json\/wp\/v2\/media\/48202"}],"wp:attachment":[{"href":"https:\/\/jornalfatosenoticias.com.br\/index.php\/wp-json\/wp\/v2\/media?parent=48201"}],"wp:term":[{"taxonomy":"category","embeddable":true,"href":"https:\/\/jornalfatosenoticias.com.br\/index.php\/wp-json\/wp\/v2\/categories?post=48201"},{"taxonomy":"post_tag","embeddable":true,"href":"https:\/\/jornalfatosenoticias.com.br\/index.php\/wp-json\/wp\/v2\/tags?post=48201"}],"curies":[{"name":"wp","href":"https:\/\/api.w.org\/{rel}","templated":true}]}}