{"id":48207,"date":"2024-01-08T15:49:24","date_gmt":"2024-01-08T18:49:24","guid":{"rendered":"https:\/\/jornalfatosenoticias.com.br\/?p=48207"},"modified":"2024-01-08T15:49:25","modified_gmt":"2024-01-08T18:49:25","slug":"um-a-cada-tres-professores-nao-possui-formacao-na-materia-que-ensina","status":"publish","type":"post","link":"https:\/\/jornalfatosenoticias.com.br\/index.php\/2024\/01\/08\/um-a-cada-tres-professores-nao-possui-formacao-na-materia-que-ensina\/","title":{"rendered":"Um a cada tr\u00eas professores n\u00e3o possui forma\u00e7\u00e3o na mat\u00e9ria que ensina"},"content":{"rendered":"\n<p><em><span class=\"has-inline-color has-black-color\">A base de dados foi o Censo Escolar de 2013 a 2020<\/span><\/em><\/p>\n\n\n\n<p><span class=\"has-inline-color has-black-color\">Por <strong><a href=\"https:\/\/www.gazetadopovo.com.br\/autor\/marlice-pinto-vilela\/\">Marlice Pinto Vilela<\/a><\/strong><\/span><\/p>\n\n\n\n<div class=\"wp-block-image\"><figure class=\"aligncenter size-large is-resized\"><img loading=\"lazy\" decoding=\"async\" src=\"https:\/\/jornalfatosenoticias.com.br\/wp-content\/uploads\/2023\/09\/vetorvix1024_1.jpg\" alt=\"\" class=\"wp-image-44868\" width=\"449\" height=\"119\" srcset=\"https:\/\/jornalfatosenoticias.com.br\/wp-content\/uploads\/2023\/09\/vetorvix1024_1.jpg 1024w, https:\/\/jornalfatosenoticias.com.br\/wp-content\/uploads\/2023\/09\/vetorvix1024_1-300x80.jpg 300w, https:\/\/jornalfatosenoticias.com.br\/wp-content\/uploads\/2023\/09\/vetorvix1024_1-768x205.jpg 768w\" sizes=\"auto, (max-width: 449px) 100vw, 449px\" \/><\/figure><\/div>\n\n\n\n<p>Um estudo publicado em um dos cadernos de estudos do Inep, \u00f3rg\u00e3o do Minist\u00e9rio da Educa\u00e7\u00e3o, no \u00faltimo dia 22, mostrou que 32,4% dos professores dos anos finais do ensino fundamental (6\u00ba ao 9\u00ba ano) e do ensino m\u00e9dio n\u00e3o possuem forma\u00e7\u00e3o na mat\u00e9ria que lecionam em sala de aula. Os pesquisadores organizaram dados do Censo Escolar de 2013 a 2022 para analisar a possibilidade de um poss\u00edvel \u201capag\u00e3o de professores\u201d, teoria que aponta que n\u00e3o haver\u00e1 professores suficientes no futuro. Os autores consideram como forma\u00e7\u00e3o inadequada os docentes que ensinam mat\u00e9rias as quais n\u00e3o possuem diploma de licenciatura espec\u00edfico para a mat\u00e9ria que lecionam.<br>Na regi\u00e3o Norte, a porcentagem de professores com forma\u00e7\u00e3o inadequada sobe para 36,6%. O Sul \u00e9 o que possui o menor \u00edndice (27,6%), mas n\u00e3o muito diferente da m\u00e9dia do Pa\u00eds. Sociologia, l\u00edngua estrangeira, artes, filosofia e f\u00edsica s\u00e3o as disciplinas que mais possuem professores em sala de aula que n\u00e3o possuem cursos de licenciatura na \u00e1rea. J\u00e1 l\u00edngua portuguesa e educa\u00e7\u00e3o f\u00edsica s\u00e3o as \u00e1reas com os melhores \u00edndices de docentes com forma\u00e7\u00e3o adequada.<\/p>\n\n\n\n<div class=\"wp-block-image\"><figure class=\"aligncenter size-large is-resized\"><img loading=\"lazy\" decoding=\"async\" src=\"https:\/\/jornalfatosenoticias.com.br\/wp-content\/uploads\/2023\/08\/BKR-1024x1021.jpg\" alt=\"\" class=\"wp-image-44494\" width=\"287\" height=\"286\" srcset=\"https:\/\/jornalfatosenoticias.com.br\/wp-content\/uploads\/2023\/08\/BKR-1024x1021.jpg 1024w, https:\/\/jornalfatosenoticias.com.br\/wp-content\/uploads\/2023\/08\/BKR-300x300.jpg 300w, https:\/\/jornalfatosenoticias.com.br\/wp-content\/uploads\/2023\/08\/BKR-150x150.jpg 150w, https:\/\/jornalfatosenoticias.com.br\/wp-content\/uploads\/2023\/08\/BKR-768x766.jpg 768w, https:\/\/jornalfatosenoticias.com.br\/wp-content\/uploads\/2023\/08\/BKR.jpg 1080w\" sizes=\"auto, (max-width: 287px) 100vw, 287px\" \/><\/figure><\/div>\n\n\n\n<p><strong><span class=\"has-inline-color has-vivid-purple-color\">Situa\u00e7\u00e3o do fundamental 2 \u00e9 pior que o m\u00e9dio<br><\/span><\/strong>Quando separados por etapa da educa\u00e7\u00e3o b\u00e1sica, a situa\u00e7\u00e3o do ensino fundamental 2 \u00e9 ainda mais dr\u00e1stica. Os alunos do 6\u00ba ao 9\u00ba ano que estudam em \u00e1reas rurais possuem quase 70% de professores sem licenciatura na mat\u00e9ria que ensinam. Nos centros urbanos, os estudantes dos anos finais do fundamental t\u00eam 47,7% dos docentes sem a forma\u00e7\u00e3o espec\u00edfica para a atua\u00e7\u00e3o. A Gazeta do Povo mostrou recentemente que alunos brasileiros regridem em desempenho do 6\u00ba ao 9\u00ba do ensino fundamental.<\/p>\n\n\n\n<div class=\"wp-block-image\"><figure class=\"aligncenter size-large is-resized\"><img loading=\"lazy\" decoding=\"async\" src=\"https:\/\/jornalfatosenoticias.com.br\/wp-content\/uploads\/2023\/08\/ITH.jpeg\" alt=\"\" class=\"wp-image-44638\" width=\"311\" height=\"252\" srcset=\"https:\/\/jornalfatosenoticias.com.br\/wp-content\/uploads\/2023\/08\/ITH.jpeg 800w, https:\/\/jornalfatosenoticias.com.br\/wp-content\/uploads\/2023\/08\/ITH-300x244.jpeg 300w, https:\/\/jornalfatosenoticias.com.br\/wp-content\/uploads\/2023\/08\/ITH-768x624.jpeg 768w\" sizes=\"auto, (max-width: 311px) 100vw, 311px\" \/><\/figure><\/div>\n\n\n\n<p>Em rela\u00e7\u00e3o ao ensino m\u00e9dio, a diferen\u00e7a entre escolas da cidade e do campo \u00e9 bem menor: 32,1% em \u00e1reas urbanas e 31,2% na zona rural. Recentemente, o governo Lula apresentou um projeto de lei com o objetivo de mudar alguns pontos do novo ensino m\u00e9dio, em vigor desde 2017. Entre as mudan\u00e7as, o Minist\u00e9rio da Educa\u00e7\u00e3o prop\u00f4s a proibi\u00e7\u00e3o de professores com apenas not\u00f3rio saber nos cursos profissionalizantes que podem ser feitos durante o ensino m\u00e9dio. A demanda veio de grupos como a Confedera\u00e7\u00e3o Nacional dos Trabalhadores em Educa\u00e7\u00e3o (CNTE) e a Uni\u00e3o Nacional dos Estudantes (UNE) que pedem a revoga\u00e7\u00e3o do novo ensino m\u00e9dio para atender interesses corporativistas.<\/p>\n\n\n\n<div class=\"wp-block-image\"><figure class=\"aligncenter size-large is-resized\"><img loading=\"lazy\" decoding=\"async\" src=\"https:\/\/jornalfatosenoticias.com.br\/wp-content\/uploads\/2020\/02\/CONTROL-CS.jpg\" alt=\"\" class=\"wp-image-44991\" width=\"315\" height=\"378\" srcset=\"https:\/\/jornalfatosenoticias.com.br\/wp-content\/uploads\/2020\/02\/CONTROL-CS.jpg 834w, https:\/\/jornalfatosenoticias.com.br\/wp-content\/uploads\/2020\/02\/CONTROL-CS-250x300.jpg 250w, https:\/\/jornalfatosenoticias.com.br\/wp-content\/uploads\/2020\/02\/CONTROL-CS-768x921.jpg 768w\" sizes=\"auto, (max-width: 315px) 100vw, 315px\" \/><\/figure><\/div>\n\n\n\n<p>Outro dado que chama aten\u00e7\u00e3o \u00e9 em rela\u00e7\u00e3o ao n\u00famero de professores formados que n\u00e3o seguem a carreira da doc\u00eancia. Apenas 29,3% dos professores formados em 2021 estavam empregados na \u00e1rea em 2022. O \u00edndice \u00e9 o maior dos \u00faltimos sete anos e teve como base o Censo da Educa\u00e7\u00e3o Superior e o Censo da Educa\u00e7\u00e3o B\u00e1sica, ambos de 2011 a 2022. Em 2020, apenas 22,1% dos formados no anterior trabalharam como professor. A porcentagem foi de 24,1% em 2021. Os dois anos foram marcados pela pandemia da covid-19 e o Brasil foi um dos pa\u00edses que manteve as escolas fechadas por mais tempo.<\/p>\n\n\n\n<div class=\"wp-block-image\"><figure class=\"aligncenter size-large is-resized\"><img loading=\"lazy\" decoding=\"async\" src=\"https:\/\/jornalfatosenoticias.com.br\/wp-content\/uploads\/2022\/10\/RC_800x750_page-0001.jpg\" alt=\"\" class=\"wp-image-35338\" width=\"284\" height=\"266\" srcset=\"https:\/\/jornalfatosenoticias.com.br\/wp-content\/uploads\/2022\/10\/RC_800x750_page-0001.jpg 400w, https:\/\/jornalfatosenoticias.com.br\/wp-content\/uploads\/2022\/10\/RC_800x750_page-0001-300x281.jpg 300w\" sizes=\"auto, (max-width: 284px) 100vw, 284px\" \/><\/figure><\/div>\n\n\n\n<p><strong><em>Fonte: <a href=\"https:\/\/www.gazetadopovo.com.br\/vida-e-cidadania\/1-a-cada-3-professores-nao-possui-formacao-na-materia-que-ensina\/\">Gazeta do Povo<\/a><\/em><\/strong><\/p>\n","protected":false},"excerpt":{"rendered":"<p>A base de dados foi o Censo Escolar de 2013 a 2020 Por Marlice Pinto Vilela Um estudo publicado em um dos cadernos de estudos do Inep, \u00f3rg\u00e3o do Minist\u00e9rio da Educa\u00e7\u00e3o, no \u00faltimo dia 22, mostrou que 32,4% dos professores dos anos finais do ensino fundamental (6\u00ba ao 9\u00ba ano) e do ensino m\u00e9dio [&hellip;]<\/p>\n","protected":false},"author":2,"featured_media":48208,"comment_status":"open","ping_status":"open","sticky":false,"template":"","format":"standard","meta":{"footnotes":""},"categories":[7],"tags":[597,345,1787,2203,9651,356],"class_list":["post-48207","post","type-post","status-publish","format-standard","has-post-thumbnail","hentry","category-educacao","tag-brasil","tag-educacao","tag-ensino","tag-ensino-fundamental","tag-ensino-medio","tag-escolas"],"yoast_head":"<!-- This site is optimized with the Yoast SEO plugin v26.5 - https:\/\/yoast.com\/wordpress\/plugins\/seo\/ -->\n<title>Um a cada tr\u00eas professores n\u00e3o possui forma\u00e7\u00e3o na mat\u00e9ria que ensina - Jornal Fatos e Not\u00edcias<\/title>\n<meta name=\"robots\" content=\"index, follow, max-snippet:-1, max-image-preview:large, max-video-preview:-1\" \/>\n<link rel=\"canonical\" href=\"https:\/\/jornalfatosenoticias.com.br\/index.php\/2024\/01\/08\/um-a-cada-tres-professores-nao-possui-formacao-na-materia-que-ensina\/\" \/>\n<meta property=\"og:locale\" content=\"pt_BR\" \/>\n<meta property=\"og:type\" content=\"article\" \/>\n<meta property=\"og:title\" content=\"Um a cada tr\u00eas professores n\u00e3o possui forma\u00e7\u00e3o na mat\u00e9ria que ensina - Jornal Fatos e Not\u00edcias\" \/>\n<meta property=\"og:description\" content=\"A base de dados foi o Censo Escolar de 2013 a 2020 Por Marlice Pinto Vilela Um estudo publicado em um dos cadernos de estudos do Inep, \u00f3rg\u00e3o do Minist\u00e9rio da Educa\u00e7\u00e3o, no \u00faltimo dia 22, mostrou que 32,4% dos professores dos anos finais do ensino fundamental (6\u00ba ao 9\u00ba ano) e do ensino m\u00e9dio [&hellip;]\" \/>\n<meta property=\"og:url\" content=\"https:\/\/jornalfatosenoticias.com.br\/index.php\/2024\/01\/08\/um-a-cada-tres-professores-nao-possui-formacao-na-materia-que-ensina\/\" \/>\n<meta property=\"og:site_name\" content=\"Jornal Fatos e Not\u00edcias\" \/>\n<meta property=\"article:published_time\" content=\"2024-01-08T18:49:24+00:00\" \/>\n<meta property=\"article:modified_time\" content=\"2024-01-08T18:49:25+00:00\" \/>\n<meta property=\"og:image\" content=\"https:\/\/jornalfatosenoticias.com.br\/wp-content\/uploads\/2024\/01\/formacao-professores_istock.jpg\" \/>\n\t<meta property=\"og:image:width\" content=\"612\" \/>\n\t<meta property=\"og:image:height\" content=\"408\" \/>\n\t<meta property=\"og:image:type\" content=\"image\/jpeg\" \/>\n<meta name=\"author\" content=\"Luzimara Fernandes\" \/>\n<meta name=\"twitter:card\" content=\"summary_large_image\" \/>\n<meta name=\"twitter:label1\" content=\"Escrito por\" \/>\n\t<meta name=\"twitter:data1\" content=\"Luzimara Fernandes\" \/>\n\t<meta name=\"twitter:label2\" content=\"Est. tempo de leitura\" \/>\n\t<meta name=\"twitter:data2\" content=\"3 minutos\" \/>\n<script type=\"application\/ld+json\" class=\"yoast-schema-graph\">{\"@context\":\"https:\/\/schema.org\",\"@graph\":[{\"@type\":\"Article\",\"@id\":\"https:\/\/jornalfatosenoticias.com.br\/index.php\/2024\/01\/08\/um-a-cada-tres-professores-nao-possui-formacao-na-materia-que-ensina\/#article\",\"isPartOf\":{\"@id\":\"https:\/\/jornalfatosenoticias.com.br\/index.php\/2024\/01\/08\/um-a-cada-tres-professores-nao-possui-formacao-na-materia-que-ensina\/\"},\"author\":{\"name\":\"Luzimara Fernandes\",\"@id\":\"https:\/\/jornalfatosenoticias.com.br\/#\/schema\/person\/d63837fa13ac8666eb9e74e0985d6f81\"},\"headline\":\"Um a cada tr\u00eas professores n\u00e3o possui forma\u00e7\u00e3o na mat\u00e9ria que ensina\",\"datePublished\":\"2024-01-08T18:49:24+00:00\",\"dateModified\":\"2024-01-08T18:49:25+00:00\",\"mainEntityOfPage\":{\"@id\":\"https:\/\/jornalfatosenoticias.com.br\/index.php\/2024\/01\/08\/um-a-cada-tres-professores-nao-possui-formacao-na-materia-que-ensina\/\"},\"wordCount\":548,\"commentCount\":0,\"publisher\":{\"@id\":\"https:\/\/jornalfatosenoticias.com.br\/#organization\"},\"image\":{\"@id\":\"https:\/\/jornalfatosenoticias.com.br\/index.php\/2024\/01\/08\/um-a-cada-tres-professores-nao-possui-formacao-na-materia-que-ensina\/#primaryimage\"},\"thumbnailUrl\":\"https:\/\/jornalfatosenoticias.com.br\/wp-content\/uploads\/2024\/01\/formacao-professores_istock.jpg\",\"keywords\":[\"Brasil\",\"educa\u00e7\u00e3o\",\"ensino\",\"ensino fundamental\",\"ensino m\u00e9dio\",\"escolas\"],\"articleSection\":[\"Educa\u00e7\u00e3o\"],\"inLanguage\":\"pt-BR\",\"potentialAction\":[{\"@type\":\"CommentAction\",\"name\":\"Comment\",\"target\":[\"https:\/\/jornalfatosenoticias.com.br\/index.php\/2024\/01\/08\/um-a-cada-tres-professores-nao-possui-formacao-na-materia-que-ensina\/#respond\"]}]},{\"@type\":\"WebPage\",\"@id\":\"https:\/\/jornalfatosenoticias.com.br\/index.php\/2024\/01\/08\/um-a-cada-tres-professores-nao-possui-formacao-na-materia-que-ensina\/\",\"url\":\"https:\/\/jornalfatosenoticias.com.br\/index.php\/2024\/01\/08\/um-a-cada-tres-professores-nao-possui-formacao-na-materia-que-ensina\/\",\"name\":\"Um a cada tr\u00eas professores n\u00e3o possui forma\u00e7\u00e3o na mat\u00e9ria que ensina - Jornal Fatos e Not\u00edcias\",\"isPartOf\":{\"@id\":\"https:\/\/jornalfatosenoticias.com.br\/#website\"},\"primaryImageOfPage\":{\"@id\":\"https:\/\/jornalfatosenoticias.com.br\/index.php\/2024\/01\/08\/um-a-cada-tres-professores-nao-possui-formacao-na-materia-que-ensina\/#primaryimage\"},\"image\":{\"@id\":\"https:\/\/jornalfatosenoticias.com.br\/index.php\/2024\/01\/08\/um-a-cada-tres-professores-nao-possui-formacao-na-materia-que-ensina\/#primaryimage\"},\"thumbnailUrl\":\"https:\/\/jornalfatosenoticias.com.br\/wp-content\/uploads\/2024\/01\/formacao-professores_istock.jpg\",\"datePublished\":\"2024-01-08T18:49:24+00:00\",\"dateModified\":\"2024-01-08T18:49:25+00:00\",\"breadcrumb\":{\"@id\":\"https:\/\/jornalfatosenoticias.com.br\/index.php\/2024\/01\/08\/um-a-cada-tres-professores-nao-possui-formacao-na-materia-que-ensina\/#breadcrumb\"},\"inLanguage\":\"pt-BR\",\"potentialAction\":[{\"@type\":\"ReadAction\",\"target\":[\"https:\/\/jornalfatosenoticias.com.br\/index.php\/2024\/01\/08\/um-a-cada-tres-professores-nao-possui-formacao-na-materia-que-ensina\/\"]}]},{\"@type\":\"ImageObject\",\"inLanguage\":\"pt-BR\",\"@id\":\"https:\/\/jornalfatosenoticias.com.br\/index.php\/2024\/01\/08\/um-a-cada-tres-professores-nao-possui-formacao-na-materia-que-ensina\/#primaryimage\",\"url\":\"https:\/\/jornalfatosenoticias.com.br\/wp-content\/uploads\/2024\/01\/formacao-professores_istock.jpg\",\"contentUrl\":\"https:\/\/jornalfatosenoticias.com.br\/wp-content\/uploads\/2024\/01\/formacao-professores_istock.jpg\",\"width\":612,\"height\":408,\"caption\":\"Female teacher addressing university students in a classroom\"},{\"@type\":\"BreadcrumbList\",\"@id\":\"https:\/\/jornalfatosenoticias.com.br\/index.php\/2024\/01\/08\/um-a-cada-tres-professores-nao-possui-formacao-na-materia-que-ensina\/#breadcrumb\",\"itemListElement\":[{\"@type\":\"ListItem\",\"position\":1,\"name\":\"In\u00edcio\",\"item\":\"https:\/\/jornalfatosenoticias.com.br\/\"},{\"@type\":\"ListItem\",\"position\":2,\"name\":\"Um a cada tr\u00eas professores n\u00e3o possui forma\u00e7\u00e3o na mat\u00e9ria que ensina\"}]},{\"@type\":\"WebSite\",\"@id\":\"https:\/\/jornalfatosenoticias.com.br\/#website\",\"url\":\"https:\/\/jornalfatosenoticias.com.br\/\",\"name\":\"Jornal Fatos e Not\u00edcias\",\"description\":\"Not\u00edcias em geral\",\"publisher\":{\"@id\":\"https:\/\/jornalfatosenoticias.com.br\/#organization\"},\"potentialAction\":[{\"@type\":\"SearchAction\",\"target\":{\"@type\":\"EntryPoint\",\"urlTemplate\":\"https:\/\/jornalfatosenoticias.com.br\/?s={search_term_string}\"},\"query-input\":{\"@type\":\"PropertyValueSpecification\",\"valueRequired\":true,\"valueName\":\"search_term_string\"}}],\"inLanguage\":\"pt-BR\"},{\"@type\":\"Organization\",\"@id\":\"https:\/\/jornalfatosenoticias.com.br\/#organization\",\"name\":\"Jornal Fatos e Not\u00edcias\",\"url\":\"https:\/\/jornalfatosenoticias.com.br\/\",\"logo\":{\"@type\":\"ImageObject\",\"inLanguage\":\"pt-BR\",\"@id\":\"https:\/\/jornalfatosenoticias.com.br\/#\/schema\/logo\/image\/\",\"url\":\"https:\/\/jornalfatosenoticias.com.br\/wp-content\/uploads\/2020\/02\/logo120.png\",\"contentUrl\":\"https:\/\/jornalfatosenoticias.com.br\/wp-content\/uploads\/2020\/02\/logo120.png\",\"width\":1227,\"height\":120,\"caption\":\"Jornal Fatos e Not\u00edcias\"},\"image\":{\"@id\":\"https:\/\/jornalfatosenoticias.com.br\/#\/schema\/logo\/image\/\"}},{\"@type\":\"Person\",\"@id\":\"https:\/\/jornalfatosenoticias.com.br\/#\/schema\/person\/d63837fa13ac8666eb9e74e0985d6f81\",\"name\":\"Luzimara Fernandes\",\"image\":{\"@type\":\"ImageObject\",\"inLanguage\":\"pt-BR\",\"@id\":\"https:\/\/jornalfatosenoticias.com.br\/#\/schema\/person\/image\/\",\"url\":\"https:\/\/jornalfatosenoticias.com.br\/wp-content\/uploads\/2025\/05\/EU_portal.jpg\",\"contentUrl\":\"https:\/\/jornalfatosenoticias.com.br\/wp-content\/uploads\/2025\/05\/EU_portal.jpg\",\"caption\":\"Luzimara Fernandes\"},\"description\":\"Jornalista MTB 2358-ES\",\"sameAs\":[\"https:\/\/jornalfatosenoticias.com.br\"],\"url\":\"https:\/\/jornalfatosenoticias.com.br\/index.php\/author\/luzimara\/\"}]}<\/script>\n<!-- \/ Yoast SEO plugin. -->","yoast_head_json":{"title":"Um a cada tr\u00eas professores n\u00e3o possui forma\u00e7\u00e3o na mat\u00e9ria que ensina - Jornal Fatos e Not\u00edcias","robots":{"index":"index","follow":"follow","max-snippet":"max-snippet:-1","max-image-preview":"max-image-preview:large","max-video-preview":"max-video-preview:-1"},"canonical":"https:\/\/jornalfatosenoticias.com.br\/index.php\/2024\/01\/08\/um-a-cada-tres-professores-nao-possui-formacao-na-materia-que-ensina\/","og_locale":"pt_BR","og_type":"article","og_title":"Um a cada tr\u00eas professores n\u00e3o possui forma\u00e7\u00e3o na mat\u00e9ria que ensina - Jornal Fatos e Not\u00edcias","og_description":"A base de dados foi o Censo Escolar de 2013 a 2020 Por Marlice Pinto Vilela Um estudo publicado em um dos cadernos de estudos do Inep, \u00f3rg\u00e3o do Minist\u00e9rio da Educa\u00e7\u00e3o, no \u00faltimo dia 22, mostrou que 32,4% dos professores dos anos finais do ensino fundamental (6\u00ba ao 9\u00ba ano) e do ensino m\u00e9dio [&hellip;]","og_url":"https:\/\/jornalfatosenoticias.com.br\/index.php\/2024\/01\/08\/um-a-cada-tres-professores-nao-possui-formacao-na-materia-que-ensina\/","og_site_name":"Jornal Fatos e Not\u00edcias","article_published_time":"2024-01-08T18:49:24+00:00","article_modified_time":"2024-01-08T18:49:25+00:00","og_image":[{"width":612,"height":408,"url":"https:\/\/jornalfatosenoticias.com.br\/wp-content\/uploads\/2024\/01\/formacao-professores_istock.jpg","type":"image\/jpeg"}],"author":"Luzimara Fernandes","twitter_card":"summary_large_image","twitter_misc":{"Escrito por":"Luzimara Fernandes","Est. tempo de leitura":"3 minutos"},"schema":{"@context":"https:\/\/schema.org","@graph":[{"@type":"Article","@id":"https:\/\/jornalfatosenoticias.com.br\/index.php\/2024\/01\/08\/um-a-cada-tres-professores-nao-possui-formacao-na-materia-que-ensina\/#article","isPartOf":{"@id":"https:\/\/jornalfatosenoticias.com.br\/index.php\/2024\/01\/08\/um-a-cada-tres-professores-nao-possui-formacao-na-materia-que-ensina\/"},"author":{"name":"Luzimara Fernandes","@id":"https:\/\/jornalfatosenoticias.com.br\/#\/schema\/person\/d63837fa13ac8666eb9e74e0985d6f81"},"headline":"Um a cada tr\u00eas professores n\u00e3o possui forma\u00e7\u00e3o na mat\u00e9ria que ensina","datePublished":"2024-01-08T18:49:24+00:00","dateModified":"2024-01-08T18:49:25+00:00","mainEntityOfPage":{"@id":"https:\/\/jornalfatosenoticias.com.br\/index.php\/2024\/01\/08\/um-a-cada-tres-professores-nao-possui-formacao-na-materia-que-ensina\/"},"wordCount":548,"commentCount":0,"publisher":{"@id":"https:\/\/jornalfatosenoticias.com.br\/#organization"},"image":{"@id":"https:\/\/jornalfatosenoticias.com.br\/index.php\/2024\/01\/08\/um-a-cada-tres-professores-nao-possui-formacao-na-materia-que-ensina\/#primaryimage"},"thumbnailUrl":"https:\/\/jornalfatosenoticias.com.br\/wp-content\/uploads\/2024\/01\/formacao-professores_istock.jpg","keywords":["Brasil","educa\u00e7\u00e3o","ensino","ensino fundamental","ensino m\u00e9dio","escolas"],"articleSection":["Educa\u00e7\u00e3o"],"inLanguage":"pt-BR","potentialAction":[{"@type":"CommentAction","name":"Comment","target":["https:\/\/jornalfatosenoticias.com.br\/index.php\/2024\/01\/08\/um-a-cada-tres-professores-nao-possui-formacao-na-materia-que-ensina\/#respond"]}]},{"@type":"WebPage","@id":"https:\/\/jornalfatosenoticias.com.br\/index.php\/2024\/01\/08\/um-a-cada-tres-professores-nao-possui-formacao-na-materia-que-ensina\/","url":"https:\/\/jornalfatosenoticias.com.br\/index.php\/2024\/01\/08\/um-a-cada-tres-professores-nao-possui-formacao-na-materia-que-ensina\/","name":"Um a cada tr\u00eas professores n\u00e3o possui forma\u00e7\u00e3o na mat\u00e9ria que ensina - Jornal Fatos e Not\u00edcias","isPartOf":{"@id":"https:\/\/jornalfatosenoticias.com.br\/#website"},"primaryImageOfPage":{"@id":"https:\/\/jornalfatosenoticias.com.br\/index.php\/2024\/01\/08\/um-a-cada-tres-professores-nao-possui-formacao-na-materia-que-ensina\/#primaryimage"},"image":{"@id":"https:\/\/jornalfatosenoticias.com.br\/index.php\/2024\/01\/08\/um-a-cada-tres-professores-nao-possui-formacao-na-materia-que-ensina\/#primaryimage"},"thumbnailUrl":"https:\/\/jornalfatosenoticias.com.br\/wp-content\/uploads\/2024\/01\/formacao-professores_istock.jpg","datePublished":"2024-01-08T18:49:24+00:00","dateModified":"2024-01-08T18:49:25+00:00","breadcrumb":{"@id":"https:\/\/jornalfatosenoticias.com.br\/index.php\/2024\/01\/08\/um-a-cada-tres-professores-nao-possui-formacao-na-materia-que-ensina\/#breadcrumb"},"inLanguage":"pt-BR","potentialAction":[{"@type":"ReadAction","target":["https:\/\/jornalfatosenoticias.com.br\/index.php\/2024\/01\/08\/um-a-cada-tres-professores-nao-possui-formacao-na-materia-que-ensina\/"]}]},{"@type":"ImageObject","inLanguage":"pt-BR","@id":"https:\/\/jornalfatosenoticias.com.br\/index.php\/2024\/01\/08\/um-a-cada-tres-professores-nao-possui-formacao-na-materia-que-ensina\/#primaryimage","url":"https:\/\/jornalfatosenoticias.com.br\/wp-content\/uploads\/2024\/01\/formacao-professores_istock.jpg","contentUrl":"https:\/\/jornalfatosenoticias.com.br\/wp-content\/uploads\/2024\/01\/formacao-professores_istock.jpg","width":612,"height":408,"caption":"Female teacher addressing university students in a classroom"},{"@type":"BreadcrumbList","@id":"https:\/\/jornalfatosenoticias.com.br\/index.php\/2024\/01\/08\/um-a-cada-tres-professores-nao-possui-formacao-na-materia-que-ensina\/#breadcrumb","itemListElement":[{"@type":"ListItem","position":1,"name":"In\u00edcio","item":"https:\/\/jornalfatosenoticias.com.br\/"},{"@type":"ListItem","position":2,"name":"Um a cada tr\u00eas professores n\u00e3o possui forma\u00e7\u00e3o na mat\u00e9ria que ensina"}]},{"@type":"WebSite","@id":"https:\/\/jornalfatosenoticias.com.br\/#website","url":"https:\/\/jornalfatosenoticias.com.br\/","name":"Jornal Fatos e Not\u00edcias","description":"Not\u00edcias em geral","publisher":{"@id":"https:\/\/jornalfatosenoticias.com.br\/#organization"},"potentialAction":[{"@type":"SearchAction","target":{"@type":"EntryPoint","urlTemplate":"https:\/\/jornalfatosenoticias.com.br\/?s={search_term_string}"},"query-input":{"@type":"PropertyValueSpecification","valueRequired":true,"valueName":"search_term_string"}}],"inLanguage":"pt-BR"},{"@type":"Organization","@id":"https:\/\/jornalfatosenoticias.com.br\/#organization","name":"Jornal Fatos e Not\u00edcias","url":"https:\/\/jornalfatosenoticias.com.br\/","logo":{"@type":"ImageObject","inLanguage":"pt-BR","@id":"https:\/\/jornalfatosenoticias.com.br\/#\/schema\/logo\/image\/","url":"https:\/\/jornalfatosenoticias.com.br\/wp-content\/uploads\/2020\/02\/logo120.png","contentUrl":"https:\/\/jornalfatosenoticias.com.br\/wp-content\/uploads\/2020\/02\/logo120.png","width":1227,"height":120,"caption":"Jornal Fatos e Not\u00edcias"},"image":{"@id":"https:\/\/jornalfatosenoticias.com.br\/#\/schema\/logo\/image\/"}},{"@type":"Person","@id":"https:\/\/jornalfatosenoticias.com.br\/#\/schema\/person\/d63837fa13ac8666eb9e74e0985d6f81","name":"Luzimara Fernandes","image":{"@type":"ImageObject","inLanguage":"pt-BR","@id":"https:\/\/jornalfatosenoticias.com.br\/#\/schema\/person\/image\/","url":"https:\/\/jornalfatosenoticias.com.br\/wp-content\/uploads\/2025\/05\/EU_portal.jpg","contentUrl":"https:\/\/jornalfatosenoticias.com.br\/wp-content\/uploads\/2025\/05\/EU_portal.jpg","caption":"Luzimara Fernandes"},"description":"Jornalista MTB 2358-ES","sameAs":["https:\/\/jornalfatosenoticias.com.br"],"url":"https:\/\/jornalfatosenoticias.com.br\/index.php\/author\/luzimara\/"}]}},"cc_featured_image_caption":{"caption_text":"(Foto: iStock)","source_text":"","source_url":""},"jetpack_featured_media_url":"https:\/\/jornalfatosenoticias.com.br\/wp-content\/uploads\/2024\/01\/formacao-professores_istock.jpg","_links":{"self":[{"href":"https:\/\/jornalfatosenoticias.com.br\/index.php\/wp-json\/wp\/v2\/posts\/48207","targetHints":{"allow":["GET"]}}],"collection":[{"href":"https:\/\/jornalfatosenoticias.com.br\/index.php\/wp-json\/wp\/v2\/posts"}],"about":[{"href":"https:\/\/jornalfatosenoticias.com.br\/index.php\/wp-json\/wp\/v2\/types\/post"}],"author":[{"embeddable":true,"href":"https:\/\/jornalfatosenoticias.com.br\/index.php\/wp-json\/wp\/v2\/users\/2"}],"replies":[{"embeddable":true,"href":"https:\/\/jornalfatosenoticias.com.br\/index.php\/wp-json\/wp\/v2\/comments?post=48207"}],"version-history":[{"count":0,"href":"https:\/\/jornalfatosenoticias.com.br\/index.php\/wp-json\/wp\/v2\/posts\/48207\/revisions"}],"wp:featuredmedia":[{"embeddable":true,"href":"https:\/\/jornalfatosenoticias.com.br\/index.php\/wp-json\/wp\/v2\/media\/48208"}],"wp:attachment":[{"href":"https:\/\/jornalfatosenoticias.com.br\/index.php\/wp-json\/wp\/v2\/media?parent=48207"}],"wp:term":[{"taxonomy":"category","embeddable":true,"href":"https:\/\/jornalfatosenoticias.com.br\/index.php\/wp-json\/wp\/v2\/categories?post=48207"},{"taxonomy":"post_tag","embeddable":true,"href":"https:\/\/jornalfatosenoticias.com.br\/index.php\/wp-json\/wp\/v2\/tags?post=48207"}],"curies":[{"name":"wp","href":"https:\/\/api.w.org\/{rel}","templated":true}]}}