{"id":4821,"date":"2020-05-22T15:11:07","date_gmt":"2020-05-22T18:11:07","guid":{"rendered":"https:\/\/jornalfatosenoticias.com.br\/?p=4821"},"modified":"2020-05-22T15:11:12","modified_gmt":"2020-05-22T18:11:12","slug":"seca-em-santa-catarina-expoe-fosseis-de-mais-de-280-milhoes-de-anos","status":"publish","type":"post","link":"https:\/\/jornalfatosenoticias.com.br\/index.php\/2020\/05\/22\/seca-em-santa-catarina-expoe-fosseis-de-mais-de-280-milhoes-de-anos\/","title":{"rendered":"Seca em Santa Catarina exp\u00f5e f\u00f3sseis de mais de 280 milh\u00f5es de anos"},"content":{"rendered":"\n<h6 class=\"wp-block-heading\"><em>Estiagem revelou um novo s\u00edtio de f\u00f3sseis em territ\u00f3rio catarinense; r\u00e9ptil identificado vivia na \u00e9poca em que Am\u00e9rica do Sul, \u00c1frica, Ant\u00e1rtida, \u00cdndia e Austr\u00e1lia estavam unidas<\/em><\/h6>\n\n\n\n<p>A seca que assola Santa Catarina fez aparecer, no leito do rio Negro, rochas com f\u00f3sseis de uma esp\u00e9cie de r\u00e9ptil marinho conhecida como mesossauro. A identifica\u00e7\u00e3o foi realizada pela equipe do Centro Paleontol\u00f3gico (Cenpaleo) da Universidade do Contestado (SC), que esteve no munic\u00edpio de Tr\u00eas Barras, na divisa com o Paran\u00e1, realizando coleta de amostras para an\u00e1lise.<br>Segundo Luiz Carlos Weinsch\u00fctz, coordenador do Cenpaleo, o aparecimento das rochas, efeito da grande seca que assola a regi\u00e3o, trouxe \u00e0 tona um novo local de ocorr\u00eancia dos f\u00f3sseis de r\u00e9pteis que viveram na regi\u00e3o h\u00e1 mais de 280 milh\u00f5es de anos. \u201cApesar de estarmos vivenciando este per\u00edodo de seca, essa \u00e9 uma importante descoberta cient\u00edfica para a regi\u00e3o\u201d.<br>Os mesossauros viveram cerca de 280 milh\u00f5es de anos atr\u00e1s, portanto, bem antes dos dinossauros (230 a 65 milh\u00f5es de anos). Quando esses r\u00e9pteis estavam vivos, a Am\u00e9rica do Sul ainda estava ligada \u00e0 \u00c1frica, \u00e0 Ant\u00e1rtida, \u00e0 \u00cdndia e \u00e0 Austr\u00e1lia, formando o continente Gondwana (parte sul do supercontinente Pangeia). Eles tinham h\u00e1bito aqu\u00e1tico, mediam at\u00e9 um metro de comprimento e viviam em grandes lagos de \u00e1gua salobra a salgada. Provavelmente se alimentavam de pequenos crust\u00e1ceos.<\/p>\n\n\n\n<figure class=\"wp-block-image size-large\"><img loading=\"lazy\" decoding=\"async\" width=\"1024\" height=\"768\" src=\"https:\/\/jornalfatosenoticias.com.br\/wp-content\/uploads\/2020\/05\/contestado-SC-1024x768.jpg\" alt=\"\" class=\"wp-image-4822\" srcset=\"https:\/\/jornalfatosenoticias.com.br\/wp-content\/uploads\/2020\/05\/contestado-SC-1024x768.jpg 1024w, https:\/\/jornalfatosenoticias.com.br\/wp-content\/uploads\/2020\/05\/contestado-SC-300x225.jpg 300w, https:\/\/jornalfatosenoticias.com.br\/wp-content\/uploads\/2020\/05\/contestado-SC-768x576.jpg 768w, https:\/\/jornalfatosenoticias.com.br\/wp-content\/uploads\/2020\/05\/contestado-SC.jpg 1068w\" sizes=\"auto, (max-width: 1024px) 100vw, 1024px\" \/><figcaption><em>Pesquisadores da Universidade do Contestado examinam o leito seco do rio Negro (Foto: Cenpaleo\/UnC)<\/em><\/figcaption><\/figure>\n\n\n\n<p>A rocha onde est\u00e3o esses f\u00f3sseis \u00e9 definida como um folhelho ole\u00edgeno, popularmente chamado de xisto betuminoso.<\/p>\n\n\n\n<p><strong><em>Fonte: <a href=\"https:\/\/www.revistaplaneta.com.br\/seca-em-santa-catarina-expoe-fosseis-de-mais-de-280-milhoes-de-anos\/\">Revista Planeta<\/a><\/em><\/strong><\/p>\n","protected":false},"excerpt":{"rendered":"<p>Estiagem revelou um novo s\u00edtio de f\u00f3sseis em territ\u00f3rio catarinense; r\u00e9ptil identificado vivia na \u00e9poca em que Am\u00e9rica do Sul, \u00c1frica, Ant\u00e1rtida, \u00cdndia e Austr\u00e1lia estavam unidas A seca que assola Santa Catarina fez aparecer, no leito do rio Negro, rochas com f\u00f3sseis de uma esp\u00e9cie de r\u00e9ptil marinho conhecida como mesossauro. A identifica\u00e7\u00e3o foi [&hellip;]<\/p>\n","protected":false},"author":2,"featured_media":4823,"comment_status":"open","ping_status":"open","sticky":false,"template":"","format":"standard","meta":{"footnotes":""},"categories":[2],"tags":[663,1724,2859,2670,2861,2860],"class_list":["post-4821","post","type-post","status-publish","format-standard","has-post-thumbnail","hentry","category-ciencia","tag-fossil","tag-gondwana","tag-mesossauro","tag-pangeia","tag-reptil","tag-supercontinente"],"yoast_head":"<!-- This site is optimized with the Yoast SEO plugin v26.5 - https:\/\/yoast.com\/wordpress\/plugins\/seo\/ -->\n<title>Seca em Santa Catarina exp\u00f5e f\u00f3sseis de mais de 280 milh\u00f5es de anos - Jornal Fatos e Not\u00edcias<\/title>\n<meta name=\"robots\" content=\"index, follow, max-snippet:-1, max-image-preview:large, max-video-preview:-1\" \/>\n<link rel=\"canonical\" href=\"https:\/\/jornalfatosenoticias.com.br\/index.php\/2020\/05\/22\/seca-em-santa-catarina-expoe-fosseis-de-mais-de-280-milhoes-de-anos\/\" \/>\n<meta property=\"og:locale\" content=\"pt_BR\" \/>\n<meta property=\"og:type\" content=\"article\" \/>\n<meta property=\"og:title\" content=\"Seca em Santa Catarina exp\u00f5e f\u00f3sseis de mais de 280 milh\u00f5es de anos - Jornal Fatos e Not\u00edcias\" \/>\n<meta property=\"og:description\" content=\"Estiagem revelou um novo s\u00edtio de f\u00f3sseis em territ\u00f3rio catarinense; r\u00e9ptil identificado vivia na \u00e9poca em que Am\u00e9rica do Sul, \u00c1frica, Ant\u00e1rtida, \u00cdndia e Austr\u00e1lia estavam unidas A seca que assola Santa Catarina fez aparecer, no leito do rio Negro, rochas com f\u00f3sseis de uma esp\u00e9cie de r\u00e9ptil marinho conhecida como mesossauro. A identifica\u00e7\u00e3o foi [&hellip;]\" \/>\n<meta property=\"og:url\" content=\"https:\/\/jornalfatosenoticias.com.br\/index.php\/2020\/05\/22\/seca-em-santa-catarina-expoe-fosseis-de-mais-de-280-milhoes-de-anos\/\" \/>\n<meta property=\"og:site_name\" content=\"Jornal Fatos e Not\u00edcias\" \/>\n<meta property=\"article:published_time\" content=\"2020-05-22T18:11:07+00:00\" \/>\n<meta property=\"article:modified_time\" content=\"2020-05-22T18:11:12+00:00\" \/>\n<meta property=\"og:image\" content=\"https:\/\/jornalfatosenoticias.com.br\/wp-content\/uploads\/2020\/05\/mesossauro.jpg\" \/>\n\t<meta property=\"og:image:width\" content=\"1000\" \/>\n\t<meta property=\"og:image:height\" content=\"799\" \/>\n\t<meta property=\"og:image:type\" content=\"image\/jpeg\" \/>\n<meta name=\"author\" content=\"Luzimara Fernandes\" \/>\n<meta name=\"twitter:card\" content=\"summary_large_image\" \/>\n<meta name=\"twitter:label1\" content=\"Escrito por\" \/>\n\t<meta name=\"twitter:data1\" content=\"Luzimara Fernandes\" \/>\n\t<meta name=\"twitter:label2\" content=\"Est. tempo de leitura\" \/>\n\t<meta name=\"twitter:data2\" content=\"1 minuto\" \/>\n<script type=\"application\/ld+json\" class=\"yoast-schema-graph\">{\"@context\":\"https:\/\/schema.org\",\"@graph\":[{\"@type\":\"Article\",\"@id\":\"https:\/\/jornalfatosenoticias.com.br\/index.php\/2020\/05\/22\/seca-em-santa-catarina-expoe-fosseis-de-mais-de-280-milhoes-de-anos\/#article\",\"isPartOf\":{\"@id\":\"https:\/\/jornalfatosenoticias.com.br\/index.php\/2020\/05\/22\/seca-em-santa-catarina-expoe-fosseis-de-mais-de-280-milhoes-de-anos\/\"},\"author\":{\"name\":\"Luzimara Fernandes\",\"@id\":\"https:\/\/jornalfatosenoticias.com.br\/#\/schema\/person\/d63837fa13ac8666eb9e74e0985d6f81\"},\"headline\":\"Seca em Santa Catarina exp\u00f5e f\u00f3sseis de mais de 280 milh\u00f5es de anos\",\"datePublished\":\"2020-05-22T18:11:07+00:00\",\"dateModified\":\"2020-05-22T18:11:12+00:00\",\"mainEntityOfPage\":{\"@id\":\"https:\/\/jornalfatosenoticias.com.br\/index.php\/2020\/05\/22\/seca-em-santa-catarina-expoe-fosseis-de-mais-de-280-milhoes-de-anos\/\"},\"wordCount\":298,\"commentCount\":0,\"publisher\":{\"@id\":\"https:\/\/jornalfatosenoticias.com.br\/#organization\"},\"image\":{\"@id\":\"https:\/\/jornalfatosenoticias.com.br\/index.php\/2020\/05\/22\/seca-em-santa-catarina-expoe-fosseis-de-mais-de-280-milhoes-de-anos\/#primaryimage\"},\"thumbnailUrl\":\"https:\/\/jornalfatosenoticias.com.br\/wp-content\/uploads\/2020\/05\/mesossauro.jpg\",\"keywords\":[\"f\u00f3ssil\",\"Gondwana\",\"mesossauro\",\"Pangeia\",\"r\u00e9ptil\",\"supercontinente\"],\"articleSection\":[\"Ci\u00eancia\"],\"inLanguage\":\"pt-BR\",\"potentialAction\":[{\"@type\":\"CommentAction\",\"name\":\"Comment\",\"target\":[\"https:\/\/jornalfatosenoticias.com.br\/index.php\/2020\/05\/22\/seca-em-santa-catarina-expoe-fosseis-de-mais-de-280-milhoes-de-anos\/#respond\"]}]},{\"@type\":\"WebPage\",\"@id\":\"https:\/\/jornalfatosenoticias.com.br\/index.php\/2020\/05\/22\/seca-em-santa-catarina-expoe-fosseis-de-mais-de-280-milhoes-de-anos\/\",\"url\":\"https:\/\/jornalfatosenoticias.com.br\/index.php\/2020\/05\/22\/seca-em-santa-catarina-expoe-fosseis-de-mais-de-280-milhoes-de-anos\/\",\"name\":\"Seca em Santa Catarina exp\u00f5e f\u00f3sseis de mais de 280 milh\u00f5es de anos - Jornal Fatos e Not\u00edcias\",\"isPartOf\":{\"@id\":\"https:\/\/jornalfatosenoticias.com.br\/#website\"},\"primaryImageOfPage\":{\"@id\":\"https:\/\/jornalfatosenoticias.com.br\/index.php\/2020\/05\/22\/seca-em-santa-catarina-expoe-fosseis-de-mais-de-280-milhoes-de-anos\/#primaryimage\"},\"image\":{\"@id\":\"https:\/\/jornalfatosenoticias.com.br\/index.php\/2020\/05\/22\/seca-em-santa-catarina-expoe-fosseis-de-mais-de-280-milhoes-de-anos\/#primaryimage\"},\"thumbnailUrl\":\"https:\/\/jornalfatosenoticias.com.br\/wp-content\/uploads\/2020\/05\/mesossauro.jpg\",\"datePublished\":\"2020-05-22T18:11:07+00:00\",\"dateModified\":\"2020-05-22T18:11:12+00:00\",\"breadcrumb\":{\"@id\":\"https:\/\/jornalfatosenoticias.com.br\/index.php\/2020\/05\/22\/seca-em-santa-catarina-expoe-fosseis-de-mais-de-280-milhoes-de-anos\/#breadcrumb\"},\"inLanguage\":\"pt-BR\",\"potentialAction\":[{\"@type\":\"ReadAction\",\"target\":[\"https:\/\/jornalfatosenoticias.com.br\/index.php\/2020\/05\/22\/seca-em-santa-catarina-expoe-fosseis-de-mais-de-280-milhoes-de-anos\/\"]}]},{\"@type\":\"ImageObject\",\"inLanguage\":\"pt-BR\",\"@id\":\"https:\/\/jornalfatosenoticias.com.br\/index.php\/2020\/05\/22\/seca-em-santa-catarina-expoe-fosseis-de-mais-de-280-milhoes-de-anos\/#primaryimage\",\"url\":\"https:\/\/jornalfatosenoticias.com.br\/wp-content\/uploads\/2020\/05\/mesossauro.jpg\",\"contentUrl\":\"https:\/\/jornalfatosenoticias.com.br\/wp-content\/uploads\/2020\/05\/mesossauro.jpg\",\"width\":1000,\"height\":799},{\"@type\":\"BreadcrumbList\",\"@id\":\"https:\/\/jornalfatosenoticias.com.br\/index.php\/2020\/05\/22\/seca-em-santa-catarina-expoe-fosseis-de-mais-de-280-milhoes-de-anos\/#breadcrumb\",\"itemListElement\":[{\"@type\":\"ListItem\",\"position\":1,\"name\":\"In\u00edcio\",\"item\":\"https:\/\/jornalfatosenoticias.com.br\/\"},{\"@type\":\"ListItem\",\"position\":2,\"name\":\"Seca em Santa Catarina exp\u00f5e f\u00f3sseis de mais de 280 milh\u00f5es de anos\"}]},{\"@type\":\"WebSite\",\"@id\":\"https:\/\/jornalfatosenoticias.com.br\/#website\",\"url\":\"https:\/\/jornalfatosenoticias.com.br\/\",\"name\":\"Jornal Fatos e Not\u00edcias\",\"description\":\"Not\u00edcias em geral\",\"publisher\":{\"@id\":\"https:\/\/jornalfatosenoticias.com.br\/#organization\"},\"potentialAction\":[{\"@type\":\"SearchAction\",\"target\":{\"@type\":\"EntryPoint\",\"urlTemplate\":\"https:\/\/jornalfatosenoticias.com.br\/?s={search_term_string}\"},\"query-input\":{\"@type\":\"PropertyValueSpecification\",\"valueRequired\":true,\"valueName\":\"search_term_string\"}}],\"inLanguage\":\"pt-BR\"},{\"@type\":\"Organization\",\"@id\":\"https:\/\/jornalfatosenoticias.com.br\/#organization\",\"name\":\"Jornal Fatos e Not\u00edcias\",\"url\":\"https:\/\/jornalfatosenoticias.com.br\/\",\"logo\":{\"@type\":\"ImageObject\",\"inLanguage\":\"pt-BR\",\"@id\":\"https:\/\/jornalfatosenoticias.com.br\/#\/schema\/logo\/image\/\",\"url\":\"https:\/\/jornalfatosenoticias.com.br\/wp-content\/uploads\/2020\/02\/logo120.png\",\"contentUrl\":\"https:\/\/jornalfatosenoticias.com.br\/wp-content\/uploads\/2020\/02\/logo120.png\",\"width\":1227,\"height\":120,\"caption\":\"Jornal Fatos e Not\u00edcias\"},\"image\":{\"@id\":\"https:\/\/jornalfatosenoticias.com.br\/#\/schema\/logo\/image\/\"}},{\"@type\":\"Person\",\"@id\":\"https:\/\/jornalfatosenoticias.com.br\/#\/schema\/person\/d63837fa13ac8666eb9e74e0985d6f81\",\"name\":\"Luzimara Fernandes\",\"image\":{\"@type\":\"ImageObject\",\"inLanguage\":\"pt-BR\",\"@id\":\"https:\/\/jornalfatosenoticias.com.br\/#\/schema\/person\/image\/\",\"url\":\"https:\/\/jornalfatosenoticias.com.br\/wp-content\/uploads\/2025\/05\/EU_portal.jpg\",\"contentUrl\":\"https:\/\/jornalfatosenoticias.com.br\/wp-content\/uploads\/2025\/05\/EU_portal.jpg\",\"caption\":\"Luzimara Fernandes\"},\"description\":\"Jornalista MTB 2358-ES\",\"sameAs\":[\"https:\/\/jornalfatosenoticias.com.br\"],\"url\":\"https:\/\/jornalfatosenoticias.com.br\/index.php\/author\/luzimara\/\"}]}<\/script>\n<!-- \/ Yoast SEO plugin. -->","yoast_head_json":{"title":"Seca em Santa Catarina exp\u00f5e f\u00f3sseis de mais de 280 milh\u00f5es de anos - Jornal Fatos e Not\u00edcias","robots":{"index":"index","follow":"follow","max-snippet":"max-snippet:-1","max-image-preview":"max-image-preview:large","max-video-preview":"max-video-preview:-1"},"canonical":"https:\/\/jornalfatosenoticias.com.br\/index.php\/2020\/05\/22\/seca-em-santa-catarina-expoe-fosseis-de-mais-de-280-milhoes-de-anos\/","og_locale":"pt_BR","og_type":"article","og_title":"Seca em Santa Catarina exp\u00f5e f\u00f3sseis de mais de 280 milh\u00f5es de anos - Jornal Fatos e Not\u00edcias","og_description":"Estiagem revelou um novo s\u00edtio de f\u00f3sseis em territ\u00f3rio catarinense; r\u00e9ptil identificado vivia na \u00e9poca em que Am\u00e9rica do Sul, \u00c1frica, Ant\u00e1rtida, \u00cdndia e Austr\u00e1lia estavam unidas A seca que assola Santa Catarina fez aparecer, no leito do rio Negro, rochas com f\u00f3sseis de uma esp\u00e9cie de r\u00e9ptil marinho conhecida como mesossauro. A identifica\u00e7\u00e3o foi [&hellip;]","og_url":"https:\/\/jornalfatosenoticias.com.br\/index.php\/2020\/05\/22\/seca-em-santa-catarina-expoe-fosseis-de-mais-de-280-milhoes-de-anos\/","og_site_name":"Jornal Fatos e Not\u00edcias","article_published_time":"2020-05-22T18:11:07+00:00","article_modified_time":"2020-05-22T18:11:12+00:00","og_image":[{"width":1000,"height":799,"url":"https:\/\/jornalfatosenoticias.com.br\/wp-content\/uploads\/2020\/05\/mesossauro.jpg","type":"image\/jpeg"}],"author":"Luzimara Fernandes","twitter_card":"summary_large_image","twitter_misc":{"Escrito por":"Luzimara Fernandes","Est. tempo de leitura":"1 minuto"},"schema":{"@context":"https:\/\/schema.org","@graph":[{"@type":"Article","@id":"https:\/\/jornalfatosenoticias.com.br\/index.php\/2020\/05\/22\/seca-em-santa-catarina-expoe-fosseis-de-mais-de-280-milhoes-de-anos\/#article","isPartOf":{"@id":"https:\/\/jornalfatosenoticias.com.br\/index.php\/2020\/05\/22\/seca-em-santa-catarina-expoe-fosseis-de-mais-de-280-milhoes-de-anos\/"},"author":{"name":"Luzimara Fernandes","@id":"https:\/\/jornalfatosenoticias.com.br\/#\/schema\/person\/d63837fa13ac8666eb9e74e0985d6f81"},"headline":"Seca em Santa Catarina exp\u00f5e f\u00f3sseis de mais de 280 milh\u00f5es de anos","datePublished":"2020-05-22T18:11:07+00:00","dateModified":"2020-05-22T18:11:12+00:00","mainEntityOfPage":{"@id":"https:\/\/jornalfatosenoticias.com.br\/index.php\/2020\/05\/22\/seca-em-santa-catarina-expoe-fosseis-de-mais-de-280-milhoes-de-anos\/"},"wordCount":298,"commentCount":0,"publisher":{"@id":"https:\/\/jornalfatosenoticias.com.br\/#organization"},"image":{"@id":"https:\/\/jornalfatosenoticias.com.br\/index.php\/2020\/05\/22\/seca-em-santa-catarina-expoe-fosseis-de-mais-de-280-milhoes-de-anos\/#primaryimage"},"thumbnailUrl":"https:\/\/jornalfatosenoticias.com.br\/wp-content\/uploads\/2020\/05\/mesossauro.jpg","keywords":["f\u00f3ssil","Gondwana","mesossauro","Pangeia","r\u00e9ptil","supercontinente"],"articleSection":["Ci\u00eancia"],"inLanguage":"pt-BR","potentialAction":[{"@type":"CommentAction","name":"Comment","target":["https:\/\/jornalfatosenoticias.com.br\/index.php\/2020\/05\/22\/seca-em-santa-catarina-expoe-fosseis-de-mais-de-280-milhoes-de-anos\/#respond"]}]},{"@type":"WebPage","@id":"https:\/\/jornalfatosenoticias.com.br\/index.php\/2020\/05\/22\/seca-em-santa-catarina-expoe-fosseis-de-mais-de-280-milhoes-de-anos\/","url":"https:\/\/jornalfatosenoticias.com.br\/index.php\/2020\/05\/22\/seca-em-santa-catarina-expoe-fosseis-de-mais-de-280-milhoes-de-anos\/","name":"Seca em Santa Catarina exp\u00f5e f\u00f3sseis de mais de 280 milh\u00f5es de anos - Jornal Fatos e Not\u00edcias","isPartOf":{"@id":"https:\/\/jornalfatosenoticias.com.br\/#website"},"primaryImageOfPage":{"@id":"https:\/\/jornalfatosenoticias.com.br\/index.php\/2020\/05\/22\/seca-em-santa-catarina-expoe-fosseis-de-mais-de-280-milhoes-de-anos\/#primaryimage"},"image":{"@id":"https:\/\/jornalfatosenoticias.com.br\/index.php\/2020\/05\/22\/seca-em-santa-catarina-expoe-fosseis-de-mais-de-280-milhoes-de-anos\/#primaryimage"},"thumbnailUrl":"https:\/\/jornalfatosenoticias.com.br\/wp-content\/uploads\/2020\/05\/mesossauro.jpg","datePublished":"2020-05-22T18:11:07+00:00","dateModified":"2020-05-22T18:11:12+00:00","breadcrumb":{"@id":"https:\/\/jornalfatosenoticias.com.br\/index.php\/2020\/05\/22\/seca-em-santa-catarina-expoe-fosseis-de-mais-de-280-milhoes-de-anos\/#breadcrumb"},"inLanguage":"pt-BR","potentialAction":[{"@type":"ReadAction","target":["https:\/\/jornalfatosenoticias.com.br\/index.php\/2020\/05\/22\/seca-em-santa-catarina-expoe-fosseis-de-mais-de-280-milhoes-de-anos\/"]}]},{"@type":"ImageObject","inLanguage":"pt-BR","@id":"https:\/\/jornalfatosenoticias.com.br\/index.php\/2020\/05\/22\/seca-em-santa-catarina-expoe-fosseis-de-mais-de-280-milhoes-de-anos\/#primaryimage","url":"https:\/\/jornalfatosenoticias.com.br\/wp-content\/uploads\/2020\/05\/mesossauro.jpg","contentUrl":"https:\/\/jornalfatosenoticias.com.br\/wp-content\/uploads\/2020\/05\/mesossauro.jpg","width":1000,"height":799},{"@type":"BreadcrumbList","@id":"https:\/\/jornalfatosenoticias.com.br\/index.php\/2020\/05\/22\/seca-em-santa-catarina-expoe-fosseis-de-mais-de-280-milhoes-de-anos\/#breadcrumb","itemListElement":[{"@type":"ListItem","position":1,"name":"In\u00edcio","item":"https:\/\/jornalfatosenoticias.com.br\/"},{"@type":"ListItem","position":2,"name":"Seca em Santa Catarina exp\u00f5e f\u00f3sseis de mais de 280 milh\u00f5es de anos"}]},{"@type":"WebSite","@id":"https:\/\/jornalfatosenoticias.com.br\/#website","url":"https:\/\/jornalfatosenoticias.com.br\/","name":"Jornal Fatos e Not\u00edcias","description":"Not\u00edcias em geral","publisher":{"@id":"https:\/\/jornalfatosenoticias.com.br\/#organization"},"potentialAction":[{"@type":"SearchAction","target":{"@type":"EntryPoint","urlTemplate":"https:\/\/jornalfatosenoticias.com.br\/?s={search_term_string}"},"query-input":{"@type":"PropertyValueSpecification","valueRequired":true,"valueName":"search_term_string"}}],"inLanguage":"pt-BR"},{"@type":"Organization","@id":"https:\/\/jornalfatosenoticias.com.br\/#organization","name":"Jornal Fatos e Not\u00edcias","url":"https:\/\/jornalfatosenoticias.com.br\/","logo":{"@type":"ImageObject","inLanguage":"pt-BR","@id":"https:\/\/jornalfatosenoticias.com.br\/#\/schema\/logo\/image\/","url":"https:\/\/jornalfatosenoticias.com.br\/wp-content\/uploads\/2020\/02\/logo120.png","contentUrl":"https:\/\/jornalfatosenoticias.com.br\/wp-content\/uploads\/2020\/02\/logo120.png","width":1227,"height":120,"caption":"Jornal Fatos e Not\u00edcias"},"image":{"@id":"https:\/\/jornalfatosenoticias.com.br\/#\/schema\/logo\/image\/"}},{"@type":"Person","@id":"https:\/\/jornalfatosenoticias.com.br\/#\/schema\/person\/d63837fa13ac8666eb9e74e0985d6f81","name":"Luzimara Fernandes","image":{"@type":"ImageObject","inLanguage":"pt-BR","@id":"https:\/\/jornalfatosenoticias.com.br\/#\/schema\/person\/image\/","url":"https:\/\/jornalfatosenoticias.com.br\/wp-content\/uploads\/2025\/05\/EU_portal.jpg","contentUrl":"https:\/\/jornalfatosenoticias.com.br\/wp-content\/uploads\/2025\/05\/EU_portal.jpg","caption":"Luzimara Fernandes"},"description":"Jornalista MTB 2358-ES","sameAs":["https:\/\/jornalfatosenoticias.com.br"],"url":"https:\/\/jornalfatosenoticias.com.br\/index.php\/author\/luzimara\/"}]}},"cc_featured_image_caption":{"caption_text":"Mesossauro (Foto: Cenpaleo\/UnC)  ","source_text":"","source_url":""},"jetpack_featured_media_url":"https:\/\/jornalfatosenoticias.com.br\/wp-content\/uploads\/2020\/05\/mesossauro.jpg","_links":{"self":[{"href":"https:\/\/jornalfatosenoticias.com.br\/index.php\/wp-json\/wp\/v2\/posts\/4821","targetHints":{"allow":["GET"]}}],"collection":[{"href":"https:\/\/jornalfatosenoticias.com.br\/index.php\/wp-json\/wp\/v2\/posts"}],"about":[{"href":"https:\/\/jornalfatosenoticias.com.br\/index.php\/wp-json\/wp\/v2\/types\/post"}],"author":[{"embeddable":true,"href":"https:\/\/jornalfatosenoticias.com.br\/index.php\/wp-json\/wp\/v2\/users\/2"}],"replies":[{"embeddable":true,"href":"https:\/\/jornalfatosenoticias.com.br\/index.php\/wp-json\/wp\/v2\/comments?post=4821"}],"version-history":[{"count":0,"href":"https:\/\/jornalfatosenoticias.com.br\/index.php\/wp-json\/wp\/v2\/posts\/4821\/revisions"}],"wp:featuredmedia":[{"embeddable":true,"href":"https:\/\/jornalfatosenoticias.com.br\/index.php\/wp-json\/wp\/v2\/media\/4823"}],"wp:attachment":[{"href":"https:\/\/jornalfatosenoticias.com.br\/index.php\/wp-json\/wp\/v2\/media?parent=4821"}],"wp:term":[{"taxonomy":"category","embeddable":true,"href":"https:\/\/jornalfatosenoticias.com.br\/index.php\/wp-json\/wp\/v2\/categories?post=4821"},{"taxonomy":"post_tag","embeddable":true,"href":"https:\/\/jornalfatosenoticias.com.br\/index.php\/wp-json\/wp\/v2\/tags?post=4821"}],"curies":[{"name":"wp","href":"https:\/\/api.w.org\/{rel}","templated":true}]}}