{"id":48232,"date":"2024-01-08T17:30:17","date_gmt":"2024-01-08T20:30:17","guid":{"rendered":"https:\/\/jornalfatosenoticias.com.br\/?p=48232"},"modified":"2024-01-08T17:30:18","modified_gmt":"2024-01-08T20:30:18","slug":"governo-de-sp-promulga-lei-que-cria-o-programa-de-intercambio-prontos-pro-mundo","status":"publish","type":"post","link":"https:\/\/jornalfatosenoticias.com.br\/index.php\/2024\/01\/08\/governo-de-sp-promulga-lei-que-cria-o-programa-de-intercambio-prontos-pro-mundo\/","title":{"rendered":"Governo de SP promulga lei que cria o programa de interc\u00e2mbio Prontos pro Mundo"},"content":{"rendered":"\n<p><em><span class=\"has-inline-color has-black-color\">70 mil estudantes ter\u00e3o aulas intensivas de ingl\u00eas em 2024 e 1.000 viajar\u00e3o para pa\u00edses de l\u00edngua inglesa em 2025<\/span><\/em><\/p>\n\n\n\n<div class=\"wp-block-image\"><figure class=\"aligncenter size-large\"><img loading=\"lazy\" decoding=\"async\" width=\"729\" height=\"90\" src=\"https:\/\/jornalfatosenoticias.com.br\/wp-content\/uploads\/2020\/02\/Logo_Mizu.png\" alt=\"\" class=\"wp-image-1441\" srcset=\"https:\/\/jornalfatosenoticias.com.br\/wp-content\/uploads\/2020\/02\/Logo_Mizu.png 729w, https:\/\/jornalfatosenoticias.com.br\/wp-content\/uploads\/2020\/02\/Logo_Mizu-300x37.png 300w\" sizes=\"auto, (max-width: 729px) 100vw, 729px\" \/><\/figure><\/div>\n\n\n\n<p>O governador Tarc\u00edsio de Freitas sancionou a lei n\u00ba 17.861 de 22 de dezembro de 2023, que institui o Programa de Interc\u00e2mbio \u201cProntos pro Mundo\u201d, uma iniciativa da Secretaria da Educa\u00e7\u00e3o do Estado de S\u00e3o Paulo (Seduc-SP) que beneficiar\u00e1 70 mil estudantes com curso intensivo de ingl\u00eas a partir de 2024 e 1.000 estudantes com interc\u00e2mbio para pa\u00edses de l\u00edngua inglesa a partir de 2025. A lei foi publicada no Di\u00e1rio Oficial do Estado.<br>O projeto de lei, enviado no in\u00edcio de novembro passado \u00e0 Assembleia Legislativa do Estado de S\u00e3o Paulo (Alesp), foi aprovado na \u00faltima semana de dezembro. O programa Prontos pro Mundo vai reconhecer estudantes e professores da rede com interc\u00e2mbio educacional internacional, al\u00e9m de oferecer aulas intensivas de idiomas, em etapa anterior \u00e0s bolsas para estudo internacional. O objetivo principal \u00e9 influenciar o desempenho escolar dos alunos e evitar a evas\u00e3o escolar.<\/p>\n\n\n\n<div class=\"wp-block-image\"><figure class=\"aligncenter size-large\"><img decoding=\"async\" src=\"https:\/\/jornalfatosenoticias.com.br\/wp-content\/uploads\/2020\/02\/barao-das-carnes-300x164-1.jpg\" alt=\"\" class=\"wp-image-34339\"\/><\/figure><\/div>\n\n\n\n<p>O programa \u00e9 dividido em duas fases e j\u00e1 come\u00e7a a valer para alunos que estavam matriculados em 2023 no 9\u00ba ano do Ensino M\u00e9dio. A primeira etapa \u00e9 a do curso de ingl\u00eas no contraturno escolar. A segunda \u00e9 a do interc\u00e2mbio. Haver\u00e1 edital de sele\u00e7\u00e3o espec\u00edfico para cada etapa com os pr\u00e9-requisitos de participa\u00e7\u00e3o, classifica\u00e7\u00e3o e sele\u00e7\u00e3o.<\/p>\n\n\n\n<div class=\"wp-block-image\"><figure class=\"aligncenter size-large\"><img loading=\"lazy\" decoding=\"async\" width=\"300\" height=\"250\" src=\"https:\/\/jornalfatosenoticias.com.br\/wp-content\/uploads\/2020\/02\/Banner-2.png\" alt=\"\" class=\"wp-image-43787\"\/><\/figure><\/div>\n\n\n\n<p>Na primeira fase, ser\u00e3o selecionados at\u00e9 70 mil alunos para participar do curso de ingl\u00eas. Dentre os pr\u00e9-requisitos est\u00e3o a matr\u00edcula e frequ\u00eancia na rede estadual de ensino desde o 6\u00ba ano do Ensino Fundamental, a participa\u00e7\u00e3o e as notas do Sistema de Avalia\u00e7\u00e3o de Rendimento Escolar do Estado de S\u00e3o Paulo (Saresp), a frequ\u00eancia escolar (m\u00ednimo de 85%), al\u00e9m de idade m\u00ednima e autoriza\u00e7\u00e3o dos pais e respons\u00e1veis.<\/p>\n\n\n\n<div class=\"wp-block-image\"><figure class=\"aligncenter size-large is-resized\"><img loading=\"lazy\" decoding=\"async\" src=\"https:\/\/jornalfatosenoticias.com.br\/wp-content\/uploads\/2023\/03\/nova-logo-Marquetti.jpg\" alt=\"\" class=\"wp-image-40207\" width=\"288\" height=\"193\" srcset=\"https:\/\/jornalfatosenoticias.com.br\/wp-content\/uploads\/2023\/03\/nova-logo-Marquetti.jpg 643w, https:\/\/jornalfatosenoticias.com.br\/wp-content\/uploads\/2023\/03\/nova-logo-Marquetti-300x202.jpg 300w\" sizes=\"auto, (max-width: 288px) 100vw, 288px\" \/><\/figure><\/div>\n\n\n\n<p>Na segunda fase, ser\u00e3o selecionados 1.000 alunos, sendo 645 representantes de cada um dos munic\u00edpios do Estado e 355 divididos proporcionalmente entre as 91 Diretorias de Ensino. Os crit\u00e9rios de desempenho escolar, aprendizado de ingl\u00eas e frequ\u00eancia escolar ser\u00e3o prioridade no processo de sele\u00e7\u00e3o. <\/p>\n\n\n\n<div class=\"wp-block-image\"><figure class=\"aligncenter size-large\"><img decoding=\"async\" src=\"https:\/\/jornalfatosenoticias.com.br\/wp-content\/uploads\/2020\/02\/logo_esteio.jpg\" alt=\"\" class=\"wp-image-1214\"\/><\/figure><\/div>\n\n\n\n<blockquote class=\"wp-block-quote is-layout-flow wp-block-quote-is-layout-flow\"><p><span class=\"has-inline-color has-luminous-vivid-orange-color\">Com esse programa, queremos reconhecer o desempenho e comprometimento de alunos de todo o Estado\u201d, aponta o secret\u00e1rio da Educa\u00e7\u00e3o, Renato Feder.<\/span><\/p><\/blockquote>\n\n\n\n<div class=\"wp-block-image\"><figure class=\"aligncenter size-large is-resized\"><img loading=\"lazy\" decoding=\"async\" src=\"https:\/\/jornalfatosenoticias.com.br\/wp-content\/uploads\/2023\/03\/logo-Panper_portal.jpg\" alt=\"\" class=\"wp-image-40208\" width=\"326\" height=\"226\" srcset=\"https:\/\/jornalfatosenoticias.com.br\/wp-content\/uploads\/2023\/03\/logo-Panper_portal.jpg 400w, https:\/\/jornalfatosenoticias.com.br\/wp-content\/uploads\/2023\/03\/logo-Panper_portal-300x208.jpg 300w\" sizes=\"auto, (max-width: 326px) 100vw, 326px\" \/><\/figure><\/div>\n\n\n\n<p><strong><span class=\"has-inline-color has-black-color\">Interc\u00e2mbio gratuito<br><\/span><\/strong>O interc\u00e2mbio do Programa Prontos pro Mundo ser\u00e1 100% gratuito para os alunos, com todos os custos e organiza\u00e7\u00e3o providenciados pela Secretaria da Educa\u00e7\u00e3o do Estado de S\u00e3o Paulo. Itens como documentos pessoais (passaporte, visto), hospedagem, aulas, traslados, passagens a\u00e9reas ser\u00e3o cobertos. Os estudantes receber\u00e3o tamb\u00e9m uma bolsa-aux\u00edlio para suas despesas pessoais durante a estadia no exterior.<\/p>\n\n\n\n<div class=\"wp-block-image\"><figure class=\"aligncenter size-large is-resized\"><img loading=\"lazy\" decoding=\"async\" src=\"https:\/\/jornalfatosenoticias.com.br\/wp-content\/uploads\/2022\/02\/Precisao-Contabilidade-1024x724.jpg\" alt=\"\" class=\"wp-image-28088\" width=\"373\" height=\"264\"\/><\/figure><\/div>\n\n\n\n<p>Nesse sentido, como primeiro passo, a Educa\u00e7\u00e3o de SP dar\u00e1 in\u00edcio \u00e0s viagens para pa\u00edses de l\u00edngua inglesa com programas de interc\u00e2mbio para high school como Estados Unidos, Canad\u00e1, Reino Unido, Austr\u00e1lia e Nova Zel\u00e2ndia. Com a solidifica\u00e7\u00e3o da pol\u00edtica p\u00fablica, a Seduc-SP avaliar\u00e1 a expans\u00e3o para outros pa\u00edses de l\u00edngua espanhola e outros idiomas.<\/p>\n\n\n\n<div class=\"wp-block-image\"><figure class=\"aligncenter size-large is-resized\"><img loading=\"lazy\" decoding=\"async\" src=\"https:\/\/jornalfatosenoticias.com.br\/wp-content\/uploads\/2020\/02\/logo-Rapuzel-1024x571.jpg\" alt=\"\" class=\"wp-image-42808\" width=\"357\" height=\"199\" srcset=\"https:\/\/jornalfatosenoticias.com.br\/wp-content\/uploads\/2020\/02\/logo-Rapuzel-1024x571.jpg 1024w, https:\/\/jornalfatosenoticias.com.br\/wp-content\/uploads\/2020\/02\/logo-Rapuzel-300x167.jpg 300w, https:\/\/jornalfatosenoticias.com.br\/wp-content\/uploads\/2020\/02\/logo-Rapuzel-768x428.jpg 768w, https:\/\/jornalfatosenoticias.com.br\/wp-content\/uploads\/2020\/02\/logo-Rapuzel-1536x856.jpg 1536w, https:\/\/jornalfatosenoticias.com.br\/wp-content\/uploads\/2020\/02\/logo-Rapuzel.jpg 1600w\" sizes=\"auto, (max-width: 357px) 100vw, 357px\" \/><\/figure><\/div>\n\n\n\n<p><strong><span class=\"has-inline-color has-black-color\">Como os professores ser\u00e3o beneficiados<br><\/span><\/strong>N\u00e3o apenas os alunos da rede estadual, mas tamb\u00e9m seus professores, ser\u00e3o atendidos com o Programa Prontos pro Mundo. Ser\u00e3o selecionados 15 mil docentes de l\u00edngua inglesa das escolas estaduais para o curso intensivo de ingl\u00eas e 100 deles devem ser selecionados para interc\u00e2mbio de forma\u00e7\u00e3o, em cursos de dura\u00e7\u00e3o de um m\u00eas, tamb\u00e9m a serem realizados a partir de 2025.<\/p>\n\n\n\n<div class=\"wp-block-image\"><figure class=\"aligncenter size-large is-resized\"><img loading=\"lazy\" decoding=\"async\" src=\"https:\/\/jornalfatosenoticias.com.br\/wp-content\/uploads\/2022\/10\/RC_800x750_page-0001.jpg\" alt=\"\" class=\"wp-image-35338\" width=\"289\" height=\"271\" srcset=\"https:\/\/jornalfatosenoticias.com.br\/wp-content\/uploads\/2022\/10\/RC_800x750_page-0001.jpg 400w, https:\/\/jornalfatosenoticias.com.br\/wp-content\/uploads\/2022\/10\/RC_800x750_page-0001-300x281.jpg 300w\" sizes=\"auto, (max-width: 289px) 100vw, 289px\" \/><\/figure><\/div>\n\n\n\n<p>Em s\u00edntese, ser\u00e3o selecionados professores efetivos, com licenciatura em l\u00edngua portuguesa e inglesa, com aulas atribu\u00eddas na mesma disciplina e ativos na rede. O entendimento da equipe t\u00e9cnica da Seduc \u00e9 que, no futuro, os profissionais da rede estejam habilitados para ministrar aulas intensivas dentro do programa.<\/p>\n\n\n\n<p><strong><em>Fonte: <a href=\"https:\/\/www.educacao.sp.gov.br\/intercambio-para-alunos-da-rede-publica-governo-de-sp-promulga-lei-que-cria-o-programa-prontos-pro-mundo\/\">Governo de S\u00e3o Paulo<\/a><\/em><\/strong><\/p>\n","protected":false},"excerpt":{"rendered":"<p>70 mil estudantes ter\u00e3o aulas intensivas de ingl\u00eas em 2024 e 1.000 viajar\u00e3o para pa\u00edses de l\u00edngua inglesa em 2025 O governador Tarc\u00edsio de Freitas sancionou a lei n\u00ba 17.861 de 22 de dezembro de 2023, que institui o Programa de Interc\u00e2mbio \u201cProntos pro Mundo\u201d, uma iniciativa da Secretaria da Educa\u00e7\u00e3o do Estado de S\u00e3o [&hellip;]<\/p>\n","protected":false},"author":2,"featured_media":48233,"comment_status":"open","ping_status":"open","sticky":false,"template":"","format":"standard","meta":{"footnotes":""},"categories":[7],"tags":[22478,20698,5589,932],"class_list":["post-48232","post","type-post","status-publish","format-standard","has-post-thumbnail","hentry","category-educacao","tag-aulas-de-ingles","tag-governo-de-sp","tag-intercambio","tag-tarcisio-gomes-de-freitas"],"yoast_head":"<!-- This site is optimized with the Yoast SEO plugin v26.5 - https:\/\/yoast.com\/wordpress\/plugins\/seo\/ -->\n<title>Governo de SP promulga lei que cria o programa de interc\u00e2mbio Prontos pro Mundo - Jornal Fatos e Not\u00edcias<\/title>\n<meta name=\"robots\" content=\"index, follow, max-snippet:-1, max-image-preview:large, max-video-preview:-1\" \/>\n<link rel=\"canonical\" href=\"https:\/\/jornalfatosenoticias.com.br\/index.php\/2024\/01\/08\/governo-de-sp-promulga-lei-que-cria-o-programa-de-intercambio-prontos-pro-mundo\/\" \/>\n<meta property=\"og:locale\" content=\"pt_BR\" \/>\n<meta property=\"og:type\" content=\"article\" \/>\n<meta property=\"og:title\" content=\"Governo de SP promulga lei que cria o programa de interc\u00e2mbio Prontos pro Mundo - Jornal Fatos e Not\u00edcias\" \/>\n<meta property=\"og:description\" content=\"70 mil estudantes ter\u00e3o aulas intensivas de ingl\u00eas em 2024 e 1.000 viajar\u00e3o para pa\u00edses de l\u00edngua inglesa em 2025 O governador Tarc\u00edsio de Freitas sancionou a lei n\u00ba 17.861 de 22 de dezembro de 2023, que institui o Programa de Interc\u00e2mbio \u201cProntos pro Mundo\u201d, uma iniciativa da Secretaria da Educa\u00e7\u00e3o do Estado de S\u00e3o [&hellip;]\" \/>\n<meta property=\"og:url\" content=\"https:\/\/jornalfatosenoticias.com.br\/index.php\/2024\/01\/08\/governo-de-sp-promulga-lei-que-cria-o-programa-de-intercambio-prontos-pro-mundo\/\" \/>\n<meta property=\"og:site_name\" content=\"Jornal Fatos e Not\u00edcias\" \/>\n<meta property=\"article:published_time\" content=\"2024-01-08T20:30:17+00:00\" \/>\n<meta property=\"article:modified_time\" content=\"2024-01-08T20:30:18+00:00\" \/>\n<meta property=\"og:image\" content=\"https:\/\/jornalfatosenoticias.com.br\/wp-content\/uploads\/2024\/01\/intercambio_SP.jpg\" \/>\n\t<meta property=\"og:image:width\" content=\"1000\" \/>\n\t<meta property=\"og:image:height\" content=\"667\" \/>\n\t<meta property=\"og:image:type\" content=\"image\/jpeg\" \/>\n<meta name=\"author\" content=\"Luzimara Fernandes\" \/>\n<meta name=\"twitter:card\" content=\"summary_large_image\" \/>\n<meta name=\"twitter:label1\" content=\"Escrito por\" \/>\n\t<meta name=\"twitter:data1\" content=\"Luzimara Fernandes\" \/>\n\t<meta name=\"twitter:label2\" content=\"Est. tempo de leitura\" \/>\n\t<meta name=\"twitter:data2\" content=\"3 minutos\" \/>\n<script type=\"application\/ld+json\" class=\"yoast-schema-graph\">{\"@context\":\"https:\/\/schema.org\",\"@graph\":[{\"@type\":\"Article\",\"@id\":\"https:\/\/jornalfatosenoticias.com.br\/index.php\/2024\/01\/08\/governo-de-sp-promulga-lei-que-cria-o-programa-de-intercambio-prontos-pro-mundo\/#article\",\"isPartOf\":{\"@id\":\"https:\/\/jornalfatosenoticias.com.br\/index.php\/2024\/01\/08\/governo-de-sp-promulga-lei-que-cria-o-programa-de-intercambio-prontos-pro-mundo\/\"},\"author\":{\"name\":\"Luzimara Fernandes\",\"@id\":\"https:\/\/jornalfatosenoticias.com.br\/#\/schema\/person\/d63837fa13ac8666eb9e74e0985d6f81\"},\"headline\":\"Governo de SP promulga lei que cria o programa de interc\u00e2mbio Prontos pro Mundo\",\"datePublished\":\"2024-01-08T20:30:17+00:00\",\"dateModified\":\"2024-01-08T20:30:18+00:00\",\"mainEntityOfPage\":{\"@id\":\"https:\/\/jornalfatosenoticias.com.br\/index.php\/2024\/01\/08\/governo-de-sp-promulga-lei-que-cria-o-programa-de-intercambio-prontos-pro-mundo\/\"},\"wordCount\":671,\"commentCount\":0,\"publisher\":{\"@id\":\"https:\/\/jornalfatosenoticias.com.br\/#organization\"},\"image\":{\"@id\":\"https:\/\/jornalfatosenoticias.com.br\/index.php\/2024\/01\/08\/governo-de-sp-promulga-lei-que-cria-o-programa-de-intercambio-prontos-pro-mundo\/#primaryimage\"},\"thumbnailUrl\":\"https:\/\/jornalfatosenoticias.com.br\/wp-content\/uploads\/2024\/01\/intercambio_SP.jpg\",\"keywords\":[\"aulas de ingl\u00eas\",\"Governo de SP\",\"interc\u00e2mbio\",\"Tarc\u00edsio Gomes de Freitas\"],\"articleSection\":[\"Educa\u00e7\u00e3o\"],\"inLanguage\":\"pt-BR\",\"potentialAction\":[{\"@type\":\"CommentAction\",\"name\":\"Comment\",\"target\":[\"https:\/\/jornalfatosenoticias.com.br\/index.php\/2024\/01\/08\/governo-de-sp-promulga-lei-que-cria-o-programa-de-intercambio-prontos-pro-mundo\/#respond\"]}]},{\"@type\":\"WebPage\",\"@id\":\"https:\/\/jornalfatosenoticias.com.br\/index.php\/2024\/01\/08\/governo-de-sp-promulga-lei-que-cria-o-programa-de-intercambio-prontos-pro-mundo\/\",\"url\":\"https:\/\/jornalfatosenoticias.com.br\/index.php\/2024\/01\/08\/governo-de-sp-promulga-lei-que-cria-o-programa-de-intercambio-prontos-pro-mundo\/\",\"name\":\"Governo de SP promulga lei que cria o programa de interc\u00e2mbio Prontos pro Mundo - Jornal Fatos e Not\u00edcias\",\"isPartOf\":{\"@id\":\"https:\/\/jornalfatosenoticias.com.br\/#website\"},\"primaryImageOfPage\":{\"@id\":\"https:\/\/jornalfatosenoticias.com.br\/index.php\/2024\/01\/08\/governo-de-sp-promulga-lei-que-cria-o-programa-de-intercambio-prontos-pro-mundo\/#primaryimage\"},\"image\":{\"@id\":\"https:\/\/jornalfatosenoticias.com.br\/index.php\/2024\/01\/08\/governo-de-sp-promulga-lei-que-cria-o-programa-de-intercambio-prontos-pro-mundo\/#primaryimage\"},\"thumbnailUrl\":\"https:\/\/jornalfatosenoticias.com.br\/wp-content\/uploads\/2024\/01\/intercambio_SP.jpg\",\"datePublished\":\"2024-01-08T20:30:17+00:00\",\"dateModified\":\"2024-01-08T20:30:18+00:00\",\"breadcrumb\":{\"@id\":\"https:\/\/jornalfatosenoticias.com.br\/index.php\/2024\/01\/08\/governo-de-sp-promulga-lei-que-cria-o-programa-de-intercambio-prontos-pro-mundo\/#breadcrumb\"},\"inLanguage\":\"pt-BR\",\"potentialAction\":[{\"@type\":\"ReadAction\",\"target\":[\"https:\/\/jornalfatosenoticias.com.br\/index.php\/2024\/01\/08\/governo-de-sp-promulga-lei-que-cria-o-programa-de-intercambio-prontos-pro-mundo\/\"]}]},{\"@type\":\"ImageObject\",\"inLanguage\":\"pt-BR\",\"@id\":\"https:\/\/jornalfatosenoticias.com.br\/index.php\/2024\/01\/08\/governo-de-sp-promulga-lei-que-cria-o-programa-de-intercambio-prontos-pro-mundo\/#primaryimage\",\"url\":\"https:\/\/jornalfatosenoticias.com.br\/wp-content\/uploads\/2024\/01\/intercambio_SP.jpg\",\"contentUrl\":\"https:\/\/jornalfatosenoticias.com.br\/wp-content\/uploads\/2024\/01\/intercambio_SP.jpg\",\"width\":1000,\"height\":667},{\"@type\":\"BreadcrumbList\",\"@id\":\"https:\/\/jornalfatosenoticias.com.br\/index.php\/2024\/01\/08\/governo-de-sp-promulga-lei-que-cria-o-programa-de-intercambio-prontos-pro-mundo\/#breadcrumb\",\"itemListElement\":[{\"@type\":\"ListItem\",\"position\":1,\"name\":\"In\u00edcio\",\"item\":\"https:\/\/jornalfatosenoticias.com.br\/\"},{\"@type\":\"ListItem\",\"position\":2,\"name\":\"Governo de SP promulga lei que cria o programa de interc\u00e2mbio Prontos pro Mundo\"}]},{\"@type\":\"WebSite\",\"@id\":\"https:\/\/jornalfatosenoticias.com.br\/#website\",\"url\":\"https:\/\/jornalfatosenoticias.com.br\/\",\"name\":\"Jornal Fatos e Not\u00edcias\",\"description\":\"Not\u00edcias em geral\",\"publisher\":{\"@id\":\"https:\/\/jornalfatosenoticias.com.br\/#organization\"},\"potentialAction\":[{\"@type\":\"SearchAction\",\"target\":{\"@type\":\"EntryPoint\",\"urlTemplate\":\"https:\/\/jornalfatosenoticias.com.br\/?s={search_term_string}\"},\"query-input\":{\"@type\":\"PropertyValueSpecification\",\"valueRequired\":true,\"valueName\":\"search_term_string\"}}],\"inLanguage\":\"pt-BR\"},{\"@type\":\"Organization\",\"@id\":\"https:\/\/jornalfatosenoticias.com.br\/#organization\",\"name\":\"Jornal Fatos e Not\u00edcias\",\"url\":\"https:\/\/jornalfatosenoticias.com.br\/\",\"logo\":{\"@type\":\"ImageObject\",\"inLanguage\":\"pt-BR\",\"@id\":\"https:\/\/jornalfatosenoticias.com.br\/#\/schema\/logo\/image\/\",\"url\":\"https:\/\/jornalfatosenoticias.com.br\/wp-content\/uploads\/2020\/02\/logo120.png\",\"contentUrl\":\"https:\/\/jornalfatosenoticias.com.br\/wp-content\/uploads\/2020\/02\/logo120.png\",\"width\":1227,\"height\":120,\"caption\":\"Jornal Fatos e Not\u00edcias\"},\"image\":{\"@id\":\"https:\/\/jornalfatosenoticias.com.br\/#\/schema\/logo\/image\/\"}},{\"@type\":\"Person\",\"@id\":\"https:\/\/jornalfatosenoticias.com.br\/#\/schema\/person\/d63837fa13ac8666eb9e74e0985d6f81\",\"name\":\"Luzimara Fernandes\",\"image\":{\"@type\":\"ImageObject\",\"inLanguage\":\"pt-BR\",\"@id\":\"https:\/\/jornalfatosenoticias.com.br\/#\/schema\/person\/image\/\",\"url\":\"https:\/\/jornalfatosenoticias.com.br\/wp-content\/uploads\/2025\/05\/EU_portal.jpg\",\"contentUrl\":\"https:\/\/jornalfatosenoticias.com.br\/wp-content\/uploads\/2025\/05\/EU_portal.jpg\",\"caption\":\"Luzimara Fernandes\"},\"description\":\"Jornalista MTB 2358-ES\",\"sameAs\":[\"https:\/\/jornalfatosenoticias.com.br\"],\"url\":\"https:\/\/jornalfatosenoticias.com.br\/index.php\/author\/luzimara\/\"}]}<\/script>\n<!-- \/ Yoast SEO plugin. -->","yoast_head_json":{"title":"Governo de SP promulga lei que cria o programa de interc\u00e2mbio Prontos pro Mundo - Jornal Fatos e Not\u00edcias","robots":{"index":"index","follow":"follow","max-snippet":"max-snippet:-1","max-image-preview":"max-image-preview:large","max-video-preview":"max-video-preview:-1"},"canonical":"https:\/\/jornalfatosenoticias.com.br\/index.php\/2024\/01\/08\/governo-de-sp-promulga-lei-que-cria-o-programa-de-intercambio-prontos-pro-mundo\/","og_locale":"pt_BR","og_type":"article","og_title":"Governo de SP promulga lei que cria o programa de interc\u00e2mbio Prontos pro Mundo - Jornal Fatos e Not\u00edcias","og_description":"70 mil estudantes ter\u00e3o aulas intensivas de ingl\u00eas em 2024 e 1.000 viajar\u00e3o para pa\u00edses de l\u00edngua inglesa em 2025 O governador Tarc\u00edsio de Freitas sancionou a lei n\u00ba 17.861 de 22 de dezembro de 2023, que institui o Programa de Interc\u00e2mbio \u201cProntos pro Mundo\u201d, uma iniciativa da Secretaria da Educa\u00e7\u00e3o do Estado de S\u00e3o [&hellip;]","og_url":"https:\/\/jornalfatosenoticias.com.br\/index.php\/2024\/01\/08\/governo-de-sp-promulga-lei-que-cria-o-programa-de-intercambio-prontos-pro-mundo\/","og_site_name":"Jornal Fatos e Not\u00edcias","article_published_time":"2024-01-08T20:30:17+00:00","article_modified_time":"2024-01-08T20:30:18+00:00","og_image":[{"width":1000,"height":667,"url":"https:\/\/jornalfatosenoticias.com.br\/wp-content\/uploads\/2024\/01\/intercambio_SP.jpg","type":"image\/jpeg"}],"author":"Luzimara Fernandes","twitter_card":"summary_large_image","twitter_misc":{"Escrito por":"Luzimara Fernandes","Est. tempo de leitura":"3 minutos"},"schema":{"@context":"https:\/\/schema.org","@graph":[{"@type":"Article","@id":"https:\/\/jornalfatosenoticias.com.br\/index.php\/2024\/01\/08\/governo-de-sp-promulga-lei-que-cria-o-programa-de-intercambio-prontos-pro-mundo\/#article","isPartOf":{"@id":"https:\/\/jornalfatosenoticias.com.br\/index.php\/2024\/01\/08\/governo-de-sp-promulga-lei-que-cria-o-programa-de-intercambio-prontos-pro-mundo\/"},"author":{"name":"Luzimara Fernandes","@id":"https:\/\/jornalfatosenoticias.com.br\/#\/schema\/person\/d63837fa13ac8666eb9e74e0985d6f81"},"headline":"Governo de SP promulga lei que cria o programa de interc\u00e2mbio Prontos pro Mundo","datePublished":"2024-01-08T20:30:17+00:00","dateModified":"2024-01-08T20:30:18+00:00","mainEntityOfPage":{"@id":"https:\/\/jornalfatosenoticias.com.br\/index.php\/2024\/01\/08\/governo-de-sp-promulga-lei-que-cria-o-programa-de-intercambio-prontos-pro-mundo\/"},"wordCount":671,"commentCount":0,"publisher":{"@id":"https:\/\/jornalfatosenoticias.com.br\/#organization"},"image":{"@id":"https:\/\/jornalfatosenoticias.com.br\/index.php\/2024\/01\/08\/governo-de-sp-promulga-lei-que-cria-o-programa-de-intercambio-prontos-pro-mundo\/#primaryimage"},"thumbnailUrl":"https:\/\/jornalfatosenoticias.com.br\/wp-content\/uploads\/2024\/01\/intercambio_SP.jpg","keywords":["aulas de ingl\u00eas","Governo de SP","interc\u00e2mbio","Tarc\u00edsio Gomes de Freitas"],"articleSection":["Educa\u00e7\u00e3o"],"inLanguage":"pt-BR","potentialAction":[{"@type":"CommentAction","name":"Comment","target":["https:\/\/jornalfatosenoticias.com.br\/index.php\/2024\/01\/08\/governo-de-sp-promulga-lei-que-cria-o-programa-de-intercambio-prontos-pro-mundo\/#respond"]}]},{"@type":"WebPage","@id":"https:\/\/jornalfatosenoticias.com.br\/index.php\/2024\/01\/08\/governo-de-sp-promulga-lei-que-cria-o-programa-de-intercambio-prontos-pro-mundo\/","url":"https:\/\/jornalfatosenoticias.com.br\/index.php\/2024\/01\/08\/governo-de-sp-promulga-lei-que-cria-o-programa-de-intercambio-prontos-pro-mundo\/","name":"Governo de SP promulga lei que cria o programa de interc\u00e2mbio Prontos pro Mundo - Jornal Fatos e Not\u00edcias","isPartOf":{"@id":"https:\/\/jornalfatosenoticias.com.br\/#website"},"primaryImageOfPage":{"@id":"https:\/\/jornalfatosenoticias.com.br\/index.php\/2024\/01\/08\/governo-de-sp-promulga-lei-que-cria-o-programa-de-intercambio-prontos-pro-mundo\/#primaryimage"},"image":{"@id":"https:\/\/jornalfatosenoticias.com.br\/index.php\/2024\/01\/08\/governo-de-sp-promulga-lei-que-cria-o-programa-de-intercambio-prontos-pro-mundo\/#primaryimage"},"thumbnailUrl":"https:\/\/jornalfatosenoticias.com.br\/wp-content\/uploads\/2024\/01\/intercambio_SP.jpg","datePublished":"2024-01-08T20:30:17+00:00","dateModified":"2024-01-08T20:30:18+00:00","breadcrumb":{"@id":"https:\/\/jornalfatosenoticias.com.br\/index.php\/2024\/01\/08\/governo-de-sp-promulga-lei-que-cria-o-programa-de-intercambio-prontos-pro-mundo\/#breadcrumb"},"inLanguage":"pt-BR","potentialAction":[{"@type":"ReadAction","target":["https:\/\/jornalfatosenoticias.com.br\/index.php\/2024\/01\/08\/governo-de-sp-promulga-lei-que-cria-o-programa-de-intercambio-prontos-pro-mundo\/"]}]},{"@type":"ImageObject","inLanguage":"pt-BR","@id":"https:\/\/jornalfatosenoticias.com.br\/index.php\/2024\/01\/08\/governo-de-sp-promulga-lei-que-cria-o-programa-de-intercambio-prontos-pro-mundo\/#primaryimage","url":"https:\/\/jornalfatosenoticias.com.br\/wp-content\/uploads\/2024\/01\/intercambio_SP.jpg","contentUrl":"https:\/\/jornalfatosenoticias.com.br\/wp-content\/uploads\/2024\/01\/intercambio_SP.jpg","width":1000,"height":667},{"@type":"BreadcrumbList","@id":"https:\/\/jornalfatosenoticias.com.br\/index.php\/2024\/01\/08\/governo-de-sp-promulga-lei-que-cria-o-programa-de-intercambio-prontos-pro-mundo\/#breadcrumb","itemListElement":[{"@type":"ListItem","position":1,"name":"In\u00edcio","item":"https:\/\/jornalfatosenoticias.com.br\/"},{"@type":"ListItem","position":2,"name":"Governo de SP promulga lei que cria o programa de interc\u00e2mbio Prontos pro Mundo"}]},{"@type":"WebSite","@id":"https:\/\/jornalfatosenoticias.com.br\/#website","url":"https:\/\/jornalfatosenoticias.com.br\/","name":"Jornal Fatos e Not\u00edcias","description":"Not\u00edcias em geral","publisher":{"@id":"https:\/\/jornalfatosenoticias.com.br\/#organization"},"potentialAction":[{"@type":"SearchAction","target":{"@type":"EntryPoint","urlTemplate":"https:\/\/jornalfatosenoticias.com.br\/?s={search_term_string}"},"query-input":{"@type":"PropertyValueSpecification","valueRequired":true,"valueName":"search_term_string"}}],"inLanguage":"pt-BR"},{"@type":"Organization","@id":"https:\/\/jornalfatosenoticias.com.br\/#organization","name":"Jornal Fatos e Not\u00edcias","url":"https:\/\/jornalfatosenoticias.com.br\/","logo":{"@type":"ImageObject","inLanguage":"pt-BR","@id":"https:\/\/jornalfatosenoticias.com.br\/#\/schema\/logo\/image\/","url":"https:\/\/jornalfatosenoticias.com.br\/wp-content\/uploads\/2020\/02\/logo120.png","contentUrl":"https:\/\/jornalfatosenoticias.com.br\/wp-content\/uploads\/2020\/02\/logo120.png","width":1227,"height":120,"caption":"Jornal Fatos e Not\u00edcias"},"image":{"@id":"https:\/\/jornalfatosenoticias.com.br\/#\/schema\/logo\/image\/"}},{"@type":"Person","@id":"https:\/\/jornalfatosenoticias.com.br\/#\/schema\/person\/d63837fa13ac8666eb9e74e0985d6f81","name":"Luzimara Fernandes","image":{"@type":"ImageObject","inLanguage":"pt-BR","@id":"https:\/\/jornalfatosenoticias.com.br\/#\/schema\/person\/image\/","url":"https:\/\/jornalfatosenoticias.com.br\/wp-content\/uploads\/2025\/05\/EU_portal.jpg","contentUrl":"https:\/\/jornalfatosenoticias.com.br\/wp-content\/uploads\/2025\/05\/EU_portal.jpg","caption":"Luzimara Fernandes"},"description":"Jornalista MTB 2358-ES","sameAs":["https:\/\/jornalfatosenoticias.com.br"],"url":"https:\/\/jornalfatosenoticias.com.br\/index.php\/author\/luzimara\/"}]}},"cc_featured_image_caption":{"caption_text":"(Foto: Governo de SP) ","source_text":"","source_url":""},"jetpack_featured_media_url":"https:\/\/jornalfatosenoticias.com.br\/wp-content\/uploads\/2024\/01\/intercambio_SP.jpg","_links":{"self":[{"href":"https:\/\/jornalfatosenoticias.com.br\/index.php\/wp-json\/wp\/v2\/posts\/48232","targetHints":{"allow":["GET"]}}],"collection":[{"href":"https:\/\/jornalfatosenoticias.com.br\/index.php\/wp-json\/wp\/v2\/posts"}],"about":[{"href":"https:\/\/jornalfatosenoticias.com.br\/index.php\/wp-json\/wp\/v2\/types\/post"}],"author":[{"embeddable":true,"href":"https:\/\/jornalfatosenoticias.com.br\/index.php\/wp-json\/wp\/v2\/users\/2"}],"replies":[{"embeddable":true,"href":"https:\/\/jornalfatosenoticias.com.br\/index.php\/wp-json\/wp\/v2\/comments?post=48232"}],"version-history":[{"count":0,"href":"https:\/\/jornalfatosenoticias.com.br\/index.php\/wp-json\/wp\/v2\/posts\/48232\/revisions"}],"wp:featuredmedia":[{"embeddable":true,"href":"https:\/\/jornalfatosenoticias.com.br\/index.php\/wp-json\/wp\/v2\/media\/48233"}],"wp:attachment":[{"href":"https:\/\/jornalfatosenoticias.com.br\/index.php\/wp-json\/wp\/v2\/media?parent=48232"}],"wp:term":[{"taxonomy":"category","embeddable":true,"href":"https:\/\/jornalfatosenoticias.com.br\/index.php\/wp-json\/wp\/v2\/categories?post=48232"},{"taxonomy":"post_tag","embeddable":true,"href":"https:\/\/jornalfatosenoticias.com.br\/index.php\/wp-json\/wp\/v2\/tags?post=48232"}],"curies":[{"name":"wp","href":"https:\/\/api.w.org\/{rel}","templated":true}]}}